{"id":58137,"date":"2024-04-01T21:28:41","date_gmt":"2024-04-01T19:28:41","guid":{"rendered":"https:\/\/just-now.news\/de\/deutschland\/vorzeitiger-rueckzug-von-ex-mautminister-scheuer\/"},"modified":"2024-04-01T21:28:41","modified_gmt":"2024-04-01T19:28:41","slug":"vorzeitiger-rueckzug-von-ex-mautminister-scheuer","status":"publish","type":"post","link":"https:\/\/now-news.de\/de\/deutschland\/vorzeitiger-rueckzug-von-ex-mautminister-scheuer\/","title":{"rendered":"&quot;Vorzeitiger&quot; R\u00fcckzug von Ex-Mautminister Scheuer"},"content":{"rendered":"<p><img decoding=\"async\" src=\"http:\/\/just-now.news\/de\/wp-content\/uploads\/sites\/3\/2024\/04\/660afb95b480cc434a30fcd5.jpg\" \/><\/p>\n<div class=\"Text-root Text-type_1 \">\n                Von Andreas Scheuer als Verkehrsminister wird vor allem eines im Ged\u00e4chtnis bleiben: Er hatte mit seinem Mautgesetz einen &#8220;Verkehrsunfall&#8221; verursacht, der die Steuerzahler Millionen kostete. Jetzt will er sein Bundestagsmandat vor Ablauf der Legislaturperiode niederlegen.\n            <\/div>\n<p><\/p>\n<div class=\"Text-root Text-type_5 ArticleView-text ViewText-root \">\n<p>Von 2018 bis 2021 war er Verkehrsminister im Kabinett Merkel, der CSU-Politiker Andreas Scheuer. Von seiner Amtszeit wird vor allem eines in Erinnerung bleiben \u2013 das Projekt einer Pkw-Maut beziehungsweise deren Scheitern vor dem Europ\u00e4ischen Gerichtshof. Nachdem das Ministerium n\u00e4mlich bereits Vertr\u00e4ge mit m\u00f6glichen Betreibern abgeschlossen hatte, f\u00fchrte das Urteil, das die Pkw-Maut untersagte, zu einer Schadensersatzpflicht des Bundes in H\u00f6he von 243 Millionen Euro.<\/p>\n<p>Das war geradezu die Umkehrung des Debakels, mit dem das Zeitalter der Lkw-Maut eingeleitet worden war. Damals waren die gew\u00e4hlten Betreiber nicht in der Lage, die Maut zum vereinbarten Zeitpunkt \u00fcberhaupt einzutreiben, wodurch dem Bund bereits eingeplante Einnahmen entgingen; aber in dieser Richtung war in den Vertr\u00e4gen \u00fcberhaupt kein Schadensersatz vorgesehen.<\/p>\n<p>Scheuer, der schon von 2009 bis 2013 Staatssekret\u00e4r im Verkehrsministerium war, die damalige Pleite also kennen musste, wurde nicht einmal wegen Amtshaftung verklagt, weil ein Gutachten davon abriet. Allerdings scheint sein niederbayrischer Wahlkreis Passau nicht mehr begeistert von ihm zu sein. Bereits im Januar hatte Scheuer angek\u00fcndigt, bei der n\u00e4chsten Bundestagswahl nicht mehr antreten zu wollen. Zuvor hatte es im CSU-Bezirksverband Niederbayern nach <em>dpa<\/em>-Informationen allerdings wiederholt skeptische Stimmen gegen\u00fcber einer erneuten Kandidatur Scheuers gegeben.<\/p>\n<p>Nach mehr als zwanzig Jahren im Bundestag, vier Jahren als parlamentarischer Staatssekret\u00e4r und drei Jahren als Minister muss sich der zum dritten Mal verheiratete Katholik und Oldtimer-Fan um seine Altersbez\u00fcge keine Sorgen machen. Und es findet sich mit Sicherheit ein Unternehmen, das ihm die zehn Jahre bis dahin vers\u00fc\u00dft. Die 243 Millionen jedenfalls wird man unter &#8220;ministerielles Versagen&#8221; verbuchen k\u00f6nnen, da fallen sie mittlerweile nicht einmal mehr auf.<\/p>\n<p><strong>Mehr zum Thema<\/strong> &#8211; <a rel=\"nofollow noopener\" target=\"_blank\" href=\"https:\/\/freeassange.rtde.live\/inland\/191131-bund-verzichtet-auf-klage-gegen\/\">Bund verzichtet auf Klage gegen Ex-Minister Scheuer wegen Pkw-Maut <\/a><\/p>\n<\/div>\n<p><br \/>\n<br \/><a href=\"https:\/\/de.rt.com\/inland\/201263-vorzeitiger-rueckzug-von-ex-mautminister\/\">Source link <\/a><\/p>\n","protected":false},"excerpt":{"rendered":"<p>Von Andreas Scheuer als Verkehrsminister wird vor allem eines im Ged\u00e4chtnis bleiben: Er hatte mit seinem Mautgesetz einen &#8220;Verkehrsunfall&#8221; verursacht, der die Steuerzahler Millionen kostete. Jetzt will er sein Bundestagsmandat vor Ablauf der Legislaturperiode niederlegen. Von 2018 bis 2021 war er Verkehrsminister im Kabinett Merkel, der CSU-Politiker Andreas Scheuer. Von seiner Amtszeit wird vor allem [&hellip;]<\/p>\n","protected":false},"author":3,"featured_media":58138,"comment_status":"open","ping_status":"open","sticky":false,"template":"","format":"standard","meta":{"_yoast_indexnow_last_ping":["1711999994"],"wp_automatic_camp":["217"],"f8f3b95620d7876c0ee057343ebea9c3":["&quot;Vorzeitiger&quot; R\u00fcckzug von Ex-Mautminister Scheuer"],"original_link":["https:\/\/de.rt.com\/inland\/201263-vorzeitiger-rueckzug-von-ex-mautminister\/"],"_thumbnail_id":["58138"],"jnews_social_counter_last_update":["1777340576"],"_wptgpro_p2tg_sent2tg":["a:1:{i:23737;s:19:\"2024-04-01 21:34:14\";}"]},"categories":[19,23],"tags":[54886,54885,10251,20138,50],"yoast_head":"<!-- This site is optimized with the Yoast SEO Premium plugin v22.7 (Yoast SEO v22.7) - https:\/\/yoast.com\/wordpress\/plugins\/seo\/ -->\n<title>&quot;Vorzeitiger&quot; R\u00fcckzug von Ex-Mautminister Scheuer - just-now.NEWS Deutschland<\/title>\n<meta name=\"robots\" content=\"index, follow, max-snippet:-1, max-image-preview:large, max-video-preview:-1\" \/>\n<link rel=\"canonical\" href=\"https:\/\/now-news.de\/de\/deutschland\/vorzeitiger-rueckzug-von-ex-mautminister-scheuer\/\" \/>\n<meta property=\"og:locale\" content=\"de_DE\" \/>\n<meta property=\"og:type\" content=\"article\" \/>\n<meta property=\"og:title\" content=\"&quot;Vorzeitiger&quot; R\u00fcckzug von Ex-Mautminister Scheuer\" \/>\n<meta property=\"og:description\" content=\"Von Andreas Scheuer als Verkehrsminister wird vor allem eines im Ged\u00e4chtnis bleiben: Er hatte mit seinem Mautgesetz einen &#8220;Verkehrsunfall&#8221; verursacht, der die Steuerzahler Millionen kostete. Jetzt will er sein Bundestagsmandat vor Ablauf der Legislaturperiode niederlegen. Von 2018 bis 2021 war er Verkehrsminister im Kabinett Merkel, der CSU-Politiker Andreas Scheuer. Von seiner Amtszeit wird vor allem [&hellip;]\" \/>\n<meta property=\"og:url\" content=\"https:\/\/now-news.de\/de\/deutschland\/vorzeitiger-rueckzug-von-ex-mautminister-scheuer\/\" \/>\n<meta property=\"og:site_name\" content=\"just-now.NEWS Deutschland\" \/>\n<meta property=\"article:publisher\" content=\"https:\/\/www.facebook.com\/wirmachenauf\" \/>\n<meta property=\"article:published_time\" content=\"2024-04-01T19:28:41+00:00\" \/>\n<meta property=\"og:image\" content=\"https:\/\/now-news.de\/de\/wp-content\/uploads\/sites\/3\/2024\/04\/quotVorzeitigerquot-Rueckzug-von-Ex-Mautminister-Scheuer.jpg\" \/>\n\t<meta property=\"og:image:width\" content=\"460\" \/>\n\t<meta property=\"og:image:height\" content=\"259\" \/>\n\t<meta property=\"og:image:type\" content=\"image\/jpeg\" \/>\n<meta name=\"author\" content=\"rtnews\" \/>\n<meta name=\"twitter:card\" content=\"summary_large_image\" \/>\n<meta name=\"twitter:creator\" content=\"@WirMachenAuf_de\" \/>\n<meta name=\"twitter:site\" content=\"@WirMachenAuf_de\" \/>\n<meta name=\"twitter:label1\" content=\"Verfasst von\" \/>\n\t<meta name=\"twitter:data1\" content=\"rtnews\" \/>\n\t<meta name=\"twitter:label2\" content=\"Gesch\u00e4tzte Lesezeit\" \/>\n\t<meta name=\"twitter:data2\" content=\"2\u00a0Minuten\" \/>\n<script type=\"application\/ld+json\" class=\"yoast-schema-graph\">{\"@context\":\"https:\/\/schema.org\",\"@graph\":[{\"@type\":\"Article\",\"@id\":\"https:\/\/now-news.de\/de\/deutschland\/vorzeitiger-rueckzug-von-ex-mautminister-scheuer\/#article\",\"isPartOf\":{\"@id\":\"https:\/\/now-news.de\/de\/deutschland\/vorzeitiger-rueckzug-von-ex-mautminister-scheuer\/\"},\"author\":{\"name\":\"rtnews\",\"@id\":\"https:\/\/now-news.de\/de\/#\/schema\/person\/fb534a4e865501d8b3285208df34a9b5\"},\"headline\":\"&quot;Vorzeitiger&quot; R\u00fcckzug von Ex-Mautminister Scheuer\",\"datePublished\":\"2024-04-01T19:28:41+00:00\",\"dateModified\":\"2024-04-01T19:28:41+00:00\",\"mainEntityOfPage\":{\"@id\":\"https:\/\/now-news.de\/de\/deutschland\/vorzeitiger-rueckzug-von-ex-mautminister-scheuer\/\"},\"wordCount\":327,\"commentCount\":0,\"publisher\":{\"@id\":\"https:\/\/now-news.de\/de\/#organization\"},\"image\":{\"@id\":\"https:\/\/now-news.de\/de\/deutschland\/vorzeitiger-rueckzug-von-ex-mautminister-scheuer\/#primaryimage\"},\"thumbnailUrl\":\"https:\/\/now-news.de\/de\/wp-content\/uploads\/sites\/3\/2024\/04\/quotVorzeitigerquot-Rueckzug-von-Ex-Mautminister-Scheuer.jpg\",\"keywords\":[\"ExMautminister\",\"quotVorzeitigerquot\",\"R\u00fcckzug\",\"Scheuer\",\"von\"],\"articleSection\":[\"Deutschland\",\"Russland\"],\"inLanguage\":\"de\",\"potentialAction\":[{\"@type\":\"CommentAction\",\"name\":\"Comment\",\"target\":[\"https:\/\/now-news.de\/de\/deutschland\/vorzeitiger-rueckzug-von-ex-mautminister-scheuer\/#respond\"]}]},{\"@type\":\"WebPage\",\"@id\":\"https:\/\/now-news.de\/de\/deutschland\/vorzeitiger-rueckzug-von-ex-mautminister-scheuer\/\",\"url\":\"https:\/\/now-news.de\/de\/deutschland\/vorzeitiger-rueckzug-von-ex-mautminister-scheuer\/\",\"name\":\"&quot;Vorzeitiger&quot; R\u00fcckzug von Ex-Mautminister Scheuer - just-now.NEWS Deutschland\",\"isPartOf\":{\"@id\":\"https:\/\/now-news.de\/de\/#website\"},\"primaryImageOfPage\":{\"@id\":\"https:\/\/now-news.de\/de\/deutschland\/vorzeitiger-rueckzug-von-ex-mautminister-scheuer\/#primaryimage\"},\"image\":{\"@id\":\"https:\/\/now-news.de\/de\/deutschland\/vorzeitiger-rueckzug-von-ex-mautminister-scheuer\/#primaryimage\"},\"thumbnailUrl\":\"https:\/\/now-news.de\/de\/wp-content\/uploads\/sites\/3\/2024\/04\/quotVorzeitigerquot-Rueckzug-von-Ex-Mautminister-Scheuer.jpg\",\"datePublished\":\"2024-04-01T19:28:41+00:00\",\"dateModified\":\"2024-04-01T19:28:41+00:00\",\"breadcrumb\":{\"@id\":\"https:\/\/now-news.de\/de\/deutschland\/vorzeitiger-rueckzug-von-ex-mautminister-scheuer\/#breadcrumb\"},\"inLanguage\":\"de\",\"potentialAction\":[{\"@type\":\"ReadAction\",\"target\":[\"https:\/\/now-news.de\/de\/deutschland\/vorzeitiger-rueckzug-von-ex-mautminister-scheuer\/\"]}]},{\"@type\":\"ImageObject\",\"inLanguage\":\"de\",\"@id\":\"https:\/\/now-news.de\/de\/deutschland\/vorzeitiger-rueckzug-von-ex-mautminister-scheuer\/#primaryimage\",\"url\":\"https:\/\/now-news.de\/de\/wp-content\/uploads\/sites\/3\/2024\/04\/quotVorzeitigerquot-Rueckzug-von-Ex-Mautminister-Scheuer.jpg\",\"contentUrl\":\"https:\/\/now-news.de\/de\/wp-content\/uploads\/sites\/3\/2024\/04\/quotVorzeitigerquot-Rueckzug-von-Ex-Mautminister-Scheuer.jpg\",\"width\":460,\"height\":259,\"caption\":\"&quot;Vorzeitiger&quot; R\u00fcckzug von Ex-Mautminister Scheuer\"},{\"@type\":\"BreadcrumbList\",\"@id\":\"https:\/\/now-news.de\/de\/deutschland\/vorzeitiger-rueckzug-von-ex-mautminister-scheuer\/#breadcrumb\",\"itemListElement\":[{\"@type\":\"ListItem\",\"position\":1,\"name\":\"Home\",\"item\":\"https:\/\/now-news.de\/de\/\"},{\"@type\":\"ListItem\",\"position\":2,\"name\":\"&quot;Vorzeitiger&quot; R\u00fcckzug von Ex-Mautminister Scheuer\"}]},{\"@type\":\"WebSite\",\"@id\":\"https:\/\/now-news.de\/de\/#website\",\"url\":\"https:\/\/now-news.de\/de\/\",\"name\":\"just-now.NEWS Deutschland\",\"description\":\"Das Portal f\u00fcr unzensierte Nachrichten aus der Welt\",\"publisher\":{\"@id\":\"https:\/\/now-news.de\/de\/#organization\"},\"potentialAction\":[{\"@type\":\"SearchAction\",\"target\":{\"@type\":\"EntryPoint\",\"urlTemplate\":\"https:\/\/now-news.de\/de\/?s={search_term_string}\"},\"query-input\":\"required name=search_term_string\"}],\"inLanguage\":\"de\"},{\"@type\":\"Organization\",\"@id\":\"https:\/\/now-news.de\/de\/#organization\",\"name\":\"Just Now News\",\"url\":\"https:\/\/now-news.de\/de\/\",\"logo\":{\"@type\":\"ImageObject\",\"inLanguage\":\"de\",\"@id\":\"https:\/\/now-news.de\/de\/#\/schema\/logo\/image\/\",\"url\":\"http:\/\/just-now.news\/de\/wp-content\/uploads\/sites\/3\/2022\/04\/logo500x500.jpg\",\"contentUrl\":\"http:\/\/just-now.news\/de\/wp-content\/uploads\/sites\/3\/2022\/04\/logo500x500.jpg\",\"width\":500,\"height\":500,\"caption\":\"Just Now News\"},\"image\":{\"@id\":\"https:\/\/now-news.de\/de\/#\/schema\/logo\/image\/\"},\"sameAs\":[\"https:\/\/www.facebook.com\/wirmachenauf\",\"https:\/\/x.com\/WirMachenAuf_de\"]},{\"@type\":\"Person\",\"@id\":\"https:\/\/now-news.de\/de\/#\/schema\/person\/fb534a4e865501d8b3285208df34a9b5\",\"name\":\"rtnews\",\"image\":{\"@type\":\"ImageObject\",\"inLanguage\":\"de\",\"@id\":\"https:\/\/now-news.de\/de\/#\/schema\/person\/image\/\",\"url\":\"https:\/\/secure.gravatar.com\/avatar\/82aafea7d8127119dd649515f56e2117?s=96&d=mm&r=g\",\"contentUrl\":\"https:\/\/secure.gravatar.com\/avatar\/82aafea7d8127119dd649515f56e2117?s=96&d=mm&r=g\",\"caption\":\"rtnews\"},\"url\":\"https:\/\/now-news.de\/de\/author\/rnews\/\"}]}<\/script>\n<!-- \/ Yoast SEO Premium plugin. -->","yoast_head_json":{"title":"&quot;Vorzeitiger&quot; R\u00fcckzug von Ex-Mautminister Scheuer - just-now.NEWS Deutschland","robots":{"index":"index","follow":"follow","max-snippet":"max-snippet:-1","max-image-preview":"max-image-preview:large","max-video-preview":"max-video-preview:-1"},"canonical":"https:\/\/now-news.de\/de\/deutschland\/vorzeitiger-rueckzug-von-ex-mautminister-scheuer\/","og_locale":"de_DE","og_type":"article","og_title":"&quot;Vorzeitiger&quot; R\u00fcckzug von Ex-Mautminister Scheuer","og_description":"Von Andreas Scheuer als Verkehrsminister wird vor allem eines im Ged\u00e4chtnis bleiben: Er hatte mit seinem Mautgesetz einen &#8220;Verkehrsunfall&#8221; verursacht, der die Steuerzahler Millionen kostete. Jetzt will er sein Bundestagsmandat vor Ablauf der Legislaturperiode niederlegen. Von 2018 bis 2021 war er Verkehrsminister im Kabinett Merkel, der CSU-Politiker Andreas Scheuer. Von seiner Amtszeit wird vor allem [&hellip;]","og_url":"https:\/\/now-news.de\/de\/deutschland\/vorzeitiger-rueckzug-von-ex-mautminister-scheuer\/","og_site_name":"just-now.NEWS Deutschland","article_publisher":"https:\/\/www.facebook.com\/wirmachenauf","article_published_time":"2024-04-01T19:28:41+00:00","og_image":[{"width":460,"height":259,"url":"https:\/\/now-news.de\/de\/wp-content\/uploads\/sites\/3\/2024\/04\/quotVorzeitigerquot-Rueckzug-von-Ex-Mautminister-Scheuer.jpg","type":"image\/jpeg"}],"author":"rtnews","twitter_card":"summary_large_image","twitter_creator":"@WirMachenAuf_de","twitter_site":"@WirMachenAuf_de","twitter_misc":{"Verfasst von":"rtnews","Gesch\u00e4tzte Lesezeit":"2\u00a0Minuten"},"schema":{"@context":"https:\/\/schema.org","@graph":[{"@type":"Article","@id":"https:\/\/now-news.de\/de\/deutschland\/vorzeitiger-rueckzug-von-ex-mautminister-scheuer\/#article","isPartOf":{"@id":"https:\/\/now-news.de\/de\/deutschland\/vorzeitiger-rueckzug-von-ex-mautminister-scheuer\/"},"author":{"name":"rtnews","@id":"https:\/\/now-news.de\/de\/#\/schema\/person\/fb534a4e865501d8b3285208df34a9b5"},"headline":"&quot;Vorzeitiger&quot; R\u00fcckzug von Ex-Mautminister Scheuer","datePublished":"2024-04-01T19:28:41+00:00","dateModified":"2024-04-01T19:28:41+00:00","mainEntityOfPage":{"@id":"https:\/\/now-news.de\/de\/deutschland\/vorzeitiger-rueckzug-von-ex-mautminister-scheuer\/"},"wordCount":327,"commentCount":0,"publisher":{"@id":"https:\/\/now-news.de\/de\/#organization"},"image":{"@id":"https:\/\/now-news.de\/de\/deutschland\/vorzeitiger-rueckzug-von-ex-mautminister-scheuer\/#primaryimage"},"thumbnailUrl":"https:\/\/now-news.de\/de\/wp-content\/uploads\/sites\/3\/2024\/04\/quotVorzeitigerquot-Rueckzug-von-Ex-Mautminister-Scheuer.jpg","keywords":["ExMautminister","quotVorzeitigerquot","R\u00fcckzug","Scheuer","von"],"articleSection":["Deutschland","Russland"],"inLanguage":"de","potentialAction":[{"@type":"CommentAction","name":"Comment","target":["https:\/\/now-news.de\/de\/deutschland\/vorzeitiger-rueckzug-von-ex-mautminister-scheuer\/#respond"]}]},{"@type":"WebPage","@id":"https:\/\/now-news.de\/de\/deutschland\/vorzeitiger-rueckzug-von-ex-mautminister-scheuer\/","url":"https:\/\/now-news.de\/de\/deutschland\/vorzeitiger-rueckzug-von-ex-mautminister-scheuer\/","name":"&quot;Vorzeitiger&quot; R\u00fcckzug von Ex-Mautminister Scheuer - just-now.NEWS Deutschland","isPartOf":{"@id":"https:\/\/now-news.de\/de\/#website"},"primaryImageOfPage":{"@id":"https:\/\/now-news.de\/de\/deutschland\/vorzeitiger-rueckzug-von-ex-mautminister-scheuer\/#primaryimage"},"image":{"@id":"https:\/\/now-news.de\/de\/deutschland\/vorzeitiger-rueckzug-von-ex-mautminister-scheuer\/#primaryimage"},"thumbnailUrl":"https:\/\/now-news.de\/de\/wp-content\/uploads\/sites\/3\/2024\/04\/quotVorzeitigerquot-Rueckzug-von-Ex-Mautminister-Scheuer.jpg","datePublished":"2024-04-01T19:28:41+00:00","dateModified":"2024-04-01T19:28:41+00:00","breadcrumb":{"@id":"https:\/\/now-news.de\/de\/deutschland\/vorzeitiger-rueckzug-von-ex-mautminister-scheuer\/#breadcrumb"},"inLanguage":"de","potentialAction":[{"@type":"ReadAction","target":["https:\/\/now-news.de\/de\/deutschland\/vorzeitiger-rueckzug-von-ex-mautminister-scheuer\/"]}]},{"@type":"ImageObject","inLanguage":"de","@id":"https:\/\/now-news.de\/de\/deutschland\/vorzeitiger-rueckzug-von-ex-mautminister-scheuer\/#primaryimage","url":"https:\/\/now-news.de\/de\/wp-content\/uploads\/sites\/3\/2024\/04\/quotVorzeitigerquot-Rueckzug-von-Ex-Mautminister-Scheuer.jpg","contentUrl":"https:\/\/now-news.de\/de\/wp-content\/uploads\/sites\/3\/2024\/04\/quotVorzeitigerquot-Rueckzug-von-Ex-Mautminister-Scheuer.jpg","width":460,"height":259,"caption":"&quot;Vorzeitiger&quot; R\u00fcckzug von Ex-Mautminister Scheuer"},{"@type":"BreadcrumbList","@id":"https:\/\/now-news.de\/de\/deutschland\/vorzeitiger-rueckzug-von-ex-mautminister-scheuer\/#breadcrumb","itemListElement":[{"@type":"ListItem","position":1,"name":"Home","item":"https:\/\/now-news.de\/de\/"},{"@type":"ListItem","position":2,"name":"&quot;Vorzeitiger&quot; R\u00fcckzug von Ex-Mautminister Scheuer"}]},{"@type":"WebSite","@id":"https:\/\/now-news.de\/de\/#website","url":"https:\/\/now-news.de\/de\/","name":"just-now.NEWS Deutschland","description":"Das Portal f\u00fcr unzensierte Nachrichten aus der Welt","publisher":{"@id":"https:\/\/now-news.de\/de\/#organization"},"potentialAction":[{"@type":"SearchAction","target":{"@type":"EntryPoint","urlTemplate":"https:\/\/now-news.de\/de\/?s={search_term_string}"},"query-input":"required name=search_term_string"}],"inLanguage":"de"},{"@type":"Organization","@id":"https:\/\/now-news.de\/de\/#organization","name":"Just Now News","url":"https:\/\/now-news.de\/de\/","logo":{"@type":"ImageObject","inLanguage":"de","@id":"https:\/\/now-news.de\/de\/#\/schema\/logo\/image\/","url":"http:\/\/just-now.news\/de\/wp-content\/uploads\/sites\/3\/2022\/04\/logo500x500.jpg","contentUrl":"http:\/\/just-now.news\/de\/wp-content\/uploads\/sites\/3\/2022\/04\/logo500x500.jpg","width":500,"height":500,"caption":"Just Now News"},"image":{"@id":"https:\/\/now-news.de\/de\/#\/schema\/logo\/image\/"},"sameAs":["https:\/\/www.facebook.com\/wirmachenauf","https:\/\/x.com\/WirMachenAuf_de"]},{"@type":"Person","@id":"https:\/\/now-news.de\/de\/#\/schema\/person\/fb534a4e865501d8b3285208df34a9b5","name":"rtnews","image":{"@type":"ImageObject","inLanguage":"de","@id":"https:\/\/now-news.de\/de\/#\/schema\/person\/image\/","url":"https:\/\/secure.gravatar.com\/avatar\/82aafea7d8127119dd649515f56e2117?s=96&d=mm&r=g","contentUrl":"https:\/\/secure.gravatar.com\/avatar\/82aafea7d8127119dd649515f56e2117?s=96&d=mm&r=g","caption":"rtnews"},"url":"https:\/\/now-news.de\/de\/author\/rnews\/"}]}},"_links":{"self":[{"href":"https:\/\/now-news.de\/de\/wp-json\/wp\/v2\/posts\/58137"}],"collection":[{"href":"https:\/\/now-news.de\/de\/wp-json\/wp\/v2\/posts"}],"about":[{"href":"https:\/\/now-news.de\/de\/wp-json\/wp\/v2\/types\/post"}],"author":[{"embeddable":true,"href":"https:\/\/now-news.de\/de\/wp-json\/wp\/v2\/users\/3"}],"replies":[{"embeddable":true,"href":"https:\/\/now-news.de\/de\/wp-json\/wp\/v2\/comments?post=58137"}],"version-history":[{"count":0,"href":"https:\/\/now-news.de\/de\/wp-json\/wp\/v2\/posts\/58137\/revisions"}],"wp:featuredmedia":[{"embeddable":true,"href":"https:\/\/now-news.de\/de\/wp-json\/wp\/v2\/media\/58138"}],"wp:attachment":[{"href":"https:\/\/now-news.de\/de\/wp-json\/wp\/v2\/media?parent=58137"}],"wp:term":[{"taxonomy":"category","embeddable":true,"href":"https:\/\/now-news.de\/de\/wp-json\/wp\/v2\/categories?post=58137"},{"taxonomy":"post_tag","embeddable":true,"href":"https:\/\/now-news.de\/de\/wp-json\/wp\/v2\/tags?post=58137"}],"curies":[{"name":"wp","href":"https:\/\/api.w.org\/{rel}","templated":true}]}}