{"id":58133,"date":"2024-04-01T20:53:35","date_gmt":"2024-04-01T18:53:35","guid":{"rendered":"https:\/\/just-now.news\/de\/deutschland\/sentimentale-gedanken-des-balkonisten-frueher-war-vieles-besser-auch-die-ostermaersche\/"},"modified":"2024-04-01T20:53:35","modified_gmt":"2024-04-01T18:53:35","slug":"sentimentale-gedanken-des-balkonisten-frueher-war-vieles-besser-auch-die-ostermaersche","status":"publish","type":"post","link":"https:\/\/now-news.de\/de\/deutschland\/sentimentale-gedanken-des-balkonisten-frueher-war-vieles-besser-auch-die-ostermaersche\/","title":{"rendered":"Sentimentale Gedanken des Balkonisten \u2013 Fr\u00fcher war vieles besser, auch die Osterm\u00e4rsche"},"content":{"rendered":"<p><img decoding=\"async\" src=\"http:\/\/just-now.news\/de\/wp-content\/uploads\/sites\/3\/2024\/04\/660ad94048fbef0a9465dbe1.jpg\" \/><\/p>\n<div class=\"Text-root Text-type_1 \">\n                Angesichts der diesj\u00e4hrigen Osterm\u00e4rsche hat sich unser Balkonist Gedanken \u00fcber diese gemacht und kam zu dem Schluss: Fr\u00fcher war vieles besser. Und ja, in der Tat: Auch die Osterm\u00e4rsche waren fr\u00fcher viel besser! Damals, als &#8220;nur&#8221; die Zeit des Kalten (!) Krieges herrschte.\n            <\/div>\n<p><\/p>\n<div class=\"Text-root Text-type_5 ArticleView-text ViewText-root \">\n<p><em>Eine Lesermeinung von Mikhail Balzer<\/em><\/p>\n<p>Wieder einmal leistete unser Balkonist seinem ebenfalls zu fr\u00fch aufgewachten Kater Gesellschaft, schl\u00fcrfte schlaftrunken an seinem Kaffee herum, um dabei ziellos durch das Balkonfenster \u00fcber die Stra\u00dfe zu schauen. Immerhin war der fr\u00fchmorgendliche, noch einen Hauch Lila verbreitende Nebel im Begriff, sich aufzul\u00f6sen, und versprach endlich einen sonnigen Fr\u00fchlingstag. Aufmerksamer und konzentrierter hingegen schaute Murr III nach drau\u00dfen, wohl in Richtung eines Nachbarhauses, um pl\u00f6tzlich ein eigenartiges, klapperndes Ger\u00e4usch mit seinen Katzenz\u00e4hnen zu produzieren.<\/p>\n<p>Mit vorgestrecktem Kopf, die Nase schon fast an der Scheibe, observierte er augenscheinlich ein Ziel auf einem entfernten H\u00e4userdach. &#8220;Murr, willst Du auf Deine alten Tage wieder V\u00f6gel jagen, die viel zu weit entfernt sind? Oder \u00e4rgerst Du Dich gerade \u00fcber Dein Alter? Tja, fr\u00fcher war vieles besser!&#8221; Wenngleich eine verbale Antwort ausblieb, lie\u00df der Kater doch seinen Unmut \u00fcber diese provokante Aussage Michaels erkennen, denn es folgte ein kurzer Blick nach dem Motto: &#8220;Rede nicht so viel Unfug \u00fcber das Alter, wo Du wei\u00dft, dass wir Katzen im Gegensatz zu Euch Menschen neun Leben haben!&#8221; Unser Balkonist bem\u00fchte nun sein Fernglas, um die altersbedingte Fehlsichtigkeit zu kaschieren, was von Murr innerlich grinsend zur Kenntnis genommen wurde.<\/p>\n<p>Ja, in den jungen Jahren war sein Sehverm\u00f6gen viel besser, als heute: \u00dcberhaupt war fr\u00fcher vieles besser, wie schon die hochbetagte Nachbarin vom Erdgeschoss immer wieder ungefragt zum Besten gab (sie f\u00fchrte, schon lange alleine lebend, regelm\u00e4\u00dfig laute Selbstgespr\u00e4che): Von der fr\u00fcheren Solidarit\u00e4t und dem Gemeinsinn angefangen, wo heutzutage ein jeder zuv\u00f6rderst nur auf seinen Vorteil bedacht sei. Die Teuerungsrate steige heuer rasant und viele Lebensmittel h\u00e4tten einen eint\u00f6nig faden Geschmack: Aber weit gefehlt, denn alles solle heutzutage ges\u00fcnder und g\u00fcnstiger sein als je zuvor \u2013 wenn man denn den Aussagen der Politiker und den Werbebl\u00e4ttchen der Discounter Glauben schenke. Nun ja, auch der Schlaf war fr\u00fcher viel besser, fiel unserem Balkonisten dazu noch selbstironisch ein.<\/p>\n<p>Aber mit dem Fernglas als Sehkraftverst\u00e4rker konnte er jetzt immerhin ein turtelndes Taubenpaar erkennen, welches Murrs Interesse geweckt hatte: welch friedliche Tauben \u2013 fr\u00fcher eines der Symbole der Friedensbewegung! So wie diese Tauben fernab des Balkons sind auch die Friedensm\u00e4rsche in der allgemeinen Wahrnehmung in weite Ferne ger\u00fcckt. Ja, in der Tat: Auch die Osterm\u00e4rsche waren fr\u00fcher viel besser! Man denke nur an deren Bl\u00fctezeit mit mehreren hunderttausend Demonstranten Ende der Sechzigerjahre (anl\u00e4sslich der Schrecken des Vietnamkrieges) sowie ab Ende der Siebzigerjahre, als alle unter dem beklemmenden Eindruck von NATO-Doppelbeschlu\u00df, Pershing-II und Atomsprengk\u00f6pfen standen.<\/p>\n<p>Damals, als &#8220;nur&#8221; die Zeit des Kalten (!) Krieges herrschte. Damals, als die Bedrohung eher abstrakt war: In den Sechzigern war der Vietnamkrieg weit entfernt \u2013 und dennoch erkl\u00e4rten so viele Deutsche ihren Pazifismus und ihre eindeutige Ablehnung einer zunehmenden Aufr\u00fcstung. Die Friedensbewegung, damals noch jung, unverbraucht, einig in ihren Zielen, schloss die verschiedensten Bev\u00f6lkerungsgruppen, politischen Richtungen und viele Kirchenvertreter mit ein, aus einer echten Vielschichtigkeit gemeinsame St\u00e4rke und Durchschlagskraft generierend. Damals, als charismatische Pers\u00f6nlichkeiten die Ideengeber einer Vision von mehr Frieden waren, aber zugleich noch selbst die schrecklichen Kriegszeiten in ihrer Erinnerung trugen. Keine Demagogie und hehren Worte, sondern Aufkl\u00e4rung und Aufbruch!<\/p>\n<p>Und was ist heute? Wenige Hundert demonstrieren in einer Landeshauptstadt mit handzahmen Plakaten. Statt einer einheitlich starken Grundaussage f\u00fcr Frieden und gegen Waffenlieferungen in Kriegsgebiete finden sich nunmehr teils widerspr\u00fcchliche Schlagw\u00f6rter. Oder wurden gar die Osterm\u00e4rsche f\u00fcr politische Partikularinteressen gekapert? In den Fernsehnachrichten dann ausgew\u00e4hlte (oder bestellte?) Interviewpartner, die den unm\u00f6glichen Spagat versuchen, zwar f\u00fcr Frieden zu demonstrieren, aber betonen, dieser m\u00fcsse &#8220;gerecht&#8221; sein, womit sie meinen, dass &#8220;nat\u00fcrlich Russland mit seinem Angriffskrieg der Aggressor&#8221; sei, den man zur\u00fcckweisen m\u00fcsse. Hoffnungsvoll stimmt lediglich ein Kurzbericht des <em>heute journals<\/em>, der zeigt, dass auch vor dem Tor des Rheinmetall-Werks Demonstranten ein Ende der Waffenlieferungen fordern.<\/p>\n<p>Jedoch wird diese Bildsequenz instantan gekontert durch den abschlie\u00dfenden, nicht nur \u00fcberfl\u00fcssigen, sondern zynischen Kommentar in perfektem Neusprech: &#8220;Mit Friedensforderungen wird dieser Krieg bestimmt nicht gel\u00f6st.&#8221; Man m\u00f6chte vor solch banal-schmalgeistiger Ignoranz und Wortverdreherei mit den m\u00e4chtigen Worten Helmut Schmidts zur\u00fcckbr\u00fcllen: &#8220;Lieber hundert Stunden umsonst verhandeln, als einmal schie\u00dfen!&#8221; Selbst auf Plakaten und in den Parolen der Friedensm\u00e4rsche ist selten die Rede von den gebrochenen Vereinbarungen des Minsker Abkommens, der steten Osterweiterung massiver NATO-St\u00fctzpunkte, welche zunehmende Sicherheitsbedenken Russlands verursachen. Kein Hinweis auf die vielfachen Tabubr\u00fcche der deutschen Au\u00dfen- und Verteidigungspolitik \u2013 nicht erst unter der jetzigen Regierung, sondern bereits damals, als man vorgab &#8220;Deutschland am Hindukusch zu verteidigen&#8221;. Keine Stellungnahme zu den NATO-Bombardierungen in Jugoslawien vor 25 Jahren. Vergessen die langj\u00e4hrigen Grundfesten bundesdeutscher Politik, dass nie mehr ein Krieg von deutschem Boden ausgehen solle.<\/p>\n<p>Weil aber Buntheit, Diversit\u00e4t sowie eine demonstrativ-moralinsaure Haltung heuer wichtiger sind als tiefgreifende Argumente und Verantwortungsethik, tauchen gar neben den traditionellen siebenfarbigen Regenbogenfahnen mit dem Wort &#8220;PACE&#8221; neuerdings die sechsfarbigen LGBT-Regenb\u00f6gen auf. Auch werden die J\u00fcnger der Klimasekte mitsamt ihren Klebstoffen allzu gerne integriert; als ob der &#8220;menschengemachte Klimawandel&#8221; ebenso ein Kriegszustand w\u00e4re (was er augenscheinlich f\u00fcr manche militante Klimaapokalyptiker auch zu sein scheint).<\/p>\n<p>Keinesfalls jedoch d\u00fcrfen jene p\u00f6\u00f6\u00f6hsen Leute der Corona-Protestbewegung oder potentiell AFD-nahe W\u00e4hlergruppen mitmarschieren, ebenso wenig wie Menschen, die auf einen drohenden V\u00f6lkermord in Pal\u00e4stina hingewiesen haben. Selbst die einstige Klima-Ikone Greta Thunberg wurde aufgrund ihrer Aussagen zum Pal\u00e4stina-Krieg nun aussortiert in die Schublade der medialen Bedeutungslosigkeit. En Vogue hingegen sind derart angepasste Fridays-For-Future Karrieristen wie unsere moralisch einwandfreie Luisa-&#8220;neulich-war-ich-sogar-beim-Papst&#8221;. Man sieht: allzu gerne l\u00e4uft hier der konturlose Wendehals mit; und andererseits scheint die Friedensbewegung nicht mehr in-, sondern exkludierend zu sein. Also alles und jedes bitte nur im erw\u00fcnschten Rahmen: m\u00e4\u00dfig, zahm und lau und ohne gro\u00dfes Aufsehen!<\/p>\n<p>Da passt es gut dazu, dass die Osterm\u00e4rsche auch in quantitativer Hinsicht wieder \u00e4u\u00dferst m\u00e4\u00dfig ausgefallen sind. Ebenso m\u00e4\u00dfig wie das mediale Interesse im Vorfeld. Ebenso m\u00e4\u00dfig wie die tr\u00e4gen Bem\u00fchungen der Veranstalter, diesmal mehr Teilnehmer zu akquirieren. \u00dcberhaupt scheinen die Organisatoren der beteiligten NGOs, weil im bequemen Lehnsessel der staatlichen Alimentierung schlaff, lau und faul geworden, wenig Impetus und Ideen zu entwickeln \u2013 wenn ihnen nicht sowieso die F\u00e4higkeit zum kritischen Denken g\u00e4nzlich abhandengekommen ist. Lau auch die Aussagen vieler Kirchenf\u00fcrsten (wenn man einmal vom Papst absieht, der daf\u00fcr dann &#8220;gema\u00dfregelt&#8221; worden ist) \u2013 wobei insbesondere die evangelische Kirche in Deutschland eine unverkennbare N\u00e4he zum gr\u00fcnen Spektrum zeigt (teils in Personalunion, wie Frau G\u00f6ring-Eckardt als prominentestes Beispiel aufzeigt).<\/p>\n<p>Und dies in einer Zeit des zunehmenden Risikos einer unkontrollierten Ausweitung des Krieges in Europa, einer Eskalation nicht nur in der Rhetorik eines franz\u00f6sischen Pr\u00e4sidenten, und in zunehmend kriegsaffin ausgestalteter medialer Berichterstattung. Im starken Kontrast zu dem heuer viel h\u00f6heren Kriegsrisiko in Europa findet sich eine inaktive, mit Selbstbespiegelungen und Ausgrenzung besch\u00e4ftigte Friedensbewegung, die in ihrer Lethargie nicht einmal mehr den Begriff einer &#8220;Bewegung&#8221; verdient.<\/p>\n<p>Es scheint, als ob Deutschland, als ob Europa wieder einmal in einen vermeidbaren gro\u00dfen Krieg hineintaumelt und alle brav und lammfromm mitlaufen, statt dass jeder mit den ihm zur Verf\u00fcgung stehenden Mitteln ein eindeutiges Nein formuliert (der Journalist und Publizist mit dem Wort, der K\u00fcnstler mit seinen Werken, der Aktivist durch seine Taten, die Kardin\u00e4le, Bisch\u00f6fe und Pfarrer mit ihren Predigten im Einklang mit dem Evangelium, der Lehrer durch Vermittlung selbstst\u00e4ndigen Denkens und so weiter).<\/p>\n<p>Und von au\u00dferhalb seines Balkons, von drau\u00dfen, drau\u00dfen im leise s\u00e4uselnden, im sentimentalen lila Wind, kaum vernehmbar, aber unaufh\u00f6rlich, summt es, summen wenige Worte, wie der Balkonist vermeint. Er h\u00f6rt diese Worte wie unbewusst, ganz aus der Ferne, von ganz weit drau\u00dfen, von &#8220;Drau\u00dfen vor der T\u00fcr&#8221; wo es noch kaum h\u00f6rbar, aber wiederholt hallt: &#8220;\u2026, dann gibt es nur eins: Sag nein!&#8221; (Wolfgang Borchert).<\/p>\n<p><strong>Mehr zum Thema &#8211;<\/strong>\u00a0<a rel=\"nofollow noopener\" target=\"_blank\" href=\"https:\/\/freedert.online\/meinung\/164207-nato-schreiber-und-lumpenpazifisten\/\">Der NATO-Schreiber und die &#8220;Lumpenpazifisten&#8221; <\/a><\/p>\n<div class=\"EmbedBlock-root EmbedBlock-externalVideo EmbedBlock-odysee\">\n<div class=\"VkEmbed\"><iframe class=\"lazyload\" data-src=\"https:\/\/odysee.com\/%24\/embed\/%40RTDE%3Ae%2FDemonstrationen-gegen-Krieg-in-mehreren-deutschen-Gro%C3%9Fst%C3%A4dten%3A1\" frameborder=\"0\" width=\"853\" height=\"480\" allowfullscreen><\/iframe><\/div>\n<\/div>\n<\/div>\n<p><br \/>\n<br \/><a href=\"https:\/\/de.rt.com\/meinung\/201250-sentimentale-gedanken-balkonisten-frueher-war\/\">Source link <\/a><\/p>\n","protected":false},"excerpt":{"rendered":"<p>Angesichts der diesj\u00e4hrigen Osterm\u00e4rsche hat sich unser Balkonist Gedanken \u00fcber diese gemacht und kam zu dem Schluss: Fr\u00fcher war vieles besser. Und ja, in der Tat: Auch die Osterm\u00e4rsche waren fr\u00fcher viel besser! Damals, als &#8220;nur&#8221; die Zeit des Kalten (!) Krieges herrschte. Eine Lesermeinung von Mikhail Balzer Wieder einmal leistete unser Balkonist seinem ebenfalls [&hellip;]<\/p>\n","protected":false},"author":3,"featured_media":58134,"comment_status":"open","ping_status":"open","sticky":false,"template":"","format":"standard","meta":{"_yoast_indexnow_last_ping":["1711998087"],"wp_automatic_camp":["217"],"ff7b0964d40045dc25738284a1cdb270":["Sentimentale Gedanken des Balkonisten \u2013 Fr\u00fcher war vieles besser, auch die Osterm\u00e4rsche"],"original_link":["https:\/\/de.rt.com\/meinung\/201250-sentimentale-gedanken-balkonisten-frueher-war\/"],"_thumbnail_id":["58134"],"jnews_social_counter_last_update":["1777184557"],"_wptgpro_p2tg_sent2tg":["a:1:{i:23737;s:19:\"2024-04-01 21:02:28\";}"]},"categories":[19,23],"tags":[1475,53226,19379,583,45,36553,7639,54883,54882,28660,2223],"yoast_head":"<!-- This site is optimized with the Yoast SEO Premium plugin v22.7 (Yoast SEO v22.7) - https:\/\/yoast.com\/wordpress\/plugins\/seo\/ -->\n<title>Sentimentale Gedanken des Balkonisten \u2013 Fr\u00fcher war vieles besser, auch die Osterm\u00e4rsche - just-now.NEWS Deutschland<\/title>\n<meta name=\"robots\" content=\"index, follow, max-snippet:-1, max-image-preview:large, max-video-preview:-1\" \/>\n<link rel=\"canonical\" href=\"https:\/\/now-news.de\/de\/deutschland\/sentimentale-gedanken-des-balkonisten-frueher-war-vieles-besser-auch-die-ostermaersche\/\" \/>\n<meta property=\"og:locale\" content=\"de_DE\" \/>\n<meta property=\"og:type\" content=\"article\" \/>\n<meta property=\"og:title\" content=\"Sentimentale Gedanken des Balkonisten \u2013 Fr\u00fcher war vieles besser, auch die Osterm\u00e4rsche\" \/>\n<meta property=\"og:description\" content=\"Angesichts der diesj\u00e4hrigen Osterm\u00e4rsche hat sich unser Balkonist Gedanken \u00fcber diese gemacht und kam zu dem Schluss: Fr\u00fcher war vieles besser. Und ja, in der Tat: Auch die Osterm\u00e4rsche waren fr\u00fcher viel besser! Damals, als &#8220;nur&#8221; die Zeit des Kalten (!) Krieges herrschte. Eine Lesermeinung von Mikhail Balzer Wieder einmal leistete unser Balkonist seinem ebenfalls [&hellip;]\" \/>\n<meta property=\"og:url\" content=\"https:\/\/now-news.de\/de\/deutschland\/sentimentale-gedanken-des-balkonisten-frueher-war-vieles-besser-auch-die-ostermaersche\/\" \/>\n<meta property=\"og:site_name\" content=\"just-now.NEWS Deutschland\" \/>\n<meta property=\"article:publisher\" content=\"https:\/\/www.facebook.com\/wirmachenauf\" \/>\n<meta property=\"article:published_time\" content=\"2024-04-01T18:53:35+00:00\" \/>\n<meta property=\"og:image\" content=\"https:\/\/now-news.de\/de\/wp-content\/uploads\/sites\/3\/2024\/04\/Sentimentale-Gedanken-des-Balkonisten-\u2013-Frueher-war-vieles-besser-auch.jpg\" \/>\n\t<meta property=\"og:image:width\" content=\"460\" \/>\n\t<meta property=\"og:image:height\" content=\"259\" \/>\n\t<meta property=\"og:image:type\" content=\"image\/jpeg\" \/>\n<meta name=\"author\" content=\"rtnews\" \/>\n<meta name=\"twitter:card\" content=\"summary_large_image\" \/>\n<meta name=\"twitter:creator\" content=\"@WirMachenAuf_de\" \/>\n<meta name=\"twitter:site\" content=\"@WirMachenAuf_de\" \/>\n<meta name=\"twitter:label1\" content=\"Verfasst von\" \/>\n\t<meta name=\"twitter:data1\" content=\"rtnews\" \/>\n\t<meta name=\"twitter:label2\" content=\"Gesch\u00e4tzte Lesezeit\" \/>\n\t<meta name=\"twitter:data2\" content=\"7\u00a0Minuten\" \/>\n<script type=\"application\/ld+json\" class=\"yoast-schema-graph\">{\"@context\":\"https:\/\/schema.org\",\"@graph\":[{\"@type\":\"Article\",\"@id\":\"https:\/\/now-news.de\/de\/deutschland\/sentimentale-gedanken-des-balkonisten-frueher-war-vieles-besser-auch-die-ostermaersche\/#article\",\"isPartOf\":{\"@id\":\"https:\/\/now-news.de\/de\/deutschland\/sentimentale-gedanken-des-balkonisten-frueher-war-vieles-besser-auch-die-ostermaersche\/\"},\"author\":{\"name\":\"rtnews\",\"@id\":\"https:\/\/now-news.de\/de\/#\/schema\/person\/fb534a4e865501d8b3285208df34a9b5\"},\"headline\":\"Sentimentale Gedanken des Balkonisten \u2013 Fr\u00fcher war vieles besser, auch die Osterm\u00e4rsche\",\"datePublished\":\"2024-04-01T18:53:35+00:00\",\"dateModified\":\"2024-04-01T18:53:35+00:00\",\"mainEntityOfPage\":{\"@id\":\"https:\/\/now-news.de\/de\/deutschland\/sentimentale-gedanken-des-balkonisten-frueher-war-vieles-besser-auch-die-ostermaersche\/\"},\"wordCount\":1415,\"commentCount\":0,\"publisher\":{\"@id\":\"https:\/\/now-news.de\/de\/#organization\"},\"image\":{\"@id\":\"https:\/\/now-news.de\/de\/deutschland\/sentimentale-gedanken-des-balkonisten-frueher-war-vieles-besser-auch-die-ostermaersche\/#primaryimage\"},\"thumbnailUrl\":\"https:\/\/now-news.de\/de\/wp-content\/uploads\/sites\/3\/2024\/04\/Sentimentale-Gedanken-des-Balkonisten-\u2013-Frueher-war-vieles-besser-auch.jpg\",\"keywords\":[\"auch\",\"Balkonisten\",\"besser\",\"des\",\"die\",\"fr\u00fcher\",\"Gedanken\",\"Osterm\u00e4rsche\",\"Sentimentale\",\"vieles\",\"War\"],\"articleSection\":[\"Deutschland\",\"Russland\"],\"inLanguage\":\"de\",\"potentialAction\":[{\"@type\":\"CommentAction\",\"name\":\"Comment\",\"target\":[\"https:\/\/now-news.de\/de\/deutschland\/sentimentale-gedanken-des-balkonisten-frueher-war-vieles-besser-auch-die-ostermaersche\/#respond\"]}]},{\"@type\":\"WebPage\",\"@id\":\"https:\/\/now-news.de\/de\/deutschland\/sentimentale-gedanken-des-balkonisten-frueher-war-vieles-besser-auch-die-ostermaersche\/\",\"url\":\"https:\/\/now-news.de\/de\/deutschland\/sentimentale-gedanken-des-balkonisten-frueher-war-vieles-besser-auch-die-ostermaersche\/\",\"name\":\"Sentimentale Gedanken des Balkonisten \u2013 Fr\u00fcher war vieles besser, auch die Osterm\u00e4rsche - just-now.NEWS Deutschland\",\"isPartOf\":{\"@id\":\"https:\/\/now-news.de\/de\/#website\"},\"primaryImageOfPage\":{\"@id\":\"https:\/\/now-news.de\/de\/deutschland\/sentimentale-gedanken-des-balkonisten-frueher-war-vieles-besser-auch-die-ostermaersche\/#primaryimage\"},\"image\":{\"@id\":\"https:\/\/now-news.de\/de\/deutschland\/sentimentale-gedanken-des-balkonisten-frueher-war-vieles-besser-auch-die-ostermaersche\/#primaryimage\"},\"thumbnailUrl\":\"https:\/\/now-news.de\/de\/wp-content\/uploads\/sites\/3\/2024\/04\/Sentimentale-Gedanken-des-Balkonisten-\u2013-Frueher-war-vieles-besser-auch.jpg\",\"datePublished\":\"2024-04-01T18:53:35+00:00\",\"dateModified\":\"2024-04-01T18:53:35+00:00\",\"breadcrumb\":{\"@id\":\"https:\/\/now-news.de\/de\/deutschland\/sentimentale-gedanken-des-balkonisten-frueher-war-vieles-besser-auch-die-ostermaersche\/#breadcrumb\"},\"inLanguage\":\"de\",\"potentialAction\":[{\"@type\":\"ReadAction\",\"target\":[\"https:\/\/now-news.de\/de\/deutschland\/sentimentale-gedanken-des-balkonisten-frueher-war-vieles-besser-auch-die-ostermaersche\/\"]}]},{\"@type\":\"ImageObject\",\"inLanguage\":\"de\",\"@id\":\"https:\/\/now-news.de\/de\/deutschland\/sentimentale-gedanken-des-balkonisten-frueher-war-vieles-besser-auch-die-ostermaersche\/#primaryimage\",\"url\":\"https:\/\/now-news.de\/de\/wp-content\/uploads\/sites\/3\/2024\/04\/Sentimentale-Gedanken-des-Balkonisten-\u2013-Frueher-war-vieles-besser-auch.jpg\",\"contentUrl\":\"https:\/\/now-news.de\/de\/wp-content\/uploads\/sites\/3\/2024\/04\/Sentimentale-Gedanken-des-Balkonisten-\u2013-Frueher-war-vieles-besser-auch.jpg\",\"width\":460,\"height\":259,\"caption\":\"Sentimentale Gedanken des Balkonisten \u2013 Fr\u00fcher war vieles besser, auch die Osterm\u00e4rsche\"},{\"@type\":\"BreadcrumbList\",\"@id\":\"https:\/\/now-news.de\/de\/deutschland\/sentimentale-gedanken-des-balkonisten-frueher-war-vieles-besser-auch-die-ostermaersche\/#breadcrumb\",\"itemListElement\":[{\"@type\":\"ListItem\",\"position\":1,\"name\":\"Home\",\"item\":\"https:\/\/now-news.de\/de\/\"},{\"@type\":\"ListItem\",\"position\":2,\"name\":\"Sentimentale Gedanken des Balkonisten \u2013 Fr\u00fcher war vieles besser, auch die Osterm\u00e4rsche\"}]},{\"@type\":\"WebSite\",\"@id\":\"https:\/\/now-news.de\/de\/#website\",\"url\":\"https:\/\/now-news.de\/de\/\",\"name\":\"just-now.NEWS Deutschland\",\"description\":\"Das Portal f\u00fcr unzensierte Nachrichten aus der Welt\",\"publisher\":{\"@id\":\"https:\/\/now-news.de\/de\/#organization\"},\"potentialAction\":[{\"@type\":\"SearchAction\",\"target\":{\"@type\":\"EntryPoint\",\"urlTemplate\":\"https:\/\/now-news.de\/de\/?s={search_term_string}\"},\"query-input\":\"required name=search_term_string\"}],\"inLanguage\":\"de\"},{\"@type\":\"Organization\",\"@id\":\"https:\/\/now-news.de\/de\/#organization\",\"name\":\"Just Now News\",\"url\":\"https:\/\/now-news.de\/de\/\",\"logo\":{\"@type\":\"ImageObject\",\"inLanguage\":\"de\",\"@id\":\"https:\/\/now-news.de\/de\/#\/schema\/logo\/image\/\",\"url\":\"http:\/\/just-now.news\/de\/wp-content\/uploads\/sites\/3\/2022\/04\/logo500x500.jpg\",\"contentUrl\":\"http:\/\/just-now.news\/de\/wp-content\/uploads\/sites\/3\/2022\/04\/logo500x500.jpg\",\"width\":500,\"height\":500,\"caption\":\"Just Now News\"},\"image\":{\"@id\":\"https:\/\/now-news.de\/de\/#\/schema\/logo\/image\/\"},\"sameAs\":[\"https:\/\/www.facebook.com\/wirmachenauf\",\"https:\/\/x.com\/WirMachenAuf_de\"]},{\"@type\":\"Person\",\"@id\":\"https:\/\/now-news.de\/de\/#\/schema\/person\/fb534a4e865501d8b3285208df34a9b5\",\"name\":\"rtnews\",\"image\":{\"@type\":\"ImageObject\",\"inLanguage\":\"de\",\"@id\":\"https:\/\/now-news.de\/de\/#\/schema\/person\/image\/\",\"url\":\"https:\/\/secure.gravatar.com\/avatar\/82aafea7d8127119dd649515f56e2117?s=96&d=mm&r=g\",\"contentUrl\":\"https:\/\/secure.gravatar.com\/avatar\/82aafea7d8127119dd649515f56e2117?s=96&d=mm&r=g\",\"caption\":\"rtnews\"},\"url\":\"https:\/\/now-news.de\/de\/author\/rnews\/\"}]}<\/script>\n<!-- \/ Yoast SEO Premium plugin. -->","yoast_head_json":{"title":"Sentimentale Gedanken des Balkonisten \u2013 Fr\u00fcher war vieles besser, auch die Osterm\u00e4rsche - just-now.NEWS Deutschland","robots":{"index":"index","follow":"follow","max-snippet":"max-snippet:-1","max-image-preview":"max-image-preview:large","max-video-preview":"max-video-preview:-1"},"canonical":"https:\/\/now-news.de\/de\/deutschland\/sentimentale-gedanken-des-balkonisten-frueher-war-vieles-besser-auch-die-ostermaersche\/","og_locale":"de_DE","og_type":"article","og_title":"Sentimentale Gedanken des Balkonisten \u2013 Fr\u00fcher war vieles besser, auch die Osterm\u00e4rsche","og_description":"Angesichts der diesj\u00e4hrigen Osterm\u00e4rsche hat sich unser Balkonist Gedanken \u00fcber diese gemacht und kam zu dem Schluss: Fr\u00fcher war vieles besser. Und ja, in der Tat: Auch die Osterm\u00e4rsche waren fr\u00fcher viel besser! Damals, als &#8220;nur&#8221; die Zeit des Kalten (!) Krieges herrschte. Eine Lesermeinung von Mikhail Balzer Wieder einmal leistete unser Balkonist seinem ebenfalls [&hellip;]","og_url":"https:\/\/now-news.de\/de\/deutschland\/sentimentale-gedanken-des-balkonisten-frueher-war-vieles-besser-auch-die-ostermaersche\/","og_site_name":"just-now.NEWS Deutschland","article_publisher":"https:\/\/www.facebook.com\/wirmachenauf","article_published_time":"2024-04-01T18:53:35+00:00","og_image":[{"width":460,"height":259,"url":"https:\/\/now-news.de\/de\/wp-content\/uploads\/sites\/3\/2024\/04\/Sentimentale-Gedanken-des-Balkonisten-\u2013-Frueher-war-vieles-besser-auch.jpg","type":"image\/jpeg"}],"author":"rtnews","twitter_card":"summary_large_image","twitter_creator":"@WirMachenAuf_de","twitter_site":"@WirMachenAuf_de","twitter_misc":{"Verfasst von":"rtnews","Gesch\u00e4tzte Lesezeit":"7\u00a0Minuten"},"schema":{"@context":"https:\/\/schema.org","@graph":[{"@type":"Article","@id":"https:\/\/now-news.de\/de\/deutschland\/sentimentale-gedanken-des-balkonisten-frueher-war-vieles-besser-auch-die-ostermaersche\/#article","isPartOf":{"@id":"https:\/\/now-news.de\/de\/deutschland\/sentimentale-gedanken-des-balkonisten-frueher-war-vieles-besser-auch-die-ostermaersche\/"},"author":{"name":"rtnews","@id":"https:\/\/now-news.de\/de\/#\/schema\/person\/fb534a4e865501d8b3285208df34a9b5"},"headline":"Sentimentale Gedanken des Balkonisten \u2013 Fr\u00fcher war vieles besser, auch die Osterm\u00e4rsche","datePublished":"2024-04-01T18:53:35+00:00","dateModified":"2024-04-01T18:53:35+00:00","mainEntityOfPage":{"@id":"https:\/\/now-news.de\/de\/deutschland\/sentimentale-gedanken-des-balkonisten-frueher-war-vieles-besser-auch-die-ostermaersche\/"},"wordCount":1415,"commentCount":0,"publisher":{"@id":"https:\/\/now-news.de\/de\/#organization"},"image":{"@id":"https:\/\/now-news.de\/de\/deutschland\/sentimentale-gedanken-des-balkonisten-frueher-war-vieles-besser-auch-die-ostermaersche\/#primaryimage"},"thumbnailUrl":"https:\/\/now-news.de\/de\/wp-content\/uploads\/sites\/3\/2024\/04\/Sentimentale-Gedanken-des-Balkonisten-\u2013-Frueher-war-vieles-besser-auch.jpg","keywords":["auch","Balkonisten","besser","des","die","fr\u00fcher","Gedanken","Osterm\u00e4rsche","Sentimentale","vieles","War"],"articleSection":["Deutschland","Russland"],"inLanguage":"de","potentialAction":[{"@type":"CommentAction","name":"Comment","target":["https:\/\/now-news.de\/de\/deutschland\/sentimentale-gedanken-des-balkonisten-frueher-war-vieles-besser-auch-die-ostermaersche\/#respond"]}]},{"@type":"WebPage","@id":"https:\/\/now-news.de\/de\/deutschland\/sentimentale-gedanken-des-balkonisten-frueher-war-vieles-besser-auch-die-ostermaersche\/","url":"https:\/\/now-news.de\/de\/deutschland\/sentimentale-gedanken-des-balkonisten-frueher-war-vieles-besser-auch-die-ostermaersche\/","name":"Sentimentale Gedanken des Balkonisten \u2013 Fr\u00fcher war vieles besser, auch die Osterm\u00e4rsche - just-now.NEWS Deutschland","isPartOf":{"@id":"https:\/\/now-news.de\/de\/#website"},"primaryImageOfPage":{"@id":"https:\/\/now-news.de\/de\/deutschland\/sentimentale-gedanken-des-balkonisten-frueher-war-vieles-besser-auch-die-ostermaersche\/#primaryimage"},"image":{"@id":"https:\/\/now-news.de\/de\/deutschland\/sentimentale-gedanken-des-balkonisten-frueher-war-vieles-besser-auch-die-ostermaersche\/#primaryimage"},"thumbnailUrl":"https:\/\/now-news.de\/de\/wp-content\/uploads\/sites\/3\/2024\/04\/Sentimentale-Gedanken-des-Balkonisten-\u2013-Frueher-war-vieles-besser-auch.jpg","datePublished":"2024-04-01T18:53:35+00:00","dateModified":"2024-04-01T18:53:35+00:00","breadcrumb":{"@id":"https:\/\/now-news.de\/de\/deutschland\/sentimentale-gedanken-des-balkonisten-frueher-war-vieles-besser-auch-die-ostermaersche\/#breadcrumb"},"inLanguage":"de","potentialAction":[{"@type":"ReadAction","target":["https:\/\/now-news.de\/de\/deutschland\/sentimentale-gedanken-des-balkonisten-frueher-war-vieles-besser-auch-die-ostermaersche\/"]}]},{"@type":"ImageObject","inLanguage":"de","@id":"https:\/\/now-news.de\/de\/deutschland\/sentimentale-gedanken-des-balkonisten-frueher-war-vieles-besser-auch-die-ostermaersche\/#primaryimage","url":"https:\/\/now-news.de\/de\/wp-content\/uploads\/sites\/3\/2024\/04\/Sentimentale-Gedanken-des-Balkonisten-\u2013-Frueher-war-vieles-besser-auch.jpg","contentUrl":"https:\/\/now-news.de\/de\/wp-content\/uploads\/sites\/3\/2024\/04\/Sentimentale-Gedanken-des-Balkonisten-\u2013-Frueher-war-vieles-besser-auch.jpg","width":460,"height":259,"caption":"Sentimentale Gedanken des Balkonisten \u2013 Fr\u00fcher war vieles besser, auch die Osterm\u00e4rsche"},{"@type":"BreadcrumbList","@id":"https:\/\/now-news.de\/de\/deutschland\/sentimentale-gedanken-des-balkonisten-frueher-war-vieles-besser-auch-die-ostermaersche\/#breadcrumb","itemListElement":[{"@type":"ListItem","position":1,"name":"Home","item":"https:\/\/now-news.de\/de\/"},{"@type":"ListItem","position":2,"name":"Sentimentale Gedanken des Balkonisten \u2013 Fr\u00fcher war vieles besser, auch die Osterm\u00e4rsche"}]},{"@type":"WebSite","@id":"https:\/\/now-news.de\/de\/#website","url":"https:\/\/now-news.de\/de\/","name":"just-now.NEWS Deutschland","description":"Das Portal f\u00fcr unzensierte Nachrichten aus der Welt","publisher":{"@id":"https:\/\/now-news.de\/de\/#organization"},"potentialAction":[{"@type":"SearchAction","target":{"@type":"EntryPoint","urlTemplate":"https:\/\/now-news.de\/de\/?s={search_term_string}"},"query-input":"required name=search_term_string"}],"inLanguage":"de"},{"@type":"Organization","@id":"https:\/\/now-news.de\/de\/#organization","name":"Just Now News","url":"https:\/\/now-news.de\/de\/","logo":{"@type":"ImageObject","inLanguage":"de","@id":"https:\/\/now-news.de\/de\/#\/schema\/logo\/image\/","url":"http:\/\/just-now.news\/de\/wp-content\/uploads\/sites\/3\/2022\/04\/logo500x500.jpg","contentUrl":"http:\/\/just-now.news\/de\/wp-content\/uploads\/sites\/3\/2022\/04\/logo500x500.jpg","width":500,"height":500,"caption":"Just Now News"},"image":{"@id":"https:\/\/now-news.de\/de\/#\/schema\/logo\/image\/"},"sameAs":["https:\/\/www.facebook.com\/wirmachenauf","https:\/\/x.com\/WirMachenAuf_de"]},{"@type":"Person","@id":"https:\/\/now-news.de\/de\/#\/schema\/person\/fb534a4e865501d8b3285208df34a9b5","name":"rtnews","image":{"@type":"ImageObject","inLanguage":"de","@id":"https:\/\/now-news.de\/de\/#\/schema\/person\/image\/","url":"https:\/\/secure.gravatar.com\/avatar\/82aafea7d8127119dd649515f56e2117?s=96&d=mm&r=g","contentUrl":"https:\/\/secure.gravatar.com\/avatar\/82aafea7d8127119dd649515f56e2117?s=96&d=mm&r=g","caption":"rtnews"},"url":"https:\/\/now-news.de\/de\/author\/rnews\/"}]}},"_links":{"self":[{"href":"https:\/\/now-news.de\/de\/wp-json\/wp\/v2\/posts\/58133"}],"collection":[{"href":"https:\/\/now-news.de\/de\/wp-json\/wp\/v2\/posts"}],"about":[{"href":"https:\/\/now-news.de\/de\/wp-json\/wp\/v2\/types\/post"}],"author":[{"embeddable":true,"href":"https:\/\/now-news.de\/de\/wp-json\/wp\/v2\/users\/3"}],"replies":[{"embeddable":true,"href":"https:\/\/now-news.de\/de\/wp-json\/wp\/v2\/comments?post=58133"}],"version-history":[{"count":0,"href":"https:\/\/now-news.de\/de\/wp-json\/wp\/v2\/posts\/58133\/revisions"}],"wp:featuredmedia":[{"embeddable":true,"href":"https:\/\/now-news.de\/de\/wp-json\/wp\/v2\/media\/58134"}],"wp:attachment":[{"href":"https:\/\/now-news.de\/de\/wp-json\/wp\/v2\/media?parent=58133"}],"wp:term":[{"taxonomy":"category","embeddable":true,"href":"https:\/\/now-news.de\/de\/wp-json\/wp\/v2\/categories?post=58133"},{"taxonomy":"post_tag","embeddable":true,"href":"https:\/\/now-news.de\/de\/wp-json\/wp\/v2\/tags?post=58133"}],"curies":[{"name":"wp","href":"https:\/\/api.w.org\/{rel}","templated":true}]}}