{"id":58078,"date":"2024-03-31T21:02:26","date_gmt":"2024-03-31T19:02:26","guid":{"rendered":"https:\/\/just-now.news\/de\/deutschland\/ostern-in-rom-papst-fordert-sofortigen-waffenstillstand-in-nahost\/"},"modified":"2024-03-31T21:02:26","modified_gmt":"2024-03-31T19:02:26","slug":"ostern-in-rom-papst-fordert-sofortigen-waffenstillstand-in-nahost","status":"publish","type":"post","link":"https:\/\/now-news.de\/de\/deutschland\/ostern-in-rom-papst-fordert-sofortigen-waffenstillstand-in-nahost\/","title":{"rendered":"Ostern in Rom: Papst fordert sofortigen Waffenstillstand in Nahost"},"content":{"rendered":"<p><img decoding=\"async\" src=\"http:\/\/just-now.news\/de\/wp-content\/uploads\/sites\/3\/2024\/03\/6609ab7348fbef09674d729d.jpg\" \/><\/p>\n<div class=\"Text-root Text-type_1 \">\n                Bei dem traditionellen Segen &#8220;Urbi et Orbi&#8221;, den der Papst in Rom traditionell zum katholischen Osterfest spendet, forderte Papst Franziskus am Sonntag einen sofortigen Waffenstillstand im Gazastreifen und den Austausch aller Gefangenen dort und in der Ukraine.\n            <\/div>\n<p><\/p>\n<div class=\"Text-root Text-type_5 ArticleView-text ViewText-root \">\n<p>W\u00e4hrend seines traditionellen Ostersegens &#8220;Urbi et orbi&#8221; gedachte Papst Franziskus in Rom am heutigen Ostersonntag der Opfer\u00a0der vielen aktuellen Konflikte, unter anderem in Pal\u00e4stina und in der Ukraine. Er rief zur Achtung des V\u00f6lkerrechts auf und verband damit die Hoffnung auf einen umfassenden Austausch aller Gefangenen.<\/p>\n<p>Den Krieg im Nahen Osten verurteilte das Oberhaupt der katholischen Kirche und\u00a0forderte erneut einen garantierten Zugang f\u00fcr humanit\u00e4re Hilfe nach Gaza sowie die sofortige Freilassung der am 7. Oktober entf\u00fchrten Geiseln und einen sofortigen Waffenstillstand im Gazastreifen.<\/p>\n<p>&#8220;Warum so viel Tod? Warum so viel Zerst\u00f6rung?&#8221;, fragte Franziskus die vor dem Petersdom Versammelten und kritisierte die Aufr\u00fcstung: Frieden werde nicht mit Waffen geschaffen.<\/p>\n<p>Der Papst erinnerte auch an weitere Kriege an anderen Orten, darunter in Syrien, im Libanon, in Haiti und Myanmar.\u00a0<\/p>\n<p>Ostern, so Franziskus, sei das Fest des Lebens und der alle Grenzen \u00fcbersteigenden Liebe. Es schmerze ihn, dass beides viel zu oft missachtet werde:\u00a0<\/p>\n<blockquote>\n<p><em>&#8220;Wie viele Kinder d\u00fcrfen nicht einmal das Licht der Welt erblicken? Wie viele verhungern oder erhalten keine lebensnotwendige Versorgung oder werden Opfer von Missbrauch und Gewalt? Wie viele Leben werden durch den zunehmenden Menschenhandel zur Ware?&#8221;<\/em><\/p>\n<\/blockquote>\n<p>In diesem Jahr feiern die westlichen Kirchen Ostern am 31. M\u00e4rz und damit relativ fr\u00fch im Jahr, w\u00e4hrend die Ostkirchen \u2013 darunter die Russisch-Orthodoxe Kirche \u2013 eine davon abweichende Berechnung praktizieren und der Auferstehung Christi in diesem Jahr erst am 5. Mai gedenken.<\/p>\n<p><strong>Mehr zum Thema<\/strong> &#8211; <a rel=\"nofollow noopener\" target=\"_blank\" href=\"https:\/\/freedert.online\/inland\/199338-umfrage-zeigt-mehrheit-deutschen-unterstuetzt\/\">Umfrage zeigt: Mehrheit der Deutschen unterst\u00fctzt Papst-Aussage zum &#8220;Mut zur wei\u00dfen Fahne&#8221;<\/a><\/p>\n<\/div>\n<p><br \/>\n<br \/><a href=\"https:\/\/de.rt.com\/international\/201162-ostern-in-rom-papst-fordert\/\">Source link <\/a><\/p>\n","protected":false},"excerpt":{"rendered":"<p>Bei dem traditionellen Segen &#8220;Urbi et Orbi&#8221;, den der Papst in Rom traditionell zum katholischen Osterfest spendet, forderte Papst Franziskus am Sonntag einen sofortigen Waffenstillstand im Gazastreifen und den Austausch aller Gefangenen dort und in der Ukraine. W\u00e4hrend seines traditionellen Ostersegens &#8220;Urbi et orbi&#8221; gedachte Papst Franziskus in Rom am heutigen Ostersonntag der Opfer\u00a0der vielen [&hellip;]<\/p>\n","protected":false},"author":3,"featured_media":58079,"comment_status":"open","ping_status":"open","sticky":false,"template":"","format":"standard","meta":{"_yoast_indexnow_last_ping":["1711912385"],"wp_automatic_camp":["217"],"089c0e2b1b2e296835bfff6c773c7db9":["Ostern in Rom: Papst fordert sofortigen Waffenstillstand in Nahost"],"original_link":["https:\/\/de.rt.com\/international\/201162-ostern-in-rom-papst-fordert\/"],"_thumbnail_id":["58079"],"_wptgpro_p2tg_sent2tg":["a:1:{i:23737;s:19:\"2024-03-31 21:14:08\";}"],"jnews_social_counter_last_update":["1777308616"]},"categories":[19,23],"tags":[355,20000,8832,2665,41085,28643,23024],"yoast_head":"<!-- This site is optimized with the Yoast SEO Premium plugin v22.7 (Yoast SEO v22.7) - https:\/\/yoast.com\/wordpress\/plugins\/seo\/ -->\n<title>Ostern in Rom: Papst fordert sofortigen Waffenstillstand in Nahost - just-now.NEWS Deutschland<\/title>\n<meta name=\"robots\" content=\"index, follow, max-snippet:-1, max-image-preview:large, max-video-preview:-1\" \/>\n<link rel=\"canonical\" href=\"https:\/\/now-news.de\/de\/deutschland\/ostern-in-rom-papst-fordert-sofortigen-waffenstillstand-in-nahost\/\" \/>\n<meta property=\"og:locale\" content=\"de_DE\" \/>\n<meta property=\"og:type\" content=\"article\" \/>\n<meta property=\"og:title\" content=\"Ostern in Rom: Papst fordert sofortigen Waffenstillstand in Nahost\" \/>\n<meta property=\"og:description\" content=\"Bei dem traditionellen Segen &#8220;Urbi et Orbi&#8221;, den der Papst in Rom traditionell zum katholischen Osterfest spendet, forderte Papst Franziskus am Sonntag einen sofortigen Waffenstillstand im Gazastreifen und den Austausch aller Gefangenen dort und in der Ukraine. W\u00e4hrend seines traditionellen Ostersegens &#8220;Urbi et orbi&#8221; gedachte Papst Franziskus in Rom am heutigen Ostersonntag der Opfer\u00a0der vielen [&hellip;]\" \/>\n<meta property=\"og:url\" content=\"https:\/\/now-news.de\/de\/deutschland\/ostern-in-rom-papst-fordert-sofortigen-waffenstillstand-in-nahost\/\" \/>\n<meta property=\"og:site_name\" content=\"just-now.NEWS Deutschland\" \/>\n<meta property=\"article:publisher\" content=\"https:\/\/www.facebook.com\/wirmachenauf\" \/>\n<meta property=\"article:published_time\" content=\"2024-03-31T19:02:26+00:00\" \/>\n<meta property=\"og:image\" content=\"https:\/\/now-news.de\/de\/wp-content\/uploads\/sites\/3\/2024\/03\/Ostern-in-Rom-Papst-fordert-sofortigen-Waffenstillstand-in-Nahost.jpg\" \/>\n\t<meta property=\"og:image:width\" content=\"460\" \/>\n\t<meta property=\"og:image:height\" content=\"259\" \/>\n\t<meta property=\"og:image:type\" content=\"image\/jpeg\" \/>\n<meta name=\"author\" content=\"rtnews\" \/>\n<meta name=\"twitter:card\" content=\"summary_large_image\" \/>\n<meta name=\"twitter:creator\" content=\"@WirMachenAuf_de\" \/>\n<meta name=\"twitter:site\" content=\"@WirMachenAuf_de\" \/>\n<meta name=\"twitter:label1\" content=\"Verfasst von\" \/>\n\t<meta name=\"twitter:data1\" content=\"rtnews\" \/>\n\t<meta name=\"twitter:label2\" content=\"Gesch\u00e4tzte Lesezeit\" \/>\n\t<meta name=\"twitter:data2\" content=\"1\u00a0Minute\" \/>\n<script type=\"application\/ld+json\" class=\"yoast-schema-graph\">{\"@context\":\"https:\/\/schema.org\",\"@graph\":[{\"@type\":\"Article\",\"@id\":\"https:\/\/now-news.de\/de\/deutschland\/ostern-in-rom-papst-fordert-sofortigen-waffenstillstand-in-nahost\/#article\",\"isPartOf\":{\"@id\":\"https:\/\/now-news.de\/de\/deutschland\/ostern-in-rom-papst-fordert-sofortigen-waffenstillstand-in-nahost\/\"},\"author\":{\"name\":\"rtnews\",\"@id\":\"https:\/\/now-news.de\/de\/#\/schema\/person\/fb534a4e865501d8b3285208df34a9b5\"},\"headline\":\"Ostern in Rom: Papst fordert sofortigen Waffenstillstand in Nahost\",\"datePublished\":\"2024-03-31T19:02:26+00:00\",\"dateModified\":\"2024-03-31T19:02:26+00:00\",\"mainEntityOfPage\":{\"@id\":\"https:\/\/now-news.de\/de\/deutschland\/ostern-in-rom-papst-fordert-sofortigen-waffenstillstand-in-nahost\/\"},\"wordCount\":306,\"commentCount\":0,\"publisher\":{\"@id\":\"https:\/\/now-news.de\/de\/#organization\"},\"image\":{\"@id\":\"https:\/\/now-news.de\/de\/deutschland\/ostern-in-rom-papst-fordert-sofortigen-waffenstillstand-in-nahost\/#primaryimage\"},\"thumbnailUrl\":\"https:\/\/now-news.de\/de\/wp-content\/uploads\/sites\/3\/2024\/03\/Ostern-in-Rom-Papst-fordert-sofortigen-Waffenstillstand-in-Nahost.jpg\",\"keywords\":[\"fordert\",\"Nahost\",\"Ostern\",\"papst\",\"Rom\",\"sofortigen\",\"Waffenstillstand\"],\"articleSection\":[\"Deutschland\",\"Russland\"],\"inLanguage\":\"de\",\"potentialAction\":[{\"@type\":\"CommentAction\",\"name\":\"Comment\",\"target\":[\"https:\/\/now-news.de\/de\/deutschland\/ostern-in-rom-papst-fordert-sofortigen-waffenstillstand-in-nahost\/#respond\"]}]},{\"@type\":\"WebPage\",\"@id\":\"https:\/\/now-news.de\/de\/deutschland\/ostern-in-rom-papst-fordert-sofortigen-waffenstillstand-in-nahost\/\",\"url\":\"https:\/\/now-news.de\/de\/deutschland\/ostern-in-rom-papst-fordert-sofortigen-waffenstillstand-in-nahost\/\",\"name\":\"Ostern in Rom: Papst fordert sofortigen Waffenstillstand in Nahost - just-now.NEWS Deutschland\",\"isPartOf\":{\"@id\":\"https:\/\/now-news.de\/de\/#website\"},\"primaryImageOfPage\":{\"@id\":\"https:\/\/now-news.de\/de\/deutschland\/ostern-in-rom-papst-fordert-sofortigen-waffenstillstand-in-nahost\/#primaryimage\"},\"image\":{\"@id\":\"https:\/\/now-news.de\/de\/deutschland\/ostern-in-rom-papst-fordert-sofortigen-waffenstillstand-in-nahost\/#primaryimage\"},\"thumbnailUrl\":\"https:\/\/now-news.de\/de\/wp-content\/uploads\/sites\/3\/2024\/03\/Ostern-in-Rom-Papst-fordert-sofortigen-Waffenstillstand-in-Nahost.jpg\",\"datePublished\":\"2024-03-31T19:02:26+00:00\",\"dateModified\":\"2024-03-31T19:02:26+00:00\",\"breadcrumb\":{\"@id\":\"https:\/\/now-news.de\/de\/deutschland\/ostern-in-rom-papst-fordert-sofortigen-waffenstillstand-in-nahost\/#breadcrumb\"},\"inLanguage\":\"de\",\"potentialAction\":[{\"@type\":\"ReadAction\",\"target\":[\"https:\/\/now-news.de\/de\/deutschland\/ostern-in-rom-papst-fordert-sofortigen-waffenstillstand-in-nahost\/\"]}]},{\"@type\":\"ImageObject\",\"inLanguage\":\"de\",\"@id\":\"https:\/\/now-news.de\/de\/deutschland\/ostern-in-rom-papst-fordert-sofortigen-waffenstillstand-in-nahost\/#primaryimage\",\"url\":\"https:\/\/now-news.de\/de\/wp-content\/uploads\/sites\/3\/2024\/03\/Ostern-in-Rom-Papst-fordert-sofortigen-Waffenstillstand-in-Nahost.jpg\",\"contentUrl\":\"https:\/\/now-news.de\/de\/wp-content\/uploads\/sites\/3\/2024\/03\/Ostern-in-Rom-Papst-fordert-sofortigen-Waffenstillstand-in-Nahost.jpg\",\"width\":460,\"height\":259,\"caption\":\"Ostern in Rom: Papst fordert sofortigen Waffenstillstand in Nahost\"},{\"@type\":\"BreadcrumbList\",\"@id\":\"https:\/\/now-news.de\/de\/deutschland\/ostern-in-rom-papst-fordert-sofortigen-waffenstillstand-in-nahost\/#breadcrumb\",\"itemListElement\":[{\"@type\":\"ListItem\",\"position\":1,\"name\":\"Home\",\"item\":\"https:\/\/now-news.de\/de\/\"},{\"@type\":\"ListItem\",\"position\":2,\"name\":\"Ostern in Rom: Papst fordert sofortigen Waffenstillstand in Nahost\"}]},{\"@type\":\"WebSite\",\"@id\":\"https:\/\/now-news.de\/de\/#website\",\"url\":\"https:\/\/now-news.de\/de\/\",\"name\":\"just-now.NEWS Deutschland\",\"description\":\"Das Portal f\u00fcr unzensierte Nachrichten aus der Welt\",\"publisher\":{\"@id\":\"https:\/\/now-news.de\/de\/#organization\"},\"potentialAction\":[{\"@type\":\"SearchAction\",\"target\":{\"@type\":\"EntryPoint\",\"urlTemplate\":\"https:\/\/now-news.de\/de\/?s={search_term_string}\"},\"query-input\":\"required name=search_term_string\"}],\"inLanguage\":\"de\"},{\"@type\":\"Organization\",\"@id\":\"https:\/\/now-news.de\/de\/#organization\",\"name\":\"Just Now News\",\"url\":\"https:\/\/now-news.de\/de\/\",\"logo\":{\"@type\":\"ImageObject\",\"inLanguage\":\"de\",\"@id\":\"https:\/\/now-news.de\/de\/#\/schema\/logo\/image\/\",\"url\":\"http:\/\/just-now.news\/de\/wp-content\/uploads\/sites\/3\/2022\/04\/logo500x500.jpg\",\"contentUrl\":\"http:\/\/just-now.news\/de\/wp-content\/uploads\/sites\/3\/2022\/04\/logo500x500.jpg\",\"width\":500,\"height\":500,\"caption\":\"Just Now News\"},\"image\":{\"@id\":\"https:\/\/now-news.de\/de\/#\/schema\/logo\/image\/\"},\"sameAs\":[\"https:\/\/www.facebook.com\/wirmachenauf\",\"https:\/\/x.com\/WirMachenAuf_de\"]},{\"@type\":\"Person\",\"@id\":\"https:\/\/now-news.de\/de\/#\/schema\/person\/fb534a4e865501d8b3285208df34a9b5\",\"name\":\"rtnews\",\"image\":{\"@type\":\"ImageObject\",\"inLanguage\":\"de\",\"@id\":\"https:\/\/now-news.de\/de\/#\/schema\/person\/image\/\",\"url\":\"https:\/\/secure.gravatar.com\/avatar\/82aafea7d8127119dd649515f56e2117?s=96&d=mm&r=g\",\"contentUrl\":\"https:\/\/secure.gravatar.com\/avatar\/82aafea7d8127119dd649515f56e2117?s=96&d=mm&r=g\",\"caption\":\"rtnews\"},\"url\":\"https:\/\/now-news.de\/de\/author\/rnews\/\"}]}<\/script>\n<!-- \/ Yoast SEO Premium plugin. -->","yoast_head_json":{"title":"Ostern in Rom: Papst fordert sofortigen Waffenstillstand in Nahost - just-now.NEWS Deutschland","robots":{"index":"index","follow":"follow","max-snippet":"max-snippet:-1","max-image-preview":"max-image-preview:large","max-video-preview":"max-video-preview:-1"},"canonical":"https:\/\/now-news.de\/de\/deutschland\/ostern-in-rom-papst-fordert-sofortigen-waffenstillstand-in-nahost\/","og_locale":"de_DE","og_type":"article","og_title":"Ostern in Rom: Papst fordert sofortigen Waffenstillstand in Nahost","og_description":"Bei dem traditionellen Segen &#8220;Urbi et Orbi&#8221;, den der Papst in Rom traditionell zum katholischen Osterfest spendet, forderte Papst Franziskus am Sonntag einen sofortigen Waffenstillstand im Gazastreifen und den Austausch aller Gefangenen dort und in der Ukraine. W\u00e4hrend seines traditionellen Ostersegens &#8220;Urbi et orbi&#8221; gedachte Papst Franziskus in Rom am heutigen Ostersonntag der Opfer\u00a0der vielen [&hellip;]","og_url":"https:\/\/now-news.de\/de\/deutschland\/ostern-in-rom-papst-fordert-sofortigen-waffenstillstand-in-nahost\/","og_site_name":"just-now.NEWS Deutschland","article_publisher":"https:\/\/www.facebook.com\/wirmachenauf","article_published_time":"2024-03-31T19:02:26+00:00","og_image":[{"width":460,"height":259,"url":"https:\/\/now-news.de\/de\/wp-content\/uploads\/sites\/3\/2024\/03\/Ostern-in-Rom-Papst-fordert-sofortigen-Waffenstillstand-in-Nahost.jpg","type":"image\/jpeg"}],"author":"rtnews","twitter_card":"summary_large_image","twitter_creator":"@WirMachenAuf_de","twitter_site":"@WirMachenAuf_de","twitter_misc":{"Verfasst von":"rtnews","Gesch\u00e4tzte Lesezeit":"1\u00a0Minute"},"schema":{"@context":"https:\/\/schema.org","@graph":[{"@type":"Article","@id":"https:\/\/now-news.de\/de\/deutschland\/ostern-in-rom-papst-fordert-sofortigen-waffenstillstand-in-nahost\/#article","isPartOf":{"@id":"https:\/\/now-news.de\/de\/deutschland\/ostern-in-rom-papst-fordert-sofortigen-waffenstillstand-in-nahost\/"},"author":{"name":"rtnews","@id":"https:\/\/now-news.de\/de\/#\/schema\/person\/fb534a4e865501d8b3285208df34a9b5"},"headline":"Ostern in Rom: Papst fordert sofortigen Waffenstillstand in Nahost","datePublished":"2024-03-31T19:02:26+00:00","dateModified":"2024-03-31T19:02:26+00:00","mainEntityOfPage":{"@id":"https:\/\/now-news.de\/de\/deutschland\/ostern-in-rom-papst-fordert-sofortigen-waffenstillstand-in-nahost\/"},"wordCount":306,"commentCount":0,"publisher":{"@id":"https:\/\/now-news.de\/de\/#organization"},"image":{"@id":"https:\/\/now-news.de\/de\/deutschland\/ostern-in-rom-papst-fordert-sofortigen-waffenstillstand-in-nahost\/#primaryimage"},"thumbnailUrl":"https:\/\/now-news.de\/de\/wp-content\/uploads\/sites\/3\/2024\/03\/Ostern-in-Rom-Papst-fordert-sofortigen-Waffenstillstand-in-Nahost.jpg","keywords":["fordert","Nahost","Ostern","papst","Rom","sofortigen","Waffenstillstand"],"articleSection":["Deutschland","Russland"],"inLanguage":"de","potentialAction":[{"@type":"CommentAction","name":"Comment","target":["https:\/\/now-news.de\/de\/deutschland\/ostern-in-rom-papst-fordert-sofortigen-waffenstillstand-in-nahost\/#respond"]}]},{"@type":"WebPage","@id":"https:\/\/now-news.de\/de\/deutschland\/ostern-in-rom-papst-fordert-sofortigen-waffenstillstand-in-nahost\/","url":"https:\/\/now-news.de\/de\/deutschland\/ostern-in-rom-papst-fordert-sofortigen-waffenstillstand-in-nahost\/","name":"Ostern in Rom: Papst fordert sofortigen Waffenstillstand in Nahost - just-now.NEWS Deutschland","isPartOf":{"@id":"https:\/\/now-news.de\/de\/#website"},"primaryImageOfPage":{"@id":"https:\/\/now-news.de\/de\/deutschland\/ostern-in-rom-papst-fordert-sofortigen-waffenstillstand-in-nahost\/#primaryimage"},"image":{"@id":"https:\/\/now-news.de\/de\/deutschland\/ostern-in-rom-papst-fordert-sofortigen-waffenstillstand-in-nahost\/#primaryimage"},"thumbnailUrl":"https:\/\/now-news.de\/de\/wp-content\/uploads\/sites\/3\/2024\/03\/Ostern-in-Rom-Papst-fordert-sofortigen-Waffenstillstand-in-Nahost.jpg","datePublished":"2024-03-31T19:02:26+00:00","dateModified":"2024-03-31T19:02:26+00:00","breadcrumb":{"@id":"https:\/\/now-news.de\/de\/deutschland\/ostern-in-rom-papst-fordert-sofortigen-waffenstillstand-in-nahost\/#breadcrumb"},"inLanguage":"de","potentialAction":[{"@type":"ReadAction","target":["https:\/\/now-news.de\/de\/deutschland\/ostern-in-rom-papst-fordert-sofortigen-waffenstillstand-in-nahost\/"]}]},{"@type":"ImageObject","inLanguage":"de","@id":"https:\/\/now-news.de\/de\/deutschland\/ostern-in-rom-papst-fordert-sofortigen-waffenstillstand-in-nahost\/#primaryimage","url":"https:\/\/now-news.de\/de\/wp-content\/uploads\/sites\/3\/2024\/03\/Ostern-in-Rom-Papst-fordert-sofortigen-Waffenstillstand-in-Nahost.jpg","contentUrl":"https:\/\/now-news.de\/de\/wp-content\/uploads\/sites\/3\/2024\/03\/Ostern-in-Rom-Papst-fordert-sofortigen-Waffenstillstand-in-Nahost.jpg","width":460,"height":259,"caption":"Ostern in Rom: Papst fordert sofortigen Waffenstillstand in Nahost"},{"@type":"BreadcrumbList","@id":"https:\/\/now-news.de\/de\/deutschland\/ostern-in-rom-papst-fordert-sofortigen-waffenstillstand-in-nahost\/#breadcrumb","itemListElement":[{"@type":"ListItem","position":1,"name":"Home","item":"https:\/\/now-news.de\/de\/"},{"@type":"ListItem","position":2,"name":"Ostern in Rom: Papst fordert sofortigen Waffenstillstand in Nahost"}]},{"@type":"WebSite","@id":"https:\/\/now-news.de\/de\/#website","url":"https:\/\/now-news.de\/de\/","name":"just-now.NEWS Deutschland","description":"Das Portal f\u00fcr unzensierte Nachrichten aus der Welt","publisher":{"@id":"https:\/\/now-news.de\/de\/#organization"},"potentialAction":[{"@type":"SearchAction","target":{"@type":"EntryPoint","urlTemplate":"https:\/\/now-news.de\/de\/?s={search_term_string}"},"query-input":"required name=search_term_string"}],"inLanguage":"de"},{"@type":"Organization","@id":"https:\/\/now-news.de\/de\/#organization","name":"Just Now News","url":"https:\/\/now-news.de\/de\/","logo":{"@type":"ImageObject","inLanguage":"de","@id":"https:\/\/now-news.de\/de\/#\/schema\/logo\/image\/","url":"http:\/\/just-now.news\/de\/wp-content\/uploads\/sites\/3\/2022\/04\/logo500x500.jpg","contentUrl":"http:\/\/just-now.news\/de\/wp-content\/uploads\/sites\/3\/2022\/04\/logo500x500.jpg","width":500,"height":500,"caption":"Just Now News"},"image":{"@id":"https:\/\/now-news.de\/de\/#\/schema\/logo\/image\/"},"sameAs":["https:\/\/www.facebook.com\/wirmachenauf","https:\/\/x.com\/WirMachenAuf_de"]},{"@type":"Person","@id":"https:\/\/now-news.de\/de\/#\/schema\/person\/fb534a4e865501d8b3285208df34a9b5","name":"rtnews","image":{"@type":"ImageObject","inLanguage":"de","@id":"https:\/\/now-news.de\/de\/#\/schema\/person\/image\/","url":"https:\/\/secure.gravatar.com\/avatar\/82aafea7d8127119dd649515f56e2117?s=96&d=mm&r=g","contentUrl":"https:\/\/secure.gravatar.com\/avatar\/82aafea7d8127119dd649515f56e2117?s=96&d=mm&r=g","caption":"rtnews"},"url":"https:\/\/now-news.de\/de\/author\/rnews\/"}]}},"_links":{"self":[{"href":"https:\/\/now-news.de\/de\/wp-json\/wp\/v2\/posts\/58078"}],"collection":[{"href":"https:\/\/now-news.de\/de\/wp-json\/wp\/v2\/posts"}],"about":[{"href":"https:\/\/now-news.de\/de\/wp-json\/wp\/v2\/types\/post"}],"author":[{"embeddable":true,"href":"https:\/\/now-news.de\/de\/wp-json\/wp\/v2\/users\/3"}],"replies":[{"embeddable":true,"href":"https:\/\/now-news.de\/de\/wp-json\/wp\/v2\/comments?post=58078"}],"version-history":[{"count":0,"href":"https:\/\/now-news.de\/de\/wp-json\/wp\/v2\/posts\/58078\/revisions"}],"wp:featuredmedia":[{"embeddable":true,"href":"https:\/\/now-news.de\/de\/wp-json\/wp\/v2\/media\/58079"}],"wp:attachment":[{"href":"https:\/\/now-news.de\/de\/wp-json\/wp\/v2\/media?parent=58078"}],"wp:term":[{"taxonomy":"category","embeddable":true,"href":"https:\/\/now-news.de\/de\/wp-json\/wp\/v2\/categories?post=58078"},{"taxonomy":"post_tag","embeddable":true,"href":"https:\/\/now-news.de\/de\/wp-json\/wp\/v2\/tags?post=58078"}],"curies":[{"name":"wp","href":"https:\/\/api.w.org\/{rel}","templated":true}]}}