{"id":58070,"date":"2024-03-31T19:30:05","date_gmt":"2024-03-31T17:30:05","guid":{"rendered":"https:\/\/just-now.news\/de\/deutschland\/duesseldorfer-ostermarsch-findet-trotz-ausgrenzung-statt-unser-ziel-ist-ein-friedenstuechtiges-land\/"},"modified":"2024-03-31T19:30:05","modified_gmt":"2024-03-31T17:30:05","slug":"duesseldorfer-ostermarsch-findet-trotz-ausgrenzung-statt-unser-ziel-ist-ein-friedenstuechtiges-land","status":"publish","type":"post","link":"https:\/\/now-news.de\/de\/deutschland\/duesseldorfer-ostermarsch-findet-trotz-ausgrenzung-statt-unser-ziel-ist-ein-friedenstuechtiges-land\/","title":{"rendered":"D\u00fcsseldorfer Ostermarsch findet trotz Ausgrenzung statt: &quot;Unser Ziel ist ein friedenst\u00fcchtiges Land&quot;"},"content":{"rendered":"<div class=\"Text-root Text-type_1 \">\n                Der D\u00fcsseldorfer Ostermarsch wurde 2024  von der Deutschen Friedensgesellschaft aus dem NRW-Ostermarschb\u00fcndnis ausgeschlossen. Das Friedensforum D\u00fcsseldorf beteilige &#8220;Impfgegner&#8221;, so der Vorwurf. Die korrupte Corona-Politik soll zwar &#8220;aufgearbeitet&#8221; werden, aber die Kritiker werden weiter diffamiert.\n            <\/div>\n<p><\/p>\n<div class=\"Text-root Text-type_5 ArticleView-text ViewText-root \">\n<p><em>Von Felicitas Rabe<\/em><\/p>\n<p>Traditionell geh\u00f6rte das Friedensforum D\u00fcsseldorf zum Ostermarschverbund Rhein-Ruhr und zum Friedensb\u00fcndnis NRW. Entsprechend koordinierte man j\u00e4hrlich die \u00f6sterlichen Friedensdemonstrationen f\u00fcr den Gro\u00dfraum Rheinland und Ruhrgebiet. Doch in diesem Jahr suchte man auf der Webseite der <a rel=\"nofollow noopener\" target=\"_blank\" href=\"http:\/\/s9y.ostermarsch-ruhr.de\/\">Ostermarschkoordination Rhein-Ruhr<\/a> den D\u00fcsseldorfer Friedensmarsch vergeblich. Auch auf dem gemeinsamen <a rel=\"nofollow noopener\" target=\"_blank\" href=\"http:\/\/s9y.ostermarsch-ruhr.de\/uploads\/OM24_Flyer_Web.pdf\">Ostermarsch-Plakat<\/a> kommt D\u00fcsseldorf nicht vor.<\/p>\n<p>Am Abend des Karfreitags erkl\u00e4rte der Sprecher der Rhein-Ruhr-Kooperation, Joachim Schramm vom <a rel=\"nofollow noopener\" target=\"_blank\" href=\"https:\/\/nrw.dfg-vk.de\/\">Landesverband der Deutschen Friedensgesellschaft, DFG-VK<\/a>, gegen\u00fcber dem <em>WDR<\/em> den Grund f\u00fcr den Ausschluss der D\u00fcsseldorfer. Demnach &#8220;h\u00e4tten sie sich in der Corona-Pandemie als Impfgegner hervorgetan&#8221;, so Schramm.\u00a0Folglich habe man in der Rhein-Ruhr-Kooperative Angst davor, von rechts unterwandert zu werden, wenn man das D\u00fcsseldorfer Friedensforum beteiligen w\u00fcrde. <a rel=\"nofollow noopener\" target=\"_blank\" href=\"https:\/\/www1.wdr.de\/nachrichten\/rheinland\/duesseldorf-ostermarsch-ausschluss-100.html\">Schramm erkl\u00e4rte<\/a>:<\/p>\n<blockquote>\n<p><em>&#8220;Wir mussten jetzt ein Stoppsignal setzen, weil wir Angst vor einer Unterwanderung von rechts haben.&#8221;<\/em><\/p>\n<\/blockquote>\n<p>Somit geht die rechte Diffamierung und Ausgrenzung der Kritiker der Corona-Politik in politischen Organisationen in Deutschland weiter. Dabei ruft man doch seitens der Politik als auch vonseiten der Medien scheinbar immer lauter nach einer kritischen Aufarbeitung der Corona-Ma\u00dfnahmen \u2013 auch hinsichtlich der Diffamierung Andersdenkender. Doch zur Spaltung der Friedensbewegung bietet sich das Verschw\u00f6rungsnarrativ zur Ausgrenzung von Kritikern der Corona-Politik offensichtlich immer noch gut an.<\/p>\n<p>Der\u00a0Sprecher des D\u00fcsseldorfer Friedensforums h\u00e4lt\u00a0diese Vorw\u00fcrfe f\u00fcr absurd. &#8220;Das Friedensforum ist zwar heterogen, aber rechte Tendenzen oder Verschw\u00f6rungstheorien sehe ich dort nicht&#8221;, teilte Hermann Kopp dem <em>WDR<\/em> mit. Das Friedensforum der NRW-Landeshauptstadt lie\u00df sich jedenfalls nicht aufhalten und organisierte in Kooperation mit dem Friedensb\u00fcndnis NRW einen eigenen, regions\u00fcbergreifenden Friedensmarsch. Daran beteiligten sich die Pal\u00e4stinensische Allianz NRW, Vertreter von Oppositionsparteien wie vom B\u00fcndnis Sahra Wagenknecht (BSW), von der Partei Die Basis und auch von traditionellen Friedensinitiativen. <em>Utopia TV Deutschland<\/em>\u00a0<a rel=\"nofollow noopener\" target=\"_blank\" href=\"https:\/\/www.youtube.com\/watch?v=SiGAdpYiLQw\">dokumentierte<\/a> den Ostermarsch und die Kundgebungsreden auf seinem YouTube-Kanal.<\/p>\n<figure class=\"RTImage-root\">\n<div class=\"RTImage-image RTImage-original\"><picture class=\"Picture-root Picture-original\"><!--[if IE 9]><video style=\"display: none;\"><![endif]--><source media=\"(-webkit-min-device-pixel-ratio: 2) and (min-resolution: 120dpi)\" data-srcset=\" \nhttp:\/\/just-now.news\/de\/wp-content\/uploads\/sites\/3\/2024\/03\/66095a0bb480cc135b13121b.jpg 850w,\n                http:\/\/just-now.news\/de\/wp-content\/uploads\/sites\/3\/2024\/03\/66095a0bb480cc135b13121b.jpg 1960w,            \" ><source data-srcset=\" \nhttp:\/\/just-now.news\/de\/wp-content\/uploads\/sites\/3\/2024\/03\/66095a0bb480cc135b13121b.jpg 460w,\n              http:\/\/just-now.news\/de\/wp-content\/uploads\/sites\/3\/2024\/03\/66095a0bb480cc135b13121b.jpg 980w,\n            \" ><!--[if IE 9]><\/video><![endif]--><img decoding=\"async\" data- src=\"data:image\/png;base64,iVBORw0KGgoAAAANSUhEUgAAABAAAAAJCAQAAACRI2S5AAAAEElEQVR42mNkIAAYRxWAAQAG9gAKqv6+AwAAAABJRU5ErkJggg==\" class=\"Picture-root Picture-original lazyload\" data-src=\"http:\/\/just-now.news\/de\/wp-content\/uploads\/sites\/3\/2024\/03\/66095a0bb480cc135b13121b.jpg\" alt=\"\"><\/source><\/source><\/picture><!-- noscript pattern --><noscript><img decoding=\"async\" src=\"http:\/\/just-now.news\/de\/wp-content\/uploads\/sites\/3\/2024\/03\/66095a0bb480cc135b13121b.jpg\" alt=\"\"><\/noscript><\/div><figcaption class=\"RTImage-footer\"><span class=\"RTImage-caption\"><span class=\"RTImage-captionItem\">D\u00fcsseldorfer Ostermarsch am 30. M\u00e4rz 2024<\/span><\/span><span class=\"RTImage-source\"><span class=\"RTImage-captionItem\">Felicitas Rabe<\/span><\/span><\/figcaption><\/figure>\n<\/p>\n<figure class=\"RTImage-root\">\n<div class=\"RTImage-image RTImage-original\"><picture class=\"Picture-root Picture-original\"><!--[if IE 9]><video style=\"display: none;\"><![endif]--><source media=\"(-webkit-min-device-pixel-ratio: 2) and (min-resolution: 120dpi)\" data-srcset=\" \nhttp:\/\/just-now.news\/de\/wp-content\/uploads\/sites\/3\/2024\/03\/6609587048fbef7b382dd90a.jpg 850w,\n                http:\/\/just-now.news\/de\/wp-content\/uploads\/sites\/3\/2024\/03\/6609587048fbef7b382dd90a.jpg 1960w,            \" ><source data-srcset=\" \nhttp:\/\/just-now.news\/de\/wp-content\/uploads\/sites\/3\/2024\/03\/6609587048fbef7b382dd90a.jpg 460w,\n              http:\/\/just-now.news\/de\/wp-content\/uploads\/sites\/3\/2024\/03\/6609587048fbef7b382dd90a.jpg 980w,\n            \" ><!--[if IE 9]><\/video><![endif]--><img decoding=\"async\" data- src=\"data:image\/png;base64,iVBORw0KGgoAAAANSUhEUgAAABAAAAAJCAQAAACRI2S5AAAAEElEQVR42mNkIAAYRxWAAQAG9gAKqv6+AwAAAABJRU5ErkJggg==\" class=\"Picture-root Picture-original lazyload\" data-src=\"http:\/\/just-now.news\/de\/wp-content\/uploads\/sites\/3\/2024\/03\/6609587048fbef7b382dd90a.jpg\" alt=\"\"><\/source><\/source><\/picture><!-- noscript pattern --><noscript><img decoding=\"async\" src=\"http:\/\/just-now.news\/de\/wp-content\/uploads\/sites\/3\/2024\/03\/6609587048fbef7b382dd90a.jpg\" alt=\"\"><\/noscript><\/div><figcaption class=\"RTImage-footer\"><span class=\"RTImage-caption\"><span class=\"RTImage-captionItem\">D\u00fcsseldorfer Ostermarsch am 30. M\u00e4rz 2024<\/span><\/span><span class=\"RTImage-source\"><span class=\"RTImage-captionItem\">Felicitas Rabe<\/span><\/span><\/figcaption><\/figure>\n<p><strong>Basisgruppen der Deutschen Friedensgesellschaft lehnen die Spaltung der Friedensbewegung in Geimpfte und Ungeimpfte ab<\/strong><\/p>\n<p>Am Samstag nahmen rund 1.000 Menschen aus ganz Nordrhein-Westfalen am Ostermarsch in D\u00fcsseldorf teil. Man sah neben Fahnen von der Deutschen Kommunistischen Partei\u00a0(DKP) und den Gewerkschaften allerdings auch Fahnen von der Deutschen Friedensgesellschaft DFG-VK.<\/p>\n<figure class=\"RTImage-root\">\n<div class=\"RTImage-image RTImage-original\"><picture class=\"Picture-root Picture-original\"><!--[if IE 9]><video style=\"display: none;\"><![endif]--><source media=\"(-webkit-min-device-pixel-ratio: 2) and (min-resolution: 120dpi)\" data-srcset=\" \nhttp:\/\/just-now.news\/de\/wp-content\/uploads\/sites\/3\/2024\/03\/660958cd48fbef5ecc0a3782.jpg 850w,\n                http:\/\/just-now.news\/de\/wp-content\/uploads\/sites\/3\/2024\/03\/660958cd48fbef5ecc0a3782.jpg 1960w,            \" ><source data-srcset=\" \nhttp:\/\/just-now.news\/de\/wp-content\/uploads\/sites\/3\/2024\/03\/660958cd48fbef5ecc0a3782.jpg 460w,\n              http:\/\/just-now.news\/de\/wp-content\/uploads\/sites\/3\/2024\/03\/660958cd48fbef5ecc0a3782.jpg 980w,\n            \" ><!--[if IE 9]><\/video><![endif]--><img decoding=\"async\" data- src=\"data:image\/png;base64,iVBORw0KGgoAAAANSUhEUgAAABAAAAAJCAQAAACRI2S5AAAAEElEQVR42mNkIAAYRxWAAQAG9gAKqv6+AwAAAABJRU5ErkJggg==\" class=\"Picture-root Picture-original lazyload\" data-src=\"http:\/\/just-now.news\/de\/wp-content\/uploads\/sites\/3\/2024\/03\/660958cd48fbef5ecc0a3782.jpg\" alt=\"\"><\/source><\/source><\/picture><!-- noscript pattern --><noscript><img decoding=\"async\" src=\"http:\/\/just-now.news\/de\/wp-content\/uploads\/sites\/3\/2024\/03\/660958cd48fbef5ecc0a3782.jpg\" alt=\"\"><\/noscript><\/div><figcaption class=\"RTImage-footer\"><span class=\"RTImage-caption\"><span class=\"RTImage-captionItem\">D\u00fcsseldorfer Ostermarsch am 30. M\u00e4rz 2024<\/span><\/span><span class=\"RTImage-source\"><span class=\"RTImage-captionItem\">Felicitas Rabe<\/span><\/span><\/figcaption><\/figure>\n<figure class=\"RTImage-root\">\n<div class=\"RTImage-image RTImage-original\"><picture class=\"Picture-root Picture-original\"><!--[if IE 9]><video style=\"display: none;\"><![endif]--><source media=\"(-webkit-min-device-pixel-ratio: 2) and (min-resolution: 120dpi)\" data-srcset=\" \nhttp:\/\/just-now.news\/de\/wp-content\/uploads\/sites\/3\/2024\/03\/6609591248fbef5e912e81ca.jpg 850w,\n                http:\/\/just-now.news\/de\/wp-content\/uploads\/sites\/3\/2024\/03\/6609591248fbef5e912e81ca.jpg 1960w,            \" ><source data-srcset=\" \nhttp:\/\/just-now.news\/de\/wp-content\/uploads\/sites\/3\/2024\/03\/6609591248fbef5e912e81ca.jpg 460w,\n              http:\/\/just-now.news\/de\/wp-content\/uploads\/sites\/3\/2024\/03\/6609591248fbef5e912e81ca.jpg 980w,\n            \" ><!--[if IE 9]><\/video><![endif]--><img decoding=\"async\" data- src=\"data:image\/png;base64,iVBORw0KGgoAAAANSUhEUgAAABAAAAAJCAQAAACRI2S5AAAAEElEQVR42mNkIAAYRxWAAQAG9gAKqv6+AwAAAABJRU5ErkJggg==\" class=\"Picture-root Picture-original lazyload\" data-src=\"http:\/\/just-now.news\/de\/wp-content\/uploads\/sites\/3\/2024\/03\/6609591248fbef5e912e81ca.jpg\" alt=\"\"><\/source><\/source><\/picture><!-- noscript pattern --><noscript><img decoding=\"async\" src=\"http:\/\/just-now.news\/de\/wp-content\/uploads\/sites\/3\/2024\/03\/6609591248fbef5e912e81ca.jpg\" alt=\"\"><\/noscript><\/div><figcaption class=\"RTImage-footer\"><span class=\"RTImage-caption\"><span class=\"RTImage-captionItem\">D\u00fcsseldorfer Ostermarsch am 30. M\u00e4rz 2024<\/span><\/span><span class=\"RTImage-source\"><span class=\"RTImage-captionItem\">Felicitas Rabe<\/span><\/span><\/figcaption><\/figure>\n<p>Viele Mitglieder der kommunalen DFG-VK-Basis w\u00fcrden n\u00e4mlich den Spaltungskurs des Landesverbands ablehnen, erfuhr die Berichterstatterin von Teilnehmern des Ostermarsches. Da gebe es aktuell viele Diskussionen im Verband. Im <a rel=\"nofollow noopener\" target=\"_blank\" href=\"https:\/\/friedensbuendnis-nrw.de\/an-ostern-auf-die-strasse\">Aufruf<\/a> formulierten die Veranstalter ihren Widerstand gegen den Kriegskurs Deutschlands in der Au\u00dfenpolitik und im Inneren\u00a0den Krieg gegen die eigene Bev\u00f6lkerung. Darin hei\u00dft es unter anderem:<\/p>\n<p>&#8220;Die von den USA dominierte Weltordnung geht dem Ende entgegen, eine neue Weltordnung ist im Entstehen. Die USA und ihre Verb\u00fcndeten versuchen, diese Entwicklung mit allen Mitteln aufzuhalten. Sie be\u00adfeuern daher massiv bestehende Konflikte, f\u00fchren neue Kriege und betreiben eine nie gekannte Hochr\u00fcstung. Die Bundesregierung will bei dieser Politik &#8216;dienend f\u00fchren&#8217; und st\u00fctzt die Vormachtstellung der USA.&#8221;<\/p>\n<figure class=\"RTImage-root\">\n<div class=\"RTImage-image RTImage-original\"><picture class=\"Picture-root Picture-original\"><!--[if IE 9]><video style=\"display: none;\"><![endif]--><source media=\"(-webkit-min-device-pixel-ratio: 2) and (min-resolution: 120dpi)\" data-srcset=\" \nhttp:\/\/just-now.news\/de\/wp-content\/uploads\/sites\/3\/2024\/03\/66095a6fb480cc13b6013079.jpg 850w,\n                http:\/\/just-now.news\/de\/wp-content\/uploads\/sites\/3\/2024\/03\/66095a6fb480cc13b6013079.jpg 1960w,            \" ><source data-srcset=\" \nhttp:\/\/just-now.news\/de\/wp-content\/uploads\/sites\/3\/2024\/03\/66095a6fb480cc13b6013079.jpg 460w,\n              http:\/\/just-now.news\/de\/wp-content\/uploads\/sites\/3\/2024\/03\/66095a6fb480cc13b6013079.jpg 980w,\n            \" ><!--[if IE 9]><\/video><![endif]--><img decoding=\"async\" data- src=\"data:image\/png;base64,iVBORw0KGgoAAAANSUhEUgAAABAAAAAJCAQAAACRI2S5AAAAEElEQVR42mNkIAAYRxWAAQAG9gAKqv6+AwAAAABJRU5ErkJggg==\" class=\"Picture-root Picture-original lazyload\" data-src=\"http:\/\/just-now.news\/de\/wp-content\/uploads\/sites\/3\/2024\/03\/66095a6fb480cc13b6013079.jpg\" alt=\"\"><\/source><\/source><\/picture><!-- noscript pattern --><noscript><img decoding=\"async\" src=\"http:\/\/just-now.news\/de\/wp-content\/uploads\/sites\/3\/2024\/03\/66095a6fb480cc13b6013079.jpg\" alt=\"\"><\/noscript><\/div><figcaption class=\"RTImage-footer\"><span class=\"RTImage-caption\"><span class=\"RTImage-captionItem\">D\u00fcsseldorfer Ostermarsch am 30. M\u00e4rz 2024<\/span><\/span><span class=\"RTImage-source\"><span class=\"RTImage-captionItem\">Felicitas Rabe<\/span><\/span><\/figcaption><\/figure>\n<p>&#8220;Die unverzichtbare Erg\u00e4nzung zum Kriegskurs ist der &#8216;soziale Krieg&#8217; im Innern (&#8230;) Die durch politische Dummheit (&#8216;Russland ruinieren&#8217;) verursachte Explosion der Energiepreise mit ihren Folgen f\u00fcr die einheimische Landwirtschaft und das gesamte produzierende Gewerbe trifft mit besonderer Wucht den \u00e4rmeren Teil der Bev\u00f6lkerung \u2013 also die Menschen, die die Ampelkoalition jetzt weiter verarmen m\u00f6chte (&#8230;) Unser Ziel ist ein friedensbereites und friedenst\u00fcchtiges Land!&#8221;<\/p>\n<p>Auf der Kundgebung setzte sich der ehemalige Vorstand des Internationalen Friedensb\u00fcros (IPB), Reiner Braun, gegen die Spaltung der Friedensbewegung ein. Die Friedensaktivisten m\u00fcssten die soziale Katastrophe aufhalten, die der Kriegskurs der Bundesregierung mit sich bringe. Der Ostermarsch sei die offene Hand\u00a0f\u00fcr alle, die sich gemeinsam gegen den sozialen Wahnsinn in diesem Land wehren wollen. In den Medien w\u00fcrde man die Friedensbewegung als naiv bezeichnen, schlie\u00dflich wolle Russland ja \u00fcber die NATO-L\u00e4nder herfallen, sagte er.<\/p>\n<figure class=\"RTImage-root\">\n<div class=\"RTImage-image RTImage-original\"><picture class=\"Picture-root Picture-original\"><!--[if IE 9]><video style=\"display: none;\"><![endif]--><source media=\"(-webkit-min-device-pixel-ratio: 2) and (min-resolution: 120dpi)\" data-srcset=\" \nhttp:\/\/just-now.news\/de\/wp-content\/uploads\/sites\/3\/2024\/03\/66095acdb480cc563c16440f.jpg 850w,\n                http:\/\/just-now.news\/de\/wp-content\/uploads\/sites\/3\/2024\/03\/66095acdb480cc563c16440f.jpg 1960w,            \" ><source data-srcset=\" \nhttp:\/\/just-now.news\/de\/wp-content\/uploads\/sites\/3\/2024\/03\/66095acdb480cc563c16440f.jpg 460w,\n              http:\/\/just-now.news\/de\/wp-content\/uploads\/sites\/3\/2024\/03\/66095acdb480cc563c16440f.jpg 980w,\n            \" ><!--[if IE 9]><\/video><![endif]--><img decoding=\"async\" data- src=\"data:image\/png;base64,iVBORw0KGgoAAAANSUhEUgAAABAAAAAJCAQAAACRI2S5AAAAEElEQVR42mNkIAAYRxWAAQAG9gAKqv6+AwAAAABJRU5ErkJggg==\" class=\"Picture-root Picture-original lazyload\" data-src=\"http:\/\/just-now.news\/de\/wp-content\/uploads\/sites\/3\/2024\/03\/66095acdb480cc563c16440f.jpg\" alt=\"\"><\/source><\/source><\/picture><!-- noscript pattern --><noscript><img decoding=\"async\" src=\"http:\/\/just-now.news\/de\/wp-content\/uploads\/sites\/3\/2024\/03\/66095acdb480cc563c16440f.jpg\" alt=\"\"><\/noscript><\/div><figcaption class=\"RTImage-footer\"><span class=\"RTImage-caption\"><span class=\"RTImage-captionItem\">Reiner Braun, D\u00fcsseldorfer Ostermarsch am 30. M\u00e4rz 2024<\/span><\/span><span class=\"RTImage-source\"><span class=\"RTImage-captionItem\">Felicitas Rabe<\/span><\/span><\/figcaption><\/figure>\n<p>Braun kommentierte die Diffamierung der Friedensaktivisten: &#8220;Was f\u00fcr eine geisteskranke \u00c4u\u00dferung angesichts einer \u00dcberlegenheit von 10- bis 15-mal zu eins. Sie wollen damit nur ihre eigene Kriegspolitik legitimieren.&#8221; In Deutschland w\u00fcrden immer mehr Menschen die Kriegspolitik der Regierung ablehnen und auf den diesj\u00e4hrigen Osterm\u00e4rschen sei die Zahl der Teilnehmer gegen\u00fcber den Vorjahren gestiegen, so Braun.\u00a0<\/p>\n<p>F\u00fcr den Krieg in der Ukraine brauche man dringend Waffenstillstand und Verhandlungen, betonte der Bundestagsabgeordnete Andrej Hunko in seiner Rede. Darin sei sich die Friedensbewegung mit dem gr\u00f6\u00dften Teil der Weltbev\u00f6lkerungen und Regierungen einig, stellte das Mitglied des B\u00fcndnis Sahra Wagenknecht fest. Nur die 50 Staaten der NATO w\u00fcrden an den Kriegshandlungen und den Waffenlieferungen festhalten. Es sei ein Skandal, so Hunko, dass die deutsche Politik die Abh\u00f6rung der Bundeswehrgener\u00e4le polemisiere, anstatt sich \u00fcber die geplante Vertuschung deutscher Angriffe auf die Krim-Br\u00fccke zu emp\u00f6ren.<\/p>\n<figure class=\"RTImage-root\">\n<div class=\"RTImage-image RTImage-original\"><picture class=\"Picture-root Picture-original\"><!--[if IE 9]><video style=\"display: none;\"><![endif]--><source media=\"(-webkit-min-device-pixel-ratio: 2) and (min-resolution: 120dpi)\" data-srcset=\" \nhttp:\/\/just-now.news\/de\/wp-content\/uploads\/sites\/3\/2024\/03\/66095b1948fbef5f943c6cee.jpg 850w,\n                http:\/\/just-now.news\/de\/wp-content\/uploads\/sites\/3\/2024\/03\/66095b1948fbef5f943c6cee.jpg 1960w,            \" ><source data-srcset=\" \nhttp:\/\/just-now.news\/de\/wp-content\/uploads\/sites\/3\/2024\/03\/66095b1948fbef5f943c6cee.jpg 460w,\n              http:\/\/just-now.news\/de\/wp-content\/uploads\/sites\/3\/2024\/03\/66095b1948fbef5f943c6cee.jpg 980w,\n            \" ><!--[if IE 9]><\/video><![endif]--><img decoding=\"async\" data- src=\"data:image\/png;base64,iVBORw0KGgoAAAANSUhEUgAAABAAAAAJCAQAAACRI2S5AAAAEElEQVR42mNkIAAYRxWAAQAG9gAKqv6+AwAAAABJRU5ErkJggg==\" class=\"Picture-root Picture-original lazyload\" data-src=\"http:\/\/just-now.news\/de\/wp-content\/uploads\/sites\/3\/2024\/03\/66095b1948fbef5f943c6cee.jpg\" alt=\"\"><\/source><\/source><\/picture><!-- noscript pattern --><noscript><img decoding=\"async\" src=\"http:\/\/just-now.news\/de\/wp-content\/uploads\/sites\/3\/2024\/03\/66095b1948fbef5f943c6cee.jpg\" alt=\"\"><\/noscript><\/div><figcaption class=\"RTImage-footer\"><span class=\"RTImage-caption\"><span class=\"RTImage-captionItem\">Andrej Hunko, D\u00fcsseldorfer Ostermarsch am 30. M\u00e4rz 2024<\/span><\/span><span class=\"RTImage-source\"><span class=\"RTImage-captionItem\">Felicitas Rabe<\/span><\/span><\/figcaption><\/figure>\n<p><strong>Anteilnahme f\u00fcr die Opfer des Terroranschlags auf die Crocus City Hall in Moskau und Kritik an der Schuldzuweisung des Westens<br \/><\/strong><\/p>\n<p>Der Sprecher der AG Frieden von der Partei Die Basis, Rechtsanwalt Michael Aggelidis, kritisierte die heuchlerische Politik der Bundesregierung gegen\u00fcber den Pal\u00e4stinensern:<\/p>\n<blockquote>\n<p><em>&#8220;Ist es keine Heuchelei, wenn man Waffen an Netanjahu schickt und zuschaut, wie er im Gazastreifen damit Zehntausende umbringt und dann scheinheilig Lebensmittel in dieses abgeschottete Freilichtgef\u00e4ngnis bringen will?&#8221;<\/em><\/p>\n<\/blockquote>\n<p>Die Deutschen wollten zwischen Lissabon und Wladiwostok eine Zone der Abr\u00fcstung und Zusammenarbeit. Gegen\u00fcber Russland sprach er seine Anteilnahme\u00a0f\u00fcr die Opfer und Angeh\u00f6rigen des &#8220;barbarischen Gewaltakts&#8221; auf die Crocus City Hall in Moskau aus. Man lasse sich als Friedensaktivist nicht f\u00fcr dumm verkaufen \u00fcber den Hintergrund des Terroranschlags: &#8220;Ausgerechnet diejenigen, die im Westen (\u2026) die Ermittlungen zu Nord Stream 2 ergebnislos abschlie\u00dfen, wollen wenige Minuten nach den ersten Bildern der brennenden Konzerthalle (\u2026) gewusst haben, dass es sich bei den Terroristen um das CIA-Kunstprodukt &#8216;Islamischer Staat&#8217; gehandelt habe. Und was noch viel wichtiger zu sein schien, dass es vor allen Dingen keine Spur zum Regime in Kiew geben sollte!&#8221;<\/p>\n<figure class=\"RTImage-root\">\n<div class=\"RTImage-image RTImage-original\"><picture class=\"Picture-root Picture-original\"><!--[if IE 9]><video style=\"display: none;\"><![endif]--><source media=\"(-webkit-min-device-pixel-ratio: 2) and (min-resolution: 120dpi)\" data-srcset=\" \nhttp:\/\/just-now.news\/de\/wp-content\/uploads\/sites\/3\/2024\/03\/66095b6248fbef5ea45caef0.jpg 850w,\n                http:\/\/just-now.news\/de\/wp-content\/uploads\/sites\/3\/2024\/03\/66095b6248fbef5ea45caef0.jpg 1960w,            \" ><source data-srcset=\" \nhttp:\/\/just-now.news\/de\/wp-content\/uploads\/sites\/3\/2024\/03\/66095b6248fbef5ea45caef0.jpg 460w,\n              http:\/\/just-now.news\/de\/wp-content\/uploads\/sites\/3\/2024\/03\/66095b6248fbef5ea45caef0.jpg 980w,\n            \" ><!--[if IE 9]><\/video><![endif]--><img decoding=\"async\" data- src=\"data:image\/png;base64,iVBORw0KGgoAAAANSUhEUgAAABAAAAAJCAQAAACRI2S5AAAAEElEQVR42mNkIAAYRxWAAQAG9gAKqv6+AwAAAABJRU5ErkJggg==\" class=\"Picture-root Picture-original lazyload\" data-src=\"http:\/\/just-now.news\/de\/wp-content\/uploads\/sites\/3\/2024\/03\/66095b6248fbef5ea45caef0.jpg\" alt=\"\"><\/source><\/source><\/picture><!-- noscript pattern --><noscript><img decoding=\"async\" src=\"http:\/\/just-now.news\/de\/wp-content\/uploads\/sites\/3\/2024\/03\/66095b6248fbef5ea45caef0.jpg\" alt=\"\"><\/noscript><\/div><figcaption class=\"RTImage-footer\"><span class=\"RTImage-caption\"><span class=\"RTImage-captionItem\">Michael Aggelidis, D\u00fcsseldorfer Ostermarsch am 30. M\u00e4rz 2024<\/span><\/span><span class=\"RTImage-source\"><span class=\"RTImage-captionItem\">Felicitas Rabe<\/span><\/span><\/figcaption><\/figure>\n<p>Angesichts all der L\u00fcgen \u00fcber Russland und der Kriegspolitik der US-amerikanischen Neocons, die einen Keil zwischen Russland und Europa trieben, m\u00fcsse sich Deutschland dagegen zur Wehr setzen. Mit der deutschen Vasallentreue m\u00fcsse endlich Schluss sein. Die industrielle Zukunft des Landes\u00a0sei von der Kooperation mit Russland abh\u00e4ngig, so Aggelidis.<\/p>\n<figure class=\"RTImage-root\">\n<div class=\"RTImage-image RTImage-original\"><picture class=\"Picture-root Picture-original\"><!--[if IE 9]><video style=\"display: none;\"><![endif]--><source media=\"(-webkit-min-device-pixel-ratio: 2) and (min-resolution: 120dpi)\" data-srcset=\" \nhttp:\/\/just-now.news\/de\/wp-content\/uploads\/sites\/3\/2024\/03\/66095da848fbef7b382dd912.jpg 850w,\n                http:\/\/just-now.news\/de\/wp-content\/uploads\/sites\/3\/2024\/03\/66095da848fbef7b382dd912.jpg 1960w,            \" ><source data-srcset=\" \nhttp:\/\/just-now.news\/de\/wp-content\/uploads\/sites\/3\/2024\/03\/66095da848fbef7b382dd912.jpg 460w,\n              http:\/\/just-now.news\/de\/wp-content\/uploads\/sites\/3\/2024\/03\/66095da848fbef7b382dd912.jpg 980w,\n            \" ><!--[if IE 9]><\/video><![endif]--><img decoding=\"async\" data- src=\"data:image\/png;base64,iVBORw0KGgoAAAANSUhEUgAAABAAAAAJCAQAAACRI2S5AAAAEElEQVR42mNkIAAYRxWAAQAG9gAKqv6+AwAAAABJRU5ErkJggg==\" class=\"Picture-root Picture-original lazyload\" data-src=\"http:\/\/just-now.news\/de\/wp-content\/uploads\/sites\/3\/2024\/03\/66095da848fbef7b382dd912.jpg\" alt=\"\"><\/source><\/source><\/picture><!-- noscript pattern --><noscript><img decoding=\"async\" src=\"http:\/\/just-now.news\/de\/wp-content\/uploads\/sites\/3\/2024\/03\/66095da848fbef7b382dd912.jpg\" alt=\"\"><\/noscript><\/div><figcaption class=\"RTImage-footer\"><span class=\"RTImage-caption\"><span class=\"RTImage-captionItem\">D\u00fcsseldorfer Ostermarsch am 30. M\u00e4rz 2024<\/span><\/span><span class=\"RTImage-source\"><span class=\"RTImage-captionItem\">Felicitas Rabe<\/span><\/span><\/figcaption><\/figure>\n<figure class=\"RTImage-root\">\n<div class=\"RTImage-image RTImage-original\"><picture class=\"Picture-root Picture-original\"><!--[if IE 9]><video style=\"display: none;\"><![endif]--><source media=\"(-webkit-min-device-pixel-ratio: 2) and (min-resolution: 120dpi)\" data-srcset=\" \nhttp:\/\/just-now.news\/de\/wp-content\/uploads\/sites\/3\/2024\/03\/66095e0f48fbef5f0a35ac2c.jpg 850w,\n                http:\/\/just-now.news\/de\/wp-content\/uploads\/sites\/3\/2024\/03\/66095e0f48fbef5f0a35ac2c.jpg 1960w,            \" ><source data-srcset=\" \nhttp:\/\/just-now.news\/de\/wp-content\/uploads\/sites\/3\/2024\/03\/66095e0f48fbef5f0a35ac2c.jpg 460w,\n              http:\/\/just-now.news\/de\/wp-content\/uploads\/sites\/3\/2024\/03\/66095e0f48fbef5f0a35ac2c.jpg 980w,\n            \" ><!--[if IE 9]><\/video><![endif]--><img decoding=\"async\" data- src=\"data:image\/png;base64,iVBORw0KGgoAAAANSUhEUgAAABAAAAAJCAQAAACRI2S5AAAAEElEQVR42mNkIAAYRxWAAQAG9gAKqv6+AwAAAABJRU5ErkJggg==\" class=\"Picture-root Picture-original lazyload\" data-src=\"http:\/\/just-now.news\/de\/wp-content\/uploads\/sites\/3\/2024\/03\/66095e0f48fbef5f0a35ac2c.jpg\" alt=\"\"><\/source><\/source><\/picture><!-- noscript pattern --><noscript><img decoding=\"async\" src=\"http:\/\/just-now.news\/de\/wp-content\/uploads\/sites\/3\/2024\/03\/66095e0f48fbef5f0a35ac2c.jpg\" alt=\"\"><\/noscript><\/div><figcaption class=\"RTImage-footer\"><span class=\"RTImage-caption\"><span class=\"RTImage-captionItem\">D\u00fcsseldorfer Ostermarsch am 30. M\u00e4rz 2024<\/span><\/span><span class=\"RTImage-source\"><span class=\"RTImage-captionItem\">Felicitas Rabe<\/span><\/span><\/figcaption><\/figure>\n<p>Nua, die Rednerin der pal\u00e4stinensischen Allianz, lebte in ihrer Jugend bis 2004 mehrere Jahre bei ihren Verwandten im Gazastreifen. Auf der Kundgebung berichtete sie, wie schon damals Bombenangriffe und Todesopfer zum Alltag der Menschen in Gaza geh\u00f6rten. Ihre ehemalige Schule sei mit Phosphor bombardiert worden: &#8220;Wir wurden im Gazastreifen mit Phosphor vergast&#8221;, erinnerte sie an das langj\u00e4hrige Martyrium ihres Volkes.<\/p>\n<p><strong>Fr\u00fcherer D\u00fcsseldorfer Oberb\u00fcrgermeister kommentiert die &#8220;feuchten Tr\u00e4ume&#8221; von Strack-Zimmermann<\/strong><\/p>\n<p>Thomas Geisel hat als ehemaliger D\u00fcsseldorfer Oberb\u00fcrgermeister die St\u00e4dtepartnerschaft zwischen der NRW-Landeshauptstadt mit Moskau gef\u00f6rdert. Im Anschluss an die aufr\u00fcttelnden Worte der Pal\u00e4stinenserin appellierte er zun\u00e4chst:<\/p>\n<blockquote>\n<p><em>&#8220;Deutsche Staatsr\u00e4son kann nicht die bedingungslose Gefolgschaft eines rechtsradikalen, korrupten Politikers wie Benjamin Netanjahu bedeuten&#8221;, so der fr\u00fchere Oberb\u00fcrgermeister von D\u00fcsseldorf.<\/em><\/p>\n<\/blockquote>\n<figure class=\"RTImage-root\">\n<div class=\"RTImage-image RTImage-original\"><picture class=\"Picture-root Picture-original\"><!--[if IE 9]><video style=\"display: none;\"><![endif]--><source media=\"(-webkit-min-device-pixel-ratio: 2) and (min-resolution: 120dpi)\" data-srcset=\" \nhttp:\/\/just-now.news\/de\/wp-content\/uploads\/sites\/3\/2024\/03\/66095d24b480cc140f680d61.jpg 850w,\n                http:\/\/just-now.news\/de\/wp-content\/uploads\/sites\/3\/2024\/03\/66095d24b480cc140f680d61.jpg 1960w,            \" ><source data-srcset=\" \nhttp:\/\/just-now.news\/de\/wp-content\/uploads\/sites\/3\/2024\/03\/66095d24b480cc140f680d61.jpg 460w,\n              http:\/\/just-now.news\/de\/wp-content\/uploads\/sites\/3\/2024\/03\/66095d24b480cc140f680d61.jpg 980w,\n            \" ><!--[if IE 9]><\/video><![endif]--><img decoding=\"async\" data- src=\"data:image\/png;base64,iVBORw0KGgoAAAANSUhEUgAAABAAAAAJCAQAAACRI2S5AAAAEElEQVR42mNkIAAYRxWAAQAG9gAKqv6+AwAAAABJRU5ErkJggg==\" class=\"Picture-root Picture-original lazyload\" data-src=\"http:\/\/just-now.news\/de\/wp-content\/uploads\/sites\/3\/2024\/03\/66095d24b480cc140f680d61.jpg\" alt=\"\"><\/source><\/source><\/picture><!-- noscript pattern --><noscript><img decoding=\"async\" src=\"http:\/\/just-now.news\/de\/wp-content\/uploads\/sites\/3\/2024\/03\/66095d24b480cc140f680d61.jpg\" alt=\"\"><\/noscript><\/div><figcaption class=\"RTImage-footer\"><span class=\"RTImage-caption\"><span class=\"RTImage-captionItem\">Thomas Geisel, D\u00fcsseldorfer Ostermarsch am 30. M\u00e4rz 2024<\/span><\/span><span class=\"RTImage-source\"><span class=\"RTImage-captionItem\">Felicitas Rabe<\/span><\/span><\/figcaption><\/figure>\n<p>Nachdem er keinen Hehl aus seiner Ablehnung des russischen Pr\u00e4sidenten Wladimir Putin gemacht hatte, kritisierte er gleichzeitig auch die angeblich &#8220;hehren westlichen Werte&#8221;. Hinsichtlich des Krieges in der Ukraine frage er sich, &#8220;Was w\u00e4re denn, wenn alle feuchten Tr\u00e4ume von Marie-Agnes Strack-Zimmermann wahr w\u00fcrden? Wenn wir so aberwitzig viele Waffen an die Ukraine liefern w\u00fcrden, dass Russland am Ende kapitulierte?&#8221; Im Ergebnis w\u00fcrde das bedeuten, dass der ethnische Konflikt, der diesem Krieg zugrunde liegt, \u00fcberhaupt nicht gel\u00f6st w\u00e4re. Dazu erl\u00e4uterte Thomas Geisel:<\/p>\n<blockquote>\n<p><em>&#8220;Infolgedessen w\u00fcrde es zu einer Entrussifizierung und zu einer ethnischen S\u00e4uberung in der Ukraine kommen. Das h\u00e4tte ganz sicher nichts zu tun mit den hehren europ\u00e4ischen Werten, die wir ja so gerne bem\u00fchen.&#8221;<\/em><\/p>\n<\/blockquote>\n<figure class=\"RTImage-root\">\n<div class=\"RTImage-image RTImage-original\"><picture class=\"Picture-root Picture-original\"><!--[if IE 9]><video style=\"display: none;\"><![endif]--><source media=\"(-webkit-min-device-pixel-ratio: 2) and (min-resolution: 120dpi)\" data-srcset=\" \nhttp:\/\/just-now.news\/de\/wp-content\/uploads\/sites\/3\/2024\/03\/66095e66b480cc14d25e6270.jpg 850w,\n                http:\/\/just-now.news\/de\/wp-content\/uploads\/sites\/3\/2024\/03\/66095e66b480cc14d25e6270.jpg 1960w,            \" ><source data-srcset=\" \nhttp:\/\/just-now.news\/de\/wp-content\/uploads\/sites\/3\/2024\/03\/66095e66b480cc14d25e6270.jpg 460w,\n              http:\/\/just-now.news\/de\/wp-content\/uploads\/sites\/3\/2024\/03\/66095e66b480cc14d25e6270.jpg 980w,\n            \" ><!--[if IE 9]><\/video><![endif]--><img decoding=\"async\" data- src=\"data:image\/png;base64,iVBORw0KGgoAAAANSUhEUgAAABAAAAAJCAQAAACRI2S5AAAAEElEQVR42mNkIAAYRxWAAQAG9gAKqv6+AwAAAABJRU5ErkJggg==\" class=\"Picture-root Picture-original lazyload\" data-src=\"http:\/\/just-now.news\/de\/wp-content\/uploads\/sites\/3\/2024\/03\/66095e66b480cc14d25e6270.jpg\" alt=\"\"><\/source><\/source><\/picture><!-- noscript pattern --><noscript><img decoding=\"async\" src=\"http:\/\/just-now.news\/de\/wp-content\/uploads\/sites\/3\/2024\/03\/66095e66b480cc14d25e6270.jpg\" alt=\"\"><\/noscript><\/div><figcaption class=\"RTImage-footer\"><span class=\"RTImage-caption\"><span class=\"RTImage-captionItem\">D\u00fcsseldorfer Ostermarsch am 30. M\u00e4rz 2024<\/span><\/span><span class=\"RTImage-source\"><span class=\"RTImage-captionItem\">Felicitas Rabe<\/span><\/span><\/figcaption><\/figure>\n<p><strong>Mehr zum Thema<\/strong> &#8211; <a rel=\"nofollow noopener\" target=\"_blank\" href=\"https:\/\/freedert.online\/inland\/197879-nie-wieder-duerfen-sich-deutsche-an-krieg-gegen-russland-beteiligen\/\">Friedensaktivist vor Gericht: &#8220;Nie wieder d\u00fcrfen Deutsche sich an Krieg gegen Russland beteiligen&#8221;<\/a><\/p>\n<\/p>\n<\/div>\n<p><br \/>\n<br \/><a href=\"https:\/\/de.rt.com\/gesellschaft\/201131-duesseldorfer-ostermarsch-findet-trotz-ausgrenzung\/\">Source link <\/a><\/p>\n","protected":false},"excerpt":{"rendered":"<p>Der D\u00fcsseldorfer Ostermarsch wurde 2024 von der Deutschen Friedensgesellschaft aus dem NRW-Ostermarschb\u00fcndnis ausgeschlossen. Das Friedensforum D\u00fcsseldorf beteilige &#8220;Impfgegner&#8221;, so der Vorwurf. Die korrupte Corona-Politik soll zwar &#8220;aufgearbeitet&#8221; werden, aber die Kritiker werden weiter diffamiert. Von Felicitas Rabe Traditionell geh\u00f6rte das Friedensforum D\u00fcsseldorf zum Ostermarschverbund Rhein-Ruhr und zum Friedensb\u00fcndnis NRW. Entsprechend koordinierte man j\u00e4hrlich die \u00f6sterlichen [&hellip;]<\/p>\n","protected":false},"author":3,"featured_media":58071,"comment_status":"open","ping_status":"open","sticky":false,"template":"","format":"standard","meta":{"_yoast_indexnow_last_ping":["1711906619"],"wp_automatic_camp":["217"],"ed8a2eb510548deddb773ab024207662":["D\u00fcsseldorfer Ostermarsch findet trotz Ausgrenzung statt: &quot;Unser Ziel ist ein friedenst\u00fcchtiges Land&quot;"],"original_link":["https:\/\/de.rt.com\/gesellschaft\/201131-duesseldorfer-ostermarsch-findet-trotz-ausgrenzung\/"],"_thumbnail_id":["58071"],"jnews_social_counter_last_update":["1777569477"],"_wptgpro_p2tg_sent2tg":["a:1:{i:23737;s:19:\"2024-03-31 19:38:02\";}"]},"categories":[19,23],"tags":[54850,52202,357,431,54851,414,34600,613,13665,6396,1381,10558],"yoast_head":"<!-- This site is optimized with the Yoast SEO Premium plugin v22.7 (Yoast SEO v22.7) - https:\/\/yoast.com\/wordpress\/plugins\/seo\/ -->\n<title>D\u00fcsseldorfer Ostermarsch findet trotz Ausgrenzung statt: &quot;Unser Ziel ist ein friedenst\u00fcchtiges Land&quot; - just-now.NEWS Deutschland<\/title>\n<meta name=\"robots\" content=\"index, follow, max-snippet:-1, max-image-preview:large, max-video-preview:-1\" \/>\n<link rel=\"canonical\" href=\"https:\/\/now-news.de\/de\/deutschland\/duesseldorfer-ostermarsch-findet-trotz-ausgrenzung-statt-unser-ziel-ist-ein-friedenstuechtiges-land\/\" \/>\n<meta property=\"og:locale\" content=\"de_DE\" \/>\n<meta property=\"og:type\" content=\"article\" \/>\n<meta property=\"og:title\" content=\"D\u00fcsseldorfer Ostermarsch findet trotz Ausgrenzung statt: &quot;Unser Ziel ist ein friedenst\u00fcchtiges Land&quot;\" \/>\n<meta property=\"og:description\" content=\"Der D\u00fcsseldorfer Ostermarsch wurde 2024 von der Deutschen Friedensgesellschaft aus dem NRW-Ostermarschb\u00fcndnis ausgeschlossen. Das Friedensforum D\u00fcsseldorf beteilige &#8220;Impfgegner&#8221;, so der Vorwurf. Die korrupte Corona-Politik soll zwar &#8220;aufgearbeitet&#8221; werden, aber die Kritiker werden weiter diffamiert. Von Felicitas Rabe Traditionell geh\u00f6rte das Friedensforum D\u00fcsseldorf zum Ostermarschverbund Rhein-Ruhr und zum Friedensb\u00fcndnis NRW. Entsprechend koordinierte man j\u00e4hrlich die \u00f6sterlichen [&hellip;]\" \/>\n<meta property=\"og:url\" content=\"https:\/\/now-news.de\/de\/deutschland\/duesseldorfer-ostermarsch-findet-trotz-ausgrenzung-statt-unser-ziel-ist-ein-friedenstuechtiges-land\/\" \/>\n<meta property=\"og:site_name\" content=\"just-now.NEWS Deutschland\" \/>\n<meta property=\"article:publisher\" content=\"https:\/\/www.facebook.com\/wirmachenauf\" \/>\n<meta property=\"article:published_time\" content=\"2024-03-31T17:30:05+00:00\" \/>\n<meta property=\"og:image\" content=\"https:\/\/now-news.de\/de\/wp-content\/uploads\/sites\/3\/2024\/03\/Duesseldorfer-Ostermarsch-findet-trotz-Ausgrenzung-statt-quotUnser-Ziel-ist-ein.jpg\" \/>\n\t<meta property=\"og:image:width\" content=\"1280\" \/>\n\t<meta property=\"og:image:height\" content=\"960\" \/>\n\t<meta property=\"og:image:type\" content=\"image\/jpeg\" \/>\n<meta name=\"author\" content=\"rtnews\" \/>\n<meta name=\"twitter:card\" content=\"summary_large_image\" \/>\n<meta name=\"twitter:creator\" content=\"@WirMachenAuf_de\" \/>\n<meta name=\"twitter:site\" content=\"@WirMachenAuf_de\" \/>\n<meta name=\"twitter:label1\" content=\"Verfasst von\" \/>\n\t<meta name=\"twitter:data1\" content=\"rtnews\" \/>\n\t<meta name=\"twitter:label2\" content=\"Gesch\u00e4tzte Lesezeit\" \/>\n\t<meta name=\"twitter:data2\" content=\"7\u00a0Minuten\" \/>\n<script type=\"application\/ld+json\" class=\"yoast-schema-graph\">{\"@context\":\"https:\/\/schema.org\",\"@graph\":[{\"@type\":\"Article\",\"@id\":\"https:\/\/now-news.de\/de\/deutschland\/duesseldorfer-ostermarsch-findet-trotz-ausgrenzung-statt-unser-ziel-ist-ein-friedenstuechtiges-land\/#article\",\"isPartOf\":{\"@id\":\"https:\/\/now-news.de\/de\/deutschland\/duesseldorfer-ostermarsch-findet-trotz-ausgrenzung-statt-unser-ziel-ist-ein-friedenstuechtiges-land\/\"},\"author\":{\"name\":\"rtnews\",\"@id\":\"https:\/\/now-news.de\/de\/#\/schema\/person\/fb534a4e865501d8b3285208df34a9b5\"},\"headline\":\"D\u00fcsseldorfer Ostermarsch findet trotz Ausgrenzung statt: &quot;Unser Ziel ist ein friedenst\u00fcchtiges Land&quot;\",\"datePublished\":\"2024-03-31T17:30:05+00:00\",\"dateModified\":\"2024-03-31T17:30:05+00:00\",\"mainEntityOfPage\":{\"@id\":\"https:\/\/now-news.de\/de\/deutschland\/duesseldorfer-ostermarsch-findet-trotz-ausgrenzung-statt-unser-ziel-ist-ein-friedenstuechtiges-land\/\"},\"wordCount\":1459,\"commentCount\":0,\"publisher\":{\"@id\":\"https:\/\/now-news.de\/de\/#organization\"},\"image\":{\"@id\":\"https:\/\/now-news.de\/de\/deutschland\/duesseldorfer-ostermarsch-findet-trotz-ausgrenzung-statt-unser-ziel-ist-ein-friedenstuechtiges-land\/#primaryimage\"},\"thumbnailUrl\":\"https:\/\/now-news.de\/de\/wp-content\/uploads\/sites\/3\/2024\/03\/Duesseldorfer-Ostermarsch-findet-trotz-Ausgrenzung-statt-quotUnser-Ziel-ist-ein.jpg\",\"keywords\":[\"Ausgrenzung\",\"D\u00fcsseldorfer\",\"ein\",\"findet\",\"friedenst\u00fcchtiges\",\"ist\",\"Landquot\",\"Ostermarsch\",\"quotUnser\",\"Statt\",\"Trotz\",\"Ziel\"],\"articleSection\":[\"Deutschland\",\"Russland\"],\"inLanguage\":\"de\",\"potentialAction\":[{\"@type\":\"CommentAction\",\"name\":\"Comment\",\"target\":[\"https:\/\/now-news.de\/de\/deutschland\/duesseldorfer-ostermarsch-findet-trotz-ausgrenzung-statt-unser-ziel-ist-ein-friedenstuechtiges-land\/#respond\"]}]},{\"@type\":\"WebPage\",\"@id\":\"https:\/\/now-news.de\/de\/deutschland\/duesseldorfer-ostermarsch-findet-trotz-ausgrenzung-statt-unser-ziel-ist-ein-friedenstuechtiges-land\/\",\"url\":\"https:\/\/now-news.de\/de\/deutschland\/duesseldorfer-ostermarsch-findet-trotz-ausgrenzung-statt-unser-ziel-ist-ein-friedenstuechtiges-land\/\",\"name\":\"D\u00fcsseldorfer Ostermarsch findet trotz Ausgrenzung statt: &quot;Unser Ziel ist ein friedenst\u00fcchtiges Land&quot; - just-now.NEWS Deutschland\",\"isPartOf\":{\"@id\":\"https:\/\/now-news.de\/de\/#website\"},\"primaryImageOfPage\":{\"@id\":\"https:\/\/now-news.de\/de\/deutschland\/duesseldorfer-ostermarsch-findet-trotz-ausgrenzung-statt-unser-ziel-ist-ein-friedenstuechtiges-land\/#primaryimage\"},\"image\":{\"@id\":\"https:\/\/now-news.de\/de\/deutschland\/duesseldorfer-ostermarsch-findet-trotz-ausgrenzung-statt-unser-ziel-ist-ein-friedenstuechtiges-land\/#primaryimage\"},\"thumbnailUrl\":\"https:\/\/now-news.de\/de\/wp-content\/uploads\/sites\/3\/2024\/03\/Duesseldorfer-Ostermarsch-findet-trotz-Ausgrenzung-statt-quotUnser-Ziel-ist-ein.jpg\",\"datePublished\":\"2024-03-31T17:30:05+00:00\",\"dateModified\":\"2024-03-31T17:30:05+00:00\",\"breadcrumb\":{\"@id\":\"https:\/\/now-news.de\/de\/deutschland\/duesseldorfer-ostermarsch-findet-trotz-ausgrenzung-statt-unser-ziel-ist-ein-friedenstuechtiges-land\/#breadcrumb\"},\"inLanguage\":\"de\",\"potentialAction\":[{\"@type\":\"ReadAction\",\"target\":[\"https:\/\/now-news.de\/de\/deutschland\/duesseldorfer-ostermarsch-findet-trotz-ausgrenzung-statt-unser-ziel-ist-ein-friedenstuechtiges-land\/\"]}]},{\"@type\":\"ImageObject\",\"inLanguage\":\"de\",\"@id\":\"https:\/\/now-news.de\/de\/deutschland\/duesseldorfer-ostermarsch-findet-trotz-ausgrenzung-statt-unser-ziel-ist-ein-friedenstuechtiges-land\/#primaryimage\",\"url\":\"https:\/\/now-news.de\/de\/wp-content\/uploads\/sites\/3\/2024\/03\/Duesseldorfer-Ostermarsch-findet-trotz-Ausgrenzung-statt-quotUnser-Ziel-ist-ein.jpg\",\"contentUrl\":\"https:\/\/now-news.de\/de\/wp-content\/uploads\/sites\/3\/2024\/03\/Duesseldorfer-Ostermarsch-findet-trotz-Ausgrenzung-statt-quotUnser-Ziel-ist-ein.jpg\",\"width\":1280,\"height\":960,\"caption\":\"D\u00fcsseldorfer Ostermarsch findet trotz Ausgrenzung statt: &quot;Unser Ziel ist ein friedenst\u00fcchtiges Land&quot;\"},{\"@type\":\"BreadcrumbList\",\"@id\":\"https:\/\/now-news.de\/de\/deutschland\/duesseldorfer-ostermarsch-findet-trotz-ausgrenzung-statt-unser-ziel-ist-ein-friedenstuechtiges-land\/#breadcrumb\",\"itemListElement\":[{\"@type\":\"ListItem\",\"position\":1,\"name\":\"Home\",\"item\":\"https:\/\/now-news.de\/de\/\"},{\"@type\":\"ListItem\",\"position\":2,\"name\":\"D\u00fcsseldorfer Ostermarsch findet trotz Ausgrenzung statt: &quot;Unser Ziel ist ein friedenst\u00fcchtiges Land&quot;\"}]},{\"@type\":\"WebSite\",\"@id\":\"https:\/\/now-news.de\/de\/#website\",\"url\":\"https:\/\/now-news.de\/de\/\",\"name\":\"just-now.NEWS Deutschland\",\"description\":\"Das Portal f\u00fcr unzensierte Nachrichten aus der Welt\",\"publisher\":{\"@id\":\"https:\/\/now-news.de\/de\/#organization\"},\"potentialAction\":[{\"@type\":\"SearchAction\",\"target\":{\"@type\":\"EntryPoint\",\"urlTemplate\":\"https:\/\/now-news.de\/de\/?s={search_term_string}\"},\"query-input\":\"required name=search_term_string\"}],\"inLanguage\":\"de\"},{\"@type\":\"Organization\",\"@id\":\"https:\/\/now-news.de\/de\/#organization\",\"name\":\"Just Now News\",\"url\":\"https:\/\/now-news.de\/de\/\",\"logo\":{\"@type\":\"ImageObject\",\"inLanguage\":\"de\",\"@id\":\"https:\/\/now-news.de\/de\/#\/schema\/logo\/image\/\",\"url\":\"http:\/\/just-now.news\/de\/wp-content\/uploads\/sites\/3\/2022\/04\/logo500x500.jpg\",\"contentUrl\":\"http:\/\/just-now.news\/de\/wp-content\/uploads\/sites\/3\/2022\/04\/logo500x500.jpg\",\"width\":500,\"height\":500,\"caption\":\"Just Now News\"},\"image\":{\"@id\":\"https:\/\/now-news.de\/de\/#\/schema\/logo\/image\/\"},\"sameAs\":[\"https:\/\/www.facebook.com\/wirmachenauf\",\"https:\/\/x.com\/WirMachenAuf_de\"]},{\"@type\":\"Person\",\"@id\":\"https:\/\/now-news.de\/de\/#\/schema\/person\/fb534a4e865501d8b3285208df34a9b5\",\"name\":\"rtnews\",\"image\":{\"@type\":\"ImageObject\",\"inLanguage\":\"de\",\"@id\":\"https:\/\/now-news.de\/de\/#\/schema\/person\/image\/\",\"url\":\"https:\/\/secure.gravatar.com\/avatar\/82aafea7d8127119dd649515f56e2117?s=96&d=mm&r=g\",\"contentUrl\":\"https:\/\/secure.gravatar.com\/avatar\/82aafea7d8127119dd649515f56e2117?s=96&d=mm&r=g\",\"caption\":\"rtnews\"},\"url\":\"https:\/\/now-news.de\/de\/author\/rnews\/\"}]}<\/script>\n<!-- \/ Yoast SEO Premium plugin. -->","yoast_head_json":{"title":"D\u00fcsseldorfer Ostermarsch findet trotz Ausgrenzung statt: &quot;Unser Ziel ist ein friedenst\u00fcchtiges Land&quot; - just-now.NEWS Deutschland","robots":{"index":"index","follow":"follow","max-snippet":"max-snippet:-1","max-image-preview":"max-image-preview:large","max-video-preview":"max-video-preview:-1"},"canonical":"https:\/\/now-news.de\/de\/deutschland\/duesseldorfer-ostermarsch-findet-trotz-ausgrenzung-statt-unser-ziel-ist-ein-friedenstuechtiges-land\/","og_locale":"de_DE","og_type":"article","og_title":"D\u00fcsseldorfer Ostermarsch findet trotz Ausgrenzung statt: &quot;Unser Ziel ist ein friedenst\u00fcchtiges Land&quot;","og_description":"Der D\u00fcsseldorfer Ostermarsch wurde 2024 von der Deutschen Friedensgesellschaft aus dem NRW-Ostermarschb\u00fcndnis ausgeschlossen. Das Friedensforum D\u00fcsseldorf beteilige &#8220;Impfgegner&#8221;, so der Vorwurf. Die korrupte Corona-Politik soll zwar &#8220;aufgearbeitet&#8221; werden, aber die Kritiker werden weiter diffamiert. Von Felicitas Rabe Traditionell geh\u00f6rte das Friedensforum D\u00fcsseldorf zum Ostermarschverbund Rhein-Ruhr und zum Friedensb\u00fcndnis NRW. Entsprechend koordinierte man j\u00e4hrlich die \u00f6sterlichen [&hellip;]","og_url":"https:\/\/now-news.de\/de\/deutschland\/duesseldorfer-ostermarsch-findet-trotz-ausgrenzung-statt-unser-ziel-ist-ein-friedenstuechtiges-land\/","og_site_name":"just-now.NEWS Deutschland","article_publisher":"https:\/\/www.facebook.com\/wirmachenauf","article_published_time":"2024-03-31T17:30:05+00:00","og_image":[{"width":1280,"height":960,"url":"https:\/\/now-news.de\/de\/wp-content\/uploads\/sites\/3\/2024\/03\/Duesseldorfer-Ostermarsch-findet-trotz-Ausgrenzung-statt-quotUnser-Ziel-ist-ein.jpg","type":"image\/jpeg"}],"author":"rtnews","twitter_card":"summary_large_image","twitter_creator":"@WirMachenAuf_de","twitter_site":"@WirMachenAuf_de","twitter_misc":{"Verfasst von":"rtnews","Gesch\u00e4tzte Lesezeit":"7\u00a0Minuten"},"schema":{"@context":"https:\/\/schema.org","@graph":[{"@type":"Article","@id":"https:\/\/now-news.de\/de\/deutschland\/duesseldorfer-ostermarsch-findet-trotz-ausgrenzung-statt-unser-ziel-ist-ein-friedenstuechtiges-land\/#article","isPartOf":{"@id":"https:\/\/now-news.de\/de\/deutschland\/duesseldorfer-ostermarsch-findet-trotz-ausgrenzung-statt-unser-ziel-ist-ein-friedenstuechtiges-land\/"},"author":{"name":"rtnews","@id":"https:\/\/now-news.de\/de\/#\/schema\/person\/fb534a4e865501d8b3285208df34a9b5"},"headline":"D\u00fcsseldorfer Ostermarsch findet trotz Ausgrenzung statt: &quot;Unser Ziel ist ein friedenst\u00fcchtiges Land&quot;","datePublished":"2024-03-31T17:30:05+00:00","dateModified":"2024-03-31T17:30:05+00:00","mainEntityOfPage":{"@id":"https:\/\/now-news.de\/de\/deutschland\/duesseldorfer-ostermarsch-findet-trotz-ausgrenzung-statt-unser-ziel-ist-ein-friedenstuechtiges-land\/"},"wordCount":1459,"commentCount":0,"publisher":{"@id":"https:\/\/now-news.de\/de\/#organization"},"image":{"@id":"https:\/\/now-news.de\/de\/deutschland\/duesseldorfer-ostermarsch-findet-trotz-ausgrenzung-statt-unser-ziel-ist-ein-friedenstuechtiges-land\/#primaryimage"},"thumbnailUrl":"https:\/\/now-news.de\/de\/wp-content\/uploads\/sites\/3\/2024\/03\/Duesseldorfer-Ostermarsch-findet-trotz-Ausgrenzung-statt-quotUnser-Ziel-ist-ein.jpg","keywords":["Ausgrenzung","D\u00fcsseldorfer","ein","findet","friedenst\u00fcchtiges","ist","Landquot","Ostermarsch","quotUnser","Statt","Trotz","Ziel"],"articleSection":["Deutschland","Russland"],"inLanguage":"de","potentialAction":[{"@type":"CommentAction","name":"Comment","target":["https:\/\/now-news.de\/de\/deutschland\/duesseldorfer-ostermarsch-findet-trotz-ausgrenzung-statt-unser-ziel-ist-ein-friedenstuechtiges-land\/#respond"]}]},{"@type":"WebPage","@id":"https:\/\/now-news.de\/de\/deutschland\/duesseldorfer-ostermarsch-findet-trotz-ausgrenzung-statt-unser-ziel-ist-ein-friedenstuechtiges-land\/","url":"https:\/\/now-news.de\/de\/deutschland\/duesseldorfer-ostermarsch-findet-trotz-ausgrenzung-statt-unser-ziel-ist-ein-friedenstuechtiges-land\/","name":"D\u00fcsseldorfer Ostermarsch findet trotz Ausgrenzung statt: &quot;Unser Ziel ist ein friedenst\u00fcchtiges Land&quot; - just-now.NEWS Deutschland","isPartOf":{"@id":"https:\/\/now-news.de\/de\/#website"},"primaryImageOfPage":{"@id":"https:\/\/now-news.de\/de\/deutschland\/duesseldorfer-ostermarsch-findet-trotz-ausgrenzung-statt-unser-ziel-ist-ein-friedenstuechtiges-land\/#primaryimage"},"image":{"@id":"https:\/\/now-news.de\/de\/deutschland\/duesseldorfer-ostermarsch-findet-trotz-ausgrenzung-statt-unser-ziel-ist-ein-friedenstuechtiges-land\/#primaryimage"},"thumbnailUrl":"https:\/\/now-news.de\/de\/wp-content\/uploads\/sites\/3\/2024\/03\/Duesseldorfer-Ostermarsch-findet-trotz-Ausgrenzung-statt-quotUnser-Ziel-ist-ein.jpg","datePublished":"2024-03-31T17:30:05+00:00","dateModified":"2024-03-31T17:30:05+00:00","breadcrumb":{"@id":"https:\/\/now-news.de\/de\/deutschland\/duesseldorfer-ostermarsch-findet-trotz-ausgrenzung-statt-unser-ziel-ist-ein-friedenstuechtiges-land\/#breadcrumb"},"inLanguage":"de","potentialAction":[{"@type":"ReadAction","target":["https:\/\/now-news.de\/de\/deutschland\/duesseldorfer-ostermarsch-findet-trotz-ausgrenzung-statt-unser-ziel-ist-ein-friedenstuechtiges-land\/"]}]},{"@type":"ImageObject","inLanguage":"de","@id":"https:\/\/now-news.de\/de\/deutschland\/duesseldorfer-ostermarsch-findet-trotz-ausgrenzung-statt-unser-ziel-ist-ein-friedenstuechtiges-land\/#primaryimage","url":"https:\/\/now-news.de\/de\/wp-content\/uploads\/sites\/3\/2024\/03\/Duesseldorfer-Ostermarsch-findet-trotz-Ausgrenzung-statt-quotUnser-Ziel-ist-ein.jpg","contentUrl":"https:\/\/now-news.de\/de\/wp-content\/uploads\/sites\/3\/2024\/03\/Duesseldorfer-Ostermarsch-findet-trotz-Ausgrenzung-statt-quotUnser-Ziel-ist-ein.jpg","width":1280,"height":960,"caption":"D\u00fcsseldorfer Ostermarsch findet trotz Ausgrenzung statt: &quot;Unser Ziel ist ein friedenst\u00fcchtiges Land&quot;"},{"@type":"BreadcrumbList","@id":"https:\/\/now-news.de\/de\/deutschland\/duesseldorfer-ostermarsch-findet-trotz-ausgrenzung-statt-unser-ziel-ist-ein-friedenstuechtiges-land\/#breadcrumb","itemListElement":[{"@type":"ListItem","position":1,"name":"Home","item":"https:\/\/now-news.de\/de\/"},{"@type":"ListItem","position":2,"name":"D\u00fcsseldorfer Ostermarsch findet trotz Ausgrenzung statt: &quot;Unser Ziel ist ein friedenst\u00fcchtiges Land&quot;"}]},{"@type":"WebSite","@id":"https:\/\/now-news.de\/de\/#website","url":"https:\/\/now-news.de\/de\/","name":"just-now.NEWS Deutschland","description":"Das Portal f\u00fcr unzensierte Nachrichten aus der Welt","publisher":{"@id":"https:\/\/now-news.de\/de\/#organization"},"potentialAction":[{"@type":"SearchAction","target":{"@type":"EntryPoint","urlTemplate":"https:\/\/now-news.de\/de\/?s={search_term_string}"},"query-input":"required name=search_term_string"}],"inLanguage":"de"},{"@type":"Organization","@id":"https:\/\/now-news.de\/de\/#organization","name":"Just Now News","url":"https:\/\/now-news.de\/de\/","logo":{"@type":"ImageObject","inLanguage":"de","@id":"https:\/\/now-news.de\/de\/#\/schema\/logo\/image\/","url":"http:\/\/just-now.news\/de\/wp-content\/uploads\/sites\/3\/2022\/04\/logo500x500.jpg","contentUrl":"http:\/\/just-now.news\/de\/wp-content\/uploads\/sites\/3\/2022\/04\/logo500x500.jpg","width":500,"height":500,"caption":"Just Now News"},"image":{"@id":"https:\/\/now-news.de\/de\/#\/schema\/logo\/image\/"},"sameAs":["https:\/\/www.facebook.com\/wirmachenauf","https:\/\/x.com\/WirMachenAuf_de"]},{"@type":"Person","@id":"https:\/\/now-news.de\/de\/#\/schema\/person\/fb534a4e865501d8b3285208df34a9b5","name":"rtnews","image":{"@type":"ImageObject","inLanguage":"de","@id":"https:\/\/now-news.de\/de\/#\/schema\/person\/image\/","url":"https:\/\/secure.gravatar.com\/avatar\/82aafea7d8127119dd649515f56e2117?s=96&d=mm&r=g","contentUrl":"https:\/\/secure.gravatar.com\/avatar\/82aafea7d8127119dd649515f56e2117?s=96&d=mm&r=g","caption":"rtnews"},"url":"https:\/\/now-news.de\/de\/author\/rnews\/"}]}},"_links":{"self":[{"href":"https:\/\/now-news.de\/de\/wp-json\/wp\/v2\/posts\/58070"}],"collection":[{"href":"https:\/\/now-news.de\/de\/wp-json\/wp\/v2\/posts"}],"about":[{"href":"https:\/\/now-news.de\/de\/wp-json\/wp\/v2\/types\/post"}],"author":[{"embeddable":true,"href":"https:\/\/now-news.de\/de\/wp-json\/wp\/v2\/users\/3"}],"replies":[{"embeddable":true,"href":"https:\/\/now-news.de\/de\/wp-json\/wp\/v2\/comments?post=58070"}],"version-history":[{"count":0,"href":"https:\/\/now-news.de\/de\/wp-json\/wp\/v2\/posts\/58070\/revisions"}],"wp:featuredmedia":[{"embeddable":true,"href":"https:\/\/now-news.de\/de\/wp-json\/wp\/v2\/media\/58071"}],"wp:attachment":[{"href":"https:\/\/now-news.de\/de\/wp-json\/wp\/v2\/media?parent=58070"}],"wp:term":[{"taxonomy":"category","embeddable":true,"href":"https:\/\/now-news.de\/de\/wp-json\/wp\/v2\/categories?post=58070"},{"taxonomy":"post_tag","embeddable":true,"href":"https:\/\/now-news.de\/de\/wp-json\/wp\/v2\/tags?post=58070"}],"curies":[{"name":"wp","href":"https:\/\/api.w.org\/{rel}","templated":true}]}}