{"id":58039,"date":"2024-03-30T22:19:00","date_gmt":"2024-03-30T20:19:00","guid":{"rendered":"https:\/\/just-now.news\/de\/deutschland\/meinungsfreiheit-pressefreiheit-in-der-eu-nicht-fuer-oppositionelle-ukrainer\/"},"modified":"2024-03-30T22:19:00","modified_gmt":"2024-03-30T20:19:00","slug":"meinungsfreiheit-pressefreiheit-in-der-eu-nicht-fuer-oppositionelle-ukrainer","status":"publish","type":"post","link":"https:\/\/now-news.de\/de\/deutschland\/meinungsfreiheit-pressefreiheit-in-der-eu-nicht-fuer-oppositionelle-ukrainer\/","title":{"rendered":"Meinungsfreiheit, Pressefreiheit? In der EU nicht f\u00fcr oppositionelle Ukrainer"},"content":{"rendered":"<p><img decoding=\"async\" src=\"http:\/\/just-now.news\/de\/wp-content\/uploads\/sites\/3\/2024\/03\/66071023b480cc38e10582af.jpg\" \/><\/p>\n<div class=\"Text-root Text-type_1 \">\n                Die europ\u00e4ischen Eliten sind fest entschlossen, den durch sie beherrschten V\u00f6lkern jeden Zugang zu alternativen Informationsquellen, insbesondere russischen und &#8220;prorussischen&#8221;, zu versagen. Wovor wollen sie die &#8220;m\u00fcndigen B\u00fcrger&#8221; sch\u00fctzen: vor der L\u00fcge oder vor der Wahrheit?\n            <\/div>\n<p><\/p>\n<div class=\"Text-root Text-type_5 ArticleView-text ViewText-root \">\n<p><em>Von Alexej Danckwardt<\/em><\/p>\n<p>W\u00e4hrend russische Ermittler verk\u00fcnden, dass sie Beweise f\u00fcr die Verstrickung der Ukraine in den Terroranschlag auf die Moskauer &#8220;Crocus City Hall&#8221; gewonnen haben, ist in deutschen Mainstreammedien am Donnerstagabend etwas anderes Aufmacher und Thema Nummer eins. &#8220;<a rel=\"nofollow noopener\" target=\"_blank\" href=\"https:\/\/www.tagesschau.de\/ausland\/europa\/tschechien-propaganda-russland-100.html\">Tschechien meldet Erfolg gegen russische Propaganda<\/a>&#8221; und &#8220;<a rel=\"nofollow noopener\" target=\"_blank\" href=\"https:\/\/www.tagesschau.de\/ausland\/europa\/tschechien-prorussische-propaganda-100.html\">Pro-russische Propaganda quer durch Europa<\/a>&#8221; titelt etwa die <em>ARD-Tagesschau<\/em> auf ihrer Homepage. Die eigentliche Nachricht des Tages ist ihr zu diesem Zeitpunkt jedenfalls keine Erw\u00e4hnung wert.\u00a0<\/p>\n<p>Wer sich in die beiden Meldungen einliest und sich zwischen all den russophoben Propagandafloskeln durchlavieren konnte, versteht schnell, dass es um eine relativ unbedeutende Internetseite namens &#8220;Voice of Europe&#8221; geht, die von ukrainischen Oppositionellen von der tschechischen Hauptstadt Prag aus betrieben und offenbar von Wiktor Medwedtschuk, einem der derzeit im russischen Exil lebenden Anf\u00fchrer der ukrainischen nichtnationalistischen Opposition, finanziert wurde. Medwedtschuks Partei holte bei den letzten ukrainischen Parlamentswahlen offiziellen Angaben zufolge 13,05 Prozent und belegte damit Platz zwei hinter Selenskijs polittechnologischem Projekt &#8220;Diener des Volkes&#8221;. Mit gro\u00dfem Abstand allerdings, Polittechnologie funktioniert gut in der Postmaidan-Ukraine. Der gr\u00f6\u00dfte Teil von Selenskijs W\u00e4hlern w\u00e4hlte ihn und seine Partei in der Hoffnung auf Frieden, Vers\u00f6hnung mit Russland und den Schutz der Rechte der Russischsprachigen. Sie bekamen das genaue Gegenteil.\u00a0 \u00a0<\/p>\n<p>Es zieht sich wie ein roter Faden durch die europ\u00e4ische Politik und die Meinungsmache in den Mainstreammedien, dass Ukrainern nur dann das Recht auf Mitsprache, ihre Meinung und Rede- sowie Pressefreiheit zugestanden wird, wenn sie &#8220;proeurop\u00e4isch&#8221; sind. Den Gegnern des Maidan, im Jahr 2014 noch 30 bis 40 Prozent der Ukrainer mindestens, wurde schon im Herbst 2013 das Wort entzogen. Einer nach dem anderen wurden sie in sozialen Netzwerken, auf YouTube und auf anderen Plattformen gesperrt, blockiert, gel\u00f6scht. In der medialen Berichterstattung kamen sie so gut wie gar nicht vor und wenn, dann immer mit &#8220;b\u00f6sen&#8221; Labels wie &#8220;prorussisch&#8221; oder &#8220;Separatisten&#8221;. Das Schicksal, aus dem \u00f6ffentlichen Diskurs &#8220;gecancelt&#8221; zu werden, erwischte Prominente wie den erfolgreichsten Regierungschef der Ukraine, Nikolai Asarow, die streitbare Anw\u00e4ltin Tatjana Montjan, den Blogger Anatoli Scharij und viele andere. Da nutzte auch das Interesse eines gro\u00dfen Publikums, das bei den Gesperrten und Gel\u00f6schten in die Millionen reichte, nichts.<\/p>\n<p>Der Hauptvorwurf an die Betreiber von &#8220;Voice of Europe&#8221;: Sie wollten Einfluss auf die europ\u00e4ische Politik nehmen. Hmm, ja. Und?\u00a0<\/p>\n<p>Seit es Menschen gibt, versuchen sie aufeinander Einfluss zu nehmen. Deshalb entstanden Sprachen. Erst Lautsprachen, dann Schriftsprachen. Damit Menschen leichter Einfluss aufeinander nehmen k\u00f6nnen, wurden Buchdruck, Presse, Radio, Fernsehen, das Internet und Messengerdienste erfunden. Es ist das nat\u00fcrlichste Bed\u00fcrfnis \u00fcberhaupt: aufeinander Einfluss zu nehmen. Und damit die Welt, lokal und global, funktioniert, muss jeder das Recht haben, an den Kommunikationsprozessen teilzunehmen. Das bedeutet noch lange nicht, dass die Einflussnahme zum gew\u00fcnschten Verhalten f\u00fchrt, doch das Recht, es zu versuchen, hat von Natur aus jeder. Jeder Mensch und jeder Staat. Meinungs-, Presse-, Informationsfreiheit sind die verbrieften Anerkenntnisse dieses Rechts. Sie sind die Gew\u00e4hr daf\u00fcr, dass die Gesellschaft und die Menschheit als Ganzes richtige und ausgewogene Entscheidungen treffen, mit denen alle leben k\u00f6nnen. Die Alternative zu der permanenten gegenseitigen Einflussnahme ist der Krieg aller gegen alle und jedes gegen jeden.<\/p>\n<p>Ein Beispiel: H\u00e4tte der Westen und speziell Deutschland auf unsere \u2013 der &#8220;prorussischen&#8221; Deutschen, der oppositionellen Ukrainer und der &#8220;russischen Propaganda&#8221; \u2013 Warnungen geh\u00f6rt, dass in der Ukraine seit dem Sieg des Euromaidan etwas gewaltig schiefl\u00e4uft, dass die Maidan-Ukraine im Donbass Verbrechen begeht, w\u00e4re vielleicht ein Dialog entstanden, der zu einem angemessenen Druck auf Kiew und zur \u00c4nderung seiner Politik gef\u00fchrt h\u00e4tte. Dann h\u00e4tte Russland auch nicht nach acht Jahren erfolgloser Versuche, Einfluss zu nehmen, milit\u00e4risch intervenieren m\u00fcssen. Es h\u00e4tte keinen Krieg gegeben.<\/p>\n<p>Was bedeutet es, wenn das elementare Recht, auf Europa (oder sonst wen) durch die freie Rede und die Verbreitung der eigenen Sichtweise Einfluss zu nehmen, Russland, Russen und oppositionellen Ukrainern abgesprochen wird? Zum einen ist es Rassismus: Die einen sind weniger wert als alle anderen, auch das beinhaltet diese Sichtweise. Zum anderen ist es die pure Angst vor der Wahrheit und dem besseren Argument. Wenn sich die europ\u00e4ischen Machthaber sicher w\u00e4ren, auf der Seite von Wahrheit und Recht zu stehen, br\u00e4uchten sie Verbote und Diffamierungskampagnen nicht. Was w\u00fcrde eine kleine Internetseite ausrichten k\u00f6nnen, wenn der Wahrheit doch europaweit Tausende Zeitungen, Radio- und TV-Sender sowie Onlinemedien zur Verf\u00fcgung stehen? Angesichts dieser medialen \u00dcbermacht br\u00e4uchte die Wahrheit die L\u00fcge doch nicht zu f\u00fcrchten, sie m\u00fcsste sich nur die geringe M\u00fche machen, gute Argumente vorzubringen.\u00a0<\/p>\n<p>Und dennoch haben sie panische Angst vor der &#8220;russischen Propaganda&#8221;. Die Herrschenden in Europa wissen bestens, dass sie in der Ukraine-Krise der B\u00f6sewicht, der Aggressor, der R\u00e4uber und der Kriegshetzer sind. Sie f\u00fcrchten die Wahrheit. Nur so l\u00e4sst sich erkl\u00e4ren, warum sie jedes noch so kleine, jedes noch so unbedeutende Instrument bek\u00e4mpfen, mit dem sich der Standpunkt der Andersdenkenden \u2013 der oppositionellen Ukrainer, der Russen \u2013 Geh\u00f6r zu verschaffen versucht. Jede kleine Portion Wahrheit ist in der Lage, die L\u00fcge zu zerst\u00f6ren, denn sie hat immer das bessere Argument und die Aussicht, sich gegen die scheinbar \u00fcberm\u00e4chtige L\u00fcge durchzusetzen.\u00a0<\/p>\n<p>Nicht vor &#8220;Desinformation&#8221; und &#8220;Propaganda&#8221; wollen die europ\u00e4ischen Eliten uns &#8220;sch\u00fctzen&#8221;, sie wollen ein Propagandamonopol errichten und aufrechterhalten, um die L\u00fcge auf ewig herrschen zu lassen. Darum die Verbote, die Sanktionen, Blockaden, Sperren und Abschaltungen. Darum die Diskreditierungskampagnen gegen jeden Abweichler und jeden Andersdenkenden.<\/p>\n<p>\u00dcbrigens zeugt es vom &#8220;seri\u00f6sen Journalismus&#8221; der <em>Tagesschau<\/em>, Medwedtschuk gleich zum &#8220;F\u00fcrst der Finsternis&#8221; zu erkl\u00e4ren. Die kritiklose \u00dcbernahme der ukrainischen Narrative, die Diskreditierung eines nicht verurteilten Mannes, der seit vielen Jahren kein Amt mehr innehatte und zuletzt nur Rada-Abgeordneter war, als &#8220;Hochverr\u00e4ter&#8221;, das Anh\u00e4ngen des Labels &#8220;Oligarch&#8221;, als w\u00e4re Poroschenko keiner gewesen und als w\u00fcrden hinter Selenskij keine Oligarchen stehen, haben wohl nicht gereicht, um durch ihn finanzierte Medien als Informationsquelle zu vergiften. In einem Qualit\u00e4tsartikel dieses Qualit\u00e4tsmediums, ein Musterbeispiel f\u00fcr neutralen, unparteiischen und objektiven Journalismus, steht wortw\u00f6rtlich:\u00a0<\/p>\n<blockquote>\n<p><em>&#8220;Bekannt ist er auch als &#8216;F\u00fcrst der Finsternis&#8217;.&#8221;<\/em><\/p>\n<\/blockquote>\n<p>Wem bekannt? Frau Marianne Allweiss, <em>ARD<\/em>-Studio Prag, pers\u00f6nlich? Nun vielleicht haben <em>Tagesschau<\/em>-Autoren ja tats\u00e4chlich schon jetzt freien Zutritt zur H\u00f6lle. Zur Eingew\u00f6hnung.<\/p>\n<p>All das, werter Leser, ist das Problem nicht nur der Russen und der oppositionellen Ukrainer, denen die &#8220;europ\u00e4ische Demokratie&#8221; das Recht, mit kommunikativen Mitteln Einfluss zu nehmen, versagt. Es ist das Problem auch der einfachen Europ\u00e4er. Wenn Informationsquellen ausgel\u00f6scht werden, fehlen sie nicht nur dem, der sich \u00fcber sie \u00e4u\u00dfern wollte. Sie fehlen auch jedem, der sich aus ihnen h\u00e4tte informieren k\u00f6nnen. Jedes verbotene und zum Schweigen gebrachte Medium ist nicht nur ein Angriff auf die Presse-, Meinungs- und Redefreiheit, sie ist auch und vor allem ein Angriff auf die Informationsfreiheit jedes B\u00fcrgers.\u00a0<\/p>\n<p>Das zeigt, dass sich Europas Eliten von der Konzeption des &#8220;m\u00fcndigen B\u00fcrgers&#8221; endg\u00fcltig verabschiedet haben. Der m\u00fcndige B\u00fcrger, hie\u00df es vor nicht allzu langer Zeit noch, solle freien Zugang zu m\u00f6glichst vielen Informationen, Sichtweisen und Meinungen aus Quellen, die er selbst ausw\u00e4hlen darf, haben. Er werde dann selbst die Wahrheit von der L\u00fcge unterscheiden und sich eine qualifizierte Meinung bilden k\u00f6nnen, die Grundlage seines politischen Handelns sein wird.\u00a0<\/p>\n<p>Warum ist es nun anders? Haben die &#8220;Eliten&#8221; herausgefunden, dass der B\u00fcrger nicht intelligent genug ist, dass man ihn doch lieber bevormunden und vor &#8220;sch\u00e4dlichen Einfl\u00fcssen&#8221; sch\u00fctzen soll? Ist das gesprochene und geschriebene Wort tats\u00e4chlich so gef\u00e4hrlich, dass man Erwachsene davor &#8220;sch\u00fctzen&#8221; muss, wie Kleinkinder vor der Steckdose?\u00a0<\/p>\n<p>Ja, es ist gef\u00e4hrlich, aber nur f\u00fcr die europ\u00e4ischen &#8220;Eliten&#8221;, die sich hinter L\u00fcgenkonstrukten verbarrikadiert haben, die das erste laue L\u00fcftchen an Wahrheit zum Einsturz bringen k\u00f6nnte. Daher die panische Angst. Die Machthaber in Berlin, Br\u00fcssel, Paris und Prag wissen bestens, dass ihre B\u00fcrger m\u00fcndig genug sind, die Wahrheit als Wahrheit zu erkennen, wenn sie sie erst erfahren. Und klug genug, dann die richtigen Fragen zu stellen und die richtigen Schl\u00fcsse zu ziehen. Das w\u00e4re das Ende dieser verfaulten Eliten. Und darum versuchen diese verfaulten Eliten, die B\u00fcrger Europas eben m\u00f6glichst wasser- und lichtdicht von der &#8220;russischen Einflussnahme&#8221; abzuschotten, unter einer Kuppel aus Hass stiftender Propaganda, Bevormundung und einem unantastbaren Medienmonopol.\u00a0<\/p>\n<p>Wer denkt, dass diese totale Bevormundung zum Wohle des entm\u00fcndigten Europ\u00e4ers geschieht, soll sich dem gern weiter f\u00fcgen.\u00a0<\/p>\n<p><strong>Mehr zum Thema<\/strong> &#8211; <a rel=\"nofollow noopener\" target=\"_blank\" href=\"https:\/\/freedert.online\/meinung\/162193-das-erzwungene-ende-von-rt-de-zeigt-die-angst-der-eu-vor-alternativen-ansichten\/\">Das erzwungene Ende von RT DE Productions zeigt die Angst der EU vor alternativen Ansichten<\/a><\/p>\n<\/div>\n<p><br \/>\n<br \/><a href=\"https:\/\/de.rt.com\/meinung\/200945-meinungsfreiheit-pressefreiheit-in-eu-nicht\/\">Source link <\/a><\/p>\n","protected":false},"excerpt":{"rendered":"<p>Die europ\u00e4ischen Eliten sind fest entschlossen, den durch sie beherrschten V\u00f6lkern jeden Zugang zu alternativen Informationsquellen, insbesondere russischen und &#8220;prorussischen&#8221;, zu versagen. Wovor wollen sie die &#8220;m\u00fcndigen B\u00fcrger&#8221; sch\u00fctzen: vor der L\u00fcge oder vor der Wahrheit? Von Alexej Danckwardt W\u00e4hrend russische Ermittler verk\u00fcnden, dass sie Beweise f\u00fcr die Verstrickung der Ukraine in den Terroranschlag auf [&hellip;]<\/p>\n","protected":false},"author":3,"featured_media":58040,"comment_status":"open","ping_status":"open","sticky":false,"template":"","format":"standard","meta":{"_yoast_indexnow_last_ping":["1711830380"],"wp_automatic_camp":["217"],"e4134513834e84b18738d63ddaded5de":["Meinungsfreiheit, Pressefreiheit? In der EU nicht f\u00fcr oppositionelle Ukrainer"],"original_link":["https:\/\/de.rt.com\/meinung\/200945-meinungsfreiheit-pressefreiheit-in-eu-nicht\/"],"_thumbnail_id":["58040"],"jnews_social_counter_last_update":["1777520419"],"_wptgpro_p2tg_sent2tg":["a:1:{i:23737;s:19:\"2024-03-30 22:28:22\";}"]},"categories":[19,23],"tags":[82,221,7120,800,35127,8904,5757],"yoast_head":"<!-- This site is optimized with the Yoast SEO Premium plugin v22.7 (Yoast SEO v22.7) - https:\/\/yoast.com\/wordpress\/plugins\/seo\/ -->\n<title>Meinungsfreiheit, Pressefreiheit? In der EU nicht f\u00fcr oppositionelle Ukrainer - just-now.NEWS Deutschland<\/title>\n<meta name=\"robots\" content=\"index, follow, max-snippet:-1, max-image-preview:large, max-video-preview:-1\" \/>\n<link rel=\"canonical\" href=\"https:\/\/now-news.de\/de\/deutschland\/meinungsfreiheit-pressefreiheit-in-der-eu-nicht-fuer-oppositionelle-ukrainer\/\" \/>\n<meta property=\"og:locale\" content=\"de_DE\" \/>\n<meta property=\"og:type\" content=\"article\" \/>\n<meta property=\"og:title\" content=\"Meinungsfreiheit, Pressefreiheit? In der EU nicht f\u00fcr oppositionelle Ukrainer\" \/>\n<meta property=\"og:description\" content=\"Die europ\u00e4ischen Eliten sind fest entschlossen, den durch sie beherrschten V\u00f6lkern jeden Zugang zu alternativen Informationsquellen, insbesondere russischen und &#8220;prorussischen&#8221;, zu versagen. Wovor wollen sie die &#8220;m\u00fcndigen B\u00fcrger&#8221; sch\u00fctzen: vor der L\u00fcge oder vor der Wahrheit? Von Alexej Danckwardt W\u00e4hrend russische Ermittler verk\u00fcnden, dass sie Beweise f\u00fcr die Verstrickung der Ukraine in den Terroranschlag auf [&hellip;]\" \/>\n<meta property=\"og:url\" content=\"https:\/\/now-news.de\/de\/deutschland\/meinungsfreiheit-pressefreiheit-in-der-eu-nicht-fuer-oppositionelle-ukrainer\/\" \/>\n<meta property=\"og:site_name\" content=\"just-now.NEWS Deutschland\" \/>\n<meta property=\"article:publisher\" content=\"https:\/\/www.facebook.com\/wirmachenauf\" \/>\n<meta property=\"article:published_time\" content=\"2024-03-30T20:19:00+00:00\" \/>\n<meta property=\"og:image\" content=\"https:\/\/now-news.de\/de\/wp-content\/uploads\/sites\/3\/2024\/03\/Meinungsfreiheit-Pressefreiheit-In-der-EU-nicht-fuer-oppositionelle-Ukrainer.jpg\" \/>\n\t<meta property=\"og:image:width\" content=\"460\" \/>\n\t<meta property=\"og:image:height\" content=\"259\" \/>\n\t<meta property=\"og:image:type\" content=\"image\/jpeg\" \/>\n<meta name=\"author\" content=\"rtnews\" \/>\n<meta name=\"twitter:card\" content=\"summary_large_image\" \/>\n<meta name=\"twitter:creator\" content=\"@WirMachenAuf_de\" \/>\n<meta name=\"twitter:site\" content=\"@WirMachenAuf_de\" \/>\n<meta name=\"twitter:label1\" content=\"Verfasst von\" \/>\n\t<meta name=\"twitter:data1\" content=\"rtnews\" \/>\n\t<meta name=\"twitter:label2\" content=\"Gesch\u00e4tzte Lesezeit\" \/>\n\t<meta name=\"twitter:data2\" content=\"7\u00a0Minuten\" \/>\n<script type=\"application\/ld+json\" class=\"yoast-schema-graph\">{\"@context\":\"https:\/\/schema.org\",\"@graph\":[{\"@type\":\"Article\",\"@id\":\"https:\/\/now-news.de\/de\/deutschland\/meinungsfreiheit-pressefreiheit-in-der-eu-nicht-fuer-oppositionelle-ukrainer\/#article\",\"isPartOf\":{\"@id\":\"https:\/\/now-news.de\/de\/deutschland\/meinungsfreiheit-pressefreiheit-in-der-eu-nicht-fuer-oppositionelle-ukrainer\/\"},\"author\":{\"name\":\"rtnews\",\"@id\":\"https:\/\/now-news.de\/de\/#\/schema\/person\/fb534a4e865501d8b3285208df34a9b5\"},\"headline\":\"Meinungsfreiheit, Pressefreiheit? In der EU nicht f\u00fcr oppositionelle Ukrainer\",\"datePublished\":\"2024-03-30T20:19:00+00:00\",\"dateModified\":\"2024-03-30T20:19:00+00:00\",\"mainEntityOfPage\":{\"@id\":\"https:\/\/now-news.de\/de\/deutschland\/meinungsfreiheit-pressefreiheit-in-der-eu-nicht-fuer-oppositionelle-ukrainer\/\"},\"wordCount\":1503,\"commentCount\":0,\"publisher\":{\"@id\":\"https:\/\/now-news.de\/de\/#organization\"},\"image\":{\"@id\":\"https:\/\/now-news.de\/de\/deutschland\/meinungsfreiheit-pressefreiheit-in-der-eu-nicht-fuer-oppositionelle-ukrainer\/#primaryimage\"},\"thumbnailUrl\":\"https:\/\/now-news.de\/de\/wp-content\/uploads\/sites\/3\/2024\/03\/Meinungsfreiheit-Pressefreiheit-In-der-EU-nicht-fuer-oppositionelle-Ukrainer.jpg\",\"keywords\":[\"der\",\"f\u00fcr\",\"Meinungsfreiheit\",\"nicht\",\"Oppositionelle\",\"pressefreiheit\",\"Ukrainer\"],\"articleSection\":[\"Deutschland\",\"Russland\"],\"inLanguage\":\"de\",\"potentialAction\":[{\"@type\":\"CommentAction\",\"name\":\"Comment\",\"target\":[\"https:\/\/now-news.de\/de\/deutschland\/meinungsfreiheit-pressefreiheit-in-der-eu-nicht-fuer-oppositionelle-ukrainer\/#respond\"]}]},{\"@type\":\"WebPage\",\"@id\":\"https:\/\/now-news.de\/de\/deutschland\/meinungsfreiheit-pressefreiheit-in-der-eu-nicht-fuer-oppositionelle-ukrainer\/\",\"url\":\"https:\/\/now-news.de\/de\/deutschland\/meinungsfreiheit-pressefreiheit-in-der-eu-nicht-fuer-oppositionelle-ukrainer\/\",\"name\":\"Meinungsfreiheit, Pressefreiheit? In der EU nicht f\u00fcr oppositionelle Ukrainer - just-now.NEWS Deutschland\",\"isPartOf\":{\"@id\":\"https:\/\/now-news.de\/de\/#website\"},\"primaryImageOfPage\":{\"@id\":\"https:\/\/now-news.de\/de\/deutschland\/meinungsfreiheit-pressefreiheit-in-der-eu-nicht-fuer-oppositionelle-ukrainer\/#primaryimage\"},\"image\":{\"@id\":\"https:\/\/now-news.de\/de\/deutschland\/meinungsfreiheit-pressefreiheit-in-der-eu-nicht-fuer-oppositionelle-ukrainer\/#primaryimage\"},\"thumbnailUrl\":\"https:\/\/now-news.de\/de\/wp-content\/uploads\/sites\/3\/2024\/03\/Meinungsfreiheit-Pressefreiheit-In-der-EU-nicht-fuer-oppositionelle-Ukrainer.jpg\",\"datePublished\":\"2024-03-30T20:19:00+00:00\",\"dateModified\":\"2024-03-30T20:19:00+00:00\",\"breadcrumb\":{\"@id\":\"https:\/\/now-news.de\/de\/deutschland\/meinungsfreiheit-pressefreiheit-in-der-eu-nicht-fuer-oppositionelle-ukrainer\/#breadcrumb\"},\"inLanguage\":\"de\",\"potentialAction\":[{\"@type\":\"ReadAction\",\"target\":[\"https:\/\/now-news.de\/de\/deutschland\/meinungsfreiheit-pressefreiheit-in-der-eu-nicht-fuer-oppositionelle-ukrainer\/\"]}]},{\"@type\":\"ImageObject\",\"inLanguage\":\"de\",\"@id\":\"https:\/\/now-news.de\/de\/deutschland\/meinungsfreiheit-pressefreiheit-in-der-eu-nicht-fuer-oppositionelle-ukrainer\/#primaryimage\",\"url\":\"https:\/\/now-news.de\/de\/wp-content\/uploads\/sites\/3\/2024\/03\/Meinungsfreiheit-Pressefreiheit-In-der-EU-nicht-fuer-oppositionelle-Ukrainer.jpg\",\"contentUrl\":\"https:\/\/now-news.de\/de\/wp-content\/uploads\/sites\/3\/2024\/03\/Meinungsfreiheit-Pressefreiheit-In-der-EU-nicht-fuer-oppositionelle-Ukrainer.jpg\",\"width\":460,\"height\":259,\"caption\":\"Meinungsfreiheit, Pressefreiheit? In der EU nicht f\u00fcr oppositionelle Ukrainer\"},{\"@type\":\"BreadcrumbList\",\"@id\":\"https:\/\/now-news.de\/de\/deutschland\/meinungsfreiheit-pressefreiheit-in-der-eu-nicht-fuer-oppositionelle-ukrainer\/#breadcrumb\",\"itemListElement\":[{\"@type\":\"ListItem\",\"position\":1,\"name\":\"Home\",\"item\":\"https:\/\/now-news.de\/de\/\"},{\"@type\":\"ListItem\",\"position\":2,\"name\":\"Meinungsfreiheit, Pressefreiheit? In der EU nicht f\u00fcr oppositionelle Ukrainer\"}]},{\"@type\":\"WebSite\",\"@id\":\"https:\/\/now-news.de\/de\/#website\",\"url\":\"https:\/\/now-news.de\/de\/\",\"name\":\"just-now.NEWS Deutschland\",\"description\":\"Das Portal f\u00fcr unzensierte Nachrichten aus der Welt\",\"publisher\":{\"@id\":\"https:\/\/now-news.de\/de\/#organization\"},\"potentialAction\":[{\"@type\":\"SearchAction\",\"target\":{\"@type\":\"EntryPoint\",\"urlTemplate\":\"https:\/\/now-news.de\/de\/?s={search_term_string}\"},\"query-input\":\"required name=search_term_string\"}],\"inLanguage\":\"de\"},{\"@type\":\"Organization\",\"@id\":\"https:\/\/now-news.de\/de\/#organization\",\"name\":\"Just Now News\",\"url\":\"https:\/\/now-news.de\/de\/\",\"logo\":{\"@type\":\"ImageObject\",\"inLanguage\":\"de\",\"@id\":\"https:\/\/now-news.de\/de\/#\/schema\/logo\/image\/\",\"url\":\"http:\/\/just-now.news\/de\/wp-content\/uploads\/sites\/3\/2022\/04\/logo500x500.jpg\",\"contentUrl\":\"http:\/\/just-now.news\/de\/wp-content\/uploads\/sites\/3\/2022\/04\/logo500x500.jpg\",\"width\":500,\"height\":500,\"caption\":\"Just Now News\"},\"image\":{\"@id\":\"https:\/\/now-news.de\/de\/#\/schema\/logo\/image\/\"},\"sameAs\":[\"https:\/\/www.facebook.com\/wirmachenauf\",\"https:\/\/x.com\/WirMachenAuf_de\"]},{\"@type\":\"Person\",\"@id\":\"https:\/\/now-news.de\/de\/#\/schema\/person\/fb534a4e865501d8b3285208df34a9b5\",\"name\":\"rtnews\",\"image\":{\"@type\":\"ImageObject\",\"inLanguage\":\"de\",\"@id\":\"https:\/\/now-news.de\/de\/#\/schema\/person\/image\/\",\"url\":\"https:\/\/secure.gravatar.com\/avatar\/82aafea7d8127119dd649515f56e2117?s=96&d=mm&r=g\",\"contentUrl\":\"https:\/\/secure.gravatar.com\/avatar\/82aafea7d8127119dd649515f56e2117?s=96&d=mm&r=g\",\"caption\":\"rtnews\"},\"url\":\"https:\/\/now-news.de\/de\/author\/rnews\/\"}]}<\/script>\n<!-- \/ Yoast SEO Premium plugin. -->","yoast_head_json":{"title":"Meinungsfreiheit, Pressefreiheit? In der EU nicht f\u00fcr oppositionelle Ukrainer - just-now.NEWS Deutschland","robots":{"index":"index","follow":"follow","max-snippet":"max-snippet:-1","max-image-preview":"max-image-preview:large","max-video-preview":"max-video-preview:-1"},"canonical":"https:\/\/now-news.de\/de\/deutschland\/meinungsfreiheit-pressefreiheit-in-der-eu-nicht-fuer-oppositionelle-ukrainer\/","og_locale":"de_DE","og_type":"article","og_title":"Meinungsfreiheit, Pressefreiheit? In der EU nicht f\u00fcr oppositionelle Ukrainer","og_description":"Die europ\u00e4ischen Eliten sind fest entschlossen, den durch sie beherrschten V\u00f6lkern jeden Zugang zu alternativen Informationsquellen, insbesondere russischen und &#8220;prorussischen&#8221;, zu versagen. Wovor wollen sie die &#8220;m\u00fcndigen B\u00fcrger&#8221; sch\u00fctzen: vor der L\u00fcge oder vor der Wahrheit? Von Alexej Danckwardt W\u00e4hrend russische Ermittler verk\u00fcnden, dass sie Beweise f\u00fcr die Verstrickung der Ukraine in den Terroranschlag auf [&hellip;]","og_url":"https:\/\/now-news.de\/de\/deutschland\/meinungsfreiheit-pressefreiheit-in-der-eu-nicht-fuer-oppositionelle-ukrainer\/","og_site_name":"just-now.NEWS Deutschland","article_publisher":"https:\/\/www.facebook.com\/wirmachenauf","article_published_time":"2024-03-30T20:19:00+00:00","og_image":[{"width":460,"height":259,"url":"https:\/\/now-news.de\/de\/wp-content\/uploads\/sites\/3\/2024\/03\/Meinungsfreiheit-Pressefreiheit-In-der-EU-nicht-fuer-oppositionelle-Ukrainer.jpg","type":"image\/jpeg"}],"author":"rtnews","twitter_card":"summary_large_image","twitter_creator":"@WirMachenAuf_de","twitter_site":"@WirMachenAuf_de","twitter_misc":{"Verfasst von":"rtnews","Gesch\u00e4tzte Lesezeit":"7\u00a0Minuten"},"schema":{"@context":"https:\/\/schema.org","@graph":[{"@type":"Article","@id":"https:\/\/now-news.de\/de\/deutschland\/meinungsfreiheit-pressefreiheit-in-der-eu-nicht-fuer-oppositionelle-ukrainer\/#article","isPartOf":{"@id":"https:\/\/now-news.de\/de\/deutschland\/meinungsfreiheit-pressefreiheit-in-der-eu-nicht-fuer-oppositionelle-ukrainer\/"},"author":{"name":"rtnews","@id":"https:\/\/now-news.de\/de\/#\/schema\/person\/fb534a4e865501d8b3285208df34a9b5"},"headline":"Meinungsfreiheit, Pressefreiheit? In der EU nicht f\u00fcr oppositionelle Ukrainer","datePublished":"2024-03-30T20:19:00+00:00","dateModified":"2024-03-30T20:19:00+00:00","mainEntityOfPage":{"@id":"https:\/\/now-news.de\/de\/deutschland\/meinungsfreiheit-pressefreiheit-in-der-eu-nicht-fuer-oppositionelle-ukrainer\/"},"wordCount":1503,"commentCount":0,"publisher":{"@id":"https:\/\/now-news.de\/de\/#organization"},"image":{"@id":"https:\/\/now-news.de\/de\/deutschland\/meinungsfreiheit-pressefreiheit-in-der-eu-nicht-fuer-oppositionelle-ukrainer\/#primaryimage"},"thumbnailUrl":"https:\/\/now-news.de\/de\/wp-content\/uploads\/sites\/3\/2024\/03\/Meinungsfreiheit-Pressefreiheit-In-der-EU-nicht-fuer-oppositionelle-Ukrainer.jpg","keywords":["der","f\u00fcr","Meinungsfreiheit","nicht","Oppositionelle","pressefreiheit","Ukrainer"],"articleSection":["Deutschland","Russland"],"inLanguage":"de","potentialAction":[{"@type":"CommentAction","name":"Comment","target":["https:\/\/now-news.de\/de\/deutschland\/meinungsfreiheit-pressefreiheit-in-der-eu-nicht-fuer-oppositionelle-ukrainer\/#respond"]}]},{"@type":"WebPage","@id":"https:\/\/now-news.de\/de\/deutschland\/meinungsfreiheit-pressefreiheit-in-der-eu-nicht-fuer-oppositionelle-ukrainer\/","url":"https:\/\/now-news.de\/de\/deutschland\/meinungsfreiheit-pressefreiheit-in-der-eu-nicht-fuer-oppositionelle-ukrainer\/","name":"Meinungsfreiheit, Pressefreiheit? In der EU nicht f\u00fcr oppositionelle Ukrainer - just-now.NEWS Deutschland","isPartOf":{"@id":"https:\/\/now-news.de\/de\/#website"},"primaryImageOfPage":{"@id":"https:\/\/now-news.de\/de\/deutschland\/meinungsfreiheit-pressefreiheit-in-der-eu-nicht-fuer-oppositionelle-ukrainer\/#primaryimage"},"image":{"@id":"https:\/\/now-news.de\/de\/deutschland\/meinungsfreiheit-pressefreiheit-in-der-eu-nicht-fuer-oppositionelle-ukrainer\/#primaryimage"},"thumbnailUrl":"https:\/\/now-news.de\/de\/wp-content\/uploads\/sites\/3\/2024\/03\/Meinungsfreiheit-Pressefreiheit-In-der-EU-nicht-fuer-oppositionelle-Ukrainer.jpg","datePublished":"2024-03-30T20:19:00+00:00","dateModified":"2024-03-30T20:19:00+00:00","breadcrumb":{"@id":"https:\/\/now-news.de\/de\/deutschland\/meinungsfreiheit-pressefreiheit-in-der-eu-nicht-fuer-oppositionelle-ukrainer\/#breadcrumb"},"inLanguage":"de","potentialAction":[{"@type":"ReadAction","target":["https:\/\/now-news.de\/de\/deutschland\/meinungsfreiheit-pressefreiheit-in-der-eu-nicht-fuer-oppositionelle-ukrainer\/"]}]},{"@type":"ImageObject","inLanguage":"de","@id":"https:\/\/now-news.de\/de\/deutschland\/meinungsfreiheit-pressefreiheit-in-der-eu-nicht-fuer-oppositionelle-ukrainer\/#primaryimage","url":"https:\/\/now-news.de\/de\/wp-content\/uploads\/sites\/3\/2024\/03\/Meinungsfreiheit-Pressefreiheit-In-der-EU-nicht-fuer-oppositionelle-Ukrainer.jpg","contentUrl":"https:\/\/now-news.de\/de\/wp-content\/uploads\/sites\/3\/2024\/03\/Meinungsfreiheit-Pressefreiheit-In-der-EU-nicht-fuer-oppositionelle-Ukrainer.jpg","width":460,"height":259,"caption":"Meinungsfreiheit, Pressefreiheit? In der EU nicht f\u00fcr oppositionelle Ukrainer"},{"@type":"BreadcrumbList","@id":"https:\/\/now-news.de\/de\/deutschland\/meinungsfreiheit-pressefreiheit-in-der-eu-nicht-fuer-oppositionelle-ukrainer\/#breadcrumb","itemListElement":[{"@type":"ListItem","position":1,"name":"Home","item":"https:\/\/now-news.de\/de\/"},{"@type":"ListItem","position":2,"name":"Meinungsfreiheit, Pressefreiheit? In der EU nicht f\u00fcr oppositionelle Ukrainer"}]},{"@type":"WebSite","@id":"https:\/\/now-news.de\/de\/#website","url":"https:\/\/now-news.de\/de\/","name":"just-now.NEWS Deutschland","description":"Das Portal f\u00fcr unzensierte Nachrichten aus der Welt","publisher":{"@id":"https:\/\/now-news.de\/de\/#organization"},"potentialAction":[{"@type":"SearchAction","target":{"@type":"EntryPoint","urlTemplate":"https:\/\/now-news.de\/de\/?s={search_term_string}"},"query-input":"required name=search_term_string"}],"inLanguage":"de"},{"@type":"Organization","@id":"https:\/\/now-news.de\/de\/#organization","name":"Just Now News","url":"https:\/\/now-news.de\/de\/","logo":{"@type":"ImageObject","inLanguage":"de","@id":"https:\/\/now-news.de\/de\/#\/schema\/logo\/image\/","url":"http:\/\/just-now.news\/de\/wp-content\/uploads\/sites\/3\/2022\/04\/logo500x500.jpg","contentUrl":"http:\/\/just-now.news\/de\/wp-content\/uploads\/sites\/3\/2022\/04\/logo500x500.jpg","width":500,"height":500,"caption":"Just Now News"},"image":{"@id":"https:\/\/now-news.de\/de\/#\/schema\/logo\/image\/"},"sameAs":["https:\/\/www.facebook.com\/wirmachenauf","https:\/\/x.com\/WirMachenAuf_de"]},{"@type":"Person","@id":"https:\/\/now-news.de\/de\/#\/schema\/person\/fb534a4e865501d8b3285208df34a9b5","name":"rtnews","image":{"@type":"ImageObject","inLanguage":"de","@id":"https:\/\/now-news.de\/de\/#\/schema\/person\/image\/","url":"https:\/\/secure.gravatar.com\/avatar\/82aafea7d8127119dd649515f56e2117?s=96&d=mm&r=g","contentUrl":"https:\/\/secure.gravatar.com\/avatar\/82aafea7d8127119dd649515f56e2117?s=96&d=mm&r=g","caption":"rtnews"},"url":"https:\/\/now-news.de\/de\/author\/rnews\/"}]}},"_links":{"self":[{"href":"https:\/\/now-news.de\/de\/wp-json\/wp\/v2\/posts\/58039"}],"collection":[{"href":"https:\/\/now-news.de\/de\/wp-json\/wp\/v2\/posts"}],"about":[{"href":"https:\/\/now-news.de\/de\/wp-json\/wp\/v2\/types\/post"}],"author":[{"embeddable":true,"href":"https:\/\/now-news.de\/de\/wp-json\/wp\/v2\/users\/3"}],"replies":[{"embeddable":true,"href":"https:\/\/now-news.de\/de\/wp-json\/wp\/v2\/comments?post=58039"}],"version-history":[{"count":0,"href":"https:\/\/now-news.de\/de\/wp-json\/wp\/v2\/posts\/58039\/revisions"}],"wp:featuredmedia":[{"embeddable":true,"href":"https:\/\/now-news.de\/de\/wp-json\/wp\/v2\/media\/58040"}],"wp:attachment":[{"href":"https:\/\/now-news.de\/de\/wp-json\/wp\/v2\/media?parent=58039"}],"wp:term":[{"taxonomy":"category","embeddable":true,"href":"https:\/\/now-news.de\/de\/wp-json\/wp\/v2\/categories?post=58039"},{"taxonomy":"post_tag","embeddable":true,"href":"https:\/\/now-news.de\/de\/wp-json\/wp\/v2\/tags?post=58039"}],"curies":[{"name":"wp","href":"https:\/\/api.w.org\/{rel}","templated":true}]}}