{"id":57996,"date":"2024-03-29T22:55:16","date_gmt":"2024-03-29T20:55:16","guid":{"rendered":"https:\/\/just-now.news\/de\/deutschland\/westen-in-panik-angesichts-der-gestaendnisse-der-terrorverdaechtigen-von-moskau\/"},"modified":"2024-03-29T22:55:16","modified_gmt":"2024-03-29T20:55:16","slug":"westen-in-panik-angesichts-der-gestaendnisse-der-terrorverdaechtigen-von-moskau","status":"publish","type":"post","link":"https:\/\/now-news.de\/de\/deutschland\/westen-in-panik-angesichts-der-gestaendnisse-der-terrorverdaechtigen-von-moskau\/","title":{"rendered":"Westen in Panik angesichts der Gest\u00e4ndnisse der Terrorverd\u00e4chtigen von Moskau"},"content":{"rendered":"<p><img decoding=\"async\" src=\"http:\/\/just-now.news\/de\/wp-content\/uploads\/sites\/3\/2024\/03\/66071ec7b480cc0e9d7ac331.jpg\" \/><\/p>\n<div class=\"Text-root Text-type_1 \">\n                Die Berichterstattung \u00fcber den Terroranschlag auf die Moskauer &#8220;Crocus City Hall&#8221; im Westen ist gepr\u00e4gt von dem offensichtlichen Bem\u00fchen, jeden Verdacht von der Ukraine wegzulenken. Dabei ist das gr\u00f6\u00dfte Problem der westlichen Propaganda, dass die ausf\u00fchrenden Terroristen \u00fcberlebt haben und Gest\u00e4ndnisse ablegen.\n            <\/div>\n<p><\/p>\n<div class=\"Text-root Text-type_5 ArticleView-text ViewText-root \">\n<p><em>Von Wladimir Kornilow<\/em><\/p>\n<p>Eine Woche ist seit dem schrecklichen Massaker vergangen, das von Terroristen in der Konzerthalle &#8220;Crocus City Hall&#8221; ver\u00fcbt wurde. Dank der Schnelligkeit und Professionalit\u00e4t unserer Beamten sitzen alle Verd\u00e4chtigen lebend hinter Gittern. Die Hauptaufgabe besteht nun darin, die gesamte Kette zu ermitteln, die zu dieser Gr\u00e4ueltat f\u00fchrte \u2013 vom Auftraggeber bis zum kleinsten Gehilfen der Hauptt\u00e4ter. Der Direktor des FSB, Alexander Bortnikow, hat bereits vorl\u00e4ufig benannt, wer hinter dem Anschlag stehen k\u00f6nnte. Aber nat\u00fcrlich warten wir alle auf die vollst\u00e4ndige Aufkl\u00e4rung, auch auf Grundlage der Gest\u00e4ndnisse der Terroristen.<\/p>\n<p>Davor haben diejenigen, die den Anschlag befohlen und organisiert haben, offenbar am meisten Angst! Wir k\u00f6nnen sehen, wie sie in Washington nach den Worten Bortnikows (und sogar davor, nur wenige Stunden nach dem Terrorakt) sofort aufgeschrien haben:<\/p>\n<blockquote>\n<p><em>&#8220;Die Ukraine hat nichts mit diesen Anschl\u00e4gen zu tun, Gro\u00dfbritannien hat nichts mit diesen Anschl\u00e4gen zu tun, und die Vereinigten Staaten haben nichts mit diesen Anschl\u00e4gen zu tun.&#8221;<\/em><\/p>\n<\/blockquote>\n<p>Die Reaktion der Vertreter des Wei\u00dfen Hauses und des Au\u00dfenministeriums \u00e4hnelt dem Verhalten eines launischen Jungen, der sich, weil er nicht auf die Anweisungen der Erwachsenen h\u00f6ren will, die Ohren mit den H\u00e4nden zuh\u00e4lt und schreit: &#8220;\u00c4tsch, B\u00e4tsch, ich h\u00f6re nix!&#8221;<\/p>\n<p>Nun, da der Westen dieses Verbrechen in Rekordzeit &#8220;gel\u00f6st&#8221; und einen T\u00e4ter benannt hat \u2013 den Islamischen Staat* -, muss er nun aktiv seine eigene \u00f6ffentliche Meinung von den erwarteten Enth\u00fcllungen aus Moskau ablenken. Es ist fast sicher, dass die Planer dieser Operation damit gerechnet haben, dass die T\u00e4ter an Ort und Stelle sterben oder w\u00e4hrend der Verfolgung und Festnahme get\u00f6tet werden, womit jede Spur zu ihnen abbricht. Der Verdacht steht im Raum, dass die Sch\u00fctzen, wenn sie das f\u00fcr sie vorbereitete Schlupfloch an der ukrainischen Grenze erreicht h\u00e4tten, nicht am Leben gelassen worden w\u00e4ren: zu gef\u00e4hrliche Zeugen, die von allen Kameras erfasst wurden. Aus Sicht der Planer gab es praktisch keine Chance, dass sie alle \u00fcberleben und vor Gericht stehen w\u00fcrden. Und nun ger\u00e4t der Westen, der anfangs die Taktik &#8220;H\u00f6rt auf niemanden, die Ukraine hat damit nichts zu tun!&#8221; w\u00e4hlte, offen in Panik.<\/p>\n<p>Und wo Panik herrscht, werden zwangsl\u00e4ufig Fehler begangen, insbesondere schlecht erfundene L\u00fcgen in die Welt gesetzt. So beeilten sich praktisch alle westlichen Medien zu behaupten, es gebe keine Beweise daf\u00fcr, dass sich die Terroristen nach der Tat in Richtung Ukraine bewegten. Die <em>Times<\/em> ging in ihrem Kommentar zur Rede des russischen Pr\u00e4sidenten sogar so weit zu sagen:<\/p>\n<blockquote>\n<p><em>&#8220;Putin sagte, ohne Beweise vorzulegen, dass die Terroristen in Richtung Ukraine geflohen seien.&#8221; <\/em><\/p>\n<\/blockquote>\n<p>Keine Beweise? Eine Landkarte scheint f\u00fcr die Briten kein Beweis zu sein.<\/p>\n<p>Der Nachrichtendienst der britischen <em>BBC<\/em> ging sogar noch weiter. Er zeigte der \u00d6ffentlichkeit eine Karte des Ortes, an dem die Verd\u00e4chtigen verhaftet wurden. Und kam zu einer h\u00f6chst erstaunlichen Schlussfolgerung, die ein vollst\u00e4ndiges Zitat verdient:<\/p>\n<blockquote>\n<p><em>&#8220;Die Faktenpr\u00fcfer der BBC k\u00f6nnen zwar nicht unabh\u00e4ngig best\u00e4tigen, wohin die Verd\u00e4chtigen unterwegs waren, aber wir haben mehrere Videos und Fotos von ihrer Verhaftung \u00fcberpr\u00fcft. Und trotz Putins Behauptungen fanden die Verhaftungen weit von der ukrainischen Grenze entfernt statt. Durch den Abgleich von Details aus ihrer Umgebung wissen wir, dass die beiden verhafteten Verd\u00e4chtigen auf dem Video etwa 90 Meilen (145 Kilometer) von der ukrainischen Grenze entfernt aufgegriffen wurden.&#8221;<\/em><\/p>\n<\/blockquote>\n<p>Wir betonen: All diesem Geschrei der britischen &#8220;Ermittler&#8221; lag eine Karte bei, aus der eindeutig hervorgeht, dass der Ort der Inhaftierung in einer geraden Linie von Moskau zur ukrainischen Grenze liegt. Wohin nur k\u00f6nnten diese Fl\u00fcchtigen unterwegs gewesen sein? \u00dcbrigens haben sich alle westlichen Medien aus offensichtlichen Gr\u00fcnden geniert, die Tatsache mitzuteilen, dass die Bundesstra\u00dfe, auf der sich all dies abgespielt hat, &#8220;Ukraine&#8221; oder &#8220;Kiewer Autobahn&#8221; hei\u00dft, da ihr Publikum sonst unbequeme Fragen stellen k\u00f6nnte.<\/p>\n<p>Es kommt aber noch dicker! Bald gingen die westlichen Propagandisten dazu \u00fcber, offen zu l\u00fcgen und zu manipulieren. So beeilten sich alle, die Worte des wei\u00dfrussischen Pr\u00e4sidenten Alexander Lukaschenko zu kommentieren, wonach seine Dienste eng mit ihren russischen Kollegen zusammenarbeiteten. <em>Politico<\/em>, gefolgt von einer Reihe anderer Medien, titelte:<\/p>\n<blockquote>\n<p><em>&#8220;Lukaschenko widerspricht Putin, indem er sagt, dass Moskauer Terroristen nach Belarus und nicht in die Ukraine fliehen wollten.&#8221;<\/em><\/p>\n<\/blockquote>\n<p>Auch hier w\u00fcrde ein einfacher Blick auf die Landkarte zeigen, dass die Verd\u00e4chtigen die ganze Zeit parallel zur russisch-wei\u00dfrussischen Grenze nach S\u00fcden fuhren, in reichlicher Entfernung zur Grenze selbst. Wenn sie nach Wei\u00dfrussland h\u00e4tten fahren wollen, h\u00e4tten sie eine andere Route gew\u00e4hlt. \u00dcber Smolensk und die Bundesstra\u00dfe M1 sind es n\u00e4mlich nur 430 Kilometer bis nach Wei\u00dfrussland, w\u00e4hrend es \u00fcber die M3 und Brjansk fast 600 Kilometer w\u00e4ren. Und nicht ohne Grund hat man die Terroristen erst nach der letzten Abzweigung festgenommen, von der man von der M3 abfahren musste, um nach weiteren 120 Kilometern nach Wei\u00dfrussland zu gelangen.\u00a0<\/p>\n<p>Ein einfacher Verweis auf die Originalrede des wei\u00dfrussischen Pr\u00e4sidenten w\u00fcrde jeden Zweifel an etwaigen &#8220;Widerspr\u00fcchen&#8221; zu Putins Worten ausr\u00e4umen. Denn Lukaschenko sagte w\u00f6rtlich:<\/p>\n<blockquote>\n<p><em>&#8220;Sie konnten nicht nach Belarus gehen. Ihre Hinterm\u00e4nner \u2026 wussten, dass es unm\u00f6glich war, nach Wei\u00dfrussland zu gehen.&#8221; <\/em><\/p>\n<\/blockquote>\n<p>Und hier h\u00e4tten sich die <em>Politico<\/em>-Autoren fragen m\u00fcssen: Wenn die Organisatoren des Terroranschlags beschlossen haben, die Attent\u00e4ter nicht nach Wei\u00dfrussland zu schicken, wohin wollten sie dann, nachdem sie ihren Weg in den S\u00fcden fortgesetzt haben? Ach ja, darauf gibt es nur eine f\u00fcr <em>Politico<\/em> unbequeme Antwort, die voll und ganz best\u00e4tigt, was Wladimir Putin gesagt hat.<\/p>\n<p>Aber selbst wenn man davon ausgeht, dass die Terroristen urspr\u00fcnglich geplant hatten, durch Wei\u00dfrussland zu fliehen, wohin w\u00e4ren sie nach Meinung von <em>Politico<\/em> und anderen von dort aus gefahren? Nach Polen? Nat\u00fcrlich w\u00fcrde eine solche Version den westlichen Propagandisten noch mehr missfallen, da sie darauf hindeuten w\u00fcrde, dass der Westen involviert war. Und wohin sonst? Nun, hier sind wir wieder in der Ukraine. Und wieder best\u00e4tigen sich Putins Worte, dass die Terroristen dort erwartet wurden!<\/p>\n<p>In der Kunst, die Worte unseres Staatschefs zu verdrehen, ist \u00fcbrigens vor allem die t\u00fcrkische Agentur <em>Anadolu<\/em> erfolgreich, die unter der \u00dcberschrift &#8220;Putin: Noch keine Beweise f\u00fcr eine Beteiligung der Ukraine am Terroranschlag in Moskau&#8221; berichtet. Dabei hatte der Pr\u00e4sident Folgendes erkl\u00e4rt:<\/p>\n<blockquote>\n<p><em>&#8220;Wir wissen, dass das Verbrechen von radikalen Islamisten begangen wurde, deren Ideologie die islamische Welt selbst seit Jahrhunderten bek\u00e4mpft. Aber wir sehen auch, dass die Vereinigten Staaten \u00fcber verschiedene Kan\u00e4le versuchen, ihre Satelliten und andere L\u00e4nder der Welt davon zu \u00fcberzeugen, dass es nach ihren Geheimdienstinformationen angeblich keine Spur von Kiew in dem Moskauer Terroranschlag gibt.&#8221; <\/em><\/p>\n<\/blockquote>\n<p>Und dann hat er die ukrainische Spur bei diesem Terroranschlag eindeutig bezeichnet. Wie kann man nur so bauernschlau sein, diese Worte mit der obigen Schlagzeile zu versehen!<\/p>\n<p>Aber es ist klar, dass das Hauptproblem der Medien im Westen jetzt darin besteht, auf die Gest\u00e4ndnisse der Verhafteten zu warten. Sie heulen f\u00f6rmlich dar\u00fcber, dass diese &#8220;gefoltert&#8221; und gezwungen werden, die &#8220;wei\u00dfe und flauschige&#8221; Ukraine zu denunzieren. <em>Bloomberg<\/em> zitierte &#8220;vier Quellen mit engen Verbindungen zum Kreml&#8221; mit der Aussage, die Ukraine habe nichts mit dem Terroranschlag auf die &#8220;Crocus City Hall&#8221; zu tun. Die Quellen sind nat\u00fcrlich anonym, und es ist erstaunlich, dass es nur vier und nicht 20 sind.<\/p>\n<p>Den Namen der in diesem Artikel genannten &#8220;Experten&#8221; nach zu urteilen, leben alle diese &#8220;Quellen&#8221; seit Langem im Ausland und haben Russland schon in der Vergangenheit gern mit Dreck beworfen. Einer von ihnen bereitet die \u00d6ffentlichkeit zum Beispiel schon im Voraus auf schockierende Gest\u00e4ndnisse vor:<\/p>\n<blockquote>\n<p><em>&#8220;Die Sicherheitsdienste wissen, dass es der &#8216;Islamische Staat&#8217;* war, aber nach Putins \u00c4u\u00dferungen haben sie keine andere Wahl, als Befehle zu befolgen und zu beweisen, dass die Ukraine oder der Westen beteiligt waren.&#8221;<\/em><\/p>\n<\/blockquote>\n<p>Nun, nat\u00fcrlich wird Russland durch &#8220;Folter&#8221; Gest\u00e4ndnisse aus Verd\u00e4chtigen herauspr\u00fcgeln, wenn man all diesen &#8220;Stimmen&#8221; und &#8220;Experten&#8221; Glauben schenkt. Videomaterial von brutalen Verhaftungen wird zur Best\u00e4tigung vorgelegt. Als ob irgendwo im Westen Terroristen auf sanftere, liebevollere Weise festgenommen w\u00fcrden, wenn sie versuchen, Widerstand zu leisten oder zu fliehen. Meistens werden sie, wie nach allen Terroranschl\u00e4gen der letzten Jahre in Frankreich, auf der Stelle erschossen. Nach Abu Ghraib und dem eigens daf\u00fcr geschaffenen Gef\u00e4ngnis in Guant\u00e1namo kann der Westen nur noch \u00fcber &#8220;Folter&#8221; schreien! Aus irgendeinem Grund wurden die Aussagen der Islamisten, die in diesen Gef\u00e4ngnissen &#8220;verh\u00f6rt&#8221; wurden, nie angezweifelt.<\/p>\n<p>Deshalb ist der Westen so nerv\u00f6s, deshalb dr\u00e4ngt er darauf, den k\u00fcnftigen Aussagen der Verd\u00e4chtigen keinen Glauben zu schenken, denn wir alle wissen, wohin die blutigen Spuren des Terrorismus vom &#8220;Crocus&#8221;-Konzertsaal aus f\u00fchren werden. Und das bedeutet, dass nicht nur die T\u00e4ter bestraft werden, sondern auch die direkten Organisatoren und (das Schlimmste f\u00fcr den Westen und die Ukraine) die Besteller dieser monstr\u00f6sen Gr\u00e4ueltat.<\/p>\n<p><em>* Eine in Russland verbotene terroristische Organisation.<\/em><\/p>\n<p><em>\u00dcbersetzt aus dem <a rel=\"nofollow noopener\" target=\"_blank\" href=\"https:\/\/ria.ru\/20240329\/terakt-1936489038.html\">Russischen<\/a>. Der Artikel ist am 29. M\u00e4rz 2024 auf ria.ru erschienen.\u00a0<\/em><\/p>\n<p><strong>Mehr zum Thema<\/strong> &#8211; <a rel=\"nofollow noopener\" target=\"_blank\" href=\"https:\/\/freedert.online\/meinung\/200511-terror-in-moskau-und-geschichte\/\">Terror in Moskau und die Geschichte vom Islamischen Staat<\/a><\/p>\n<\/div>\n<p><br \/>\n<br \/><a href=\"https:\/\/de.rt.com\/meinung\/201049-westen-in-panik-ob-gestaendnisse\/\">Source link <\/a><\/p>\n","protected":false},"excerpt":{"rendered":"<p>Die Berichterstattung \u00fcber den Terroranschlag auf die Moskauer &#8220;Crocus City Hall&#8221; im Westen ist gepr\u00e4gt von dem offensichtlichen Bem\u00fchen, jeden Verdacht von der Ukraine wegzulenken. Dabei ist das gr\u00f6\u00dfte Problem der westlichen Propaganda, dass die ausf\u00fchrenden Terroristen \u00fcberlebt haben und Gest\u00e4ndnisse ablegen. Von Wladimir Kornilow Eine Woche ist seit dem schrecklichen Massaker vergangen, das von [&hellip;]<\/p>\n","protected":false},"author":3,"featured_media":57997,"comment_status":"open","ping_status":"open","sticky":false,"template":"","format":"standard","meta":{"_yoast_indexnow_last_ping":["1711746237"],"wp_automatic_camp":["217"],"a22a85dd995a0ad1ec1a97d62d69043d":["Westen in Panik angesichts der Gest\u00e4ndnisse der Terrorverd\u00e4chtigen von Moskau"],"original_link":["https:\/\/de.rt.com\/meinung\/201049-westen-in-panik-ob-gestaendnisse\/"],"_thumbnail_id":["57997"],"jnews_social_counter_last_update":["1777342638"],"_wptgpro_p2tg_sent2tg":["a:1:{i:23737;s:19:\"2024-03-29 23:05:04\";}"]},"categories":[19,23],"tags":[4894,82,29106,946,3379,41416,50,378],"yoast_head":"<!-- This site is optimized with the Yoast SEO Premium plugin v22.7 (Yoast SEO v22.7) - https:\/\/yoast.com\/wordpress\/plugins\/seo\/ -->\n<title>Westen in Panik angesichts der Gest\u00e4ndnisse der Terrorverd\u00e4chtigen von Moskau - just-now.NEWS Deutschland<\/title>\n<meta name=\"robots\" content=\"index, follow, max-snippet:-1, max-image-preview:large, max-video-preview:-1\" \/>\n<link rel=\"canonical\" href=\"https:\/\/now-news.de\/de\/deutschland\/westen-in-panik-angesichts-der-gestaendnisse-der-terrorverdaechtigen-von-moskau\/\" \/>\n<meta property=\"og:locale\" content=\"de_DE\" \/>\n<meta property=\"og:type\" content=\"article\" \/>\n<meta property=\"og:title\" content=\"Westen in Panik angesichts der Gest\u00e4ndnisse der Terrorverd\u00e4chtigen von Moskau\" \/>\n<meta property=\"og:description\" content=\"Die Berichterstattung \u00fcber den Terroranschlag auf die Moskauer &#8220;Crocus City Hall&#8221; im Westen ist gepr\u00e4gt von dem offensichtlichen Bem\u00fchen, jeden Verdacht von der Ukraine wegzulenken. Dabei ist das gr\u00f6\u00dfte Problem der westlichen Propaganda, dass die ausf\u00fchrenden Terroristen \u00fcberlebt haben und Gest\u00e4ndnisse ablegen. Von Wladimir Kornilow Eine Woche ist seit dem schrecklichen Massaker vergangen, das von [&hellip;]\" \/>\n<meta property=\"og:url\" content=\"https:\/\/now-news.de\/de\/deutschland\/westen-in-panik-angesichts-der-gestaendnisse-der-terrorverdaechtigen-von-moskau\/\" \/>\n<meta property=\"og:site_name\" content=\"just-now.NEWS Deutschland\" \/>\n<meta property=\"article:publisher\" content=\"https:\/\/www.facebook.com\/wirmachenauf\" \/>\n<meta property=\"article:published_time\" content=\"2024-03-29T20:55:16+00:00\" \/>\n<meta property=\"og:image\" content=\"https:\/\/now-news.de\/de\/wp-content\/uploads\/sites\/3\/2024\/03\/Westen-in-Panik-angesichts-der-Gestaendnisse-der-Terrorverdaechtigen-von-Moskau.jpg\" \/>\n\t<meta property=\"og:image:width\" content=\"460\" \/>\n\t<meta property=\"og:image:height\" content=\"259\" \/>\n\t<meta property=\"og:image:type\" content=\"image\/jpeg\" \/>\n<meta name=\"author\" content=\"rtnews\" \/>\n<meta name=\"twitter:card\" content=\"summary_large_image\" \/>\n<meta name=\"twitter:creator\" content=\"@WirMachenAuf_de\" \/>\n<meta name=\"twitter:site\" content=\"@WirMachenAuf_de\" \/>\n<meta name=\"twitter:label1\" content=\"Verfasst von\" \/>\n\t<meta name=\"twitter:data1\" content=\"rtnews\" \/>\n\t<meta name=\"twitter:label2\" content=\"Gesch\u00e4tzte Lesezeit\" \/>\n\t<meta name=\"twitter:data2\" content=\"8\u00a0Minuten\" \/>\n<script type=\"application\/ld+json\" class=\"yoast-schema-graph\">{\"@context\":\"https:\/\/schema.org\",\"@graph\":[{\"@type\":\"Article\",\"@id\":\"https:\/\/now-news.de\/de\/deutschland\/westen-in-panik-angesichts-der-gestaendnisse-der-terrorverdaechtigen-von-moskau\/#article\",\"isPartOf\":{\"@id\":\"https:\/\/now-news.de\/de\/deutschland\/westen-in-panik-angesichts-der-gestaendnisse-der-terrorverdaechtigen-von-moskau\/\"},\"author\":{\"name\":\"rtnews\",\"@id\":\"https:\/\/now-news.de\/de\/#\/schema\/person\/fb534a4e865501d8b3285208df34a9b5\"},\"headline\":\"Westen in Panik angesichts der Gest\u00e4ndnisse der Terrorverd\u00e4chtigen von Moskau\",\"datePublished\":\"2024-03-29T20:55:16+00:00\",\"dateModified\":\"2024-03-29T20:55:16+00:00\",\"mainEntityOfPage\":{\"@id\":\"https:\/\/now-news.de\/de\/deutschland\/westen-in-panik-angesichts-der-gestaendnisse-der-terrorverdaechtigen-von-moskau\/\"},\"wordCount\":1608,\"commentCount\":0,\"publisher\":{\"@id\":\"https:\/\/now-news.de\/de\/#organization\"},\"image\":{\"@id\":\"https:\/\/now-news.de\/de\/deutschland\/westen-in-panik-angesichts-der-gestaendnisse-der-terrorverdaechtigen-von-moskau\/#primaryimage\"},\"thumbnailUrl\":\"https:\/\/now-news.de\/de\/wp-content\/uploads\/sites\/3\/2024\/03\/Westen-in-Panik-angesichts-der-Gestaendnisse-der-Terrorverdaechtigen-von-Moskau.jpg\",\"keywords\":[\"angesichts\",\"der\",\"Gest\u00e4ndnisse\",\"Moskau\",\"Panik\",\"Terrorverd\u00e4chtigen\",\"von\",\"Westen\"],\"articleSection\":[\"Deutschland\",\"Russland\"],\"inLanguage\":\"de\",\"potentialAction\":[{\"@type\":\"CommentAction\",\"name\":\"Comment\",\"target\":[\"https:\/\/now-news.de\/de\/deutschland\/westen-in-panik-angesichts-der-gestaendnisse-der-terrorverdaechtigen-von-moskau\/#respond\"]}]},{\"@type\":\"WebPage\",\"@id\":\"https:\/\/now-news.de\/de\/deutschland\/westen-in-panik-angesichts-der-gestaendnisse-der-terrorverdaechtigen-von-moskau\/\",\"url\":\"https:\/\/now-news.de\/de\/deutschland\/westen-in-panik-angesichts-der-gestaendnisse-der-terrorverdaechtigen-von-moskau\/\",\"name\":\"Westen in Panik angesichts der Gest\u00e4ndnisse der Terrorverd\u00e4chtigen von Moskau - just-now.NEWS Deutschland\",\"isPartOf\":{\"@id\":\"https:\/\/now-news.de\/de\/#website\"},\"primaryImageOfPage\":{\"@id\":\"https:\/\/now-news.de\/de\/deutschland\/westen-in-panik-angesichts-der-gestaendnisse-der-terrorverdaechtigen-von-moskau\/#primaryimage\"},\"image\":{\"@id\":\"https:\/\/now-news.de\/de\/deutschland\/westen-in-panik-angesichts-der-gestaendnisse-der-terrorverdaechtigen-von-moskau\/#primaryimage\"},\"thumbnailUrl\":\"https:\/\/now-news.de\/de\/wp-content\/uploads\/sites\/3\/2024\/03\/Westen-in-Panik-angesichts-der-Gestaendnisse-der-Terrorverdaechtigen-von-Moskau.jpg\",\"datePublished\":\"2024-03-29T20:55:16+00:00\",\"dateModified\":\"2024-03-29T20:55:16+00:00\",\"breadcrumb\":{\"@id\":\"https:\/\/now-news.de\/de\/deutschland\/westen-in-panik-angesichts-der-gestaendnisse-der-terrorverdaechtigen-von-moskau\/#breadcrumb\"},\"inLanguage\":\"de\",\"potentialAction\":[{\"@type\":\"ReadAction\",\"target\":[\"https:\/\/now-news.de\/de\/deutschland\/westen-in-panik-angesichts-der-gestaendnisse-der-terrorverdaechtigen-von-moskau\/\"]}]},{\"@type\":\"ImageObject\",\"inLanguage\":\"de\",\"@id\":\"https:\/\/now-news.de\/de\/deutschland\/westen-in-panik-angesichts-der-gestaendnisse-der-terrorverdaechtigen-von-moskau\/#primaryimage\",\"url\":\"https:\/\/now-news.de\/de\/wp-content\/uploads\/sites\/3\/2024\/03\/Westen-in-Panik-angesichts-der-Gestaendnisse-der-Terrorverdaechtigen-von-Moskau.jpg\",\"contentUrl\":\"https:\/\/now-news.de\/de\/wp-content\/uploads\/sites\/3\/2024\/03\/Westen-in-Panik-angesichts-der-Gestaendnisse-der-Terrorverdaechtigen-von-Moskau.jpg\",\"width\":460,\"height\":259,\"caption\":\"Westen in Panik angesichts der Gest\u00e4ndnisse der Terrorverd\u00e4chtigen von Moskau\"},{\"@type\":\"BreadcrumbList\",\"@id\":\"https:\/\/now-news.de\/de\/deutschland\/westen-in-panik-angesichts-der-gestaendnisse-der-terrorverdaechtigen-von-moskau\/#breadcrumb\",\"itemListElement\":[{\"@type\":\"ListItem\",\"position\":1,\"name\":\"Home\",\"item\":\"https:\/\/now-news.de\/de\/\"},{\"@type\":\"ListItem\",\"position\":2,\"name\":\"Westen in Panik angesichts der Gest\u00e4ndnisse der Terrorverd\u00e4chtigen von Moskau\"}]},{\"@type\":\"WebSite\",\"@id\":\"https:\/\/now-news.de\/de\/#website\",\"url\":\"https:\/\/now-news.de\/de\/\",\"name\":\"just-now.NEWS Deutschland\",\"description\":\"Das Portal f\u00fcr unzensierte Nachrichten aus der Welt\",\"publisher\":{\"@id\":\"https:\/\/now-news.de\/de\/#organization\"},\"potentialAction\":[{\"@type\":\"SearchAction\",\"target\":{\"@type\":\"EntryPoint\",\"urlTemplate\":\"https:\/\/now-news.de\/de\/?s={search_term_string}\"},\"query-input\":\"required name=search_term_string\"}],\"inLanguage\":\"de\"},{\"@type\":\"Organization\",\"@id\":\"https:\/\/now-news.de\/de\/#organization\",\"name\":\"Just Now News\",\"url\":\"https:\/\/now-news.de\/de\/\",\"logo\":{\"@type\":\"ImageObject\",\"inLanguage\":\"de\",\"@id\":\"https:\/\/now-news.de\/de\/#\/schema\/logo\/image\/\",\"url\":\"http:\/\/just-now.news\/de\/wp-content\/uploads\/sites\/3\/2022\/04\/logo500x500.jpg\",\"contentUrl\":\"http:\/\/just-now.news\/de\/wp-content\/uploads\/sites\/3\/2022\/04\/logo500x500.jpg\",\"width\":500,\"height\":500,\"caption\":\"Just Now News\"},\"image\":{\"@id\":\"https:\/\/now-news.de\/de\/#\/schema\/logo\/image\/\"},\"sameAs\":[\"https:\/\/www.facebook.com\/wirmachenauf\",\"https:\/\/x.com\/WirMachenAuf_de\"]},{\"@type\":\"Person\",\"@id\":\"https:\/\/now-news.de\/de\/#\/schema\/person\/fb534a4e865501d8b3285208df34a9b5\",\"name\":\"rtnews\",\"image\":{\"@type\":\"ImageObject\",\"inLanguage\":\"de\",\"@id\":\"https:\/\/now-news.de\/de\/#\/schema\/person\/image\/\",\"url\":\"https:\/\/secure.gravatar.com\/avatar\/82aafea7d8127119dd649515f56e2117?s=96&d=mm&r=g\",\"contentUrl\":\"https:\/\/secure.gravatar.com\/avatar\/82aafea7d8127119dd649515f56e2117?s=96&d=mm&r=g\",\"caption\":\"rtnews\"},\"url\":\"https:\/\/now-news.de\/de\/author\/rnews\/\"}]}<\/script>\n<!-- \/ Yoast SEO Premium plugin. -->","yoast_head_json":{"title":"Westen in Panik angesichts der Gest\u00e4ndnisse der Terrorverd\u00e4chtigen von Moskau - just-now.NEWS Deutschland","robots":{"index":"index","follow":"follow","max-snippet":"max-snippet:-1","max-image-preview":"max-image-preview:large","max-video-preview":"max-video-preview:-1"},"canonical":"https:\/\/now-news.de\/de\/deutschland\/westen-in-panik-angesichts-der-gestaendnisse-der-terrorverdaechtigen-von-moskau\/","og_locale":"de_DE","og_type":"article","og_title":"Westen in Panik angesichts der Gest\u00e4ndnisse der Terrorverd\u00e4chtigen von Moskau","og_description":"Die Berichterstattung \u00fcber den Terroranschlag auf die Moskauer &#8220;Crocus City Hall&#8221; im Westen ist gepr\u00e4gt von dem offensichtlichen Bem\u00fchen, jeden Verdacht von der Ukraine wegzulenken. Dabei ist das gr\u00f6\u00dfte Problem der westlichen Propaganda, dass die ausf\u00fchrenden Terroristen \u00fcberlebt haben und Gest\u00e4ndnisse ablegen. Von Wladimir Kornilow Eine Woche ist seit dem schrecklichen Massaker vergangen, das von [&hellip;]","og_url":"https:\/\/now-news.de\/de\/deutschland\/westen-in-panik-angesichts-der-gestaendnisse-der-terrorverdaechtigen-von-moskau\/","og_site_name":"just-now.NEWS Deutschland","article_publisher":"https:\/\/www.facebook.com\/wirmachenauf","article_published_time":"2024-03-29T20:55:16+00:00","og_image":[{"width":460,"height":259,"url":"https:\/\/now-news.de\/de\/wp-content\/uploads\/sites\/3\/2024\/03\/Westen-in-Panik-angesichts-der-Gestaendnisse-der-Terrorverdaechtigen-von-Moskau.jpg","type":"image\/jpeg"}],"author":"rtnews","twitter_card":"summary_large_image","twitter_creator":"@WirMachenAuf_de","twitter_site":"@WirMachenAuf_de","twitter_misc":{"Verfasst von":"rtnews","Gesch\u00e4tzte Lesezeit":"8\u00a0Minuten"},"schema":{"@context":"https:\/\/schema.org","@graph":[{"@type":"Article","@id":"https:\/\/now-news.de\/de\/deutschland\/westen-in-panik-angesichts-der-gestaendnisse-der-terrorverdaechtigen-von-moskau\/#article","isPartOf":{"@id":"https:\/\/now-news.de\/de\/deutschland\/westen-in-panik-angesichts-der-gestaendnisse-der-terrorverdaechtigen-von-moskau\/"},"author":{"name":"rtnews","@id":"https:\/\/now-news.de\/de\/#\/schema\/person\/fb534a4e865501d8b3285208df34a9b5"},"headline":"Westen in Panik angesichts der Gest\u00e4ndnisse der Terrorverd\u00e4chtigen von Moskau","datePublished":"2024-03-29T20:55:16+00:00","dateModified":"2024-03-29T20:55:16+00:00","mainEntityOfPage":{"@id":"https:\/\/now-news.de\/de\/deutschland\/westen-in-panik-angesichts-der-gestaendnisse-der-terrorverdaechtigen-von-moskau\/"},"wordCount":1608,"commentCount":0,"publisher":{"@id":"https:\/\/now-news.de\/de\/#organization"},"image":{"@id":"https:\/\/now-news.de\/de\/deutschland\/westen-in-panik-angesichts-der-gestaendnisse-der-terrorverdaechtigen-von-moskau\/#primaryimage"},"thumbnailUrl":"https:\/\/now-news.de\/de\/wp-content\/uploads\/sites\/3\/2024\/03\/Westen-in-Panik-angesichts-der-Gestaendnisse-der-Terrorverdaechtigen-von-Moskau.jpg","keywords":["angesichts","der","Gest\u00e4ndnisse","Moskau","Panik","Terrorverd\u00e4chtigen","von","Westen"],"articleSection":["Deutschland","Russland"],"inLanguage":"de","potentialAction":[{"@type":"CommentAction","name":"Comment","target":["https:\/\/now-news.de\/de\/deutschland\/westen-in-panik-angesichts-der-gestaendnisse-der-terrorverdaechtigen-von-moskau\/#respond"]}]},{"@type":"WebPage","@id":"https:\/\/now-news.de\/de\/deutschland\/westen-in-panik-angesichts-der-gestaendnisse-der-terrorverdaechtigen-von-moskau\/","url":"https:\/\/now-news.de\/de\/deutschland\/westen-in-panik-angesichts-der-gestaendnisse-der-terrorverdaechtigen-von-moskau\/","name":"Westen in Panik angesichts der Gest\u00e4ndnisse der Terrorverd\u00e4chtigen von Moskau - just-now.NEWS Deutschland","isPartOf":{"@id":"https:\/\/now-news.de\/de\/#website"},"primaryImageOfPage":{"@id":"https:\/\/now-news.de\/de\/deutschland\/westen-in-panik-angesichts-der-gestaendnisse-der-terrorverdaechtigen-von-moskau\/#primaryimage"},"image":{"@id":"https:\/\/now-news.de\/de\/deutschland\/westen-in-panik-angesichts-der-gestaendnisse-der-terrorverdaechtigen-von-moskau\/#primaryimage"},"thumbnailUrl":"https:\/\/now-news.de\/de\/wp-content\/uploads\/sites\/3\/2024\/03\/Westen-in-Panik-angesichts-der-Gestaendnisse-der-Terrorverdaechtigen-von-Moskau.jpg","datePublished":"2024-03-29T20:55:16+00:00","dateModified":"2024-03-29T20:55:16+00:00","breadcrumb":{"@id":"https:\/\/now-news.de\/de\/deutschland\/westen-in-panik-angesichts-der-gestaendnisse-der-terrorverdaechtigen-von-moskau\/#breadcrumb"},"inLanguage":"de","potentialAction":[{"@type":"ReadAction","target":["https:\/\/now-news.de\/de\/deutschland\/westen-in-panik-angesichts-der-gestaendnisse-der-terrorverdaechtigen-von-moskau\/"]}]},{"@type":"ImageObject","inLanguage":"de","@id":"https:\/\/now-news.de\/de\/deutschland\/westen-in-panik-angesichts-der-gestaendnisse-der-terrorverdaechtigen-von-moskau\/#primaryimage","url":"https:\/\/now-news.de\/de\/wp-content\/uploads\/sites\/3\/2024\/03\/Westen-in-Panik-angesichts-der-Gestaendnisse-der-Terrorverdaechtigen-von-Moskau.jpg","contentUrl":"https:\/\/now-news.de\/de\/wp-content\/uploads\/sites\/3\/2024\/03\/Westen-in-Panik-angesichts-der-Gestaendnisse-der-Terrorverdaechtigen-von-Moskau.jpg","width":460,"height":259,"caption":"Westen in Panik angesichts der Gest\u00e4ndnisse der Terrorverd\u00e4chtigen von Moskau"},{"@type":"BreadcrumbList","@id":"https:\/\/now-news.de\/de\/deutschland\/westen-in-panik-angesichts-der-gestaendnisse-der-terrorverdaechtigen-von-moskau\/#breadcrumb","itemListElement":[{"@type":"ListItem","position":1,"name":"Home","item":"https:\/\/now-news.de\/de\/"},{"@type":"ListItem","position":2,"name":"Westen in Panik angesichts der Gest\u00e4ndnisse der Terrorverd\u00e4chtigen von Moskau"}]},{"@type":"WebSite","@id":"https:\/\/now-news.de\/de\/#website","url":"https:\/\/now-news.de\/de\/","name":"just-now.NEWS Deutschland","description":"Das Portal f\u00fcr unzensierte Nachrichten aus der Welt","publisher":{"@id":"https:\/\/now-news.de\/de\/#organization"},"potentialAction":[{"@type":"SearchAction","target":{"@type":"EntryPoint","urlTemplate":"https:\/\/now-news.de\/de\/?s={search_term_string}"},"query-input":"required name=search_term_string"}],"inLanguage":"de"},{"@type":"Organization","@id":"https:\/\/now-news.de\/de\/#organization","name":"Just Now News","url":"https:\/\/now-news.de\/de\/","logo":{"@type":"ImageObject","inLanguage":"de","@id":"https:\/\/now-news.de\/de\/#\/schema\/logo\/image\/","url":"http:\/\/just-now.news\/de\/wp-content\/uploads\/sites\/3\/2022\/04\/logo500x500.jpg","contentUrl":"http:\/\/just-now.news\/de\/wp-content\/uploads\/sites\/3\/2022\/04\/logo500x500.jpg","width":500,"height":500,"caption":"Just Now News"},"image":{"@id":"https:\/\/now-news.de\/de\/#\/schema\/logo\/image\/"},"sameAs":["https:\/\/www.facebook.com\/wirmachenauf","https:\/\/x.com\/WirMachenAuf_de"]},{"@type":"Person","@id":"https:\/\/now-news.de\/de\/#\/schema\/person\/fb534a4e865501d8b3285208df34a9b5","name":"rtnews","image":{"@type":"ImageObject","inLanguage":"de","@id":"https:\/\/now-news.de\/de\/#\/schema\/person\/image\/","url":"https:\/\/secure.gravatar.com\/avatar\/82aafea7d8127119dd649515f56e2117?s=96&d=mm&r=g","contentUrl":"https:\/\/secure.gravatar.com\/avatar\/82aafea7d8127119dd649515f56e2117?s=96&d=mm&r=g","caption":"rtnews"},"url":"https:\/\/now-news.de\/de\/author\/rnews\/"}]}},"_links":{"self":[{"href":"https:\/\/now-news.de\/de\/wp-json\/wp\/v2\/posts\/57996"}],"collection":[{"href":"https:\/\/now-news.de\/de\/wp-json\/wp\/v2\/posts"}],"about":[{"href":"https:\/\/now-news.de\/de\/wp-json\/wp\/v2\/types\/post"}],"author":[{"embeddable":true,"href":"https:\/\/now-news.de\/de\/wp-json\/wp\/v2\/users\/3"}],"replies":[{"embeddable":true,"href":"https:\/\/now-news.de\/de\/wp-json\/wp\/v2\/comments?post=57996"}],"version-history":[{"count":0,"href":"https:\/\/now-news.de\/de\/wp-json\/wp\/v2\/posts\/57996\/revisions"}],"wp:featuredmedia":[{"embeddable":true,"href":"https:\/\/now-news.de\/de\/wp-json\/wp\/v2\/media\/57997"}],"wp:attachment":[{"href":"https:\/\/now-news.de\/de\/wp-json\/wp\/v2\/media?parent=57996"}],"wp:term":[{"taxonomy":"category","embeddable":true,"href":"https:\/\/now-news.de\/de\/wp-json\/wp\/v2\/categories?post=57996"},{"taxonomy":"post_tag","embeddable":true,"href":"https:\/\/now-news.de\/de\/wp-json\/wp\/v2\/tags?post=57996"}],"curies":[{"name":"wp","href":"https:\/\/api.w.org\/{rel}","templated":true}]}}