{"id":57973,"date":"2024-03-29T18:23:57","date_gmt":"2024-03-29T16:23:57","guid":{"rendered":"https:\/\/just-now.news\/de\/deutschland\/nigeria-laesst-hunderte-frei-die-als-boko-haram-terroristen-unter-verdacht-standen\/"},"modified":"2024-03-29T18:23:57","modified_gmt":"2024-03-29T16:23:57","slug":"nigeria-laesst-hunderte-frei-die-als-boko-haram-terroristen-unter-verdacht-standen","status":"publish","type":"post","link":"https:\/\/now-news.de\/de\/deutschland\/nigeria-laesst-hunderte-frei-die-als-boko-haram-terroristen-unter-verdacht-standen\/","title":{"rendered":"Nigeria l\u00e4sst Hunderte frei, die als Boko-Haram-Terroristen unter Verdacht standen"},"content":{"rendered":"<p><img decoding=\"async\" src=\"http:\/\/just-now.news\/de\/wp-content\/uploads\/sites\/3\/2024\/03\/6606da9f48fbef28352a597f.jpg\" \/><\/p>\n<div class=\"Text-root Text-type_1 \">\n                Ein Gericht im Bundesstaats Borno hat ihre Freilassung aus Mangel an Beweisen angeordnet. Sie waren im Zuge des milit\u00e4rischen Vorgehens gegen Boko Haram festgenommen worden. Boko Haram operiert in Nigeria seit mehr als zehn Jahren und wurde unter anderem durch Massenentf\u00fchrungen bekannt.\n            <\/div>\n<p><\/p>\n<div class=\"Text-root Text-type_5 ArticleView-text ViewText-root \">\n<p>Mehr als 300 Nigerianer, die unter Verdacht standen, an der islamistischen Terrorbewegung Boko Haram beteiligt gewesen zu sein, werden in dem westafrikanischen Land freigelassen, nachdem ein Bundesgericht zu dem Schluss kam, dass es keine Belege gebe, die ihre Strafverfolgung rechtfertige. Dies erkl\u00e4rte ein Armeesprecher am Donnerstag.<\/p>\n<p>Generalmajor Edward Buba sagte in der Hauptstadt Abuja vor Reportern, die 313 festgesetzten Verd\u00e4chtigen w\u00fcrden &#8220;im Verlauf der Woche&#8221; der Regierung des nord\u00f6stlichen Bundesstaats Borno \u00fcbergeben, wie es der Gerichtshof in Maiduguri angeordnet hatte.<\/p>\n<p>&#8220;Das Gericht befahl die Freilassung aus Mangel an Beweisen nach Abschluss der Ermittlungen und anderer, nebens\u00e4chlicher Dinge,&#8221; erkl\u00e4rte Buba, ohne mitzuteilen, wie lange die Verd\u00e4chtigen bereits in Haft waren.<\/p>\n<p>Die Organisation Boko Haram, 2014 durch die Entf\u00fchrung hunderter Schulm\u00e4dchen in der Stadt Chibok im Gebiet Borno bekannt geworden, hat seit 2009 unz\u00e4hlige gr\u00f6\u00dfere Angriffe durchgef\u00fchrt, als sie eine Rebellion begann, um die Regierung zu st\u00fcrzen und einen islamischen Staat zu errichten. Die grenz\u00fcbergreifenden Angriffe der Organisation f\u00fchrten vor fast einem Jahrzehnt zur Gr\u00fcndung einer multinationalen Eingreiftruppe, ein milit\u00e4risches B\u00fcndnis bestehend aus Kamerun, dem Tschad, Niger, Nigeria und Benin. Nach UN-Angaben haben die Rebellen allein in Nigeria Tausende get\u00f6tet und mehr als zwei Millionen Menschen vertrieben.<\/p>\n<p>Borno ist einer der am schwersten betroffenen Bundesstaaten. Bei den fortgesetzten Milit\u00e4reins\u00e4tzen gegen Boko Haram wurden allein in der vergangenen Woche in Nigeria 137 Personen festgenommen.<\/p>\n<p>Afrikas bev\u00f6lkerungsreichstes Land hat eine Reihe von Aufstandsbek\u00e4mpfungsma\u00dfnahmen ergriffen, darunter auch eine Amnestie f\u00fcr Dschihadisten, die bereit sind, aufzugeben. &#8220;Reum\u00fctige Terroristen&#8221; absolvieren ein Rehabilitationsprogramm, ehe sie wieder in die Gesellschaft integriert werden. Im Juli 2023 hatte Nigerias Armeechef, Taoreed Lagbaja, angeblich das Amnestieprogramm kritisiert und erkl\u00e4rt, es habe stattdessen Kriminellen geholfen, sich neu zu organisieren, um in dem gepeinigten Land weitere Angriffe ausf\u00fchren zu k\u00f6nnen.<\/p>\n<p>Die \u00f6rtliche Zeitung <em>The Punch<\/em> zitiert den nigerianischen Justizminister Lateef Fagbemi mit einer Aussage vom vergangenen Dezember, wonach bei 1.323 Verd\u00e4chtigen, die des Terrorismus angeklagt wurden, wegen Mangels an Beweisen nur 366 Verurteilungen erreicht wurden.<\/p>\n<p><strong>Mehr zum Thema<\/strong> &#8211; <a rel=\"nofollow noopener\" target=\"_blank\" href=\"https:\/\/freeassange.rtde.live\/international\/179523-mali-niger-gabun-siegen-am\/\">Mali, Niger, Gabun \u2012 Siegen am Ende die USA?<\/a><\/p>\n<\/div>\n<p><br \/>\n<br \/><a href=\"https:\/\/de.rt.com\/international\/201024-nigeria-laesst-hunderte-frei-als\/\">Source link <\/a><\/p>\n","protected":false},"excerpt":{"rendered":"<p>Ein Gericht im Bundesstaats Borno hat ihre Freilassung aus Mangel an Beweisen angeordnet. Sie waren im Zuge des milit\u00e4rischen Vorgehens gegen Boko Haram festgenommen worden. Boko Haram operiert in Nigeria seit mehr als zehn Jahren und wurde unter anderem durch Massenentf\u00fchrungen bekannt. Mehr als 300 Nigerianer, die unter Verdacht standen, an der islamistischen Terrorbewegung Boko [&hellip;]<\/p>\n","protected":false},"author":3,"featured_media":57974,"comment_status":"open","ping_status":"open","sticky":false,"template":"","format":"standard","meta":{"_yoast_indexnow_last_ping":["1711729794"],"wp_automatic_camp":["217"],"04f1958b2632750608c85e91e827393d":["Nigeria l\u00e4sst Hunderte frei, die als Boko-Haram-Terroristen unter Verdacht standen"],"original_link":["https:\/\/de.rt.com\/international\/201024-nigeria-laesst-hunderte-frei-als\/"],"_thumbnail_id":["57974"],"_wptgpro_p2tg_sent2tg":["a:1:{i:23737;s:19:\"2024-03-29 18:31:00\";}"],"jnews_social_counter_last_update":["1777462654"]},"categories":[19,23],"tags":[273,54811,45,1008,4403,1545,10089,54151,908,6227],"yoast_head":"<!-- This site is optimized with the Yoast SEO Premium plugin v22.7 (Yoast SEO v22.7) - https:\/\/yoast.com\/wordpress\/plugins\/seo\/ -->\n<title>Nigeria l\u00e4sst Hunderte frei, die als Boko-Haram-Terroristen unter Verdacht standen - just-now.NEWS Deutschland<\/title>\n<meta name=\"robots\" content=\"index, follow, max-snippet:-1, max-image-preview:large, max-video-preview:-1\" \/>\n<link rel=\"canonical\" href=\"https:\/\/now-news.de\/de\/deutschland\/nigeria-laesst-hunderte-frei-die-als-boko-haram-terroristen-unter-verdacht-standen\/\" \/>\n<meta property=\"og:locale\" content=\"de_DE\" \/>\n<meta property=\"og:type\" content=\"article\" \/>\n<meta property=\"og:title\" content=\"Nigeria l\u00e4sst Hunderte frei, die als Boko-Haram-Terroristen unter Verdacht standen\" \/>\n<meta property=\"og:description\" content=\"Ein Gericht im Bundesstaats Borno hat ihre Freilassung aus Mangel an Beweisen angeordnet. Sie waren im Zuge des milit\u00e4rischen Vorgehens gegen Boko Haram festgenommen worden. Boko Haram operiert in Nigeria seit mehr als zehn Jahren und wurde unter anderem durch Massenentf\u00fchrungen bekannt. Mehr als 300 Nigerianer, die unter Verdacht standen, an der islamistischen Terrorbewegung Boko [&hellip;]\" \/>\n<meta property=\"og:url\" content=\"https:\/\/now-news.de\/de\/deutschland\/nigeria-laesst-hunderte-frei-die-als-boko-haram-terroristen-unter-verdacht-standen\/\" \/>\n<meta property=\"og:site_name\" content=\"just-now.NEWS Deutschland\" \/>\n<meta property=\"article:publisher\" content=\"https:\/\/www.facebook.com\/wirmachenauf\" \/>\n<meta property=\"article:published_time\" content=\"2024-03-29T16:23:57+00:00\" \/>\n<meta property=\"og:image\" content=\"https:\/\/now-news.de\/de\/wp-content\/uploads\/sites\/3\/2024\/03\/Nigeria-laesst-Hunderte-frei-die-als-Boko-Haram-Terroristen-unter-Verdacht-standen.jpg\" \/>\n\t<meta property=\"og:image:width\" content=\"460\" \/>\n\t<meta property=\"og:image:height\" content=\"259\" \/>\n\t<meta property=\"og:image:type\" content=\"image\/jpeg\" \/>\n<meta name=\"author\" content=\"rtnews\" \/>\n<meta name=\"twitter:card\" content=\"summary_large_image\" \/>\n<meta name=\"twitter:creator\" content=\"@WirMachenAuf_de\" \/>\n<meta name=\"twitter:site\" content=\"@WirMachenAuf_de\" \/>\n<meta name=\"twitter:label1\" content=\"Verfasst von\" \/>\n\t<meta name=\"twitter:data1\" content=\"rtnews\" \/>\n\t<meta name=\"twitter:label2\" content=\"Gesch\u00e4tzte Lesezeit\" \/>\n\t<meta name=\"twitter:data2\" content=\"2\u00a0Minuten\" \/>\n<script type=\"application\/ld+json\" class=\"yoast-schema-graph\">{\"@context\":\"https:\/\/schema.org\",\"@graph\":[{\"@type\":\"Article\",\"@id\":\"https:\/\/now-news.de\/de\/deutschland\/nigeria-laesst-hunderte-frei-die-als-boko-haram-terroristen-unter-verdacht-standen\/#article\",\"isPartOf\":{\"@id\":\"https:\/\/now-news.de\/de\/deutschland\/nigeria-laesst-hunderte-frei-die-als-boko-haram-terroristen-unter-verdacht-standen\/\"},\"author\":{\"name\":\"rtnews\",\"@id\":\"https:\/\/now-news.de\/de\/#\/schema\/person\/fb534a4e865501d8b3285208df34a9b5\"},\"headline\":\"Nigeria l\u00e4sst Hunderte frei, die als Boko-Haram-Terroristen unter Verdacht standen\",\"datePublished\":\"2024-03-29T16:23:57+00:00\",\"dateModified\":\"2024-03-29T16:23:57+00:00\",\"mainEntityOfPage\":{\"@id\":\"https:\/\/now-news.de\/de\/deutschland\/nigeria-laesst-hunderte-frei-die-als-boko-haram-terroristen-unter-verdacht-standen\/\"},\"wordCount\":413,\"commentCount\":0,\"publisher\":{\"@id\":\"https:\/\/now-news.de\/de\/#organization\"},\"image\":{\"@id\":\"https:\/\/now-news.de\/de\/deutschland\/nigeria-laesst-hunderte-frei-die-als-boko-haram-terroristen-unter-verdacht-standen\/#primaryimage\"},\"thumbnailUrl\":\"https:\/\/now-news.de\/de\/wp-content\/uploads\/sites\/3\/2024\/03\/Nigeria-laesst-Hunderte-frei-die-als-Boko-Haram-Terroristen-unter-Verdacht-standen.jpg\",\"keywords\":[\"als\",\"BokoHaramTerroristen\",\"die\",\"frei\",\"Hunderte\",\"l\u00e4sst\",\"Nigeria\",\"standen\",\"unter\",\"Verdacht\"],\"articleSection\":[\"Deutschland\",\"Russland\"],\"inLanguage\":\"de\",\"potentialAction\":[{\"@type\":\"CommentAction\",\"name\":\"Comment\",\"target\":[\"https:\/\/now-news.de\/de\/deutschland\/nigeria-laesst-hunderte-frei-die-als-boko-haram-terroristen-unter-verdacht-standen\/#respond\"]}]},{\"@type\":\"WebPage\",\"@id\":\"https:\/\/now-news.de\/de\/deutschland\/nigeria-laesst-hunderte-frei-die-als-boko-haram-terroristen-unter-verdacht-standen\/\",\"url\":\"https:\/\/now-news.de\/de\/deutschland\/nigeria-laesst-hunderte-frei-die-als-boko-haram-terroristen-unter-verdacht-standen\/\",\"name\":\"Nigeria l\u00e4sst Hunderte frei, die als Boko-Haram-Terroristen unter Verdacht standen - just-now.NEWS Deutschland\",\"isPartOf\":{\"@id\":\"https:\/\/now-news.de\/de\/#website\"},\"primaryImageOfPage\":{\"@id\":\"https:\/\/now-news.de\/de\/deutschland\/nigeria-laesst-hunderte-frei-die-als-boko-haram-terroristen-unter-verdacht-standen\/#primaryimage\"},\"image\":{\"@id\":\"https:\/\/now-news.de\/de\/deutschland\/nigeria-laesst-hunderte-frei-die-als-boko-haram-terroristen-unter-verdacht-standen\/#primaryimage\"},\"thumbnailUrl\":\"https:\/\/now-news.de\/de\/wp-content\/uploads\/sites\/3\/2024\/03\/Nigeria-laesst-Hunderte-frei-die-als-Boko-Haram-Terroristen-unter-Verdacht-standen.jpg\",\"datePublished\":\"2024-03-29T16:23:57+00:00\",\"dateModified\":\"2024-03-29T16:23:57+00:00\",\"breadcrumb\":{\"@id\":\"https:\/\/now-news.de\/de\/deutschland\/nigeria-laesst-hunderte-frei-die-als-boko-haram-terroristen-unter-verdacht-standen\/#breadcrumb\"},\"inLanguage\":\"de\",\"potentialAction\":[{\"@type\":\"ReadAction\",\"target\":[\"https:\/\/now-news.de\/de\/deutschland\/nigeria-laesst-hunderte-frei-die-als-boko-haram-terroristen-unter-verdacht-standen\/\"]}]},{\"@type\":\"ImageObject\",\"inLanguage\":\"de\",\"@id\":\"https:\/\/now-news.de\/de\/deutschland\/nigeria-laesst-hunderte-frei-die-als-boko-haram-terroristen-unter-verdacht-standen\/#primaryimage\",\"url\":\"https:\/\/now-news.de\/de\/wp-content\/uploads\/sites\/3\/2024\/03\/Nigeria-laesst-Hunderte-frei-die-als-Boko-Haram-Terroristen-unter-Verdacht-standen.jpg\",\"contentUrl\":\"https:\/\/now-news.de\/de\/wp-content\/uploads\/sites\/3\/2024\/03\/Nigeria-laesst-Hunderte-frei-die-als-Boko-Haram-Terroristen-unter-Verdacht-standen.jpg\",\"width\":460,\"height\":259,\"caption\":\"Nigeria l\u00e4sst Hunderte frei, die als Boko-Haram-Terroristen unter Verdacht standen\"},{\"@type\":\"BreadcrumbList\",\"@id\":\"https:\/\/now-news.de\/de\/deutschland\/nigeria-laesst-hunderte-frei-die-als-boko-haram-terroristen-unter-verdacht-standen\/#breadcrumb\",\"itemListElement\":[{\"@type\":\"ListItem\",\"position\":1,\"name\":\"Home\",\"item\":\"https:\/\/now-news.de\/de\/\"},{\"@type\":\"ListItem\",\"position\":2,\"name\":\"Nigeria l\u00e4sst Hunderte frei, die als Boko-Haram-Terroristen unter Verdacht standen\"}]},{\"@type\":\"WebSite\",\"@id\":\"https:\/\/now-news.de\/de\/#website\",\"url\":\"https:\/\/now-news.de\/de\/\",\"name\":\"just-now.NEWS Deutschland\",\"description\":\"Das Portal f\u00fcr unzensierte Nachrichten aus der Welt\",\"publisher\":{\"@id\":\"https:\/\/now-news.de\/de\/#organization\"},\"potentialAction\":[{\"@type\":\"SearchAction\",\"target\":{\"@type\":\"EntryPoint\",\"urlTemplate\":\"https:\/\/now-news.de\/de\/?s={search_term_string}\"},\"query-input\":\"required name=search_term_string\"}],\"inLanguage\":\"de\"},{\"@type\":\"Organization\",\"@id\":\"https:\/\/now-news.de\/de\/#organization\",\"name\":\"Just Now News\",\"url\":\"https:\/\/now-news.de\/de\/\",\"logo\":{\"@type\":\"ImageObject\",\"inLanguage\":\"de\",\"@id\":\"https:\/\/now-news.de\/de\/#\/schema\/logo\/image\/\",\"url\":\"http:\/\/just-now.news\/de\/wp-content\/uploads\/sites\/3\/2022\/04\/logo500x500.jpg\",\"contentUrl\":\"http:\/\/just-now.news\/de\/wp-content\/uploads\/sites\/3\/2022\/04\/logo500x500.jpg\",\"width\":500,\"height\":500,\"caption\":\"Just Now News\"},\"image\":{\"@id\":\"https:\/\/now-news.de\/de\/#\/schema\/logo\/image\/\"},\"sameAs\":[\"https:\/\/www.facebook.com\/wirmachenauf\",\"https:\/\/x.com\/WirMachenAuf_de\"]},{\"@type\":\"Person\",\"@id\":\"https:\/\/now-news.de\/de\/#\/schema\/person\/fb534a4e865501d8b3285208df34a9b5\",\"name\":\"rtnews\",\"image\":{\"@type\":\"ImageObject\",\"inLanguage\":\"de\",\"@id\":\"https:\/\/now-news.de\/de\/#\/schema\/person\/image\/\",\"url\":\"https:\/\/secure.gravatar.com\/avatar\/82aafea7d8127119dd649515f56e2117?s=96&d=mm&r=g\",\"contentUrl\":\"https:\/\/secure.gravatar.com\/avatar\/82aafea7d8127119dd649515f56e2117?s=96&d=mm&r=g\",\"caption\":\"rtnews\"},\"url\":\"https:\/\/now-news.de\/de\/author\/rnews\/\"}]}<\/script>\n<!-- \/ Yoast SEO Premium plugin. -->","yoast_head_json":{"title":"Nigeria l\u00e4sst Hunderte frei, die als Boko-Haram-Terroristen unter Verdacht standen - just-now.NEWS Deutschland","robots":{"index":"index","follow":"follow","max-snippet":"max-snippet:-1","max-image-preview":"max-image-preview:large","max-video-preview":"max-video-preview:-1"},"canonical":"https:\/\/now-news.de\/de\/deutschland\/nigeria-laesst-hunderte-frei-die-als-boko-haram-terroristen-unter-verdacht-standen\/","og_locale":"de_DE","og_type":"article","og_title":"Nigeria l\u00e4sst Hunderte frei, die als Boko-Haram-Terroristen unter Verdacht standen","og_description":"Ein Gericht im Bundesstaats Borno hat ihre Freilassung aus Mangel an Beweisen angeordnet. Sie waren im Zuge des milit\u00e4rischen Vorgehens gegen Boko Haram festgenommen worden. Boko Haram operiert in Nigeria seit mehr als zehn Jahren und wurde unter anderem durch Massenentf\u00fchrungen bekannt. Mehr als 300 Nigerianer, die unter Verdacht standen, an der islamistischen Terrorbewegung Boko [&hellip;]","og_url":"https:\/\/now-news.de\/de\/deutschland\/nigeria-laesst-hunderte-frei-die-als-boko-haram-terroristen-unter-verdacht-standen\/","og_site_name":"just-now.NEWS Deutschland","article_publisher":"https:\/\/www.facebook.com\/wirmachenauf","article_published_time":"2024-03-29T16:23:57+00:00","og_image":[{"width":460,"height":259,"url":"https:\/\/now-news.de\/de\/wp-content\/uploads\/sites\/3\/2024\/03\/Nigeria-laesst-Hunderte-frei-die-als-Boko-Haram-Terroristen-unter-Verdacht-standen.jpg","type":"image\/jpeg"}],"author":"rtnews","twitter_card":"summary_large_image","twitter_creator":"@WirMachenAuf_de","twitter_site":"@WirMachenAuf_de","twitter_misc":{"Verfasst von":"rtnews","Gesch\u00e4tzte Lesezeit":"2\u00a0Minuten"},"schema":{"@context":"https:\/\/schema.org","@graph":[{"@type":"Article","@id":"https:\/\/now-news.de\/de\/deutschland\/nigeria-laesst-hunderte-frei-die-als-boko-haram-terroristen-unter-verdacht-standen\/#article","isPartOf":{"@id":"https:\/\/now-news.de\/de\/deutschland\/nigeria-laesst-hunderte-frei-die-als-boko-haram-terroristen-unter-verdacht-standen\/"},"author":{"name":"rtnews","@id":"https:\/\/now-news.de\/de\/#\/schema\/person\/fb534a4e865501d8b3285208df34a9b5"},"headline":"Nigeria l\u00e4sst Hunderte frei, die als Boko-Haram-Terroristen unter Verdacht standen","datePublished":"2024-03-29T16:23:57+00:00","dateModified":"2024-03-29T16:23:57+00:00","mainEntityOfPage":{"@id":"https:\/\/now-news.de\/de\/deutschland\/nigeria-laesst-hunderte-frei-die-als-boko-haram-terroristen-unter-verdacht-standen\/"},"wordCount":413,"commentCount":0,"publisher":{"@id":"https:\/\/now-news.de\/de\/#organization"},"image":{"@id":"https:\/\/now-news.de\/de\/deutschland\/nigeria-laesst-hunderte-frei-die-als-boko-haram-terroristen-unter-verdacht-standen\/#primaryimage"},"thumbnailUrl":"https:\/\/now-news.de\/de\/wp-content\/uploads\/sites\/3\/2024\/03\/Nigeria-laesst-Hunderte-frei-die-als-Boko-Haram-Terroristen-unter-Verdacht-standen.jpg","keywords":["als","BokoHaramTerroristen","die","frei","Hunderte","l\u00e4sst","Nigeria","standen","unter","Verdacht"],"articleSection":["Deutschland","Russland"],"inLanguage":"de","potentialAction":[{"@type":"CommentAction","name":"Comment","target":["https:\/\/now-news.de\/de\/deutschland\/nigeria-laesst-hunderte-frei-die-als-boko-haram-terroristen-unter-verdacht-standen\/#respond"]}]},{"@type":"WebPage","@id":"https:\/\/now-news.de\/de\/deutschland\/nigeria-laesst-hunderte-frei-die-als-boko-haram-terroristen-unter-verdacht-standen\/","url":"https:\/\/now-news.de\/de\/deutschland\/nigeria-laesst-hunderte-frei-die-als-boko-haram-terroristen-unter-verdacht-standen\/","name":"Nigeria l\u00e4sst Hunderte frei, die als Boko-Haram-Terroristen unter Verdacht standen - just-now.NEWS Deutschland","isPartOf":{"@id":"https:\/\/now-news.de\/de\/#website"},"primaryImageOfPage":{"@id":"https:\/\/now-news.de\/de\/deutschland\/nigeria-laesst-hunderte-frei-die-als-boko-haram-terroristen-unter-verdacht-standen\/#primaryimage"},"image":{"@id":"https:\/\/now-news.de\/de\/deutschland\/nigeria-laesst-hunderte-frei-die-als-boko-haram-terroristen-unter-verdacht-standen\/#primaryimage"},"thumbnailUrl":"https:\/\/now-news.de\/de\/wp-content\/uploads\/sites\/3\/2024\/03\/Nigeria-laesst-Hunderte-frei-die-als-Boko-Haram-Terroristen-unter-Verdacht-standen.jpg","datePublished":"2024-03-29T16:23:57+00:00","dateModified":"2024-03-29T16:23:57+00:00","breadcrumb":{"@id":"https:\/\/now-news.de\/de\/deutschland\/nigeria-laesst-hunderte-frei-die-als-boko-haram-terroristen-unter-verdacht-standen\/#breadcrumb"},"inLanguage":"de","potentialAction":[{"@type":"ReadAction","target":["https:\/\/now-news.de\/de\/deutschland\/nigeria-laesst-hunderte-frei-die-als-boko-haram-terroristen-unter-verdacht-standen\/"]}]},{"@type":"ImageObject","inLanguage":"de","@id":"https:\/\/now-news.de\/de\/deutschland\/nigeria-laesst-hunderte-frei-die-als-boko-haram-terroristen-unter-verdacht-standen\/#primaryimage","url":"https:\/\/now-news.de\/de\/wp-content\/uploads\/sites\/3\/2024\/03\/Nigeria-laesst-Hunderte-frei-die-als-Boko-Haram-Terroristen-unter-Verdacht-standen.jpg","contentUrl":"https:\/\/now-news.de\/de\/wp-content\/uploads\/sites\/3\/2024\/03\/Nigeria-laesst-Hunderte-frei-die-als-Boko-Haram-Terroristen-unter-Verdacht-standen.jpg","width":460,"height":259,"caption":"Nigeria l\u00e4sst Hunderte frei, die als Boko-Haram-Terroristen unter Verdacht standen"},{"@type":"BreadcrumbList","@id":"https:\/\/now-news.de\/de\/deutschland\/nigeria-laesst-hunderte-frei-die-als-boko-haram-terroristen-unter-verdacht-standen\/#breadcrumb","itemListElement":[{"@type":"ListItem","position":1,"name":"Home","item":"https:\/\/now-news.de\/de\/"},{"@type":"ListItem","position":2,"name":"Nigeria l\u00e4sst Hunderte frei, die als Boko-Haram-Terroristen unter Verdacht standen"}]},{"@type":"WebSite","@id":"https:\/\/now-news.de\/de\/#website","url":"https:\/\/now-news.de\/de\/","name":"just-now.NEWS Deutschland","description":"Das Portal f\u00fcr unzensierte Nachrichten aus der Welt","publisher":{"@id":"https:\/\/now-news.de\/de\/#organization"},"potentialAction":[{"@type":"SearchAction","target":{"@type":"EntryPoint","urlTemplate":"https:\/\/now-news.de\/de\/?s={search_term_string}"},"query-input":"required name=search_term_string"}],"inLanguage":"de"},{"@type":"Organization","@id":"https:\/\/now-news.de\/de\/#organization","name":"Just Now News","url":"https:\/\/now-news.de\/de\/","logo":{"@type":"ImageObject","inLanguage":"de","@id":"https:\/\/now-news.de\/de\/#\/schema\/logo\/image\/","url":"http:\/\/just-now.news\/de\/wp-content\/uploads\/sites\/3\/2022\/04\/logo500x500.jpg","contentUrl":"http:\/\/just-now.news\/de\/wp-content\/uploads\/sites\/3\/2022\/04\/logo500x500.jpg","width":500,"height":500,"caption":"Just Now News"},"image":{"@id":"https:\/\/now-news.de\/de\/#\/schema\/logo\/image\/"},"sameAs":["https:\/\/www.facebook.com\/wirmachenauf","https:\/\/x.com\/WirMachenAuf_de"]},{"@type":"Person","@id":"https:\/\/now-news.de\/de\/#\/schema\/person\/fb534a4e865501d8b3285208df34a9b5","name":"rtnews","image":{"@type":"ImageObject","inLanguage":"de","@id":"https:\/\/now-news.de\/de\/#\/schema\/person\/image\/","url":"https:\/\/secure.gravatar.com\/avatar\/82aafea7d8127119dd649515f56e2117?s=96&d=mm&r=g","contentUrl":"https:\/\/secure.gravatar.com\/avatar\/82aafea7d8127119dd649515f56e2117?s=96&d=mm&r=g","caption":"rtnews"},"url":"https:\/\/now-news.de\/de\/author\/rnews\/"}]}},"_links":{"self":[{"href":"https:\/\/now-news.de\/de\/wp-json\/wp\/v2\/posts\/57973"}],"collection":[{"href":"https:\/\/now-news.de\/de\/wp-json\/wp\/v2\/posts"}],"about":[{"href":"https:\/\/now-news.de\/de\/wp-json\/wp\/v2\/types\/post"}],"author":[{"embeddable":true,"href":"https:\/\/now-news.de\/de\/wp-json\/wp\/v2\/users\/3"}],"replies":[{"embeddable":true,"href":"https:\/\/now-news.de\/de\/wp-json\/wp\/v2\/comments?post=57973"}],"version-history":[{"count":0,"href":"https:\/\/now-news.de\/de\/wp-json\/wp\/v2\/posts\/57973\/revisions"}],"wp:featuredmedia":[{"embeddable":true,"href":"https:\/\/now-news.de\/de\/wp-json\/wp\/v2\/media\/57974"}],"wp:attachment":[{"href":"https:\/\/now-news.de\/de\/wp-json\/wp\/v2\/media?parent=57973"}],"wp:term":[{"taxonomy":"category","embeddable":true,"href":"https:\/\/now-news.de\/de\/wp-json\/wp\/v2\/categories?post=57973"},{"taxonomy":"post_tag","embeddable":true,"href":"https:\/\/now-news.de\/de\/wp-json\/wp\/v2\/tags?post=57973"}],"curies":[{"name":"wp","href":"https:\/\/api.w.org\/{rel}","templated":true}]}}