{"id":57931,"date":"2024-03-28T22:45:47","date_gmt":"2024-03-28T20:45:47","guid":{"rendered":"https:\/\/just-now.news\/de\/deutschland\/ungarn-wird-jetzt-die-maidan-taktik-gegen-orban-in-gang-gesetzt\/"},"modified":"2024-03-28T22:45:47","modified_gmt":"2024-03-28T20:45:47","slug":"ungarn-wird-jetzt-die-maidan-taktik-gegen-orban-in-gang-gesetzt","status":"publish","type":"post","link":"https:\/\/now-news.de\/de\/deutschland\/ungarn-wird-jetzt-die-maidan-taktik-gegen-orban-in-gang-gesetzt\/","title":{"rendered":"Ungarn: Wird jetzt die Maidan-Taktik gegen Orb\u00e1n in Gang gesetzt?"},"content":{"rendered":"<p><img decoding=\"async\" src=\"http:\/\/just-now.news\/de\/wp-content\/uploads\/sites\/3\/2024\/03\/66056ea5b480cc3fc23157b7.jpg\" \/><\/p>\n<div class=\"Text-root Text-type_1 \">\n                In Ungarn kam es zu Massenprotesten, auf denen Viktor Orb\u00e1n zum R\u00fccktritt aufgefordert wurde. Zuvor kam es auch in der Slowakei zu gro\u00dfen Stra\u00dfenprotesten gegen die Regierung des neuen Ministerpr\u00e4sidenten Fico. Beide L\u00e4nder gelten als wichtigste Opposition gegen den Willen der EU-Kommission in Br\u00fcssel. Wem n\u00fctzt es, in diesen L\u00e4ndern Unzufriedenheit zu sch\u00fcren?\n            <\/div>\n<p><\/p>\n<div class=\"Text-root Text-type_5 ArticleView-text ViewText-root \">\n<p><em>Von Jewgeni Posdnjakow<\/em><\/p>\n<p>In Budapest hat ein Fackelzug stattgefunden, bei dem der ungarische Ministerpr\u00e4sident Viktor Orb\u00e1n und der Generalstaatsanwalt P\u00e9ter Polt zum R\u00fccktritt aufgefordert wurden, berichtete die lokale Zeitung <em>N\u00e9pszava (Volksstimme)<\/em>. Die Proteste wurden von P\u00e9ter Magyar organisiert, also von einem ehemaligen Regierungsbeamten und Mitglied der regierenden Partei Fidesz \u2013 Ungarischer B\u00fcrgerbund.<\/p>\n<p>Die Demonstranten zogen vom Geb\u00e4ude der Generalstaatsanwaltschaft zum Parlament und zum zentralen Platz von Budapest. Der Anf\u00fchrer der Bewegung betonte in seiner Ansprache an die Demonstranten, dass das Ereignis von nationaler Bedeutung sei. Seiner Meinung nach h\u00e4tten sich die Ungarn, unabh\u00e4ngig von ihrer politischen Einstellung, zusammengeschlossen, um ihrer Unzufriedenheit mit der Regierung Ausdruck zu verleihen. Magyar behauptete:<\/p>\n<blockquote>\n<p><em>&#8220;In nur wenigen Tagen ist das Land in die gr\u00f6\u00dfte politische, moralische und rechtliche Krise seit dem Regimewechsel gest\u00fcrzt.&#8221;<\/em><\/p>\n<\/blockquote>\n<p>Die Zahl der Teilnehmer an der Kundgebung nahm stetig zu. Wenn am Beginn etwa 3.000 Menschen auf der Stra\u00dfe waren, z\u00e4hlte die Menge, als sich die Kolonne dem Platz n\u00e4herte, bereits 10.000 Menschen.<\/p>\n<p>Die Menge skandierte Parolen gegen Korruption. Der Anf\u00fchrer des Protests beschuldigte Viktor Orb\u00e1n und dessen Familie der illegalen Bereicherung und betonte dabei, dass das gesamte ungarische Regierungssystem darauf ausgerichtet sei, seine Verbrechen zu vertuschen. Eine der bei der Kundgebung anwesenden Frauen behauptete, der derzeitige Ministerpr\u00e4sident verf\u00fcge \u00fcber ein Verm\u00f6gen von mehr als drei Milliarden Forint (mehr als 7,5 Millionen Euro).<\/p>\n<p>Die aktuellen Demonstrationen sind das Ergebnis eines von P\u00e9ter Magyar ausgel\u00f6sten aufsehenerregenden Korruptionsskandals. Er hatte k\u00fcrzlich eine Tonaufnahme online gestellt, in der seine fr\u00fchere Ehefrau Judit Varga, die das Amt der Justizministerin verlassen hatte, Mitgliedern des engsten Kreises um den Ministerpr\u00e4sidenten des Machtmissbrauchs vorwirft.<\/p>\n<p>Wie <em>Politico<\/em> berichtet, w\u00fcrden die ver\u00f6ffentlichten Informationen nahelegen, dass Orb\u00e1ns Kabinettschef Antal Rog\u00e1n Dokumente im Zusammenhang mit dem Korruptionsverfahren gegen Pal Velner als den ehemaligen Staatssekret\u00e4r im Justizministerium gef\u00e4lscht habe. Als Vertreter der amtierenden Regierung hat Zolt\u00e1n Kov\u00e1cs alle erhobenen Vorw\u00fcrfe bestritten. Laut Kov\u00e1cs versuche Magyar, seine Ex-Frau zu verfolgen. Judit Varga selbst \u00e4u\u00dferte sich zu den aktuellen Ereignissen in sozialen Medien und sprach dort von der tiefen Ersch\u00fctterung der Demonstrationen \u00a0sowie \u00fcber F\u00e4lle von Erpressung und h\u00e4uslicher Gewalt durch ihren Ex-Ehemann.<\/p>\n<p>Es sei hier daran erinnert, dass es bereits im Januar in der Slowakei zu gro\u00dfen Protesten gegen die Regierung kam. An diesen Protesten in Bratislava beteiligten sich etwa 27.000 Menschen. Dar\u00fcber hinaus k\u00fcndigten Oppositionskr\u00e4fte Kundgebungen \u00e4hnlicher Art in weiteren vierzehn St\u00e4dten des Landes an. An einer der Demonstrationen nahm auch der Mitgr\u00fcnder und Vorsitzende der Partei Progres\u00edvne Slovensko und Vize-Pr\u00e4sident des EU-Parlaments Michal \u0160ime\u010dka teil. In seiner Rede an die Versammelten betonte er, dass der Premierminister Robert Fico &#8220;die Bereitschaft des Volkes, die Gerechtigkeit zu verteidigen&#8221; deutlich untersch\u00e4tzt habe. Die Menge unterst\u00fctzte ihn mit Rufen wie &#8220;Wir werden nicht schweigen&#8221; und &#8220;Lasst uns ihn stoppen&#8221;.<\/p>\n<p>Es ist bemerkenswert, dass Ungarn und die Slowakei die Hauptgegner des liberalen Kurses der EU sind. Die Zeitung <em>Wsgljad<\/em> schrieb ausf\u00fchrlich, dass diese L\u00e4nder vor dem Hintergrund des Unverst\u00e4ndnisses in Br\u00fcssel in der Lage seien, ein milit\u00e4risch-politisches B\u00fcndnis zu bilden. Unterdessen gehen Experten davon aus, dass die zivile Unzufriedenheit in den beiden L\u00e4ndern vom Ausland aus angeheizt werden k\u00f6nnte. So wolle man in Washington und Br\u00fcssel im Vorfeld der Wahlen zum Europ\u00e4ischen Parlament die Politik in Budapest und Bratislava anpassen. Wadim Truchatschjow, au\u00dferordentlicher Professor an der Russischen Staatlichen Universit\u00e4t f\u00fcr Geisteswissenschaften (kurz RGGU), kommentierte das so:<\/p>\n<blockquote>\n<p><em>&#8220;Es gibt B\u00fcrger in Ungarn, die mit Orb\u00e1ns Politik unzufrieden sind. Zudem war es die Hauptstadt, die zuvor gegen seine Partei gestimmt hatte. Daher ist es nicht verwunderlich, dass in Budapest ein Fackelzug stattfand.&#8221;<\/em><\/p>\n<\/blockquote>\n<p>Truchatschjow stellte weiter fest:<\/p>\n<blockquote>\n<p><em>&#8220;Eine weitere Sache ist, dass es praktisch keine Aussichten auf eine Ausweitung dieses Protestes gibt. Erstens ist Stra\u00dfenpolitik in Europa an der Tagesordnung. Zweitens hat Orb\u00e1n schon viel gr\u00f6\u00dfere Proteste gegen seine Person erlebt. Daher gehe ich davon aus, dass er auf diese Aktion in keiner Weise reagieren wird.&#8221;<\/em><\/p>\n<\/blockquote>\n<p>Der Gespr\u00e4chspartner betonte ferner, an diesem Protest seien die F\u00fchrer der ungarischen Opposition interessiert, die &#8220;sich beweisen wollen, um die Unterst\u00fctzung der Bev\u00f6lkerung und aus Br\u00fcssel zu bekommen&#8221;. Das liege an der Tatsache, dass bald Wahlen zum Europ\u00e4ischen Parlament stattfinden werden. &#8220;Fast alles, was jetzt in der EU passiert, sollte durch das Prisma dieser Abstimmung betrachtet werden&#8221;, betont der Experte:<\/p>\n<blockquote>\n<p><em>&#8220;Ich glaube nicht, dass die Maidan-Taktik gegen Ungarn eingesetzt werden kann. Das ist ein Land der Europ\u00e4ischen Union, seine Grenzen sind offen und gro\u00df angelegte Proteste k\u00f6nnen f\u00fcr Nachbarl\u00e4nder gef\u00e4hrlich sein. Deshalb wird Orb\u00e1n auf EU-Ebene behindert: ihm kein Geld gegeben, die Opposition unterst\u00fctzt und die \u00f6ffentliche Meinung gegen ihn vorbereitet. Es wird alles getan, damit bei den n\u00e4chsten Wahlen die zu Br\u00fcssel treuen Kr\u00e4fte an die Macht kommen.&#8221;<\/em><\/p>\n<\/blockquote>\n<p>Der deutsche Politikwissenschaftler Alexander Rahr meint, in Ungarn und der Slowakei werde der Einfluss der regierungsfeindlichen Kr\u00e4fte zunehmen:<\/p>\n<blockquote>\n<p><em>&#8220;Die Europ\u00e4ische Union, die USA und Gro\u00dfbritannien werden sie unterst\u00fctzen. Nat\u00fcrlich werden sie sich nicht direkt in die Situation in Budapest und Bratislava einmischen, aber sie werden versuchen, ihren eigenen Einfluss durch verschiedene Nichtregierungsorganisationen (NGOs) zu vergr\u00f6\u00dfern.&#8221;<\/em><\/p>\n<\/blockquote>\n<p>Man k\u00f6nne demnach nicht v\u00f6llig ausschlie\u00dfen, dass es in Ungarn und der Slowakei zu &#8220;orangen Revolutionen&#8221; kommen k\u00f6nnte. Allerdings unterst\u00fctze, nach den Wahlergebnissen zu urteilen, die Mehrheit der Bev\u00f6lkerung in diesen L\u00e4ndern ihre derzeitigen Regierungen. &#8220;Dadurch werden in der EU zunehmend ideologische Risse sichtbar&#8221;, stellt Rahr fest.<\/p>\n<blockquote>\n<p><em>&#8220;Budapest und Bratislava wehren sich aktiv gegen Initiativen aus Br\u00fcssel. In vielen westeurop\u00e4ischen L\u00e4ndern wird damit gerechnet, dass rechte Kr\u00e4fte an die Macht kommen werden. In einer solchen Situation versuchen die lokalen Eliten mit aller Kraft, die Demokratie und die liberale Ideologie zu bewahren. Die Medien und sogar Forschungsinstitute sind in die Konfrontation verwickelt.&#8221;<\/em><\/p>\n<\/blockquote>\n<p>Laut Rahr f\u00fchle sich die Europ\u00e4ische &#8220;Union von zwei Seiten umzingelt: Im Osten festigt sich die Position Russlands, und in den USA besteht die ernsthafte Gefahr, dass Donald Trump ins Wei\u00dfe Haus zur\u00fcckkehrt&#8221;. Der ehemalige US-Pr\u00e4sident k\u00f6nnte sich zum Ziel gesetzt haben, Europa zu &#8220;disziplinieren&#8221;. Mittlerweile seien es nur noch drei Monate bis zu den &#8220;schicksalshaften Wahlen zum Europ\u00e4ischen Parlament&#8221;, stellt Rahr klar:<\/p>\n<blockquote>\n<p><em>&#8220;In dieser Zeit m\u00fcssen die etablierten Eliten ihre eigene Position so weit wie m\u00f6glich st\u00e4rken, um eine Niederlage zu verhindern. Ich denke, dass sie alle ihnen zur Verf\u00fcgung stehenden Kr\u00e4fte daf\u00fcr einsetzen werden. Die liberale F\u00fchrung wird die Macht \u00fcber die EU nicht kampflos abgeben.&#8221;<\/em><\/p>\n<\/blockquote>\n<p><em>\u00dcbersetzt aus dem Russischen und zuerst erschienen bei <\/em><a rel=\"nofollow noopener\" target=\"_blank\" href=\"https:\/\/m.vz.ru\/world\/2024\/3\/27\/1260381.html\"><em>Wsgljad<\/em><\/a><em>.<\/em><\/p>\n<p><strong><em>Jewgeni Posdnjakow<\/em><\/strong><em> ist ein russischer Journalist, Fernseh- und Radiomoderator.<\/em><\/p>\n<p><strong>Mehr zum Thema<\/strong>\u00a0<em>\u2013 <\/em><a rel=\"nofollow noopener\" target=\"_blank\" href=\"https:\/\/kurz.rt.com\/49np\">Die Sonderoperation l\u00f6st einen geopolitischen Riss in der Mitte Europas aus<\/a><\/p>\n<div class=\"EmbedBlock-root EmbedBlock-externalVideo EmbedBlock-odysee\">\n<div class=\"VkEmbed\"><iframe class=\"lazyload\" data-src=\"https:\/\/odysee.com\/%24\/embed\/%40RTDE%3Ae%2FFico_Souver%C3%A4nit%C3%A4t%3A7\" frameborder=\"0\" width=\"853\" height=\"480\" allowfullscreen><\/iframe><\/div>\n<\/div>\n<\/div>\n<p><br \/>\n<br \/><a href=\"https:\/\/de.rt.com\/europa\/200906-wird-jetzt-maidan-taktik-gegen-orban-eingesetzt\/\">Source link <\/a><\/p>\n","protected":false},"excerpt":{"rendered":"<p>In Ungarn kam es zu Massenprotesten, auf denen Viktor Orb\u00e1n zum R\u00fccktritt aufgefordert wurde. Zuvor kam es auch in der Slowakei zu gro\u00dfen Stra\u00dfenprotesten gegen die Regierung des neuen Ministerpr\u00e4sidenten Fico. Beide L\u00e4nder gelten als wichtigste Opposition gegen den Willen der EU-Kommission in Br\u00fcssel. Wem n\u00fctzt es, in diesen L\u00e4ndern Unzufriedenheit zu sch\u00fcren? Von Jewgeni [&hellip;]<\/p>\n","protected":false},"author":3,"featured_media":57932,"comment_status":"open","ping_status":"open","sticky":false,"template":"","format":"standard","meta":{"_yoast_indexnow_last_ping":["1711659405"],"wp_automatic_camp":["217"],"0ae86c8db14ca138a0f1758993014363":["Ungarn: Wird jetzt die Maidan-Taktik gegen Orb\u00e1n in Gang gesetzt?"],"original_link":["https:\/\/de.rt.com\/europa\/200906-wird-jetzt-maidan-taktik-gegen-orban-eingesetzt\/"],"_thumbnail_id":["57932"],"_wptgpro_p2tg_sent2tg":["a:1:{i:23737;s:19:\"2024-03-28 22:57:48\";}"],"jnews_social_counter_last_update":["1777282402"]},"categories":[19,23],"tags":[45,19929,278,41385,2731,54793,6397,11664,374],"yoast_head":"<!-- This site is optimized with the Yoast SEO Premium plugin v22.7 (Yoast SEO v22.7) - https:\/\/yoast.com\/wordpress\/plugins\/seo\/ -->\n<title>Ungarn: Wird jetzt die Maidan-Taktik gegen Orb\u00e1n in Gang gesetzt? - just-now.NEWS Deutschland<\/title>\n<meta name=\"robots\" content=\"index, follow, max-snippet:-1, max-image-preview:large, max-video-preview:-1\" \/>\n<link rel=\"canonical\" href=\"https:\/\/now-news.de\/de\/deutschland\/ungarn-wird-jetzt-die-maidan-taktik-gegen-orban-in-gang-gesetzt\/\" \/>\n<meta property=\"og:locale\" content=\"de_DE\" \/>\n<meta property=\"og:type\" content=\"article\" \/>\n<meta property=\"og:title\" content=\"Ungarn: Wird jetzt die Maidan-Taktik gegen Orb\u00e1n in Gang gesetzt?\" \/>\n<meta property=\"og:description\" content=\"In Ungarn kam es zu Massenprotesten, auf denen Viktor Orb\u00e1n zum R\u00fccktritt aufgefordert wurde. Zuvor kam es auch in der Slowakei zu gro\u00dfen Stra\u00dfenprotesten gegen die Regierung des neuen Ministerpr\u00e4sidenten Fico. Beide L\u00e4nder gelten als wichtigste Opposition gegen den Willen der EU-Kommission in Br\u00fcssel. Wem n\u00fctzt es, in diesen L\u00e4ndern Unzufriedenheit zu sch\u00fcren? Von Jewgeni [&hellip;]\" \/>\n<meta property=\"og:url\" content=\"https:\/\/now-news.de\/de\/deutschland\/ungarn-wird-jetzt-die-maidan-taktik-gegen-orban-in-gang-gesetzt\/\" \/>\n<meta property=\"og:site_name\" content=\"just-now.NEWS Deutschland\" \/>\n<meta property=\"article:publisher\" content=\"https:\/\/www.facebook.com\/wirmachenauf\" \/>\n<meta property=\"article:published_time\" content=\"2024-03-28T20:45:47+00:00\" \/>\n<meta property=\"og:image\" content=\"https:\/\/now-news.de\/de\/wp-content\/uploads\/sites\/3\/2024\/03\/Ungarn-Wird-jetzt-die-Maidan-Taktik-gegen-Orban-in-Gang-gesetzt.jpg\" \/>\n\t<meta property=\"og:image:width\" content=\"460\" \/>\n\t<meta property=\"og:image:height\" content=\"259\" \/>\n\t<meta property=\"og:image:type\" content=\"image\/jpeg\" \/>\n<meta name=\"author\" content=\"rtnews\" \/>\n<meta name=\"twitter:card\" content=\"summary_large_image\" \/>\n<meta name=\"twitter:creator\" content=\"@WirMachenAuf_de\" \/>\n<meta name=\"twitter:site\" content=\"@WirMachenAuf_de\" \/>\n<meta name=\"twitter:label1\" content=\"Verfasst von\" \/>\n\t<meta name=\"twitter:data1\" content=\"rtnews\" \/>\n\t<meta name=\"twitter:label2\" content=\"Gesch\u00e4tzte Lesezeit\" \/>\n\t<meta name=\"twitter:data2\" content=\"6\u00a0Minuten\" \/>\n<script type=\"application\/ld+json\" class=\"yoast-schema-graph\">{\"@context\":\"https:\/\/schema.org\",\"@graph\":[{\"@type\":\"Article\",\"@id\":\"https:\/\/now-news.de\/de\/deutschland\/ungarn-wird-jetzt-die-maidan-taktik-gegen-orban-in-gang-gesetzt\/#article\",\"isPartOf\":{\"@id\":\"https:\/\/now-news.de\/de\/deutschland\/ungarn-wird-jetzt-die-maidan-taktik-gegen-orban-in-gang-gesetzt\/\"},\"author\":{\"name\":\"rtnews\",\"@id\":\"https:\/\/now-news.de\/de\/#\/schema\/person\/fb534a4e865501d8b3285208df34a9b5\"},\"headline\":\"Ungarn: Wird jetzt die Maidan-Taktik gegen Orb\u00e1n in Gang gesetzt?\",\"datePublished\":\"2024-03-28T20:45:47+00:00\",\"dateModified\":\"2024-03-28T20:45:47+00:00\",\"mainEntityOfPage\":{\"@id\":\"https:\/\/now-news.de\/de\/deutschland\/ungarn-wird-jetzt-die-maidan-taktik-gegen-orban-in-gang-gesetzt\/\"},\"wordCount\":1249,\"commentCount\":0,\"publisher\":{\"@id\":\"https:\/\/now-news.de\/de\/#organization\"},\"image\":{\"@id\":\"https:\/\/now-news.de\/de\/deutschland\/ungarn-wird-jetzt-die-maidan-taktik-gegen-orban-in-gang-gesetzt\/#primaryimage\"},\"thumbnailUrl\":\"https:\/\/now-news.de\/de\/wp-content\/uploads\/sites\/3\/2024\/03\/Ungarn-Wird-jetzt-die-Maidan-Taktik-gegen-Orban-in-Gang-gesetzt.jpg\",\"keywords\":[\"die\",\"Gang\",\"gegen\",\"gesetzt\",\"Jetzt\",\"MaidanTaktik\",\"Orb\u00e1n\",\"Ungarn\",\"wird\"],\"articleSection\":[\"Deutschland\",\"Russland\"],\"inLanguage\":\"de\",\"potentialAction\":[{\"@type\":\"CommentAction\",\"name\":\"Comment\",\"target\":[\"https:\/\/now-news.de\/de\/deutschland\/ungarn-wird-jetzt-die-maidan-taktik-gegen-orban-in-gang-gesetzt\/#respond\"]}]},{\"@type\":\"WebPage\",\"@id\":\"https:\/\/now-news.de\/de\/deutschland\/ungarn-wird-jetzt-die-maidan-taktik-gegen-orban-in-gang-gesetzt\/\",\"url\":\"https:\/\/now-news.de\/de\/deutschland\/ungarn-wird-jetzt-die-maidan-taktik-gegen-orban-in-gang-gesetzt\/\",\"name\":\"Ungarn: Wird jetzt die Maidan-Taktik gegen Orb\u00e1n in Gang gesetzt? - just-now.NEWS Deutschland\",\"isPartOf\":{\"@id\":\"https:\/\/now-news.de\/de\/#website\"},\"primaryImageOfPage\":{\"@id\":\"https:\/\/now-news.de\/de\/deutschland\/ungarn-wird-jetzt-die-maidan-taktik-gegen-orban-in-gang-gesetzt\/#primaryimage\"},\"image\":{\"@id\":\"https:\/\/now-news.de\/de\/deutschland\/ungarn-wird-jetzt-die-maidan-taktik-gegen-orban-in-gang-gesetzt\/#primaryimage\"},\"thumbnailUrl\":\"https:\/\/now-news.de\/de\/wp-content\/uploads\/sites\/3\/2024\/03\/Ungarn-Wird-jetzt-die-Maidan-Taktik-gegen-Orban-in-Gang-gesetzt.jpg\",\"datePublished\":\"2024-03-28T20:45:47+00:00\",\"dateModified\":\"2024-03-28T20:45:47+00:00\",\"breadcrumb\":{\"@id\":\"https:\/\/now-news.de\/de\/deutschland\/ungarn-wird-jetzt-die-maidan-taktik-gegen-orban-in-gang-gesetzt\/#breadcrumb\"},\"inLanguage\":\"de\",\"potentialAction\":[{\"@type\":\"ReadAction\",\"target\":[\"https:\/\/now-news.de\/de\/deutschland\/ungarn-wird-jetzt-die-maidan-taktik-gegen-orban-in-gang-gesetzt\/\"]}]},{\"@type\":\"ImageObject\",\"inLanguage\":\"de\",\"@id\":\"https:\/\/now-news.de\/de\/deutschland\/ungarn-wird-jetzt-die-maidan-taktik-gegen-orban-in-gang-gesetzt\/#primaryimage\",\"url\":\"https:\/\/now-news.de\/de\/wp-content\/uploads\/sites\/3\/2024\/03\/Ungarn-Wird-jetzt-die-Maidan-Taktik-gegen-Orban-in-Gang-gesetzt.jpg\",\"contentUrl\":\"https:\/\/now-news.de\/de\/wp-content\/uploads\/sites\/3\/2024\/03\/Ungarn-Wird-jetzt-die-Maidan-Taktik-gegen-Orban-in-Gang-gesetzt.jpg\",\"width\":460,\"height\":259,\"caption\":\"Ungarn: Wird jetzt die Maidan-Taktik gegen Orb\u00e1n in Gang gesetzt?\"},{\"@type\":\"BreadcrumbList\",\"@id\":\"https:\/\/now-news.de\/de\/deutschland\/ungarn-wird-jetzt-die-maidan-taktik-gegen-orban-in-gang-gesetzt\/#breadcrumb\",\"itemListElement\":[{\"@type\":\"ListItem\",\"position\":1,\"name\":\"Home\",\"item\":\"https:\/\/now-news.de\/de\/\"},{\"@type\":\"ListItem\",\"position\":2,\"name\":\"Ungarn: Wird jetzt die Maidan-Taktik gegen Orb\u00e1n in Gang gesetzt?\"}]},{\"@type\":\"WebSite\",\"@id\":\"https:\/\/now-news.de\/de\/#website\",\"url\":\"https:\/\/now-news.de\/de\/\",\"name\":\"just-now.NEWS Deutschland\",\"description\":\"Das Portal f\u00fcr unzensierte Nachrichten aus der Welt\",\"publisher\":{\"@id\":\"https:\/\/now-news.de\/de\/#organization\"},\"potentialAction\":[{\"@type\":\"SearchAction\",\"target\":{\"@type\":\"EntryPoint\",\"urlTemplate\":\"https:\/\/now-news.de\/de\/?s={search_term_string}\"},\"query-input\":\"required name=search_term_string\"}],\"inLanguage\":\"de\"},{\"@type\":\"Organization\",\"@id\":\"https:\/\/now-news.de\/de\/#organization\",\"name\":\"Just Now News\",\"url\":\"https:\/\/now-news.de\/de\/\",\"logo\":{\"@type\":\"ImageObject\",\"inLanguage\":\"de\",\"@id\":\"https:\/\/now-news.de\/de\/#\/schema\/logo\/image\/\",\"url\":\"http:\/\/just-now.news\/de\/wp-content\/uploads\/sites\/3\/2022\/04\/logo500x500.jpg\",\"contentUrl\":\"http:\/\/just-now.news\/de\/wp-content\/uploads\/sites\/3\/2022\/04\/logo500x500.jpg\",\"width\":500,\"height\":500,\"caption\":\"Just Now News\"},\"image\":{\"@id\":\"https:\/\/now-news.de\/de\/#\/schema\/logo\/image\/\"},\"sameAs\":[\"https:\/\/www.facebook.com\/wirmachenauf\",\"https:\/\/x.com\/WirMachenAuf_de\"]},{\"@type\":\"Person\",\"@id\":\"https:\/\/now-news.de\/de\/#\/schema\/person\/fb534a4e865501d8b3285208df34a9b5\",\"name\":\"rtnews\",\"image\":{\"@type\":\"ImageObject\",\"inLanguage\":\"de\",\"@id\":\"https:\/\/now-news.de\/de\/#\/schema\/person\/image\/\",\"url\":\"https:\/\/secure.gravatar.com\/avatar\/82aafea7d8127119dd649515f56e2117?s=96&d=mm&r=g\",\"contentUrl\":\"https:\/\/secure.gravatar.com\/avatar\/82aafea7d8127119dd649515f56e2117?s=96&d=mm&r=g\",\"caption\":\"rtnews\"},\"url\":\"https:\/\/now-news.de\/de\/author\/rnews\/\"}]}<\/script>\n<!-- \/ Yoast SEO Premium plugin. -->","yoast_head_json":{"title":"Ungarn: Wird jetzt die Maidan-Taktik gegen Orb\u00e1n in Gang gesetzt? - just-now.NEWS Deutschland","robots":{"index":"index","follow":"follow","max-snippet":"max-snippet:-1","max-image-preview":"max-image-preview:large","max-video-preview":"max-video-preview:-1"},"canonical":"https:\/\/now-news.de\/de\/deutschland\/ungarn-wird-jetzt-die-maidan-taktik-gegen-orban-in-gang-gesetzt\/","og_locale":"de_DE","og_type":"article","og_title":"Ungarn: Wird jetzt die Maidan-Taktik gegen Orb\u00e1n in Gang gesetzt?","og_description":"In Ungarn kam es zu Massenprotesten, auf denen Viktor Orb\u00e1n zum R\u00fccktritt aufgefordert wurde. Zuvor kam es auch in der Slowakei zu gro\u00dfen Stra\u00dfenprotesten gegen die Regierung des neuen Ministerpr\u00e4sidenten Fico. Beide L\u00e4nder gelten als wichtigste Opposition gegen den Willen der EU-Kommission in Br\u00fcssel. Wem n\u00fctzt es, in diesen L\u00e4ndern Unzufriedenheit zu sch\u00fcren? Von Jewgeni [&hellip;]","og_url":"https:\/\/now-news.de\/de\/deutschland\/ungarn-wird-jetzt-die-maidan-taktik-gegen-orban-in-gang-gesetzt\/","og_site_name":"just-now.NEWS Deutschland","article_publisher":"https:\/\/www.facebook.com\/wirmachenauf","article_published_time":"2024-03-28T20:45:47+00:00","og_image":[{"width":460,"height":259,"url":"https:\/\/now-news.de\/de\/wp-content\/uploads\/sites\/3\/2024\/03\/Ungarn-Wird-jetzt-die-Maidan-Taktik-gegen-Orban-in-Gang-gesetzt.jpg","type":"image\/jpeg"}],"author":"rtnews","twitter_card":"summary_large_image","twitter_creator":"@WirMachenAuf_de","twitter_site":"@WirMachenAuf_de","twitter_misc":{"Verfasst von":"rtnews","Gesch\u00e4tzte Lesezeit":"6\u00a0Minuten"},"schema":{"@context":"https:\/\/schema.org","@graph":[{"@type":"Article","@id":"https:\/\/now-news.de\/de\/deutschland\/ungarn-wird-jetzt-die-maidan-taktik-gegen-orban-in-gang-gesetzt\/#article","isPartOf":{"@id":"https:\/\/now-news.de\/de\/deutschland\/ungarn-wird-jetzt-die-maidan-taktik-gegen-orban-in-gang-gesetzt\/"},"author":{"name":"rtnews","@id":"https:\/\/now-news.de\/de\/#\/schema\/person\/fb534a4e865501d8b3285208df34a9b5"},"headline":"Ungarn: Wird jetzt die Maidan-Taktik gegen Orb\u00e1n in Gang gesetzt?","datePublished":"2024-03-28T20:45:47+00:00","dateModified":"2024-03-28T20:45:47+00:00","mainEntityOfPage":{"@id":"https:\/\/now-news.de\/de\/deutschland\/ungarn-wird-jetzt-die-maidan-taktik-gegen-orban-in-gang-gesetzt\/"},"wordCount":1249,"commentCount":0,"publisher":{"@id":"https:\/\/now-news.de\/de\/#organization"},"image":{"@id":"https:\/\/now-news.de\/de\/deutschland\/ungarn-wird-jetzt-die-maidan-taktik-gegen-orban-in-gang-gesetzt\/#primaryimage"},"thumbnailUrl":"https:\/\/now-news.de\/de\/wp-content\/uploads\/sites\/3\/2024\/03\/Ungarn-Wird-jetzt-die-Maidan-Taktik-gegen-Orban-in-Gang-gesetzt.jpg","keywords":["die","Gang","gegen","gesetzt","Jetzt","MaidanTaktik","Orb\u00e1n","Ungarn","wird"],"articleSection":["Deutschland","Russland"],"inLanguage":"de","potentialAction":[{"@type":"CommentAction","name":"Comment","target":["https:\/\/now-news.de\/de\/deutschland\/ungarn-wird-jetzt-die-maidan-taktik-gegen-orban-in-gang-gesetzt\/#respond"]}]},{"@type":"WebPage","@id":"https:\/\/now-news.de\/de\/deutschland\/ungarn-wird-jetzt-die-maidan-taktik-gegen-orban-in-gang-gesetzt\/","url":"https:\/\/now-news.de\/de\/deutschland\/ungarn-wird-jetzt-die-maidan-taktik-gegen-orban-in-gang-gesetzt\/","name":"Ungarn: Wird jetzt die Maidan-Taktik gegen Orb\u00e1n in Gang gesetzt? - just-now.NEWS Deutschland","isPartOf":{"@id":"https:\/\/now-news.de\/de\/#website"},"primaryImageOfPage":{"@id":"https:\/\/now-news.de\/de\/deutschland\/ungarn-wird-jetzt-die-maidan-taktik-gegen-orban-in-gang-gesetzt\/#primaryimage"},"image":{"@id":"https:\/\/now-news.de\/de\/deutschland\/ungarn-wird-jetzt-die-maidan-taktik-gegen-orban-in-gang-gesetzt\/#primaryimage"},"thumbnailUrl":"https:\/\/now-news.de\/de\/wp-content\/uploads\/sites\/3\/2024\/03\/Ungarn-Wird-jetzt-die-Maidan-Taktik-gegen-Orban-in-Gang-gesetzt.jpg","datePublished":"2024-03-28T20:45:47+00:00","dateModified":"2024-03-28T20:45:47+00:00","breadcrumb":{"@id":"https:\/\/now-news.de\/de\/deutschland\/ungarn-wird-jetzt-die-maidan-taktik-gegen-orban-in-gang-gesetzt\/#breadcrumb"},"inLanguage":"de","potentialAction":[{"@type":"ReadAction","target":["https:\/\/now-news.de\/de\/deutschland\/ungarn-wird-jetzt-die-maidan-taktik-gegen-orban-in-gang-gesetzt\/"]}]},{"@type":"ImageObject","inLanguage":"de","@id":"https:\/\/now-news.de\/de\/deutschland\/ungarn-wird-jetzt-die-maidan-taktik-gegen-orban-in-gang-gesetzt\/#primaryimage","url":"https:\/\/now-news.de\/de\/wp-content\/uploads\/sites\/3\/2024\/03\/Ungarn-Wird-jetzt-die-Maidan-Taktik-gegen-Orban-in-Gang-gesetzt.jpg","contentUrl":"https:\/\/now-news.de\/de\/wp-content\/uploads\/sites\/3\/2024\/03\/Ungarn-Wird-jetzt-die-Maidan-Taktik-gegen-Orban-in-Gang-gesetzt.jpg","width":460,"height":259,"caption":"Ungarn: Wird jetzt die Maidan-Taktik gegen Orb\u00e1n in Gang gesetzt?"},{"@type":"BreadcrumbList","@id":"https:\/\/now-news.de\/de\/deutschland\/ungarn-wird-jetzt-die-maidan-taktik-gegen-orban-in-gang-gesetzt\/#breadcrumb","itemListElement":[{"@type":"ListItem","position":1,"name":"Home","item":"https:\/\/now-news.de\/de\/"},{"@type":"ListItem","position":2,"name":"Ungarn: Wird jetzt die Maidan-Taktik gegen Orb\u00e1n in Gang gesetzt?"}]},{"@type":"WebSite","@id":"https:\/\/now-news.de\/de\/#website","url":"https:\/\/now-news.de\/de\/","name":"just-now.NEWS Deutschland","description":"Das Portal f\u00fcr unzensierte Nachrichten aus der Welt","publisher":{"@id":"https:\/\/now-news.de\/de\/#organization"},"potentialAction":[{"@type":"SearchAction","target":{"@type":"EntryPoint","urlTemplate":"https:\/\/now-news.de\/de\/?s={search_term_string}"},"query-input":"required name=search_term_string"}],"inLanguage":"de"},{"@type":"Organization","@id":"https:\/\/now-news.de\/de\/#organization","name":"Just Now News","url":"https:\/\/now-news.de\/de\/","logo":{"@type":"ImageObject","inLanguage":"de","@id":"https:\/\/now-news.de\/de\/#\/schema\/logo\/image\/","url":"http:\/\/just-now.news\/de\/wp-content\/uploads\/sites\/3\/2022\/04\/logo500x500.jpg","contentUrl":"http:\/\/just-now.news\/de\/wp-content\/uploads\/sites\/3\/2022\/04\/logo500x500.jpg","width":500,"height":500,"caption":"Just Now News"},"image":{"@id":"https:\/\/now-news.de\/de\/#\/schema\/logo\/image\/"},"sameAs":["https:\/\/www.facebook.com\/wirmachenauf","https:\/\/x.com\/WirMachenAuf_de"]},{"@type":"Person","@id":"https:\/\/now-news.de\/de\/#\/schema\/person\/fb534a4e865501d8b3285208df34a9b5","name":"rtnews","image":{"@type":"ImageObject","inLanguage":"de","@id":"https:\/\/now-news.de\/de\/#\/schema\/person\/image\/","url":"https:\/\/secure.gravatar.com\/avatar\/82aafea7d8127119dd649515f56e2117?s=96&d=mm&r=g","contentUrl":"https:\/\/secure.gravatar.com\/avatar\/82aafea7d8127119dd649515f56e2117?s=96&d=mm&r=g","caption":"rtnews"},"url":"https:\/\/now-news.de\/de\/author\/rnews\/"}]}},"_links":{"self":[{"href":"https:\/\/now-news.de\/de\/wp-json\/wp\/v2\/posts\/57931"}],"collection":[{"href":"https:\/\/now-news.de\/de\/wp-json\/wp\/v2\/posts"}],"about":[{"href":"https:\/\/now-news.de\/de\/wp-json\/wp\/v2\/types\/post"}],"author":[{"embeddable":true,"href":"https:\/\/now-news.de\/de\/wp-json\/wp\/v2\/users\/3"}],"replies":[{"embeddable":true,"href":"https:\/\/now-news.de\/de\/wp-json\/wp\/v2\/comments?post=57931"}],"version-history":[{"count":0,"href":"https:\/\/now-news.de\/de\/wp-json\/wp\/v2\/posts\/57931\/revisions"}],"wp:featuredmedia":[{"embeddable":true,"href":"https:\/\/now-news.de\/de\/wp-json\/wp\/v2\/media\/57932"}],"wp:attachment":[{"href":"https:\/\/now-news.de\/de\/wp-json\/wp\/v2\/media?parent=57931"}],"wp:term":[{"taxonomy":"category","embeddable":true,"href":"https:\/\/now-news.de\/de\/wp-json\/wp\/v2\/categories?post=57931"},{"taxonomy":"post_tag","embeddable":true,"href":"https:\/\/now-news.de\/de\/wp-json\/wp\/v2\/tags?post=57931"}],"curies":[{"name":"wp","href":"https:\/\/api.w.org\/{rel}","templated":true}]}}