{"id":57927,"date":"2024-03-28T21:30:56","date_gmt":"2024-03-28T19:30:56","guid":{"rendered":"https:\/\/just-now.news\/de\/deutschland\/russophobie-in-estland-57-jaehrige-journalistin-in-haft\/"},"modified":"2024-03-28T21:30:56","modified_gmt":"2024-03-28T19:30:56","slug":"russophobie-in-estland-57-jaehrige-journalistin-in-haft","status":"publish","type":"post","link":"https:\/\/now-news.de\/de\/deutschland\/russophobie-in-estland-57-jaehrige-journalistin-in-haft\/","title":{"rendered":"Russophobie in Estland: 57-j\u00e4hrige Journalistin in Haft"},"content":{"rendered":"<p><img decoding=\"async\" src=\"http:\/\/just-now.news\/de\/wp-content\/uploads\/sites\/3\/2024\/03\/66057da2b480cc6ca0159392.jpg\" \/><\/p>\n<div class=\"Text-root Text-type_1 \">\n                In Estland ist die Journalistin Swetlana Burzewa bereits Anfang M\u00e4rz verhaftet worden. Ihr &#8220;Verbrechen&#8221;: Sie schrieb Artikel f\u00fcr die Nachrichtenplattform &#8220;Baltnews&#8221;, die zum russischen Konzern &#8220;Rossija Sewodnja&#8221; geh\u00f6rt.\n            <\/div>\n<p><\/p>\n<div class=\"Text-root Text-type_5 ArticleView-text ViewText-root \">\n<p>Die Journalistin Swetlana Burzewa, die f\u00fcr die zum russischen Sewodnja-Medienkonzern geh\u00f6rende Nachrichtenplattform <em>Baltnews<\/em> arbeitete, wurde in Estland festgenommen und befindet sich in Untersuchungshaft. Die estnische Justiz beschuldigt sie, mit ihren Ver\u00f6ffentlichungen f\u00fcr russische Medien gegen internationale Sanktionen versto\u00dfen zu haben.\u00a0Die estnische Staatsanwaltschaft stellte am 29. Februar einen Antrag auf Verhaftung von Burzewa, das f\u00fcr die Vororte von Tallinn zust\u00e4ndige Bezirksgericht Harju nahm sie am 1. M\u00e4rz in Untersuchungshaft.<\/p>\n<p>Die Publikation <em>Eesti Ekspress<\/em> berichtet unter Berufung auf die estnische Sicherheitspolizei, dass die Journalistin seit Anfang M\u00e4rz wegen ihrer Zusammenarbeit mit russischen Staatsmedien inhaftiert ist. <em>Baltnews<\/em> zitiert den Rechtsanwalt Sven Sillar mit der Meinung, dass die 57-J\u00e4hrige als Journalistin gehandelt hat und wegen ihrer beruflichen T\u00e4tigkeit nicht verfolgt werden d\u00fcrfe:<\/p>\n<blockquote>\n<p><em>&#8220;Das ist inakzeptabel. Jetzt wird sie nur beschuldigt, Artikel im Internet geschrieben zu haben, und das wird als Versto\u00df gegen die Sanktionen gewertet.&#8221;<\/em><\/p>\n<\/blockquote>\n<p>Burzewa ist Staatsb\u00fcrgerin Estlands und schrieb Artikel f\u00fcr die Online-Ausgabe von <em>Baltnews,\u00a0<\/em>einem Ableger\u00a0der Mediengruppe &#8220;Rossija Sewodnya&#8221;, deren Leiter Dmitri Kisseljow unter pers\u00f6nlichen Sanktionen der EU steht. Der estnische Sicherheitsdienst \u00fcbertr\u00e4gt die pers\u00f6nlichen Sanktionen auf die gesamte Holdinggesellschaft, indem er Kisseljow zum Nutznie\u00dfer der von Burzewa verfassten Artikel erkl\u00e4rt. Mit \u00e4hnlicher Argumentation hat der Nachbarstaat Lettland 14 Strafverfahren gegen <em>Sputnik<\/em>-Journalisten eingeleitet.<\/p>\n<p>Es ist nicht der erste Fall in Estland, dass Einwohner des Landes mit &#8220;prorussischen&#8221; Auffassungen oder Kontakten nach Russland ins Visier der Strafverfolgungsbeh\u00f6rden geraten.\u00a0Derzeit befindet sich der russisch-estnische Menschenrechtsaktivist Sergej Seredenko seit drei Jahren in einem estnischen Gef\u00e4ngnis. Er wurde durch ein Gericht in Tartu f\u00fcr die Zusammenarbeit mit der &#8220;Unsterbliches Regiment&#8221;-Bewegung und das Verfassen &#8220;prorussischer&#8221; Texte zu einer Freiheitsstrafe von 5,5 Jahren verurteilt. Laut Urteil umfassten Seredenkos Aktivit\u00e4ten den Zeitraum 2009 bis 2021. Dem Urteil zufolge beteiligte er sich an &#8220;russischen Einflussaktivit\u00e4ten&#8221; und verfasste und ver\u00f6ffentlichte Artikel zur Unterst\u00fctzung der au\u00dfen- und sicherheitspolitischen Ziele Russlands, &#8220;die darauf abzielten, die estnische Gesellschaft zu spalten und ihre staatlichen Institutionen zu diskreditieren&#8221;. Dar\u00fcber hinaus soll er frei zug\u00e4ngliche Informationen \u00fcber das Geschehen in der estnischen Gesellschaft und Politik gesammelt und an Russland \u00fcbermittelt haben.<\/p>\n<p>Das Oberste Gericht Estlands <a rel=\"nofollow noopener\" target=\"_blank\" href=\"https:\/\/news.err.ee\/1609010396\/supreme-court-upholds-sergei-seredenko-ruling\">hielt das Urteil aufrecht<\/a> und schrieb in der Begr\u00fcndung im Wesentlichen, die Interessen des Staates h\u00e4tten Vorrang vor den in der Verfassung verbrieften Freiheits- und B\u00fcrgerrechten.\u00a0<\/p>\n<p>F\u00fcr eine Reise nach Lugansk wurden der russische Staatsb\u00fcrger Andronow, der seinen st\u00e4ndigen Wohnsitz in Estland hat, sowie die Esten Peterson und Rootsi verhaftet. Ihr &#8220;Verbrechen&#8221;: Sie riefen zur Freundschaft mit Russland auf. Der estnische Journalist Allan Huntsom wurde am Vorabend seiner Abreise nach Russland festgenommen und der Spionage beschuldigt.\u00a0<\/p>\n<p>Aktuell findet ein langwieriges Gerichtsverfahren gegen den Komponisten und Dichter Juri Kivit statt, der eine Parodie auf die estnische Hymne verfasst hat.<\/p>\n<p><strong>Mehr zum Thema<\/strong> \u2013 <a rel=\"nofollow noopener\" target=\"_blank\" href=\"https:\/\/freedert.online\/meinung\/193073-versucht-baltikum-mit-demonstrativer-inhumanitaet-russland-zu-provozieren\/\">Versucht das Baltikum, Russland mit demonstrativer Unmenschlichkeit zu provozieren?<\/a>\u00a0<\/p>\n<\/p>\n<\/div>\n<p><br \/>\n<br \/><a href=\"https:\/\/de.rt.com\/europa\/200913-estland-57-jaehrige-journalistin-in-haft\/\">Source link <\/a><\/p>\n","protected":false},"excerpt":{"rendered":"<p>In Estland ist die Journalistin Swetlana Burzewa bereits Anfang M\u00e4rz verhaftet worden. Ihr &#8220;Verbrechen&#8221;: Sie schrieb Artikel f\u00fcr die Nachrichtenplattform &#8220;Baltnews&#8221;, die zum russischen Konzern &#8220;Rossija Sewodnja&#8221; geh\u00f6rt. Die Journalistin Swetlana Burzewa, die f\u00fcr die zum russischen Sewodnja-Medienkonzern geh\u00f6rende Nachrichtenplattform Baltnews arbeitete, wurde in Estland festgenommen und befindet sich in Untersuchungshaft. Die estnische Justiz beschuldigt [&hellip;]<\/p>\n","protected":false},"author":3,"featured_media":57928,"comment_status":"open","ping_status":"open","sticky":false,"template":"","format":"standard","meta":{"_yoast_indexnow_last_ping":["1711654606"],"wp_automatic_camp":["217"],"531535374a7ca69b52ecda08bd779257":["Russophobie in Estland: 57-j\u00e4hrige Journalistin in Haft"],"original_link":["https:\/\/de.rt.com\/europa\/200913-estland-57-jaehrige-journalistin-in-haft\/"],"_thumbnail_id":["57928"],"jnews_social_counter_last_update":["1777314030"],"_wptgpro_p2tg_sent2tg":["a:1:{i:23737;s:19:\"2024-03-28 21:37:45\";}"]},"categories":[19,23],"tags":[54791,14642,19011,19638,1542],"yoast_head":"<!-- This site is optimized with the Yoast SEO Premium plugin v22.7 (Yoast SEO v22.7) - https:\/\/yoast.com\/wordpress\/plugins\/seo\/ -->\n<title>Russophobie in Estland: 57-j\u00e4hrige Journalistin in Haft - just-now.NEWS Deutschland<\/title>\n<meta name=\"robots\" content=\"index, follow, max-snippet:-1, max-image-preview:large, max-video-preview:-1\" \/>\n<link rel=\"canonical\" href=\"https:\/\/now-news.de\/de\/deutschland\/russophobie-in-estland-57-jaehrige-journalistin-in-haft\/\" \/>\n<meta property=\"og:locale\" content=\"de_DE\" \/>\n<meta property=\"og:type\" content=\"article\" \/>\n<meta property=\"og:title\" content=\"Russophobie in Estland: 57-j\u00e4hrige Journalistin in Haft\" \/>\n<meta property=\"og:description\" content=\"In Estland ist die Journalistin Swetlana Burzewa bereits Anfang M\u00e4rz verhaftet worden. Ihr &#8220;Verbrechen&#8221;: Sie schrieb Artikel f\u00fcr die Nachrichtenplattform &#8220;Baltnews&#8221;, die zum russischen Konzern &#8220;Rossija Sewodnja&#8221; geh\u00f6rt. Die Journalistin Swetlana Burzewa, die f\u00fcr die zum russischen Sewodnja-Medienkonzern geh\u00f6rende Nachrichtenplattform Baltnews arbeitete, wurde in Estland festgenommen und befindet sich in Untersuchungshaft. Die estnische Justiz beschuldigt [&hellip;]\" \/>\n<meta property=\"og:url\" content=\"https:\/\/now-news.de\/de\/deutschland\/russophobie-in-estland-57-jaehrige-journalistin-in-haft\/\" \/>\n<meta property=\"og:site_name\" content=\"just-now.NEWS Deutschland\" \/>\n<meta property=\"article:publisher\" content=\"https:\/\/www.facebook.com\/wirmachenauf\" \/>\n<meta property=\"article:published_time\" content=\"2024-03-28T19:30:56+00:00\" \/>\n<meta property=\"og:image\" content=\"https:\/\/now-news.de\/de\/wp-content\/uploads\/sites\/3\/2024\/03\/Russophobie-in-Estland-57-jaehrige-Journalistin-in-Haft.jpg\" \/>\n\t<meta property=\"og:image:width\" content=\"460\" \/>\n\t<meta property=\"og:image:height\" content=\"259\" \/>\n\t<meta property=\"og:image:type\" content=\"image\/jpeg\" \/>\n<meta name=\"author\" content=\"rtnews\" \/>\n<meta name=\"twitter:card\" content=\"summary_large_image\" \/>\n<meta name=\"twitter:creator\" content=\"@WirMachenAuf_de\" \/>\n<meta name=\"twitter:site\" content=\"@WirMachenAuf_de\" \/>\n<meta name=\"twitter:label1\" content=\"Verfasst von\" \/>\n\t<meta name=\"twitter:data1\" content=\"rtnews\" \/>\n\t<meta name=\"twitter:label2\" content=\"Gesch\u00e4tzte Lesezeit\" \/>\n\t<meta name=\"twitter:data2\" content=\"3\u00a0Minuten\" \/>\n<script type=\"application\/ld+json\" class=\"yoast-schema-graph\">{\"@context\":\"https:\/\/schema.org\",\"@graph\":[{\"@type\":\"Article\",\"@id\":\"https:\/\/now-news.de\/de\/deutschland\/russophobie-in-estland-57-jaehrige-journalistin-in-haft\/#article\",\"isPartOf\":{\"@id\":\"https:\/\/now-news.de\/de\/deutschland\/russophobie-in-estland-57-jaehrige-journalistin-in-haft\/\"},\"author\":{\"name\":\"rtnews\",\"@id\":\"https:\/\/now-news.de\/de\/#\/schema\/person\/fb534a4e865501d8b3285208df34a9b5\"},\"headline\":\"Russophobie in Estland: 57-j\u00e4hrige Journalistin in Haft\",\"datePublished\":\"2024-03-28T19:30:56+00:00\",\"dateModified\":\"2024-03-28T19:30:56+00:00\",\"mainEntityOfPage\":{\"@id\":\"https:\/\/now-news.de\/de\/deutschland\/russophobie-in-estland-57-jaehrige-journalistin-in-haft\/\"},\"wordCount\":523,\"commentCount\":0,\"publisher\":{\"@id\":\"https:\/\/now-news.de\/de\/#organization\"},\"image\":{\"@id\":\"https:\/\/now-news.de\/de\/deutschland\/russophobie-in-estland-57-jaehrige-journalistin-in-haft\/#primaryimage\"},\"thumbnailUrl\":\"https:\/\/now-news.de\/de\/wp-content\/uploads\/sites\/3\/2024\/03\/Russophobie-in-Estland-57-jaehrige-Journalistin-in-Haft.jpg\",\"keywords\":[\"57j\u00e4hrige\",\"Estland\",\"Haft\",\"Journalistin\",\"Russophobie\"],\"articleSection\":[\"Deutschland\",\"Russland\"],\"inLanguage\":\"de\",\"potentialAction\":[{\"@type\":\"CommentAction\",\"name\":\"Comment\",\"target\":[\"https:\/\/now-news.de\/de\/deutschland\/russophobie-in-estland-57-jaehrige-journalistin-in-haft\/#respond\"]}]},{\"@type\":\"WebPage\",\"@id\":\"https:\/\/now-news.de\/de\/deutschland\/russophobie-in-estland-57-jaehrige-journalistin-in-haft\/\",\"url\":\"https:\/\/now-news.de\/de\/deutschland\/russophobie-in-estland-57-jaehrige-journalistin-in-haft\/\",\"name\":\"Russophobie in Estland: 57-j\u00e4hrige Journalistin in Haft - just-now.NEWS Deutschland\",\"isPartOf\":{\"@id\":\"https:\/\/now-news.de\/de\/#website\"},\"primaryImageOfPage\":{\"@id\":\"https:\/\/now-news.de\/de\/deutschland\/russophobie-in-estland-57-jaehrige-journalistin-in-haft\/#primaryimage\"},\"image\":{\"@id\":\"https:\/\/now-news.de\/de\/deutschland\/russophobie-in-estland-57-jaehrige-journalistin-in-haft\/#primaryimage\"},\"thumbnailUrl\":\"https:\/\/now-news.de\/de\/wp-content\/uploads\/sites\/3\/2024\/03\/Russophobie-in-Estland-57-jaehrige-Journalistin-in-Haft.jpg\",\"datePublished\":\"2024-03-28T19:30:56+00:00\",\"dateModified\":\"2024-03-28T19:30:56+00:00\",\"breadcrumb\":{\"@id\":\"https:\/\/now-news.de\/de\/deutschland\/russophobie-in-estland-57-jaehrige-journalistin-in-haft\/#breadcrumb\"},\"inLanguage\":\"de\",\"potentialAction\":[{\"@type\":\"ReadAction\",\"target\":[\"https:\/\/now-news.de\/de\/deutschland\/russophobie-in-estland-57-jaehrige-journalistin-in-haft\/\"]}]},{\"@type\":\"ImageObject\",\"inLanguage\":\"de\",\"@id\":\"https:\/\/now-news.de\/de\/deutschland\/russophobie-in-estland-57-jaehrige-journalistin-in-haft\/#primaryimage\",\"url\":\"https:\/\/now-news.de\/de\/wp-content\/uploads\/sites\/3\/2024\/03\/Russophobie-in-Estland-57-jaehrige-Journalistin-in-Haft.jpg\",\"contentUrl\":\"https:\/\/now-news.de\/de\/wp-content\/uploads\/sites\/3\/2024\/03\/Russophobie-in-Estland-57-jaehrige-Journalistin-in-Haft.jpg\",\"width\":460,\"height\":259,\"caption\":\"Russophobie in Estland: 57-j\u00e4hrige Journalistin in Haft\"},{\"@type\":\"BreadcrumbList\",\"@id\":\"https:\/\/now-news.de\/de\/deutschland\/russophobie-in-estland-57-jaehrige-journalistin-in-haft\/#breadcrumb\",\"itemListElement\":[{\"@type\":\"ListItem\",\"position\":1,\"name\":\"Home\",\"item\":\"https:\/\/now-news.de\/de\/\"},{\"@type\":\"ListItem\",\"position\":2,\"name\":\"Russophobie in Estland: 57-j\u00e4hrige Journalistin in Haft\"}]},{\"@type\":\"WebSite\",\"@id\":\"https:\/\/now-news.de\/de\/#website\",\"url\":\"https:\/\/now-news.de\/de\/\",\"name\":\"just-now.NEWS Deutschland\",\"description\":\"Das Portal f\u00fcr unzensierte Nachrichten aus der Welt\",\"publisher\":{\"@id\":\"https:\/\/now-news.de\/de\/#organization\"},\"potentialAction\":[{\"@type\":\"SearchAction\",\"target\":{\"@type\":\"EntryPoint\",\"urlTemplate\":\"https:\/\/now-news.de\/de\/?s={search_term_string}\"},\"query-input\":\"required name=search_term_string\"}],\"inLanguage\":\"de\"},{\"@type\":\"Organization\",\"@id\":\"https:\/\/now-news.de\/de\/#organization\",\"name\":\"Just Now News\",\"url\":\"https:\/\/now-news.de\/de\/\",\"logo\":{\"@type\":\"ImageObject\",\"inLanguage\":\"de\",\"@id\":\"https:\/\/now-news.de\/de\/#\/schema\/logo\/image\/\",\"url\":\"http:\/\/just-now.news\/de\/wp-content\/uploads\/sites\/3\/2022\/04\/logo500x500.jpg\",\"contentUrl\":\"http:\/\/just-now.news\/de\/wp-content\/uploads\/sites\/3\/2022\/04\/logo500x500.jpg\",\"width\":500,\"height\":500,\"caption\":\"Just Now News\"},\"image\":{\"@id\":\"https:\/\/now-news.de\/de\/#\/schema\/logo\/image\/\"},\"sameAs\":[\"https:\/\/www.facebook.com\/wirmachenauf\",\"https:\/\/x.com\/WirMachenAuf_de\"]},{\"@type\":\"Person\",\"@id\":\"https:\/\/now-news.de\/de\/#\/schema\/person\/fb534a4e865501d8b3285208df34a9b5\",\"name\":\"rtnews\",\"image\":{\"@type\":\"ImageObject\",\"inLanguage\":\"de\",\"@id\":\"https:\/\/now-news.de\/de\/#\/schema\/person\/image\/\",\"url\":\"https:\/\/secure.gravatar.com\/avatar\/82aafea7d8127119dd649515f56e2117?s=96&d=mm&r=g\",\"contentUrl\":\"https:\/\/secure.gravatar.com\/avatar\/82aafea7d8127119dd649515f56e2117?s=96&d=mm&r=g\",\"caption\":\"rtnews\"},\"url\":\"https:\/\/now-news.de\/de\/author\/rnews\/\"}]}<\/script>\n<!-- \/ Yoast SEO Premium plugin. -->","yoast_head_json":{"title":"Russophobie in Estland: 57-j\u00e4hrige Journalistin in Haft - just-now.NEWS Deutschland","robots":{"index":"index","follow":"follow","max-snippet":"max-snippet:-1","max-image-preview":"max-image-preview:large","max-video-preview":"max-video-preview:-1"},"canonical":"https:\/\/now-news.de\/de\/deutschland\/russophobie-in-estland-57-jaehrige-journalistin-in-haft\/","og_locale":"de_DE","og_type":"article","og_title":"Russophobie in Estland: 57-j\u00e4hrige Journalistin in Haft","og_description":"In Estland ist die Journalistin Swetlana Burzewa bereits Anfang M\u00e4rz verhaftet worden. Ihr &#8220;Verbrechen&#8221;: Sie schrieb Artikel f\u00fcr die Nachrichtenplattform &#8220;Baltnews&#8221;, die zum russischen Konzern &#8220;Rossija Sewodnja&#8221; geh\u00f6rt. Die Journalistin Swetlana Burzewa, die f\u00fcr die zum russischen Sewodnja-Medienkonzern geh\u00f6rende Nachrichtenplattform Baltnews arbeitete, wurde in Estland festgenommen und befindet sich in Untersuchungshaft. Die estnische Justiz beschuldigt [&hellip;]","og_url":"https:\/\/now-news.de\/de\/deutschland\/russophobie-in-estland-57-jaehrige-journalistin-in-haft\/","og_site_name":"just-now.NEWS Deutschland","article_publisher":"https:\/\/www.facebook.com\/wirmachenauf","article_published_time":"2024-03-28T19:30:56+00:00","og_image":[{"width":460,"height":259,"url":"https:\/\/now-news.de\/de\/wp-content\/uploads\/sites\/3\/2024\/03\/Russophobie-in-Estland-57-jaehrige-Journalistin-in-Haft.jpg","type":"image\/jpeg"}],"author":"rtnews","twitter_card":"summary_large_image","twitter_creator":"@WirMachenAuf_de","twitter_site":"@WirMachenAuf_de","twitter_misc":{"Verfasst von":"rtnews","Gesch\u00e4tzte Lesezeit":"3\u00a0Minuten"},"schema":{"@context":"https:\/\/schema.org","@graph":[{"@type":"Article","@id":"https:\/\/now-news.de\/de\/deutschland\/russophobie-in-estland-57-jaehrige-journalistin-in-haft\/#article","isPartOf":{"@id":"https:\/\/now-news.de\/de\/deutschland\/russophobie-in-estland-57-jaehrige-journalistin-in-haft\/"},"author":{"name":"rtnews","@id":"https:\/\/now-news.de\/de\/#\/schema\/person\/fb534a4e865501d8b3285208df34a9b5"},"headline":"Russophobie in Estland: 57-j\u00e4hrige Journalistin in Haft","datePublished":"2024-03-28T19:30:56+00:00","dateModified":"2024-03-28T19:30:56+00:00","mainEntityOfPage":{"@id":"https:\/\/now-news.de\/de\/deutschland\/russophobie-in-estland-57-jaehrige-journalistin-in-haft\/"},"wordCount":523,"commentCount":0,"publisher":{"@id":"https:\/\/now-news.de\/de\/#organization"},"image":{"@id":"https:\/\/now-news.de\/de\/deutschland\/russophobie-in-estland-57-jaehrige-journalistin-in-haft\/#primaryimage"},"thumbnailUrl":"https:\/\/now-news.de\/de\/wp-content\/uploads\/sites\/3\/2024\/03\/Russophobie-in-Estland-57-jaehrige-Journalistin-in-Haft.jpg","keywords":["57j\u00e4hrige","Estland","Haft","Journalistin","Russophobie"],"articleSection":["Deutschland","Russland"],"inLanguage":"de","potentialAction":[{"@type":"CommentAction","name":"Comment","target":["https:\/\/now-news.de\/de\/deutschland\/russophobie-in-estland-57-jaehrige-journalistin-in-haft\/#respond"]}]},{"@type":"WebPage","@id":"https:\/\/now-news.de\/de\/deutschland\/russophobie-in-estland-57-jaehrige-journalistin-in-haft\/","url":"https:\/\/now-news.de\/de\/deutschland\/russophobie-in-estland-57-jaehrige-journalistin-in-haft\/","name":"Russophobie in Estland: 57-j\u00e4hrige Journalistin in Haft - just-now.NEWS Deutschland","isPartOf":{"@id":"https:\/\/now-news.de\/de\/#website"},"primaryImageOfPage":{"@id":"https:\/\/now-news.de\/de\/deutschland\/russophobie-in-estland-57-jaehrige-journalistin-in-haft\/#primaryimage"},"image":{"@id":"https:\/\/now-news.de\/de\/deutschland\/russophobie-in-estland-57-jaehrige-journalistin-in-haft\/#primaryimage"},"thumbnailUrl":"https:\/\/now-news.de\/de\/wp-content\/uploads\/sites\/3\/2024\/03\/Russophobie-in-Estland-57-jaehrige-Journalistin-in-Haft.jpg","datePublished":"2024-03-28T19:30:56+00:00","dateModified":"2024-03-28T19:30:56+00:00","breadcrumb":{"@id":"https:\/\/now-news.de\/de\/deutschland\/russophobie-in-estland-57-jaehrige-journalistin-in-haft\/#breadcrumb"},"inLanguage":"de","potentialAction":[{"@type":"ReadAction","target":["https:\/\/now-news.de\/de\/deutschland\/russophobie-in-estland-57-jaehrige-journalistin-in-haft\/"]}]},{"@type":"ImageObject","inLanguage":"de","@id":"https:\/\/now-news.de\/de\/deutschland\/russophobie-in-estland-57-jaehrige-journalistin-in-haft\/#primaryimage","url":"https:\/\/now-news.de\/de\/wp-content\/uploads\/sites\/3\/2024\/03\/Russophobie-in-Estland-57-jaehrige-Journalistin-in-Haft.jpg","contentUrl":"https:\/\/now-news.de\/de\/wp-content\/uploads\/sites\/3\/2024\/03\/Russophobie-in-Estland-57-jaehrige-Journalistin-in-Haft.jpg","width":460,"height":259,"caption":"Russophobie in Estland: 57-j\u00e4hrige Journalistin in Haft"},{"@type":"BreadcrumbList","@id":"https:\/\/now-news.de\/de\/deutschland\/russophobie-in-estland-57-jaehrige-journalistin-in-haft\/#breadcrumb","itemListElement":[{"@type":"ListItem","position":1,"name":"Home","item":"https:\/\/now-news.de\/de\/"},{"@type":"ListItem","position":2,"name":"Russophobie in Estland: 57-j\u00e4hrige Journalistin in Haft"}]},{"@type":"WebSite","@id":"https:\/\/now-news.de\/de\/#website","url":"https:\/\/now-news.de\/de\/","name":"just-now.NEWS Deutschland","description":"Das Portal f\u00fcr unzensierte Nachrichten aus der Welt","publisher":{"@id":"https:\/\/now-news.de\/de\/#organization"},"potentialAction":[{"@type":"SearchAction","target":{"@type":"EntryPoint","urlTemplate":"https:\/\/now-news.de\/de\/?s={search_term_string}"},"query-input":"required name=search_term_string"}],"inLanguage":"de"},{"@type":"Organization","@id":"https:\/\/now-news.de\/de\/#organization","name":"Just Now News","url":"https:\/\/now-news.de\/de\/","logo":{"@type":"ImageObject","inLanguage":"de","@id":"https:\/\/now-news.de\/de\/#\/schema\/logo\/image\/","url":"http:\/\/just-now.news\/de\/wp-content\/uploads\/sites\/3\/2022\/04\/logo500x500.jpg","contentUrl":"http:\/\/just-now.news\/de\/wp-content\/uploads\/sites\/3\/2022\/04\/logo500x500.jpg","width":500,"height":500,"caption":"Just Now News"},"image":{"@id":"https:\/\/now-news.de\/de\/#\/schema\/logo\/image\/"},"sameAs":["https:\/\/www.facebook.com\/wirmachenauf","https:\/\/x.com\/WirMachenAuf_de"]},{"@type":"Person","@id":"https:\/\/now-news.de\/de\/#\/schema\/person\/fb534a4e865501d8b3285208df34a9b5","name":"rtnews","image":{"@type":"ImageObject","inLanguage":"de","@id":"https:\/\/now-news.de\/de\/#\/schema\/person\/image\/","url":"https:\/\/secure.gravatar.com\/avatar\/82aafea7d8127119dd649515f56e2117?s=96&d=mm&r=g","contentUrl":"https:\/\/secure.gravatar.com\/avatar\/82aafea7d8127119dd649515f56e2117?s=96&d=mm&r=g","caption":"rtnews"},"url":"https:\/\/now-news.de\/de\/author\/rnews\/"}]}},"_links":{"self":[{"href":"https:\/\/now-news.de\/de\/wp-json\/wp\/v2\/posts\/57927"}],"collection":[{"href":"https:\/\/now-news.de\/de\/wp-json\/wp\/v2\/posts"}],"about":[{"href":"https:\/\/now-news.de\/de\/wp-json\/wp\/v2\/types\/post"}],"author":[{"embeddable":true,"href":"https:\/\/now-news.de\/de\/wp-json\/wp\/v2\/users\/3"}],"replies":[{"embeddable":true,"href":"https:\/\/now-news.de\/de\/wp-json\/wp\/v2\/comments?post=57927"}],"version-history":[{"count":0,"href":"https:\/\/now-news.de\/de\/wp-json\/wp\/v2\/posts\/57927\/revisions"}],"wp:featuredmedia":[{"embeddable":true,"href":"https:\/\/now-news.de\/de\/wp-json\/wp\/v2\/media\/57928"}],"wp:attachment":[{"href":"https:\/\/now-news.de\/de\/wp-json\/wp\/v2\/media?parent=57927"}],"wp:term":[{"taxonomy":"category","embeddable":true,"href":"https:\/\/now-news.de\/de\/wp-json\/wp\/v2\/categories?post=57927"},{"taxonomy":"post_tag","embeddable":true,"href":"https:\/\/now-news.de\/de\/wp-json\/wp\/v2\/tags?post=57927"}],"curies":[{"name":"wp","href":"https:\/\/api.w.org\/{rel}","templated":true}]}}