{"id":57913,"date":"2024-03-28T14:27:54","date_gmt":"2024-03-28T12:27:54","guid":{"rendered":"https:\/\/just-now.news\/de\/deutschland\/kreml-nennt-bedingungen-fuer-gespraeche-mit-den-usa\/"},"modified":"2024-03-28T14:27:54","modified_gmt":"2024-03-28T12:27:54","slug":"kreml-nennt-bedingungen-fuer-gespraeche-mit-den-usa","status":"publish","type":"post","link":"https:\/\/now-news.de\/de\/deutschland\/kreml-nennt-bedingungen-fuer-gespraeche-mit-den-usa\/","title":{"rendered":"Kreml nennt Bedingungen f\u00fcr Gespr\u00e4che mit den USA"},"content":{"rendered":"<p><img decoding=\"async\" src=\"http:\/\/just-now.news\/de\/wp-content\/uploads\/sites\/3\/2024\/03\/6603e446b480cc5e32053167.jpg\" \/><\/p>\n<div class=\"Text-root Text-type_1 \">\n                Unter Berufung auf den Ukraine-Konflikt hat Washington im Februar 2022 fast alle Beziehungen zu Moskau abgebrochen. Moskau ist weiterhin zum Dialog mit Washington bereit, aber nur, wenn die Gespr\u00e4che umfassend sind.\n            <\/div>\n<p><\/p>\n<div class=\"Text-root Text-type_5 ArticleView-text ViewText-root \">\n<p>Russland ist nach wie vor f\u00fcr Verhandlungen mit den USA offen, erkl\u00e4rte Kreml-Sprecher Dmitri Peskow. Aber man werde nur im Falle einer umfassenden Diskussion \u00fcber alle wichtigen Fragen zustimmen.<\/p>\n<p>Der russische Botschafter in Washington, Anatoli Antonow, erkl\u00e4rte am Dienstag, die diplomatische Vertretung habe seit dem Terroranschlag in Moskau am Freitag nur &#8220;vor\u00fcbergehende&#8221; Kontakte mit der US-Regierung unterhalten. In der kommenden Woche werde man jedoch &#8220;die bilateralen Beziehungen er\u00f6rtern, wie wir weitermachen k\u00f6nnen und ob es \u00fcberhaupt eine Chance gibt, dass die russisch-amerikanischen Beziehungen nicht v\u00f6llig zerst\u00f6rt werden&#8221;.<\/p>\n<p>Moskau habe gen\u00fcgend &#8220;politischen Willen&#8221; f\u00fcr Gespr\u00e4che mit Washington, sei aber &#8220;f\u00fcr eine umfassende Diskussion aller Fragen&#8221;, stellte Peskow sp\u00e4ter am Tag klar. Er bezog sich auch auf den russischen Pr\u00e4sidenten: &#8220;[Pr\u00e4sident Wladimir Putin] hat wiederholt gesagt, dass wir f\u00fcr einen Dialog offen sind und dass wir es f\u00fcr notwendig halten, alle Themen umfassend zu diskutieren. Man kann nicht einige Themen aus dem allgemeinen Kontext herausnehmen, der jetzt unsere bilateralen Beziehungen beherrscht.&#8221;<\/p>\n<p>Im November 2023 hatte der stellvertretende Au\u00dfenminister Sergej Rjabkow ge\u00e4u\u00dfert, dass Russland herauszufinden versuche, ob es unter den gegenw\u00e4rtigen Umst\u00e4nden \u00fcberhaupt sinnvoll sei, mit den USA zu sprechen. Washington hatte im Februar 2022 unter Berufung auf den Ukraine-Konflikt fast alle Beziehungen zu Moskau abgebrochen. Im August desselben Jahres sagte Botschafter Antonow, dass &#8220;nur ein paar Kr\u00fcmel&#8221; \u00fcbrig geblieben seien. Er nannte eine Hotline zur Entflechtung in Syrien, die Erforschung des Weltraums und einige Aktivit\u00e4ten zur Nichtverbreitung von Massenvernichtungswaffen.<\/p>\n<p>Seitdem hat Russland jedoch seine Teilnahme am neuen START-Vertrag \u00fcber die Kontrolle von Atomwaffen ausgesetzt. Dabei verwies das Land auf \u00c4u\u00dferungen der USA, wonach sie Moskau durch die Aufr\u00fcstung und Finanzierung der Ukraine eine &#8220;strategische Niederlage&#8221; zuf\u00fcgen w\u00fcrden. Nach \u00c4u\u00dferungen von Peskow aus dem vergangenen Monat habe Russland keinen &#8220;politischen Willen&#8221; Washingtons gesehen, sich auf ernsthafte Gespr\u00e4che mit Moskau einzulassen.<\/p>\n<p><strong>Mehr zum Thema<\/strong> &#8211;\u00a0<a rel=\"nofollow noopener\" target=\"_blank\" href=\"https:\/\/freedert.online\/europa\/199298-kluegeren-werden-sich-gedanken-machen\/\">&#8220;Die Kl\u00fcgeren werden sich Gedanken machen&#8221; \u2013 Putin erwartet Vernunft von den Deutschen<\/a><\/p>\n<\/div>\n<p><br \/>\n<br \/><a href=\"https:\/\/de.rt.com\/international\/200751-kreml-nennt-bedingungen-fuer-gespraeche\/\">Source link <\/a><\/p>\n","protected":false},"excerpt":{"rendered":"<p>Unter Berufung auf den Ukraine-Konflikt hat Washington im Februar 2022 fast alle Beziehungen zu Moskau abgebrochen. Moskau ist weiterhin zum Dialog mit Washington bereit, aber nur, wenn die Gespr\u00e4che umfassend sind. Russland ist nach wie vor f\u00fcr Verhandlungen mit den USA offen, erkl\u00e4rte Kreml-Sprecher Dmitri Peskow. Aber man werde nur im Falle einer umfassenden Diskussion [&hellip;]<\/p>\n","protected":false},"author":3,"featured_media":57914,"comment_status":"open","ping_status":"open","sticky":false,"template":"","format":"standard","meta":{"_yoast_indexnow_last_ping":["1711643026"],"wp_automatic_camp":["217"],"71240f551d414f2f7b6412c3ada449fe":["Kreml nennt Bedingungen f\u00fcr Gespr\u00e4che mit den USA"],"original_link":["https:\/\/de.rt.com\/international\/200751-kreml-nennt-bedingungen-fuer-gespraeche\/"],"_thumbnail_id":["57914"],"_wptgpro_p2tg_sent2tg":["a:1:{i:23737;s:19:\"2024-03-28 18:24:45\";}"],"jnews_social_counter_last_update":["1777600589"]},"categories":[19,23],"tags":[20908,48,221,11231,6312,419,6986,193],"yoast_head":"<!-- This site is optimized with the Yoast SEO Premium plugin v22.7 (Yoast SEO v22.7) - https:\/\/yoast.com\/wordpress\/plugins\/seo\/ -->\n<title>Kreml nennt Bedingungen f\u00fcr Gespr\u00e4che mit den USA - just-now.NEWS Deutschland<\/title>\n<meta name=\"robots\" content=\"index, follow, max-snippet:-1, max-image-preview:large, max-video-preview:-1\" \/>\n<link rel=\"canonical\" href=\"https:\/\/now-news.de\/de\/deutschland\/kreml-nennt-bedingungen-fuer-gespraeche-mit-den-usa\/\" \/>\n<meta property=\"og:locale\" content=\"de_DE\" \/>\n<meta property=\"og:type\" content=\"article\" \/>\n<meta property=\"og:title\" content=\"Kreml nennt Bedingungen f\u00fcr Gespr\u00e4che mit den USA\" \/>\n<meta property=\"og:description\" content=\"Unter Berufung auf den Ukraine-Konflikt hat Washington im Februar 2022 fast alle Beziehungen zu Moskau abgebrochen. Moskau ist weiterhin zum Dialog mit Washington bereit, aber nur, wenn die Gespr\u00e4che umfassend sind. Russland ist nach wie vor f\u00fcr Verhandlungen mit den USA offen, erkl\u00e4rte Kreml-Sprecher Dmitri Peskow. Aber man werde nur im Falle einer umfassenden Diskussion [&hellip;]\" \/>\n<meta property=\"og:url\" content=\"https:\/\/now-news.de\/de\/deutschland\/kreml-nennt-bedingungen-fuer-gespraeche-mit-den-usa\/\" \/>\n<meta property=\"og:site_name\" content=\"just-now.NEWS Deutschland\" \/>\n<meta property=\"article:publisher\" content=\"https:\/\/www.facebook.com\/wirmachenauf\" \/>\n<meta property=\"article:published_time\" content=\"2024-03-28T12:27:54+00:00\" \/>\n<meta property=\"og:image\" content=\"https:\/\/now-news.de\/de\/wp-content\/uploads\/sites\/3\/2024\/03\/Kreml-nennt-Bedingungen-fuer-Gespraeche-mit-den-USA.jpg\" \/>\n\t<meta property=\"og:image:width\" content=\"460\" \/>\n\t<meta property=\"og:image:height\" content=\"259\" \/>\n\t<meta property=\"og:image:type\" content=\"image\/jpeg\" \/>\n<meta name=\"author\" content=\"rtnews\" \/>\n<meta name=\"twitter:card\" content=\"summary_large_image\" \/>\n<meta name=\"twitter:creator\" content=\"@WirMachenAuf_de\" \/>\n<meta name=\"twitter:site\" content=\"@WirMachenAuf_de\" \/>\n<meta name=\"twitter:label1\" content=\"Verfasst von\" \/>\n\t<meta name=\"twitter:data1\" content=\"rtnews\" \/>\n\t<meta name=\"twitter:label2\" content=\"Gesch\u00e4tzte Lesezeit\" \/>\n\t<meta name=\"twitter:data2\" content=\"2\u00a0Minuten\" \/>\n<script type=\"application\/ld+json\" class=\"yoast-schema-graph\">{\"@context\":\"https:\/\/schema.org\",\"@graph\":[{\"@type\":\"Article\",\"@id\":\"https:\/\/now-news.de\/de\/deutschland\/kreml-nennt-bedingungen-fuer-gespraeche-mit-den-usa\/#article\",\"isPartOf\":{\"@id\":\"https:\/\/now-news.de\/de\/deutschland\/kreml-nennt-bedingungen-fuer-gespraeche-mit-den-usa\/\"},\"author\":{\"name\":\"rtnews\",\"@id\":\"https:\/\/now-news.de\/de\/#\/schema\/person\/fb534a4e865501d8b3285208df34a9b5\"},\"headline\":\"Kreml nennt Bedingungen f\u00fcr Gespr\u00e4che mit den USA\",\"datePublished\":\"2024-03-28T12:27:54+00:00\",\"dateModified\":\"2024-03-28T12:27:54+00:00\",\"mainEntityOfPage\":{\"@id\":\"https:\/\/now-news.de\/de\/deutschland\/kreml-nennt-bedingungen-fuer-gespraeche-mit-den-usa\/\"},\"wordCount\":386,\"commentCount\":0,\"publisher\":{\"@id\":\"https:\/\/now-news.de\/de\/#organization\"},\"image\":{\"@id\":\"https:\/\/now-news.de\/de\/deutschland\/kreml-nennt-bedingungen-fuer-gespraeche-mit-den-usa\/#primaryimage\"},\"thumbnailUrl\":\"https:\/\/now-news.de\/de\/wp-content\/uploads\/sites\/3\/2024\/03\/Kreml-nennt-Bedingungen-fuer-Gespraeche-mit-den-USA.jpg\",\"keywords\":[\"Bedingungen\",\"den\",\"f\u00fcr\",\"Gespr\u00e4che\",\"Kreml\",\"mit\",\"nennt\",\"USA\"],\"articleSection\":[\"Deutschland\",\"Russland\"],\"inLanguage\":\"de\",\"potentialAction\":[{\"@type\":\"CommentAction\",\"name\":\"Comment\",\"target\":[\"https:\/\/now-news.de\/de\/deutschland\/kreml-nennt-bedingungen-fuer-gespraeche-mit-den-usa\/#respond\"]}]},{\"@type\":\"WebPage\",\"@id\":\"https:\/\/now-news.de\/de\/deutschland\/kreml-nennt-bedingungen-fuer-gespraeche-mit-den-usa\/\",\"url\":\"https:\/\/now-news.de\/de\/deutschland\/kreml-nennt-bedingungen-fuer-gespraeche-mit-den-usa\/\",\"name\":\"Kreml nennt Bedingungen f\u00fcr Gespr\u00e4che mit den USA - just-now.NEWS Deutschland\",\"isPartOf\":{\"@id\":\"https:\/\/now-news.de\/de\/#website\"},\"primaryImageOfPage\":{\"@id\":\"https:\/\/now-news.de\/de\/deutschland\/kreml-nennt-bedingungen-fuer-gespraeche-mit-den-usa\/#primaryimage\"},\"image\":{\"@id\":\"https:\/\/now-news.de\/de\/deutschland\/kreml-nennt-bedingungen-fuer-gespraeche-mit-den-usa\/#primaryimage\"},\"thumbnailUrl\":\"https:\/\/now-news.de\/de\/wp-content\/uploads\/sites\/3\/2024\/03\/Kreml-nennt-Bedingungen-fuer-Gespraeche-mit-den-USA.jpg\",\"datePublished\":\"2024-03-28T12:27:54+00:00\",\"dateModified\":\"2024-03-28T12:27:54+00:00\",\"breadcrumb\":{\"@id\":\"https:\/\/now-news.de\/de\/deutschland\/kreml-nennt-bedingungen-fuer-gespraeche-mit-den-usa\/#breadcrumb\"},\"inLanguage\":\"de\",\"potentialAction\":[{\"@type\":\"ReadAction\",\"target\":[\"https:\/\/now-news.de\/de\/deutschland\/kreml-nennt-bedingungen-fuer-gespraeche-mit-den-usa\/\"]}]},{\"@type\":\"ImageObject\",\"inLanguage\":\"de\",\"@id\":\"https:\/\/now-news.de\/de\/deutschland\/kreml-nennt-bedingungen-fuer-gespraeche-mit-den-usa\/#primaryimage\",\"url\":\"https:\/\/now-news.de\/de\/wp-content\/uploads\/sites\/3\/2024\/03\/Kreml-nennt-Bedingungen-fuer-Gespraeche-mit-den-USA.jpg\",\"contentUrl\":\"https:\/\/now-news.de\/de\/wp-content\/uploads\/sites\/3\/2024\/03\/Kreml-nennt-Bedingungen-fuer-Gespraeche-mit-den-USA.jpg\",\"width\":460,\"height\":259,\"caption\":\"Kreml nennt Bedingungen f\u00fcr Gespr\u00e4che mit den USA\"},{\"@type\":\"BreadcrumbList\",\"@id\":\"https:\/\/now-news.de\/de\/deutschland\/kreml-nennt-bedingungen-fuer-gespraeche-mit-den-usa\/#breadcrumb\",\"itemListElement\":[{\"@type\":\"ListItem\",\"position\":1,\"name\":\"Home\",\"item\":\"https:\/\/now-news.de\/de\/\"},{\"@type\":\"ListItem\",\"position\":2,\"name\":\"Kreml nennt Bedingungen f\u00fcr Gespr\u00e4che mit den USA\"}]},{\"@type\":\"WebSite\",\"@id\":\"https:\/\/now-news.de\/de\/#website\",\"url\":\"https:\/\/now-news.de\/de\/\",\"name\":\"just-now.NEWS Deutschland\",\"description\":\"Das Portal f\u00fcr unzensierte Nachrichten aus der Welt\",\"publisher\":{\"@id\":\"https:\/\/now-news.de\/de\/#organization\"},\"potentialAction\":[{\"@type\":\"SearchAction\",\"target\":{\"@type\":\"EntryPoint\",\"urlTemplate\":\"https:\/\/now-news.de\/de\/?s={search_term_string}\"},\"query-input\":\"required name=search_term_string\"}],\"inLanguage\":\"de\"},{\"@type\":\"Organization\",\"@id\":\"https:\/\/now-news.de\/de\/#organization\",\"name\":\"Just Now News\",\"url\":\"https:\/\/now-news.de\/de\/\",\"logo\":{\"@type\":\"ImageObject\",\"inLanguage\":\"de\",\"@id\":\"https:\/\/now-news.de\/de\/#\/schema\/logo\/image\/\",\"url\":\"http:\/\/just-now.news\/de\/wp-content\/uploads\/sites\/3\/2022\/04\/logo500x500.jpg\",\"contentUrl\":\"http:\/\/just-now.news\/de\/wp-content\/uploads\/sites\/3\/2022\/04\/logo500x500.jpg\",\"width\":500,\"height\":500,\"caption\":\"Just Now News\"},\"image\":{\"@id\":\"https:\/\/now-news.de\/de\/#\/schema\/logo\/image\/\"},\"sameAs\":[\"https:\/\/www.facebook.com\/wirmachenauf\",\"https:\/\/x.com\/WirMachenAuf_de\"]},{\"@type\":\"Person\",\"@id\":\"https:\/\/now-news.de\/de\/#\/schema\/person\/fb534a4e865501d8b3285208df34a9b5\",\"name\":\"rtnews\",\"image\":{\"@type\":\"ImageObject\",\"inLanguage\":\"de\",\"@id\":\"https:\/\/now-news.de\/de\/#\/schema\/person\/image\/\",\"url\":\"https:\/\/secure.gravatar.com\/avatar\/82aafea7d8127119dd649515f56e2117?s=96&d=mm&r=g\",\"contentUrl\":\"https:\/\/secure.gravatar.com\/avatar\/82aafea7d8127119dd649515f56e2117?s=96&d=mm&r=g\",\"caption\":\"rtnews\"},\"url\":\"https:\/\/now-news.de\/de\/author\/rnews\/\"}]}<\/script>\n<!-- \/ Yoast SEO Premium plugin. -->","yoast_head_json":{"title":"Kreml nennt Bedingungen f\u00fcr Gespr\u00e4che mit den USA - just-now.NEWS Deutschland","robots":{"index":"index","follow":"follow","max-snippet":"max-snippet:-1","max-image-preview":"max-image-preview:large","max-video-preview":"max-video-preview:-1"},"canonical":"https:\/\/now-news.de\/de\/deutschland\/kreml-nennt-bedingungen-fuer-gespraeche-mit-den-usa\/","og_locale":"de_DE","og_type":"article","og_title":"Kreml nennt Bedingungen f\u00fcr Gespr\u00e4che mit den USA","og_description":"Unter Berufung auf den Ukraine-Konflikt hat Washington im Februar 2022 fast alle Beziehungen zu Moskau abgebrochen. Moskau ist weiterhin zum Dialog mit Washington bereit, aber nur, wenn die Gespr\u00e4che umfassend sind. Russland ist nach wie vor f\u00fcr Verhandlungen mit den USA offen, erkl\u00e4rte Kreml-Sprecher Dmitri Peskow. Aber man werde nur im Falle einer umfassenden Diskussion [&hellip;]","og_url":"https:\/\/now-news.de\/de\/deutschland\/kreml-nennt-bedingungen-fuer-gespraeche-mit-den-usa\/","og_site_name":"just-now.NEWS Deutschland","article_publisher":"https:\/\/www.facebook.com\/wirmachenauf","article_published_time":"2024-03-28T12:27:54+00:00","og_image":[{"width":460,"height":259,"url":"https:\/\/now-news.de\/de\/wp-content\/uploads\/sites\/3\/2024\/03\/Kreml-nennt-Bedingungen-fuer-Gespraeche-mit-den-USA.jpg","type":"image\/jpeg"}],"author":"rtnews","twitter_card":"summary_large_image","twitter_creator":"@WirMachenAuf_de","twitter_site":"@WirMachenAuf_de","twitter_misc":{"Verfasst von":"rtnews","Gesch\u00e4tzte Lesezeit":"2\u00a0Minuten"},"schema":{"@context":"https:\/\/schema.org","@graph":[{"@type":"Article","@id":"https:\/\/now-news.de\/de\/deutschland\/kreml-nennt-bedingungen-fuer-gespraeche-mit-den-usa\/#article","isPartOf":{"@id":"https:\/\/now-news.de\/de\/deutschland\/kreml-nennt-bedingungen-fuer-gespraeche-mit-den-usa\/"},"author":{"name":"rtnews","@id":"https:\/\/now-news.de\/de\/#\/schema\/person\/fb534a4e865501d8b3285208df34a9b5"},"headline":"Kreml nennt Bedingungen f\u00fcr Gespr\u00e4che mit den USA","datePublished":"2024-03-28T12:27:54+00:00","dateModified":"2024-03-28T12:27:54+00:00","mainEntityOfPage":{"@id":"https:\/\/now-news.de\/de\/deutschland\/kreml-nennt-bedingungen-fuer-gespraeche-mit-den-usa\/"},"wordCount":386,"commentCount":0,"publisher":{"@id":"https:\/\/now-news.de\/de\/#organization"},"image":{"@id":"https:\/\/now-news.de\/de\/deutschland\/kreml-nennt-bedingungen-fuer-gespraeche-mit-den-usa\/#primaryimage"},"thumbnailUrl":"https:\/\/now-news.de\/de\/wp-content\/uploads\/sites\/3\/2024\/03\/Kreml-nennt-Bedingungen-fuer-Gespraeche-mit-den-USA.jpg","keywords":["Bedingungen","den","f\u00fcr","Gespr\u00e4che","Kreml","mit","nennt","USA"],"articleSection":["Deutschland","Russland"],"inLanguage":"de","potentialAction":[{"@type":"CommentAction","name":"Comment","target":["https:\/\/now-news.de\/de\/deutschland\/kreml-nennt-bedingungen-fuer-gespraeche-mit-den-usa\/#respond"]}]},{"@type":"WebPage","@id":"https:\/\/now-news.de\/de\/deutschland\/kreml-nennt-bedingungen-fuer-gespraeche-mit-den-usa\/","url":"https:\/\/now-news.de\/de\/deutschland\/kreml-nennt-bedingungen-fuer-gespraeche-mit-den-usa\/","name":"Kreml nennt Bedingungen f\u00fcr Gespr\u00e4che mit den USA - just-now.NEWS Deutschland","isPartOf":{"@id":"https:\/\/now-news.de\/de\/#website"},"primaryImageOfPage":{"@id":"https:\/\/now-news.de\/de\/deutschland\/kreml-nennt-bedingungen-fuer-gespraeche-mit-den-usa\/#primaryimage"},"image":{"@id":"https:\/\/now-news.de\/de\/deutschland\/kreml-nennt-bedingungen-fuer-gespraeche-mit-den-usa\/#primaryimage"},"thumbnailUrl":"https:\/\/now-news.de\/de\/wp-content\/uploads\/sites\/3\/2024\/03\/Kreml-nennt-Bedingungen-fuer-Gespraeche-mit-den-USA.jpg","datePublished":"2024-03-28T12:27:54+00:00","dateModified":"2024-03-28T12:27:54+00:00","breadcrumb":{"@id":"https:\/\/now-news.de\/de\/deutschland\/kreml-nennt-bedingungen-fuer-gespraeche-mit-den-usa\/#breadcrumb"},"inLanguage":"de","potentialAction":[{"@type":"ReadAction","target":["https:\/\/now-news.de\/de\/deutschland\/kreml-nennt-bedingungen-fuer-gespraeche-mit-den-usa\/"]}]},{"@type":"ImageObject","inLanguage":"de","@id":"https:\/\/now-news.de\/de\/deutschland\/kreml-nennt-bedingungen-fuer-gespraeche-mit-den-usa\/#primaryimage","url":"https:\/\/now-news.de\/de\/wp-content\/uploads\/sites\/3\/2024\/03\/Kreml-nennt-Bedingungen-fuer-Gespraeche-mit-den-USA.jpg","contentUrl":"https:\/\/now-news.de\/de\/wp-content\/uploads\/sites\/3\/2024\/03\/Kreml-nennt-Bedingungen-fuer-Gespraeche-mit-den-USA.jpg","width":460,"height":259,"caption":"Kreml nennt Bedingungen f\u00fcr Gespr\u00e4che mit den USA"},{"@type":"BreadcrumbList","@id":"https:\/\/now-news.de\/de\/deutschland\/kreml-nennt-bedingungen-fuer-gespraeche-mit-den-usa\/#breadcrumb","itemListElement":[{"@type":"ListItem","position":1,"name":"Home","item":"https:\/\/now-news.de\/de\/"},{"@type":"ListItem","position":2,"name":"Kreml nennt Bedingungen f\u00fcr Gespr\u00e4che mit den USA"}]},{"@type":"WebSite","@id":"https:\/\/now-news.de\/de\/#website","url":"https:\/\/now-news.de\/de\/","name":"just-now.NEWS Deutschland","description":"Das Portal f\u00fcr unzensierte Nachrichten aus der Welt","publisher":{"@id":"https:\/\/now-news.de\/de\/#organization"},"potentialAction":[{"@type":"SearchAction","target":{"@type":"EntryPoint","urlTemplate":"https:\/\/now-news.de\/de\/?s={search_term_string}"},"query-input":"required name=search_term_string"}],"inLanguage":"de"},{"@type":"Organization","@id":"https:\/\/now-news.de\/de\/#organization","name":"Just Now News","url":"https:\/\/now-news.de\/de\/","logo":{"@type":"ImageObject","inLanguage":"de","@id":"https:\/\/now-news.de\/de\/#\/schema\/logo\/image\/","url":"http:\/\/just-now.news\/de\/wp-content\/uploads\/sites\/3\/2022\/04\/logo500x500.jpg","contentUrl":"http:\/\/just-now.news\/de\/wp-content\/uploads\/sites\/3\/2022\/04\/logo500x500.jpg","width":500,"height":500,"caption":"Just Now News"},"image":{"@id":"https:\/\/now-news.de\/de\/#\/schema\/logo\/image\/"},"sameAs":["https:\/\/www.facebook.com\/wirmachenauf","https:\/\/x.com\/WirMachenAuf_de"]},{"@type":"Person","@id":"https:\/\/now-news.de\/de\/#\/schema\/person\/fb534a4e865501d8b3285208df34a9b5","name":"rtnews","image":{"@type":"ImageObject","inLanguage":"de","@id":"https:\/\/now-news.de\/de\/#\/schema\/person\/image\/","url":"https:\/\/secure.gravatar.com\/avatar\/82aafea7d8127119dd649515f56e2117?s=96&d=mm&r=g","contentUrl":"https:\/\/secure.gravatar.com\/avatar\/82aafea7d8127119dd649515f56e2117?s=96&d=mm&r=g","caption":"rtnews"},"url":"https:\/\/now-news.de\/de\/author\/rnews\/"}]}},"_links":{"self":[{"href":"https:\/\/now-news.de\/de\/wp-json\/wp\/v2\/posts\/57913"}],"collection":[{"href":"https:\/\/now-news.de\/de\/wp-json\/wp\/v2\/posts"}],"about":[{"href":"https:\/\/now-news.de\/de\/wp-json\/wp\/v2\/types\/post"}],"author":[{"embeddable":true,"href":"https:\/\/now-news.de\/de\/wp-json\/wp\/v2\/users\/3"}],"replies":[{"embeddable":true,"href":"https:\/\/now-news.de\/de\/wp-json\/wp\/v2\/comments?post=57913"}],"version-history":[{"count":0,"href":"https:\/\/now-news.de\/de\/wp-json\/wp\/v2\/posts\/57913\/revisions"}],"wp:featuredmedia":[{"embeddable":true,"href":"https:\/\/now-news.de\/de\/wp-json\/wp\/v2\/media\/57914"}],"wp:attachment":[{"href":"https:\/\/now-news.de\/de\/wp-json\/wp\/v2\/media?parent=57913"}],"wp:term":[{"taxonomy":"category","embeddable":true,"href":"https:\/\/now-news.de\/de\/wp-json\/wp\/v2\/categories?post=57913"},{"taxonomy":"post_tag","embeddable":true,"href":"https:\/\/now-news.de\/de\/wp-json\/wp\/v2\/tags?post=57913"}],"curies":[{"name":"wp","href":"https:\/\/api.w.org\/{rel}","templated":true}]}}