{"id":57884,"date":"2024-03-28T14:03:02","date_gmt":"2024-03-28T12:03:02","guid":{"rendered":"https:\/\/just-now.news\/de\/deutschland\/scholz-kooperation-spd-mit-wagenknecht-uebersteigt-meine-fantasie\/"},"modified":"2024-03-28T14:03:02","modified_gmt":"2024-03-28T12:03:02","slug":"scholz-kooperation-spd-mit-wagenknecht-uebersteigt-meine-fantasie","status":"publish","type":"post","link":"https:\/\/now-news.de\/de\/deutschland\/scholz-kooperation-spd-mit-wagenknecht-uebersteigt-meine-fantasie\/","title":{"rendered":"Scholz: Kooperation SPD mit Wagenknecht &quot;\u00fcbersteigt meine Fantasie&quot;"},"content":{"rendered":"<p><img decoding=\"async\" src=\"http:\/\/just-now.news\/de\/wp-content\/uploads\/sites\/3\/2024\/03\/66052b2ab480cc1ec23900e1.jpeg\" \/><\/p>\n<div class=\"Text-root Text-type_1 \">\n                Der Bundeskanzler Olaf Scholz \u00e4u\u00dferte sich in einem Interview zur Frage m\u00f6glicher Koalitionen mit der Partei &#8220;B\u00fcndnis Sahra Wagenknecht&#8221; (BSW). Er k\u00f6nne dabei aktuell keinerlei Grundlage f\u00fcr eine Zusammenarbeit erkennen. Demnach w\u00fcrden sich jegliche Gedankenspiele f\u00fcr die SPD &#8220;verbieten&#8221;.\n            <\/div>\n<p><\/p>\n<div class=\"Text-root Text-type_5 ArticleView-text ViewText-root \">\n<p>Die Partei &#8220;B\u00fcndnis Sahra Wagenknecht \u2013 Vernunft und Gerechtigkeit&#8221; (BSW) wurde im Januar 2024 gegr\u00fcndet. Nach einem eher schleichenden Beginn manifestieren sich mit jeder neuen Umfrage immer bessere Werte f\u00fcr das BSW. Demgegen\u00fcber k\u00e4mpft die SPD des derzeitigen Bundeskanzlers mit schwankenden Werten, bei fallender Tendenz, beruhend auf sinkendem Zuspruch durch die B\u00fcrger. Olaf Scholz stellte sich nun Fragen\u00a0der <em>M\u00e4rkischen Allgemeinen<\/em> (<em>MAZ<\/em>) im <em>RedaktionsNetzwerk Deutschland<\/em> (<em>RND<\/em>). Thema waren m\u00f6gliche Varianten der offenbar unverzichtbaren Koalition f\u00fcr die SPD nach den bevorstehenden\u00a0Wahlen in Sachsen, Th\u00fcringen und Brandenburg. Der Bundeskanzler stellte unmissverst\u00e4ndlich klar, dass sich aus seiner Sicht &#8220;Gedankenspiele&#8221; zu einer Zusammenarbeit mit dem BSW verbieten w\u00fcrden.<\/p>\n<p>In den Freistaaten Sachsen und Th\u00fcringen wird am 1. September gew\u00e4hlt werden, im Land Brandenburg am 22. September. In allen drei Bundesl\u00e4ndern kann nach j\u00fcngsten Umfragen das BSW jeweils auf zweistellige Prozentwerte der Wahlergebnisse spekulieren. Weiterhin rangiert auf dem ersten Platz die AFD. Die SPD ist derzeit mitregierend in Brandenburg, in Gestalt von\u00a0Hubert Dietmar Woidke als der SPD-Ministerpr\u00e4sident des Bundeslandes. In Sachsen bildet derzeit die SPD eine Koalitionsregierung mit der CDU und B\u00fcndnis 90\/Die Gr\u00fcnen, ebenso in Th\u00fcringen, dort als Koalitionspartner der Linken und der Gr\u00fcnen.<\/p>\n<p>Auf die Frage nach denkbaren neuen Konstellationen infolge der Landtagswahlen, auch zu einer m\u00f6glichen Zusammenarbeit mit dem BSW, stellte der Bundeskanzler gegen\u00fcber der <em>MAZ<\/em>\u00a0<a rel=\"nofollow noopener\" target=\"_blank\" href=\"https:\/\/www.rnd.de\/politik\/olaf-scholz-spd-zusammenarbeit-mit-wagenknecht-partei-nicht-moeglich-R6XTO6UQGVCABGSLESHMMM3OFM.html\">w\u00f6rtlich<\/a> klar:<\/p>\n<blockquote>\n<p><em>&#8220;Nein, das \u00fcbersteigt meine Fantasie.&#8221;<\/em><\/p>\n<\/blockquote>\n<p>Nach Ansicht des Bundeskanzlers spreche aktuell &#8220;\u00fcberhaupt nichts f\u00fcr das BSW als Partner f\u00fcr eine Zusammenarbeit&#8221;. Seine Kritik lautet, dass diese noch junge Partei &#8220;keinerlei Vorschl\u00e4ge f\u00fcr eine bessere Zukunft in den L\u00e4ndern und keinen Plan haben, wohin Deutschland steuern soll&#8221;. Daraus schlussfolgert Scholz f\u00fcr die derzeitige Situation:<\/p>\n<p><em>&#8220;Deshalb verbieten sich solche Gedankenspiele aus meiner Sicht.&#8221;<\/em><\/p>\n<p>Das BSW\u00a0soll\u00a0laut eigenen Pl\u00e4nen das erste Mal bei der Europawahl am 9. Juni antreten, vertreten durch den ehemalige Linken-Politiker Fabio De Masi und den langj\u00e4hrigen SPD-Politiker und fr\u00fcheren D\u00fcsseldorfer Oberb\u00fcrgermeister Thomas Geisel. Bis zu den Landtagswahlen im September wolle das BSW versuchen, &#8220;bei allen drei Wahlen mit kompetenten Landeslisten anzutreten&#8221;, k\u00fcndigte die Namensgeberin und Gr\u00fcnderin des BSW Sahra Wagenknecht im Januar an.<\/p>\n<p>In bundesweiten Umfragen erreicht das BSW Zustimmungswerte\u00a0zwischen drei und acht Prozent. Die Parteivorsitzende Wagenknecht teilte mit, das B\u00fcndnis strebe ein Ergebnis von mehr als f\u00fcnf Prozent bei der Europawahl an.\u00a0<\/p>\n<p>Die SPD\u00a0kommt laut <a rel=\"nofollow noopener\" target=\"_blank\" href=\"https:\/\/dawum.de\/SPD\/\">Umfragewerten<\/a> in Sachsen derzeit auf 6 Prozent Zustimmung bei den B\u00fcrgern, in Th\u00fcringen auf 7,5 Prozent und in Brandenburg immerhin auf 19,3 Prozent. Im\u00a0Wahltrend zur <a rel=\"nofollow noopener\" target=\"_blank\" href=\"https:\/\/dawum.de\/Europawahl\/\">Europawahl<\/a> steht die SPD mit ihrer Spitzenkandidatin Katharina Barley bei rund 15,5 Prozent.<\/p>\n<p><strong>Mehr zum Thema &#8211;<\/strong><a rel=\"nofollow noopener\" target=\"_blank\" href=\"https:\/\/freedert.online\/inland\/199326-spiegel-konfrontiert-buendnisses-sahra-wagenknecht\/\">\u00a0&#8216;Der Spiegel&#8217; konfrontiert B\u00fcndnis Sahra Wagenknecht mit sensiblem Datenleck und Interna<\/a><\/p>\n<\/div>\n<p><br \/>\n<br \/><a href=\"https:\/\/de.rt.com\/inland\/200862-kanzler-scholz-spd-bsw-kooperationen\/\">Source link <\/a><\/p>\n","protected":false},"excerpt":{"rendered":"<p>Der Bundeskanzler Olaf Scholz \u00e4u\u00dferte sich in einem Interview zur Frage m\u00f6glicher Koalitionen mit der Partei &#8220;B\u00fcndnis Sahra Wagenknecht&#8221; (BSW). Er k\u00f6nne dabei aktuell keinerlei Grundlage f\u00fcr eine Zusammenarbeit erkennen. Demnach w\u00fcrden sich jegliche Gedankenspiele f\u00fcr die SPD &#8220;verbieten&#8221;. Die Partei &#8220;B\u00fcndnis Sahra Wagenknecht \u2013 Vernunft und Gerechtigkeit&#8221; (BSW) wurde im Januar 2024 gegr\u00fcndet. Nach [&hellip;]<\/p>\n","protected":false},"author":3,"featured_media":57885,"comment_status":"open","ping_status":"open","sticky":false,"template":"","format":"standard","meta":{"_yoast_indexnow_last_ping":["1711627666"],"wp_automatic_camp":["217"],"31858f04d5d5dfd143b653f5550efdfd":["Scholz: Kooperation SPD mit Wagenknecht &quot;\u00fcbersteigt meine Fantasie&quot;"],"original_link":["https:\/\/de.rt.com\/inland\/200862-kanzler-scholz-spd-bsw-kooperationen\/"],"_thumbnail_id":["57885"],"jnews_social_counter_last_update":["1777175367"],"_wptgpro_p2tg_sent2tg":["a:1:{i:23737;s:19:\"2024-03-28 14:08:47\";}"]},"categories":[19,23],"tags":[34504,6679,785,419,54773,1001,3814,17968],"yoast_head":"<!-- This site is optimized with the Yoast SEO Premium plugin v22.7 (Yoast SEO v22.7) - https:\/\/yoast.com\/wordpress\/plugins\/seo\/ -->\n<title>Scholz: Kooperation SPD mit Wagenknecht &quot;\u00fcbersteigt meine Fantasie&quot; - just-now.NEWS Deutschland<\/title>\n<meta name=\"robots\" content=\"index, follow, max-snippet:-1, max-image-preview:large, max-video-preview:-1\" \/>\n<link rel=\"canonical\" href=\"https:\/\/now-news.de\/de\/deutschland\/scholz-kooperation-spd-mit-wagenknecht-uebersteigt-meine-fantasie\/\" \/>\n<meta property=\"og:locale\" content=\"de_DE\" \/>\n<meta property=\"og:type\" content=\"article\" \/>\n<meta property=\"og:title\" content=\"Scholz: Kooperation SPD mit Wagenknecht &quot;\u00fcbersteigt meine Fantasie&quot;\" \/>\n<meta property=\"og:description\" content=\"Der Bundeskanzler Olaf Scholz \u00e4u\u00dferte sich in einem Interview zur Frage m\u00f6glicher Koalitionen mit der Partei &#8220;B\u00fcndnis Sahra Wagenknecht&#8221; (BSW). Er k\u00f6nne dabei aktuell keinerlei Grundlage f\u00fcr eine Zusammenarbeit erkennen. Demnach w\u00fcrden sich jegliche Gedankenspiele f\u00fcr die SPD &#8220;verbieten&#8221;. Die Partei &#8220;B\u00fcndnis Sahra Wagenknecht \u2013 Vernunft und Gerechtigkeit&#8221; (BSW) wurde im Januar 2024 gegr\u00fcndet. Nach [&hellip;]\" \/>\n<meta property=\"og:url\" content=\"https:\/\/now-news.de\/de\/deutschland\/scholz-kooperation-spd-mit-wagenknecht-uebersteigt-meine-fantasie\/\" \/>\n<meta property=\"og:site_name\" content=\"just-now.NEWS Deutschland\" \/>\n<meta property=\"article:publisher\" content=\"https:\/\/www.facebook.com\/wirmachenauf\" \/>\n<meta property=\"article:published_time\" content=\"2024-03-28T12:03:02+00:00\" \/>\n<meta property=\"og:image\" content=\"https:\/\/now-news.de\/de\/wp-content\/uploads\/sites\/3\/2024\/03\/Scholz-Kooperation-SPD-mit-Wagenknecht-quotuebersteigt-meine-Fantasiequot.jpeg\" \/>\n\t<meta property=\"og:image:width\" content=\"460\" \/>\n\t<meta property=\"og:image:height\" content=\"259\" \/>\n\t<meta property=\"og:image:type\" content=\"image\/jpeg\" \/>\n<meta name=\"author\" content=\"rtnews\" \/>\n<meta name=\"twitter:card\" content=\"summary_large_image\" \/>\n<meta name=\"twitter:creator\" content=\"@WirMachenAuf_de\" \/>\n<meta name=\"twitter:site\" content=\"@WirMachenAuf_de\" \/>\n<meta name=\"twitter:label1\" content=\"Verfasst von\" \/>\n\t<meta name=\"twitter:data1\" content=\"rtnews\" \/>\n\t<meta name=\"twitter:label2\" content=\"Gesch\u00e4tzte Lesezeit\" \/>\n\t<meta name=\"twitter:data2\" content=\"3\u00a0Minuten\" \/>\n<script type=\"application\/ld+json\" class=\"yoast-schema-graph\">{\"@context\":\"https:\/\/schema.org\",\"@graph\":[{\"@type\":\"Article\",\"@id\":\"https:\/\/now-news.de\/de\/deutschland\/scholz-kooperation-spd-mit-wagenknecht-uebersteigt-meine-fantasie\/#article\",\"isPartOf\":{\"@id\":\"https:\/\/now-news.de\/de\/deutschland\/scholz-kooperation-spd-mit-wagenknecht-uebersteigt-meine-fantasie\/\"},\"author\":{\"name\":\"rtnews\",\"@id\":\"https:\/\/now-news.de\/de\/#\/schema\/person\/fb534a4e865501d8b3285208df34a9b5\"},\"headline\":\"Scholz: Kooperation SPD mit Wagenknecht &quot;\u00fcbersteigt meine Fantasie&quot;\",\"datePublished\":\"2024-03-28T12:03:02+00:00\",\"dateModified\":\"2024-03-28T12:03:02+00:00\",\"mainEntityOfPage\":{\"@id\":\"https:\/\/now-news.de\/de\/deutschland\/scholz-kooperation-spd-mit-wagenknecht-uebersteigt-meine-fantasie\/\"},\"wordCount\":524,\"commentCount\":0,\"publisher\":{\"@id\":\"https:\/\/now-news.de\/de\/#organization\"},\"image\":{\"@id\":\"https:\/\/now-news.de\/de\/deutschland\/scholz-kooperation-spd-mit-wagenknecht-uebersteigt-meine-fantasie\/#primaryimage\"},\"thumbnailUrl\":\"https:\/\/now-news.de\/de\/wp-content\/uploads\/sites\/3\/2024\/03\/Scholz-Kooperation-SPD-mit-Wagenknecht-quotuebersteigt-meine-Fantasiequot.jpeg\",\"keywords\":[\"Fantasiequot\",\"Kooperation\",\"Meine\",\"mit\",\"quot\u00fcbersteigt\",\"Scholz\",\"SPD\",\"Wagenknecht\"],\"articleSection\":[\"Deutschland\",\"Russland\"],\"inLanguage\":\"de\",\"potentialAction\":[{\"@type\":\"CommentAction\",\"name\":\"Comment\",\"target\":[\"https:\/\/now-news.de\/de\/deutschland\/scholz-kooperation-spd-mit-wagenknecht-uebersteigt-meine-fantasie\/#respond\"]}]},{\"@type\":\"WebPage\",\"@id\":\"https:\/\/now-news.de\/de\/deutschland\/scholz-kooperation-spd-mit-wagenknecht-uebersteigt-meine-fantasie\/\",\"url\":\"https:\/\/now-news.de\/de\/deutschland\/scholz-kooperation-spd-mit-wagenknecht-uebersteigt-meine-fantasie\/\",\"name\":\"Scholz: Kooperation SPD mit Wagenknecht &quot;\u00fcbersteigt meine Fantasie&quot; - just-now.NEWS Deutschland\",\"isPartOf\":{\"@id\":\"https:\/\/now-news.de\/de\/#website\"},\"primaryImageOfPage\":{\"@id\":\"https:\/\/now-news.de\/de\/deutschland\/scholz-kooperation-spd-mit-wagenknecht-uebersteigt-meine-fantasie\/#primaryimage\"},\"image\":{\"@id\":\"https:\/\/now-news.de\/de\/deutschland\/scholz-kooperation-spd-mit-wagenknecht-uebersteigt-meine-fantasie\/#primaryimage\"},\"thumbnailUrl\":\"https:\/\/now-news.de\/de\/wp-content\/uploads\/sites\/3\/2024\/03\/Scholz-Kooperation-SPD-mit-Wagenknecht-quotuebersteigt-meine-Fantasiequot.jpeg\",\"datePublished\":\"2024-03-28T12:03:02+00:00\",\"dateModified\":\"2024-03-28T12:03:02+00:00\",\"breadcrumb\":{\"@id\":\"https:\/\/now-news.de\/de\/deutschland\/scholz-kooperation-spd-mit-wagenknecht-uebersteigt-meine-fantasie\/#breadcrumb\"},\"inLanguage\":\"de\",\"potentialAction\":[{\"@type\":\"ReadAction\",\"target\":[\"https:\/\/now-news.de\/de\/deutschland\/scholz-kooperation-spd-mit-wagenknecht-uebersteigt-meine-fantasie\/\"]}]},{\"@type\":\"ImageObject\",\"inLanguage\":\"de\",\"@id\":\"https:\/\/now-news.de\/de\/deutschland\/scholz-kooperation-spd-mit-wagenknecht-uebersteigt-meine-fantasie\/#primaryimage\",\"url\":\"https:\/\/now-news.de\/de\/wp-content\/uploads\/sites\/3\/2024\/03\/Scholz-Kooperation-SPD-mit-Wagenknecht-quotuebersteigt-meine-Fantasiequot.jpeg\",\"contentUrl\":\"https:\/\/now-news.de\/de\/wp-content\/uploads\/sites\/3\/2024\/03\/Scholz-Kooperation-SPD-mit-Wagenknecht-quotuebersteigt-meine-Fantasiequot.jpeg\",\"width\":460,\"height\":259,\"caption\":\"Scholz: Kooperation SPD mit Wagenknecht &quot;\u00fcbersteigt meine Fantasie&quot;\"},{\"@type\":\"BreadcrumbList\",\"@id\":\"https:\/\/now-news.de\/de\/deutschland\/scholz-kooperation-spd-mit-wagenknecht-uebersteigt-meine-fantasie\/#breadcrumb\",\"itemListElement\":[{\"@type\":\"ListItem\",\"position\":1,\"name\":\"Home\",\"item\":\"https:\/\/now-news.de\/de\/\"},{\"@type\":\"ListItem\",\"position\":2,\"name\":\"Scholz: Kooperation SPD mit Wagenknecht &quot;\u00fcbersteigt meine Fantasie&quot;\"}]},{\"@type\":\"WebSite\",\"@id\":\"https:\/\/now-news.de\/de\/#website\",\"url\":\"https:\/\/now-news.de\/de\/\",\"name\":\"just-now.NEWS Deutschland\",\"description\":\"Das Portal f\u00fcr unzensierte Nachrichten aus der Welt\",\"publisher\":{\"@id\":\"https:\/\/now-news.de\/de\/#organization\"},\"potentialAction\":[{\"@type\":\"SearchAction\",\"target\":{\"@type\":\"EntryPoint\",\"urlTemplate\":\"https:\/\/now-news.de\/de\/?s={search_term_string}\"},\"query-input\":\"required name=search_term_string\"}],\"inLanguage\":\"de\"},{\"@type\":\"Organization\",\"@id\":\"https:\/\/now-news.de\/de\/#organization\",\"name\":\"Just Now News\",\"url\":\"https:\/\/now-news.de\/de\/\",\"logo\":{\"@type\":\"ImageObject\",\"inLanguage\":\"de\",\"@id\":\"https:\/\/now-news.de\/de\/#\/schema\/logo\/image\/\",\"url\":\"http:\/\/just-now.news\/de\/wp-content\/uploads\/sites\/3\/2022\/04\/logo500x500.jpg\",\"contentUrl\":\"http:\/\/just-now.news\/de\/wp-content\/uploads\/sites\/3\/2022\/04\/logo500x500.jpg\",\"width\":500,\"height\":500,\"caption\":\"Just Now News\"},\"image\":{\"@id\":\"https:\/\/now-news.de\/de\/#\/schema\/logo\/image\/\"},\"sameAs\":[\"https:\/\/www.facebook.com\/wirmachenauf\",\"https:\/\/x.com\/WirMachenAuf_de\"]},{\"@type\":\"Person\",\"@id\":\"https:\/\/now-news.de\/de\/#\/schema\/person\/fb534a4e865501d8b3285208df34a9b5\",\"name\":\"rtnews\",\"image\":{\"@type\":\"ImageObject\",\"inLanguage\":\"de\",\"@id\":\"https:\/\/now-news.de\/de\/#\/schema\/person\/image\/\",\"url\":\"https:\/\/secure.gravatar.com\/avatar\/82aafea7d8127119dd649515f56e2117?s=96&d=mm&r=g\",\"contentUrl\":\"https:\/\/secure.gravatar.com\/avatar\/82aafea7d8127119dd649515f56e2117?s=96&d=mm&r=g\",\"caption\":\"rtnews\"},\"url\":\"https:\/\/now-news.de\/de\/author\/rnews\/\"}]}<\/script>\n<!-- \/ Yoast SEO Premium plugin. -->","yoast_head_json":{"title":"Scholz: Kooperation SPD mit Wagenknecht &quot;\u00fcbersteigt meine Fantasie&quot; - just-now.NEWS Deutschland","robots":{"index":"index","follow":"follow","max-snippet":"max-snippet:-1","max-image-preview":"max-image-preview:large","max-video-preview":"max-video-preview:-1"},"canonical":"https:\/\/now-news.de\/de\/deutschland\/scholz-kooperation-spd-mit-wagenknecht-uebersteigt-meine-fantasie\/","og_locale":"de_DE","og_type":"article","og_title":"Scholz: Kooperation SPD mit Wagenknecht &quot;\u00fcbersteigt meine Fantasie&quot;","og_description":"Der Bundeskanzler Olaf Scholz \u00e4u\u00dferte sich in einem Interview zur Frage m\u00f6glicher Koalitionen mit der Partei &#8220;B\u00fcndnis Sahra Wagenknecht&#8221; (BSW). Er k\u00f6nne dabei aktuell keinerlei Grundlage f\u00fcr eine Zusammenarbeit erkennen. Demnach w\u00fcrden sich jegliche Gedankenspiele f\u00fcr die SPD &#8220;verbieten&#8221;. Die Partei &#8220;B\u00fcndnis Sahra Wagenknecht \u2013 Vernunft und Gerechtigkeit&#8221; (BSW) wurde im Januar 2024 gegr\u00fcndet. Nach [&hellip;]","og_url":"https:\/\/now-news.de\/de\/deutschland\/scholz-kooperation-spd-mit-wagenknecht-uebersteigt-meine-fantasie\/","og_site_name":"just-now.NEWS Deutschland","article_publisher":"https:\/\/www.facebook.com\/wirmachenauf","article_published_time":"2024-03-28T12:03:02+00:00","og_image":[{"width":460,"height":259,"url":"https:\/\/now-news.de\/de\/wp-content\/uploads\/sites\/3\/2024\/03\/Scholz-Kooperation-SPD-mit-Wagenknecht-quotuebersteigt-meine-Fantasiequot.jpeg","type":"image\/jpeg"}],"author":"rtnews","twitter_card":"summary_large_image","twitter_creator":"@WirMachenAuf_de","twitter_site":"@WirMachenAuf_de","twitter_misc":{"Verfasst von":"rtnews","Gesch\u00e4tzte Lesezeit":"3\u00a0Minuten"},"schema":{"@context":"https:\/\/schema.org","@graph":[{"@type":"Article","@id":"https:\/\/now-news.de\/de\/deutschland\/scholz-kooperation-spd-mit-wagenknecht-uebersteigt-meine-fantasie\/#article","isPartOf":{"@id":"https:\/\/now-news.de\/de\/deutschland\/scholz-kooperation-spd-mit-wagenknecht-uebersteigt-meine-fantasie\/"},"author":{"name":"rtnews","@id":"https:\/\/now-news.de\/de\/#\/schema\/person\/fb534a4e865501d8b3285208df34a9b5"},"headline":"Scholz: Kooperation SPD mit Wagenknecht &quot;\u00fcbersteigt meine Fantasie&quot;","datePublished":"2024-03-28T12:03:02+00:00","dateModified":"2024-03-28T12:03:02+00:00","mainEntityOfPage":{"@id":"https:\/\/now-news.de\/de\/deutschland\/scholz-kooperation-spd-mit-wagenknecht-uebersteigt-meine-fantasie\/"},"wordCount":524,"commentCount":0,"publisher":{"@id":"https:\/\/now-news.de\/de\/#organization"},"image":{"@id":"https:\/\/now-news.de\/de\/deutschland\/scholz-kooperation-spd-mit-wagenknecht-uebersteigt-meine-fantasie\/#primaryimage"},"thumbnailUrl":"https:\/\/now-news.de\/de\/wp-content\/uploads\/sites\/3\/2024\/03\/Scholz-Kooperation-SPD-mit-Wagenknecht-quotuebersteigt-meine-Fantasiequot.jpeg","keywords":["Fantasiequot","Kooperation","Meine","mit","quot\u00fcbersteigt","Scholz","SPD","Wagenknecht"],"articleSection":["Deutschland","Russland"],"inLanguage":"de","potentialAction":[{"@type":"CommentAction","name":"Comment","target":["https:\/\/now-news.de\/de\/deutschland\/scholz-kooperation-spd-mit-wagenknecht-uebersteigt-meine-fantasie\/#respond"]}]},{"@type":"WebPage","@id":"https:\/\/now-news.de\/de\/deutschland\/scholz-kooperation-spd-mit-wagenknecht-uebersteigt-meine-fantasie\/","url":"https:\/\/now-news.de\/de\/deutschland\/scholz-kooperation-spd-mit-wagenknecht-uebersteigt-meine-fantasie\/","name":"Scholz: Kooperation SPD mit Wagenknecht &quot;\u00fcbersteigt meine Fantasie&quot; - just-now.NEWS Deutschland","isPartOf":{"@id":"https:\/\/now-news.de\/de\/#website"},"primaryImageOfPage":{"@id":"https:\/\/now-news.de\/de\/deutschland\/scholz-kooperation-spd-mit-wagenknecht-uebersteigt-meine-fantasie\/#primaryimage"},"image":{"@id":"https:\/\/now-news.de\/de\/deutschland\/scholz-kooperation-spd-mit-wagenknecht-uebersteigt-meine-fantasie\/#primaryimage"},"thumbnailUrl":"https:\/\/now-news.de\/de\/wp-content\/uploads\/sites\/3\/2024\/03\/Scholz-Kooperation-SPD-mit-Wagenknecht-quotuebersteigt-meine-Fantasiequot.jpeg","datePublished":"2024-03-28T12:03:02+00:00","dateModified":"2024-03-28T12:03:02+00:00","breadcrumb":{"@id":"https:\/\/now-news.de\/de\/deutschland\/scholz-kooperation-spd-mit-wagenknecht-uebersteigt-meine-fantasie\/#breadcrumb"},"inLanguage":"de","potentialAction":[{"@type":"ReadAction","target":["https:\/\/now-news.de\/de\/deutschland\/scholz-kooperation-spd-mit-wagenknecht-uebersteigt-meine-fantasie\/"]}]},{"@type":"ImageObject","inLanguage":"de","@id":"https:\/\/now-news.de\/de\/deutschland\/scholz-kooperation-spd-mit-wagenknecht-uebersteigt-meine-fantasie\/#primaryimage","url":"https:\/\/now-news.de\/de\/wp-content\/uploads\/sites\/3\/2024\/03\/Scholz-Kooperation-SPD-mit-Wagenknecht-quotuebersteigt-meine-Fantasiequot.jpeg","contentUrl":"https:\/\/now-news.de\/de\/wp-content\/uploads\/sites\/3\/2024\/03\/Scholz-Kooperation-SPD-mit-Wagenknecht-quotuebersteigt-meine-Fantasiequot.jpeg","width":460,"height":259,"caption":"Scholz: Kooperation SPD mit Wagenknecht &quot;\u00fcbersteigt meine Fantasie&quot;"},{"@type":"BreadcrumbList","@id":"https:\/\/now-news.de\/de\/deutschland\/scholz-kooperation-spd-mit-wagenknecht-uebersteigt-meine-fantasie\/#breadcrumb","itemListElement":[{"@type":"ListItem","position":1,"name":"Home","item":"https:\/\/now-news.de\/de\/"},{"@type":"ListItem","position":2,"name":"Scholz: Kooperation SPD mit Wagenknecht &quot;\u00fcbersteigt meine Fantasie&quot;"}]},{"@type":"WebSite","@id":"https:\/\/now-news.de\/de\/#website","url":"https:\/\/now-news.de\/de\/","name":"just-now.NEWS Deutschland","description":"Das Portal f\u00fcr unzensierte Nachrichten aus der Welt","publisher":{"@id":"https:\/\/now-news.de\/de\/#organization"},"potentialAction":[{"@type":"SearchAction","target":{"@type":"EntryPoint","urlTemplate":"https:\/\/now-news.de\/de\/?s={search_term_string}"},"query-input":"required name=search_term_string"}],"inLanguage":"de"},{"@type":"Organization","@id":"https:\/\/now-news.de\/de\/#organization","name":"Just Now News","url":"https:\/\/now-news.de\/de\/","logo":{"@type":"ImageObject","inLanguage":"de","@id":"https:\/\/now-news.de\/de\/#\/schema\/logo\/image\/","url":"http:\/\/just-now.news\/de\/wp-content\/uploads\/sites\/3\/2022\/04\/logo500x500.jpg","contentUrl":"http:\/\/just-now.news\/de\/wp-content\/uploads\/sites\/3\/2022\/04\/logo500x500.jpg","width":500,"height":500,"caption":"Just Now News"},"image":{"@id":"https:\/\/now-news.de\/de\/#\/schema\/logo\/image\/"},"sameAs":["https:\/\/www.facebook.com\/wirmachenauf","https:\/\/x.com\/WirMachenAuf_de"]},{"@type":"Person","@id":"https:\/\/now-news.de\/de\/#\/schema\/person\/fb534a4e865501d8b3285208df34a9b5","name":"rtnews","image":{"@type":"ImageObject","inLanguage":"de","@id":"https:\/\/now-news.de\/de\/#\/schema\/person\/image\/","url":"https:\/\/secure.gravatar.com\/avatar\/82aafea7d8127119dd649515f56e2117?s=96&d=mm&r=g","contentUrl":"https:\/\/secure.gravatar.com\/avatar\/82aafea7d8127119dd649515f56e2117?s=96&d=mm&r=g","caption":"rtnews"},"url":"https:\/\/now-news.de\/de\/author\/rnews\/"}]}},"_links":{"self":[{"href":"https:\/\/now-news.de\/de\/wp-json\/wp\/v2\/posts\/57884"}],"collection":[{"href":"https:\/\/now-news.de\/de\/wp-json\/wp\/v2\/posts"}],"about":[{"href":"https:\/\/now-news.de\/de\/wp-json\/wp\/v2\/types\/post"}],"author":[{"embeddable":true,"href":"https:\/\/now-news.de\/de\/wp-json\/wp\/v2\/users\/3"}],"replies":[{"embeddable":true,"href":"https:\/\/now-news.de\/de\/wp-json\/wp\/v2\/comments?post=57884"}],"version-history":[{"count":0,"href":"https:\/\/now-news.de\/de\/wp-json\/wp\/v2\/posts\/57884\/revisions"}],"wp:featuredmedia":[{"embeddable":true,"href":"https:\/\/now-news.de\/de\/wp-json\/wp\/v2\/media\/57885"}],"wp:attachment":[{"href":"https:\/\/now-news.de\/de\/wp-json\/wp\/v2\/media?parent=57884"}],"wp:term":[{"taxonomy":"category","embeddable":true,"href":"https:\/\/now-news.de\/de\/wp-json\/wp\/v2\/categories?post=57884"},{"taxonomy":"post_tag","embeddable":true,"href":"https:\/\/now-news.de\/de\/wp-json\/wp\/v2\/tags?post=57884"}],"curies":[{"name":"wp","href":"https:\/\/api.w.org\/{rel}","templated":true}]}}