{"id":57874,"date":"2024-03-28T10:36:39","date_gmt":"2024-03-28T08:36:39","guid":{"rendered":"https:\/\/just-now.news\/de\/deutschland\/nato-schwedens-militaerische-integration-soll-bald-abgeschlossen-sein\/"},"modified":"2024-03-28T10:36:39","modified_gmt":"2024-03-28T08:36:39","slug":"nato-schwedens-militaerische-integration-soll-bald-abgeschlossen-sein","status":"publish","type":"post","link":"https:\/\/now-news.de\/de\/deutschland\/nato-schwedens-militaerische-integration-soll-bald-abgeschlossen-sein\/","title":{"rendered":"NATO: Schwedens milit\u00e4rische Integration soll bald abgeschlossen sein"},"content":{"rendered":"<p><img decoding=\"async\" src=\"http:\/\/just-now.news\/de\/wp-content\/uploads\/sites\/3\/2024\/03\/660426a5b480cc381639b6a9.jpg\" \/><\/p>\n<div class=\"Text-root Text-type_1 \">\n                Bis Ende April soll Schweden offiziell milit\u00e4risch in die Nordatlantische Allianz\u00a0eingegliedert werden. Dies gab das f\u00fcr die strategische Planung zust\u00e4ndige NATO-Kommando auf X am Dienstag bekannt.\n            <\/div>\n<p><\/p>\n<div class=\"Text-root Text-type_5 ArticleView-text ViewText-root \">\n<p>Anfang M\u00e4rz ist Schweden offiziell das 32. Mitglied der NATO geworden. Wie das Allied Command Transformation (ACT), das f\u00fcr die strategische Entwicklung verantwortliche Kommando, auf X mitteilte, wird das skandinavische Land bis Ende April milit\u00e4risch ins B\u00fcndnis eingegliedert:<\/p>\n<blockquote>\n<p><em>&#8220;Der Beitritt Schwedens zur NATO erh\u00f6ht die transatlantische Sicherheit, verbessert die F\u00e4higkeit der Alliierten, die Verb\u00fcndeten im Baltikum zu verst\u00e4rken, st\u00e4rkt aber auch die Verteidigungsposition im Hohen Norden. Die formelle milit\u00e4rische Integration von Schweden in die NATO wird Ende April abgeschlossen sein.&#8221;<\/em><\/p>\n<\/blockquote>\n<p>Der schwedische Au\u00dfenminister Tobias Billstr\u00f6m teilte den Beitrag auf seinem X-Konto.<\/p>\n<p>Finnland und Schweden beantragten im Mai 2022 den Beitritt zur NATO, nachdem Russland eine milit\u00e4rische Spezialoperation in der Ukraine begonnen hatte. Finnland wurde am 4. April 2023 das 31. NATO-Mitglied. Was den Antrag Schwedens betrifft, so haben die T\u00fcrkei und Ungarn ihm lange Zeit nicht zugestimmt. Am 7. M\u00e4rz dieses Jahres trat das Land dem B\u00fcndnis offiziell bei.<\/p>\n<p>In den vergangenen Jahren hat Moskau wiederholt seine Besorgnis \u00fcber den Aufbau von NATO-Streitkr\u00e4ften in Europa zum Ausdruck gebracht. Br\u00fcssel weist seinerseits auf die Notwendigkeit hin, &#8220;die russische Aggression einzud\u00e4mmen&#8221;. Russlands Pr\u00e4sident Wladimir Putin hatte jedoch wiederholt betont, dass sein Land nicht die Absicht habe, NATO-Staaten anzugreifen. Westlichen Politikern warf er zugleich vor, die Bev\u00f6lkerung in ihren L\u00e4ndern regelm\u00e4\u00dfig mit einer imagin\u00e4ren Bedrohung durch Russland einzusch\u00fcchtern, um die Menschen von innenpolitischen Problemen abzulenken.<\/p>\n<p>Laut Putin kommen die westlichen Staaten zu der Einsicht, dass es unm\u00f6glich sei, Russland im Konflikt mit der Ukraine eine strategische Niederlage zuzuf\u00fcgen. Daher w\u00fcrde der Westen richtig handeln, wenn er \u00fcber seine weitere Politik nachdenkt, so der russische Staatschef. Moskau sei laut Putin zum Dialog bereit.<\/p>\n<p><strong>Mehr zum Thema<\/strong> &#8211; <a rel=\"nofollow noopener\" target=\"_blank\" href=\"https:\/\/freeassange.rtde.life\/kurzclips\/video\/199120-stoltenberg-es-gibt-keine-direkte\/\">Stoltenberg: Es gibt keine direkte milit\u00e4rische Bedrohung eines NATO-Verb\u00fcndeten durch Russland<\/a><\/p>\n<\/div>\n<p><br \/>\n<br \/><a href=\"https:\/\/de.rt.com\/europa\/200796-nato-schwedens-militaerische-integration-soll-bald-abgeschlossen-sein\/\">Source link <\/a><\/p>\n","protected":false},"excerpt":{"rendered":"<p>Bis Ende April soll Schweden offiziell milit\u00e4risch in die Nordatlantische Allianz\u00a0eingegliedert werden. Dies gab das f\u00fcr die strategische Planung zust\u00e4ndige NATO-Kommando auf X am Dienstag bekannt. Anfang M\u00e4rz ist Schweden offiziell das 32. Mitglied der NATO geworden. Wie das Allied Command Transformation (ACT), das f\u00fcr die strategische Entwicklung verantwortliche Kommando, auf X mitteilte, wird das [&hellip;]<\/p>\n","protected":false},"author":3,"featured_media":57875,"comment_status":"open","ping_status":"open","sticky":false,"template":"","format":"standard","meta":{"_yoast_indexnow_last_ping":["1711615135"],"wp_automatic_camp":["217"],"efabfebdf8e9bde37cf9637169d21edb":["NATO: Schwedens milit\u00e4rische Integration soll bald abgeschlossen sein"],"original_link":["https:\/\/de.rt.com\/europa\/200796-nato-schwedens-militaerische-integration-soll-bald-abgeschlossen-sein\/"],"_thumbnail_id":["57875"],"_wptgpro_p2tg_sent2tg":["a:1:{i:23737;s:19:\"2024-03-28 10:39:55\";}"],"jnews_social_counter_last_update":["1777602673"]},"categories":[19,23],"tags":[8554,1624,14250,14415,2697,11593,3950,766],"yoast_head":"<!-- This site is optimized with the Yoast SEO Premium plugin v22.7 (Yoast SEO v22.7) - https:\/\/yoast.com\/wordpress\/plugins\/seo\/ -->\n<title>NATO: Schwedens milit\u00e4rische Integration soll bald abgeschlossen sein - just-now.NEWS Deutschland<\/title>\n<meta name=\"robots\" content=\"index, follow, max-snippet:-1, max-image-preview:large, max-video-preview:-1\" \/>\n<link rel=\"canonical\" href=\"https:\/\/now-news.de\/de\/deutschland\/nato-schwedens-militaerische-integration-soll-bald-abgeschlossen-sein\/\" \/>\n<meta property=\"og:locale\" content=\"de_DE\" \/>\n<meta property=\"og:type\" content=\"article\" \/>\n<meta property=\"og:title\" content=\"NATO: Schwedens milit\u00e4rische Integration soll bald abgeschlossen sein\" \/>\n<meta property=\"og:description\" content=\"Bis Ende April soll Schweden offiziell milit\u00e4risch in die Nordatlantische Allianz\u00a0eingegliedert werden. Dies gab das f\u00fcr die strategische Planung zust\u00e4ndige NATO-Kommando auf X am Dienstag bekannt. Anfang M\u00e4rz ist Schweden offiziell das 32. Mitglied der NATO geworden. Wie das Allied Command Transformation (ACT), das f\u00fcr die strategische Entwicklung verantwortliche Kommando, auf X mitteilte, wird das [&hellip;]\" \/>\n<meta property=\"og:url\" content=\"https:\/\/now-news.de\/de\/deutschland\/nato-schwedens-militaerische-integration-soll-bald-abgeschlossen-sein\/\" \/>\n<meta property=\"og:site_name\" content=\"just-now.NEWS Deutschland\" \/>\n<meta property=\"article:publisher\" content=\"https:\/\/www.facebook.com\/wirmachenauf\" \/>\n<meta property=\"article:published_time\" content=\"2024-03-28T08:36:39+00:00\" \/>\n<meta property=\"og:image\" content=\"https:\/\/now-news.de\/de\/wp-content\/uploads\/sites\/3\/2024\/03\/NATO-Schwedens-militaerische-Integration-soll-bald-abgeschlossen-sein.jpg\" \/>\n\t<meta property=\"og:image:width\" content=\"460\" \/>\n\t<meta property=\"og:image:height\" content=\"259\" \/>\n\t<meta property=\"og:image:type\" content=\"image\/jpeg\" \/>\n<meta name=\"author\" content=\"rtnews\" \/>\n<meta name=\"twitter:card\" content=\"summary_large_image\" \/>\n<meta name=\"twitter:creator\" content=\"@WirMachenAuf_de\" \/>\n<meta name=\"twitter:site\" content=\"@WirMachenAuf_de\" \/>\n<meta name=\"twitter:label1\" content=\"Verfasst von\" \/>\n\t<meta name=\"twitter:data1\" content=\"rtnews\" \/>\n\t<meta name=\"twitter:label2\" content=\"Gesch\u00e4tzte Lesezeit\" \/>\n\t<meta name=\"twitter:data2\" content=\"2\u00a0Minuten\" \/>\n<script type=\"application\/ld+json\" class=\"yoast-schema-graph\">{\"@context\":\"https:\/\/schema.org\",\"@graph\":[{\"@type\":\"Article\",\"@id\":\"https:\/\/now-news.de\/de\/deutschland\/nato-schwedens-militaerische-integration-soll-bald-abgeschlossen-sein\/#article\",\"isPartOf\":{\"@id\":\"https:\/\/now-news.de\/de\/deutschland\/nato-schwedens-militaerische-integration-soll-bald-abgeschlossen-sein\/\"},\"author\":{\"name\":\"rtnews\",\"@id\":\"https:\/\/now-news.de\/de\/#\/schema\/person\/fb534a4e865501d8b3285208df34a9b5\"},\"headline\":\"NATO: Schwedens milit\u00e4rische Integration soll bald abgeschlossen sein\",\"datePublished\":\"2024-03-28T08:36:39+00:00\",\"dateModified\":\"2024-03-28T08:36:39+00:00\",\"mainEntityOfPage\":{\"@id\":\"https:\/\/now-news.de\/de\/deutschland\/nato-schwedens-militaerische-integration-soll-bald-abgeschlossen-sein\/\"},\"wordCount\":350,\"commentCount\":0,\"publisher\":{\"@id\":\"https:\/\/now-news.de\/de\/#organization\"},\"image\":{\"@id\":\"https:\/\/now-news.de\/de\/deutschland\/nato-schwedens-militaerische-integration-soll-bald-abgeschlossen-sein\/#primaryimage\"},\"thumbnailUrl\":\"https:\/\/now-news.de\/de\/wp-content\/uploads\/sites\/3\/2024\/03\/NATO-Schwedens-militaerische-Integration-soll-bald-abgeschlossen-sein.jpg\",\"keywords\":[\"abgeschlossen\",\"bald\",\"integration\",\"Milit\u00e4rische\",\"nato\",\"Schwedens\",\"sein\",\"soll\"],\"articleSection\":[\"Deutschland\",\"Russland\"],\"inLanguage\":\"de\",\"potentialAction\":[{\"@type\":\"CommentAction\",\"name\":\"Comment\",\"target\":[\"https:\/\/now-news.de\/de\/deutschland\/nato-schwedens-militaerische-integration-soll-bald-abgeschlossen-sein\/#respond\"]}]},{\"@type\":\"WebPage\",\"@id\":\"https:\/\/now-news.de\/de\/deutschland\/nato-schwedens-militaerische-integration-soll-bald-abgeschlossen-sein\/\",\"url\":\"https:\/\/now-news.de\/de\/deutschland\/nato-schwedens-militaerische-integration-soll-bald-abgeschlossen-sein\/\",\"name\":\"NATO: Schwedens milit\u00e4rische Integration soll bald abgeschlossen sein - just-now.NEWS Deutschland\",\"isPartOf\":{\"@id\":\"https:\/\/now-news.de\/de\/#website\"},\"primaryImageOfPage\":{\"@id\":\"https:\/\/now-news.de\/de\/deutschland\/nato-schwedens-militaerische-integration-soll-bald-abgeschlossen-sein\/#primaryimage\"},\"image\":{\"@id\":\"https:\/\/now-news.de\/de\/deutschland\/nato-schwedens-militaerische-integration-soll-bald-abgeschlossen-sein\/#primaryimage\"},\"thumbnailUrl\":\"https:\/\/now-news.de\/de\/wp-content\/uploads\/sites\/3\/2024\/03\/NATO-Schwedens-militaerische-Integration-soll-bald-abgeschlossen-sein.jpg\",\"datePublished\":\"2024-03-28T08:36:39+00:00\",\"dateModified\":\"2024-03-28T08:36:39+00:00\",\"breadcrumb\":{\"@id\":\"https:\/\/now-news.de\/de\/deutschland\/nato-schwedens-militaerische-integration-soll-bald-abgeschlossen-sein\/#breadcrumb\"},\"inLanguage\":\"de\",\"potentialAction\":[{\"@type\":\"ReadAction\",\"target\":[\"https:\/\/now-news.de\/de\/deutschland\/nato-schwedens-militaerische-integration-soll-bald-abgeschlossen-sein\/\"]}]},{\"@type\":\"ImageObject\",\"inLanguage\":\"de\",\"@id\":\"https:\/\/now-news.de\/de\/deutschland\/nato-schwedens-militaerische-integration-soll-bald-abgeschlossen-sein\/#primaryimage\",\"url\":\"https:\/\/now-news.de\/de\/wp-content\/uploads\/sites\/3\/2024\/03\/NATO-Schwedens-militaerische-Integration-soll-bald-abgeschlossen-sein.jpg\",\"contentUrl\":\"https:\/\/now-news.de\/de\/wp-content\/uploads\/sites\/3\/2024\/03\/NATO-Schwedens-militaerische-Integration-soll-bald-abgeschlossen-sein.jpg\",\"width\":460,\"height\":259,\"caption\":\"NATO: Schwedens milit\u00e4rische Integration soll bald abgeschlossen sein\"},{\"@type\":\"BreadcrumbList\",\"@id\":\"https:\/\/now-news.de\/de\/deutschland\/nato-schwedens-militaerische-integration-soll-bald-abgeschlossen-sein\/#breadcrumb\",\"itemListElement\":[{\"@type\":\"ListItem\",\"position\":1,\"name\":\"Home\",\"item\":\"https:\/\/now-news.de\/de\/\"},{\"@type\":\"ListItem\",\"position\":2,\"name\":\"NATO: Schwedens milit\u00e4rische Integration soll bald abgeschlossen sein\"}]},{\"@type\":\"WebSite\",\"@id\":\"https:\/\/now-news.de\/de\/#website\",\"url\":\"https:\/\/now-news.de\/de\/\",\"name\":\"just-now.NEWS Deutschland\",\"description\":\"Das Portal f\u00fcr unzensierte Nachrichten aus der Welt\",\"publisher\":{\"@id\":\"https:\/\/now-news.de\/de\/#organization\"},\"potentialAction\":[{\"@type\":\"SearchAction\",\"target\":{\"@type\":\"EntryPoint\",\"urlTemplate\":\"https:\/\/now-news.de\/de\/?s={search_term_string}\"},\"query-input\":\"required name=search_term_string\"}],\"inLanguage\":\"de\"},{\"@type\":\"Organization\",\"@id\":\"https:\/\/now-news.de\/de\/#organization\",\"name\":\"Just Now News\",\"url\":\"https:\/\/now-news.de\/de\/\",\"logo\":{\"@type\":\"ImageObject\",\"inLanguage\":\"de\",\"@id\":\"https:\/\/now-news.de\/de\/#\/schema\/logo\/image\/\",\"url\":\"http:\/\/just-now.news\/de\/wp-content\/uploads\/sites\/3\/2022\/04\/logo500x500.jpg\",\"contentUrl\":\"http:\/\/just-now.news\/de\/wp-content\/uploads\/sites\/3\/2022\/04\/logo500x500.jpg\",\"width\":500,\"height\":500,\"caption\":\"Just Now News\"},\"image\":{\"@id\":\"https:\/\/now-news.de\/de\/#\/schema\/logo\/image\/\"},\"sameAs\":[\"https:\/\/www.facebook.com\/wirmachenauf\",\"https:\/\/x.com\/WirMachenAuf_de\"]},{\"@type\":\"Person\",\"@id\":\"https:\/\/now-news.de\/de\/#\/schema\/person\/fb534a4e865501d8b3285208df34a9b5\",\"name\":\"rtnews\",\"image\":{\"@type\":\"ImageObject\",\"inLanguage\":\"de\",\"@id\":\"https:\/\/now-news.de\/de\/#\/schema\/person\/image\/\",\"url\":\"https:\/\/secure.gravatar.com\/avatar\/82aafea7d8127119dd649515f56e2117?s=96&d=mm&r=g\",\"contentUrl\":\"https:\/\/secure.gravatar.com\/avatar\/82aafea7d8127119dd649515f56e2117?s=96&d=mm&r=g\",\"caption\":\"rtnews\"},\"url\":\"https:\/\/now-news.de\/de\/author\/rnews\/\"}]}<\/script>\n<!-- \/ Yoast SEO Premium plugin. -->","yoast_head_json":{"title":"NATO: Schwedens milit\u00e4rische Integration soll bald abgeschlossen sein - just-now.NEWS Deutschland","robots":{"index":"index","follow":"follow","max-snippet":"max-snippet:-1","max-image-preview":"max-image-preview:large","max-video-preview":"max-video-preview:-1"},"canonical":"https:\/\/now-news.de\/de\/deutschland\/nato-schwedens-militaerische-integration-soll-bald-abgeschlossen-sein\/","og_locale":"de_DE","og_type":"article","og_title":"NATO: Schwedens milit\u00e4rische Integration soll bald abgeschlossen sein","og_description":"Bis Ende April soll Schweden offiziell milit\u00e4risch in die Nordatlantische Allianz\u00a0eingegliedert werden. Dies gab das f\u00fcr die strategische Planung zust\u00e4ndige NATO-Kommando auf X am Dienstag bekannt. Anfang M\u00e4rz ist Schweden offiziell das 32. Mitglied der NATO geworden. Wie das Allied Command Transformation (ACT), das f\u00fcr die strategische Entwicklung verantwortliche Kommando, auf X mitteilte, wird das [&hellip;]","og_url":"https:\/\/now-news.de\/de\/deutschland\/nato-schwedens-militaerische-integration-soll-bald-abgeschlossen-sein\/","og_site_name":"just-now.NEWS Deutschland","article_publisher":"https:\/\/www.facebook.com\/wirmachenauf","article_published_time":"2024-03-28T08:36:39+00:00","og_image":[{"width":460,"height":259,"url":"https:\/\/now-news.de\/de\/wp-content\/uploads\/sites\/3\/2024\/03\/NATO-Schwedens-militaerische-Integration-soll-bald-abgeschlossen-sein.jpg","type":"image\/jpeg"}],"author":"rtnews","twitter_card":"summary_large_image","twitter_creator":"@WirMachenAuf_de","twitter_site":"@WirMachenAuf_de","twitter_misc":{"Verfasst von":"rtnews","Gesch\u00e4tzte Lesezeit":"2\u00a0Minuten"},"schema":{"@context":"https:\/\/schema.org","@graph":[{"@type":"Article","@id":"https:\/\/now-news.de\/de\/deutschland\/nato-schwedens-militaerische-integration-soll-bald-abgeschlossen-sein\/#article","isPartOf":{"@id":"https:\/\/now-news.de\/de\/deutschland\/nato-schwedens-militaerische-integration-soll-bald-abgeschlossen-sein\/"},"author":{"name":"rtnews","@id":"https:\/\/now-news.de\/de\/#\/schema\/person\/fb534a4e865501d8b3285208df34a9b5"},"headline":"NATO: Schwedens milit\u00e4rische Integration soll bald abgeschlossen sein","datePublished":"2024-03-28T08:36:39+00:00","dateModified":"2024-03-28T08:36:39+00:00","mainEntityOfPage":{"@id":"https:\/\/now-news.de\/de\/deutschland\/nato-schwedens-militaerische-integration-soll-bald-abgeschlossen-sein\/"},"wordCount":350,"commentCount":0,"publisher":{"@id":"https:\/\/now-news.de\/de\/#organization"},"image":{"@id":"https:\/\/now-news.de\/de\/deutschland\/nato-schwedens-militaerische-integration-soll-bald-abgeschlossen-sein\/#primaryimage"},"thumbnailUrl":"https:\/\/now-news.de\/de\/wp-content\/uploads\/sites\/3\/2024\/03\/NATO-Schwedens-militaerische-Integration-soll-bald-abgeschlossen-sein.jpg","keywords":["abgeschlossen","bald","integration","Milit\u00e4rische","nato","Schwedens","sein","soll"],"articleSection":["Deutschland","Russland"],"inLanguage":"de","potentialAction":[{"@type":"CommentAction","name":"Comment","target":["https:\/\/now-news.de\/de\/deutschland\/nato-schwedens-militaerische-integration-soll-bald-abgeschlossen-sein\/#respond"]}]},{"@type":"WebPage","@id":"https:\/\/now-news.de\/de\/deutschland\/nato-schwedens-militaerische-integration-soll-bald-abgeschlossen-sein\/","url":"https:\/\/now-news.de\/de\/deutschland\/nato-schwedens-militaerische-integration-soll-bald-abgeschlossen-sein\/","name":"NATO: Schwedens milit\u00e4rische Integration soll bald abgeschlossen sein - just-now.NEWS Deutschland","isPartOf":{"@id":"https:\/\/now-news.de\/de\/#website"},"primaryImageOfPage":{"@id":"https:\/\/now-news.de\/de\/deutschland\/nato-schwedens-militaerische-integration-soll-bald-abgeschlossen-sein\/#primaryimage"},"image":{"@id":"https:\/\/now-news.de\/de\/deutschland\/nato-schwedens-militaerische-integration-soll-bald-abgeschlossen-sein\/#primaryimage"},"thumbnailUrl":"https:\/\/now-news.de\/de\/wp-content\/uploads\/sites\/3\/2024\/03\/NATO-Schwedens-militaerische-Integration-soll-bald-abgeschlossen-sein.jpg","datePublished":"2024-03-28T08:36:39+00:00","dateModified":"2024-03-28T08:36:39+00:00","breadcrumb":{"@id":"https:\/\/now-news.de\/de\/deutschland\/nato-schwedens-militaerische-integration-soll-bald-abgeschlossen-sein\/#breadcrumb"},"inLanguage":"de","potentialAction":[{"@type":"ReadAction","target":["https:\/\/now-news.de\/de\/deutschland\/nato-schwedens-militaerische-integration-soll-bald-abgeschlossen-sein\/"]}]},{"@type":"ImageObject","inLanguage":"de","@id":"https:\/\/now-news.de\/de\/deutschland\/nato-schwedens-militaerische-integration-soll-bald-abgeschlossen-sein\/#primaryimage","url":"https:\/\/now-news.de\/de\/wp-content\/uploads\/sites\/3\/2024\/03\/NATO-Schwedens-militaerische-Integration-soll-bald-abgeschlossen-sein.jpg","contentUrl":"https:\/\/now-news.de\/de\/wp-content\/uploads\/sites\/3\/2024\/03\/NATO-Schwedens-militaerische-Integration-soll-bald-abgeschlossen-sein.jpg","width":460,"height":259,"caption":"NATO: Schwedens milit\u00e4rische Integration soll bald abgeschlossen sein"},{"@type":"BreadcrumbList","@id":"https:\/\/now-news.de\/de\/deutschland\/nato-schwedens-militaerische-integration-soll-bald-abgeschlossen-sein\/#breadcrumb","itemListElement":[{"@type":"ListItem","position":1,"name":"Home","item":"https:\/\/now-news.de\/de\/"},{"@type":"ListItem","position":2,"name":"NATO: Schwedens milit\u00e4rische Integration soll bald abgeschlossen sein"}]},{"@type":"WebSite","@id":"https:\/\/now-news.de\/de\/#website","url":"https:\/\/now-news.de\/de\/","name":"just-now.NEWS Deutschland","description":"Das Portal f\u00fcr unzensierte Nachrichten aus der Welt","publisher":{"@id":"https:\/\/now-news.de\/de\/#organization"},"potentialAction":[{"@type":"SearchAction","target":{"@type":"EntryPoint","urlTemplate":"https:\/\/now-news.de\/de\/?s={search_term_string}"},"query-input":"required name=search_term_string"}],"inLanguage":"de"},{"@type":"Organization","@id":"https:\/\/now-news.de\/de\/#organization","name":"Just Now News","url":"https:\/\/now-news.de\/de\/","logo":{"@type":"ImageObject","inLanguage":"de","@id":"https:\/\/now-news.de\/de\/#\/schema\/logo\/image\/","url":"http:\/\/just-now.news\/de\/wp-content\/uploads\/sites\/3\/2022\/04\/logo500x500.jpg","contentUrl":"http:\/\/just-now.news\/de\/wp-content\/uploads\/sites\/3\/2022\/04\/logo500x500.jpg","width":500,"height":500,"caption":"Just Now News"},"image":{"@id":"https:\/\/now-news.de\/de\/#\/schema\/logo\/image\/"},"sameAs":["https:\/\/www.facebook.com\/wirmachenauf","https:\/\/x.com\/WirMachenAuf_de"]},{"@type":"Person","@id":"https:\/\/now-news.de\/de\/#\/schema\/person\/fb534a4e865501d8b3285208df34a9b5","name":"rtnews","image":{"@type":"ImageObject","inLanguage":"de","@id":"https:\/\/now-news.de\/de\/#\/schema\/person\/image\/","url":"https:\/\/secure.gravatar.com\/avatar\/82aafea7d8127119dd649515f56e2117?s=96&d=mm&r=g","contentUrl":"https:\/\/secure.gravatar.com\/avatar\/82aafea7d8127119dd649515f56e2117?s=96&d=mm&r=g","caption":"rtnews"},"url":"https:\/\/now-news.de\/de\/author\/rnews\/"}]}},"_links":{"self":[{"href":"https:\/\/now-news.de\/de\/wp-json\/wp\/v2\/posts\/57874"}],"collection":[{"href":"https:\/\/now-news.de\/de\/wp-json\/wp\/v2\/posts"}],"about":[{"href":"https:\/\/now-news.de\/de\/wp-json\/wp\/v2\/types\/post"}],"author":[{"embeddable":true,"href":"https:\/\/now-news.de\/de\/wp-json\/wp\/v2\/users\/3"}],"replies":[{"embeddable":true,"href":"https:\/\/now-news.de\/de\/wp-json\/wp\/v2\/comments?post=57874"}],"version-history":[{"count":0,"href":"https:\/\/now-news.de\/de\/wp-json\/wp\/v2\/posts\/57874\/revisions"}],"wp:featuredmedia":[{"embeddable":true,"href":"https:\/\/now-news.de\/de\/wp-json\/wp\/v2\/media\/57875"}],"wp:attachment":[{"href":"https:\/\/now-news.de\/de\/wp-json\/wp\/v2\/media?parent=57874"}],"wp:term":[{"taxonomy":"category","embeddable":true,"href":"https:\/\/now-news.de\/de\/wp-json\/wp\/v2\/categories?post=57874"},{"taxonomy":"post_tag","embeddable":true,"href":"https:\/\/now-news.de\/de\/wp-json\/wp\/v2\/tags?post=57874"}],"curies":[{"name":"wp","href":"https:\/\/api.w.org\/{rel}","templated":true}]}}