{"id":57868,"date":"2024-03-28T08:20:18","date_gmt":"2024-03-28T06:20:18","guid":{"rendered":"https:\/\/just-now.news\/de\/deutschland\/politisch-verfolgt-berliner-senat-ueberzieht-linke-palaestina-aktivisten-mit-repressalien\/"},"modified":"2024-03-28T08:20:18","modified_gmt":"2024-03-28T06:20:18","slug":"politisch-verfolgt-berliner-senat-ueberzieht-linke-palaestina-aktivisten-mit-repressalien","status":"publish","type":"post","link":"https:\/\/now-news.de\/de\/deutschland\/politisch-verfolgt-berliner-senat-ueberzieht-linke-palaestina-aktivisten-mit-repressalien\/","title":{"rendered":"Politisch verfolgt: Berliner Senat \u00fcberzieht linke Pal\u00e4stina-Aktivisten mit Repressalien"},"content":{"rendered":"<p><img decoding=\"async\" src=\"http:\/\/just-now.news\/de\/wp-content\/uploads\/sites\/3\/2024\/03\/66040265b480cc381639b667.jpg\" \/><\/p>\n<div class=\"Text-root Text-type_1 \">\n                Razzien, Verbote, Kampagnen: Der Berliner Senat verfolgt die Organisatoren eines geplanten Pal\u00e4stina-Kongresses unter fadenscheinigen Begr\u00fcndungen mit Repressalien, w\u00e4hrend deutsche Leitmedien gegen sie hetzen. Unter den Betroffenen sind auch deutsche Juden.\n            <\/div>\n<p><\/p>\n<div class=\"Text-root Text-type_5 ArticleView-text ViewText-root \">\n<p><em>Von Susan Bonath<\/em><\/p>\n<p>Wer sich f\u00fcr die Rechte von Pal\u00e4stinensern ausspricht und den aktuellen Vernichtungsfeldzug Israels gegen die gesamte Bev\u00f6lkerung des Gazastreifens kritisiert, muss in Deutschland mit harter Repression rechnen. Der Berliner Senat verfolgt aktuell Mitorganisatoren des f\u00fcr Mitte April in der deutschen Hauptstadt geplanten Pal\u00e4stina-Kongresses, an dem sich auch antizionistische Juden beteiligen, mit Hausdurchsuchungen. Er will zudem die Veranstaltung verbieten lassen. Die Betroffenen sehen sich politisch verfolgt.<\/p>\n<p><strong>Wohnungen durchsucht<\/strong><\/p>\n<p>Zwei Mitorganisatoren des geplanten\u00a0<a rel=\"nofollow noopener\" target=\"_blank\" href=\"https:\/\/palaestinakongress.de\/,%20RT%20DE%20berichtete%20https:\/\/freedert.online\/inland\/200590-konferenz-ueber-mitschuld-und-rolle\/\">Pal\u00e4stina-Kongresses 2024<\/a>, wurden k\u00fcrzlich von der Polizei aus dem Schlaf gerissen: Hausdurchsuchung. Wie der\u00a0<em>Tagesspiegel<\/em>\u00a0in einem\u00a0<a rel=\"nofollow noopener\" target=\"_blank\" href=\"https:\/\/www.tagesspiegel.de\/berlin\/umstrittener-palastina-kongress-in-berlin-polizei-uberrascht-mitplaner-mit-hausdurchsuchungen-11415113.html\">diskreditierenden Beitrag daraufhin darlegte<\/a>, beschlagnahmten die Beamten unter anderem Datentr\u00e4ger und die Mobiltelefone der Betroffenen. Diese w\u00fcrden nun von den Ermittlern ausgewertet, hei\u00dft es.<\/p>\n<p>Um solche Razzien durchzusetzen, braucht die Justiz mindestens konkrete Hinweise auf drohende Straftaten. Doch die Begr\u00fcndungen, die der\u00a0<em>Tagesspiegel<\/em>\u00a0unter Berufung auf den Senat anf\u00fchrt, sind schwammig. Angeblich h\u00e4tten sich die beiden Betroffenen nach dem 7. Oktober 2023 &#8220;zunehmend radikalisiert&#8221;. In den Mund gelegt werden ihnen angebliche Behauptungen, mit denen sie Zionisten diskreditiert h\u00e4tten. \u00dcber konkrete Zusammenh\u00e4nge und entsprechende Belege ist nichts bekannt.<\/p>\n<p><strong>Tagesspiegel verst\u00f6\u00dft gegen Pressekodex<\/strong>\u00a0<\/p>\n<p>Das Blatt h\u00e4lt sich durchweg an den Konjunktiv: &#8220;M\u00f6glicherweise&#8221; f\u00e4nden die Beamten auf den gesicherten Datentr\u00e4gern &#8220;nun Hinweise auf eine Reihe von Rednern, deren Namen die Veranstalter nach eigenen Angaben bislang geheim halten, da ansonsten staatliche Einreiseverbote drohten&#8221;, hei\u00dft es etwa.<\/p>\n<p>Bemerkenswerterweise praktiziert der\u00a0<em>Tagesspiegel<\/em>\u00a0ein perfides journalistisches No-Go: Er nennt die vollst\u00e4ndigen Namen der beiden durchsuchten Privatpersonen. Dies ist laut Pressekodex verboten, und zwar aus guten Gr\u00fcnden: Verd\u00e4chtige jedweder Art k\u00f6nnten damit Hass und Selbstjustiz aus der Bev\u00f6lkerung ausgesetzt werden. Das soll vermieden werden \u2013 was das Blatt aber in diesem Fall offenbar nicht wollte.<\/p>\n<p><strong><\/strong><strong>Senat strebt Verbot an<\/strong>\u00a0<\/p>\n<p>Der Berliner Senat pr\u00fcft zudem ein Verbot, mindestens eine drastische Einschr\u00e4nkung der Veranstaltung. Dies ging bereits am 18. M\u00e4rz durch den Ticker der Nachrichtenagentur\u00a0<em>dpa<\/em>\u00a0und wurde von\u00a0<a rel=\"nofollow noopener\" target=\"_blank\" href=\"https:\/\/www.sueddeutsche.de\/politik\/extremismus-berlin-senat-moegliches-verbot-von-palaestina-kongress-noch-unklar-dpa.urn-newsml-dpa-com-20090101-240318-99-377858\">zahlreichen Medien weiterverbreitet<\/a>.<\/p>\n<p>Auch hierzu fehlt es an Konkretem. Innenstaatssekret\u00e4r Christian Hochgrebe (SPD) habe erkl\u00e4rt: Man werde &#8220;im Rahmen der rechtlichen M\u00f6glichkeiten alles in unserer Macht Stehende unternehmen&#8221;, um vermeintlich drohende &#8220;Straftaten wie Volksverhetzung und das Verwenden verbotener Symbole ebenso zu unterbinden wie die Verbreitung von Hass und Hetze gegen Israel&#8221;. &#8220;Hass und Hetze&#8221; sind bekanntlich frei auslegbar.<\/p>\n<p><strong>Israel-Lobby in Action<\/strong><\/p>\n<p>Der\u00a0<a rel=\"nofollow noopener\" target=\"_blank\" href=\"https:\/\/www.deutschlandfunk.de\/palaestina-kongress-in-berlin-geplant-senat-prueft-verbot-dlf-dfa626c5-100.html%20\"><em>Deutschlandfunk<\/em><\/a>\u00a0interviewte dazu Kim-Robin Stoller, der f\u00fcr das sogenannte Internationale Institut f\u00fcr Bildung-, Sozial- und Antisemitismusforschung (IIBSA) arbeitet. Das ist eine Denkfabrik der internationalen Israel-Lobby in Deutschland mit Verbindungen unter anderem zum Zentralrat der Juden und zur Amadeu Antonio Stiftung, bei denen kein Wort von Kritik an der offen rechtsextremen Regierung Israels sowie an der v\u00f6lkerrechtswidrigen Besatzung Pal\u00e4stinas zu lesen ist. Zu den Kooperationspartnern des Vereins z\u00e4hlt \u00fcberdies das J\u00fcdische Forum f\u00fcr Demokratie und gegen Antisemitismus (JFDA), wenn man\u00a0<a rel=\"nofollow noopener\" target=\"_blank\" href=\"https:\/\/de.wikipedia.org\/wiki\/Recherche-_und_Informationsstelle_Antisemitismus#Kooperationen_und_F%C3%B6rderung\">Wikipedia<\/a>\u00a0glauben will.<\/p>\n<p>Laut Recherchen der Autorin Susann Witt-Stahl in der marxistischen Tageszeitung\u00a0<a rel=\"nofollow noopener\" target=\"_blank\" href=\"https:\/\/www.jungewelt.de\/artikel\/472021.israel-lobby-in-der-brd-pranger-f%C3%BCr-antiimperialisten.html%20\"><em>junge Welt<\/em><\/a>\u00a0pflegt die Organisation umfassende &#8220;Verbindungen in rechte und neokonservative Netzwerke&#8221;.<\/p>\n<p>Ein f\u00fchrendes JFDA-Mitglied verbreitet demzufolge etwa reichweitenstarke Lobges\u00e4nge auf ukrainische Faschisten sowie die rechtsextreme Wahnidee von einer islamisch-bolschewistischen antiimperialistischen Verschw\u00f6rung. Verbindungen gebe es zudem in die f\u00fchrenden Kreise der Kampagne &#8220;Stop the Bomb&#8221;, eine Lobby, die mit unbelegten Behauptungen f\u00fcr einen Krieg des Westens gegen den Iran hetzt.<\/p>\n<p><strong>J\u00fcdische Teilnehmer mit betroffen<\/strong>\u00a0<\/p>\n<p>Stoller formulierte ebenfalls nur vage Anschuldigungen, so etwa: Es handele sich um das &#8220;radikale antiisraelische Spektrum&#8221;, das die &#8220;Hamas f\u00fcr eine Widerstandsorganisation oder Guerillak\u00e4mpfer&#8221; halte sowie &#8220;zum Teil f\u00fcr den bewaffneten Kampf gegen Israel&#8221; eintrete. Abgesehen davon, dass sogar das V\u00f6lkerrecht infolge historischer Erfahrungen den bewaffneten Widerstand gegen Besatzer und Unterdr\u00fccker ausdr\u00fccklich erlaubt: Eine konkrete Begr\u00fcndung f\u00fcr die Repressionen liefert auch Stoller nicht.<\/p>\n<p>Immerhin kommt im Deutschlandfunk auch Wieland Hoban zu Wort. Er ist Jude und Vorsitzender des antizionistischen, linksorientierten Vereins &#8220;J\u00fcdische Stimme f\u00fcr gerechten Frieden in Nahost&#8221;,\u00a0<a rel=\"nofollow noopener\" target=\"_blank\" href=\"https:\/\/www.juedische-stimme.de\/\">der sich gegen die Besatzung der pal\u00e4stinensischen Gebiete durch Israel ausspricht<\/a>\u00a0und ebenfalls an der Veranstaltung teilnimmt.<\/p>\n<p>Hoban wehrte die von Stoller ge\u00e4u\u00dferten Vorw\u00fcrfe ab. Es gelte zuweilen bereits als &#8220;Vernichtungsaufruf gegen Israel, wenn man sagt, es solle einen Staat mit gleichen Rechten f\u00fcr alle B\u00fcrger geben&#8221;, mahnte er. Die Repressionen gegen die Veranstalter des Pal\u00e4stina-Kongresses kritisierte er als &#8220;massiven Eingriff in die Meinungsfreiheit&#8221;.<\/p>\n<p><strong>Politisch verfolgt?<\/strong>\u00a0<\/p>\n<p>Bemerkenswert ist, dass die Organisatoren und G\u00e4ste des Kongresses so gar nicht dem offiziell kreierten Feindbild entsprechen. Erinnert sei an die sogenannten Demos &#8220;gegen rechts&#8221;. Vielmehr sind sie links der \u00dcberreste der Linkspartei zu verorten. So offenbarte der\u00a0<em>Tagesspiegel<\/em>, dass die beiden Durchsuchten, einer\u00a0 demnach bereits zum dritten Mal, von der Deutschen Kommunistischen Partei (DKP) unterst\u00fctzt w\u00fcrden.<\/p>\n<p>Auch der\u00a0<em>Deutschlandfunk<\/em>\u00a0bezeichnete die Organisatoren und Teilnehmer als &#8220;linksradikalen, antiimperialistischen Spektren&#8221; zugeh\u00f6rig. Man kann also vermuten: Ist das der wahre Grund? In die bisherige Propaganda der f\u00fchrenden kapitalistischen Staaten, voran die USA, f\u00fcgt sich das wunderbar ein: Kommunisten und Sozialisten als Systemgegner galten schon immer als Erzfeinde der Imperialisten. Echte Faschisten und Neonazis hingegen hielt man sich stets gerne warm. Die Ukraine l\u00e4sst gr\u00fc\u00dfen.<\/p>\n<p>In jedem Fall liegt politische Verfolgung nahe. So sehen es auch die Betroffenen. Der deutsche Staat gehe seit Jahren systematisch gegen ihre Demonstrationen vor, an denen sich seit langem antizionistische Juden beteiligten,\u00a0<a rel=\"nofollow noopener\" target=\"_blank\" href=\"https:\/\/palaestinakongress.de\/press\">erkl\u00e4rten sie<\/a>. Die Polizei reagiere dabei zunehmend aggressiver und gewaltt\u00e4tiger, die medialen Hetzkampagnen w\u00fcrden sch\u00e4rfer. Sie schreiben:<\/p>\n<blockquote>\n<p><em>&#8220;W\u00e4hrend die deutsche Regierung schamlos und vor den Augen der Welt einen V\u00f6lkermord unterst\u00fctzt, werden demokratische Rechte hier in Deutschland ausgehebelt, um Proteste f\u00fcr einen Waffenstillstand zum Schweigen zu bringen. (\u2026) Es ist ein Angriff auf die demokratischen Grundrechte und auf einen Versuch der V\u00f6lkerverst\u00e4ndigung.&#8221;<\/em><\/p>\n<\/blockquote>\n<p>V\u00f6lkerverst\u00e4ndigung kann freilich nicht m\u00f6gen, wer durch Teilen herrschen will, schon gar nicht dann, wenn es darum geht, nationalistischen, kolonialistischen und rassistischen Siedlerkolonialismus zu kaschieren.<\/p>\n<p><strong>Mehr zum Thema<\/strong> \u2013 <a rel=\"nofollow noopener\" target=\"_blank\" href=\"https:\/\/freeassange.rtde.life\/inland\/200590-konferenz-ueber-mitschuld-und-rolle\/\">Genozid in Gaza: Konferenz will Rolle und Mitschuld Deutschlands er\u00f6rtern <\/a><\/p>\n<div class=\"EmbedBlock-root EmbedBlock-externalVideo EmbedBlock-odysee\">\n<div class=\"VkEmbed\"><iframe class=\"lazyload\" data-src=\"https:\/\/odysee.com\/%24\/embed\/%40RTDE%3Ae%2FGaza--Die-westliche-Unterst%C3%BCtzung-f%C3%BCr-Israel-hat-die-Idee-einer-auf-Regeln-basierenden-Ordnung-ausgeh%C3%B6hlt%3Ab\" frameborder=\"0\" width=\"853\" height=\"480\" allowfullscreen><\/iframe><\/div>\n<\/div>\n<\/div>\n<p><br \/>\n<br \/><a href=\"https:\/\/de.rt.com\/inland\/200769-politisch-verfolgt-berliner-senat-ueberzieht-linke-palaestina-aktivisten-mit-repressalien\/\">Source link <\/a><\/p>\n","protected":false},"excerpt":{"rendered":"<p>Razzien, Verbote, Kampagnen: Der Berliner Senat verfolgt die Organisatoren eines geplanten Pal\u00e4stina-Kongresses unter fadenscheinigen Begr\u00fcndungen mit Repressalien, w\u00e4hrend deutsche Leitmedien gegen sie hetzen. Unter den Betroffenen sind auch deutsche Juden. Von Susan Bonath Wer sich f\u00fcr die Rechte von Pal\u00e4stinensern ausspricht und den aktuellen Vernichtungsfeldzug Israels gegen die gesamte Bev\u00f6lkerung des Gazastreifens kritisiert, muss in [&hellip;]<\/p>\n","protected":false},"author":3,"featured_media":57869,"comment_status":"open","ping_status":"open","sticky":false,"template":"","format":"standard","meta":{"_yoast_indexnow_last_ping":["1711607445"],"wp_automatic_camp":["217"],"33522544ad6b4ec90a454d8d7826e990":["Politisch verfolgt: Berliner Senat \u00fcberzieht linke Pal\u00e4stina-Aktivisten mit Repressalien"],"original_link":["https:\/\/de.rt.com\/inland\/200769-politisch-verfolgt-berliner-senat-ueberzieht-linke-palaestina-aktivisten-mit-repressalien\/"],"_thumbnail_id":["57869"],"_wptgpro_p2tg_sent2tg":["a:1:{i:23737;s:19:\"2024-03-28 08:31:49\";}"],"jnews_social_counter_last_update":["1777254032"]},"categories":[19,23],"tags":[9101,1301,419,54768,10036,54769,4398,54767,19447],"yoast_head":"<!-- This site is optimized with the Yoast SEO Premium plugin v22.7 (Yoast SEO v22.7) - https:\/\/yoast.com\/wordpress\/plugins\/seo\/ -->\n<title>Politisch verfolgt: Berliner Senat \u00fcberzieht linke Pal\u00e4stina-Aktivisten mit Repressalien - just-now.NEWS Deutschland<\/title>\n<meta name=\"robots\" content=\"index, follow, max-snippet:-1, max-image-preview:large, max-video-preview:-1\" \/>\n<link rel=\"canonical\" href=\"https:\/\/now-news.de\/de\/deutschland\/politisch-verfolgt-berliner-senat-ueberzieht-linke-palaestina-aktivisten-mit-repressalien\/\" \/>\n<meta property=\"og:locale\" content=\"de_DE\" \/>\n<meta property=\"og:type\" content=\"article\" \/>\n<meta property=\"og:title\" content=\"Politisch verfolgt: Berliner Senat \u00fcberzieht linke Pal\u00e4stina-Aktivisten mit Repressalien\" \/>\n<meta property=\"og:description\" content=\"Razzien, Verbote, Kampagnen: Der Berliner Senat verfolgt die Organisatoren eines geplanten Pal\u00e4stina-Kongresses unter fadenscheinigen Begr\u00fcndungen mit Repressalien, w\u00e4hrend deutsche Leitmedien gegen sie hetzen. Unter den Betroffenen sind auch deutsche Juden. Von Susan Bonath Wer sich f\u00fcr die Rechte von Pal\u00e4stinensern ausspricht und den aktuellen Vernichtungsfeldzug Israels gegen die gesamte Bev\u00f6lkerung des Gazastreifens kritisiert, muss in [&hellip;]\" \/>\n<meta property=\"og:url\" content=\"https:\/\/now-news.de\/de\/deutschland\/politisch-verfolgt-berliner-senat-ueberzieht-linke-palaestina-aktivisten-mit-repressalien\/\" \/>\n<meta property=\"og:site_name\" content=\"just-now.NEWS Deutschland\" \/>\n<meta property=\"article:publisher\" content=\"https:\/\/www.facebook.com\/wirmachenauf\" \/>\n<meta property=\"article:published_time\" content=\"2024-03-28T06:20:18+00:00\" \/>\n<meta property=\"og:image\" content=\"https:\/\/now-news.de\/de\/wp-content\/uploads\/sites\/3\/2024\/03\/Politisch-verfolgt-Berliner-Senat-ueberzieht-linke-Palaestina-Aktivisten-mit-Repressalien.jpg\" \/>\n\t<meta property=\"og:image:width\" content=\"460\" \/>\n\t<meta property=\"og:image:height\" content=\"259\" \/>\n\t<meta property=\"og:image:type\" content=\"image\/jpeg\" \/>\n<meta name=\"author\" content=\"rtnews\" \/>\n<meta name=\"twitter:card\" content=\"summary_large_image\" \/>\n<meta name=\"twitter:creator\" content=\"@WirMachenAuf_de\" \/>\n<meta name=\"twitter:site\" content=\"@WirMachenAuf_de\" \/>\n<meta name=\"twitter:label1\" content=\"Verfasst von\" \/>\n\t<meta name=\"twitter:data1\" content=\"rtnews\" \/>\n\t<meta name=\"twitter:label2\" content=\"Gesch\u00e4tzte Lesezeit\" \/>\n\t<meta name=\"twitter:data2\" content=\"5\u00a0Minuten\" \/>\n<script type=\"application\/ld+json\" class=\"yoast-schema-graph\">{\"@context\":\"https:\/\/schema.org\",\"@graph\":[{\"@type\":\"Article\",\"@id\":\"https:\/\/now-news.de\/de\/deutschland\/politisch-verfolgt-berliner-senat-ueberzieht-linke-palaestina-aktivisten-mit-repressalien\/#article\",\"isPartOf\":{\"@id\":\"https:\/\/now-news.de\/de\/deutschland\/politisch-verfolgt-berliner-senat-ueberzieht-linke-palaestina-aktivisten-mit-repressalien\/\"},\"author\":{\"name\":\"rtnews\",\"@id\":\"https:\/\/now-news.de\/de\/#\/schema\/person\/fb534a4e865501d8b3285208df34a9b5\"},\"headline\":\"Politisch verfolgt: Berliner Senat \u00fcberzieht linke Pal\u00e4stina-Aktivisten mit Repressalien\",\"datePublished\":\"2024-03-28T06:20:18+00:00\",\"dateModified\":\"2024-03-28T06:20:18+00:00\",\"mainEntityOfPage\":{\"@id\":\"https:\/\/now-news.de\/de\/deutschland\/politisch-verfolgt-berliner-senat-ueberzieht-linke-palaestina-aktivisten-mit-repressalien\/\"},\"wordCount\":1060,\"commentCount\":0,\"publisher\":{\"@id\":\"https:\/\/now-news.de\/de\/#organization\"},\"image\":{\"@id\":\"https:\/\/now-news.de\/de\/deutschland\/politisch-verfolgt-berliner-senat-ueberzieht-linke-palaestina-aktivisten-mit-repressalien\/#primaryimage\"},\"thumbnailUrl\":\"https:\/\/now-news.de\/de\/wp-content\/uploads\/sites\/3\/2024\/03\/Politisch-verfolgt-Berliner-Senat-ueberzieht-linke-Palaestina-Aktivisten-mit-Repressalien.jpg\",\"keywords\":[\"Berliner\",\"Linke\",\"mit\",\"Pal\u00e4stinaAktivisten\",\"politisch\",\"Repressalien\",\"Senat\",\"\u00fcberzieht\",\"verfolgt\"],\"articleSection\":[\"Deutschland\",\"Russland\"],\"inLanguage\":\"de\",\"potentialAction\":[{\"@type\":\"CommentAction\",\"name\":\"Comment\",\"target\":[\"https:\/\/now-news.de\/de\/deutschland\/politisch-verfolgt-berliner-senat-ueberzieht-linke-palaestina-aktivisten-mit-repressalien\/#respond\"]}]},{\"@type\":\"WebPage\",\"@id\":\"https:\/\/now-news.de\/de\/deutschland\/politisch-verfolgt-berliner-senat-ueberzieht-linke-palaestina-aktivisten-mit-repressalien\/\",\"url\":\"https:\/\/now-news.de\/de\/deutschland\/politisch-verfolgt-berliner-senat-ueberzieht-linke-palaestina-aktivisten-mit-repressalien\/\",\"name\":\"Politisch verfolgt: Berliner Senat \u00fcberzieht linke Pal\u00e4stina-Aktivisten mit Repressalien - just-now.NEWS Deutschland\",\"isPartOf\":{\"@id\":\"https:\/\/now-news.de\/de\/#website\"},\"primaryImageOfPage\":{\"@id\":\"https:\/\/now-news.de\/de\/deutschland\/politisch-verfolgt-berliner-senat-ueberzieht-linke-palaestina-aktivisten-mit-repressalien\/#primaryimage\"},\"image\":{\"@id\":\"https:\/\/now-news.de\/de\/deutschland\/politisch-verfolgt-berliner-senat-ueberzieht-linke-palaestina-aktivisten-mit-repressalien\/#primaryimage\"},\"thumbnailUrl\":\"https:\/\/now-news.de\/de\/wp-content\/uploads\/sites\/3\/2024\/03\/Politisch-verfolgt-Berliner-Senat-ueberzieht-linke-Palaestina-Aktivisten-mit-Repressalien.jpg\",\"datePublished\":\"2024-03-28T06:20:18+00:00\",\"dateModified\":\"2024-03-28T06:20:18+00:00\",\"breadcrumb\":{\"@id\":\"https:\/\/now-news.de\/de\/deutschland\/politisch-verfolgt-berliner-senat-ueberzieht-linke-palaestina-aktivisten-mit-repressalien\/#breadcrumb\"},\"inLanguage\":\"de\",\"potentialAction\":[{\"@type\":\"ReadAction\",\"target\":[\"https:\/\/now-news.de\/de\/deutschland\/politisch-verfolgt-berliner-senat-ueberzieht-linke-palaestina-aktivisten-mit-repressalien\/\"]}]},{\"@type\":\"ImageObject\",\"inLanguage\":\"de\",\"@id\":\"https:\/\/now-news.de\/de\/deutschland\/politisch-verfolgt-berliner-senat-ueberzieht-linke-palaestina-aktivisten-mit-repressalien\/#primaryimage\",\"url\":\"https:\/\/now-news.de\/de\/wp-content\/uploads\/sites\/3\/2024\/03\/Politisch-verfolgt-Berliner-Senat-ueberzieht-linke-Palaestina-Aktivisten-mit-Repressalien.jpg\",\"contentUrl\":\"https:\/\/now-news.de\/de\/wp-content\/uploads\/sites\/3\/2024\/03\/Politisch-verfolgt-Berliner-Senat-ueberzieht-linke-Palaestina-Aktivisten-mit-Repressalien.jpg\",\"width\":460,\"height\":259,\"caption\":\"Politisch verfolgt: Berliner Senat \u00fcberzieht linke Pal\u00e4stina-Aktivisten mit Repressalien\"},{\"@type\":\"BreadcrumbList\",\"@id\":\"https:\/\/now-news.de\/de\/deutschland\/politisch-verfolgt-berliner-senat-ueberzieht-linke-palaestina-aktivisten-mit-repressalien\/#breadcrumb\",\"itemListElement\":[{\"@type\":\"ListItem\",\"position\":1,\"name\":\"Home\",\"item\":\"https:\/\/now-news.de\/de\/\"},{\"@type\":\"ListItem\",\"position\":2,\"name\":\"Politisch verfolgt: Berliner Senat \u00fcberzieht linke Pal\u00e4stina-Aktivisten mit Repressalien\"}]},{\"@type\":\"WebSite\",\"@id\":\"https:\/\/now-news.de\/de\/#website\",\"url\":\"https:\/\/now-news.de\/de\/\",\"name\":\"just-now.NEWS Deutschland\",\"description\":\"Das Portal f\u00fcr unzensierte Nachrichten aus der Welt\",\"publisher\":{\"@id\":\"https:\/\/now-news.de\/de\/#organization\"},\"potentialAction\":[{\"@type\":\"SearchAction\",\"target\":{\"@type\":\"EntryPoint\",\"urlTemplate\":\"https:\/\/now-news.de\/de\/?s={search_term_string}\"},\"query-input\":\"required name=search_term_string\"}],\"inLanguage\":\"de\"},{\"@type\":\"Organization\",\"@id\":\"https:\/\/now-news.de\/de\/#organization\",\"name\":\"Just Now News\",\"url\":\"https:\/\/now-news.de\/de\/\",\"logo\":{\"@type\":\"ImageObject\",\"inLanguage\":\"de\",\"@id\":\"https:\/\/now-news.de\/de\/#\/schema\/logo\/image\/\",\"url\":\"http:\/\/just-now.news\/de\/wp-content\/uploads\/sites\/3\/2022\/04\/logo500x500.jpg\",\"contentUrl\":\"http:\/\/just-now.news\/de\/wp-content\/uploads\/sites\/3\/2022\/04\/logo500x500.jpg\",\"width\":500,\"height\":500,\"caption\":\"Just Now News\"},\"image\":{\"@id\":\"https:\/\/now-news.de\/de\/#\/schema\/logo\/image\/\"},\"sameAs\":[\"https:\/\/www.facebook.com\/wirmachenauf\",\"https:\/\/x.com\/WirMachenAuf_de\"]},{\"@type\":\"Person\",\"@id\":\"https:\/\/now-news.de\/de\/#\/schema\/person\/fb534a4e865501d8b3285208df34a9b5\",\"name\":\"rtnews\",\"image\":{\"@type\":\"ImageObject\",\"inLanguage\":\"de\",\"@id\":\"https:\/\/now-news.de\/de\/#\/schema\/person\/image\/\",\"url\":\"https:\/\/secure.gravatar.com\/avatar\/82aafea7d8127119dd649515f56e2117?s=96&d=mm&r=g\",\"contentUrl\":\"https:\/\/secure.gravatar.com\/avatar\/82aafea7d8127119dd649515f56e2117?s=96&d=mm&r=g\",\"caption\":\"rtnews\"},\"url\":\"https:\/\/now-news.de\/de\/author\/rnews\/\"}]}<\/script>\n<!-- \/ Yoast SEO Premium plugin. -->","yoast_head_json":{"title":"Politisch verfolgt: Berliner Senat \u00fcberzieht linke Pal\u00e4stina-Aktivisten mit Repressalien - just-now.NEWS Deutschland","robots":{"index":"index","follow":"follow","max-snippet":"max-snippet:-1","max-image-preview":"max-image-preview:large","max-video-preview":"max-video-preview:-1"},"canonical":"https:\/\/now-news.de\/de\/deutschland\/politisch-verfolgt-berliner-senat-ueberzieht-linke-palaestina-aktivisten-mit-repressalien\/","og_locale":"de_DE","og_type":"article","og_title":"Politisch verfolgt: Berliner Senat \u00fcberzieht linke Pal\u00e4stina-Aktivisten mit Repressalien","og_description":"Razzien, Verbote, Kampagnen: Der Berliner Senat verfolgt die Organisatoren eines geplanten Pal\u00e4stina-Kongresses unter fadenscheinigen Begr\u00fcndungen mit Repressalien, w\u00e4hrend deutsche Leitmedien gegen sie hetzen. Unter den Betroffenen sind auch deutsche Juden. Von Susan Bonath Wer sich f\u00fcr die Rechte von Pal\u00e4stinensern ausspricht und den aktuellen Vernichtungsfeldzug Israels gegen die gesamte Bev\u00f6lkerung des Gazastreifens kritisiert, muss in [&hellip;]","og_url":"https:\/\/now-news.de\/de\/deutschland\/politisch-verfolgt-berliner-senat-ueberzieht-linke-palaestina-aktivisten-mit-repressalien\/","og_site_name":"just-now.NEWS Deutschland","article_publisher":"https:\/\/www.facebook.com\/wirmachenauf","article_published_time":"2024-03-28T06:20:18+00:00","og_image":[{"width":460,"height":259,"url":"https:\/\/now-news.de\/de\/wp-content\/uploads\/sites\/3\/2024\/03\/Politisch-verfolgt-Berliner-Senat-ueberzieht-linke-Palaestina-Aktivisten-mit-Repressalien.jpg","type":"image\/jpeg"}],"author":"rtnews","twitter_card":"summary_large_image","twitter_creator":"@WirMachenAuf_de","twitter_site":"@WirMachenAuf_de","twitter_misc":{"Verfasst von":"rtnews","Gesch\u00e4tzte Lesezeit":"5\u00a0Minuten"},"schema":{"@context":"https:\/\/schema.org","@graph":[{"@type":"Article","@id":"https:\/\/now-news.de\/de\/deutschland\/politisch-verfolgt-berliner-senat-ueberzieht-linke-palaestina-aktivisten-mit-repressalien\/#article","isPartOf":{"@id":"https:\/\/now-news.de\/de\/deutschland\/politisch-verfolgt-berliner-senat-ueberzieht-linke-palaestina-aktivisten-mit-repressalien\/"},"author":{"name":"rtnews","@id":"https:\/\/now-news.de\/de\/#\/schema\/person\/fb534a4e865501d8b3285208df34a9b5"},"headline":"Politisch verfolgt: Berliner Senat \u00fcberzieht linke Pal\u00e4stina-Aktivisten mit Repressalien","datePublished":"2024-03-28T06:20:18+00:00","dateModified":"2024-03-28T06:20:18+00:00","mainEntityOfPage":{"@id":"https:\/\/now-news.de\/de\/deutschland\/politisch-verfolgt-berliner-senat-ueberzieht-linke-palaestina-aktivisten-mit-repressalien\/"},"wordCount":1060,"commentCount":0,"publisher":{"@id":"https:\/\/now-news.de\/de\/#organization"},"image":{"@id":"https:\/\/now-news.de\/de\/deutschland\/politisch-verfolgt-berliner-senat-ueberzieht-linke-palaestina-aktivisten-mit-repressalien\/#primaryimage"},"thumbnailUrl":"https:\/\/now-news.de\/de\/wp-content\/uploads\/sites\/3\/2024\/03\/Politisch-verfolgt-Berliner-Senat-ueberzieht-linke-Palaestina-Aktivisten-mit-Repressalien.jpg","keywords":["Berliner","Linke","mit","Pal\u00e4stinaAktivisten","politisch","Repressalien","Senat","\u00fcberzieht","verfolgt"],"articleSection":["Deutschland","Russland"],"inLanguage":"de","potentialAction":[{"@type":"CommentAction","name":"Comment","target":["https:\/\/now-news.de\/de\/deutschland\/politisch-verfolgt-berliner-senat-ueberzieht-linke-palaestina-aktivisten-mit-repressalien\/#respond"]}]},{"@type":"WebPage","@id":"https:\/\/now-news.de\/de\/deutschland\/politisch-verfolgt-berliner-senat-ueberzieht-linke-palaestina-aktivisten-mit-repressalien\/","url":"https:\/\/now-news.de\/de\/deutschland\/politisch-verfolgt-berliner-senat-ueberzieht-linke-palaestina-aktivisten-mit-repressalien\/","name":"Politisch verfolgt: Berliner Senat \u00fcberzieht linke Pal\u00e4stina-Aktivisten mit Repressalien - just-now.NEWS Deutschland","isPartOf":{"@id":"https:\/\/now-news.de\/de\/#website"},"primaryImageOfPage":{"@id":"https:\/\/now-news.de\/de\/deutschland\/politisch-verfolgt-berliner-senat-ueberzieht-linke-palaestina-aktivisten-mit-repressalien\/#primaryimage"},"image":{"@id":"https:\/\/now-news.de\/de\/deutschland\/politisch-verfolgt-berliner-senat-ueberzieht-linke-palaestina-aktivisten-mit-repressalien\/#primaryimage"},"thumbnailUrl":"https:\/\/now-news.de\/de\/wp-content\/uploads\/sites\/3\/2024\/03\/Politisch-verfolgt-Berliner-Senat-ueberzieht-linke-Palaestina-Aktivisten-mit-Repressalien.jpg","datePublished":"2024-03-28T06:20:18+00:00","dateModified":"2024-03-28T06:20:18+00:00","breadcrumb":{"@id":"https:\/\/now-news.de\/de\/deutschland\/politisch-verfolgt-berliner-senat-ueberzieht-linke-palaestina-aktivisten-mit-repressalien\/#breadcrumb"},"inLanguage":"de","potentialAction":[{"@type":"ReadAction","target":["https:\/\/now-news.de\/de\/deutschland\/politisch-verfolgt-berliner-senat-ueberzieht-linke-palaestina-aktivisten-mit-repressalien\/"]}]},{"@type":"ImageObject","inLanguage":"de","@id":"https:\/\/now-news.de\/de\/deutschland\/politisch-verfolgt-berliner-senat-ueberzieht-linke-palaestina-aktivisten-mit-repressalien\/#primaryimage","url":"https:\/\/now-news.de\/de\/wp-content\/uploads\/sites\/3\/2024\/03\/Politisch-verfolgt-Berliner-Senat-ueberzieht-linke-Palaestina-Aktivisten-mit-Repressalien.jpg","contentUrl":"https:\/\/now-news.de\/de\/wp-content\/uploads\/sites\/3\/2024\/03\/Politisch-verfolgt-Berliner-Senat-ueberzieht-linke-Palaestina-Aktivisten-mit-Repressalien.jpg","width":460,"height":259,"caption":"Politisch verfolgt: Berliner Senat \u00fcberzieht linke Pal\u00e4stina-Aktivisten mit Repressalien"},{"@type":"BreadcrumbList","@id":"https:\/\/now-news.de\/de\/deutschland\/politisch-verfolgt-berliner-senat-ueberzieht-linke-palaestina-aktivisten-mit-repressalien\/#breadcrumb","itemListElement":[{"@type":"ListItem","position":1,"name":"Home","item":"https:\/\/now-news.de\/de\/"},{"@type":"ListItem","position":2,"name":"Politisch verfolgt: Berliner Senat \u00fcberzieht linke Pal\u00e4stina-Aktivisten mit Repressalien"}]},{"@type":"WebSite","@id":"https:\/\/now-news.de\/de\/#website","url":"https:\/\/now-news.de\/de\/","name":"just-now.NEWS Deutschland","description":"Das Portal f\u00fcr unzensierte Nachrichten aus der Welt","publisher":{"@id":"https:\/\/now-news.de\/de\/#organization"},"potentialAction":[{"@type":"SearchAction","target":{"@type":"EntryPoint","urlTemplate":"https:\/\/now-news.de\/de\/?s={search_term_string}"},"query-input":"required name=search_term_string"}],"inLanguage":"de"},{"@type":"Organization","@id":"https:\/\/now-news.de\/de\/#organization","name":"Just Now News","url":"https:\/\/now-news.de\/de\/","logo":{"@type":"ImageObject","inLanguage":"de","@id":"https:\/\/now-news.de\/de\/#\/schema\/logo\/image\/","url":"http:\/\/just-now.news\/de\/wp-content\/uploads\/sites\/3\/2022\/04\/logo500x500.jpg","contentUrl":"http:\/\/just-now.news\/de\/wp-content\/uploads\/sites\/3\/2022\/04\/logo500x500.jpg","width":500,"height":500,"caption":"Just Now News"},"image":{"@id":"https:\/\/now-news.de\/de\/#\/schema\/logo\/image\/"},"sameAs":["https:\/\/www.facebook.com\/wirmachenauf","https:\/\/x.com\/WirMachenAuf_de"]},{"@type":"Person","@id":"https:\/\/now-news.de\/de\/#\/schema\/person\/fb534a4e865501d8b3285208df34a9b5","name":"rtnews","image":{"@type":"ImageObject","inLanguage":"de","@id":"https:\/\/now-news.de\/de\/#\/schema\/person\/image\/","url":"https:\/\/secure.gravatar.com\/avatar\/82aafea7d8127119dd649515f56e2117?s=96&d=mm&r=g","contentUrl":"https:\/\/secure.gravatar.com\/avatar\/82aafea7d8127119dd649515f56e2117?s=96&d=mm&r=g","caption":"rtnews"},"url":"https:\/\/now-news.de\/de\/author\/rnews\/"}]}},"_links":{"self":[{"href":"https:\/\/now-news.de\/de\/wp-json\/wp\/v2\/posts\/57868"}],"collection":[{"href":"https:\/\/now-news.de\/de\/wp-json\/wp\/v2\/posts"}],"about":[{"href":"https:\/\/now-news.de\/de\/wp-json\/wp\/v2\/types\/post"}],"author":[{"embeddable":true,"href":"https:\/\/now-news.de\/de\/wp-json\/wp\/v2\/users\/3"}],"replies":[{"embeddable":true,"href":"https:\/\/now-news.de\/de\/wp-json\/wp\/v2\/comments?post=57868"}],"version-history":[{"count":0,"href":"https:\/\/now-news.de\/de\/wp-json\/wp\/v2\/posts\/57868\/revisions"}],"wp:featuredmedia":[{"embeddable":true,"href":"https:\/\/now-news.de\/de\/wp-json\/wp\/v2\/media\/57869"}],"wp:attachment":[{"href":"https:\/\/now-news.de\/de\/wp-json\/wp\/v2\/media?parent=57868"}],"wp:term":[{"taxonomy":"category","embeddable":true,"href":"https:\/\/now-news.de\/de\/wp-json\/wp\/v2\/categories?post=57868"},{"taxonomy":"post_tag","embeddable":true,"href":"https:\/\/now-news.de\/de\/wp-json\/wp\/v2\/tags?post=57868"}],"curies":[{"name":"wp","href":"https:\/\/api.w.org\/{rel}","templated":true}]}}