{"id":57820,"date":"2024-03-27T16:33:04","date_gmt":"2024-03-27T14:33:04","guid":{"rendered":"https:\/\/just-now.news\/de\/deutschland\/der-un-sicherheitsrat-rampe-fuer-die-wahrheit-ueber-die-nato-aggression-gegen-jugoslawien\/"},"modified":"2024-03-27T16:33:04","modified_gmt":"2024-03-27T14:33:04","slug":"der-un-sicherheitsrat-rampe-fuer-die-wahrheit-ueber-die-nato-aggression-gegen-jugoslawien","status":"publish","type":"post","link":"https:\/\/now-news.de\/de\/deutschland\/der-un-sicherheitsrat-rampe-fuer-die-wahrheit-ueber-die-nato-aggression-gegen-jugoslawien\/","title":{"rendered":"Der UN-Sicherheitsrat \u2013 Rampe f\u00fcr die Wahrheit \u00fcber die NATO-Aggression gegen Jugoslawien"},"content":{"rendered":"<p><img decoding=\"async\" src=\"http:\/\/just-now.news\/de\/wp-content\/uploads\/sites\/3\/2024\/03\/660301a348fbef49fa6579fa.jpg\" \/><\/p>\n<div class=\"Text-root Text-type_1 \">\n                Vor 25 Jahren hat die NATO Jugoslawien milit\u00e4risch \u00fcberfallen und damit das Ende des ehemals sozialistischen Landes eingel\u00e4utet. Und auch ein Vierteljahrhundert sp\u00e4ter scheut der Westen jede Diskussionen \u00fcber die Hintergr\u00fcnde dieses Angriffs auf ein souver\u00e4nes Land, an dem sich auch Deutschland beteiligte.\n            <\/div>\n<p><\/p>\n<div class=\"Text-root Text-type_5 ArticleView-text ViewText-root \">\n<p><em>Von Marinko U\u010dur<\/em><\/p>\n<p>Am 25. M\u00e4rz herrschte bis zum sp\u00e4ten Nachmittag nach mitteleurop\u00e4ischer Zeit Ungewissheit dar\u00fcber, ob auf Wunsch der Russischen F\u00f6deration eine Sondersitzung des UN-Sicherheitsrates zum 25. Jahrestag der NATO-Aggression gegen Jugoslawien stattfinden w\u00fcrde. Obwohl Japan, das derzeit den Vorsitz des Sicherheitsrates innehat, die russische Initiative grunds\u00e4tzlich akzeptierte, war klar, dass die westlichen L\u00e4nder, die 1999 an der Bombardierung des souver\u00e4nen Landes beteiligt gewesen waren, versuchen w\u00fcrden, diese Initiative zu behindern, die alles, was sich w\u00e4hrend des 78-t\u00e4gigen Bombenangriffs auf serbische milit\u00e4rische und zivile Ziele ereignete, offenlegen sollte.<\/p>\n<p>Serbiens Absicht war es, die Welt\u00f6ffentlichkeit von h\u00f6chster Ebene noch einmal daran zu erinnern, dass es sich um eine illegale Aktion gehandelt hatte, die Tod und Zerst\u00f6rung mit sich gebracht hatte, und dass solch aggressive Aktionen von Gro\u00dfm\u00e4chten, angef\u00fchrt von den Vereinigten Staaten und dem NATO-B\u00fcndnis, inakzeptabel sind. Aber es war kaum zu erwarten, dass jene L\u00e4nder, die Vorreiter der Bombardierung waren, ihre Schuld und die Sachverhalte akzeptieren w\u00fcrden, die serbische Diplomaten in Form einer Auseinandersetzung mit jener Wahrheit vorbereitet hatten, die die Beziehungen zwischen Serbien und den westlichen L\u00e4ndern seit 25 Jahren belastet. Die Begr\u00fcndung, dass es sich um ein humanit\u00e4res Bombardement gehandelt habe, entspricht \u00fcberhaupt nicht der Wahrheit, da \u00fcberwiegend die zivile Infrastruktur, Schulen, Krankenh\u00e4user und andere \u00f6ffentliche Einrichtungen bombardiert wurden. Schlie\u00dflich wurden die wahren Beweggr\u00fcnde erst neun Jahre nach der Aggression deutlich, als der Westen unter F\u00fchrung der USA in der besetzten serbischen Provinz Kosovo und Metochien den zweiten albanischen Staat auf dem Balkan ausrief.<\/p>\n<p>Die Russische F\u00f6deration hatte zuvor ihre Bereitschaft erkl\u00e4rt, dass anl\u00e4sslich des Jahrestags des Beginns der Bombardierungen eine Diskussion im UN-Sicherheitsrat er\u00f6ffnet wird, die sicherlich ein neues Licht auf alles werfen w\u00fcrde, das sich vom 24. M\u00e4rz bis zum 10. Juni 1999 ereignet hatte. Die serbische diplomatische Delegation unter Leitung von Au\u00dfenminister Ivica Da\u010di\u0107 reiste mit einigen Vorbehalten nach New York, bereit, auf das Unrecht hinzuweisen, das seinem Land vor 25 Jahren zugef\u00fcgt worden war, und auf die Tatsache, dass tats\u00e4chlich gegen das V\u00f6lkerrecht und die UN-Charta versto\u00dfen worden war. Alles, was sp\u00e4ter auf der Welt geschah, geschah im Zusammenhang mit der aggressiven Expansion der USA und des westlichen Milit\u00e4rb\u00fcndnisses als Rammbock zur F\u00f6rderung einer unipolaren Welt.<\/p>\n<p>Solch eine unbestrittene Wahrheit, die vom wichtigsten Rednerpult der Welt zu h\u00f6ren w\u00e4re, in einer Zeit, in der die NATO Russland von allen Seiten umzingelt und dies unter dem Vorwand rechtfertigt, der Ukraine zu helfen und die nicht vorhandene russische Bedrohung zu stoppen, w\u00fcrde viele Vorgehensweisen des Westens aush\u00f6hlen. Gerade deshalb blieben Russland, China und Algerien die Einzigen, die bei dieser Sitzung am East River auf diesen Punkt der Tagesordnung bestanden.<\/p>\n<p>China, dessen diplomatische Vertretung in Belgrad am 7. Mai 1999 durch f\u00fcnf NATO-Bomben zerst\u00f6rt worden war, bei denen drei chinesische Journalisten, Xu Xinghu (29), Zhu Ying (27) und Shao Yunhuan (48), get\u00f6tet worden waren, lie\u00df es sich nicht nehmen, an dieses Verbrechens zu erinnern, und verwies auf eine eklatante Verletzung der chinesischen Souver\u00e4nit\u00e4t und eine Verletzung der Gef\u00fchle des chinesischen Volkes: &#8220;Das chinesische Volk f\u00f6rdert keinen Hass, aber wir werden die Geschichte niemals vergessen. Wir unterst\u00fctzen es nicht, auf Gewalt mit Gewalt zu reagieren, aber wir werden nie zulassen, dass sich so etwas noch einmal ereignet&#8221;, warnte Geng Shuang, stellvertretender Leiter der Mission der Volksrepublik China bei der Weltorganisation, und erkl\u00e4rte, dass China \u00fcber das Ergebnis der Abstimmung und die Nichtannahme der angek\u00fcndigten Diskussion durch die verbleibenden zw\u00f6lf L\u00e4nder, die sich der Stimme enthielten, entt\u00e4uscht sei.<\/p>\n<p>Frankreich widersetzte sich erwartungsgem\u00e4\u00df der russischen Initiative und behauptete, Russland habe der Sitzung seine eigene Agenda aufgedr\u00e4ngt und sich nicht mit anderen Mitgliedern des Sicherheitsrats beraten. Dabei ignorierte Paris die Tatsache, dass der Vorsitzende des Sicherheitsrates, Japan, verpflichtet ist, die notwendigen Konsultationen durchzuf\u00fchren. \u00dcbrigens hat Japan die russische Initiative zun\u00e4chst ohne zu z\u00f6gern angenommen.<\/p>\n<p>Der Widerstand westlicher L\u00e4nder l\u00e4uft darauf hinaus, dass Russland angeblich die illegalen NATO-Bombenangriffe im Jahr 1999 zur Rechtfertigung seiner milit\u00e4rischen Sonderoperation in der Ukraine nutzen wolle. Dem russischen Botschafter Wassili Nebensja blieb nichts anderes \u00fcbrig, als zu erkl\u00e4ren, dass die notwendigen neun Stimmen fehlten, um die Diskussion \u00fcber den illegalen NATO-Einsatz gegen einen souver\u00e4nen Staat, Mitglied und Gr\u00fcnder der Vereinten Nationen, auf die Tagesordnung zu setzen. Er \u00e4u\u00dferte jedoch seine Ablehnung der Positionen Frankreichs und der Vereinigten Staaten, da diese beiden L\u00e4nder zusammen mit 17 anderen NATO-Mitgliedern einst einen aggressiven Bombenkrieg gestartet hatten, der fast 3.000 Menschen das Leben genommen und materielle Sch\u00e4den in H\u00f6he von sch\u00e4tzungsweise 100 Milliarden Dollar verursacht hatte.<\/p>\n<p><strong>Mehr zum Thema<\/strong>\u00a0&#8211;\u00a0<a rel=\"nofollow noopener\" target=\"_blank\" href=\"https:\/\/freedert.online\/international\/166604-wie-usa-und-nato-spielplan\/\">Wie USA und NATO den Spielplan der Jugoslawienkriege der 1990er in der Ukraine neu auflegen wollen<\/a><\/p>\n<div class=\"EmbedBlock-root EmbedBlock-externalVideo EmbedBlock-odysee\">\n<div class=\"VkEmbed\"><iframe class=\"lazyload\" data-src=\"https:\/\/odysee.com\/%24\/embed\/%40RTDE%3Ae%2F-Wir-sind-Mahner-in-der-W%C3%BCste--%E2%80%93-AfD-Abgeordnete-erinnern-an-NATO--Luftangriffe--auf-Jugoslawien%3Ad\" frameborder=\"0\" width=\"853\" height=\"480\" allowfullscreen><\/iframe><\/div>\n<\/div>\n<\/div>\n<p><br \/>\n<br \/><a href=\"https:\/\/de.rt.com\/international\/200700-der-un-sicherheitsrat-rampe-fuer-die-wahrheit-ueber-nato-aggression-gegen-jugoslawien\/\">Source link <\/a><\/p>\n","protected":false},"excerpt":{"rendered":"<p>Vor 25 Jahren hat die NATO Jugoslawien milit\u00e4risch \u00fcberfallen und damit das Ende des ehemals sozialistischen Landes eingel\u00e4utet. Und auch ein Vierteljahrhundert sp\u00e4ter scheut der Westen jede Diskussionen \u00fcber die Hintergr\u00fcnde dieses Angriffs auf ein souver\u00e4nes Land, an dem sich auch Deutschland beteiligte. Von Marinko U\u010dur Am 25. M\u00e4rz herrschte bis zum sp\u00e4ten Nachmittag nach [&hellip;]<\/p>\n","protected":false},"author":3,"featured_media":57821,"comment_status":"open","ping_status":"open","sticky":false,"template":"","format":"standard","meta":{"_yoast_indexnow_last_ping":["1711550685"],"wp_automatic_camp":["217"],"87e101b6f72febc1556cb0fc8a5a9233":["Der UN-Sicherheitsrat \u2013 Rampe f\u00fcr die Wahrheit \u00fcber die NATO-Aggression gegen Jugoslawien"],"original_link":["https:\/\/de.rt.com\/international\/200700-der-un-sicherheitsrat-rampe-fuer-die-wahrheit-ueber-nato-aggression-gegen-jugoslawien\/"],"_thumbnail_id":["57821"],"_wptgpro_p2tg_sent2tg":["a:1:{i:23737;s:19:\"2024-03-27 16:45:47\";}"],"jnews_social_counter_last_update":["1777270678"]},"categories":[19,23],"tags":[82,45,221,278,25156,14801,54735,139,18725,8893],"yoast_head":"<!-- This site is optimized with the Yoast SEO Premium plugin v22.7 (Yoast SEO v22.7) - https:\/\/yoast.com\/wordpress\/plugins\/seo\/ -->\n<title>Der UN-Sicherheitsrat \u2013 Rampe f\u00fcr die Wahrheit \u00fcber die NATO-Aggression gegen Jugoslawien - just-now.NEWS Deutschland<\/title>\n<meta name=\"robots\" content=\"index, follow, max-snippet:-1, max-image-preview:large, max-video-preview:-1\" \/>\n<link rel=\"canonical\" href=\"https:\/\/now-news.de\/de\/deutschland\/der-un-sicherheitsrat-rampe-fuer-die-wahrheit-ueber-die-nato-aggression-gegen-jugoslawien\/\" \/>\n<meta property=\"og:locale\" content=\"de_DE\" \/>\n<meta property=\"og:type\" content=\"article\" \/>\n<meta property=\"og:title\" content=\"Der UN-Sicherheitsrat \u2013 Rampe f\u00fcr die Wahrheit \u00fcber die NATO-Aggression gegen Jugoslawien\" \/>\n<meta property=\"og:description\" content=\"Vor 25 Jahren hat die NATO Jugoslawien milit\u00e4risch \u00fcberfallen und damit das Ende des ehemals sozialistischen Landes eingel\u00e4utet. Und auch ein Vierteljahrhundert sp\u00e4ter scheut der Westen jede Diskussionen \u00fcber die Hintergr\u00fcnde dieses Angriffs auf ein souver\u00e4nes Land, an dem sich auch Deutschland beteiligte. Von Marinko U\u010dur Am 25. M\u00e4rz herrschte bis zum sp\u00e4ten Nachmittag nach [&hellip;]\" \/>\n<meta property=\"og:url\" content=\"https:\/\/now-news.de\/de\/deutschland\/der-un-sicherheitsrat-rampe-fuer-die-wahrheit-ueber-die-nato-aggression-gegen-jugoslawien\/\" \/>\n<meta property=\"og:site_name\" content=\"just-now.NEWS Deutschland\" \/>\n<meta property=\"article:publisher\" content=\"https:\/\/www.facebook.com\/wirmachenauf\" \/>\n<meta property=\"article:published_time\" content=\"2024-03-27T14:33:04+00:00\" \/>\n<meta property=\"og:image\" content=\"https:\/\/now-news.de\/de\/wp-content\/uploads\/sites\/3\/2024\/03\/Der-UN-Sicherheitsrat-\u2013-Rampe-fuer-die-Wahrheit-ueber-die-NATO-Aggression.jpg\" \/>\n\t<meta property=\"og:image:width\" content=\"460\" \/>\n\t<meta property=\"og:image:height\" content=\"259\" \/>\n\t<meta property=\"og:image:type\" content=\"image\/jpeg\" \/>\n<meta name=\"author\" content=\"rtnews\" \/>\n<meta name=\"twitter:card\" content=\"summary_large_image\" \/>\n<meta name=\"twitter:creator\" content=\"@WirMachenAuf_de\" \/>\n<meta name=\"twitter:site\" content=\"@WirMachenAuf_de\" \/>\n<meta name=\"twitter:label1\" content=\"Verfasst von\" \/>\n\t<meta name=\"twitter:data1\" content=\"rtnews\" \/>\n\t<meta name=\"twitter:label2\" content=\"Gesch\u00e4tzte Lesezeit\" \/>\n\t<meta name=\"twitter:data2\" content=\"4\u00a0Minuten\" \/>\n<script type=\"application\/ld+json\" class=\"yoast-schema-graph\">{\"@context\":\"https:\/\/schema.org\",\"@graph\":[{\"@type\":\"Article\",\"@id\":\"https:\/\/now-news.de\/de\/deutschland\/der-un-sicherheitsrat-rampe-fuer-die-wahrheit-ueber-die-nato-aggression-gegen-jugoslawien\/#article\",\"isPartOf\":{\"@id\":\"https:\/\/now-news.de\/de\/deutschland\/der-un-sicherheitsrat-rampe-fuer-die-wahrheit-ueber-die-nato-aggression-gegen-jugoslawien\/\"},\"author\":{\"name\":\"rtnews\",\"@id\":\"https:\/\/now-news.de\/de\/#\/schema\/person\/fb534a4e865501d8b3285208df34a9b5\"},\"headline\":\"Der UN-Sicherheitsrat \u2013 Rampe f\u00fcr die Wahrheit \u00fcber die NATO-Aggression gegen Jugoslawien\",\"datePublished\":\"2024-03-27T14:33:04+00:00\",\"dateModified\":\"2024-03-27T14:33:04+00:00\",\"mainEntityOfPage\":{\"@id\":\"https:\/\/now-news.de\/de\/deutschland\/der-un-sicherheitsrat-rampe-fuer-die-wahrheit-ueber-die-nato-aggression-gegen-jugoslawien\/\"},\"wordCount\":879,\"commentCount\":0,\"publisher\":{\"@id\":\"https:\/\/now-news.de\/de\/#organization\"},\"image\":{\"@id\":\"https:\/\/now-news.de\/de\/deutschland\/der-un-sicherheitsrat-rampe-fuer-die-wahrheit-ueber-die-nato-aggression-gegen-jugoslawien\/#primaryimage\"},\"thumbnailUrl\":\"https:\/\/now-news.de\/de\/wp-content\/uploads\/sites\/3\/2024\/03\/Der-UN-Sicherheitsrat-\u2013-Rampe-fuer-die-Wahrheit-ueber-die-NATO-Aggression.jpg\",\"keywords\":[\"der\",\"die\",\"f\u00fcr\",\"gegen\",\"Jugoslawien\",\"NATOAggression\",\"Rampe\",\"\u00fcber\",\"UNSicherheitsrat\",\"wahrheit\"],\"articleSection\":[\"Deutschland\",\"Russland\"],\"inLanguage\":\"de\",\"potentialAction\":[{\"@type\":\"CommentAction\",\"name\":\"Comment\",\"target\":[\"https:\/\/now-news.de\/de\/deutschland\/der-un-sicherheitsrat-rampe-fuer-die-wahrheit-ueber-die-nato-aggression-gegen-jugoslawien\/#respond\"]}]},{\"@type\":\"WebPage\",\"@id\":\"https:\/\/now-news.de\/de\/deutschland\/der-un-sicherheitsrat-rampe-fuer-die-wahrheit-ueber-die-nato-aggression-gegen-jugoslawien\/\",\"url\":\"https:\/\/now-news.de\/de\/deutschland\/der-un-sicherheitsrat-rampe-fuer-die-wahrheit-ueber-die-nato-aggression-gegen-jugoslawien\/\",\"name\":\"Der UN-Sicherheitsrat \u2013 Rampe f\u00fcr die Wahrheit \u00fcber die NATO-Aggression gegen Jugoslawien - just-now.NEWS Deutschland\",\"isPartOf\":{\"@id\":\"https:\/\/now-news.de\/de\/#website\"},\"primaryImageOfPage\":{\"@id\":\"https:\/\/now-news.de\/de\/deutschland\/der-un-sicherheitsrat-rampe-fuer-die-wahrheit-ueber-die-nato-aggression-gegen-jugoslawien\/#primaryimage\"},\"image\":{\"@id\":\"https:\/\/now-news.de\/de\/deutschland\/der-un-sicherheitsrat-rampe-fuer-die-wahrheit-ueber-die-nato-aggression-gegen-jugoslawien\/#primaryimage\"},\"thumbnailUrl\":\"https:\/\/now-news.de\/de\/wp-content\/uploads\/sites\/3\/2024\/03\/Der-UN-Sicherheitsrat-\u2013-Rampe-fuer-die-Wahrheit-ueber-die-NATO-Aggression.jpg\",\"datePublished\":\"2024-03-27T14:33:04+00:00\",\"dateModified\":\"2024-03-27T14:33:04+00:00\",\"breadcrumb\":{\"@id\":\"https:\/\/now-news.de\/de\/deutschland\/der-un-sicherheitsrat-rampe-fuer-die-wahrheit-ueber-die-nato-aggression-gegen-jugoslawien\/#breadcrumb\"},\"inLanguage\":\"de\",\"potentialAction\":[{\"@type\":\"ReadAction\",\"target\":[\"https:\/\/now-news.de\/de\/deutschland\/der-un-sicherheitsrat-rampe-fuer-die-wahrheit-ueber-die-nato-aggression-gegen-jugoslawien\/\"]}]},{\"@type\":\"ImageObject\",\"inLanguage\":\"de\",\"@id\":\"https:\/\/now-news.de\/de\/deutschland\/der-un-sicherheitsrat-rampe-fuer-die-wahrheit-ueber-die-nato-aggression-gegen-jugoslawien\/#primaryimage\",\"url\":\"https:\/\/now-news.de\/de\/wp-content\/uploads\/sites\/3\/2024\/03\/Der-UN-Sicherheitsrat-\u2013-Rampe-fuer-die-Wahrheit-ueber-die-NATO-Aggression.jpg\",\"contentUrl\":\"https:\/\/now-news.de\/de\/wp-content\/uploads\/sites\/3\/2024\/03\/Der-UN-Sicherheitsrat-\u2013-Rampe-fuer-die-Wahrheit-ueber-die-NATO-Aggression.jpg\",\"width\":460,\"height\":259,\"caption\":\"Der UN-Sicherheitsrat \u2013 Rampe f\u00fcr die Wahrheit \u00fcber die NATO-Aggression gegen Jugoslawien\"},{\"@type\":\"BreadcrumbList\",\"@id\":\"https:\/\/now-news.de\/de\/deutschland\/der-un-sicherheitsrat-rampe-fuer-die-wahrheit-ueber-die-nato-aggression-gegen-jugoslawien\/#breadcrumb\",\"itemListElement\":[{\"@type\":\"ListItem\",\"position\":1,\"name\":\"Home\",\"item\":\"https:\/\/now-news.de\/de\/\"},{\"@type\":\"ListItem\",\"position\":2,\"name\":\"Der UN-Sicherheitsrat \u2013 Rampe f\u00fcr die Wahrheit \u00fcber die NATO-Aggression gegen Jugoslawien\"}]},{\"@type\":\"WebSite\",\"@id\":\"https:\/\/now-news.de\/de\/#website\",\"url\":\"https:\/\/now-news.de\/de\/\",\"name\":\"just-now.NEWS Deutschland\",\"description\":\"Das Portal f\u00fcr unzensierte Nachrichten aus der Welt\",\"publisher\":{\"@id\":\"https:\/\/now-news.de\/de\/#organization\"},\"potentialAction\":[{\"@type\":\"SearchAction\",\"target\":{\"@type\":\"EntryPoint\",\"urlTemplate\":\"https:\/\/now-news.de\/de\/?s={search_term_string}\"},\"query-input\":\"required name=search_term_string\"}],\"inLanguage\":\"de\"},{\"@type\":\"Organization\",\"@id\":\"https:\/\/now-news.de\/de\/#organization\",\"name\":\"Just Now News\",\"url\":\"https:\/\/now-news.de\/de\/\",\"logo\":{\"@type\":\"ImageObject\",\"inLanguage\":\"de\",\"@id\":\"https:\/\/now-news.de\/de\/#\/schema\/logo\/image\/\",\"url\":\"http:\/\/just-now.news\/de\/wp-content\/uploads\/sites\/3\/2022\/04\/logo500x500.jpg\",\"contentUrl\":\"http:\/\/just-now.news\/de\/wp-content\/uploads\/sites\/3\/2022\/04\/logo500x500.jpg\",\"width\":500,\"height\":500,\"caption\":\"Just Now News\"},\"image\":{\"@id\":\"https:\/\/now-news.de\/de\/#\/schema\/logo\/image\/\"},\"sameAs\":[\"https:\/\/www.facebook.com\/wirmachenauf\",\"https:\/\/x.com\/WirMachenAuf_de\"]},{\"@type\":\"Person\",\"@id\":\"https:\/\/now-news.de\/de\/#\/schema\/person\/fb534a4e865501d8b3285208df34a9b5\",\"name\":\"rtnews\",\"image\":{\"@type\":\"ImageObject\",\"inLanguage\":\"de\",\"@id\":\"https:\/\/now-news.de\/de\/#\/schema\/person\/image\/\",\"url\":\"https:\/\/secure.gravatar.com\/avatar\/82aafea7d8127119dd649515f56e2117?s=96&d=mm&r=g\",\"contentUrl\":\"https:\/\/secure.gravatar.com\/avatar\/82aafea7d8127119dd649515f56e2117?s=96&d=mm&r=g\",\"caption\":\"rtnews\"},\"url\":\"https:\/\/now-news.de\/de\/author\/rnews\/\"}]}<\/script>\n<!-- \/ Yoast SEO Premium plugin. -->","yoast_head_json":{"title":"Der UN-Sicherheitsrat \u2013 Rampe f\u00fcr die Wahrheit \u00fcber die NATO-Aggression gegen Jugoslawien - just-now.NEWS Deutschland","robots":{"index":"index","follow":"follow","max-snippet":"max-snippet:-1","max-image-preview":"max-image-preview:large","max-video-preview":"max-video-preview:-1"},"canonical":"https:\/\/now-news.de\/de\/deutschland\/der-un-sicherheitsrat-rampe-fuer-die-wahrheit-ueber-die-nato-aggression-gegen-jugoslawien\/","og_locale":"de_DE","og_type":"article","og_title":"Der UN-Sicherheitsrat \u2013 Rampe f\u00fcr die Wahrheit \u00fcber die NATO-Aggression gegen Jugoslawien","og_description":"Vor 25 Jahren hat die NATO Jugoslawien milit\u00e4risch \u00fcberfallen und damit das Ende des ehemals sozialistischen Landes eingel\u00e4utet. Und auch ein Vierteljahrhundert sp\u00e4ter scheut der Westen jede Diskussionen \u00fcber die Hintergr\u00fcnde dieses Angriffs auf ein souver\u00e4nes Land, an dem sich auch Deutschland beteiligte. Von Marinko U\u010dur Am 25. M\u00e4rz herrschte bis zum sp\u00e4ten Nachmittag nach [&hellip;]","og_url":"https:\/\/now-news.de\/de\/deutschland\/der-un-sicherheitsrat-rampe-fuer-die-wahrheit-ueber-die-nato-aggression-gegen-jugoslawien\/","og_site_name":"just-now.NEWS Deutschland","article_publisher":"https:\/\/www.facebook.com\/wirmachenauf","article_published_time":"2024-03-27T14:33:04+00:00","og_image":[{"width":460,"height":259,"url":"https:\/\/now-news.de\/de\/wp-content\/uploads\/sites\/3\/2024\/03\/Der-UN-Sicherheitsrat-\u2013-Rampe-fuer-die-Wahrheit-ueber-die-NATO-Aggression.jpg","type":"image\/jpeg"}],"author":"rtnews","twitter_card":"summary_large_image","twitter_creator":"@WirMachenAuf_de","twitter_site":"@WirMachenAuf_de","twitter_misc":{"Verfasst von":"rtnews","Gesch\u00e4tzte Lesezeit":"4\u00a0Minuten"},"schema":{"@context":"https:\/\/schema.org","@graph":[{"@type":"Article","@id":"https:\/\/now-news.de\/de\/deutschland\/der-un-sicherheitsrat-rampe-fuer-die-wahrheit-ueber-die-nato-aggression-gegen-jugoslawien\/#article","isPartOf":{"@id":"https:\/\/now-news.de\/de\/deutschland\/der-un-sicherheitsrat-rampe-fuer-die-wahrheit-ueber-die-nato-aggression-gegen-jugoslawien\/"},"author":{"name":"rtnews","@id":"https:\/\/now-news.de\/de\/#\/schema\/person\/fb534a4e865501d8b3285208df34a9b5"},"headline":"Der UN-Sicherheitsrat \u2013 Rampe f\u00fcr die Wahrheit \u00fcber die NATO-Aggression gegen Jugoslawien","datePublished":"2024-03-27T14:33:04+00:00","dateModified":"2024-03-27T14:33:04+00:00","mainEntityOfPage":{"@id":"https:\/\/now-news.de\/de\/deutschland\/der-un-sicherheitsrat-rampe-fuer-die-wahrheit-ueber-die-nato-aggression-gegen-jugoslawien\/"},"wordCount":879,"commentCount":0,"publisher":{"@id":"https:\/\/now-news.de\/de\/#organization"},"image":{"@id":"https:\/\/now-news.de\/de\/deutschland\/der-un-sicherheitsrat-rampe-fuer-die-wahrheit-ueber-die-nato-aggression-gegen-jugoslawien\/#primaryimage"},"thumbnailUrl":"https:\/\/now-news.de\/de\/wp-content\/uploads\/sites\/3\/2024\/03\/Der-UN-Sicherheitsrat-\u2013-Rampe-fuer-die-Wahrheit-ueber-die-NATO-Aggression.jpg","keywords":["der","die","f\u00fcr","gegen","Jugoslawien","NATOAggression","Rampe","\u00fcber","UNSicherheitsrat","wahrheit"],"articleSection":["Deutschland","Russland"],"inLanguage":"de","potentialAction":[{"@type":"CommentAction","name":"Comment","target":["https:\/\/now-news.de\/de\/deutschland\/der-un-sicherheitsrat-rampe-fuer-die-wahrheit-ueber-die-nato-aggression-gegen-jugoslawien\/#respond"]}]},{"@type":"WebPage","@id":"https:\/\/now-news.de\/de\/deutschland\/der-un-sicherheitsrat-rampe-fuer-die-wahrheit-ueber-die-nato-aggression-gegen-jugoslawien\/","url":"https:\/\/now-news.de\/de\/deutschland\/der-un-sicherheitsrat-rampe-fuer-die-wahrheit-ueber-die-nato-aggression-gegen-jugoslawien\/","name":"Der UN-Sicherheitsrat \u2013 Rampe f\u00fcr die Wahrheit \u00fcber die NATO-Aggression gegen Jugoslawien - just-now.NEWS Deutschland","isPartOf":{"@id":"https:\/\/now-news.de\/de\/#website"},"primaryImageOfPage":{"@id":"https:\/\/now-news.de\/de\/deutschland\/der-un-sicherheitsrat-rampe-fuer-die-wahrheit-ueber-die-nato-aggression-gegen-jugoslawien\/#primaryimage"},"image":{"@id":"https:\/\/now-news.de\/de\/deutschland\/der-un-sicherheitsrat-rampe-fuer-die-wahrheit-ueber-die-nato-aggression-gegen-jugoslawien\/#primaryimage"},"thumbnailUrl":"https:\/\/now-news.de\/de\/wp-content\/uploads\/sites\/3\/2024\/03\/Der-UN-Sicherheitsrat-\u2013-Rampe-fuer-die-Wahrheit-ueber-die-NATO-Aggression.jpg","datePublished":"2024-03-27T14:33:04+00:00","dateModified":"2024-03-27T14:33:04+00:00","breadcrumb":{"@id":"https:\/\/now-news.de\/de\/deutschland\/der-un-sicherheitsrat-rampe-fuer-die-wahrheit-ueber-die-nato-aggression-gegen-jugoslawien\/#breadcrumb"},"inLanguage":"de","potentialAction":[{"@type":"ReadAction","target":["https:\/\/now-news.de\/de\/deutschland\/der-un-sicherheitsrat-rampe-fuer-die-wahrheit-ueber-die-nato-aggression-gegen-jugoslawien\/"]}]},{"@type":"ImageObject","inLanguage":"de","@id":"https:\/\/now-news.de\/de\/deutschland\/der-un-sicherheitsrat-rampe-fuer-die-wahrheit-ueber-die-nato-aggression-gegen-jugoslawien\/#primaryimage","url":"https:\/\/now-news.de\/de\/wp-content\/uploads\/sites\/3\/2024\/03\/Der-UN-Sicherheitsrat-\u2013-Rampe-fuer-die-Wahrheit-ueber-die-NATO-Aggression.jpg","contentUrl":"https:\/\/now-news.de\/de\/wp-content\/uploads\/sites\/3\/2024\/03\/Der-UN-Sicherheitsrat-\u2013-Rampe-fuer-die-Wahrheit-ueber-die-NATO-Aggression.jpg","width":460,"height":259,"caption":"Der UN-Sicherheitsrat \u2013 Rampe f\u00fcr die Wahrheit \u00fcber die NATO-Aggression gegen Jugoslawien"},{"@type":"BreadcrumbList","@id":"https:\/\/now-news.de\/de\/deutschland\/der-un-sicherheitsrat-rampe-fuer-die-wahrheit-ueber-die-nato-aggression-gegen-jugoslawien\/#breadcrumb","itemListElement":[{"@type":"ListItem","position":1,"name":"Home","item":"https:\/\/now-news.de\/de\/"},{"@type":"ListItem","position":2,"name":"Der UN-Sicherheitsrat \u2013 Rampe f\u00fcr die Wahrheit \u00fcber die NATO-Aggression gegen Jugoslawien"}]},{"@type":"WebSite","@id":"https:\/\/now-news.de\/de\/#website","url":"https:\/\/now-news.de\/de\/","name":"just-now.NEWS Deutschland","description":"Das Portal f\u00fcr unzensierte Nachrichten aus der Welt","publisher":{"@id":"https:\/\/now-news.de\/de\/#organization"},"potentialAction":[{"@type":"SearchAction","target":{"@type":"EntryPoint","urlTemplate":"https:\/\/now-news.de\/de\/?s={search_term_string}"},"query-input":"required name=search_term_string"}],"inLanguage":"de"},{"@type":"Organization","@id":"https:\/\/now-news.de\/de\/#organization","name":"Just Now News","url":"https:\/\/now-news.de\/de\/","logo":{"@type":"ImageObject","inLanguage":"de","@id":"https:\/\/now-news.de\/de\/#\/schema\/logo\/image\/","url":"http:\/\/just-now.news\/de\/wp-content\/uploads\/sites\/3\/2022\/04\/logo500x500.jpg","contentUrl":"http:\/\/just-now.news\/de\/wp-content\/uploads\/sites\/3\/2022\/04\/logo500x500.jpg","width":500,"height":500,"caption":"Just Now News"},"image":{"@id":"https:\/\/now-news.de\/de\/#\/schema\/logo\/image\/"},"sameAs":["https:\/\/www.facebook.com\/wirmachenauf","https:\/\/x.com\/WirMachenAuf_de"]},{"@type":"Person","@id":"https:\/\/now-news.de\/de\/#\/schema\/person\/fb534a4e865501d8b3285208df34a9b5","name":"rtnews","image":{"@type":"ImageObject","inLanguage":"de","@id":"https:\/\/now-news.de\/de\/#\/schema\/person\/image\/","url":"https:\/\/secure.gravatar.com\/avatar\/82aafea7d8127119dd649515f56e2117?s=96&d=mm&r=g","contentUrl":"https:\/\/secure.gravatar.com\/avatar\/82aafea7d8127119dd649515f56e2117?s=96&d=mm&r=g","caption":"rtnews"},"url":"https:\/\/now-news.de\/de\/author\/rnews\/"}]}},"_links":{"self":[{"href":"https:\/\/now-news.de\/de\/wp-json\/wp\/v2\/posts\/57820"}],"collection":[{"href":"https:\/\/now-news.de\/de\/wp-json\/wp\/v2\/posts"}],"about":[{"href":"https:\/\/now-news.de\/de\/wp-json\/wp\/v2\/types\/post"}],"author":[{"embeddable":true,"href":"https:\/\/now-news.de\/de\/wp-json\/wp\/v2\/users\/3"}],"replies":[{"embeddable":true,"href":"https:\/\/now-news.de\/de\/wp-json\/wp\/v2\/comments?post=57820"}],"version-history":[{"count":0,"href":"https:\/\/now-news.de\/de\/wp-json\/wp\/v2\/posts\/57820\/revisions"}],"wp:featuredmedia":[{"embeddable":true,"href":"https:\/\/now-news.de\/de\/wp-json\/wp\/v2\/media\/57821"}],"wp:attachment":[{"href":"https:\/\/now-news.de\/de\/wp-json\/wp\/v2\/media?parent=57820"}],"wp:term":[{"taxonomy":"category","embeddable":true,"href":"https:\/\/now-news.de\/de\/wp-json\/wp\/v2\/categories?post=57820"},{"taxonomy":"post_tag","embeddable":true,"href":"https:\/\/now-news.de\/de\/wp-json\/wp\/v2\/tags?post=57820"}],"curies":[{"name":"wp","href":"https:\/\/api.w.org\/{rel}","templated":true}]}}