{"id":57804,"date":"2024-03-27T12:13:54","date_gmt":"2024-03-27T10:13:54","guid":{"rendered":"https:\/\/just-now.news\/de\/deutschland\/selenskij-entlaesst-sekretaer-des-ukrainischen-sicherheitsrates-in-erinnerung-bleiben-seine-luegen\/"},"modified":"2024-03-27T12:13:54","modified_gmt":"2024-03-27T10:13:54","slug":"selenskij-entlaesst-sekretaer-des-ukrainischen-sicherheitsrates-in-erinnerung-bleiben-seine-luegen","status":"publish","type":"post","link":"https:\/\/now-news.de\/de\/deutschland\/selenskij-entlaesst-sekretaer-des-ukrainischen-sicherheitsrates-in-erinnerung-bleiben-seine-luegen\/","title":{"rendered":"Selenskij entl\u00e4sst Sekret\u00e4r des ukrainischen Sicherheitsrates \u2013 In Erinnerung bleiben seine L\u00fcgen"},"content":{"rendered":"<p><img decoding=\"async\" src=\"http:\/\/just-now.news\/de\/wp-content\/uploads\/sites\/3\/2024\/03\/66030c71b480cc55f310cf0b.jpg\" \/><\/p>\n<div class=\"Text-root Text-type_1 \">\n                Alexei Danilow, der Sekret\u00e4r des ukrainischen Sicherheitsrates, wurde des Amtes enthoben. Doch vielen wird er in Erinnerung bleiben \u2013 unter anderem als menschenfeindlicher Kriegspropagandist, L\u00fcgner und der unversch\u00e4mteste Bettler.\n            <\/div>\n<p><\/p>\n<div class=\"Text-root Text-type_5 ArticleView-text ViewText-root \">\n<p>Der ukrainische Pr\u00e4sident Wladimir Selenskij hat den Leiter des Nationalen Rates f\u00fcr Sicherheit und Verteidigung Alexei Danilow des Amtes enthoben. Er wurde stattdessen zum Botschafter in Norwegen ernannt. Die Entlassung wurde auf Selenskijs offizieller Internetpr\u00e4senz bekannt gegeben \u2013 nicht aber der Grund daf\u00fcr.<\/p>\n<p>Alexander Litwinenko, Leiter des ukrainischen Au\u00dfenaufkl\u00e4rungsdienstes seit Juli 2021 und zuvor stellvertretender Sicherheitsratssekret\u00e4r, wurde per Ernennung auf Danilows Sessel gehievt.<\/p>\n<p>Danilow hatte sich auf seinem bisherigen Posten durch nichts Wesentliches hervorgetan \u2013 daf\u00fcr aber durch seine L\u00fcgen sowie vorlaute, ungezogene, ungehaltene und oft menschenfeindliche Rhetorik, was seiner T\u00e4tigkeit auf diesem Posten geschadet haben k\u00f6nnte.<\/p>\n<p>Danilow erkl\u00e4rte im August 2023 vor laufender Kamera, alle Russen seien weniger menschlich als Ukrainer, weil sie Asiaten seien. Auch versprach er, Russen rund um den Globus zu t\u00f6ten.<\/p>\n<p>Er hatte im Dezember 2022 gelogen, Russlands Regierung plane eine allgemeine Mobilmachung \u2013 und ein allgemeines Ausreiseverbot f\u00fcr Wehrpflichtige. \u00dcber die Mobilmachung in der Ukraine selbst log er auch: Sie erfolge in \u00dcbereinstimmung mit der ukrainischen Gesetzgebung. Alles Bild- und Videomaterial aus der ehemaligen Ukrainischen SSR, das Wehramtsmitarbeiter bei ihrer Menschenjagd nach frischem Kanonenfutter zeigt und reichlich in den sozialen Medien kursiert, soll also inszeniert sein. Denn das ukrainische Milit\u00e4r hat ja gar keine so hohen Verluste, dass es verzweifelt freiwillige Leopard-2-Fahrer suchen m\u00fcsste.<\/p>\n<p>Gelogen hat Danilow auch \u00fcber das russische milit\u00e4rische Transportflugzeug Iljuschin Il-76, das 65 ukrainische Kriegsgefangene zu einem Austausch bringen sollte und von aufseiten Kiews k\u00e4mpfenden Truppen abgeschossen wurde \u2013 in diesem h\u00e4tten sich gar keine Gefangenen befunden. Weitere L\u00fcgen betreffen die angebliche Strategie der verbrannten Erde, die Russland in seinen neuen F\u00f6derationssubjekten verfolge: Kriegssch\u00e4den in den Volksrepubliken Donezk und Lugansk sowie die Gebiete Saporoschje und Cherson w\u00fcrden nicht repariert, sondern diese Territorien verblieben f\u00fcr immer eine &#8220;graue Zone&#8221; des ewigen Chaos. Wie zum Beispiel Mariupol.<\/p>\n<p>Nicht direkt eine L\u00fcge, sondern vielleicht eine Folge von Danilows mangelnder Fachkenntnis war die Behauptung, Abrams-Panzer aus US-Fertigung, die dem Kiewer Regime geliefert wurden, k\u00f6nnten auch in der als Rasputiza bekannten Schlammsaison Felder und Feldwege befahren. Doch manchem ukrainischen Soldaten d\u00fcrfte Danilow damit falsche Hoffnungen gemacht haben.<\/p>\n<p>\u00c4hnlicher Natur war wohl sein Vorschlag, an alle B\u00fcrger der Ukraine Maschinengewehre zu verteilen, damit sich diese gesch\u00fctzt f\u00fchlen.<\/p>\n<p>Und nat\u00fcrlich warf Danilow Kiews westlichen Partnern stets und immer wieder vor, unt\u00e4tig herumzusitzen, statt milit\u00e4rische Hilfe zu leisten. So erkl\u00e4rte er, dass die europ\u00e4ischen Staaten ihre gesamten Best\u00e4nde an Gro\u00dfger\u00e4t, vor allem Artillerie und Luftabwehr, jeweils samt Munition, an Kiew \u00fcbergeben sollen \u2013 Europa werde sie ja sowieso nie wieder ben\u00f6tigen. Und das, obwohl sein Chef den Europ\u00e4ern st\u00e4ndig den Teufel einer russischen Invasion an die Wand malte und malt. Im \u00dcbrigen ist das ein sehr typisches Verhalten f\u00fcr ukrainische Nationalisten.<\/p>\n<p>Mit Sicherheit behaupten kann man es nicht \u2013 doch es scheint wahrscheinlich, dass Danilows j\u00fcngster diplomatischer Eklat, diesmal mit China gegen einen Staat, der Kiew gegen\u00fcber weniger freundlich eingestellt, aber daf\u00fcr sehr m\u00e4chtig ist, die Geduld der Kiewer F\u00fchrung endg\u00fcltig \u00fcberstrapazierte: Am 21. M\u00e4rz beleidigte Danilow den Sondergesandten der Volksrepublik China f\u00fcr die Ukraine und zu Belangen Eurasiens, indem er seinen Namen, Li Hui, vors\u00e4tzlich verzerrte. Der Name klang bei Danilow wie ein Ausdruck aus der russischen Vulg\u00e4rsprache. Nur f\u00fcnf Tage sp\u00e4ter gab Selenskij Danilows Freistellung bekannt.<\/p>\n<p>Den Norwegern kann man mit solch einem Botschafter in ihrem Land nur viel Spa\u00df w\u00fcnschen.<\/p>\n<p><strong>Mehr zum Thema<\/strong> \u2013 <a rel=\"nofollow noopener\" target=\"_blank\" href=\"https:\/\/kurz.rt.com\/497w\">Ukraine-Konflikt: Kaum Licht am Ende des Tunnels?<\/a><\/p>\n<div class=\"EmbedBlock-root EmbedBlock-externalVideo EmbedBlock-vk\">\n<div class=\"VkEmbed\"><iframe class=\"lazyload\" data-src=\"https:\/\/vk.com\/video_ext.php?oid=-134310637&amp;id=456275569\" frameborder=\"0\" width=\"853\" height=\"480\" allowfullscreen><\/iframe><\/div>\n<\/div>\n<\/div>\n<p><br \/>\n<br \/><a href=\"https:\/\/de.rt.com\/international\/200718-selenskij-entlaesst-sekretaer-des-ukrainischen-sicherheitsrates\/\">Source link <\/a><\/p>\n","protected":false},"excerpt":{"rendered":"<p>Alexei Danilow, der Sekret\u00e4r des ukrainischen Sicherheitsrates, wurde des Amtes enthoben. Doch vielen wird er in Erinnerung bleiben \u2013 unter anderem als menschenfeindlicher Kriegspropagandist, L\u00fcgner und der unversch\u00e4mteste Bettler. Der ukrainische Pr\u00e4sident Wladimir Selenskij hat den Leiter des Nationalen Rates f\u00fcr Sicherheit und Verteidigung Alexei Danilow des Amtes enthoben. Er wurde stattdessen zum Botschafter in [&hellip;]<\/p>\n","protected":false},"author":3,"featured_media":57805,"comment_status":"open","ping_status":"open","sticky":false,"template":"","format":"standard","meta":{"_yoast_indexnow_last_ping":["1711535324"],"wp_automatic_camp":["217"],"8c1e07c84534a50f132fcee39d3992e9":["Selenskij entl\u00e4sst Sekret\u00e4r des ukrainischen Sicherheitsrates \u2013 In Erinnerung bleiben seine L\u00fcgen"],"original_link":["https:\/\/de.rt.com\/international\/200718-selenskij-entlaesst-sekretaer-des-ukrainischen-sicherheitsrates\/"],"_thumbnail_id":["57805"],"_wptgpro_p2tg_sent2tg":["a:1:{i:23737;s:19:\"2024-03-27 12:29:46\";}"],"jnews_social_counter_last_update":["1777183395"]},"categories":[19,23],"tags":[9445,583,22666,6042,8897,265,27074,6158,35929,2332],"yoast_head":"<!-- This site is optimized with the Yoast SEO Premium plugin v22.7 (Yoast SEO v22.7) - https:\/\/yoast.com\/wordpress\/plugins\/seo\/ -->\n<title>Selenskij entl\u00e4sst Sekret\u00e4r des ukrainischen Sicherheitsrates \u2013 In Erinnerung bleiben seine L\u00fcgen - just-now.NEWS Deutschland<\/title>\n<meta name=\"robots\" content=\"index, follow, max-snippet:-1, max-image-preview:large, max-video-preview:-1\" \/>\n<link rel=\"canonical\" href=\"https:\/\/now-news.de\/de\/deutschland\/selenskij-entlaesst-sekretaer-des-ukrainischen-sicherheitsrates-in-erinnerung-bleiben-seine-luegen\/\" \/>\n<meta property=\"og:locale\" content=\"de_DE\" \/>\n<meta property=\"og:type\" content=\"article\" \/>\n<meta property=\"og:title\" content=\"Selenskij entl\u00e4sst Sekret\u00e4r des ukrainischen Sicherheitsrates \u2013 In Erinnerung bleiben seine L\u00fcgen\" \/>\n<meta property=\"og:description\" content=\"Alexei Danilow, der Sekret\u00e4r des ukrainischen Sicherheitsrates, wurde des Amtes enthoben. Doch vielen wird er in Erinnerung bleiben \u2013 unter anderem als menschenfeindlicher Kriegspropagandist, L\u00fcgner und der unversch\u00e4mteste Bettler. Der ukrainische Pr\u00e4sident Wladimir Selenskij hat den Leiter des Nationalen Rates f\u00fcr Sicherheit und Verteidigung Alexei Danilow des Amtes enthoben. Er wurde stattdessen zum Botschafter in [&hellip;]\" \/>\n<meta property=\"og:url\" content=\"https:\/\/now-news.de\/de\/deutschland\/selenskij-entlaesst-sekretaer-des-ukrainischen-sicherheitsrates-in-erinnerung-bleiben-seine-luegen\/\" \/>\n<meta property=\"og:site_name\" content=\"just-now.NEWS Deutschland\" \/>\n<meta property=\"article:publisher\" content=\"https:\/\/www.facebook.com\/wirmachenauf\" \/>\n<meta property=\"article:published_time\" content=\"2024-03-27T10:13:54+00:00\" \/>\n<meta property=\"og:image\" content=\"https:\/\/now-news.de\/de\/wp-content\/uploads\/sites\/3\/2024\/03\/Selenskij-entlaesst-Sekretaer-des-ukrainischen-Sicherheitsrates-\u2013-In-Erinnerung-bleiben.jpg\" \/>\n\t<meta property=\"og:image:width\" content=\"460\" \/>\n\t<meta property=\"og:image:height\" content=\"259\" \/>\n\t<meta property=\"og:image:type\" content=\"image\/jpeg\" \/>\n<meta name=\"author\" content=\"rtnews\" \/>\n<meta name=\"twitter:card\" content=\"summary_large_image\" \/>\n<meta name=\"twitter:creator\" content=\"@WirMachenAuf_de\" \/>\n<meta name=\"twitter:site\" content=\"@WirMachenAuf_de\" \/>\n<meta name=\"twitter:label1\" content=\"Verfasst von\" \/>\n\t<meta name=\"twitter:data1\" content=\"rtnews\" \/>\n\t<meta name=\"twitter:label2\" content=\"Gesch\u00e4tzte Lesezeit\" \/>\n\t<meta name=\"twitter:data2\" content=\"3\u00a0Minuten\" \/>\n<script type=\"application\/ld+json\" class=\"yoast-schema-graph\">{\"@context\":\"https:\/\/schema.org\",\"@graph\":[{\"@type\":\"Article\",\"@id\":\"https:\/\/now-news.de\/de\/deutschland\/selenskij-entlaesst-sekretaer-des-ukrainischen-sicherheitsrates-in-erinnerung-bleiben-seine-luegen\/#article\",\"isPartOf\":{\"@id\":\"https:\/\/now-news.de\/de\/deutschland\/selenskij-entlaesst-sekretaer-des-ukrainischen-sicherheitsrates-in-erinnerung-bleiben-seine-luegen\/\"},\"author\":{\"name\":\"rtnews\",\"@id\":\"https:\/\/now-news.de\/de\/#\/schema\/person\/fb534a4e865501d8b3285208df34a9b5\"},\"headline\":\"Selenskij entl\u00e4sst Sekret\u00e4r des ukrainischen Sicherheitsrates \u2013 In Erinnerung bleiben seine L\u00fcgen\",\"datePublished\":\"2024-03-27T10:13:54+00:00\",\"dateModified\":\"2024-03-27T10:13:54+00:00\",\"mainEntityOfPage\":{\"@id\":\"https:\/\/now-news.de\/de\/deutschland\/selenskij-entlaesst-sekretaer-des-ukrainischen-sicherheitsrates-in-erinnerung-bleiben-seine-luegen\/\"},\"wordCount\":648,\"commentCount\":0,\"publisher\":{\"@id\":\"https:\/\/now-news.de\/de\/#organization\"},\"image\":{\"@id\":\"https:\/\/now-news.de\/de\/deutschland\/selenskij-entlaesst-sekretaer-des-ukrainischen-sicherheitsrates-in-erinnerung-bleiben-seine-luegen\/#primaryimage\"},\"thumbnailUrl\":\"https:\/\/now-news.de\/de\/wp-content\/uploads\/sites\/3\/2024\/03\/Selenskij-entlaesst-Sekretaer-des-ukrainischen-Sicherheitsrates-\u2013-In-Erinnerung-bleiben.jpg\",\"keywords\":[\"Bleiben\",\"des\",\"entl\u00e4sst\",\"ERINNERUNG\",\"l\u00fcgen\",\"seine\",\"Sekret\u00e4r\",\"Selenskij\",\"Sicherheitsrates\",\"ukrainischen\"],\"articleSection\":[\"Deutschland\",\"Russland\"],\"inLanguage\":\"de\",\"potentialAction\":[{\"@type\":\"CommentAction\",\"name\":\"Comment\",\"target\":[\"https:\/\/now-news.de\/de\/deutschland\/selenskij-entlaesst-sekretaer-des-ukrainischen-sicherheitsrates-in-erinnerung-bleiben-seine-luegen\/#respond\"]}]},{\"@type\":\"WebPage\",\"@id\":\"https:\/\/now-news.de\/de\/deutschland\/selenskij-entlaesst-sekretaer-des-ukrainischen-sicherheitsrates-in-erinnerung-bleiben-seine-luegen\/\",\"url\":\"https:\/\/now-news.de\/de\/deutschland\/selenskij-entlaesst-sekretaer-des-ukrainischen-sicherheitsrates-in-erinnerung-bleiben-seine-luegen\/\",\"name\":\"Selenskij entl\u00e4sst Sekret\u00e4r des ukrainischen Sicherheitsrates \u2013 In Erinnerung bleiben seine L\u00fcgen - just-now.NEWS Deutschland\",\"isPartOf\":{\"@id\":\"https:\/\/now-news.de\/de\/#website\"},\"primaryImageOfPage\":{\"@id\":\"https:\/\/now-news.de\/de\/deutschland\/selenskij-entlaesst-sekretaer-des-ukrainischen-sicherheitsrates-in-erinnerung-bleiben-seine-luegen\/#primaryimage\"},\"image\":{\"@id\":\"https:\/\/now-news.de\/de\/deutschland\/selenskij-entlaesst-sekretaer-des-ukrainischen-sicherheitsrates-in-erinnerung-bleiben-seine-luegen\/#primaryimage\"},\"thumbnailUrl\":\"https:\/\/now-news.de\/de\/wp-content\/uploads\/sites\/3\/2024\/03\/Selenskij-entlaesst-Sekretaer-des-ukrainischen-Sicherheitsrates-\u2013-In-Erinnerung-bleiben.jpg\",\"datePublished\":\"2024-03-27T10:13:54+00:00\",\"dateModified\":\"2024-03-27T10:13:54+00:00\",\"breadcrumb\":{\"@id\":\"https:\/\/now-news.de\/de\/deutschland\/selenskij-entlaesst-sekretaer-des-ukrainischen-sicherheitsrates-in-erinnerung-bleiben-seine-luegen\/#breadcrumb\"},\"inLanguage\":\"de\",\"potentialAction\":[{\"@type\":\"ReadAction\",\"target\":[\"https:\/\/now-news.de\/de\/deutschland\/selenskij-entlaesst-sekretaer-des-ukrainischen-sicherheitsrates-in-erinnerung-bleiben-seine-luegen\/\"]}]},{\"@type\":\"ImageObject\",\"inLanguage\":\"de\",\"@id\":\"https:\/\/now-news.de\/de\/deutschland\/selenskij-entlaesst-sekretaer-des-ukrainischen-sicherheitsrates-in-erinnerung-bleiben-seine-luegen\/#primaryimage\",\"url\":\"https:\/\/now-news.de\/de\/wp-content\/uploads\/sites\/3\/2024\/03\/Selenskij-entlaesst-Sekretaer-des-ukrainischen-Sicherheitsrates-\u2013-In-Erinnerung-bleiben.jpg\",\"contentUrl\":\"https:\/\/now-news.de\/de\/wp-content\/uploads\/sites\/3\/2024\/03\/Selenskij-entlaesst-Sekretaer-des-ukrainischen-Sicherheitsrates-\u2013-In-Erinnerung-bleiben.jpg\",\"width\":460,\"height\":259,\"caption\":\"Selenskij entl\u00e4sst Sekret\u00e4r des ukrainischen Sicherheitsrates \u2013 In Erinnerung bleiben seine L\u00fcgen\"},{\"@type\":\"BreadcrumbList\",\"@id\":\"https:\/\/now-news.de\/de\/deutschland\/selenskij-entlaesst-sekretaer-des-ukrainischen-sicherheitsrates-in-erinnerung-bleiben-seine-luegen\/#breadcrumb\",\"itemListElement\":[{\"@type\":\"ListItem\",\"position\":1,\"name\":\"Home\",\"item\":\"https:\/\/now-news.de\/de\/\"},{\"@type\":\"ListItem\",\"position\":2,\"name\":\"Selenskij entl\u00e4sst Sekret\u00e4r des ukrainischen Sicherheitsrates \u2013 In Erinnerung bleiben seine L\u00fcgen\"}]},{\"@type\":\"WebSite\",\"@id\":\"https:\/\/now-news.de\/de\/#website\",\"url\":\"https:\/\/now-news.de\/de\/\",\"name\":\"just-now.NEWS Deutschland\",\"description\":\"Das Portal f\u00fcr unzensierte Nachrichten aus der Welt\",\"publisher\":{\"@id\":\"https:\/\/now-news.de\/de\/#organization\"},\"potentialAction\":[{\"@type\":\"SearchAction\",\"target\":{\"@type\":\"EntryPoint\",\"urlTemplate\":\"https:\/\/now-news.de\/de\/?s={search_term_string}\"},\"query-input\":\"required name=search_term_string\"}],\"inLanguage\":\"de\"},{\"@type\":\"Organization\",\"@id\":\"https:\/\/now-news.de\/de\/#organization\",\"name\":\"Just Now News\",\"url\":\"https:\/\/now-news.de\/de\/\",\"logo\":{\"@type\":\"ImageObject\",\"inLanguage\":\"de\",\"@id\":\"https:\/\/now-news.de\/de\/#\/schema\/logo\/image\/\",\"url\":\"http:\/\/just-now.news\/de\/wp-content\/uploads\/sites\/3\/2022\/04\/logo500x500.jpg\",\"contentUrl\":\"http:\/\/just-now.news\/de\/wp-content\/uploads\/sites\/3\/2022\/04\/logo500x500.jpg\",\"width\":500,\"height\":500,\"caption\":\"Just Now News\"},\"image\":{\"@id\":\"https:\/\/now-news.de\/de\/#\/schema\/logo\/image\/\"},\"sameAs\":[\"https:\/\/www.facebook.com\/wirmachenauf\",\"https:\/\/x.com\/WirMachenAuf_de\"]},{\"@type\":\"Person\",\"@id\":\"https:\/\/now-news.de\/de\/#\/schema\/person\/fb534a4e865501d8b3285208df34a9b5\",\"name\":\"rtnews\",\"image\":{\"@type\":\"ImageObject\",\"inLanguage\":\"de\",\"@id\":\"https:\/\/now-news.de\/de\/#\/schema\/person\/image\/\",\"url\":\"https:\/\/secure.gravatar.com\/avatar\/82aafea7d8127119dd649515f56e2117?s=96&d=mm&r=g\",\"contentUrl\":\"https:\/\/secure.gravatar.com\/avatar\/82aafea7d8127119dd649515f56e2117?s=96&d=mm&r=g\",\"caption\":\"rtnews\"},\"url\":\"https:\/\/now-news.de\/de\/author\/rnews\/\"}]}<\/script>\n<!-- \/ Yoast SEO Premium plugin. -->","yoast_head_json":{"title":"Selenskij entl\u00e4sst Sekret\u00e4r des ukrainischen Sicherheitsrates \u2013 In Erinnerung bleiben seine L\u00fcgen - just-now.NEWS Deutschland","robots":{"index":"index","follow":"follow","max-snippet":"max-snippet:-1","max-image-preview":"max-image-preview:large","max-video-preview":"max-video-preview:-1"},"canonical":"https:\/\/now-news.de\/de\/deutschland\/selenskij-entlaesst-sekretaer-des-ukrainischen-sicherheitsrates-in-erinnerung-bleiben-seine-luegen\/","og_locale":"de_DE","og_type":"article","og_title":"Selenskij entl\u00e4sst Sekret\u00e4r des ukrainischen Sicherheitsrates \u2013 In Erinnerung bleiben seine L\u00fcgen","og_description":"Alexei Danilow, der Sekret\u00e4r des ukrainischen Sicherheitsrates, wurde des Amtes enthoben. Doch vielen wird er in Erinnerung bleiben \u2013 unter anderem als menschenfeindlicher Kriegspropagandist, L\u00fcgner und der unversch\u00e4mteste Bettler. Der ukrainische Pr\u00e4sident Wladimir Selenskij hat den Leiter des Nationalen Rates f\u00fcr Sicherheit und Verteidigung Alexei Danilow des Amtes enthoben. Er wurde stattdessen zum Botschafter in [&hellip;]","og_url":"https:\/\/now-news.de\/de\/deutschland\/selenskij-entlaesst-sekretaer-des-ukrainischen-sicherheitsrates-in-erinnerung-bleiben-seine-luegen\/","og_site_name":"just-now.NEWS Deutschland","article_publisher":"https:\/\/www.facebook.com\/wirmachenauf","article_published_time":"2024-03-27T10:13:54+00:00","og_image":[{"width":460,"height":259,"url":"https:\/\/now-news.de\/de\/wp-content\/uploads\/sites\/3\/2024\/03\/Selenskij-entlaesst-Sekretaer-des-ukrainischen-Sicherheitsrates-\u2013-In-Erinnerung-bleiben.jpg","type":"image\/jpeg"}],"author":"rtnews","twitter_card":"summary_large_image","twitter_creator":"@WirMachenAuf_de","twitter_site":"@WirMachenAuf_de","twitter_misc":{"Verfasst von":"rtnews","Gesch\u00e4tzte Lesezeit":"3\u00a0Minuten"},"schema":{"@context":"https:\/\/schema.org","@graph":[{"@type":"Article","@id":"https:\/\/now-news.de\/de\/deutschland\/selenskij-entlaesst-sekretaer-des-ukrainischen-sicherheitsrates-in-erinnerung-bleiben-seine-luegen\/#article","isPartOf":{"@id":"https:\/\/now-news.de\/de\/deutschland\/selenskij-entlaesst-sekretaer-des-ukrainischen-sicherheitsrates-in-erinnerung-bleiben-seine-luegen\/"},"author":{"name":"rtnews","@id":"https:\/\/now-news.de\/de\/#\/schema\/person\/fb534a4e865501d8b3285208df34a9b5"},"headline":"Selenskij entl\u00e4sst Sekret\u00e4r des ukrainischen Sicherheitsrates \u2013 In Erinnerung bleiben seine L\u00fcgen","datePublished":"2024-03-27T10:13:54+00:00","dateModified":"2024-03-27T10:13:54+00:00","mainEntityOfPage":{"@id":"https:\/\/now-news.de\/de\/deutschland\/selenskij-entlaesst-sekretaer-des-ukrainischen-sicherheitsrates-in-erinnerung-bleiben-seine-luegen\/"},"wordCount":648,"commentCount":0,"publisher":{"@id":"https:\/\/now-news.de\/de\/#organization"},"image":{"@id":"https:\/\/now-news.de\/de\/deutschland\/selenskij-entlaesst-sekretaer-des-ukrainischen-sicherheitsrates-in-erinnerung-bleiben-seine-luegen\/#primaryimage"},"thumbnailUrl":"https:\/\/now-news.de\/de\/wp-content\/uploads\/sites\/3\/2024\/03\/Selenskij-entlaesst-Sekretaer-des-ukrainischen-Sicherheitsrates-\u2013-In-Erinnerung-bleiben.jpg","keywords":["Bleiben","des","entl\u00e4sst","ERINNERUNG","l\u00fcgen","seine","Sekret\u00e4r","Selenskij","Sicherheitsrates","ukrainischen"],"articleSection":["Deutschland","Russland"],"inLanguage":"de","potentialAction":[{"@type":"CommentAction","name":"Comment","target":["https:\/\/now-news.de\/de\/deutschland\/selenskij-entlaesst-sekretaer-des-ukrainischen-sicherheitsrates-in-erinnerung-bleiben-seine-luegen\/#respond"]}]},{"@type":"WebPage","@id":"https:\/\/now-news.de\/de\/deutschland\/selenskij-entlaesst-sekretaer-des-ukrainischen-sicherheitsrates-in-erinnerung-bleiben-seine-luegen\/","url":"https:\/\/now-news.de\/de\/deutschland\/selenskij-entlaesst-sekretaer-des-ukrainischen-sicherheitsrates-in-erinnerung-bleiben-seine-luegen\/","name":"Selenskij entl\u00e4sst Sekret\u00e4r des ukrainischen Sicherheitsrates \u2013 In Erinnerung bleiben seine L\u00fcgen - just-now.NEWS Deutschland","isPartOf":{"@id":"https:\/\/now-news.de\/de\/#website"},"primaryImageOfPage":{"@id":"https:\/\/now-news.de\/de\/deutschland\/selenskij-entlaesst-sekretaer-des-ukrainischen-sicherheitsrates-in-erinnerung-bleiben-seine-luegen\/#primaryimage"},"image":{"@id":"https:\/\/now-news.de\/de\/deutschland\/selenskij-entlaesst-sekretaer-des-ukrainischen-sicherheitsrates-in-erinnerung-bleiben-seine-luegen\/#primaryimage"},"thumbnailUrl":"https:\/\/now-news.de\/de\/wp-content\/uploads\/sites\/3\/2024\/03\/Selenskij-entlaesst-Sekretaer-des-ukrainischen-Sicherheitsrates-\u2013-In-Erinnerung-bleiben.jpg","datePublished":"2024-03-27T10:13:54+00:00","dateModified":"2024-03-27T10:13:54+00:00","breadcrumb":{"@id":"https:\/\/now-news.de\/de\/deutschland\/selenskij-entlaesst-sekretaer-des-ukrainischen-sicherheitsrates-in-erinnerung-bleiben-seine-luegen\/#breadcrumb"},"inLanguage":"de","potentialAction":[{"@type":"ReadAction","target":["https:\/\/now-news.de\/de\/deutschland\/selenskij-entlaesst-sekretaer-des-ukrainischen-sicherheitsrates-in-erinnerung-bleiben-seine-luegen\/"]}]},{"@type":"ImageObject","inLanguage":"de","@id":"https:\/\/now-news.de\/de\/deutschland\/selenskij-entlaesst-sekretaer-des-ukrainischen-sicherheitsrates-in-erinnerung-bleiben-seine-luegen\/#primaryimage","url":"https:\/\/now-news.de\/de\/wp-content\/uploads\/sites\/3\/2024\/03\/Selenskij-entlaesst-Sekretaer-des-ukrainischen-Sicherheitsrates-\u2013-In-Erinnerung-bleiben.jpg","contentUrl":"https:\/\/now-news.de\/de\/wp-content\/uploads\/sites\/3\/2024\/03\/Selenskij-entlaesst-Sekretaer-des-ukrainischen-Sicherheitsrates-\u2013-In-Erinnerung-bleiben.jpg","width":460,"height":259,"caption":"Selenskij entl\u00e4sst Sekret\u00e4r des ukrainischen Sicherheitsrates \u2013 In Erinnerung bleiben seine L\u00fcgen"},{"@type":"BreadcrumbList","@id":"https:\/\/now-news.de\/de\/deutschland\/selenskij-entlaesst-sekretaer-des-ukrainischen-sicherheitsrates-in-erinnerung-bleiben-seine-luegen\/#breadcrumb","itemListElement":[{"@type":"ListItem","position":1,"name":"Home","item":"https:\/\/now-news.de\/de\/"},{"@type":"ListItem","position":2,"name":"Selenskij entl\u00e4sst Sekret\u00e4r des ukrainischen Sicherheitsrates \u2013 In Erinnerung bleiben seine L\u00fcgen"}]},{"@type":"WebSite","@id":"https:\/\/now-news.de\/de\/#website","url":"https:\/\/now-news.de\/de\/","name":"just-now.NEWS Deutschland","description":"Das Portal f\u00fcr unzensierte Nachrichten aus der Welt","publisher":{"@id":"https:\/\/now-news.de\/de\/#organization"},"potentialAction":[{"@type":"SearchAction","target":{"@type":"EntryPoint","urlTemplate":"https:\/\/now-news.de\/de\/?s={search_term_string}"},"query-input":"required name=search_term_string"}],"inLanguage":"de"},{"@type":"Organization","@id":"https:\/\/now-news.de\/de\/#organization","name":"Just Now News","url":"https:\/\/now-news.de\/de\/","logo":{"@type":"ImageObject","inLanguage":"de","@id":"https:\/\/now-news.de\/de\/#\/schema\/logo\/image\/","url":"http:\/\/just-now.news\/de\/wp-content\/uploads\/sites\/3\/2022\/04\/logo500x500.jpg","contentUrl":"http:\/\/just-now.news\/de\/wp-content\/uploads\/sites\/3\/2022\/04\/logo500x500.jpg","width":500,"height":500,"caption":"Just Now News"},"image":{"@id":"https:\/\/now-news.de\/de\/#\/schema\/logo\/image\/"},"sameAs":["https:\/\/www.facebook.com\/wirmachenauf","https:\/\/x.com\/WirMachenAuf_de"]},{"@type":"Person","@id":"https:\/\/now-news.de\/de\/#\/schema\/person\/fb534a4e865501d8b3285208df34a9b5","name":"rtnews","image":{"@type":"ImageObject","inLanguage":"de","@id":"https:\/\/now-news.de\/de\/#\/schema\/person\/image\/","url":"https:\/\/secure.gravatar.com\/avatar\/82aafea7d8127119dd649515f56e2117?s=96&d=mm&r=g","contentUrl":"https:\/\/secure.gravatar.com\/avatar\/82aafea7d8127119dd649515f56e2117?s=96&d=mm&r=g","caption":"rtnews"},"url":"https:\/\/now-news.de\/de\/author\/rnews\/"}]}},"_links":{"self":[{"href":"https:\/\/now-news.de\/de\/wp-json\/wp\/v2\/posts\/57804"}],"collection":[{"href":"https:\/\/now-news.de\/de\/wp-json\/wp\/v2\/posts"}],"about":[{"href":"https:\/\/now-news.de\/de\/wp-json\/wp\/v2\/types\/post"}],"author":[{"embeddable":true,"href":"https:\/\/now-news.de\/de\/wp-json\/wp\/v2\/users\/3"}],"replies":[{"embeddable":true,"href":"https:\/\/now-news.de\/de\/wp-json\/wp\/v2\/comments?post=57804"}],"version-history":[{"count":0,"href":"https:\/\/now-news.de\/de\/wp-json\/wp\/v2\/posts\/57804\/revisions"}],"wp:featuredmedia":[{"embeddable":true,"href":"https:\/\/now-news.de\/de\/wp-json\/wp\/v2\/media\/57805"}],"wp:attachment":[{"href":"https:\/\/now-news.de\/de\/wp-json\/wp\/v2\/media?parent=57804"}],"wp:term":[{"taxonomy":"category","embeddable":true,"href":"https:\/\/now-news.de\/de\/wp-json\/wp\/v2\/categories?post=57804"},{"taxonomy":"post_tag","embeddable":true,"href":"https:\/\/now-news.de\/de\/wp-json\/wp\/v2\/tags?post=57804"}],"curies":[{"name":"wp","href":"https:\/\/api.w.org\/{rel}","templated":true}]}}