{"id":57788,"date":"2024-03-26T21:48:56","date_gmt":"2024-03-26T19:48:56","guid":{"rendered":"https:\/\/just-now.news\/de\/deutschland\/verfassungsrechtler-heuchlerische-aufarbeitung-der-corona-massnahmen-von-politikern-und-medien\/"},"modified":"2024-03-26T21:48:56","modified_gmt":"2024-03-26T19:48:56","slug":"verfassungsrechtler-heuchlerische-aufarbeitung-der-corona-massnahmen-von-politikern-und-medien","status":"publish","type":"post","link":"https:\/\/now-news.de\/de\/deutschland\/verfassungsrechtler-heuchlerische-aufarbeitung-der-corona-massnahmen-von-politikern-und-medien\/","title":{"rendered":"Verfassungsrechtler: Heuchlerische Aufarbeitung der Corona-Ma\u00dfnahmen von Politikern und Medien"},"content":{"rendered":"<p><img decoding=\"async\" src=\"http:\/\/just-now.news\/de\/wp-content\/uploads\/sites\/3\/2024\/03\/6602d7c448fbef25d7341a13.JPG\" \/><\/p>\n<div class=\"Text-root Text-type_1 \">\n                Der CDU-Politiker Armin Laschet gesteht Fehler von Politikern und Medien in der Corona-Pandemie ein. Bis heute wirke eine Spaltung der Gesellschaft. Die Aufarbeitung der Verbrechen gegen die Menschlichkeit darf man jetzt nicht den T\u00e4tern \u00fcberlassen, erkl\u00e4rt der Jurist Ralf Ludwig.\n            <\/div>\n<p><\/p>\n<div class=\"Text-root Text-type_5 ArticleView-text ViewText-root \">\n<p><em>Von Felicitas Rabe<\/em><\/p>\n<p>Der ehemalige nordrhein-westf\u00e4lische Ministerpr\u00e4sident Armin Laschet hofft, dass man die Spaltung der Gesellschaft nach der Corona-Pandemie \u00fcberwinden kann. <a rel=\"nofollow noopener\" target=\"_blank\" href=\"https:\/\/www.zdf.de\/nachrichten\/politik\/deutschland\/laschet-corona-pandemie-folgen-lockdown-massnahmen-kritik-100.html\">Im Interview<\/a> mit dem <em>ZDF heute-journal<\/em> erkl\u00e4rte er am Sonntag, in einer neuen Dialogkultur m\u00fcssten Politiker und Medien Fehler eingestehen und andere Meinungen respektieren. Das gelte nicht nur f\u00fcr das Thema Corona, sondern auch f\u00fcr die Themen Klima und Krieg.<\/p>\n<p>Neben den Auswirkungen der Corona-Ma\u00dfnahmen auf Kinder und Jugendliche wirkte sich vor allem die durch Politiker hervorgerufene Spaltung der Gesellschaft bis heute aus, gestand der CDU-Politiker ein. Populisten w\u00fcrden diese Spaltung weiterhin nutzen, um &#8220;gegen den Staat Stimmung zu machen&#8221;. F\u00fcr Laschet sei die ganze Debatte \u00fcber die Pandemie grunds\u00e4tzlich zu moralisierend und zu schwarz-wei\u00df.<\/p>\n<p>Wer gegen die Ma\u00dfnahmen gewesen sei, sei automatisch als Corona-Leugner diffamiert und ausgegrenzt worden. F\u00fcr die Aufarbeitung w\u00fcnsche er sich eine Enquete-Kommission mit partei\u00fcbergreifenden Experten. Nachdem k\u00fcrzlich Protokolle des Robert Koch-Instituts (RKI) \u00f6ffentlich gemacht worden seien, k\u00f6nne man erst erkennen, wie differenziert man tats\u00e4chlich beim RKI diskutiert habe und wie wenig von dieser Meinungsvielfalt innerhalb der Beh\u00f6rde in die konkrete Regierungspolitik m\u00fcndete. Diese internen Debatten h\u00e4tten Laschet zufolge ver\u00f6ffentlicht werden sollen. So habe man zum Beispiel laut den Protokollen auch beim RKI gewusst und festgehalten, dass FFP2-Masken f\u00fcr den\u00a0Arbeitsschutz konzipiert worden w\u00e4ren und eben nicht f\u00fcr Pandemien.<\/p>\n<p>Problematisch sei dabei auch die Abh\u00e4ngigkeit dieser Gesundheitsbeh\u00f6rde vom Bundesministerium f\u00fcr Gesundheit. F\u00fcr die Zukunft brauche man eine gr\u00f6\u00dfere Unabh\u00e4ngigkeit des RKI und eine gr\u00f6\u00dfere wissenschaftliche Meinungsvielfalt. Schlie\u00dflich brauche man in der Politik eine Sensibilit\u00e4t f\u00fcr die Einschr\u00e4nkung von Grundrechten. Dazu stellte der ehemalige Unions-Kandidat f\u00fcr das Amt des Bundeskanzlers fest:<\/p>\n<blockquote>\n<p><em>&#8220;Man muss in der Politik ein Gesp\u00fcr haben, wenn man Grundrechte einschr\u00e4nkt, und sie sobald wie m\u00f6glich wieder zur\u00fccknehmen.&#8221;<\/em><\/p>\n<\/blockquote>\n<p>Im Nachhinein w\u00fcrden die Ma\u00dfnahmen unter Politikern auch kritisch diskutiert. Erst k\u00fcrzlich habe der damalige Kanzleramtsminister Helge Braun <a rel=\"nofollow noopener\" target=\"_blank\" href=\"https:\/\/www.sueddeutsche.de\/politik\/corona-rki-files-pandemie-debatte-massnahmen-1.6488569?reduced=true\">erkl\u00e4rt<\/a>, dass man die Wirkung der Impfung auf das Ansteckungsrisiko \u00fcbersch\u00e4tzt habe. Aber neben den Politikern m\u00fcssten nun auch die Medien eine kritische Bilanz ziehen, stellte Laschet fest:<\/p>\n<blockquote>\n<p><em>&#8220;Dass die RKI-Protokolle von einer Plattform erklagt werden, von der man sagt, sie sei verschw\u00f6rungstheoretisch \u2013 ich kann das nicht beurteilen \u2013 hei\u00dft ja auch, dass Qualit\u00e4tsmedien nicht die Offenlegung der Protokolle eingeklagt haben.&#8221;<\/em><\/p>\n<\/blockquote>\n<p>Der Rechtsanwalt Ralf Ludwig hat die Corona-Ma\u00dfnahmen der Bundesregierung und insbesondere die Grundrechteeinschr\u00e4nkungen sowie den Umgang mit Andersdenkenden von Anfang an kritisiert und juristisch bewertet. In seinem <a rel=\"nofollow noopener\" target=\"_blank\" href=\"https:\/\/t.me\/RA_Ludwig\">Telegram-Kanal<\/a> kommentierte der Verfassungsrechtler am Montag die Ausstrahlung des Interviews im <em>ZDF<\/em>. Jetzt \u2013 wo es nichts mehr zu verbergen gebe \u2013 wollten die Mainstreammedien pl\u00f6tzlich die Spitze der Aufkl\u00e4rung sein. Das sei zum einen heuchlerisch, zum anderen belege es aber eindrucksvoll die damalige Mitt\u00e4terschaft, kritisiert das Ludwig. Man werde aber die Aufkl\u00e4rung nicht den T\u00e4tern \u00fcberlassen, betonte er:<\/p>\n<blockquote>\n<p><em>&#8220;Wir werden den T\u00e4tern jetzt nicht die Aufkl\u00e4rung \u00fcberlassen. Um Entschuldigung kann man bitten. Ob die Bitte gew\u00e4hrt wird, entscheiden die Opfer, nicht die T\u00e4ter.&#8221;<\/em><\/p>\n<\/blockquote>\n<p>Aufkl\u00e4rung \u00fcber die Corona-Pandemie werde es weder in einer Enquete-Kommission, noch im \u00f6ffentlich-rechtlichen Rundfunk (\u00d6RR) oder einem Untersuchungsausschuss geben. Die Aufkl\u00e4rung der Corona-Pandemie werde vor einer Hauptverfahrenskammer des Internationalen Strafgerichtshof stattfinden.<\/p>\n<p>Schlie\u00dflich ginge es nicht nur um ein paar Fehler, die wir verzeihen m\u00fcssten. Dem Juristen zufolge ginge um eine Macht\u00fcberschreitung, &#8220;die wir aus gutem Grund Verbrechen gegen die Menschlichkeit oder \u2013 wie Hannah Arendt es formulierte \u2013 Verbrechen gegen die Menschheit nennen&#8221;. Tats\u00e4chlich habe es sich bei der Corona-Politik um einen Angriff auf die Bev\u00f6lkerung gehandelt:<\/p>\n<blockquote>\n<p><em>&#8220;Was wir erlebt haben, war ein systematischer und ausgedehnter Angriff auf die Zivilbev\u00f6lkerung. Grundrechte sind vollst\u00e4ndig genommen worden, Existenzen zerst\u00f6rt und Menschen an der Gesundheit gesch\u00e4digt oder gar get\u00f6tet worden.&#8221;<\/em><\/p>\n<\/blockquote>\n<p>Dazu seien politische Entscheidungen zur Diskriminierung von Bev\u00f6lkerungsgruppen sogar gegen wissenschaftliche Warnungen betrieben worden. F\u00fcr Ludwig sei daf\u00fcr der Begriff &#8220;Staatsstreich&#8221; zutreffend. Diese totalit\u00e4re Macht\u00fcberschreitung in demokratischen Staaten m\u00fcsse ges\u00fchnt werden. Au\u00dferdem m\u00fcssten Strukturen entwickelt werden, die derartige Eingriffe in die Freiheitsrechte zuk\u00fcnftig unm\u00f6glich machen w\u00fcrden.<\/p>\n<p>Die aktuelle kritische Berichterstattung von <em>ZDF<\/em> und Co. sei kein Grund zum Jubeln. Jahrelang h\u00e4tten diese Medien es vers\u00e4umt, ihrem Auftrag nachzukommen. T\u00e4ter sei auch derjenige, der dem Hauptt\u00e4ter Beihilfe geleistet habe. Rechtsstaatlichkeit lie\u00dfe sich dadurch wiederherstellen, dass der Generalbundesanwalt Anklage gegen die T\u00e4ter erhebe. Und wenn die Politik die Spaltung \u00fcberwinden wolle, k\u00f6nne sie Amnestie- und Rehabilitationsgesetze vorlegen.<\/p>\n<p><strong>Mehr zum Thema<\/strong> &#8211; <a rel=\"nofollow noopener\" target=\"_blank\" href=\"https:\/\/freedert.online\/meinung\/200500-rki-files-ard-negiert-zdf\/\">&#8220;RKI-Files&#8221;: ARD negiert, ZDF korrigiert \u2012 Der Spiegel stempelt mal wieder &#8220;rechts&#8221;<\/a><\/p>\n<div class=\"EmbedBlock-root EmbedBlock-externalVideo EmbedBlock-vk\">\n<div class=\"VkEmbed\"><iframe class=\"lazyload\" data-src=\"https:\/\/vk.com\/video_ext.php?oid=-134310637&amp;id=456275578\" frameborder=\"0\" width=\"853\" height=\"480\" allowfullscreen><\/iframe><\/div>\n<\/div>\n<\/div>\n<p><br \/>\n<br \/><a href=\"https:\/\/de.rt.com\/inland\/200627-heuchlerische-aufarbeitung-coronapolitik-in-politik\/\">Source link <\/a><\/p>\n","protected":false},"excerpt":{"rendered":"<p>Der CDU-Politiker Armin Laschet gesteht Fehler von Politikern und Medien in der Corona-Pandemie ein. Bis heute wirke eine Spaltung der Gesellschaft. Die Aufarbeitung der Verbrechen gegen die Menschlichkeit darf man jetzt nicht den T\u00e4tern \u00fcberlassen, erkl\u00e4rt der Jurist Ralf Ludwig. Von Felicitas Rabe Der ehemalige nordrhein-westf\u00e4lische Ministerpr\u00e4sident Armin Laschet hofft, dass man die Spaltung der [&hellip;]<\/p>\n","protected":false},"author":3,"featured_media":57789,"comment_status":"open","ping_status":"open","sticky":false,"template":"","format":"standard","meta":{"_yoast_indexnow_last_ping":["1711483243"],"wp_automatic_camp":["217"],"a424939ec772c9c4223633e6c7a46615":["Verfassungsrechtler: Heuchlerische Aufarbeitung der Corona-Ma\u00dfnahmen von Politikern und Medien"],"original_link":["https:\/\/de.rt.com\/inland\/200627-heuchlerische-aufarbeitung-coronapolitik-in-politik\/"],"_thumbnail_id":["57789"],"_wptgpro_p2tg_sent2tg":["a:1:{i:23737;s:19:\"2024-03-26 22:01:49\";}"],"jnews_social_counter_last_update":["1777711672"]},"categories":[19,23],"tags":[38199,6547,82,52051,580,28427,140,54336,50],"yoast_head":"<!-- This site is optimized with the Yoast SEO Premium plugin v22.7 (Yoast SEO v22.7) - https:\/\/yoast.com\/wordpress\/plugins\/seo\/ -->\n<title>Verfassungsrechtler: Heuchlerische Aufarbeitung der Corona-Ma\u00dfnahmen von Politikern und Medien - just-now.NEWS Deutschland<\/title>\n<meta name=\"robots\" content=\"index, follow, max-snippet:-1, max-image-preview:large, max-video-preview:-1\" \/>\n<link rel=\"canonical\" href=\"https:\/\/now-news.de\/de\/deutschland\/verfassungsrechtler-heuchlerische-aufarbeitung-der-corona-massnahmen-von-politikern-und-medien\/\" \/>\n<meta property=\"og:locale\" content=\"de_DE\" \/>\n<meta property=\"og:type\" content=\"article\" \/>\n<meta property=\"og:title\" content=\"Verfassungsrechtler: Heuchlerische Aufarbeitung der Corona-Ma\u00dfnahmen von Politikern und Medien\" \/>\n<meta property=\"og:description\" content=\"Der CDU-Politiker Armin Laschet gesteht Fehler von Politikern und Medien in der Corona-Pandemie ein. Bis heute wirke eine Spaltung der Gesellschaft. Die Aufarbeitung der Verbrechen gegen die Menschlichkeit darf man jetzt nicht den T\u00e4tern \u00fcberlassen, erkl\u00e4rt der Jurist Ralf Ludwig. Von Felicitas Rabe Der ehemalige nordrhein-westf\u00e4lische Ministerpr\u00e4sident Armin Laschet hofft, dass man die Spaltung der [&hellip;]\" \/>\n<meta property=\"og:url\" content=\"https:\/\/now-news.de\/de\/deutschland\/verfassungsrechtler-heuchlerische-aufarbeitung-der-corona-massnahmen-von-politikern-und-medien\/\" \/>\n<meta property=\"og:site_name\" content=\"just-now.NEWS Deutschland\" \/>\n<meta property=\"article:publisher\" content=\"https:\/\/www.facebook.com\/wirmachenauf\" \/>\n<meta property=\"article:published_time\" content=\"2024-03-26T19:48:56+00:00\" \/>\n<meta property=\"og:image\" content=\"https:\/\/now-news.de\/de\/wp-content\/uploads\/sites\/3\/2024\/03\/Verfassungsrechtler-Heuchlerische-Aufarbeitung-der-Corona-Massnahmen-von-Politikern-und-Medien.JPG\" \/>\n\t<meta property=\"og:image:width\" content=\"460\" \/>\n\t<meta property=\"og:image:height\" content=\"259\" \/>\n\t<meta property=\"og:image:type\" content=\"image\/jpeg\" \/>\n<meta name=\"author\" content=\"rtnews\" \/>\n<meta name=\"twitter:card\" content=\"summary_large_image\" \/>\n<meta name=\"twitter:creator\" content=\"@WirMachenAuf_de\" \/>\n<meta name=\"twitter:site\" content=\"@WirMachenAuf_de\" \/>\n<meta name=\"twitter:label1\" content=\"Verfasst von\" \/>\n\t<meta name=\"twitter:data1\" content=\"rtnews\" \/>\n\t<meta name=\"twitter:label2\" content=\"Gesch\u00e4tzte Lesezeit\" \/>\n\t<meta name=\"twitter:data2\" content=\"4\u00a0Minuten\" \/>\n<script type=\"application\/ld+json\" class=\"yoast-schema-graph\">{\"@context\":\"https:\/\/schema.org\",\"@graph\":[{\"@type\":\"Article\",\"@id\":\"https:\/\/now-news.de\/de\/deutschland\/verfassungsrechtler-heuchlerische-aufarbeitung-der-corona-massnahmen-von-politikern-und-medien\/#article\",\"isPartOf\":{\"@id\":\"https:\/\/now-news.de\/de\/deutschland\/verfassungsrechtler-heuchlerische-aufarbeitung-der-corona-massnahmen-von-politikern-und-medien\/\"},\"author\":{\"name\":\"rtnews\",\"@id\":\"https:\/\/now-news.de\/de\/#\/schema\/person\/fb534a4e865501d8b3285208df34a9b5\"},\"headline\":\"Verfassungsrechtler: Heuchlerische Aufarbeitung der Corona-Ma\u00dfnahmen von Politikern und Medien\",\"datePublished\":\"2024-03-26T19:48:56+00:00\",\"dateModified\":\"2024-03-26T19:48:56+00:00\",\"mainEntityOfPage\":{\"@id\":\"https:\/\/now-news.de\/de\/deutschland\/verfassungsrechtler-heuchlerische-aufarbeitung-der-corona-massnahmen-von-politikern-und-medien\/\"},\"wordCount\":853,\"commentCount\":0,\"publisher\":{\"@id\":\"https:\/\/now-news.de\/de\/#organization\"},\"image\":{\"@id\":\"https:\/\/now-news.de\/de\/deutschland\/verfassungsrechtler-heuchlerische-aufarbeitung-der-corona-massnahmen-von-politikern-und-medien\/#primaryimage\"},\"thumbnailUrl\":\"https:\/\/now-news.de\/de\/wp-content\/uploads\/sites\/3\/2024\/03\/Verfassungsrechtler-Heuchlerische-Aufarbeitung-der-Corona-Massnahmen-von-Politikern-und-Medien.JPG\",\"keywords\":[\"Aufarbeitung\",\"CoronaMassnahmen\",\"der\",\"heuchlerische\",\"Medien\",\"Politikern\",\"und\",\"Verfassungsrechtler\",\"von\"],\"articleSection\":[\"Deutschland\",\"Russland\"],\"inLanguage\":\"de\",\"potentialAction\":[{\"@type\":\"CommentAction\",\"name\":\"Comment\",\"target\":[\"https:\/\/now-news.de\/de\/deutschland\/verfassungsrechtler-heuchlerische-aufarbeitung-der-corona-massnahmen-von-politikern-und-medien\/#respond\"]}]},{\"@type\":\"WebPage\",\"@id\":\"https:\/\/now-news.de\/de\/deutschland\/verfassungsrechtler-heuchlerische-aufarbeitung-der-corona-massnahmen-von-politikern-und-medien\/\",\"url\":\"https:\/\/now-news.de\/de\/deutschland\/verfassungsrechtler-heuchlerische-aufarbeitung-der-corona-massnahmen-von-politikern-und-medien\/\",\"name\":\"Verfassungsrechtler: Heuchlerische Aufarbeitung der Corona-Ma\u00dfnahmen von Politikern und Medien - just-now.NEWS Deutschland\",\"isPartOf\":{\"@id\":\"https:\/\/now-news.de\/de\/#website\"},\"primaryImageOfPage\":{\"@id\":\"https:\/\/now-news.de\/de\/deutschland\/verfassungsrechtler-heuchlerische-aufarbeitung-der-corona-massnahmen-von-politikern-und-medien\/#primaryimage\"},\"image\":{\"@id\":\"https:\/\/now-news.de\/de\/deutschland\/verfassungsrechtler-heuchlerische-aufarbeitung-der-corona-massnahmen-von-politikern-und-medien\/#primaryimage\"},\"thumbnailUrl\":\"https:\/\/now-news.de\/de\/wp-content\/uploads\/sites\/3\/2024\/03\/Verfassungsrechtler-Heuchlerische-Aufarbeitung-der-Corona-Massnahmen-von-Politikern-und-Medien.JPG\",\"datePublished\":\"2024-03-26T19:48:56+00:00\",\"dateModified\":\"2024-03-26T19:48:56+00:00\",\"breadcrumb\":{\"@id\":\"https:\/\/now-news.de\/de\/deutschland\/verfassungsrechtler-heuchlerische-aufarbeitung-der-corona-massnahmen-von-politikern-und-medien\/#breadcrumb\"},\"inLanguage\":\"de\",\"potentialAction\":[{\"@type\":\"ReadAction\",\"target\":[\"https:\/\/now-news.de\/de\/deutschland\/verfassungsrechtler-heuchlerische-aufarbeitung-der-corona-massnahmen-von-politikern-und-medien\/\"]}]},{\"@type\":\"ImageObject\",\"inLanguage\":\"de\",\"@id\":\"https:\/\/now-news.de\/de\/deutschland\/verfassungsrechtler-heuchlerische-aufarbeitung-der-corona-massnahmen-von-politikern-und-medien\/#primaryimage\",\"url\":\"https:\/\/now-news.de\/de\/wp-content\/uploads\/sites\/3\/2024\/03\/Verfassungsrechtler-Heuchlerische-Aufarbeitung-der-Corona-Massnahmen-von-Politikern-und-Medien.JPG\",\"contentUrl\":\"https:\/\/now-news.de\/de\/wp-content\/uploads\/sites\/3\/2024\/03\/Verfassungsrechtler-Heuchlerische-Aufarbeitung-der-Corona-Massnahmen-von-Politikern-und-Medien.JPG\",\"width\":460,\"height\":259,\"caption\":\"Verfassungsrechtler: Heuchlerische Aufarbeitung der Corona-Ma\u00dfnahmen von Politikern und Medien\"},{\"@type\":\"BreadcrumbList\",\"@id\":\"https:\/\/now-news.de\/de\/deutschland\/verfassungsrechtler-heuchlerische-aufarbeitung-der-corona-massnahmen-von-politikern-und-medien\/#breadcrumb\",\"itemListElement\":[{\"@type\":\"ListItem\",\"position\":1,\"name\":\"Home\",\"item\":\"https:\/\/now-news.de\/de\/\"},{\"@type\":\"ListItem\",\"position\":2,\"name\":\"Verfassungsrechtler: Heuchlerische Aufarbeitung der Corona-Ma\u00dfnahmen von Politikern und Medien\"}]},{\"@type\":\"WebSite\",\"@id\":\"https:\/\/now-news.de\/de\/#website\",\"url\":\"https:\/\/now-news.de\/de\/\",\"name\":\"just-now.NEWS Deutschland\",\"description\":\"Das Portal f\u00fcr unzensierte Nachrichten aus der Welt\",\"publisher\":{\"@id\":\"https:\/\/now-news.de\/de\/#organization\"},\"potentialAction\":[{\"@type\":\"SearchAction\",\"target\":{\"@type\":\"EntryPoint\",\"urlTemplate\":\"https:\/\/now-news.de\/de\/?s={search_term_string}\"},\"query-input\":\"required name=search_term_string\"}],\"inLanguage\":\"de\"},{\"@type\":\"Organization\",\"@id\":\"https:\/\/now-news.de\/de\/#organization\",\"name\":\"Just Now News\",\"url\":\"https:\/\/now-news.de\/de\/\",\"logo\":{\"@type\":\"ImageObject\",\"inLanguage\":\"de\",\"@id\":\"https:\/\/now-news.de\/de\/#\/schema\/logo\/image\/\",\"url\":\"http:\/\/just-now.news\/de\/wp-content\/uploads\/sites\/3\/2022\/04\/logo500x500.jpg\",\"contentUrl\":\"http:\/\/just-now.news\/de\/wp-content\/uploads\/sites\/3\/2022\/04\/logo500x500.jpg\",\"width\":500,\"height\":500,\"caption\":\"Just Now News\"},\"image\":{\"@id\":\"https:\/\/now-news.de\/de\/#\/schema\/logo\/image\/\"},\"sameAs\":[\"https:\/\/www.facebook.com\/wirmachenauf\",\"https:\/\/x.com\/WirMachenAuf_de\"]},{\"@type\":\"Person\",\"@id\":\"https:\/\/now-news.de\/de\/#\/schema\/person\/fb534a4e865501d8b3285208df34a9b5\",\"name\":\"rtnews\",\"image\":{\"@type\":\"ImageObject\",\"inLanguage\":\"de\",\"@id\":\"https:\/\/now-news.de\/de\/#\/schema\/person\/image\/\",\"url\":\"https:\/\/secure.gravatar.com\/avatar\/82aafea7d8127119dd649515f56e2117?s=96&d=mm&r=g\",\"contentUrl\":\"https:\/\/secure.gravatar.com\/avatar\/82aafea7d8127119dd649515f56e2117?s=96&d=mm&r=g\",\"caption\":\"rtnews\"},\"url\":\"https:\/\/now-news.de\/de\/author\/rnews\/\"}]}<\/script>\n<!-- \/ Yoast SEO Premium plugin. -->","yoast_head_json":{"title":"Verfassungsrechtler: Heuchlerische Aufarbeitung der Corona-Ma\u00dfnahmen von Politikern und Medien - just-now.NEWS Deutschland","robots":{"index":"index","follow":"follow","max-snippet":"max-snippet:-1","max-image-preview":"max-image-preview:large","max-video-preview":"max-video-preview:-1"},"canonical":"https:\/\/now-news.de\/de\/deutschland\/verfassungsrechtler-heuchlerische-aufarbeitung-der-corona-massnahmen-von-politikern-und-medien\/","og_locale":"de_DE","og_type":"article","og_title":"Verfassungsrechtler: Heuchlerische Aufarbeitung der Corona-Ma\u00dfnahmen von Politikern und Medien","og_description":"Der CDU-Politiker Armin Laschet gesteht Fehler von Politikern und Medien in der Corona-Pandemie ein. Bis heute wirke eine Spaltung der Gesellschaft. Die Aufarbeitung der Verbrechen gegen die Menschlichkeit darf man jetzt nicht den T\u00e4tern \u00fcberlassen, erkl\u00e4rt der Jurist Ralf Ludwig. Von Felicitas Rabe Der ehemalige nordrhein-westf\u00e4lische Ministerpr\u00e4sident Armin Laschet hofft, dass man die Spaltung der [&hellip;]","og_url":"https:\/\/now-news.de\/de\/deutschland\/verfassungsrechtler-heuchlerische-aufarbeitung-der-corona-massnahmen-von-politikern-und-medien\/","og_site_name":"just-now.NEWS Deutschland","article_publisher":"https:\/\/www.facebook.com\/wirmachenauf","article_published_time":"2024-03-26T19:48:56+00:00","og_image":[{"width":460,"height":259,"url":"https:\/\/now-news.de\/de\/wp-content\/uploads\/sites\/3\/2024\/03\/Verfassungsrechtler-Heuchlerische-Aufarbeitung-der-Corona-Massnahmen-von-Politikern-und-Medien.JPG","type":"image\/jpeg"}],"author":"rtnews","twitter_card":"summary_large_image","twitter_creator":"@WirMachenAuf_de","twitter_site":"@WirMachenAuf_de","twitter_misc":{"Verfasst von":"rtnews","Gesch\u00e4tzte Lesezeit":"4\u00a0Minuten"},"schema":{"@context":"https:\/\/schema.org","@graph":[{"@type":"Article","@id":"https:\/\/now-news.de\/de\/deutschland\/verfassungsrechtler-heuchlerische-aufarbeitung-der-corona-massnahmen-von-politikern-und-medien\/#article","isPartOf":{"@id":"https:\/\/now-news.de\/de\/deutschland\/verfassungsrechtler-heuchlerische-aufarbeitung-der-corona-massnahmen-von-politikern-und-medien\/"},"author":{"name":"rtnews","@id":"https:\/\/now-news.de\/de\/#\/schema\/person\/fb534a4e865501d8b3285208df34a9b5"},"headline":"Verfassungsrechtler: Heuchlerische Aufarbeitung der Corona-Ma\u00dfnahmen von Politikern und Medien","datePublished":"2024-03-26T19:48:56+00:00","dateModified":"2024-03-26T19:48:56+00:00","mainEntityOfPage":{"@id":"https:\/\/now-news.de\/de\/deutschland\/verfassungsrechtler-heuchlerische-aufarbeitung-der-corona-massnahmen-von-politikern-und-medien\/"},"wordCount":853,"commentCount":0,"publisher":{"@id":"https:\/\/now-news.de\/de\/#organization"},"image":{"@id":"https:\/\/now-news.de\/de\/deutschland\/verfassungsrechtler-heuchlerische-aufarbeitung-der-corona-massnahmen-von-politikern-und-medien\/#primaryimage"},"thumbnailUrl":"https:\/\/now-news.de\/de\/wp-content\/uploads\/sites\/3\/2024\/03\/Verfassungsrechtler-Heuchlerische-Aufarbeitung-der-Corona-Massnahmen-von-Politikern-und-Medien.JPG","keywords":["Aufarbeitung","CoronaMassnahmen","der","heuchlerische","Medien","Politikern","und","Verfassungsrechtler","von"],"articleSection":["Deutschland","Russland"],"inLanguage":"de","potentialAction":[{"@type":"CommentAction","name":"Comment","target":["https:\/\/now-news.de\/de\/deutschland\/verfassungsrechtler-heuchlerische-aufarbeitung-der-corona-massnahmen-von-politikern-und-medien\/#respond"]}]},{"@type":"WebPage","@id":"https:\/\/now-news.de\/de\/deutschland\/verfassungsrechtler-heuchlerische-aufarbeitung-der-corona-massnahmen-von-politikern-und-medien\/","url":"https:\/\/now-news.de\/de\/deutschland\/verfassungsrechtler-heuchlerische-aufarbeitung-der-corona-massnahmen-von-politikern-und-medien\/","name":"Verfassungsrechtler: Heuchlerische Aufarbeitung der Corona-Ma\u00dfnahmen von Politikern und Medien - just-now.NEWS Deutschland","isPartOf":{"@id":"https:\/\/now-news.de\/de\/#website"},"primaryImageOfPage":{"@id":"https:\/\/now-news.de\/de\/deutschland\/verfassungsrechtler-heuchlerische-aufarbeitung-der-corona-massnahmen-von-politikern-und-medien\/#primaryimage"},"image":{"@id":"https:\/\/now-news.de\/de\/deutschland\/verfassungsrechtler-heuchlerische-aufarbeitung-der-corona-massnahmen-von-politikern-und-medien\/#primaryimage"},"thumbnailUrl":"https:\/\/now-news.de\/de\/wp-content\/uploads\/sites\/3\/2024\/03\/Verfassungsrechtler-Heuchlerische-Aufarbeitung-der-Corona-Massnahmen-von-Politikern-und-Medien.JPG","datePublished":"2024-03-26T19:48:56+00:00","dateModified":"2024-03-26T19:48:56+00:00","breadcrumb":{"@id":"https:\/\/now-news.de\/de\/deutschland\/verfassungsrechtler-heuchlerische-aufarbeitung-der-corona-massnahmen-von-politikern-und-medien\/#breadcrumb"},"inLanguage":"de","potentialAction":[{"@type":"ReadAction","target":["https:\/\/now-news.de\/de\/deutschland\/verfassungsrechtler-heuchlerische-aufarbeitung-der-corona-massnahmen-von-politikern-und-medien\/"]}]},{"@type":"ImageObject","inLanguage":"de","@id":"https:\/\/now-news.de\/de\/deutschland\/verfassungsrechtler-heuchlerische-aufarbeitung-der-corona-massnahmen-von-politikern-und-medien\/#primaryimage","url":"https:\/\/now-news.de\/de\/wp-content\/uploads\/sites\/3\/2024\/03\/Verfassungsrechtler-Heuchlerische-Aufarbeitung-der-Corona-Massnahmen-von-Politikern-und-Medien.JPG","contentUrl":"https:\/\/now-news.de\/de\/wp-content\/uploads\/sites\/3\/2024\/03\/Verfassungsrechtler-Heuchlerische-Aufarbeitung-der-Corona-Massnahmen-von-Politikern-und-Medien.JPG","width":460,"height":259,"caption":"Verfassungsrechtler: Heuchlerische Aufarbeitung der Corona-Ma\u00dfnahmen von Politikern und Medien"},{"@type":"BreadcrumbList","@id":"https:\/\/now-news.de\/de\/deutschland\/verfassungsrechtler-heuchlerische-aufarbeitung-der-corona-massnahmen-von-politikern-und-medien\/#breadcrumb","itemListElement":[{"@type":"ListItem","position":1,"name":"Home","item":"https:\/\/now-news.de\/de\/"},{"@type":"ListItem","position":2,"name":"Verfassungsrechtler: Heuchlerische Aufarbeitung der Corona-Ma\u00dfnahmen von Politikern und Medien"}]},{"@type":"WebSite","@id":"https:\/\/now-news.de\/de\/#website","url":"https:\/\/now-news.de\/de\/","name":"just-now.NEWS Deutschland","description":"Das Portal f\u00fcr unzensierte Nachrichten aus der Welt","publisher":{"@id":"https:\/\/now-news.de\/de\/#organization"},"potentialAction":[{"@type":"SearchAction","target":{"@type":"EntryPoint","urlTemplate":"https:\/\/now-news.de\/de\/?s={search_term_string}"},"query-input":"required name=search_term_string"}],"inLanguage":"de"},{"@type":"Organization","@id":"https:\/\/now-news.de\/de\/#organization","name":"Just Now News","url":"https:\/\/now-news.de\/de\/","logo":{"@type":"ImageObject","inLanguage":"de","@id":"https:\/\/now-news.de\/de\/#\/schema\/logo\/image\/","url":"http:\/\/just-now.news\/de\/wp-content\/uploads\/sites\/3\/2022\/04\/logo500x500.jpg","contentUrl":"http:\/\/just-now.news\/de\/wp-content\/uploads\/sites\/3\/2022\/04\/logo500x500.jpg","width":500,"height":500,"caption":"Just Now News"},"image":{"@id":"https:\/\/now-news.de\/de\/#\/schema\/logo\/image\/"},"sameAs":["https:\/\/www.facebook.com\/wirmachenauf","https:\/\/x.com\/WirMachenAuf_de"]},{"@type":"Person","@id":"https:\/\/now-news.de\/de\/#\/schema\/person\/fb534a4e865501d8b3285208df34a9b5","name":"rtnews","image":{"@type":"ImageObject","inLanguage":"de","@id":"https:\/\/now-news.de\/de\/#\/schema\/person\/image\/","url":"https:\/\/secure.gravatar.com\/avatar\/82aafea7d8127119dd649515f56e2117?s=96&d=mm&r=g","contentUrl":"https:\/\/secure.gravatar.com\/avatar\/82aafea7d8127119dd649515f56e2117?s=96&d=mm&r=g","caption":"rtnews"},"url":"https:\/\/now-news.de\/de\/author\/rnews\/"}]}},"_links":{"self":[{"href":"https:\/\/now-news.de\/de\/wp-json\/wp\/v2\/posts\/57788"}],"collection":[{"href":"https:\/\/now-news.de\/de\/wp-json\/wp\/v2\/posts"}],"about":[{"href":"https:\/\/now-news.de\/de\/wp-json\/wp\/v2\/types\/post"}],"author":[{"embeddable":true,"href":"https:\/\/now-news.de\/de\/wp-json\/wp\/v2\/users\/3"}],"replies":[{"embeddable":true,"href":"https:\/\/now-news.de\/de\/wp-json\/wp\/v2\/comments?post=57788"}],"version-history":[{"count":0,"href":"https:\/\/now-news.de\/de\/wp-json\/wp\/v2\/posts\/57788\/revisions"}],"wp:featuredmedia":[{"embeddable":true,"href":"https:\/\/now-news.de\/de\/wp-json\/wp\/v2\/media\/57789"}],"wp:attachment":[{"href":"https:\/\/now-news.de\/de\/wp-json\/wp\/v2\/media?parent=57788"}],"wp:term":[{"taxonomy":"category","embeddable":true,"href":"https:\/\/now-news.de\/de\/wp-json\/wp\/v2\/categories?post=57788"},{"taxonomy":"post_tag","embeddable":true,"href":"https:\/\/now-news.de\/de\/wp-json\/wp\/v2\/tags?post=57788"}],"curies":[{"name":"wp","href":"https:\/\/api.w.org\/{rel}","templated":true}]}}