{"id":57778,"date":"2024-03-26T17:26:34","date_gmt":"2024-03-26T15:26:34","guid":{"rendered":"https:\/\/just-now.news\/de\/deutschland\/von-berlin-in-die-provinz-clan-boss-issa-remmo-beantragt-in-mecklenburg-deutsche-einbuergerung\/"},"modified":"2024-03-26T17:26:34","modified_gmt":"2024-03-26T15:26:34","slug":"von-berlin-in-die-provinz-clan-boss-issa-remmo-beantragt-in-mecklenburg-deutsche-einbuergerung","status":"publish","type":"post","link":"https:\/\/now-news.de\/de\/deutschland\/von-berlin-in-die-provinz-clan-boss-issa-remmo-beantragt-in-mecklenburg-deutsche-einbuergerung\/","title":{"rendered":"Von Berlin in die Provinz \u2013 Clan-Boss Issa Remmo beantragt in Mecklenburg deutsche Einb\u00fcrgerung"},"content":{"rendered":"<p><img decoding=\"async\" src=\"http:\/\/just-now.news\/de\/wp-content\/uploads\/sites\/3\/2024\/03\/66029748b480cc367c2b76a1.jpg\" \/><\/p>\n<div class=\"Text-root Text-type_1 \">\n                Laut Informationen der &#8220;Bild&#8221;-Zeitung hat der vorbestrafte Remmo beim Landkreis Mecklenburgische Seenplatte seine Einb\u00fcrgerung beantragt. Der Kopf der Berliner Clan-Familie lebt seit 39 Jahren in Deutschland, geboren wurde er im Libanon.\n            <\/div>\n<p><\/p>\n<div class=\"Text-root Text-type_5 ArticleView-text ViewText-root \">\n<p>Issa Remmo, bundesweit Polizei, Justiz und Gesellschaft als Vater einer Clan-Gro\u00dffamilie aus Berlin-Neuk\u00f6lln bekannt, dies in Verbindung mit mehreren kriminellen S\u00f6hnen, hat sich aus dem Berliner Raum in die Region der Mecklenburgischen Seenplatte umorientiert. Laut der Berliner <em>B.Z.<\/em> hatte die ermittelnde Staatsanwaltschaft in Berlin seit dem Jahr 2018 insgesamt 77 Immobilien der Remmos beschlagnahmt und gegebenenfalls r\u00e4umen lassen. Nun meldet die <em>Bild<\/em>-Zeitung, dass der Clan-Boss neben neuer Meldeadresse bei den lokalen Beh\u00f6rden zudem die Einb\u00fcrgerung beantragt hat.<\/p>\n<p>Im Oktober 2023 <a rel=\"nofollow noopener\" target=\"_blank\" href=\"https:\/\/www.spiegel.de\/panorama\/justiz\/einbruch-in-das-gruene-gewoelbe-in-dresden-die-akte-remmo-a-3656c4fd-53ee-42af-9e6b-716b3addea3c\">schildert<\/a> das Hamburger Nachrichtenmagazin <em>Der Spiegel\u00a0<\/em>das in der Redaktion\u00a0vorliegende Gesamtverst\u00e4ndnis zur Familie Remmo, die \u00fcber einen l\u00e4ngeren Zeitraum auch <a rel=\"nofollow noopener\" target=\"_blank\" href=\"https:\/\/www.youtube.com\/watch?v=yLBJ5bJSn4E\">dokumentarisch<\/a> seitens des <em>Spiegels<\/em> begleitet wurde:<\/p>\n<p><em>&#8220;Der Berliner Remmo-Clan, seit Jahren daf\u00fcr ber\u00fcchtigt, sich durchs Strafgesetzbuch zu bohren wie die Raupe Nimmersatt.&#8221;<\/em><\/p>\n<p>Vorerst letztes Berliner Kapitel war wohl die Zwangsr\u00e4umung einer Villa im Stadtbezirk Rudow, im S\u00fcden der Hauptstadt. Der Berliner <em>Tagesspiegel<\/em>\u00a0<a rel=\"nofollow noopener\" target=\"_blank\" href=\"https:\/\/www.tagesspiegel.de\/berlin\/polizei-justiz\/umzug-nach-raumung-von-berliner-clan-villa-was-wollen-die-remmos-in-mecklenburg-11417669.html#:~:text=Issa%20Remmo%2C%20bundesweit%20als%20Vater,Einwohner%2DOrt%20seinen%20Wohnsitz%20hat.\">fragte<\/a> am 25. M\u00e4rz daher:<\/p>\n<p><em>&#8220;Umzug nach R\u00e4umung von Berliner Clan-Villa:\u00a0Was wollen die Remmos in Mecklenburg?&#8221;<\/em><\/p>\n<p>Die <em>Bild<\/em>-Zeitung\u00a0titelt heute,\u00a0am 26. M\u00e4rz: &#8220;Clan-Boss Remmo will den deutschen Pass&#8221;. Zuerst hatte jedoch das Onlineportal &#8220;Wir sind M\u00fcritzer&#8221; dar\u00fcber berichtet . Ein <a rel=\"nofollow noopener\" target=\"_blank\" href=\"https:\/\/www.wir-sind-mueritzer.de\/allgemein\/chef-des-remmo-clans-wohnt-offiziell-in-grabowhoefe\/#comment-44167\">Artikel<\/a> vom 23. M\u00e4rz informiert dar\u00fcber, dass der Chef des Remmo-Clans nun &#8220;offiziell in Grabowh\u00f6fe wohnt.&#8221; Grabowh\u00f6fe ist eine Gemeinde im Landkreis Mecklenburgische Seenplatte mit rund 1.000 Einwohnern. W\u00f6rtlich hei\u00dft es in dem Beitrag:<\/p>\n<p><em>&#8220;Der Chef des ber\u00fcchtigten Remmo-Clans, Issa Remmo (auch Rammo), wohnt offiziell seit l\u00e4ngerer Zeit in der Kap Stra\u00dfe 2 in Grabowh\u00f6fe. Dort ist laut Melderegister sein Hauptwohnsitz, dort steht sein Name am Briefkasten, dort lebt er aber nicht. Noch nicht, denn gerade nach der jetzt erfolgten R\u00e4umung und der Beschlagnahmung zahlreicher Immobilien des Clans durch den Staat bef\u00fcrchten die Einwohner des Dorfes, dass es Issa Remmo und seine Sippe doch noch ins beschauliche Mecklenburg zieht.&#8221;<\/em><\/p>\n<p>Ein LKA-Beamter best\u00e4tigte demnach gegen\u00fcber der <em>Bild<\/em>-Redaktion mit Blick auf die Pl\u00e4ne der Einb\u00fcrgerung und daraus resultierende m\u00f6gliche Vorz\u00fcge:\u00a0<\/p>\n<p><em>&#8220;Er m\u00fcsste nicht bangen, abgeschoben zu werden.&#8221;<\/em><\/p>\n<p>Der Artikel erg\u00e4nzt zu dem Remmo-Dasein mit deutschem Pass:<\/p>\n<p><em>&#8220;Er k\u00f6nnte in der EU unbeschr\u00e4nkt reisen und umziehen, in Deutschland w\u00e4hlen gehen \u2013 und k\u00f6nnte komplett ohne Einschr\u00e4nkungen, ganz offiziell arbeiten gehen.&#8221;<\/em><\/p>\n<p>Laut Medienrecherchen wurde im Jahr 1992 die erste gro\u00dfe Straftat begangen, die final der Familie Remmo zugerechnet wurde. Eine 43-seitige <a rel=\"nofollow noopener\" target=\"_blank\" href=\"https:\/\/www.rbb24.de\/panorama\/beitrag\/2023\/02\/berlin-lka-bericht-clan-kriminalitaet-remmo.html\">LKA-Analyse<\/a>\u00a0unter dem Titel &#8220;Statistische Erhebung arabischer Straft\u00e4tergruppierungen&#8221; ergab, dass zwischen den Jahren 2009 und 2011 &#8220;rund 60 Prozent der in Berlin gemeldeten Remmo-Familienmitglieder&#8221; in verschiedenen Strafverfahren auftauchten.\u00a0\u00a0<\/p>\n<p>Die aktuell f\u00fcr Issa Remmos neue Meldeadresse zust\u00e4ndigen Beh\u00f6rden w\u00fcrden &#8220;die vielen Anfragen von &#8216;Wir sind M\u00fcritzer&#8217; zu den Vorg\u00e4ngen um das Haus in der Kap Stra\u00dfe Grabowh\u00f6fe nahezu unbeantwortet lassen.&#8221; Die Beh\u00f6rden w\u00fcrden laut dem Artikel &#8220;mauern.&#8221; Diesbez\u00fcgliche Fragen\u00a0m\u00fcssten durch &#8220;den Landkreis Mecklenburgische Seenplatte und das Innenministerium des Landes&#8221; beantwortet werden.\u00a0<\/p>\n<p>Warum die Meldeadresse f\u00fcr Issa Remmon mehr als wichtig ist,\u00a0erl\u00e4utert der Artikel ebenfalls:<\/p>\n<p><em>&#8220;Nach Informationen von &#8216;Wir sind M\u00fcritzer&#8217; l\u00e4uft sein Einb\u00fcrgerungsverfahren derzeit beim Landkreis Mecklenburgische Seenplatte. Ein g\u00fcltiger Mietvertrag ist eine Voraussetzung daf\u00fcr. Au\u00dferdem braucht man ausreichende Deutschkenntnisse, muss schon einige Jahre in Deutschland leben und darf nicht verurteilt worden sein.&#8221;<\/em><\/p>\n<p>Da die meisten Kinder des Clan-Chefs in Berlin, also Deutschland geboren wurden, ergibt sich eine diesbez\u00fcgliche Problematik nicht. Vorbestraft inklusive Gef\u00e4ngniserfahrungen sind dabei mehrere S\u00f6hne und weitere Verwandte. Issa Remmo wurde im Jahr 2020 in einem Berliner Prozess\u00a0wegen\u00a0Beleidigung eines Polizisten\u00a0hingegen\u00a0<a rel=\"nofollow noopener\" target=\"_blank\" href=\"https:\/\/www.tagesspiegel.de\/berlin\/berliner-clan-chef-issa-remmo-freigesprochen-4187860.html\">freigesprochen<\/a>.\u00a0Der Angeklagte wehrte sich erfolgreich gegen einen Strafbefehl \u00fcber 750 Euro, den das Gericht zun\u00e4chst erlassen hatte.<\/p>\n<p>Nach eigenen Angaben ist der Clan-Chef &#8220;zw\u00f6lffacher Vater und bei einer Firma &#8216;im Bereich Autos&#8217; angestellt&#8221;, so Issa Remmo im Prozess im Jahr 2020 <a rel=\"nofollow noopener\" target=\"_blank\" href=\"https:\/\/www.bz-berlin.de\/archiv-artikel\/berliner-clan-chef-issa-remmo-vor-gericht-freigesprochen\">darlegend<\/a>.\u00a0Die gesamte Gro\u00dffamilie Remmo, auch Rammo in Gerichtsakten, setzt sich in Deutschland aus 13 Einzelfamilien mit rund 500 bis 1.000 Angeh\u00f6rigen zusammen (polizeilicher Kenntnisstand 2020).<\/p>\n<p><strong>Mehr zum Thema &#8211;<\/strong>\u00a0<a rel=\"nofollow noopener\" target=\"_blank\" href=\"https:\/\/freeassange.rtde.life\/inland\/199223-unruhen-in-berlin-krankenhausbetreiber-muss\/\">&#8220;Unruhen&#8221; in Berlin: Krankenhausbetreiber muss Rettungsstellen durch Sicherheitsdienste sch\u00fctzen \u2014 RT DE<\/a><\/p>\n<\/div>\n<p><br \/>\n<br \/><a href=\"https:\/\/de.rt.com\/inland\/200589-ersguterjunge-clan-boss-issa-remmo\/\">Source link <\/a><\/p>\n","protected":false},"excerpt":{"rendered":"<p>Laut Informationen der &#8220;Bild&#8221;-Zeitung hat der vorbestrafte Remmo beim Landkreis Mecklenburgische Seenplatte seine Einb\u00fcrgerung beantragt. Der Kopf der Berliner Clan-Familie lebt seit 39 Jahren in Deutschland, geboren wurde er im Libanon. Issa Remmo, bundesweit Polizei, Justiz und Gesellschaft als Vater einer Clan-Gro\u00dffamilie aus Berlin-Neuk\u00f6lln bekannt, dies in Verbindung mit mehreren kriminellen S\u00f6hnen, hat sich aus [&hellip;]<\/p>\n","protected":false},"author":3,"featured_media":57779,"comment_status":"open","ping_status":"open","sticky":false,"template":"","format":"standard","meta":{"_yoast_indexnow_last_ping":["1711469677"],"wp_automatic_camp":["217"],"2bb0e1a470347d46d853fd1d99ec53d5":["Von Berlin in die Provinz \u2013 Clan-Boss Issa Remmo beantragt in Mecklenburg deutsche Einb\u00fcrgerung"],"original_link":["https:\/\/de.rt.com\/inland\/200589-ersguterjunge-clan-boss-issa-remmo\/"],"_thumbnail_id":["57779"],"jnews_social_counter_last_update":["1777395277"],"_wptgpro_p2tg_sent2tg":["a:1:{i:23737;s:19:\"2024-03-26 18:15:47\";}"]},"categories":[19,23],"tags":[12779,943,54715,2374,45,36488,54716,54718,3861,54717,50],"yoast_head":"<!-- This site is optimized with the Yoast SEO Premium plugin v22.7 (Yoast SEO v22.7) - https:\/\/yoast.com\/wordpress\/plugins\/seo\/ -->\n<title>Von Berlin in die Provinz \u2013 Clan-Boss Issa Remmo beantragt in Mecklenburg deutsche Einb\u00fcrgerung - just-now.NEWS Deutschland<\/title>\n<meta name=\"robots\" content=\"index, follow, max-snippet:-1, max-image-preview:large, max-video-preview:-1\" \/>\n<link rel=\"canonical\" href=\"https:\/\/now-news.de\/de\/deutschland\/von-berlin-in-die-provinz-clan-boss-issa-remmo-beantragt-in-mecklenburg-deutsche-einbuergerung\/\" \/>\n<meta property=\"og:locale\" content=\"de_DE\" \/>\n<meta property=\"og:type\" content=\"article\" \/>\n<meta property=\"og:title\" content=\"Von Berlin in die Provinz \u2013 Clan-Boss Issa Remmo beantragt in Mecklenburg deutsche Einb\u00fcrgerung\" \/>\n<meta property=\"og:description\" content=\"Laut Informationen der &#8220;Bild&#8221;-Zeitung hat der vorbestrafte Remmo beim Landkreis Mecklenburgische Seenplatte seine Einb\u00fcrgerung beantragt. Der Kopf der Berliner Clan-Familie lebt seit 39 Jahren in Deutschland, geboren wurde er im Libanon. Issa Remmo, bundesweit Polizei, Justiz und Gesellschaft als Vater einer Clan-Gro\u00dffamilie aus Berlin-Neuk\u00f6lln bekannt, dies in Verbindung mit mehreren kriminellen S\u00f6hnen, hat sich aus [&hellip;]\" \/>\n<meta property=\"og:url\" content=\"https:\/\/now-news.de\/de\/deutschland\/von-berlin-in-die-provinz-clan-boss-issa-remmo-beantragt-in-mecklenburg-deutsche-einbuergerung\/\" \/>\n<meta property=\"og:site_name\" content=\"just-now.NEWS Deutschland\" \/>\n<meta property=\"article:publisher\" content=\"https:\/\/www.facebook.com\/wirmachenauf\" \/>\n<meta property=\"article:published_time\" content=\"2024-03-26T15:26:34+00:00\" \/>\n<meta property=\"og:image\" content=\"https:\/\/now-news.de\/de\/wp-content\/uploads\/sites\/3\/2024\/03\/Von-Berlin-in-die-Provinz-\u2013-Clan-Boss-Issa-Remmo-beantragt.jpg\" \/>\n\t<meta property=\"og:image:width\" content=\"460\" \/>\n\t<meta property=\"og:image:height\" content=\"259\" \/>\n\t<meta property=\"og:image:type\" content=\"image\/jpeg\" \/>\n<meta name=\"author\" content=\"rtnews\" \/>\n<meta name=\"twitter:card\" content=\"summary_large_image\" \/>\n<meta name=\"twitter:creator\" content=\"@WirMachenAuf_de\" \/>\n<meta name=\"twitter:site\" content=\"@WirMachenAuf_de\" \/>\n<meta name=\"twitter:label1\" content=\"Verfasst von\" \/>\n\t<meta name=\"twitter:data1\" content=\"rtnews\" \/>\n\t<meta name=\"twitter:label2\" content=\"Gesch\u00e4tzte Lesezeit\" \/>\n\t<meta name=\"twitter:data2\" content=\"4\u00a0Minuten\" \/>\n<script type=\"application\/ld+json\" class=\"yoast-schema-graph\">{\"@context\":\"https:\/\/schema.org\",\"@graph\":[{\"@type\":\"Article\",\"@id\":\"https:\/\/now-news.de\/de\/deutschland\/von-berlin-in-die-provinz-clan-boss-issa-remmo-beantragt-in-mecklenburg-deutsche-einbuergerung\/#article\",\"isPartOf\":{\"@id\":\"https:\/\/now-news.de\/de\/deutschland\/von-berlin-in-die-provinz-clan-boss-issa-remmo-beantragt-in-mecklenburg-deutsche-einbuergerung\/\"},\"author\":{\"name\":\"rtnews\",\"@id\":\"https:\/\/now-news.de\/de\/#\/schema\/person\/fb534a4e865501d8b3285208df34a9b5\"},\"headline\":\"Von Berlin in die Provinz \u2013 Clan-Boss Issa Remmo beantragt in Mecklenburg deutsche Einb\u00fcrgerung\",\"datePublished\":\"2024-03-26T15:26:34+00:00\",\"dateModified\":\"2024-03-26T15:26:34+00:00\",\"mainEntityOfPage\":{\"@id\":\"https:\/\/now-news.de\/de\/deutschland\/von-berlin-in-die-provinz-clan-boss-issa-remmo-beantragt-in-mecklenburg-deutsche-einbuergerung\/\"},\"wordCount\":733,\"commentCount\":0,\"publisher\":{\"@id\":\"https:\/\/now-news.de\/de\/#organization\"},\"image\":{\"@id\":\"https:\/\/now-news.de\/de\/deutschland\/von-berlin-in-die-provinz-clan-boss-issa-remmo-beantragt-in-mecklenburg-deutsche-einbuergerung\/#primaryimage\"},\"thumbnailUrl\":\"https:\/\/now-news.de\/de\/wp-content\/uploads\/sites\/3\/2024\/03\/Von-Berlin-in-die-Provinz-\u2013-Clan-Boss-Issa-Remmo-beantragt.jpg\",\"keywords\":[\"beantragt\",\"Berlin\",\"ClanBoss\",\"Deutsche\",\"die\",\"Einb\u00fcrgerung\",\"Issa\",\"Mecklenburg\",\"Provinz\",\"Remmo\",\"von\"],\"articleSection\":[\"Deutschland\",\"Russland\"],\"inLanguage\":\"de\",\"potentialAction\":[{\"@type\":\"CommentAction\",\"name\":\"Comment\",\"target\":[\"https:\/\/now-news.de\/de\/deutschland\/von-berlin-in-die-provinz-clan-boss-issa-remmo-beantragt-in-mecklenburg-deutsche-einbuergerung\/#respond\"]}]},{\"@type\":\"WebPage\",\"@id\":\"https:\/\/now-news.de\/de\/deutschland\/von-berlin-in-die-provinz-clan-boss-issa-remmo-beantragt-in-mecklenburg-deutsche-einbuergerung\/\",\"url\":\"https:\/\/now-news.de\/de\/deutschland\/von-berlin-in-die-provinz-clan-boss-issa-remmo-beantragt-in-mecklenburg-deutsche-einbuergerung\/\",\"name\":\"Von Berlin in die Provinz \u2013 Clan-Boss Issa Remmo beantragt in Mecklenburg deutsche Einb\u00fcrgerung - just-now.NEWS Deutschland\",\"isPartOf\":{\"@id\":\"https:\/\/now-news.de\/de\/#website\"},\"primaryImageOfPage\":{\"@id\":\"https:\/\/now-news.de\/de\/deutschland\/von-berlin-in-die-provinz-clan-boss-issa-remmo-beantragt-in-mecklenburg-deutsche-einbuergerung\/#primaryimage\"},\"image\":{\"@id\":\"https:\/\/now-news.de\/de\/deutschland\/von-berlin-in-die-provinz-clan-boss-issa-remmo-beantragt-in-mecklenburg-deutsche-einbuergerung\/#primaryimage\"},\"thumbnailUrl\":\"https:\/\/now-news.de\/de\/wp-content\/uploads\/sites\/3\/2024\/03\/Von-Berlin-in-die-Provinz-\u2013-Clan-Boss-Issa-Remmo-beantragt.jpg\",\"datePublished\":\"2024-03-26T15:26:34+00:00\",\"dateModified\":\"2024-03-26T15:26:34+00:00\",\"breadcrumb\":{\"@id\":\"https:\/\/now-news.de\/de\/deutschland\/von-berlin-in-die-provinz-clan-boss-issa-remmo-beantragt-in-mecklenburg-deutsche-einbuergerung\/#breadcrumb\"},\"inLanguage\":\"de\",\"potentialAction\":[{\"@type\":\"ReadAction\",\"target\":[\"https:\/\/now-news.de\/de\/deutschland\/von-berlin-in-die-provinz-clan-boss-issa-remmo-beantragt-in-mecklenburg-deutsche-einbuergerung\/\"]}]},{\"@type\":\"ImageObject\",\"inLanguage\":\"de\",\"@id\":\"https:\/\/now-news.de\/de\/deutschland\/von-berlin-in-die-provinz-clan-boss-issa-remmo-beantragt-in-mecklenburg-deutsche-einbuergerung\/#primaryimage\",\"url\":\"https:\/\/now-news.de\/de\/wp-content\/uploads\/sites\/3\/2024\/03\/Von-Berlin-in-die-Provinz-\u2013-Clan-Boss-Issa-Remmo-beantragt.jpg\",\"contentUrl\":\"https:\/\/now-news.de\/de\/wp-content\/uploads\/sites\/3\/2024\/03\/Von-Berlin-in-die-Provinz-\u2013-Clan-Boss-Issa-Remmo-beantragt.jpg\",\"width\":460,\"height\":259,\"caption\":\"Von Berlin in die Provinz \u2013 Clan-Boss Issa Remmo beantragt in Mecklenburg deutsche Einb\u00fcrgerung\"},{\"@type\":\"BreadcrumbList\",\"@id\":\"https:\/\/now-news.de\/de\/deutschland\/von-berlin-in-die-provinz-clan-boss-issa-remmo-beantragt-in-mecklenburg-deutsche-einbuergerung\/#breadcrumb\",\"itemListElement\":[{\"@type\":\"ListItem\",\"position\":1,\"name\":\"Home\",\"item\":\"https:\/\/now-news.de\/de\/\"},{\"@type\":\"ListItem\",\"position\":2,\"name\":\"Von Berlin in die Provinz \u2013 Clan-Boss Issa Remmo beantragt in Mecklenburg deutsche Einb\u00fcrgerung\"}]},{\"@type\":\"WebSite\",\"@id\":\"https:\/\/now-news.de\/de\/#website\",\"url\":\"https:\/\/now-news.de\/de\/\",\"name\":\"just-now.NEWS Deutschland\",\"description\":\"Das Portal f\u00fcr unzensierte Nachrichten aus der Welt\",\"publisher\":{\"@id\":\"https:\/\/now-news.de\/de\/#organization\"},\"potentialAction\":[{\"@type\":\"SearchAction\",\"target\":{\"@type\":\"EntryPoint\",\"urlTemplate\":\"https:\/\/now-news.de\/de\/?s={search_term_string}\"},\"query-input\":\"required name=search_term_string\"}],\"inLanguage\":\"de\"},{\"@type\":\"Organization\",\"@id\":\"https:\/\/now-news.de\/de\/#organization\",\"name\":\"Just Now News\",\"url\":\"https:\/\/now-news.de\/de\/\",\"logo\":{\"@type\":\"ImageObject\",\"inLanguage\":\"de\",\"@id\":\"https:\/\/now-news.de\/de\/#\/schema\/logo\/image\/\",\"url\":\"http:\/\/just-now.news\/de\/wp-content\/uploads\/sites\/3\/2022\/04\/logo500x500.jpg\",\"contentUrl\":\"http:\/\/just-now.news\/de\/wp-content\/uploads\/sites\/3\/2022\/04\/logo500x500.jpg\",\"width\":500,\"height\":500,\"caption\":\"Just Now News\"},\"image\":{\"@id\":\"https:\/\/now-news.de\/de\/#\/schema\/logo\/image\/\"},\"sameAs\":[\"https:\/\/www.facebook.com\/wirmachenauf\",\"https:\/\/x.com\/WirMachenAuf_de\"]},{\"@type\":\"Person\",\"@id\":\"https:\/\/now-news.de\/de\/#\/schema\/person\/fb534a4e865501d8b3285208df34a9b5\",\"name\":\"rtnews\",\"image\":{\"@type\":\"ImageObject\",\"inLanguage\":\"de\",\"@id\":\"https:\/\/now-news.de\/de\/#\/schema\/person\/image\/\",\"url\":\"https:\/\/secure.gravatar.com\/avatar\/82aafea7d8127119dd649515f56e2117?s=96&d=mm&r=g\",\"contentUrl\":\"https:\/\/secure.gravatar.com\/avatar\/82aafea7d8127119dd649515f56e2117?s=96&d=mm&r=g\",\"caption\":\"rtnews\"},\"url\":\"https:\/\/now-news.de\/de\/author\/rnews\/\"}]}<\/script>\n<!-- \/ Yoast SEO Premium plugin. -->","yoast_head_json":{"title":"Von Berlin in die Provinz \u2013 Clan-Boss Issa Remmo beantragt in Mecklenburg deutsche Einb\u00fcrgerung - just-now.NEWS Deutschland","robots":{"index":"index","follow":"follow","max-snippet":"max-snippet:-1","max-image-preview":"max-image-preview:large","max-video-preview":"max-video-preview:-1"},"canonical":"https:\/\/now-news.de\/de\/deutschland\/von-berlin-in-die-provinz-clan-boss-issa-remmo-beantragt-in-mecklenburg-deutsche-einbuergerung\/","og_locale":"de_DE","og_type":"article","og_title":"Von Berlin in die Provinz \u2013 Clan-Boss Issa Remmo beantragt in Mecklenburg deutsche Einb\u00fcrgerung","og_description":"Laut Informationen der &#8220;Bild&#8221;-Zeitung hat der vorbestrafte Remmo beim Landkreis Mecklenburgische Seenplatte seine Einb\u00fcrgerung beantragt. Der Kopf der Berliner Clan-Familie lebt seit 39 Jahren in Deutschland, geboren wurde er im Libanon. Issa Remmo, bundesweit Polizei, Justiz und Gesellschaft als Vater einer Clan-Gro\u00dffamilie aus Berlin-Neuk\u00f6lln bekannt, dies in Verbindung mit mehreren kriminellen S\u00f6hnen, hat sich aus [&hellip;]","og_url":"https:\/\/now-news.de\/de\/deutschland\/von-berlin-in-die-provinz-clan-boss-issa-remmo-beantragt-in-mecklenburg-deutsche-einbuergerung\/","og_site_name":"just-now.NEWS Deutschland","article_publisher":"https:\/\/www.facebook.com\/wirmachenauf","article_published_time":"2024-03-26T15:26:34+00:00","og_image":[{"width":460,"height":259,"url":"https:\/\/now-news.de\/de\/wp-content\/uploads\/sites\/3\/2024\/03\/Von-Berlin-in-die-Provinz-\u2013-Clan-Boss-Issa-Remmo-beantragt.jpg","type":"image\/jpeg"}],"author":"rtnews","twitter_card":"summary_large_image","twitter_creator":"@WirMachenAuf_de","twitter_site":"@WirMachenAuf_de","twitter_misc":{"Verfasst von":"rtnews","Gesch\u00e4tzte Lesezeit":"4\u00a0Minuten"},"schema":{"@context":"https:\/\/schema.org","@graph":[{"@type":"Article","@id":"https:\/\/now-news.de\/de\/deutschland\/von-berlin-in-die-provinz-clan-boss-issa-remmo-beantragt-in-mecklenburg-deutsche-einbuergerung\/#article","isPartOf":{"@id":"https:\/\/now-news.de\/de\/deutschland\/von-berlin-in-die-provinz-clan-boss-issa-remmo-beantragt-in-mecklenburg-deutsche-einbuergerung\/"},"author":{"name":"rtnews","@id":"https:\/\/now-news.de\/de\/#\/schema\/person\/fb534a4e865501d8b3285208df34a9b5"},"headline":"Von Berlin in die Provinz \u2013 Clan-Boss Issa Remmo beantragt in Mecklenburg deutsche Einb\u00fcrgerung","datePublished":"2024-03-26T15:26:34+00:00","dateModified":"2024-03-26T15:26:34+00:00","mainEntityOfPage":{"@id":"https:\/\/now-news.de\/de\/deutschland\/von-berlin-in-die-provinz-clan-boss-issa-remmo-beantragt-in-mecklenburg-deutsche-einbuergerung\/"},"wordCount":733,"commentCount":0,"publisher":{"@id":"https:\/\/now-news.de\/de\/#organization"},"image":{"@id":"https:\/\/now-news.de\/de\/deutschland\/von-berlin-in-die-provinz-clan-boss-issa-remmo-beantragt-in-mecklenburg-deutsche-einbuergerung\/#primaryimage"},"thumbnailUrl":"https:\/\/now-news.de\/de\/wp-content\/uploads\/sites\/3\/2024\/03\/Von-Berlin-in-die-Provinz-\u2013-Clan-Boss-Issa-Remmo-beantragt.jpg","keywords":["beantragt","Berlin","ClanBoss","Deutsche","die","Einb\u00fcrgerung","Issa","Mecklenburg","Provinz","Remmo","von"],"articleSection":["Deutschland","Russland"],"inLanguage":"de","potentialAction":[{"@type":"CommentAction","name":"Comment","target":["https:\/\/now-news.de\/de\/deutschland\/von-berlin-in-die-provinz-clan-boss-issa-remmo-beantragt-in-mecklenburg-deutsche-einbuergerung\/#respond"]}]},{"@type":"WebPage","@id":"https:\/\/now-news.de\/de\/deutschland\/von-berlin-in-die-provinz-clan-boss-issa-remmo-beantragt-in-mecklenburg-deutsche-einbuergerung\/","url":"https:\/\/now-news.de\/de\/deutschland\/von-berlin-in-die-provinz-clan-boss-issa-remmo-beantragt-in-mecklenburg-deutsche-einbuergerung\/","name":"Von Berlin in die Provinz \u2013 Clan-Boss Issa Remmo beantragt in Mecklenburg deutsche Einb\u00fcrgerung - just-now.NEWS Deutschland","isPartOf":{"@id":"https:\/\/now-news.de\/de\/#website"},"primaryImageOfPage":{"@id":"https:\/\/now-news.de\/de\/deutschland\/von-berlin-in-die-provinz-clan-boss-issa-remmo-beantragt-in-mecklenburg-deutsche-einbuergerung\/#primaryimage"},"image":{"@id":"https:\/\/now-news.de\/de\/deutschland\/von-berlin-in-die-provinz-clan-boss-issa-remmo-beantragt-in-mecklenburg-deutsche-einbuergerung\/#primaryimage"},"thumbnailUrl":"https:\/\/now-news.de\/de\/wp-content\/uploads\/sites\/3\/2024\/03\/Von-Berlin-in-die-Provinz-\u2013-Clan-Boss-Issa-Remmo-beantragt.jpg","datePublished":"2024-03-26T15:26:34+00:00","dateModified":"2024-03-26T15:26:34+00:00","breadcrumb":{"@id":"https:\/\/now-news.de\/de\/deutschland\/von-berlin-in-die-provinz-clan-boss-issa-remmo-beantragt-in-mecklenburg-deutsche-einbuergerung\/#breadcrumb"},"inLanguage":"de","potentialAction":[{"@type":"ReadAction","target":["https:\/\/now-news.de\/de\/deutschland\/von-berlin-in-die-provinz-clan-boss-issa-remmo-beantragt-in-mecklenburg-deutsche-einbuergerung\/"]}]},{"@type":"ImageObject","inLanguage":"de","@id":"https:\/\/now-news.de\/de\/deutschland\/von-berlin-in-die-provinz-clan-boss-issa-remmo-beantragt-in-mecklenburg-deutsche-einbuergerung\/#primaryimage","url":"https:\/\/now-news.de\/de\/wp-content\/uploads\/sites\/3\/2024\/03\/Von-Berlin-in-die-Provinz-\u2013-Clan-Boss-Issa-Remmo-beantragt.jpg","contentUrl":"https:\/\/now-news.de\/de\/wp-content\/uploads\/sites\/3\/2024\/03\/Von-Berlin-in-die-Provinz-\u2013-Clan-Boss-Issa-Remmo-beantragt.jpg","width":460,"height":259,"caption":"Von Berlin in die Provinz \u2013 Clan-Boss Issa Remmo beantragt in Mecklenburg deutsche Einb\u00fcrgerung"},{"@type":"BreadcrumbList","@id":"https:\/\/now-news.de\/de\/deutschland\/von-berlin-in-die-provinz-clan-boss-issa-remmo-beantragt-in-mecklenburg-deutsche-einbuergerung\/#breadcrumb","itemListElement":[{"@type":"ListItem","position":1,"name":"Home","item":"https:\/\/now-news.de\/de\/"},{"@type":"ListItem","position":2,"name":"Von Berlin in die Provinz \u2013 Clan-Boss Issa Remmo beantragt in Mecklenburg deutsche Einb\u00fcrgerung"}]},{"@type":"WebSite","@id":"https:\/\/now-news.de\/de\/#website","url":"https:\/\/now-news.de\/de\/","name":"just-now.NEWS Deutschland","description":"Das Portal f\u00fcr unzensierte Nachrichten aus der Welt","publisher":{"@id":"https:\/\/now-news.de\/de\/#organization"},"potentialAction":[{"@type":"SearchAction","target":{"@type":"EntryPoint","urlTemplate":"https:\/\/now-news.de\/de\/?s={search_term_string}"},"query-input":"required name=search_term_string"}],"inLanguage":"de"},{"@type":"Organization","@id":"https:\/\/now-news.de\/de\/#organization","name":"Just Now News","url":"https:\/\/now-news.de\/de\/","logo":{"@type":"ImageObject","inLanguage":"de","@id":"https:\/\/now-news.de\/de\/#\/schema\/logo\/image\/","url":"http:\/\/just-now.news\/de\/wp-content\/uploads\/sites\/3\/2022\/04\/logo500x500.jpg","contentUrl":"http:\/\/just-now.news\/de\/wp-content\/uploads\/sites\/3\/2022\/04\/logo500x500.jpg","width":500,"height":500,"caption":"Just Now News"},"image":{"@id":"https:\/\/now-news.de\/de\/#\/schema\/logo\/image\/"},"sameAs":["https:\/\/www.facebook.com\/wirmachenauf","https:\/\/x.com\/WirMachenAuf_de"]},{"@type":"Person","@id":"https:\/\/now-news.de\/de\/#\/schema\/person\/fb534a4e865501d8b3285208df34a9b5","name":"rtnews","image":{"@type":"ImageObject","inLanguage":"de","@id":"https:\/\/now-news.de\/de\/#\/schema\/person\/image\/","url":"https:\/\/secure.gravatar.com\/avatar\/82aafea7d8127119dd649515f56e2117?s=96&d=mm&r=g","contentUrl":"https:\/\/secure.gravatar.com\/avatar\/82aafea7d8127119dd649515f56e2117?s=96&d=mm&r=g","caption":"rtnews"},"url":"https:\/\/now-news.de\/de\/author\/rnews\/"}]}},"_links":{"self":[{"href":"https:\/\/now-news.de\/de\/wp-json\/wp\/v2\/posts\/57778"}],"collection":[{"href":"https:\/\/now-news.de\/de\/wp-json\/wp\/v2\/posts"}],"about":[{"href":"https:\/\/now-news.de\/de\/wp-json\/wp\/v2\/types\/post"}],"author":[{"embeddable":true,"href":"https:\/\/now-news.de\/de\/wp-json\/wp\/v2\/users\/3"}],"replies":[{"embeddable":true,"href":"https:\/\/now-news.de\/de\/wp-json\/wp\/v2\/comments?post=57778"}],"version-history":[{"count":0,"href":"https:\/\/now-news.de\/de\/wp-json\/wp\/v2\/posts\/57778\/revisions"}],"wp:featuredmedia":[{"embeddable":true,"href":"https:\/\/now-news.de\/de\/wp-json\/wp\/v2\/media\/57779"}],"wp:attachment":[{"href":"https:\/\/now-news.de\/de\/wp-json\/wp\/v2\/media?parent=57778"}],"wp:term":[{"taxonomy":"category","embeddable":true,"href":"https:\/\/now-news.de\/de\/wp-json\/wp\/v2\/categories?post=57778"},{"taxonomy":"post_tag","embeddable":true,"href":"https:\/\/now-news.de\/de\/wp-json\/wp\/v2\/tags?post=57778"}],"curies":[{"name":"wp","href":"https:\/\/api.w.org\/{rel}","templated":true}]}}