{"id":57694,"date":"2024-03-25T17:52:57","date_gmt":"2024-03-25T15:52:57","guid":{"rendered":"https:\/\/just-now.news\/de\/deutschland\/frankreich-schlaegt-russland-verstaerkte-kooperation-im-kampf-gegen-terrorismus-vor\/"},"modified":"2024-03-25T17:52:57","modified_gmt":"2024-03-25T15:52:57","slug":"frankreich-schlaegt-russland-verstaerkte-kooperation-im-kampf-gegen-terrorismus-vor","status":"publish","type":"post","link":"https:\/\/now-news.de\/de\/deutschland\/frankreich-schlaegt-russland-verstaerkte-kooperation-im-kampf-gegen-terrorismus-vor\/","title":{"rendered":"Frankreich schl\u00e4gt Russland verst\u00e4rkte Kooperation im Kampf gegen Terrorismus vor"},"content":{"rendered":"<p><img decoding=\"async\" src=\"http:\/\/just-now.news\/de\/wp-content\/uploads\/sites\/3\/2024\/03\/66017cc4b480cc79ba3a03d8.jpg\" \/><\/p>\n<div class=\"Text-root Text-type_1 \">\n                Nach dem Terrorangriff bei Moskau wolle Frankreich eine engere Kooperation mit Russland im Kampf gegen Terrorismus eingehen, erkl\u00e4rte Emmanuel Macron. Laut dem franz\u00f6sischen Pr\u00e4sidenten habe der IS, der sich zu der Attacke bekannt haben soll, auch Anschl\u00e4ge in Frankreich versucht.\n            <\/div>\n<p><\/p>\n<div class=\"Text-root Text-type_5 ArticleView-text ViewText-root \">\n<p>Vor dem Hintergrund des Terroranschlags auf die Veranstaltungshalle Crocus City Hall bei Moskau haben die franz\u00f6sischen Sicherheitsdienste ihren russischen Kollegen und anderen Partnern in der Region vorgeschlagen, die Zusammenarbeit im Kampf gegen den Terrorismus zu verst\u00e4rken. Dies erkl\u00e4rte Frankreichs Pr\u00e4sident, Emmanuel Macron, am Montag bei einem Besuch in Franz\u00f6sisch-Guayana. Eine\u00a0engere Kooperation sei m\u00f6glich\u00a0im Hinblick auf Informationen, die den franz\u00f6sischen Diensten zur Verf\u00fcgung st\u00fcnden, und auf Tatsachen, die f\u00fcr Russland von Nutzen sein k\u00f6nnten, zitierte die Nachrichtenagentur <em>AFP<\/em> das Staatsoberhaupt. Die Hauptaufgabe bestehe derzeit darin, die Verantwortlichen so schnell wie m\u00f6glich zu finden. Macron betonte, dass die Zusammenarbeit zun\u00e4chst auf &#8220;technischer und ministerieller Ebene&#8221; stattfinden und daher wohl kaum einen direkten Kontakt mit dem russischen Pr\u00e4sidenten Wladimir Putin vorsehen w\u00fcrde.<\/p>\n<p>Im Laufe der vergangenen Monate habe die Terrorgruppierung, die sich angeblich zu der Crocus-Attacke bekannt haben soll, mehrere Angriffsversuche auf franz\u00f6sischem Territorium unternommen, teilte Macron weiter mit. Es handele sich dabei um ISIS-K, den afghanischen Ableger der Terrororganisation Islamischer Staat. Macron zufolge gingen die franz\u00f6sischen Geheimdienste davon aus, dass ISIS-K den Anschlag bei Moskau organisiert und ausgef\u00fchrt habe. Der Pr\u00e4sident warnte\u00a0in diesem Zusammenhang\u00a0vor &#8220;Instrumentalisierung und Verzerrung&#8221; und verurteilte die Vorw\u00fcrfe Russlands gegen die Ukraine:<\/p>\n<blockquote>\n<p><em>&#8220;Es w\u00e4re zynisch und kontraproduktiv f\u00fcr Russland selbst und die Sicherheit seiner B\u00fcrger, diesen Kontext zu nutzen, um ihn\u00a0gegen die Ukraine zu verwenden.&#8221;<\/em><\/p>\n<\/blockquote>\n<p>Am Sonntag hatte die franz\u00f6sische Regierung beschlossen,\u00a0f\u00fcr das ganze Land eine Terrorwarnung auszurufen. Laut einer Erkl\u00e4rung\u00a0von Premierminister Gabriel Attal wurde der sogenannte Vigipirate-Plan, die striktesten Sicherheitsma\u00dfnahmen zum Schutz gegen Terrorismus, auf die h\u00f6chste Warnstufe angehoben. Die Entscheidung sei angesichts der Tatsache getroffen worden, dass der Islamische Staat die Verantwortung f\u00fcr den Anschlag \u00fcbernommen habe, hie\u00df es.<\/p>\n<p><strong>Mehr zum Thema\u00a0\u2013<\/strong>\u00a0<a rel=\"nofollow noopener\" target=\"_blank\" href=\"https:\/\/freedert.online\/europa\/200486-frankreich-premier-ruft-nach-moskauer\/\">Frankreich: Premier ruft nach Moskauer Crocus-Attentat Terrorwarnung f\u00fcr das ganze Land aus<\/a><\/p>\n<\/div>\n<p><br \/>\n<br \/><a href=\"https:\/\/de.rt.com\/international\/200520-frankreich-russland-staerkere-kooperation-terrorismus\/\">Source link <\/a><\/p>\n","protected":false},"excerpt":{"rendered":"<p>Nach dem Terrorangriff bei Moskau wolle Frankreich eine engere Kooperation mit Russland im Kampf gegen Terrorismus eingehen, erkl\u00e4rte Emmanuel Macron. Laut dem franz\u00f6sischen Pr\u00e4sidenten habe der IS, der sich zu der Attacke bekannt haben soll, auch Anschl\u00e4ge in Frankreich versucht. Vor dem Hintergrund des Terroranschlags auf die Veranstaltungshalle Crocus City Hall bei Moskau haben die [&hellip;]<\/p>\n","protected":false},"author":3,"featured_media":57695,"comment_status":"open","ping_status":"open","sticky":false,"template":"","format":"standard","meta":{"_yoast_indexnow_last_ping":["1711382079"],"wp_automatic_camp":["217"],"d9571de46033d0563a3c8c3409a7d1a9":["Frankreich schl\u00e4gt Russland verst\u00e4rkte Kooperation im Kampf gegen Terrorismus vor"],"original_link":["https:\/\/de.rt.com\/international\/200520-frankreich-russland-staerkere-kooperation-terrorismus\/"],"_thumbnail_id":["57695"],"_wptgpro_p2tg_sent2tg":["a:1:{i:23737;s:19:\"2024-03-25 17:55:58\";}"],"jnews_social_counter_last_update":["1777169401"]},"categories":[19,23],"tags":[3320,278,5522,6679,126,1468,19426,961,320],"yoast_head":"<!-- This site is optimized with the Yoast SEO Premium plugin v22.7 (Yoast SEO v22.7) - https:\/\/yoast.com\/wordpress\/plugins\/seo\/ -->\n<title>Frankreich schl\u00e4gt Russland verst\u00e4rkte Kooperation im Kampf gegen Terrorismus vor - just-now.NEWS Deutschland<\/title>\n<meta name=\"robots\" content=\"index, follow, max-snippet:-1, max-image-preview:large, max-video-preview:-1\" \/>\n<link rel=\"canonical\" href=\"https:\/\/now-news.de\/de\/deutschland\/frankreich-schlaegt-russland-verstaerkte-kooperation-im-kampf-gegen-terrorismus-vor\/\" \/>\n<meta property=\"og:locale\" content=\"de_DE\" \/>\n<meta property=\"og:type\" content=\"article\" \/>\n<meta property=\"og:title\" content=\"Frankreich schl\u00e4gt Russland verst\u00e4rkte Kooperation im Kampf gegen Terrorismus vor\" \/>\n<meta property=\"og:description\" content=\"Nach dem Terrorangriff bei Moskau wolle Frankreich eine engere Kooperation mit Russland im Kampf gegen Terrorismus eingehen, erkl\u00e4rte Emmanuel Macron. Laut dem franz\u00f6sischen Pr\u00e4sidenten habe der IS, der sich zu der Attacke bekannt haben soll, auch Anschl\u00e4ge in Frankreich versucht. Vor dem Hintergrund des Terroranschlags auf die Veranstaltungshalle Crocus City Hall bei Moskau haben die [&hellip;]\" \/>\n<meta property=\"og:url\" content=\"https:\/\/now-news.de\/de\/deutschland\/frankreich-schlaegt-russland-verstaerkte-kooperation-im-kampf-gegen-terrorismus-vor\/\" \/>\n<meta property=\"og:site_name\" content=\"just-now.NEWS Deutschland\" \/>\n<meta property=\"article:publisher\" content=\"https:\/\/www.facebook.com\/wirmachenauf\" \/>\n<meta property=\"article:published_time\" content=\"2024-03-25T15:52:57+00:00\" \/>\n<meta property=\"og:image\" content=\"https:\/\/now-news.de\/de\/wp-content\/uploads\/sites\/3\/2024\/03\/Frankreich-schlaegt-Russland-verstaerkte-Kooperation-im-Kampf-gegen-Terrorismus-vor.jpg\" \/>\n\t<meta property=\"og:image:width\" content=\"460\" \/>\n\t<meta property=\"og:image:height\" content=\"259\" \/>\n\t<meta property=\"og:image:type\" content=\"image\/jpeg\" \/>\n<meta name=\"author\" content=\"rtnews\" \/>\n<meta name=\"twitter:card\" content=\"summary_large_image\" \/>\n<meta name=\"twitter:creator\" content=\"@WirMachenAuf_de\" \/>\n<meta name=\"twitter:site\" content=\"@WirMachenAuf_de\" \/>\n<meta name=\"twitter:label1\" content=\"Verfasst von\" \/>\n\t<meta name=\"twitter:data1\" content=\"rtnews\" \/>\n\t<meta name=\"twitter:label2\" content=\"Gesch\u00e4tzte Lesezeit\" \/>\n\t<meta name=\"twitter:data2\" content=\"2\u00a0Minuten\" \/>\n<script type=\"application\/ld+json\" class=\"yoast-schema-graph\">{\"@context\":\"https:\/\/schema.org\",\"@graph\":[{\"@type\":\"Article\",\"@id\":\"https:\/\/now-news.de\/de\/deutschland\/frankreich-schlaegt-russland-verstaerkte-kooperation-im-kampf-gegen-terrorismus-vor\/#article\",\"isPartOf\":{\"@id\":\"https:\/\/now-news.de\/de\/deutschland\/frankreich-schlaegt-russland-verstaerkte-kooperation-im-kampf-gegen-terrorismus-vor\/\"},\"author\":{\"name\":\"rtnews\",\"@id\":\"https:\/\/now-news.de\/de\/#\/schema\/person\/fb534a4e865501d8b3285208df34a9b5\"},\"headline\":\"Frankreich schl\u00e4gt Russland verst\u00e4rkte Kooperation im Kampf gegen Terrorismus vor\",\"datePublished\":\"2024-03-25T15:52:57+00:00\",\"dateModified\":\"2024-03-25T15:52:57+00:00\",\"mainEntityOfPage\":{\"@id\":\"https:\/\/now-news.de\/de\/deutschland\/frankreich-schlaegt-russland-verstaerkte-kooperation-im-kampf-gegen-terrorismus-vor\/\"},\"wordCount\":383,\"commentCount\":0,\"publisher\":{\"@id\":\"https:\/\/now-news.de\/de\/#organization\"},\"image\":{\"@id\":\"https:\/\/now-news.de\/de\/deutschland\/frankreich-schlaegt-russland-verstaerkte-kooperation-im-kampf-gegen-terrorismus-vor\/#primaryimage\"},\"thumbnailUrl\":\"https:\/\/now-news.de\/de\/wp-content\/uploads\/sites\/3\/2024\/03\/Frankreich-schlaegt-Russland-verstaerkte-Kooperation-im-Kampf-gegen-Terrorismus-vor.jpg\",\"keywords\":[\"Frankreich\",\"gegen\",\"Kampf\",\"Kooperation\",\"russland\",\"schl\u00e4gt\",\"Terrorismus\",\"verst\u00e4rkte\",\"vor\"],\"articleSection\":[\"Deutschland\",\"Russland\"],\"inLanguage\":\"de\",\"potentialAction\":[{\"@type\":\"CommentAction\",\"name\":\"Comment\",\"target\":[\"https:\/\/now-news.de\/de\/deutschland\/frankreich-schlaegt-russland-verstaerkte-kooperation-im-kampf-gegen-terrorismus-vor\/#respond\"]}]},{\"@type\":\"WebPage\",\"@id\":\"https:\/\/now-news.de\/de\/deutschland\/frankreich-schlaegt-russland-verstaerkte-kooperation-im-kampf-gegen-terrorismus-vor\/\",\"url\":\"https:\/\/now-news.de\/de\/deutschland\/frankreich-schlaegt-russland-verstaerkte-kooperation-im-kampf-gegen-terrorismus-vor\/\",\"name\":\"Frankreich schl\u00e4gt Russland verst\u00e4rkte Kooperation im Kampf gegen Terrorismus vor - just-now.NEWS Deutschland\",\"isPartOf\":{\"@id\":\"https:\/\/now-news.de\/de\/#website\"},\"primaryImageOfPage\":{\"@id\":\"https:\/\/now-news.de\/de\/deutschland\/frankreich-schlaegt-russland-verstaerkte-kooperation-im-kampf-gegen-terrorismus-vor\/#primaryimage\"},\"image\":{\"@id\":\"https:\/\/now-news.de\/de\/deutschland\/frankreich-schlaegt-russland-verstaerkte-kooperation-im-kampf-gegen-terrorismus-vor\/#primaryimage\"},\"thumbnailUrl\":\"https:\/\/now-news.de\/de\/wp-content\/uploads\/sites\/3\/2024\/03\/Frankreich-schlaegt-Russland-verstaerkte-Kooperation-im-Kampf-gegen-Terrorismus-vor.jpg\",\"datePublished\":\"2024-03-25T15:52:57+00:00\",\"dateModified\":\"2024-03-25T15:52:57+00:00\",\"breadcrumb\":{\"@id\":\"https:\/\/now-news.de\/de\/deutschland\/frankreich-schlaegt-russland-verstaerkte-kooperation-im-kampf-gegen-terrorismus-vor\/#breadcrumb\"},\"inLanguage\":\"de\",\"potentialAction\":[{\"@type\":\"ReadAction\",\"target\":[\"https:\/\/now-news.de\/de\/deutschland\/frankreich-schlaegt-russland-verstaerkte-kooperation-im-kampf-gegen-terrorismus-vor\/\"]}]},{\"@type\":\"ImageObject\",\"inLanguage\":\"de\",\"@id\":\"https:\/\/now-news.de\/de\/deutschland\/frankreich-schlaegt-russland-verstaerkte-kooperation-im-kampf-gegen-terrorismus-vor\/#primaryimage\",\"url\":\"https:\/\/now-news.de\/de\/wp-content\/uploads\/sites\/3\/2024\/03\/Frankreich-schlaegt-Russland-verstaerkte-Kooperation-im-Kampf-gegen-Terrorismus-vor.jpg\",\"contentUrl\":\"https:\/\/now-news.de\/de\/wp-content\/uploads\/sites\/3\/2024\/03\/Frankreich-schlaegt-Russland-verstaerkte-Kooperation-im-Kampf-gegen-Terrorismus-vor.jpg\",\"width\":460,\"height\":259,\"caption\":\"Frankreich schl\u00e4gt Russland verst\u00e4rkte Kooperation im Kampf gegen Terrorismus vor\"},{\"@type\":\"BreadcrumbList\",\"@id\":\"https:\/\/now-news.de\/de\/deutschland\/frankreich-schlaegt-russland-verstaerkte-kooperation-im-kampf-gegen-terrorismus-vor\/#breadcrumb\",\"itemListElement\":[{\"@type\":\"ListItem\",\"position\":1,\"name\":\"Home\",\"item\":\"https:\/\/now-news.de\/de\/\"},{\"@type\":\"ListItem\",\"position\":2,\"name\":\"Frankreich schl\u00e4gt Russland verst\u00e4rkte Kooperation im Kampf gegen Terrorismus vor\"}]},{\"@type\":\"WebSite\",\"@id\":\"https:\/\/now-news.de\/de\/#website\",\"url\":\"https:\/\/now-news.de\/de\/\",\"name\":\"just-now.NEWS Deutschland\",\"description\":\"Das Portal f\u00fcr unzensierte Nachrichten aus der Welt\",\"publisher\":{\"@id\":\"https:\/\/now-news.de\/de\/#organization\"},\"potentialAction\":[{\"@type\":\"SearchAction\",\"target\":{\"@type\":\"EntryPoint\",\"urlTemplate\":\"https:\/\/now-news.de\/de\/?s={search_term_string}\"},\"query-input\":\"required name=search_term_string\"}],\"inLanguage\":\"de\"},{\"@type\":\"Organization\",\"@id\":\"https:\/\/now-news.de\/de\/#organization\",\"name\":\"Just Now News\",\"url\":\"https:\/\/now-news.de\/de\/\",\"logo\":{\"@type\":\"ImageObject\",\"inLanguage\":\"de\",\"@id\":\"https:\/\/now-news.de\/de\/#\/schema\/logo\/image\/\",\"url\":\"http:\/\/just-now.news\/de\/wp-content\/uploads\/sites\/3\/2022\/04\/logo500x500.jpg\",\"contentUrl\":\"http:\/\/just-now.news\/de\/wp-content\/uploads\/sites\/3\/2022\/04\/logo500x500.jpg\",\"width\":500,\"height\":500,\"caption\":\"Just Now News\"},\"image\":{\"@id\":\"https:\/\/now-news.de\/de\/#\/schema\/logo\/image\/\"},\"sameAs\":[\"https:\/\/www.facebook.com\/wirmachenauf\",\"https:\/\/x.com\/WirMachenAuf_de\"]},{\"@type\":\"Person\",\"@id\":\"https:\/\/now-news.de\/de\/#\/schema\/person\/fb534a4e865501d8b3285208df34a9b5\",\"name\":\"rtnews\",\"image\":{\"@type\":\"ImageObject\",\"inLanguage\":\"de\",\"@id\":\"https:\/\/now-news.de\/de\/#\/schema\/person\/image\/\",\"url\":\"https:\/\/secure.gravatar.com\/avatar\/82aafea7d8127119dd649515f56e2117?s=96&d=mm&r=g\",\"contentUrl\":\"https:\/\/secure.gravatar.com\/avatar\/82aafea7d8127119dd649515f56e2117?s=96&d=mm&r=g\",\"caption\":\"rtnews\"},\"url\":\"https:\/\/now-news.de\/de\/author\/rnews\/\"}]}<\/script>\n<!-- \/ Yoast SEO Premium plugin. -->","yoast_head_json":{"title":"Frankreich schl\u00e4gt Russland verst\u00e4rkte Kooperation im Kampf gegen Terrorismus vor - just-now.NEWS Deutschland","robots":{"index":"index","follow":"follow","max-snippet":"max-snippet:-1","max-image-preview":"max-image-preview:large","max-video-preview":"max-video-preview:-1"},"canonical":"https:\/\/now-news.de\/de\/deutschland\/frankreich-schlaegt-russland-verstaerkte-kooperation-im-kampf-gegen-terrorismus-vor\/","og_locale":"de_DE","og_type":"article","og_title":"Frankreich schl\u00e4gt Russland verst\u00e4rkte Kooperation im Kampf gegen Terrorismus vor","og_description":"Nach dem Terrorangriff bei Moskau wolle Frankreich eine engere Kooperation mit Russland im Kampf gegen Terrorismus eingehen, erkl\u00e4rte Emmanuel Macron. Laut dem franz\u00f6sischen Pr\u00e4sidenten habe der IS, der sich zu der Attacke bekannt haben soll, auch Anschl\u00e4ge in Frankreich versucht. Vor dem Hintergrund des Terroranschlags auf die Veranstaltungshalle Crocus City Hall bei Moskau haben die [&hellip;]","og_url":"https:\/\/now-news.de\/de\/deutschland\/frankreich-schlaegt-russland-verstaerkte-kooperation-im-kampf-gegen-terrorismus-vor\/","og_site_name":"just-now.NEWS Deutschland","article_publisher":"https:\/\/www.facebook.com\/wirmachenauf","article_published_time":"2024-03-25T15:52:57+00:00","og_image":[{"width":460,"height":259,"url":"https:\/\/now-news.de\/de\/wp-content\/uploads\/sites\/3\/2024\/03\/Frankreich-schlaegt-Russland-verstaerkte-Kooperation-im-Kampf-gegen-Terrorismus-vor.jpg","type":"image\/jpeg"}],"author":"rtnews","twitter_card":"summary_large_image","twitter_creator":"@WirMachenAuf_de","twitter_site":"@WirMachenAuf_de","twitter_misc":{"Verfasst von":"rtnews","Gesch\u00e4tzte Lesezeit":"2\u00a0Minuten"},"schema":{"@context":"https:\/\/schema.org","@graph":[{"@type":"Article","@id":"https:\/\/now-news.de\/de\/deutschland\/frankreich-schlaegt-russland-verstaerkte-kooperation-im-kampf-gegen-terrorismus-vor\/#article","isPartOf":{"@id":"https:\/\/now-news.de\/de\/deutschland\/frankreich-schlaegt-russland-verstaerkte-kooperation-im-kampf-gegen-terrorismus-vor\/"},"author":{"name":"rtnews","@id":"https:\/\/now-news.de\/de\/#\/schema\/person\/fb534a4e865501d8b3285208df34a9b5"},"headline":"Frankreich schl\u00e4gt Russland verst\u00e4rkte Kooperation im Kampf gegen Terrorismus vor","datePublished":"2024-03-25T15:52:57+00:00","dateModified":"2024-03-25T15:52:57+00:00","mainEntityOfPage":{"@id":"https:\/\/now-news.de\/de\/deutschland\/frankreich-schlaegt-russland-verstaerkte-kooperation-im-kampf-gegen-terrorismus-vor\/"},"wordCount":383,"commentCount":0,"publisher":{"@id":"https:\/\/now-news.de\/de\/#organization"},"image":{"@id":"https:\/\/now-news.de\/de\/deutschland\/frankreich-schlaegt-russland-verstaerkte-kooperation-im-kampf-gegen-terrorismus-vor\/#primaryimage"},"thumbnailUrl":"https:\/\/now-news.de\/de\/wp-content\/uploads\/sites\/3\/2024\/03\/Frankreich-schlaegt-Russland-verstaerkte-Kooperation-im-Kampf-gegen-Terrorismus-vor.jpg","keywords":["Frankreich","gegen","Kampf","Kooperation","russland","schl\u00e4gt","Terrorismus","verst\u00e4rkte","vor"],"articleSection":["Deutschland","Russland"],"inLanguage":"de","potentialAction":[{"@type":"CommentAction","name":"Comment","target":["https:\/\/now-news.de\/de\/deutschland\/frankreich-schlaegt-russland-verstaerkte-kooperation-im-kampf-gegen-terrorismus-vor\/#respond"]}]},{"@type":"WebPage","@id":"https:\/\/now-news.de\/de\/deutschland\/frankreich-schlaegt-russland-verstaerkte-kooperation-im-kampf-gegen-terrorismus-vor\/","url":"https:\/\/now-news.de\/de\/deutschland\/frankreich-schlaegt-russland-verstaerkte-kooperation-im-kampf-gegen-terrorismus-vor\/","name":"Frankreich schl\u00e4gt Russland verst\u00e4rkte Kooperation im Kampf gegen Terrorismus vor - just-now.NEWS Deutschland","isPartOf":{"@id":"https:\/\/now-news.de\/de\/#website"},"primaryImageOfPage":{"@id":"https:\/\/now-news.de\/de\/deutschland\/frankreich-schlaegt-russland-verstaerkte-kooperation-im-kampf-gegen-terrorismus-vor\/#primaryimage"},"image":{"@id":"https:\/\/now-news.de\/de\/deutschland\/frankreich-schlaegt-russland-verstaerkte-kooperation-im-kampf-gegen-terrorismus-vor\/#primaryimage"},"thumbnailUrl":"https:\/\/now-news.de\/de\/wp-content\/uploads\/sites\/3\/2024\/03\/Frankreich-schlaegt-Russland-verstaerkte-Kooperation-im-Kampf-gegen-Terrorismus-vor.jpg","datePublished":"2024-03-25T15:52:57+00:00","dateModified":"2024-03-25T15:52:57+00:00","breadcrumb":{"@id":"https:\/\/now-news.de\/de\/deutschland\/frankreich-schlaegt-russland-verstaerkte-kooperation-im-kampf-gegen-terrorismus-vor\/#breadcrumb"},"inLanguage":"de","potentialAction":[{"@type":"ReadAction","target":["https:\/\/now-news.de\/de\/deutschland\/frankreich-schlaegt-russland-verstaerkte-kooperation-im-kampf-gegen-terrorismus-vor\/"]}]},{"@type":"ImageObject","inLanguage":"de","@id":"https:\/\/now-news.de\/de\/deutschland\/frankreich-schlaegt-russland-verstaerkte-kooperation-im-kampf-gegen-terrorismus-vor\/#primaryimage","url":"https:\/\/now-news.de\/de\/wp-content\/uploads\/sites\/3\/2024\/03\/Frankreich-schlaegt-Russland-verstaerkte-Kooperation-im-Kampf-gegen-Terrorismus-vor.jpg","contentUrl":"https:\/\/now-news.de\/de\/wp-content\/uploads\/sites\/3\/2024\/03\/Frankreich-schlaegt-Russland-verstaerkte-Kooperation-im-Kampf-gegen-Terrorismus-vor.jpg","width":460,"height":259,"caption":"Frankreich schl\u00e4gt Russland verst\u00e4rkte Kooperation im Kampf gegen Terrorismus vor"},{"@type":"BreadcrumbList","@id":"https:\/\/now-news.de\/de\/deutschland\/frankreich-schlaegt-russland-verstaerkte-kooperation-im-kampf-gegen-terrorismus-vor\/#breadcrumb","itemListElement":[{"@type":"ListItem","position":1,"name":"Home","item":"https:\/\/now-news.de\/de\/"},{"@type":"ListItem","position":2,"name":"Frankreich schl\u00e4gt Russland verst\u00e4rkte Kooperation im Kampf gegen Terrorismus vor"}]},{"@type":"WebSite","@id":"https:\/\/now-news.de\/de\/#website","url":"https:\/\/now-news.de\/de\/","name":"just-now.NEWS Deutschland","description":"Das Portal f\u00fcr unzensierte Nachrichten aus der Welt","publisher":{"@id":"https:\/\/now-news.de\/de\/#organization"},"potentialAction":[{"@type":"SearchAction","target":{"@type":"EntryPoint","urlTemplate":"https:\/\/now-news.de\/de\/?s={search_term_string}"},"query-input":"required name=search_term_string"}],"inLanguage":"de"},{"@type":"Organization","@id":"https:\/\/now-news.de\/de\/#organization","name":"Just Now News","url":"https:\/\/now-news.de\/de\/","logo":{"@type":"ImageObject","inLanguage":"de","@id":"https:\/\/now-news.de\/de\/#\/schema\/logo\/image\/","url":"http:\/\/just-now.news\/de\/wp-content\/uploads\/sites\/3\/2022\/04\/logo500x500.jpg","contentUrl":"http:\/\/just-now.news\/de\/wp-content\/uploads\/sites\/3\/2022\/04\/logo500x500.jpg","width":500,"height":500,"caption":"Just Now News"},"image":{"@id":"https:\/\/now-news.de\/de\/#\/schema\/logo\/image\/"},"sameAs":["https:\/\/www.facebook.com\/wirmachenauf","https:\/\/x.com\/WirMachenAuf_de"]},{"@type":"Person","@id":"https:\/\/now-news.de\/de\/#\/schema\/person\/fb534a4e865501d8b3285208df34a9b5","name":"rtnews","image":{"@type":"ImageObject","inLanguage":"de","@id":"https:\/\/now-news.de\/de\/#\/schema\/person\/image\/","url":"https:\/\/secure.gravatar.com\/avatar\/82aafea7d8127119dd649515f56e2117?s=96&d=mm&r=g","contentUrl":"https:\/\/secure.gravatar.com\/avatar\/82aafea7d8127119dd649515f56e2117?s=96&d=mm&r=g","caption":"rtnews"},"url":"https:\/\/now-news.de\/de\/author\/rnews\/"}]}},"_links":{"self":[{"href":"https:\/\/now-news.de\/de\/wp-json\/wp\/v2\/posts\/57694"}],"collection":[{"href":"https:\/\/now-news.de\/de\/wp-json\/wp\/v2\/posts"}],"about":[{"href":"https:\/\/now-news.de\/de\/wp-json\/wp\/v2\/types\/post"}],"author":[{"embeddable":true,"href":"https:\/\/now-news.de\/de\/wp-json\/wp\/v2\/users\/3"}],"replies":[{"embeddable":true,"href":"https:\/\/now-news.de\/de\/wp-json\/wp\/v2\/comments?post=57694"}],"version-history":[{"count":0,"href":"https:\/\/now-news.de\/de\/wp-json\/wp\/v2\/posts\/57694\/revisions"}],"wp:featuredmedia":[{"embeddable":true,"href":"https:\/\/now-news.de\/de\/wp-json\/wp\/v2\/media\/57695"}],"wp:attachment":[{"href":"https:\/\/now-news.de\/de\/wp-json\/wp\/v2\/media?parent=57694"}],"wp:term":[{"taxonomy":"category","embeddable":true,"href":"https:\/\/now-news.de\/de\/wp-json\/wp\/v2\/categories?post=57694"},{"taxonomy":"post_tag","embeddable":true,"href":"https:\/\/now-news.de\/de\/wp-json\/wp\/v2\/tags?post=57694"}],"curies":[{"name":"wp","href":"https:\/\/api.w.org\/{rel}","templated":true}]}}