{"id":57687,"date":"2024-03-25T16:17:17","date_gmt":"2024-03-25T14:17:17","guid":{"rendered":"https:\/\/just-now.news\/de\/deutschland\/kreml-derzeit-keine-kontakte-zum-westen-im-bereich-der-terrorismusbekaempfung\/"},"modified":"2024-03-25T16:17:17","modified_gmt":"2024-03-25T14:17:17","slug":"kreml-derzeit-keine-kontakte-zum-westen-im-bereich-der-terrorismusbekaempfung","status":"publish","type":"post","link":"https:\/\/now-news.de\/de\/deutschland\/kreml-derzeit-keine-kontakte-zum-westen-im-bereich-der-terrorismusbekaempfung\/","title":{"rendered":"Kreml: Derzeit keine Kontakte zum Westen im Bereich der Terrorismusbek\u00e4mpfung"},"content":{"rendered":"<p><img decoding=\"async\" src=\"http:\/\/just-now.news\/de\/wp-content\/uploads\/sites\/3\/2024\/03\/66018054b480cc183121ade6.jpg\" \/><\/p>\n<div class=\"Text-root Text-type_1 \">\n                Laut dem Kreml-Sprecher Peskow gebe es derzeit keine Kontakte zwischen Russland und dem Westen im Kampf gegen den Terrorismus. Am 7. M\u00e4rz rief die US-Botschaft in Moskau die Amerikaner dazu auf, Menschenansammlungen wegen Terrorgefahr in der Hauptstadt zu meiden.\n            <\/div>\n<p><\/p>\n<div class=\"Text-root Text-type_5 ArticleView-text ViewText-root \">\n<p>Nach Angaben des russischen Pr\u00e4sidentensprechers Dmitri Peskow unterh\u00e4lt Russland aktuell keine Kontakte zu westlichen L\u00e4ndern im Kampf gegen Terroristen. Der Kreml-Sprecher unterstrich, der Kampf gegen den Terrorismus sei ein kontinuierlicher Prozess, der eine umfassende internationale Zusammenarbeit erfordere. Weiter hie\u00df es:<\/p>\n<blockquote>\n<p><em>&#8220;Aber Sie sehen, dass es diese Zusammenarbeit im Moment aufgrund der versch\u00e4rften Konfrontationsphase nicht nur in vollem Umfang, sondern auch gar nicht in irgendeinem Umfang gibt.&#8221;<\/em><\/p>\n<\/blockquote>\n<p>Auf die Frage, ob die russischen Sicherheitsdienste Hilfe ben\u00f6tigen und ob Russland im Zusammenhang mit dem Anschlag auf die &#8220;Crocus City Hall&#8221; Hilfe aus westlichen L\u00e4ndern erhielt, antwortete der Kreml-Sprecher wie folgt:<\/p>\n<blockquote>\n<p><em>&#8220;Unsere Dienste arbeiten unabh\u00e4ngig, von Hilfe kann keine Rede sein.&#8221; <\/em><\/p>\n<\/blockquote>\n<p>Peskow zufolge habe Pr\u00e4sident Wladimir Putin am Vortag telefonisch mit den Staatschefs verschiedener L\u00e4nder gesprochen, darunter Wei\u00dfrussland, Usbekistan, Tadschikistan und die T\u00fcrkei. Der Kreml-Sprecher pr\u00e4zisierte:<\/p>\n<blockquote>\n<p><em>&#8220;Dabei wurde genau die Absicht ge\u00e4u\u00dfert, die bilaterale Zusammenarbeit im Bereich der Terrorismusbek\u00e4mpfung zu verbessern und zu verst\u00e4rken.&#8221;<\/em><\/p>\n<\/blockquote>\n<p>\u00dcberdies fragten die Journalisten auch\u00a0zu Medienberichten, wonach die USA Russland vor m\u00f6glichen Terroranschl\u00e4gen gewarnt haben sollen. Auf die Frage, ob Washington konkrete Informationen zur Verf\u00fcgung gestellt hatte, erkl\u00e4rte Peskow, dass &#8220;Daten niemals dem Kreml zur Verf\u00fcgung gestellt werden, sondern den Geheimdiensten&#8221;. Das seien &#8220;sensible Informationen&#8221;, die nicht weitergegeben w\u00fcrden, f\u00fcgte er hinzu.<\/p>\n<p>Am 7. M\u00e4rz forderte die US-Botschaft in Russland die\u00a0eigenen Staatsangeh\u00f6rigen\u00a0auf, in den n\u00e4chsten 48 Stunden gro\u00dfe Menschenansammlungen in Moskau zu meiden, da extremistische Anschl\u00e4ge drohten. Die Botschaft teilte in einer Erkl\u00e4rung mit, dass sie &#8220;Berichte verfolgt, wonach Extremisten in naher Zukunft einige Anschl\u00e4ge planen&#8221;.<\/p>\n<p>Auf die Frage, ob der Terroranschlag auf die Konzerthalle mit der Warnung der US-Botschaft vom 7. M\u00e4rz zusammenh\u00e4ngt, antwortete die US-Botschaft am 22. M\u00e4rz, dass sie noch immer Informationen \u00fcber den Terroranschlag sammele. Zugleich betonte der Kommunikationsdirektor des Nationalen Sicherheitsrates der USA, John Kirby, dass Washington keine Vorabinformationen \u00fcber den Terroranschlag auf die &#8220;Crocus City Hall&#8221; gehabt habe.<\/p>\n<p><strong>Mehr zum Thema<\/strong>\u00a0\u2013 <a rel=\"nofollow noopener\" target=\"_blank\" href=\"https:\/\/kurz.rt.com\/4ap8\">Todessch\u00fctzen von Krasnogorsk in U-Haft \u2013 zwei gest\u00e4ndig, f\u00fcr alle Lebensl\u00e4nglich beantragt<\/a><\/p>\n<div class=\"EmbedBlock-root EmbedBlock-externalVideo EmbedBlock-vk\">\n<div class=\"VkEmbed\"><iframe class=\"lazyload\" data-src=\"https:\/\/vk.com\/video_ext.php?oid=-134310637&amp;id=456275537\" frameborder=\"0\" width=\"853\" height=\"480\" allowfullscreen><\/iframe><\/div>\n<\/div>\n<\/div>\n<p><br \/>\n<br \/><a href=\"https:\/\/de.rt.com\/russland\/200524-kreml-derzeit-gibt-es-keine-kontakte-zum-westen-im-bereich-der-terrorismusbekaempfung\/\">Source link <\/a><\/p>\n","protected":false},"excerpt":{"rendered":"<p>Laut dem Kreml-Sprecher Peskow gebe es derzeit keine Kontakte zwischen Russland und dem Westen im Kampf gegen den Terrorismus. Am 7. M\u00e4rz rief die US-Botschaft in Moskau die Amerikaner dazu auf, Menschenansammlungen wegen Terrorgefahr in der Hauptstadt zu meiden. Nach Angaben des russischen Pr\u00e4sidentensprechers Dmitri Peskow unterh\u00e4lt Russland aktuell keine Kontakte zu westlichen L\u00e4ndern im [&hellip;]<\/p>\n","protected":false},"author":3,"featured_media":57688,"comment_status":"open","ping_status":"open","sticky":false,"template":"","format":"standard","meta":{"_yoast_indexnow_last_ping":["1711377168"],"wp_automatic_camp":["217"],"694535ab8a66b54ef7476e83bb721423":["Kreml: Derzeit keine Kontakte zum Westen im Bereich der Terrorismusbek\u00e4mpfung"],"original_link":["https:\/\/de.rt.com\/russland\/200524-kreml-derzeit-gibt-es-keine-kontakte-zum-westen-im-bereich-der-terrorismusbekaempfung\/"],"_thumbnail_id":["57688"],"jnews_social_counter_last_update":["1777411784"],"_wptgpro_p2tg_sent2tg":["a:1:{i:23737;s:19:\"2024-03-25 16:34:02\";}"]},"categories":[19,23],"tags":[20796,82,19740,375,30140,6312,54679,378,565],"yoast_head":"<!-- This site is optimized with the Yoast SEO Premium plugin v22.7 (Yoast SEO v22.7) - https:\/\/yoast.com\/wordpress\/plugins\/seo\/ -->\n<title>Kreml: Derzeit keine Kontakte zum Westen im Bereich der Terrorismusbek\u00e4mpfung - just-now.NEWS Deutschland<\/title>\n<meta name=\"robots\" content=\"index, follow, max-snippet:-1, max-image-preview:large, max-video-preview:-1\" \/>\n<link rel=\"canonical\" href=\"https:\/\/now-news.de\/de\/deutschland\/kreml-derzeit-keine-kontakte-zum-westen-im-bereich-der-terrorismusbekaempfung\/\" \/>\n<meta property=\"og:locale\" content=\"de_DE\" \/>\n<meta property=\"og:type\" content=\"article\" \/>\n<meta property=\"og:title\" content=\"Kreml: Derzeit keine Kontakte zum Westen im Bereich der Terrorismusbek\u00e4mpfung\" \/>\n<meta property=\"og:description\" content=\"Laut dem Kreml-Sprecher Peskow gebe es derzeit keine Kontakte zwischen Russland und dem Westen im Kampf gegen den Terrorismus. Am 7. M\u00e4rz rief die US-Botschaft in Moskau die Amerikaner dazu auf, Menschenansammlungen wegen Terrorgefahr in der Hauptstadt zu meiden. Nach Angaben des russischen Pr\u00e4sidentensprechers Dmitri Peskow unterh\u00e4lt Russland aktuell keine Kontakte zu westlichen L\u00e4ndern im [&hellip;]\" \/>\n<meta property=\"og:url\" content=\"https:\/\/now-news.de\/de\/deutschland\/kreml-derzeit-keine-kontakte-zum-westen-im-bereich-der-terrorismusbekaempfung\/\" \/>\n<meta property=\"og:site_name\" content=\"just-now.NEWS Deutschland\" \/>\n<meta property=\"article:publisher\" content=\"https:\/\/www.facebook.com\/wirmachenauf\" \/>\n<meta property=\"article:published_time\" content=\"2024-03-25T14:17:17+00:00\" \/>\n<meta property=\"og:image\" content=\"https:\/\/now-news.de\/de\/wp-content\/uploads\/sites\/3\/2024\/03\/Kreml-Derzeit-keine-Kontakte-zum-Westen-im-Bereich-der-Terrorismusbekaempfung.jpg\" \/>\n\t<meta property=\"og:image:width\" content=\"460\" \/>\n\t<meta property=\"og:image:height\" content=\"259\" \/>\n\t<meta property=\"og:image:type\" content=\"image\/jpeg\" \/>\n<meta name=\"author\" content=\"rtnews\" \/>\n<meta name=\"twitter:card\" content=\"summary_large_image\" \/>\n<meta name=\"twitter:creator\" content=\"@WirMachenAuf_de\" \/>\n<meta name=\"twitter:site\" content=\"@WirMachenAuf_de\" \/>\n<meta name=\"twitter:label1\" content=\"Verfasst von\" \/>\n\t<meta name=\"twitter:data1\" content=\"rtnews\" \/>\n\t<meta name=\"twitter:label2\" content=\"Gesch\u00e4tzte Lesezeit\" \/>\n\t<meta name=\"twitter:data2\" content=\"2\u00a0Minuten\" \/>\n<script type=\"application\/ld+json\" class=\"yoast-schema-graph\">{\"@context\":\"https:\/\/schema.org\",\"@graph\":[{\"@type\":\"Article\",\"@id\":\"https:\/\/now-news.de\/de\/deutschland\/kreml-derzeit-keine-kontakte-zum-westen-im-bereich-der-terrorismusbekaempfung\/#article\",\"isPartOf\":{\"@id\":\"https:\/\/now-news.de\/de\/deutschland\/kreml-derzeit-keine-kontakte-zum-westen-im-bereich-der-terrorismusbekaempfung\/\"},\"author\":{\"name\":\"rtnews\",\"@id\":\"https:\/\/now-news.de\/de\/#\/schema\/person\/fb534a4e865501d8b3285208df34a9b5\"},\"headline\":\"Kreml: Derzeit keine Kontakte zum Westen im Bereich der Terrorismusbek\u00e4mpfung\",\"datePublished\":\"2024-03-25T14:17:17+00:00\",\"dateModified\":\"2024-03-25T14:17:17+00:00\",\"mainEntityOfPage\":{\"@id\":\"https:\/\/now-news.de\/de\/deutschland\/kreml-derzeit-keine-kontakte-zum-westen-im-bereich-der-terrorismusbekaempfung\/\"},\"wordCount\":408,\"commentCount\":0,\"publisher\":{\"@id\":\"https:\/\/now-news.de\/de\/#organization\"},\"image\":{\"@id\":\"https:\/\/now-news.de\/de\/deutschland\/kreml-derzeit-keine-kontakte-zum-westen-im-bereich-der-terrorismusbekaempfung\/#primaryimage\"},\"thumbnailUrl\":\"https:\/\/now-news.de\/de\/wp-content\/uploads\/sites\/3\/2024\/03\/Kreml-Derzeit-keine-Kontakte-zum-Westen-im-Bereich-der-Terrorismusbekaempfung.jpg\",\"keywords\":[\"Bereich\",\"der\",\"derzeit\",\"keine\",\"Kontakte\",\"Kreml\",\"Terrorismusbek\u00e4mpfung\",\"Westen\",\"zum\"],\"articleSection\":[\"Deutschland\",\"Russland\"],\"inLanguage\":\"de\",\"potentialAction\":[{\"@type\":\"CommentAction\",\"name\":\"Comment\",\"target\":[\"https:\/\/now-news.de\/de\/deutschland\/kreml-derzeit-keine-kontakte-zum-westen-im-bereich-der-terrorismusbekaempfung\/#respond\"]}]},{\"@type\":\"WebPage\",\"@id\":\"https:\/\/now-news.de\/de\/deutschland\/kreml-derzeit-keine-kontakte-zum-westen-im-bereich-der-terrorismusbekaempfung\/\",\"url\":\"https:\/\/now-news.de\/de\/deutschland\/kreml-derzeit-keine-kontakte-zum-westen-im-bereich-der-terrorismusbekaempfung\/\",\"name\":\"Kreml: Derzeit keine Kontakte zum Westen im Bereich der Terrorismusbek\u00e4mpfung - just-now.NEWS Deutschland\",\"isPartOf\":{\"@id\":\"https:\/\/now-news.de\/de\/#website\"},\"primaryImageOfPage\":{\"@id\":\"https:\/\/now-news.de\/de\/deutschland\/kreml-derzeit-keine-kontakte-zum-westen-im-bereich-der-terrorismusbekaempfung\/#primaryimage\"},\"image\":{\"@id\":\"https:\/\/now-news.de\/de\/deutschland\/kreml-derzeit-keine-kontakte-zum-westen-im-bereich-der-terrorismusbekaempfung\/#primaryimage\"},\"thumbnailUrl\":\"https:\/\/now-news.de\/de\/wp-content\/uploads\/sites\/3\/2024\/03\/Kreml-Derzeit-keine-Kontakte-zum-Westen-im-Bereich-der-Terrorismusbekaempfung.jpg\",\"datePublished\":\"2024-03-25T14:17:17+00:00\",\"dateModified\":\"2024-03-25T14:17:17+00:00\",\"breadcrumb\":{\"@id\":\"https:\/\/now-news.de\/de\/deutschland\/kreml-derzeit-keine-kontakte-zum-westen-im-bereich-der-terrorismusbekaempfung\/#breadcrumb\"},\"inLanguage\":\"de\",\"potentialAction\":[{\"@type\":\"ReadAction\",\"target\":[\"https:\/\/now-news.de\/de\/deutschland\/kreml-derzeit-keine-kontakte-zum-westen-im-bereich-der-terrorismusbekaempfung\/\"]}]},{\"@type\":\"ImageObject\",\"inLanguage\":\"de\",\"@id\":\"https:\/\/now-news.de\/de\/deutschland\/kreml-derzeit-keine-kontakte-zum-westen-im-bereich-der-terrorismusbekaempfung\/#primaryimage\",\"url\":\"https:\/\/now-news.de\/de\/wp-content\/uploads\/sites\/3\/2024\/03\/Kreml-Derzeit-keine-Kontakte-zum-Westen-im-Bereich-der-Terrorismusbekaempfung.jpg\",\"contentUrl\":\"https:\/\/now-news.de\/de\/wp-content\/uploads\/sites\/3\/2024\/03\/Kreml-Derzeit-keine-Kontakte-zum-Westen-im-Bereich-der-Terrorismusbekaempfung.jpg\",\"width\":460,\"height\":259,\"caption\":\"Kreml: Derzeit keine Kontakte zum Westen im Bereich der Terrorismusbek\u00e4mpfung\"},{\"@type\":\"BreadcrumbList\",\"@id\":\"https:\/\/now-news.de\/de\/deutschland\/kreml-derzeit-keine-kontakte-zum-westen-im-bereich-der-terrorismusbekaempfung\/#breadcrumb\",\"itemListElement\":[{\"@type\":\"ListItem\",\"position\":1,\"name\":\"Home\",\"item\":\"https:\/\/now-news.de\/de\/\"},{\"@type\":\"ListItem\",\"position\":2,\"name\":\"Kreml: Derzeit keine Kontakte zum Westen im Bereich der Terrorismusbek\u00e4mpfung\"}]},{\"@type\":\"WebSite\",\"@id\":\"https:\/\/now-news.de\/de\/#website\",\"url\":\"https:\/\/now-news.de\/de\/\",\"name\":\"just-now.NEWS Deutschland\",\"description\":\"Das Portal f\u00fcr unzensierte Nachrichten aus der Welt\",\"publisher\":{\"@id\":\"https:\/\/now-news.de\/de\/#organization\"},\"potentialAction\":[{\"@type\":\"SearchAction\",\"target\":{\"@type\":\"EntryPoint\",\"urlTemplate\":\"https:\/\/now-news.de\/de\/?s={search_term_string}\"},\"query-input\":\"required name=search_term_string\"}],\"inLanguage\":\"de\"},{\"@type\":\"Organization\",\"@id\":\"https:\/\/now-news.de\/de\/#organization\",\"name\":\"Just Now News\",\"url\":\"https:\/\/now-news.de\/de\/\",\"logo\":{\"@type\":\"ImageObject\",\"inLanguage\":\"de\",\"@id\":\"https:\/\/now-news.de\/de\/#\/schema\/logo\/image\/\",\"url\":\"http:\/\/just-now.news\/de\/wp-content\/uploads\/sites\/3\/2022\/04\/logo500x500.jpg\",\"contentUrl\":\"http:\/\/just-now.news\/de\/wp-content\/uploads\/sites\/3\/2022\/04\/logo500x500.jpg\",\"width\":500,\"height\":500,\"caption\":\"Just Now News\"},\"image\":{\"@id\":\"https:\/\/now-news.de\/de\/#\/schema\/logo\/image\/\"},\"sameAs\":[\"https:\/\/www.facebook.com\/wirmachenauf\",\"https:\/\/x.com\/WirMachenAuf_de\"]},{\"@type\":\"Person\",\"@id\":\"https:\/\/now-news.de\/de\/#\/schema\/person\/fb534a4e865501d8b3285208df34a9b5\",\"name\":\"rtnews\",\"image\":{\"@type\":\"ImageObject\",\"inLanguage\":\"de\",\"@id\":\"https:\/\/now-news.de\/de\/#\/schema\/person\/image\/\",\"url\":\"https:\/\/secure.gravatar.com\/avatar\/82aafea7d8127119dd649515f56e2117?s=96&d=mm&r=g\",\"contentUrl\":\"https:\/\/secure.gravatar.com\/avatar\/82aafea7d8127119dd649515f56e2117?s=96&d=mm&r=g\",\"caption\":\"rtnews\"},\"url\":\"https:\/\/now-news.de\/de\/author\/rnews\/\"}]}<\/script>\n<!-- \/ Yoast SEO Premium plugin. -->","yoast_head_json":{"title":"Kreml: Derzeit keine Kontakte zum Westen im Bereich der Terrorismusbek\u00e4mpfung - just-now.NEWS Deutschland","robots":{"index":"index","follow":"follow","max-snippet":"max-snippet:-1","max-image-preview":"max-image-preview:large","max-video-preview":"max-video-preview:-1"},"canonical":"https:\/\/now-news.de\/de\/deutschland\/kreml-derzeit-keine-kontakte-zum-westen-im-bereich-der-terrorismusbekaempfung\/","og_locale":"de_DE","og_type":"article","og_title":"Kreml: Derzeit keine Kontakte zum Westen im Bereich der Terrorismusbek\u00e4mpfung","og_description":"Laut dem Kreml-Sprecher Peskow gebe es derzeit keine Kontakte zwischen Russland und dem Westen im Kampf gegen den Terrorismus. Am 7. M\u00e4rz rief die US-Botschaft in Moskau die Amerikaner dazu auf, Menschenansammlungen wegen Terrorgefahr in der Hauptstadt zu meiden. Nach Angaben des russischen Pr\u00e4sidentensprechers Dmitri Peskow unterh\u00e4lt Russland aktuell keine Kontakte zu westlichen L\u00e4ndern im [&hellip;]","og_url":"https:\/\/now-news.de\/de\/deutschland\/kreml-derzeit-keine-kontakte-zum-westen-im-bereich-der-terrorismusbekaempfung\/","og_site_name":"just-now.NEWS Deutschland","article_publisher":"https:\/\/www.facebook.com\/wirmachenauf","article_published_time":"2024-03-25T14:17:17+00:00","og_image":[{"width":460,"height":259,"url":"https:\/\/now-news.de\/de\/wp-content\/uploads\/sites\/3\/2024\/03\/Kreml-Derzeit-keine-Kontakte-zum-Westen-im-Bereich-der-Terrorismusbekaempfung.jpg","type":"image\/jpeg"}],"author":"rtnews","twitter_card":"summary_large_image","twitter_creator":"@WirMachenAuf_de","twitter_site":"@WirMachenAuf_de","twitter_misc":{"Verfasst von":"rtnews","Gesch\u00e4tzte Lesezeit":"2\u00a0Minuten"},"schema":{"@context":"https:\/\/schema.org","@graph":[{"@type":"Article","@id":"https:\/\/now-news.de\/de\/deutschland\/kreml-derzeit-keine-kontakte-zum-westen-im-bereich-der-terrorismusbekaempfung\/#article","isPartOf":{"@id":"https:\/\/now-news.de\/de\/deutschland\/kreml-derzeit-keine-kontakte-zum-westen-im-bereich-der-terrorismusbekaempfung\/"},"author":{"name":"rtnews","@id":"https:\/\/now-news.de\/de\/#\/schema\/person\/fb534a4e865501d8b3285208df34a9b5"},"headline":"Kreml: Derzeit keine Kontakte zum Westen im Bereich der Terrorismusbek\u00e4mpfung","datePublished":"2024-03-25T14:17:17+00:00","dateModified":"2024-03-25T14:17:17+00:00","mainEntityOfPage":{"@id":"https:\/\/now-news.de\/de\/deutschland\/kreml-derzeit-keine-kontakte-zum-westen-im-bereich-der-terrorismusbekaempfung\/"},"wordCount":408,"commentCount":0,"publisher":{"@id":"https:\/\/now-news.de\/de\/#organization"},"image":{"@id":"https:\/\/now-news.de\/de\/deutschland\/kreml-derzeit-keine-kontakte-zum-westen-im-bereich-der-terrorismusbekaempfung\/#primaryimage"},"thumbnailUrl":"https:\/\/now-news.de\/de\/wp-content\/uploads\/sites\/3\/2024\/03\/Kreml-Derzeit-keine-Kontakte-zum-Westen-im-Bereich-der-Terrorismusbekaempfung.jpg","keywords":["Bereich","der","derzeit","keine","Kontakte","Kreml","Terrorismusbek\u00e4mpfung","Westen","zum"],"articleSection":["Deutschland","Russland"],"inLanguage":"de","potentialAction":[{"@type":"CommentAction","name":"Comment","target":["https:\/\/now-news.de\/de\/deutschland\/kreml-derzeit-keine-kontakte-zum-westen-im-bereich-der-terrorismusbekaempfung\/#respond"]}]},{"@type":"WebPage","@id":"https:\/\/now-news.de\/de\/deutschland\/kreml-derzeit-keine-kontakte-zum-westen-im-bereich-der-terrorismusbekaempfung\/","url":"https:\/\/now-news.de\/de\/deutschland\/kreml-derzeit-keine-kontakte-zum-westen-im-bereich-der-terrorismusbekaempfung\/","name":"Kreml: Derzeit keine Kontakte zum Westen im Bereich der Terrorismusbek\u00e4mpfung - just-now.NEWS Deutschland","isPartOf":{"@id":"https:\/\/now-news.de\/de\/#website"},"primaryImageOfPage":{"@id":"https:\/\/now-news.de\/de\/deutschland\/kreml-derzeit-keine-kontakte-zum-westen-im-bereich-der-terrorismusbekaempfung\/#primaryimage"},"image":{"@id":"https:\/\/now-news.de\/de\/deutschland\/kreml-derzeit-keine-kontakte-zum-westen-im-bereich-der-terrorismusbekaempfung\/#primaryimage"},"thumbnailUrl":"https:\/\/now-news.de\/de\/wp-content\/uploads\/sites\/3\/2024\/03\/Kreml-Derzeit-keine-Kontakte-zum-Westen-im-Bereich-der-Terrorismusbekaempfung.jpg","datePublished":"2024-03-25T14:17:17+00:00","dateModified":"2024-03-25T14:17:17+00:00","breadcrumb":{"@id":"https:\/\/now-news.de\/de\/deutschland\/kreml-derzeit-keine-kontakte-zum-westen-im-bereich-der-terrorismusbekaempfung\/#breadcrumb"},"inLanguage":"de","potentialAction":[{"@type":"ReadAction","target":["https:\/\/now-news.de\/de\/deutschland\/kreml-derzeit-keine-kontakte-zum-westen-im-bereich-der-terrorismusbekaempfung\/"]}]},{"@type":"ImageObject","inLanguage":"de","@id":"https:\/\/now-news.de\/de\/deutschland\/kreml-derzeit-keine-kontakte-zum-westen-im-bereich-der-terrorismusbekaempfung\/#primaryimage","url":"https:\/\/now-news.de\/de\/wp-content\/uploads\/sites\/3\/2024\/03\/Kreml-Derzeit-keine-Kontakte-zum-Westen-im-Bereich-der-Terrorismusbekaempfung.jpg","contentUrl":"https:\/\/now-news.de\/de\/wp-content\/uploads\/sites\/3\/2024\/03\/Kreml-Derzeit-keine-Kontakte-zum-Westen-im-Bereich-der-Terrorismusbekaempfung.jpg","width":460,"height":259,"caption":"Kreml: Derzeit keine Kontakte zum Westen im Bereich der Terrorismusbek\u00e4mpfung"},{"@type":"BreadcrumbList","@id":"https:\/\/now-news.de\/de\/deutschland\/kreml-derzeit-keine-kontakte-zum-westen-im-bereich-der-terrorismusbekaempfung\/#breadcrumb","itemListElement":[{"@type":"ListItem","position":1,"name":"Home","item":"https:\/\/now-news.de\/de\/"},{"@type":"ListItem","position":2,"name":"Kreml: Derzeit keine Kontakte zum Westen im Bereich der Terrorismusbek\u00e4mpfung"}]},{"@type":"WebSite","@id":"https:\/\/now-news.de\/de\/#website","url":"https:\/\/now-news.de\/de\/","name":"just-now.NEWS Deutschland","description":"Das Portal f\u00fcr unzensierte Nachrichten aus der Welt","publisher":{"@id":"https:\/\/now-news.de\/de\/#organization"},"potentialAction":[{"@type":"SearchAction","target":{"@type":"EntryPoint","urlTemplate":"https:\/\/now-news.de\/de\/?s={search_term_string}"},"query-input":"required name=search_term_string"}],"inLanguage":"de"},{"@type":"Organization","@id":"https:\/\/now-news.de\/de\/#organization","name":"Just Now News","url":"https:\/\/now-news.de\/de\/","logo":{"@type":"ImageObject","inLanguage":"de","@id":"https:\/\/now-news.de\/de\/#\/schema\/logo\/image\/","url":"http:\/\/just-now.news\/de\/wp-content\/uploads\/sites\/3\/2022\/04\/logo500x500.jpg","contentUrl":"http:\/\/just-now.news\/de\/wp-content\/uploads\/sites\/3\/2022\/04\/logo500x500.jpg","width":500,"height":500,"caption":"Just Now News"},"image":{"@id":"https:\/\/now-news.de\/de\/#\/schema\/logo\/image\/"},"sameAs":["https:\/\/www.facebook.com\/wirmachenauf","https:\/\/x.com\/WirMachenAuf_de"]},{"@type":"Person","@id":"https:\/\/now-news.de\/de\/#\/schema\/person\/fb534a4e865501d8b3285208df34a9b5","name":"rtnews","image":{"@type":"ImageObject","inLanguage":"de","@id":"https:\/\/now-news.de\/de\/#\/schema\/person\/image\/","url":"https:\/\/secure.gravatar.com\/avatar\/82aafea7d8127119dd649515f56e2117?s=96&d=mm&r=g","contentUrl":"https:\/\/secure.gravatar.com\/avatar\/82aafea7d8127119dd649515f56e2117?s=96&d=mm&r=g","caption":"rtnews"},"url":"https:\/\/now-news.de\/de\/author\/rnews\/"}]}},"_links":{"self":[{"href":"https:\/\/now-news.de\/de\/wp-json\/wp\/v2\/posts\/57687"}],"collection":[{"href":"https:\/\/now-news.de\/de\/wp-json\/wp\/v2\/posts"}],"about":[{"href":"https:\/\/now-news.de\/de\/wp-json\/wp\/v2\/types\/post"}],"author":[{"embeddable":true,"href":"https:\/\/now-news.de\/de\/wp-json\/wp\/v2\/users\/3"}],"replies":[{"embeddable":true,"href":"https:\/\/now-news.de\/de\/wp-json\/wp\/v2\/comments?post=57687"}],"version-history":[{"count":0,"href":"https:\/\/now-news.de\/de\/wp-json\/wp\/v2\/posts\/57687\/revisions"}],"wp:featuredmedia":[{"embeddable":true,"href":"https:\/\/now-news.de\/de\/wp-json\/wp\/v2\/media\/57688"}],"wp:attachment":[{"href":"https:\/\/now-news.de\/de\/wp-json\/wp\/v2\/media?parent=57687"}],"wp:term":[{"taxonomy":"category","embeddable":true,"href":"https:\/\/now-news.de\/de\/wp-json\/wp\/v2\/categories?post=57687"},{"taxonomy":"post_tag","embeddable":true,"href":"https:\/\/now-news.de\/de\/wp-json\/wp\/v2\/tags?post=57687"}],"curies":[{"name":"wp","href":"https:\/\/api.w.org\/{rel}","templated":true}]}}