{"id":57656,"date":"2024-03-24T19:11:16","date_gmt":"2024-03-24T17:11:16","guid":{"rendered":"https:\/\/just-now.news\/de\/deutschland\/eu-staat-sperrt-telegram-voruebergehend\/"},"modified":"2024-03-24T19:11:16","modified_gmt":"2024-03-24T17:11:16","slug":"eu-staat-sperrt-telegram-voruebergehend","status":"publish","type":"post","link":"https:\/\/now-news.de\/de\/deutschland\/eu-staat-sperrt-telegram-voruebergehend\/","title":{"rendered":"EU-Staat sperrt Telegram vor\u00fcbergehend"},"content":{"rendered":"<p><img decoding=\"async\" src=\"http:\/\/just-now.news\/de\/wp-content\/uploads\/sites\/3\/2024\/03\/66004f0248fbef691e364d81.jpg\" \/><\/p>\n<div class=\"Text-root Text-type_1 \">\n                Der Kurznachrichtendienst Telegram soll in Spanien ab der kommenden Woche vor\u00fcbergehend gesperrt werden. Das entschied das Nationalgericht Spaniens nach mehreren Urheberrechtsbeschwerden. Telegram soll der viertbeliebteste Messenger-Dienst landesweit sein.\n            <\/div>\n<p><\/p>\n<div class=\"Text-root Text-type_5 ArticleView-text ViewText-root \">\n<p>Der spanische Nationale Gerichtshof hat Internetprovider angewiesen, die Nutzung des Instant-Messenger-Dienstes Telegram auszusetzen, bis eine Untersuchung \u00fcber angebliche Urheberrechtsverletzungen abgeschlossen ist. Die Entscheidung fiel, nachdem die vier f\u00fchrenden spanischen Medienunternehmen \u2013 Mediaset, Atresmedia, Movistar und Egeda \u2013 eine Klage eingereicht hatten, in der sie behaupteten, dass die Plattform den Nutzern erlaube, ihre Inhalte ohne Erlaubnis zu verbreiten.<\/p>\n<p>Lokalen Medien zufolge forderte der Richter Santiago Pedraz im Rahmen der Untersuchung bestimmte Informationen von der Telegram-Leitung an. Nachdem dieser Aufforderung nicht nachgekommen wurde, ordnete der Richter an, den Zugang zu der App ab Montag zu sperren. Santiago Pedraz bezeichnete die Ma\u00dfnahme als &#8220;vorsorglich&#8221; und begr\u00fcndete sie mit der mangelnden Kooperationsbereitschaft von Telegram. Es wird erwartet, dass die Sperrung w\u00e4hrend der gesamten Ermittlungen andauern wird.<\/p>\n<p>Die Entscheidung stie\u00df bereits auf breite Kritik. Die Verbraucherschutzorganisation FACUA bezeichnete sie als &#8220;absolut unverh\u00e4ltnism\u00e4\u00dfig&#8221; und betonte, die Sperrung des beliebten Dienstes werde &#8220;enormen Schaden&#8221; anrichten. FACUA-Generalsekret\u00e4r Ruben Sanchez w\u00f6rtlich:<\/p>\n<blockquote>\n<p><em>&#8220;Das w\u00e4re so, als w\u00fcrde man das Internet abschalten, weil es Webseiten gibt, die illegal urheberrechtlich gesch\u00fctzte Inhalte hosten, oder das gesamte Fernsehsignal kappen, weil es Kan\u00e4le gibt, die Piraterie betreiben.&#8221;<\/em><\/p>\n<\/blockquote>\n<p>Fernando Suarez, der Pr\u00e4sident des Allgemeinen Rates der Berufsverb\u00e4nde der Computertechnik in Spanien, \u00e4u\u00dferte sich \u00e4hnlich und verglich die Sperrung von Telegram mit der &#8220;vollst\u00e4ndigen Sperrung einer Provinz in unserem Land, weil es in diesem Gebiet einen Fall von Drogenhandel oder Diebstahl gab&#8221;.<\/p>\n<p>Laut einer von der unabh\u00e4ngigen Wettbewerbsbeh\u00f6rde CNMC durchgef\u00fchrten Umfrage nutzen fast 19 Prozent der Spanier Telegram. Demnach ist Telegram der viertbeliebteste Messenger-Dienst in Spanien.<\/p>\n<p>Telegram ist ein cloudbasierter Dienst, der es den Nutzern erm\u00f6glicht, Textnachrichten auszutauschen, Mediendateien zu teilen und Sprachanrufe sowie \u00f6ffentliche Livestreams durchzuf\u00fchren. Die Plattform wurde 2013 von dem in Russland geborenen Unternehmer Pawel Durow gegr\u00fcndet. Weltweit hatte Telegram im Jahr 2023 mehr als 700 Millionen monatlich aktive Nutzer.<\/p>\n<p><strong>Mehr zum Thema<\/strong> &#8211; <a rel=\"nofollow noopener\" target=\"_blank\" href=\"https:\/\/kurz.rt.com\/305u\">Telegram soll Nutzerdaten an Beh\u00f6rden weitergegeben haben<\/a><\/p>\n<\/div>\n<p><br \/>\n<br \/><a href=\"https:\/\/de.rt.com\/europa\/200464-eu-staat-sperrt-telegram-voruebergehend\/\">Source link <\/a><\/p>\n","protected":false},"excerpt":{"rendered":"<p>Der Kurznachrichtendienst Telegram soll in Spanien ab der kommenden Woche vor\u00fcbergehend gesperrt werden. Das entschied das Nationalgericht Spaniens nach mehreren Urheberrechtsbeschwerden. Telegram soll der viertbeliebteste Messenger-Dienst landesweit sein. Der spanische Nationale Gerichtshof hat Internetprovider angewiesen, die Nutzung des Instant-Messenger-Dienstes Telegram auszusetzen, bis eine Untersuchung \u00fcber angebliche Urheberrechtsverletzungen abgeschlossen ist. Die Entscheidung fiel, nachdem die vier [&hellip;]<\/p>\n","protected":false},"author":3,"featured_media":57657,"comment_status":"open","ping_status":"open","sticky":false,"template":"","format":"standard","meta":{"_yoast_indexnow_last_ping":["1711302099"],"wp_automatic_camp":["217"],"622316e518cc42d557cf22fe05f6e136":["EU-Staat sperrt Telegram vor\u00fcbergehend"],"original_link":["https:\/\/de.rt.com\/europa\/200464-eu-staat-sperrt-telegram-voruebergehend\/"],"_thumbnail_id":["57657"],"_wptgpro_p2tg_sent2tg":["a:1:{i:23737;s:19:\"2024-03-24 19:42:40\";}"],"jnews_social_counter_last_update":["1777151136"]},"categories":[19,23],"tags":[41110,9894,6527,22616],"yoast_head":"<!-- This site is optimized with the Yoast SEO Premium plugin v22.7 (Yoast SEO v22.7) - https:\/\/yoast.com\/wordpress\/plugins\/seo\/ -->\n<title>EU-Staat sperrt Telegram vor\u00fcbergehend - just-now.NEWS Deutschland<\/title>\n<meta name=\"robots\" content=\"index, follow, max-snippet:-1, max-image-preview:large, max-video-preview:-1\" \/>\n<link rel=\"canonical\" href=\"https:\/\/now-news.de\/de\/deutschland\/eu-staat-sperrt-telegram-voruebergehend\/\" \/>\n<meta property=\"og:locale\" content=\"de_DE\" \/>\n<meta property=\"og:type\" content=\"article\" \/>\n<meta property=\"og:title\" content=\"EU-Staat sperrt Telegram vor\u00fcbergehend\" \/>\n<meta property=\"og:description\" content=\"Der Kurznachrichtendienst Telegram soll in Spanien ab der kommenden Woche vor\u00fcbergehend gesperrt werden. Das entschied das Nationalgericht Spaniens nach mehreren Urheberrechtsbeschwerden. Telegram soll der viertbeliebteste Messenger-Dienst landesweit sein. Der spanische Nationale Gerichtshof hat Internetprovider angewiesen, die Nutzung des Instant-Messenger-Dienstes Telegram auszusetzen, bis eine Untersuchung \u00fcber angebliche Urheberrechtsverletzungen abgeschlossen ist. Die Entscheidung fiel, nachdem die vier [&hellip;]\" \/>\n<meta property=\"og:url\" content=\"https:\/\/now-news.de\/de\/deutschland\/eu-staat-sperrt-telegram-voruebergehend\/\" \/>\n<meta property=\"og:site_name\" content=\"just-now.NEWS Deutschland\" \/>\n<meta property=\"article:publisher\" content=\"https:\/\/www.facebook.com\/wirmachenauf\" \/>\n<meta property=\"article:published_time\" content=\"2024-03-24T17:11:16+00:00\" \/>\n<meta property=\"og:image\" content=\"https:\/\/now-news.de\/de\/wp-content\/uploads\/sites\/3\/2024\/03\/EU-Staat-sperrt-Telegram-voruebergehend.jpg\" \/>\n\t<meta property=\"og:image:width\" content=\"460\" \/>\n\t<meta property=\"og:image:height\" content=\"259\" \/>\n\t<meta property=\"og:image:type\" content=\"image\/jpeg\" \/>\n<meta name=\"author\" content=\"rtnews\" \/>\n<meta name=\"twitter:card\" content=\"summary_large_image\" \/>\n<meta name=\"twitter:creator\" content=\"@WirMachenAuf_de\" \/>\n<meta name=\"twitter:site\" content=\"@WirMachenAuf_de\" \/>\n<meta name=\"twitter:label1\" content=\"Verfasst von\" \/>\n\t<meta name=\"twitter:data1\" content=\"rtnews\" \/>\n\t<meta name=\"twitter:label2\" content=\"Gesch\u00e4tzte Lesezeit\" \/>\n\t<meta name=\"twitter:data2\" content=\"2\u00a0Minuten\" \/>\n<script type=\"application\/ld+json\" class=\"yoast-schema-graph\">{\"@context\":\"https:\/\/schema.org\",\"@graph\":[{\"@type\":\"Article\",\"@id\":\"https:\/\/now-news.de\/de\/deutschland\/eu-staat-sperrt-telegram-voruebergehend\/#article\",\"isPartOf\":{\"@id\":\"https:\/\/now-news.de\/de\/deutschland\/eu-staat-sperrt-telegram-voruebergehend\/\"},\"author\":{\"name\":\"rtnews\",\"@id\":\"https:\/\/now-news.de\/de\/#\/schema\/person\/fb534a4e865501d8b3285208df34a9b5\"},\"headline\":\"EU-Staat sperrt Telegram vor\u00fcbergehend\",\"datePublished\":\"2024-03-24T17:11:16+00:00\",\"dateModified\":\"2024-03-24T17:11:16+00:00\",\"mainEntityOfPage\":{\"@id\":\"https:\/\/now-news.de\/de\/deutschland\/eu-staat-sperrt-telegram-voruebergehend\/\"},\"wordCount\":362,\"commentCount\":0,\"publisher\":{\"@id\":\"https:\/\/now-news.de\/de\/#organization\"},\"image\":{\"@id\":\"https:\/\/now-news.de\/de\/deutschland\/eu-staat-sperrt-telegram-voruebergehend\/#primaryimage\"},\"thumbnailUrl\":\"https:\/\/now-news.de\/de\/wp-content\/uploads\/sites\/3\/2024\/03\/EU-Staat-sperrt-Telegram-voruebergehend.jpg\",\"keywords\":[\"EUStaat\",\"sperrt\",\"Telegram\",\"vor\u00fcbergehend\"],\"articleSection\":[\"Deutschland\",\"Russland\"],\"inLanguage\":\"de\",\"potentialAction\":[{\"@type\":\"CommentAction\",\"name\":\"Comment\",\"target\":[\"https:\/\/now-news.de\/de\/deutschland\/eu-staat-sperrt-telegram-voruebergehend\/#respond\"]}]},{\"@type\":\"WebPage\",\"@id\":\"https:\/\/now-news.de\/de\/deutschland\/eu-staat-sperrt-telegram-voruebergehend\/\",\"url\":\"https:\/\/now-news.de\/de\/deutschland\/eu-staat-sperrt-telegram-voruebergehend\/\",\"name\":\"EU-Staat sperrt Telegram vor\u00fcbergehend - just-now.NEWS Deutschland\",\"isPartOf\":{\"@id\":\"https:\/\/now-news.de\/de\/#website\"},\"primaryImageOfPage\":{\"@id\":\"https:\/\/now-news.de\/de\/deutschland\/eu-staat-sperrt-telegram-voruebergehend\/#primaryimage\"},\"image\":{\"@id\":\"https:\/\/now-news.de\/de\/deutschland\/eu-staat-sperrt-telegram-voruebergehend\/#primaryimage\"},\"thumbnailUrl\":\"https:\/\/now-news.de\/de\/wp-content\/uploads\/sites\/3\/2024\/03\/EU-Staat-sperrt-Telegram-voruebergehend.jpg\",\"datePublished\":\"2024-03-24T17:11:16+00:00\",\"dateModified\":\"2024-03-24T17:11:16+00:00\",\"breadcrumb\":{\"@id\":\"https:\/\/now-news.de\/de\/deutschland\/eu-staat-sperrt-telegram-voruebergehend\/#breadcrumb\"},\"inLanguage\":\"de\",\"potentialAction\":[{\"@type\":\"ReadAction\",\"target\":[\"https:\/\/now-news.de\/de\/deutschland\/eu-staat-sperrt-telegram-voruebergehend\/\"]}]},{\"@type\":\"ImageObject\",\"inLanguage\":\"de\",\"@id\":\"https:\/\/now-news.de\/de\/deutschland\/eu-staat-sperrt-telegram-voruebergehend\/#primaryimage\",\"url\":\"https:\/\/now-news.de\/de\/wp-content\/uploads\/sites\/3\/2024\/03\/EU-Staat-sperrt-Telegram-voruebergehend.jpg\",\"contentUrl\":\"https:\/\/now-news.de\/de\/wp-content\/uploads\/sites\/3\/2024\/03\/EU-Staat-sperrt-Telegram-voruebergehend.jpg\",\"width\":460,\"height\":259,\"caption\":\"EU-Staat sperrt Telegram vor\u00fcbergehend\"},{\"@type\":\"BreadcrumbList\",\"@id\":\"https:\/\/now-news.de\/de\/deutschland\/eu-staat-sperrt-telegram-voruebergehend\/#breadcrumb\",\"itemListElement\":[{\"@type\":\"ListItem\",\"position\":1,\"name\":\"Home\",\"item\":\"https:\/\/now-news.de\/de\/\"},{\"@type\":\"ListItem\",\"position\":2,\"name\":\"EU-Staat sperrt Telegram vor\u00fcbergehend\"}]},{\"@type\":\"WebSite\",\"@id\":\"https:\/\/now-news.de\/de\/#website\",\"url\":\"https:\/\/now-news.de\/de\/\",\"name\":\"just-now.NEWS Deutschland\",\"description\":\"Das Portal f\u00fcr unzensierte Nachrichten aus der Welt\",\"publisher\":{\"@id\":\"https:\/\/now-news.de\/de\/#organization\"},\"potentialAction\":[{\"@type\":\"SearchAction\",\"target\":{\"@type\":\"EntryPoint\",\"urlTemplate\":\"https:\/\/now-news.de\/de\/?s={search_term_string}\"},\"query-input\":\"required name=search_term_string\"}],\"inLanguage\":\"de\"},{\"@type\":\"Organization\",\"@id\":\"https:\/\/now-news.de\/de\/#organization\",\"name\":\"Just Now News\",\"url\":\"https:\/\/now-news.de\/de\/\",\"logo\":{\"@type\":\"ImageObject\",\"inLanguage\":\"de\",\"@id\":\"https:\/\/now-news.de\/de\/#\/schema\/logo\/image\/\",\"url\":\"http:\/\/just-now.news\/de\/wp-content\/uploads\/sites\/3\/2022\/04\/logo500x500.jpg\",\"contentUrl\":\"http:\/\/just-now.news\/de\/wp-content\/uploads\/sites\/3\/2022\/04\/logo500x500.jpg\",\"width\":500,\"height\":500,\"caption\":\"Just Now News\"},\"image\":{\"@id\":\"https:\/\/now-news.de\/de\/#\/schema\/logo\/image\/\"},\"sameAs\":[\"https:\/\/www.facebook.com\/wirmachenauf\",\"https:\/\/x.com\/WirMachenAuf_de\"]},{\"@type\":\"Person\",\"@id\":\"https:\/\/now-news.de\/de\/#\/schema\/person\/fb534a4e865501d8b3285208df34a9b5\",\"name\":\"rtnews\",\"image\":{\"@type\":\"ImageObject\",\"inLanguage\":\"de\",\"@id\":\"https:\/\/now-news.de\/de\/#\/schema\/person\/image\/\",\"url\":\"https:\/\/secure.gravatar.com\/avatar\/82aafea7d8127119dd649515f56e2117?s=96&d=mm&r=g\",\"contentUrl\":\"https:\/\/secure.gravatar.com\/avatar\/82aafea7d8127119dd649515f56e2117?s=96&d=mm&r=g\",\"caption\":\"rtnews\"},\"url\":\"https:\/\/now-news.de\/de\/author\/rnews\/\"}]}<\/script>\n<!-- \/ Yoast SEO Premium plugin. -->","yoast_head_json":{"title":"EU-Staat sperrt Telegram vor\u00fcbergehend - just-now.NEWS Deutschland","robots":{"index":"index","follow":"follow","max-snippet":"max-snippet:-1","max-image-preview":"max-image-preview:large","max-video-preview":"max-video-preview:-1"},"canonical":"https:\/\/now-news.de\/de\/deutschland\/eu-staat-sperrt-telegram-voruebergehend\/","og_locale":"de_DE","og_type":"article","og_title":"EU-Staat sperrt Telegram vor\u00fcbergehend","og_description":"Der Kurznachrichtendienst Telegram soll in Spanien ab der kommenden Woche vor\u00fcbergehend gesperrt werden. Das entschied das Nationalgericht Spaniens nach mehreren Urheberrechtsbeschwerden. Telegram soll der viertbeliebteste Messenger-Dienst landesweit sein. Der spanische Nationale Gerichtshof hat Internetprovider angewiesen, die Nutzung des Instant-Messenger-Dienstes Telegram auszusetzen, bis eine Untersuchung \u00fcber angebliche Urheberrechtsverletzungen abgeschlossen ist. Die Entscheidung fiel, nachdem die vier [&hellip;]","og_url":"https:\/\/now-news.de\/de\/deutschland\/eu-staat-sperrt-telegram-voruebergehend\/","og_site_name":"just-now.NEWS Deutschland","article_publisher":"https:\/\/www.facebook.com\/wirmachenauf","article_published_time":"2024-03-24T17:11:16+00:00","og_image":[{"width":460,"height":259,"url":"https:\/\/now-news.de\/de\/wp-content\/uploads\/sites\/3\/2024\/03\/EU-Staat-sperrt-Telegram-voruebergehend.jpg","type":"image\/jpeg"}],"author":"rtnews","twitter_card":"summary_large_image","twitter_creator":"@WirMachenAuf_de","twitter_site":"@WirMachenAuf_de","twitter_misc":{"Verfasst von":"rtnews","Gesch\u00e4tzte Lesezeit":"2\u00a0Minuten"},"schema":{"@context":"https:\/\/schema.org","@graph":[{"@type":"Article","@id":"https:\/\/now-news.de\/de\/deutschland\/eu-staat-sperrt-telegram-voruebergehend\/#article","isPartOf":{"@id":"https:\/\/now-news.de\/de\/deutschland\/eu-staat-sperrt-telegram-voruebergehend\/"},"author":{"name":"rtnews","@id":"https:\/\/now-news.de\/de\/#\/schema\/person\/fb534a4e865501d8b3285208df34a9b5"},"headline":"EU-Staat sperrt Telegram vor\u00fcbergehend","datePublished":"2024-03-24T17:11:16+00:00","dateModified":"2024-03-24T17:11:16+00:00","mainEntityOfPage":{"@id":"https:\/\/now-news.de\/de\/deutschland\/eu-staat-sperrt-telegram-voruebergehend\/"},"wordCount":362,"commentCount":0,"publisher":{"@id":"https:\/\/now-news.de\/de\/#organization"},"image":{"@id":"https:\/\/now-news.de\/de\/deutschland\/eu-staat-sperrt-telegram-voruebergehend\/#primaryimage"},"thumbnailUrl":"https:\/\/now-news.de\/de\/wp-content\/uploads\/sites\/3\/2024\/03\/EU-Staat-sperrt-Telegram-voruebergehend.jpg","keywords":["EUStaat","sperrt","Telegram","vor\u00fcbergehend"],"articleSection":["Deutschland","Russland"],"inLanguage":"de","potentialAction":[{"@type":"CommentAction","name":"Comment","target":["https:\/\/now-news.de\/de\/deutschland\/eu-staat-sperrt-telegram-voruebergehend\/#respond"]}]},{"@type":"WebPage","@id":"https:\/\/now-news.de\/de\/deutschland\/eu-staat-sperrt-telegram-voruebergehend\/","url":"https:\/\/now-news.de\/de\/deutschland\/eu-staat-sperrt-telegram-voruebergehend\/","name":"EU-Staat sperrt Telegram vor\u00fcbergehend - just-now.NEWS Deutschland","isPartOf":{"@id":"https:\/\/now-news.de\/de\/#website"},"primaryImageOfPage":{"@id":"https:\/\/now-news.de\/de\/deutschland\/eu-staat-sperrt-telegram-voruebergehend\/#primaryimage"},"image":{"@id":"https:\/\/now-news.de\/de\/deutschland\/eu-staat-sperrt-telegram-voruebergehend\/#primaryimage"},"thumbnailUrl":"https:\/\/now-news.de\/de\/wp-content\/uploads\/sites\/3\/2024\/03\/EU-Staat-sperrt-Telegram-voruebergehend.jpg","datePublished":"2024-03-24T17:11:16+00:00","dateModified":"2024-03-24T17:11:16+00:00","breadcrumb":{"@id":"https:\/\/now-news.de\/de\/deutschland\/eu-staat-sperrt-telegram-voruebergehend\/#breadcrumb"},"inLanguage":"de","potentialAction":[{"@type":"ReadAction","target":["https:\/\/now-news.de\/de\/deutschland\/eu-staat-sperrt-telegram-voruebergehend\/"]}]},{"@type":"ImageObject","inLanguage":"de","@id":"https:\/\/now-news.de\/de\/deutschland\/eu-staat-sperrt-telegram-voruebergehend\/#primaryimage","url":"https:\/\/now-news.de\/de\/wp-content\/uploads\/sites\/3\/2024\/03\/EU-Staat-sperrt-Telegram-voruebergehend.jpg","contentUrl":"https:\/\/now-news.de\/de\/wp-content\/uploads\/sites\/3\/2024\/03\/EU-Staat-sperrt-Telegram-voruebergehend.jpg","width":460,"height":259,"caption":"EU-Staat sperrt Telegram vor\u00fcbergehend"},{"@type":"BreadcrumbList","@id":"https:\/\/now-news.de\/de\/deutschland\/eu-staat-sperrt-telegram-voruebergehend\/#breadcrumb","itemListElement":[{"@type":"ListItem","position":1,"name":"Home","item":"https:\/\/now-news.de\/de\/"},{"@type":"ListItem","position":2,"name":"EU-Staat sperrt Telegram vor\u00fcbergehend"}]},{"@type":"WebSite","@id":"https:\/\/now-news.de\/de\/#website","url":"https:\/\/now-news.de\/de\/","name":"just-now.NEWS Deutschland","description":"Das Portal f\u00fcr unzensierte Nachrichten aus der Welt","publisher":{"@id":"https:\/\/now-news.de\/de\/#organization"},"potentialAction":[{"@type":"SearchAction","target":{"@type":"EntryPoint","urlTemplate":"https:\/\/now-news.de\/de\/?s={search_term_string}"},"query-input":"required name=search_term_string"}],"inLanguage":"de"},{"@type":"Organization","@id":"https:\/\/now-news.de\/de\/#organization","name":"Just Now News","url":"https:\/\/now-news.de\/de\/","logo":{"@type":"ImageObject","inLanguage":"de","@id":"https:\/\/now-news.de\/de\/#\/schema\/logo\/image\/","url":"http:\/\/just-now.news\/de\/wp-content\/uploads\/sites\/3\/2022\/04\/logo500x500.jpg","contentUrl":"http:\/\/just-now.news\/de\/wp-content\/uploads\/sites\/3\/2022\/04\/logo500x500.jpg","width":500,"height":500,"caption":"Just Now News"},"image":{"@id":"https:\/\/now-news.de\/de\/#\/schema\/logo\/image\/"},"sameAs":["https:\/\/www.facebook.com\/wirmachenauf","https:\/\/x.com\/WirMachenAuf_de"]},{"@type":"Person","@id":"https:\/\/now-news.de\/de\/#\/schema\/person\/fb534a4e865501d8b3285208df34a9b5","name":"rtnews","image":{"@type":"ImageObject","inLanguage":"de","@id":"https:\/\/now-news.de\/de\/#\/schema\/person\/image\/","url":"https:\/\/secure.gravatar.com\/avatar\/82aafea7d8127119dd649515f56e2117?s=96&d=mm&r=g","contentUrl":"https:\/\/secure.gravatar.com\/avatar\/82aafea7d8127119dd649515f56e2117?s=96&d=mm&r=g","caption":"rtnews"},"url":"https:\/\/now-news.de\/de\/author\/rnews\/"}]}},"_links":{"self":[{"href":"https:\/\/now-news.de\/de\/wp-json\/wp\/v2\/posts\/57656"}],"collection":[{"href":"https:\/\/now-news.de\/de\/wp-json\/wp\/v2\/posts"}],"about":[{"href":"https:\/\/now-news.de\/de\/wp-json\/wp\/v2\/types\/post"}],"author":[{"embeddable":true,"href":"https:\/\/now-news.de\/de\/wp-json\/wp\/v2\/users\/3"}],"replies":[{"embeddable":true,"href":"https:\/\/now-news.de\/de\/wp-json\/wp\/v2\/comments?post=57656"}],"version-history":[{"count":0,"href":"https:\/\/now-news.de\/de\/wp-json\/wp\/v2\/posts\/57656\/revisions"}],"wp:featuredmedia":[{"embeddable":true,"href":"https:\/\/now-news.de\/de\/wp-json\/wp\/v2\/media\/57657"}],"wp:attachment":[{"href":"https:\/\/now-news.de\/de\/wp-json\/wp\/v2\/media?parent=57656"}],"wp:term":[{"taxonomy":"category","embeddable":true,"href":"https:\/\/now-news.de\/de\/wp-json\/wp\/v2\/categories?post=57656"},{"taxonomy":"post_tag","embeddable":true,"href":"https:\/\/now-news.de\/de\/wp-json\/wp\/v2\/tags?post=57656"}],"curies":[{"name":"wp","href":"https:\/\/api.w.org\/{rel}","templated":true}]}}