{"id":57648,"date":"2024-03-24T17:48:41","date_gmt":"2024-03-24T15:48:41","guid":{"rendered":"https:\/\/just-now.news\/de\/deutschland\/ueberfall-der-nato-auf-jugoslawien-war-angriff-auf-weltordnung\/"},"modified":"2024-03-24T17:48:41","modified_gmt":"2024-03-24T15:48:41","slug":"ueberfall-der-nato-auf-jugoslawien-war-angriff-auf-weltordnung","status":"publish","type":"post","link":"https:\/\/now-news.de\/de\/deutschland\/ueberfall-der-nato-auf-jugoslawien-war-angriff-auf-weltordnung\/","title":{"rendered":"\u00dcberfall der NATO auf Jugoslawien war &quot;Angriff auf Weltordnung&quot;"},"content":{"rendered":"<p><img decoding=\"async\" src=\"http:\/\/just-now.news\/de\/wp-content\/uploads\/sites\/3\/2024\/03\/66003b6148fbef691e364d70.jpg\" \/><\/p>\n<div class=\"Text-root Text-type_1 \">\n                Vor 25 Jahren hat die NATO Jugoslawien \u00fcberfallen, erinnert die russische Botschaft in Deutschland. Die deutsche Beteiligung wurde damit begr\u00fcndet, einen Genozid verhindern zu wollen. Die Genozidabsicht Serbiens war jedoch frei erfunden. Der Angriff brachte den Krieg nach Europa zur\u00fcck.\n            <\/div>\n<p><\/p>\n<div class=\"Text-root Text-type_5 ArticleView-text ViewText-root \">\n<p>Am 24. M\u00e4rz 1999 \u00fcberfiel die NATO Jugoslawien. Daran erinnert heute die russische Botschaft in Deutschland. Mit dem \u00dcberfall wurde der Krieg zur\u00fcck nach Europa getragen, ein Staat zerschlagen und Grenzen auf dem europ\u00e4ischen Kontinent neu gezogen \u2013 etwas, das nie wieder passieren sollte. Damit machten die NATO-Staaten auch deutlich, dass die mit ihnen getroffenen v\u00f6lkerrechtlichen Vereinbarungen wie das Budapester Memorandum das Papier nicht wert waren, auf dem sie gedruckt wurden.\u00a0<\/p>\n<p>Die russische Botschaft in Deutschland verweist auf die L\u00fcge, mit der der Krieg legitimiert werden sollte.\u00a0<\/p>\n<blockquote>\n<p><em>&#8220;Der Milit\u00e4reinsatz der USA und der NATO gegen Belgrad erfolgte ohne Zustimmung des Weltsicherheitsrats und unter dem haltlosen Vorwand, die dortige Regierung f\u00fchre im Autonomiegebiet Kosovo &#8216;ethnische S\u00e4uberungen&#8217; durch, die in der Region eine humanit\u00e4re Katastrophe ausgel\u00f6st h\u00e4tten.&#8221;<\/em><\/p>\n<\/blockquote>\n<p>Tats\u00e4chlich war die Rede von ethnischen S\u00e4uberungen und einem angeblichen Hufeisenplan eine L\u00fcge, der sich auch deutsche Politiker bedienten, um damit einen \u00dcberfall auf die Bundesrepublik Jugoslawien zu erm\u00f6glichen.<\/p>\n<p>Der Angriff war v\u00f6lkerrechtswidrig, r\u00e4umte der damalige deutsche Kanzler Gerhard Schr\u00f6der (SPD) sp\u00e4ter ein. Der fr\u00fchere Au\u00dfenminister Joschka Fischer (B\u00fcndnis 90\/Die Gr\u00fcnen) h\u00e4lt bis heute an der widerlegten Behauptung fest, es sei damals um die Verhinderung eines Genozids gegangen. Vor diesem Hintergrund wirkt es zynisch, dass ausgerechnet die Gr\u00fcnen eine Genozidabsicht sowohl bei Israel gegen\u00fcber den Menschen in Gaza als auch des Kiewer Regimes gegen\u00fcber den Menschen im Donbass nicht sehen wollen, obwohl hochrangige politische Vertreter beider L\u00e4nder dies zahlreich \u00f6ffentlich ge\u00e4u\u00dfert haben.\u00a0<\/p>\n<p>Die russische Botschaft verweist auf den v\u00f6lkerrechtswidrigen Charakter des \u00dcberfalls und auf die daraus resultierenden Konsequenzen f\u00fcr die Weltordnung.\u00a0<\/p>\n<blockquote>\n<p><em>&#8220;Der damalige Regierungsvorsitzende der Russischen F\u00f6deration, Jewgeni Primakow, sagte dazu, es habe sich dabei nicht nur um einen Angriff gegen ein Land gehandelt, sondern um einen Angriff gegen die gesamte Weltordnung, die nach dem Zweiten Weltkrieg zustande gekommen sei.&#8221;<\/em><\/p>\n<\/blockquote>\n<p>Die russische Botschaft verweist in ihrem Beitrag auf eine von der Gesellschaft f\u00fcr Demokratiestudien herausgegebene <a rel=\"nofollow noopener\" target=\"_blank\" href=\"https:\/\/democracyfund.ru\/userfiles\/file\/Breng.pdf\">Brosch\u00fcre<\/a> \u00fcber die Kriegsverbrechen der NATO w\u00e4hrend des Jugoslawien-Kriegs, in der die Ereignisse von 1999 tiefgehender beleuchtet werden.\u00a0<\/p>\n<p><strong>Mehr zum Thema<\/strong>\u00a0\u2013\u00a0<a rel=\"nofollow noopener\" target=\"_blank\" href=\"https:\/\/freeassange.rtde.life\/europa\/200376-25-jahrestag-aggression-gegen-jugoslawien\/\">Als die B\u00fcchse der Pandora ge\u00f6ffnet wurde &#8211; Zum 25. Jahrestag der Aggression gegen Jugoslawien<\/a><\/p>\n<\/div>\n<p><br \/>\n<br \/><a href=\"https:\/\/de.rt.com\/europa\/200456-ueberfall-nato-auf-jugoslawien-war\/\">Source link <\/a><\/p>\n","protected":false},"excerpt":{"rendered":"<p>Vor 25 Jahren hat die NATO Jugoslawien \u00fcberfallen, erinnert die russische Botschaft in Deutschland. Die deutsche Beteiligung wurde damit begr\u00fcndet, einen Genozid verhindern zu wollen. Die Genozidabsicht Serbiens war jedoch frei erfunden. Der Angriff brachte den Krieg nach Europa zur\u00fcck. Am 24. M\u00e4rz 1999 \u00fcberfiel die NATO Jugoslawien. Daran erinnert heute die russische Botschaft in [&hellip;]<\/p>\n","protected":false},"author":3,"featured_media":57649,"comment_status":"open","ping_status":"open","sticky":false,"template":"","format":"standard","meta":{"_yoast_indexnow_last_ping":["1711296048"],"wp_automatic_camp":["217"],"e9ff082de165469e80129629361688a2":["\u00dcberfall der NATO auf Jugoslawien war &quot;Angriff auf Weltordnung&quot;"],"original_link":["https:\/\/de.rt.com\/europa\/200456-ueberfall-nato-auf-jugoslawien-war\/"],"_thumbnail_id":["57649"],"_wptgpro_p2tg_sent2tg":["a:1:{i:23737;s:19:\"2024-03-24 18:03:23\";}"],"jnews_social_counter_last_update":["1777616451"]},"categories":[19,23],"tags":[133,82,25156,2697,54659,30801,2223,32896],"yoast_head":"<!-- This site is optimized with the Yoast SEO Premium plugin v22.7 (Yoast SEO v22.7) - https:\/\/yoast.com\/wordpress\/plugins\/seo\/ -->\n<title>\u00dcberfall der NATO auf Jugoslawien war &quot;Angriff auf Weltordnung&quot; - just-now.NEWS Deutschland<\/title>\n<meta name=\"robots\" content=\"index, follow, max-snippet:-1, max-image-preview:large, max-video-preview:-1\" \/>\n<link rel=\"canonical\" href=\"https:\/\/now-news.de\/de\/deutschland\/ueberfall-der-nato-auf-jugoslawien-war-angriff-auf-weltordnung\/\" \/>\n<meta property=\"og:locale\" content=\"de_DE\" \/>\n<meta property=\"og:type\" content=\"article\" \/>\n<meta property=\"og:title\" content=\"\u00dcberfall der NATO auf Jugoslawien war &quot;Angriff auf Weltordnung&quot;\" \/>\n<meta property=\"og:description\" content=\"Vor 25 Jahren hat die NATO Jugoslawien \u00fcberfallen, erinnert die russische Botschaft in Deutschland. Die deutsche Beteiligung wurde damit begr\u00fcndet, einen Genozid verhindern zu wollen. Die Genozidabsicht Serbiens war jedoch frei erfunden. Der Angriff brachte den Krieg nach Europa zur\u00fcck. Am 24. M\u00e4rz 1999 \u00fcberfiel die NATO Jugoslawien. Daran erinnert heute die russische Botschaft in [&hellip;]\" \/>\n<meta property=\"og:url\" content=\"https:\/\/now-news.de\/de\/deutschland\/ueberfall-der-nato-auf-jugoslawien-war-angriff-auf-weltordnung\/\" \/>\n<meta property=\"og:site_name\" content=\"just-now.NEWS Deutschland\" \/>\n<meta property=\"article:publisher\" content=\"https:\/\/www.facebook.com\/wirmachenauf\" \/>\n<meta property=\"article:published_time\" content=\"2024-03-24T15:48:41+00:00\" \/>\n<meta property=\"og:image\" content=\"https:\/\/now-news.de\/de\/wp-content\/uploads\/sites\/3\/2024\/03\/Ueberfall-der-NATO-auf-Jugoslawien-war-quotAngriff-auf-Weltordnungquot.jpg\" \/>\n\t<meta property=\"og:image:width\" content=\"460\" \/>\n\t<meta property=\"og:image:height\" content=\"259\" \/>\n\t<meta property=\"og:image:type\" content=\"image\/jpeg\" \/>\n<meta name=\"author\" content=\"rtnews\" \/>\n<meta name=\"twitter:card\" content=\"summary_large_image\" \/>\n<meta name=\"twitter:creator\" content=\"@WirMachenAuf_de\" \/>\n<meta name=\"twitter:site\" content=\"@WirMachenAuf_de\" \/>\n<meta name=\"twitter:label1\" content=\"Verfasst von\" \/>\n\t<meta name=\"twitter:data1\" content=\"rtnews\" \/>\n\t<meta name=\"twitter:label2\" content=\"Gesch\u00e4tzte Lesezeit\" \/>\n\t<meta name=\"twitter:data2\" content=\"2\u00a0Minuten\" \/>\n<script type=\"application\/ld+json\" class=\"yoast-schema-graph\">{\"@context\":\"https:\/\/schema.org\",\"@graph\":[{\"@type\":\"Article\",\"@id\":\"https:\/\/now-news.de\/de\/deutschland\/ueberfall-der-nato-auf-jugoslawien-war-angriff-auf-weltordnung\/#article\",\"isPartOf\":{\"@id\":\"https:\/\/now-news.de\/de\/deutschland\/ueberfall-der-nato-auf-jugoslawien-war-angriff-auf-weltordnung\/\"},\"author\":{\"name\":\"rtnews\",\"@id\":\"https:\/\/now-news.de\/de\/#\/schema\/person\/fb534a4e865501d8b3285208df34a9b5\"},\"headline\":\"\u00dcberfall der NATO auf Jugoslawien war &quot;Angriff auf Weltordnung&quot;\",\"datePublished\":\"2024-03-24T15:48:41+00:00\",\"dateModified\":\"2024-03-24T15:48:41+00:00\",\"mainEntityOfPage\":{\"@id\":\"https:\/\/now-news.de\/de\/deutschland\/ueberfall-der-nato-auf-jugoslawien-war-angriff-auf-weltordnung\/\"},\"wordCount\":434,\"commentCount\":0,\"publisher\":{\"@id\":\"https:\/\/now-news.de\/de\/#organization\"},\"image\":{\"@id\":\"https:\/\/now-news.de\/de\/deutschland\/ueberfall-der-nato-auf-jugoslawien-war-angriff-auf-weltordnung\/#primaryimage\"},\"thumbnailUrl\":\"https:\/\/now-news.de\/de\/wp-content\/uploads\/sites\/3\/2024\/03\/Ueberfall-der-NATO-auf-Jugoslawien-war-quotAngriff-auf-Weltordnungquot.jpg\",\"keywords\":[\"AUF\",\"der\",\"Jugoslawien\",\"nato\",\"quotAngriff\",\"\u00dcberfall\",\"War\",\"Weltordnungquot\"],\"articleSection\":[\"Deutschland\",\"Russland\"],\"inLanguage\":\"de\",\"potentialAction\":[{\"@type\":\"CommentAction\",\"name\":\"Comment\",\"target\":[\"https:\/\/now-news.de\/de\/deutschland\/ueberfall-der-nato-auf-jugoslawien-war-angriff-auf-weltordnung\/#respond\"]}]},{\"@type\":\"WebPage\",\"@id\":\"https:\/\/now-news.de\/de\/deutschland\/ueberfall-der-nato-auf-jugoslawien-war-angriff-auf-weltordnung\/\",\"url\":\"https:\/\/now-news.de\/de\/deutschland\/ueberfall-der-nato-auf-jugoslawien-war-angriff-auf-weltordnung\/\",\"name\":\"\u00dcberfall der NATO auf Jugoslawien war &quot;Angriff auf Weltordnung&quot; - just-now.NEWS Deutschland\",\"isPartOf\":{\"@id\":\"https:\/\/now-news.de\/de\/#website\"},\"primaryImageOfPage\":{\"@id\":\"https:\/\/now-news.de\/de\/deutschland\/ueberfall-der-nato-auf-jugoslawien-war-angriff-auf-weltordnung\/#primaryimage\"},\"image\":{\"@id\":\"https:\/\/now-news.de\/de\/deutschland\/ueberfall-der-nato-auf-jugoslawien-war-angriff-auf-weltordnung\/#primaryimage\"},\"thumbnailUrl\":\"https:\/\/now-news.de\/de\/wp-content\/uploads\/sites\/3\/2024\/03\/Ueberfall-der-NATO-auf-Jugoslawien-war-quotAngriff-auf-Weltordnungquot.jpg\",\"datePublished\":\"2024-03-24T15:48:41+00:00\",\"dateModified\":\"2024-03-24T15:48:41+00:00\",\"breadcrumb\":{\"@id\":\"https:\/\/now-news.de\/de\/deutschland\/ueberfall-der-nato-auf-jugoslawien-war-angriff-auf-weltordnung\/#breadcrumb\"},\"inLanguage\":\"de\",\"potentialAction\":[{\"@type\":\"ReadAction\",\"target\":[\"https:\/\/now-news.de\/de\/deutschland\/ueberfall-der-nato-auf-jugoslawien-war-angriff-auf-weltordnung\/\"]}]},{\"@type\":\"ImageObject\",\"inLanguage\":\"de\",\"@id\":\"https:\/\/now-news.de\/de\/deutschland\/ueberfall-der-nato-auf-jugoslawien-war-angriff-auf-weltordnung\/#primaryimage\",\"url\":\"https:\/\/now-news.de\/de\/wp-content\/uploads\/sites\/3\/2024\/03\/Ueberfall-der-NATO-auf-Jugoslawien-war-quotAngriff-auf-Weltordnungquot.jpg\",\"contentUrl\":\"https:\/\/now-news.de\/de\/wp-content\/uploads\/sites\/3\/2024\/03\/Ueberfall-der-NATO-auf-Jugoslawien-war-quotAngriff-auf-Weltordnungquot.jpg\",\"width\":460,\"height\":259,\"caption\":\"\u00dcberfall der NATO auf Jugoslawien war &quot;Angriff auf Weltordnung&quot;\"},{\"@type\":\"BreadcrumbList\",\"@id\":\"https:\/\/now-news.de\/de\/deutschland\/ueberfall-der-nato-auf-jugoslawien-war-angriff-auf-weltordnung\/#breadcrumb\",\"itemListElement\":[{\"@type\":\"ListItem\",\"position\":1,\"name\":\"Home\",\"item\":\"https:\/\/now-news.de\/de\/\"},{\"@type\":\"ListItem\",\"position\":2,\"name\":\"\u00dcberfall der NATO auf Jugoslawien war &quot;Angriff auf Weltordnung&quot;\"}]},{\"@type\":\"WebSite\",\"@id\":\"https:\/\/now-news.de\/de\/#website\",\"url\":\"https:\/\/now-news.de\/de\/\",\"name\":\"just-now.NEWS Deutschland\",\"description\":\"Das Portal f\u00fcr unzensierte Nachrichten aus der Welt\",\"publisher\":{\"@id\":\"https:\/\/now-news.de\/de\/#organization\"},\"potentialAction\":[{\"@type\":\"SearchAction\",\"target\":{\"@type\":\"EntryPoint\",\"urlTemplate\":\"https:\/\/now-news.de\/de\/?s={search_term_string}\"},\"query-input\":\"required name=search_term_string\"}],\"inLanguage\":\"de\"},{\"@type\":\"Organization\",\"@id\":\"https:\/\/now-news.de\/de\/#organization\",\"name\":\"Just Now News\",\"url\":\"https:\/\/now-news.de\/de\/\",\"logo\":{\"@type\":\"ImageObject\",\"inLanguage\":\"de\",\"@id\":\"https:\/\/now-news.de\/de\/#\/schema\/logo\/image\/\",\"url\":\"http:\/\/just-now.news\/de\/wp-content\/uploads\/sites\/3\/2022\/04\/logo500x500.jpg\",\"contentUrl\":\"http:\/\/just-now.news\/de\/wp-content\/uploads\/sites\/3\/2022\/04\/logo500x500.jpg\",\"width\":500,\"height\":500,\"caption\":\"Just Now News\"},\"image\":{\"@id\":\"https:\/\/now-news.de\/de\/#\/schema\/logo\/image\/\"},\"sameAs\":[\"https:\/\/www.facebook.com\/wirmachenauf\",\"https:\/\/x.com\/WirMachenAuf_de\"]},{\"@type\":\"Person\",\"@id\":\"https:\/\/now-news.de\/de\/#\/schema\/person\/fb534a4e865501d8b3285208df34a9b5\",\"name\":\"rtnews\",\"image\":{\"@type\":\"ImageObject\",\"inLanguage\":\"de\",\"@id\":\"https:\/\/now-news.de\/de\/#\/schema\/person\/image\/\",\"url\":\"https:\/\/secure.gravatar.com\/avatar\/82aafea7d8127119dd649515f56e2117?s=96&d=mm&r=g\",\"contentUrl\":\"https:\/\/secure.gravatar.com\/avatar\/82aafea7d8127119dd649515f56e2117?s=96&d=mm&r=g\",\"caption\":\"rtnews\"},\"url\":\"https:\/\/now-news.de\/de\/author\/rnews\/\"}]}<\/script>\n<!-- \/ Yoast SEO Premium plugin. -->","yoast_head_json":{"title":"\u00dcberfall der NATO auf Jugoslawien war &quot;Angriff auf Weltordnung&quot; - just-now.NEWS Deutschland","robots":{"index":"index","follow":"follow","max-snippet":"max-snippet:-1","max-image-preview":"max-image-preview:large","max-video-preview":"max-video-preview:-1"},"canonical":"https:\/\/now-news.de\/de\/deutschland\/ueberfall-der-nato-auf-jugoslawien-war-angriff-auf-weltordnung\/","og_locale":"de_DE","og_type":"article","og_title":"\u00dcberfall der NATO auf Jugoslawien war &quot;Angriff auf Weltordnung&quot;","og_description":"Vor 25 Jahren hat die NATO Jugoslawien \u00fcberfallen, erinnert die russische Botschaft in Deutschland. Die deutsche Beteiligung wurde damit begr\u00fcndet, einen Genozid verhindern zu wollen. Die Genozidabsicht Serbiens war jedoch frei erfunden. Der Angriff brachte den Krieg nach Europa zur\u00fcck. Am 24. M\u00e4rz 1999 \u00fcberfiel die NATO Jugoslawien. Daran erinnert heute die russische Botschaft in [&hellip;]","og_url":"https:\/\/now-news.de\/de\/deutschland\/ueberfall-der-nato-auf-jugoslawien-war-angriff-auf-weltordnung\/","og_site_name":"just-now.NEWS Deutschland","article_publisher":"https:\/\/www.facebook.com\/wirmachenauf","article_published_time":"2024-03-24T15:48:41+00:00","og_image":[{"width":460,"height":259,"url":"https:\/\/now-news.de\/de\/wp-content\/uploads\/sites\/3\/2024\/03\/Ueberfall-der-NATO-auf-Jugoslawien-war-quotAngriff-auf-Weltordnungquot.jpg","type":"image\/jpeg"}],"author":"rtnews","twitter_card":"summary_large_image","twitter_creator":"@WirMachenAuf_de","twitter_site":"@WirMachenAuf_de","twitter_misc":{"Verfasst von":"rtnews","Gesch\u00e4tzte Lesezeit":"2\u00a0Minuten"},"schema":{"@context":"https:\/\/schema.org","@graph":[{"@type":"Article","@id":"https:\/\/now-news.de\/de\/deutschland\/ueberfall-der-nato-auf-jugoslawien-war-angriff-auf-weltordnung\/#article","isPartOf":{"@id":"https:\/\/now-news.de\/de\/deutschland\/ueberfall-der-nato-auf-jugoslawien-war-angriff-auf-weltordnung\/"},"author":{"name":"rtnews","@id":"https:\/\/now-news.de\/de\/#\/schema\/person\/fb534a4e865501d8b3285208df34a9b5"},"headline":"\u00dcberfall der NATO auf Jugoslawien war &quot;Angriff auf Weltordnung&quot;","datePublished":"2024-03-24T15:48:41+00:00","dateModified":"2024-03-24T15:48:41+00:00","mainEntityOfPage":{"@id":"https:\/\/now-news.de\/de\/deutschland\/ueberfall-der-nato-auf-jugoslawien-war-angriff-auf-weltordnung\/"},"wordCount":434,"commentCount":0,"publisher":{"@id":"https:\/\/now-news.de\/de\/#organization"},"image":{"@id":"https:\/\/now-news.de\/de\/deutschland\/ueberfall-der-nato-auf-jugoslawien-war-angriff-auf-weltordnung\/#primaryimage"},"thumbnailUrl":"https:\/\/now-news.de\/de\/wp-content\/uploads\/sites\/3\/2024\/03\/Ueberfall-der-NATO-auf-Jugoslawien-war-quotAngriff-auf-Weltordnungquot.jpg","keywords":["AUF","der","Jugoslawien","nato","quotAngriff","\u00dcberfall","War","Weltordnungquot"],"articleSection":["Deutschland","Russland"],"inLanguage":"de","potentialAction":[{"@type":"CommentAction","name":"Comment","target":["https:\/\/now-news.de\/de\/deutschland\/ueberfall-der-nato-auf-jugoslawien-war-angriff-auf-weltordnung\/#respond"]}]},{"@type":"WebPage","@id":"https:\/\/now-news.de\/de\/deutschland\/ueberfall-der-nato-auf-jugoslawien-war-angriff-auf-weltordnung\/","url":"https:\/\/now-news.de\/de\/deutschland\/ueberfall-der-nato-auf-jugoslawien-war-angriff-auf-weltordnung\/","name":"\u00dcberfall der NATO auf Jugoslawien war &quot;Angriff auf Weltordnung&quot; - just-now.NEWS Deutschland","isPartOf":{"@id":"https:\/\/now-news.de\/de\/#website"},"primaryImageOfPage":{"@id":"https:\/\/now-news.de\/de\/deutschland\/ueberfall-der-nato-auf-jugoslawien-war-angriff-auf-weltordnung\/#primaryimage"},"image":{"@id":"https:\/\/now-news.de\/de\/deutschland\/ueberfall-der-nato-auf-jugoslawien-war-angriff-auf-weltordnung\/#primaryimage"},"thumbnailUrl":"https:\/\/now-news.de\/de\/wp-content\/uploads\/sites\/3\/2024\/03\/Ueberfall-der-NATO-auf-Jugoslawien-war-quotAngriff-auf-Weltordnungquot.jpg","datePublished":"2024-03-24T15:48:41+00:00","dateModified":"2024-03-24T15:48:41+00:00","breadcrumb":{"@id":"https:\/\/now-news.de\/de\/deutschland\/ueberfall-der-nato-auf-jugoslawien-war-angriff-auf-weltordnung\/#breadcrumb"},"inLanguage":"de","potentialAction":[{"@type":"ReadAction","target":["https:\/\/now-news.de\/de\/deutschland\/ueberfall-der-nato-auf-jugoslawien-war-angriff-auf-weltordnung\/"]}]},{"@type":"ImageObject","inLanguage":"de","@id":"https:\/\/now-news.de\/de\/deutschland\/ueberfall-der-nato-auf-jugoslawien-war-angriff-auf-weltordnung\/#primaryimage","url":"https:\/\/now-news.de\/de\/wp-content\/uploads\/sites\/3\/2024\/03\/Ueberfall-der-NATO-auf-Jugoslawien-war-quotAngriff-auf-Weltordnungquot.jpg","contentUrl":"https:\/\/now-news.de\/de\/wp-content\/uploads\/sites\/3\/2024\/03\/Ueberfall-der-NATO-auf-Jugoslawien-war-quotAngriff-auf-Weltordnungquot.jpg","width":460,"height":259,"caption":"\u00dcberfall der NATO auf Jugoslawien war &quot;Angriff auf Weltordnung&quot;"},{"@type":"BreadcrumbList","@id":"https:\/\/now-news.de\/de\/deutschland\/ueberfall-der-nato-auf-jugoslawien-war-angriff-auf-weltordnung\/#breadcrumb","itemListElement":[{"@type":"ListItem","position":1,"name":"Home","item":"https:\/\/now-news.de\/de\/"},{"@type":"ListItem","position":2,"name":"\u00dcberfall der NATO auf Jugoslawien war &quot;Angriff auf Weltordnung&quot;"}]},{"@type":"WebSite","@id":"https:\/\/now-news.de\/de\/#website","url":"https:\/\/now-news.de\/de\/","name":"just-now.NEWS Deutschland","description":"Das Portal f\u00fcr unzensierte Nachrichten aus der Welt","publisher":{"@id":"https:\/\/now-news.de\/de\/#organization"},"potentialAction":[{"@type":"SearchAction","target":{"@type":"EntryPoint","urlTemplate":"https:\/\/now-news.de\/de\/?s={search_term_string}"},"query-input":"required name=search_term_string"}],"inLanguage":"de"},{"@type":"Organization","@id":"https:\/\/now-news.de\/de\/#organization","name":"Just Now News","url":"https:\/\/now-news.de\/de\/","logo":{"@type":"ImageObject","inLanguage":"de","@id":"https:\/\/now-news.de\/de\/#\/schema\/logo\/image\/","url":"http:\/\/just-now.news\/de\/wp-content\/uploads\/sites\/3\/2022\/04\/logo500x500.jpg","contentUrl":"http:\/\/just-now.news\/de\/wp-content\/uploads\/sites\/3\/2022\/04\/logo500x500.jpg","width":500,"height":500,"caption":"Just Now News"},"image":{"@id":"https:\/\/now-news.de\/de\/#\/schema\/logo\/image\/"},"sameAs":["https:\/\/www.facebook.com\/wirmachenauf","https:\/\/x.com\/WirMachenAuf_de"]},{"@type":"Person","@id":"https:\/\/now-news.de\/de\/#\/schema\/person\/fb534a4e865501d8b3285208df34a9b5","name":"rtnews","image":{"@type":"ImageObject","inLanguage":"de","@id":"https:\/\/now-news.de\/de\/#\/schema\/person\/image\/","url":"https:\/\/secure.gravatar.com\/avatar\/82aafea7d8127119dd649515f56e2117?s=96&d=mm&r=g","contentUrl":"https:\/\/secure.gravatar.com\/avatar\/82aafea7d8127119dd649515f56e2117?s=96&d=mm&r=g","caption":"rtnews"},"url":"https:\/\/now-news.de\/de\/author\/rnews\/"}]}},"_links":{"self":[{"href":"https:\/\/now-news.de\/de\/wp-json\/wp\/v2\/posts\/57648"}],"collection":[{"href":"https:\/\/now-news.de\/de\/wp-json\/wp\/v2\/posts"}],"about":[{"href":"https:\/\/now-news.de\/de\/wp-json\/wp\/v2\/types\/post"}],"author":[{"embeddable":true,"href":"https:\/\/now-news.de\/de\/wp-json\/wp\/v2\/users\/3"}],"replies":[{"embeddable":true,"href":"https:\/\/now-news.de\/de\/wp-json\/wp\/v2\/comments?post=57648"}],"version-history":[{"count":0,"href":"https:\/\/now-news.de\/de\/wp-json\/wp\/v2\/posts\/57648\/revisions"}],"wp:featuredmedia":[{"embeddable":true,"href":"https:\/\/now-news.de\/de\/wp-json\/wp\/v2\/media\/57649"}],"wp:attachment":[{"href":"https:\/\/now-news.de\/de\/wp-json\/wp\/v2\/media?parent=57648"}],"wp:term":[{"taxonomy":"category","embeddable":true,"href":"https:\/\/now-news.de\/de\/wp-json\/wp\/v2\/categories?post=57648"},{"taxonomy":"post_tag","embeddable":true,"href":"https:\/\/now-news.de\/de\/wp-json\/wp\/v2\/tags?post=57648"}],"curies":[{"name":"wp","href":"https:\/\/api.w.org\/{rel}","templated":true}]}}