{"id":57638,"date":"2024-03-24T14:05:32","date_gmt":"2024-03-24T12:05:32","guid":{"rendered":"https:\/\/just-now.news\/de\/deutschland\/als-die-buechse-der-pandora-geoeffnet-wurde-zum-25-jahrestag-der-aggression-gegen-jugoslawien\/"},"modified":"2024-03-24T14:05:32","modified_gmt":"2024-03-24T12:05:32","slug":"als-die-buechse-der-pandora-geoeffnet-wurde-zum-25-jahrestag-der-aggression-gegen-jugoslawien","status":"publish","type":"post","link":"https:\/\/now-news.de\/de\/deutschland\/als-die-buechse-der-pandora-geoeffnet-wurde-zum-25-jahrestag-der-aggression-gegen-jugoslawien\/","title":{"rendered":"Als die B\u00fcchse der Pandora ge\u00f6ffnet wurde &#8211; Zum 25. Jahrestag der Aggression gegen Jugoslawien"},"content":{"rendered":"<p><img decoding=\"async\" src=\"http:\/\/just-now.news\/de\/wp-content\/uploads\/sites\/3\/2024\/03\/65ff089a48fbef691c0b7050.jpg\" \/><\/p>\n<div class=\"Text-root Text-type_1 \">\n                Am 24. M\u00e4rz 2024 j\u00e4hrt sich Aggression der NATO gegen Jugoslawien \u2013 in erster Linie gegen die serbische Teilrepublik \u2013 zum 25. Mal. Der damals geschaffene Pr\u00e4zedenzfall hatte rechtliche und praktische Folgen. Inzwischen enth\u00fcllen Dokumente, dass es um nichts weniger als die rassistisch motivierte Zerst\u00f6rung Serbiens ging.\n            <\/div>\n<p><\/p>\n<div class=\"Text-root Text-type_5 ArticleView-text ViewText-root \">\n<p><em>Von Marinko U\u010dur<\/em><\/p>\n<p><em>&#8220;Jeder erwartete, dass die Bombardierung beginnt, aber als es tats\u00e4chlich passierte, war es wie eine Fiktion, als ob es nicht real w\u00e4re \u2026 Aber es wurde real! Ich erinnere mich an alles. Ich war auf der Stra\u00dfe, der Wind wehte und \u00fcberall herrschte Stille.&#8221;\u00a0\u00a0 <\/em><\/p>\n<p>So beschrieb der \u00f6sterreichische Schriftsteller und Nobelpreistr\u00e4ger deutsch-slowenischer Herkunft, Peter Handke, seine Erinnerung an den 24. M\u00e4rz 1999\u00a0\u2013 den Tag, an dem die verbrecherische NATO-Bombardierung gegen die Bundesrepublik Jugoslawien begann.<\/p>\n<p>Ohne die Zustimmung der Vereinten Nationen, ohne sich \u00fcber das Ausma\u00df der Zerst\u00f6rung und der zivilen Opfer im Klaren zu sein, startete das westliche Milit\u00e4rb\u00fcndnis einen beispiellosen Angriffsfeldzug. 19 NATO-Staaten schlossen sich in einer Milit\u00e4roperation gegen das damalige Serbien und Montenegro zusammen und bombardierten 78 Tage lang blindlings das friedliche europ\u00e4ische Land nur mit dem einen Ziel: Slobodan Milo\u0161evi\u0107 bei den angeblichen ethnischen S\u00e4uberungen gegen die Kosovo-Albaner aufzuhalten, f\u00fcr die die NATO neun Jahre sp\u00e4ter einen eigenen Staat errichtete.<\/p>\n<p>Analog dazu k\u00f6nnte sich jedes andere Land auf einen solchen westlichen Ansatz berufen, der gegen das V\u00f6lkerrecht und die UN-Charta verst\u00f6\u00dft, und ihn als Rechtfertigung f\u00fcr die Besetzung &#8220;widerspenstiger&#8221; L\u00e4nder darstellen. Mit der Aggression gegen Jugoslawien kehrten die USA mit einem Krieg nach Europa zur\u00fcck und f\u00fchren bis heute Kriege gegen zahlreiche andere L\u00e4nder und V\u00f6lker.<\/p>\n<p>In der Zwischenzeit wurde auf dem souver\u00e4nen Teil des Territoriums der Republik Serbien, in der serbischen Provinz Kosovo und Metochien, ohne Volksbegehren und entgegen der Verfassung und der Resolution 1244 nach dem Willen angeblicher westlicher Friedensstifter im Jahr 2008 ein zweiter albanischer Staat in Europa geschaffen!<\/p>\n<p>Zum ersten Mal nach dem Zweiten Weltkrieg beteiligte sich die deutsche Armee unter Verletzung ihrer eigenen Verfassung an einer Aggression gegen einen souver\u00e4nen Staat, angef\u00fchrt von Politikern \u2013 Kriegstreibern wie Joschka Fischer und seinen transatlantischen Patronen und Inspiratoren Bill Clinton und Madeleine Albright, eine der Gr\u00fcnderinnen der Vereinten Nationen. Niemand k\u00fcmmerte sich darum, dass die albanischen Rebellen in dieser serbischen Provinz von Terroristen der &#8220;Befreiungsarmee des Kosovo&#8221; (UCK) \u00fcber Nacht zu Partnern und Freiheitsk\u00e4mpfern wurden. Das ultimative Ziel bestand darin, die Zerst\u00fcckelung des ehemaligen Jugoslawiens so abzuschlie\u00dfen, dass Serbien 15 Prozent seines historischen Territoriums amputiert wurden.<\/p>\n<p>Auch der russische Pr\u00e4sident Wladimir Putin wies mehrfach auf den Pr\u00e4zedenzfall der damaligen v\u00f6lkerrechtswidrigen Aggression gegen Jugoslawien hin. Durch die F\u00fchrung dieses Krieges verwandelte sich das Nordatlantische B\u00fcndnis von einem regionalen Verteidigungsb\u00fcndnis in ein globales Offensivb\u00fcndnis, verstie\u00df gegen die UN-Charta und ver\u00e4nderte die urspr\u00fcnglichen Grunds\u00e4tze, auf denen die NATO beruht, willk\u00fcrlich und ohne Zustimmung ihrer Mitglieder.<\/p>\n<p>Entgegen allen Versprechungen aus der Zeit der Vereinigung beider deutscher Staaten, dass sich dieses Milit\u00e4rb\u00fcndnis nicht in Richtung der russischen Grenze ausdehnen w\u00fcrde, ereignete sich genau das Gegenteil. Wir sehen heute den Epilog dieses Prozesses, in dem sich das B\u00fcndnis bis an die Grenzen zur Russischen F\u00f6deration ausgedehnt hat, mit der Absicht, die Ukraine in dieses B\u00fcndnis aufzunehmen, und Russland offen &#8220;einen Finger ins Auge&#8221; gestochen hat, weshalb dieses sich gezwungen sah, die spezielle Milit\u00e4roperation zu starten.\u00a0<\/p>\n<p>Die Absichten und Ziele der NATO wurden schon vor langer Zeit vom ehemaligen Mitglied des Europ\u00e4ischen Parlaments und Abgeordneten des Deutschen Bundestages, Willy Wimmer (CDU), erkannt, der w\u00e4hrend der Bombardierung der Bundesrepublik Jugoslawien stellvertretender Vorsitzender des Parlamentsausschusses der OSZE war. In einem offenen Brief an den damaligen deutschen Bundeskanzler Gerhard Schr\u00f6der, in dem er \u00fcber die Ergebnisse der Konferenz in Bratislava berichtete, die ein Jahr nach der Bombardierung der Bundesrepublik Jugoslawien stattfand, enth\u00fcllte Wimmer die amerikanischen Pl\u00e4ne zur Zerst\u00f6rung Serbiens. Das italienische Portal <em>L&#8217;Antidiplomatico<\/em> hat sich diese streng geh\u00fctete Korrespondenz verschafft, ver\u00f6ffentlichte exklusiv diese schockierenden Dokumente und erl\u00e4uterte die wahren und endg\u00fcltigen Absichten des Westens, wenn es um das Schicksal Serbiens geht.<\/p>\n<p>&#8220;Serbien muss von der europ\u00e4ischen Entwicklung ausgeschlossen werden&#8221;, hei\u00dft es in den von dem italienischen Medium ver\u00f6ffentlichten Geheimdokumenten. Alles, was Wimmer damals schrieb und sagte, wurde sp\u00e4ter in der Praxis best\u00e4tigt. Noch heute, zum 25. Jahrestag des in der modernen europ\u00e4ischen Geschichte beispiellosen NATO-Feldzugs, \u00e4u\u00dfert sich dieser deutsche Politiker in einer Erkl\u00e4rung gegen\u00fcber <em>RT DE<\/em> mit klaren Worten:<\/p>\n<p><em>&#8220;Der erste Schuss auf das Ziel wie auch w\u00e4hrend des heutigen Konflikts in der Ukraine wurde am 24. M\u00e4rz 1999 von NATO-Bombern bei einem Einsatz gegen Jugoslawien abgefeuert. Das westliche B\u00fcndnis musste zun\u00e4chst den Kern der Charta der Vereinten Nationen zerst\u00f6ren, um einen sch\u00e4ndlichen Krieg gegen Jugoslawien f\u00fchren zu k\u00f6nnen. Sie wollten keine Welt mehr, in der dieselben Regeln galten und der Frieden gewahrt blieb. Sie wollten eine Welt, die Washingtons Befehl und seinen Regeln gehorchte. Der Angriff richtete sich gegen den &#8216;Star&#8217; der blockfreien Staaten, Jugoslawien, einen der Gr\u00fcnder der Konferenz f\u00fcr Sicherheit und Zusammenarbeit in Europa (KSZE). W\u00e4hrend der Westen alles in seiner Macht Stehende tat, um diese Konferenz auszuh\u00f6hlen, begannen andere wichtige L\u00e4nder, den Grundgedanken einer friedlichen Streitbeilegung und einer guten Zusammenarbeit mit der Gemeinschaft der BRICS-Staaten weiterzuentwickeln.&#8221; <\/em><\/p>\n<p>Wimmer warnte:<em><\/em><\/p>\n<blockquote>\n<p><em>&#8220;Die Welt bewegt sich auf eine gef\u00e4hrliche und neue Spaltung zu. Der Krieg gegen Jugoslawien war ein geostrategischer Ausl\u00f6ser. Der Krieg gegen Jugoslawien wurde bewusst und vors\u00e4tzlich inmitten des Friedens begonnen und es wurden L\u00fcgen verbreitet, so gut sie konnten. Die Konferenz in Bratislava Ende April 2000 hat allen gezeigt, dass der Krieg in Jugoslawien aus geostrategischen Gr\u00fcnden beginnen sollte.&#8221;<\/em><\/p>\n<\/blockquote>\n<p>Er reduzierte die geheimen und umfangreichen Schlussfolgerungen der Bratislava-Konferenz auf elf Punkte. Die Hauptforderung war die Anerkennung des Kosovo*, sogar acht Jahre, bevor seine Unabh\u00e4ngigkeit von den westlichen F\u00f6rderern anerkannt wurde, obwohl die Resolution 1244 alle dazu verpflichtete, die Grenzen Serbiens als unabh\u00e4ngiges Land zu respektieren. Die Behauptung, dass die NATO bei der Bombardierung Jugoslawiens gegen alle internationalen Normen sowie gegen alle Bestimmungen des V\u00f6lkerrechts versto\u00dfen habe, wurde laut Wimmers Aussage nicht ber\u00fccksichtigt. Der Epilog der amerikanischen Aggressionspolitik wird auch darin sichtbar, dass nur weniger als die H\u00e4lfte der L\u00e4nder, die Mitglieder der UN sind, die Staatlichkeit des Kosovo anerkannten, trotz des anhaltenden Drucks aus Washington und Br\u00fcssel.<\/p>\n<p>F\u00fcnf EU-Mitgliedstaaten wehren sich vorerst gegen den amerikanischen Druck, den Scheinstaat anzuerkennen, was die Pl\u00e4ne westlicher Strategen nach dem Muster &#8220;divide et impera&#8221; auf dem Balkan zunichtemacht.<\/p>\n<p>Am heutigen Tag, dem 24. M\u00e4rz, begeht Serbien allj\u00e4hrlich ein trauriges Jubil\u00e4um, dieses Jahr zum 25. Mal. Die Erinnerung an das Verbrechen und die knapp 3.000 Opfer verpflichtet alle Generationen, sowohl diejenigen, die die Schrecken des m\u00f6rderischen NATO-Feldzugs \u00fcberlebt haben, als auch die j\u00fcngeren, die eine wichtige Lektion f\u00fcrs Leben lernen m\u00fcssen, in einer Situation, in der ihnen die Feinde von gestern Freundschaft und die Mitgliedschaft in einer \u2013 nach Meinung vieler \u2013 kriminellen Organisation anbieten. Deshalb ist die unersch\u00fctterliche Entscheidung Serbiens, der Falle zu entgehen und Mitglied jener Organisation zu werden, die seine Zukunft zerst\u00f6rt, einen Teil seines Staatsgebiets gestohlen und damit seine territoriale Integrit\u00e4t zerst\u00f6rt hat, bedeutsam.<\/p>\n<p>Serbien hofft, obwohl es aufgrund des Widerstands westlicher L\u00e4nder derzeit ungewiss ist, dass morgen, am 25. M\u00e4rz, auf Wunsch Russlands eine Sondersitzung des UN-Sicherheitsrates einberufen wird, die Welt am 25. Jahrestag der NATO-Aggression auf h\u00f6chster Ebene noch einmal daran zu erinnern, wer die internationale Rechtsordnung wann beseitigte.<\/p>\n<p>Der stellvertretende St\u00e4ndige Vertreter Russlands bei den Vereinten Nationen, Dmitri Poljanski, gab zuvor bekannt, dass auf Wunsch Moskaus am kommenden Montag, dem 25. M\u00e4rz, eine Sitzung des Sicherheitsrats anl\u00e4sslich des 25. Jahrestags der NATO-Aggression gegen die Bundesrepublik Jugoslawien stattfinden wird. Der serbische Au\u00dfenminister Ivica Da\u010di\u0107 \u00e4u\u00dferte seine Zweifel daran, dass die L\u00e4nder, die den Bombenanschlag ver\u00fcbt haben, &#8220;ein schlechtes Gewissen&#8221; haben oder das Verbrechen zugeben werden. Dennoch betonte er, es sei &#8220;wichtig, dass unsere Wahrheit dar\u00fcber geh\u00f6rt wird&#8221;. Als Vorsitzender des UN-Sicherheitsrates erkl\u00e4rte Japan diesen Monat, dass es dem Antrag der Russischen F\u00f6deration nachkommen werde.<\/p>\n<p><strong>Mehr zum Thema<\/strong> &#8211; <a rel=\"nofollow noopener\" target=\"_blank\" href=\"https:\/\/freedert.online\/international\/166604-wie-usa-und-nato-spielplan\/\">Wie USA und NATO den Spielplan der Jugoslawienkriege der 1990er in der Ukraine neu auflegen wollen<\/a><\/p>\n<\/div>\n<p><br \/>\n<br \/><a href=\"https:\/\/de.rt.com\/europa\/200376-25-jahrestag-aggression-gegen-jugoslawien\/\">Source link <\/a><\/p>\n","protected":false},"excerpt":{"rendered":"<p>Am 24. M\u00e4rz 2024 j\u00e4hrt sich Aggression der NATO gegen Jugoslawien \u2013 in erster Linie gegen die serbische Teilrepublik \u2013 zum 25. Mal. Der damals geschaffene Pr\u00e4zedenzfall hatte rechtliche und praktische Folgen. Inzwischen enth\u00fcllen Dokumente, dass es um nichts weniger als die rassistisch motivierte Zerst\u00f6rung Serbiens ging. Von Marinko U\u010dur &#8220;Jeder erwartete, dass die Bombardierung [&hellip;]<\/p>\n","protected":false},"author":3,"featured_media":57639,"comment_status":"open","ping_status":"open","sticky":false,"template":"","format":"standard","meta":{"_yoast_indexnow_last_ping":["1711282477"],"wp_automatic_camp":["217"],"a3be34c8d030d4e739c4c5ca8562a2d6":["Als die B\u00fcchse der Pandora ge\u00f6ffnet wurde - Zum 25. Jahrestag der Aggression gegen Jugoslawien"],"original_link":["https:\/\/de.rt.com\/europa\/200376-25-jahrestag-aggression-gegen-jugoslawien\/"],"_thumbnail_id":["57639"],"_wptgpro_p2tg_sent2tg":["a:1:{i:23737;s:19:\"2024-03-24 14:15:37\";}"],"jnews_social_counter_last_update":["1777206892"]},"categories":[19,23],"tags":[6361,273,54257,82,45,278,19172,16868,25156,43958,528,565],"yoast_head":"<!-- This site is optimized with the Yoast SEO Premium plugin v22.7 (Yoast SEO v22.7) - https:\/\/yoast.com\/wordpress\/plugins\/seo\/ -->\n<title>Als die B\u00fcchse der Pandora ge\u00f6ffnet wurde - Zum 25. Jahrestag der Aggression gegen Jugoslawien - just-now.NEWS Deutschland<\/title>\n<meta name=\"robots\" content=\"index, follow, max-snippet:-1, max-image-preview:large, max-video-preview:-1\" \/>\n<link rel=\"canonical\" href=\"https:\/\/now-news.de\/de\/deutschland\/als-die-buechse-der-pandora-geoeffnet-wurde-zum-25-jahrestag-der-aggression-gegen-jugoslawien\/\" \/>\n<meta property=\"og:locale\" content=\"de_DE\" \/>\n<meta property=\"og:type\" content=\"article\" \/>\n<meta property=\"og:title\" content=\"Als die B\u00fcchse der Pandora ge\u00f6ffnet wurde - Zum 25. Jahrestag der Aggression gegen Jugoslawien\" \/>\n<meta property=\"og:description\" content=\"Am 24. M\u00e4rz 2024 j\u00e4hrt sich Aggression der NATO gegen Jugoslawien \u2013 in erster Linie gegen die serbische Teilrepublik \u2013 zum 25. Mal. Der damals geschaffene Pr\u00e4zedenzfall hatte rechtliche und praktische Folgen. Inzwischen enth\u00fcllen Dokumente, dass es um nichts weniger als die rassistisch motivierte Zerst\u00f6rung Serbiens ging. Von Marinko U\u010dur &#8220;Jeder erwartete, dass die Bombardierung [&hellip;]\" \/>\n<meta property=\"og:url\" content=\"https:\/\/now-news.de\/de\/deutschland\/als-die-buechse-der-pandora-geoeffnet-wurde-zum-25-jahrestag-der-aggression-gegen-jugoslawien\/\" \/>\n<meta property=\"og:site_name\" content=\"just-now.NEWS Deutschland\" \/>\n<meta property=\"article:publisher\" content=\"https:\/\/www.facebook.com\/wirmachenauf\" \/>\n<meta property=\"article:published_time\" content=\"2024-03-24T12:05:32+00:00\" \/>\n<meta property=\"og:image\" content=\"https:\/\/now-news.de\/de\/wp-content\/uploads\/sites\/3\/2024\/03\/Als-die-Buechse-der-Pandora-geoeffnet-wurde-Zum-25.jpg\" \/>\n\t<meta property=\"og:image:width\" content=\"460\" \/>\n\t<meta property=\"og:image:height\" content=\"259\" \/>\n\t<meta property=\"og:image:type\" content=\"image\/jpeg\" \/>\n<meta name=\"author\" content=\"rtnews\" \/>\n<meta name=\"twitter:card\" content=\"summary_large_image\" \/>\n<meta name=\"twitter:creator\" content=\"@WirMachenAuf_de\" \/>\n<meta name=\"twitter:site\" content=\"@WirMachenAuf_de\" \/>\n<meta name=\"twitter:label1\" content=\"Verfasst von\" \/>\n\t<meta name=\"twitter:data1\" content=\"rtnews\" \/>\n\t<meta name=\"twitter:label2\" content=\"Gesch\u00e4tzte Lesezeit\" \/>\n\t<meta name=\"twitter:data2\" content=\"7\u00a0Minuten\" \/>\n<script type=\"application\/ld+json\" class=\"yoast-schema-graph\">{\"@context\":\"https:\/\/schema.org\",\"@graph\":[{\"@type\":\"Article\",\"@id\":\"https:\/\/now-news.de\/de\/deutschland\/als-die-buechse-der-pandora-geoeffnet-wurde-zum-25-jahrestag-der-aggression-gegen-jugoslawien\/#article\",\"isPartOf\":{\"@id\":\"https:\/\/now-news.de\/de\/deutschland\/als-die-buechse-der-pandora-geoeffnet-wurde-zum-25-jahrestag-der-aggression-gegen-jugoslawien\/\"},\"author\":{\"name\":\"rtnews\",\"@id\":\"https:\/\/now-news.de\/de\/#\/schema\/person\/fb534a4e865501d8b3285208df34a9b5\"},\"headline\":\"Als die B\u00fcchse der Pandora ge\u00f6ffnet wurde &#8211; Zum 25. Jahrestag der Aggression gegen Jugoslawien\",\"datePublished\":\"2024-03-24T12:05:32+00:00\",\"dateModified\":\"2024-03-24T12:05:32+00:00\",\"mainEntityOfPage\":{\"@id\":\"https:\/\/now-news.de\/de\/deutschland\/als-die-buechse-der-pandora-geoeffnet-wurde-zum-25-jahrestag-der-aggression-gegen-jugoslawien\/\"},\"wordCount\":1424,\"commentCount\":0,\"publisher\":{\"@id\":\"https:\/\/now-news.de\/de\/#organization\"},\"image\":{\"@id\":\"https:\/\/now-news.de\/de\/deutschland\/als-die-buechse-der-pandora-geoeffnet-wurde-zum-25-jahrestag-der-aggression-gegen-jugoslawien\/#primaryimage\"},\"thumbnailUrl\":\"https:\/\/now-news.de\/de\/wp-content\/uploads\/sites\/3\/2024\/03\/Als-die-Buechse-der-Pandora-geoeffnet-wurde-Zum-25.jpg\",\"keywords\":[\"Aggression\",\"als\",\"B\u00fcchse\",\"der\",\"die\",\"gegen\",\"ge\u00f6ffnet\",\"Jahrestag\",\"Jugoslawien\",\"Pandora\",\"wurde\",\"zum\"],\"articleSection\":[\"Deutschland\",\"Russland\"],\"inLanguage\":\"de\",\"potentialAction\":[{\"@type\":\"CommentAction\",\"name\":\"Comment\",\"target\":[\"https:\/\/now-news.de\/de\/deutschland\/als-die-buechse-der-pandora-geoeffnet-wurde-zum-25-jahrestag-der-aggression-gegen-jugoslawien\/#respond\"]}]},{\"@type\":\"WebPage\",\"@id\":\"https:\/\/now-news.de\/de\/deutschland\/als-die-buechse-der-pandora-geoeffnet-wurde-zum-25-jahrestag-der-aggression-gegen-jugoslawien\/\",\"url\":\"https:\/\/now-news.de\/de\/deutschland\/als-die-buechse-der-pandora-geoeffnet-wurde-zum-25-jahrestag-der-aggression-gegen-jugoslawien\/\",\"name\":\"Als die B\u00fcchse der Pandora ge\u00f6ffnet wurde - Zum 25. Jahrestag der Aggression gegen Jugoslawien - just-now.NEWS Deutschland\",\"isPartOf\":{\"@id\":\"https:\/\/now-news.de\/de\/#website\"},\"primaryImageOfPage\":{\"@id\":\"https:\/\/now-news.de\/de\/deutschland\/als-die-buechse-der-pandora-geoeffnet-wurde-zum-25-jahrestag-der-aggression-gegen-jugoslawien\/#primaryimage\"},\"image\":{\"@id\":\"https:\/\/now-news.de\/de\/deutschland\/als-die-buechse-der-pandora-geoeffnet-wurde-zum-25-jahrestag-der-aggression-gegen-jugoslawien\/#primaryimage\"},\"thumbnailUrl\":\"https:\/\/now-news.de\/de\/wp-content\/uploads\/sites\/3\/2024\/03\/Als-die-Buechse-der-Pandora-geoeffnet-wurde-Zum-25.jpg\",\"datePublished\":\"2024-03-24T12:05:32+00:00\",\"dateModified\":\"2024-03-24T12:05:32+00:00\",\"breadcrumb\":{\"@id\":\"https:\/\/now-news.de\/de\/deutschland\/als-die-buechse-der-pandora-geoeffnet-wurde-zum-25-jahrestag-der-aggression-gegen-jugoslawien\/#breadcrumb\"},\"inLanguage\":\"de\",\"potentialAction\":[{\"@type\":\"ReadAction\",\"target\":[\"https:\/\/now-news.de\/de\/deutschland\/als-die-buechse-der-pandora-geoeffnet-wurde-zum-25-jahrestag-der-aggression-gegen-jugoslawien\/\"]}]},{\"@type\":\"ImageObject\",\"inLanguage\":\"de\",\"@id\":\"https:\/\/now-news.de\/de\/deutschland\/als-die-buechse-der-pandora-geoeffnet-wurde-zum-25-jahrestag-der-aggression-gegen-jugoslawien\/#primaryimage\",\"url\":\"https:\/\/now-news.de\/de\/wp-content\/uploads\/sites\/3\/2024\/03\/Als-die-Buechse-der-Pandora-geoeffnet-wurde-Zum-25.jpg\",\"contentUrl\":\"https:\/\/now-news.de\/de\/wp-content\/uploads\/sites\/3\/2024\/03\/Als-die-Buechse-der-Pandora-geoeffnet-wurde-Zum-25.jpg\",\"width\":460,\"height\":259,\"caption\":\"Als die B\u00fcchse der Pandora ge\u00f6ffnet wurde - Zum 25. Jahrestag der Aggression gegen Jugoslawien\"},{\"@type\":\"BreadcrumbList\",\"@id\":\"https:\/\/now-news.de\/de\/deutschland\/als-die-buechse-der-pandora-geoeffnet-wurde-zum-25-jahrestag-der-aggression-gegen-jugoslawien\/#breadcrumb\",\"itemListElement\":[{\"@type\":\"ListItem\",\"position\":1,\"name\":\"Home\",\"item\":\"https:\/\/now-news.de\/de\/\"},{\"@type\":\"ListItem\",\"position\":2,\"name\":\"Als die B\u00fcchse der Pandora ge\u00f6ffnet wurde &#8211; Zum 25. Jahrestag der Aggression gegen Jugoslawien\"}]},{\"@type\":\"WebSite\",\"@id\":\"https:\/\/now-news.de\/de\/#website\",\"url\":\"https:\/\/now-news.de\/de\/\",\"name\":\"just-now.NEWS Deutschland\",\"description\":\"Das Portal f\u00fcr unzensierte Nachrichten aus der Welt\",\"publisher\":{\"@id\":\"https:\/\/now-news.de\/de\/#organization\"},\"potentialAction\":[{\"@type\":\"SearchAction\",\"target\":{\"@type\":\"EntryPoint\",\"urlTemplate\":\"https:\/\/now-news.de\/de\/?s={search_term_string}\"},\"query-input\":\"required name=search_term_string\"}],\"inLanguage\":\"de\"},{\"@type\":\"Organization\",\"@id\":\"https:\/\/now-news.de\/de\/#organization\",\"name\":\"Just Now News\",\"url\":\"https:\/\/now-news.de\/de\/\",\"logo\":{\"@type\":\"ImageObject\",\"inLanguage\":\"de\",\"@id\":\"https:\/\/now-news.de\/de\/#\/schema\/logo\/image\/\",\"url\":\"http:\/\/just-now.news\/de\/wp-content\/uploads\/sites\/3\/2022\/04\/logo500x500.jpg\",\"contentUrl\":\"http:\/\/just-now.news\/de\/wp-content\/uploads\/sites\/3\/2022\/04\/logo500x500.jpg\",\"width\":500,\"height\":500,\"caption\":\"Just Now News\"},\"image\":{\"@id\":\"https:\/\/now-news.de\/de\/#\/schema\/logo\/image\/\"},\"sameAs\":[\"https:\/\/www.facebook.com\/wirmachenauf\",\"https:\/\/x.com\/WirMachenAuf_de\"]},{\"@type\":\"Person\",\"@id\":\"https:\/\/now-news.de\/de\/#\/schema\/person\/fb534a4e865501d8b3285208df34a9b5\",\"name\":\"rtnews\",\"image\":{\"@type\":\"ImageObject\",\"inLanguage\":\"de\",\"@id\":\"https:\/\/now-news.de\/de\/#\/schema\/person\/image\/\",\"url\":\"https:\/\/secure.gravatar.com\/avatar\/82aafea7d8127119dd649515f56e2117?s=96&d=mm&r=g\",\"contentUrl\":\"https:\/\/secure.gravatar.com\/avatar\/82aafea7d8127119dd649515f56e2117?s=96&d=mm&r=g\",\"caption\":\"rtnews\"},\"url\":\"https:\/\/now-news.de\/de\/author\/rnews\/\"}]}<\/script>\n<!-- \/ Yoast SEO Premium plugin. -->","yoast_head_json":{"title":"Als die B\u00fcchse der Pandora ge\u00f6ffnet wurde - Zum 25. Jahrestag der Aggression gegen Jugoslawien - just-now.NEWS Deutschland","robots":{"index":"index","follow":"follow","max-snippet":"max-snippet:-1","max-image-preview":"max-image-preview:large","max-video-preview":"max-video-preview:-1"},"canonical":"https:\/\/now-news.de\/de\/deutschland\/als-die-buechse-der-pandora-geoeffnet-wurde-zum-25-jahrestag-der-aggression-gegen-jugoslawien\/","og_locale":"de_DE","og_type":"article","og_title":"Als die B\u00fcchse der Pandora ge\u00f6ffnet wurde - Zum 25. Jahrestag der Aggression gegen Jugoslawien","og_description":"Am 24. M\u00e4rz 2024 j\u00e4hrt sich Aggression der NATO gegen Jugoslawien \u2013 in erster Linie gegen die serbische Teilrepublik \u2013 zum 25. Mal. Der damals geschaffene Pr\u00e4zedenzfall hatte rechtliche und praktische Folgen. Inzwischen enth\u00fcllen Dokumente, dass es um nichts weniger als die rassistisch motivierte Zerst\u00f6rung Serbiens ging. Von Marinko U\u010dur &#8220;Jeder erwartete, dass die Bombardierung [&hellip;]","og_url":"https:\/\/now-news.de\/de\/deutschland\/als-die-buechse-der-pandora-geoeffnet-wurde-zum-25-jahrestag-der-aggression-gegen-jugoslawien\/","og_site_name":"just-now.NEWS Deutschland","article_publisher":"https:\/\/www.facebook.com\/wirmachenauf","article_published_time":"2024-03-24T12:05:32+00:00","og_image":[{"width":460,"height":259,"url":"https:\/\/now-news.de\/de\/wp-content\/uploads\/sites\/3\/2024\/03\/Als-die-Buechse-der-Pandora-geoeffnet-wurde-Zum-25.jpg","type":"image\/jpeg"}],"author":"rtnews","twitter_card":"summary_large_image","twitter_creator":"@WirMachenAuf_de","twitter_site":"@WirMachenAuf_de","twitter_misc":{"Verfasst von":"rtnews","Gesch\u00e4tzte Lesezeit":"7\u00a0Minuten"},"schema":{"@context":"https:\/\/schema.org","@graph":[{"@type":"Article","@id":"https:\/\/now-news.de\/de\/deutschland\/als-die-buechse-der-pandora-geoeffnet-wurde-zum-25-jahrestag-der-aggression-gegen-jugoslawien\/#article","isPartOf":{"@id":"https:\/\/now-news.de\/de\/deutschland\/als-die-buechse-der-pandora-geoeffnet-wurde-zum-25-jahrestag-der-aggression-gegen-jugoslawien\/"},"author":{"name":"rtnews","@id":"https:\/\/now-news.de\/de\/#\/schema\/person\/fb534a4e865501d8b3285208df34a9b5"},"headline":"Als die B\u00fcchse der Pandora ge\u00f6ffnet wurde &#8211; Zum 25. Jahrestag der Aggression gegen Jugoslawien","datePublished":"2024-03-24T12:05:32+00:00","dateModified":"2024-03-24T12:05:32+00:00","mainEntityOfPage":{"@id":"https:\/\/now-news.de\/de\/deutschland\/als-die-buechse-der-pandora-geoeffnet-wurde-zum-25-jahrestag-der-aggression-gegen-jugoslawien\/"},"wordCount":1424,"commentCount":0,"publisher":{"@id":"https:\/\/now-news.de\/de\/#organization"},"image":{"@id":"https:\/\/now-news.de\/de\/deutschland\/als-die-buechse-der-pandora-geoeffnet-wurde-zum-25-jahrestag-der-aggression-gegen-jugoslawien\/#primaryimage"},"thumbnailUrl":"https:\/\/now-news.de\/de\/wp-content\/uploads\/sites\/3\/2024\/03\/Als-die-Buechse-der-Pandora-geoeffnet-wurde-Zum-25.jpg","keywords":["Aggression","als","B\u00fcchse","der","die","gegen","ge\u00f6ffnet","Jahrestag","Jugoslawien","Pandora","wurde","zum"],"articleSection":["Deutschland","Russland"],"inLanguage":"de","potentialAction":[{"@type":"CommentAction","name":"Comment","target":["https:\/\/now-news.de\/de\/deutschland\/als-die-buechse-der-pandora-geoeffnet-wurde-zum-25-jahrestag-der-aggression-gegen-jugoslawien\/#respond"]}]},{"@type":"WebPage","@id":"https:\/\/now-news.de\/de\/deutschland\/als-die-buechse-der-pandora-geoeffnet-wurde-zum-25-jahrestag-der-aggression-gegen-jugoslawien\/","url":"https:\/\/now-news.de\/de\/deutschland\/als-die-buechse-der-pandora-geoeffnet-wurde-zum-25-jahrestag-der-aggression-gegen-jugoslawien\/","name":"Als die B\u00fcchse der Pandora ge\u00f6ffnet wurde - Zum 25. Jahrestag der Aggression gegen Jugoslawien - just-now.NEWS Deutschland","isPartOf":{"@id":"https:\/\/now-news.de\/de\/#website"},"primaryImageOfPage":{"@id":"https:\/\/now-news.de\/de\/deutschland\/als-die-buechse-der-pandora-geoeffnet-wurde-zum-25-jahrestag-der-aggression-gegen-jugoslawien\/#primaryimage"},"image":{"@id":"https:\/\/now-news.de\/de\/deutschland\/als-die-buechse-der-pandora-geoeffnet-wurde-zum-25-jahrestag-der-aggression-gegen-jugoslawien\/#primaryimage"},"thumbnailUrl":"https:\/\/now-news.de\/de\/wp-content\/uploads\/sites\/3\/2024\/03\/Als-die-Buechse-der-Pandora-geoeffnet-wurde-Zum-25.jpg","datePublished":"2024-03-24T12:05:32+00:00","dateModified":"2024-03-24T12:05:32+00:00","breadcrumb":{"@id":"https:\/\/now-news.de\/de\/deutschland\/als-die-buechse-der-pandora-geoeffnet-wurde-zum-25-jahrestag-der-aggression-gegen-jugoslawien\/#breadcrumb"},"inLanguage":"de","potentialAction":[{"@type":"ReadAction","target":["https:\/\/now-news.de\/de\/deutschland\/als-die-buechse-der-pandora-geoeffnet-wurde-zum-25-jahrestag-der-aggression-gegen-jugoslawien\/"]}]},{"@type":"ImageObject","inLanguage":"de","@id":"https:\/\/now-news.de\/de\/deutschland\/als-die-buechse-der-pandora-geoeffnet-wurde-zum-25-jahrestag-der-aggression-gegen-jugoslawien\/#primaryimage","url":"https:\/\/now-news.de\/de\/wp-content\/uploads\/sites\/3\/2024\/03\/Als-die-Buechse-der-Pandora-geoeffnet-wurde-Zum-25.jpg","contentUrl":"https:\/\/now-news.de\/de\/wp-content\/uploads\/sites\/3\/2024\/03\/Als-die-Buechse-der-Pandora-geoeffnet-wurde-Zum-25.jpg","width":460,"height":259,"caption":"Als die B\u00fcchse der Pandora ge\u00f6ffnet wurde - Zum 25. Jahrestag der Aggression gegen Jugoslawien"},{"@type":"BreadcrumbList","@id":"https:\/\/now-news.de\/de\/deutschland\/als-die-buechse-der-pandora-geoeffnet-wurde-zum-25-jahrestag-der-aggression-gegen-jugoslawien\/#breadcrumb","itemListElement":[{"@type":"ListItem","position":1,"name":"Home","item":"https:\/\/now-news.de\/de\/"},{"@type":"ListItem","position":2,"name":"Als die B\u00fcchse der Pandora ge\u00f6ffnet wurde &#8211; Zum 25. Jahrestag der Aggression gegen Jugoslawien"}]},{"@type":"WebSite","@id":"https:\/\/now-news.de\/de\/#website","url":"https:\/\/now-news.de\/de\/","name":"just-now.NEWS Deutschland","description":"Das Portal f\u00fcr unzensierte Nachrichten aus der Welt","publisher":{"@id":"https:\/\/now-news.de\/de\/#organization"},"potentialAction":[{"@type":"SearchAction","target":{"@type":"EntryPoint","urlTemplate":"https:\/\/now-news.de\/de\/?s={search_term_string}"},"query-input":"required name=search_term_string"}],"inLanguage":"de"},{"@type":"Organization","@id":"https:\/\/now-news.de\/de\/#organization","name":"Just Now News","url":"https:\/\/now-news.de\/de\/","logo":{"@type":"ImageObject","inLanguage":"de","@id":"https:\/\/now-news.de\/de\/#\/schema\/logo\/image\/","url":"http:\/\/just-now.news\/de\/wp-content\/uploads\/sites\/3\/2022\/04\/logo500x500.jpg","contentUrl":"http:\/\/just-now.news\/de\/wp-content\/uploads\/sites\/3\/2022\/04\/logo500x500.jpg","width":500,"height":500,"caption":"Just Now News"},"image":{"@id":"https:\/\/now-news.de\/de\/#\/schema\/logo\/image\/"},"sameAs":["https:\/\/www.facebook.com\/wirmachenauf","https:\/\/x.com\/WirMachenAuf_de"]},{"@type":"Person","@id":"https:\/\/now-news.de\/de\/#\/schema\/person\/fb534a4e865501d8b3285208df34a9b5","name":"rtnews","image":{"@type":"ImageObject","inLanguage":"de","@id":"https:\/\/now-news.de\/de\/#\/schema\/person\/image\/","url":"https:\/\/secure.gravatar.com\/avatar\/82aafea7d8127119dd649515f56e2117?s=96&d=mm&r=g","contentUrl":"https:\/\/secure.gravatar.com\/avatar\/82aafea7d8127119dd649515f56e2117?s=96&d=mm&r=g","caption":"rtnews"},"url":"https:\/\/now-news.de\/de\/author\/rnews\/"}]}},"_links":{"self":[{"href":"https:\/\/now-news.de\/de\/wp-json\/wp\/v2\/posts\/57638"}],"collection":[{"href":"https:\/\/now-news.de\/de\/wp-json\/wp\/v2\/posts"}],"about":[{"href":"https:\/\/now-news.de\/de\/wp-json\/wp\/v2\/types\/post"}],"author":[{"embeddable":true,"href":"https:\/\/now-news.de\/de\/wp-json\/wp\/v2\/users\/3"}],"replies":[{"embeddable":true,"href":"https:\/\/now-news.de\/de\/wp-json\/wp\/v2\/comments?post=57638"}],"version-history":[{"count":0,"href":"https:\/\/now-news.de\/de\/wp-json\/wp\/v2\/posts\/57638\/revisions"}],"wp:featuredmedia":[{"embeddable":true,"href":"https:\/\/now-news.de\/de\/wp-json\/wp\/v2\/media\/57639"}],"wp:attachment":[{"href":"https:\/\/now-news.de\/de\/wp-json\/wp\/v2\/media?parent=57638"}],"wp:term":[{"taxonomy":"category","embeddable":true,"href":"https:\/\/now-news.de\/de\/wp-json\/wp\/v2\/categories?post=57638"},{"taxonomy":"post_tag","embeddable":true,"href":"https:\/\/now-news.de\/de\/wp-json\/wp\/v2\/tags?post=57638"}],"curies":[{"name":"wp","href":"https:\/\/api.w.org\/{rel}","templated":true}]}}