{"id":57577,"date":"2024-03-22T14:31:48","date_gmt":"2024-03-22T12:31:48","guid":{"rendered":"https:\/\/just-now.news\/de\/deutschland\/israelischer-verteidigungsminister-reist-mit-waffen-wunschliste-nach-washington\/"},"modified":"2024-03-22T14:31:48","modified_gmt":"2024-03-22T12:31:48","slug":"israelischer-verteidigungsminister-reist-mit-waffen-wunschliste-nach-washington","status":"publish","type":"post","link":"https:\/\/now-news.de\/de\/deutschland\/israelischer-verteidigungsminister-reist-mit-waffen-wunschliste-nach-washington\/","title":{"rendered":"Israelischer Verteidigungsminister reist mit Waffen-Wunschliste nach Washington"},"content":{"rendered":"<p><img decoding=\"async\" src=\"http:\/\/just-now.news\/de\/wp-content\/uploads\/sites\/3\/2024\/03\/65fd4050b480cc66c37ba430.jpg\" \/><\/p>\n<div class=\"Text-root Text-type_1 \">\n                Israelische Streitkr\u00e4fte sind zunehmend auf US-amerikanische Waffen im Gaza-Krieg angewiesen. Dies sei umso mehr der Fall, wenn der Konflikt mit der Hisbollah-Bewegung im Norden eskalieren sollte.\n            <\/div>\n<p><\/p>\n<div class=\"Text-root Text-type_5 ArticleView-text ViewText-root \">\n<p>Der israelische Verteidigungsminister Joaw Galant wird n\u00e4chste Woche mit einer langen Liste von US-Waffen nach Washington kommen, die Israel schnell erhalten m\u00f6chte, berichtete <em>Axios<\/em>\u00a0unter Berufung auf zwei Beamte aus Israel und den USA. Seit dem Angriff der Hamas auf Israel am 7. Oktober ist die israelische Armee im Gaza-Krieg zunehmend auf US-Waffen angewiesen und\u00a0dies w\u00e4re umso mehr der Fall, wenn der Konflikt mit der Hisbollah im Libanon eskalieren sollte, hie\u00df es.<\/p>\n<p>Dabei handele es sich nicht nur um Nachschub f\u00fcr den seit mehr als f\u00fcnf Monaten andauernden Krieg im Gazastreifen, sondern auch um langfristigen Bedarf, darunter der Kauf weiterer F-35- und F-15-Kampfflugzeuge. Israel wolle die Belieferung mit diesen Flugzeugen und anderen Waffensystemen durch die USA beschleunigen.<\/p>\n<p>Israelische Beamte sind besorgt \u00fcber das Tempo der US-Waffenlieferungen und bef\u00fcrchten, dass das Pentagon die Lieferung verlangsamen k\u00f6nnte, da Biden wegen der Waffenlieferungen an Israel zunehmend in die Kritik ger\u00e4t. Ein US-Beamter sagte, es gebe keine Verz\u00f6gerung, und f\u00fcgte hinzu, Austin werde Galant sagen, das Tempo der Waffenlieferungen h\u00e4nge von den verf\u00fcgbaren US-Mitteln und der Notwendigkeit ab, dass der Kongress zus\u00e4tzliche Mittel bewilligt.<\/p>\n<p>Am vergangenen Donnerstag unterzeichnete Galant einen Brief an die Regierung Biden, in dem er versicherte, dass Israel US-Waffen im Einklang mit dem V\u00f6lkerrecht einsetzen und von den USA unterst\u00fctzte humanit\u00e4re Hilfe in den Gazastreifen lassen werde, wie <em>Axios<\/em>\u00a0berichtete. Der Brief mit den Zusicherungen ist eine Anforderung im Rahmen eines Memorandums zur nationalen Sicherheit, das Pr\u00e4sident Biden vergangenen Monat herausgegeben hat. Die neue Politik bezieht sich nicht speziell auf Israel, aber sie erfolgte, nachdem einige demokratische Senatoren ihre Besorgnis \u00fcber die israelische Milit\u00e4rkampagne im Gazastreifen zum Ausdruck gebracht hatten.<\/p>\n<p>Israel hat zugleich die milit\u00e4rischen Pl\u00e4ne f\u00fcr seine Offensive genehmigt. Doch angesichts der 1,4 Millionen Pal\u00e4stinenser, die in der Stadt eingepfercht sind, haben Israels Verb\u00fcndete, darunter die USA, gr\u00f6\u00dfere &#8220;R\u00fccksichtnahme&#8221; auf die Zivilbev\u00f6lkerung bei dem erwarteten Einmarsch gefordert. Die USA sind allerdings selbst Strippenzieher\u00a0im Gaza-Krieg und\u00a0am V\u00f6lkermord an den Pal\u00e4stinensern direkt beteiligt.<\/p>\n<p><strong>Mehr zum Thema<\/strong> &#8211; <a rel=\"nofollow noopener\" target=\"_blank\" href=\"https:\/\/freeassange.rtde.life\/der-nahe-osten\/200198-ohne-ruecksprache-mit-washington-israels-militaer-will-in-rafah-einmarschieren\/\">Ohne R\u00fccksprache mit Washington: Israels Milit\u00e4r will in Rafah einmarschieren<\/a><\/p>\n<div class=\"EmbedBlock-root EmbedBlock-externalVideo EmbedBlock-vk\">\n<div class=\"VkEmbed\"><iframe class=\"lazyload\" data-src=\"https:\/\/vk.com\/video_ext.php?oid=-134310637&amp;id=456275296\" frameborder=\"0\" width=\"853\" height=\"480\" allowfullscreen><\/iframe><\/div>\n<\/div>\n<\/div>\n<p><br \/>\n<br \/><a href=\"https:\/\/de.rt.com\/der-nahe-osten\/200257-israelischer-verteidigungsminister-bringt-lange-waffen\/\">Source link <\/a><\/p>\n","protected":false},"excerpt":{"rendered":"<p>Israelische Streitkr\u00e4fte sind zunehmend auf US-amerikanische Waffen im Gaza-Krieg angewiesen. Dies sei umso mehr der Fall, wenn der Konflikt mit der Hisbollah-Bewegung im Norden eskalieren sollte. Der israelische Verteidigungsminister Joaw Galant wird n\u00e4chste Woche mit einer langen Liste von US-Waffen nach Washington kommen, die Israel schnell erhalten m\u00f6chte, berichtete Axios\u00a0unter Berufung auf zwei Beamte aus [&hellip;]<\/p>\n","protected":false},"author":3,"featured_media":57578,"comment_status":"open","ping_status":"open","sticky":false,"template":"","format":"standard","meta":{"_yoast_indexnow_last_ping":["1711111602"],"wp_automatic_camp":["217"],"09f65cef6abf40ade9026f2c1a545512":["Israelischer Verteidigungsminister reist mit Waffen-Wunschliste nach Washington"],"original_link":["https:\/\/de.rt.com\/der-nahe-osten\/200257-israelischer-verteidigungsminister-bringt-lange-waffen\/"],"_thumbnail_id":["57578"],"jnews_social_counter_last_update":["1777246855"],"_wptgpro_p2tg_sent2tg":["a:1:{i:23737;s:19:\"2024-03-22 14:47:42\";}"]},"categories":[19,23],"tags":[5032,419,979,29854,5456,24701,1039],"yoast_head":"<!-- This site is optimized with the Yoast SEO Premium plugin v22.7 (Yoast SEO v22.7) - https:\/\/yoast.com\/wordpress\/plugins\/seo\/ -->\n<title>Israelischer Verteidigungsminister reist mit Waffen-Wunschliste nach Washington - just-now.NEWS Deutschland<\/title>\n<meta name=\"robots\" content=\"index, follow, max-snippet:-1, max-image-preview:large, max-video-preview:-1\" \/>\n<link rel=\"canonical\" href=\"https:\/\/now-news.de\/de\/deutschland\/israelischer-verteidigungsminister-reist-mit-waffen-wunschliste-nach-washington\/\" \/>\n<meta property=\"og:locale\" content=\"de_DE\" \/>\n<meta property=\"og:type\" content=\"article\" \/>\n<meta property=\"og:title\" content=\"Israelischer Verteidigungsminister reist mit Waffen-Wunschliste nach Washington\" \/>\n<meta property=\"og:description\" content=\"Israelische Streitkr\u00e4fte sind zunehmend auf US-amerikanische Waffen im Gaza-Krieg angewiesen. Dies sei umso mehr der Fall, wenn der Konflikt mit der Hisbollah-Bewegung im Norden eskalieren sollte. Der israelische Verteidigungsminister Joaw Galant wird n\u00e4chste Woche mit einer langen Liste von US-Waffen nach Washington kommen, die Israel schnell erhalten m\u00f6chte, berichtete Axios\u00a0unter Berufung auf zwei Beamte aus [&hellip;]\" \/>\n<meta property=\"og:url\" content=\"https:\/\/now-news.de\/de\/deutschland\/israelischer-verteidigungsminister-reist-mit-waffen-wunschliste-nach-washington\/\" \/>\n<meta property=\"og:site_name\" content=\"just-now.NEWS Deutschland\" \/>\n<meta property=\"article:publisher\" content=\"https:\/\/www.facebook.com\/wirmachenauf\" \/>\n<meta property=\"article:published_time\" content=\"2024-03-22T12:31:48+00:00\" \/>\n<meta property=\"og:image\" content=\"https:\/\/now-news.de\/de\/wp-content\/uploads\/sites\/3\/2024\/03\/Israelischer-Verteidigungsminister-reist-mit-Waffen-Wunschliste-nach-Washington.jpg\" \/>\n\t<meta property=\"og:image:width\" content=\"460\" \/>\n\t<meta property=\"og:image:height\" content=\"259\" \/>\n\t<meta property=\"og:image:type\" content=\"image\/jpeg\" \/>\n<meta name=\"author\" content=\"rtnews\" \/>\n<meta name=\"twitter:card\" content=\"summary_large_image\" \/>\n<meta name=\"twitter:creator\" content=\"@WirMachenAuf_de\" \/>\n<meta name=\"twitter:site\" content=\"@WirMachenAuf_de\" \/>\n<meta name=\"twitter:label1\" content=\"Verfasst von\" \/>\n\t<meta name=\"twitter:data1\" content=\"rtnews\" \/>\n\t<meta name=\"twitter:label2\" content=\"Gesch\u00e4tzte Lesezeit\" \/>\n\t<meta name=\"twitter:data2\" content=\"2\u00a0Minuten\" \/>\n<script type=\"application\/ld+json\" class=\"yoast-schema-graph\">{\"@context\":\"https:\/\/schema.org\",\"@graph\":[{\"@type\":\"Article\",\"@id\":\"https:\/\/now-news.de\/de\/deutschland\/israelischer-verteidigungsminister-reist-mit-waffen-wunschliste-nach-washington\/#article\",\"isPartOf\":{\"@id\":\"https:\/\/now-news.de\/de\/deutschland\/israelischer-verteidigungsminister-reist-mit-waffen-wunschliste-nach-washington\/\"},\"author\":{\"name\":\"rtnews\",\"@id\":\"https:\/\/now-news.de\/de\/#\/schema\/person\/fb534a4e865501d8b3285208df34a9b5\"},\"headline\":\"Israelischer Verteidigungsminister reist mit Waffen-Wunschliste nach Washington\",\"datePublished\":\"2024-03-22T12:31:48+00:00\",\"dateModified\":\"2024-03-22T12:31:48+00:00\",\"mainEntityOfPage\":{\"@id\":\"https:\/\/now-news.de\/de\/deutschland\/israelischer-verteidigungsminister-reist-mit-waffen-wunschliste-nach-washington\/\"},\"wordCount\":405,\"commentCount\":0,\"publisher\":{\"@id\":\"https:\/\/now-news.de\/de\/#organization\"},\"image\":{\"@id\":\"https:\/\/now-news.de\/de\/deutschland\/israelischer-verteidigungsminister-reist-mit-waffen-wunschliste-nach-washington\/#primaryimage\"},\"thumbnailUrl\":\"https:\/\/now-news.de\/de\/wp-content\/uploads\/sites\/3\/2024\/03\/Israelischer-Verteidigungsminister-reist-mit-Waffen-Wunschliste-nach-Washington.jpg\",\"keywords\":[\"Israelischer\",\"mit\",\"nach\",\"reist\",\"Verteidigungsminister\",\"Waffenwunschliste\",\"Washington\"],\"articleSection\":[\"Deutschland\",\"Russland\"],\"inLanguage\":\"de\",\"potentialAction\":[{\"@type\":\"CommentAction\",\"name\":\"Comment\",\"target\":[\"https:\/\/now-news.de\/de\/deutschland\/israelischer-verteidigungsminister-reist-mit-waffen-wunschliste-nach-washington\/#respond\"]}]},{\"@type\":\"WebPage\",\"@id\":\"https:\/\/now-news.de\/de\/deutschland\/israelischer-verteidigungsminister-reist-mit-waffen-wunschliste-nach-washington\/\",\"url\":\"https:\/\/now-news.de\/de\/deutschland\/israelischer-verteidigungsminister-reist-mit-waffen-wunschliste-nach-washington\/\",\"name\":\"Israelischer Verteidigungsminister reist mit Waffen-Wunschliste nach Washington - just-now.NEWS Deutschland\",\"isPartOf\":{\"@id\":\"https:\/\/now-news.de\/de\/#website\"},\"primaryImageOfPage\":{\"@id\":\"https:\/\/now-news.de\/de\/deutschland\/israelischer-verteidigungsminister-reist-mit-waffen-wunschliste-nach-washington\/#primaryimage\"},\"image\":{\"@id\":\"https:\/\/now-news.de\/de\/deutschland\/israelischer-verteidigungsminister-reist-mit-waffen-wunschliste-nach-washington\/#primaryimage\"},\"thumbnailUrl\":\"https:\/\/now-news.de\/de\/wp-content\/uploads\/sites\/3\/2024\/03\/Israelischer-Verteidigungsminister-reist-mit-Waffen-Wunschliste-nach-Washington.jpg\",\"datePublished\":\"2024-03-22T12:31:48+00:00\",\"dateModified\":\"2024-03-22T12:31:48+00:00\",\"breadcrumb\":{\"@id\":\"https:\/\/now-news.de\/de\/deutschland\/israelischer-verteidigungsminister-reist-mit-waffen-wunschliste-nach-washington\/#breadcrumb\"},\"inLanguage\":\"de\",\"potentialAction\":[{\"@type\":\"ReadAction\",\"target\":[\"https:\/\/now-news.de\/de\/deutschland\/israelischer-verteidigungsminister-reist-mit-waffen-wunschliste-nach-washington\/\"]}]},{\"@type\":\"ImageObject\",\"inLanguage\":\"de\",\"@id\":\"https:\/\/now-news.de\/de\/deutschland\/israelischer-verteidigungsminister-reist-mit-waffen-wunschliste-nach-washington\/#primaryimage\",\"url\":\"https:\/\/now-news.de\/de\/wp-content\/uploads\/sites\/3\/2024\/03\/Israelischer-Verteidigungsminister-reist-mit-Waffen-Wunschliste-nach-Washington.jpg\",\"contentUrl\":\"https:\/\/now-news.de\/de\/wp-content\/uploads\/sites\/3\/2024\/03\/Israelischer-Verteidigungsminister-reist-mit-Waffen-Wunschliste-nach-Washington.jpg\",\"width\":460,\"height\":259,\"caption\":\"Israelischer Verteidigungsminister reist mit Waffen-Wunschliste nach Washington\"},{\"@type\":\"BreadcrumbList\",\"@id\":\"https:\/\/now-news.de\/de\/deutschland\/israelischer-verteidigungsminister-reist-mit-waffen-wunschliste-nach-washington\/#breadcrumb\",\"itemListElement\":[{\"@type\":\"ListItem\",\"position\":1,\"name\":\"Home\",\"item\":\"https:\/\/now-news.de\/de\/\"},{\"@type\":\"ListItem\",\"position\":2,\"name\":\"Israelischer Verteidigungsminister reist mit Waffen-Wunschliste nach Washington\"}]},{\"@type\":\"WebSite\",\"@id\":\"https:\/\/now-news.de\/de\/#website\",\"url\":\"https:\/\/now-news.de\/de\/\",\"name\":\"just-now.NEWS Deutschland\",\"description\":\"Das Portal f\u00fcr unzensierte Nachrichten aus der Welt\",\"publisher\":{\"@id\":\"https:\/\/now-news.de\/de\/#organization\"},\"potentialAction\":[{\"@type\":\"SearchAction\",\"target\":{\"@type\":\"EntryPoint\",\"urlTemplate\":\"https:\/\/now-news.de\/de\/?s={search_term_string}\"},\"query-input\":\"required name=search_term_string\"}],\"inLanguage\":\"de\"},{\"@type\":\"Organization\",\"@id\":\"https:\/\/now-news.de\/de\/#organization\",\"name\":\"Just Now News\",\"url\":\"https:\/\/now-news.de\/de\/\",\"logo\":{\"@type\":\"ImageObject\",\"inLanguage\":\"de\",\"@id\":\"https:\/\/now-news.de\/de\/#\/schema\/logo\/image\/\",\"url\":\"http:\/\/just-now.news\/de\/wp-content\/uploads\/sites\/3\/2022\/04\/logo500x500.jpg\",\"contentUrl\":\"http:\/\/just-now.news\/de\/wp-content\/uploads\/sites\/3\/2022\/04\/logo500x500.jpg\",\"width\":500,\"height\":500,\"caption\":\"Just Now News\"},\"image\":{\"@id\":\"https:\/\/now-news.de\/de\/#\/schema\/logo\/image\/\"},\"sameAs\":[\"https:\/\/www.facebook.com\/wirmachenauf\",\"https:\/\/x.com\/WirMachenAuf_de\"]},{\"@type\":\"Person\",\"@id\":\"https:\/\/now-news.de\/de\/#\/schema\/person\/fb534a4e865501d8b3285208df34a9b5\",\"name\":\"rtnews\",\"image\":{\"@type\":\"ImageObject\",\"inLanguage\":\"de\",\"@id\":\"https:\/\/now-news.de\/de\/#\/schema\/person\/image\/\",\"url\":\"https:\/\/secure.gravatar.com\/avatar\/82aafea7d8127119dd649515f56e2117?s=96&d=mm&r=g\",\"contentUrl\":\"https:\/\/secure.gravatar.com\/avatar\/82aafea7d8127119dd649515f56e2117?s=96&d=mm&r=g\",\"caption\":\"rtnews\"},\"url\":\"https:\/\/now-news.de\/de\/author\/rnews\/\"}]}<\/script>\n<!-- \/ Yoast SEO Premium plugin. -->","yoast_head_json":{"title":"Israelischer Verteidigungsminister reist mit Waffen-Wunschliste nach Washington - just-now.NEWS Deutschland","robots":{"index":"index","follow":"follow","max-snippet":"max-snippet:-1","max-image-preview":"max-image-preview:large","max-video-preview":"max-video-preview:-1"},"canonical":"https:\/\/now-news.de\/de\/deutschland\/israelischer-verteidigungsminister-reist-mit-waffen-wunschliste-nach-washington\/","og_locale":"de_DE","og_type":"article","og_title":"Israelischer Verteidigungsminister reist mit Waffen-Wunschliste nach Washington","og_description":"Israelische Streitkr\u00e4fte sind zunehmend auf US-amerikanische Waffen im Gaza-Krieg angewiesen. Dies sei umso mehr der Fall, wenn der Konflikt mit der Hisbollah-Bewegung im Norden eskalieren sollte. Der israelische Verteidigungsminister Joaw Galant wird n\u00e4chste Woche mit einer langen Liste von US-Waffen nach Washington kommen, die Israel schnell erhalten m\u00f6chte, berichtete Axios\u00a0unter Berufung auf zwei Beamte aus [&hellip;]","og_url":"https:\/\/now-news.de\/de\/deutschland\/israelischer-verteidigungsminister-reist-mit-waffen-wunschliste-nach-washington\/","og_site_name":"just-now.NEWS Deutschland","article_publisher":"https:\/\/www.facebook.com\/wirmachenauf","article_published_time":"2024-03-22T12:31:48+00:00","og_image":[{"width":460,"height":259,"url":"https:\/\/now-news.de\/de\/wp-content\/uploads\/sites\/3\/2024\/03\/Israelischer-Verteidigungsminister-reist-mit-Waffen-Wunschliste-nach-Washington.jpg","type":"image\/jpeg"}],"author":"rtnews","twitter_card":"summary_large_image","twitter_creator":"@WirMachenAuf_de","twitter_site":"@WirMachenAuf_de","twitter_misc":{"Verfasst von":"rtnews","Gesch\u00e4tzte Lesezeit":"2\u00a0Minuten"},"schema":{"@context":"https:\/\/schema.org","@graph":[{"@type":"Article","@id":"https:\/\/now-news.de\/de\/deutschland\/israelischer-verteidigungsminister-reist-mit-waffen-wunschliste-nach-washington\/#article","isPartOf":{"@id":"https:\/\/now-news.de\/de\/deutschland\/israelischer-verteidigungsminister-reist-mit-waffen-wunschliste-nach-washington\/"},"author":{"name":"rtnews","@id":"https:\/\/now-news.de\/de\/#\/schema\/person\/fb534a4e865501d8b3285208df34a9b5"},"headline":"Israelischer Verteidigungsminister reist mit Waffen-Wunschliste nach Washington","datePublished":"2024-03-22T12:31:48+00:00","dateModified":"2024-03-22T12:31:48+00:00","mainEntityOfPage":{"@id":"https:\/\/now-news.de\/de\/deutschland\/israelischer-verteidigungsminister-reist-mit-waffen-wunschliste-nach-washington\/"},"wordCount":405,"commentCount":0,"publisher":{"@id":"https:\/\/now-news.de\/de\/#organization"},"image":{"@id":"https:\/\/now-news.de\/de\/deutschland\/israelischer-verteidigungsminister-reist-mit-waffen-wunschliste-nach-washington\/#primaryimage"},"thumbnailUrl":"https:\/\/now-news.de\/de\/wp-content\/uploads\/sites\/3\/2024\/03\/Israelischer-Verteidigungsminister-reist-mit-Waffen-Wunschliste-nach-Washington.jpg","keywords":["Israelischer","mit","nach","reist","Verteidigungsminister","Waffenwunschliste","Washington"],"articleSection":["Deutschland","Russland"],"inLanguage":"de","potentialAction":[{"@type":"CommentAction","name":"Comment","target":["https:\/\/now-news.de\/de\/deutschland\/israelischer-verteidigungsminister-reist-mit-waffen-wunschliste-nach-washington\/#respond"]}]},{"@type":"WebPage","@id":"https:\/\/now-news.de\/de\/deutschland\/israelischer-verteidigungsminister-reist-mit-waffen-wunschliste-nach-washington\/","url":"https:\/\/now-news.de\/de\/deutschland\/israelischer-verteidigungsminister-reist-mit-waffen-wunschliste-nach-washington\/","name":"Israelischer Verteidigungsminister reist mit Waffen-Wunschliste nach Washington - just-now.NEWS Deutschland","isPartOf":{"@id":"https:\/\/now-news.de\/de\/#website"},"primaryImageOfPage":{"@id":"https:\/\/now-news.de\/de\/deutschland\/israelischer-verteidigungsminister-reist-mit-waffen-wunschliste-nach-washington\/#primaryimage"},"image":{"@id":"https:\/\/now-news.de\/de\/deutschland\/israelischer-verteidigungsminister-reist-mit-waffen-wunschliste-nach-washington\/#primaryimage"},"thumbnailUrl":"https:\/\/now-news.de\/de\/wp-content\/uploads\/sites\/3\/2024\/03\/Israelischer-Verteidigungsminister-reist-mit-Waffen-Wunschliste-nach-Washington.jpg","datePublished":"2024-03-22T12:31:48+00:00","dateModified":"2024-03-22T12:31:48+00:00","breadcrumb":{"@id":"https:\/\/now-news.de\/de\/deutschland\/israelischer-verteidigungsminister-reist-mit-waffen-wunschliste-nach-washington\/#breadcrumb"},"inLanguage":"de","potentialAction":[{"@type":"ReadAction","target":["https:\/\/now-news.de\/de\/deutschland\/israelischer-verteidigungsminister-reist-mit-waffen-wunschliste-nach-washington\/"]}]},{"@type":"ImageObject","inLanguage":"de","@id":"https:\/\/now-news.de\/de\/deutschland\/israelischer-verteidigungsminister-reist-mit-waffen-wunschliste-nach-washington\/#primaryimage","url":"https:\/\/now-news.de\/de\/wp-content\/uploads\/sites\/3\/2024\/03\/Israelischer-Verteidigungsminister-reist-mit-Waffen-Wunschliste-nach-Washington.jpg","contentUrl":"https:\/\/now-news.de\/de\/wp-content\/uploads\/sites\/3\/2024\/03\/Israelischer-Verteidigungsminister-reist-mit-Waffen-Wunschliste-nach-Washington.jpg","width":460,"height":259,"caption":"Israelischer Verteidigungsminister reist mit Waffen-Wunschliste nach Washington"},{"@type":"BreadcrumbList","@id":"https:\/\/now-news.de\/de\/deutschland\/israelischer-verteidigungsminister-reist-mit-waffen-wunschliste-nach-washington\/#breadcrumb","itemListElement":[{"@type":"ListItem","position":1,"name":"Home","item":"https:\/\/now-news.de\/de\/"},{"@type":"ListItem","position":2,"name":"Israelischer Verteidigungsminister reist mit Waffen-Wunschliste nach Washington"}]},{"@type":"WebSite","@id":"https:\/\/now-news.de\/de\/#website","url":"https:\/\/now-news.de\/de\/","name":"just-now.NEWS Deutschland","description":"Das Portal f\u00fcr unzensierte Nachrichten aus der Welt","publisher":{"@id":"https:\/\/now-news.de\/de\/#organization"},"potentialAction":[{"@type":"SearchAction","target":{"@type":"EntryPoint","urlTemplate":"https:\/\/now-news.de\/de\/?s={search_term_string}"},"query-input":"required name=search_term_string"}],"inLanguage":"de"},{"@type":"Organization","@id":"https:\/\/now-news.de\/de\/#organization","name":"Just Now News","url":"https:\/\/now-news.de\/de\/","logo":{"@type":"ImageObject","inLanguage":"de","@id":"https:\/\/now-news.de\/de\/#\/schema\/logo\/image\/","url":"http:\/\/just-now.news\/de\/wp-content\/uploads\/sites\/3\/2022\/04\/logo500x500.jpg","contentUrl":"http:\/\/just-now.news\/de\/wp-content\/uploads\/sites\/3\/2022\/04\/logo500x500.jpg","width":500,"height":500,"caption":"Just Now News"},"image":{"@id":"https:\/\/now-news.de\/de\/#\/schema\/logo\/image\/"},"sameAs":["https:\/\/www.facebook.com\/wirmachenauf","https:\/\/x.com\/WirMachenAuf_de"]},{"@type":"Person","@id":"https:\/\/now-news.de\/de\/#\/schema\/person\/fb534a4e865501d8b3285208df34a9b5","name":"rtnews","image":{"@type":"ImageObject","inLanguage":"de","@id":"https:\/\/now-news.de\/de\/#\/schema\/person\/image\/","url":"https:\/\/secure.gravatar.com\/avatar\/82aafea7d8127119dd649515f56e2117?s=96&d=mm&r=g","contentUrl":"https:\/\/secure.gravatar.com\/avatar\/82aafea7d8127119dd649515f56e2117?s=96&d=mm&r=g","caption":"rtnews"},"url":"https:\/\/now-news.de\/de\/author\/rnews\/"}]}},"_links":{"self":[{"href":"https:\/\/now-news.de\/de\/wp-json\/wp\/v2\/posts\/57577"}],"collection":[{"href":"https:\/\/now-news.de\/de\/wp-json\/wp\/v2\/posts"}],"about":[{"href":"https:\/\/now-news.de\/de\/wp-json\/wp\/v2\/types\/post"}],"author":[{"embeddable":true,"href":"https:\/\/now-news.de\/de\/wp-json\/wp\/v2\/users\/3"}],"replies":[{"embeddable":true,"href":"https:\/\/now-news.de\/de\/wp-json\/wp\/v2\/comments?post=57577"}],"version-history":[{"count":0,"href":"https:\/\/now-news.de\/de\/wp-json\/wp\/v2\/posts\/57577\/revisions"}],"wp:featuredmedia":[{"embeddable":true,"href":"https:\/\/now-news.de\/de\/wp-json\/wp\/v2\/media\/57578"}],"wp:attachment":[{"href":"https:\/\/now-news.de\/de\/wp-json\/wp\/v2\/media?parent=57577"}],"wp:term":[{"taxonomy":"category","embeddable":true,"href":"https:\/\/now-news.de\/de\/wp-json\/wp\/v2\/categories?post=57577"},{"taxonomy":"post_tag","embeddable":true,"href":"https:\/\/now-news.de\/de\/wp-json\/wp\/v2\/tags?post=57577"}],"curies":[{"name":"wp","href":"https:\/\/api.w.org\/{rel}","templated":true}]}}