{"id":57559,"date":"2024-03-22T08:45:00","date_gmt":"2024-03-22T06:45:00","guid":{"rendered":"https:\/\/just-now.news\/de\/deutschland\/militaerbasis-in-rumaenien-wie-die-usa-das-kraefteverhaeltnis-an-russlands-grenze-veraendern-wollen\/"},"modified":"2024-03-22T08:45:00","modified_gmt":"2024-03-22T06:45:00","slug":"militaerbasis-in-rumaenien-wie-die-usa-das-kraefteverhaeltnis-an-russlands-grenze-veraendern-wollen","status":"publish","type":"post","link":"https:\/\/now-news.de\/de\/deutschland\/militaerbasis-in-rumaenien-wie-die-usa-das-kraefteverhaeltnis-an-russlands-grenze-veraendern-wollen\/","title":{"rendered":"Milit\u00e4rbasis in Rum\u00e4nien: Wie die USA das Kr\u00e4fteverh\u00e4ltnis an Russlands Grenze ver\u00e4ndern wollen"},"content":{"rendered":"<p><img decoding=\"async\" src=\"http:\/\/just-now.news\/de\/wp-content\/uploads\/sites\/3\/2024\/03\/65fc270f48fbef2e06633059.jpg\" \/><\/p>\n<div class=\"Text-root Text-type_1 \">\n                Die USA h\u00e4tten einen Weg gefunden, Beschr\u00e4nkungen f\u00fcr die Durchfahrt von Schiffen durch den Bosporus und die Dardanellen zu umgehen, urteilen Analysten \u00fcber die Pl\u00e4ne im Pentagon, eine weitere Milit\u00e4rbasis direkt im Zust\u00e4ndigkeitsbereich der russischen Schwarzmeerflotte Russlands zu errichten. Das ist aber nicht der einzige Zweck, was also steckt noch dahinter?\n            <\/div>\n<p><\/p>\n<div class=\"Text-root Text-type_5 ArticleView-text ViewText-root \">\n<p><em>Von Geworg Mirsajan<\/em><\/p>\n<p>Rum\u00e4nien gilt derzeit als das \u00e4rmste Land in der Europ\u00e4ischen Union. Dennoch haben die Beh\u00f6rden vor Ort beschlossen, dort rund 2,5 Milliarden Euro f\u00fcr den Bau des gr\u00f6\u00dften NATO-St\u00fctzpunktes in der &#8220;Alten Welt&#8221; bereitzustellen.<\/p>\n<p>Der St\u00fctzpunkt wird an der Schwarzmeerk\u00fcste in der N\u00e4he der Stadt Constan\u021ba auf dem Gel\u00e4nde des ehemaligen 57. Luftwaffenst\u00fctzpunkts des Landes errichtet (auf dem heute bereits etwa 5.000 NATO-Soldaten, vor allem US-Amerikaner, stationiert sind). Der neue St\u00fctzpunkt wird Platz f\u00fcr 10.000 Soldaten bieten. Gleichzeitig soll das NATO-Objekt v\u00f6llig autonom werden, einschlie\u00dflich eigener Schulen und Kinderg\u00e4rten f\u00fcr den Nachwuchs der Mitarbeiter \u2013 eine Art Kleinstadt auf dreitausend Hektar Land. \u00a0<\/p>\n<p>Und h\u00f6chstwahrscheinlich wird diese Kleins wieder vollst\u00e4ndig US-amerikanisch sein. Tatsache ist, dass verschiedene Denkfabriken, darunter auch das CSIS (Zentrum f\u00fcr Strategische und Internationale Studien der USA), Berichte ver\u00f6ffentlichten, in denen die Stationierung weiterer Truppen an der Ostflanke der NATO empfohlen wird. Laut NATO-Experten sei dies rentabler, als die Truppen nur dort zu haben und etwa alle neun Monate die Brigaden auszutauschen (wie es derzeit geschieht). Als dauerhafte Stationierungsorte werden Polen (das Donald Trump schon vor dem Beginn der speziellen russischen Milit\u00e4roperation f\u00fcr diese Rolle in Betracht gezogen hatte) sowie Rum\u00e4nien vorgeschlagen.<\/p>\n<p>Wadim Truchatschjow, au\u00dferordentlicher Professor an der Russischen Staatlichen Geisteswissenschaftlichen Universit\u00e4t (kurz RGGU), erl\u00e4uterte die m\u00f6glichen Gr\u00fcnde f\u00fcr die Wahl Rum\u00e4niens gegen\u00fcber der Zeitung <em>Wsgljad<\/em> folgenderma\u00dfen:<\/p>\n<blockquote>\n<p><em>&#8220;Rum\u00e4nien grenzt an die Ukraine, hat Zugang zum Schwarzen Meer und liegt gegen\u00fcber der Krim. Von diesem Territorium ist es f\u00fcr die NATO bequem, einen m\u00f6glichen Krieg gegen Russland zu f\u00fchren. Au\u00dferdem war dort die Administration bereit, einen solchen St\u00fctzpunkt zu beherbergen.&#8221;<\/em><\/p>\n<\/blockquote>\n<p>Zudem liegt der St\u00fctzpunkt nat\u00fcrlich auch gef\u00e4hrlich nahe zu Transnistrien, jenem Gebiet Moldawiens, das von russischen B\u00fcrgern bewohnt wird.<\/p>\n<p>Die Rum\u00e4nen selbst machen keinen Hehl daraus, dass der St\u00fctzpunkt in erster Linie zum Kampf gegen Russland gebraucht werde. <em>Euronews<\/em>\u00a0<a rel=\"nofollow noopener\" target=\"_blank\" href=\"https:\/\/www.euronews.ro\/articole\/cea-mai-mare-baza-nato-din-europa-in-constructie-noua-baza-de-la-mihail-kogalnice\">zitiert<\/a> den rum\u00e4nischen Politologen Dorin Popescu mit den Worten:<\/p>\n<blockquote>\n<p><em>&#8220;Der St\u00fctzpunkt Mihail Kog\u0103lniceanu [eine Gemeinde nahe Constan\u021ba] wird zur wichtigsten dauerhaften NATO-Milit\u00e4rstruktur in unmittelbarer N\u00e4he des Konflikts in der S\u00fcdukraine werden. Hoffen wir nicht, dass dieser Konflikt in diesem Jahr, 2025 oder 2026 beendet wird. Das ist ein langfristiger Konflikt.&#8221; <\/em><\/p>\n<\/blockquote>\n<p>Nun, im Moment ist die Bedrohung durch den St\u00fctzpunkt relativ gering \u2013 schon allein deshalb, weil die Bauarbeiten gerade erst begonnen haben. <em>Euronews<\/em>\u00a0<a rel=\"nofollow noopener\" target=\"_blank\" href=\"https:\/\/www.euronews.ro\/articole\/cea-mai-mare-baza-nato-din-europa-in-constructie-noua-baza-de-la-mihail-kogalnice\">schreibt<\/a> weiter:<\/p>\n<blockquote>\n<p><em>&#8220;Die Arbeiten am NATO-St\u00fctzpunkt haben mit der grundlegenden Infrastruktur begonnen, also mit den Zufahrtsstra\u00dfen und dem Stromnetz. Der Bau einer neuen Start- und Landebahn parallel zur bestehenden wird bald beginnen.&#8221;<\/em><\/p>\n<\/blockquote>\n<p>Und dieses Szenarium kann als ein gewisses Element diplomatischen Drucks betrachtet werden. Allerdings k\u00f6nnte der neue NATO-St\u00fctzpunkt in Zukunft das Kr\u00e4fteverh\u00e4ltnis nicht nur in S\u00fcdosteuropa, sondern auch im Schwarzen Meer gravierend ver\u00e4ndern.<\/p>\n<p>Nominell werden dort Bodentruppen stationiert sein. Laut dem derzeitigen Kommandeur des St\u00fctzpunkts Nicolae Cre\u021bu kann er nach der Modernisierung alle Bodentruppen, Spezialeinheiten \u2013 oder &#8220;jedes andere milit\u00e4rische Potenzial, das als Reaktion auf Sicherheitssituationen erforderlich ist&#8221; \u2013 beherbergen. Das hei\u00dft, auch Marineeinheiten, die in der Lage sind, Russlands Kommunikationswege \u00fcber den Bosporus und die Dardanellen zu gef\u00e4hrden.<\/p>\n<p>Nat\u00fcrlich k\u00f6nnen die USA gem\u00e4\u00df dem Vertrag von Montreux nicht dauerhaft ihre Flotte vor der K\u00fcste Rum\u00e4niens halten. Aber niemand verbietet einer Flotte, dort unter rum\u00e4nischer Flagge zu fahren. Daran erinnert Dmitri Ofizerow-Belski, ein leitender Wissenschaftler am Institut f\u00fcr Weltwirtschaft und internationale Beziehungen der Russischen Akademie der Wissenschaften, in einem Gespr\u00e4ch mit <em>Wsgljad<\/em>:<\/p>\n<blockquote>\n<p><em>&#8220;Zum Beispiel k\u00f6nnten einige alte Schiffe der US-Marine nach Rum\u00e4nien \u00fcberf\u00fchrt werden \u2013 wie es einst mit Polen gemacht <\/em><em>wurde. Den Polen wurden zwei alte, aber ziemlich gro\u00dfe Schiffe geschenkt.&#8221;<\/em><\/p>\n<\/blockquote>\n<p>Neben der Eind\u00e4mmung Russlands wird der St\u00fctzpunkt auch andere Funktionen erf\u00fcllen. Zum Beispiel die Abschreckung der T\u00fcrkei. Wadim Truchatschjow erkl\u00e4rt dazu:<\/p>\n<blockquote>\n<p><em>&#8220;Die NATO versucht \u00fcberall, Territorien [f\u00fcr sich] zu markieren. F\u00fcr den Fall, dass sich die T\u00fcrkei weigert, brauchen sie buchst\u00e4blich Alternativen f\u00fcr einen Flugplatz und Liegeplatz. Hier ist es nicht weit zum Nahen Osten und Nordafrika.&#8221;<\/em><\/p>\n<\/blockquote>\n<p>Und in Ankara sei man nat\u00fcrlich keineswegs von diesem Bau begeistert.<\/p>\n<p>Wladimir Awatkow, Doktor der Politikwissenschaften und Leiter der Abteilung f\u00fcr den Mittleren und postsowjetischen Osten am Institut f\u00fcr wissenschaftliche Information \u00fcber Sozialwissenschaften der Russischen Akademie der Wissenschaften erkl\u00e4rt gegen\u00fcber der Zeitung Wsgljad:<\/p>\n<blockquote>\n<p><em>&#8220;Die T\u00fcrkei geht von ihrer inoffiziellen Doktrin der &#8220;Blauen Heimat&#8221; aus, die die Dominanz der Republik in angrenzenden Gew\u00e4ssern impliziert. Trotz der B\u00fcndnisbeziehungen mit dem Westen ist die Verst\u00e4rkung der westlichen Pr\u00e4senz in der Region in Ankara unerw\u00fcnscht, weil dadurch das Potenzial und die Wahrnehmung der T\u00fcrkei verringert w\u00fcrden. Im Schwarzen Meer ist die T\u00fcrkei im Allgemeinen bereit, nur sich selbst und Russland zu sehen.&#8221;<\/em><\/p>\n<\/blockquote>\n<p>Auch im S\u00fcdkaukasus versuchen ja die US-Amerikaner und Europ\u00e4er jetzt einzudringen \u2013 und ein milit\u00e4rpolitisches Sprungbrett auch f\u00fcr dieses Projekt ist gerade die St\u00e4rkung westlicher Positionen im Schwarzen Meer, einschlie\u00dflich der Infrastruktur f\u00fcr die Marine, mit deren Hilfe Truppenverlegungen innerhalb des Schwarzmeerbeckens m\u00f6glich werden k\u00f6nnen. Wadim Truchatschjow macht dazu klar:<\/p>\n<blockquote>\n<p><em>&#8220;Das Schwarze Meer wird st\u00e4rker militarisiert werden. Das ist jedoch nichts Unerwartetes. Seit l\u00e4ngerem wird daran gearbeitet, dort die Milit\u00e4rpr\u00e4senz zu erh\u00f6hen. Und ein St\u00fctzpunkt in Rum\u00e4nien ist eine M\u00f6glichkeit, die Beschr\u00e4nkungen f\u00fcr die Durchfahrt von Schiffen durch den Bosporus und die Dardanellen zu umgehen.&#8221;<\/em><\/p>\n<\/blockquote>\n<p>Schlie\u00dflich wird ein St\u00fctzpunkt mit US-Soldaten ben\u00f6tigt, um die Position der USA auch in den osteurop\u00e4ischen L\u00e4ndern selbst zu st\u00e4rken. Ofizerow-Belski erkl\u00e4rt dazu:<\/p>\n<blockquote>\n<p><em>&#8220;Dies ist ein Element zur Bekr\u00e4ftigung der Existenz einer Allianz zwischen den L\u00e4ndern und Teil einer Art von Besatzung. Denn wenn beispielsweise US-Truppen auf dem Territorium Rum\u00e4niens stationiert sind, handelt es sich dabei immer um ein besonderes Format des B\u00fcndnisses. Diese L\u00e4nder werden in gewisser Weise damit von den Vereinigten Staaten abh\u00e4ngig.&#8221;<\/em><\/p>\n<\/blockquote>\n<p>Zugleich wird das Schicksal dieser Basis offenbar nicht davon abh\u00e4ngen, wer in Washington, D.C. im November ins Wei\u00dfe Haus einziehen wird. Selbst wenn die Republikaner die US-Pr\u00e4sidentschaftswahlen gewinnen und nach ihrem Sieg tats\u00e4chlich eine neo-isolationistische Position einnehmen, so werden sie Europa dennoch nicht verlassen und werden anstelle ihrer Positionen in der Ukraine die osteurop\u00e4ische Flanke der NATO ausbauen. Schlie\u00dflich ist die Eind\u00e4mmung Russlands, die Begrenzung der F\u00e4higkeiten der T\u00fcrkei und die Aufrechterhaltung der US-Kontrolle \u00fcber Europa kein parteipolitisches, sondern ein nationales Interesse der Vereinigten Staaten von Amerika.<\/p>\n<p><em>\u00dcbersetzt aus dem Russischen und zuerst erschienen bei <\/em><a rel=\"nofollow noopener\" target=\"_blank\" href=\"https:\/\/m.vz.ru\/world\/2024\/3\/20\/1259040.html\"><em>Wsgljad<\/em><\/a><em>.<\/em><\/p>\n<p><em>Geworg Mirsajan ist au\u00dferordentlicher Professor an der Finanzuniversit\u00e4t der Regierung der Russischen F\u00f6deration, Politikwissenschaftler und eine Pers\u00f6nlichkeit des \u00f6ffentlichen Lebens. Geboren wurde er 1984 in Taschkent. Er machte seinen Abschluss an der Staatlichen Universit\u00e4t in Kuban und promovierte in Politikwissenschaft mit dem Schwerpunkt USA. Er war von 2005 bis 2016 Forscher am Institut f\u00fcr die Vereinigten Staaten und Kanada an der Russischen Akademie der Wissenschaften.<\/em><\/p>\n<p><strong>Mehr zum Thema<\/strong><em><strong>\u00a0<\/strong>\u2013 <\/em><a rel=\"nofollow noopener\" target=\"_blank\" href=\"https:\/\/kurz.rt.com\/4aco\">Rum\u00e4nische S\u00f6ldner an Angriffen auf russische Grenzregionen beteiligt<\/a><\/p>\n<\/div>\n<p><br \/>\n<br \/><a href=\"https:\/\/de.rt.com\/international\/200176-usa-wollen-kraefteverhaeltnis-nahe-russischer-grenze-mit-hilfe-rumaeniens-veraendern\/\">Source link <\/a><\/p>\n","protected":false},"excerpt":{"rendered":"<p>Die USA h\u00e4tten einen Weg gefunden, Beschr\u00e4nkungen f\u00fcr die Durchfahrt von Schiffen durch den Bosporus und die Dardanellen zu umgehen, urteilen Analysten \u00fcber die Pl\u00e4ne im Pentagon, eine weitere Milit\u00e4rbasis direkt im Zust\u00e4ndigkeitsbereich der russischen Schwarzmeerflotte Russlands zu errichten. Das ist aber nicht der einzige Zweck, was also steckt noch dahinter? Von Geworg Mirsajan Rum\u00e4nien [&hellip;]<\/p>\n","protected":false},"author":3,"featured_media":57560,"comment_status":"open","ping_status":"open","sticky":false,"template":"","format":"standard","meta":{"_yoast_indexnow_last_ping":["1711090255"],"wp_automatic_camp":["217"],"30fb85fa883fa3ae35c6fd3899eb9387":["Milit\u00e4rbasis in Rum\u00e4nien: Wie die USA das Kr\u00e4fteverh\u00e4ltnis an Russlands Grenze ver\u00e4ndern wollen"],"original_link":["https:\/\/de.rt.com\/international\/200176-usa-wollen-kraefteverhaeltnis-nahe-russischer-grenze-mit-hilfe-rumaeniens-veraendern\/"],"_thumbnail_id":["57560"],"_wptgpro_p2tg_sent2tg":["a:1:{i:23737;s:19:\"2024-03-22 08:51:55\";}"],"jnews_social_counter_last_update":["1777575279"]},"categories":[19,23],"tags":[427,45,366,46641,7779,24443,142,193,6387,579,1050],"yoast_head":"<!-- This site is optimized with the Yoast SEO Premium plugin v22.7 (Yoast SEO v22.7) - https:\/\/yoast.com\/wordpress\/plugins\/seo\/ -->\n<title>Milit\u00e4rbasis in Rum\u00e4nien: Wie die USA das Kr\u00e4fteverh\u00e4ltnis an Russlands Grenze ver\u00e4ndern wollen - just-now.NEWS Deutschland<\/title>\n<meta name=\"robots\" content=\"index, follow, max-snippet:-1, max-image-preview:large, max-video-preview:-1\" \/>\n<link rel=\"canonical\" href=\"https:\/\/now-news.de\/de\/deutschland\/militaerbasis-in-rumaenien-wie-die-usa-das-kraefteverhaeltnis-an-russlands-grenze-veraendern-wollen\/\" \/>\n<meta property=\"og:locale\" content=\"de_DE\" \/>\n<meta property=\"og:type\" content=\"article\" \/>\n<meta property=\"og:title\" content=\"Milit\u00e4rbasis in Rum\u00e4nien: Wie die USA das Kr\u00e4fteverh\u00e4ltnis an Russlands Grenze ver\u00e4ndern wollen\" \/>\n<meta property=\"og:description\" content=\"Die USA h\u00e4tten einen Weg gefunden, Beschr\u00e4nkungen f\u00fcr die Durchfahrt von Schiffen durch den Bosporus und die Dardanellen zu umgehen, urteilen Analysten \u00fcber die Pl\u00e4ne im Pentagon, eine weitere Milit\u00e4rbasis direkt im Zust\u00e4ndigkeitsbereich der russischen Schwarzmeerflotte Russlands zu errichten. Das ist aber nicht der einzige Zweck, was also steckt noch dahinter? Von Geworg Mirsajan Rum\u00e4nien [&hellip;]\" \/>\n<meta property=\"og:url\" content=\"https:\/\/now-news.de\/de\/deutschland\/militaerbasis-in-rumaenien-wie-die-usa-das-kraefteverhaeltnis-an-russlands-grenze-veraendern-wollen\/\" \/>\n<meta property=\"og:site_name\" content=\"just-now.NEWS Deutschland\" \/>\n<meta property=\"article:publisher\" content=\"https:\/\/www.facebook.com\/wirmachenauf\" \/>\n<meta property=\"article:published_time\" content=\"2024-03-22T06:45:00+00:00\" \/>\n<meta property=\"og:image\" content=\"https:\/\/now-news.de\/de\/wp-content\/uploads\/sites\/3\/2024\/03\/Militaerbasis-in-Rumaenien-Wie-die-USA-das-Kraefteverhaeltnis-an-Russlands.jpg\" \/>\n\t<meta property=\"og:image:width\" content=\"460\" \/>\n\t<meta property=\"og:image:height\" content=\"259\" \/>\n\t<meta property=\"og:image:type\" content=\"image\/jpeg\" \/>\n<meta name=\"author\" content=\"rtnews\" \/>\n<meta name=\"twitter:card\" content=\"summary_large_image\" \/>\n<meta name=\"twitter:creator\" content=\"@WirMachenAuf_de\" \/>\n<meta name=\"twitter:site\" content=\"@WirMachenAuf_de\" \/>\n<meta name=\"twitter:label1\" content=\"Verfasst von\" \/>\n\t<meta name=\"twitter:data1\" content=\"rtnews\" \/>\n\t<meta name=\"twitter:label2\" content=\"Gesch\u00e4tzte Lesezeit\" \/>\n\t<meta name=\"twitter:data2\" content=\"6\u00a0Minuten\" \/>\n<script type=\"application\/ld+json\" class=\"yoast-schema-graph\">{\"@context\":\"https:\/\/schema.org\",\"@graph\":[{\"@type\":\"Article\",\"@id\":\"https:\/\/now-news.de\/de\/deutschland\/militaerbasis-in-rumaenien-wie-die-usa-das-kraefteverhaeltnis-an-russlands-grenze-veraendern-wollen\/#article\",\"isPartOf\":{\"@id\":\"https:\/\/now-news.de\/de\/deutschland\/militaerbasis-in-rumaenien-wie-die-usa-das-kraefteverhaeltnis-an-russlands-grenze-veraendern-wollen\/\"},\"author\":{\"name\":\"rtnews\",\"@id\":\"https:\/\/now-news.de\/de\/#\/schema\/person\/fb534a4e865501d8b3285208df34a9b5\"},\"headline\":\"Milit\u00e4rbasis in Rum\u00e4nien: Wie die USA das Kr\u00e4fteverh\u00e4ltnis an Russlands Grenze ver\u00e4ndern wollen\",\"datePublished\":\"2024-03-22T06:45:00+00:00\",\"dateModified\":\"2024-03-22T06:45:00+00:00\",\"mainEntityOfPage\":{\"@id\":\"https:\/\/now-news.de\/de\/deutschland\/militaerbasis-in-rumaenien-wie-die-usa-das-kraefteverhaeltnis-an-russlands-grenze-veraendern-wollen\/\"},\"wordCount\":1301,\"commentCount\":0,\"publisher\":{\"@id\":\"https:\/\/now-news.de\/de\/#organization\"},\"image\":{\"@id\":\"https:\/\/now-news.de\/de\/deutschland\/militaerbasis-in-rumaenien-wie-die-usa-das-kraefteverhaeltnis-an-russlands-grenze-veraendern-wollen\/#primaryimage\"},\"thumbnailUrl\":\"https:\/\/now-news.de\/de\/wp-content\/uploads\/sites\/3\/2024\/03\/Militaerbasis-in-Rumaenien-Wie-die-USA-das-Kraefteverhaeltnis-an-Russlands.jpg\",\"keywords\":[\"das\",\"die\",\"Grenze\",\"Kr\u00e4fteverh\u00e4ltnis\",\"Milit\u00e4rbasis\",\"Rum\u00e4nien\",\"Russlands\",\"USA\",\"ver\u00e4ndern\",\"Wie\",\"wollen\"],\"articleSection\":[\"Deutschland\",\"Russland\"],\"inLanguage\":\"de\",\"potentialAction\":[{\"@type\":\"CommentAction\",\"name\":\"Comment\",\"target\":[\"https:\/\/now-news.de\/de\/deutschland\/militaerbasis-in-rumaenien-wie-die-usa-das-kraefteverhaeltnis-an-russlands-grenze-veraendern-wollen\/#respond\"]}]},{\"@type\":\"WebPage\",\"@id\":\"https:\/\/now-news.de\/de\/deutschland\/militaerbasis-in-rumaenien-wie-die-usa-das-kraefteverhaeltnis-an-russlands-grenze-veraendern-wollen\/\",\"url\":\"https:\/\/now-news.de\/de\/deutschland\/militaerbasis-in-rumaenien-wie-die-usa-das-kraefteverhaeltnis-an-russlands-grenze-veraendern-wollen\/\",\"name\":\"Milit\u00e4rbasis in Rum\u00e4nien: Wie die USA das Kr\u00e4fteverh\u00e4ltnis an Russlands Grenze ver\u00e4ndern wollen - just-now.NEWS Deutschland\",\"isPartOf\":{\"@id\":\"https:\/\/now-news.de\/de\/#website\"},\"primaryImageOfPage\":{\"@id\":\"https:\/\/now-news.de\/de\/deutschland\/militaerbasis-in-rumaenien-wie-die-usa-das-kraefteverhaeltnis-an-russlands-grenze-veraendern-wollen\/#primaryimage\"},\"image\":{\"@id\":\"https:\/\/now-news.de\/de\/deutschland\/militaerbasis-in-rumaenien-wie-die-usa-das-kraefteverhaeltnis-an-russlands-grenze-veraendern-wollen\/#primaryimage\"},\"thumbnailUrl\":\"https:\/\/now-news.de\/de\/wp-content\/uploads\/sites\/3\/2024\/03\/Militaerbasis-in-Rumaenien-Wie-die-USA-das-Kraefteverhaeltnis-an-Russlands.jpg\",\"datePublished\":\"2024-03-22T06:45:00+00:00\",\"dateModified\":\"2024-03-22T06:45:00+00:00\",\"breadcrumb\":{\"@id\":\"https:\/\/now-news.de\/de\/deutschland\/militaerbasis-in-rumaenien-wie-die-usa-das-kraefteverhaeltnis-an-russlands-grenze-veraendern-wollen\/#breadcrumb\"},\"inLanguage\":\"de\",\"potentialAction\":[{\"@type\":\"ReadAction\",\"target\":[\"https:\/\/now-news.de\/de\/deutschland\/militaerbasis-in-rumaenien-wie-die-usa-das-kraefteverhaeltnis-an-russlands-grenze-veraendern-wollen\/\"]}]},{\"@type\":\"ImageObject\",\"inLanguage\":\"de\",\"@id\":\"https:\/\/now-news.de\/de\/deutschland\/militaerbasis-in-rumaenien-wie-die-usa-das-kraefteverhaeltnis-an-russlands-grenze-veraendern-wollen\/#primaryimage\",\"url\":\"https:\/\/now-news.de\/de\/wp-content\/uploads\/sites\/3\/2024\/03\/Militaerbasis-in-Rumaenien-Wie-die-USA-das-Kraefteverhaeltnis-an-Russlands.jpg\",\"contentUrl\":\"https:\/\/now-news.de\/de\/wp-content\/uploads\/sites\/3\/2024\/03\/Militaerbasis-in-Rumaenien-Wie-die-USA-das-Kraefteverhaeltnis-an-Russlands.jpg\",\"width\":460,\"height\":259,\"caption\":\"Milit\u00e4rbasis in Rum\u00e4nien: Wie die USA das Kr\u00e4fteverh\u00e4ltnis an Russlands Grenze ver\u00e4ndern wollen\"},{\"@type\":\"BreadcrumbList\",\"@id\":\"https:\/\/now-news.de\/de\/deutschland\/militaerbasis-in-rumaenien-wie-die-usa-das-kraefteverhaeltnis-an-russlands-grenze-veraendern-wollen\/#breadcrumb\",\"itemListElement\":[{\"@type\":\"ListItem\",\"position\":1,\"name\":\"Home\",\"item\":\"https:\/\/now-news.de\/de\/\"},{\"@type\":\"ListItem\",\"position\":2,\"name\":\"Milit\u00e4rbasis in Rum\u00e4nien: Wie die USA das Kr\u00e4fteverh\u00e4ltnis an Russlands Grenze ver\u00e4ndern wollen\"}]},{\"@type\":\"WebSite\",\"@id\":\"https:\/\/now-news.de\/de\/#website\",\"url\":\"https:\/\/now-news.de\/de\/\",\"name\":\"just-now.NEWS Deutschland\",\"description\":\"Das Portal f\u00fcr unzensierte Nachrichten aus der Welt\",\"publisher\":{\"@id\":\"https:\/\/now-news.de\/de\/#organization\"},\"potentialAction\":[{\"@type\":\"SearchAction\",\"target\":{\"@type\":\"EntryPoint\",\"urlTemplate\":\"https:\/\/now-news.de\/de\/?s={search_term_string}\"},\"query-input\":\"required name=search_term_string\"}],\"inLanguage\":\"de\"},{\"@type\":\"Organization\",\"@id\":\"https:\/\/now-news.de\/de\/#organization\",\"name\":\"Just Now News\",\"url\":\"https:\/\/now-news.de\/de\/\",\"logo\":{\"@type\":\"ImageObject\",\"inLanguage\":\"de\",\"@id\":\"https:\/\/now-news.de\/de\/#\/schema\/logo\/image\/\",\"url\":\"http:\/\/just-now.news\/de\/wp-content\/uploads\/sites\/3\/2022\/04\/logo500x500.jpg\",\"contentUrl\":\"http:\/\/just-now.news\/de\/wp-content\/uploads\/sites\/3\/2022\/04\/logo500x500.jpg\",\"width\":500,\"height\":500,\"caption\":\"Just Now News\"},\"image\":{\"@id\":\"https:\/\/now-news.de\/de\/#\/schema\/logo\/image\/\"},\"sameAs\":[\"https:\/\/www.facebook.com\/wirmachenauf\",\"https:\/\/x.com\/WirMachenAuf_de\"]},{\"@type\":\"Person\",\"@id\":\"https:\/\/now-news.de\/de\/#\/schema\/person\/fb534a4e865501d8b3285208df34a9b5\",\"name\":\"rtnews\",\"image\":{\"@type\":\"ImageObject\",\"inLanguage\":\"de\",\"@id\":\"https:\/\/now-news.de\/de\/#\/schema\/person\/image\/\",\"url\":\"https:\/\/secure.gravatar.com\/avatar\/82aafea7d8127119dd649515f56e2117?s=96&d=mm&r=g\",\"contentUrl\":\"https:\/\/secure.gravatar.com\/avatar\/82aafea7d8127119dd649515f56e2117?s=96&d=mm&r=g\",\"caption\":\"rtnews\"},\"url\":\"https:\/\/now-news.de\/de\/author\/rnews\/\"}]}<\/script>\n<!-- \/ Yoast SEO Premium plugin. -->","yoast_head_json":{"title":"Milit\u00e4rbasis in Rum\u00e4nien: Wie die USA das Kr\u00e4fteverh\u00e4ltnis an Russlands Grenze ver\u00e4ndern wollen - just-now.NEWS Deutschland","robots":{"index":"index","follow":"follow","max-snippet":"max-snippet:-1","max-image-preview":"max-image-preview:large","max-video-preview":"max-video-preview:-1"},"canonical":"https:\/\/now-news.de\/de\/deutschland\/militaerbasis-in-rumaenien-wie-die-usa-das-kraefteverhaeltnis-an-russlands-grenze-veraendern-wollen\/","og_locale":"de_DE","og_type":"article","og_title":"Milit\u00e4rbasis in Rum\u00e4nien: Wie die USA das Kr\u00e4fteverh\u00e4ltnis an Russlands Grenze ver\u00e4ndern wollen","og_description":"Die USA h\u00e4tten einen Weg gefunden, Beschr\u00e4nkungen f\u00fcr die Durchfahrt von Schiffen durch den Bosporus und die Dardanellen zu umgehen, urteilen Analysten \u00fcber die Pl\u00e4ne im Pentagon, eine weitere Milit\u00e4rbasis direkt im Zust\u00e4ndigkeitsbereich der russischen Schwarzmeerflotte Russlands zu errichten. Das ist aber nicht der einzige Zweck, was also steckt noch dahinter? Von Geworg Mirsajan Rum\u00e4nien [&hellip;]","og_url":"https:\/\/now-news.de\/de\/deutschland\/militaerbasis-in-rumaenien-wie-die-usa-das-kraefteverhaeltnis-an-russlands-grenze-veraendern-wollen\/","og_site_name":"just-now.NEWS Deutschland","article_publisher":"https:\/\/www.facebook.com\/wirmachenauf","article_published_time":"2024-03-22T06:45:00+00:00","og_image":[{"width":460,"height":259,"url":"https:\/\/now-news.de\/de\/wp-content\/uploads\/sites\/3\/2024\/03\/Militaerbasis-in-Rumaenien-Wie-die-USA-das-Kraefteverhaeltnis-an-Russlands.jpg","type":"image\/jpeg"}],"author":"rtnews","twitter_card":"summary_large_image","twitter_creator":"@WirMachenAuf_de","twitter_site":"@WirMachenAuf_de","twitter_misc":{"Verfasst von":"rtnews","Gesch\u00e4tzte Lesezeit":"6\u00a0Minuten"},"schema":{"@context":"https:\/\/schema.org","@graph":[{"@type":"Article","@id":"https:\/\/now-news.de\/de\/deutschland\/militaerbasis-in-rumaenien-wie-die-usa-das-kraefteverhaeltnis-an-russlands-grenze-veraendern-wollen\/#article","isPartOf":{"@id":"https:\/\/now-news.de\/de\/deutschland\/militaerbasis-in-rumaenien-wie-die-usa-das-kraefteverhaeltnis-an-russlands-grenze-veraendern-wollen\/"},"author":{"name":"rtnews","@id":"https:\/\/now-news.de\/de\/#\/schema\/person\/fb534a4e865501d8b3285208df34a9b5"},"headline":"Milit\u00e4rbasis in Rum\u00e4nien: Wie die USA das Kr\u00e4fteverh\u00e4ltnis an Russlands Grenze ver\u00e4ndern wollen","datePublished":"2024-03-22T06:45:00+00:00","dateModified":"2024-03-22T06:45:00+00:00","mainEntityOfPage":{"@id":"https:\/\/now-news.de\/de\/deutschland\/militaerbasis-in-rumaenien-wie-die-usa-das-kraefteverhaeltnis-an-russlands-grenze-veraendern-wollen\/"},"wordCount":1301,"commentCount":0,"publisher":{"@id":"https:\/\/now-news.de\/de\/#organization"},"image":{"@id":"https:\/\/now-news.de\/de\/deutschland\/militaerbasis-in-rumaenien-wie-die-usa-das-kraefteverhaeltnis-an-russlands-grenze-veraendern-wollen\/#primaryimage"},"thumbnailUrl":"https:\/\/now-news.de\/de\/wp-content\/uploads\/sites\/3\/2024\/03\/Militaerbasis-in-Rumaenien-Wie-die-USA-das-Kraefteverhaeltnis-an-Russlands.jpg","keywords":["das","die","Grenze","Kr\u00e4fteverh\u00e4ltnis","Milit\u00e4rbasis","Rum\u00e4nien","Russlands","USA","ver\u00e4ndern","Wie","wollen"],"articleSection":["Deutschland","Russland"],"inLanguage":"de","potentialAction":[{"@type":"CommentAction","name":"Comment","target":["https:\/\/now-news.de\/de\/deutschland\/militaerbasis-in-rumaenien-wie-die-usa-das-kraefteverhaeltnis-an-russlands-grenze-veraendern-wollen\/#respond"]}]},{"@type":"WebPage","@id":"https:\/\/now-news.de\/de\/deutschland\/militaerbasis-in-rumaenien-wie-die-usa-das-kraefteverhaeltnis-an-russlands-grenze-veraendern-wollen\/","url":"https:\/\/now-news.de\/de\/deutschland\/militaerbasis-in-rumaenien-wie-die-usa-das-kraefteverhaeltnis-an-russlands-grenze-veraendern-wollen\/","name":"Milit\u00e4rbasis in Rum\u00e4nien: Wie die USA das Kr\u00e4fteverh\u00e4ltnis an Russlands Grenze ver\u00e4ndern wollen - just-now.NEWS Deutschland","isPartOf":{"@id":"https:\/\/now-news.de\/de\/#website"},"primaryImageOfPage":{"@id":"https:\/\/now-news.de\/de\/deutschland\/militaerbasis-in-rumaenien-wie-die-usa-das-kraefteverhaeltnis-an-russlands-grenze-veraendern-wollen\/#primaryimage"},"image":{"@id":"https:\/\/now-news.de\/de\/deutschland\/militaerbasis-in-rumaenien-wie-die-usa-das-kraefteverhaeltnis-an-russlands-grenze-veraendern-wollen\/#primaryimage"},"thumbnailUrl":"https:\/\/now-news.de\/de\/wp-content\/uploads\/sites\/3\/2024\/03\/Militaerbasis-in-Rumaenien-Wie-die-USA-das-Kraefteverhaeltnis-an-Russlands.jpg","datePublished":"2024-03-22T06:45:00+00:00","dateModified":"2024-03-22T06:45:00+00:00","breadcrumb":{"@id":"https:\/\/now-news.de\/de\/deutschland\/militaerbasis-in-rumaenien-wie-die-usa-das-kraefteverhaeltnis-an-russlands-grenze-veraendern-wollen\/#breadcrumb"},"inLanguage":"de","potentialAction":[{"@type":"ReadAction","target":["https:\/\/now-news.de\/de\/deutschland\/militaerbasis-in-rumaenien-wie-die-usa-das-kraefteverhaeltnis-an-russlands-grenze-veraendern-wollen\/"]}]},{"@type":"ImageObject","inLanguage":"de","@id":"https:\/\/now-news.de\/de\/deutschland\/militaerbasis-in-rumaenien-wie-die-usa-das-kraefteverhaeltnis-an-russlands-grenze-veraendern-wollen\/#primaryimage","url":"https:\/\/now-news.de\/de\/wp-content\/uploads\/sites\/3\/2024\/03\/Militaerbasis-in-Rumaenien-Wie-die-USA-das-Kraefteverhaeltnis-an-Russlands.jpg","contentUrl":"https:\/\/now-news.de\/de\/wp-content\/uploads\/sites\/3\/2024\/03\/Militaerbasis-in-Rumaenien-Wie-die-USA-das-Kraefteverhaeltnis-an-Russlands.jpg","width":460,"height":259,"caption":"Milit\u00e4rbasis in Rum\u00e4nien: Wie die USA das Kr\u00e4fteverh\u00e4ltnis an Russlands Grenze ver\u00e4ndern wollen"},{"@type":"BreadcrumbList","@id":"https:\/\/now-news.de\/de\/deutschland\/militaerbasis-in-rumaenien-wie-die-usa-das-kraefteverhaeltnis-an-russlands-grenze-veraendern-wollen\/#breadcrumb","itemListElement":[{"@type":"ListItem","position":1,"name":"Home","item":"https:\/\/now-news.de\/de\/"},{"@type":"ListItem","position":2,"name":"Milit\u00e4rbasis in Rum\u00e4nien: Wie die USA das Kr\u00e4fteverh\u00e4ltnis an Russlands Grenze ver\u00e4ndern wollen"}]},{"@type":"WebSite","@id":"https:\/\/now-news.de\/de\/#website","url":"https:\/\/now-news.de\/de\/","name":"just-now.NEWS Deutschland","description":"Das Portal f\u00fcr unzensierte Nachrichten aus der Welt","publisher":{"@id":"https:\/\/now-news.de\/de\/#organization"},"potentialAction":[{"@type":"SearchAction","target":{"@type":"EntryPoint","urlTemplate":"https:\/\/now-news.de\/de\/?s={search_term_string}"},"query-input":"required name=search_term_string"}],"inLanguage":"de"},{"@type":"Organization","@id":"https:\/\/now-news.de\/de\/#organization","name":"Just Now News","url":"https:\/\/now-news.de\/de\/","logo":{"@type":"ImageObject","inLanguage":"de","@id":"https:\/\/now-news.de\/de\/#\/schema\/logo\/image\/","url":"http:\/\/just-now.news\/de\/wp-content\/uploads\/sites\/3\/2022\/04\/logo500x500.jpg","contentUrl":"http:\/\/just-now.news\/de\/wp-content\/uploads\/sites\/3\/2022\/04\/logo500x500.jpg","width":500,"height":500,"caption":"Just Now News"},"image":{"@id":"https:\/\/now-news.de\/de\/#\/schema\/logo\/image\/"},"sameAs":["https:\/\/www.facebook.com\/wirmachenauf","https:\/\/x.com\/WirMachenAuf_de"]},{"@type":"Person","@id":"https:\/\/now-news.de\/de\/#\/schema\/person\/fb534a4e865501d8b3285208df34a9b5","name":"rtnews","image":{"@type":"ImageObject","inLanguage":"de","@id":"https:\/\/now-news.de\/de\/#\/schema\/person\/image\/","url":"https:\/\/secure.gravatar.com\/avatar\/82aafea7d8127119dd649515f56e2117?s=96&d=mm&r=g","contentUrl":"https:\/\/secure.gravatar.com\/avatar\/82aafea7d8127119dd649515f56e2117?s=96&d=mm&r=g","caption":"rtnews"},"url":"https:\/\/now-news.de\/de\/author\/rnews\/"}]}},"_links":{"self":[{"href":"https:\/\/now-news.de\/de\/wp-json\/wp\/v2\/posts\/57559"}],"collection":[{"href":"https:\/\/now-news.de\/de\/wp-json\/wp\/v2\/posts"}],"about":[{"href":"https:\/\/now-news.de\/de\/wp-json\/wp\/v2\/types\/post"}],"author":[{"embeddable":true,"href":"https:\/\/now-news.de\/de\/wp-json\/wp\/v2\/users\/3"}],"replies":[{"embeddable":true,"href":"https:\/\/now-news.de\/de\/wp-json\/wp\/v2\/comments?post=57559"}],"version-history":[{"count":0,"href":"https:\/\/now-news.de\/de\/wp-json\/wp\/v2\/posts\/57559\/revisions"}],"wp:featuredmedia":[{"embeddable":true,"href":"https:\/\/now-news.de\/de\/wp-json\/wp\/v2\/media\/57560"}],"wp:attachment":[{"href":"https:\/\/now-news.de\/de\/wp-json\/wp\/v2\/media?parent=57559"}],"wp:term":[{"taxonomy":"category","embeddable":true,"href":"https:\/\/now-news.de\/de\/wp-json\/wp\/v2\/categories?post=57559"},{"taxonomy":"post_tag","embeddable":true,"href":"https:\/\/now-news.de\/de\/wp-json\/wp\/v2\/tags?post=57559"}],"curies":[{"name":"wp","href":"https:\/\/api.w.org\/{rel}","templated":true}]}}