{"id":57555,"date":"2024-03-21T22:56:30","date_gmt":"2024-03-21T20:56:30","guid":{"rendered":"https:\/\/just-now.news\/de\/deutschland\/eu-beschliesst-beitrittsverhandlungen-mit-bosnien-herzegowina\/"},"modified":"2024-03-21T22:56:30","modified_gmt":"2024-03-21T20:56:30","slug":"eu-beschliesst-beitrittsverhandlungen-mit-bosnien-herzegowina","status":"publish","type":"post","link":"https:\/\/now-news.de\/de\/deutschland\/eu-beschliesst-beitrittsverhandlungen-mit-bosnien-herzegowina\/","title":{"rendered":"EU beschlie\u00dft Beitrittsverhandlungen mit Bosnien-Herzegowina"},"content":{"rendered":"<p><img decoding=\"async\" src=\"http:\/\/just-now.news\/de\/wp-content\/uploads\/sites\/3\/2024\/03\/65fc9dbdb480cc7e5847dda1.jpg\" \/><\/p>\n<div class=\"Text-root Text-type_1 \">\n                Die EU hat den Start von Beitrittsverhandlungen mit Bosnien-Herzegowina beschlossen. Das teilte Ratspr\u00e4sident Charles Michel am Donnerstagabend nach Gespr\u00e4chen der Staats- und Regierungschefs mit.\n            <\/div>\n<p><\/p>\n<div class=\"Text-root Text-type_5 ArticleView-text ViewText-root \">\n<p>Der EU-Gipfel hat sich auf die Aufnahme von Beitrittsverhandlungen mit dem Westbalkan-Staat Bosnien-Herzegowina geeinigt. Dies gab EU-Ratspr\u00e4sident Charles Michel am Donnerstagabend auf der Plattform X\/Twitter bekannt. Die erste sogenannte Beitrittskonferenz soll allerdings erst organisiert werden, wenn Bosnien-Herzegowina bislang nicht erf\u00fcllte Reformauflagen umgesetzt hat. Dabei geht es unter anderem um die Rechtsstaatlichkeit in dem Land und den &#8220;Kampf gegen Korruption und organisiertes Verbrechen&#8221;.<\/p>\n<blockquote>\n<p><em>&#8220;Nun muss die harte Arbeit fortgesetzt werden&#8221;, kommentierte Michel.<\/em><\/p>\n<\/blockquote>\n<div class=\"EmbedBlock-root EmbedBlock-twitter\">\n<div class=\"TwitterEmbed\">\n<blockquote class=\"twitter-tweet lazyload\" data-twitter=\"twitter-tweet\">\n<p lang=\"en\" dir=\"ltr\">The European Council has just decided to open accession negotiations with Bosnia and Herzegovina. Congratulations!Your place is in our European family. Today\u2019s decision is a key step forward on your EU path. Now the hard work needs to continue so Bosnia and Herzegovina\u2026 <a rel=\"nofollow noopener\" target=\"_blank\" href=\"https:\/\/t.co\/LyotNa5gGc\">pic.twitter.com\/LyotNa5gGc<\/a><\/p>\n<p>\u2014 Charles Michel (@CharlesMichel) <a rel=\"nofollow noopener\" target=\"_blank\" href=\"https:\/\/twitter.com\/CharlesMichel\/status\/1770903519828029902?ref_src=twsrc%5Etfw\">March 21, 2024<\/a><\/p><\/blockquote>\n<\/div>\n<\/div>\n<p>Die EU hatte Bosnien-Herzegowina grunds\u00e4tzlich bereits 2003 einen Beitritt in Aussicht gestellt, 2016 reichte es offiziell einen Antrag ein. Die Aufnahme in den Kreis der Beitrittskandidaten erfolgte dann 2022. Grund war auch die Bef\u00fcrchtung, dass sich das Land mit circa 3,2 Millionen Einwohnern in Richtung Russland oder China orientieren k\u00f6nne. Vor allem Staaten wie \u00d6sterreich hatten zuletzt darauf gedrungen, Bosnien-Herzegowina Fortschritte im Beitrittsprozess in Aussicht zu stellen.<\/p>\n<p>Wie lange es vom Start der Beitrittsgespr\u00e4che bis zum EU-Beitritt dauert, ist offen. Theoretisch kann ein Beitrittskandidat auch nie Mitglied werden. Auch beispielsweise die T\u00fcrkei f\u00fchrte 1999 Beitrittsgespr\u00e4che \u2013 und war wohl noch nie weiter von einer Aufnahme in die EU entfernt als heute.<\/p>\n<p>Die Entscheidung der Staats- und Regierungschefs zu Bosnien-Herzegowina erfolgte auf Empfehlung von Kommissionspr\u00e4sidentin Ursula von der Leyen. &#8220;Nat\u00fcrlich bedarf es weiterer Fortschritte, um in unsere Union aufgenommen zu werden. Aber das Land zeigt, dass es die Beitrittskriterien erf\u00fcllen kann und die Bestrebungen seiner B\u00fcrgerinnen und B\u00fcrger unterst\u00fctzt, Teil unserer Familie zu werden&#8221;, erkl\u00e4rte sie j\u00fcngst in einer Rede im Europ\u00e4ischen Parlament in Stra\u00dfburg.<\/p>\n<p><strong>Mehr zum Thema &#8211;<\/strong>\u00a0<a rel=\"nofollow noopener\" target=\"_blank\" href=\"https:\/\/freedert.online\/europa\/195422-deutsche-politik-auf-balkan-bestrebungen\/\">Deutsche Politik auf dem Balkan: Ambitionen, Milit\u00e4r und Rhetorik <\/a><\/p>\n<\/p>\n<\/div>\n<p><script async src=\"https:\/\/platform.twitter.com\/widgets.js\" charset=\"utf-8\"><\/script><br \/>\n<br \/><br \/>\n<br \/><a href=\"https:\/\/de.rt.com\/europa\/200243-eu-beschliesst-beitrittsverhandlungen-mit-bosnien\/\">Source link <\/a><\/p>\n","protected":false},"excerpt":{"rendered":"<p>Die EU hat den Start von Beitrittsverhandlungen mit Bosnien-Herzegowina beschlossen. Das teilte Ratspr\u00e4sident Charles Michel am Donnerstagabend nach Gespr\u00e4chen der Staats- und Regierungschefs mit. Der EU-Gipfel hat sich auf die Aufnahme von Beitrittsverhandlungen mit dem Westbalkan-Staat Bosnien-Herzegowina geeinigt. Dies gab EU-Ratspr\u00e4sident Charles Michel am Donnerstagabend auf der Plattform X\/Twitter bekannt. Die erste sogenannte Beitrittskonferenz soll [&hellip;]<\/p>\n","protected":false},"author":3,"featured_media":57556,"comment_status":"open","ping_status":"open","sticky":false,"template":"","format":"standard","meta":{"_yoast_indexnow_last_ping":["1711056061"],"wp_automatic_camp":["217"],"d91f479e1c70634897912eeecdaed22b":["EU beschlie\u00dft Beitrittsverhandlungen mit Bosnien-Herzegowina"],"original_link":["https:\/\/de.rt.com\/europa\/200243-eu-beschliesst-beitrittsverhandlungen-mit-bosnien\/"],"_thumbnail_id":["57556"],"jnews_social_counter_last_update":["1777609522"],"_wptgpro_p2tg_sent2tg":["a:1:{i:23737;s:19:\"2024-03-21 23:22:04\";}"]},"categories":[19,23],"tags":[50444,4228,21081,419],"yoast_head":"<!-- This site is optimized with the Yoast SEO Premium plugin v22.7 (Yoast SEO v22.7) - https:\/\/yoast.com\/wordpress\/plugins\/seo\/ -->\n<title>EU beschlie\u00dft Beitrittsverhandlungen mit Bosnien-Herzegowina - just-now.NEWS Deutschland<\/title>\n<meta name=\"robots\" content=\"index, follow, max-snippet:-1, max-image-preview:large, max-video-preview:-1\" \/>\n<link rel=\"canonical\" href=\"https:\/\/now-news.de\/de\/deutschland\/eu-beschliesst-beitrittsverhandlungen-mit-bosnien-herzegowina\/\" \/>\n<meta property=\"og:locale\" content=\"de_DE\" \/>\n<meta property=\"og:type\" content=\"article\" \/>\n<meta property=\"og:title\" content=\"EU beschlie\u00dft Beitrittsverhandlungen mit Bosnien-Herzegowina\" \/>\n<meta property=\"og:description\" content=\"Die EU hat den Start von Beitrittsverhandlungen mit Bosnien-Herzegowina beschlossen. Das teilte Ratspr\u00e4sident Charles Michel am Donnerstagabend nach Gespr\u00e4chen der Staats- und Regierungschefs mit. Der EU-Gipfel hat sich auf die Aufnahme von Beitrittsverhandlungen mit dem Westbalkan-Staat Bosnien-Herzegowina geeinigt. Dies gab EU-Ratspr\u00e4sident Charles Michel am Donnerstagabend auf der Plattform X\/Twitter bekannt. Die erste sogenannte Beitrittskonferenz soll [&hellip;]\" \/>\n<meta property=\"og:url\" content=\"https:\/\/now-news.de\/de\/deutschland\/eu-beschliesst-beitrittsverhandlungen-mit-bosnien-herzegowina\/\" \/>\n<meta property=\"og:site_name\" content=\"just-now.NEWS Deutschland\" \/>\n<meta property=\"article:publisher\" content=\"https:\/\/www.facebook.com\/wirmachenauf\" \/>\n<meta property=\"article:published_time\" content=\"2024-03-21T20:56:30+00:00\" \/>\n<meta property=\"og:image\" content=\"https:\/\/now-news.de\/de\/wp-content\/uploads\/sites\/3\/2024\/03\/EU-beschliesst-Beitrittsverhandlungen-mit-Bosnien-Herzegowina.jpg\" \/>\n\t<meta property=\"og:image:width\" content=\"460\" \/>\n\t<meta property=\"og:image:height\" content=\"259\" \/>\n\t<meta property=\"og:image:type\" content=\"image\/jpeg\" \/>\n<meta name=\"author\" content=\"rtnews\" \/>\n<meta name=\"twitter:card\" content=\"summary_large_image\" \/>\n<meta name=\"twitter:creator\" content=\"@WirMachenAuf_de\" \/>\n<meta name=\"twitter:site\" content=\"@WirMachenAuf_de\" \/>\n<meta name=\"twitter:label1\" content=\"Verfasst von\" \/>\n\t<meta name=\"twitter:data1\" content=\"rtnews\" \/>\n\t<meta name=\"twitter:label2\" content=\"Gesch\u00e4tzte Lesezeit\" \/>\n\t<meta name=\"twitter:data2\" content=\"2\u00a0Minuten\" \/>\n<script type=\"application\/ld+json\" class=\"yoast-schema-graph\">{\"@context\":\"https:\/\/schema.org\",\"@graph\":[{\"@type\":\"Article\",\"@id\":\"https:\/\/now-news.de\/de\/deutschland\/eu-beschliesst-beitrittsverhandlungen-mit-bosnien-herzegowina\/#article\",\"isPartOf\":{\"@id\":\"https:\/\/now-news.de\/de\/deutschland\/eu-beschliesst-beitrittsverhandlungen-mit-bosnien-herzegowina\/\"},\"author\":{\"name\":\"rtnews\",\"@id\":\"https:\/\/now-news.de\/de\/#\/schema\/person\/fb534a4e865501d8b3285208df34a9b5\"},\"headline\":\"EU beschlie\u00dft Beitrittsverhandlungen mit Bosnien-Herzegowina\",\"datePublished\":\"2024-03-21T20:56:30+00:00\",\"dateModified\":\"2024-03-21T20:56:30+00:00\",\"mainEntityOfPage\":{\"@id\":\"https:\/\/now-news.de\/de\/deutschland\/eu-beschliesst-beitrittsverhandlungen-mit-bosnien-herzegowina\/\"},\"wordCount\":362,\"commentCount\":0,\"publisher\":{\"@id\":\"https:\/\/now-news.de\/de\/#organization\"},\"image\":{\"@id\":\"https:\/\/now-news.de\/de\/deutschland\/eu-beschliesst-beitrittsverhandlungen-mit-bosnien-herzegowina\/#primaryimage\"},\"thumbnailUrl\":\"https:\/\/now-news.de\/de\/wp-content\/uploads\/sites\/3\/2024\/03\/EU-beschliesst-Beitrittsverhandlungen-mit-Bosnien-Herzegowina.jpg\",\"keywords\":[\"Beitrittsverhandlungen\",\"beschlie\u00dft\",\"BosnienHerzegowina\",\"mit\"],\"articleSection\":[\"Deutschland\",\"Russland\"],\"inLanguage\":\"de\",\"potentialAction\":[{\"@type\":\"CommentAction\",\"name\":\"Comment\",\"target\":[\"https:\/\/now-news.de\/de\/deutschland\/eu-beschliesst-beitrittsverhandlungen-mit-bosnien-herzegowina\/#respond\"]}]},{\"@type\":\"WebPage\",\"@id\":\"https:\/\/now-news.de\/de\/deutschland\/eu-beschliesst-beitrittsverhandlungen-mit-bosnien-herzegowina\/\",\"url\":\"https:\/\/now-news.de\/de\/deutschland\/eu-beschliesst-beitrittsverhandlungen-mit-bosnien-herzegowina\/\",\"name\":\"EU beschlie\u00dft Beitrittsverhandlungen mit Bosnien-Herzegowina - just-now.NEWS Deutschland\",\"isPartOf\":{\"@id\":\"https:\/\/now-news.de\/de\/#website\"},\"primaryImageOfPage\":{\"@id\":\"https:\/\/now-news.de\/de\/deutschland\/eu-beschliesst-beitrittsverhandlungen-mit-bosnien-herzegowina\/#primaryimage\"},\"image\":{\"@id\":\"https:\/\/now-news.de\/de\/deutschland\/eu-beschliesst-beitrittsverhandlungen-mit-bosnien-herzegowina\/#primaryimage\"},\"thumbnailUrl\":\"https:\/\/now-news.de\/de\/wp-content\/uploads\/sites\/3\/2024\/03\/EU-beschliesst-Beitrittsverhandlungen-mit-Bosnien-Herzegowina.jpg\",\"datePublished\":\"2024-03-21T20:56:30+00:00\",\"dateModified\":\"2024-03-21T20:56:30+00:00\",\"breadcrumb\":{\"@id\":\"https:\/\/now-news.de\/de\/deutschland\/eu-beschliesst-beitrittsverhandlungen-mit-bosnien-herzegowina\/#breadcrumb\"},\"inLanguage\":\"de\",\"potentialAction\":[{\"@type\":\"ReadAction\",\"target\":[\"https:\/\/now-news.de\/de\/deutschland\/eu-beschliesst-beitrittsverhandlungen-mit-bosnien-herzegowina\/\"]}]},{\"@type\":\"ImageObject\",\"inLanguage\":\"de\",\"@id\":\"https:\/\/now-news.de\/de\/deutschland\/eu-beschliesst-beitrittsverhandlungen-mit-bosnien-herzegowina\/#primaryimage\",\"url\":\"https:\/\/now-news.de\/de\/wp-content\/uploads\/sites\/3\/2024\/03\/EU-beschliesst-Beitrittsverhandlungen-mit-Bosnien-Herzegowina.jpg\",\"contentUrl\":\"https:\/\/now-news.de\/de\/wp-content\/uploads\/sites\/3\/2024\/03\/EU-beschliesst-Beitrittsverhandlungen-mit-Bosnien-Herzegowina.jpg\",\"width\":460,\"height\":259,\"caption\":\"EU beschlie\u00dft Beitrittsverhandlungen mit Bosnien-Herzegowina\"},{\"@type\":\"BreadcrumbList\",\"@id\":\"https:\/\/now-news.de\/de\/deutschland\/eu-beschliesst-beitrittsverhandlungen-mit-bosnien-herzegowina\/#breadcrumb\",\"itemListElement\":[{\"@type\":\"ListItem\",\"position\":1,\"name\":\"Home\",\"item\":\"https:\/\/now-news.de\/de\/\"},{\"@type\":\"ListItem\",\"position\":2,\"name\":\"EU beschlie\u00dft Beitrittsverhandlungen mit Bosnien-Herzegowina\"}]},{\"@type\":\"WebSite\",\"@id\":\"https:\/\/now-news.de\/de\/#website\",\"url\":\"https:\/\/now-news.de\/de\/\",\"name\":\"just-now.NEWS Deutschland\",\"description\":\"Das Portal f\u00fcr unzensierte Nachrichten aus der Welt\",\"publisher\":{\"@id\":\"https:\/\/now-news.de\/de\/#organization\"},\"potentialAction\":[{\"@type\":\"SearchAction\",\"target\":{\"@type\":\"EntryPoint\",\"urlTemplate\":\"https:\/\/now-news.de\/de\/?s={search_term_string}\"},\"query-input\":\"required name=search_term_string\"}],\"inLanguage\":\"de\"},{\"@type\":\"Organization\",\"@id\":\"https:\/\/now-news.de\/de\/#organization\",\"name\":\"Just Now News\",\"url\":\"https:\/\/now-news.de\/de\/\",\"logo\":{\"@type\":\"ImageObject\",\"inLanguage\":\"de\",\"@id\":\"https:\/\/now-news.de\/de\/#\/schema\/logo\/image\/\",\"url\":\"http:\/\/just-now.news\/de\/wp-content\/uploads\/sites\/3\/2022\/04\/logo500x500.jpg\",\"contentUrl\":\"http:\/\/just-now.news\/de\/wp-content\/uploads\/sites\/3\/2022\/04\/logo500x500.jpg\",\"width\":500,\"height\":500,\"caption\":\"Just Now News\"},\"image\":{\"@id\":\"https:\/\/now-news.de\/de\/#\/schema\/logo\/image\/\"},\"sameAs\":[\"https:\/\/www.facebook.com\/wirmachenauf\",\"https:\/\/x.com\/WirMachenAuf_de\"]},{\"@type\":\"Person\",\"@id\":\"https:\/\/now-news.de\/de\/#\/schema\/person\/fb534a4e865501d8b3285208df34a9b5\",\"name\":\"rtnews\",\"image\":{\"@type\":\"ImageObject\",\"inLanguage\":\"de\",\"@id\":\"https:\/\/now-news.de\/de\/#\/schema\/person\/image\/\",\"url\":\"https:\/\/secure.gravatar.com\/avatar\/82aafea7d8127119dd649515f56e2117?s=96&d=mm&r=g\",\"contentUrl\":\"https:\/\/secure.gravatar.com\/avatar\/82aafea7d8127119dd649515f56e2117?s=96&d=mm&r=g\",\"caption\":\"rtnews\"},\"url\":\"https:\/\/now-news.de\/de\/author\/rnews\/\"}]}<\/script>\n<!-- \/ Yoast SEO Premium plugin. -->","yoast_head_json":{"title":"EU beschlie\u00dft Beitrittsverhandlungen mit Bosnien-Herzegowina - just-now.NEWS Deutschland","robots":{"index":"index","follow":"follow","max-snippet":"max-snippet:-1","max-image-preview":"max-image-preview:large","max-video-preview":"max-video-preview:-1"},"canonical":"https:\/\/now-news.de\/de\/deutschland\/eu-beschliesst-beitrittsverhandlungen-mit-bosnien-herzegowina\/","og_locale":"de_DE","og_type":"article","og_title":"EU beschlie\u00dft Beitrittsverhandlungen mit Bosnien-Herzegowina","og_description":"Die EU hat den Start von Beitrittsverhandlungen mit Bosnien-Herzegowina beschlossen. Das teilte Ratspr\u00e4sident Charles Michel am Donnerstagabend nach Gespr\u00e4chen der Staats- und Regierungschefs mit. Der EU-Gipfel hat sich auf die Aufnahme von Beitrittsverhandlungen mit dem Westbalkan-Staat Bosnien-Herzegowina geeinigt. Dies gab EU-Ratspr\u00e4sident Charles Michel am Donnerstagabend auf der Plattform X\/Twitter bekannt. Die erste sogenannte Beitrittskonferenz soll [&hellip;]","og_url":"https:\/\/now-news.de\/de\/deutschland\/eu-beschliesst-beitrittsverhandlungen-mit-bosnien-herzegowina\/","og_site_name":"just-now.NEWS Deutschland","article_publisher":"https:\/\/www.facebook.com\/wirmachenauf","article_published_time":"2024-03-21T20:56:30+00:00","og_image":[{"width":460,"height":259,"url":"https:\/\/now-news.de\/de\/wp-content\/uploads\/sites\/3\/2024\/03\/EU-beschliesst-Beitrittsverhandlungen-mit-Bosnien-Herzegowina.jpg","type":"image\/jpeg"}],"author":"rtnews","twitter_card":"summary_large_image","twitter_creator":"@WirMachenAuf_de","twitter_site":"@WirMachenAuf_de","twitter_misc":{"Verfasst von":"rtnews","Gesch\u00e4tzte Lesezeit":"2\u00a0Minuten"},"schema":{"@context":"https:\/\/schema.org","@graph":[{"@type":"Article","@id":"https:\/\/now-news.de\/de\/deutschland\/eu-beschliesst-beitrittsverhandlungen-mit-bosnien-herzegowina\/#article","isPartOf":{"@id":"https:\/\/now-news.de\/de\/deutschland\/eu-beschliesst-beitrittsverhandlungen-mit-bosnien-herzegowina\/"},"author":{"name":"rtnews","@id":"https:\/\/now-news.de\/de\/#\/schema\/person\/fb534a4e865501d8b3285208df34a9b5"},"headline":"EU beschlie\u00dft Beitrittsverhandlungen mit Bosnien-Herzegowina","datePublished":"2024-03-21T20:56:30+00:00","dateModified":"2024-03-21T20:56:30+00:00","mainEntityOfPage":{"@id":"https:\/\/now-news.de\/de\/deutschland\/eu-beschliesst-beitrittsverhandlungen-mit-bosnien-herzegowina\/"},"wordCount":362,"commentCount":0,"publisher":{"@id":"https:\/\/now-news.de\/de\/#organization"},"image":{"@id":"https:\/\/now-news.de\/de\/deutschland\/eu-beschliesst-beitrittsverhandlungen-mit-bosnien-herzegowina\/#primaryimage"},"thumbnailUrl":"https:\/\/now-news.de\/de\/wp-content\/uploads\/sites\/3\/2024\/03\/EU-beschliesst-Beitrittsverhandlungen-mit-Bosnien-Herzegowina.jpg","keywords":["Beitrittsverhandlungen","beschlie\u00dft","BosnienHerzegowina","mit"],"articleSection":["Deutschland","Russland"],"inLanguage":"de","potentialAction":[{"@type":"CommentAction","name":"Comment","target":["https:\/\/now-news.de\/de\/deutschland\/eu-beschliesst-beitrittsverhandlungen-mit-bosnien-herzegowina\/#respond"]}]},{"@type":"WebPage","@id":"https:\/\/now-news.de\/de\/deutschland\/eu-beschliesst-beitrittsverhandlungen-mit-bosnien-herzegowina\/","url":"https:\/\/now-news.de\/de\/deutschland\/eu-beschliesst-beitrittsverhandlungen-mit-bosnien-herzegowina\/","name":"EU beschlie\u00dft Beitrittsverhandlungen mit Bosnien-Herzegowina - just-now.NEWS Deutschland","isPartOf":{"@id":"https:\/\/now-news.de\/de\/#website"},"primaryImageOfPage":{"@id":"https:\/\/now-news.de\/de\/deutschland\/eu-beschliesst-beitrittsverhandlungen-mit-bosnien-herzegowina\/#primaryimage"},"image":{"@id":"https:\/\/now-news.de\/de\/deutschland\/eu-beschliesst-beitrittsverhandlungen-mit-bosnien-herzegowina\/#primaryimage"},"thumbnailUrl":"https:\/\/now-news.de\/de\/wp-content\/uploads\/sites\/3\/2024\/03\/EU-beschliesst-Beitrittsverhandlungen-mit-Bosnien-Herzegowina.jpg","datePublished":"2024-03-21T20:56:30+00:00","dateModified":"2024-03-21T20:56:30+00:00","breadcrumb":{"@id":"https:\/\/now-news.de\/de\/deutschland\/eu-beschliesst-beitrittsverhandlungen-mit-bosnien-herzegowina\/#breadcrumb"},"inLanguage":"de","potentialAction":[{"@type":"ReadAction","target":["https:\/\/now-news.de\/de\/deutschland\/eu-beschliesst-beitrittsverhandlungen-mit-bosnien-herzegowina\/"]}]},{"@type":"ImageObject","inLanguage":"de","@id":"https:\/\/now-news.de\/de\/deutschland\/eu-beschliesst-beitrittsverhandlungen-mit-bosnien-herzegowina\/#primaryimage","url":"https:\/\/now-news.de\/de\/wp-content\/uploads\/sites\/3\/2024\/03\/EU-beschliesst-Beitrittsverhandlungen-mit-Bosnien-Herzegowina.jpg","contentUrl":"https:\/\/now-news.de\/de\/wp-content\/uploads\/sites\/3\/2024\/03\/EU-beschliesst-Beitrittsverhandlungen-mit-Bosnien-Herzegowina.jpg","width":460,"height":259,"caption":"EU beschlie\u00dft Beitrittsverhandlungen mit Bosnien-Herzegowina"},{"@type":"BreadcrumbList","@id":"https:\/\/now-news.de\/de\/deutschland\/eu-beschliesst-beitrittsverhandlungen-mit-bosnien-herzegowina\/#breadcrumb","itemListElement":[{"@type":"ListItem","position":1,"name":"Home","item":"https:\/\/now-news.de\/de\/"},{"@type":"ListItem","position":2,"name":"EU beschlie\u00dft Beitrittsverhandlungen mit Bosnien-Herzegowina"}]},{"@type":"WebSite","@id":"https:\/\/now-news.de\/de\/#website","url":"https:\/\/now-news.de\/de\/","name":"just-now.NEWS Deutschland","description":"Das Portal f\u00fcr unzensierte Nachrichten aus der Welt","publisher":{"@id":"https:\/\/now-news.de\/de\/#organization"},"potentialAction":[{"@type":"SearchAction","target":{"@type":"EntryPoint","urlTemplate":"https:\/\/now-news.de\/de\/?s={search_term_string}"},"query-input":"required name=search_term_string"}],"inLanguage":"de"},{"@type":"Organization","@id":"https:\/\/now-news.de\/de\/#organization","name":"Just Now News","url":"https:\/\/now-news.de\/de\/","logo":{"@type":"ImageObject","inLanguage":"de","@id":"https:\/\/now-news.de\/de\/#\/schema\/logo\/image\/","url":"http:\/\/just-now.news\/de\/wp-content\/uploads\/sites\/3\/2022\/04\/logo500x500.jpg","contentUrl":"http:\/\/just-now.news\/de\/wp-content\/uploads\/sites\/3\/2022\/04\/logo500x500.jpg","width":500,"height":500,"caption":"Just Now News"},"image":{"@id":"https:\/\/now-news.de\/de\/#\/schema\/logo\/image\/"},"sameAs":["https:\/\/www.facebook.com\/wirmachenauf","https:\/\/x.com\/WirMachenAuf_de"]},{"@type":"Person","@id":"https:\/\/now-news.de\/de\/#\/schema\/person\/fb534a4e865501d8b3285208df34a9b5","name":"rtnews","image":{"@type":"ImageObject","inLanguage":"de","@id":"https:\/\/now-news.de\/de\/#\/schema\/person\/image\/","url":"https:\/\/secure.gravatar.com\/avatar\/82aafea7d8127119dd649515f56e2117?s=96&d=mm&r=g","contentUrl":"https:\/\/secure.gravatar.com\/avatar\/82aafea7d8127119dd649515f56e2117?s=96&d=mm&r=g","caption":"rtnews"},"url":"https:\/\/now-news.de\/de\/author\/rnews\/"}]}},"_links":{"self":[{"href":"https:\/\/now-news.de\/de\/wp-json\/wp\/v2\/posts\/57555"}],"collection":[{"href":"https:\/\/now-news.de\/de\/wp-json\/wp\/v2\/posts"}],"about":[{"href":"https:\/\/now-news.de\/de\/wp-json\/wp\/v2\/types\/post"}],"author":[{"embeddable":true,"href":"https:\/\/now-news.de\/de\/wp-json\/wp\/v2\/users\/3"}],"replies":[{"embeddable":true,"href":"https:\/\/now-news.de\/de\/wp-json\/wp\/v2\/comments?post=57555"}],"version-history":[{"count":0,"href":"https:\/\/now-news.de\/de\/wp-json\/wp\/v2\/posts\/57555\/revisions"}],"wp:featuredmedia":[{"embeddable":true,"href":"https:\/\/now-news.de\/de\/wp-json\/wp\/v2\/media\/57556"}],"wp:attachment":[{"href":"https:\/\/now-news.de\/de\/wp-json\/wp\/v2\/media?parent=57555"}],"wp:term":[{"taxonomy":"category","embeddable":true,"href":"https:\/\/now-news.de\/de\/wp-json\/wp\/v2\/categories?post=57555"},{"taxonomy":"post_tag","embeddable":true,"href":"https:\/\/now-news.de\/de\/wp-json\/wp\/v2\/tags?post=57555"}],"curies":[{"name":"wp","href":"https:\/\/api.w.org\/{rel}","templated":true}]}}