{"id":57493,"date":"2024-03-20T22:47:27","date_gmt":"2024-03-20T20:47:27","guid":{"rendered":"https:\/\/just-now.news\/de\/deutschland\/kiew-nur-ein-missverstaendnis-macrons-idee-von-truppen-in-der-ukraine-wurde-falsch-interpretiert\/"},"modified":"2024-03-20T22:47:27","modified_gmt":"2024-03-20T20:47:27","slug":"kiew-nur-ein-missverstaendnis-macrons-idee-von-truppen-in-der-ukraine-wurde-falsch-interpretiert","status":"publish","type":"post","link":"https:\/\/now-news.de\/de\/deutschland\/kiew-nur-ein-missverstaendnis-macrons-idee-von-truppen-in-der-ukraine-wurde-falsch-interpretiert\/","title":{"rendered":"Kiew: Nur ein Missverst\u00e4ndnis \u2013 Macrons Idee von &quot;Truppen in der Ukraine&quot; wurde falsch interpretiert"},"content":{"rendered":"<p><img decoding=\"async\" src=\"http:\/\/just-now.news\/de\/wp-content\/uploads\/sites\/3\/2024\/03\/65fadc1ab480cc7a9a1cb2ba.jpg\" \/><\/p>\n<div class=\"Text-root Text-type_1 \">\n                Das Verwirrspiel um westliche Truppen in der Ukraine geht weiter. Au\u00dfenminister Dmitri Kuleba behauptet nun, die EU-Staats- und Regierungschefs seien blo\u00df &#8220;in Panik&#8221; geraten, als Macron die Beteiligung von NATO-Ausbildern ins Spiel gebracht habe. Auch wenn diese \u00c4u\u00dferungen nach einem R\u00fcckzieher klingen, in der EU h\u00e4lt man sich vollmundig weiter alle Optionen offen.\n            <\/div>\n<p><\/p>\n<div class=\"Text-root Text-type_5 ArticleView-text ViewText-root \">\n<p>Seit Wochen wird in EU-L\u00e4ndern \u00fcber die offizielle Entsendung von Bodentruppen in die Ukraine <a rel=\"nofollow noopener\" target=\"_blank\" href=\"https:\/\/freedert.online\/europa\/199475-le-monde-frankreich-erwaegte-truppenentsendung\/\">diskutiert<\/a>, nachdem der franz\u00f6sische Staatspr\u00e4sident Emmanuel Macron sich zu diesem Schritt entschlossen gezeigt hatte. Wie nun der ukrainische Au\u00dfenminister Dmitri Kuleba erkl\u00e4rte, braucht\u00a0die Ukraine aber gar keine NATO-Truppen auf ihrem Territorium, um Russland zu besiegen.<\/p>\n<p>Er behauptete, dass \u00c4u\u00dferungen des franz\u00f6sischen Pr\u00e4sidenten, die darauf hindeuteten, dass die von den USA gef\u00fchrte Allianz letztlich ein Kontingent in der Ukraine stationieren w\u00fcrde, falsch interpretiert worden seien.<\/p>\n<p>Macrons \u00c4u\u00dferungen hatten Ende Februar eine Flut von Erkl\u00e4rungen der NATO-L\u00e4nder ausgel\u00f6st, in denen sie beteuerten, sie\u00a0planten nicht, Soldaten in die Ukraine zu entsenden. Kuleba bezeichnete die Reaktion der europ\u00e4ischen Staats- und Regierungschefs als &#8220;Panikmache&#8221;, berichtete die italienische Zeitung <em>La Stampa<\/em> am Mittwoch.<\/p>\n<blockquote>\n<p><em>&#8220;Macron wollte damit nur sagen, dass es die M\u00f6glichkeit gibt, ukrainische Soldaten direkt in der Ukraine auszubilden und nicht au\u00dferhalb, wie es jetzt geschieht&#8221;,<\/em><\/p>\n<\/blockquote>\n<p>sagte Kuleba vor einer Gruppe ausl\u00e4ndischer Journalisten. Was sein Land von ausl\u00e4ndischen Gebern ben\u00f6tige, seien Waffen, insbesondere Drohnen, nicht aber Personal, f\u00fcgte er hinzu.<\/p>\n<p>Anfang dieser Woche hatte die spanische Zeitung <em>El Pa\u00eds<\/em> gemeldet, dass Milit\u00e4rangeh\u00f6rige aus NATO-Staaten in der Ukraine bereits seit langem im Einsatz sind (<em>RT DE<\/em>\u00a0<a rel=\"nofollow noopener\" target=\"_blank\" href=\"https:\/\/freedert.online\/europa\/199958-el-pais-nato-truppen-sind-laengst-in-der-ukraine-aktiv\/\">berichtete<\/a>) und\u00a0\u2013 angeblich abgesehen von aktiven Kampfhandlungen\u00a0\u2013 &#8220;in praktisch jeder m\u00f6glichen Hinsicht&#8221; des Konflikts mit Russland Kiew unterst\u00fctzt haben. Dazu geh\u00f6re auch die Ausbildung von Truppen in der Ukraine, so die spanische Zeitung unter Berufung auf Interviews mit verschiedenen Quellen aus den letzten zwei Jahren.<\/p>\n<p>Einige ehemalige NATO-Soldaten h\u00e4tten sich den ukrainischen Streitkr\u00e4ften als Freiwillige angeschlossen und dienten ihren Regierungen als Informanten, die den Verbleib der an die Ukraine \u00fcbergebenen Waffen nachverfolgten und ihre Regierungen \u00fcber die Lage an der Front informierten, so der Bericht weiter.<\/p>\n<p>Moskau betrachtet den Ukraine-Konflikt als einen Stellvertreterkrieg des Westens gegen Russland.\u00a0Man behandele ausl\u00e4ndische K\u00e4mpfer als S\u00f6ldner und legitime Ziele, wie hohe Vertreter Russlands mehrfach warnten. Im Januar meldete das Verteidigungsministerium den Beschuss eines St\u00fctzpunkts \u00fcberwiegend franz\u00f6sischer K\u00e4mpfer in der ukrainischen Stadt Charkow und behauptete, \u00fcber 60 von ihnen seien dabei get\u00f6tet worden.<\/p>\n<p>Am Dienstag hatte\u00a0der Leiter des russischen Auslandsgeheimdienstes, Sergei Naryschkin, erkl\u00e4rt, dass Frankreich eine Truppe von bis zu 2.000 Mann f\u00fcr eine m\u00f6gliche Intervention vorbereite (<em>RT DE<\/em> berichtete im <a rel=\"nofollow noopener\" target=\"_blank\" href=\"https:\/\/freedert.online\/international\/131481-liveticker-ukraine-krieg\/\">Liveticker<\/a>).<\/p>\n<p>Der russische Vertreter deutete an, dass der Einsatz im Geheimen erfolgen solle. Paris wies die \u00c4u\u00dferungen Naryschkins als einen Akt der Informationskriegsf\u00fchrung seitens Moskaus und eine &#8220;unverantwortliche&#8221; Provokation zur\u00fcck.<\/p>\n<p>Der Generalstabschef der franz\u00f6sischen Armee, <a rel=\"nofollow noopener\" target=\"_blank\" href=\"https:\/\/freedert.online\/international\/199972-frankreich-heizt-kriegsspirale-an-generalstab-meldet-vorbereitung-auf-schwierigste-gefechte\/\">General Pierre Schill<\/a>, sagte in dieser Woche in einem Interview, die Streitkr\u00e4fte seien bereit zu handeln, &#8220;unabh\u00e4ngig von der Entwicklung der internationalen Lage&#8221;. Eine Division von rund 20.000 Mann k\u00f6nnte innerhalb von 30 Tagen eingesetzt werden, erkl\u00e4rte Schill gegen\u00fcber den Medien.<\/p>\n<p><strong>Mehr zum Thema<\/strong> &#8211; <a rel=\"nofollow noopener\" target=\"_blank\" href=\"https:\/\/freedert.online\/russland\/200037-dmitri-medwedew-laedt-franzoesische-truppen-ein\/\">Medwedew l\u00e4dt franz\u00f6sische Truppen in die Ukraine ein<\/a><\/p>\n<\/div>\n<p><br \/>\n<br \/><a href=\"https:\/\/de.rt.com\/europa\/200067-kiew-nur-missverstaendnis-macrons-idee\/\">Source link <\/a><\/p>\n","protected":false},"excerpt":{"rendered":"<p>Das Verwirrspiel um westliche Truppen in der Ukraine geht weiter. Au\u00dfenminister Dmitri Kuleba behauptet nun, die EU-Staats- und Regierungschefs seien blo\u00df &#8220;in Panik&#8221; geraten, als Macron die Beteiligung von NATO-Ausbildern ins Spiel gebracht habe. Auch wenn diese \u00c4u\u00dferungen nach einem R\u00fcckzieher klingen, in der EU h\u00e4lt man sich vollmundig weiter alle Optionen offen. Seit Wochen [&hellip;]<\/p>\n","protected":false},"author":3,"featured_media":57494,"comment_status":"open","ping_status":"open","sticky":false,"template":"","format":"standard","meta":{"_yoast_indexnow_last_ping":["1710967838"],"wp_automatic_camp":["217"],"68e09524d1dd8a7e1e50223b2b61a2fd":["Kiew: Nur ein Missverst\u00e4ndnis \u2013 Macrons Idee von &quot;Truppen in der Ukraine&quot; wurde falsch interpretiert"],"original_link":["https:\/\/de.rt.com\/europa\/200067-kiew-nur-missverstaendnis-macrons-idee\/"],"_thumbnail_id":["57494"],"jnews_social_counter_last_update":["1777393351"],"_wptgpro_p2tg_sent2tg":["a:1:{i:23737;s:19:\"2024-03-20 22:51:41\";}"]},"categories":[19,23],"tags":[82,357,19532,24748,54597,1025,24029,47997,4230,54587,19275,50,528],"yoast_head":"<!-- This site is optimized with the Yoast SEO Premium plugin v22.7 (Yoast SEO v22.7) - https:\/\/yoast.com\/wordpress\/plugins\/seo\/ -->\n<title>Kiew: Nur ein Missverst\u00e4ndnis \u2013 Macrons Idee von &quot;Truppen in der Ukraine&quot; wurde falsch interpretiert - just-now.NEWS Deutschland<\/title>\n<meta name=\"robots\" content=\"index, follow, max-snippet:-1, max-image-preview:large, max-video-preview:-1\" \/>\n<link rel=\"canonical\" href=\"https:\/\/now-news.de\/de\/deutschland\/kiew-nur-ein-missverstaendnis-macrons-idee-von-truppen-in-der-ukraine-wurde-falsch-interpretiert\/\" \/>\n<meta property=\"og:locale\" content=\"de_DE\" \/>\n<meta property=\"og:type\" content=\"article\" \/>\n<meta property=\"og:title\" content=\"Kiew: Nur ein Missverst\u00e4ndnis \u2013 Macrons Idee von &quot;Truppen in der Ukraine&quot; wurde falsch interpretiert\" \/>\n<meta property=\"og:description\" content=\"Das Verwirrspiel um westliche Truppen in der Ukraine geht weiter. Au\u00dfenminister Dmitri Kuleba behauptet nun, die EU-Staats- und Regierungschefs seien blo\u00df &#8220;in Panik&#8221; geraten, als Macron die Beteiligung von NATO-Ausbildern ins Spiel gebracht habe. Auch wenn diese \u00c4u\u00dferungen nach einem R\u00fcckzieher klingen, in der EU h\u00e4lt man sich vollmundig weiter alle Optionen offen. Seit Wochen [&hellip;]\" \/>\n<meta property=\"og:url\" content=\"https:\/\/now-news.de\/de\/deutschland\/kiew-nur-ein-missverstaendnis-macrons-idee-von-truppen-in-der-ukraine-wurde-falsch-interpretiert\/\" \/>\n<meta property=\"og:site_name\" content=\"just-now.NEWS Deutschland\" \/>\n<meta property=\"article:publisher\" content=\"https:\/\/www.facebook.com\/wirmachenauf\" \/>\n<meta property=\"article:published_time\" content=\"2024-03-20T20:47:27+00:00\" \/>\n<meta property=\"og:image\" content=\"https:\/\/now-news.de\/de\/wp-content\/uploads\/sites\/3\/2024\/03\/Kiew-Nur-ein-Missverstaendnis-\u2013-Macrons-Idee-von-quotTruppen-in.jpg\" \/>\n\t<meta property=\"og:image:width\" content=\"460\" \/>\n\t<meta property=\"og:image:height\" content=\"259\" \/>\n\t<meta property=\"og:image:type\" content=\"image\/jpeg\" \/>\n<meta name=\"author\" content=\"rtnews\" \/>\n<meta name=\"twitter:card\" content=\"summary_large_image\" \/>\n<meta name=\"twitter:creator\" content=\"@WirMachenAuf_de\" \/>\n<meta name=\"twitter:site\" content=\"@WirMachenAuf_de\" \/>\n<meta name=\"twitter:label1\" content=\"Verfasst von\" \/>\n\t<meta name=\"twitter:data1\" content=\"rtnews\" \/>\n\t<meta name=\"twitter:label2\" content=\"Gesch\u00e4tzte Lesezeit\" \/>\n\t<meta name=\"twitter:data2\" content=\"3\u00a0Minuten\" \/>\n<script type=\"application\/ld+json\" class=\"yoast-schema-graph\">{\"@context\":\"https:\/\/schema.org\",\"@graph\":[{\"@type\":\"Article\",\"@id\":\"https:\/\/now-news.de\/de\/deutschland\/kiew-nur-ein-missverstaendnis-macrons-idee-von-truppen-in-der-ukraine-wurde-falsch-interpretiert\/#article\",\"isPartOf\":{\"@id\":\"https:\/\/now-news.de\/de\/deutschland\/kiew-nur-ein-missverstaendnis-macrons-idee-von-truppen-in-der-ukraine-wurde-falsch-interpretiert\/\"},\"author\":{\"name\":\"rtnews\",\"@id\":\"https:\/\/now-news.de\/de\/#\/schema\/person\/fb534a4e865501d8b3285208df34a9b5\"},\"headline\":\"Kiew: Nur ein Missverst\u00e4ndnis \u2013 Macrons Idee von &quot;Truppen in der Ukraine&quot; wurde falsch interpretiert\",\"datePublished\":\"2024-03-20T20:47:27+00:00\",\"dateModified\":\"2024-03-20T20:47:27+00:00\",\"mainEntityOfPage\":{\"@id\":\"https:\/\/now-news.de\/de\/deutschland\/kiew-nur-ein-missverstaendnis-macrons-idee-von-truppen-in-der-ukraine-wurde-falsch-interpretiert\/\"},\"wordCount\":575,\"commentCount\":0,\"publisher\":{\"@id\":\"https:\/\/now-news.de\/de\/#organization\"},\"image\":{\"@id\":\"https:\/\/now-news.de\/de\/deutschland\/kiew-nur-ein-missverstaendnis-macrons-idee-von-truppen-in-der-ukraine-wurde-falsch-interpretiert\/#primaryimage\"},\"thumbnailUrl\":\"https:\/\/now-news.de\/de\/wp-content\/uploads\/sites\/3\/2024\/03\/Kiew-Nur-ein-Missverstaendnis-\u2013-Macrons-Idee-von-quotTruppen-in.jpg\",\"keywords\":[\"der\",\"ein\",\"falsch\",\"Idee\",\"interpretiert\",\"Kiew\",\"Macrons\",\"Missverst\u00e4ndnis\",\"NUR\",\"quotTruppen\",\"Ukrainequot\",\"von\",\"wurde\"],\"articleSection\":[\"Deutschland\",\"Russland\"],\"inLanguage\":\"de\",\"potentialAction\":[{\"@type\":\"CommentAction\",\"name\":\"Comment\",\"target\":[\"https:\/\/now-news.de\/de\/deutschland\/kiew-nur-ein-missverstaendnis-macrons-idee-von-truppen-in-der-ukraine-wurde-falsch-interpretiert\/#respond\"]}]},{\"@type\":\"WebPage\",\"@id\":\"https:\/\/now-news.de\/de\/deutschland\/kiew-nur-ein-missverstaendnis-macrons-idee-von-truppen-in-der-ukraine-wurde-falsch-interpretiert\/\",\"url\":\"https:\/\/now-news.de\/de\/deutschland\/kiew-nur-ein-missverstaendnis-macrons-idee-von-truppen-in-der-ukraine-wurde-falsch-interpretiert\/\",\"name\":\"Kiew: Nur ein Missverst\u00e4ndnis \u2013 Macrons Idee von &quot;Truppen in der Ukraine&quot; wurde falsch interpretiert - just-now.NEWS Deutschland\",\"isPartOf\":{\"@id\":\"https:\/\/now-news.de\/de\/#website\"},\"primaryImageOfPage\":{\"@id\":\"https:\/\/now-news.de\/de\/deutschland\/kiew-nur-ein-missverstaendnis-macrons-idee-von-truppen-in-der-ukraine-wurde-falsch-interpretiert\/#primaryimage\"},\"image\":{\"@id\":\"https:\/\/now-news.de\/de\/deutschland\/kiew-nur-ein-missverstaendnis-macrons-idee-von-truppen-in-der-ukraine-wurde-falsch-interpretiert\/#primaryimage\"},\"thumbnailUrl\":\"https:\/\/now-news.de\/de\/wp-content\/uploads\/sites\/3\/2024\/03\/Kiew-Nur-ein-Missverstaendnis-\u2013-Macrons-Idee-von-quotTruppen-in.jpg\",\"datePublished\":\"2024-03-20T20:47:27+00:00\",\"dateModified\":\"2024-03-20T20:47:27+00:00\",\"breadcrumb\":{\"@id\":\"https:\/\/now-news.de\/de\/deutschland\/kiew-nur-ein-missverstaendnis-macrons-idee-von-truppen-in-der-ukraine-wurde-falsch-interpretiert\/#breadcrumb\"},\"inLanguage\":\"de\",\"potentialAction\":[{\"@type\":\"ReadAction\",\"target\":[\"https:\/\/now-news.de\/de\/deutschland\/kiew-nur-ein-missverstaendnis-macrons-idee-von-truppen-in-der-ukraine-wurde-falsch-interpretiert\/\"]}]},{\"@type\":\"ImageObject\",\"inLanguage\":\"de\",\"@id\":\"https:\/\/now-news.de\/de\/deutschland\/kiew-nur-ein-missverstaendnis-macrons-idee-von-truppen-in-der-ukraine-wurde-falsch-interpretiert\/#primaryimage\",\"url\":\"https:\/\/now-news.de\/de\/wp-content\/uploads\/sites\/3\/2024\/03\/Kiew-Nur-ein-Missverstaendnis-\u2013-Macrons-Idee-von-quotTruppen-in.jpg\",\"contentUrl\":\"https:\/\/now-news.de\/de\/wp-content\/uploads\/sites\/3\/2024\/03\/Kiew-Nur-ein-Missverstaendnis-\u2013-Macrons-Idee-von-quotTruppen-in.jpg\",\"width\":460,\"height\":259,\"caption\":\"Kiew: Nur ein Missverst\u00e4ndnis \u2013 Macrons Idee von &quot;Truppen in der Ukraine&quot; wurde falsch interpretiert\"},{\"@type\":\"BreadcrumbList\",\"@id\":\"https:\/\/now-news.de\/de\/deutschland\/kiew-nur-ein-missverstaendnis-macrons-idee-von-truppen-in-der-ukraine-wurde-falsch-interpretiert\/#breadcrumb\",\"itemListElement\":[{\"@type\":\"ListItem\",\"position\":1,\"name\":\"Home\",\"item\":\"https:\/\/now-news.de\/de\/\"},{\"@type\":\"ListItem\",\"position\":2,\"name\":\"Kiew: Nur ein Missverst\u00e4ndnis \u2013 Macrons Idee von &quot;Truppen in der Ukraine&quot; wurde falsch interpretiert\"}]},{\"@type\":\"WebSite\",\"@id\":\"https:\/\/now-news.de\/de\/#website\",\"url\":\"https:\/\/now-news.de\/de\/\",\"name\":\"just-now.NEWS Deutschland\",\"description\":\"Das Portal f\u00fcr unzensierte Nachrichten aus der Welt\",\"publisher\":{\"@id\":\"https:\/\/now-news.de\/de\/#organization\"},\"potentialAction\":[{\"@type\":\"SearchAction\",\"target\":{\"@type\":\"EntryPoint\",\"urlTemplate\":\"https:\/\/now-news.de\/de\/?s={search_term_string}\"},\"query-input\":\"required name=search_term_string\"}],\"inLanguage\":\"de\"},{\"@type\":\"Organization\",\"@id\":\"https:\/\/now-news.de\/de\/#organization\",\"name\":\"Just Now News\",\"url\":\"https:\/\/now-news.de\/de\/\",\"logo\":{\"@type\":\"ImageObject\",\"inLanguage\":\"de\",\"@id\":\"https:\/\/now-news.de\/de\/#\/schema\/logo\/image\/\",\"url\":\"http:\/\/just-now.news\/de\/wp-content\/uploads\/sites\/3\/2022\/04\/logo500x500.jpg\",\"contentUrl\":\"http:\/\/just-now.news\/de\/wp-content\/uploads\/sites\/3\/2022\/04\/logo500x500.jpg\",\"width\":500,\"height\":500,\"caption\":\"Just Now News\"},\"image\":{\"@id\":\"https:\/\/now-news.de\/de\/#\/schema\/logo\/image\/\"},\"sameAs\":[\"https:\/\/www.facebook.com\/wirmachenauf\",\"https:\/\/x.com\/WirMachenAuf_de\"]},{\"@type\":\"Person\",\"@id\":\"https:\/\/now-news.de\/de\/#\/schema\/person\/fb534a4e865501d8b3285208df34a9b5\",\"name\":\"rtnews\",\"image\":{\"@type\":\"ImageObject\",\"inLanguage\":\"de\",\"@id\":\"https:\/\/now-news.de\/de\/#\/schema\/person\/image\/\",\"url\":\"https:\/\/secure.gravatar.com\/avatar\/82aafea7d8127119dd649515f56e2117?s=96&d=mm&r=g\",\"contentUrl\":\"https:\/\/secure.gravatar.com\/avatar\/82aafea7d8127119dd649515f56e2117?s=96&d=mm&r=g\",\"caption\":\"rtnews\"},\"url\":\"https:\/\/now-news.de\/de\/author\/rnews\/\"}]}<\/script>\n<!-- \/ Yoast SEO Premium plugin. -->","yoast_head_json":{"title":"Kiew: Nur ein Missverst\u00e4ndnis \u2013 Macrons Idee von &quot;Truppen in der Ukraine&quot; wurde falsch interpretiert - just-now.NEWS Deutschland","robots":{"index":"index","follow":"follow","max-snippet":"max-snippet:-1","max-image-preview":"max-image-preview:large","max-video-preview":"max-video-preview:-1"},"canonical":"https:\/\/now-news.de\/de\/deutschland\/kiew-nur-ein-missverstaendnis-macrons-idee-von-truppen-in-der-ukraine-wurde-falsch-interpretiert\/","og_locale":"de_DE","og_type":"article","og_title":"Kiew: Nur ein Missverst\u00e4ndnis \u2013 Macrons Idee von &quot;Truppen in der Ukraine&quot; wurde falsch interpretiert","og_description":"Das Verwirrspiel um westliche Truppen in der Ukraine geht weiter. Au\u00dfenminister Dmitri Kuleba behauptet nun, die EU-Staats- und Regierungschefs seien blo\u00df &#8220;in Panik&#8221; geraten, als Macron die Beteiligung von NATO-Ausbildern ins Spiel gebracht habe. Auch wenn diese \u00c4u\u00dferungen nach einem R\u00fcckzieher klingen, in der EU h\u00e4lt man sich vollmundig weiter alle Optionen offen. Seit Wochen [&hellip;]","og_url":"https:\/\/now-news.de\/de\/deutschland\/kiew-nur-ein-missverstaendnis-macrons-idee-von-truppen-in-der-ukraine-wurde-falsch-interpretiert\/","og_site_name":"just-now.NEWS Deutschland","article_publisher":"https:\/\/www.facebook.com\/wirmachenauf","article_published_time":"2024-03-20T20:47:27+00:00","og_image":[{"width":460,"height":259,"url":"https:\/\/now-news.de\/de\/wp-content\/uploads\/sites\/3\/2024\/03\/Kiew-Nur-ein-Missverstaendnis-\u2013-Macrons-Idee-von-quotTruppen-in.jpg","type":"image\/jpeg"}],"author":"rtnews","twitter_card":"summary_large_image","twitter_creator":"@WirMachenAuf_de","twitter_site":"@WirMachenAuf_de","twitter_misc":{"Verfasst von":"rtnews","Gesch\u00e4tzte Lesezeit":"3\u00a0Minuten"},"schema":{"@context":"https:\/\/schema.org","@graph":[{"@type":"Article","@id":"https:\/\/now-news.de\/de\/deutschland\/kiew-nur-ein-missverstaendnis-macrons-idee-von-truppen-in-der-ukraine-wurde-falsch-interpretiert\/#article","isPartOf":{"@id":"https:\/\/now-news.de\/de\/deutschland\/kiew-nur-ein-missverstaendnis-macrons-idee-von-truppen-in-der-ukraine-wurde-falsch-interpretiert\/"},"author":{"name":"rtnews","@id":"https:\/\/now-news.de\/de\/#\/schema\/person\/fb534a4e865501d8b3285208df34a9b5"},"headline":"Kiew: Nur ein Missverst\u00e4ndnis \u2013 Macrons Idee von &quot;Truppen in der Ukraine&quot; wurde falsch interpretiert","datePublished":"2024-03-20T20:47:27+00:00","dateModified":"2024-03-20T20:47:27+00:00","mainEntityOfPage":{"@id":"https:\/\/now-news.de\/de\/deutschland\/kiew-nur-ein-missverstaendnis-macrons-idee-von-truppen-in-der-ukraine-wurde-falsch-interpretiert\/"},"wordCount":575,"commentCount":0,"publisher":{"@id":"https:\/\/now-news.de\/de\/#organization"},"image":{"@id":"https:\/\/now-news.de\/de\/deutschland\/kiew-nur-ein-missverstaendnis-macrons-idee-von-truppen-in-der-ukraine-wurde-falsch-interpretiert\/#primaryimage"},"thumbnailUrl":"https:\/\/now-news.de\/de\/wp-content\/uploads\/sites\/3\/2024\/03\/Kiew-Nur-ein-Missverstaendnis-\u2013-Macrons-Idee-von-quotTruppen-in.jpg","keywords":["der","ein","falsch","Idee","interpretiert","Kiew","Macrons","Missverst\u00e4ndnis","NUR","quotTruppen","Ukrainequot","von","wurde"],"articleSection":["Deutschland","Russland"],"inLanguage":"de","potentialAction":[{"@type":"CommentAction","name":"Comment","target":["https:\/\/now-news.de\/de\/deutschland\/kiew-nur-ein-missverstaendnis-macrons-idee-von-truppen-in-der-ukraine-wurde-falsch-interpretiert\/#respond"]}]},{"@type":"WebPage","@id":"https:\/\/now-news.de\/de\/deutschland\/kiew-nur-ein-missverstaendnis-macrons-idee-von-truppen-in-der-ukraine-wurde-falsch-interpretiert\/","url":"https:\/\/now-news.de\/de\/deutschland\/kiew-nur-ein-missverstaendnis-macrons-idee-von-truppen-in-der-ukraine-wurde-falsch-interpretiert\/","name":"Kiew: Nur ein Missverst\u00e4ndnis \u2013 Macrons Idee von &quot;Truppen in der Ukraine&quot; wurde falsch interpretiert - just-now.NEWS Deutschland","isPartOf":{"@id":"https:\/\/now-news.de\/de\/#website"},"primaryImageOfPage":{"@id":"https:\/\/now-news.de\/de\/deutschland\/kiew-nur-ein-missverstaendnis-macrons-idee-von-truppen-in-der-ukraine-wurde-falsch-interpretiert\/#primaryimage"},"image":{"@id":"https:\/\/now-news.de\/de\/deutschland\/kiew-nur-ein-missverstaendnis-macrons-idee-von-truppen-in-der-ukraine-wurde-falsch-interpretiert\/#primaryimage"},"thumbnailUrl":"https:\/\/now-news.de\/de\/wp-content\/uploads\/sites\/3\/2024\/03\/Kiew-Nur-ein-Missverstaendnis-\u2013-Macrons-Idee-von-quotTruppen-in.jpg","datePublished":"2024-03-20T20:47:27+00:00","dateModified":"2024-03-20T20:47:27+00:00","breadcrumb":{"@id":"https:\/\/now-news.de\/de\/deutschland\/kiew-nur-ein-missverstaendnis-macrons-idee-von-truppen-in-der-ukraine-wurde-falsch-interpretiert\/#breadcrumb"},"inLanguage":"de","potentialAction":[{"@type":"ReadAction","target":["https:\/\/now-news.de\/de\/deutschland\/kiew-nur-ein-missverstaendnis-macrons-idee-von-truppen-in-der-ukraine-wurde-falsch-interpretiert\/"]}]},{"@type":"ImageObject","inLanguage":"de","@id":"https:\/\/now-news.de\/de\/deutschland\/kiew-nur-ein-missverstaendnis-macrons-idee-von-truppen-in-der-ukraine-wurde-falsch-interpretiert\/#primaryimage","url":"https:\/\/now-news.de\/de\/wp-content\/uploads\/sites\/3\/2024\/03\/Kiew-Nur-ein-Missverstaendnis-\u2013-Macrons-Idee-von-quotTruppen-in.jpg","contentUrl":"https:\/\/now-news.de\/de\/wp-content\/uploads\/sites\/3\/2024\/03\/Kiew-Nur-ein-Missverstaendnis-\u2013-Macrons-Idee-von-quotTruppen-in.jpg","width":460,"height":259,"caption":"Kiew: Nur ein Missverst\u00e4ndnis \u2013 Macrons Idee von &quot;Truppen in der Ukraine&quot; wurde falsch interpretiert"},{"@type":"BreadcrumbList","@id":"https:\/\/now-news.de\/de\/deutschland\/kiew-nur-ein-missverstaendnis-macrons-idee-von-truppen-in-der-ukraine-wurde-falsch-interpretiert\/#breadcrumb","itemListElement":[{"@type":"ListItem","position":1,"name":"Home","item":"https:\/\/now-news.de\/de\/"},{"@type":"ListItem","position":2,"name":"Kiew: Nur ein Missverst\u00e4ndnis \u2013 Macrons Idee von &quot;Truppen in der Ukraine&quot; wurde falsch interpretiert"}]},{"@type":"WebSite","@id":"https:\/\/now-news.de\/de\/#website","url":"https:\/\/now-news.de\/de\/","name":"just-now.NEWS Deutschland","description":"Das Portal f\u00fcr unzensierte Nachrichten aus der Welt","publisher":{"@id":"https:\/\/now-news.de\/de\/#organization"},"potentialAction":[{"@type":"SearchAction","target":{"@type":"EntryPoint","urlTemplate":"https:\/\/now-news.de\/de\/?s={search_term_string}"},"query-input":"required name=search_term_string"}],"inLanguage":"de"},{"@type":"Organization","@id":"https:\/\/now-news.de\/de\/#organization","name":"Just Now News","url":"https:\/\/now-news.de\/de\/","logo":{"@type":"ImageObject","inLanguage":"de","@id":"https:\/\/now-news.de\/de\/#\/schema\/logo\/image\/","url":"http:\/\/just-now.news\/de\/wp-content\/uploads\/sites\/3\/2022\/04\/logo500x500.jpg","contentUrl":"http:\/\/just-now.news\/de\/wp-content\/uploads\/sites\/3\/2022\/04\/logo500x500.jpg","width":500,"height":500,"caption":"Just Now News"},"image":{"@id":"https:\/\/now-news.de\/de\/#\/schema\/logo\/image\/"},"sameAs":["https:\/\/www.facebook.com\/wirmachenauf","https:\/\/x.com\/WirMachenAuf_de"]},{"@type":"Person","@id":"https:\/\/now-news.de\/de\/#\/schema\/person\/fb534a4e865501d8b3285208df34a9b5","name":"rtnews","image":{"@type":"ImageObject","inLanguage":"de","@id":"https:\/\/now-news.de\/de\/#\/schema\/person\/image\/","url":"https:\/\/secure.gravatar.com\/avatar\/82aafea7d8127119dd649515f56e2117?s=96&d=mm&r=g","contentUrl":"https:\/\/secure.gravatar.com\/avatar\/82aafea7d8127119dd649515f56e2117?s=96&d=mm&r=g","caption":"rtnews"},"url":"https:\/\/now-news.de\/de\/author\/rnews\/"}]}},"_links":{"self":[{"href":"https:\/\/now-news.de\/de\/wp-json\/wp\/v2\/posts\/57493"}],"collection":[{"href":"https:\/\/now-news.de\/de\/wp-json\/wp\/v2\/posts"}],"about":[{"href":"https:\/\/now-news.de\/de\/wp-json\/wp\/v2\/types\/post"}],"author":[{"embeddable":true,"href":"https:\/\/now-news.de\/de\/wp-json\/wp\/v2\/users\/3"}],"replies":[{"embeddable":true,"href":"https:\/\/now-news.de\/de\/wp-json\/wp\/v2\/comments?post=57493"}],"version-history":[{"count":0,"href":"https:\/\/now-news.de\/de\/wp-json\/wp\/v2\/posts\/57493\/revisions"}],"wp:featuredmedia":[{"embeddable":true,"href":"https:\/\/now-news.de\/de\/wp-json\/wp\/v2\/media\/57494"}],"wp:attachment":[{"href":"https:\/\/now-news.de\/de\/wp-json\/wp\/v2\/media?parent=57493"}],"wp:term":[{"taxonomy":"category","embeddable":true,"href":"https:\/\/now-news.de\/de\/wp-json\/wp\/v2\/categories?post=57493"},{"taxonomy":"post_tag","embeddable":true,"href":"https:\/\/now-news.de\/de\/wp-json\/wp\/v2\/tags?post=57493"}],"curies":[{"name":"wp","href":"https:\/\/api.w.org\/{rel}","templated":true}]}}