{"id":57433,"date":"2024-03-20T12:34:31","date_gmt":"2024-03-20T10:34:31","guid":{"rendered":"https:\/\/just-now.news\/de\/deutschland\/wegen-anti-nazi-plakats-russischer-weltmeister-von-olympia-qualifikation-ausgeschlossen\/"},"modified":"2024-03-20T12:34:31","modified_gmt":"2024-03-20T10:34:31","slug":"wegen-anti-nazi-plakats-russischer-weltmeister-von-olympia-qualifikation-ausgeschlossen","status":"publish","type":"post","link":"https:\/\/now-news.de\/de\/deutschland\/wegen-anti-nazi-plakats-russischer-weltmeister-von-olympia-qualifikation-ausgeschlossen\/","title":{"rendered":"Wegen Anti-Nazi-Plakats: Russischer Weltmeister von Olympia-Qualifikation ausgeschlossen"},"content":{"rendered":"<p><img decoding=\"async\" src=\"http:\/\/just-now.news\/de\/wp-content\/uploads\/sites\/3\/2024\/03\/65fa9d8248fbef3a6a5c4f44.jpg\" \/><\/p>\n<div class=\"Text-root Text-type_1 \">\n                Mussa Jewlojew, der Olympiasieger und zweifache Weltmeister im griechisch-r\u00f6mischen Ringen, darf nicht an der Qualifikation f\u00fcr die Olympischen Spiele 2024 in Paris teilnehmen. Der Grund: Sein Foto mit einem Anti-Nazi-Plakat.\n            <\/div>\n<p><\/p>\n<div class=\"Text-root Text-type_5 ArticleView-text ViewText-root \">\n<p>Ringer-Olympiasieger Mussa Jewlojew darf nicht an der Qualifikation f\u00fcr die Olympischen Spiele 2024 in Paris teilnehmen.\u00a0Das Qualifikationsturnier findet vom 4. bis 7. April in Baku in Aserbaidschan statt. Grund daf\u00fcr ist ein Foto mit einem Anti-Nazi-Plakat im Hintergrund.\u00a0<\/p>\n<p>Michail Mamiaschwili, der Pr\u00e4sident des russischen Ringerverbandes, best\u00e4tigte diese Informationen. &#8220;Ja, sie erlauben es noch nicht&#8221;, sagte er, hielt aber eine Zulassung noch f\u00fcr m\u00f6glich. &#8220;Wir besch\u00e4ftigen uns mit diesem Thema und versuchen, eine klare Definition von der Plattform zu bekommen, die derzeit f\u00fcr die Zulassung oder Nichtzulassung zust\u00e4ndig ist&#8221;, sagte der Verbandschef. &#8220;Wenn man f\u00fcr eine Welt ohne Nationalsozialismus ist, dann tritt man\u00a0auf dieser Plattform nicht auf&#8221;, kritisierte er den Verband United World Wrestling.<\/p>\n<p>Der 30-j\u00e4hrige Jewlojew hatte bei den Olympischen Spielen in Tokio Gold in der Gewichtsklasse bis 97 Kilogramm geholt. Der Welt- und Europameister hat zudem bei zahlreichen nationalen und internationalen Ringerturnieren Gold und Silber gewonnen.<\/p>\n<p>Laut einer Entscheidung des Internationalen Olympischen Komitees (IOC) k\u00f6nnen sich maximal 55 russische Athleten f\u00fcr die Olympischen Spiele in Paris qualifizieren. Dies teilte der zust\u00e4ndige\u00a0IOC-Direktor\u00a0James Macleod am Dienstag bei einer Pressekonferenz mit. Zudem d\u00fcrfen Sportler aus Russland nicht an der Athletenparade bei der Er\u00f6ffnungsfeier teilnehmen.<strong><br \/><\/strong><\/p>\n<p><strong>Mehr zum Thema &#8211; <\/strong><a rel=\"nofollow noopener\" target=\"_blank\" href=\"https:\/\/freedert.online\/international\/199779-ioc-rund-40-russen-duerfen\/\">IOC: Rund 40 Russen d\u00fcrfen bei Olympischen Spielen in Paris antreten<\/a><\/p>\n<\/div>\n<p><br \/>\n<br \/><a href=\"https:\/\/de.rt.com\/russland\/200011-wegen-anti-nazi-plakats-russischer\/\">Source link <\/a><\/p>\n","protected":false},"excerpt":{"rendered":"<p>Mussa Jewlojew, der Olympiasieger und zweifache Weltmeister im griechisch-r\u00f6mischen Ringen, darf nicht an der Qualifikation f\u00fcr die Olympischen Spiele 2024 in Paris teilnehmen. Der Grund: Sein Foto mit einem Anti-Nazi-Plakat. Ringer-Olympiasieger Mussa Jewlojew darf nicht an der Qualifikation f\u00fcr die Olympischen Spiele 2024 in Paris teilnehmen.\u00a0Das Qualifikationsturnier findet vom 4. bis 7. April in Baku [&hellip;]<\/p>\n","protected":false},"author":3,"featured_media":57434,"comment_status":"open","ping_status":"open","sticky":false,"template":"","format":"standard","meta":{"_yoast_indexnow_last_ping":["1710931298"],"wp_automatic_camp":["217"],"4772366fb91b836a14915d12fc10526a":["Wegen Anti-Nazi-Plakats: Russischer Weltmeister von Olympia-Qualifikation ausgeschlossen"],"original_link":["https:\/\/de.rt.com\/russland\/200011-wegen-anti-nazi-plakats-russischer\/"],"_thumbnail_id":["57434"],"_wptgpro_p2tg_sent2tg":["a:1:{i:23737;s:19:\"2024-03-20 12:42:45\";}"],"jnews_social_counter_last_update":["1777581031"]},"categories":[19,23],"tags":[54576,19422,54577,793,50,145,37673],"yoast_head":"<!-- This site is optimized with the Yoast SEO Premium plugin v22.7 (Yoast SEO v22.7) - https:\/\/yoast.com\/wordpress\/plugins\/seo\/ -->\n<title>Wegen Anti-Nazi-Plakats: Russischer Weltmeister von Olympia-Qualifikation ausgeschlossen - just-now.NEWS Deutschland<\/title>\n<meta name=\"robots\" content=\"index, follow, max-snippet:-1, max-image-preview:large, max-video-preview:-1\" \/>\n<link rel=\"canonical\" href=\"https:\/\/now-news.de\/de\/deutschland\/wegen-anti-nazi-plakats-russischer-weltmeister-von-olympia-qualifikation-ausgeschlossen\/\" \/>\n<meta property=\"og:locale\" content=\"de_DE\" \/>\n<meta property=\"og:type\" content=\"article\" \/>\n<meta property=\"og:title\" content=\"Wegen Anti-Nazi-Plakats: Russischer Weltmeister von Olympia-Qualifikation ausgeschlossen\" \/>\n<meta property=\"og:description\" content=\"Mussa Jewlojew, der Olympiasieger und zweifache Weltmeister im griechisch-r\u00f6mischen Ringen, darf nicht an der Qualifikation f\u00fcr die Olympischen Spiele 2024 in Paris teilnehmen. Der Grund: Sein Foto mit einem Anti-Nazi-Plakat. Ringer-Olympiasieger Mussa Jewlojew darf nicht an der Qualifikation f\u00fcr die Olympischen Spiele 2024 in Paris teilnehmen.\u00a0Das Qualifikationsturnier findet vom 4. bis 7. April in Baku [&hellip;]\" \/>\n<meta property=\"og:url\" content=\"https:\/\/now-news.de\/de\/deutschland\/wegen-anti-nazi-plakats-russischer-weltmeister-von-olympia-qualifikation-ausgeschlossen\/\" \/>\n<meta property=\"og:site_name\" content=\"just-now.NEWS Deutschland\" \/>\n<meta property=\"article:publisher\" content=\"https:\/\/www.facebook.com\/wirmachenauf\" \/>\n<meta property=\"article:published_time\" content=\"2024-03-20T10:34:31+00:00\" \/>\n<meta property=\"og:image\" content=\"https:\/\/now-news.de\/de\/wp-content\/uploads\/sites\/3\/2024\/03\/Wegen-Anti-Nazi-Plakats-Russischer-Weltmeister-von-Olympia-Qualifikation-ausgeschlossen.jpg\" \/>\n\t<meta property=\"og:image:width\" content=\"460\" \/>\n\t<meta property=\"og:image:height\" content=\"259\" \/>\n\t<meta property=\"og:image:type\" content=\"image\/jpeg\" \/>\n<meta name=\"author\" content=\"rtnews\" \/>\n<meta name=\"twitter:card\" content=\"summary_large_image\" \/>\n<meta name=\"twitter:creator\" content=\"@WirMachenAuf_de\" \/>\n<meta name=\"twitter:site\" content=\"@WirMachenAuf_de\" \/>\n<meta name=\"twitter:label1\" content=\"Verfasst von\" \/>\n\t<meta name=\"twitter:data1\" content=\"rtnews\" \/>\n\t<meta name=\"twitter:label2\" content=\"Gesch\u00e4tzte Lesezeit\" \/>\n\t<meta name=\"twitter:data2\" content=\"1\u00a0Minute\" \/>\n<script type=\"application\/ld+json\" class=\"yoast-schema-graph\">{\"@context\":\"https:\/\/schema.org\",\"@graph\":[{\"@type\":\"Article\",\"@id\":\"https:\/\/now-news.de\/de\/deutschland\/wegen-anti-nazi-plakats-russischer-weltmeister-von-olympia-qualifikation-ausgeschlossen\/#article\",\"isPartOf\":{\"@id\":\"https:\/\/now-news.de\/de\/deutschland\/wegen-anti-nazi-plakats-russischer-weltmeister-von-olympia-qualifikation-ausgeschlossen\/\"},\"author\":{\"name\":\"rtnews\",\"@id\":\"https:\/\/now-news.de\/de\/#\/schema\/person\/fb534a4e865501d8b3285208df34a9b5\"},\"headline\":\"Wegen Anti-Nazi-Plakats: Russischer Weltmeister von Olympia-Qualifikation ausgeschlossen\",\"datePublished\":\"2024-03-20T10:34:31+00:00\",\"dateModified\":\"2024-03-20T10:34:31+00:00\",\"mainEntityOfPage\":{\"@id\":\"https:\/\/now-news.de\/de\/deutschland\/wegen-anti-nazi-plakats-russischer-weltmeister-von-olympia-qualifikation-ausgeschlossen\/\"},\"wordCount\":263,\"commentCount\":0,\"publisher\":{\"@id\":\"https:\/\/now-news.de\/de\/#organization\"},\"image\":{\"@id\":\"https:\/\/now-news.de\/de\/deutschland\/wegen-anti-nazi-plakats-russischer-weltmeister-von-olympia-qualifikation-ausgeschlossen\/#primaryimage\"},\"thumbnailUrl\":\"https:\/\/now-news.de\/de\/wp-content\/uploads\/sites\/3\/2024\/03\/Wegen-Anti-Nazi-Plakats-Russischer-Weltmeister-von-Olympia-Qualifikation-ausgeschlossen.jpg\",\"keywords\":[\"AntiNaziPlakats\",\"ausgeschlossen\",\"OlympiaQualifikation\",\"Russischer\",\"von\",\"wegen\",\"Weltmeister\"],\"articleSection\":[\"Deutschland\",\"Russland\"],\"inLanguage\":\"de\",\"potentialAction\":[{\"@type\":\"CommentAction\",\"name\":\"Comment\",\"target\":[\"https:\/\/now-news.de\/de\/deutschland\/wegen-anti-nazi-plakats-russischer-weltmeister-von-olympia-qualifikation-ausgeschlossen\/#respond\"]}]},{\"@type\":\"WebPage\",\"@id\":\"https:\/\/now-news.de\/de\/deutschland\/wegen-anti-nazi-plakats-russischer-weltmeister-von-olympia-qualifikation-ausgeschlossen\/\",\"url\":\"https:\/\/now-news.de\/de\/deutschland\/wegen-anti-nazi-plakats-russischer-weltmeister-von-olympia-qualifikation-ausgeschlossen\/\",\"name\":\"Wegen Anti-Nazi-Plakats: Russischer Weltmeister von Olympia-Qualifikation ausgeschlossen - just-now.NEWS Deutschland\",\"isPartOf\":{\"@id\":\"https:\/\/now-news.de\/de\/#website\"},\"primaryImageOfPage\":{\"@id\":\"https:\/\/now-news.de\/de\/deutschland\/wegen-anti-nazi-plakats-russischer-weltmeister-von-olympia-qualifikation-ausgeschlossen\/#primaryimage\"},\"image\":{\"@id\":\"https:\/\/now-news.de\/de\/deutschland\/wegen-anti-nazi-plakats-russischer-weltmeister-von-olympia-qualifikation-ausgeschlossen\/#primaryimage\"},\"thumbnailUrl\":\"https:\/\/now-news.de\/de\/wp-content\/uploads\/sites\/3\/2024\/03\/Wegen-Anti-Nazi-Plakats-Russischer-Weltmeister-von-Olympia-Qualifikation-ausgeschlossen.jpg\",\"datePublished\":\"2024-03-20T10:34:31+00:00\",\"dateModified\":\"2024-03-20T10:34:31+00:00\",\"breadcrumb\":{\"@id\":\"https:\/\/now-news.de\/de\/deutschland\/wegen-anti-nazi-plakats-russischer-weltmeister-von-olympia-qualifikation-ausgeschlossen\/#breadcrumb\"},\"inLanguage\":\"de\",\"potentialAction\":[{\"@type\":\"ReadAction\",\"target\":[\"https:\/\/now-news.de\/de\/deutschland\/wegen-anti-nazi-plakats-russischer-weltmeister-von-olympia-qualifikation-ausgeschlossen\/\"]}]},{\"@type\":\"ImageObject\",\"inLanguage\":\"de\",\"@id\":\"https:\/\/now-news.de\/de\/deutschland\/wegen-anti-nazi-plakats-russischer-weltmeister-von-olympia-qualifikation-ausgeschlossen\/#primaryimage\",\"url\":\"https:\/\/now-news.de\/de\/wp-content\/uploads\/sites\/3\/2024\/03\/Wegen-Anti-Nazi-Plakats-Russischer-Weltmeister-von-Olympia-Qualifikation-ausgeschlossen.jpg\",\"contentUrl\":\"https:\/\/now-news.de\/de\/wp-content\/uploads\/sites\/3\/2024\/03\/Wegen-Anti-Nazi-Plakats-Russischer-Weltmeister-von-Olympia-Qualifikation-ausgeschlossen.jpg\",\"width\":460,\"height\":259,\"caption\":\"Wegen Anti-Nazi-Plakats: Russischer Weltmeister von Olympia-Qualifikation ausgeschlossen\"},{\"@type\":\"BreadcrumbList\",\"@id\":\"https:\/\/now-news.de\/de\/deutschland\/wegen-anti-nazi-plakats-russischer-weltmeister-von-olympia-qualifikation-ausgeschlossen\/#breadcrumb\",\"itemListElement\":[{\"@type\":\"ListItem\",\"position\":1,\"name\":\"Home\",\"item\":\"https:\/\/now-news.de\/de\/\"},{\"@type\":\"ListItem\",\"position\":2,\"name\":\"Wegen Anti-Nazi-Plakats: Russischer Weltmeister von Olympia-Qualifikation ausgeschlossen\"}]},{\"@type\":\"WebSite\",\"@id\":\"https:\/\/now-news.de\/de\/#website\",\"url\":\"https:\/\/now-news.de\/de\/\",\"name\":\"just-now.NEWS Deutschland\",\"description\":\"Das Portal f\u00fcr unzensierte Nachrichten aus der Welt\",\"publisher\":{\"@id\":\"https:\/\/now-news.de\/de\/#organization\"},\"potentialAction\":[{\"@type\":\"SearchAction\",\"target\":{\"@type\":\"EntryPoint\",\"urlTemplate\":\"https:\/\/now-news.de\/de\/?s={search_term_string}\"},\"query-input\":\"required name=search_term_string\"}],\"inLanguage\":\"de\"},{\"@type\":\"Organization\",\"@id\":\"https:\/\/now-news.de\/de\/#organization\",\"name\":\"Just Now News\",\"url\":\"https:\/\/now-news.de\/de\/\",\"logo\":{\"@type\":\"ImageObject\",\"inLanguage\":\"de\",\"@id\":\"https:\/\/now-news.de\/de\/#\/schema\/logo\/image\/\",\"url\":\"http:\/\/just-now.news\/de\/wp-content\/uploads\/sites\/3\/2022\/04\/logo500x500.jpg\",\"contentUrl\":\"http:\/\/just-now.news\/de\/wp-content\/uploads\/sites\/3\/2022\/04\/logo500x500.jpg\",\"width\":500,\"height\":500,\"caption\":\"Just Now News\"},\"image\":{\"@id\":\"https:\/\/now-news.de\/de\/#\/schema\/logo\/image\/\"},\"sameAs\":[\"https:\/\/www.facebook.com\/wirmachenauf\",\"https:\/\/x.com\/WirMachenAuf_de\"]},{\"@type\":\"Person\",\"@id\":\"https:\/\/now-news.de\/de\/#\/schema\/person\/fb534a4e865501d8b3285208df34a9b5\",\"name\":\"rtnews\",\"image\":{\"@type\":\"ImageObject\",\"inLanguage\":\"de\",\"@id\":\"https:\/\/now-news.de\/de\/#\/schema\/person\/image\/\",\"url\":\"https:\/\/secure.gravatar.com\/avatar\/82aafea7d8127119dd649515f56e2117?s=96&d=mm&r=g\",\"contentUrl\":\"https:\/\/secure.gravatar.com\/avatar\/82aafea7d8127119dd649515f56e2117?s=96&d=mm&r=g\",\"caption\":\"rtnews\"},\"url\":\"https:\/\/now-news.de\/de\/author\/rnews\/\"}]}<\/script>\n<!-- \/ Yoast SEO Premium plugin. -->","yoast_head_json":{"title":"Wegen Anti-Nazi-Plakats: Russischer Weltmeister von Olympia-Qualifikation ausgeschlossen - just-now.NEWS Deutschland","robots":{"index":"index","follow":"follow","max-snippet":"max-snippet:-1","max-image-preview":"max-image-preview:large","max-video-preview":"max-video-preview:-1"},"canonical":"https:\/\/now-news.de\/de\/deutschland\/wegen-anti-nazi-plakats-russischer-weltmeister-von-olympia-qualifikation-ausgeschlossen\/","og_locale":"de_DE","og_type":"article","og_title":"Wegen Anti-Nazi-Plakats: Russischer Weltmeister von Olympia-Qualifikation ausgeschlossen","og_description":"Mussa Jewlojew, der Olympiasieger und zweifache Weltmeister im griechisch-r\u00f6mischen Ringen, darf nicht an der Qualifikation f\u00fcr die Olympischen Spiele 2024 in Paris teilnehmen. Der Grund: Sein Foto mit einem Anti-Nazi-Plakat. Ringer-Olympiasieger Mussa Jewlojew darf nicht an der Qualifikation f\u00fcr die Olympischen Spiele 2024 in Paris teilnehmen.\u00a0Das Qualifikationsturnier findet vom 4. bis 7. April in Baku [&hellip;]","og_url":"https:\/\/now-news.de\/de\/deutschland\/wegen-anti-nazi-plakats-russischer-weltmeister-von-olympia-qualifikation-ausgeschlossen\/","og_site_name":"just-now.NEWS Deutschland","article_publisher":"https:\/\/www.facebook.com\/wirmachenauf","article_published_time":"2024-03-20T10:34:31+00:00","og_image":[{"width":460,"height":259,"url":"https:\/\/now-news.de\/de\/wp-content\/uploads\/sites\/3\/2024\/03\/Wegen-Anti-Nazi-Plakats-Russischer-Weltmeister-von-Olympia-Qualifikation-ausgeschlossen.jpg","type":"image\/jpeg"}],"author":"rtnews","twitter_card":"summary_large_image","twitter_creator":"@WirMachenAuf_de","twitter_site":"@WirMachenAuf_de","twitter_misc":{"Verfasst von":"rtnews","Gesch\u00e4tzte Lesezeit":"1\u00a0Minute"},"schema":{"@context":"https:\/\/schema.org","@graph":[{"@type":"Article","@id":"https:\/\/now-news.de\/de\/deutschland\/wegen-anti-nazi-plakats-russischer-weltmeister-von-olympia-qualifikation-ausgeschlossen\/#article","isPartOf":{"@id":"https:\/\/now-news.de\/de\/deutschland\/wegen-anti-nazi-plakats-russischer-weltmeister-von-olympia-qualifikation-ausgeschlossen\/"},"author":{"name":"rtnews","@id":"https:\/\/now-news.de\/de\/#\/schema\/person\/fb534a4e865501d8b3285208df34a9b5"},"headline":"Wegen Anti-Nazi-Plakats: Russischer Weltmeister von Olympia-Qualifikation ausgeschlossen","datePublished":"2024-03-20T10:34:31+00:00","dateModified":"2024-03-20T10:34:31+00:00","mainEntityOfPage":{"@id":"https:\/\/now-news.de\/de\/deutschland\/wegen-anti-nazi-plakats-russischer-weltmeister-von-olympia-qualifikation-ausgeschlossen\/"},"wordCount":263,"commentCount":0,"publisher":{"@id":"https:\/\/now-news.de\/de\/#organization"},"image":{"@id":"https:\/\/now-news.de\/de\/deutschland\/wegen-anti-nazi-plakats-russischer-weltmeister-von-olympia-qualifikation-ausgeschlossen\/#primaryimage"},"thumbnailUrl":"https:\/\/now-news.de\/de\/wp-content\/uploads\/sites\/3\/2024\/03\/Wegen-Anti-Nazi-Plakats-Russischer-Weltmeister-von-Olympia-Qualifikation-ausgeschlossen.jpg","keywords":["AntiNaziPlakats","ausgeschlossen","OlympiaQualifikation","Russischer","von","wegen","Weltmeister"],"articleSection":["Deutschland","Russland"],"inLanguage":"de","potentialAction":[{"@type":"CommentAction","name":"Comment","target":["https:\/\/now-news.de\/de\/deutschland\/wegen-anti-nazi-plakats-russischer-weltmeister-von-olympia-qualifikation-ausgeschlossen\/#respond"]}]},{"@type":"WebPage","@id":"https:\/\/now-news.de\/de\/deutschland\/wegen-anti-nazi-plakats-russischer-weltmeister-von-olympia-qualifikation-ausgeschlossen\/","url":"https:\/\/now-news.de\/de\/deutschland\/wegen-anti-nazi-plakats-russischer-weltmeister-von-olympia-qualifikation-ausgeschlossen\/","name":"Wegen Anti-Nazi-Plakats: Russischer Weltmeister von Olympia-Qualifikation ausgeschlossen - just-now.NEWS Deutschland","isPartOf":{"@id":"https:\/\/now-news.de\/de\/#website"},"primaryImageOfPage":{"@id":"https:\/\/now-news.de\/de\/deutschland\/wegen-anti-nazi-plakats-russischer-weltmeister-von-olympia-qualifikation-ausgeschlossen\/#primaryimage"},"image":{"@id":"https:\/\/now-news.de\/de\/deutschland\/wegen-anti-nazi-plakats-russischer-weltmeister-von-olympia-qualifikation-ausgeschlossen\/#primaryimage"},"thumbnailUrl":"https:\/\/now-news.de\/de\/wp-content\/uploads\/sites\/3\/2024\/03\/Wegen-Anti-Nazi-Plakats-Russischer-Weltmeister-von-Olympia-Qualifikation-ausgeschlossen.jpg","datePublished":"2024-03-20T10:34:31+00:00","dateModified":"2024-03-20T10:34:31+00:00","breadcrumb":{"@id":"https:\/\/now-news.de\/de\/deutschland\/wegen-anti-nazi-plakats-russischer-weltmeister-von-olympia-qualifikation-ausgeschlossen\/#breadcrumb"},"inLanguage":"de","potentialAction":[{"@type":"ReadAction","target":["https:\/\/now-news.de\/de\/deutschland\/wegen-anti-nazi-plakats-russischer-weltmeister-von-olympia-qualifikation-ausgeschlossen\/"]}]},{"@type":"ImageObject","inLanguage":"de","@id":"https:\/\/now-news.de\/de\/deutschland\/wegen-anti-nazi-plakats-russischer-weltmeister-von-olympia-qualifikation-ausgeschlossen\/#primaryimage","url":"https:\/\/now-news.de\/de\/wp-content\/uploads\/sites\/3\/2024\/03\/Wegen-Anti-Nazi-Plakats-Russischer-Weltmeister-von-Olympia-Qualifikation-ausgeschlossen.jpg","contentUrl":"https:\/\/now-news.de\/de\/wp-content\/uploads\/sites\/3\/2024\/03\/Wegen-Anti-Nazi-Plakats-Russischer-Weltmeister-von-Olympia-Qualifikation-ausgeschlossen.jpg","width":460,"height":259,"caption":"Wegen Anti-Nazi-Plakats: Russischer Weltmeister von Olympia-Qualifikation ausgeschlossen"},{"@type":"BreadcrumbList","@id":"https:\/\/now-news.de\/de\/deutschland\/wegen-anti-nazi-plakats-russischer-weltmeister-von-olympia-qualifikation-ausgeschlossen\/#breadcrumb","itemListElement":[{"@type":"ListItem","position":1,"name":"Home","item":"https:\/\/now-news.de\/de\/"},{"@type":"ListItem","position":2,"name":"Wegen Anti-Nazi-Plakats: Russischer Weltmeister von Olympia-Qualifikation ausgeschlossen"}]},{"@type":"WebSite","@id":"https:\/\/now-news.de\/de\/#website","url":"https:\/\/now-news.de\/de\/","name":"just-now.NEWS Deutschland","description":"Das Portal f\u00fcr unzensierte Nachrichten aus der Welt","publisher":{"@id":"https:\/\/now-news.de\/de\/#organization"},"potentialAction":[{"@type":"SearchAction","target":{"@type":"EntryPoint","urlTemplate":"https:\/\/now-news.de\/de\/?s={search_term_string}"},"query-input":"required name=search_term_string"}],"inLanguage":"de"},{"@type":"Organization","@id":"https:\/\/now-news.de\/de\/#organization","name":"Just Now News","url":"https:\/\/now-news.de\/de\/","logo":{"@type":"ImageObject","inLanguage":"de","@id":"https:\/\/now-news.de\/de\/#\/schema\/logo\/image\/","url":"http:\/\/just-now.news\/de\/wp-content\/uploads\/sites\/3\/2022\/04\/logo500x500.jpg","contentUrl":"http:\/\/just-now.news\/de\/wp-content\/uploads\/sites\/3\/2022\/04\/logo500x500.jpg","width":500,"height":500,"caption":"Just Now News"},"image":{"@id":"https:\/\/now-news.de\/de\/#\/schema\/logo\/image\/"},"sameAs":["https:\/\/www.facebook.com\/wirmachenauf","https:\/\/x.com\/WirMachenAuf_de"]},{"@type":"Person","@id":"https:\/\/now-news.de\/de\/#\/schema\/person\/fb534a4e865501d8b3285208df34a9b5","name":"rtnews","image":{"@type":"ImageObject","inLanguage":"de","@id":"https:\/\/now-news.de\/de\/#\/schema\/person\/image\/","url":"https:\/\/secure.gravatar.com\/avatar\/82aafea7d8127119dd649515f56e2117?s=96&d=mm&r=g","contentUrl":"https:\/\/secure.gravatar.com\/avatar\/82aafea7d8127119dd649515f56e2117?s=96&d=mm&r=g","caption":"rtnews"},"url":"https:\/\/now-news.de\/de\/author\/rnews\/"}]}},"_links":{"self":[{"href":"https:\/\/now-news.de\/de\/wp-json\/wp\/v2\/posts\/57433"}],"collection":[{"href":"https:\/\/now-news.de\/de\/wp-json\/wp\/v2\/posts"}],"about":[{"href":"https:\/\/now-news.de\/de\/wp-json\/wp\/v2\/types\/post"}],"author":[{"embeddable":true,"href":"https:\/\/now-news.de\/de\/wp-json\/wp\/v2\/users\/3"}],"replies":[{"embeddable":true,"href":"https:\/\/now-news.de\/de\/wp-json\/wp\/v2\/comments?post=57433"}],"version-history":[{"count":0,"href":"https:\/\/now-news.de\/de\/wp-json\/wp\/v2\/posts\/57433\/revisions"}],"wp:featuredmedia":[{"embeddable":true,"href":"https:\/\/now-news.de\/de\/wp-json\/wp\/v2\/media\/57434"}],"wp:attachment":[{"href":"https:\/\/now-news.de\/de\/wp-json\/wp\/v2\/media?parent=57433"}],"wp:term":[{"taxonomy":"category","embeddable":true,"href":"https:\/\/now-news.de\/de\/wp-json\/wp\/v2\/categories?post=57433"},{"taxonomy":"post_tag","embeddable":true,"href":"https:\/\/now-news.de\/de\/wp-json\/wp\/v2\/tags?post=57433"}],"curies":[{"name":"wp","href":"https:\/\/api.w.org\/{rel}","templated":true}]}}