{"id":57427,"date":"2024-03-20T10:57:05","date_gmt":"2024-03-20T08:57:05","guid":{"rendered":"https:\/\/just-now.news\/de\/deutschland\/nrw-innenminister-beklagt-deutliche-zunahme-der-auslaenderkriminalitaet\/"},"modified":"2024-03-20T10:57:05","modified_gmt":"2024-03-20T08:57:05","slug":"nrw-innenminister-beklagt-deutliche-zunahme-der-auslaenderkriminalitaet","status":"publish","type":"post","link":"https:\/\/now-news.de\/de\/deutschland\/nrw-innenminister-beklagt-deutliche-zunahme-der-auslaenderkriminalitaet\/","title":{"rendered":"NRW-Innenminister beklagt deutliche Zunahme der Ausl\u00e4nderkriminalit\u00e4t"},"content":{"rendered":"<p><img decoding=\"async\" src=\"http:\/\/just-now.news\/de\/wp-content\/uploads\/sites\/3\/2024\/03\/65fa908e48fbef1617281a14.jpg\" \/><\/p>\n<div class=\"Text-root Text-type_1 \">\n                Herbert Reul, Innenminister von Nordrhein-Westfalen, hat alarmierende Zahlen zum Thema Ausl\u00e4nderkriminalit\u00e4t vorgelegt. Mehr als jeder dritte Tatverd\u00e4chtige hat demnach keinen deutschen Pass. Man m\u00fcsse \u00fcber das Thema sprechen, so der Minister, der seit fast sieben Jahren im Amt ist.\n            <\/div>\n<p><\/p>\n<div class=\"Text-root Text-type_5 ArticleView-text ViewText-root \">\n<p>Herbert Reul, Innenminister von Nordrhein-Westfalen, hat erkl\u00e4rt, es gebe ein wachsendes Problem mit der Ausl\u00e4nderkriminalit\u00e4t in seinem Bundesland. Wie der CDU-Politiker am Dienstagabend mitteilte, sei die Quote ausl\u00e4ndischer Tatverd\u00e4chtiger 2023 im Vergleich zum Vorjahr um gut zehn Prozent gestiegen.\u00a0<\/p>\n<p>Gut jeder dritte mutma\u00dfliche Kriminelle \u2013 34,9 Prozent \u2013 der 484.642 ermittelten Beschuldigten im Bundesland besa\u00df keinen deutschen Pass. Ausl\u00e4nderrechtliche Verst\u00f6\u00dfe sind in dieser Berechnung nicht enthalten. Der Ausl\u00e4nderanteil im bev\u00f6lkerungsreichsten Bundesland betr\u00e4gt dagegen &#8220;nur&#8221; 15,6 Prozent.<\/p>\n<p>Nichtdeutsche Tatverd\u00e4chtige, so Reul, seien gemessen am Bev\u00f6lkerungsanteil \u00fcberproportional in der Polizeilichen Kriminalstatistik erfasst.\u00a0Und ihr Anteil w\u00e4chst in allen Bereichen der Kriminalit\u00e4t weiter.\u00a0Bei den\u00a0Straftaten gegen das Leben stieg die Quote ausl\u00e4ndischer Tatverd\u00e4chtiger um sechs Prozent auf 41,6 Prozent. Erst vor kurzem machte der Fall eines 15-J\u00e4hrigen Schlagzeilen, der von einem 26-j\u00e4hrigen T\u00fcrken und zwei Komplizen ermordet worden sein soll, weil er in einem Drogenprozess gegen sie ausgesagt hatte.<\/p>\n<p>Bei Taschendiebst\u00e4hlen sind etwa 80 Prozent der Verd\u00e4chtigen Ausl\u00e4nder, bei Ladendiebst\u00e4hlen und Wohnungseinbr\u00fcchen\u00a0um die 50 Prozent. Bei gef\u00e4hrlicher und schwerer K\u00f6rperverletzung stieg ihr Anteil auf 40,3 Prozent, bei gewaltt\u00e4tigen Sexualdelikten auf 37,1 Prozent.\u00a0<\/p>\n<p>Gut jeder Zehnte der mutma\u00dflichen T\u00e4ter besitzt laut Kriminalstatistik einen t\u00fcrkischen Pass. Dahinter folgen\u00a0Syrer, dann Rum\u00e4nen (9,1 Prozent),\u00a0Polen\u00a0(7,2 Prozent), Bulgaren und Ukrainer (4,1 Prozent). Reul weiter:<\/p>\n<p><em>&#8220;Die Anzahl der Tatverd\u00e4chtigen aus den nordafrikanischen Staaten Marokko, Algerien, Tunesien, \u00c4gypten und Libyen steigt erkennbar stark an.&#8221;<\/em><\/p>\n<p>Grunds\u00e4tzlich gelte:<\/p>\n<p><em>&#8220;Es kommen nicht immer die studierten, motivierten, gut ausgebildeten Leute zu uns, die wir gerne h\u00e4tten.&#8221;<\/em><\/p>\n<p>Viele der Zuwanderer seien arm. Als besorgniserregend bezeichnete der Minister die\u00a0Menge der Kinder unter 14 Jahren unter den nicht deutschen Tatverd\u00e4chtigen. Sie ist auf \u00fcber 7.000 gestiegen.\u00a0 Dazu kommen weitere 24.000 Jugendliche und Heranwachsende \u00fcber 14 Jahre. Von den ausl\u00e4ndischen Gewaltt\u00e4tern sind ganze 40,6 Prozent Kinder und Jugendliche.<\/p>\n<p>Reul erkl\u00e4rte, man m\u00fcsse \u00fcber das Problem reden:<\/p>\n<p><em>&#8220;Das hei\u00dft unweigerlich: Wir m\u00fcssen \u00fcber\u00a0<\/em><em>Ausl\u00e4nderkriminalit\u00e4t<\/em><em>\u00a0sprechen. Ich benenne lieber Dinge, wie sie sind, als dass ich sie aussitze. Das f\u00fcttert die Falschen.&#8221;<\/em><\/p>\n<p>Die &#8220;Falschen&#8221; d\u00fcrften f\u00fcr Reul in der AfD zu finden sein, die das Problem schon seit Jahren benennt \u2013 und auch deswegen als rechtsextrem bezeichnet wird. Konkret schl\u00e4gt der Minister vor:<\/p>\n<p><em>&#8220;Wir m\u00fcssen mehr gegen Gewaltkriminalit\u00e4t machen. Stichwort: Verrohung der Gesellschaft. Wir d\u00fcrfen nicht zulassen, dass Gewalt schleichend mehr Platz im \u00f6ffentlichen Raum einnimmt. Ob Innenstadt,\u00a0<\/em><em>Altstadt<\/em><em>\u00a0oder Rheinufer: Wir m\u00fcssen uns die Orte anschauen, wo Straftaten passieren. Wir brauchen neue und bessere Konzepte f\u00fcr die Innenst\u00e4dte. Mit Pr\u00e4vention, mit Kontrollen und Pr\u00e4senz der Polizei, vielleicht Waffenverbotszonen. Eine einfache und schnelle L\u00f6sung wird es nicht geben. Aber das Problem klar zu benennen, ist der erste Schritt in die richtige Richtung.&#8221;<\/em><\/p>\n<p>Reul ist seit 2017 Innenminister von Nordrhein-Westfalen.\u00a0<\/p>\n<p><strong>Mehr zum Thema<\/strong> &#8211; <a rel=\"nofollow noopener\" target=\"_blank\" href=\"https:\/\/freedert.online\/inland\/199945-medienbericht-martin-sellner-darf-nicht\/\">Martin Sellner darf nicht mehr nach Deutschland einreisen<\/a><\/p>\n<div class=\"EmbedBlock-root EmbedBlock-externalVideo EmbedBlock-odysee\">\n<div class=\"VkEmbed\"><iframe class=\"lazyload\" data-src=\"https:\/\/odysee.com\/%24\/embed\/%40RTDE%3Ae%2F-Heimatliebe-ist-kein-Verbrechen---Erneuter-Polizeieinsatz-an-Gymnasium%3Ac\" frameborder=\"0\" width=\"853\" height=\"480\" allowfullscreen><\/iframe><\/div>\n<\/div>\n<\/div>\n<p><br \/>\n<br \/><a href=\"https:\/\/de.rt.com\/inland\/200000-nrw-innenminister-muessen-ueber-auslaenderkriminalitaet\/\">Source link <\/a><\/p>\n","protected":false},"excerpt":{"rendered":"<p>Herbert Reul, Innenminister von Nordrhein-Westfalen, hat alarmierende Zahlen zum Thema Ausl\u00e4nderkriminalit\u00e4t vorgelegt. Mehr als jeder dritte Tatverd\u00e4chtige hat demnach keinen deutschen Pass. Man m\u00fcsse \u00fcber das Thema sprechen, so der Minister, der seit fast sieben Jahren im Amt ist. Herbert Reul, Innenminister von Nordrhein-Westfalen, hat erkl\u00e4rt, es gebe ein wachsendes Problem mit der Ausl\u00e4nderkriminalit\u00e4t in [&hellip;]<\/p>\n","protected":false},"author":3,"featured_media":57428,"comment_status":"open","ping_status":"open","sticky":false,"template":"","format":"standard","meta":{"_yoast_indexnow_last_ping":["1710925539"],"wp_automatic_camp":["217"],"7fb366de8e4197a9ad4c8ee406ced563":["NRW-Innenminister beklagt deutliche Zunahme der Ausl\u00e4nderkriminalit\u00e4t"],"original_link":["https:\/\/de.rt.com\/inland\/200000-nrw-innenminister-muessen-ueber-auslaenderkriminalitaet\/"],"_thumbnail_id":["57428"],"_wptgpro_p2tg_sent2tg":["a:1:{i:23737;s:19:\"2024-03-20 11:06:41\";}"],"jnews_social_counter_last_update":["1777613713"]},"categories":[19,23],"tags":[54572,7317,82,32259,31090,31313],"yoast_head":"<!-- This site is optimized with the Yoast SEO Premium plugin v22.7 (Yoast SEO v22.7) - https:\/\/yoast.com\/wordpress\/plugins\/seo\/ -->\n<title>NRW-Innenminister beklagt deutliche Zunahme der Ausl\u00e4nderkriminalit\u00e4t - just-now.NEWS Deutschland<\/title>\n<meta name=\"robots\" content=\"index, follow, max-snippet:-1, max-image-preview:large, max-video-preview:-1\" \/>\n<link rel=\"canonical\" href=\"https:\/\/now-news.de\/de\/deutschland\/nrw-innenminister-beklagt-deutliche-zunahme-der-auslaenderkriminalitaet\/\" \/>\n<meta property=\"og:locale\" content=\"de_DE\" \/>\n<meta property=\"og:type\" content=\"article\" \/>\n<meta property=\"og:title\" content=\"NRW-Innenminister beklagt deutliche Zunahme der Ausl\u00e4nderkriminalit\u00e4t\" \/>\n<meta property=\"og:description\" content=\"Herbert Reul, Innenminister von Nordrhein-Westfalen, hat alarmierende Zahlen zum Thema Ausl\u00e4nderkriminalit\u00e4t vorgelegt. Mehr als jeder dritte Tatverd\u00e4chtige hat demnach keinen deutschen Pass. Man m\u00fcsse \u00fcber das Thema sprechen, so der Minister, der seit fast sieben Jahren im Amt ist. Herbert Reul, Innenminister von Nordrhein-Westfalen, hat erkl\u00e4rt, es gebe ein wachsendes Problem mit der Ausl\u00e4nderkriminalit\u00e4t in [&hellip;]\" \/>\n<meta property=\"og:url\" content=\"https:\/\/now-news.de\/de\/deutschland\/nrw-innenminister-beklagt-deutliche-zunahme-der-auslaenderkriminalitaet\/\" \/>\n<meta property=\"og:site_name\" content=\"just-now.NEWS Deutschland\" \/>\n<meta property=\"article:publisher\" content=\"https:\/\/www.facebook.com\/wirmachenauf\" \/>\n<meta property=\"article:published_time\" content=\"2024-03-20T08:57:05+00:00\" \/>\n<meta property=\"og:image\" content=\"https:\/\/now-news.de\/de\/wp-content\/uploads\/sites\/3\/2024\/03\/NRW-Innenminister-beklagt-deutliche-Zunahme-der-Auslaenderkriminalitaet.jpg\" \/>\n\t<meta property=\"og:image:width\" content=\"460\" \/>\n\t<meta property=\"og:image:height\" content=\"259\" \/>\n\t<meta property=\"og:image:type\" content=\"image\/jpeg\" \/>\n<meta name=\"author\" content=\"rtnews\" \/>\n<meta name=\"twitter:card\" content=\"summary_large_image\" \/>\n<meta name=\"twitter:creator\" content=\"@WirMachenAuf_de\" \/>\n<meta name=\"twitter:site\" content=\"@WirMachenAuf_de\" \/>\n<meta name=\"twitter:label1\" content=\"Verfasst von\" \/>\n\t<meta name=\"twitter:data1\" content=\"rtnews\" \/>\n\t<meta name=\"twitter:label2\" content=\"Gesch\u00e4tzte Lesezeit\" \/>\n\t<meta name=\"twitter:data2\" content=\"3\u00a0Minuten\" \/>\n<script type=\"application\/ld+json\" class=\"yoast-schema-graph\">{\"@context\":\"https:\/\/schema.org\",\"@graph\":[{\"@type\":\"Article\",\"@id\":\"https:\/\/now-news.de\/de\/deutschland\/nrw-innenminister-beklagt-deutliche-zunahme-der-auslaenderkriminalitaet\/#article\",\"isPartOf\":{\"@id\":\"https:\/\/now-news.de\/de\/deutschland\/nrw-innenminister-beklagt-deutliche-zunahme-der-auslaenderkriminalitaet\/\"},\"author\":{\"name\":\"rtnews\",\"@id\":\"https:\/\/now-news.de\/de\/#\/schema\/person\/fb534a4e865501d8b3285208df34a9b5\"},\"headline\":\"NRW-Innenminister beklagt deutliche Zunahme der Ausl\u00e4nderkriminalit\u00e4t\",\"datePublished\":\"2024-03-20T08:57:05+00:00\",\"dateModified\":\"2024-03-20T08:57:05+00:00\",\"mainEntityOfPage\":{\"@id\":\"https:\/\/now-news.de\/de\/deutschland\/nrw-innenminister-beklagt-deutliche-zunahme-der-auslaenderkriminalitaet\/\"},\"wordCount\":546,\"commentCount\":0,\"publisher\":{\"@id\":\"https:\/\/now-news.de\/de\/#organization\"},\"image\":{\"@id\":\"https:\/\/now-news.de\/de\/deutschland\/nrw-innenminister-beklagt-deutliche-zunahme-der-auslaenderkriminalitaet\/#primaryimage\"},\"thumbnailUrl\":\"https:\/\/now-news.de\/de\/wp-content\/uploads\/sites\/3\/2024\/03\/NRW-Innenminister-beklagt-deutliche-Zunahme-der-Auslaenderkriminalitaet.jpg\",\"keywords\":[\"Ausl\u00e4nderkriminalit\u00e4t\",\"beklagt\",\"der\",\"Deutliche\",\"NRWInnenminister\",\"Zunahme\"],\"articleSection\":[\"Deutschland\",\"Russland\"],\"inLanguage\":\"de\",\"potentialAction\":[{\"@type\":\"CommentAction\",\"name\":\"Comment\",\"target\":[\"https:\/\/now-news.de\/de\/deutschland\/nrw-innenminister-beklagt-deutliche-zunahme-der-auslaenderkriminalitaet\/#respond\"]}]},{\"@type\":\"WebPage\",\"@id\":\"https:\/\/now-news.de\/de\/deutschland\/nrw-innenminister-beklagt-deutliche-zunahme-der-auslaenderkriminalitaet\/\",\"url\":\"https:\/\/now-news.de\/de\/deutschland\/nrw-innenminister-beklagt-deutliche-zunahme-der-auslaenderkriminalitaet\/\",\"name\":\"NRW-Innenminister beklagt deutliche Zunahme der Ausl\u00e4nderkriminalit\u00e4t - just-now.NEWS Deutschland\",\"isPartOf\":{\"@id\":\"https:\/\/now-news.de\/de\/#website\"},\"primaryImageOfPage\":{\"@id\":\"https:\/\/now-news.de\/de\/deutschland\/nrw-innenminister-beklagt-deutliche-zunahme-der-auslaenderkriminalitaet\/#primaryimage\"},\"image\":{\"@id\":\"https:\/\/now-news.de\/de\/deutschland\/nrw-innenminister-beklagt-deutliche-zunahme-der-auslaenderkriminalitaet\/#primaryimage\"},\"thumbnailUrl\":\"https:\/\/now-news.de\/de\/wp-content\/uploads\/sites\/3\/2024\/03\/NRW-Innenminister-beklagt-deutliche-Zunahme-der-Auslaenderkriminalitaet.jpg\",\"datePublished\":\"2024-03-20T08:57:05+00:00\",\"dateModified\":\"2024-03-20T08:57:05+00:00\",\"breadcrumb\":{\"@id\":\"https:\/\/now-news.de\/de\/deutschland\/nrw-innenminister-beklagt-deutliche-zunahme-der-auslaenderkriminalitaet\/#breadcrumb\"},\"inLanguage\":\"de\",\"potentialAction\":[{\"@type\":\"ReadAction\",\"target\":[\"https:\/\/now-news.de\/de\/deutschland\/nrw-innenminister-beklagt-deutliche-zunahme-der-auslaenderkriminalitaet\/\"]}]},{\"@type\":\"ImageObject\",\"inLanguage\":\"de\",\"@id\":\"https:\/\/now-news.de\/de\/deutschland\/nrw-innenminister-beklagt-deutliche-zunahme-der-auslaenderkriminalitaet\/#primaryimage\",\"url\":\"https:\/\/now-news.de\/de\/wp-content\/uploads\/sites\/3\/2024\/03\/NRW-Innenminister-beklagt-deutliche-Zunahme-der-Auslaenderkriminalitaet.jpg\",\"contentUrl\":\"https:\/\/now-news.de\/de\/wp-content\/uploads\/sites\/3\/2024\/03\/NRW-Innenminister-beklagt-deutliche-Zunahme-der-Auslaenderkriminalitaet.jpg\",\"width\":460,\"height\":259,\"caption\":\"NRW-Innenminister beklagt deutliche Zunahme der Ausl\u00e4nderkriminalit\u00e4t\"},{\"@type\":\"BreadcrumbList\",\"@id\":\"https:\/\/now-news.de\/de\/deutschland\/nrw-innenminister-beklagt-deutliche-zunahme-der-auslaenderkriminalitaet\/#breadcrumb\",\"itemListElement\":[{\"@type\":\"ListItem\",\"position\":1,\"name\":\"Home\",\"item\":\"https:\/\/now-news.de\/de\/\"},{\"@type\":\"ListItem\",\"position\":2,\"name\":\"NRW-Innenminister beklagt deutliche Zunahme der Ausl\u00e4nderkriminalit\u00e4t\"}]},{\"@type\":\"WebSite\",\"@id\":\"https:\/\/now-news.de\/de\/#website\",\"url\":\"https:\/\/now-news.de\/de\/\",\"name\":\"just-now.NEWS Deutschland\",\"description\":\"Das Portal f\u00fcr unzensierte Nachrichten aus der Welt\",\"publisher\":{\"@id\":\"https:\/\/now-news.de\/de\/#organization\"},\"potentialAction\":[{\"@type\":\"SearchAction\",\"target\":{\"@type\":\"EntryPoint\",\"urlTemplate\":\"https:\/\/now-news.de\/de\/?s={search_term_string}\"},\"query-input\":\"required name=search_term_string\"}],\"inLanguage\":\"de\"},{\"@type\":\"Organization\",\"@id\":\"https:\/\/now-news.de\/de\/#organization\",\"name\":\"Just Now News\",\"url\":\"https:\/\/now-news.de\/de\/\",\"logo\":{\"@type\":\"ImageObject\",\"inLanguage\":\"de\",\"@id\":\"https:\/\/now-news.de\/de\/#\/schema\/logo\/image\/\",\"url\":\"http:\/\/just-now.news\/de\/wp-content\/uploads\/sites\/3\/2022\/04\/logo500x500.jpg\",\"contentUrl\":\"http:\/\/just-now.news\/de\/wp-content\/uploads\/sites\/3\/2022\/04\/logo500x500.jpg\",\"width\":500,\"height\":500,\"caption\":\"Just Now News\"},\"image\":{\"@id\":\"https:\/\/now-news.de\/de\/#\/schema\/logo\/image\/\"},\"sameAs\":[\"https:\/\/www.facebook.com\/wirmachenauf\",\"https:\/\/x.com\/WirMachenAuf_de\"]},{\"@type\":\"Person\",\"@id\":\"https:\/\/now-news.de\/de\/#\/schema\/person\/fb534a4e865501d8b3285208df34a9b5\",\"name\":\"rtnews\",\"image\":{\"@type\":\"ImageObject\",\"inLanguage\":\"de\",\"@id\":\"https:\/\/now-news.de\/de\/#\/schema\/person\/image\/\",\"url\":\"https:\/\/secure.gravatar.com\/avatar\/82aafea7d8127119dd649515f56e2117?s=96&d=mm&r=g\",\"contentUrl\":\"https:\/\/secure.gravatar.com\/avatar\/82aafea7d8127119dd649515f56e2117?s=96&d=mm&r=g\",\"caption\":\"rtnews\"},\"url\":\"https:\/\/now-news.de\/de\/author\/rnews\/\"}]}<\/script>\n<!-- \/ Yoast SEO Premium plugin. -->","yoast_head_json":{"title":"NRW-Innenminister beklagt deutliche Zunahme der Ausl\u00e4nderkriminalit\u00e4t - just-now.NEWS Deutschland","robots":{"index":"index","follow":"follow","max-snippet":"max-snippet:-1","max-image-preview":"max-image-preview:large","max-video-preview":"max-video-preview:-1"},"canonical":"https:\/\/now-news.de\/de\/deutschland\/nrw-innenminister-beklagt-deutliche-zunahme-der-auslaenderkriminalitaet\/","og_locale":"de_DE","og_type":"article","og_title":"NRW-Innenminister beklagt deutliche Zunahme der Ausl\u00e4nderkriminalit\u00e4t","og_description":"Herbert Reul, Innenminister von Nordrhein-Westfalen, hat alarmierende Zahlen zum Thema Ausl\u00e4nderkriminalit\u00e4t vorgelegt. Mehr als jeder dritte Tatverd\u00e4chtige hat demnach keinen deutschen Pass. Man m\u00fcsse \u00fcber das Thema sprechen, so der Minister, der seit fast sieben Jahren im Amt ist. Herbert Reul, Innenminister von Nordrhein-Westfalen, hat erkl\u00e4rt, es gebe ein wachsendes Problem mit der Ausl\u00e4nderkriminalit\u00e4t in [&hellip;]","og_url":"https:\/\/now-news.de\/de\/deutschland\/nrw-innenminister-beklagt-deutliche-zunahme-der-auslaenderkriminalitaet\/","og_site_name":"just-now.NEWS Deutschland","article_publisher":"https:\/\/www.facebook.com\/wirmachenauf","article_published_time":"2024-03-20T08:57:05+00:00","og_image":[{"width":460,"height":259,"url":"https:\/\/now-news.de\/de\/wp-content\/uploads\/sites\/3\/2024\/03\/NRW-Innenminister-beklagt-deutliche-Zunahme-der-Auslaenderkriminalitaet.jpg","type":"image\/jpeg"}],"author":"rtnews","twitter_card":"summary_large_image","twitter_creator":"@WirMachenAuf_de","twitter_site":"@WirMachenAuf_de","twitter_misc":{"Verfasst von":"rtnews","Gesch\u00e4tzte Lesezeit":"3\u00a0Minuten"},"schema":{"@context":"https:\/\/schema.org","@graph":[{"@type":"Article","@id":"https:\/\/now-news.de\/de\/deutschland\/nrw-innenminister-beklagt-deutliche-zunahme-der-auslaenderkriminalitaet\/#article","isPartOf":{"@id":"https:\/\/now-news.de\/de\/deutschland\/nrw-innenminister-beklagt-deutliche-zunahme-der-auslaenderkriminalitaet\/"},"author":{"name":"rtnews","@id":"https:\/\/now-news.de\/de\/#\/schema\/person\/fb534a4e865501d8b3285208df34a9b5"},"headline":"NRW-Innenminister beklagt deutliche Zunahme der Ausl\u00e4nderkriminalit\u00e4t","datePublished":"2024-03-20T08:57:05+00:00","dateModified":"2024-03-20T08:57:05+00:00","mainEntityOfPage":{"@id":"https:\/\/now-news.de\/de\/deutschland\/nrw-innenminister-beklagt-deutliche-zunahme-der-auslaenderkriminalitaet\/"},"wordCount":546,"commentCount":0,"publisher":{"@id":"https:\/\/now-news.de\/de\/#organization"},"image":{"@id":"https:\/\/now-news.de\/de\/deutschland\/nrw-innenminister-beklagt-deutliche-zunahme-der-auslaenderkriminalitaet\/#primaryimage"},"thumbnailUrl":"https:\/\/now-news.de\/de\/wp-content\/uploads\/sites\/3\/2024\/03\/NRW-Innenminister-beklagt-deutliche-Zunahme-der-Auslaenderkriminalitaet.jpg","keywords":["Ausl\u00e4nderkriminalit\u00e4t","beklagt","der","Deutliche","NRWInnenminister","Zunahme"],"articleSection":["Deutschland","Russland"],"inLanguage":"de","potentialAction":[{"@type":"CommentAction","name":"Comment","target":["https:\/\/now-news.de\/de\/deutschland\/nrw-innenminister-beklagt-deutliche-zunahme-der-auslaenderkriminalitaet\/#respond"]}]},{"@type":"WebPage","@id":"https:\/\/now-news.de\/de\/deutschland\/nrw-innenminister-beklagt-deutliche-zunahme-der-auslaenderkriminalitaet\/","url":"https:\/\/now-news.de\/de\/deutschland\/nrw-innenminister-beklagt-deutliche-zunahme-der-auslaenderkriminalitaet\/","name":"NRW-Innenminister beklagt deutliche Zunahme der Ausl\u00e4nderkriminalit\u00e4t - just-now.NEWS Deutschland","isPartOf":{"@id":"https:\/\/now-news.de\/de\/#website"},"primaryImageOfPage":{"@id":"https:\/\/now-news.de\/de\/deutschland\/nrw-innenminister-beklagt-deutliche-zunahme-der-auslaenderkriminalitaet\/#primaryimage"},"image":{"@id":"https:\/\/now-news.de\/de\/deutschland\/nrw-innenminister-beklagt-deutliche-zunahme-der-auslaenderkriminalitaet\/#primaryimage"},"thumbnailUrl":"https:\/\/now-news.de\/de\/wp-content\/uploads\/sites\/3\/2024\/03\/NRW-Innenminister-beklagt-deutliche-Zunahme-der-Auslaenderkriminalitaet.jpg","datePublished":"2024-03-20T08:57:05+00:00","dateModified":"2024-03-20T08:57:05+00:00","breadcrumb":{"@id":"https:\/\/now-news.de\/de\/deutschland\/nrw-innenminister-beklagt-deutliche-zunahme-der-auslaenderkriminalitaet\/#breadcrumb"},"inLanguage":"de","potentialAction":[{"@type":"ReadAction","target":["https:\/\/now-news.de\/de\/deutschland\/nrw-innenminister-beklagt-deutliche-zunahme-der-auslaenderkriminalitaet\/"]}]},{"@type":"ImageObject","inLanguage":"de","@id":"https:\/\/now-news.de\/de\/deutschland\/nrw-innenminister-beklagt-deutliche-zunahme-der-auslaenderkriminalitaet\/#primaryimage","url":"https:\/\/now-news.de\/de\/wp-content\/uploads\/sites\/3\/2024\/03\/NRW-Innenminister-beklagt-deutliche-Zunahme-der-Auslaenderkriminalitaet.jpg","contentUrl":"https:\/\/now-news.de\/de\/wp-content\/uploads\/sites\/3\/2024\/03\/NRW-Innenminister-beklagt-deutliche-Zunahme-der-Auslaenderkriminalitaet.jpg","width":460,"height":259,"caption":"NRW-Innenminister beklagt deutliche Zunahme der Ausl\u00e4nderkriminalit\u00e4t"},{"@type":"BreadcrumbList","@id":"https:\/\/now-news.de\/de\/deutschland\/nrw-innenminister-beklagt-deutliche-zunahme-der-auslaenderkriminalitaet\/#breadcrumb","itemListElement":[{"@type":"ListItem","position":1,"name":"Home","item":"https:\/\/now-news.de\/de\/"},{"@type":"ListItem","position":2,"name":"NRW-Innenminister beklagt deutliche Zunahme der Ausl\u00e4nderkriminalit\u00e4t"}]},{"@type":"WebSite","@id":"https:\/\/now-news.de\/de\/#website","url":"https:\/\/now-news.de\/de\/","name":"just-now.NEWS Deutschland","description":"Das Portal f\u00fcr unzensierte Nachrichten aus der Welt","publisher":{"@id":"https:\/\/now-news.de\/de\/#organization"},"potentialAction":[{"@type":"SearchAction","target":{"@type":"EntryPoint","urlTemplate":"https:\/\/now-news.de\/de\/?s={search_term_string}"},"query-input":"required name=search_term_string"}],"inLanguage":"de"},{"@type":"Organization","@id":"https:\/\/now-news.de\/de\/#organization","name":"Just Now News","url":"https:\/\/now-news.de\/de\/","logo":{"@type":"ImageObject","inLanguage":"de","@id":"https:\/\/now-news.de\/de\/#\/schema\/logo\/image\/","url":"http:\/\/just-now.news\/de\/wp-content\/uploads\/sites\/3\/2022\/04\/logo500x500.jpg","contentUrl":"http:\/\/just-now.news\/de\/wp-content\/uploads\/sites\/3\/2022\/04\/logo500x500.jpg","width":500,"height":500,"caption":"Just Now News"},"image":{"@id":"https:\/\/now-news.de\/de\/#\/schema\/logo\/image\/"},"sameAs":["https:\/\/www.facebook.com\/wirmachenauf","https:\/\/x.com\/WirMachenAuf_de"]},{"@type":"Person","@id":"https:\/\/now-news.de\/de\/#\/schema\/person\/fb534a4e865501d8b3285208df34a9b5","name":"rtnews","image":{"@type":"ImageObject","inLanguage":"de","@id":"https:\/\/now-news.de\/de\/#\/schema\/person\/image\/","url":"https:\/\/secure.gravatar.com\/avatar\/82aafea7d8127119dd649515f56e2117?s=96&d=mm&r=g","contentUrl":"https:\/\/secure.gravatar.com\/avatar\/82aafea7d8127119dd649515f56e2117?s=96&d=mm&r=g","caption":"rtnews"},"url":"https:\/\/now-news.de\/de\/author\/rnews\/"}]}},"_links":{"self":[{"href":"https:\/\/now-news.de\/de\/wp-json\/wp\/v2\/posts\/57427"}],"collection":[{"href":"https:\/\/now-news.de\/de\/wp-json\/wp\/v2\/posts"}],"about":[{"href":"https:\/\/now-news.de\/de\/wp-json\/wp\/v2\/types\/post"}],"author":[{"embeddable":true,"href":"https:\/\/now-news.de\/de\/wp-json\/wp\/v2\/users\/3"}],"replies":[{"embeddable":true,"href":"https:\/\/now-news.de\/de\/wp-json\/wp\/v2\/comments?post=57427"}],"version-history":[{"count":0,"href":"https:\/\/now-news.de\/de\/wp-json\/wp\/v2\/posts\/57427\/revisions"}],"wp:featuredmedia":[{"embeddable":true,"href":"https:\/\/now-news.de\/de\/wp-json\/wp\/v2\/media\/57428"}],"wp:attachment":[{"href":"https:\/\/now-news.de\/de\/wp-json\/wp\/v2\/media?parent=57427"}],"wp:term":[{"taxonomy":"category","embeddable":true,"href":"https:\/\/now-news.de\/de\/wp-json\/wp\/v2\/categories?post=57427"},{"taxonomy":"post_tag","embeddable":true,"href":"https:\/\/now-news.de\/de\/wp-json\/wp\/v2\/tags?post=57427"}],"curies":[{"name":"wp","href":"https:\/\/api.w.org\/{rel}","templated":true}]}}