{"id":57421,"date":"2024-03-20T08:45:00","date_gmt":"2024-03-20T06:45:00","guid":{"rendered":"https:\/\/just-now.news\/de\/deutschland\/eu-ratspraesident-michel-uebt-sich-in-kriegsgeschrei\/"},"modified":"2024-03-20T08:45:00","modified_gmt":"2024-03-20T06:45:00","slug":"eu-ratspraesident-michel-uebt-sich-in-kriegsgeschrei","status":"publish","type":"post","link":"https:\/\/now-news.de\/de\/deutschland\/eu-ratspraesident-michel-uebt-sich-in-kriegsgeschrei\/","title":{"rendered":"EU-Ratspr\u00e4sident Michel \u00fcbt sich in Kriegsgeschrei"},"content":{"rendered":"<p><img decoding=\"async\" src=\"http:\/\/just-now.news\/de\/wp-content\/uploads\/sites\/3\/2024\/03\/65f9a6b848fbef7d835b2652.jpg\" \/><\/p>\n<div class=\"Text-root Text-type_1 \">\n                Wenn die Ukraine Russland nicht stoppt, \u00fcberf\u00e4llt Russland die EU, behauptet jetzt auch EU-Ratspr\u00e4sident Charles Michel. Er fordert daher die Umstellung auf Kriegswirtschaft und die Militarisierung der EU. Einen Beitrag zur L\u00f6sung des Ukraine-Konflikts leistet die EU weiterhin nicht.\n            <\/div>\n<p><\/p>\n<div class=\"Text-root Text-type_5 ArticleView-text ViewText-root \">\n<p>EU-Ratspr\u00e4sident Charles Michel stimmt die B\u00fcrger der EU auf Krieg ein. Der Blog\u00a0<em>Lost in Europe<\/em>\u00a0<a rel=\"nofollow noopener\" target=\"_blank\" href=\"https:\/\/lostineu.eu\/michel-aendert-das-narrativ-im-kriegsmodus-in-die-europawahl\/\">schreibt<\/a>, Michel h\u00e4tte das Narrativ ge\u00e4ndert. Wer Frieden will, m\u00fcsse sich auf Krieg vorbereiten, sagte er. Dazu m\u00fcsse die EU ihre Kapazit\u00e4ten zur Verteidigung ausbauen. Michel fordert die Umstellung auf Kriegswirtschaft. Zudem behauptet er, dass die EU das n\u00e4chste Ziel russischer Angriffe w\u00e4re, sollte die Ukraine mit\u00a0Waffenlieferungen der EU Russland nicht aufhalten k\u00f6nnen.<\/p>\n<p>Eine gro\u00dfe Zahl westlicher Staatschefs und Au\u00dfenpolitiker haben dieses Narrativ inzwischen \u00fcbernommen. Russland weist allerdings zur\u00fcck, Angriffsabsichten zu hegen.\u00a0Auf diesen Widerspruch weist auch\u00a0<em>Lost in Europe<\/em>\u00a0hin.\u00a0<\/p>\n<blockquote>\n<p><em>&#8220;Ein krasser Fehlschluss ist, dass &#8216;wir die N\u00e4chsten&#8217; sind, die Russland angreift. Das k\u00f6nnte nur gelten, wenn Russland entsprechende Pl\u00e4ne h\u00e4tte, und die NATO nicht mehr abschrecken w\u00fcrde. Beides ist, soweit bekannt, nicht der Fall.&#8221;<\/em><\/p>\n<\/blockquote>\n<p>Alle EU-Parteifamilien w\u00fcrden dem kriegerischen Narrativ folgen, merkt der Verfasser des Beitrags an.\u00a0<\/p>\n<p>Die EU setzt ausschlie\u00dflich auf Waffenlieferungen und die finanzielle Unterst\u00fctzung der Ukraine. Eine diplomatische Initiative zur Beilegung des Konflikts gibt es von der EU bisher nicht.<\/p>\n<p>Der Ukraine-Konflikt hat seine Ursache im Wunsch, die Ukraine in die NATO aufzunehmen. Dadurch sieht Russland seine Sicherheitsinteressen bedroht. Das Vorhaben verst\u00f6\u00dft gegen das Prinzip der kollektiven Sicherheit, wie es v\u00f6lkerrechtlich verankert ist. Wird das Vorhaben aufgegeben, ist der Schl\u00fcssel zur L\u00f6sung des Konflikts gefunden. Dazu aber sind die L\u00e4nder der NATO und der EU nicht bereit.<\/p>\n<p><strong>Mehr zum Thema<\/strong>\u00a0\u2013\u00a0<a rel=\"nofollow noopener\" target=\"_blank\" href=\"https:\/\/freedert.online\/europa\/199706-washington-post-ukraine-gehen-bald\/\">Washington Post: Ukraine gehen bald die Luftabwehrraketen aus<\/a><\/p>\n<\/div>\n<p><br \/>\n<br \/><a href=\"https:\/\/de.rt.com\/europa\/199955-eu-ratspraesident-michel-uebt-sich\/\">Source link <\/a><\/p>\n","protected":false},"excerpt":{"rendered":"<p>Wenn die Ukraine Russland nicht stoppt, \u00fcberf\u00e4llt Russland die EU, behauptet jetzt auch EU-Ratspr\u00e4sident Charles Michel. Er fordert daher die Umstellung auf Kriegswirtschaft und die Militarisierung der EU. Einen Beitrag zur L\u00f6sung des Ukraine-Konflikts leistet die EU weiterhin nicht. EU-Ratspr\u00e4sident Charles Michel stimmt die B\u00fcrger der EU auf Krieg ein. Der Blog\u00a0Lost in Europe\u00a0schreibt, Michel [&hellip;]<\/p>\n","protected":false},"author":3,"featured_media":57422,"comment_status":"open","ping_status":"open","sticky":false,"template":"","format":"standard","meta":{"_yoast_indexnow_last_ping":["1710917753"],"wp_automatic_camp":["217"],"708974ec1ca27a46e52006d3031d025e":["EU-Ratspr\u00e4sident Michel \u00fcbt sich in Kriegsgeschrei"],"original_link":["https:\/\/de.rt.com\/europa\/199955-eu-ratspraesident-michel-uebt-sich\/"],"_thumbnail_id":["57422"],"_wptgpro_p2tg_sent2tg":["a:1:{i:23737;s:19:\"2024-03-20 08:57:00\";}"],"jnews_social_counter_last_update":["1777401538"]},"categories":[19,23],"tags":[32800,39143,12823,434,25668],"yoast_head":"<!-- This site is optimized with the Yoast SEO Premium plugin v22.7 (Yoast SEO v22.7) - https:\/\/yoast.com\/wordpress\/plugins\/seo\/ -->\n<title>EU-Ratspr\u00e4sident Michel \u00fcbt sich in Kriegsgeschrei - just-now.NEWS Deutschland<\/title>\n<meta name=\"robots\" content=\"index, follow, max-snippet:-1, max-image-preview:large, max-video-preview:-1\" \/>\n<link rel=\"canonical\" href=\"https:\/\/now-news.de\/de\/deutschland\/eu-ratspraesident-michel-uebt-sich-in-kriegsgeschrei\/\" \/>\n<meta property=\"og:locale\" content=\"de_DE\" \/>\n<meta property=\"og:type\" content=\"article\" \/>\n<meta property=\"og:title\" content=\"EU-Ratspr\u00e4sident Michel \u00fcbt sich in Kriegsgeschrei\" \/>\n<meta property=\"og:description\" content=\"Wenn die Ukraine Russland nicht stoppt, \u00fcberf\u00e4llt Russland die EU, behauptet jetzt auch EU-Ratspr\u00e4sident Charles Michel. Er fordert daher die Umstellung auf Kriegswirtschaft und die Militarisierung der EU. Einen Beitrag zur L\u00f6sung des Ukraine-Konflikts leistet die EU weiterhin nicht. EU-Ratspr\u00e4sident Charles Michel stimmt die B\u00fcrger der EU auf Krieg ein. Der Blog\u00a0Lost in Europe\u00a0schreibt, Michel [&hellip;]\" \/>\n<meta property=\"og:url\" content=\"https:\/\/now-news.de\/de\/deutschland\/eu-ratspraesident-michel-uebt-sich-in-kriegsgeschrei\/\" \/>\n<meta property=\"og:site_name\" content=\"just-now.NEWS Deutschland\" \/>\n<meta property=\"article:publisher\" content=\"https:\/\/www.facebook.com\/wirmachenauf\" \/>\n<meta property=\"article:published_time\" content=\"2024-03-20T06:45:00+00:00\" \/>\n<meta property=\"og:image\" content=\"https:\/\/now-news.de\/de\/wp-content\/uploads\/sites\/3\/2024\/03\/EU-Ratspraesident-Michel-uebt-sich-in-Kriegsgeschrei.jpg\" \/>\n\t<meta property=\"og:image:width\" content=\"460\" \/>\n\t<meta property=\"og:image:height\" content=\"259\" \/>\n\t<meta property=\"og:image:type\" content=\"image\/jpeg\" \/>\n<meta name=\"author\" content=\"rtnews\" \/>\n<meta name=\"twitter:card\" content=\"summary_large_image\" \/>\n<meta name=\"twitter:creator\" content=\"@WirMachenAuf_de\" \/>\n<meta name=\"twitter:site\" content=\"@WirMachenAuf_de\" \/>\n<meta name=\"twitter:label1\" content=\"Verfasst von\" \/>\n\t<meta name=\"twitter:data1\" content=\"rtnews\" \/>\n\t<meta name=\"twitter:label2\" content=\"Gesch\u00e4tzte Lesezeit\" \/>\n\t<meta name=\"twitter:data2\" content=\"2\u00a0Minuten\" \/>\n<script type=\"application\/ld+json\" class=\"yoast-schema-graph\">{\"@context\":\"https:\/\/schema.org\",\"@graph\":[{\"@type\":\"Article\",\"@id\":\"https:\/\/now-news.de\/de\/deutschland\/eu-ratspraesident-michel-uebt-sich-in-kriegsgeschrei\/#article\",\"isPartOf\":{\"@id\":\"https:\/\/now-news.de\/de\/deutschland\/eu-ratspraesident-michel-uebt-sich-in-kriegsgeschrei\/\"},\"author\":{\"name\":\"rtnews\",\"@id\":\"https:\/\/now-news.de\/de\/#\/schema\/person\/fb534a4e865501d8b3285208df34a9b5\"},\"headline\":\"EU-Ratspr\u00e4sident Michel \u00fcbt sich in Kriegsgeschrei\",\"datePublished\":\"2024-03-20T06:45:00+00:00\",\"dateModified\":\"2024-03-20T06:45:00+00:00\",\"mainEntityOfPage\":{\"@id\":\"https:\/\/now-news.de\/de\/deutschland\/eu-ratspraesident-michel-uebt-sich-in-kriegsgeschrei\/\"},\"wordCount\":318,\"commentCount\":0,\"publisher\":{\"@id\":\"https:\/\/now-news.de\/de\/#organization\"},\"image\":{\"@id\":\"https:\/\/now-news.de\/de\/deutschland\/eu-ratspraesident-michel-uebt-sich-in-kriegsgeschrei\/#primaryimage\"},\"thumbnailUrl\":\"https:\/\/now-news.de\/de\/wp-content\/uploads\/sites\/3\/2024\/03\/EU-Ratspraesident-Michel-uebt-sich-in-Kriegsgeschrei.jpg\",\"keywords\":[\"EURatspr\u00e4sident\",\"Kriegsgeschrei\",\"michel\",\"sich\",\"\u00fcbt\"],\"articleSection\":[\"Deutschland\",\"Russland\"],\"inLanguage\":\"de\",\"potentialAction\":[{\"@type\":\"CommentAction\",\"name\":\"Comment\",\"target\":[\"https:\/\/now-news.de\/de\/deutschland\/eu-ratspraesident-michel-uebt-sich-in-kriegsgeschrei\/#respond\"]}]},{\"@type\":\"WebPage\",\"@id\":\"https:\/\/now-news.de\/de\/deutschland\/eu-ratspraesident-michel-uebt-sich-in-kriegsgeschrei\/\",\"url\":\"https:\/\/now-news.de\/de\/deutschland\/eu-ratspraesident-michel-uebt-sich-in-kriegsgeschrei\/\",\"name\":\"EU-Ratspr\u00e4sident Michel \u00fcbt sich in Kriegsgeschrei - just-now.NEWS Deutschland\",\"isPartOf\":{\"@id\":\"https:\/\/now-news.de\/de\/#website\"},\"primaryImageOfPage\":{\"@id\":\"https:\/\/now-news.de\/de\/deutschland\/eu-ratspraesident-michel-uebt-sich-in-kriegsgeschrei\/#primaryimage\"},\"image\":{\"@id\":\"https:\/\/now-news.de\/de\/deutschland\/eu-ratspraesident-michel-uebt-sich-in-kriegsgeschrei\/#primaryimage\"},\"thumbnailUrl\":\"https:\/\/now-news.de\/de\/wp-content\/uploads\/sites\/3\/2024\/03\/EU-Ratspraesident-Michel-uebt-sich-in-Kriegsgeschrei.jpg\",\"datePublished\":\"2024-03-20T06:45:00+00:00\",\"dateModified\":\"2024-03-20T06:45:00+00:00\",\"breadcrumb\":{\"@id\":\"https:\/\/now-news.de\/de\/deutschland\/eu-ratspraesident-michel-uebt-sich-in-kriegsgeschrei\/#breadcrumb\"},\"inLanguage\":\"de\",\"potentialAction\":[{\"@type\":\"ReadAction\",\"target\":[\"https:\/\/now-news.de\/de\/deutschland\/eu-ratspraesident-michel-uebt-sich-in-kriegsgeschrei\/\"]}]},{\"@type\":\"ImageObject\",\"inLanguage\":\"de\",\"@id\":\"https:\/\/now-news.de\/de\/deutschland\/eu-ratspraesident-michel-uebt-sich-in-kriegsgeschrei\/#primaryimage\",\"url\":\"https:\/\/now-news.de\/de\/wp-content\/uploads\/sites\/3\/2024\/03\/EU-Ratspraesident-Michel-uebt-sich-in-Kriegsgeschrei.jpg\",\"contentUrl\":\"https:\/\/now-news.de\/de\/wp-content\/uploads\/sites\/3\/2024\/03\/EU-Ratspraesident-Michel-uebt-sich-in-Kriegsgeschrei.jpg\",\"width\":460,\"height\":259,\"caption\":\"EU-Ratspr\u00e4sident Michel \u00fcbt sich in Kriegsgeschrei\"},{\"@type\":\"BreadcrumbList\",\"@id\":\"https:\/\/now-news.de\/de\/deutschland\/eu-ratspraesident-michel-uebt-sich-in-kriegsgeschrei\/#breadcrumb\",\"itemListElement\":[{\"@type\":\"ListItem\",\"position\":1,\"name\":\"Home\",\"item\":\"https:\/\/now-news.de\/de\/\"},{\"@type\":\"ListItem\",\"position\":2,\"name\":\"EU-Ratspr\u00e4sident Michel \u00fcbt sich in Kriegsgeschrei\"}]},{\"@type\":\"WebSite\",\"@id\":\"https:\/\/now-news.de\/de\/#website\",\"url\":\"https:\/\/now-news.de\/de\/\",\"name\":\"just-now.NEWS Deutschland\",\"description\":\"Das Portal f\u00fcr unzensierte Nachrichten aus der Welt\",\"publisher\":{\"@id\":\"https:\/\/now-news.de\/de\/#organization\"},\"potentialAction\":[{\"@type\":\"SearchAction\",\"target\":{\"@type\":\"EntryPoint\",\"urlTemplate\":\"https:\/\/now-news.de\/de\/?s={search_term_string}\"},\"query-input\":\"required name=search_term_string\"}],\"inLanguage\":\"de\"},{\"@type\":\"Organization\",\"@id\":\"https:\/\/now-news.de\/de\/#organization\",\"name\":\"Just Now News\",\"url\":\"https:\/\/now-news.de\/de\/\",\"logo\":{\"@type\":\"ImageObject\",\"inLanguage\":\"de\",\"@id\":\"https:\/\/now-news.de\/de\/#\/schema\/logo\/image\/\",\"url\":\"http:\/\/just-now.news\/de\/wp-content\/uploads\/sites\/3\/2022\/04\/logo500x500.jpg\",\"contentUrl\":\"http:\/\/just-now.news\/de\/wp-content\/uploads\/sites\/3\/2022\/04\/logo500x500.jpg\",\"width\":500,\"height\":500,\"caption\":\"Just Now News\"},\"image\":{\"@id\":\"https:\/\/now-news.de\/de\/#\/schema\/logo\/image\/\"},\"sameAs\":[\"https:\/\/www.facebook.com\/wirmachenauf\",\"https:\/\/x.com\/WirMachenAuf_de\"]},{\"@type\":\"Person\",\"@id\":\"https:\/\/now-news.de\/de\/#\/schema\/person\/fb534a4e865501d8b3285208df34a9b5\",\"name\":\"rtnews\",\"image\":{\"@type\":\"ImageObject\",\"inLanguage\":\"de\",\"@id\":\"https:\/\/now-news.de\/de\/#\/schema\/person\/image\/\",\"url\":\"https:\/\/secure.gravatar.com\/avatar\/82aafea7d8127119dd649515f56e2117?s=96&d=mm&r=g\",\"contentUrl\":\"https:\/\/secure.gravatar.com\/avatar\/82aafea7d8127119dd649515f56e2117?s=96&d=mm&r=g\",\"caption\":\"rtnews\"},\"url\":\"https:\/\/now-news.de\/de\/author\/rnews\/\"}]}<\/script>\n<!-- \/ Yoast SEO Premium plugin. -->","yoast_head_json":{"title":"EU-Ratspr\u00e4sident Michel \u00fcbt sich in Kriegsgeschrei - just-now.NEWS Deutschland","robots":{"index":"index","follow":"follow","max-snippet":"max-snippet:-1","max-image-preview":"max-image-preview:large","max-video-preview":"max-video-preview:-1"},"canonical":"https:\/\/now-news.de\/de\/deutschland\/eu-ratspraesident-michel-uebt-sich-in-kriegsgeschrei\/","og_locale":"de_DE","og_type":"article","og_title":"EU-Ratspr\u00e4sident Michel \u00fcbt sich in Kriegsgeschrei","og_description":"Wenn die Ukraine Russland nicht stoppt, \u00fcberf\u00e4llt Russland die EU, behauptet jetzt auch EU-Ratspr\u00e4sident Charles Michel. Er fordert daher die Umstellung auf Kriegswirtschaft und die Militarisierung der EU. Einen Beitrag zur L\u00f6sung des Ukraine-Konflikts leistet die EU weiterhin nicht. EU-Ratspr\u00e4sident Charles Michel stimmt die B\u00fcrger der EU auf Krieg ein. Der Blog\u00a0Lost in Europe\u00a0schreibt, Michel [&hellip;]","og_url":"https:\/\/now-news.de\/de\/deutschland\/eu-ratspraesident-michel-uebt-sich-in-kriegsgeschrei\/","og_site_name":"just-now.NEWS Deutschland","article_publisher":"https:\/\/www.facebook.com\/wirmachenauf","article_published_time":"2024-03-20T06:45:00+00:00","og_image":[{"width":460,"height":259,"url":"https:\/\/now-news.de\/de\/wp-content\/uploads\/sites\/3\/2024\/03\/EU-Ratspraesident-Michel-uebt-sich-in-Kriegsgeschrei.jpg","type":"image\/jpeg"}],"author":"rtnews","twitter_card":"summary_large_image","twitter_creator":"@WirMachenAuf_de","twitter_site":"@WirMachenAuf_de","twitter_misc":{"Verfasst von":"rtnews","Gesch\u00e4tzte Lesezeit":"2\u00a0Minuten"},"schema":{"@context":"https:\/\/schema.org","@graph":[{"@type":"Article","@id":"https:\/\/now-news.de\/de\/deutschland\/eu-ratspraesident-michel-uebt-sich-in-kriegsgeschrei\/#article","isPartOf":{"@id":"https:\/\/now-news.de\/de\/deutschland\/eu-ratspraesident-michel-uebt-sich-in-kriegsgeschrei\/"},"author":{"name":"rtnews","@id":"https:\/\/now-news.de\/de\/#\/schema\/person\/fb534a4e865501d8b3285208df34a9b5"},"headline":"EU-Ratspr\u00e4sident Michel \u00fcbt sich in Kriegsgeschrei","datePublished":"2024-03-20T06:45:00+00:00","dateModified":"2024-03-20T06:45:00+00:00","mainEntityOfPage":{"@id":"https:\/\/now-news.de\/de\/deutschland\/eu-ratspraesident-michel-uebt-sich-in-kriegsgeschrei\/"},"wordCount":318,"commentCount":0,"publisher":{"@id":"https:\/\/now-news.de\/de\/#organization"},"image":{"@id":"https:\/\/now-news.de\/de\/deutschland\/eu-ratspraesident-michel-uebt-sich-in-kriegsgeschrei\/#primaryimage"},"thumbnailUrl":"https:\/\/now-news.de\/de\/wp-content\/uploads\/sites\/3\/2024\/03\/EU-Ratspraesident-Michel-uebt-sich-in-Kriegsgeschrei.jpg","keywords":["EURatspr\u00e4sident","Kriegsgeschrei","michel","sich","\u00fcbt"],"articleSection":["Deutschland","Russland"],"inLanguage":"de","potentialAction":[{"@type":"CommentAction","name":"Comment","target":["https:\/\/now-news.de\/de\/deutschland\/eu-ratspraesident-michel-uebt-sich-in-kriegsgeschrei\/#respond"]}]},{"@type":"WebPage","@id":"https:\/\/now-news.de\/de\/deutschland\/eu-ratspraesident-michel-uebt-sich-in-kriegsgeschrei\/","url":"https:\/\/now-news.de\/de\/deutschland\/eu-ratspraesident-michel-uebt-sich-in-kriegsgeschrei\/","name":"EU-Ratspr\u00e4sident Michel \u00fcbt sich in Kriegsgeschrei - just-now.NEWS Deutschland","isPartOf":{"@id":"https:\/\/now-news.de\/de\/#website"},"primaryImageOfPage":{"@id":"https:\/\/now-news.de\/de\/deutschland\/eu-ratspraesident-michel-uebt-sich-in-kriegsgeschrei\/#primaryimage"},"image":{"@id":"https:\/\/now-news.de\/de\/deutschland\/eu-ratspraesident-michel-uebt-sich-in-kriegsgeschrei\/#primaryimage"},"thumbnailUrl":"https:\/\/now-news.de\/de\/wp-content\/uploads\/sites\/3\/2024\/03\/EU-Ratspraesident-Michel-uebt-sich-in-Kriegsgeschrei.jpg","datePublished":"2024-03-20T06:45:00+00:00","dateModified":"2024-03-20T06:45:00+00:00","breadcrumb":{"@id":"https:\/\/now-news.de\/de\/deutschland\/eu-ratspraesident-michel-uebt-sich-in-kriegsgeschrei\/#breadcrumb"},"inLanguage":"de","potentialAction":[{"@type":"ReadAction","target":["https:\/\/now-news.de\/de\/deutschland\/eu-ratspraesident-michel-uebt-sich-in-kriegsgeschrei\/"]}]},{"@type":"ImageObject","inLanguage":"de","@id":"https:\/\/now-news.de\/de\/deutschland\/eu-ratspraesident-michel-uebt-sich-in-kriegsgeschrei\/#primaryimage","url":"https:\/\/now-news.de\/de\/wp-content\/uploads\/sites\/3\/2024\/03\/EU-Ratspraesident-Michel-uebt-sich-in-Kriegsgeschrei.jpg","contentUrl":"https:\/\/now-news.de\/de\/wp-content\/uploads\/sites\/3\/2024\/03\/EU-Ratspraesident-Michel-uebt-sich-in-Kriegsgeschrei.jpg","width":460,"height":259,"caption":"EU-Ratspr\u00e4sident Michel \u00fcbt sich in Kriegsgeschrei"},{"@type":"BreadcrumbList","@id":"https:\/\/now-news.de\/de\/deutschland\/eu-ratspraesident-michel-uebt-sich-in-kriegsgeschrei\/#breadcrumb","itemListElement":[{"@type":"ListItem","position":1,"name":"Home","item":"https:\/\/now-news.de\/de\/"},{"@type":"ListItem","position":2,"name":"EU-Ratspr\u00e4sident Michel \u00fcbt sich in Kriegsgeschrei"}]},{"@type":"WebSite","@id":"https:\/\/now-news.de\/de\/#website","url":"https:\/\/now-news.de\/de\/","name":"just-now.NEWS Deutschland","description":"Das Portal f\u00fcr unzensierte Nachrichten aus der Welt","publisher":{"@id":"https:\/\/now-news.de\/de\/#organization"},"potentialAction":[{"@type":"SearchAction","target":{"@type":"EntryPoint","urlTemplate":"https:\/\/now-news.de\/de\/?s={search_term_string}"},"query-input":"required name=search_term_string"}],"inLanguage":"de"},{"@type":"Organization","@id":"https:\/\/now-news.de\/de\/#organization","name":"Just Now News","url":"https:\/\/now-news.de\/de\/","logo":{"@type":"ImageObject","inLanguage":"de","@id":"https:\/\/now-news.de\/de\/#\/schema\/logo\/image\/","url":"http:\/\/just-now.news\/de\/wp-content\/uploads\/sites\/3\/2022\/04\/logo500x500.jpg","contentUrl":"http:\/\/just-now.news\/de\/wp-content\/uploads\/sites\/3\/2022\/04\/logo500x500.jpg","width":500,"height":500,"caption":"Just Now News"},"image":{"@id":"https:\/\/now-news.de\/de\/#\/schema\/logo\/image\/"},"sameAs":["https:\/\/www.facebook.com\/wirmachenauf","https:\/\/x.com\/WirMachenAuf_de"]},{"@type":"Person","@id":"https:\/\/now-news.de\/de\/#\/schema\/person\/fb534a4e865501d8b3285208df34a9b5","name":"rtnews","image":{"@type":"ImageObject","inLanguage":"de","@id":"https:\/\/now-news.de\/de\/#\/schema\/person\/image\/","url":"https:\/\/secure.gravatar.com\/avatar\/82aafea7d8127119dd649515f56e2117?s=96&d=mm&r=g","contentUrl":"https:\/\/secure.gravatar.com\/avatar\/82aafea7d8127119dd649515f56e2117?s=96&d=mm&r=g","caption":"rtnews"},"url":"https:\/\/now-news.de\/de\/author\/rnews\/"}]}},"_links":{"self":[{"href":"https:\/\/now-news.de\/de\/wp-json\/wp\/v2\/posts\/57421"}],"collection":[{"href":"https:\/\/now-news.de\/de\/wp-json\/wp\/v2\/posts"}],"about":[{"href":"https:\/\/now-news.de\/de\/wp-json\/wp\/v2\/types\/post"}],"author":[{"embeddable":true,"href":"https:\/\/now-news.de\/de\/wp-json\/wp\/v2\/users\/3"}],"replies":[{"embeddable":true,"href":"https:\/\/now-news.de\/de\/wp-json\/wp\/v2\/comments?post=57421"}],"version-history":[{"count":0,"href":"https:\/\/now-news.de\/de\/wp-json\/wp\/v2\/posts\/57421\/revisions"}],"wp:featuredmedia":[{"embeddable":true,"href":"https:\/\/now-news.de\/de\/wp-json\/wp\/v2\/media\/57422"}],"wp:attachment":[{"href":"https:\/\/now-news.de\/de\/wp-json\/wp\/v2\/media?parent=57421"}],"wp:term":[{"taxonomy":"category","embeddable":true,"href":"https:\/\/now-news.de\/de\/wp-json\/wp\/v2\/categories?post=57421"},{"taxonomy":"post_tag","embeddable":true,"href":"https:\/\/now-news.de\/de\/wp-json\/wp\/v2\/tags?post=57421"}],"curies":[{"name":"wp","href":"https:\/\/api.w.org\/{rel}","templated":true}]}}