{"id":57399,"date":"2024-03-19T19:22:18","date_gmt":"2024-03-19T17:22:18","guid":{"rendered":"https:\/\/just-now.news\/de\/deutschland\/milliardaer-wuerth-schreibt-angestellten-niemand-muss-hungern-warum-also-afd-waehlen\/"},"modified":"2024-03-19T19:22:18","modified_gmt":"2024-03-19T17:22:18","slug":"milliardaer-wuerth-schreibt-angestellten-niemand-muss-hungern-warum-also-afd-waehlen","status":"publish","type":"post","link":"https:\/\/now-news.de\/de\/deutschland\/milliardaer-wuerth-schreibt-angestellten-niemand-muss-hungern-warum-also-afd-waehlen\/","title":{"rendered":"Milliard\u00e4r W\u00fcrth schreibt Angestellten: &quot;Niemand muss hungern&quot; \u2013 warum also AfD w\u00e4hlen?"},"content":{"rendered":"<p><img decoding=\"async\" src=\"http:\/\/just-now.news\/de\/wp-content\/uploads\/sites\/3\/2024\/03\/65f98d0bb480cc767608f4da.jpg\" \/><\/p>\n<div class=\"Text-root Text-type_1 \">\n                Der Trend zu \u00f6ffentlichen Anti-AfD-Positionierungen ist um ein neues &#8220;prominentes&#8221; Gesicht reicher: Der Schraubenhersteller und Milliard\u00e4r Reinhold W\u00fcrth verschickte ein Schreiben an seine 25.000 Mitarbeiter. In diesem appelliert er an die Angestellten, der AfD bei kommenden Wahlen keine Stimme zu geben.\n            <\/div>\n<p><\/p>\n<div class=\"Text-root Text-type_5 ArticleView-text ViewText-root \">\n<p>Seit dem 10. Januar dieses Jahres hei\u00dft es f\u00fcr viele Menschen in diesem Land vermeintlich, sich &#8220;eindeutig&#8221; positionieren zu m\u00fcssen. Den Startschuss f\u00fcr ein neu entdecktes\u00a0 &#8220;Demokratieverst\u00e4ndnis gegen rechts&#8221; hatte dabei ein widerspr\u00fcchlicher und in Teilen inhaltlich unsauber pr\u00e4sentierter Artikel eines Online-Mediums dargestellt. Es folgen seitdem landesweite Proteste auf der Stra\u00dfe wie auch schriftliche \u00c4u\u00dferungen in den sozialen Medien \u2013 unter dem gemeinsamen Nenner, sich unmissverst\u00e4ndlich\u00a0als Gegner der AfD und mutma\u00dflicher Sympathisanten bemerkbar zu machen. Nun erfolgte die mediale Bekanntmachung eines &#8220;Anti-AfD-Schreibens&#8221; von dem\u00a0Milliard\u00e4r Reinhold W\u00fcrth, gerichtet an seine 25.000 Mitarbeiter.<\/p>\n<p>Laut dem <em>SWR\u00a0<\/em>handelte es sich um ein f\u00fcnfseitiges Schreiben. W\u00fcrth habe sich inhaltlich \u00fcber eine &#8220;au\u00dfergew\u00f6hnlichen Nachricht&#8221;\u00a0gegen die AfD positioniert. Weiter hei\u00dft es zu W\u00fcrths Motivation einleitend in dem <a rel=\"nofollow noopener\" target=\"_blank\" href=\"https:\/\/www.swr.de\/swraktuell\/baden-wuerttemberg\/heilbronn\/reinhold-wuerth-rundschreiben-gegen-die-afd-100.html\">Artikel<\/a>:<\/p>\n<blockquote>\n<p><em>&#8220;Normalerweise \u00e4u\u00dfere sich die W\u00fcrth-Gruppe nicht zu politischen Themen, &#8216;aber in diesem Fall der AfD sehe ich mich in \u00dcbereinstimmung mit Abermillionen deutscher B\u00fcrger&#8217;, schreibt Reinhold W\u00fcrth mit Blick auf die Demonstrationen gegen Rechtsextremismus. Er schlie\u00dfe sich diesem Protest voll an, so der 88-J\u00e4hrige.&#8221;<\/em><\/p>\n<\/blockquote>\n<p>W\u00fcrth folgt damit dem aktuellen Reflex vermeintlich prominenter Stimmen, sich einer k\u00fcnstlich geschaffenen Stimmung im Land und daraus resultierenden gesellschaftlichen Entwicklungen anzuschlie\u00dfen. W\u00f6rtlich soll es demnach in dem Schreiben an die Angestellten hei\u00dfen:<\/p>\n<blockquote>\n<p><em>&#8220;Blo\u00df wegen ein bisschen Spa\u00df an der Freude Rabatz zu machen und aus Unmut \u00fcber die Ampelregierung die AfD zu w\u00e4hlen, ist einfach zu wenig.&#8221;<\/em><\/p>\n<\/blockquote>\n<p>Er sehe ansonsten die Gefahr einer &#8220;Demokratur oder gar einer Diktatur&#8221;, sollte die AfD &#8220;an die Macht kommen&#8221;,\u00a0so der Vorsitzende des Stiftungsaufsichtsrats der W\u00fcrth-Gruppe, des weltgr\u00f6\u00dften Handelsunternehmens f\u00fcr Befestigungstechnik. Das Schreiben wurde laut der zuerst\u00a0<a rel=\"nofollow noopener\" target=\"_blank\" href=\"https:\/\/www.faz.net\/aktuell\/wirtschaft\/aus-unmut-ueber-die-ampelregierung-die-afd-zu-waehlen-ist-zu-wenig-19596109.html\">berichtenden<\/a>\u00a0<em>FAZ<\/em> &#8220;\u00fcber die F\u00fchrungskr\u00e4fte per Mail und per Intranet des Unternehmens vor allem an die W\u00fcrth-Mitarbeiter in Deutschland gerichtet&#8221;.\u00a0<\/p>\n<p>W\u00fcrth belehrt laut dem Papier seine Lohnempf\u00e4nger:<\/p>\n<blockquote>\n<p><em>&#8220;Steigt man aber nicht nur oberfl\u00e4chlich in die Geschichte ein, dann wird jedem klar, dass zwischen dem AfD-Hype und dem Zulauf der NSDAP in den 30er-Jahren des vergangenen Jahrhunderts keinerlei Parallelit\u00e4t besteht.<\/em><\/p>\n<p><em>Heute wird nun in vielen Diskussionen eine Parallelit\u00e4t zu der Weimarer Zeit konstruiert, was absoluter Unsinn ist. Rekapitulieren wir einfach einmal, in welcher Zeit wir leben: Im Gegensatz zur Weimarer Zeit muss in unserer heutigen Bundesrepublik Deutschland kein Mensch hungern oder frieren. Die Sozialeinrichtungen des Bundes und der L\u00e4nder \u00fcbersch\u00fctten geradezu die Bed\u00fcrftigen mit Hilfsangeboten.&#8221;<\/em><\/p>\n<\/blockquote>\n<p>Laut <em>FAZ<\/em>-Zitaten sieht W\u00fcrth die politische Situation, dass es der Normalfall sei \u2013 &#8220;auch wenn die AfD das Gegenteil propagiere&#8221; -, &#8220;dass heute die B\u00fcrger in Deutschland wohl etabliert ein eher freiheitliches Leben leben k\u00f6nnen und einen guten oder mindestens angemessenen Arbeitsplatz haben&#8221;. Und weiter w\u00f6rtlich:<\/p>\n<p>&#8220;Ich wette, dass der durchschnittliche AfD-W\u00e4hler \u00fcber ein eigenes Auto verf\u00fcgt und mindestens einmal im Jahr in den Urlaub f\u00e4hrt.&#8221;<\/p>\n<p>Das Schreiben liegt der <em>FAZ<\/em>-Redaktion vor.\u00a0Der Milliard\u00e4r behauptet des Weiteren zu wissen:<\/p>\n<blockquote>\n<p><em>&#8220;Was will die AfD im Rahmen dieses Systems \u00e4ndern? Wir haben solche Freiheit: Jeder kann sagen, Bundeskanzler Scholz ist ein Dummkopf, und wandert daf\u00fcr nicht f\u00fcr zwei Wochen oder ein halbes Jahr in das Gef\u00e4ngnis. Dagegen steht die Aussage eines AfD-Landtagsabgeordneten, der sagte: Wenn wir morgen in einer Regierungsverantwortung sind, dann m\u00fcssen wir diesen Parteienstaat abschaffen. Das hei\u00dft, man w\u00fcrde mindestens eine Demokratur oder gar eine Diktatur einf\u00fchren \u2013 wollen wir uns das antun?&#8221;<\/em><\/p>\n<\/blockquote>\n<p>W\u00fcrth fragt seine Mitarbeiter, ob &#8220;es uns in diesem Land einfach zu gut geht&#8221;. Es sei f\u00fcr ihn &#8220;eine menschliche Eigenschaft, Erreichtes als selbstverst\u00e4ndlich anzusehen und das Erreichte in seiner positiven Wirkung gar nicht mehr zu sch\u00e4tzen&#8221;, so der Unternehmer. Von der aktuellen Situation im Land schw\u00e4rmt W\u00fcrth:<\/p>\n<p>&#8220;Ist es nicht wunderbar, dass unser Deutschland eine Ampelregierung aushalten kann, die in vielen Teilen wie ein H\u00fchnerhaufen durcheinanderrennt und doch trotzdem das eine oder andere positive Gesetz auf den Weg bringt? (&#8230;) Ich selbst habe einen hohen Respekt vor Herrn Bundeskanzler Scholz, weil er die Taurus-Marschflugk\u00f6rper nicht aus Deutschland herausgibt. Die Demokratie garantiert, dass die n\u00e4chste Regierung mit an Sicherheit grenzender Wahrscheinlichkeit eine CDU\/SPD- oder eine CDU\/Gr\u00fcnen-Koalition abgeben wird und die Ampelregierung wird verfassungsgem\u00e4\u00df ohne Murren abtreten.&#8221;<\/p>\n<p>Abschlie\u00dfend appelliert W\u00fcrth daher an seine Angestellten:<\/p>\n<blockquote>\n<p><em>&#8220;Meine Empfehlung ist, lassen Sie uns im heutigen System unseres so wunderbaren Grundgesetzes mit unseren unterschiedlichen Meinungen, Vorstellungen und Ideen weiter zusammenleben und sch\u00e4tzen wir wieder, was wir haben: eine Familie, einen Arbeitsplatz, ein Auto, eine Wohnung oder ein Haus, Urlaubsziele, absolute Bewegungs- und Reisefreiheit und die politische Vielfalt der demokratischen Parteien.<\/em><\/p>\n<p><em>Ich appelliere an jede B\u00fcrgerin und jeden B\u00fcrger und auch an Sie, liebe Mitarbeiter, \u00fcberlegen Sie, wem Sie bei den verschiedenen Wahlen Ihre Stimme geben.&#8221;<\/em><\/p>\n<\/blockquote>\n<p>W\u00fcrth schlie\u00dft sich damit einem aktuellen Trend auf F\u00fchrungsebenen an. So\u00a0stellte der noch amtierende Bertelsmann-Chef Thomas Rabe in einem aktuellen <em>FAZ<\/em>&#8211;<a rel=\"nofollow noopener\" target=\"_blank\" href=\"https:\/\/www.faz.net\/aktuell\/wirtschaft\/unternehmen\/bertelsmann-chef-thomas-rabe-im-interview-ueber-seinen-abschied-2026-19573142.html\">Interview<\/a> klar: &#8220;Wenn die AfD nicht f\u00fcr Toleranz und Weltoffenheit steht, sondern f\u00fcr das Gegenteil, dann widerspricht das den Werten von Bertelsmann diametral. (\u2026) wenn die AfD aber in Umfragen bei 20 Prozent liegt, dann werden auch einige unserer Mitarbeiter sie unterst\u00fctzen. Diese Mitarbeiter sollten sich pr\u00fcfen, ob sie zu uns und unseren Werten passen. Wenn nicht, w\u00fcrde ich mir jedenfalls \u00fcberlegen, ob Bertelsmann das richtige Unternehmen f\u00fcr mich ist.&#8221;<\/p>\n<p>Leichte Kritik,\u00a0jedoch mehrheitlich Lob, erhielt W\u00fcrth kaum \u00fcberraschend von Karl Lauterbach:<\/p>\n<div class=\"EmbedBlock-root EmbedBlock-twitter\">\n<div class=\"TwitterEmbed\">\n<blockquote class=\"twitter-tweet lazyload\" data-twitter=\"twitter-tweet\">\n<p lang=\"de\" dir=\"ltr\">Die Ampel Kritik ist zwar \u00fcberzogen weil wir trotz Streit viele Probleme l\u00f6sen. Das ist aber nicht wichtig hier, sondern: Reinhold W\u00fcrth ist als ein Unternehmer ein Vorbild, indem er sich f\u00fcr die Demokratie und somit gegen die <a rel=\"nofollow noopener\" target=\"_blank\" href=\"https:\/\/twitter.com\/AfD?ref_src=twsrc%5Etfw\">@Afd<\/a> bei Besch\u00e4ftigten stellt <a rel=\"nofollow noopener\" target=\"_blank\" href=\"https:\/\/t.co\/oMvKNFpX1b\">https:\/\/t.co\/oMvKNFpX1b<\/a><\/p>\n<p>\u2014 Prof. Karl Lauterbach (@Karl_Lauterbach) <a rel=\"nofollow noopener\" target=\"_blank\" href=\"https:\/\/twitter.com\/Karl_Lauterbach\/status\/1770043981881053213?ref_src=twsrc%5Etfw\">March 19, 2024<\/a><\/p><\/blockquote>\n<\/div>\n<\/div>\n<p>Der\u00a0baden-w\u00fcrttembergische Finanzminister Danyal Bayaz (Gr\u00fcne) reagierte im Rahmen eines X-Postings:\u00a0&#8220;<a rel=\"nofollow noopener\" target=\"_blank\" href=\"https:\/\/twitter.com\/DerDanyal\/status\/1769787525709594915\">Danke<\/a> f\u00fcr die klare Haltung!&#8221; Im Jahr 2019 hatte der Milliard\u00e4r W\u00fcrth <a rel=\"nofollow noopener\" target=\"_blank\" href=\"https:\/\/www.welt.de\/wirtschaft\/article194701627\/Wuerth-Machterhalt-war-Merkel-oft-wichtiger-als-politische-Fortschritte.html\">zu Protokoll gegeben<\/a>, dass er bei der EU-Wahl f\u00fcr Gr\u00fcnen gestimmt hatte.<\/p>\n<div class=\"EmbedBlock-root EmbedBlock-twitter\">\n<div class=\"TwitterEmbed\">\n<blockquote class=\"twitter-tweet lazyload\" data-twitter=\"twitter-tweet\">\n<p lang=\"de\" dir=\"ltr\">Die AfD sch\u00e4umt. (\u201eWie in der DDR\u201c, \u201eDer Unternehmer entscheidet, wie gew\u00e4hlt werden soll\u201c) &#8211; Nein. Reinhold W\u00fcrth zeigt Zivilcourage. Er bekennt sich zu unserer Demokatie und benennt ihre Feinde. Gut, dass er seine Mitarbeiter vor der rechtsextremistischen AfD warnt. <a rel=\"nofollow noopener\" target=\"_blank\" href=\"https:\/\/t.co\/JWCcbl1G9s\">pic.twitter.com\/JWCcbl1G9s<\/a><\/p>\n<p>\u2014 Ruprecht Polenz @polenz.bsky\ud83c\uddea\ud83c\uddfa\ud83c\udde9\ud83c\uddea\ud83c\uddee\ud83c\uddf1\ud83c\uddfa\ud83c\udde6\ud83e\ude9d\ud83d\udcef\ud83d\ude07 (@polenz_r) <a rel=\"nofollow noopener\" target=\"_blank\" href=\"https:\/\/twitter.com\/polenz_r\/status\/1770082425059618949?ref_src=twsrc%5Etfw\">March 19, 2024<\/a><\/p><\/blockquote>\n<\/div>\n<\/div>\n<p>Der aktuelle <a rel=\"nofollow noopener\" target=\"_blank\" href=\"https:\/\/www.tagblatt.ch\/ostschweiz\/stgallen\/weltkonzern-der-kulturaffine-industrieriese-am-bodensee-vor-zehn-jahren-hat-der-wuerth-konzern-seinen-standort-in-rorschach-eroeffnet-ld.2448498?reduced=true\">Firmensitz<\/a>\u00a0des Milliard\u00e4rs liegt seit dem Jahr 2013 in Rorschach am Schweizer Bodenseeufer. W\u00fcrth selbst lebt im Kanton St. Gallen.<\/p>\n<p><strong>Mehr zum Thema<\/strong> \u2013 <a rel=\"nofollow noopener\" target=\"_blank\" href=\"https:\/\/freedert.online\/meinung\/199528-potsdam-correctiv-und-unbeantwortete-fragen\/\">Potsdam, Correctiv und unbeantwortete Fragen: Ein Putsch ganz ohne Rollatoren<\/a><\/p>\n<\/div>\n<p><script async src=\"https:\/\/platform.twitter.com\/widgets.js\" charset=\"utf-8\"><\/script><br \/>\n<br \/><br \/>\n<br \/><a href=\"https:\/\/de.rt.com\/inland\/199923-milliardaer-wuerth-schreibt-angestellten-niemand-muss-hungern-warum-afd-waehlen\/\">Source link <\/a><\/p>\n","protected":false},"excerpt":{"rendered":"<p>Der Trend zu \u00f6ffentlichen Anti-AfD-Positionierungen ist um ein neues &#8220;prominentes&#8221; Gesicht reicher: Der Schraubenhersteller und Milliard\u00e4r Reinhold W\u00fcrth verschickte ein Schreiben an seine 25.000 Mitarbeiter. In diesem appelliert er an die Angestellten, der AfD bei kommenden Wahlen keine Stimme zu geben. Seit dem 10. Januar dieses Jahres hei\u00dft es f\u00fcr viele Menschen in diesem Land [&hellip;]<\/p>\n","protected":false},"author":3,"featured_media":57400,"comment_status":"open","ping_status":"open","sticky":false,"template":"","format":"standard","meta":{"_yoast_indexnow_last_ping":["1710870520"],"wp_automatic_camp":["217"],"6c1c16c92a37ac46dfe9bb43f433377e":["Milliard\u00e4r W\u00fcrth schreibt Angestellten: &quot;Niemand muss hungern&quot; \u2013 warum also AfD w\u00e4hlen?"],"original_link":["https:\/\/de.rt.com\/inland\/199923-milliardaer-wuerth-schreibt-angestellten-niemand-muss-hungern-warum-afd-waehlen\/"],"_thumbnail_id":["57400"],"jnews_social_counter_last_update":["1777804340"],"_wptgpro_p2tg_sent2tg":["a:1:{i:23737;s:19:\"2024-03-19 19:49:53\";}"]},"categories":[19,23],"tags":[3815,13864,54563,14181,534,31228,7778,2576,1289,54562],"yoast_head":"<!-- This site is optimized with the Yoast SEO Premium plugin v22.7 (Yoast SEO v22.7) - https:\/\/yoast.com\/wordpress\/plugins\/seo\/ -->\n<title>Milliard\u00e4r W\u00fcrth schreibt Angestellten: &quot;Niemand muss hungern&quot; \u2013 warum also AfD w\u00e4hlen? - just-now.NEWS Deutschland<\/title>\n<meta name=\"robots\" content=\"index, follow, max-snippet:-1, max-image-preview:large, max-video-preview:-1\" \/>\n<link rel=\"canonical\" href=\"https:\/\/now-news.de\/de\/deutschland\/milliardaer-wuerth-schreibt-angestellten-niemand-muss-hungern-warum-also-afd-waehlen\/\" \/>\n<meta property=\"og:locale\" content=\"de_DE\" \/>\n<meta property=\"og:type\" content=\"article\" \/>\n<meta property=\"og:title\" content=\"Milliard\u00e4r W\u00fcrth schreibt Angestellten: &quot;Niemand muss hungern&quot; \u2013 warum also AfD w\u00e4hlen?\" \/>\n<meta property=\"og:description\" content=\"Der Trend zu \u00f6ffentlichen Anti-AfD-Positionierungen ist um ein neues &#8220;prominentes&#8221; Gesicht reicher: Der Schraubenhersteller und Milliard\u00e4r Reinhold W\u00fcrth verschickte ein Schreiben an seine 25.000 Mitarbeiter. In diesem appelliert er an die Angestellten, der AfD bei kommenden Wahlen keine Stimme zu geben. Seit dem 10. Januar dieses Jahres hei\u00dft es f\u00fcr viele Menschen in diesem Land [&hellip;]\" \/>\n<meta property=\"og:url\" content=\"https:\/\/now-news.de\/de\/deutschland\/milliardaer-wuerth-schreibt-angestellten-niemand-muss-hungern-warum-also-afd-waehlen\/\" \/>\n<meta property=\"og:site_name\" content=\"just-now.NEWS Deutschland\" \/>\n<meta property=\"article:publisher\" content=\"https:\/\/www.facebook.com\/wirmachenauf\" \/>\n<meta property=\"article:published_time\" content=\"2024-03-19T17:22:18+00:00\" \/>\n<meta property=\"og:image\" content=\"https:\/\/now-news.de\/de\/wp-content\/uploads\/sites\/3\/2024\/03\/Milliardaer-Wuerth-schreibt-Angestellten-quotNiemand-muss-hungernquot-\u2013-warum-also.jpg\" \/>\n\t<meta property=\"og:image:width\" content=\"460\" \/>\n\t<meta property=\"og:image:height\" content=\"259\" \/>\n\t<meta property=\"og:image:type\" content=\"image\/jpeg\" \/>\n<meta name=\"author\" content=\"rtnews\" \/>\n<meta name=\"twitter:card\" content=\"summary_large_image\" \/>\n<meta name=\"twitter:creator\" content=\"@WirMachenAuf_de\" \/>\n<meta name=\"twitter:site\" content=\"@WirMachenAuf_de\" \/>\n<meta name=\"twitter:label1\" content=\"Verfasst von\" \/>\n\t<meta name=\"twitter:data1\" content=\"rtnews\" \/>\n\t<meta name=\"twitter:label2\" content=\"Gesch\u00e4tzte Lesezeit\" \/>\n\t<meta name=\"twitter:data2\" content=\"6\u00a0Minuten\" \/>\n<script type=\"application\/ld+json\" class=\"yoast-schema-graph\">{\"@context\":\"https:\/\/schema.org\",\"@graph\":[{\"@type\":\"Article\",\"@id\":\"https:\/\/now-news.de\/de\/deutschland\/milliardaer-wuerth-schreibt-angestellten-niemand-muss-hungern-warum-also-afd-waehlen\/#article\",\"isPartOf\":{\"@id\":\"https:\/\/now-news.de\/de\/deutschland\/milliardaer-wuerth-schreibt-angestellten-niemand-muss-hungern-warum-also-afd-waehlen\/\"},\"author\":{\"name\":\"rtnews\",\"@id\":\"https:\/\/now-news.de\/de\/#\/schema\/person\/fb534a4e865501d8b3285208df34a9b5\"},\"headline\":\"Milliard\u00e4r W\u00fcrth schreibt Angestellten: &quot;Niemand muss hungern&quot; \u2013 warum also AfD w\u00e4hlen?\",\"datePublished\":\"2024-03-19T17:22:18+00:00\",\"dateModified\":\"2024-03-19T17:22:18+00:00\",\"mainEntityOfPage\":{\"@id\":\"https:\/\/now-news.de\/de\/deutschland\/milliardaer-wuerth-schreibt-angestellten-niemand-muss-hungern-warum-also-afd-waehlen\/\"},\"wordCount\":1173,\"commentCount\":0,\"publisher\":{\"@id\":\"https:\/\/now-news.de\/de\/#organization\"},\"image\":{\"@id\":\"https:\/\/now-news.de\/de\/deutschland\/milliardaer-wuerth-schreibt-angestellten-niemand-muss-hungern-warum-also-afd-waehlen\/#primaryimage\"},\"thumbnailUrl\":\"https:\/\/now-news.de\/de\/wp-content\/uploads\/sites\/3\/2024\/03\/Milliardaer-Wuerth-schreibt-Angestellten-quotNiemand-muss-hungernquot-\u2013-warum-also.jpg\",\"keywords\":[\"AfD\",\"Angestellten\",\"hungernquot\",\"Milliard\u00e4r\",\"muss\",\"quotNiemand\",\"schreibt\",\"Wahlen\",\"Warum\",\"W\u00fcrth\"],\"articleSection\":[\"Deutschland\",\"Russland\"],\"inLanguage\":\"de\",\"potentialAction\":[{\"@type\":\"CommentAction\",\"name\":\"Comment\",\"target\":[\"https:\/\/now-news.de\/de\/deutschland\/milliardaer-wuerth-schreibt-angestellten-niemand-muss-hungern-warum-also-afd-waehlen\/#respond\"]}]},{\"@type\":\"WebPage\",\"@id\":\"https:\/\/now-news.de\/de\/deutschland\/milliardaer-wuerth-schreibt-angestellten-niemand-muss-hungern-warum-also-afd-waehlen\/\",\"url\":\"https:\/\/now-news.de\/de\/deutschland\/milliardaer-wuerth-schreibt-angestellten-niemand-muss-hungern-warum-also-afd-waehlen\/\",\"name\":\"Milliard\u00e4r W\u00fcrth schreibt Angestellten: &quot;Niemand muss hungern&quot; \u2013 warum also AfD w\u00e4hlen? - just-now.NEWS Deutschland\",\"isPartOf\":{\"@id\":\"https:\/\/now-news.de\/de\/#website\"},\"primaryImageOfPage\":{\"@id\":\"https:\/\/now-news.de\/de\/deutschland\/milliardaer-wuerth-schreibt-angestellten-niemand-muss-hungern-warum-also-afd-waehlen\/#primaryimage\"},\"image\":{\"@id\":\"https:\/\/now-news.de\/de\/deutschland\/milliardaer-wuerth-schreibt-angestellten-niemand-muss-hungern-warum-also-afd-waehlen\/#primaryimage\"},\"thumbnailUrl\":\"https:\/\/now-news.de\/de\/wp-content\/uploads\/sites\/3\/2024\/03\/Milliardaer-Wuerth-schreibt-Angestellten-quotNiemand-muss-hungernquot-\u2013-warum-also.jpg\",\"datePublished\":\"2024-03-19T17:22:18+00:00\",\"dateModified\":\"2024-03-19T17:22:18+00:00\",\"breadcrumb\":{\"@id\":\"https:\/\/now-news.de\/de\/deutschland\/milliardaer-wuerth-schreibt-angestellten-niemand-muss-hungern-warum-also-afd-waehlen\/#breadcrumb\"},\"inLanguage\":\"de\",\"potentialAction\":[{\"@type\":\"ReadAction\",\"target\":[\"https:\/\/now-news.de\/de\/deutschland\/milliardaer-wuerth-schreibt-angestellten-niemand-muss-hungern-warum-also-afd-waehlen\/\"]}]},{\"@type\":\"ImageObject\",\"inLanguage\":\"de\",\"@id\":\"https:\/\/now-news.de\/de\/deutschland\/milliardaer-wuerth-schreibt-angestellten-niemand-muss-hungern-warum-also-afd-waehlen\/#primaryimage\",\"url\":\"https:\/\/now-news.de\/de\/wp-content\/uploads\/sites\/3\/2024\/03\/Milliardaer-Wuerth-schreibt-Angestellten-quotNiemand-muss-hungernquot-\u2013-warum-also.jpg\",\"contentUrl\":\"https:\/\/now-news.de\/de\/wp-content\/uploads\/sites\/3\/2024\/03\/Milliardaer-Wuerth-schreibt-Angestellten-quotNiemand-muss-hungernquot-\u2013-warum-also.jpg\",\"width\":460,\"height\":259,\"caption\":\"Milliard\u00e4r W\u00fcrth schreibt Angestellten: &quot;Niemand muss hungern&quot; \u2013 warum also AfD w\u00e4hlen?\"},{\"@type\":\"BreadcrumbList\",\"@id\":\"https:\/\/now-news.de\/de\/deutschland\/milliardaer-wuerth-schreibt-angestellten-niemand-muss-hungern-warum-also-afd-waehlen\/#breadcrumb\",\"itemListElement\":[{\"@type\":\"ListItem\",\"position\":1,\"name\":\"Home\",\"item\":\"https:\/\/now-news.de\/de\/\"},{\"@type\":\"ListItem\",\"position\":2,\"name\":\"Milliard\u00e4r W\u00fcrth schreibt Angestellten: &quot;Niemand muss hungern&quot; \u2013 warum also AfD w\u00e4hlen?\"}]},{\"@type\":\"WebSite\",\"@id\":\"https:\/\/now-news.de\/de\/#website\",\"url\":\"https:\/\/now-news.de\/de\/\",\"name\":\"just-now.NEWS Deutschland\",\"description\":\"Das Portal f\u00fcr unzensierte Nachrichten aus der Welt\",\"publisher\":{\"@id\":\"https:\/\/now-news.de\/de\/#organization\"},\"potentialAction\":[{\"@type\":\"SearchAction\",\"target\":{\"@type\":\"EntryPoint\",\"urlTemplate\":\"https:\/\/now-news.de\/de\/?s={search_term_string}\"},\"query-input\":\"required name=search_term_string\"}],\"inLanguage\":\"de\"},{\"@type\":\"Organization\",\"@id\":\"https:\/\/now-news.de\/de\/#organization\",\"name\":\"Just Now News\",\"url\":\"https:\/\/now-news.de\/de\/\",\"logo\":{\"@type\":\"ImageObject\",\"inLanguage\":\"de\",\"@id\":\"https:\/\/now-news.de\/de\/#\/schema\/logo\/image\/\",\"url\":\"http:\/\/just-now.news\/de\/wp-content\/uploads\/sites\/3\/2022\/04\/logo500x500.jpg\",\"contentUrl\":\"http:\/\/just-now.news\/de\/wp-content\/uploads\/sites\/3\/2022\/04\/logo500x500.jpg\",\"width\":500,\"height\":500,\"caption\":\"Just Now News\"},\"image\":{\"@id\":\"https:\/\/now-news.de\/de\/#\/schema\/logo\/image\/\"},\"sameAs\":[\"https:\/\/www.facebook.com\/wirmachenauf\",\"https:\/\/x.com\/WirMachenAuf_de\"]},{\"@type\":\"Person\",\"@id\":\"https:\/\/now-news.de\/de\/#\/schema\/person\/fb534a4e865501d8b3285208df34a9b5\",\"name\":\"rtnews\",\"image\":{\"@type\":\"ImageObject\",\"inLanguage\":\"de\",\"@id\":\"https:\/\/now-news.de\/de\/#\/schema\/person\/image\/\",\"url\":\"https:\/\/secure.gravatar.com\/avatar\/82aafea7d8127119dd649515f56e2117?s=96&d=mm&r=g\",\"contentUrl\":\"https:\/\/secure.gravatar.com\/avatar\/82aafea7d8127119dd649515f56e2117?s=96&d=mm&r=g\",\"caption\":\"rtnews\"},\"url\":\"https:\/\/now-news.de\/de\/author\/rnews\/\"}]}<\/script>\n<!-- \/ Yoast SEO Premium plugin. -->","yoast_head_json":{"title":"Milliard\u00e4r W\u00fcrth schreibt Angestellten: &quot;Niemand muss hungern&quot; \u2013 warum also AfD w\u00e4hlen? - just-now.NEWS Deutschland","robots":{"index":"index","follow":"follow","max-snippet":"max-snippet:-1","max-image-preview":"max-image-preview:large","max-video-preview":"max-video-preview:-1"},"canonical":"https:\/\/now-news.de\/de\/deutschland\/milliardaer-wuerth-schreibt-angestellten-niemand-muss-hungern-warum-also-afd-waehlen\/","og_locale":"de_DE","og_type":"article","og_title":"Milliard\u00e4r W\u00fcrth schreibt Angestellten: &quot;Niemand muss hungern&quot; \u2013 warum also AfD w\u00e4hlen?","og_description":"Der Trend zu \u00f6ffentlichen Anti-AfD-Positionierungen ist um ein neues &#8220;prominentes&#8221; Gesicht reicher: Der Schraubenhersteller und Milliard\u00e4r Reinhold W\u00fcrth verschickte ein Schreiben an seine 25.000 Mitarbeiter. In diesem appelliert er an die Angestellten, der AfD bei kommenden Wahlen keine Stimme zu geben. Seit dem 10. Januar dieses Jahres hei\u00dft es f\u00fcr viele Menschen in diesem Land [&hellip;]","og_url":"https:\/\/now-news.de\/de\/deutschland\/milliardaer-wuerth-schreibt-angestellten-niemand-muss-hungern-warum-also-afd-waehlen\/","og_site_name":"just-now.NEWS Deutschland","article_publisher":"https:\/\/www.facebook.com\/wirmachenauf","article_published_time":"2024-03-19T17:22:18+00:00","og_image":[{"width":460,"height":259,"url":"https:\/\/now-news.de\/de\/wp-content\/uploads\/sites\/3\/2024\/03\/Milliardaer-Wuerth-schreibt-Angestellten-quotNiemand-muss-hungernquot-\u2013-warum-also.jpg","type":"image\/jpeg"}],"author":"rtnews","twitter_card":"summary_large_image","twitter_creator":"@WirMachenAuf_de","twitter_site":"@WirMachenAuf_de","twitter_misc":{"Verfasst von":"rtnews","Gesch\u00e4tzte Lesezeit":"6\u00a0Minuten"},"schema":{"@context":"https:\/\/schema.org","@graph":[{"@type":"Article","@id":"https:\/\/now-news.de\/de\/deutschland\/milliardaer-wuerth-schreibt-angestellten-niemand-muss-hungern-warum-also-afd-waehlen\/#article","isPartOf":{"@id":"https:\/\/now-news.de\/de\/deutschland\/milliardaer-wuerth-schreibt-angestellten-niemand-muss-hungern-warum-also-afd-waehlen\/"},"author":{"name":"rtnews","@id":"https:\/\/now-news.de\/de\/#\/schema\/person\/fb534a4e865501d8b3285208df34a9b5"},"headline":"Milliard\u00e4r W\u00fcrth schreibt Angestellten: &quot;Niemand muss hungern&quot; \u2013 warum also AfD w\u00e4hlen?","datePublished":"2024-03-19T17:22:18+00:00","dateModified":"2024-03-19T17:22:18+00:00","mainEntityOfPage":{"@id":"https:\/\/now-news.de\/de\/deutschland\/milliardaer-wuerth-schreibt-angestellten-niemand-muss-hungern-warum-also-afd-waehlen\/"},"wordCount":1173,"commentCount":0,"publisher":{"@id":"https:\/\/now-news.de\/de\/#organization"},"image":{"@id":"https:\/\/now-news.de\/de\/deutschland\/milliardaer-wuerth-schreibt-angestellten-niemand-muss-hungern-warum-also-afd-waehlen\/#primaryimage"},"thumbnailUrl":"https:\/\/now-news.de\/de\/wp-content\/uploads\/sites\/3\/2024\/03\/Milliardaer-Wuerth-schreibt-Angestellten-quotNiemand-muss-hungernquot-\u2013-warum-also.jpg","keywords":["AfD","Angestellten","hungernquot","Milliard\u00e4r","muss","quotNiemand","schreibt","Wahlen","Warum","W\u00fcrth"],"articleSection":["Deutschland","Russland"],"inLanguage":"de","potentialAction":[{"@type":"CommentAction","name":"Comment","target":["https:\/\/now-news.de\/de\/deutschland\/milliardaer-wuerth-schreibt-angestellten-niemand-muss-hungern-warum-also-afd-waehlen\/#respond"]}]},{"@type":"WebPage","@id":"https:\/\/now-news.de\/de\/deutschland\/milliardaer-wuerth-schreibt-angestellten-niemand-muss-hungern-warum-also-afd-waehlen\/","url":"https:\/\/now-news.de\/de\/deutschland\/milliardaer-wuerth-schreibt-angestellten-niemand-muss-hungern-warum-also-afd-waehlen\/","name":"Milliard\u00e4r W\u00fcrth schreibt Angestellten: &quot;Niemand muss hungern&quot; \u2013 warum also AfD w\u00e4hlen? - just-now.NEWS Deutschland","isPartOf":{"@id":"https:\/\/now-news.de\/de\/#website"},"primaryImageOfPage":{"@id":"https:\/\/now-news.de\/de\/deutschland\/milliardaer-wuerth-schreibt-angestellten-niemand-muss-hungern-warum-also-afd-waehlen\/#primaryimage"},"image":{"@id":"https:\/\/now-news.de\/de\/deutschland\/milliardaer-wuerth-schreibt-angestellten-niemand-muss-hungern-warum-also-afd-waehlen\/#primaryimage"},"thumbnailUrl":"https:\/\/now-news.de\/de\/wp-content\/uploads\/sites\/3\/2024\/03\/Milliardaer-Wuerth-schreibt-Angestellten-quotNiemand-muss-hungernquot-\u2013-warum-also.jpg","datePublished":"2024-03-19T17:22:18+00:00","dateModified":"2024-03-19T17:22:18+00:00","breadcrumb":{"@id":"https:\/\/now-news.de\/de\/deutschland\/milliardaer-wuerth-schreibt-angestellten-niemand-muss-hungern-warum-also-afd-waehlen\/#breadcrumb"},"inLanguage":"de","potentialAction":[{"@type":"ReadAction","target":["https:\/\/now-news.de\/de\/deutschland\/milliardaer-wuerth-schreibt-angestellten-niemand-muss-hungern-warum-also-afd-waehlen\/"]}]},{"@type":"ImageObject","inLanguage":"de","@id":"https:\/\/now-news.de\/de\/deutschland\/milliardaer-wuerth-schreibt-angestellten-niemand-muss-hungern-warum-also-afd-waehlen\/#primaryimage","url":"https:\/\/now-news.de\/de\/wp-content\/uploads\/sites\/3\/2024\/03\/Milliardaer-Wuerth-schreibt-Angestellten-quotNiemand-muss-hungernquot-\u2013-warum-also.jpg","contentUrl":"https:\/\/now-news.de\/de\/wp-content\/uploads\/sites\/3\/2024\/03\/Milliardaer-Wuerth-schreibt-Angestellten-quotNiemand-muss-hungernquot-\u2013-warum-also.jpg","width":460,"height":259,"caption":"Milliard\u00e4r W\u00fcrth schreibt Angestellten: &quot;Niemand muss hungern&quot; \u2013 warum also AfD w\u00e4hlen?"},{"@type":"BreadcrumbList","@id":"https:\/\/now-news.de\/de\/deutschland\/milliardaer-wuerth-schreibt-angestellten-niemand-muss-hungern-warum-also-afd-waehlen\/#breadcrumb","itemListElement":[{"@type":"ListItem","position":1,"name":"Home","item":"https:\/\/now-news.de\/de\/"},{"@type":"ListItem","position":2,"name":"Milliard\u00e4r W\u00fcrth schreibt Angestellten: &quot;Niemand muss hungern&quot; \u2013 warum also AfD w\u00e4hlen?"}]},{"@type":"WebSite","@id":"https:\/\/now-news.de\/de\/#website","url":"https:\/\/now-news.de\/de\/","name":"just-now.NEWS Deutschland","description":"Das Portal f\u00fcr unzensierte Nachrichten aus der Welt","publisher":{"@id":"https:\/\/now-news.de\/de\/#organization"},"potentialAction":[{"@type":"SearchAction","target":{"@type":"EntryPoint","urlTemplate":"https:\/\/now-news.de\/de\/?s={search_term_string}"},"query-input":"required name=search_term_string"}],"inLanguage":"de"},{"@type":"Organization","@id":"https:\/\/now-news.de\/de\/#organization","name":"Just Now News","url":"https:\/\/now-news.de\/de\/","logo":{"@type":"ImageObject","inLanguage":"de","@id":"https:\/\/now-news.de\/de\/#\/schema\/logo\/image\/","url":"http:\/\/just-now.news\/de\/wp-content\/uploads\/sites\/3\/2022\/04\/logo500x500.jpg","contentUrl":"http:\/\/just-now.news\/de\/wp-content\/uploads\/sites\/3\/2022\/04\/logo500x500.jpg","width":500,"height":500,"caption":"Just Now News"},"image":{"@id":"https:\/\/now-news.de\/de\/#\/schema\/logo\/image\/"},"sameAs":["https:\/\/www.facebook.com\/wirmachenauf","https:\/\/x.com\/WirMachenAuf_de"]},{"@type":"Person","@id":"https:\/\/now-news.de\/de\/#\/schema\/person\/fb534a4e865501d8b3285208df34a9b5","name":"rtnews","image":{"@type":"ImageObject","inLanguage":"de","@id":"https:\/\/now-news.de\/de\/#\/schema\/person\/image\/","url":"https:\/\/secure.gravatar.com\/avatar\/82aafea7d8127119dd649515f56e2117?s=96&d=mm&r=g","contentUrl":"https:\/\/secure.gravatar.com\/avatar\/82aafea7d8127119dd649515f56e2117?s=96&d=mm&r=g","caption":"rtnews"},"url":"https:\/\/now-news.de\/de\/author\/rnews\/"}]}},"_links":{"self":[{"href":"https:\/\/now-news.de\/de\/wp-json\/wp\/v2\/posts\/57399"}],"collection":[{"href":"https:\/\/now-news.de\/de\/wp-json\/wp\/v2\/posts"}],"about":[{"href":"https:\/\/now-news.de\/de\/wp-json\/wp\/v2\/types\/post"}],"author":[{"embeddable":true,"href":"https:\/\/now-news.de\/de\/wp-json\/wp\/v2\/users\/3"}],"replies":[{"embeddable":true,"href":"https:\/\/now-news.de\/de\/wp-json\/wp\/v2\/comments?post=57399"}],"version-history":[{"count":0,"href":"https:\/\/now-news.de\/de\/wp-json\/wp\/v2\/posts\/57399\/revisions"}],"wp:featuredmedia":[{"embeddable":true,"href":"https:\/\/now-news.de\/de\/wp-json\/wp\/v2\/media\/57400"}],"wp:attachment":[{"href":"https:\/\/now-news.de\/de\/wp-json\/wp\/v2\/media?parent=57399"}],"wp:term":[{"taxonomy":"category","embeddable":true,"href":"https:\/\/now-news.de\/de\/wp-json\/wp\/v2\/categories?post=57399"},{"taxonomy":"post_tag","embeddable":true,"href":"https:\/\/now-news.de\/de\/wp-json\/wp\/v2\/tags?post=57399"}],"curies":[{"name":"wp","href":"https:\/\/api.w.org\/{rel}","templated":true}]}}