{"id":5738,"date":"2022-05-01T21:38:00","date_gmt":"2022-05-01T19:38:00","guid":{"rendered":"http:\/\/just-now.news\/de\/usa\/dirtbag-mitt-romney-traegt-gerne-eine-verkleidung-um-sich-zu-verstecken-wenn-er-in-die-oeffentlichkeit-geht\/"},"modified":"2022-05-01T21:38:00","modified_gmt":"2022-05-01T19:38:00","slug":"dirtbag-mitt-romney-traegt-gerne-eine-verkleidung-um-sich-zu-verstecken-wenn-er-in-die-oeffentlichkeit-geht","status":"publish","type":"post","link":"https:\/\/now-news.de\/de\/usa\/dirtbag-mitt-romney-traegt-gerne-eine-verkleidung-um-sich-zu-verstecken-wenn-er-in-die-oeffentlichkeit-geht\/","title":{"rendered":"Dirtbag Mitt Romney tr\u00e4gt gerne eine Verkleidung, um sich zu verstecken, wenn er in die \u00d6ffentlichkeit geht"},"content":{"rendered":"<div class=\"entry-content\">\n<p><\/p>\n<p>Es ist wahrscheinlich am besten.<\/p>\n<p>Mitt Romney tr\u00e4gt eine Verkleidung, wenn er in Palm Beach, Florida, in die \u00d6ffentlichkeit geht.  Das sagte er den Autoren Jonathan Martin und Alex Burns in ihrem neuen Buch \u201eThis Will Not Pass: Trump, Biden, and the Battle for America\u2019s Future\u201c.<\/p>\n<div id=\"IC1-ad\" class=\"sponsor IC1\">\n<p class=\"ad-notice flipboard-remove\" fl:fl-noexcerpt=\"true\">Werbung \u2013 die Geschichte geht unten weiter<\/p>\n<div id=\"IC1\">\n<script>\n\t\t\t\t\tif( FFADS.units.IC1 && FFADS.units.IC1.ad_type == 'custom' && FFADS.units.IC1.custom_ads && ! getCookie( 'ff_subbed' ) ) {\n\t\t\t\t\t\tdocument.getElementById( 'IC1' ).innerHTML = FFADS.units.IC1.custom_ads[0].code;\n\t\t\t\t\t\tif( ! FFADS.units.IC1.lazy_load ) eval( FFADS.units.IC1.custom_ads[0].rendering_script );\n\t\t\t\t\t}\n\t\t\t\t\telse if( FFADS.units.IC1 && ! getCookie( 'ff_subbed' ) ) {\n\t\t\t\t\t\tif( 'IC' != 'SB' && 'IC' != 'SA' && FFADS.use_fixed_containers ) {\n\t\t\t\t\t\t\tlet max_wh = firefly_size_list_to_max_wh( FFADS.units.IC1.sizes );\n\t\t\t\t\t\t\tlet el = document.querySelector( '#IC1' );\n\t\t\t\t\t\t\tif( 'IC' != 'SA' && FFADS.slide_pixels ) {\n\t\t\t\t\t\t\t\tmax_wh[1] += parseInt( FFADS.slide_pixels );\n\t\t\t\t\t\t\t\tel.classList.add( 'sliding' );\n\t\t\t\t\t\t\t}\n\t\t\t\t\t\t\tel.style.width = max_wh[0] + 'px';\n\t\t\t\t\t\t\tel.style.height = max_wh[1] + 'px';\n\t\t\t\t\t\t\tel.classList.add( 'fixed-size' );\n\t\t\t\t\t\t}\n\t\t\t\t\t\tgoogletag.cmd.push( function() {\n\t\t\t\t\t\t\tFFADS.debug( 'googletag.displaying IC1' );\n\t\t\t\t\t\t\tgoogletag.display( 'IC1' );\n\t\t\t\t\t\t} );\n\t\t\t\t\t}\n\t\t\t\t\telse {\n\t\t\t\t\t\tdocument.querySelector( '#IC1-ad' ).style.display = 'none';}\n\t\t\t\t<\/script><\/div>\n<\/div>\n<p>Mitt ist ein lautstarker Trump-Kritiker und neuer Rekrut f\u00fcr alle liberalen Dinge, einschlie\u00dflich seiner Unterst\u00fctzung f\u00fcr die BLM-Terroristen. <\/p>\n<p>Der Senator von Utah, der im Teenageralter einen Zulassungsrekord h\u00e4lt, erstellte eine nicht so geheime Twitter-Seite, um Pr\u00e4sident Trump und seine Anh\u00e4nger zu trollen, w\u00e4hrend Trump im Amt war.<\/p>\n<p><script>\n\t\t\t\t\tif( ! getCookie( 'ff_subbed' ) ) if( typeof FFADS.replace_ict != 'undefined' ) if( FFADS.replace_ict ) eval( FFADS.replace_ict );\n\t\t\t\t<\/script><\/p>\n<p><img decoding=\"async\" loading=\"lazy\" src=\"http:\/\/just-now.news\/de\/wp-content\/uploads\/sites\/3\/2022\/05\/Dirtbag-Mitt-Romney-traegt-gerne-eine-Verkleidung-um-sich-zu.png\" alt=\"\" width=\"600\" height=\"400\" class=\"alignnone size-medium wp-image-461409\"  ><\/p>\n<p>Der Insider berichtet:<\/p>\n<div id=\"IC2-ad\" class=\"sponsor IC2\">\n<p class=\"ad-notice flipboard-remove\" fl:fl-noexcerpt=\"true\">Werbung \u2013 die Geschichte geht unten weiter<\/p>\n<div id=\"IC2\">\n<script>\n\t\t\t\t\tif( FFADS.units.IC2 && FFADS.units.IC2.ad_type == 'custom' && FFADS.units.IC2.custom_ads && ! getCookie( 'ff_subbed' ) ) {\n\t\t\t\t\t\tdocument.getElementById( 'IC2' ).innerHTML = FFADS.units.IC2.custom_ads[0].code;\n\t\t\t\t\t\tif( ! FFADS.units.IC2.lazy_load ) eval( FFADS.units.IC2.custom_ads[0].rendering_script );\n\t\t\t\t\t}\n\t\t\t\t\telse if( FFADS.units.IC2 && ! getCookie( 'ff_subbed' ) ) {\n\t\t\t\t\t\tif( 'IC' != 'SB' && 'IC' != 'SA' && FFADS.use_fixed_containers ) {\n\t\t\t\t\t\t\tlet max_wh = firefly_size_list_to_max_wh( FFADS.units.IC2.sizes );\n\t\t\t\t\t\t\tlet el = document.querySelector( '#IC2' );\n\t\t\t\t\t\t\tif( 'IC' != 'SA' && FFADS.slide_pixels ) {\n\t\t\t\t\t\t\t\tmax_wh[1] += parseInt( FFADS.slide_pixels );\n\t\t\t\t\t\t\t\tel.classList.add( 'sliding' );\n\t\t\t\t\t\t\t}\n\t\t\t\t\t\t\tel.style.width = max_wh[0] + 'px';\n\t\t\t\t\t\t\tel.style.height = max_wh[1] + 'px';\n\t\t\t\t\t\t\tel.classList.add( 'fixed-size' );\n\t\t\t\t\t\t}\n\t\t\t\t\t\tgoogletag.cmd.push( function() {\n\t\t\t\t\t\t\tFFADS.debug( 'googletag.displaying IC2' );\n\t\t\t\t\t\t\tgoogletag.display( 'IC2' );\n\t\t\t\t\t\t} );\n\t\t\t\t\t}\n\t\t\t\t\telse {\n\t\t\t\t\t\tdocument.querySelector( '#IC2-ad' ).style.display = 'none';}\n\t\t\t\t<\/script><\/div>\n<\/div>\n<blockquote>\n<p>Der republikanische Senator Mitt Romney geht Berichten zufolge gerne inkognito in Palm Beach, Florida.<\/p>\n<p>Der Konservative aus Utah hat beim Essen in der wohlhabenden Enklave am Meer, wo er ein Ferienhaus hat, H\u00fcte getragen, um sich zu tarnen, sagte ein Freund der Familie den Autoren des neuen Buches \u201eThis Will Not Pass: Trump, Biden, und der Kampf um Amerikas Zukunft.\u201c<\/p>\n<p>\u201eWenn er dort von Trump-Anh\u00e4ngern anerkannt w\u00fcrde, bestand eine gute Chance, dass er bel\u00e4stigt w\u00fcrde\u201c, schrieben die Reporter der New York Times, Jonathan Martin und Alex Burns.  Das Resort Mar-a-Lago des ehemaligen Pr\u00e4sidenten Donald Trump befindet sich ebenfalls in Palm Beach.<\/p>\n<p>Es ist nicht Romneys erster Undercover-Versuch.  Er gab 2019 zu, einen geheimen Twitter-Account mit dem Pseudonym \u201ePierre Delecto\u201c zu nutzen, um sich in den sozialen Medien zu verteidigen und kritische Tweets \u00fcber Trump zu \u201eliken\u201c.<\/p>\n<p>Romney \u2013 der republikanische Pr\u00e4sidentschaftskandidat von 2012 \u2013 war ein lautstarker Kritiker von Trump und nannte ihn im Vorfeld der Pr\u00e4sidentschaftswahlen 2016 einen \u201eSchwindler\u201c und einen \u201eBetr\u00fcger\u201c.<\/p>\n<div id=\"IC3-ad\" class=\"sponsor IC3\">\n<p class=\"ad-notice flipboard-remove\" fl:fl-noexcerpt=\"true\">Werbung \u2013 die Geschichte geht unten weiter<\/p>\n<div id=\"IC3\">\n<script>\n\t\t\t\t\tif( FFADS.units.IC3 && FFADS.units.IC3.ad_type == 'custom' && FFADS.units.IC3.custom_ads && ! getCookie( 'ff_subbed' ) ) {\n\t\t\t\t\t\tdocument.getElementById( 'IC3' ).innerHTML = FFADS.units.IC3.custom_ads[0].code;\n\t\t\t\t\t\tif( ! FFADS.units.IC3.lazy_load ) eval( FFADS.units.IC3.custom_ads[0].rendering_script );\n\t\t\t\t\t}\n\t\t\t\t\telse if( FFADS.units.IC3 && ! getCookie( 'ff_subbed' ) ) {\n\t\t\t\t\t\tif( 'IC' != 'SB' && 'IC' != 'SA' && FFADS.use_fixed_containers ) {\n\t\t\t\t\t\t\tlet max_wh = firefly_size_list_to_max_wh( FFADS.units.IC3.sizes );\n\t\t\t\t\t\t\tlet el = document.querySelector( '#IC3' );\n\t\t\t\t\t\t\tif( 'IC' != 'SA' && FFADS.slide_pixels ) {\n\t\t\t\t\t\t\t\tmax_wh[1] += parseInt( FFADS.slide_pixels );\n\t\t\t\t\t\t\t\tel.classList.add( 'sliding' );\n\t\t\t\t\t\t\t}\n\t\t\t\t\t\t\tel.style.width = max_wh[0] + 'px';\n\t\t\t\t\t\t\tel.style.height = max_wh[1] + 'px';\n\t\t\t\t\t\t\tel.classList.add( 'fixed-size' );\n\t\t\t\t\t\t}\n\t\t\t\t\t\tgoogletag.cmd.push( function() {\n\t\t\t\t\t\t\tFFADS.debug( 'googletag.displaying IC3' );\n\t\t\t\t\t\t\tgoogletag.display( 'IC3' );\n\t\t\t\t\t\t} );\n\t\t\t\t\t}\n\t\t\t\t\telse {\n\t\t\t\t\t\tdocument.querySelector( '#IC3-ad' ).style.display = 'none';}\n\t\t\t\t<\/script><\/div>\n<\/div>\n<p>Im Februar 2020 erhielt Romney die Auszeichnung, der erste Senator zu werden, der daf\u00fcr gestimmt hat, einen Pr\u00e4sidenten seiner eigenen Partei aus dem Amt zu entfernen, weil er Trumps \u201eentsetzlichen Missbrauch des \u00f6ffentlichen Vertrauens\u201c nannte.  Er stimmte daf\u00fcr, Trump wegen Machtmissbrauchs zu verurteilen, weil er ukrainische Beamte unter Druck gesetzt hatte, gegen die Familie Biden zu ermitteln.<\/p>\n<\/blockquote>\n<p class=\"article-ask\"><span class=\"ask\"><script>\n  if( getParameterByName( \"utm_source\" ) == \"testpage\" ) {\n    !function(e,t,a,n,g){e[n]=e[n]||[],e[n].push({\"gtm.start\":(new Date).getTime(),event:\"gtm.js\"});var m=t.getElementsByTagName(a)[0],r=t.createElement(a);r.async=!0,r.src=\"https:\/\/www.googletagmanager.com\/gtm.js?id=GTM-PL4PD49\",m.parentNode.insertBefore(r,m)}(window.parent,window.parent.document,\"script\",\"dataLayer\");\n    var iframe=window.parent.document.createElement(\"iframe\");iframe.src=\"https:\/\/www.googletagmanager.com\/ns.html?id=GTM-PL4PD49\";iframe.height=\"0\";iframe.width=\"0\";iframe.style=\"display:none;visibility:hidden\";window.parent.document.body.appendChild(iframe);\n    window.parent[\"$$mm-analytics\"] = window.parent[\"$$mm-analytics\"] || {};if (typeof window.parent[\"$$mm-analytics\"].firstEmbed === \"undefined\") {window.parent[\"$$mm-analytics\"].firstEmbed = Date.now();}\n    let as1 = document.createElement( \"script\" );\n    as1.src = \"https:\/\/bucket1.mm-syringe.com\/prod\/configs\/ee2300c8-43d2-7f0b-dac0-40aaf31c9d3d.js\";\n    document.body.appendChild( as1 );\n    let as2 = document.createElement( \"script\" );\n    as2.src = \"https:\/\/bucket1.mm-syringe.com\/prod\/injector\/injector.1.5.3.js\";\n    document.body.appendChild( as2 );\n  }\n<\/script><\/p>\n<div class=\"apester-media\" data-token=\"5f10a39f94902bc81d3d59a7\" data-context=\"true\" data-tags=\"\" data-fallback=\"true\" height=\"350\"><\/div>\n<p><script id=\"apester_script\" src=\"https:\/\/static.apester.com\/js\/sdk\/latest\/apester-sdk.js\" async><\/script><script async src=\"https:\/\/www.googletagmanager.com\/gtag\/js?id=G-EFE91RJVSQ\"><\/script><script>\n  window.dataLayer = window.dataLayer || [];\n  function gtag(){dataLayer.push(arguments);}\n  gtag(\\'js\\', new Date());\n  gtag(\\'config\\', \\'G-EFE91RJVSQ\\');\n<\/script><\/span><\/p>\n<\/div>\n<p><br \/>\n<br \/><a href=\"https:\/\/www.thegatewaypundit.com\/2022\/05\/dirtbag-mitt-romney-likes-wear-disguise-hide-goes-public\/\">Source link <\/a><\/p>\n","protected":false},"excerpt":{"rendered":"<p>Es ist wahrscheinlich am besten. Mitt Romney tr\u00e4gt eine Verkleidung, wenn er in Palm Beach, Florida, in die \u00d6ffentlichkeit geht. Das sagte er den Autoren Jonathan Martin und Alex Burns in ihrem neuen Buch \u201eThis Will Not Pass: Trump, Biden, and the Battle for America\u2019s Future\u201c. Werbung \u2013 die Geschichte geht unten weiter Mitt ist [&hellip;]<\/p>\n","protected":false},"author":5,"featured_media":5739,"comment_status":"open","ping_status":"open","sticky":false,"template":"","format":"standard","meta":{"wp_automatic_camp":["1161"],"5436b592f48be2c8a5e964bdd47baa6a":["Dirtbag Mitt Romney tr\u00e4gt gerne eine Verkleidung, um sich zu verstecken, wenn er in die \u00d6ffentlichkeit geht\n"],"original_link":["https:\/\/www.thegatewaypundit.com\/2022\/05\/dirtbag-mitt-romney-likes-wear-disguise-hide-goes-public\/"],"_thumbnail_id":["5739"],"wp_automatic_remove_first_image":["yes"],"jnews_social_counter_last_update":["1777372636"]},"categories":[25],"tags":[45,4490,275,1673,16146,5346,790,5347,434,16145,16147,7713,4218],"yoast_head":"<!-- This site is optimized with the Yoast SEO Premium plugin v22.7 (Yoast SEO v22.7) - https:\/\/yoast.com\/wordpress\/plugins\/seo\/ -->\n<title>Dirtbag Mitt Romney tr\u00e4gt gerne eine Verkleidung, um sich zu verstecken, wenn er in die \u00d6ffentlichkeit geht - just-now.NEWS Deutschland<\/title>\n<meta name=\"robots\" content=\"index, follow, max-snippet:-1, max-image-preview:large, max-video-preview:-1\" \/>\n<link rel=\"canonical\" href=\"https:\/\/now-news.de\/de\/usa\/dirtbag-mitt-romney-traegt-gerne-eine-verkleidung-um-sich-zu-verstecken-wenn-er-in-die-oeffentlichkeit-geht\/\" \/>\n<meta property=\"og:locale\" content=\"de_DE\" \/>\n<meta property=\"og:type\" content=\"article\" \/>\n<meta property=\"og:title\" content=\"Dirtbag Mitt Romney tr\u00e4gt gerne eine Verkleidung, um sich zu verstecken, wenn er in die \u00d6ffentlichkeit geht\" \/>\n<meta property=\"og:description\" content=\"Es ist wahrscheinlich am besten. Mitt Romney tr\u00e4gt eine Verkleidung, wenn er in Palm Beach, Florida, in die \u00d6ffentlichkeit geht. Das sagte er den Autoren Jonathan Martin und Alex Burns in ihrem neuen Buch \u201eThis Will Not Pass: Trump, Biden, and the Battle for America\u2019s Future\u201c. Werbung \u2013 die Geschichte geht unten weiter Mitt ist [&hellip;]\" \/>\n<meta property=\"og:url\" content=\"https:\/\/now-news.de\/de\/usa\/dirtbag-mitt-romney-traegt-gerne-eine-verkleidung-um-sich-zu-verstecken-wenn-er-in-die-oeffentlichkeit-geht\/\" \/>\n<meta property=\"og:site_name\" content=\"just-now.NEWS Deutschland\" \/>\n<meta property=\"article:publisher\" content=\"https:\/\/www.facebook.com\/wirmachenauf\" \/>\n<meta property=\"article:published_time\" content=\"2022-05-01T19:38:00+00:00\" \/>\n<meta property=\"og:image\" content=\"https:\/\/now-news.de\/de\/wp-content\/uploads\/sites\/3\/2022\/05\/Dirtbag-Mitt-Romney-traegt-gerne-eine-Verkleidung-um-sich-zu.jpg\" \/>\n\t<meta property=\"og:image:width\" content=\"418\" \/>\n\t<meta property=\"og:image:height\" content=\"286\" \/>\n\t<meta property=\"og:image:type\" content=\"image\/jpeg\" \/>\n<meta name=\"author\" content=\"greatreset\" \/>\n<meta name=\"twitter:card\" content=\"summary_large_image\" \/>\n<meta name=\"twitter:creator\" content=\"@WirMachenAuf_de\" \/>\n<meta name=\"twitter:site\" content=\"@WirMachenAuf_de\" \/>\n<meta name=\"twitter:label1\" content=\"Verfasst von\" \/>\n\t<meta name=\"twitter:data1\" content=\"greatreset\" \/>\n\t<meta name=\"twitter:label2\" content=\"Gesch\u00e4tzte Lesezeit\" \/>\n\t<meta name=\"twitter:data2\" content=\"2\u00a0Minuten\" \/>\n<script type=\"application\/ld+json\" class=\"yoast-schema-graph\">{\"@context\":\"https:\/\/schema.org\",\"@graph\":[{\"@type\":\"Article\",\"@id\":\"https:\/\/now-news.de\/de\/usa\/dirtbag-mitt-romney-traegt-gerne-eine-verkleidung-um-sich-zu-verstecken-wenn-er-in-die-oeffentlichkeit-geht\/#article\",\"isPartOf\":{\"@id\":\"https:\/\/now-news.de\/de\/usa\/dirtbag-mitt-romney-traegt-gerne-eine-verkleidung-um-sich-zu-verstecken-wenn-er-in-die-oeffentlichkeit-geht\/\"},\"author\":{\"name\":\"greatreset\",\"@id\":\"https:\/\/now-news.de\/de\/#\/schema\/person\/8afb4cd92b68572db7902c13a349ffcb\"},\"headline\":\"Dirtbag Mitt Romney tr\u00e4gt gerne eine Verkleidung, um sich zu verstecken, wenn er in die \u00d6ffentlichkeit geht\",\"datePublished\":\"2022-05-01T19:38:00+00:00\",\"dateModified\":\"2022-05-01T19:38:00+00:00\",\"mainEntityOfPage\":{\"@id\":\"https:\/\/now-news.de\/de\/usa\/dirtbag-mitt-romney-traegt-gerne-eine-verkleidung-um-sich-zu-verstecken-wenn-er-in-die-oeffentlichkeit-geht\/\"},\"wordCount\":371,\"commentCount\":0,\"publisher\":{\"@id\":\"https:\/\/now-news.de\/de\/#organization\"},\"image\":{\"@id\":\"https:\/\/now-news.de\/de\/usa\/dirtbag-mitt-romney-traegt-gerne-eine-verkleidung-um-sich-zu-verstecken-wenn-er-in-die-oeffentlichkeit-geht\/#primaryimage\"},\"thumbnailUrl\":\"https:\/\/now-news.de\/de\/wp-content\/uploads\/sites\/3\/2022\/05\/Dirtbag-Mitt-Romney-traegt-gerne-eine-Verkleidung-um-sich-zu.jpg\",\"keywords\":[\"die\",\"Dirtbag\",\"eine\",\"Geht\",\"gerne\",\"Mitt\",\"\u00d6ffentlichkeit\",\"Romney\",\"sich\",\"tr\u00e4gt\",\"Verkleidung\",\"verstecken\",\"wenn\"],\"articleSection\":[\"USA\"],\"inLanguage\":\"de\",\"potentialAction\":[{\"@type\":\"CommentAction\",\"name\":\"Comment\",\"target\":[\"https:\/\/now-news.de\/de\/usa\/dirtbag-mitt-romney-traegt-gerne-eine-verkleidung-um-sich-zu-verstecken-wenn-er-in-die-oeffentlichkeit-geht\/#respond\"]}]},{\"@type\":\"WebPage\",\"@id\":\"https:\/\/now-news.de\/de\/usa\/dirtbag-mitt-romney-traegt-gerne-eine-verkleidung-um-sich-zu-verstecken-wenn-er-in-die-oeffentlichkeit-geht\/\",\"url\":\"https:\/\/now-news.de\/de\/usa\/dirtbag-mitt-romney-traegt-gerne-eine-verkleidung-um-sich-zu-verstecken-wenn-er-in-die-oeffentlichkeit-geht\/\",\"name\":\"Dirtbag Mitt Romney tr\u00e4gt gerne eine Verkleidung, um sich zu verstecken, wenn er in die \u00d6ffentlichkeit geht - just-now.NEWS Deutschland\",\"isPartOf\":{\"@id\":\"https:\/\/now-news.de\/de\/#website\"},\"primaryImageOfPage\":{\"@id\":\"https:\/\/now-news.de\/de\/usa\/dirtbag-mitt-romney-traegt-gerne-eine-verkleidung-um-sich-zu-verstecken-wenn-er-in-die-oeffentlichkeit-geht\/#primaryimage\"},\"image\":{\"@id\":\"https:\/\/now-news.de\/de\/usa\/dirtbag-mitt-romney-traegt-gerne-eine-verkleidung-um-sich-zu-verstecken-wenn-er-in-die-oeffentlichkeit-geht\/#primaryimage\"},\"thumbnailUrl\":\"https:\/\/now-news.de\/de\/wp-content\/uploads\/sites\/3\/2022\/05\/Dirtbag-Mitt-Romney-traegt-gerne-eine-Verkleidung-um-sich-zu.jpg\",\"datePublished\":\"2022-05-01T19:38:00+00:00\",\"dateModified\":\"2022-05-01T19:38:00+00:00\",\"breadcrumb\":{\"@id\":\"https:\/\/now-news.de\/de\/usa\/dirtbag-mitt-romney-traegt-gerne-eine-verkleidung-um-sich-zu-verstecken-wenn-er-in-die-oeffentlichkeit-geht\/#breadcrumb\"},\"inLanguage\":\"de\",\"potentialAction\":[{\"@type\":\"ReadAction\",\"target\":[\"https:\/\/now-news.de\/de\/usa\/dirtbag-mitt-romney-traegt-gerne-eine-verkleidung-um-sich-zu-verstecken-wenn-er-in-die-oeffentlichkeit-geht\/\"]}]},{\"@type\":\"ImageObject\",\"inLanguage\":\"de\",\"@id\":\"https:\/\/now-news.de\/de\/usa\/dirtbag-mitt-romney-traegt-gerne-eine-verkleidung-um-sich-zu-verstecken-wenn-er-in-die-oeffentlichkeit-geht\/#primaryimage\",\"url\":\"https:\/\/now-news.de\/de\/wp-content\/uploads\/sites\/3\/2022\/05\/Dirtbag-Mitt-Romney-traegt-gerne-eine-Verkleidung-um-sich-zu.jpg\",\"contentUrl\":\"https:\/\/now-news.de\/de\/wp-content\/uploads\/sites\/3\/2022\/05\/Dirtbag-Mitt-Romney-traegt-gerne-eine-Verkleidung-um-sich-zu.jpg\",\"width\":418,\"height\":286},{\"@type\":\"BreadcrumbList\",\"@id\":\"https:\/\/now-news.de\/de\/usa\/dirtbag-mitt-romney-traegt-gerne-eine-verkleidung-um-sich-zu-verstecken-wenn-er-in-die-oeffentlichkeit-geht\/#breadcrumb\",\"itemListElement\":[{\"@type\":\"ListItem\",\"position\":1,\"name\":\"Home\",\"item\":\"https:\/\/now-news.de\/de\/\"},{\"@type\":\"ListItem\",\"position\":2,\"name\":\"Dirtbag Mitt Romney tr\u00e4gt gerne eine Verkleidung, um sich zu verstecken, wenn er in die \u00d6ffentlichkeit geht\"}]},{\"@type\":\"WebSite\",\"@id\":\"https:\/\/now-news.de\/de\/#website\",\"url\":\"https:\/\/now-news.de\/de\/\",\"name\":\"just-now.NEWS Deutschland\",\"description\":\"Das Portal f\u00fcr unzensierte Nachrichten aus der Welt\",\"publisher\":{\"@id\":\"https:\/\/now-news.de\/de\/#organization\"},\"potentialAction\":[{\"@type\":\"SearchAction\",\"target\":{\"@type\":\"EntryPoint\",\"urlTemplate\":\"https:\/\/now-news.de\/de\/?s={search_term_string}\"},\"query-input\":\"required name=search_term_string\"}],\"inLanguage\":\"de\"},{\"@type\":\"Organization\",\"@id\":\"https:\/\/now-news.de\/de\/#organization\",\"name\":\"Just Now News\",\"url\":\"https:\/\/now-news.de\/de\/\",\"logo\":{\"@type\":\"ImageObject\",\"inLanguage\":\"de\",\"@id\":\"https:\/\/now-news.de\/de\/#\/schema\/logo\/image\/\",\"url\":\"http:\/\/just-now.news\/de\/wp-content\/uploads\/sites\/3\/2022\/04\/logo500x500.jpg\",\"contentUrl\":\"http:\/\/just-now.news\/de\/wp-content\/uploads\/sites\/3\/2022\/04\/logo500x500.jpg\",\"width\":500,\"height\":500,\"caption\":\"Just Now News\"},\"image\":{\"@id\":\"https:\/\/now-news.de\/de\/#\/schema\/logo\/image\/\"},\"sameAs\":[\"https:\/\/www.facebook.com\/wirmachenauf\",\"https:\/\/x.com\/WirMachenAuf_de\"]},{\"@type\":\"Person\",\"@id\":\"https:\/\/now-news.de\/de\/#\/schema\/person\/8afb4cd92b68572db7902c13a349ffcb\",\"name\":\"greatreset\",\"image\":{\"@type\":\"ImageObject\",\"inLanguage\":\"de\",\"@id\":\"https:\/\/now-news.de\/de\/#\/schema\/person\/image\/\",\"url\":\"https:\/\/secure.gravatar.com\/avatar\/a088df625d49991c090e78c8b9542592?s=96&d=mm&r=g\",\"contentUrl\":\"https:\/\/secure.gravatar.com\/avatar\/a088df625d49991c090e78c8b9542592?s=96&d=mm&r=g\",\"caption\":\"greatreset\"},\"url\":\"https:\/\/now-news.de\/de\/author\/greatreset\/\"}]}<\/script>\n<!-- \/ Yoast SEO Premium plugin. -->","yoast_head_json":{"title":"Dirtbag Mitt Romney tr\u00e4gt gerne eine Verkleidung, um sich zu verstecken, wenn er in die \u00d6ffentlichkeit geht - just-now.NEWS Deutschland","robots":{"index":"index","follow":"follow","max-snippet":"max-snippet:-1","max-image-preview":"max-image-preview:large","max-video-preview":"max-video-preview:-1"},"canonical":"https:\/\/now-news.de\/de\/usa\/dirtbag-mitt-romney-traegt-gerne-eine-verkleidung-um-sich-zu-verstecken-wenn-er-in-die-oeffentlichkeit-geht\/","og_locale":"de_DE","og_type":"article","og_title":"Dirtbag Mitt Romney tr\u00e4gt gerne eine Verkleidung, um sich zu verstecken, wenn er in die \u00d6ffentlichkeit geht","og_description":"Es ist wahrscheinlich am besten. Mitt Romney tr\u00e4gt eine Verkleidung, wenn er in Palm Beach, Florida, in die \u00d6ffentlichkeit geht. Das sagte er den Autoren Jonathan Martin und Alex Burns in ihrem neuen Buch \u201eThis Will Not Pass: Trump, Biden, and the Battle for America\u2019s Future\u201c. Werbung \u2013 die Geschichte geht unten weiter Mitt ist [&hellip;]","og_url":"https:\/\/now-news.de\/de\/usa\/dirtbag-mitt-romney-traegt-gerne-eine-verkleidung-um-sich-zu-verstecken-wenn-er-in-die-oeffentlichkeit-geht\/","og_site_name":"just-now.NEWS Deutschland","article_publisher":"https:\/\/www.facebook.com\/wirmachenauf","article_published_time":"2022-05-01T19:38:00+00:00","og_image":[{"width":418,"height":286,"url":"https:\/\/now-news.de\/de\/wp-content\/uploads\/sites\/3\/2022\/05\/Dirtbag-Mitt-Romney-traegt-gerne-eine-Verkleidung-um-sich-zu.jpg","type":"image\/jpeg"}],"author":"greatreset","twitter_card":"summary_large_image","twitter_creator":"@WirMachenAuf_de","twitter_site":"@WirMachenAuf_de","twitter_misc":{"Verfasst von":"greatreset","Gesch\u00e4tzte Lesezeit":"2\u00a0Minuten"},"schema":{"@context":"https:\/\/schema.org","@graph":[{"@type":"Article","@id":"https:\/\/now-news.de\/de\/usa\/dirtbag-mitt-romney-traegt-gerne-eine-verkleidung-um-sich-zu-verstecken-wenn-er-in-die-oeffentlichkeit-geht\/#article","isPartOf":{"@id":"https:\/\/now-news.de\/de\/usa\/dirtbag-mitt-romney-traegt-gerne-eine-verkleidung-um-sich-zu-verstecken-wenn-er-in-die-oeffentlichkeit-geht\/"},"author":{"name":"greatreset","@id":"https:\/\/now-news.de\/de\/#\/schema\/person\/8afb4cd92b68572db7902c13a349ffcb"},"headline":"Dirtbag Mitt Romney tr\u00e4gt gerne eine Verkleidung, um sich zu verstecken, wenn er in die \u00d6ffentlichkeit geht","datePublished":"2022-05-01T19:38:00+00:00","dateModified":"2022-05-01T19:38:00+00:00","mainEntityOfPage":{"@id":"https:\/\/now-news.de\/de\/usa\/dirtbag-mitt-romney-traegt-gerne-eine-verkleidung-um-sich-zu-verstecken-wenn-er-in-die-oeffentlichkeit-geht\/"},"wordCount":371,"commentCount":0,"publisher":{"@id":"https:\/\/now-news.de\/de\/#organization"},"image":{"@id":"https:\/\/now-news.de\/de\/usa\/dirtbag-mitt-romney-traegt-gerne-eine-verkleidung-um-sich-zu-verstecken-wenn-er-in-die-oeffentlichkeit-geht\/#primaryimage"},"thumbnailUrl":"https:\/\/now-news.de\/de\/wp-content\/uploads\/sites\/3\/2022\/05\/Dirtbag-Mitt-Romney-traegt-gerne-eine-Verkleidung-um-sich-zu.jpg","keywords":["die","Dirtbag","eine","Geht","gerne","Mitt","\u00d6ffentlichkeit","Romney","sich","tr\u00e4gt","Verkleidung","verstecken","wenn"],"articleSection":["USA"],"inLanguage":"de","potentialAction":[{"@type":"CommentAction","name":"Comment","target":["https:\/\/now-news.de\/de\/usa\/dirtbag-mitt-romney-traegt-gerne-eine-verkleidung-um-sich-zu-verstecken-wenn-er-in-die-oeffentlichkeit-geht\/#respond"]}]},{"@type":"WebPage","@id":"https:\/\/now-news.de\/de\/usa\/dirtbag-mitt-romney-traegt-gerne-eine-verkleidung-um-sich-zu-verstecken-wenn-er-in-die-oeffentlichkeit-geht\/","url":"https:\/\/now-news.de\/de\/usa\/dirtbag-mitt-romney-traegt-gerne-eine-verkleidung-um-sich-zu-verstecken-wenn-er-in-die-oeffentlichkeit-geht\/","name":"Dirtbag Mitt Romney tr\u00e4gt gerne eine Verkleidung, um sich zu verstecken, wenn er in die \u00d6ffentlichkeit geht - just-now.NEWS Deutschland","isPartOf":{"@id":"https:\/\/now-news.de\/de\/#website"},"primaryImageOfPage":{"@id":"https:\/\/now-news.de\/de\/usa\/dirtbag-mitt-romney-traegt-gerne-eine-verkleidung-um-sich-zu-verstecken-wenn-er-in-die-oeffentlichkeit-geht\/#primaryimage"},"image":{"@id":"https:\/\/now-news.de\/de\/usa\/dirtbag-mitt-romney-traegt-gerne-eine-verkleidung-um-sich-zu-verstecken-wenn-er-in-die-oeffentlichkeit-geht\/#primaryimage"},"thumbnailUrl":"https:\/\/now-news.de\/de\/wp-content\/uploads\/sites\/3\/2022\/05\/Dirtbag-Mitt-Romney-traegt-gerne-eine-Verkleidung-um-sich-zu.jpg","datePublished":"2022-05-01T19:38:00+00:00","dateModified":"2022-05-01T19:38:00+00:00","breadcrumb":{"@id":"https:\/\/now-news.de\/de\/usa\/dirtbag-mitt-romney-traegt-gerne-eine-verkleidung-um-sich-zu-verstecken-wenn-er-in-die-oeffentlichkeit-geht\/#breadcrumb"},"inLanguage":"de","potentialAction":[{"@type":"ReadAction","target":["https:\/\/now-news.de\/de\/usa\/dirtbag-mitt-romney-traegt-gerne-eine-verkleidung-um-sich-zu-verstecken-wenn-er-in-die-oeffentlichkeit-geht\/"]}]},{"@type":"ImageObject","inLanguage":"de","@id":"https:\/\/now-news.de\/de\/usa\/dirtbag-mitt-romney-traegt-gerne-eine-verkleidung-um-sich-zu-verstecken-wenn-er-in-die-oeffentlichkeit-geht\/#primaryimage","url":"https:\/\/now-news.de\/de\/wp-content\/uploads\/sites\/3\/2022\/05\/Dirtbag-Mitt-Romney-traegt-gerne-eine-Verkleidung-um-sich-zu.jpg","contentUrl":"https:\/\/now-news.de\/de\/wp-content\/uploads\/sites\/3\/2022\/05\/Dirtbag-Mitt-Romney-traegt-gerne-eine-Verkleidung-um-sich-zu.jpg","width":418,"height":286},{"@type":"BreadcrumbList","@id":"https:\/\/now-news.de\/de\/usa\/dirtbag-mitt-romney-traegt-gerne-eine-verkleidung-um-sich-zu-verstecken-wenn-er-in-die-oeffentlichkeit-geht\/#breadcrumb","itemListElement":[{"@type":"ListItem","position":1,"name":"Home","item":"https:\/\/now-news.de\/de\/"},{"@type":"ListItem","position":2,"name":"Dirtbag Mitt Romney tr\u00e4gt gerne eine Verkleidung, um sich zu verstecken, wenn er in die \u00d6ffentlichkeit geht"}]},{"@type":"WebSite","@id":"https:\/\/now-news.de\/de\/#website","url":"https:\/\/now-news.de\/de\/","name":"just-now.NEWS Deutschland","description":"Das Portal f\u00fcr unzensierte Nachrichten aus der Welt","publisher":{"@id":"https:\/\/now-news.de\/de\/#organization"},"potentialAction":[{"@type":"SearchAction","target":{"@type":"EntryPoint","urlTemplate":"https:\/\/now-news.de\/de\/?s={search_term_string}"},"query-input":"required name=search_term_string"}],"inLanguage":"de"},{"@type":"Organization","@id":"https:\/\/now-news.de\/de\/#organization","name":"Just Now News","url":"https:\/\/now-news.de\/de\/","logo":{"@type":"ImageObject","inLanguage":"de","@id":"https:\/\/now-news.de\/de\/#\/schema\/logo\/image\/","url":"http:\/\/just-now.news\/de\/wp-content\/uploads\/sites\/3\/2022\/04\/logo500x500.jpg","contentUrl":"http:\/\/just-now.news\/de\/wp-content\/uploads\/sites\/3\/2022\/04\/logo500x500.jpg","width":500,"height":500,"caption":"Just Now News"},"image":{"@id":"https:\/\/now-news.de\/de\/#\/schema\/logo\/image\/"},"sameAs":["https:\/\/www.facebook.com\/wirmachenauf","https:\/\/x.com\/WirMachenAuf_de"]},{"@type":"Person","@id":"https:\/\/now-news.de\/de\/#\/schema\/person\/8afb4cd92b68572db7902c13a349ffcb","name":"greatreset","image":{"@type":"ImageObject","inLanguage":"de","@id":"https:\/\/now-news.de\/de\/#\/schema\/person\/image\/","url":"https:\/\/secure.gravatar.com\/avatar\/a088df625d49991c090e78c8b9542592?s=96&d=mm&r=g","contentUrl":"https:\/\/secure.gravatar.com\/avatar\/a088df625d49991c090e78c8b9542592?s=96&d=mm&r=g","caption":"greatreset"},"url":"https:\/\/now-news.de\/de\/author\/greatreset\/"}]}},"_links":{"self":[{"href":"https:\/\/now-news.de\/de\/wp-json\/wp\/v2\/posts\/5738"}],"collection":[{"href":"https:\/\/now-news.de\/de\/wp-json\/wp\/v2\/posts"}],"about":[{"href":"https:\/\/now-news.de\/de\/wp-json\/wp\/v2\/types\/post"}],"author":[{"embeddable":true,"href":"https:\/\/now-news.de\/de\/wp-json\/wp\/v2\/users\/5"}],"replies":[{"embeddable":true,"href":"https:\/\/now-news.de\/de\/wp-json\/wp\/v2\/comments?post=5738"}],"version-history":[{"count":0,"href":"https:\/\/now-news.de\/de\/wp-json\/wp\/v2\/posts\/5738\/revisions"}],"wp:featuredmedia":[{"embeddable":true,"href":"https:\/\/now-news.de\/de\/wp-json\/wp\/v2\/media\/5739"}],"wp:attachment":[{"href":"https:\/\/now-news.de\/de\/wp-json\/wp\/v2\/media?parent=5738"}],"wp:term":[{"taxonomy":"category","embeddable":true,"href":"https:\/\/now-news.de\/de\/wp-json\/wp\/v2\/categories?post=5738"},{"taxonomy":"post_tag","embeddable":true,"href":"https:\/\/now-news.de\/de\/wp-json\/wp\/v2\/tags?post=5738"}],"curies":[{"name":"wp","href":"https:\/\/api.w.org\/{rel}","templated":true}]}}