{"id":57362,"date":"2024-03-19T12:05:28","date_gmt":"2024-03-19T10:05:28","guid":{"rendered":"https:\/\/just-now.news\/de\/deutschland\/neue-insa-umfrage-spd-und-afd-legen-zu\/"},"modified":"2024-03-19T12:05:28","modified_gmt":"2024-03-19T10:05:28","slug":"neue-insa-umfrage-spd-und-afd-legen-zu","status":"publish","type":"post","link":"https:\/\/now-news.de\/de\/deutschland\/neue-insa-umfrage-spd-und-afd-legen-zu\/","title":{"rendered":"Neue INSA-Umfrage: SPD und AfD legen zu"},"content":{"rendered":"<p><img decoding=\"async\" src=\"http:\/\/just-now.news\/de\/wp-content\/uploads\/sites\/3\/2024\/03\/65f9523b48fbef7ce72d9323.jpg\" \/><\/p>\n<div class=\"Text-root Text-type_1 \">\n                Und schon wieder eine neue Umfrage. Sie zeigt die Spuren der aktuellen Debatte \u00fcber eine m\u00f6gliche Lieferung von Taurus-Marschflugk\u00f6rpern in die Ukraine. SPD und AfD lehnen diese Lieferung ab \u2013 und k\u00f6nnen zulegen. Union, Gr\u00fcne und FDP lassen Federn.\n            <\/div>\n<p><\/p>\n<div class=\"Text-root Text-type_5 ArticleView-text ViewText-root \">\n<p>Die SPD hat in einer aktuellen Umfrage gleich eineinhalb Prozentpunkte zulegen k\u00f6nnen. Das ist das Ergebnis des aktuellen\u00a0INSA-Meinungstrends f\u00fcr das Springerblatt <em>Bild<\/em>, nicht zu verwechseln mit der INSA-Sonntagsfrage.<\/p>\n<p>Demnach steht die\u00a0Kanzlerpartei zum ersten Mal seit Januar wieder bei 16 Prozent. Auch die AfD kann einen Prozentpunkt zulegen und kommt nun auf 19,5 Prozent. Damit bleibt sie zweitst\u00e4rkste Kraft.<\/p>\n<p>St\u00e4rkste Kraft bleibt die Union, die aber\u00a0eineinhalb Prozentpunkte abgeben muss und nun auf 29,5 Prozent kommt. Damit liegt sie im Meinungstrend zum ersten Mal seit Dezember 2023 wieder unter der 30-Prozentmarke. Verluste verzeichnen auch Gr\u00fcne und FDP. Beide verlieren einen halben Prozentpunkt und kommen nun auf zw\u00f6lf bzw. f\u00fcnf Prozent.\u00a0Stabil bleiben das BSW bei 6,5, die Rest-Linke bei 3,5 Prozent und die Freien W\u00e4hler bei 2,5 Prozent.<\/p>\n<div class=\"EmbedBlock-root EmbedBlock-twitter\">\n<div class=\"TwitterEmbed\">\n<blockquote class=\"twitter-tweet lazyload\" data-twitter=\"twitter-tweet\">\n<p lang=\"de\" dir=\"ltr\">Sonntagsfrage zur Bundestagswahl \u2022 INSA\/BILD: CDU\/CSU 29,5 % | AfD 19,5 % | SPD 16 % | GR\u00dcNE 12 % | BSW 6,5 % | FDP 5 % | DIE LINKE 3,5 % | FREIE W\u00c4HLER 2,5 % | Sonstige 5,5 %\u27a4 \u00dcbersicht: <a rel=\"nofollow noopener\" target=\"_blank\" href=\"https:\/\/t.co\/Gzilw3J3L9\">https:\/\/t.co\/Gzilw3J3L9<\/a>\u27a4 Verlauf: <a rel=\"nofollow noopener\" target=\"_blank\" href=\"https:\/\/t.co\/vnhJf7ub9S\">https:\/\/t.co\/vnhJf7ub9S<\/a><a rel=\"nofollow noopener\" target=\"_blank\" href=\"https:\/\/t.co\/UfPPCVRjdo\">pic.twitter.com\/UfPPCVRjdo<\/a><\/p>\n<p>\u2014 Wahlrecht.de (@Wahlrecht_de) <a rel=\"nofollow noopener\" target=\"_blank\" href=\"https:\/\/twitter.com\/Wahlrecht_de\/status\/1769812897683702099?ref_src=twsrc%5Etfw\">March 18, 2024<\/a><\/p><\/blockquote>\n<\/div>\n<\/div>\n<p>Die Ergebnisse der Umfrage lassen sich als Folge um die m\u00f6gliche Lieferung von Taurus-Marschflugk\u00f6rpern an die Regierung in Kiew verstehen. SPD und AfD sind gegen eine Lieferung, Union, FDP und Gr\u00fcne sind daf\u00fcr. Die\u00a0 gro\u00dfe Mehrheit der Bev\u00f6lkerung lehnt die Taurus-Lieferung ab.<\/p>\n<p><strong>Mehr zum Thema<\/strong>\u00a0&#8211;\u00a0<a rel=\"nofollow noopener\" target=\"_blank\" href=\"https:\/\/freedert.online\/inland\/193972-umfrage-hammer-in-sachsen-afd\/\">Umfrage-Hammer in Sachsen: AfD bei 35 Prozent \u2013 BSW mit 8 Prozent prescht an Ampel-Parteien vorbei<\/a><\/p>\n<div class=\"EmbedBlock-root EmbedBlock-externalVideo EmbedBlock-odysee\">\n<div class=\"VkEmbed\"><iframe class=\"lazyload\" data-src=\"https:\/\/odysee.com\/%24\/embed\/%40RTDE%3Ae%2FDie-Kl%C3%BCgeren-werden-sich-Gedanken-machen-Putin-erwartet-Vernunft-von-den-Deutschen%3A2\" frameborder=\"0\" width=\"853\" height=\"480\" allowfullscreen><\/iframe><\/div>\n<\/div>\n<\/div>\n<p><script async src=\"https:\/\/platform.twitter.com\/widgets.js\" charset=\"utf-8\"><\/script><br \/>\n<br \/><br \/>\n<br \/><a href=\"https:\/\/de.rt.com\/inland\/199859-neue-insa-umfrage-spd-und\/\">Source link <\/a><\/p>\n","protected":false},"excerpt":{"rendered":"<p>Und schon wieder eine neue Umfrage. Sie zeigt die Spuren der aktuellen Debatte \u00fcber eine m\u00f6gliche Lieferung von Taurus-Marschflugk\u00f6rpern in die Ukraine. SPD und AfD lehnen diese Lieferung ab \u2013 und k\u00f6nnen zulegen. Union, Gr\u00fcne und FDP lassen Federn. Die SPD hat in einer aktuellen Umfrage gleich eineinhalb Prozentpunkte zulegen k\u00f6nnen. Das ist das Ergebnis [&hellip;]<\/p>\n","protected":false},"author":3,"featured_media":57363,"comment_status":"open","ping_status":"open","sticky":false,"template":"","format":"standard","meta":{"_yoast_indexnow_last_ping":["1710843400"],"wp_automatic_camp":["217"],"9cd42242ba5da044fc0e7f327decf930":["Neue INSA-Umfrage: SPD und AfD legen zu"],"original_link":["https:\/\/de.rt.com\/inland\/199859-neue-insa-umfrage-spd-und\/"],"_thumbnail_id":["57363"],"_wptgpro_p2tg_sent2tg":["a:1:{i:23737;s:19:\"2024-03-19 12:17:50\";}"],"jnews_social_counter_last_update":["1777371116"]},"categories":[19,23],"tags":[3815,44051,28400,1227,3814,140],"yoast_head":"<!-- This site is optimized with the Yoast SEO Premium plugin v22.7 (Yoast SEO v22.7) - https:\/\/yoast.com\/wordpress\/plugins\/seo\/ -->\n<title>Neue INSA-Umfrage: SPD und AfD legen zu - just-now.NEWS Deutschland<\/title>\n<meta name=\"robots\" content=\"index, follow, max-snippet:-1, max-image-preview:large, max-video-preview:-1\" \/>\n<link rel=\"canonical\" href=\"https:\/\/now-news.de\/de\/deutschland\/neue-insa-umfrage-spd-und-afd-legen-zu\/\" \/>\n<meta property=\"og:locale\" content=\"de_DE\" \/>\n<meta property=\"og:type\" content=\"article\" \/>\n<meta property=\"og:title\" content=\"Neue INSA-Umfrage: SPD und AfD legen zu\" \/>\n<meta property=\"og:description\" content=\"Und schon wieder eine neue Umfrage. Sie zeigt die Spuren der aktuellen Debatte \u00fcber eine m\u00f6gliche Lieferung von Taurus-Marschflugk\u00f6rpern in die Ukraine. SPD und AfD lehnen diese Lieferung ab \u2013 und k\u00f6nnen zulegen. Union, Gr\u00fcne und FDP lassen Federn. Die SPD hat in einer aktuellen Umfrage gleich eineinhalb Prozentpunkte zulegen k\u00f6nnen. Das ist das Ergebnis [&hellip;]\" \/>\n<meta property=\"og:url\" content=\"https:\/\/now-news.de\/de\/deutschland\/neue-insa-umfrage-spd-und-afd-legen-zu\/\" \/>\n<meta property=\"og:site_name\" content=\"just-now.NEWS Deutschland\" \/>\n<meta property=\"article:publisher\" content=\"https:\/\/www.facebook.com\/wirmachenauf\" \/>\n<meta property=\"article:published_time\" content=\"2024-03-19T10:05:28+00:00\" \/>\n<meta property=\"og:image\" content=\"https:\/\/now-news.de\/de\/wp-content\/uploads\/sites\/3\/2024\/03\/Neue-INSA-Umfrage-SPD-und-AfD-legen-zu.jpg\" \/>\n\t<meta property=\"og:image:width\" content=\"460\" \/>\n\t<meta property=\"og:image:height\" content=\"259\" \/>\n\t<meta property=\"og:image:type\" content=\"image\/jpeg\" \/>\n<meta name=\"author\" content=\"rtnews\" \/>\n<meta name=\"twitter:card\" content=\"summary_large_image\" \/>\n<meta name=\"twitter:creator\" content=\"@WirMachenAuf_de\" \/>\n<meta name=\"twitter:site\" content=\"@WirMachenAuf_de\" \/>\n<meta name=\"twitter:label1\" content=\"Verfasst von\" \/>\n\t<meta name=\"twitter:data1\" content=\"rtnews\" \/>\n\t<meta name=\"twitter:label2\" content=\"Gesch\u00e4tzte Lesezeit\" \/>\n\t<meta name=\"twitter:data2\" content=\"1\u00a0Minute\" \/>\n<script type=\"application\/ld+json\" class=\"yoast-schema-graph\">{\"@context\":\"https:\/\/schema.org\",\"@graph\":[{\"@type\":\"Article\",\"@id\":\"https:\/\/now-news.de\/de\/deutschland\/neue-insa-umfrage-spd-und-afd-legen-zu\/#article\",\"isPartOf\":{\"@id\":\"https:\/\/now-news.de\/de\/deutschland\/neue-insa-umfrage-spd-und-afd-legen-zu\/\"},\"author\":{\"name\":\"rtnews\",\"@id\":\"https:\/\/now-news.de\/de\/#\/schema\/person\/fb534a4e865501d8b3285208df34a9b5\"},\"headline\":\"Neue INSA-Umfrage: SPD und AfD legen zu\",\"datePublished\":\"2024-03-19T10:05:28+00:00\",\"dateModified\":\"2024-03-19T10:05:28+00:00\",\"mainEntityOfPage\":{\"@id\":\"https:\/\/now-news.de\/de\/deutschland\/neue-insa-umfrage-spd-und-afd-legen-zu\/\"},\"wordCount\":289,\"commentCount\":0,\"publisher\":{\"@id\":\"https:\/\/now-news.de\/de\/#organization\"},\"image\":{\"@id\":\"https:\/\/now-news.de\/de\/deutschland\/neue-insa-umfrage-spd-und-afd-legen-zu\/#primaryimage\"},\"thumbnailUrl\":\"https:\/\/now-news.de\/de\/wp-content\/uploads\/sites\/3\/2024\/03\/Neue-INSA-Umfrage-SPD-und-AfD-legen-zu.jpg\",\"keywords\":[\"AfD\",\"INSAUmfrage\",\"legen\",\"NEUE\",\"SPD\",\"und\"],\"articleSection\":[\"Deutschland\",\"Russland\"],\"inLanguage\":\"de\",\"potentialAction\":[{\"@type\":\"CommentAction\",\"name\":\"Comment\",\"target\":[\"https:\/\/now-news.de\/de\/deutschland\/neue-insa-umfrage-spd-und-afd-legen-zu\/#respond\"]}]},{\"@type\":\"WebPage\",\"@id\":\"https:\/\/now-news.de\/de\/deutschland\/neue-insa-umfrage-spd-und-afd-legen-zu\/\",\"url\":\"https:\/\/now-news.de\/de\/deutschland\/neue-insa-umfrage-spd-und-afd-legen-zu\/\",\"name\":\"Neue INSA-Umfrage: SPD und AfD legen zu - just-now.NEWS Deutschland\",\"isPartOf\":{\"@id\":\"https:\/\/now-news.de\/de\/#website\"},\"primaryImageOfPage\":{\"@id\":\"https:\/\/now-news.de\/de\/deutschland\/neue-insa-umfrage-spd-und-afd-legen-zu\/#primaryimage\"},\"image\":{\"@id\":\"https:\/\/now-news.de\/de\/deutschland\/neue-insa-umfrage-spd-und-afd-legen-zu\/#primaryimage\"},\"thumbnailUrl\":\"https:\/\/now-news.de\/de\/wp-content\/uploads\/sites\/3\/2024\/03\/Neue-INSA-Umfrage-SPD-und-AfD-legen-zu.jpg\",\"datePublished\":\"2024-03-19T10:05:28+00:00\",\"dateModified\":\"2024-03-19T10:05:28+00:00\",\"breadcrumb\":{\"@id\":\"https:\/\/now-news.de\/de\/deutschland\/neue-insa-umfrage-spd-und-afd-legen-zu\/#breadcrumb\"},\"inLanguage\":\"de\",\"potentialAction\":[{\"@type\":\"ReadAction\",\"target\":[\"https:\/\/now-news.de\/de\/deutschland\/neue-insa-umfrage-spd-und-afd-legen-zu\/\"]}]},{\"@type\":\"ImageObject\",\"inLanguage\":\"de\",\"@id\":\"https:\/\/now-news.de\/de\/deutschland\/neue-insa-umfrage-spd-und-afd-legen-zu\/#primaryimage\",\"url\":\"https:\/\/now-news.de\/de\/wp-content\/uploads\/sites\/3\/2024\/03\/Neue-INSA-Umfrage-SPD-und-AfD-legen-zu.jpg\",\"contentUrl\":\"https:\/\/now-news.de\/de\/wp-content\/uploads\/sites\/3\/2024\/03\/Neue-INSA-Umfrage-SPD-und-AfD-legen-zu.jpg\",\"width\":460,\"height\":259,\"caption\":\"Neue INSA-Umfrage: SPD und AfD legen zu\"},{\"@type\":\"BreadcrumbList\",\"@id\":\"https:\/\/now-news.de\/de\/deutschland\/neue-insa-umfrage-spd-und-afd-legen-zu\/#breadcrumb\",\"itemListElement\":[{\"@type\":\"ListItem\",\"position\":1,\"name\":\"Home\",\"item\":\"https:\/\/now-news.de\/de\/\"},{\"@type\":\"ListItem\",\"position\":2,\"name\":\"Neue INSA-Umfrage: SPD und AfD legen zu\"}]},{\"@type\":\"WebSite\",\"@id\":\"https:\/\/now-news.de\/de\/#website\",\"url\":\"https:\/\/now-news.de\/de\/\",\"name\":\"just-now.NEWS Deutschland\",\"description\":\"Das Portal f\u00fcr unzensierte Nachrichten aus der Welt\",\"publisher\":{\"@id\":\"https:\/\/now-news.de\/de\/#organization\"},\"potentialAction\":[{\"@type\":\"SearchAction\",\"target\":{\"@type\":\"EntryPoint\",\"urlTemplate\":\"https:\/\/now-news.de\/de\/?s={search_term_string}\"},\"query-input\":\"required name=search_term_string\"}],\"inLanguage\":\"de\"},{\"@type\":\"Organization\",\"@id\":\"https:\/\/now-news.de\/de\/#organization\",\"name\":\"Just Now News\",\"url\":\"https:\/\/now-news.de\/de\/\",\"logo\":{\"@type\":\"ImageObject\",\"inLanguage\":\"de\",\"@id\":\"https:\/\/now-news.de\/de\/#\/schema\/logo\/image\/\",\"url\":\"http:\/\/just-now.news\/de\/wp-content\/uploads\/sites\/3\/2022\/04\/logo500x500.jpg\",\"contentUrl\":\"http:\/\/just-now.news\/de\/wp-content\/uploads\/sites\/3\/2022\/04\/logo500x500.jpg\",\"width\":500,\"height\":500,\"caption\":\"Just Now News\"},\"image\":{\"@id\":\"https:\/\/now-news.de\/de\/#\/schema\/logo\/image\/\"},\"sameAs\":[\"https:\/\/www.facebook.com\/wirmachenauf\",\"https:\/\/x.com\/WirMachenAuf_de\"]},{\"@type\":\"Person\",\"@id\":\"https:\/\/now-news.de\/de\/#\/schema\/person\/fb534a4e865501d8b3285208df34a9b5\",\"name\":\"rtnews\",\"image\":{\"@type\":\"ImageObject\",\"inLanguage\":\"de\",\"@id\":\"https:\/\/now-news.de\/de\/#\/schema\/person\/image\/\",\"url\":\"https:\/\/secure.gravatar.com\/avatar\/82aafea7d8127119dd649515f56e2117?s=96&d=mm&r=g\",\"contentUrl\":\"https:\/\/secure.gravatar.com\/avatar\/82aafea7d8127119dd649515f56e2117?s=96&d=mm&r=g\",\"caption\":\"rtnews\"},\"url\":\"https:\/\/now-news.de\/de\/author\/rnews\/\"}]}<\/script>\n<!-- \/ Yoast SEO Premium plugin. -->","yoast_head_json":{"title":"Neue INSA-Umfrage: SPD und AfD legen zu - just-now.NEWS Deutschland","robots":{"index":"index","follow":"follow","max-snippet":"max-snippet:-1","max-image-preview":"max-image-preview:large","max-video-preview":"max-video-preview:-1"},"canonical":"https:\/\/now-news.de\/de\/deutschland\/neue-insa-umfrage-spd-und-afd-legen-zu\/","og_locale":"de_DE","og_type":"article","og_title":"Neue INSA-Umfrage: SPD und AfD legen zu","og_description":"Und schon wieder eine neue Umfrage. Sie zeigt die Spuren der aktuellen Debatte \u00fcber eine m\u00f6gliche Lieferung von Taurus-Marschflugk\u00f6rpern in die Ukraine. SPD und AfD lehnen diese Lieferung ab \u2013 und k\u00f6nnen zulegen. Union, Gr\u00fcne und FDP lassen Federn. Die SPD hat in einer aktuellen Umfrage gleich eineinhalb Prozentpunkte zulegen k\u00f6nnen. Das ist das Ergebnis [&hellip;]","og_url":"https:\/\/now-news.de\/de\/deutschland\/neue-insa-umfrage-spd-und-afd-legen-zu\/","og_site_name":"just-now.NEWS Deutschland","article_publisher":"https:\/\/www.facebook.com\/wirmachenauf","article_published_time":"2024-03-19T10:05:28+00:00","og_image":[{"width":460,"height":259,"url":"https:\/\/now-news.de\/de\/wp-content\/uploads\/sites\/3\/2024\/03\/Neue-INSA-Umfrage-SPD-und-AfD-legen-zu.jpg","type":"image\/jpeg"}],"author":"rtnews","twitter_card":"summary_large_image","twitter_creator":"@WirMachenAuf_de","twitter_site":"@WirMachenAuf_de","twitter_misc":{"Verfasst von":"rtnews","Gesch\u00e4tzte Lesezeit":"1\u00a0Minute"},"schema":{"@context":"https:\/\/schema.org","@graph":[{"@type":"Article","@id":"https:\/\/now-news.de\/de\/deutschland\/neue-insa-umfrage-spd-und-afd-legen-zu\/#article","isPartOf":{"@id":"https:\/\/now-news.de\/de\/deutschland\/neue-insa-umfrage-spd-und-afd-legen-zu\/"},"author":{"name":"rtnews","@id":"https:\/\/now-news.de\/de\/#\/schema\/person\/fb534a4e865501d8b3285208df34a9b5"},"headline":"Neue INSA-Umfrage: SPD und AfD legen zu","datePublished":"2024-03-19T10:05:28+00:00","dateModified":"2024-03-19T10:05:28+00:00","mainEntityOfPage":{"@id":"https:\/\/now-news.de\/de\/deutschland\/neue-insa-umfrage-spd-und-afd-legen-zu\/"},"wordCount":289,"commentCount":0,"publisher":{"@id":"https:\/\/now-news.de\/de\/#organization"},"image":{"@id":"https:\/\/now-news.de\/de\/deutschland\/neue-insa-umfrage-spd-und-afd-legen-zu\/#primaryimage"},"thumbnailUrl":"https:\/\/now-news.de\/de\/wp-content\/uploads\/sites\/3\/2024\/03\/Neue-INSA-Umfrage-SPD-und-AfD-legen-zu.jpg","keywords":["AfD","INSAUmfrage","legen","NEUE","SPD","und"],"articleSection":["Deutschland","Russland"],"inLanguage":"de","potentialAction":[{"@type":"CommentAction","name":"Comment","target":["https:\/\/now-news.de\/de\/deutschland\/neue-insa-umfrage-spd-und-afd-legen-zu\/#respond"]}]},{"@type":"WebPage","@id":"https:\/\/now-news.de\/de\/deutschland\/neue-insa-umfrage-spd-und-afd-legen-zu\/","url":"https:\/\/now-news.de\/de\/deutschland\/neue-insa-umfrage-spd-und-afd-legen-zu\/","name":"Neue INSA-Umfrage: SPD und AfD legen zu - just-now.NEWS Deutschland","isPartOf":{"@id":"https:\/\/now-news.de\/de\/#website"},"primaryImageOfPage":{"@id":"https:\/\/now-news.de\/de\/deutschland\/neue-insa-umfrage-spd-und-afd-legen-zu\/#primaryimage"},"image":{"@id":"https:\/\/now-news.de\/de\/deutschland\/neue-insa-umfrage-spd-und-afd-legen-zu\/#primaryimage"},"thumbnailUrl":"https:\/\/now-news.de\/de\/wp-content\/uploads\/sites\/3\/2024\/03\/Neue-INSA-Umfrage-SPD-und-AfD-legen-zu.jpg","datePublished":"2024-03-19T10:05:28+00:00","dateModified":"2024-03-19T10:05:28+00:00","breadcrumb":{"@id":"https:\/\/now-news.de\/de\/deutschland\/neue-insa-umfrage-spd-und-afd-legen-zu\/#breadcrumb"},"inLanguage":"de","potentialAction":[{"@type":"ReadAction","target":["https:\/\/now-news.de\/de\/deutschland\/neue-insa-umfrage-spd-und-afd-legen-zu\/"]}]},{"@type":"ImageObject","inLanguage":"de","@id":"https:\/\/now-news.de\/de\/deutschland\/neue-insa-umfrage-spd-und-afd-legen-zu\/#primaryimage","url":"https:\/\/now-news.de\/de\/wp-content\/uploads\/sites\/3\/2024\/03\/Neue-INSA-Umfrage-SPD-und-AfD-legen-zu.jpg","contentUrl":"https:\/\/now-news.de\/de\/wp-content\/uploads\/sites\/3\/2024\/03\/Neue-INSA-Umfrage-SPD-und-AfD-legen-zu.jpg","width":460,"height":259,"caption":"Neue INSA-Umfrage: SPD und AfD legen zu"},{"@type":"BreadcrumbList","@id":"https:\/\/now-news.de\/de\/deutschland\/neue-insa-umfrage-spd-und-afd-legen-zu\/#breadcrumb","itemListElement":[{"@type":"ListItem","position":1,"name":"Home","item":"https:\/\/now-news.de\/de\/"},{"@type":"ListItem","position":2,"name":"Neue INSA-Umfrage: SPD und AfD legen zu"}]},{"@type":"WebSite","@id":"https:\/\/now-news.de\/de\/#website","url":"https:\/\/now-news.de\/de\/","name":"just-now.NEWS Deutschland","description":"Das Portal f\u00fcr unzensierte Nachrichten aus der Welt","publisher":{"@id":"https:\/\/now-news.de\/de\/#organization"},"potentialAction":[{"@type":"SearchAction","target":{"@type":"EntryPoint","urlTemplate":"https:\/\/now-news.de\/de\/?s={search_term_string}"},"query-input":"required name=search_term_string"}],"inLanguage":"de"},{"@type":"Organization","@id":"https:\/\/now-news.de\/de\/#organization","name":"Just Now News","url":"https:\/\/now-news.de\/de\/","logo":{"@type":"ImageObject","inLanguage":"de","@id":"https:\/\/now-news.de\/de\/#\/schema\/logo\/image\/","url":"http:\/\/just-now.news\/de\/wp-content\/uploads\/sites\/3\/2022\/04\/logo500x500.jpg","contentUrl":"http:\/\/just-now.news\/de\/wp-content\/uploads\/sites\/3\/2022\/04\/logo500x500.jpg","width":500,"height":500,"caption":"Just Now News"},"image":{"@id":"https:\/\/now-news.de\/de\/#\/schema\/logo\/image\/"},"sameAs":["https:\/\/www.facebook.com\/wirmachenauf","https:\/\/x.com\/WirMachenAuf_de"]},{"@type":"Person","@id":"https:\/\/now-news.de\/de\/#\/schema\/person\/fb534a4e865501d8b3285208df34a9b5","name":"rtnews","image":{"@type":"ImageObject","inLanguage":"de","@id":"https:\/\/now-news.de\/de\/#\/schema\/person\/image\/","url":"https:\/\/secure.gravatar.com\/avatar\/82aafea7d8127119dd649515f56e2117?s=96&d=mm&r=g","contentUrl":"https:\/\/secure.gravatar.com\/avatar\/82aafea7d8127119dd649515f56e2117?s=96&d=mm&r=g","caption":"rtnews"},"url":"https:\/\/now-news.de\/de\/author\/rnews\/"}]}},"_links":{"self":[{"href":"https:\/\/now-news.de\/de\/wp-json\/wp\/v2\/posts\/57362"}],"collection":[{"href":"https:\/\/now-news.de\/de\/wp-json\/wp\/v2\/posts"}],"about":[{"href":"https:\/\/now-news.de\/de\/wp-json\/wp\/v2\/types\/post"}],"author":[{"embeddable":true,"href":"https:\/\/now-news.de\/de\/wp-json\/wp\/v2\/users\/3"}],"replies":[{"embeddable":true,"href":"https:\/\/now-news.de\/de\/wp-json\/wp\/v2\/comments?post=57362"}],"version-history":[{"count":0,"href":"https:\/\/now-news.de\/de\/wp-json\/wp\/v2\/posts\/57362\/revisions"}],"wp:featuredmedia":[{"embeddable":true,"href":"https:\/\/now-news.de\/de\/wp-json\/wp\/v2\/media\/57363"}],"wp:attachment":[{"href":"https:\/\/now-news.de\/de\/wp-json\/wp\/v2\/media?parent=57362"}],"wp:term":[{"taxonomy":"category","embeddable":true,"href":"https:\/\/now-news.de\/de\/wp-json\/wp\/v2\/categories?post=57362"},{"taxonomy":"post_tag","embeddable":true,"href":"https:\/\/now-news.de\/de\/wp-json\/wp\/v2\/tags?post=57362"}],"curies":[{"name":"wp","href":"https:\/\/api.w.org\/{rel}","templated":true}]}}