{"id":57324,"date":"2024-03-18T17:54:50","date_gmt":"2024-03-18T15:54:50","guid":{"rendered":"https:\/\/just-now.news\/de\/deutschland\/meint-kubicki-es-ernst-mit-der-meinungsfreiheit\/"},"modified":"2024-03-18T17:54:50","modified_gmt":"2024-03-18T15:54:50","slug":"meint-kubicki-es-ernst-mit-der-meinungsfreiheit","status":"publish","type":"post","link":"https:\/\/now-news.de\/de\/deutschland\/meint-kubicki-es-ernst-mit-der-meinungsfreiheit\/","title":{"rendered":"Meint Kubicki es ernst mit der Meinungsfreiheit?"},"content":{"rendered":"<p><img decoding=\"async\" src=\"http:\/\/just-now.news\/de\/wp-content\/uploads\/sites\/3\/2024\/03\/65f85a60b480cc7d226e7fdc.jpg\" \/><\/p>\n<div class=\"Text-root Text-type_1 \">\n                Wolfgang Kubicki, immerhin Mitglied einer Regierungsfraktion, erkl\u00e4rt in der &#8220;Bild&#8221;, die Pl\u00e4ne von Innenministerin Faeser bedrohten die Meinungsfreiheit. Allerdings \u2013 bisher hat die FDP allen Gesetzes\u00e4nderungen zugestimmt. Wie glaubw\u00fcrdig ist diese Kritik?\n            <\/div>\n<p><\/p>\n<div class=\"Text-root Text-type_5 ArticleView-text ViewText-root \">\n<p><em>Von Dagmar Henn<\/em><\/p>\n<p>Fast k\u00f6nnte man glauben, es habe erst die <em>New York Times (NYT)<\/em> und die <em>Neue Z\u00fcrcher Zeitung (NZZ)<\/em> gebraucht, um die Reste des b\u00fcrgerrechtlich orientierten Fl\u00fcgels der FDP aus dem Dornr\u00f6schenschlaf zu wecken.<\/p>\n<p>Schlie\u00dflich gehen die Ma\u00dfnahmen, die Bundesinnenministerin Nancy Faeser plant, so weit, dass selbst diese beiden zutiefst konformen Bl\u00e4tter mittlerweile Anzeichen von Erschrecken zeigen. Die <em>NZZ<\/em>\u00a0<a rel=\"nofollow noopener\" target=\"_blank\" href=\"https:\/\/www.nzz.ch\/meinung\/gefaehrderansprache-gegen-schuelerin-der-deutsche-staat-verliert-die-nerven-ld.1822399\">anl\u00e4sslich<\/a> der &#8220;Gef\u00e4hrderansprache&#8221; an einer Mecklenburger Schule, und die <em>NYT<\/em>\u00a0<a rel=\"nofollow noopener\" target=\"_blank\" href=\"https:\/\/www.nytimes.com\/2024\/03\/13\/world\/europe\/germany-far-right-government.html\">betrachtet<\/a> die Faeserschen Pl\u00e4ne zumindest insofern skeptisch, als eine andere Regierung damit ihre politischen Gegner kriminalisieren k\u00f6nnte (was die gegenw\u00e4rtige bereits tut, aber das ist der <em>NYT<\/em> genehm).<\/p>\n<p>Wolfgang Kubicki, immerhin einer der Wenigen, die bei den Corona-Ma\u00dfnahmen sich \u00fcberhaupt noch an so etwas wie B\u00fcrgerrechte erinnerten, <a rel=\"nofollow noopener\" target=\"_blank\" href=\"https:\/\/www.bild.de\/politik\/inland\/politik-inland\/meinungsfreiheit-in-gefahr-kubicki-wirft-faeser-ddr-denke-vor-87550988.bild.html\">erkl\u00e4rte<\/a> nun also gegen\u00fcber der <em>Bild-Zeitung:<\/em><\/p>\n<p><em>&#8220;Aus dem Kampf gegen &#8216;Rechts&#8217; scheint ein Kampf gegen das Recht zu werden. Ich h\u00e4tte mir nie tr\u00e4umen lassen, dass eine sozialdemokratische Innenministerin selbst zu einer Gefahr f\u00fcr die Demokratie wird. Mit der Delegitimierung staatlicher Institutionen kann Kritik am Handeln staatlicher Akteure nahezu beliebig in die N\u00e4he der Staatsgef\u00e4hrdung geschoben werden.&#8221;<\/em><\/p>\n<p>Leiser \u00e4u\u00dfert sich dann noch die ehemalige Bundesjustizministerin Sabine Leutheusser-Schnarrenberger:<\/p>\n<p><em>&#8220;Der Staat muss entschlossen gegen Rechtsextremismus vorgehen. Doch der Zweck heiligt nicht alle Mittel. (\u2026) Gesinnungsschn\u00fcffelei, wie sie der Aktionsplan Rechtsextremismus von Bundesinnenministerin Nancy Faeser vorsieht, ist Wasser auf die M\u00fchlen der AfD und eine Bedrohung der Meinungsfreiheit.&#8221;<\/em><\/p>\n<p>Und auch Gerhard Baum, einst Innenminister und der gro\u00dfe alte Mann der FDP, meldet sich zu Wort:<\/p>\n<p><em>&#8220;Kritik, auch harte Kritik, muss m\u00f6glich sein bis hin zu dem Punkt, wo die Freiheit wirklich gef\u00e4hrdet wird. Eine allgemeine Gesinnungsschn\u00fcffelei darf es deshalb nicht geben.&#8221;<\/em><\/p>\n<p>Guten Morgen, m\u00f6chte man sagen. Und dezent darauf hinweisen, dass man \u00fcber die Phase, in der nur die Meinungsfreiheit bedroht ist, schon lange hinaus ist, und es mittlerweile um die Bedrohung der materiellen Existenz geht. Nat\u00fcrlich ist die Versuchung gro\u00df, diese pl\u00f6tzlichen Aussagen als Verk\u00f6rperung des Spruchs von der Schwalbe und dem Sommer zu sehen, aber das k\u00f6nnte den Kern verfehlen.<\/p>\n<p>Schlie\u00dflich war \u00fcber Jahrzehnte hinweg keiner der beiden FDP-Fl\u00fcgel, der lange von alten Nazis getragene wirtschaftsliberale und der b\u00fcrgerrechtliche, stark genug, um die Partei in den Parlamenten zu halten, sodass immer ein Gleichgewicht zwischen diesen beiden Seiten zumindest simuliert werden musste. Was selbstverst\u00e4ndlich desto notwendiger ist, je bedrohter der Wiedereinzug in die Parlamente ist.<\/p>\n<p>Dass die FDP in den letzten Monaten durch den eben wirtschaftsliberalen Finanzminister und noch weit mehr durch die R\u00fcstungslobbyistin Strack-Zimmermann in die Schlagzeilen kam, stellt also ein Problem dar, das gel\u00f6st werden muss. Und die klassische Strategie daf\u00fcr besteht darin, die B\u00fcrgerrechtler ein wenig von der Leine zu lassen.<\/p>\n<p>Aber m\u00fcsste man es nicht dennoch begr\u00fc\u00dfen, wenn nicht zumindest irgendjemand aus dem Teil des Parteienspektrums, das\u00a0es noch zu anderen Zwecken als dem der Demontage in die Presse schafft, sich endlich gegen die Faeserschen Monstrosit\u00e4ten ausspricht?<\/p>\n<p>Nun, es gibt eine Eigenschaft, die alle drei FDP-Politiker, die dem B\u00fcrgerrechtsfl\u00fcgel angeh\u00f6ren und die sich jetzt \u00e4u\u00dfern, miteinander teilen: Es sind samt und sonders studierte Juristen. Sprich, sie besitzen die erforderliche Lesef\u00e4higkeit, um Gesetzentw\u00fcrfen auch die weniger augenf\u00e4lligen Konsequenzen zu entnehmen. Vor allem aus diesem Grund ist die Kritik, die sie jetzt an den Faeserschen Pl\u00e4nen vortragen, nicht nur kolossal versp\u00e4tet \u2013 die FDP, die immerhin Regierungspartei ist, h\u00e4tte diese Entw\u00fcrfe bereits in der Koalition verhindern m\u00fcssen, wollte sie wirklich glaubw\u00fcrdig sein \u2013, sondern sie springt auch viel zu kurz.<\/p>\n<p>Nehmen wir allein die Dinge, die nach dem auch mit den Stimmen der FDP verabschiedeten Verfassungsschutzgesetz m\u00f6glich sind. Der Verfassungsschutz darf beispielsweise bei Arbeitgebern, Banken und Vermietern anrufen und damit unter Umst\u00e4nden einen Verlust von Arbeit, Wohnung und Kreditw\u00fcrdigkeit ausl\u00f6sen, sprich, die Existenz vernichten.<\/p>\n<p>Nachdem Ausl\u00f6ser dieser Handlungen (ja, liebe studierte Juristen, ihr m\u00fcsst das wissen) keine Straftat ist, ist schon die Verh\u00e4ltnism\u00e4\u00dfigkeit dieses Handelns infrage zu stellen. Aber schlimmer noch, und das wisst ihr auch, und zwar genau: Es handelt sich hierbei um eine extralegale Bestrafung durch ein staatliches Organ, gegen das keinerlei rechtliche Abwehr m\u00f6glich ist, au\u00dfer bestenfalls eine Anzeige gegen Unbekannt. Denn es gibt keinen Bescheid, nicht einmal eine Mitteilungspflicht \u00fcber die vorgenommene Handlung, keine M\u00f6glichkeit eines Widerspruchs oder eines Verfahrens vor dem Verwaltungsgericht, weil diese Telefonate formell keine Verwaltungsakte darstellen. DAS ist bereits ein vollst\u00e4ndiger Bruch mit rechtsstaatlichen Prinzipien, und da sind wir noch gar nicht bei den neuesten Faeserschen Machenschaften, sondern bei einem Gesetz, das bereits in Kraft ist. Und das auch noch alle Begrenzungen zur Verwendung von Daten aufhebt, die &#8220;\u00f6ffentlich bekannt&#8221; sind. W\u00e4hrend gleichzeitig dubiose Strukturen mit staatlichen Geldern gef\u00f6rdert werden, die als Nebengeheimdienste genau die Informationen sammeln und ver\u00f6ffentlichen, die dann f\u00fcr eben solche Telefonate genutzt werden k\u00f6nnen.<\/p>\n<p>Nur noch einmal zur Erinnerung:<\/p>\n<blockquote>\n<p><em>&#8220;Wird jemand durch die \u00f6ffentliche Gewalt in seinen Rechten verletzt, steht ihm der Rechtsweg offen.&#8221; (Art. 19)<\/em><\/p>\n<\/blockquote>\n<p>Und das hier:<\/p>\n<blockquote>\n<p><em>&#8220;Die vollziehende Gewalt und die Rechtsprechung sind an Gesetz und Recht gebunden.&#8221; (Art. 20)<\/em><\/p>\n<\/blockquote>\n<p>Wie steht\u00a0es nun mit extralegalen Bestrafungen ohne M\u00f6glichkeit einer rechtlichen \u00dcberpr\u00fcfung? Wie viel derartige Schritte braucht es, bis die Rechtsstaatlichkeit aufh\u00f6rt, zu existieren?<\/p>\n<p>Aber das Problem geht bekanntlich tiefer. Wie die Demokratie hat auch die Rechtsstaatlichkeit eine Voraussetzung, die in Deutschland derzeit nicht gegeben ist: die Souver\u00e4nit\u00e4t. Auch wenn so getan wird, als h\u00e4tte der Anschlag auf Nord Stream eigentlich gar keine besondere Bedeutung: In Wirklichkeit waren er und vor allem die Nichtreaktion der Bundesregierung das weltweit un\u00fcbersehbare Signal, dass lebenswichtige Entscheidungen \u00fcber Deutschland nicht mehr in Deutschland getroffen werden.<\/p>\n<p>Wenn derart weitreichende Eingriffe durch eine \u00e4u\u00dfere Macht m\u00f6glich sind, betrifft das nat\u00fcrlich mindere Entscheidungen noch mehr. Und die Vermengung von US-Oligarchen und deutschen Steuergeldern bei der Finanzierung der erw\u00e4hnten Nebengeheimdienste legt es durchaus nahe, dass diese extralegalen Bestrafungen auch mal direkt im Interesse besagter fremder Macht erfolgen k\u00f6nnen.<\/p>\n<p>Sollte das den drei FDP-Heroen Kubicki, Baum und Leutheusser-Schnarrenberger nicht bewusst sein? Aber sicher doch; keiner der drei hat sich in irgendeiner Weise vom transatlantischen Kurs distanziert, oder von ihrer kriegsl\u00fcsternen Kollegin Strack-Zimmermann. Keiner der drei hatte Bedenken bei den bisherigen, gegen die Meinungsfreiheit gerichteten Rechtsversch\u00e4rfungen.<\/p>\n<p>Und wirklich, sollte es so erstaunlich sein, dass eine sozialdemokratische Ministerin derartige Gesetze vorlegt? Nicht, wenn man sich noch daran erinnert, dass die Berufsverbote auf dem Mist einer SPD-FDP-Regierung gewachsen sind, wie \u00fcbrigens auch die Anti-Terror-Gesetze der 1970er, die man derzeit weit zu \u00fcbertreffen sucht.<\/p>\n<p>Es k\u00f6nnten sich nat\u00fcrlich auch noch ganz andere Absichten dahinter verbergen, nachdem irgendwie der Drang, selbst Krieg zu spielen, angesichts der ukrainischen Niederlage \u00fcberw\u00e4ltigend zu werden scheint, man daf\u00fcr aber irgendwie Bundeskanzler Olaf Scholz entsorgen k\u00f6nnen m\u00fcsste (der zu der Position, so etwas wie R\u00fcckgrat zeigen zu m\u00fcssen, wahrhaft gekommen ist wie die Jungfrau zum Kinde; es wird eine spannende Aufgabe f\u00fcr k\u00fcnftige Historiker, zu entziffern, wer ihm da die Leviten gelesen hat). Faesers antidemokratischen Feldzug als Anlass nutzen, um die Koalition aufzuk\u00fcndigen und die noch antidemokratischere Kriegspolitik zu versch\u00e4rfen? Immerhin, mit dem Ausl\u00f6sen von Regierungswechseln ohne Wahlen hat die FDP viel Erfahrung.<\/p>\n<p>Um die Sache selbst ging es dabei jedenfalls nicht. Das h\u00e4tte weit sch\u00e4rferer und fr\u00fcherer Reaktionen bedurft. Eher wollte man mal ein wenig mit dem Spielbein wackeln, um nicht alle W\u00e4hler zu verlieren, die einmal Erwartungen hegten, die FDP st\u00fcnde in irgendeiner Art f\u00fcr B\u00fcrgerrechte. Nun ja, auch Theodor Heuss hatte dem Erm\u00e4chtigungsgesetz zugestimmt.<\/p>\n<p><strong>Mehr zum Thema<\/strong> &#8211;\u00a0<a rel=\"nofollow noopener\" target=\"_blank\" href=\"https:\/\/freeassange.rtde.live\/meinung\/196293-faesers-reichstagsbrand-schritt-in-rundumverfolgung\/\">Faesers Reichstagsbrand: Der Schritt in die Rundumverfolgung<\/a><\/p>\n<\/p>\n<\/div>\n<p><br \/>\n<br \/><a href=\"https:\/\/de.rt.com\/meinung\/199813-meint-kubicki-es-ernst-mit\/\">Source link <\/a><\/p>\n","protected":false},"excerpt":{"rendered":"<p>Wolfgang Kubicki, immerhin Mitglied einer Regierungsfraktion, erkl\u00e4rt in der &#8220;Bild&#8221;, die Pl\u00e4ne von Innenministerin Faeser bedrohten die Meinungsfreiheit. Allerdings \u2013 bisher hat die FDP allen Gesetzes\u00e4nderungen zugestimmt. Wie glaubw\u00fcrdig ist diese Kritik? Von Dagmar Henn Fast k\u00f6nnte man glauben, es habe erst die New York Times (NYT) und die Neue Z\u00fcrcher Zeitung (NZZ) gebraucht, um [&hellip;]<\/p>\n","protected":false},"author":3,"featured_media":57325,"comment_status":"open","ping_status":"open","sticky":false,"template":"","format":"standard","meta":{"_yoast_indexnow_last_ping":["1710777826"],"wp_automatic_camp":["217"],"121aa9836350b82d1da610db4bb74851":["Meint Kubicki es ernst mit der Meinungsfreiheit?"],"original_link":["https:\/\/de.rt.com\/meinung\/199813-meint-kubicki-es-ernst-mit\/"],"_thumbnail_id":["57325"],"_wptgpro_p2tg_sent2tg":["a:1:{i:23737;s:19:\"2024-03-18 18:04:50\";}"],"jnews_social_counter_last_update":["1776716967"]},"categories":[19,23],"tags":[82,707,21290,43894,7120,419],"yoast_head":"<!-- This site is optimized with the Yoast SEO Premium plugin v22.7 (Yoast SEO v22.7) - https:\/\/yoast.com\/wordpress\/plugins\/seo\/ -->\n<title>Meint Kubicki es ernst mit der Meinungsfreiheit? - just-now.NEWS Deutschland<\/title>\n<meta name=\"robots\" content=\"index, follow, max-snippet:-1, max-image-preview:large, max-video-preview:-1\" \/>\n<link rel=\"canonical\" href=\"https:\/\/now-news.de\/de\/deutschland\/meint-kubicki-es-ernst-mit-der-meinungsfreiheit\/\" \/>\n<meta property=\"og:locale\" content=\"de_DE\" \/>\n<meta property=\"og:type\" content=\"article\" \/>\n<meta property=\"og:title\" content=\"Meint Kubicki es ernst mit der Meinungsfreiheit?\" \/>\n<meta property=\"og:description\" content=\"Wolfgang Kubicki, immerhin Mitglied einer Regierungsfraktion, erkl\u00e4rt in der &#8220;Bild&#8221;, die Pl\u00e4ne von Innenministerin Faeser bedrohten die Meinungsfreiheit. Allerdings \u2013 bisher hat die FDP allen Gesetzes\u00e4nderungen zugestimmt. Wie glaubw\u00fcrdig ist diese Kritik? Von Dagmar Henn Fast k\u00f6nnte man glauben, es habe erst die New York Times (NYT) und die Neue Z\u00fcrcher Zeitung (NZZ) gebraucht, um [&hellip;]\" \/>\n<meta property=\"og:url\" content=\"https:\/\/now-news.de\/de\/deutschland\/meint-kubicki-es-ernst-mit-der-meinungsfreiheit\/\" \/>\n<meta property=\"og:site_name\" content=\"just-now.NEWS Deutschland\" \/>\n<meta property=\"article:publisher\" content=\"https:\/\/www.facebook.com\/wirmachenauf\" \/>\n<meta property=\"article:published_time\" content=\"2024-03-18T15:54:50+00:00\" \/>\n<meta property=\"og:image\" content=\"https:\/\/now-news.de\/de\/wp-content\/uploads\/sites\/3\/2024\/03\/Meint-Kubicki-es-ernst-mit-der-Meinungsfreiheit.jpg\" \/>\n\t<meta property=\"og:image:width\" content=\"460\" \/>\n\t<meta property=\"og:image:height\" content=\"259\" \/>\n\t<meta property=\"og:image:type\" content=\"image\/jpeg\" \/>\n<meta name=\"author\" content=\"rtnews\" \/>\n<meta name=\"twitter:card\" content=\"summary_large_image\" \/>\n<meta name=\"twitter:creator\" content=\"@WirMachenAuf_de\" \/>\n<meta name=\"twitter:site\" content=\"@WirMachenAuf_de\" \/>\n<meta name=\"twitter:label1\" content=\"Verfasst von\" \/>\n\t<meta name=\"twitter:data1\" content=\"rtnews\" \/>\n\t<meta name=\"twitter:label2\" content=\"Gesch\u00e4tzte Lesezeit\" \/>\n\t<meta name=\"twitter:data2\" content=\"7\u00a0Minuten\" \/>\n<script type=\"application\/ld+json\" class=\"yoast-schema-graph\">{\"@context\":\"https:\/\/schema.org\",\"@graph\":[{\"@type\":\"Article\",\"@id\":\"https:\/\/now-news.de\/de\/deutschland\/meint-kubicki-es-ernst-mit-der-meinungsfreiheit\/#article\",\"isPartOf\":{\"@id\":\"https:\/\/now-news.de\/de\/deutschland\/meint-kubicki-es-ernst-mit-der-meinungsfreiheit\/\"},\"author\":{\"name\":\"rtnews\",\"@id\":\"https:\/\/now-news.de\/de\/#\/schema\/person\/fb534a4e865501d8b3285208df34a9b5\"},\"headline\":\"Meint Kubicki es ernst mit der Meinungsfreiheit?\",\"datePublished\":\"2024-03-18T15:54:50+00:00\",\"dateModified\":\"2024-03-18T15:54:50+00:00\",\"mainEntityOfPage\":{\"@id\":\"https:\/\/now-news.de\/de\/deutschland\/meint-kubicki-es-ernst-mit-der-meinungsfreiheit\/\"},\"wordCount\":1352,\"commentCount\":0,\"publisher\":{\"@id\":\"https:\/\/now-news.de\/de\/#organization\"},\"image\":{\"@id\":\"https:\/\/now-news.de\/de\/deutschland\/meint-kubicki-es-ernst-mit-der-meinungsfreiheit\/#primaryimage\"},\"thumbnailUrl\":\"https:\/\/now-news.de\/de\/wp-content\/uploads\/sites\/3\/2024\/03\/Meint-Kubicki-es-ernst-mit-der-Meinungsfreiheit.jpg\",\"keywords\":[\"der\",\"Ernst\",\"Kubicki\",\"meint\",\"Meinungsfreiheit\",\"mit\"],\"articleSection\":[\"Deutschland\",\"Russland\"],\"inLanguage\":\"de\",\"potentialAction\":[{\"@type\":\"CommentAction\",\"name\":\"Comment\",\"target\":[\"https:\/\/now-news.de\/de\/deutschland\/meint-kubicki-es-ernst-mit-der-meinungsfreiheit\/#respond\"]}]},{\"@type\":\"WebPage\",\"@id\":\"https:\/\/now-news.de\/de\/deutschland\/meint-kubicki-es-ernst-mit-der-meinungsfreiheit\/\",\"url\":\"https:\/\/now-news.de\/de\/deutschland\/meint-kubicki-es-ernst-mit-der-meinungsfreiheit\/\",\"name\":\"Meint Kubicki es ernst mit der Meinungsfreiheit? - just-now.NEWS Deutschland\",\"isPartOf\":{\"@id\":\"https:\/\/now-news.de\/de\/#website\"},\"primaryImageOfPage\":{\"@id\":\"https:\/\/now-news.de\/de\/deutschland\/meint-kubicki-es-ernst-mit-der-meinungsfreiheit\/#primaryimage\"},\"image\":{\"@id\":\"https:\/\/now-news.de\/de\/deutschland\/meint-kubicki-es-ernst-mit-der-meinungsfreiheit\/#primaryimage\"},\"thumbnailUrl\":\"https:\/\/now-news.de\/de\/wp-content\/uploads\/sites\/3\/2024\/03\/Meint-Kubicki-es-ernst-mit-der-Meinungsfreiheit.jpg\",\"datePublished\":\"2024-03-18T15:54:50+00:00\",\"dateModified\":\"2024-03-18T15:54:50+00:00\",\"breadcrumb\":{\"@id\":\"https:\/\/now-news.de\/de\/deutschland\/meint-kubicki-es-ernst-mit-der-meinungsfreiheit\/#breadcrumb\"},\"inLanguage\":\"de\",\"potentialAction\":[{\"@type\":\"ReadAction\",\"target\":[\"https:\/\/now-news.de\/de\/deutschland\/meint-kubicki-es-ernst-mit-der-meinungsfreiheit\/\"]}]},{\"@type\":\"ImageObject\",\"inLanguage\":\"de\",\"@id\":\"https:\/\/now-news.de\/de\/deutschland\/meint-kubicki-es-ernst-mit-der-meinungsfreiheit\/#primaryimage\",\"url\":\"https:\/\/now-news.de\/de\/wp-content\/uploads\/sites\/3\/2024\/03\/Meint-Kubicki-es-ernst-mit-der-Meinungsfreiheit.jpg\",\"contentUrl\":\"https:\/\/now-news.de\/de\/wp-content\/uploads\/sites\/3\/2024\/03\/Meint-Kubicki-es-ernst-mit-der-Meinungsfreiheit.jpg\",\"width\":460,\"height\":259,\"caption\":\"Meint Kubicki es ernst mit der Meinungsfreiheit?\"},{\"@type\":\"BreadcrumbList\",\"@id\":\"https:\/\/now-news.de\/de\/deutschland\/meint-kubicki-es-ernst-mit-der-meinungsfreiheit\/#breadcrumb\",\"itemListElement\":[{\"@type\":\"ListItem\",\"position\":1,\"name\":\"Home\",\"item\":\"https:\/\/now-news.de\/de\/\"},{\"@type\":\"ListItem\",\"position\":2,\"name\":\"Meint Kubicki es ernst mit der Meinungsfreiheit?\"}]},{\"@type\":\"WebSite\",\"@id\":\"https:\/\/now-news.de\/de\/#website\",\"url\":\"https:\/\/now-news.de\/de\/\",\"name\":\"just-now.NEWS Deutschland\",\"description\":\"Das Portal f\u00fcr unzensierte Nachrichten aus der Welt\",\"publisher\":{\"@id\":\"https:\/\/now-news.de\/de\/#organization\"},\"potentialAction\":[{\"@type\":\"SearchAction\",\"target\":{\"@type\":\"EntryPoint\",\"urlTemplate\":\"https:\/\/now-news.de\/de\/?s={search_term_string}\"},\"query-input\":\"required name=search_term_string\"}],\"inLanguage\":\"de\"},{\"@type\":\"Organization\",\"@id\":\"https:\/\/now-news.de\/de\/#organization\",\"name\":\"Just Now News\",\"url\":\"https:\/\/now-news.de\/de\/\",\"logo\":{\"@type\":\"ImageObject\",\"inLanguage\":\"de\",\"@id\":\"https:\/\/now-news.de\/de\/#\/schema\/logo\/image\/\",\"url\":\"http:\/\/just-now.news\/de\/wp-content\/uploads\/sites\/3\/2022\/04\/logo500x500.jpg\",\"contentUrl\":\"http:\/\/just-now.news\/de\/wp-content\/uploads\/sites\/3\/2022\/04\/logo500x500.jpg\",\"width\":500,\"height\":500,\"caption\":\"Just Now News\"},\"image\":{\"@id\":\"https:\/\/now-news.de\/de\/#\/schema\/logo\/image\/\"},\"sameAs\":[\"https:\/\/www.facebook.com\/wirmachenauf\",\"https:\/\/x.com\/WirMachenAuf_de\"]},{\"@type\":\"Person\",\"@id\":\"https:\/\/now-news.de\/de\/#\/schema\/person\/fb534a4e865501d8b3285208df34a9b5\",\"name\":\"rtnews\",\"image\":{\"@type\":\"ImageObject\",\"inLanguage\":\"de\",\"@id\":\"https:\/\/now-news.de\/de\/#\/schema\/person\/image\/\",\"url\":\"https:\/\/secure.gravatar.com\/avatar\/82aafea7d8127119dd649515f56e2117?s=96&d=mm&r=g\",\"contentUrl\":\"https:\/\/secure.gravatar.com\/avatar\/82aafea7d8127119dd649515f56e2117?s=96&d=mm&r=g\",\"caption\":\"rtnews\"},\"url\":\"https:\/\/now-news.de\/de\/author\/rnews\/\"}]}<\/script>\n<!-- \/ Yoast SEO Premium plugin. -->","yoast_head_json":{"title":"Meint Kubicki es ernst mit der Meinungsfreiheit? - just-now.NEWS Deutschland","robots":{"index":"index","follow":"follow","max-snippet":"max-snippet:-1","max-image-preview":"max-image-preview:large","max-video-preview":"max-video-preview:-1"},"canonical":"https:\/\/now-news.de\/de\/deutschland\/meint-kubicki-es-ernst-mit-der-meinungsfreiheit\/","og_locale":"de_DE","og_type":"article","og_title":"Meint Kubicki es ernst mit der Meinungsfreiheit?","og_description":"Wolfgang Kubicki, immerhin Mitglied einer Regierungsfraktion, erkl\u00e4rt in der &#8220;Bild&#8221;, die Pl\u00e4ne von Innenministerin Faeser bedrohten die Meinungsfreiheit. Allerdings \u2013 bisher hat die FDP allen Gesetzes\u00e4nderungen zugestimmt. Wie glaubw\u00fcrdig ist diese Kritik? Von Dagmar Henn Fast k\u00f6nnte man glauben, es habe erst die New York Times (NYT) und die Neue Z\u00fcrcher Zeitung (NZZ) gebraucht, um [&hellip;]","og_url":"https:\/\/now-news.de\/de\/deutschland\/meint-kubicki-es-ernst-mit-der-meinungsfreiheit\/","og_site_name":"just-now.NEWS Deutschland","article_publisher":"https:\/\/www.facebook.com\/wirmachenauf","article_published_time":"2024-03-18T15:54:50+00:00","og_image":[{"width":460,"height":259,"url":"https:\/\/now-news.de\/de\/wp-content\/uploads\/sites\/3\/2024\/03\/Meint-Kubicki-es-ernst-mit-der-Meinungsfreiheit.jpg","type":"image\/jpeg"}],"author":"rtnews","twitter_card":"summary_large_image","twitter_creator":"@WirMachenAuf_de","twitter_site":"@WirMachenAuf_de","twitter_misc":{"Verfasst von":"rtnews","Gesch\u00e4tzte Lesezeit":"7\u00a0Minuten"},"schema":{"@context":"https:\/\/schema.org","@graph":[{"@type":"Article","@id":"https:\/\/now-news.de\/de\/deutschland\/meint-kubicki-es-ernst-mit-der-meinungsfreiheit\/#article","isPartOf":{"@id":"https:\/\/now-news.de\/de\/deutschland\/meint-kubicki-es-ernst-mit-der-meinungsfreiheit\/"},"author":{"name":"rtnews","@id":"https:\/\/now-news.de\/de\/#\/schema\/person\/fb534a4e865501d8b3285208df34a9b5"},"headline":"Meint Kubicki es ernst mit der Meinungsfreiheit?","datePublished":"2024-03-18T15:54:50+00:00","dateModified":"2024-03-18T15:54:50+00:00","mainEntityOfPage":{"@id":"https:\/\/now-news.de\/de\/deutschland\/meint-kubicki-es-ernst-mit-der-meinungsfreiheit\/"},"wordCount":1352,"commentCount":0,"publisher":{"@id":"https:\/\/now-news.de\/de\/#organization"},"image":{"@id":"https:\/\/now-news.de\/de\/deutschland\/meint-kubicki-es-ernst-mit-der-meinungsfreiheit\/#primaryimage"},"thumbnailUrl":"https:\/\/now-news.de\/de\/wp-content\/uploads\/sites\/3\/2024\/03\/Meint-Kubicki-es-ernst-mit-der-Meinungsfreiheit.jpg","keywords":["der","Ernst","Kubicki","meint","Meinungsfreiheit","mit"],"articleSection":["Deutschland","Russland"],"inLanguage":"de","potentialAction":[{"@type":"CommentAction","name":"Comment","target":["https:\/\/now-news.de\/de\/deutschland\/meint-kubicki-es-ernst-mit-der-meinungsfreiheit\/#respond"]}]},{"@type":"WebPage","@id":"https:\/\/now-news.de\/de\/deutschland\/meint-kubicki-es-ernst-mit-der-meinungsfreiheit\/","url":"https:\/\/now-news.de\/de\/deutschland\/meint-kubicki-es-ernst-mit-der-meinungsfreiheit\/","name":"Meint Kubicki es ernst mit der Meinungsfreiheit? - just-now.NEWS Deutschland","isPartOf":{"@id":"https:\/\/now-news.de\/de\/#website"},"primaryImageOfPage":{"@id":"https:\/\/now-news.de\/de\/deutschland\/meint-kubicki-es-ernst-mit-der-meinungsfreiheit\/#primaryimage"},"image":{"@id":"https:\/\/now-news.de\/de\/deutschland\/meint-kubicki-es-ernst-mit-der-meinungsfreiheit\/#primaryimage"},"thumbnailUrl":"https:\/\/now-news.de\/de\/wp-content\/uploads\/sites\/3\/2024\/03\/Meint-Kubicki-es-ernst-mit-der-Meinungsfreiheit.jpg","datePublished":"2024-03-18T15:54:50+00:00","dateModified":"2024-03-18T15:54:50+00:00","breadcrumb":{"@id":"https:\/\/now-news.de\/de\/deutschland\/meint-kubicki-es-ernst-mit-der-meinungsfreiheit\/#breadcrumb"},"inLanguage":"de","potentialAction":[{"@type":"ReadAction","target":["https:\/\/now-news.de\/de\/deutschland\/meint-kubicki-es-ernst-mit-der-meinungsfreiheit\/"]}]},{"@type":"ImageObject","inLanguage":"de","@id":"https:\/\/now-news.de\/de\/deutschland\/meint-kubicki-es-ernst-mit-der-meinungsfreiheit\/#primaryimage","url":"https:\/\/now-news.de\/de\/wp-content\/uploads\/sites\/3\/2024\/03\/Meint-Kubicki-es-ernst-mit-der-Meinungsfreiheit.jpg","contentUrl":"https:\/\/now-news.de\/de\/wp-content\/uploads\/sites\/3\/2024\/03\/Meint-Kubicki-es-ernst-mit-der-Meinungsfreiheit.jpg","width":460,"height":259,"caption":"Meint Kubicki es ernst mit der Meinungsfreiheit?"},{"@type":"BreadcrumbList","@id":"https:\/\/now-news.de\/de\/deutschland\/meint-kubicki-es-ernst-mit-der-meinungsfreiheit\/#breadcrumb","itemListElement":[{"@type":"ListItem","position":1,"name":"Home","item":"https:\/\/now-news.de\/de\/"},{"@type":"ListItem","position":2,"name":"Meint Kubicki es ernst mit der Meinungsfreiheit?"}]},{"@type":"WebSite","@id":"https:\/\/now-news.de\/de\/#website","url":"https:\/\/now-news.de\/de\/","name":"just-now.NEWS Deutschland","description":"Das Portal f\u00fcr unzensierte Nachrichten aus der Welt","publisher":{"@id":"https:\/\/now-news.de\/de\/#organization"},"potentialAction":[{"@type":"SearchAction","target":{"@type":"EntryPoint","urlTemplate":"https:\/\/now-news.de\/de\/?s={search_term_string}"},"query-input":"required name=search_term_string"}],"inLanguage":"de"},{"@type":"Organization","@id":"https:\/\/now-news.de\/de\/#organization","name":"Just Now News","url":"https:\/\/now-news.de\/de\/","logo":{"@type":"ImageObject","inLanguage":"de","@id":"https:\/\/now-news.de\/de\/#\/schema\/logo\/image\/","url":"http:\/\/just-now.news\/de\/wp-content\/uploads\/sites\/3\/2022\/04\/logo500x500.jpg","contentUrl":"http:\/\/just-now.news\/de\/wp-content\/uploads\/sites\/3\/2022\/04\/logo500x500.jpg","width":500,"height":500,"caption":"Just Now News"},"image":{"@id":"https:\/\/now-news.de\/de\/#\/schema\/logo\/image\/"},"sameAs":["https:\/\/www.facebook.com\/wirmachenauf","https:\/\/x.com\/WirMachenAuf_de"]},{"@type":"Person","@id":"https:\/\/now-news.de\/de\/#\/schema\/person\/fb534a4e865501d8b3285208df34a9b5","name":"rtnews","image":{"@type":"ImageObject","inLanguage":"de","@id":"https:\/\/now-news.de\/de\/#\/schema\/person\/image\/","url":"https:\/\/secure.gravatar.com\/avatar\/82aafea7d8127119dd649515f56e2117?s=96&d=mm&r=g","contentUrl":"https:\/\/secure.gravatar.com\/avatar\/82aafea7d8127119dd649515f56e2117?s=96&d=mm&r=g","caption":"rtnews"},"url":"https:\/\/now-news.de\/de\/author\/rnews\/"}]}},"_links":{"self":[{"href":"https:\/\/now-news.de\/de\/wp-json\/wp\/v2\/posts\/57324"}],"collection":[{"href":"https:\/\/now-news.de\/de\/wp-json\/wp\/v2\/posts"}],"about":[{"href":"https:\/\/now-news.de\/de\/wp-json\/wp\/v2\/types\/post"}],"author":[{"embeddable":true,"href":"https:\/\/now-news.de\/de\/wp-json\/wp\/v2\/users\/3"}],"replies":[{"embeddable":true,"href":"https:\/\/now-news.de\/de\/wp-json\/wp\/v2\/comments?post=57324"}],"version-history":[{"count":0,"href":"https:\/\/now-news.de\/de\/wp-json\/wp\/v2\/posts\/57324\/revisions"}],"wp:featuredmedia":[{"embeddable":true,"href":"https:\/\/now-news.de\/de\/wp-json\/wp\/v2\/media\/57325"}],"wp:attachment":[{"href":"https:\/\/now-news.de\/de\/wp-json\/wp\/v2\/media?parent=57324"}],"wp:term":[{"taxonomy":"category","embeddable":true,"href":"https:\/\/now-news.de\/de\/wp-json\/wp\/v2\/categories?post=57324"},{"taxonomy":"post_tag","embeddable":true,"href":"https:\/\/now-news.de\/de\/wp-json\/wp\/v2\/tags?post=57324"}],"curies":[{"name":"wp","href":"https:\/\/api.w.org\/{rel}","templated":true}]}}