{"id":57281,"date":"2024-03-17T21:12:59","date_gmt":"2024-03-17T19:12:59","guid":{"rendered":"https:\/\/just-now.news\/de\/deutschland\/protest-gegen-eu-agrarpolitik-polnische-bauern-blockieren-a12\/"},"modified":"2024-03-17T21:12:59","modified_gmt":"2024-03-17T19:12:59","slug":"protest-gegen-eu-agrarpolitik-polnische-bauern-blockieren-a12","status":"publish","type":"post","link":"https:\/\/now-news.de\/de\/deutschland\/protest-gegen-eu-agrarpolitik-polnische-bauern-blockieren-a12\/","title":{"rendered":"Protest gegen EU-Agrarpolitik: Polnische Bauern blockieren A12"},"content":{"rendered":"<p><img decoding=\"async\" src=\"http:\/\/just-now.news\/de\/wp-content\/uploads\/sites\/3\/2024\/03\/65f6e9c848fbef243114d11e.jpg\" \/><\/p>\n<div class=\"Text-root Text-type_1 \">\n                Die polnischen Bauern sind unzufrieden. In einer neuen Protestaktion blockieren sie nun erneut die A12. Vier Tage soll die Blockade andauern. Die Landwirte protestieren damit gegen die Agrarpolitik der EU \u2013 und gegen die Einfuhr von billigem Getreide aus der Ukraine.\n            <\/div>\n<p><\/p>\n<div class=\"Text-root Text-type_5 ArticleView-text ViewText-root \">\n<p>Polnische Bauern haben angek\u00fcndigt, die vom Berliner Ring nach Polen f\u00fchrende Autobahn A12 zu blockieren. Vier Tage lang, von\u00a0Sonntagmittag, 13 Uhr, bis Mittwochabend, 22 Uhr, soll die Autobahn, die in Polen A2 genannt wird, am\u00a0Grenz\u00fcbergang bei \u015awiecko\u00a0blockiert werden. Das best\u00e4tigte ein Sprecher der polnischen Bauernproteste am Freitag gegen\u00fcber dem <em>RBB<\/em>. Zuvor hatten polnische Medien dar\u00fcber berichtet.\u00a0Ab Sonntagabend soll auch der Grenz\u00fcbergang\u00a0Gubinek-Guben blockiert werden.<\/p>\n<p>Durch die Blockade der A12 an der Grenze nahe Frankfurt (Oder) soll der Verkehr auf der Autobahn weitgehend lahmgelegt werden. T\u00e4glich verkehren auf dieser Route bis zu 18.000 Lkw. Medizinisches Personal und Sondertransporte sollen passieren d\u00fcrfen.\u00a0<\/p>\n<p>In Richtung Berlin wird die A12 ab der Anschlussstelle Frankfurt-Mitte voraussichtlich ohne Beschr\u00e4nkungen befahrbar sein. Der Verkehr in Richtung Bundesgrenze wird dagegen an der Anschlussstelle Frankfurt-Mitte komplett umgeleitet. Dem Schwerlastverkehr wird empfohlen, die A12 zu meiden und andere\u00a0Grenz\u00fcberg\u00e4nge zu benutzen. Die\u00a0Autobahn GmbH wollte bereits am Sonnabend\u00a0entsprechende Beschilderungen und Stauwarner\u00a0aufstellen. Auch auf der polnischen Seite werden Umleitungen f\u00fcr G\u00fcter- und Personenverkehr vorbereitet.<\/p>\n<p>Der Protest der polnischen Bauern richtet sich nach Aussage der Organisatoren gegen die Agrarpolitik der EU \u2013 aber auch die Einfuhr von billigem Getreide aus der Ukraine. Ukrainische\u00a0Landwirte d\u00fcrfen ihr Getreide seit 2022 zollfrei nach Polen einf\u00fchren und dort f\u00fcr wenig Geld verkaufen \u2013 zum Schaden der polnischen Bauern, die auf ihrer Ware sitzen bleiben. Ein Treffen zwischen Vertretern der polnischen Bauern und Polens Premierminister Donald Tusk endete am Sonnabend der vergangenen Woche ergebnislos.<\/p>\n<p>Bereits Ende Februar blockierten polnische\u00a0Bauern\u00a0die A12 mit einer \u00e4hnlichen Aktion, allerdings nur f\u00fcr 24 Stunden. Auf R\u00fccksicht auf die Spediteure wurde die eigentlich auf mehrere Wochen angelegte Aktion verk\u00fcrzt.<\/p>\n<p><strong>Mehr zum Thema<\/strong> &#8211; <a rel=\"nofollow noopener\" target=\"_blank\" href=\"https:\/\/freedert.online\/international\/198687-polen-gegen-verlaengerung-handelsprivilegien-fuer-ukraine\/\">Polen gegen Verl\u00e4ngerung der Handelsprivilegien f\u00fcr die Ukraine<\/a><\/p>\n<div class=\"EmbedBlock-root EmbedBlock-externalVideo EmbedBlock-odysee\">\n<div class=\"VkEmbed\"><iframe class=\"lazyload\" data-src=\"https:\/\/odysee.com\/%24\/embed\/%40RTDE%3Ae%2F-EU-will-polnische-Landwirtschaft-zerst%C3%B6ren--%E2%80%93-Bauern-blockieren-Verkehr-wegen-Green-Deal-Strategie%3A0\" frameborder=\"0\" width=\"853\" height=\"480\" allowfullscreen><\/iframe><\/div>\n<\/div>\n<\/div>\n<p><br \/>\n<br \/><a href=\"https:\/\/de.rt.com\/europa\/199685-protest-gegen-eu-agrarpolitik-polnische\/\">Source link <\/a><\/p>\n","protected":false},"excerpt":{"rendered":"<p>Die polnischen Bauern sind unzufrieden. In einer neuen Protestaktion blockieren sie nun erneut die A12. Vier Tage soll die Blockade andauern. Die Landwirte protestieren damit gegen die Agrarpolitik der EU \u2013 und gegen die Einfuhr von billigem Getreide aus der Ukraine. Polnische Bauern haben angek\u00fcndigt, die vom Berliner Ring nach Polen f\u00fchrende Autobahn A12 zu [&hellip;]<\/p>\n","protected":false},"author":3,"featured_media":57282,"comment_status":"open","ping_status":"open","sticky":false,"template":"","format":"standard","meta":{"_yoast_indexnow_last_ping":["1710703597"],"wp_automatic_camp":["217"],"5706b5b61029c3c3cbe67f171e2d9435":["Protest gegen EU-Agrarpolitik: Polnische Bauern blockieren A12"],"original_link":["https:\/\/de.rt.com\/europa\/199685-protest-gegen-eu-agrarpolitik-polnische\/"],"_thumbnail_id":["57282"],"_wptgpro_p2tg_sent2tg":["a:1:{i:23737;s:19:\"2024-03-17 21:27:39\";}"],"jnews_social_counter_last_update":["1777234823"]},"categories":[19,23],"tags":[54521,22707,9046,54520,278,32076,3823],"yoast_head":"<!-- This site is optimized with the Yoast SEO Premium plugin v22.7 (Yoast SEO v22.7) - https:\/\/yoast.com\/wordpress\/plugins\/seo\/ -->\n<title>Protest gegen EU-Agrarpolitik: Polnische Bauern blockieren A12 - just-now.NEWS Deutschland<\/title>\n<meta name=\"robots\" content=\"index, follow, max-snippet:-1, max-image-preview:large, max-video-preview:-1\" \/>\n<link rel=\"canonical\" href=\"https:\/\/now-news.de\/de\/deutschland\/protest-gegen-eu-agrarpolitik-polnische-bauern-blockieren-a12\/\" \/>\n<meta property=\"og:locale\" content=\"de_DE\" \/>\n<meta property=\"og:type\" content=\"article\" \/>\n<meta property=\"og:title\" content=\"Protest gegen EU-Agrarpolitik: Polnische Bauern blockieren A12\" \/>\n<meta property=\"og:description\" content=\"Die polnischen Bauern sind unzufrieden. In einer neuen Protestaktion blockieren sie nun erneut die A12. Vier Tage soll die Blockade andauern. Die Landwirte protestieren damit gegen die Agrarpolitik der EU \u2013 und gegen die Einfuhr von billigem Getreide aus der Ukraine. Polnische Bauern haben angek\u00fcndigt, die vom Berliner Ring nach Polen f\u00fchrende Autobahn A12 zu [&hellip;]\" \/>\n<meta property=\"og:url\" content=\"https:\/\/now-news.de\/de\/deutschland\/protest-gegen-eu-agrarpolitik-polnische-bauern-blockieren-a12\/\" \/>\n<meta property=\"og:site_name\" content=\"just-now.NEWS Deutschland\" \/>\n<meta property=\"article:publisher\" content=\"https:\/\/www.facebook.com\/wirmachenauf\" \/>\n<meta property=\"article:published_time\" content=\"2024-03-17T19:12:59+00:00\" \/>\n<meta property=\"og:image\" content=\"https:\/\/now-news.de\/de\/wp-content\/uploads\/sites\/3\/2024\/03\/Protest-gegen-EU-Agrarpolitik-Polnische-Bauern-blockieren-A12.jpg\" \/>\n\t<meta property=\"og:image:width\" content=\"460\" \/>\n\t<meta property=\"og:image:height\" content=\"259\" \/>\n\t<meta property=\"og:image:type\" content=\"image\/jpeg\" \/>\n<meta name=\"author\" content=\"rtnews\" \/>\n<meta name=\"twitter:card\" content=\"summary_large_image\" \/>\n<meta name=\"twitter:creator\" content=\"@WirMachenAuf_de\" \/>\n<meta name=\"twitter:site\" content=\"@WirMachenAuf_de\" \/>\n<meta name=\"twitter:label1\" content=\"Verfasst von\" \/>\n\t<meta name=\"twitter:data1\" content=\"rtnews\" \/>\n\t<meta name=\"twitter:label2\" content=\"Gesch\u00e4tzte Lesezeit\" \/>\n\t<meta name=\"twitter:data2\" content=\"2\u00a0Minuten\" \/>\n<script type=\"application\/ld+json\" class=\"yoast-schema-graph\">{\"@context\":\"https:\/\/schema.org\",\"@graph\":[{\"@type\":\"Article\",\"@id\":\"https:\/\/now-news.de\/de\/deutschland\/protest-gegen-eu-agrarpolitik-polnische-bauern-blockieren-a12\/#article\",\"isPartOf\":{\"@id\":\"https:\/\/now-news.de\/de\/deutschland\/protest-gegen-eu-agrarpolitik-polnische-bauern-blockieren-a12\/\"},\"author\":{\"name\":\"rtnews\",\"@id\":\"https:\/\/now-news.de\/de\/#\/schema\/person\/fb534a4e865501d8b3285208df34a9b5\"},\"headline\":\"Protest gegen EU-Agrarpolitik: Polnische Bauern blockieren A12\",\"datePublished\":\"2024-03-17T19:12:59+00:00\",\"dateModified\":\"2024-03-17T19:12:59+00:00\",\"mainEntityOfPage\":{\"@id\":\"https:\/\/now-news.de\/de\/deutschland\/protest-gegen-eu-agrarpolitik-polnische-bauern-blockieren-a12\/\"},\"wordCount\":352,\"commentCount\":0,\"publisher\":{\"@id\":\"https:\/\/now-news.de\/de\/#organization\"},\"image\":{\"@id\":\"https:\/\/now-news.de\/de\/deutschland\/protest-gegen-eu-agrarpolitik-polnische-bauern-blockieren-a12\/#primaryimage\"},\"thumbnailUrl\":\"https:\/\/now-news.de\/de\/wp-content\/uploads\/sites\/3\/2024\/03\/Protest-gegen-EU-Agrarpolitik-Polnische-Bauern-blockieren-A12.jpg\",\"keywords\":[\"A12\",\"Bauern\",\"blockieren\",\"EUAgrarpolitik\",\"gegen\",\"Polnische\",\"Protest\"],\"articleSection\":[\"Deutschland\",\"Russland\"],\"inLanguage\":\"de\",\"potentialAction\":[{\"@type\":\"CommentAction\",\"name\":\"Comment\",\"target\":[\"https:\/\/now-news.de\/de\/deutschland\/protest-gegen-eu-agrarpolitik-polnische-bauern-blockieren-a12\/#respond\"]}]},{\"@type\":\"WebPage\",\"@id\":\"https:\/\/now-news.de\/de\/deutschland\/protest-gegen-eu-agrarpolitik-polnische-bauern-blockieren-a12\/\",\"url\":\"https:\/\/now-news.de\/de\/deutschland\/protest-gegen-eu-agrarpolitik-polnische-bauern-blockieren-a12\/\",\"name\":\"Protest gegen EU-Agrarpolitik: Polnische Bauern blockieren A12 - just-now.NEWS Deutschland\",\"isPartOf\":{\"@id\":\"https:\/\/now-news.de\/de\/#website\"},\"primaryImageOfPage\":{\"@id\":\"https:\/\/now-news.de\/de\/deutschland\/protest-gegen-eu-agrarpolitik-polnische-bauern-blockieren-a12\/#primaryimage\"},\"image\":{\"@id\":\"https:\/\/now-news.de\/de\/deutschland\/protest-gegen-eu-agrarpolitik-polnische-bauern-blockieren-a12\/#primaryimage\"},\"thumbnailUrl\":\"https:\/\/now-news.de\/de\/wp-content\/uploads\/sites\/3\/2024\/03\/Protest-gegen-EU-Agrarpolitik-Polnische-Bauern-blockieren-A12.jpg\",\"datePublished\":\"2024-03-17T19:12:59+00:00\",\"dateModified\":\"2024-03-17T19:12:59+00:00\",\"breadcrumb\":{\"@id\":\"https:\/\/now-news.de\/de\/deutschland\/protest-gegen-eu-agrarpolitik-polnische-bauern-blockieren-a12\/#breadcrumb\"},\"inLanguage\":\"de\",\"potentialAction\":[{\"@type\":\"ReadAction\",\"target\":[\"https:\/\/now-news.de\/de\/deutschland\/protest-gegen-eu-agrarpolitik-polnische-bauern-blockieren-a12\/\"]}]},{\"@type\":\"ImageObject\",\"inLanguage\":\"de\",\"@id\":\"https:\/\/now-news.de\/de\/deutschland\/protest-gegen-eu-agrarpolitik-polnische-bauern-blockieren-a12\/#primaryimage\",\"url\":\"https:\/\/now-news.de\/de\/wp-content\/uploads\/sites\/3\/2024\/03\/Protest-gegen-EU-Agrarpolitik-Polnische-Bauern-blockieren-A12.jpg\",\"contentUrl\":\"https:\/\/now-news.de\/de\/wp-content\/uploads\/sites\/3\/2024\/03\/Protest-gegen-EU-Agrarpolitik-Polnische-Bauern-blockieren-A12.jpg\",\"width\":460,\"height\":259,\"caption\":\"Protest gegen EU-Agrarpolitik: Polnische Bauern blockieren A12\"},{\"@type\":\"BreadcrumbList\",\"@id\":\"https:\/\/now-news.de\/de\/deutschland\/protest-gegen-eu-agrarpolitik-polnische-bauern-blockieren-a12\/#breadcrumb\",\"itemListElement\":[{\"@type\":\"ListItem\",\"position\":1,\"name\":\"Home\",\"item\":\"https:\/\/now-news.de\/de\/\"},{\"@type\":\"ListItem\",\"position\":2,\"name\":\"Protest gegen EU-Agrarpolitik: Polnische Bauern blockieren A12\"}]},{\"@type\":\"WebSite\",\"@id\":\"https:\/\/now-news.de\/de\/#website\",\"url\":\"https:\/\/now-news.de\/de\/\",\"name\":\"just-now.NEWS Deutschland\",\"description\":\"Das Portal f\u00fcr unzensierte Nachrichten aus der Welt\",\"publisher\":{\"@id\":\"https:\/\/now-news.de\/de\/#organization\"},\"potentialAction\":[{\"@type\":\"SearchAction\",\"target\":{\"@type\":\"EntryPoint\",\"urlTemplate\":\"https:\/\/now-news.de\/de\/?s={search_term_string}\"},\"query-input\":\"required name=search_term_string\"}],\"inLanguage\":\"de\"},{\"@type\":\"Organization\",\"@id\":\"https:\/\/now-news.de\/de\/#organization\",\"name\":\"Just Now News\",\"url\":\"https:\/\/now-news.de\/de\/\",\"logo\":{\"@type\":\"ImageObject\",\"inLanguage\":\"de\",\"@id\":\"https:\/\/now-news.de\/de\/#\/schema\/logo\/image\/\",\"url\":\"http:\/\/just-now.news\/de\/wp-content\/uploads\/sites\/3\/2022\/04\/logo500x500.jpg\",\"contentUrl\":\"http:\/\/just-now.news\/de\/wp-content\/uploads\/sites\/3\/2022\/04\/logo500x500.jpg\",\"width\":500,\"height\":500,\"caption\":\"Just Now News\"},\"image\":{\"@id\":\"https:\/\/now-news.de\/de\/#\/schema\/logo\/image\/\"},\"sameAs\":[\"https:\/\/www.facebook.com\/wirmachenauf\",\"https:\/\/x.com\/WirMachenAuf_de\"]},{\"@type\":\"Person\",\"@id\":\"https:\/\/now-news.de\/de\/#\/schema\/person\/fb534a4e865501d8b3285208df34a9b5\",\"name\":\"rtnews\",\"image\":{\"@type\":\"ImageObject\",\"inLanguage\":\"de\",\"@id\":\"https:\/\/now-news.de\/de\/#\/schema\/person\/image\/\",\"url\":\"https:\/\/secure.gravatar.com\/avatar\/82aafea7d8127119dd649515f56e2117?s=96&d=mm&r=g\",\"contentUrl\":\"https:\/\/secure.gravatar.com\/avatar\/82aafea7d8127119dd649515f56e2117?s=96&d=mm&r=g\",\"caption\":\"rtnews\"},\"url\":\"https:\/\/now-news.de\/de\/author\/rnews\/\"}]}<\/script>\n<!-- \/ Yoast SEO Premium plugin. -->","yoast_head_json":{"title":"Protest gegen EU-Agrarpolitik: Polnische Bauern blockieren A12 - just-now.NEWS Deutschland","robots":{"index":"index","follow":"follow","max-snippet":"max-snippet:-1","max-image-preview":"max-image-preview:large","max-video-preview":"max-video-preview:-1"},"canonical":"https:\/\/now-news.de\/de\/deutschland\/protest-gegen-eu-agrarpolitik-polnische-bauern-blockieren-a12\/","og_locale":"de_DE","og_type":"article","og_title":"Protest gegen EU-Agrarpolitik: Polnische Bauern blockieren A12","og_description":"Die polnischen Bauern sind unzufrieden. In einer neuen Protestaktion blockieren sie nun erneut die A12. Vier Tage soll die Blockade andauern. Die Landwirte protestieren damit gegen die Agrarpolitik der EU \u2013 und gegen die Einfuhr von billigem Getreide aus der Ukraine. Polnische Bauern haben angek\u00fcndigt, die vom Berliner Ring nach Polen f\u00fchrende Autobahn A12 zu [&hellip;]","og_url":"https:\/\/now-news.de\/de\/deutschland\/protest-gegen-eu-agrarpolitik-polnische-bauern-blockieren-a12\/","og_site_name":"just-now.NEWS Deutschland","article_publisher":"https:\/\/www.facebook.com\/wirmachenauf","article_published_time":"2024-03-17T19:12:59+00:00","og_image":[{"width":460,"height":259,"url":"https:\/\/now-news.de\/de\/wp-content\/uploads\/sites\/3\/2024\/03\/Protest-gegen-EU-Agrarpolitik-Polnische-Bauern-blockieren-A12.jpg","type":"image\/jpeg"}],"author":"rtnews","twitter_card":"summary_large_image","twitter_creator":"@WirMachenAuf_de","twitter_site":"@WirMachenAuf_de","twitter_misc":{"Verfasst von":"rtnews","Gesch\u00e4tzte Lesezeit":"2\u00a0Minuten"},"schema":{"@context":"https:\/\/schema.org","@graph":[{"@type":"Article","@id":"https:\/\/now-news.de\/de\/deutschland\/protest-gegen-eu-agrarpolitik-polnische-bauern-blockieren-a12\/#article","isPartOf":{"@id":"https:\/\/now-news.de\/de\/deutschland\/protest-gegen-eu-agrarpolitik-polnische-bauern-blockieren-a12\/"},"author":{"name":"rtnews","@id":"https:\/\/now-news.de\/de\/#\/schema\/person\/fb534a4e865501d8b3285208df34a9b5"},"headline":"Protest gegen EU-Agrarpolitik: Polnische Bauern blockieren A12","datePublished":"2024-03-17T19:12:59+00:00","dateModified":"2024-03-17T19:12:59+00:00","mainEntityOfPage":{"@id":"https:\/\/now-news.de\/de\/deutschland\/protest-gegen-eu-agrarpolitik-polnische-bauern-blockieren-a12\/"},"wordCount":352,"commentCount":0,"publisher":{"@id":"https:\/\/now-news.de\/de\/#organization"},"image":{"@id":"https:\/\/now-news.de\/de\/deutschland\/protest-gegen-eu-agrarpolitik-polnische-bauern-blockieren-a12\/#primaryimage"},"thumbnailUrl":"https:\/\/now-news.de\/de\/wp-content\/uploads\/sites\/3\/2024\/03\/Protest-gegen-EU-Agrarpolitik-Polnische-Bauern-blockieren-A12.jpg","keywords":["A12","Bauern","blockieren","EUAgrarpolitik","gegen","Polnische","Protest"],"articleSection":["Deutschland","Russland"],"inLanguage":"de","potentialAction":[{"@type":"CommentAction","name":"Comment","target":["https:\/\/now-news.de\/de\/deutschland\/protest-gegen-eu-agrarpolitik-polnische-bauern-blockieren-a12\/#respond"]}]},{"@type":"WebPage","@id":"https:\/\/now-news.de\/de\/deutschland\/protest-gegen-eu-agrarpolitik-polnische-bauern-blockieren-a12\/","url":"https:\/\/now-news.de\/de\/deutschland\/protest-gegen-eu-agrarpolitik-polnische-bauern-blockieren-a12\/","name":"Protest gegen EU-Agrarpolitik: Polnische Bauern blockieren A12 - just-now.NEWS Deutschland","isPartOf":{"@id":"https:\/\/now-news.de\/de\/#website"},"primaryImageOfPage":{"@id":"https:\/\/now-news.de\/de\/deutschland\/protest-gegen-eu-agrarpolitik-polnische-bauern-blockieren-a12\/#primaryimage"},"image":{"@id":"https:\/\/now-news.de\/de\/deutschland\/protest-gegen-eu-agrarpolitik-polnische-bauern-blockieren-a12\/#primaryimage"},"thumbnailUrl":"https:\/\/now-news.de\/de\/wp-content\/uploads\/sites\/3\/2024\/03\/Protest-gegen-EU-Agrarpolitik-Polnische-Bauern-blockieren-A12.jpg","datePublished":"2024-03-17T19:12:59+00:00","dateModified":"2024-03-17T19:12:59+00:00","breadcrumb":{"@id":"https:\/\/now-news.de\/de\/deutschland\/protest-gegen-eu-agrarpolitik-polnische-bauern-blockieren-a12\/#breadcrumb"},"inLanguage":"de","potentialAction":[{"@type":"ReadAction","target":["https:\/\/now-news.de\/de\/deutschland\/protest-gegen-eu-agrarpolitik-polnische-bauern-blockieren-a12\/"]}]},{"@type":"ImageObject","inLanguage":"de","@id":"https:\/\/now-news.de\/de\/deutschland\/protest-gegen-eu-agrarpolitik-polnische-bauern-blockieren-a12\/#primaryimage","url":"https:\/\/now-news.de\/de\/wp-content\/uploads\/sites\/3\/2024\/03\/Protest-gegen-EU-Agrarpolitik-Polnische-Bauern-blockieren-A12.jpg","contentUrl":"https:\/\/now-news.de\/de\/wp-content\/uploads\/sites\/3\/2024\/03\/Protest-gegen-EU-Agrarpolitik-Polnische-Bauern-blockieren-A12.jpg","width":460,"height":259,"caption":"Protest gegen EU-Agrarpolitik: Polnische Bauern blockieren A12"},{"@type":"BreadcrumbList","@id":"https:\/\/now-news.de\/de\/deutschland\/protest-gegen-eu-agrarpolitik-polnische-bauern-blockieren-a12\/#breadcrumb","itemListElement":[{"@type":"ListItem","position":1,"name":"Home","item":"https:\/\/now-news.de\/de\/"},{"@type":"ListItem","position":2,"name":"Protest gegen EU-Agrarpolitik: Polnische Bauern blockieren A12"}]},{"@type":"WebSite","@id":"https:\/\/now-news.de\/de\/#website","url":"https:\/\/now-news.de\/de\/","name":"just-now.NEWS Deutschland","description":"Das Portal f\u00fcr unzensierte Nachrichten aus der Welt","publisher":{"@id":"https:\/\/now-news.de\/de\/#organization"},"potentialAction":[{"@type":"SearchAction","target":{"@type":"EntryPoint","urlTemplate":"https:\/\/now-news.de\/de\/?s={search_term_string}"},"query-input":"required name=search_term_string"}],"inLanguage":"de"},{"@type":"Organization","@id":"https:\/\/now-news.de\/de\/#organization","name":"Just Now News","url":"https:\/\/now-news.de\/de\/","logo":{"@type":"ImageObject","inLanguage":"de","@id":"https:\/\/now-news.de\/de\/#\/schema\/logo\/image\/","url":"http:\/\/just-now.news\/de\/wp-content\/uploads\/sites\/3\/2022\/04\/logo500x500.jpg","contentUrl":"http:\/\/just-now.news\/de\/wp-content\/uploads\/sites\/3\/2022\/04\/logo500x500.jpg","width":500,"height":500,"caption":"Just Now News"},"image":{"@id":"https:\/\/now-news.de\/de\/#\/schema\/logo\/image\/"},"sameAs":["https:\/\/www.facebook.com\/wirmachenauf","https:\/\/x.com\/WirMachenAuf_de"]},{"@type":"Person","@id":"https:\/\/now-news.de\/de\/#\/schema\/person\/fb534a4e865501d8b3285208df34a9b5","name":"rtnews","image":{"@type":"ImageObject","inLanguage":"de","@id":"https:\/\/now-news.de\/de\/#\/schema\/person\/image\/","url":"https:\/\/secure.gravatar.com\/avatar\/82aafea7d8127119dd649515f56e2117?s=96&d=mm&r=g","contentUrl":"https:\/\/secure.gravatar.com\/avatar\/82aafea7d8127119dd649515f56e2117?s=96&d=mm&r=g","caption":"rtnews"},"url":"https:\/\/now-news.de\/de\/author\/rnews\/"}]}},"_links":{"self":[{"href":"https:\/\/now-news.de\/de\/wp-json\/wp\/v2\/posts\/57281"}],"collection":[{"href":"https:\/\/now-news.de\/de\/wp-json\/wp\/v2\/posts"}],"about":[{"href":"https:\/\/now-news.de\/de\/wp-json\/wp\/v2\/types\/post"}],"author":[{"embeddable":true,"href":"https:\/\/now-news.de\/de\/wp-json\/wp\/v2\/users\/3"}],"replies":[{"embeddable":true,"href":"https:\/\/now-news.de\/de\/wp-json\/wp\/v2\/comments?post=57281"}],"version-history":[{"count":0,"href":"https:\/\/now-news.de\/de\/wp-json\/wp\/v2\/posts\/57281\/revisions"}],"wp:featuredmedia":[{"embeddable":true,"href":"https:\/\/now-news.de\/de\/wp-json\/wp\/v2\/media\/57282"}],"wp:attachment":[{"href":"https:\/\/now-news.de\/de\/wp-json\/wp\/v2\/media?parent=57281"}],"wp:term":[{"taxonomy":"category","embeddable":true,"href":"https:\/\/now-news.de\/de\/wp-json\/wp\/v2\/categories?post=57281"},{"taxonomy":"post_tag","embeddable":true,"href":"https:\/\/now-news.de\/de\/wp-json\/wp\/v2\/tags?post=57281"}],"curies":[{"name":"wp","href":"https:\/\/api.w.org\/{rel}","templated":true}]}}