{"id":57219,"date":"2024-03-16T18:57:18","date_gmt":"2024-03-16T16:57:18","guid":{"rendered":"https:\/\/just-now.news\/de\/deutschland\/kriegswahn-ist-tief-in-der-spd-verwurzelt-im-eu-parlament-wurde-fuer-taurus-lieferungen-gestimmt\/"},"modified":"2024-03-16T18:57:18","modified_gmt":"2024-03-16T16:57:18","slug":"kriegswahn-ist-tief-in-der-spd-verwurzelt-im-eu-parlament-wurde-fuer-taurus-lieferungen-gestimmt","status":"publish","type":"post","link":"https:\/\/now-news.de\/de\/deutschland\/kriegswahn-ist-tief-in-der-spd-verwurzelt-im-eu-parlament-wurde-fuer-taurus-lieferungen-gestimmt\/","title":{"rendered":"Kriegswahn ist tief in der SPD verwurzelt: Im EU-Parlament wurde f\u00fcr Taurus-Lieferungen gestimmt"},"content":{"rendered":"<p><img decoding=\"async\" src=\"http:\/\/just-now.news\/de\/wp-content\/uploads\/sites\/3\/2024\/03\/65f5c7cdb480cc64025f4389.jpg\" \/><\/p>\n<div class=\"Text-root Text-type_1 \">\n                Wenn die Katze aus dem Haus ist, tanzen die M\u00e4use, lautet ein Sprichwort, und das Abstimmungsverhalten der meisten SPD-Europaabgeordneten erweckt genau diesen Eindruck. Offenkundig wollen die meisten deutschen Politiker unbedingt Kriegsbeteiligte werden.\n            <\/div>\n<p><\/p>\n<div class=\"Text-root Text-type_5 ArticleView-text ViewText-root \">\n<p>Es sind nicht nur die Abgeordneten der Koalitionspartner, die Bundeskanzler Olaf Scholz nur m\u00fchsam bei der Stange halten kann, es sind auch Angeh\u00f6rige seiner eigenen Partei. Bei einer Abstimmung im Europaparlament am Freitag, nur einen Tag nach der Abstimmung \u00fcber die Taurus-Lieferung im Bundestag, stimmte die Mehrheit der SPD-Parlamentarier f\u00fcr eine <a rel=\"nofollow noopener\" target=\"_blank\" href=\"https:\/\/www.europarl.europa.eu\/doceo\/document\/RC-9-2024-0143_DE.html\">Resolution<\/a>, die unter anderem in Punkt 11 folgenden Satz enth\u00e4lt:<\/p>\n<blockquote>\n<p><em>&#8220;Das Europ\u00e4ische Parlament \u2026 ist der Ansicht, dass es keine selbst auferlegten Beschr\u00e4nkungen der milit\u00e4rischen Unterst\u00fctzung f\u00fcr die Ukraine geben sollte. \u2026 [Es] betont, dass die Ukraine insbesondere hochentwickelte Luftabwehrsysteme, Marschflugk\u00f6rper mit gro\u00dfer Reichweite wie die Systeme Taurus, Storm Shadow bzw. Scalp usw., moderne Kampfflugzeuge, verschiedene Arten von Artillerie und Munition (insbesondere Artilleriemunition des Kalibers 155\u00a0mm) sowie Drohnen und Waffen ben\u00f6tigt, um Angriffe abzuwehren.&#8221;<\/em><\/p>\n<\/blockquote>\n<p>Die gesamte Resolution ist ein von Ideologie und keineswegs von Kenntnis oder Friedensbereitschaft gepr\u00e4gter Text; unter anderem wird nach wie vor die Beschlagnahmung eingefrorener russischer Verm\u00f6genswerte verlangt und dem &#8220;Selenskij-Friedensplan&#8221; die Unterst\u00fctzung ausgesprochen. Wie gr\u00fcndlich die historischen Kenntnisse der Europaparlamentarier sind, belegt unter anderem der Vorwurf unter Ziffer 2, Russland habe nach seiner &#8220;rechtswidrigen Annexion der Halbinsel Krim&#8221; diese &#8220;in einen Milit\u00e4rst\u00fctzpunkt verwandelt&#8221;. Der Vorwurf w\u00e4re an die russische Zarin Katharina II. zu richten, die dies im 18. Jahrhundert tat.<\/p>\n<p>Der Punkt, in dem es um die Taurus geht, wurde vor der Gesamtabstimmung einzeln <a rel=\"nofollow noopener\" target=\"_blank\" href=\"https:\/\/www.europarl.europa.eu\/doceo\/document\/PV-9-2024-02-29-RCV_DE.html#165965%23941199\">abgestimmt<\/a>; schon bei dieser Abstimmung wandte sich die H\u00e4lfte der 16 SPD-Abgeordneten dagegen. Dem Protokoll zufolge waren dies die Abgeordneten Burkhardt, Ecke, Geier, K\u00f6ster, Lange, Repasi, Rudner und Schuster. Die ehemalige Justizministerin Barley enthielt sich, zusammen mit Bischoff. In der Gesamtabstimmung zu dieser Resolution stimmten allerdings nur noch K\u00f6ster, Rudner und Schuster dagegen \u2013 drei von 16\u00a0\u2013, die \u00fcbrigen stimmten zu.<\/p>\n<p>Die Abgeordneten von FDP und Gr\u00fcnen stimmten geschlossen f\u00fcr die Resolution, auch f\u00fcr Punkt 11. Das zeigt, dass nur eine Minderheit der Politiker selbst der SPD sich der Risiken bewusst ist, die eine Lieferung der Taurus hervorruft, und die Ablehnung mittlerweile nur noch von einer Minderheit in der SPD und von Bundeskanzler Olaf Scholz aufrechterhalten wird. Sie h\u00e4ngt an einem seidenen Faden.<\/p>\n<p><strong>Mehr zum Thema<\/strong> &#8211; <a rel=\"nofollow noopener\" target=\"_blank\" href=\"https:\/\/freeassange.rtde.live\/inland\/199287-hitzige-debatte-im-bundestag-scholz\/\">Hitzige Debatte im Bundestag \u2013 Scholz bleibt beim Nein zu Taurus-Lieferungen<\/a><\/p>\n<\/div>\n<p><br \/>\n<br \/><a href=\"https:\/\/de.rt.com\/inland\/199625-kriegswahn-ist-tief-in-spd\/\">Source link <\/a><\/p>\n","protected":false},"excerpt":{"rendered":"<p>Wenn die Katze aus dem Haus ist, tanzen die M\u00e4use, lautet ein Sprichwort, und das Abstimmungsverhalten der meisten SPD-Europaabgeordneten erweckt genau diesen Eindruck. Offenkundig wollen die meisten deutschen Politiker unbedingt Kriegsbeteiligte werden. Es sind nicht nur die Abgeordneten der Koalitionspartner, die Bundeskanzler Olaf Scholz nur m\u00fchsam bei der Stange halten kann, es sind auch Angeh\u00f6rige [&hellip;]<\/p>\n","protected":false},"author":3,"featured_media":57220,"comment_status":"open","ping_status":"open","sticky":false,"template":"","format":"standard","meta":{"_yoast_indexnow_last_ping":["1710608977"],"wp_automatic_camp":["217"],"9bdc3139aa48a383369e5d8adc2864d7":["Kriegswahn ist tief in der SPD verwurzelt: Im EU-Parlament wurde f\u00fcr Taurus-Lieferungen gestimmt"],"original_link":["https:\/\/de.rt.com\/inland\/199625-kriegswahn-ist-tief-in-spd\/"],"_thumbnail_id":["57220"],"jnews_social_counter_last_update":["1777618983"],"_wptgpro_p2tg_sent2tg":["a:1:{i:23737;s:19:\"2024-03-16 19:10:41\";}"]},"categories":[19,23],"tags":[82,20898,221,19711,414,46435,3814,47653,24391,54495,528],"yoast_head":"<!-- This site is optimized with the Yoast SEO Premium plugin v22.7 (Yoast SEO v22.7) - https:\/\/yoast.com\/wordpress\/plugins\/seo\/ -->\n<title>Kriegswahn ist tief in der SPD verwurzelt: Im EU-Parlament wurde f\u00fcr Taurus-Lieferungen gestimmt - just-now.NEWS Deutschland<\/title>\n<meta name=\"robots\" content=\"index, follow, max-snippet:-1, max-image-preview:large, max-video-preview:-1\" \/>\n<link rel=\"canonical\" href=\"https:\/\/now-news.de\/de\/deutschland\/kriegswahn-ist-tief-in-der-spd-verwurzelt-im-eu-parlament-wurde-fuer-taurus-lieferungen-gestimmt\/\" \/>\n<meta property=\"og:locale\" content=\"de_DE\" \/>\n<meta property=\"og:type\" content=\"article\" \/>\n<meta property=\"og:title\" content=\"Kriegswahn ist tief in der SPD verwurzelt: Im EU-Parlament wurde f\u00fcr Taurus-Lieferungen gestimmt\" \/>\n<meta property=\"og:description\" content=\"Wenn die Katze aus dem Haus ist, tanzen die M\u00e4use, lautet ein Sprichwort, und das Abstimmungsverhalten der meisten SPD-Europaabgeordneten erweckt genau diesen Eindruck. Offenkundig wollen die meisten deutschen Politiker unbedingt Kriegsbeteiligte werden. Es sind nicht nur die Abgeordneten der Koalitionspartner, die Bundeskanzler Olaf Scholz nur m\u00fchsam bei der Stange halten kann, es sind auch Angeh\u00f6rige [&hellip;]\" \/>\n<meta property=\"og:url\" content=\"https:\/\/now-news.de\/de\/deutschland\/kriegswahn-ist-tief-in-der-spd-verwurzelt-im-eu-parlament-wurde-fuer-taurus-lieferungen-gestimmt\/\" \/>\n<meta property=\"og:site_name\" content=\"just-now.NEWS Deutschland\" \/>\n<meta property=\"article:publisher\" content=\"https:\/\/www.facebook.com\/wirmachenauf\" \/>\n<meta property=\"article:published_time\" content=\"2024-03-16T16:57:18+00:00\" \/>\n<meta property=\"og:image\" content=\"https:\/\/now-news.de\/de\/wp-content\/uploads\/sites\/3\/2024\/03\/Kriegswahn-ist-tief-in-der-SPD-verwurzelt-Im-EU-Parlament-wurde.jpg\" \/>\n\t<meta property=\"og:image:width\" content=\"460\" \/>\n\t<meta property=\"og:image:height\" content=\"259\" \/>\n\t<meta property=\"og:image:type\" content=\"image\/jpeg\" \/>\n<meta name=\"author\" content=\"rtnews\" \/>\n<meta name=\"twitter:card\" content=\"summary_large_image\" \/>\n<meta name=\"twitter:creator\" content=\"@WirMachenAuf_de\" \/>\n<meta name=\"twitter:site\" content=\"@WirMachenAuf_de\" \/>\n<meta name=\"twitter:label1\" content=\"Verfasst von\" \/>\n\t<meta name=\"twitter:data1\" content=\"rtnews\" \/>\n\t<meta name=\"twitter:label2\" content=\"Gesch\u00e4tzte Lesezeit\" \/>\n\t<meta name=\"twitter:data2\" content=\"2\u00a0Minuten\" \/>\n<script type=\"application\/ld+json\" class=\"yoast-schema-graph\">{\"@context\":\"https:\/\/schema.org\",\"@graph\":[{\"@type\":\"Article\",\"@id\":\"https:\/\/now-news.de\/de\/deutschland\/kriegswahn-ist-tief-in-der-spd-verwurzelt-im-eu-parlament-wurde-fuer-taurus-lieferungen-gestimmt\/#article\",\"isPartOf\":{\"@id\":\"https:\/\/now-news.de\/de\/deutschland\/kriegswahn-ist-tief-in-der-spd-verwurzelt-im-eu-parlament-wurde-fuer-taurus-lieferungen-gestimmt\/\"},\"author\":{\"name\":\"rtnews\",\"@id\":\"https:\/\/now-news.de\/de\/#\/schema\/person\/fb534a4e865501d8b3285208df34a9b5\"},\"headline\":\"Kriegswahn ist tief in der SPD verwurzelt: Im EU-Parlament wurde f\u00fcr Taurus-Lieferungen gestimmt\",\"datePublished\":\"2024-03-16T16:57:18+00:00\",\"dateModified\":\"2024-03-16T16:57:18+00:00\",\"mainEntityOfPage\":{\"@id\":\"https:\/\/now-news.de\/de\/deutschland\/kriegswahn-ist-tief-in-der-spd-verwurzelt-im-eu-parlament-wurde-fuer-taurus-lieferungen-gestimmt\/\"},\"wordCount\":423,\"commentCount\":0,\"publisher\":{\"@id\":\"https:\/\/now-news.de\/de\/#organization\"},\"image\":{\"@id\":\"https:\/\/now-news.de\/de\/deutschland\/kriegswahn-ist-tief-in-der-spd-verwurzelt-im-eu-parlament-wurde-fuer-taurus-lieferungen-gestimmt\/#primaryimage\"},\"thumbnailUrl\":\"https:\/\/now-news.de\/de\/wp-content\/uploads\/sites\/3\/2024\/03\/Kriegswahn-ist-tief-in-der-SPD-verwurzelt-Im-EU-Parlament-wurde.jpg\",\"keywords\":[\"der\",\"EUParlament\",\"f\u00fcr\",\"gestimmt\",\"ist\",\"Kriegswahn\",\"SPD\",\"TaurusLieferungen\",\"tief\",\"verwurzelt\",\"wurde\"],\"articleSection\":[\"Deutschland\",\"Russland\"],\"inLanguage\":\"de\",\"potentialAction\":[{\"@type\":\"CommentAction\",\"name\":\"Comment\",\"target\":[\"https:\/\/now-news.de\/de\/deutschland\/kriegswahn-ist-tief-in-der-spd-verwurzelt-im-eu-parlament-wurde-fuer-taurus-lieferungen-gestimmt\/#respond\"]}]},{\"@type\":\"WebPage\",\"@id\":\"https:\/\/now-news.de\/de\/deutschland\/kriegswahn-ist-tief-in-der-spd-verwurzelt-im-eu-parlament-wurde-fuer-taurus-lieferungen-gestimmt\/\",\"url\":\"https:\/\/now-news.de\/de\/deutschland\/kriegswahn-ist-tief-in-der-spd-verwurzelt-im-eu-parlament-wurde-fuer-taurus-lieferungen-gestimmt\/\",\"name\":\"Kriegswahn ist tief in der SPD verwurzelt: Im EU-Parlament wurde f\u00fcr Taurus-Lieferungen gestimmt - just-now.NEWS Deutschland\",\"isPartOf\":{\"@id\":\"https:\/\/now-news.de\/de\/#website\"},\"primaryImageOfPage\":{\"@id\":\"https:\/\/now-news.de\/de\/deutschland\/kriegswahn-ist-tief-in-der-spd-verwurzelt-im-eu-parlament-wurde-fuer-taurus-lieferungen-gestimmt\/#primaryimage\"},\"image\":{\"@id\":\"https:\/\/now-news.de\/de\/deutschland\/kriegswahn-ist-tief-in-der-spd-verwurzelt-im-eu-parlament-wurde-fuer-taurus-lieferungen-gestimmt\/#primaryimage\"},\"thumbnailUrl\":\"https:\/\/now-news.de\/de\/wp-content\/uploads\/sites\/3\/2024\/03\/Kriegswahn-ist-tief-in-der-SPD-verwurzelt-Im-EU-Parlament-wurde.jpg\",\"datePublished\":\"2024-03-16T16:57:18+00:00\",\"dateModified\":\"2024-03-16T16:57:18+00:00\",\"breadcrumb\":{\"@id\":\"https:\/\/now-news.de\/de\/deutschland\/kriegswahn-ist-tief-in-der-spd-verwurzelt-im-eu-parlament-wurde-fuer-taurus-lieferungen-gestimmt\/#breadcrumb\"},\"inLanguage\":\"de\",\"potentialAction\":[{\"@type\":\"ReadAction\",\"target\":[\"https:\/\/now-news.de\/de\/deutschland\/kriegswahn-ist-tief-in-der-spd-verwurzelt-im-eu-parlament-wurde-fuer-taurus-lieferungen-gestimmt\/\"]}]},{\"@type\":\"ImageObject\",\"inLanguage\":\"de\",\"@id\":\"https:\/\/now-news.de\/de\/deutschland\/kriegswahn-ist-tief-in-der-spd-verwurzelt-im-eu-parlament-wurde-fuer-taurus-lieferungen-gestimmt\/#primaryimage\",\"url\":\"https:\/\/now-news.de\/de\/wp-content\/uploads\/sites\/3\/2024\/03\/Kriegswahn-ist-tief-in-der-SPD-verwurzelt-Im-EU-Parlament-wurde.jpg\",\"contentUrl\":\"https:\/\/now-news.de\/de\/wp-content\/uploads\/sites\/3\/2024\/03\/Kriegswahn-ist-tief-in-der-SPD-verwurzelt-Im-EU-Parlament-wurde.jpg\",\"width\":460,\"height\":259,\"caption\":\"Kriegswahn ist tief in der SPD verwurzelt: Im EU-Parlament wurde f\u00fcr Taurus-Lieferungen gestimmt\"},{\"@type\":\"BreadcrumbList\",\"@id\":\"https:\/\/now-news.de\/de\/deutschland\/kriegswahn-ist-tief-in-der-spd-verwurzelt-im-eu-parlament-wurde-fuer-taurus-lieferungen-gestimmt\/#breadcrumb\",\"itemListElement\":[{\"@type\":\"ListItem\",\"position\":1,\"name\":\"Home\",\"item\":\"https:\/\/now-news.de\/de\/\"},{\"@type\":\"ListItem\",\"position\":2,\"name\":\"Kriegswahn ist tief in der SPD verwurzelt: Im EU-Parlament wurde f\u00fcr Taurus-Lieferungen gestimmt\"}]},{\"@type\":\"WebSite\",\"@id\":\"https:\/\/now-news.de\/de\/#website\",\"url\":\"https:\/\/now-news.de\/de\/\",\"name\":\"just-now.NEWS Deutschland\",\"description\":\"Das Portal f\u00fcr unzensierte Nachrichten aus der Welt\",\"publisher\":{\"@id\":\"https:\/\/now-news.de\/de\/#organization\"},\"potentialAction\":[{\"@type\":\"SearchAction\",\"target\":{\"@type\":\"EntryPoint\",\"urlTemplate\":\"https:\/\/now-news.de\/de\/?s={search_term_string}\"},\"query-input\":\"required name=search_term_string\"}],\"inLanguage\":\"de\"},{\"@type\":\"Organization\",\"@id\":\"https:\/\/now-news.de\/de\/#organization\",\"name\":\"Just Now News\",\"url\":\"https:\/\/now-news.de\/de\/\",\"logo\":{\"@type\":\"ImageObject\",\"inLanguage\":\"de\",\"@id\":\"https:\/\/now-news.de\/de\/#\/schema\/logo\/image\/\",\"url\":\"http:\/\/just-now.news\/de\/wp-content\/uploads\/sites\/3\/2022\/04\/logo500x500.jpg\",\"contentUrl\":\"http:\/\/just-now.news\/de\/wp-content\/uploads\/sites\/3\/2022\/04\/logo500x500.jpg\",\"width\":500,\"height\":500,\"caption\":\"Just Now News\"},\"image\":{\"@id\":\"https:\/\/now-news.de\/de\/#\/schema\/logo\/image\/\"},\"sameAs\":[\"https:\/\/www.facebook.com\/wirmachenauf\",\"https:\/\/x.com\/WirMachenAuf_de\"]},{\"@type\":\"Person\",\"@id\":\"https:\/\/now-news.de\/de\/#\/schema\/person\/fb534a4e865501d8b3285208df34a9b5\",\"name\":\"rtnews\",\"image\":{\"@type\":\"ImageObject\",\"inLanguage\":\"de\",\"@id\":\"https:\/\/now-news.de\/de\/#\/schema\/person\/image\/\",\"url\":\"https:\/\/secure.gravatar.com\/avatar\/82aafea7d8127119dd649515f56e2117?s=96&d=mm&r=g\",\"contentUrl\":\"https:\/\/secure.gravatar.com\/avatar\/82aafea7d8127119dd649515f56e2117?s=96&d=mm&r=g\",\"caption\":\"rtnews\"},\"url\":\"https:\/\/now-news.de\/de\/author\/rnews\/\"}]}<\/script>\n<!-- \/ Yoast SEO Premium plugin. -->","yoast_head_json":{"title":"Kriegswahn ist tief in der SPD verwurzelt: Im EU-Parlament wurde f\u00fcr Taurus-Lieferungen gestimmt - just-now.NEWS Deutschland","robots":{"index":"index","follow":"follow","max-snippet":"max-snippet:-1","max-image-preview":"max-image-preview:large","max-video-preview":"max-video-preview:-1"},"canonical":"https:\/\/now-news.de\/de\/deutschland\/kriegswahn-ist-tief-in-der-spd-verwurzelt-im-eu-parlament-wurde-fuer-taurus-lieferungen-gestimmt\/","og_locale":"de_DE","og_type":"article","og_title":"Kriegswahn ist tief in der SPD verwurzelt: Im EU-Parlament wurde f\u00fcr Taurus-Lieferungen gestimmt","og_description":"Wenn die Katze aus dem Haus ist, tanzen die M\u00e4use, lautet ein Sprichwort, und das Abstimmungsverhalten der meisten SPD-Europaabgeordneten erweckt genau diesen Eindruck. Offenkundig wollen die meisten deutschen Politiker unbedingt Kriegsbeteiligte werden. Es sind nicht nur die Abgeordneten der Koalitionspartner, die Bundeskanzler Olaf Scholz nur m\u00fchsam bei der Stange halten kann, es sind auch Angeh\u00f6rige [&hellip;]","og_url":"https:\/\/now-news.de\/de\/deutschland\/kriegswahn-ist-tief-in-der-spd-verwurzelt-im-eu-parlament-wurde-fuer-taurus-lieferungen-gestimmt\/","og_site_name":"just-now.NEWS Deutschland","article_publisher":"https:\/\/www.facebook.com\/wirmachenauf","article_published_time":"2024-03-16T16:57:18+00:00","og_image":[{"width":460,"height":259,"url":"https:\/\/now-news.de\/de\/wp-content\/uploads\/sites\/3\/2024\/03\/Kriegswahn-ist-tief-in-der-SPD-verwurzelt-Im-EU-Parlament-wurde.jpg","type":"image\/jpeg"}],"author":"rtnews","twitter_card":"summary_large_image","twitter_creator":"@WirMachenAuf_de","twitter_site":"@WirMachenAuf_de","twitter_misc":{"Verfasst von":"rtnews","Gesch\u00e4tzte Lesezeit":"2\u00a0Minuten"},"schema":{"@context":"https:\/\/schema.org","@graph":[{"@type":"Article","@id":"https:\/\/now-news.de\/de\/deutschland\/kriegswahn-ist-tief-in-der-spd-verwurzelt-im-eu-parlament-wurde-fuer-taurus-lieferungen-gestimmt\/#article","isPartOf":{"@id":"https:\/\/now-news.de\/de\/deutschland\/kriegswahn-ist-tief-in-der-spd-verwurzelt-im-eu-parlament-wurde-fuer-taurus-lieferungen-gestimmt\/"},"author":{"name":"rtnews","@id":"https:\/\/now-news.de\/de\/#\/schema\/person\/fb534a4e865501d8b3285208df34a9b5"},"headline":"Kriegswahn ist tief in der SPD verwurzelt: Im EU-Parlament wurde f\u00fcr Taurus-Lieferungen gestimmt","datePublished":"2024-03-16T16:57:18+00:00","dateModified":"2024-03-16T16:57:18+00:00","mainEntityOfPage":{"@id":"https:\/\/now-news.de\/de\/deutschland\/kriegswahn-ist-tief-in-der-spd-verwurzelt-im-eu-parlament-wurde-fuer-taurus-lieferungen-gestimmt\/"},"wordCount":423,"commentCount":0,"publisher":{"@id":"https:\/\/now-news.de\/de\/#organization"},"image":{"@id":"https:\/\/now-news.de\/de\/deutschland\/kriegswahn-ist-tief-in-der-spd-verwurzelt-im-eu-parlament-wurde-fuer-taurus-lieferungen-gestimmt\/#primaryimage"},"thumbnailUrl":"https:\/\/now-news.de\/de\/wp-content\/uploads\/sites\/3\/2024\/03\/Kriegswahn-ist-tief-in-der-SPD-verwurzelt-Im-EU-Parlament-wurde.jpg","keywords":["der","EUParlament","f\u00fcr","gestimmt","ist","Kriegswahn","SPD","TaurusLieferungen","tief","verwurzelt","wurde"],"articleSection":["Deutschland","Russland"],"inLanguage":"de","potentialAction":[{"@type":"CommentAction","name":"Comment","target":["https:\/\/now-news.de\/de\/deutschland\/kriegswahn-ist-tief-in-der-spd-verwurzelt-im-eu-parlament-wurde-fuer-taurus-lieferungen-gestimmt\/#respond"]}]},{"@type":"WebPage","@id":"https:\/\/now-news.de\/de\/deutschland\/kriegswahn-ist-tief-in-der-spd-verwurzelt-im-eu-parlament-wurde-fuer-taurus-lieferungen-gestimmt\/","url":"https:\/\/now-news.de\/de\/deutschland\/kriegswahn-ist-tief-in-der-spd-verwurzelt-im-eu-parlament-wurde-fuer-taurus-lieferungen-gestimmt\/","name":"Kriegswahn ist tief in der SPD verwurzelt: Im EU-Parlament wurde f\u00fcr Taurus-Lieferungen gestimmt - just-now.NEWS Deutschland","isPartOf":{"@id":"https:\/\/now-news.de\/de\/#website"},"primaryImageOfPage":{"@id":"https:\/\/now-news.de\/de\/deutschland\/kriegswahn-ist-tief-in-der-spd-verwurzelt-im-eu-parlament-wurde-fuer-taurus-lieferungen-gestimmt\/#primaryimage"},"image":{"@id":"https:\/\/now-news.de\/de\/deutschland\/kriegswahn-ist-tief-in-der-spd-verwurzelt-im-eu-parlament-wurde-fuer-taurus-lieferungen-gestimmt\/#primaryimage"},"thumbnailUrl":"https:\/\/now-news.de\/de\/wp-content\/uploads\/sites\/3\/2024\/03\/Kriegswahn-ist-tief-in-der-SPD-verwurzelt-Im-EU-Parlament-wurde.jpg","datePublished":"2024-03-16T16:57:18+00:00","dateModified":"2024-03-16T16:57:18+00:00","breadcrumb":{"@id":"https:\/\/now-news.de\/de\/deutschland\/kriegswahn-ist-tief-in-der-spd-verwurzelt-im-eu-parlament-wurde-fuer-taurus-lieferungen-gestimmt\/#breadcrumb"},"inLanguage":"de","potentialAction":[{"@type":"ReadAction","target":["https:\/\/now-news.de\/de\/deutschland\/kriegswahn-ist-tief-in-der-spd-verwurzelt-im-eu-parlament-wurde-fuer-taurus-lieferungen-gestimmt\/"]}]},{"@type":"ImageObject","inLanguage":"de","@id":"https:\/\/now-news.de\/de\/deutschland\/kriegswahn-ist-tief-in-der-spd-verwurzelt-im-eu-parlament-wurde-fuer-taurus-lieferungen-gestimmt\/#primaryimage","url":"https:\/\/now-news.de\/de\/wp-content\/uploads\/sites\/3\/2024\/03\/Kriegswahn-ist-tief-in-der-SPD-verwurzelt-Im-EU-Parlament-wurde.jpg","contentUrl":"https:\/\/now-news.de\/de\/wp-content\/uploads\/sites\/3\/2024\/03\/Kriegswahn-ist-tief-in-der-SPD-verwurzelt-Im-EU-Parlament-wurde.jpg","width":460,"height":259,"caption":"Kriegswahn ist tief in der SPD verwurzelt: Im EU-Parlament wurde f\u00fcr Taurus-Lieferungen gestimmt"},{"@type":"BreadcrumbList","@id":"https:\/\/now-news.de\/de\/deutschland\/kriegswahn-ist-tief-in-der-spd-verwurzelt-im-eu-parlament-wurde-fuer-taurus-lieferungen-gestimmt\/#breadcrumb","itemListElement":[{"@type":"ListItem","position":1,"name":"Home","item":"https:\/\/now-news.de\/de\/"},{"@type":"ListItem","position":2,"name":"Kriegswahn ist tief in der SPD verwurzelt: Im EU-Parlament wurde f\u00fcr Taurus-Lieferungen gestimmt"}]},{"@type":"WebSite","@id":"https:\/\/now-news.de\/de\/#website","url":"https:\/\/now-news.de\/de\/","name":"just-now.NEWS Deutschland","description":"Das Portal f\u00fcr unzensierte Nachrichten aus der Welt","publisher":{"@id":"https:\/\/now-news.de\/de\/#organization"},"potentialAction":[{"@type":"SearchAction","target":{"@type":"EntryPoint","urlTemplate":"https:\/\/now-news.de\/de\/?s={search_term_string}"},"query-input":"required name=search_term_string"}],"inLanguage":"de"},{"@type":"Organization","@id":"https:\/\/now-news.de\/de\/#organization","name":"Just Now News","url":"https:\/\/now-news.de\/de\/","logo":{"@type":"ImageObject","inLanguage":"de","@id":"https:\/\/now-news.de\/de\/#\/schema\/logo\/image\/","url":"http:\/\/just-now.news\/de\/wp-content\/uploads\/sites\/3\/2022\/04\/logo500x500.jpg","contentUrl":"http:\/\/just-now.news\/de\/wp-content\/uploads\/sites\/3\/2022\/04\/logo500x500.jpg","width":500,"height":500,"caption":"Just Now News"},"image":{"@id":"https:\/\/now-news.de\/de\/#\/schema\/logo\/image\/"},"sameAs":["https:\/\/www.facebook.com\/wirmachenauf","https:\/\/x.com\/WirMachenAuf_de"]},{"@type":"Person","@id":"https:\/\/now-news.de\/de\/#\/schema\/person\/fb534a4e865501d8b3285208df34a9b5","name":"rtnews","image":{"@type":"ImageObject","inLanguage":"de","@id":"https:\/\/now-news.de\/de\/#\/schema\/person\/image\/","url":"https:\/\/secure.gravatar.com\/avatar\/82aafea7d8127119dd649515f56e2117?s=96&d=mm&r=g","contentUrl":"https:\/\/secure.gravatar.com\/avatar\/82aafea7d8127119dd649515f56e2117?s=96&d=mm&r=g","caption":"rtnews"},"url":"https:\/\/now-news.de\/de\/author\/rnews\/"}]}},"_links":{"self":[{"href":"https:\/\/now-news.de\/de\/wp-json\/wp\/v2\/posts\/57219"}],"collection":[{"href":"https:\/\/now-news.de\/de\/wp-json\/wp\/v2\/posts"}],"about":[{"href":"https:\/\/now-news.de\/de\/wp-json\/wp\/v2\/types\/post"}],"author":[{"embeddable":true,"href":"https:\/\/now-news.de\/de\/wp-json\/wp\/v2\/users\/3"}],"replies":[{"embeddable":true,"href":"https:\/\/now-news.de\/de\/wp-json\/wp\/v2\/comments?post=57219"}],"version-history":[{"count":0,"href":"https:\/\/now-news.de\/de\/wp-json\/wp\/v2\/posts\/57219\/revisions"}],"wp:featuredmedia":[{"embeddable":true,"href":"https:\/\/now-news.de\/de\/wp-json\/wp\/v2\/media\/57220"}],"wp:attachment":[{"href":"https:\/\/now-news.de\/de\/wp-json\/wp\/v2\/media?parent=57219"}],"wp:term":[{"taxonomy":"category","embeddable":true,"href":"https:\/\/now-news.de\/de\/wp-json\/wp\/v2\/categories?post=57219"},{"taxonomy":"post_tag","embeddable":true,"href":"https:\/\/now-news.de\/de\/wp-json\/wp\/v2\/tags?post=57219"}],"curies":[{"name":"wp","href":"https:\/\/api.w.org\/{rel}","templated":true}]}}