{"id":57166,"date":"2024-03-15T15:21:26","date_gmt":"2024-03-15T13:21:26","guid":{"rendered":"https:\/\/just-now.news\/de\/deutschland\/nach-polizeieinsatz-an-schule-in-vorpommern-mainstream-sieht-hetzkampagne\/"},"modified":"2024-03-15T15:21:26","modified_gmt":"2024-03-15T13:21:26","slug":"nach-polizeieinsatz-an-schule-in-vorpommern-mainstream-sieht-hetzkampagne","status":"publish","type":"post","link":"https:\/\/now-news.de\/de\/deutschland\/nach-polizeieinsatz-an-schule-in-vorpommern-mainstream-sieht-hetzkampagne\/","title":{"rendered":"Nach Polizeieinsatz an Schule in Vorpommern: Mainstream sieht &quot;Hetzkampagne&quot;"},"content":{"rendered":"<p><img decoding=\"async\" src=\"http:\/\/just-now.news\/de\/wp-content\/uploads\/sites\/3\/2024\/03\/65f40e2c48fbef28772bdcf8.PNG\" \/><\/p>\n<div class=\"Text-root Text-type_1 \">\n                Nachdem die Polizei ein M\u00e4dchen wegen des Teilens von AfD-Inhalten aus dem Unterricht geholt und es einer Gef\u00e4hrderansprache unterzogen hat, hat es der Vorfall in die Mainstreammedien geschafft. Als problematisch wird nicht das Vorgehen der Polizei dargestellt, sondern die Berichterstattung dar\u00fcber.\n            <\/div>\n<p><\/p>\n<div class=\"Text-root Text-type_5 ArticleView-text ViewText-root \">\n<p>Nach der Berichterstattung \u00fcber einen Polizeieinsatz in einer Schule in Ribnitz-Damgarten haben Mainstreammedien eine &#8220;Hetzkampagne&#8221; gegen das Gymnasium ausgemacht. Der <em>NDR<\/em> titelte am Freitag &#8220;Hetzkampagne gegen Gymnasium in Ribnitz-Damgarten&#8221; und berichtete von &#8220;Drohanrufen und Schm\u00e4h-E-Mails&#8221; gegen die Schule.<\/p>\n<p>Bereits am\u00a0Donnerstag hatte das dem Werbekonzern Str\u00f6er geh\u00f6rende Portal <em>T-Online<\/em> von sich \u00fcberschlagenden &#8220;Rechtsau\u00dfen-Medien&#8221; berichtet. Beide Medien stellen das Vorgehen von Schule und Polizei und Schule als angemessen dar und stellen die Berichterstattung \u00fcber den Vorfall als Problem dar.<\/p>\n<p>Im <em>NDR<\/em>-Artikel hei\u00dft es:<\/p>\n<p><em>&#8220;Das Richard-Wossidlo-Gymnasium in Ribnitz-Damgarten ist offenbar Ziel von Drohanrufen und Schm\u00e4h-E-Mails. Ausl\u00f6ser ist eine Kampagne rechtspopulistischer Medien und von AfD-Politikern, die der Schulleitung Stasi-Methoden vorwerfen.<\/em><\/p>\n<p><em>Die Drohungen und Schm\u00e4hungen besch\u00e4ftigen inzwischen die Polizei. Sie fordert auf ihren Social-Media-Kan\u00e4len dazu auf, Pers\u00f6nlichkeitsrechte zu beachten. Der Aufruf zu Straftaten werde ebenso verfolgt wie Beleidigungen. Nach Angaben des Bildungsministeriums ist der Staatsschutz eingeschaltet. Das Polizeipr\u00e4sidium Neubrandenburg spricht auf X von Hetze gegen die Schule.&#8221;<\/em><\/p>\n<div class=\"EmbedBlock-root EmbedBlock-twitter\">\n<div class=\"TwitterEmbed\">\n<blockquote class=\"twitter-tweet lazyload\" data-twitter=\"twitter-tweet\">\n<p lang=\"de\" dir=\"ltr\">Aus gegebenem Anlass m\u00f6chten wir bei dem Sachverhalt an einer Schule in Ribnitz-Damgarten darum bitten, die Pers\u00f6nlichkeitsrechte aller Beteiligten zu wahren. Der Aufruf zu Straftaten, Beleidigungen oder \u00c4hnliches kann strafrechtlich oder ordnungsrechtlich verfolgt werden! Danke <a rel=\"nofollow noopener\" target=\"_blank\" href=\"https:\/\/t.co\/QdVsmlKgzQ\">pic.twitter.com\/QdVsmlKgzQ<\/a><\/p>\n<p>\u2014 Polizeipr\u00e4sidium Neubrandenburg (@Polizei_PP_NB) <a rel=\"nofollow noopener\" target=\"_blank\" href=\"https:\/\/twitter.com\/Polizei_PP_NB\/status\/1768306167812440456?ref_src=twsrc%5Etfw\">March 14, 2024<\/a><\/p><\/blockquote>\n<\/div>\n<\/div>\n<p>Die\u00a0<em>T-Online<\/em>-Autorin Simone Rafael, die offenbar auch f\u00fcr die Amadeu Antonio Stiftung\u00a0<a rel=\"nofollow noopener\" target=\"_blank\" href=\"https:\/\/www.amadeu-antonio-stiftung.de\/ueber-uns\/kontakt-team\/simone-rafael\/\">t\u00e4tig<\/a>\u00a0ist, schlie\u00dft ihren Artikel so:<\/p>\n<p><em>&#8220;Neben vielen Stasi-Beschimpfungen posten Rechtsextreme und AfD-Unterst\u00fctzer inzwischen Fotos des Schulleiters in sozialen Netzwerken und fordern Konsequenzen gegen einen Menschen, der lediglich seinem Bildungs- und Pr\u00e4ventionsauftrag gegen\u00fcber den Sch\u00fclern nachgekommen ist.&#8221;<\/em><\/p>\n<p>Was war geschehen? Am 27. Februar kam es zu einem Polizeieinsatz in einem Gymnasium in Ribnitz-Damgarten in Mecklenburg-Vorpommern. Eine 16-j\u00e4hrige Sch\u00fclerin wurde aus dem Unterricht geholt und erhielt von drei Polizisten in den R\u00e4umen der\u00a0Schulleitung eine &#8220;Gef\u00e4hrderansprache&#8221;. Das M\u00e4dchen hatte auf TikTok ein Werbevideo der AfD geteilt, in dem die Schl\u00fcmpfe vorkommen, und in einem weiteren Post betont, dass Deutschland Heimat sei, nicht nur ein Punkt auf der Landkarte. Der Schulleiter verst\u00e4ndigte die Polizei, nachdem er durch eine E-Mail auf die Posts aufmerksam gemacht worden war.<\/p>\n<p>\u00dcber diesen Vorfall hatte am\u00a0Mittwoch zun\u00e4chst die\u00a0<em>Junge Freiheit<\/em>\u00a0berichtet, dann folgten andere Medien wie\u00a0<em>RT DE<\/em>\u00a0und\u00a0<em>Nius<\/em>. Nach der ersten Berichterstattung ver\u00f6ffentlichte\u00a0die Polizei \u2013 \u00fcber zwei Wochen nach dem Vorfall \u2013 am Donnerstag eine\u00a0<a rel=\"nofollow noopener\" target=\"_blank\" href=\"https:\/\/www.polizei.mvnet.de\/Presse\/Pressemitteilungen\/?id=199486&amp;processor=processor.sa.pressemitteilung\">Pressemitteilung<\/a>, erst dann folgte eine\u00a0<em>dpa<\/em>-Meldung, die von den zahlreichen Mainstreammedien \u00fcbernommen wurde.\u00a0<\/p>\n<p>Unterschiede in der Darstellung gibt es in der Frage, wer das M\u00e4dchen aus dem Klassenzimmer holte. Laut der Darstellung der Mutter gegen\u00fcber der\u00a0<em>Jungen Freiheit<\/em>\u00a0standen die\u00a0Polizisten &#8220;pl\u00f6tzlich im Raum&#8221; und holten die Sch\u00fclerin ab. Dagegen hei\u00dft es in der Mitteilung der Polizei, dass der Schulleiter das M\u00e4dchen aus dem Unterrichtsraum gebeten habe, w\u00e4hrend die Polizisten im Flur gewartet h\u00e4tten \u2013 und somit nicht von den Mitsch\u00fclern wahrgenommen worden seien.<\/p>\n<p>Unterschiede gibt es auch in der Bewertung des Vorfalls. W\u00e4hrend die Mutter das Vorgehen der Polizei als &#8220;Stasischei\u00dfe&#8221; bezeichnet, ist in deren Pressemitteilung davon die Rede, dass sowohl das M\u00e4dchen als auch die telefonisch verst\u00e4ndigte Mutter &#8220;Verst\u00e4ndnis&#8221; f\u00fcr den Einsatz gezeigt h\u00e4tten.<\/p>\n<div class=\"EmbedBlock-root EmbedBlock-twitter\">\n<div class=\"TwitterEmbed\">\n<blockquote class=\"twitter-tweet lazyload\" data-twitter=\"twitter-tweet\">\n<p lang=\"de\" dir=\"ltr\">3 Polizisten f\u00fchren eine 16j\u00e4hrige <a rel=\"nofollow noopener\" target=\"_blank\" href=\"https:\/\/twitter.com\/hashtag\/Sch%C3%BClerin?src=hash&amp;ref_src=twsrc%5Etfw\">#Sch\u00fclerin<\/a> wie eine Schwerstkriminelle aus dem laufenden Unterricht am Richard-Wossildo-Gymnasium in Ribnitz-Dammgarten ab, um ihr eine Gef\u00e4hrderansprache zu halten. Grund: <a rel=\"nofollow noopener\" target=\"_blank\" href=\"https:\/\/twitter.com\/hashtag\/Schulleiter?src=hash&amp;ref_src=twsrc%5Etfw\">#Schulleiter<\/a> Jan-Dirk Zimmermann hat sie wegen v\u00f6llig legitimer\u2026<\/p>\n<p>\u2014 Beatrix von Storch (@Beatrix_vStorch) <a rel=\"nofollow noopener\" target=\"_blank\" href=\"https:\/\/twitter.com\/Beatrix_vStorch\/status\/1768297319148003575?ref_src=twsrc%5Etfw\">March 14, 2024<\/a><\/p><\/blockquote>\n<\/div>\n<\/div>\n<p>Die Debatte um den Vorfall wird erst einmal andauern. Am Donnerstag hat die AfD-Abgeordnete Beatrix von Storch hat Strafanzeige gegen den Schulleiter des Gymnasiums \u2013 &#8220;wegen des Verdachts auf falsche Verd\u00e4chtigung und N\u00f6tigung&#8221; gestellt.\u00a0In einer Presseerkl\u00e4rung schrieb die Abgeordnete, der Schulleiter habe sich &#8220;zum willigen Werkzeug der Repression gemacht und\u00a0massiv die Rechte seiner Sch\u00fclerin und seine F\u00fcrsorgepflicht verletzt&#8221;. Er habe die\u00a0Sch\u00fclerin\u00a0&#8220;massiv unter Druck gesetzt, um sie davon abzuhalten, in Zukunft von ihrem Recht auf freie Meinungs\u00e4u\u00dferung Gebrauch zu machen.&#8221;<\/p>\n<p><strong>Mehr zum Thema<\/strong> &#8211; <a rel=\"nofollow noopener\" target=\"_blank\" href=\"https:\/\/freedert.online\/inland\/199413-abgefuehrte-schuelerin-innenminister-verteidigt-polizeieinsatz\/\">Abgef\u00fchrte Sch\u00fclerin: Innenminister verteidigt Polizeieinsatz als angemessen und verh\u00e4ltnism\u00e4\u00dfig<\/a><\/p>\n<\/div>\n<p><script async src=\"https:\/\/platform.twitter.com\/widgets.js\" charset=\"utf-8\"><\/script><br \/>\n<br \/><br \/>\n<br \/><a href=\"https:\/\/de.rt.com\/inland\/199458-nach-polizeieinsatz-an-schule-mainstream\/\">Source link <\/a><\/p>\n","protected":false},"excerpt":{"rendered":"<p>Nachdem die Polizei ein M\u00e4dchen wegen des Teilens von AfD-Inhalten aus dem Unterricht geholt und es einer Gef\u00e4hrderansprache unterzogen hat, hat es der Vorfall in die Mainstreammedien geschafft. Als problematisch wird nicht das Vorgehen der Polizei dargestellt, sondern die Berichterstattung dar\u00fcber. Nach der Berichterstattung \u00fcber einen Polizeieinsatz in einer Schule in Ribnitz-Damgarten haben Mainstreammedien eine [&hellip;]<\/p>\n","protected":false},"author":3,"featured_media":57167,"comment_status":"open","ping_status":"open","sticky":false,"template":"","format":"standard","meta":{"_yoast_indexnow_last_ping":["1710509580"],"wp_automatic_camp":["217"],"d93f7ecf36a1b3b286fc738c9dc108c4":["Nach Polizeieinsatz an Schule in Vorpommern: Mainstream sieht &quot;Hetzkampagne&quot;"],"original_link":["https:\/\/de.rt.com\/inland\/199458-nach-polizeieinsatz-an-schule-mainstream\/"],"_thumbnail_id":["57167"],"_wptgpro_p2tg_sent2tg":["a:1:{i:23737;s:19:\"2024-03-15 15:34:08\";}"],"jnews_social_counter_last_update":["1777159504"]},"categories":[19,23],"tags":[24689,979,28880,54463,3235,6809,54462],"yoast_head":"<!-- This site is optimized with the Yoast SEO Premium plugin v22.7 (Yoast SEO v22.7) - https:\/\/yoast.com\/wordpress\/plugins\/seo\/ -->\n<title>Nach Polizeieinsatz an Schule in Vorpommern: Mainstream sieht &quot;Hetzkampagne&quot; - just-now.NEWS Deutschland<\/title>\n<meta name=\"robots\" content=\"index, follow, max-snippet:-1, max-image-preview:large, max-video-preview:-1\" \/>\n<link rel=\"canonical\" href=\"https:\/\/now-news.de\/de\/deutschland\/nach-polizeieinsatz-an-schule-in-vorpommern-mainstream-sieht-hetzkampagne\/\" \/>\n<meta property=\"og:locale\" content=\"de_DE\" \/>\n<meta property=\"og:type\" content=\"article\" \/>\n<meta property=\"og:title\" content=\"Nach Polizeieinsatz an Schule in Vorpommern: Mainstream sieht &quot;Hetzkampagne&quot;\" \/>\n<meta property=\"og:description\" content=\"Nachdem die Polizei ein M\u00e4dchen wegen des Teilens von AfD-Inhalten aus dem Unterricht geholt und es einer Gef\u00e4hrderansprache unterzogen hat, hat es der Vorfall in die Mainstreammedien geschafft. Als problematisch wird nicht das Vorgehen der Polizei dargestellt, sondern die Berichterstattung dar\u00fcber. Nach der Berichterstattung \u00fcber einen Polizeieinsatz in einer Schule in Ribnitz-Damgarten haben Mainstreammedien eine [&hellip;]\" \/>\n<meta property=\"og:url\" content=\"https:\/\/now-news.de\/de\/deutschland\/nach-polizeieinsatz-an-schule-in-vorpommern-mainstream-sieht-hetzkampagne\/\" \/>\n<meta property=\"og:site_name\" content=\"just-now.NEWS Deutschland\" \/>\n<meta property=\"article:publisher\" content=\"https:\/\/www.facebook.com\/wirmachenauf\" \/>\n<meta property=\"article:published_time\" content=\"2024-03-15T13:21:26+00:00\" \/>\n<meta property=\"og:image\" content=\"https:\/\/now-news.de\/de\/wp-content\/uploads\/sites\/3\/2024\/03\/Nach-Polizeieinsatz-an-Schule-in-Vorpommern-Mainstream-sieht-quotHetzkampagnequot.PNG\" \/>\n\t<meta property=\"og:image:width\" content=\"460\" \/>\n\t<meta property=\"og:image:height\" content=\"259\" \/>\n\t<meta property=\"og:image:type\" content=\"image\/png\" \/>\n<meta name=\"author\" content=\"rtnews\" \/>\n<meta name=\"twitter:card\" content=\"summary_large_image\" \/>\n<meta name=\"twitter:creator\" content=\"@WirMachenAuf_de\" \/>\n<meta name=\"twitter:site\" content=\"@WirMachenAuf_de\" \/>\n<meta name=\"twitter:label1\" content=\"Verfasst von\" \/>\n\t<meta name=\"twitter:data1\" content=\"rtnews\" \/>\n\t<meta name=\"twitter:label2\" content=\"Gesch\u00e4tzte Lesezeit\" \/>\n\t<meta name=\"twitter:data2\" content=\"4\u00a0Minuten\" \/>\n<script type=\"application\/ld+json\" class=\"yoast-schema-graph\">{\"@context\":\"https:\/\/schema.org\",\"@graph\":[{\"@type\":\"Article\",\"@id\":\"https:\/\/now-news.de\/de\/deutschland\/nach-polizeieinsatz-an-schule-in-vorpommern-mainstream-sieht-hetzkampagne\/#article\",\"isPartOf\":{\"@id\":\"https:\/\/now-news.de\/de\/deutschland\/nach-polizeieinsatz-an-schule-in-vorpommern-mainstream-sieht-hetzkampagne\/\"},\"author\":{\"name\":\"rtnews\",\"@id\":\"https:\/\/now-news.de\/de\/#\/schema\/person\/fb534a4e865501d8b3285208df34a9b5\"},\"headline\":\"Nach Polizeieinsatz an Schule in Vorpommern: Mainstream sieht &quot;Hetzkampagne&quot;\",\"datePublished\":\"2024-03-15T13:21:26+00:00\",\"dateModified\":\"2024-03-15T13:21:26+00:00\",\"mainEntityOfPage\":{\"@id\":\"https:\/\/now-news.de\/de\/deutschland\/nach-polizeieinsatz-an-schule-in-vorpommern-mainstream-sieht-hetzkampagne\/\"},\"wordCount\":749,\"commentCount\":0,\"publisher\":{\"@id\":\"https:\/\/now-news.de\/de\/#organization\"},\"image\":{\"@id\":\"https:\/\/now-news.de\/de\/deutschland\/nach-polizeieinsatz-an-schule-in-vorpommern-mainstream-sieht-hetzkampagne\/#primaryimage\"},\"thumbnailUrl\":\"https:\/\/now-news.de\/de\/wp-content\/uploads\/sites\/3\/2024\/03\/Nach-Polizeieinsatz-an-Schule-in-Vorpommern-Mainstream-sieht-quotHetzkampagnequot.PNG\",\"keywords\":[\"Mainstream\",\"nach\",\"PolizeiEinsatz\",\"quotHetzkampagnequot\",\"Schule\",\"sieht\",\"Vorpommern\"],\"articleSection\":[\"Deutschland\",\"Russland\"],\"inLanguage\":\"de\",\"potentialAction\":[{\"@type\":\"CommentAction\",\"name\":\"Comment\",\"target\":[\"https:\/\/now-news.de\/de\/deutschland\/nach-polizeieinsatz-an-schule-in-vorpommern-mainstream-sieht-hetzkampagne\/#respond\"]}]},{\"@type\":\"WebPage\",\"@id\":\"https:\/\/now-news.de\/de\/deutschland\/nach-polizeieinsatz-an-schule-in-vorpommern-mainstream-sieht-hetzkampagne\/\",\"url\":\"https:\/\/now-news.de\/de\/deutschland\/nach-polizeieinsatz-an-schule-in-vorpommern-mainstream-sieht-hetzkampagne\/\",\"name\":\"Nach Polizeieinsatz an Schule in Vorpommern: Mainstream sieht &quot;Hetzkampagne&quot; - just-now.NEWS Deutschland\",\"isPartOf\":{\"@id\":\"https:\/\/now-news.de\/de\/#website\"},\"primaryImageOfPage\":{\"@id\":\"https:\/\/now-news.de\/de\/deutschland\/nach-polizeieinsatz-an-schule-in-vorpommern-mainstream-sieht-hetzkampagne\/#primaryimage\"},\"image\":{\"@id\":\"https:\/\/now-news.de\/de\/deutschland\/nach-polizeieinsatz-an-schule-in-vorpommern-mainstream-sieht-hetzkampagne\/#primaryimage\"},\"thumbnailUrl\":\"https:\/\/now-news.de\/de\/wp-content\/uploads\/sites\/3\/2024\/03\/Nach-Polizeieinsatz-an-Schule-in-Vorpommern-Mainstream-sieht-quotHetzkampagnequot.PNG\",\"datePublished\":\"2024-03-15T13:21:26+00:00\",\"dateModified\":\"2024-03-15T13:21:26+00:00\",\"breadcrumb\":{\"@id\":\"https:\/\/now-news.de\/de\/deutschland\/nach-polizeieinsatz-an-schule-in-vorpommern-mainstream-sieht-hetzkampagne\/#breadcrumb\"},\"inLanguage\":\"de\",\"potentialAction\":[{\"@type\":\"ReadAction\",\"target\":[\"https:\/\/now-news.de\/de\/deutschland\/nach-polizeieinsatz-an-schule-in-vorpommern-mainstream-sieht-hetzkampagne\/\"]}]},{\"@type\":\"ImageObject\",\"inLanguage\":\"de\",\"@id\":\"https:\/\/now-news.de\/de\/deutschland\/nach-polizeieinsatz-an-schule-in-vorpommern-mainstream-sieht-hetzkampagne\/#primaryimage\",\"url\":\"https:\/\/now-news.de\/de\/wp-content\/uploads\/sites\/3\/2024\/03\/Nach-Polizeieinsatz-an-Schule-in-Vorpommern-Mainstream-sieht-quotHetzkampagnequot.PNG\",\"contentUrl\":\"https:\/\/now-news.de\/de\/wp-content\/uploads\/sites\/3\/2024\/03\/Nach-Polizeieinsatz-an-Schule-in-Vorpommern-Mainstream-sieht-quotHetzkampagnequot.PNG\",\"width\":460,\"height\":259,\"caption\":\"Nach Polizeieinsatz an Schule in Vorpommern: Mainstream sieht &quot;Hetzkampagne&quot;\"},{\"@type\":\"BreadcrumbList\",\"@id\":\"https:\/\/now-news.de\/de\/deutschland\/nach-polizeieinsatz-an-schule-in-vorpommern-mainstream-sieht-hetzkampagne\/#breadcrumb\",\"itemListElement\":[{\"@type\":\"ListItem\",\"position\":1,\"name\":\"Home\",\"item\":\"https:\/\/now-news.de\/de\/\"},{\"@type\":\"ListItem\",\"position\":2,\"name\":\"Nach Polizeieinsatz an Schule in Vorpommern: Mainstream sieht &quot;Hetzkampagne&quot;\"}]},{\"@type\":\"WebSite\",\"@id\":\"https:\/\/now-news.de\/de\/#website\",\"url\":\"https:\/\/now-news.de\/de\/\",\"name\":\"just-now.NEWS Deutschland\",\"description\":\"Das Portal f\u00fcr unzensierte Nachrichten aus der Welt\",\"publisher\":{\"@id\":\"https:\/\/now-news.de\/de\/#organization\"},\"potentialAction\":[{\"@type\":\"SearchAction\",\"target\":{\"@type\":\"EntryPoint\",\"urlTemplate\":\"https:\/\/now-news.de\/de\/?s={search_term_string}\"},\"query-input\":\"required name=search_term_string\"}],\"inLanguage\":\"de\"},{\"@type\":\"Organization\",\"@id\":\"https:\/\/now-news.de\/de\/#organization\",\"name\":\"Just Now News\",\"url\":\"https:\/\/now-news.de\/de\/\",\"logo\":{\"@type\":\"ImageObject\",\"inLanguage\":\"de\",\"@id\":\"https:\/\/now-news.de\/de\/#\/schema\/logo\/image\/\",\"url\":\"http:\/\/just-now.news\/de\/wp-content\/uploads\/sites\/3\/2022\/04\/logo500x500.jpg\",\"contentUrl\":\"http:\/\/just-now.news\/de\/wp-content\/uploads\/sites\/3\/2022\/04\/logo500x500.jpg\",\"width\":500,\"height\":500,\"caption\":\"Just Now News\"},\"image\":{\"@id\":\"https:\/\/now-news.de\/de\/#\/schema\/logo\/image\/\"},\"sameAs\":[\"https:\/\/www.facebook.com\/wirmachenauf\",\"https:\/\/x.com\/WirMachenAuf_de\"]},{\"@type\":\"Person\",\"@id\":\"https:\/\/now-news.de\/de\/#\/schema\/person\/fb534a4e865501d8b3285208df34a9b5\",\"name\":\"rtnews\",\"image\":{\"@type\":\"ImageObject\",\"inLanguage\":\"de\",\"@id\":\"https:\/\/now-news.de\/de\/#\/schema\/person\/image\/\",\"url\":\"https:\/\/secure.gravatar.com\/avatar\/82aafea7d8127119dd649515f56e2117?s=96&d=mm&r=g\",\"contentUrl\":\"https:\/\/secure.gravatar.com\/avatar\/82aafea7d8127119dd649515f56e2117?s=96&d=mm&r=g\",\"caption\":\"rtnews\"},\"url\":\"https:\/\/now-news.de\/de\/author\/rnews\/\"}]}<\/script>\n<!-- \/ Yoast SEO Premium plugin. -->","yoast_head_json":{"title":"Nach Polizeieinsatz an Schule in Vorpommern: Mainstream sieht &quot;Hetzkampagne&quot; - just-now.NEWS Deutschland","robots":{"index":"index","follow":"follow","max-snippet":"max-snippet:-1","max-image-preview":"max-image-preview:large","max-video-preview":"max-video-preview:-1"},"canonical":"https:\/\/now-news.de\/de\/deutschland\/nach-polizeieinsatz-an-schule-in-vorpommern-mainstream-sieht-hetzkampagne\/","og_locale":"de_DE","og_type":"article","og_title":"Nach Polizeieinsatz an Schule in Vorpommern: Mainstream sieht &quot;Hetzkampagne&quot;","og_description":"Nachdem die Polizei ein M\u00e4dchen wegen des Teilens von AfD-Inhalten aus dem Unterricht geholt und es einer Gef\u00e4hrderansprache unterzogen hat, hat es der Vorfall in die Mainstreammedien geschafft. Als problematisch wird nicht das Vorgehen der Polizei dargestellt, sondern die Berichterstattung dar\u00fcber. Nach der Berichterstattung \u00fcber einen Polizeieinsatz in einer Schule in Ribnitz-Damgarten haben Mainstreammedien eine [&hellip;]","og_url":"https:\/\/now-news.de\/de\/deutschland\/nach-polizeieinsatz-an-schule-in-vorpommern-mainstream-sieht-hetzkampagne\/","og_site_name":"just-now.NEWS Deutschland","article_publisher":"https:\/\/www.facebook.com\/wirmachenauf","article_published_time":"2024-03-15T13:21:26+00:00","og_image":[{"width":460,"height":259,"url":"https:\/\/now-news.de\/de\/wp-content\/uploads\/sites\/3\/2024\/03\/Nach-Polizeieinsatz-an-Schule-in-Vorpommern-Mainstream-sieht-quotHetzkampagnequot.PNG","type":"image\/png"}],"author":"rtnews","twitter_card":"summary_large_image","twitter_creator":"@WirMachenAuf_de","twitter_site":"@WirMachenAuf_de","twitter_misc":{"Verfasst von":"rtnews","Gesch\u00e4tzte Lesezeit":"4\u00a0Minuten"},"schema":{"@context":"https:\/\/schema.org","@graph":[{"@type":"Article","@id":"https:\/\/now-news.de\/de\/deutschland\/nach-polizeieinsatz-an-schule-in-vorpommern-mainstream-sieht-hetzkampagne\/#article","isPartOf":{"@id":"https:\/\/now-news.de\/de\/deutschland\/nach-polizeieinsatz-an-schule-in-vorpommern-mainstream-sieht-hetzkampagne\/"},"author":{"name":"rtnews","@id":"https:\/\/now-news.de\/de\/#\/schema\/person\/fb534a4e865501d8b3285208df34a9b5"},"headline":"Nach Polizeieinsatz an Schule in Vorpommern: Mainstream sieht &quot;Hetzkampagne&quot;","datePublished":"2024-03-15T13:21:26+00:00","dateModified":"2024-03-15T13:21:26+00:00","mainEntityOfPage":{"@id":"https:\/\/now-news.de\/de\/deutschland\/nach-polizeieinsatz-an-schule-in-vorpommern-mainstream-sieht-hetzkampagne\/"},"wordCount":749,"commentCount":0,"publisher":{"@id":"https:\/\/now-news.de\/de\/#organization"},"image":{"@id":"https:\/\/now-news.de\/de\/deutschland\/nach-polizeieinsatz-an-schule-in-vorpommern-mainstream-sieht-hetzkampagne\/#primaryimage"},"thumbnailUrl":"https:\/\/now-news.de\/de\/wp-content\/uploads\/sites\/3\/2024\/03\/Nach-Polizeieinsatz-an-Schule-in-Vorpommern-Mainstream-sieht-quotHetzkampagnequot.PNG","keywords":["Mainstream","nach","PolizeiEinsatz","quotHetzkampagnequot","Schule","sieht","Vorpommern"],"articleSection":["Deutschland","Russland"],"inLanguage":"de","potentialAction":[{"@type":"CommentAction","name":"Comment","target":["https:\/\/now-news.de\/de\/deutschland\/nach-polizeieinsatz-an-schule-in-vorpommern-mainstream-sieht-hetzkampagne\/#respond"]}]},{"@type":"WebPage","@id":"https:\/\/now-news.de\/de\/deutschland\/nach-polizeieinsatz-an-schule-in-vorpommern-mainstream-sieht-hetzkampagne\/","url":"https:\/\/now-news.de\/de\/deutschland\/nach-polizeieinsatz-an-schule-in-vorpommern-mainstream-sieht-hetzkampagne\/","name":"Nach Polizeieinsatz an Schule in Vorpommern: Mainstream sieht &quot;Hetzkampagne&quot; - just-now.NEWS Deutschland","isPartOf":{"@id":"https:\/\/now-news.de\/de\/#website"},"primaryImageOfPage":{"@id":"https:\/\/now-news.de\/de\/deutschland\/nach-polizeieinsatz-an-schule-in-vorpommern-mainstream-sieht-hetzkampagne\/#primaryimage"},"image":{"@id":"https:\/\/now-news.de\/de\/deutschland\/nach-polizeieinsatz-an-schule-in-vorpommern-mainstream-sieht-hetzkampagne\/#primaryimage"},"thumbnailUrl":"https:\/\/now-news.de\/de\/wp-content\/uploads\/sites\/3\/2024\/03\/Nach-Polizeieinsatz-an-Schule-in-Vorpommern-Mainstream-sieht-quotHetzkampagnequot.PNG","datePublished":"2024-03-15T13:21:26+00:00","dateModified":"2024-03-15T13:21:26+00:00","breadcrumb":{"@id":"https:\/\/now-news.de\/de\/deutschland\/nach-polizeieinsatz-an-schule-in-vorpommern-mainstream-sieht-hetzkampagne\/#breadcrumb"},"inLanguage":"de","potentialAction":[{"@type":"ReadAction","target":["https:\/\/now-news.de\/de\/deutschland\/nach-polizeieinsatz-an-schule-in-vorpommern-mainstream-sieht-hetzkampagne\/"]}]},{"@type":"ImageObject","inLanguage":"de","@id":"https:\/\/now-news.de\/de\/deutschland\/nach-polizeieinsatz-an-schule-in-vorpommern-mainstream-sieht-hetzkampagne\/#primaryimage","url":"https:\/\/now-news.de\/de\/wp-content\/uploads\/sites\/3\/2024\/03\/Nach-Polizeieinsatz-an-Schule-in-Vorpommern-Mainstream-sieht-quotHetzkampagnequot.PNG","contentUrl":"https:\/\/now-news.de\/de\/wp-content\/uploads\/sites\/3\/2024\/03\/Nach-Polizeieinsatz-an-Schule-in-Vorpommern-Mainstream-sieht-quotHetzkampagnequot.PNG","width":460,"height":259,"caption":"Nach Polizeieinsatz an Schule in Vorpommern: Mainstream sieht &quot;Hetzkampagne&quot;"},{"@type":"BreadcrumbList","@id":"https:\/\/now-news.de\/de\/deutschland\/nach-polizeieinsatz-an-schule-in-vorpommern-mainstream-sieht-hetzkampagne\/#breadcrumb","itemListElement":[{"@type":"ListItem","position":1,"name":"Home","item":"https:\/\/now-news.de\/de\/"},{"@type":"ListItem","position":2,"name":"Nach Polizeieinsatz an Schule in Vorpommern: Mainstream sieht &quot;Hetzkampagne&quot;"}]},{"@type":"WebSite","@id":"https:\/\/now-news.de\/de\/#website","url":"https:\/\/now-news.de\/de\/","name":"just-now.NEWS Deutschland","description":"Das Portal f\u00fcr unzensierte Nachrichten aus der Welt","publisher":{"@id":"https:\/\/now-news.de\/de\/#organization"},"potentialAction":[{"@type":"SearchAction","target":{"@type":"EntryPoint","urlTemplate":"https:\/\/now-news.de\/de\/?s={search_term_string}"},"query-input":"required name=search_term_string"}],"inLanguage":"de"},{"@type":"Organization","@id":"https:\/\/now-news.de\/de\/#organization","name":"Just Now News","url":"https:\/\/now-news.de\/de\/","logo":{"@type":"ImageObject","inLanguage":"de","@id":"https:\/\/now-news.de\/de\/#\/schema\/logo\/image\/","url":"http:\/\/just-now.news\/de\/wp-content\/uploads\/sites\/3\/2022\/04\/logo500x500.jpg","contentUrl":"http:\/\/just-now.news\/de\/wp-content\/uploads\/sites\/3\/2022\/04\/logo500x500.jpg","width":500,"height":500,"caption":"Just Now News"},"image":{"@id":"https:\/\/now-news.de\/de\/#\/schema\/logo\/image\/"},"sameAs":["https:\/\/www.facebook.com\/wirmachenauf","https:\/\/x.com\/WirMachenAuf_de"]},{"@type":"Person","@id":"https:\/\/now-news.de\/de\/#\/schema\/person\/fb534a4e865501d8b3285208df34a9b5","name":"rtnews","image":{"@type":"ImageObject","inLanguage":"de","@id":"https:\/\/now-news.de\/de\/#\/schema\/person\/image\/","url":"https:\/\/secure.gravatar.com\/avatar\/82aafea7d8127119dd649515f56e2117?s=96&d=mm&r=g","contentUrl":"https:\/\/secure.gravatar.com\/avatar\/82aafea7d8127119dd649515f56e2117?s=96&d=mm&r=g","caption":"rtnews"},"url":"https:\/\/now-news.de\/de\/author\/rnews\/"}]}},"_links":{"self":[{"href":"https:\/\/now-news.de\/de\/wp-json\/wp\/v2\/posts\/57166"}],"collection":[{"href":"https:\/\/now-news.de\/de\/wp-json\/wp\/v2\/posts"}],"about":[{"href":"https:\/\/now-news.de\/de\/wp-json\/wp\/v2\/types\/post"}],"author":[{"embeddable":true,"href":"https:\/\/now-news.de\/de\/wp-json\/wp\/v2\/users\/3"}],"replies":[{"embeddable":true,"href":"https:\/\/now-news.de\/de\/wp-json\/wp\/v2\/comments?post=57166"}],"version-history":[{"count":0,"href":"https:\/\/now-news.de\/de\/wp-json\/wp\/v2\/posts\/57166\/revisions"}],"wp:featuredmedia":[{"embeddable":true,"href":"https:\/\/now-news.de\/de\/wp-json\/wp\/v2\/media\/57167"}],"wp:attachment":[{"href":"https:\/\/now-news.de\/de\/wp-json\/wp\/v2\/media?parent=57166"}],"wp:term":[{"taxonomy":"category","embeddable":true,"href":"https:\/\/now-news.de\/de\/wp-json\/wp\/v2\/categories?post=57166"},{"taxonomy":"post_tag","embeddable":true,"href":"https:\/\/now-news.de\/de\/wp-json\/wp\/v2\/tags?post=57166"}],"curies":[{"name":"wp","href":"https:\/\/api.w.org\/{rel}","templated":true}]}}