{"id":57144,"date":"2024-03-15T11:16:40","date_gmt":"2024-03-15T09:16:40","guid":{"rendered":"https:\/\/just-now.news\/de\/deutschland\/wagenknecht-fordert-kein-geld-mehr-fuer-abgelehnte-asylbewerber\/"},"modified":"2024-03-15T11:16:40","modified_gmt":"2024-03-15T09:16:40","slug":"wagenknecht-fordert-kein-geld-mehr-fuer-abgelehnte-asylbewerber","status":"publish","type":"post","link":"https:\/\/now-news.de\/de\/deutschland\/wagenknecht-fordert-kein-geld-mehr-fuer-abgelehnte-asylbewerber\/","title":{"rendered":"Wagenknecht fordert: Kein Geld mehr f\u00fcr abgelehnte Asylbewerber"},"content":{"rendered":"<p><img decoding=\"async\" src=\"http:\/\/just-now.news\/de\/wp-content\/uploads\/sites\/3\/2024\/03\/65f3f74ab480cc3f644a9cce.jpg\" \/><\/p>\n<div class=\"Text-root Text-type_1 \">\n                Abgelehnte Asylbewerber sollen keine Geldleistung vom Staat mehr beziehen. Das fordert die fr\u00fchere Linken-Abgeordnete Sahra Wagenknecht. Kein anderes EU-Land gew\u00e4hre abgelehnten Asylbewerbern auf Dauer so hohe Leistungen wie die Bundesrepublik.\n            <\/div>\n<p><\/p>\n<div class=\"Text-root Text-type_5 ArticleView-text ViewText-root \">\n<p>Die Bundestagsabgeordnete\u00a0Sahra Wagenknecht hat eine Versch\u00e4rfung der deutschen Fl\u00fcchtlingspolitik gefordert. Gegen\u00fcber der Nachrichtenagentur<em> dpa<\/em>\u00a0erkl\u00e4rte die fr\u00fchere Linken-Fraktionsvorsitzende, abgelehnte Asylbewerber ohne Schutzstatus sollten keine Geldleistungen mehr erhalten. Wagenknecht begr\u00fcndete w\u00f6rtlich:<\/p>\n<p><em>&#8220;Dass der Staat nach einer Ablehnung dieselben Leistungen weiterzahlt, ist dem Steuerzahler nicht erkl\u00e4rbar. Nach einer \u00dcbergangsfrist sollten Geldleistungen auslaufen, wenn kein Schutzstatus vorliegt.&#8221;<\/em><\/p>\n<p>Dass etwa jeder dritte\u00a0Fl\u00fcchtling\u00a0in Europa nach Deutschland komme, liege auch daran, dass es &#8220;faktisch keinen Unterschied macht, ob man als schutzberechtigt anerkannt wird oder nicht&#8221;,\u00a0erkl\u00e4rte Wagenknecht weiter. Und die Mehrzahl der Asylbewerber in diesem Jahr habe keinen Schutzstatus erhalten:<\/p>\n<p><em>&#8220;Wer es aber einmal zu uns schafft, kann auch ohne Schutzstatus sicher davon ausgehen, bleiben und dauerhaft Leistungen beziehen zu k\u00f6nnen.&#8221; <\/em><\/p>\n<p>Kein anderes Land in der EU gew\u00e4hre abgelehnten Asylbewerbern dauerhaft so hohe Leistungen wie die Bundesrepublik Deutschland.<\/p>\n<p>Nach Angaben des Bundesamts f\u00fcr Migration und Fl\u00fcchtlinge wurde im Januar und Februar 2024 bereits \u00fcber insgesamt 54.705 Asylantr\u00e4ge entschieden. Die &#8220;Gesamtschutzquote&#8221; habe dabei etwa 45 Prozent betragen. In diesem Wert ber\u00fccksichtigt sind alle positiven Entscheidungen f\u00fcr ein Bleiberecht \u2013 darunter auch die Rechtsstellung nach der Genfer Fl\u00fcchtlingskonvention, der sogenannte subsidi\u00e4re Schutz sowie die Abschiebeverbote.<\/p>\n<p>Abgelehnten Asylbewerbern steht allerdings der Klageweg offen, der in Deutschland oft Jahre in Anspruch nimmt und in zahlreichen F\u00e4llen\u00a0dann auch noch zu einem Bleiberecht f\u00fchrt.<\/p>\n<p>Die im Januar neu gegr\u00fcndete Partei &#8220;B\u00fcndnis Sahra Wagenknecht \u2013 Vernunft und Gerechtigkeit&#8221; der fr\u00fcheren Politikerin der Partei Die Linke will demn\u00e4chst an der EU-Wahl im Juni und an den drei Landtagswahlen in Brandenburg, Sachsen und Th\u00fcringen im September 2024 teilnehmen.<\/p>\n<p><strong>Mehr zum Thema<\/strong>\u00a0\u2013\u00a0<a rel=\"nofollow noopener\" target=\"_blank\" href=\"https:\/\/freedert.online\/meinung\/195325-wagenknecht-gesuelze-parteiprogramm-aus-reklame\/\">Das Wagenknecht-Ges\u00fclze \u2013 Ein Parteiprogramm aus der Reklame-Agentur<\/a><\/p>\n<div class=\"EmbedBlock-root EmbedBlock-externalVideo EmbedBlock-odysee\">\n<div class=\"VkEmbed\"><iframe class=\"lazyload\" data-src=\"https:\/\/odysee.com\/%24\/embed\/%40RTDE%3Ae%2FWagenknecht-Wir-haben-nicht-nur-die-d%C3%BCmmste-sondern-auch-die-gef%C3%A4hrlichste-Regierung-in-Europa%3A2\" frameborder=\"0\" width=\"853\" height=\"480\" allowfullscreen><\/iframe><\/div>\n<\/div>\n<\/div>\n<p><br \/>\n<br \/><a href=\"https:\/\/de.rt.com\/inland\/199446-wagenknecht-fordert-kein-geld-mehr\/\">Source link <\/a><\/p>\n","protected":false},"excerpt":{"rendered":"<p>Abgelehnte Asylbewerber sollen keine Geldleistung vom Staat mehr beziehen. Das fordert die fr\u00fchere Linken-Abgeordnete Sahra Wagenknecht. Kein anderes EU-Land gew\u00e4hre abgelehnten Asylbewerbern auf Dauer so hohe Leistungen wie die Bundesrepublik. Die Bundestagsabgeordnete\u00a0Sahra Wagenknecht hat eine Versch\u00e4rfung der deutschen Fl\u00fcchtlingspolitik gefordert. Gegen\u00fcber der Nachrichtenagentur dpa\u00a0erkl\u00e4rte die fr\u00fchere Linken-Fraktionsvorsitzende, abgelehnte Asylbewerber ohne Schutzstatus sollten keine Geldleistungen mehr [&hellip;]<\/p>\n","protected":false},"author":3,"featured_media":57145,"comment_status":"open","ping_status":"open","sticky":false,"template":"","format":"standard","meta":{"_yoast_indexnow_last_ping":["1710495054"],"wp_automatic_camp":["217"],"c0f362c65dcd012f2214bf69f8204072":["Wagenknecht fordert: Kein Geld mehr f\u00fcr abgelehnte Asylbewerber"],"original_link":["https:\/\/de.rt.com\/inland\/199446-wagenknecht-fordert-kein-geld-mehr\/"],"_thumbnail_id":["57145"],"_wptgpro_p2tg_sent2tg":["a:1:{i:23737;s:19:\"2024-03-15 11:32:01\";}"],"jnews_social_counter_last_update":["1777637301"]},"categories":[19,23],"tags":[36803,36804,355,221,499,2030,2063,17968],"yoast_head":"<!-- This site is optimized with the Yoast SEO Premium plugin v22.7 (Yoast SEO v22.7) - https:\/\/yoast.com\/wordpress\/plugins\/seo\/ -->\n<title>Wagenknecht fordert: Kein Geld mehr f\u00fcr abgelehnte Asylbewerber - just-now.NEWS Deutschland<\/title>\n<meta name=\"robots\" content=\"index, follow, max-snippet:-1, max-image-preview:large, max-video-preview:-1\" \/>\n<link rel=\"canonical\" href=\"https:\/\/now-news.de\/de\/deutschland\/wagenknecht-fordert-kein-geld-mehr-fuer-abgelehnte-asylbewerber\/\" \/>\n<meta property=\"og:locale\" content=\"de_DE\" \/>\n<meta property=\"og:type\" content=\"article\" \/>\n<meta property=\"og:title\" content=\"Wagenknecht fordert: Kein Geld mehr f\u00fcr abgelehnte Asylbewerber\" \/>\n<meta property=\"og:description\" content=\"Abgelehnte Asylbewerber sollen keine Geldleistung vom Staat mehr beziehen. Das fordert die fr\u00fchere Linken-Abgeordnete Sahra Wagenknecht. Kein anderes EU-Land gew\u00e4hre abgelehnten Asylbewerbern auf Dauer so hohe Leistungen wie die Bundesrepublik. Die Bundestagsabgeordnete\u00a0Sahra Wagenknecht hat eine Versch\u00e4rfung der deutschen Fl\u00fcchtlingspolitik gefordert. Gegen\u00fcber der Nachrichtenagentur dpa\u00a0erkl\u00e4rte die fr\u00fchere Linken-Fraktionsvorsitzende, abgelehnte Asylbewerber ohne Schutzstatus sollten keine Geldleistungen mehr [&hellip;]\" \/>\n<meta property=\"og:url\" content=\"https:\/\/now-news.de\/de\/deutschland\/wagenknecht-fordert-kein-geld-mehr-fuer-abgelehnte-asylbewerber\/\" \/>\n<meta property=\"og:site_name\" content=\"just-now.NEWS Deutschland\" \/>\n<meta property=\"article:publisher\" content=\"https:\/\/www.facebook.com\/wirmachenauf\" \/>\n<meta property=\"article:published_time\" content=\"2024-03-15T09:16:40+00:00\" \/>\n<meta property=\"og:image\" content=\"https:\/\/now-news.de\/de\/wp-content\/uploads\/sites\/3\/2024\/03\/Wagenknecht-fordert-Kein-Geld-mehr-fuer-abgelehnte-Asylbewerber.jpg\" \/>\n\t<meta property=\"og:image:width\" content=\"460\" \/>\n\t<meta property=\"og:image:height\" content=\"259\" \/>\n\t<meta property=\"og:image:type\" content=\"image\/jpeg\" \/>\n<meta name=\"author\" content=\"rtnews\" \/>\n<meta name=\"twitter:card\" content=\"summary_large_image\" \/>\n<meta name=\"twitter:creator\" content=\"@WirMachenAuf_de\" \/>\n<meta name=\"twitter:site\" content=\"@WirMachenAuf_de\" \/>\n<meta name=\"twitter:label1\" content=\"Verfasst von\" \/>\n\t<meta name=\"twitter:data1\" content=\"rtnews\" \/>\n\t<meta name=\"twitter:label2\" content=\"Gesch\u00e4tzte Lesezeit\" \/>\n\t<meta name=\"twitter:data2\" content=\"2\u00a0Minuten\" \/>\n<script type=\"application\/ld+json\" class=\"yoast-schema-graph\">{\"@context\":\"https:\/\/schema.org\",\"@graph\":[{\"@type\":\"Article\",\"@id\":\"https:\/\/now-news.de\/de\/deutschland\/wagenknecht-fordert-kein-geld-mehr-fuer-abgelehnte-asylbewerber\/#article\",\"isPartOf\":{\"@id\":\"https:\/\/now-news.de\/de\/deutschland\/wagenknecht-fordert-kein-geld-mehr-fuer-abgelehnte-asylbewerber\/\"},\"author\":{\"name\":\"rtnews\",\"@id\":\"https:\/\/now-news.de\/de\/#\/schema\/person\/fb534a4e865501d8b3285208df34a9b5\"},\"headline\":\"Wagenknecht fordert: Kein Geld mehr f\u00fcr abgelehnte Asylbewerber\",\"datePublished\":\"2024-03-15T09:16:40+00:00\",\"dateModified\":\"2024-03-15T09:16:40+00:00\",\"mainEntityOfPage\":{\"@id\":\"https:\/\/now-news.de\/de\/deutschland\/wagenknecht-fordert-kein-geld-mehr-fuer-abgelehnte-asylbewerber\/\"},\"wordCount\":332,\"commentCount\":0,\"publisher\":{\"@id\":\"https:\/\/now-news.de\/de\/#organization\"},\"image\":{\"@id\":\"https:\/\/now-news.de\/de\/deutschland\/wagenknecht-fordert-kein-geld-mehr-fuer-abgelehnte-asylbewerber\/#primaryimage\"},\"thumbnailUrl\":\"https:\/\/now-news.de\/de\/wp-content\/uploads\/sites\/3\/2024\/03\/Wagenknecht-fordert-Kein-Geld-mehr-fuer-abgelehnte-Asylbewerber.jpg\",\"keywords\":[\"Abgelehnte\",\"Asylbewerber\",\"fordert\",\"f\u00fcr\",\"Geld\",\"Kein\",\"mehr\",\"Wagenknecht\"],\"articleSection\":[\"Deutschland\",\"Russland\"],\"inLanguage\":\"de\",\"potentialAction\":[{\"@type\":\"CommentAction\",\"name\":\"Comment\",\"target\":[\"https:\/\/now-news.de\/de\/deutschland\/wagenknecht-fordert-kein-geld-mehr-fuer-abgelehnte-asylbewerber\/#respond\"]}]},{\"@type\":\"WebPage\",\"@id\":\"https:\/\/now-news.de\/de\/deutschland\/wagenknecht-fordert-kein-geld-mehr-fuer-abgelehnte-asylbewerber\/\",\"url\":\"https:\/\/now-news.de\/de\/deutschland\/wagenknecht-fordert-kein-geld-mehr-fuer-abgelehnte-asylbewerber\/\",\"name\":\"Wagenknecht fordert: Kein Geld mehr f\u00fcr abgelehnte Asylbewerber - just-now.NEWS Deutschland\",\"isPartOf\":{\"@id\":\"https:\/\/now-news.de\/de\/#website\"},\"primaryImageOfPage\":{\"@id\":\"https:\/\/now-news.de\/de\/deutschland\/wagenknecht-fordert-kein-geld-mehr-fuer-abgelehnte-asylbewerber\/#primaryimage\"},\"image\":{\"@id\":\"https:\/\/now-news.de\/de\/deutschland\/wagenknecht-fordert-kein-geld-mehr-fuer-abgelehnte-asylbewerber\/#primaryimage\"},\"thumbnailUrl\":\"https:\/\/now-news.de\/de\/wp-content\/uploads\/sites\/3\/2024\/03\/Wagenknecht-fordert-Kein-Geld-mehr-fuer-abgelehnte-Asylbewerber.jpg\",\"datePublished\":\"2024-03-15T09:16:40+00:00\",\"dateModified\":\"2024-03-15T09:16:40+00:00\",\"breadcrumb\":{\"@id\":\"https:\/\/now-news.de\/de\/deutschland\/wagenknecht-fordert-kein-geld-mehr-fuer-abgelehnte-asylbewerber\/#breadcrumb\"},\"inLanguage\":\"de\",\"potentialAction\":[{\"@type\":\"ReadAction\",\"target\":[\"https:\/\/now-news.de\/de\/deutschland\/wagenknecht-fordert-kein-geld-mehr-fuer-abgelehnte-asylbewerber\/\"]}]},{\"@type\":\"ImageObject\",\"inLanguage\":\"de\",\"@id\":\"https:\/\/now-news.de\/de\/deutschland\/wagenknecht-fordert-kein-geld-mehr-fuer-abgelehnte-asylbewerber\/#primaryimage\",\"url\":\"https:\/\/now-news.de\/de\/wp-content\/uploads\/sites\/3\/2024\/03\/Wagenknecht-fordert-Kein-Geld-mehr-fuer-abgelehnte-Asylbewerber.jpg\",\"contentUrl\":\"https:\/\/now-news.de\/de\/wp-content\/uploads\/sites\/3\/2024\/03\/Wagenknecht-fordert-Kein-Geld-mehr-fuer-abgelehnte-Asylbewerber.jpg\",\"width\":460,\"height\":259,\"caption\":\"Wagenknecht fordert: Kein Geld mehr f\u00fcr abgelehnte Asylbewerber\"},{\"@type\":\"BreadcrumbList\",\"@id\":\"https:\/\/now-news.de\/de\/deutschland\/wagenknecht-fordert-kein-geld-mehr-fuer-abgelehnte-asylbewerber\/#breadcrumb\",\"itemListElement\":[{\"@type\":\"ListItem\",\"position\":1,\"name\":\"Home\",\"item\":\"https:\/\/now-news.de\/de\/\"},{\"@type\":\"ListItem\",\"position\":2,\"name\":\"Wagenknecht fordert: Kein Geld mehr f\u00fcr abgelehnte Asylbewerber\"}]},{\"@type\":\"WebSite\",\"@id\":\"https:\/\/now-news.de\/de\/#website\",\"url\":\"https:\/\/now-news.de\/de\/\",\"name\":\"just-now.NEWS Deutschland\",\"description\":\"Das Portal f\u00fcr unzensierte Nachrichten aus der Welt\",\"publisher\":{\"@id\":\"https:\/\/now-news.de\/de\/#organization\"},\"potentialAction\":[{\"@type\":\"SearchAction\",\"target\":{\"@type\":\"EntryPoint\",\"urlTemplate\":\"https:\/\/now-news.de\/de\/?s={search_term_string}\"},\"query-input\":\"required name=search_term_string\"}],\"inLanguage\":\"de\"},{\"@type\":\"Organization\",\"@id\":\"https:\/\/now-news.de\/de\/#organization\",\"name\":\"Just Now News\",\"url\":\"https:\/\/now-news.de\/de\/\",\"logo\":{\"@type\":\"ImageObject\",\"inLanguage\":\"de\",\"@id\":\"https:\/\/now-news.de\/de\/#\/schema\/logo\/image\/\",\"url\":\"http:\/\/just-now.news\/de\/wp-content\/uploads\/sites\/3\/2022\/04\/logo500x500.jpg\",\"contentUrl\":\"http:\/\/just-now.news\/de\/wp-content\/uploads\/sites\/3\/2022\/04\/logo500x500.jpg\",\"width\":500,\"height\":500,\"caption\":\"Just Now News\"},\"image\":{\"@id\":\"https:\/\/now-news.de\/de\/#\/schema\/logo\/image\/\"},\"sameAs\":[\"https:\/\/www.facebook.com\/wirmachenauf\",\"https:\/\/x.com\/WirMachenAuf_de\"]},{\"@type\":\"Person\",\"@id\":\"https:\/\/now-news.de\/de\/#\/schema\/person\/fb534a4e865501d8b3285208df34a9b5\",\"name\":\"rtnews\",\"image\":{\"@type\":\"ImageObject\",\"inLanguage\":\"de\",\"@id\":\"https:\/\/now-news.de\/de\/#\/schema\/person\/image\/\",\"url\":\"https:\/\/secure.gravatar.com\/avatar\/82aafea7d8127119dd649515f56e2117?s=96&d=mm&r=g\",\"contentUrl\":\"https:\/\/secure.gravatar.com\/avatar\/82aafea7d8127119dd649515f56e2117?s=96&d=mm&r=g\",\"caption\":\"rtnews\"},\"url\":\"https:\/\/now-news.de\/de\/author\/rnews\/\"}]}<\/script>\n<!-- \/ Yoast SEO Premium plugin. -->","yoast_head_json":{"title":"Wagenknecht fordert: Kein Geld mehr f\u00fcr abgelehnte Asylbewerber - just-now.NEWS Deutschland","robots":{"index":"index","follow":"follow","max-snippet":"max-snippet:-1","max-image-preview":"max-image-preview:large","max-video-preview":"max-video-preview:-1"},"canonical":"https:\/\/now-news.de\/de\/deutschland\/wagenknecht-fordert-kein-geld-mehr-fuer-abgelehnte-asylbewerber\/","og_locale":"de_DE","og_type":"article","og_title":"Wagenknecht fordert: Kein Geld mehr f\u00fcr abgelehnte Asylbewerber","og_description":"Abgelehnte Asylbewerber sollen keine Geldleistung vom Staat mehr beziehen. Das fordert die fr\u00fchere Linken-Abgeordnete Sahra Wagenknecht. Kein anderes EU-Land gew\u00e4hre abgelehnten Asylbewerbern auf Dauer so hohe Leistungen wie die Bundesrepublik. Die Bundestagsabgeordnete\u00a0Sahra Wagenknecht hat eine Versch\u00e4rfung der deutschen Fl\u00fcchtlingspolitik gefordert. Gegen\u00fcber der Nachrichtenagentur dpa\u00a0erkl\u00e4rte die fr\u00fchere Linken-Fraktionsvorsitzende, abgelehnte Asylbewerber ohne Schutzstatus sollten keine Geldleistungen mehr [&hellip;]","og_url":"https:\/\/now-news.de\/de\/deutschland\/wagenknecht-fordert-kein-geld-mehr-fuer-abgelehnte-asylbewerber\/","og_site_name":"just-now.NEWS Deutschland","article_publisher":"https:\/\/www.facebook.com\/wirmachenauf","article_published_time":"2024-03-15T09:16:40+00:00","og_image":[{"width":460,"height":259,"url":"https:\/\/now-news.de\/de\/wp-content\/uploads\/sites\/3\/2024\/03\/Wagenknecht-fordert-Kein-Geld-mehr-fuer-abgelehnte-Asylbewerber.jpg","type":"image\/jpeg"}],"author":"rtnews","twitter_card":"summary_large_image","twitter_creator":"@WirMachenAuf_de","twitter_site":"@WirMachenAuf_de","twitter_misc":{"Verfasst von":"rtnews","Gesch\u00e4tzte Lesezeit":"2\u00a0Minuten"},"schema":{"@context":"https:\/\/schema.org","@graph":[{"@type":"Article","@id":"https:\/\/now-news.de\/de\/deutschland\/wagenknecht-fordert-kein-geld-mehr-fuer-abgelehnte-asylbewerber\/#article","isPartOf":{"@id":"https:\/\/now-news.de\/de\/deutschland\/wagenknecht-fordert-kein-geld-mehr-fuer-abgelehnte-asylbewerber\/"},"author":{"name":"rtnews","@id":"https:\/\/now-news.de\/de\/#\/schema\/person\/fb534a4e865501d8b3285208df34a9b5"},"headline":"Wagenknecht fordert: Kein Geld mehr f\u00fcr abgelehnte Asylbewerber","datePublished":"2024-03-15T09:16:40+00:00","dateModified":"2024-03-15T09:16:40+00:00","mainEntityOfPage":{"@id":"https:\/\/now-news.de\/de\/deutschland\/wagenknecht-fordert-kein-geld-mehr-fuer-abgelehnte-asylbewerber\/"},"wordCount":332,"commentCount":0,"publisher":{"@id":"https:\/\/now-news.de\/de\/#organization"},"image":{"@id":"https:\/\/now-news.de\/de\/deutschland\/wagenknecht-fordert-kein-geld-mehr-fuer-abgelehnte-asylbewerber\/#primaryimage"},"thumbnailUrl":"https:\/\/now-news.de\/de\/wp-content\/uploads\/sites\/3\/2024\/03\/Wagenknecht-fordert-Kein-Geld-mehr-fuer-abgelehnte-Asylbewerber.jpg","keywords":["Abgelehnte","Asylbewerber","fordert","f\u00fcr","Geld","Kein","mehr","Wagenknecht"],"articleSection":["Deutschland","Russland"],"inLanguage":"de","potentialAction":[{"@type":"CommentAction","name":"Comment","target":["https:\/\/now-news.de\/de\/deutschland\/wagenknecht-fordert-kein-geld-mehr-fuer-abgelehnte-asylbewerber\/#respond"]}]},{"@type":"WebPage","@id":"https:\/\/now-news.de\/de\/deutschland\/wagenknecht-fordert-kein-geld-mehr-fuer-abgelehnte-asylbewerber\/","url":"https:\/\/now-news.de\/de\/deutschland\/wagenknecht-fordert-kein-geld-mehr-fuer-abgelehnte-asylbewerber\/","name":"Wagenknecht fordert: Kein Geld mehr f\u00fcr abgelehnte Asylbewerber - just-now.NEWS Deutschland","isPartOf":{"@id":"https:\/\/now-news.de\/de\/#website"},"primaryImageOfPage":{"@id":"https:\/\/now-news.de\/de\/deutschland\/wagenknecht-fordert-kein-geld-mehr-fuer-abgelehnte-asylbewerber\/#primaryimage"},"image":{"@id":"https:\/\/now-news.de\/de\/deutschland\/wagenknecht-fordert-kein-geld-mehr-fuer-abgelehnte-asylbewerber\/#primaryimage"},"thumbnailUrl":"https:\/\/now-news.de\/de\/wp-content\/uploads\/sites\/3\/2024\/03\/Wagenknecht-fordert-Kein-Geld-mehr-fuer-abgelehnte-Asylbewerber.jpg","datePublished":"2024-03-15T09:16:40+00:00","dateModified":"2024-03-15T09:16:40+00:00","breadcrumb":{"@id":"https:\/\/now-news.de\/de\/deutschland\/wagenknecht-fordert-kein-geld-mehr-fuer-abgelehnte-asylbewerber\/#breadcrumb"},"inLanguage":"de","potentialAction":[{"@type":"ReadAction","target":["https:\/\/now-news.de\/de\/deutschland\/wagenknecht-fordert-kein-geld-mehr-fuer-abgelehnte-asylbewerber\/"]}]},{"@type":"ImageObject","inLanguage":"de","@id":"https:\/\/now-news.de\/de\/deutschland\/wagenknecht-fordert-kein-geld-mehr-fuer-abgelehnte-asylbewerber\/#primaryimage","url":"https:\/\/now-news.de\/de\/wp-content\/uploads\/sites\/3\/2024\/03\/Wagenknecht-fordert-Kein-Geld-mehr-fuer-abgelehnte-Asylbewerber.jpg","contentUrl":"https:\/\/now-news.de\/de\/wp-content\/uploads\/sites\/3\/2024\/03\/Wagenknecht-fordert-Kein-Geld-mehr-fuer-abgelehnte-Asylbewerber.jpg","width":460,"height":259,"caption":"Wagenknecht fordert: Kein Geld mehr f\u00fcr abgelehnte Asylbewerber"},{"@type":"BreadcrumbList","@id":"https:\/\/now-news.de\/de\/deutschland\/wagenknecht-fordert-kein-geld-mehr-fuer-abgelehnte-asylbewerber\/#breadcrumb","itemListElement":[{"@type":"ListItem","position":1,"name":"Home","item":"https:\/\/now-news.de\/de\/"},{"@type":"ListItem","position":2,"name":"Wagenknecht fordert: Kein Geld mehr f\u00fcr abgelehnte Asylbewerber"}]},{"@type":"WebSite","@id":"https:\/\/now-news.de\/de\/#website","url":"https:\/\/now-news.de\/de\/","name":"just-now.NEWS Deutschland","description":"Das Portal f\u00fcr unzensierte Nachrichten aus der Welt","publisher":{"@id":"https:\/\/now-news.de\/de\/#organization"},"potentialAction":[{"@type":"SearchAction","target":{"@type":"EntryPoint","urlTemplate":"https:\/\/now-news.de\/de\/?s={search_term_string}"},"query-input":"required name=search_term_string"}],"inLanguage":"de"},{"@type":"Organization","@id":"https:\/\/now-news.de\/de\/#organization","name":"Just Now News","url":"https:\/\/now-news.de\/de\/","logo":{"@type":"ImageObject","inLanguage":"de","@id":"https:\/\/now-news.de\/de\/#\/schema\/logo\/image\/","url":"http:\/\/just-now.news\/de\/wp-content\/uploads\/sites\/3\/2022\/04\/logo500x500.jpg","contentUrl":"http:\/\/just-now.news\/de\/wp-content\/uploads\/sites\/3\/2022\/04\/logo500x500.jpg","width":500,"height":500,"caption":"Just Now News"},"image":{"@id":"https:\/\/now-news.de\/de\/#\/schema\/logo\/image\/"},"sameAs":["https:\/\/www.facebook.com\/wirmachenauf","https:\/\/x.com\/WirMachenAuf_de"]},{"@type":"Person","@id":"https:\/\/now-news.de\/de\/#\/schema\/person\/fb534a4e865501d8b3285208df34a9b5","name":"rtnews","image":{"@type":"ImageObject","inLanguage":"de","@id":"https:\/\/now-news.de\/de\/#\/schema\/person\/image\/","url":"https:\/\/secure.gravatar.com\/avatar\/82aafea7d8127119dd649515f56e2117?s=96&d=mm&r=g","contentUrl":"https:\/\/secure.gravatar.com\/avatar\/82aafea7d8127119dd649515f56e2117?s=96&d=mm&r=g","caption":"rtnews"},"url":"https:\/\/now-news.de\/de\/author\/rnews\/"}]}},"_links":{"self":[{"href":"https:\/\/now-news.de\/de\/wp-json\/wp\/v2\/posts\/57144"}],"collection":[{"href":"https:\/\/now-news.de\/de\/wp-json\/wp\/v2\/posts"}],"about":[{"href":"https:\/\/now-news.de\/de\/wp-json\/wp\/v2\/types\/post"}],"author":[{"embeddable":true,"href":"https:\/\/now-news.de\/de\/wp-json\/wp\/v2\/users\/3"}],"replies":[{"embeddable":true,"href":"https:\/\/now-news.de\/de\/wp-json\/wp\/v2\/comments?post=57144"}],"version-history":[{"count":0,"href":"https:\/\/now-news.de\/de\/wp-json\/wp\/v2\/posts\/57144\/revisions"}],"wp:featuredmedia":[{"embeddable":true,"href":"https:\/\/now-news.de\/de\/wp-json\/wp\/v2\/media\/57145"}],"wp:attachment":[{"href":"https:\/\/now-news.de\/de\/wp-json\/wp\/v2\/media?parent=57144"}],"wp:term":[{"taxonomy":"category","embeddable":true,"href":"https:\/\/now-news.de\/de\/wp-json\/wp\/v2\/categories?post=57144"},{"taxonomy":"post_tag","embeddable":true,"href":"https:\/\/now-news.de\/de\/wp-json\/wp\/v2\/tags?post=57144"}],"curies":[{"name":"wp","href":"https:\/\/api.w.org\/{rel}","templated":true}]}}