{"id":57143,"date":"2024-03-14T22:17:39","date_gmt":"2024-03-14T20:17:39","guid":{"rendered":"https:\/\/just-now.news\/de\/deutschland\/die-kluegeren-werden-sich-gedanken-machen-putin-erwartet-vernunft-von-den-deutschen-2\/"},"modified":"2024-03-14T22:17:39","modified_gmt":"2024-03-14T20:17:39","slug":"die-kluegeren-werden-sich-gedanken-machen-putin-erwartet-vernunft-von-den-deutschen-2","status":"publish","type":"post","link":"https:\/\/now-news.de\/de\/deutschland\/die-kluegeren-werden-sich-gedanken-machen-putin-erwartet-vernunft-von-den-deutschen-2\/","title":{"rendered":"&quot;Die Kl\u00fcgeren werden sich Gedanken machen&quot; \u2013 Putin erwartet Vernunft von den Deutschen"},"content":{"rendered":"<p><img decoding=\"async\" src=\"http:\/\/just-now.news\/de\/wp-content\/uploads\/sites\/3\/2024\/03\/65f307d448fbef3827104a55.jpg\" \/><\/p>\n<div class=\"Text-root Text-type_1 \">\n                Der Philosoph Precht warnt vor Taurus-Lieferungen und kritisierte die Kriegsl\u00fcsternheit der Medien. Die Zuh\u00f6rer loben ihn f\u00fcr seine Position. Putin sendet eine Botschaft an die Deutschen und das ZDF dreht sich im Propaganda-Kreis. Doch was ist der Zusammenhang zwischen diesen Ereignissen? Hier ein \u00dcberblick.\n            <\/div>\n<p><\/p>\n<div class=\"Text-root Text-type_5 ArticleView-text ViewText-root \">\n<p><em>Von Wladislaw Sankin<\/em><\/p>\n<p>So ein Dialog fand vor wenigen Tagen in einer Sendung eines \u00f6ffentlich-rechtlichen Senders statt: Der Sprecher A sagte:<\/p>\n<p><em>&#8220;Die Bundeswehr,\u00a0eine Verteidigungsarmee, plant einen Angriff auf russisches Territorium und es wird dann \u00fcberlegt, wie das zu kaschieren ist, dass dies nicht gro\u00df auff\u00e4llt &#8230; In dem Moment w\u00fcrden wir die rote Linie \u00fcberschreiten. Das ist nat\u00fcrlich ein Gedankenspiel, aber nat\u00fcrlich ein wahnsinnig gef\u00e4hrliches Gedankenspiel.&#8221;<\/em><\/p>\n<p><em>B: &#8220;Ich sehe das bisschen anders. Erst mal ist ein Job des Milit\u00e4rs, sich Gedanken zu machen.&#8221;<\/em><\/p>\n<p><em>A: &#8220;Verteidigungsszenarien ist der Job. Aber nicht Angriffsszenarien gegen andere L\u00e4nder.&#8221;\u00a0<\/em><\/p>\n<p><em>B: &#8220;Na gut, jetzt verlieren wir uns erst mal in Semantik. Aber es geht schlicht und ergreifend um die Frage, ob diese Front in irgendeiner Form zu halten ist. Also wir k\u00f6nnen die Ukraine in einer Form unterst\u00fctzen, dass sie als Land schlicht und ergreifend nicht verschwindet. Das dient durchaus unserer eigenen Verteidigung. Insofern ist dieses vermeintliche Angriffsszenario auch ein Verteidigungsszenario, wenn du so willst.&#8221;<\/em><\/p>\n<p><em>A: &#8220;Der Punkt ist aber, dass es russisches Territorium ist. Es macht einen Unterschied. Das Programmieren der Ziele in Russland ist direktes Angreifen.&#8221;<\/em><\/p>\n<p>Was denkt der Leser, wer k\u00f6nnte denn der Sprecher A sein? K\u00f6nnte so eine Person wie A \u00fcberhaupt noch\u00a0in den \u00d6ffentlich-Rechtlichen auftreten? Bei dem Sender sieht er sich selbst eher als Ausnahme, obwohl er den\u00a0Kanzler,\u00a0der Taurus-Raketen in die Ukraine nicht liefern will und die Mehrheit der Deutschen, die diese Position unterst\u00fctzen, an seiner Seite sieht. An anderer Stelle eben jenes Gespr\u00e4chs wirft er Medienvertretern Ignoranz und Kriegsl\u00fcsternheit vor:\u00a0\u00a0<\/p>\n<blockquote>\n<p><em>&#8220;Von den Waffenlieferungen, vom Anfang bis Ende, wurden immer Umfragen gemacht. Aber Journalisten sind die Umfragen v\u00f6llig egal. Wir haben ein Problem mit der \u00f6ffentlichen und ver\u00f6ffentlichten Meinung. Die ver\u00f6ffentlichte Meinung war bislang immer f\u00fcr jede Form der Waffenlieferung. Das ist ein riesiger, auff\u00e4lliger Unterschied und das f\u00e4llt doch den W\u00e4hlern auf.&#8221;\u00a0<\/em><\/p>\n<\/blockquote>\n<p>Die Namen der beiden Sprecher sind kein R\u00e4tsel, der Teaser zum Artikel hat dies schon angedeutet. Beim A handelt es sich um den Philosophen Richard David Precht und B ist <em>ZDF<\/em>-Moderator Markus Lanz. Das Streitgespr\u00e4ch zwischen den beiden wurde als <a rel=\"nofollow noopener\" target=\"_blank\" href=\"https:\/\/www.youtube.com\/watch?v=JhYwl1eiQKM\">Podcast<\/a> am\u00a0Freitag auf Youtube hochgeladen.<\/p>\n<p>Auf den Vorwurf von Precht, Medien machten einseitige Propaganda f\u00fcr Krieg, geht Lanz nicht einmal ein. Stattdessen wiederholt er sein vorher erw\u00e4hntes <a rel=\"nofollow noopener\" target=\"_blank\" href=\"https:\/\/freedert.online\/inland\/198507-auf-kriegsfuss-mit-fakten-correctiv\/\">Argument<\/a>, Taurus k\u00f6nne auch ohne deutsche Beteiligung schie\u00dfen, so als ob er aus einem Handbuch liest, von dessen Linie man nicht abweichen darf. Und immer wieder \u2013 die Ukraine sei &#8220;unglaublich&#8221; gut, tapfer, gut ausgebildet und westlich, Russland nationalistisch, propagandistisch, brutal, diktatorisch.\u00a0 \u00a0<\/p>\n<p>Aber warum ist ausgerechnet dieses Gespr\u00e4ch so bemerkenswert?\u00a0Weil Precht es vermocht hat, Lanz als Vertreter einer militanten Medien-Clique auf seinem eigenen Feld intellektuell zu schlagen und als Propagandisten blo\u00dfzustellen. Unaufgeregt, logisch, nachvollziehbar.<\/p>\n<p>Seine Argumente kamen bei den Zuh\u00f6rern gut an. Da braucht man sich nur die Kommentare anzuschauen.\u00a0Das Einzige, was Lanz von den Zuh\u00f6rern zugutegehalten wurde, war nur das, dass er durch seine Teilnahme an dem Gespr\u00e4ch die Aussagen von Precht erst m\u00f6glich gemacht hat. Es lohnt sich, diese Kommentare genauer anzuschauen. Hier ist eine <a rel=\"nofollow noopener\" target=\"_blank\" href=\"https:\/\/www.youtube.com\/watch?v=JhYwl1eiQKM\">Auswahl<\/a> aus mehr als 4.500 \u00e4hnlich klingelnden Kommentaren unter dem Video:\u00a0<\/p>\n<p><em>&#8220;Wenn Herr Lanz seinen Sohn an der Front gehabt h\u00e4tte, h\u00e4tte er bestimmt den Vorteil des Vertrags gesehen. Andere k\u00e4mpfen lassen, ist immer sehr bequem.&#8221; (zugestimmt: 500)<\/em><\/p>\n<p><em>&#8220;Sie werden mir immer sympathischer, Herr Precht. Danke f\u00fcr Ihre ehrliche Meinung und daf\u00fcr, dass Sie diese Hetze offenbar auch nicht mehr h\u00f6ren k\u00f6nnen.&#8221; (322)<\/em><\/p>\n<p><em>&#8220;Mit der Auffassung von Lanz steuern wir direkt in den 3. Weltkrieg. Danke f\u00fcr&#8217;s Dagegenhalten, Herr Precht!&#8221; (215)<\/em><\/p>\n<p><em>&#8220;Zum Gl\u00fcck ist der Precht noch bei Verstand!&#8221; (215)<\/em><\/p>\n<p><em>&#8220;Danke Herr Precht! Sie sprechen mir aus der Seele. Besonnenheit, Weitblick, Verantwortung und Verstand.&#8221; (138)<\/em><\/p>\n<p><em>&#8220;Bravo zu Vernunft! Sch\u00f6n eine Stimme zu haben in dieser eint\u00f6nigen Medienlandschaft! Danke Precht!&#8221; (107)<\/em><\/p>\n<p><em>&#8220;Hr. Precht, danke f\u00fcr Ihre Vernunft und Ihren Willen zum Frieden!&#8221; (98)<\/em><\/p>\n<p><em>&#8220;Danke Herr Precht! Herr Lanz, sind Sie wirklich so derma\u00dfen verblendet oder tun Sie es nur so?&#8221; (80)<\/em><\/p>\n<p><em>&#8220;Der Precht hat echt Nerven wie Stahlseile &#8230; w\u00e4hrend &#8216;General&#8217; Lanz lauter Stuss redet &#8230;&#8221; (59)<\/em><\/p>\n<p>Was auff\u00e4llt: Gelobt wird Precht vor allem f\u00fcr seine Vernunft und seinen Verstand. Das ist die gemeinsame Basis zwischen ihm und den Zuh\u00f6rern, die die Meinung der Mehrheit der Deutschen repr\u00e4sentieren. Also Precht hat Verstand und die Deutschen \u2013 es scheint laut erw\u00e4hnten Umfragen ja so \u2013 mehrheitlich auch. Sie denken an die Zeit nach dem Krieg und ziehen sogar Undenkbares in Erw\u00e4gung \u2013 gemeinsame Sicherheitsarchitektur mit Russland.\u00a0<\/p>\n<p><strong>Putin: Die Kl\u00fcgeren werden sich Gedanken machen<\/strong><\/p>\n<p>Was ist das Gegenteil von Vernunft? Wahnsinn. Der Ukraine Taurus-Raketen f\u00fcr Angriffsziele in Russland zu geben, mit dem Argument, damit verteidigen wir uns, ist Wahnsinn. H\u00f6ren wir nun mal, was der russische Pr\u00e4sident zu der Problematik sagt. Zum ersten Mal hat er sich in einem am Mittwoch ver\u00f6ffentlichten Interview <a rel=\"nofollow noopener\" target=\"_blank\" href=\"https:\/\/youtu.be\/KTOExiircTw?t=3315\">dazu ge\u00e4u\u00dfert<\/a>.\u00a0<\/p>\n<p>Zum enth\u00fcllten Gespr\u00e4ch der Luftwaffengener\u00e4le mit ihren besten Fachoffizieren sagte Putin:<\/p>\n<blockquote>\n<p><em>&#8220;Sie fantasieren, stacheln sich an und versuchen uns einzusch\u00fcchtern.&#8221;\u00a0<\/em><\/p>\n<\/blockquote>\n<p>Ihre Pl\u00e4ne seien verfassungswidrig:<\/p>\n<blockquote>\n<p><em>&#8220;Wenn Taurus diesen Teil der Krim-Br\u00fccke trifft, der ja auch nach ihren Vorstellungen russisches Territorium ist, dann ist das ein Versto\u00df gegen das Grundgesetz der Bundesrepublik Deutschland.&#8221; <\/em><\/p>\n<\/blockquote>\n<p>Damit meinte Putin Paragraf 26 des Grundgesetzes, der lautet:<\/p>\n<p><em>&#8220;Handlungen,\u00a0die geeignet sind und in der Absicht vorgenommen werden, das friedliche Zusammenleben der V\u00f6lker zu st\u00f6ren, insbesondere die F\u00fchrung eines Angriffskrieges vorzubereiten, sind verfassungswidrig. Sie\u00a0sind unter Strafe zu stellen.&#8221;<\/em><\/p>\n<p>Dann wies Putin auf die Stimmungen im Deutschen Bundestag und den Druck auf Kanzler Scholz, der sich gegen die Taurus-Lieferungen stellt, hin:<\/p>\n<p><em>&#8220;Das Problem ist, dass die Opposition sich noch aggressiver verh\u00e4lt.\u00a0Wir verfolgen das sehr genau. Mal schauen, worauf sie sich einigen.&#8221;<\/em><\/p>\n<p>Die westlichen Marschflugk\u00f6rper w\u00fcrden der Ukraine wenig bringen:<\/p>\n<p><em>&#8220;Aber sie setzen doch britische und US-Raketen ein. Das \u00e4ndert die Situation auf dem Kampffeld nicht. Sie f\u00fcgen uns nat\u00fcrlich Schaden zu, das ist offensichtlich. Aber in Wirklichkeit\u00a0\u00e4ndert das den Verlauf der Kampfhandlungen nicht. Und die Konsequenzen, die f\u00fcr die gegnerische Seite dann eintreten.&#8221;<\/em><\/p>\n<p>Dann sagte Putin einen Satz, der von den Medien, auch von den russischen, \u00fcbersehen wurde:\u00a0<\/p>\n<blockquote>\n<p><em>&#8220;Es gibt Dinge, \u00fcber die sie nachdenken m\u00fcssen.\u00a0Die Kl\u00fcgeren werden sich Gedanken machen.&#8221;<\/em><\/p>\n<\/blockquote>\n<p>Der als germanophil geltende\u00a0Putin rief deutsche Entscheidungstr\u00e4ger zu Verstand und Vernunft auf. Dabei\u00a0spricht er mit Precht und seinen Zuh\u00f6rern mit einer Zunge. Die Sympathie des <em>ZDF<\/em>-Publikums\u00a0gegen\u00fcber\u00a0Prechts Argumentation zeigt am eindr\u00fccklichsten, dass Russland und Deutschland durchaus eine gemeinsame Basis haben und dass es keine un\u00fcberwindbaren Gr\u00e4ben zwischen\u00a0beiden L\u00e4ndern gibt. Und das ist die gute Nachricht.\u00a0<\/p>\n<p><strong>ZDF baut Schranken<\/strong><\/p>\n<p>Aber es gibt auch die Kehrseite. Trotz Lanz-Blamage bleibt dieser Moderator dem Sender erhalten. Ganz offenbar werden er und seinesgleichen zumindest in absehbarer Zukunft weiterhin in allen gro\u00dfen deutschen Medien ihre Hetze verbreiten d\u00fcrfen. Das\u00a0<em>ZDF<\/em> hat im <a rel=\"nofollow noopener\" target=\"_blank\" href=\"https:\/\/www.youtube.com\/watch?v=JegKO7MD6IQ&amp;t=254s\">Bericht<\/a> des Heute-Journals \u00fcber das Interview Putins ruhig vorgetragene Aussagen des Pr\u00e4sidenten gegen\u00fcber den Deutschen nicht einmal zur Kenntnis genommen. &#8220;Putin im Staatsfernsehen: Propaganda vor der Wahl&#8221;, titelte der Sender.<\/p>\n<p>Die Moderatorin Marietta Slomka leitete ein: &#8220;Wer sich t\u00e4gliche Propaganda im russischen Fernsehen antut, braucht starke Nerven. Putins Lautsprecher machen es gerne wild.&#8221; Gemeint war sicherlich auch\u00a0jene bildhafte <a rel=\"nofollow noopener\" target=\"_blank\" href=\"https:\/\/odysee.com\/@RTDE:e\/TV-Moderator-stellt-m%C3%B6gliche-Ziele-f%C3%BCr-Vergeltung-von-Taurus-Angriff-auf-Krim-Br%C3%BCcke-vor:8?src=embed\">Darstellung<\/a> davon, welche Br\u00fccken in Deutschland im Gegenzug auf den Angriff\u00a0der Krim-Br\u00fccke zerst\u00f6rt werden k\u00f6nnten.\u00a0<\/p>\n<div class=\"EmbedBlock-root EmbedBlock-externalVideo EmbedBlock-odysee\">\n<div class=\"VkEmbed\"><iframe class=\"lazyload\" data-src=\"https:\/\/odysee.com\/%24\/embed\/%40RTDE%3Ae%2FTV-Moderator-stellt-m%C3%B6gliche-Ziele-f%C3%BCr-Vergeltung-von-Taurus-Angriff-auf-Krim-Br%C3%BCcke-vor%3A8\" frameborder=\"0\" width=\"853\" height=\"480\" allowfullscreen><\/iframe><\/div>\n<\/div>\n<p>Dem Sender zufolge herrsche in Putins Reich &#8220;Unruhe&#8221;, die er mit &#8220;propagandistischen Botschaften&#8221; kaschieren will &#8230; Es macht allerdings wenig Sinn, sich mit dem Unsinn des <em>ZDF<\/em>-Beitrags an dieser Stelle l\u00e4nger auseinanderzusetzen. Wichtig ist: Was Putin zu den Deutschen gesagt hat, blieb den Zuschauern verborgen.\u00a0<\/p>\n<p>Und das merken die Menschen. &#8220;Ich will mir Putins Propaganda ungeschnitten anh\u00f6ren und meine Meinung selbst bilden&#8221;, schrieb ein Kommentator dazu. Nun ja, das\u00a0<em>ZDF<\/em> l\u00e4sst genau das aber nicht zu, lieber Zuh\u00f6rer. Aber ihm bleibt zumindest immer noch ein Precht! Im besagten Podcast redete er teilweise so, dass Lanz ihn sogar der Verbreitung der &#8220;russischen Propaganda&#8221; verd\u00e4chtigte.\u00a0<\/p>\n<p><strong>Warum Precht Hoffnung macht<\/strong><\/p>\n<p>Dabei ist Precht alles andere als ein Russlandversteher. Er h\u00e4lt zum Beispiel Russland f\u00fcr eine Diktatur und den Westen f\u00fcr &#8220;unsere liberale Demokratie&#8221;. In Grundsatzfragen ist er konform, aber\u00a0er besitzt das, was Putin, der zu vielen Dingen eine andere Meinung als Precht hat, auch erwartet: Vernunft. Das hat Precht mit seinen bisherigen Vorschl\u00e4gen und Vorhersagen bewiesen.\u00a0<\/p>\n<p>Angesichts der NATO-Osterweiterung hat er in den Talkshows noch im Jahr 2014 vor einem Krieg mit Russland gewarnt. Seine Bef\u00fcrchtungen haben sich bewahrheitet. In den ersten Tagen des Ukraine-Krieges hat Precht der Ukraine vorgeschlagen, &#8220;sich zu ergeben&#8221;. Die Ukrainer k\u00f6nnten den Krieg objektiv nicht gewinnen und da der Krieg aus diesem Grund aussichtslos sei, gelte es sinnlose Opfer, also Menschenleben, zu vermeiden,\u00a0so seine\u00a0<a rel=\"nofollow noopener\" target=\"_blank\" href=\"https:\/\/www.youtube.com\/watch?v=PUmrDt4l5vo&amp;t=737s\">Argumentation<\/a>.<\/p>\n<p>Nun, nach\u00a0Hunderttausenden get\u00f6teten Soldaten und mehr als zehntausend zivilen Opfern, Zerst\u00f6rungen, Gebietsverlusten und der zunehmenden Gefahr eines direkten Zusammensto\u00dfes zwischen Russland und den NATO-L\u00e4ndern, schl\u00e4gt kein Geringerer als Papst Franziskus <a rel=\"nofollow noopener\" target=\"_blank\" href=\"https:\/\/freedert.online\/inland\/198902-ich-schaeme-mich-deutsche-politiker\/\">\u00c4hnliches<\/a> vor. Das nennt man Weitsicht. Heute warnt Precht vor der Entstehung neuer Kriegsfelder: &#8220;Je mehr der Westen Moldau <a rel=\"nofollow noopener\" target=\"_blank\" href=\"https:\/\/freedert.online\/europa\/198646-frankreich-will-staendige-verteidigungsmission-in-moldawien-eroeffnen\/\">unterst\u00fctzt<\/a>, desto h\u00f6her wird die Wahrscheinlichkeit eines Krieges. Dann passiert genau das Gleiche, was in der Ukraine passiert ist.&#8221; Auch warnt er davor, dass der Westen einem\u00a0erneuten Wettr\u00fcsten nicht standhalten werde und wie die UdSSR mit einem Zerfall ende.\u00a0<\/p>\n<p>Und die Menschen, die Deutschen, stimmen ihm zu Tausenden zu und lassen den russophoben Lanz allein im Regen der Kritik stehen. Das macht Hoffnung. Hoffnung darauf, dass Russland und Deutschland k\u00fcnftig gegenseitige Drohungen sein lassen und zu Gespr\u00e4chen zur\u00fcckkehren.\u00a0<\/p>\n<p><strong>Mehr zum Thema<\/strong> &#8211; <a rel=\"nofollow noopener\" target=\"_blank\" href=\"https:\/\/freedert.online\/inland\/198507-auf-kriegsfuss-mit-fakten-correctiv\/\">Auf Kriegsfu\u00df mit den Fakten: Correctiv verbreitet L\u00fcgen \u00fcber das Taurus-Desaster<\/a><\/p>\n<div class=\"EmbedBlock-root EmbedBlock-externalVideo EmbedBlock-odysee\">\n<div class=\"VkEmbed\"><iframe class=\"lazyload\" data-src=\"https:\/\/odysee.com\/%24\/embed\/%40RTDE%3Ae%2FFriedensdemo-in-Berlin--Sprecher-wird-von-Polizei-abgef%C3%BChrt%3A2\" frameborder=\"0\" width=\"853\" height=\"480\" allowfullscreen><\/iframe><\/div>\n<\/div>\n<\/div>\n<p><br \/>\n<br \/><a href=\"https:\/\/de.rt.com\/europa\/199298-kluegeren-werden-sich-gedanken-machen\/\">Source link <\/a><\/p>\n","protected":false},"excerpt":{"rendered":"<p>Der Philosoph Precht warnt vor Taurus-Lieferungen und kritisierte die Kriegsl\u00fcsternheit der Medien. Die Zuh\u00f6rer loben ihn f\u00fcr seine Position. Putin sendet eine Botschaft an die Deutschen und das ZDF dreht sich im Propaganda-Kreis. Doch was ist der Zusammenhang zwischen diesen Ereignissen? Hier ein \u00dcberblick. Von Wladislaw Sankin So ein Dialog fand vor wenigen Tagen in [&hellip;]<\/p>\n","protected":false},"author":3,"featured_media":57132,"comment_status":"open","ping_status":"open","sticky":false,"template":"","format":"standard","meta":{"_yoast_indexnow_last_ping":["1710491201"],"wp_automatic_camp":["217"],"463f23374dd36f5345d5e699fa0af009":["&quot;Die Kl\u00fcgeren werden sich Gedanken machen&quot; \u2013 Putin erwartet Vernunft von den Deutschen"],"original_link":["https:\/\/de.rt.com\/europa\/199298-kluegeren-werden-sich-gedanken-machen\/"],"_thumbnail_id":["57132"],"jnews_social_counter_last_update":["1777201985"],"_wptgpro_p2tg_sent2tg":["a:1:{i:23737;s:19:\"2024-03-15 10:28:02\";}"]},"categories":[19,23],"tags":[48,577,19917,7639,54448,40020,125,1933,434,11918,50,1040],"yoast_head":"<!-- This site is optimized with the Yoast SEO Premium plugin v22.7 (Yoast SEO v22.7) - https:\/\/yoast.com\/wordpress\/plugins\/seo\/ -->\n<title>&quot;Die Kl\u00fcgeren werden sich Gedanken machen&quot; \u2013 Putin erwartet Vernunft von den Deutschen - just-now.NEWS Deutschland<\/title>\n<meta name=\"robots\" content=\"index, follow, max-snippet:-1, max-image-preview:large, max-video-preview:-1\" \/>\n<link rel=\"canonical\" href=\"https:\/\/now-news.de\/de\/deutschland\/die-kluegeren-werden-sich-gedanken-machen-putin-erwartet-vernunft-von-den-deutschen-2\/\" \/>\n<meta property=\"og:locale\" content=\"de_DE\" \/>\n<meta property=\"og:type\" content=\"article\" \/>\n<meta property=\"og:title\" content=\"&quot;Die Kl\u00fcgeren werden sich Gedanken machen&quot; \u2013 Putin erwartet Vernunft von den Deutschen\" \/>\n<meta property=\"og:description\" content=\"Der Philosoph Precht warnt vor Taurus-Lieferungen und kritisierte die Kriegsl\u00fcsternheit der Medien. Die Zuh\u00f6rer loben ihn f\u00fcr seine Position. Putin sendet eine Botschaft an die Deutschen und das ZDF dreht sich im Propaganda-Kreis. Doch was ist der Zusammenhang zwischen diesen Ereignissen? Hier ein \u00dcberblick. Von Wladislaw Sankin So ein Dialog fand vor wenigen Tagen in [&hellip;]\" \/>\n<meta property=\"og:url\" content=\"https:\/\/now-news.de\/de\/deutschland\/die-kluegeren-werden-sich-gedanken-machen-putin-erwartet-vernunft-von-den-deutschen-2\/\" \/>\n<meta property=\"og:site_name\" content=\"just-now.NEWS Deutschland\" \/>\n<meta property=\"article:publisher\" content=\"https:\/\/www.facebook.com\/wirmachenauf\" \/>\n<meta property=\"article:published_time\" content=\"2024-03-14T20:17:39+00:00\" \/>\n<meta property=\"og:image\" content=\"https:\/\/now-news.de\/de\/wp-content\/uploads\/sites\/3\/2024\/03\/quotDie-Kluegeren-werden-sich-Gedanken-machenquot-\u2013-Putin-erwartet-Vernunft.jpg\" \/>\n\t<meta property=\"og:image:width\" content=\"460\" \/>\n\t<meta property=\"og:image:height\" content=\"259\" \/>\n\t<meta property=\"og:image:type\" content=\"image\/jpeg\" \/>\n<meta name=\"author\" content=\"rtnews\" \/>\n<meta name=\"twitter:card\" content=\"summary_large_image\" \/>\n<meta name=\"twitter:creator\" content=\"@WirMachenAuf_de\" \/>\n<meta name=\"twitter:site\" content=\"@WirMachenAuf_de\" \/>\n<meta name=\"twitter:label1\" content=\"Verfasst von\" \/>\n\t<meta name=\"twitter:data1\" content=\"rtnews\" \/>\n\t<meta name=\"twitter:label2\" content=\"Gesch\u00e4tzte Lesezeit\" \/>\n\t<meta name=\"twitter:data2\" content=\"9\u00a0Minuten\" \/>\n<script type=\"application\/ld+json\" class=\"yoast-schema-graph\">{\"@context\":\"https:\/\/schema.org\",\"@graph\":[{\"@type\":\"Article\",\"@id\":\"https:\/\/now-news.de\/de\/deutschland\/die-kluegeren-werden-sich-gedanken-machen-putin-erwartet-vernunft-von-den-deutschen-2\/#article\",\"isPartOf\":{\"@id\":\"https:\/\/now-news.de\/de\/deutschland\/die-kluegeren-werden-sich-gedanken-machen-putin-erwartet-vernunft-von-den-deutschen-2\/\"},\"author\":{\"name\":\"rtnews\",\"@id\":\"https:\/\/now-news.de\/de\/#\/schema\/person\/fb534a4e865501d8b3285208df34a9b5\"},\"headline\":\"&quot;Die Kl\u00fcgeren werden sich Gedanken machen&quot; \u2013 Putin erwartet Vernunft von den Deutschen\",\"datePublished\":\"2024-03-14T20:17:39+00:00\",\"dateModified\":\"2024-03-14T20:17:39+00:00\",\"mainEntityOfPage\":{\"@id\":\"https:\/\/now-news.de\/de\/deutschland\/die-kluegeren-werden-sich-gedanken-machen-putin-erwartet-vernunft-von-den-deutschen-2\/\"},\"wordCount\":1720,\"commentCount\":0,\"publisher\":{\"@id\":\"https:\/\/now-news.de\/de\/#organization\"},\"image\":{\"@id\":\"https:\/\/now-news.de\/de\/deutschland\/die-kluegeren-werden-sich-gedanken-machen-putin-erwartet-vernunft-von-den-deutschen-2\/#primaryimage\"},\"thumbnailUrl\":\"https:\/\/now-news.de\/de\/wp-content\/uploads\/sites\/3\/2024\/03\/quotDie-Kluegeren-werden-sich-Gedanken-machenquot-\u2013-Putin-erwartet-Vernunft.jpg\",\"keywords\":[\"den\",\"Deutschen\",\"erwartet\",\"Gedanken\",\"Kl\u00fcgeren\",\"machenquot\",\"putin\",\"quotDie\",\"sich\",\"Vernunft\",\"von\",\"Werden\"],\"articleSection\":[\"Deutschland\",\"Russland\"],\"inLanguage\":\"de\",\"potentialAction\":[{\"@type\":\"CommentAction\",\"name\":\"Comment\",\"target\":[\"https:\/\/now-news.de\/de\/deutschland\/die-kluegeren-werden-sich-gedanken-machen-putin-erwartet-vernunft-von-den-deutschen-2\/#respond\"]}]},{\"@type\":\"WebPage\",\"@id\":\"https:\/\/now-news.de\/de\/deutschland\/die-kluegeren-werden-sich-gedanken-machen-putin-erwartet-vernunft-von-den-deutschen-2\/\",\"url\":\"https:\/\/now-news.de\/de\/deutschland\/die-kluegeren-werden-sich-gedanken-machen-putin-erwartet-vernunft-von-den-deutschen-2\/\",\"name\":\"&quot;Die Kl\u00fcgeren werden sich Gedanken machen&quot; \u2013 Putin erwartet Vernunft von den Deutschen - just-now.NEWS Deutschland\",\"isPartOf\":{\"@id\":\"https:\/\/now-news.de\/de\/#website\"},\"primaryImageOfPage\":{\"@id\":\"https:\/\/now-news.de\/de\/deutschland\/die-kluegeren-werden-sich-gedanken-machen-putin-erwartet-vernunft-von-den-deutschen-2\/#primaryimage\"},\"image\":{\"@id\":\"https:\/\/now-news.de\/de\/deutschland\/die-kluegeren-werden-sich-gedanken-machen-putin-erwartet-vernunft-von-den-deutschen-2\/#primaryimage\"},\"thumbnailUrl\":\"https:\/\/now-news.de\/de\/wp-content\/uploads\/sites\/3\/2024\/03\/quotDie-Kluegeren-werden-sich-Gedanken-machenquot-\u2013-Putin-erwartet-Vernunft.jpg\",\"datePublished\":\"2024-03-14T20:17:39+00:00\",\"dateModified\":\"2024-03-14T20:17:39+00:00\",\"breadcrumb\":{\"@id\":\"https:\/\/now-news.de\/de\/deutschland\/die-kluegeren-werden-sich-gedanken-machen-putin-erwartet-vernunft-von-den-deutschen-2\/#breadcrumb\"},\"inLanguage\":\"de\",\"potentialAction\":[{\"@type\":\"ReadAction\",\"target\":[\"https:\/\/now-news.de\/de\/deutschland\/die-kluegeren-werden-sich-gedanken-machen-putin-erwartet-vernunft-von-den-deutschen-2\/\"]}]},{\"@type\":\"ImageObject\",\"inLanguage\":\"de\",\"@id\":\"https:\/\/now-news.de\/de\/deutschland\/die-kluegeren-werden-sich-gedanken-machen-putin-erwartet-vernunft-von-den-deutschen-2\/#primaryimage\",\"url\":\"https:\/\/now-news.de\/de\/wp-content\/uploads\/sites\/3\/2024\/03\/quotDie-Kluegeren-werden-sich-Gedanken-machenquot-\u2013-Putin-erwartet-Vernunft.jpg\",\"contentUrl\":\"https:\/\/now-news.de\/de\/wp-content\/uploads\/sites\/3\/2024\/03\/quotDie-Kluegeren-werden-sich-Gedanken-machenquot-\u2013-Putin-erwartet-Vernunft.jpg\",\"width\":460,\"height\":259,\"caption\":\"&quot;Die Kl\u00fcgeren werden sich Gedanken machen&quot; \u2013 Putin erwartet Vernunft von den Deutschen\"},{\"@type\":\"BreadcrumbList\",\"@id\":\"https:\/\/now-news.de\/de\/deutschland\/die-kluegeren-werden-sich-gedanken-machen-putin-erwartet-vernunft-von-den-deutschen-2\/#breadcrumb\",\"itemListElement\":[{\"@type\":\"ListItem\",\"position\":1,\"name\":\"Home\",\"item\":\"https:\/\/now-news.de\/de\/\"},{\"@type\":\"ListItem\",\"position\":2,\"name\":\"&quot;Die Kl\u00fcgeren werden sich Gedanken machen&quot; \u2013 Putin erwartet Vernunft von den Deutschen\"}]},{\"@type\":\"WebSite\",\"@id\":\"https:\/\/now-news.de\/de\/#website\",\"url\":\"https:\/\/now-news.de\/de\/\",\"name\":\"just-now.NEWS Deutschland\",\"description\":\"Das Portal f\u00fcr unzensierte Nachrichten aus der Welt\",\"publisher\":{\"@id\":\"https:\/\/now-news.de\/de\/#organization\"},\"potentialAction\":[{\"@type\":\"SearchAction\",\"target\":{\"@type\":\"EntryPoint\",\"urlTemplate\":\"https:\/\/now-news.de\/de\/?s={search_term_string}\"},\"query-input\":\"required name=search_term_string\"}],\"inLanguage\":\"de\"},{\"@type\":\"Organization\",\"@id\":\"https:\/\/now-news.de\/de\/#organization\",\"name\":\"Just Now News\",\"url\":\"https:\/\/now-news.de\/de\/\",\"logo\":{\"@type\":\"ImageObject\",\"inLanguage\":\"de\",\"@id\":\"https:\/\/now-news.de\/de\/#\/schema\/logo\/image\/\",\"url\":\"http:\/\/just-now.news\/de\/wp-content\/uploads\/sites\/3\/2022\/04\/logo500x500.jpg\",\"contentUrl\":\"http:\/\/just-now.news\/de\/wp-content\/uploads\/sites\/3\/2022\/04\/logo500x500.jpg\",\"width\":500,\"height\":500,\"caption\":\"Just Now News\"},\"image\":{\"@id\":\"https:\/\/now-news.de\/de\/#\/schema\/logo\/image\/\"},\"sameAs\":[\"https:\/\/www.facebook.com\/wirmachenauf\",\"https:\/\/x.com\/WirMachenAuf_de\"]},{\"@type\":\"Person\",\"@id\":\"https:\/\/now-news.de\/de\/#\/schema\/person\/fb534a4e865501d8b3285208df34a9b5\",\"name\":\"rtnews\",\"image\":{\"@type\":\"ImageObject\",\"inLanguage\":\"de\",\"@id\":\"https:\/\/now-news.de\/de\/#\/schema\/person\/image\/\",\"url\":\"https:\/\/secure.gravatar.com\/avatar\/82aafea7d8127119dd649515f56e2117?s=96&d=mm&r=g\",\"contentUrl\":\"https:\/\/secure.gravatar.com\/avatar\/82aafea7d8127119dd649515f56e2117?s=96&d=mm&r=g\",\"caption\":\"rtnews\"},\"url\":\"https:\/\/now-news.de\/de\/author\/rnews\/\"}]}<\/script>\n<!-- \/ Yoast SEO Premium plugin. -->","yoast_head_json":{"title":"&quot;Die Kl\u00fcgeren werden sich Gedanken machen&quot; \u2013 Putin erwartet Vernunft von den Deutschen - just-now.NEWS Deutschland","robots":{"index":"index","follow":"follow","max-snippet":"max-snippet:-1","max-image-preview":"max-image-preview:large","max-video-preview":"max-video-preview:-1"},"canonical":"https:\/\/now-news.de\/de\/deutschland\/die-kluegeren-werden-sich-gedanken-machen-putin-erwartet-vernunft-von-den-deutschen-2\/","og_locale":"de_DE","og_type":"article","og_title":"&quot;Die Kl\u00fcgeren werden sich Gedanken machen&quot; \u2013 Putin erwartet Vernunft von den Deutschen","og_description":"Der Philosoph Precht warnt vor Taurus-Lieferungen und kritisierte die Kriegsl\u00fcsternheit der Medien. Die Zuh\u00f6rer loben ihn f\u00fcr seine Position. Putin sendet eine Botschaft an die Deutschen und das ZDF dreht sich im Propaganda-Kreis. Doch was ist der Zusammenhang zwischen diesen Ereignissen? Hier ein \u00dcberblick. Von Wladislaw Sankin So ein Dialog fand vor wenigen Tagen in [&hellip;]","og_url":"https:\/\/now-news.de\/de\/deutschland\/die-kluegeren-werden-sich-gedanken-machen-putin-erwartet-vernunft-von-den-deutschen-2\/","og_site_name":"just-now.NEWS Deutschland","article_publisher":"https:\/\/www.facebook.com\/wirmachenauf","article_published_time":"2024-03-14T20:17:39+00:00","og_image":[{"width":460,"height":259,"url":"https:\/\/now-news.de\/de\/wp-content\/uploads\/sites\/3\/2024\/03\/quotDie-Kluegeren-werden-sich-Gedanken-machenquot-\u2013-Putin-erwartet-Vernunft.jpg","type":"image\/jpeg"}],"author":"rtnews","twitter_card":"summary_large_image","twitter_creator":"@WirMachenAuf_de","twitter_site":"@WirMachenAuf_de","twitter_misc":{"Verfasst von":"rtnews","Gesch\u00e4tzte Lesezeit":"9\u00a0Minuten"},"schema":{"@context":"https:\/\/schema.org","@graph":[{"@type":"Article","@id":"https:\/\/now-news.de\/de\/deutschland\/die-kluegeren-werden-sich-gedanken-machen-putin-erwartet-vernunft-von-den-deutschen-2\/#article","isPartOf":{"@id":"https:\/\/now-news.de\/de\/deutschland\/die-kluegeren-werden-sich-gedanken-machen-putin-erwartet-vernunft-von-den-deutschen-2\/"},"author":{"name":"rtnews","@id":"https:\/\/now-news.de\/de\/#\/schema\/person\/fb534a4e865501d8b3285208df34a9b5"},"headline":"&quot;Die Kl\u00fcgeren werden sich Gedanken machen&quot; \u2013 Putin erwartet Vernunft von den Deutschen","datePublished":"2024-03-14T20:17:39+00:00","dateModified":"2024-03-14T20:17:39+00:00","mainEntityOfPage":{"@id":"https:\/\/now-news.de\/de\/deutschland\/die-kluegeren-werden-sich-gedanken-machen-putin-erwartet-vernunft-von-den-deutschen-2\/"},"wordCount":1720,"commentCount":0,"publisher":{"@id":"https:\/\/now-news.de\/de\/#organization"},"image":{"@id":"https:\/\/now-news.de\/de\/deutschland\/die-kluegeren-werden-sich-gedanken-machen-putin-erwartet-vernunft-von-den-deutschen-2\/#primaryimage"},"thumbnailUrl":"https:\/\/now-news.de\/de\/wp-content\/uploads\/sites\/3\/2024\/03\/quotDie-Kluegeren-werden-sich-Gedanken-machenquot-\u2013-Putin-erwartet-Vernunft.jpg","keywords":["den","Deutschen","erwartet","Gedanken","Kl\u00fcgeren","machenquot","putin","quotDie","sich","Vernunft","von","Werden"],"articleSection":["Deutschland","Russland"],"inLanguage":"de","potentialAction":[{"@type":"CommentAction","name":"Comment","target":["https:\/\/now-news.de\/de\/deutschland\/die-kluegeren-werden-sich-gedanken-machen-putin-erwartet-vernunft-von-den-deutschen-2\/#respond"]}]},{"@type":"WebPage","@id":"https:\/\/now-news.de\/de\/deutschland\/die-kluegeren-werden-sich-gedanken-machen-putin-erwartet-vernunft-von-den-deutschen-2\/","url":"https:\/\/now-news.de\/de\/deutschland\/die-kluegeren-werden-sich-gedanken-machen-putin-erwartet-vernunft-von-den-deutschen-2\/","name":"&quot;Die Kl\u00fcgeren werden sich Gedanken machen&quot; \u2013 Putin erwartet Vernunft von den Deutschen - just-now.NEWS Deutschland","isPartOf":{"@id":"https:\/\/now-news.de\/de\/#website"},"primaryImageOfPage":{"@id":"https:\/\/now-news.de\/de\/deutschland\/die-kluegeren-werden-sich-gedanken-machen-putin-erwartet-vernunft-von-den-deutschen-2\/#primaryimage"},"image":{"@id":"https:\/\/now-news.de\/de\/deutschland\/die-kluegeren-werden-sich-gedanken-machen-putin-erwartet-vernunft-von-den-deutschen-2\/#primaryimage"},"thumbnailUrl":"https:\/\/now-news.de\/de\/wp-content\/uploads\/sites\/3\/2024\/03\/quotDie-Kluegeren-werden-sich-Gedanken-machenquot-\u2013-Putin-erwartet-Vernunft.jpg","datePublished":"2024-03-14T20:17:39+00:00","dateModified":"2024-03-14T20:17:39+00:00","breadcrumb":{"@id":"https:\/\/now-news.de\/de\/deutschland\/die-kluegeren-werden-sich-gedanken-machen-putin-erwartet-vernunft-von-den-deutschen-2\/#breadcrumb"},"inLanguage":"de","potentialAction":[{"@type":"ReadAction","target":["https:\/\/now-news.de\/de\/deutschland\/die-kluegeren-werden-sich-gedanken-machen-putin-erwartet-vernunft-von-den-deutschen-2\/"]}]},{"@type":"ImageObject","inLanguage":"de","@id":"https:\/\/now-news.de\/de\/deutschland\/die-kluegeren-werden-sich-gedanken-machen-putin-erwartet-vernunft-von-den-deutschen-2\/#primaryimage","url":"https:\/\/now-news.de\/de\/wp-content\/uploads\/sites\/3\/2024\/03\/quotDie-Kluegeren-werden-sich-Gedanken-machenquot-\u2013-Putin-erwartet-Vernunft.jpg","contentUrl":"https:\/\/now-news.de\/de\/wp-content\/uploads\/sites\/3\/2024\/03\/quotDie-Kluegeren-werden-sich-Gedanken-machenquot-\u2013-Putin-erwartet-Vernunft.jpg","width":460,"height":259,"caption":"&quot;Die Kl\u00fcgeren werden sich Gedanken machen&quot; \u2013 Putin erwartet Vernunft von den Deutschen"},{"@type":"BreadcrumbList","@id":"https:\/\/now-news.de\/de\/deutschland\/die-kluegeren-werden-sich-gedanken-machen-putin-erwartet-vernunft-von-den-deutschen-2\/#breadcrumb","itemListElement":[{"@type":"ListItem","position":1,"name":"Home","item":"https:\/\/now-news.de\/de\/"},{"@type":"ListItem","position":2,"name":"&quot;Die Kl\u00fcgeren werden sich Gedanken machen&quot; \u2013 Putin erwartet Vernunft von den Deutschen"}]},{"@type":"WebSite","@id":"https:\/\/now-news.de\/de\/#website","url":"https:\/\/now-news.de\/de\/","name":"just-now.NEWS Deutschland","description":"Das Portal f\u00fcr unzensierte Nachrichten aus der Welt","publisher":{"@id":"https:\/\/now-news.de\/de\/#organization"},"potentialAction":[{"@type":"SearchAction","target":{"@type":"EntryPoint","urlTemplate":"https:\/\/now-news.de\/de\/?s={search_term_string}"},"query-input":"required name=search_term_string"}],"inLanguage":"de"},{"@type":"Organization","@id":"https:\/\/now-news.de\/de\/#organization","name":"Just Now News","url":"https:\/\/now-news.de\/de\/","logo":{"@type":"ImageObject","inLanguage":"de","@id":"https:\/\/now-news.de\/de\/#\/schema\/logo\/image\/","url":"http:\/\/just-now.news\/de\/wp-content\/uploads\/sites\/3\/2022\/04\/logo500x500.jpg","contentUrl":"http:\/\/just-now.news\/de\/wp-content\/uploads\/sites\/3\/2022\/04\/logo500x500.jpg","width":500,"height":500,"caption":"Just Now News"},"image":{"@id":"https:\/\/now-news.de\/de\/#\/schema\/logo\/image\/"},"sameAs":["https:\/\/www.facebook.com\/wirmachenauf","https:\/\/x.com\/WirMachenAuf_de"]},{"@type":"Person","@id":"https:\/\/now-news.de\/de\/#\/schema\/person\/fb534a4e865501d8b3285208df34a9b5","name":"rtnews","image":{"@type":"ImageObject","inLanguage":"de","@id":"https:\/\/now-news.de\/de\/#\/schema\/person\/image\/","url":"https:\/\/secure.gravatar.com\/avatar\/82aafea7d8127119dd649515f56e2117?s=96&d=mm&r=g","contentUrl":"https:\/\/secure.gravatar.com\/avatar\/82aafea7d8127119dd649515f56e2117?s=96&d=mm&r=g","caption":"rtnews"},"url":"https:\/\/now-news.de\/de\/author\/rnews\/"}]}},"_links":{"self":[{"href":"https:\/\/now-news.de\/de\/wp-json\/wp\/v2\/posts\/57143"}],"collection":[{"href":"https:\/\/now-news.de\/de\/wp-json\/wp\/v2\/posts"}],"about":[{"href":"https:\/\/now-news.de\/de\/wp-json\/wp\/v2\/types\/post"}],"author":[{"embeddable":true,"href":"https:\/\/now-news.de\/de\/wp-json\/wp\/v2\/users\/3"}],"replies":[{"embeddable":true,"href":"https:\/\/now-news.de\/de\/wp-json\/wp\/v2\/comments?post=57143"}],"version-history":[{"count":0,"href":"https:\/\/now-news.de\/de\/wp-json\/wp\/v2\/posts\/57143\/revisions"}],"wp:featuredmedia":[{"embeddable":true,"href":"https:\/\/now-news.de\/de\/wp-json\/wp\/v2\/media\/57132"}],"wp:attachment":[{"href":"https:\/\/now-news.de\/de\/wp-json\/wp\/v2\/media?parent=57143"}],"wp:term":[{"taxonomy":"category","embeddable":true,"href":"https:\/\/now-news.de\/de\/wp-json\/wp\/v2\/categories?post=57143"},{"taxonomy":"post_tag","embeddable":true,"href":"https:\/\/now-news.de\/de\/wp-json\/wp\/v2\/tags?post=57143"}],"curies":[{"name":"wp","href":"https:\/\/api.w.org\/{rel}","templated":true}]}}