{"id":57018,"date":"2024-03-13T13:05:54","date_gmt":"2024-03-13T11:05:54","guid":{"rendered":"https:\/\/just-now.news\/de\/deutschland\/sacharowa-ueber-kritik-an-medienarbeit-in-suedamerika-usa-ruecken-sich-selbst-ins-schlechte-licht\/"},"modified":"2024-03-13T13:05:54","modified_gmt":"2024-03-13T11:05:54","slug":"sacharowa-ueber-kritik-an-medienarbeit-in-suedamerika-usa-ruecken-sich-selbst-ins-schlechte-licht","status":"publish","type":"post","link":"https:\/\/now-news.de\/de\/deutschland\/sacharowa-ueber-kritik-an-medienarbeit-in-suedamerika-usa-ruecken-sich-selbst-ins-schlechte-licht\/","title":{"rendered":"Sacharowa \u00fcber Kritik an Medienarbeit in S\u00fcdamerika: &quot;USA r\u00fccken sich selbst ins schlechte Licht&quot;"},"content":{"rendered":"<p><img decoding=\"async\" src=\"http:\/\/just-now.news\/de\/wp-content\/uploads\/sites\/3\/2024\/03\/65f16870b480cc6d8e5f9e44.jpg\" \/><\/p>\n<div class=\"Text-root Text-type_1 \">\n                Das russische Au\u00dfenministerium reagiert auf Beschwerden im US-Kongress \u00fcber Russlands Medienpr\u00e4senz in S\u00fcdamerika. In Moskau ist man der Ansicht, dass allein die Reden von US-Pr\u00e4sident Joe Biden ausreichen, um die USA beim Publikum in der Region negativ darzustellen.\n            <\/div>\n<p><\/p>\n<div class=\"Text-root Text-type_5 ArticleView-text ViewText-root \">\n<p>Laut Maria Sacharowa, der Sprecherin des russischen Au\u00dfenministeriums, muss Moskau kaum Zeit und M\u00fche aufwenden, um Washington in Lateinamerika schlecht aussehen zu lassen. Mit diesen Worten reagierte Sacharowa auf die Aussage von Generalin Laura Jane Richardson, der Leiterin des US-S\u00fcdkommandos, die sich vor dem US-Kongress erneut \u00fcber die Arbeit spanischsprachiger russischer Medien in Lateinamerika beschwert hat. Medien wie<em> RT<\/em> und <em>Sputnik Mundo<\/em> &#8220;schaffen ein negatives Bild der USA und untergraben ihre Interessen in der Region&#8221;, erkl\u00e4rte Richardson.<\/p>\n<p>Auf Telegram wies die Sprecherin des russischen Au\u00dfenministeriums darauf hin, dass wenn russische oder andere Medien ein negatives Bild von Washington schaffen wollten, diese kein Geld f\u00fcr Berichte oder Dokumentationen verschwenden, sondern einfach rund um die Uhr die Reden von Biden senden w\u00fcrden.<\/p>\n<p>Richardson beklagt wiederholt die Pr\u00e4senz russischer Medien in ihrem Einflussbereich. Im vergangenen Jahr behauptete sie, dass diese Medien &#8220;Desinformationen verbreiten, die die Demokratien in der gesamten Hemisph\u00e4re untergraben&#8221;. Damals verwies die Generalin auf die Tatsache, dass <em>Sputnik Mundo<\/em>, <em>RT en Espanol<\/em> und <em>teleSUR<\/em> \u2013 das eigentlich venezolanisch ist und nichts mit Russland zu tun hat \u2013 mehr als 31 Millionen Follower in den sozialen Medien haben.<\/p>\n<p>In ihrer j\u00fcngsten Aussage behauptete Richardson erneut, dass <em>teleSUR<\/em> &#8220;in irgendeiner Weise mit Russland verbunden&#8221; sei, und wiederholte die Anschuldigung, dass russische Medien &#8220;Anti-US-Botschaften \u00fcber traditionelle und soziale Medienplattformen verbreiten&#8221;. In ihrer Rede vor dem US-Kongress betonte Richardson:<\/p>\n<blockquote>\n<p><em>&#8220;In ihren falschen Medienberichten werden die Vereinigten Staaten h\u00e4ufig beschuldigt, eine weltweite Nahrungsmittelkrise verursacht und den Nazismus in der Ukraine unterst\u00fctzt zu haben, w\u00e4hrend die Vereinigten Staaten als gieriger und imperialistischer Staat dargestellt werden, dem es um die maximale Ausbeutung der Ressourcen des Kontinents geht.&#8221;<\/em><\/p>\n<\/blockquote>\n<p><strong>Mehr zum Thema &#8211;<\/strong>\u00a0<a rel=\"nofollow noopener\" target=\"_blank\" href=\"https:\/\/freedert.online\/international\/188585-politico-bestaetigt-schlagkraft-von-rt\/\">Politico best\u00e4tigt die Schlagkraft von RT<\/a><\/p>\n<\/div>\n<p><br \/>\n<br \/><a href=\"https:\/\/de.rt.com\/amerika\/199206-usa-ruecken-sich-selbst-ins\/\">Source link <\/a><\/p>\n","protected":false},"excerpt":{"rendered":"<p>Das russische Au\u00dfenministerium reagiert auf Beschwerden im US-Kongress \u00fcber Russlands Medienpr\u00e4senz in S\u00fcdamerika. In Moskau ist man der Ansicht, dass allein die Reden von US-Pr\u00e4sident Joe Biden ausreichen, um die USA beim Publikum in der Region negativ darzustellen. Laut Maria Sacharowa, der Sprecherin des russischen Au\u00dfenministeriums, muss Moskau kaum Zeit und M\u00fche aufwenden, um Washington [&hellip;]<\/p>\n","protected":false},"author":3,"featured_media":57019,"comment_status":"open","ping_status":"open","sticky":false,"template":"","format":"standard","meta":{"_yoast_indexnow_last_ping":["1710328902"],"wp_automatic_camp":["217"],"a81372f1c30d5ba146c9e454f0598d54":["Sacharowa \u00fcber Kritik an Medienarbeit in S\u00fcdamerika: &quot;USA r\u00fccken sich selbst ins schlechte Licht&quot;"],"original_link":["https:\/\/de.rt.com\/amerika\/199206-usa-ruecken-sich-selbst-ins\/"],"_thumbnail_id":["57019"],"_wptgpro_p2tg_sent2tg":["a:1:{i:23737;s:19:\"2024-03-13 13:22:42\";}"],"jnews_social_counter_last_update":["1777202038"]},"categories":[19,23],"tags":[1678,935,35936,54392,35849,26073,942,20133,7618,434,35101,139],"yoast_head":"<!-- This site is optimized with the Yoast SEO Premium plugin v22.7 (Yoast SEO v22.7) - https:\/\/yoast.com\/wordpress\/plugins\/seo\/ -->\n<title>Sacharowa \u00fcber Kritik an Medienarbeit in S\u00fcdamerika: &quot;USA r\u00fccken sich selbst ins schlechte Licht&quot; - just-now.NEWS Deutschland<\/title>\n<meta name=\"robots\" content=\"index, follow, max-snippet:-1, max-image-preview:large, max-video-preview:-1\" \/>\n<link rel=\"canonical\" href=\"https:\/\/now-news.de\/de\/deutschland\/sacharowa-ueber-kritik-an-medienarbeit-in-suedamerika-usa-ruecken-sich-selbst-ins-schlechte-licht\/\" \/>\n<meta property=\"og:locale\" content=\"de_DE\" \/>\n<meta property=\"og:type\" content=\"article\" \/>\n<meta property=\"og:title\" content=\"Sacharowa \u00fcber Kritik an Medienarbeit in S\u00fcdamerika: &quot;USA r\u00fccken sich selbst ins schlechte Licht&quot;\" \/>\n<meta property=\"og:description\" content=\"Das russische Au\u00dfenministerium reagiert auf Beschwerden im US-Kongress \u00fcber Russlands Medienpr\u00e4senz in S\u00fcdamerika. In Moskau ist man der Ansicht, dass allein die Reden von US-Pr\u00e4sident Joe Biden ausreichen, um die USA beim Publikum in der Region negativ darzustellen. Laut Maria Sacharowa, der Sprecherin des russischen Au\u00dfenministeriums, muss Moskau kaum Zeit und M\u00fche aufwenden, um Washington [&hellip;]\" \/>\n<meta property=\"og:url\" content=\"https:\/\/now-news.de\/de\/deutschland\/sacharowa-ueber-kritik-an-medienarbeit-in-suedamerika-usa-ruecken-sich-selbst-ins-schlechte-licht\/\" \/>\n<meta property=\"og:site_name\" content=\"just-now.NEWS Deutschland\" \/>\n<meta property=\"article:publisher\" content=\"https:\/\/www.facebook.com\/wirmachenauf\" \/>\n<meta property=\"article:published_time\" content=\"2024-03-13T11:05:54+00:00\" \/>\n<meta property=\"og:image\" content=\"https:\/\/now-news.de\/de\/wp-content\/uploads\/sites\/3\/2024\/03\/Sacharowa-ueber-Kritik-an-Medienarbeit-in-Suedamerika-quotUSA-ruecken-sich.jpg\" \/>\n\t<meta property=\"og:image:width\" content=\"460\" \/>\n\t<meta property=\"og:image:height\" content=\"259\" \/>\n\t<meta property=\"og:image:type\" content=\"image\/jpeg\" \/>\n<meta name=\"author\" content=\"rtnews\" \/>\n<meta name=\"twitter:card\" content=\"summary_large_image\" \/>\n<meta name=\"twitter:creator\" content=\"@WirMachenAuf_de\" \/>\n<meta name=\"twitter:site\" content=\"@WirMachenAuf_de\" \/>\n<meta name=\"twitter:label1\" content=\"Verfasst von\" \/>\n\t<meta name=\"twitter:data1\" content=\"rtnews\" \/>\n\t<meta name=\"twitter:label2\" content=\"Gesch\u00e4tzte Lesezeit\" \/>\n\t<meta name=\"twitter:data2\" content=\"2\u00a0Minuten\" \/>\n<script type=\"application\/ld+json\" class=\"yoast-schema-graph\">{\"@context\":\"https:\/\/schema.org\",\"@graph\":[{\"@type\":\"Article\",\"@id\":\"https:\/\/now-news.de\/de\/deutschland\/sacharowa-ueber-kritik-an-medienarbeit-in-suedamerika-usa-ruecken-sich-selbst-ins-schlechte-licht\/#article\",\"isPartOf\":{\"@id\":\"https:\/\/now-news.de\/de\/deutschland\/sacharowa-ueber-kritik-an-medienarbeit-in-suedamerika-usa-ruecken-sich-selbst-ins-schlechte-licht\/\"},\"author\":{\"name\":\"rtnews\",\"@id\":\"https:\/\/now-news.de\/de\/#\/schema\/person\/fb534a4e865501d8b3285208df34a9b5\"},\"headline\":\"Sacharowa \u00fcber Kritik an Medienarbeit in S\u00fcdamerika: &quot;USA r\u00fccken sich selbst ins schlechte Licht&quot;\",\"datePublished\":\"2024-03-13T11:05:54+00:00\",\"dateModified\":\"2024-03-13T11:05:54+00:00\",\"mainEntityOfPage\":{\"@id\":\"https:\/\/now-news.de\/de\/deutschland\/sacharowa-ueber-kritik-an-medienarbeit-in-suedamerika-usa-ruecken-sich-selbst-ins-schlechte-licht\/\"},\"wordCount\":353,\"commentCount\":0,\"publisher\":{\"@id\":\"https:\/\/now-news.de\/de\/#organization\"},\"image\":{\"@id\":\"https:\/\/now-news.de\/de\/deutschland\/sacharowa-ueber-kritik-an-medienarbeit-in-suedamerika-usa-ruecken-sich-selbst-ins-schlechte-licht\/#primaryimage\"},\"thumbnailUrl\":\"https:\/\/now-news.de\/de\/wp-content\/uploads\/sites\/3\/2024\/03\/Sacharowa-ueber-Kritik-an-Medienarbeit-in-Suedamerika-quotUSA-ruecken-sich.jpg\",\"keywords\":[\"ins\",\"Kritik\",\"Lichtquot\",\"Medienarbeit\",\"quotUSA\",\"r\u00fccken\",\"Sacharowa\",\"schlechte\",\"selbst\",\"sich\",\"S\u00fcdamerika\",\"\u00fcber\"],\"articleSection\":[\"Deutschland\",\"Russland\"],\"inLanguage\":\"de\",\"potentialAction\":[{\"@type\":\"CommentAction\",\"name\":\"Comment\",\"target\":[\"https:\/\/now-news.de\/de\/deutschland\/sacharowa-ueber-kritik-an-medienarbeit-in-suedamerika-usa-ruecken-sich-selbst-ins-schlechte-licht\/#respond\"]}]},{\"@type\":\"WebPage\",\"@id\":\"https:\/\/now-news.de\/de\/deutschland\/sacharowa-ueber-kritik-an-medienarbeit-in-suedamerika-usa-ruecken-sich-selbst-ins-schlechte-licht\/\",\"url\":\"https:\/\/now-news.de\/de\/deutschland\/sacharowa-ueber-kritik-an-medienarbeit-in-suedamerika-usa-ruecken-sich-selbst-ins-schlechte-licht\/\",\"name\":\"Sacharowa \u00fcber Kritik an Medienarbeit in S\u00fcdamerika: &quot;USA r\u00fccken sich selbst ins schlechte Licht&quot; - just-now.NEWS Deutschland\",\"isPartOf\":{\"@id\":\"https:\/\/now-news.de\/de\/#website\"},\"primaryImageOfPage\":{\"@id\":\"https:\/\/now-news.de\/de\/deutschland\/sacharowa-ueber-kritik-an-medienarbeit-in-suedamerika-usa-ruecken-sich-selbst-ins-schlechte-licht\/#primaryimage\"},\"image\":{\"@id\":\"https:\/\/now-news.de\/de\/deutschland\/sacharowa-ueber-kritik-an-medienarbeit-in-suedamerika-usa-ruecken-sich-selbst-ins-schlechte-licht\/#primaryimage\"},\"thumbnailUrl\":\"https:\/\/now-news.de\/de\/wp-content\/uploads\/sites\/3\/2024\/03\/Sacharowa-ueber-Kritik-an-Medienarbeit-in-Suedamerika-quotUSA-ruecken-sich.jpg\",\"datePublished\":\"2024-03-13T11:05:54+00:00\",\"dateModified\":\"2024-03-13T11:05:54+00:00\",\"breadcrumb\":{\"@id\":\"https:\/\/now-news.de\/de\/deutschland\/sacharowa-ueber-kritik-an-medienarbeit-in-suedamerika-usa-ruecken-sich-selbst-ins-schlechte-licht\/#breadcrumb\"},\"inLanguage\":\"de\",\"potentialAction\":[{\"@type\":\"ReadAction\",\"target\":[\"https:\/\/now-news.de\/de\/deutschland\/sacharowa-ueber-kritik-an-medienarbeit-in-suedamerika-usa-ruecken-sich-selbst-ins-schlechte-licht\/\"]}]},{\"@type\":\"ImageObject\",\"inLanguage\":\"de\",\"@id\":\"https:\/\/now-news.de\/de\/deutschland\/sacharowa-ueber-kritik-an-medienarbeit-in-suedamerika-usa-ruecken-sich-selbst-ins-schlechte-licht\/#primaryimage\",\"url\":\"https:\/\/now-news.de\/de\/wp-content\/uploads\/sites\/3\/2024\/03\/Sacharowa-ueber-Kritik-an-Medienarbeit-in-Suedamerika-quotUSA-ruecken-sich.jpg\",\"contentUrl\":\"https:\/\/now-news.de\/de\/wp-content\/uploads\/sites\/3\/2024\/03\/Sacharowa-ueber-Kritik-an-Medienarbeit-in-Suedamerika-quotUSA-ruecken-sich.jpg\",\"width\":460,\"height\":259,\"caption\":\"Sacharowa \u00fcber Kritik an Medienarbeit in S\u00fcdamerika: &quot;USA r\u00fccken sich selbst ins schlechte Licht&quot;\"},{\"@type\":\"BreadcrumbList\",\"@id\":\"https:\/\/now-news.de\/de\/deutschland\/sacharowa-ueber-kritik-an-medienarbeit-in-suedamerika-usa-ruecken-sich-selbst-ins-schlechte-licht\/#breadcrumb\",\"itemListElement\":[{\"@type\":\"ListItem\",\"position\":1,\"name\":\"Home\",\"item\":\"https:\/\/now-news.de\/de\/\"},{\"@type\":\"ListItem\",\"position\":2,\"name\":\"Sacharowa \u00fcber Kritik an Medienarbeit in S\u00fcdamerika: &quot;USA r\u00fccken sich selbst ins schlechte Licht&quot;\"}]},{\"@type\":\"WebSite\",\"@id\":\"https:\/\/now-news.de\/de\/#website\",\"url\":\"https:\/\/now-news.de\/de\/\",\"name\":\"just-now.NEWS Deutschland\",\"description\":\"Das Portal f\u00fcr unzensierte Nachrichten aus der Welt\",\"publisher\":{\"@id\":\"https:\/\/now-news.de\/de\/#organization\"},\"potentialAction\":[{\"@type\":\"SearchAction\",\"target\":{\"@type\":\"EntryPoint\",\"urlTemplate\":\"https:\/\/now-news.de\/de\/?s={search_term_string}\"},\"query-input\":\"required name=search_term_string\"}],\"inLanguage\":\"de\"},{\"@type\":\"Organization\",\"@id\":\"https:\/\/now-news.de\/de\/#organization\",\"name\":\"Just Now News\",\"url\":\"https:\/\/now-news.de\/de\/\",\"logo\":{\"@type\":\"ImageObject\",\"inLanguage\":\"de\",\"@id\":\"https:\/\/now-news.de\/de\/#\/schema\/logo\/image\/\",\"url\":\"http:\/\/just-now.news\/de\/wp-content\/uploads\/sites\/3\/2022\/04\/logo500x500.jpg\",\"contentUrl\":\"http:\/\/just-now.news\/de\/wp-content\/uploads\/sites\/3\/2022\/04\/logo500x500.jpg\",\"width\":500,\"height\":500,\"caption\":\"Just Now News\"},\"image\":{\"@id\":\"https:\/\/now-news.de\/de\/#\/schema\/logo\/image\/\"},\"sameAs\":[\"https:\/\/www.facebook.com\/wirmachenauf\",\"https:\/\/x.com\/WirMachenAuf_de\"]},{\"@type\":\"Person\",\"@id\":\"https:\/\/now-news.de\/de\/#\/schema\/person\/fb534a4e865501d8b3285208df34a9b5\",\"name\":\"rtnews\",\"image\":{\"@type\":\"ImageObject\",\"inLanguage\":\"de\",\"@id\":\"https:\/\/now-news.de\/de\/#\/schema\/person\/image\/\",\"url\":\"https:\/\/secure.gravatar.com\/avatar\/82aafea7d8127119dd649515f56e2117?s=96&d=mm&r=g\",\"contentUrl\":\"https:\/\/secure.gravatar.com\/avatar\/82aafea7d8127119dd649515f56e2117?s=96&d=mm&r=g\",\"caption\":\"rtnews\"},\"url\":\"https:\/\/now-news.de\/de\/author\/rnews\/\"}]}<\/script>\n<!-- \/ Yoast SEO Premium plugin. -->","yoast_head_json":{"title":"Sacharowa \u00fcber Kritik an Medienarbeit in S\u00fcdamerika: &quot;USA r\u00fccken sich selbst ins schlechte Licht&quot; - just-now.NEWS Deutschland","robots":{"index":"index","follow":"follow","max-snippet":"max-snippet:-1","max-image-preview":"max-image-preview:large","max-video-preview":"max-video-preview:-1"},"canonical":"https:\/\/now-news.de\/de\/deutschland\/sacharowa-ueber-kritik-an-medienarbeit-in-suedamerika-usa-ruecken-sich-selbst-ins-schlechte-licht\/","og_locale":"de_DE","og_type":"article","og_title":"Sacharowa \u00fcber Kritik an Medienarbeit in S\u00fcdamerika: &quot;USA r\u00fccken sich selbst ins schlechte Licht&quot;","og_description":"Das russische Au\u00dfenministerium reagiert auf Beschwerden im US-Kongress \u00fcber Russlands Medienpr\u00e4senz in S\u00fcdamerika. In Moskau ist man der Ansicht, dass allein die Reden von US-Pr\u00e4sident Joe Biden ausreichen, um die USA beim Publikum in der Region negativ darzustellen. Laut Maria Sacharowa, der Sprecherin des russischen Au\u00dfenministeriums, muss Moskau kaum Zeit und M\u00fche aufwenden, um Washington [&hellip;]","og_url":"https:\/\/now-news.de\/de\/deutschland\/sacharowa-ueber-kritik-an-medienarbeit-in-suedamerika-usa-ruecken-sich-selbst-ins-schlechte-licht\/","og_site_name":"just-now.NEWS Deutschland","article_publisher":"https:\/\/www.facebook.com\/wirmachenauf","article_published_time":"2024-03-13T11:05:54+00:00","og_image":[{"width":460,"height":259,"url":"https:\/\/now-news.de\/de\/wp-content\/uploads\/sites\/3\/2024\/03\/Sacharowa-ueber-Kritik-an-Medienarbeit-in-Suedamerika-quotUSA-ruecken-sich.jpg","type":"image\/jpeg"}],"author":"rtnews","twitter_card":"summary_large_image","twitter_creator":"@WirMachenAuf_de","twitter_site":"@WirMachenAuf_de","twitter_misc":{"Verfasst von":"rtnews","Gesch\u00e4tzte Lesezeit":"2\u00a0Minuten"},"schema":{"@context":"https:\/\/schema.org","@graph":[{"@type":"Article","@id":"https:\/\/now-news.de\/de\/deutschland\/sacharowa-ueber-kritik-an-medienarbeit-in-suedamerika-usa-ruecken-sich-selbst-ins-schlechte-licht\/#article","isPartOf":{"@id":"https:\/\/now-news.de\/de\/deutschland\/sacharowa-ueber-kritik-an-medienarbeit-in-suedamerika-usa-ruecken-sich-selbst-ins-schlechte-licht\/"},"author":{"name":"rtnews","@id":"https:\/\/now-news.de\/de\/#\/schema\/person\/fb534a4e865501d8b3285208df34a9b5"},"headline":"Sacharowa \u00fcber Kritik an Medienarbeit in S\u00fcdamerika: &quot;USA r\u00fccken sich selbst ins schlechte Licht&quot;","datePublished":"2024-03-13T11:05:54+00:00","dateModified":"2024-03-13T11:05:54+00:00","mainEntityOfPage":{"@id":"https:\/\/now-news.de\/de\/deutschland\/sacharowa-ueber-kritik-an-medienarbeit-in-suedamerika-usa-ruecken-sich-selbst-ins-schlechte-licht\/"},"wordCount":353,"commentCount":0,"publisher":{"@id":"https:\/\/now-news.de\/de\/#organization"},"image":{"@id":"https:\/\/now-news.de\/de\/deutschland\/sacharowa-ueber-kritik-an-medienarbeit-in-suedamerika-usa-ruecken-sich-selbst-ins-schlechte-licht\/#primaryimage"},"thumbnailUrl":"https:\/\/now-news.de\/de\/wp-content\/uploads\/sites\/3\/2024\/03\/Sacharowa-ueber-Kritik-an-Medienarbeit-in-Suedamerika-quotUSA-ruecken-sich.jpg","keywords":["ins","Kritik","Lichtquot","Medienarbeit","quotUSA","r\u00fccken","Sacharowa","schlechte","selbst","sich","S\u00fcdamerika","\u00fcber"],"articleSection":["Deutschland","Russland"],"inLanguage":"de","potentialAction":[{"@type":"CommentAction","name":"Comment","target":["https:\/\/now-news.de\/de\/deutschland\/sacharowa-ueber-kritik-an-medienarbeit-in-suedamerika-usa-ruecken-sich-selbst-ins-schlechte-licht\/#respond"]}]},{"@type":"WebPage","@id":"https:\/\/now-news.de\/de\/deutschland\/sacharowa-ueber-kritik-an-medienarbeit-in-suedamerika-usa-ruecken-sich-selbst-ins-schlechte-licht\/","url":"https:\/\/now-news.de\/de\/deutschland\/sacharowa-ueber-kritik-an-medienarbeit-in-suedamerika-usa-ruecken-sich-selbst-ins-schlechte-licht\/","name":"Sacharowa \u00fcber Kritik an Medienarbeit in S\u00fcdamerika: &quot;USA r\u00fccken sich selbst ins schlechte Licht&quot; - just-now.NEWS Deutschland","isPartOf":{"@id":"https:\/\/now-news.de\/de\/#website"},"primaryImageOfPage":{"@id":"https:\/\/now-news.de\/de\/deutschland\/sacharowa-ueber-kritik-an-medienarbeit-in-suedamerika-usa-ruecken-sich-selbst-ins-schlechte-licht\/#primaryimage"},"image":{"@id":"https:\/\/now-news.de\/de\/deutschland\/sacharowa-ueber-kritik-an-medienarbeit-in-suedamerika-usa-ruecken-sich-selbst-ins-schlechte-licht\/#primaryimage"},"thumbnailUrl":"https:\/\/now-news.de\/de\/wp-content\/uploads\/sites\/3\/2024\/03\/Sacharowa-ueber-Kritik-an-Medienarbeit-in-Suedamerika-quotUSA-ruecken-sich.jpg","datePublished":"2024-03-13T11:05:54+00:00","dateModified":"2024-03-13T11:05:54+00:00","breadcrumb":{"@id":"https:\/\/now-news.de\/de\/deutschland\/sacharowa-ueber-kritik-an-medienarbeit-in-suedamerika-usa-ruecken-sich-selbst-ins-schlechte-licht\/#breadcrumb"},"inLanguage":"de","potentialAction":[{"@type":"ReadAction","target":["https:\/\/now-news.de\/de\/deutschland\/sacharowa-ueber-kritik-an-medienarbeit-in-suedamerika-usa-ruecken-sich-selbst-ins-schlechte-licht\/"]}]},{"@type":"ImageObject","inLanguage":"de","@id":"https:\/\/now-news.de\/de\/deutschland\/sacharowa-ueber-kritik-an-medienarbeit-in-suedamerika-usa-ruecken-sich-selbst-ins-schlechte-licht\/#primaryimage","url":"https:\/\/now-news.de\/de\/wp-content\/uploads\/sites\/3\/2024\/03\/Sacharowa-ueber-Kritik-an-Medienarbeit-in-Suedamerika-quotUSA-ruecken-sich.jpg","contentUrl":"https:\/\/now-news.de\/de\/wp-content\/uploads\/sites\/3\/2024\/03\/Sacharowa-ueber-Kritik-an-Medienarbeit-in-Suedamerika-quotUSA-ruecken-sich.jpg","width":460,"height":259,"caption":"Sacharowa \u00fcber Kritik an Medienarbeit in S\u00fcdamerika: &quot;USA r\u00fccken sich selbst ins schlechte Licht&quot;"},{"@type":"BreadcrumbList","@id":"https:\/\/now-news.de\/de\/deutschland\/sacharowa-ueber-kritik-an-medienarbeit-in-suedamerika-usa-ruecken-sich-selbst-ins-schlechte-licht\/#breadcrumb","itemListElement":[{"@type":"ListItem","position":1,"name":"Home","item":"https:\/\/now-news.de\/de\/"},{"@type":"ListItem","position":2,"name":"Sacharowa \u00fcber Kritik an Medienarbeit in S\u00fcdamerika: &quot;USA r\u00fccken sich selbst ins schlechte Licht&quot;"}]},{"@type":"WebSite","@id":"https:\/\/now-news.de\/de\/#website","url":"https:\/\/now-news.de\/de\/","name":"just-now.NEWS Deutschland","description":"Das Portal f\u00fcr unzensierte Nachrichten aus der Welt","publisher":{"@id":"https:\/\/now-news.de\/de\/#organization"},"potentialAction":[{"@type":"SearchAction","target":{"@type":"EntryPoint","urlTemplate":"https:\/\/now-news.de\/de\/?s={search_term_string}"},"query-input":"required name=search_term_string"}],"inLanguage":"de"},{"@type":"Organization","@id":"https:\/\/now-news.de\/de\/#organization","name":"Just Now News","url":"https:\/\/now-news.de\/de\/","logo":{"@type":"ImageObject","inLanguage":"de","@id":"https:\/\/now-news.de\/de\/#\/schema\/logo\/image\/","url":"http:\/\/just-now.news\/de\/wp-content\/uploads\/sites\/3\/2022\/04\/logo500x500.jpg","contentUrl":"http:\/\/just-now.news\/de\/wp-content\/uploads\/sites\/3\/2022\/04\/logo500x500.jpg","width":500,"height":500,"caption":"Just Now News"},"image":{"@id":"https:\/\/now-news.de\/de\/#\/schema\/logo\/image\/"},"sameAs":["https:\/\/www.facebook.com\/wirmachenauf","https:\/\/x.com\/WirMachenAuf_de"]},{"@type":"Person","@id":"https:\/\/now-news.de\/de\/#\/schema\/person\/fb534a4e865501d8b3285208df34a9b5","name":"rtnews","image":{"@type":"ImageObject","inLanguage":"de","@id":"https:\/\/now-news.de\/de\/#\/schema\/person\/image\/","url":"https:\/\/secure.gravatar.com\/avatar\/82aafea7d8127119dd649515f56e2117?s=96&d=mm&r=g","contentUrl":"https:\/\/secure.gravatar.com\/avatar\/82aafea7d8127119dd649515f56e2117?s=96&d=mm&r=g","caption":"rtnews"},"url":"https:\/\/now-news.de\/de\/author\/rnews\/"}]}},"_links":{"self":[{"href":"https:\/\/now-news.de\/de\/wp-json\/wp\/v2\/posts\/57018"}],"collection":[{"href":"https:\/\/now-news.de\/de\/wp-json\/wp\/v2\/posts"}],"about":[{"href":"https:\/\/now-news.de\/de\/wp-json\/wp\/v2\/types\/post"}],"author":[{"embeddable":true,"href":"https:\/\/now-news.de\/de\/wp-json\/wp\/v2\/users\/3"}],"replies":[{"embeddable":true,"href":"https:\/\/now-news.de\/de\/wp-json\/wp\/v2\/comments?post=57018"}],"version-history":[{"count":0,"href":"https:\/\/now-news.de\/de\/wp-json\/wp\/v2\/posts\/57018\/revisions"}],"wp:featuredmedia":[{"embeddable":true,"href":"https:\/\/now-news.de\/de\/wp-json\/wp\/v2\/media\/57019"}],"wp:attachment":[{"href":"https:\/\/now-news.de\/de\/wp-json\/wp\/v2\/media?parent=57018"}],"wp:term":[{"taxonomy":"category","embeddable":true,"href":"https:\/\/now-news.de\/de\/wp-json\/wp\/v2\/categories?post=57018"},{"taxonomy":"post_tag","embeddable":true,"href":"https:\/\/now-news.de\/de\/wp-json\/wp\/v2\/tags?post=57018"}],"curies":[{"name":"wp","href":"https:\/\/api.w.org\/{rel}","templated":true}]}}