{"id":56972,"date":"2024-03-12T18:05:30","date_gmt":"2024-03-12T16:05:30","guid":{"rendered":"https:\/\/just-now.news\/de\/deutschland\/schweden-will-keine-dauerhaften-nato-stuetzpunkte-auf-seinem-gebiet\/"},"modified":"2024-03-12T18:05:30","modified_gmt":"2024-03-12T16:05:30","slug":"schweden-will-keine-dauerhaften-nato-stuetzpunkte-auf-seinem-gebiet","status":"publish","type":"post","link":"https:\/\/now-news.de\/de\/deutschland\/schweden-will-keine-dauerhaften-nato-stuetzpunkte-auf-seinem-gebiet\/","title":{"rendered":"Schweden will keine dauerhaften NATO-St\u00fctzpunkte auf seinem Gebiet"},"content":{"rendered":"<p><img decoding=\"async\" src=\"http:\/\/just-now.news\/de\/wp-content\/uploads\/sites\/3\/2024\/03\/65f02e71b480cc17ec30fc3c.jpg\" \/><\/p>\n<div class=\"Text-root Text-type_1 \">\n                Laut Tobias Billstr\u00f6m, dem Au\u00dfenminister des neuen\u00a0NATO-Mitglieds\u00a0Schweden, ist es selbstverst\u00e4ndlich, dass die Truppen des B\u00fcndnisses k\u00fcnftig im Land operieren werden. Dauerhafte Basen auf dem Staatsgebiet wolle man aber keine, betonte der Minister in einem Interview.\n            <\/div>\n<p><\/p>\n<div class=\"Text-root Text-type_5 ArticleView-text ViewText-root \">\n<p>Vor dem Hauptquartier der NATO in Br\u00fcssel wurde am Montag zum ersten Mal die schwedische Flagge gehisst. Nach der Zeremonie soll der schwedische Au\u00dfenminister Tobias Billstr\u00f6m ein Interview der t\u00fcrkischen Nachrichtenagentur <em>Anadolu<\/em> gegeben haben. Wie es hei\u00dft, sprach er sich im Gespr\u00e4ch unter anderem gegen eine fortw\u00e4hrende NATO-Pr\u00e4senz auf Schwedens\u00a0Staatsgebiet aus. Bereits vor dem Beitritt zu dem B\u00fcndnis habe sein Land an den gemeinsamen Operationen teilgenommen, sagte Billstr\u00f6m. Hierbei <a rel=\"nofollow noopener\" target=\"_blank\" href=\"https:\/\/www.aa.com.tr\/tr\/dunya\/isvec-disisleri-bakani-billstrom-elbette-isvecte-nato-birlikleri-faaliyet-gosterecek-ancak-kalici-us-istemiyoruz\/3162110\">zitiert<\/a> ihn <em>Anadolu<\/em> wie folgt:<\/p>\n<blockquote>\n<p><em>&#8220;Nat\u00fcrlich werden NATO-Truppen in Schweden operieren. Wir wollen jedoch keine dauerhaften NATO-St\u00fctzpunkte.&#8221;<\/em><\/p>\n<\/blockquote>\n<p>Dar\u00fcber hinaus soll Billstr\u00f6m erkl\u00e4rt haben, dass Schweden grunds\u00e4tzlich auch bereit sei, Truppen in andere Partnerstaaten zu entsenden. In diesem Zusammenhang gab er an, dass man dabei sei, die Entsendung eines mechanisierten Bataillons nach Lettland vorzubereiten.<\/p>\n<p>Des Weiteren best\u00e4tigte der Diplomat, dass Schweden die Stationierung von Nuklearwaffen auf seinem Staatsgebiet\u00a0ablehnen w\u00fcrde. &#8220;Wir sehen keinen Grund, in Friedenszeiten Atomwaffen auf unserem Territorium zu haben&#8221;, betonte der Au\u00dfenminister gegen\u00fcber <em>Anadolu<\/em>. Nat\u00fcrlich sei kein NATO-Mitglied verpflichtet, gegen seinen Willen Atomwaffen zu besitzen. Billstr\u00f6m\u00a0stellte hinzu fest, man sei sich dar\u00fcber im Klaren, dass Atomwaffen Teil der Verteidigungsdoktrin der NATO seien. Schweden sei aber dem B\u00fcndnis beigetreten, ohne diesbez\u00fcgliche Vorbedingungen zu haben.<\/p>\n<p>In den vergangenen Jahren hat Moskau wiederholt seine Besorgnis \u00fcber den Aufbau von NATO-Streitkr\u00e4ften in Europa zum Ausdruck gebracht. Br\u00fcssel weist seinerseits auf die Notwendigkeit hin, &#8220;die russische Aggression einzud\u00e4mmen&#8221;. Russlands Pr\u00e4sident Wladimir Putin hatte jedoch wiederholt betont, dass sein Land nicht die Absicht habe, NATO-Staaten anzugreifen. Westlichen Politikern warf er zugleich vor, die Bev\u00f6lkerung in ihren L\u00e4ndern regelm\u00e4\u00dfig mit einer imagin\u00e4ren Bedrohung durch Russland einzusch\u00fcchtern, um die Menschen von innenpolitischen Problemen abzulenken.<\/p>\n<p>Laut Putin kommen die westlichen Staaten zu der Einsicht, dass es unm\u00f6glich sei, Russland eine strategische Niederlage im Konflikt mit der Ukraine zuzuf\u00fcgen. Daher handele der Westen richtig, wenn er \u00fcber seine weitere Politik nachdenken w\u00fcrde, so der russische Staatschef. Moskau sei laut Putin zum Dialog bereit.<\/p>\n<p><strong>Mehr zum Thema<\/strong> &#8211; <a rel=\"nofollow noopener\" target=\"_blank\" href=\"https:\/\/freedert.online\/kurzclips\/video\/198726-allianz-fuer-frieden-und-linie\/\">&#8220;Allianz f\u00fcr den Frieden und Linie f\u00fcr die Freiheit&#8221; \u2013 Schweden ist NATO-Mitglied<\/a><\/p>\n<\/div>\n<p><br \/>\n<br \/><a href=\"https:\/\/de.rt.com\/europa\/199092-schweden-will-keine-dauerhaften-nato\/\">Source link <\/a><\/p>\n","protected":false},"excerpt":{"rendered":"<p>Laut Tobias Billstr\u00f6m, dem Au\u00dfenminister des neuen\u00a0NATO-Mitglieds\u00a0Schweden, ist es selbstverst\u00e4ndlich, dass die Truppen des B\u00fcndnisses k\u00fcnftig im Land operieren werden. Dauerhafte Basen auf dem Staatsgebiet wolle man aber keine, betonte der Minister in einem Interview. Vor dem Hauptquartier der NATO in Br\u00fcssel wurde am Montag zum ersten Mal die schwedische Flagge gehisst. Nach der Zeremonie [&hellip;]<\/p>\n","protected":false},"author":3,"featured_media":56973,"comment_status":"open","ping_status":"open","sticky":false,"template":"","format":"standard","meta":{"_yoast_indexnow_last_ping":["1710263918"],"wp_automatic_camp":["217"],"e1f47e76ec6a1694ef413ba5d4f42cf7":["Schweden will keine dauerhaften NATO-St\u00fctzpunkte auf seinem Gebiet"],"original_link":["https:\/\/de.rt.com\/europa\/199092-schweden-will-keine-dauerhaften-nato\/"],"_thumbnail_id":["56973"],"jnews_social_counter_last_update":["1777714159"],"_wptgpro_p2tg_sent2tg":["a:1:{i:23737;s:19:\"2024-03-12 19:20:04\";}"]},"categories":[19,23],"tags":[133,23221,23009,375,20926,599,4258],"yoast_head":"<!-- This site is optimized with the Yoast SEO Premium plugin v22.7 (Yoast SEO v22.7) - https:\/\/yoast.com\/wordpress\/plugins\/seo\/ -->\n<title>Schweden will keine dauerhaften NATO-St\u00fctzpunkte auf seinem Gebiet - just-now.NEWS Deutschland<\/title>\n<meta name=\"robots\" content=\"index, follow, max-snippet:-1, max-image-preview:large, max-video-preview:-1\" \/>\n<link rel=\"canonical\" href=\"https:\/\/now-news.de\/de\/deutschland\/schweden-will-keine-dauerhaften-nato-stuetzpunkte-auf-seinem-gebiet\/\" \/>\n<meta property=\"og:locale\" content=\"de_DE\" \/>\n<meta property=\"og:type\" content=\"article\" \/>\n<meta property=\"og:title\" content=\"Schweden will keine dauerhaften NATO-St\u00fctzpunkte auf seinem Gebiet\" \/>\n<meta property=\"og:description\" content=\"Laut Tobias Billstr\u00f6m, dem Au\u00dfenminister des neuen\u00a0NATO-Mitglieds\u00a0Schweden, ist es selbstverst\u00e4ndlich, dass die Truppen des B\u00fcndnisses k\u00fcnftig im Land operieren werden. Dauerhafte Basen auf dem Staatsgebiet wolle man aber keine, betonte der Minister in einem Interview. Vor dem Hauptquartier der NATO in Br\u00fcssel wurde am Montag zum ersten Mal die schwedische Flagge gehisst. Nach der Zeremonie [&hellip;]\" \/>\n<meta property=\"og:url\" content=\"https:\/\/now-news.de\/de\/deutschland\/schweden-will-keine-dauerhaften-nato-stuetzpunkte-auf-seinem-gebiet\/\" \/>\n<meta property=\"og:site_name\" content=\"just-now.NEWS Deutschland\" \/>\n<meta property=\"article:publisher\" content=\"https:\/\/www.facebook.com\/wirmachenauf\" \/>\n<meta property=\"article:published_time\" content=\"2024-03-12T16:05:30+00:00\" \/>\n<meta property=\"og:image\" content=\"https:\/\/now-news.de\/de\/wp-content\/uploads\/sites\/3\/2024\/03\/Schweden-will-keine-dauerhaften-NATO-Stuetzpunkte-auf-seinem-Gebiet.jpg\" \/>\n\t<meta property=\"og:image:width\" content=\"460\" \/>\n\t<meta property=\"og:image:height\" content=\"259\" \/>\n\t<meta property=\"og:image:type\" content=\"image\/jpeg\" \/>\n<meta name=\"author\" content=\"rtnews\" \/>\n<meta name=\"twitter:card\" content=\"summary_large_image\" \/>\n<meta name=\"twitter:creator\" content=\"@WirMachenAuf_de\" \/>\n<meta name=\"twitter:site\" content=\"@WirMachenAuf_de\" \/>\n<meta name=\"twitter:label1\" content=\"Verfasst von\" \/>\n\t<meta name=\"twitter:data1\" content=\"rtnews\" \/>\n\t<meta name=\"twitter:label2\" content=\"Gesch\u00e4tzte Lesezeit\" \/>\n\t<meta name=\"twitter:data2\" content=\"2\u00a0Minuten\" \/>\n<script type=\"application\/ld+json\" class=\"yoast-schema-graph\">{\"@context\":\"https:\/\/schema.org\",\"@graph\":[{\"@type\":\"Article\",\"@id\":\"https:\/\/now-news.de\/de\/deutschland\/schweden-will-keine-dauerhaften-nato-stuetzpunkte-auf-seinem-gebiet\/#article\",\"isPartOf\":{\"@id\":\"https:\/\/now-news.de\/de\/deutschland\/schweden-will-keine-dauerhaften-nato-stuetzpunkte-auf-seinem-gebiet\/\"},\"author\":{\"name\":\"rtnews\",\"@id\":\"https:\/\/now-news.de\/de\/#\/schema\/person\/fb534a4e865501d8b3285208df34a9b5\"},\"headline\":\"Schweden will keine dauerhaften NATO-St\u00fctzpunkte auf seinem Gebiet\",\"datePublished\":\"2024-03-12T16:05:30+00:00\",\"dateModified\":\"2024-03-12T16:05:30+00:00\",\"mainEntityOfPage\":{\"@id\":\"https:\/\/now-news.de\/de\/deutschland\/schweden-will-keine-dauerhaften-nato-stuetzpunkte-auf-seinem-gebiet\/\"},\"wordCount\":425,\"commentCount\":0,\"publisher\":{\"@id\":\"https:\/\/now-news.de\/de\/#organization\"},\"image\":{\"@id\":\"https:\/\/now-news.de\/de\/deutschland\/schweden-will-keine-dauerhaften-nato-stuetzpunkte-auf-seinem-gebiet\/#primaryimage\"},\"thumbnailUrl\":\"https:\/\/now-news.de\/de\/wp-content\/uploads\/sites\/3\/2024\/03\/Schweden-will-keine-dauerhaften-NATO-Stuetzpunkte-auf-seinem-Gebiet.jpg\",\"keywords\":[\"AUF\",\"dauerhaften\",\"Gebiet\",\"keine\",\"NATOSt\u00fctzpunkte\",\"Schweden\",\"seinem\"],\"articleSection\":[\"Deutschland\",\"Russland\"],\"inLanguage\":\"de\",\"potentialAction\":[{\"@type\":\"CommentAction\",\"name\":\"Comment\",\"target\":[\"https:\/\/now-news.de\/de\/deutschland\/schweden-will-keine-dauerhaften-nato-stuetzpunkte-auf-seinem-gebiet\/#respond\"]}]},{\"@type\":\"WebPage\",\"@id\":\"https:\/\/now-news.de\/de\/deutschland\/schweden-will-keine-dauerhaften-nato-stuetzpunkte-auf-seinem-gebiet\/\",\"url\":\"https:\/\/now-news.de\/de\/deutschland\/schweden-will-keine-dauerhaften-nato-stuetzpunkte-auf-seinem-gebiet\/\",\"name\":\"Schweden will keine dauerhaften NATO-St\u00fctzpunkte auf seinem Gebiet - just-now.NEWS Deutschland\",\"isPartOf\":{\"@id\":\"https:\/\/now-news.de\/de\/#website\"},\"primaryImageOfPage\":{\"@id\":\"https:\/\/now-news.de\/de\/deutschland\/schweden-will-keine-dauerhaften-nato-stuetzpunkte-auf-seinem-gebiet\/#primaryimage\"},\"image\":{\"@id\":\"https:\/\/now-news.de\/de\/deutschland\/schweden-will-keine-dauerhaften-nato-stuetzpunkte-auf-seinem-gebiet\/#primaryimage\"},\"thumbnailUrl\":\"https:\/\/now-news.de\/de\/wp-content\/uploads\/sites\/3\/2024\/03\/Schweden-will-keine-dauerhaften-NATO-Stuetzpunkte-auf-seinem-Gebiet.jpg\",\"datePublished\":\"2024-03-12T16:05:30+00:00\",\"dateModified\":\"2024-03-12T16:05:30+00:00\",\"breadcrumb\":{\"@id\":\"https:\/\/now-news.de\/de\/deutschland\/schweden-will-keine-dauerhaften-nato-stuetzpunkte-auf-seinem-gebiet\/#breadcrumb\"},\"inLanguage\":\"de\",\"potentialAction\":[{\"@type\":\"ReadAction\",\"target\":[\"https:\/\/now-news.de\/de\/deutschland\/schweden-will-keine-dauerhaften-nato-stuetzpunkte-auf-seinem-gebiet\/\"]}]},{\"@type\":\"ImageObject\",\"inLanguage\":\"de\",\"@id\":\"https:\/\/now-news.de\/de\/deutschland\/schweden-will-keine-dauerhaften-nato-stuetzpunkte-auf-seinem-gebiet\/#primaryimage\",\"url\":\"https:\/\/now-news.de\/de\/wp-content\/uploads\/sites\/3\/2024\/03\/Schweden-will-keine-dauerhaften-NATO-Stuetzpunkte-auf-seinem-Gebiet.jpg\",\"contentUrl\":\"https:\/\/now-news.de\/de\/wp-content\/uploads\/sites\/3\/2024\/03\/Schweden-will-keine-dauerhaften-NATO-Stuetzpunkte-auf-seinem-Gebiet.jpg\",\"width\":460,\"height\":259,\"caption\":\"Schweden will keine dauerhaften NATO-St\u00fctzpunkte auf seinem Gebiet\"},{\"@type\":\"BreadcrumbList\",\"@id\":\"https:\/\/now-news.de\/de\/deutschland\/schweden-will-keine-dauerhaften-nato-stuetzpunkte-auf-seinem-gebiet\/#breadcrumb\",\"itemListElement\":[{\"@type\":\"ListItem\",\"position\":1,\"name\":\"Home\",\"item\":\"https:\/\/now-news.de\/de\/\"},{\"@type\":\"ListItem\",\"position\":2,\"name\":\"Schweden will keine dauerhaften NATO-St\u00fctzpunkte auf seinem Gebiet\"}]},{\"@type\":\"WebSite\",\"@id\":\"https:\/\/now-news.de\/de\/#website\",\"url\":\"https:\/\/now-news.de\/de\/\",\"name\":\"just-now.NEWS Deutschland\",\"description\":\"Das Portal f\u00fcr unzensierte Nachrichten aus der Welt\",\"publisher\":{\"@id\":\"https:\/\/now-news.de\/de\/#organization\"},\"potentialAction\":[{\"@type\":\"SearchAction\",\"target\":{\"@type\":\"EntryPoint\",\"urlTemplate\":\"https:\/\/now-news.de\/de\/?s={search_term_string}\"},\"query-input\":\"required name=search_term_string\"}],\"inLanguage\":\"de\"},{\"@type\":\"Organization\",\"@id\":\"https:\/\/now-news.de\/de\/#organization\",\"name\":\"Just Now News\",\"url\":\"https:\/\/now-news.de\/de\/\",\"logo\":{\"@type\":\"ImageObject\",\"inLanguage\":\"de\",\"@id\":\"https:\/\/now-news.de\/de\/#\/schema\/logo\/image\/\",\"url\":\"http:\/\/just-now.news\/de\/wp-content\/uploads\/sites\/3\/2022\/04\/logo500x500.jpg\",\"contentUrl\":\"http:\/\/just-now.news\/de\/wp-content\/uploads\/sites\/3\/2022\/04\/logo500x500.jpg\",\"width\":500,\"height\":500,\"caption\":\"Just Now News\"},\"image\":{\"@id\":\"https:\/\/now-news.de\/de\/#\/schema\/logo\/image\/\"},\"sameAs\":[\"https:\/\/www.facebook.com\/wirmachenauf\",\"https:\/\/x.com\/WirMachenAuf_de\"]},{\"@type\":\"Person\",\"@id\":\"https:\/\/now-news.de\/de\/#\/schema\/person\/fb534a4e865501d8b3285208df34a9b5\",\"name\":\"rtnews\",\"image\":{\"@type\":\"ImageObject\",\"inLanguage\":\"de\",\"@id\":\"https:\/\/now-news.de\/de\/#\/schema\/person\/image\/\",\"url\":\"https:\/\/secure.gravatar.com\/avatar\/82aafea7d8127119dd649515f56e2117?s=96&d=mm&r=g\",\"contentUrl\":\"https:\/\/secure.gravatar.com\/avatar\/82aafea7d8127119dd649515f56e2117?s=96&d=mm&r=g\",\"caption\":\"rtnews\"},\"url\":\"https:\/\/now-news.de\/de\/author\/rnews\/\"}]}<\/script>\n<!-- \/ Yoast SEO Premium plugin. -->","yoast_head_json":{"title":"Schweden will keine dauerhaften NATO-St\u00fctzpunkte auf seinem Gebiet - just-now.NEWS Deutschland","robots":{"index":"index","follow":"follow","max-snippet":"max-snippet:-1","max-image-preview":"max-image-preview:large","max-video-preview":"max-video-preview:-1"},"canonical":"https:\/\/now-news.de\/de\/deutschland\/schweden-will-keine-dauerhaften-nato-stuetzpunkte-auf-seinem-gebiet\/","og_locale":"de_DE","og_type":"article","og_title":"Schweden will keine dauerhaften NATO-St\u00fctzpunkte auf seinem Gebiet","og_description":"Laut Tobias Billstr\u00f6m, dem Au\u00dfenminister des neuen\u00a0NATO-Mitglieds\u00a0Schweden, ist es selbstverst\u00e4ndlich, dass die Truppen des B\u00fcndnisses k\u00fcnftig im Land operieren werden. Dauerhafte Basen auf dem Staatsgebiet wolle man aber keine, betonte der Minister in einem Interview. Vor dem Hauptquartier der NATO in Br\u00fcssel wurde am Montag zum ersten Mal die schwedische Flagge gehisst. Nach der Zeremonie [&hellip;]","og_url":"https:\/\/now-news.de\/de\/deutschland\/schweden-will-keine-dauerhaften-nato-stuetzpunkte-auf-seinem-gebiet\/","og_site_name":"just-now.NEWS Deutschland","article_publisher":"https:\/\/www.facebook.com\/wirmachenauf","article_published_time":"2024-03-12T16:05:30+00:00","og_image":[{"width":460,"height":259,"url":"https:\/\/now-news.de\/de\/wp-content\/uploads\/sites\/3\/2024\/03\/Schweden-will-keine-dauerhaften-NATO-Stuetzpunkte-auf-seinem-Gebiet.jpg","type":"image\/jpeg"}],"author":"rtnews","twitter_card":"summary_large_image","twitter_creator":"@WirMachenAuf_de","twitter_site":"@WirMachenAuf_de","twitter_misc":{"Verfasst von":"rtnews","Gesch\u00e4tzte Lesezeit":"2\u00a0Minuten"},"schema":{"@context":"https:\/\/schema.org","@graph":[{"@type":"Article","@id":"https:\/\/now-news.de\/de\/deutschland\/schweden-will-keine-dauerhaften-nato-stuetzpunkte-auf-seinem-gebiet\/#article","isPartOf":{"@id":"https:\/\/now-news.de\/de\/deutschland\/schweden-will-keine-dauerhaften-nato-stuetzpunkte-auf-seinem-gebiet\/"},"author":{"name":"rtnews","@id":"https:\/\/now-news.de\/de\/#\/schema\/person\/fb534a4e865501d8b3285208df34a9b5"},"headline":"Schweden will keine dauerhaften NATO-St\u00fctzpunkte auf seinem Gebiet","datePublished":"2024-03-12T16:05:30+00:00","dateModified":"2024-03-12T16:05:30+00:00","mainEntityOfPage":{"@id":"https:\/\/now-news.de\/de\/deutschland\/schweden-will-keine-dauerhaften-nato-stuetzpunkte-auf-seinem-gebiet\/"},"wordCount":425,"commentCount":0,"publisher":{"@id":"https:\/\/now-news.de\/de\/#organization"},"image":{"@id":"https:\/\/now-news.de\/de\/deutschland\/schweden-will-keine-dauerhaften-nato-stuetzpunkte-auf-seinem-gebiet\/#primaryimage"},"thumbnailUrl":"https:\/\/now-news.de\/de\/wp-content\/uploads\/sites\/3\/2024\/03\/Schweden-will-keine-dauerhaften-NATO-Stuetzpunkte-auf-seinem-Gebiet.jpg","keywords":["AUF","dauerhaften","Gebiet","keine","NATOSt\u00fctzpunkte","Schweden","seinem"],"articleSection":["Deutschland","Russland"],"inLanguage":"de","potentialAction":[{"@type":"CommentAction","name":"Comment","target":["https:\/\/now-news.de\/de\/deutschland\/schweden-will-keine-dauerhaften-nato-stuetzpunkte-auf-seinem-gebiet\/#respond"]}]},{"@type":"WebPage","@id":"https:\/\/now-news.de\/de\/deutschland\/schweden-will-keine-dauerhaften-nato-stuetzpunkte-auf-seinem-gebiet\/","url":"https:\/\/now-news.de\/de\/deutschland\/schweden-will-keine-dauerhaften-nato-stuetzpunkte-auf-seinem-gebiet\/","name":"Schweden will keine dauerhaften NATO-St\u00fctzpunkte auf seinem Gebiet - just-now.NEWS Deutschland","isPartOf":{"@id":"https:\/\/now-news.de\/de\/#website"},"primaryImageOfPage":{"@id":"https:\/\/now-news.de\/de\/deutschland\/schweden-will-keine-dauerhaften-nato-stuetzpunkte-auf-seinem-gebiet\/#primaryimage"},"image":{"@id":"https:\/\/now-news.de\/de\/deutschland\/schweden-will-keine-dauerhaften-nato-stuetzpunkte-auf-seinem-gebiet\/#primaryimage"},"thumbnailUrl":"https:\/\/now-news.de\/de\/wp-content\/uploads\/sites\/3\/2024\/03\/Schweden-will-keine-dauerhaften-NATO-Stuetzpunkte-auf-seinem-Gebiet.jpg","datePublished":"2024-03-12T16:05:30+00:00","dateModified":"2024-03-12T16:05:30+00:00","breadcrumb":{"@id":"https:\/\/now-news.de\/de\/deutschland\/schweden-will-keine-dauerhaften-nato-stuetzpunkte-auf-seinem-gebiet\/#breadcrumb"},"inLanguage":"de","potentialAction":[{"@type":"ReadAction","target":["https:\/\/now-news.de\/de\/deutschland\/schweden-will-keine-dauerhaften-nato-stuetzpunkte-auf-seinem-gebiet\/"]}]},{"@type":"ImageObject","inLanguage":"de","@id":"https:\/\/now-news.de\/de\/deutschland\/schweden-will-keine-dauerhaften-nato-stuetzpunkte-auf-seinem-gebiet\/#primaryimage","url":"https:\/\/now-news.de\/de\/wp-content\/uploads\/sites\/3\/2024\/03\/Schweden-will-keine-dauerhaften-NATO-Stuetzpunkte-auf-seinem-Gebiet.jpg","contentUrl":"https:\/\/now-news.de\/de\/wp-content\/uploads\/sites\/3\/2024\/03\/Schweden-will-keine-dauerhaften-NATO-Stuetzpunkte-auf-seinem-Gebiet.jpg","width":460,"height":259,"caption":"Schweden will keine dauerhaften NATO-St\u00fctzpunkte auf seinem Gebiet"},{"@type":"BreadcrumbList","@id":"https:\/\/now-news.de\/de\/deutschland\/schweden-will-keine-dauerhaften-nato-stuetzpunkte-auf-seinem-gebiet\/#breadcrumb","itemListElement":[{"@type":"ListItem","position":1,"name":"Home","item":"https:\/\/now-news.de\/de\/"},{"@type":"ListItem","position":2,"name":"Schweden will keine dauerhaften NATO-St\u00fctzpunkte auf seinem Gebiet"}]},{"@type":"WebSite","@id":"https:\/\/now-news.de\/de\/#website","url":"https:\/\/now-news.de\/de\/","name":"just-now.NEWS Deutschland","description":"Das Portal f\u00fcr unzensierte Nachrichten aus der Welt","publisher":{"@id":"https:\/\/now-news.de\/de\/#organization"},"potentialAction":[{"@type":"SearchAction","target":{"@type":"EntryPoint","urlTemplate":"https:\/\/now-news.de\/de\/?s={search_term_string}"},"query-input":"required name=search_term_string"}],"inLanguage":"de"},{"@type":"Organization","@id":"https:\/\/now-news.de\/de\/#organization","name":"Just Now News","url":"https:\/\/now-news.de\/de\/","logo":{"@type":"ImageObject","inLanguage":"de","@id":"https:\/\/now-news.de\/de\/#\/schema\/logo\/image\/","url":"http:\/\/just-now.news\/de\/wp-content\/uploads\/sites\/3\/2022\/04\/logo500x500.jpg","contentUrl":"http:\/\/just-now.news\/de\/wp-content\/uploads\/sites\/3\/2022\/04\/logo500x500.jpg","width":500,"height":500,"caption":"Just Now News"},"image":{"@id":"https:\/\/now-news.de\/de\/#\/schema\/logo\/image\/"},"sameAs":["https:\/\/www.facebook.com\/wirmachenauf","https:\/\/x.com\/WirMachenAuf_de"]},{"@type":"Person","@id":"https:\/\/now-news.de\/de\/#\/schema\/person\/fb534a4e865501d8b3285208df34a9b5","name":"rtnews","image":{"@type":"ImageObject","inLanguage":"de","@id":"https:\/\/now-news.de\/de\/#\/schema\/person\/image\/","url":"https:\/\/secure.gravatar.com\/avatar\/82aafea7d8127119dd649515f56e2117?s=96&d=mm&r=g","contentUrl":"https:\/\/secure.gravatar.com\/avatar\/82aafea7d8127119dd649515f56e2117?s=96&d=mm&r=g","caption":"rtnews"},"url":"https:\/\/now-news.de\/de\/author\/rnews\/"}]}},"_links":{"self":[{"href":"https:\/\/now-news.de\/de\/wp-json\/wp\/v2\/posts\/56972"}],"collection":[{"href":"https:\/\/now-news.de\/de\/wp-json\/wp\/v2\/posts"}],"about":[{"href":"https:\/\/now-news.de\/de\/wp-json\/wp\/v2\/types\/post"}],"author":[{"embeddable":true,"href":"https:\/\/now-news.de\/de\/wp-json\/wp\/v2\/users\/3"}],"replies":[{"embeddable":true,"href":"https:\/\/now-news.de\/de\/wp-json\/wp\/v2\/comments?post=56972"}],"version-history":[{"count":0,"href":"https:\/\/now-news.de\/de\/wp-json\/wp\/v2\/posts\/56972\/revisions"}],"wp:featuredmedia":[{"embeddable":true,"href":"https:\/\/now-news.de\/de\/wp-json\/wp\/v2\/media\/56973"}],"wp:attachment":[{"href":"https:\/\/now-news.de\/de\/wp-json\/wp\/v2\/media?parent=56972"}],"wp:term":[{"taxonomy":"category","embeddable":true,"href":"https:\/\/now-news.de\/de\/wp-json\/wp\/v2\/categories?post=56972"},{"taxonomy":"post_tag","embeddable":true,"href":"https:\/\/now-news.de\/de\/wp-json\/wp\/v2\/tags?post=56972"}],"curies":[{"name":"wp","href":"https:\/\/api.w.org\/{rel}","templated":true}]}}