{"id":56923,"date":"2024-03-11T22:41:56","date_gmt":"2024-03-11T20:41:56","guid":{"rendered":"https:\/\/just-now.news\/de\/deutschland\/goebbels-waere-neidisch-sacharowa-wirft-estnischem-aussenministerium-sympathie-fuer-hitleristen-vor\/"},"modified":"2024-03-11T22:41:56","modified_gmt":"2024-03-11T20:41:56","slug":"goebbels-waere-neidisch-sacharowa-wirft-estnischem-aussenministerium-sympathie-fuer-hitleristen-vor","status":"publish","type":"post","link":"https:\/\/now-news.de\/de\/deutschland\/goebbels-waere-neidisch-sacharowa-wirft-estnischem-aussenministerium-sympathie-fuer-hitleristen-vor\/","title":{"rendered":"&quot;Goebbels w\u00e4re neidisch&quot; \u2013 Sacharowa wirft estnischem Au\u00dfenministerium Sympathie f\u00fcr Hitleristen vor"},"content":{"rendered":"<div class=\"Text-root Text-type_1 \">\n                Einen infamen historischen Vergleich des estnischen Au\u00dfenministeriums konnte Maria Sacharowa nicht auf sich beruhen lassen \u2013 sie warf Estland Sympathie f\u00fcr Hitler-Deutschland vor.\n            <\/div>\n<p><\/p>\n<div class=\"Text-root Text-type_5 ArticleView-text ViewText-root \">\n<p>Am Sonntag <a rel=\"nofollow noopener\" target=\"_blank\" href=\"https:\/\/twitter.com\/MFAestonia\/status\/1766352612733923695\">postete <\/a>das estnische Au\u00dfenministerium auf der Plattform X mehrere historische Fotos, welche die angebliche Verw\u00fcstung Tallinns nach dem sowjetischen Luftangriff am 10. M\u00e4rz 1944 zeigen sollen. &#8220;Heute vor 80 Jahren wurde Tallinn durch die M\u00e4rz-Bombardements verw\u00fcstet, die \u00fcber Nacht ein Viertel der Stadt zerst\u00f6rten. Bis zu 300 russische Flugzeuge bombardierten uns und ihre Hauptziele waren Wohnviertel und kulturelle Sehensw\u00fcrdigkeiten. Das russische Vorgehen in der Ukraine ist heute dasselbe&#8221;, schrieb die Beh\u00f6rde dazu.<\/p>\n<p>Der Propaganda-Coup der Esten war erfolgreich: Auf X sorgte das Posting mit knapp 4 Millionen Zugriffen f\u00fcr Aufsehen. Die Sprecherin des russischen Au\u00dfenministeriums, Maria Sacharowa, sah sich veranlasst, auf die Ver\u00f6ffentlichung mit einer Gegendarstellung auf Telegram im Umfang eines Artikels zu <a rel=\"nofollow noopener\" target=\"_blank\" href=\"https:\/\/t.me\/MariaVladimirovnaZakharova\/7265\">antworten<\/a>. Sie warf Estland vor, in die Fu\u00dfstapfen der Nazi-Propaganda zu treten:\u00a0Es sei kein Geheimnis, dass sich die modernen estnischen Beh\u00f6rden mit Hitleristen verb\u00fcnden w\u00fcrden, und selbst Goebbels w\u00fcrde sie um den Grad ihrer manischen Russophobie beneiden.<\/p>\n<div class=\"EmbedBlock-root EmbedBlock-twitter\">\n<div class=\"TwitterEmbed\">\n<blockquote class=\"twitter-tweet lazyload\" data-twitter=\"twitter-tweet\">\n<p lang=\"en\" dir=\"ltr\">Today, 80 years ago <a rel=\"nofollow noopener\" target=\"_blank\" href=\"https:\/\/twitter.com\/hashtag\/Tallinn?src=hash&amp;ref_src=twsrc%5Etfw\">#Tallinn<\/a> \ud83c\uddea\ud83c\uddea was devastated by the March bombings, which destroyed a quarter of the city overnight.Up to 300 Russian aircrafts were bombing us &amp; their primary targets were residential districts &amp; cultural landmarks.Russian playbook is the same today in \ud83c\uddfa\ud83c\udde6\ud83e\uddf5 <a rel=\"nofollow noopener\" target=\"_blank\" href=\"https:\/\/t.co\/kWNB5Pd2td\">pic.twitter.com\/kWNB5Pd2td<\/a><\/p>\n<p>\u2014 Estonian MFA \ud83c\uddea\ud83c\uddea | \ud83c\udf3b #StandWithUkraine (@MFAestonia) <a rel=\"nofollow noopener\" target=\"_blank\" href=\"https:\/\/twitter.com\/MFAestonia\/status\/1766352612733923695?ref_src=twsrc%5Etfw\">March 9, 2024<\/a><\/p><\/blockquote>\n<\/div>\n<\/div>\n<p>Sacharowa wies darauf hin, dass die Bombardierung Teil der sowjetischen Milit\u00e4raktion zur Befreiung der baltischen Staaten von den Nazis gewesen sei. Die &#8220;verf\u00e4lschende&#8221; Darstellung habe sie aus dem historischen Kontext gerissen. Sie betonte, dass die\u00a0Luftangriffe der sowjetischen Luftwaffe sich in erster Linie gegen die Hauptquartiere der Gestapo und der Abwehr, gegen Flugabwehranlagen, das Marinearsenal, Pulverdepots und Kommunikationsknotenpunkte gerichtet h\u00e4tten.\u00a0<\/p>\n<blockquote>\n<p><em>&#8220;F\u00fcr den Kallas-Clan und die Nachkommen der estnischen Kollaborateure sind dies m\u00f6glicherweise heilige oder kulturelle St\u00e4tten, aber f\u00fcr alle anderen normalen Menschen sind es legitime milit\u00e4rische Ziele.&#8221;<\/em><\/p>\n<\/blockquote>\n<p>Die estnische Pr\u00e4sidentin Kaja Kallas geh\u00f6rt im westlichen Lager zu den hartn\u00e4ckigsten Gegnern Russlands. Als eine der bislang wenigen Staats- und Regierungschefs\u00a0h\u00e4lt sie\u00a0beispielsweise die Entsendung von NATO-Truppen in die Ukraine\u00a0f\u00fcr w\u00fcnschenswert.<\/p>\n<p>Das russische Ermittlungskomitee\u00a0hat\u00a0Kallas wegen &#8220;Verbrechen gegen das Gedenken an die Befreier der Welt von Nazismus und Faschismus&#8221; zur Fahnung ausgeschrieben \u2013 <em>RT DE<\/em>\u00a0<a rel=\"nofollow noopener\" target=\"_blank\" href=\"https:\/\/freedert.online\/europa\/196023-russland-setzt-estlands-premierministerin\/\">berichtete<\/a>. Die estnische Regierung setzt sich f\u00fcr systematische Erinnerungsverbote und den Abriss sowjetischer Denkm\u00e4ler ein.<\/p>\n<p>Die L\u00f6schung des historischen Ged\u00e4chtnisses und die Leugnung von Naziverbrechen kommen aus russischer Sicht einer Rehabilitierung des Nazismus gleich. Sacharowa wies in diesem Zusammenhang auf ein in dem estnischen Posting verwendetes,\u00a0<a rel=\"nofollow noopener\" target=\"_blank\" href=\"https:\/\/valdef.org\/?p=4956\">falsches Foto<\/a> als angeblichen Beweis f\u00fcr &#8220;russische&#8221; Verbrechen hin.\u00a0<\/p>\n<blockquote>\n<p><em>\u00a0&#8220;Das Foto wurde im August 1941 w\u00e4hrend des R\u00fcckzugs der Baltischen Flotte aufgenommen, wobei die Zerst\u00f6rung nicht von den sowjetischen Truppen, sondern von den vorr\u00fcckenden Nazis verursacht wurde.&#8221;<\/em><em>\u00a0<\/em><\/p>\n<\/blockquote>\n<p>Dabei h\u00e4tten die Nazi-Truppen laut Sacharowa 62 Schiffe mit 4.500 Zivilisten versenkt. Insgesamt seien \u00fcber 15.000 Zivilisten ums Leben gekommen.\u00a0Trotz &#8220;drei Jahren faschistischer Propaganda&#8221; w\u00e4hrend der Besatzung h\u00e4tten die Esten die sowjetischen Truppen mehrheitlich als Befreier begr\u00fc\u00dft.\u00a0<\/p>\n<blockquote>\n<p><em>&#8220;Einige Anwohner riskierten ihr Leben, um den sowjetischen Soldaten zu helfen.&#8221;<\/em><\/p>\n<\/blockquote>\n<figure class=\"RTImage-root\">\n<div class=\"RTImage-image RTImage-original\"><picture class=\"Picture-root Picture-original\"><!--[if IE 9]><video style=\"display: none;\"><![endif]--><source media=\"(-webkit-min-device-pixel-ratio: 2) and (min-resolution: 120dpi)\" data-srcset=\" \nhttp:\/\/just-now.news\/de\/wp-content\/uploads\/sites\/3\/2024\/03\/65ef556db480cc6192713643.jpg 850w,\n                http:\/\/just-now.news\/de\/wp-content\/uploads\/sites\/3\/2024\/03\/65ef556db480cc6192713643.jpg 1960w,            \" ><source data-srcset=\" \nhttp:\/\/just-now.news\/de\/wp-content\/uploads\/sites\/3\/2024\/03\/65ef556db480cc6192713643.jpg 460w,\n              http:\/\/just-now.news\/de\/wp-content\/uploads\/sites\/3\/2024\/03\/65ef556db480cc6192713643.jpg 980w,\n            \" ><!--[if IE 9]><\/video><![endif]--><img decoding=\"async\" data- src=\"data:image\/png;base64,iVBORw0KGgoAAAANSUhEUgAAABAAAAAJCAQAAACRI2S5AAAAEElEQVR42mNkIAAYRxWAAQAG9gAKqv6+AwAAAABJRU5ErkJggg==\" class=\"Picture-root Picture-original lazyload\" data-src=\"http:\/\/just-now.news\/de\/wp-content\/uploads\/sites\/3\/2024\/03\/65ef556db480cc6192713643.jpg\" alt=\"\"><\/source><\/source><\/picture><!-- noscript pattern --><noscript><img decoding=\"async\" src=\"http:\/\/just-now.news\/de\/wp-content\/uploads\/sites\/3\/2024\/03\/65ef556db480cc6192713643.jpg\" alt=\"\"><\/noscript><\/div><figcaption class=\"RTImage-footer\"><span class=\"RTImage-caption\"><span class=\"RTImage-captionItem\">Einwohner unterhalten sich mit Soldaten der Roten Armee. Eine Stra\u00dfenszene im befreiten Tallinn, September 1944.<\/span><\/span><span class=\"RTImage-source\"><span class=\"RTImage-captionItem\">Sputnik<\/span><\/span><\/figcaption><\/figure>\n<p>Sacharowa wies zudem auf die gro\u00dfe Anzahl der Esten in den Reihen der Roten Armee hin und nannte sie &#8220;echte Patrioten&#8221;. Mit der Ver\u00f6ffentlichung auf X habe die nationalistische\u00a0F\u00fchrung Estlands ihre\u00a0&#8220;ideologische Verwandtschaft&#8221; mit dem banderistischen Kiewer Regime gezeigt.<\/p>\n<p>Das Posting des estnischen Au\u00dfenministeriums stie\u00df bei den X-Nutzern mehrheitlich auf Kritik. &#8220;Moment mal, das estnische Au\u00dfenministerium verurteilt jetzt offen und offiziell die Sowjets f\u00fcr ihren Kampf gegen die Nazis?&#8221;, <a rel=\"nofollow noopener\" target=\"_blank\" href=\"https:\/\/twitter.com\/brecht_jonkers\/status\/1766498351250288723\">schrieb<\/a>\u00a0etwa Brecht Jonkers. Viele Kommentare fielen dabei ganz kurz aus, so wie im Falle des Nutzers Zatti71, der nur <a rel=\"nofollow noopener\" target=\"_blank\" href=\"https:\/\/twitter.com\/djuric_zlatko\/status\/1766515900088213918\">schrieb<\/a>:<\/p>\n<blockquote>\n<p><em>&#8220;Hitler&#8217;s friends = Russia\u2019s enemies&#8221;\u00a0<\/em><\/p>\n<\/blockquote>\n<p>Wie\u00a0auch in anderen Staaten des Baltikums werden in Estland die Angeh\u00f6rigen der Waffen-SS und die profaschistische Guerilla, die sogenannten &#8220;Wald-Br\u00fcder&#8221;, offiziell als\u00a0Freiheitsk\u00e4mpfer gew\u00fcrdigt. Diese Sichtweise st\u00f6\u00dft in deutschen Fachkreisen\u00a0im Rahmen der sogenannten &#8220;Multiperspektivit\u00e4t&#8221; auf immer mehr Verst\u00e4ndnis. Damit hatten die Vertreter Estlands und Lettlands bei einer Podiums-Diskussion in Museum Karlshorst die restlose Entfernung der sowjetisch und russisch gepr\u00e4gten Erinnerungssymbole aus dem \u00f6ffentlichen Raum in ihren L\u00e4ndern begr\u00fcndet \u2013 <em>RT DE<\/em>\u00a0<a rel=\"nofollow noopener\" target=\"_blank\" href=\"https:\/\/freedert.online\/meinung\/195475-sieg-ueber-nazismus-bundesregierung-will-russen-kapitulationsmuseum-schmei%C3%9Fen\/\">berichtete<\/a>.\u00a0Die Botschaft wurde von ihren deutschen Gastgebern\u00a0widerspruchslos angenommen.\u00a0<\/p>\n<p><strong>Mehr zum Thema<\/strong> &#8211; <a rel=\"nofollow noopener\" target=\"_blank\" href=\"https:\/\/freedert.online\/meinung\/195475-sieg-ueber-nazismus-bundesregierung-will-russen-kapitulationsmuseum-schmei%C3%9Fen\/\">Sieg \u00fcber Nazismus: Bundesregierung will Russen aus Kapitulationsmuseum &#8220;schmei\u00dfen&#8221;<\/a><\/p>\n<\/p>\n<\/div>\n<p><script async src=\"https:\/\/platform.twitter.com\/widgets.js\" charset=\"utf-8\"><\/script><br \/>\n<br \/><br \/>\n<br \/><a href=\"https:\/\/de.rt.com\/europa\/199026-goebbels-waere-neidisch-sacharowa-wirft-estnischem-au%C3%9Fenministerium-sympatie-hitleristen-vor\/\">Source link <\/a><\/p>\n","protected":false},"excerpt":{"rendered":"<p>Einen infamen historischen Vergleich des estnischen Au\u00dfenministeriums konnte Maria Sacharowa nicht auf sich beruhen lassen \u2013 sie warf Estland Sympathie f\u00fcr Hitler-Deutschland vor. Am Sonntag postete das estnische Au\u00dfenministerium auf der Plattform X mehrere historische Fotos, welche die angebliche Verw\u00fcstung Tallinns nach dem sowjetischen Luftangriff am 10. M\u00e4rz 1944 zeigen sollen. &#8220;Heute vor 80 Jahren [&hellip;]<\/p>\n","protected":false},"author":3,"featured_media":56924,"comment_status":"open","ping_status":"open","sticky":false,"template":"","format":"standard","meta":{"_yoast_indexnow_last_ping":["1710190547"],"wp_automatic_camp":["217"],"d4eb0b6d6f7bea91bb2ebbd1d5bcbae9":["&quot;Goebbels w\u00e4re neidisch&quot; \u2013 Sacharowa wirft estnischem Au\u00dfenministerium Sympathie f\u00fcr Hitleristen vor"],"original_link":["https:\/\/de.rt.com\/europa\/199026-goebbels-waere-neidisch-sacharowa-wirft-estnischem-au%C3%9Fenministerium-sympatie-hitleristen-vor\/"],"_thumbnail_id":["56924"],"jnews_social_counter_last_update":["1777408379"],"_wptgpro_p2tg_sent2tg":["a:1:{i:23737;s:19:\"2024-03-11 22:56:52\";}"]},"categories":[19,23],"tags":[16681,54334,221,54335,54333,54332,942,25695,320,7156,7129],"yoast_head":"<!-- This site is optimized with the Yoast SEO Premium plugin v22.7 (Yoast SEO v22.7) - https:\/\/yoast.com\/wordpress\/plugins\/seo\/ -->\n<title>&quot;Goebbels w\u00e4re neidisch&quot; \u2013 Sacharowa wirft estnischem Au\u00dfenministerium Sympathie f\u00fcr Hitleristen vor - just-now.NEWS Deutschland<\/title>\n<meta name=\"robots\" content=\"index, follow, max-snippet:-1, max-image-preview:large, max-video-preview:-1\" \/>\n<link rel=\"canonical\" href=\"https:\/\/now-news.de\/de\/deutschland\/goebbels-waere-neidisch-sacharowa-wirft-estnischem-aussenministerium-sympathie-fuer-hitleristen-vor\/\" \/>\n<meta property=\"og:locale\" content=\"de_DE\" \/>\n<meta property=\"og:type\" content=\"article\" \/>\n<meta property=\"og:title\" content=\"&quot;Goebbels w\u00e4re neidisch&quot; \u2013 Sacharowa wirft estnischem Au\u00dfenministerium Sympathie f\u00fcr Hitleristen vor\" \/>\n<meta property=\"og:description\" content=\"Einen infamen historischen Vergleich des estnischen Au\u00dfenministeriums konnte Maria Sacharowa nicht auf sich beruhen lassen \u2013 sie warf Estland Sympathie f\u00fcr Hitler-Deutschland vor. Am Sonntag postete das estnische Au\u00dfenministerium auf der Plattform X mehrere historische Fotos, welche die angebliche Verw\u00fcstung Tallinns nach dem sowjetischen Luftangriff am 10. M\u00e4rz 1944 zeigen sollen. &#8220;Heute vor 80 Jahren [&hellip;]\" \/>\n<meta property=\"og:url\" content=\"https:\/\/now-news.de\/de\/deutschland\/goebbels-waere-neidisch-sacharowa-wirft-estnischem-aussenministerium-sympathie-fuer-hitleristen-vor\/\" \/>\n<meta property=\"og:site_name\" content=\"just-now.NEWS Deutschland\" \/>\n<meta property=\"article:publisher\" content=\"https:\/\/www.facebook.com\/wirmachenauf\" \/>\n<meta property=\"article:published_time\" content=\"2024-03-11T20:41:56+00:00\" \/>\n<meta property=\"og:image\" content=\"https:\/\/now-news.de\/de\/wp-content\/uploads\/sites\/3\/2024\/03\/quotGoebbels-waere-neidischquot-\u2013-Sacharowa-wirft-estnischem-Aussenministerium-Sympathie-fuer.jpg\" \/>\n\t<meta property=\"og:image:width\" content=\"1620\" \/>\n\t<meta property=\"og:image:height\" content=\"1080\" \/>\n\t<meta property=\"og:image:type\" content=\"image\/jpeg\" \/>\n<meta name=\"author\" content=\"rtnews\" \/>\n<meta name=\"twitter:card\" content=\"summary_large_image\" \/>\n<meta name=\"twitter:creator\" content=\"@WirMachenAuf_de\" \/>\n<meta name=\"twitter:site\" content=\"@WirMachenAuf_de\" \/>\n<meta name=\"twitter:label1\" content=\"Verfasst von\" \/>\n\t<meta name=\"twitter:data1\" content=\"rtnews\" \/>\n\t<meta name=\"twitter:label2\" content=\"Gesch\u00e4tzte Lesezeit\" \/>\n\t<meta name=\"twitter:data2\" content=\"4\u00a0Minuten\" \/>\n<script type=\"application\/ld+json\" class=\"yoast-schema-graph\">{\"@context\":\"https:\/\/schema.org\",\"@graph\":[{\"@type\":\"Article\",\"@id\":\"https:\/\/now-news.de\/de\/deutschland\/goebbels-waere-neidisch-sacharowa-wirft-estnischem-aussenministerium-sympathie-fuer-hitleristen-vor\/#article\",\"isPartOf\":{\"@id\":\"https:\/\/now-news.de\/de\/deutschland\/goebbels-waere-neidisch-sacharowa-wirft-estnischem-aussenministerium-sympathie-fuer-hitleristen-vor\/\"},\"author\":{\"name\":\"rtnews\",\"@id\":\"https:\/\/now-news.de\/de\/#\/schema\/person\/fb534a4e865501d8b3285208df34a9b5\"},\"headline\":\"&quot;Goebbels w\u00e4re neidisch&quot; \u2013 Sacharowa wirft estnischem Au\u00dfenministerium Sympathie f\u00fcr Hitleristen vor\",\"datePublished\":\"2024-03-11T20:41:56+00:00\",\"dateModified\":\"2024-03-11T20:41:56+00:00\",\"mainEntityOfPage\":{\"@id\":\"https:\/\/now-news.de\/de\/deutschland\/goebbels-waere-neidisch-sacharowa-wirft-estnischem-aussenministerium-sympathie-fuer-hitleristen-vor\/\"},\"wordCount\":785,\"commentCount\":0,\"publisher\":{\"@id\":\"https:\/\/now-news.de\/de\/#organization\"},\"image\":{\"@id\":\"https:\/\/now-news.de\/de\/deutschland\/goebbels-waere-neidisch-sacharowa-wirft-estnischem-aussenministerium-sympathie-fuer-hitleristen-vor\/#primaryimage\"},\"thumbnailUrl\":\"https:\/\/now-news.de\/de\/wp-content\/uploads\/sites\/3\/2024\/03\/quotGoebbels-waere-neidischquot-\u2013-Sacharowa-wirft-estnischem-Aussenministerium-Sympathie-fuer.jpg\",\"keywords\":[\"Au\u00dfenministerium\",\"estnischem\",\"f\u00fcr\",\"Hitleristen\",\"neidischquot\",\"quotGoebbels\",\"Sacharowa\",\"Sympathie\",\"vor\",\"w\u00e4re\",\"wirft\"],\"articleSection\":[\"Deutschland\",\"Russland\"],\"inLanguage\":\"de\",\"potentialAction\":[{\"@type\":\"CommentAction\",\"name\":\"Comment\",\"target\":[\"https:\/\/now-news.de\/de\/deutschland\/goebbels-waere-neidisch-sacharowa-wirft-estnischem-aussenministerium-sympathie-fuer-hitleristen-vor\/#respond\"]}]},{\"@type\":\"WebPage\",\"@id\":\"https:\/\/now-news.de\/de\/deutschland\/goebbels-waere-neidisch-sacharowa-wirft-estnischem-aussenministerium-sympathie-fuer-hitleristen-vor\/\",\"url\":\"https:\/\/now-news.de\/de\/deutschland\/goebbels-waere-neidisch-sacharowa-wirft-estnischem-aussenministerium-sympathie-fuer-hitleristen-vor\/\",\"name\":\"&quot;Goebbels w\u00e4re neidisch&quot; \u2013 Sacharowa wirft estnischem Au\u00dfenministerium Sympathie f\u00fcr Hitleristen vor - just-now.NEWS Deutschland\",\"isPartOf\":{\"@id\":\"https:\/\/now-news.de\/de\/#website\"},\"primaryImageOfPage\":{\"@id\":\"https:\/\/now-news.de\/de\/deutschland\/goebbels-waere-neidisch-sacharowa-wirft-estnischem-aussenministerium-sympathie-fuer-hitleristen-vor\/#primaryimage\"},\"image\":{\"@id\":\"https:\/\/now-news.de\/de\/deutschland\/goebbels-waere-neidisch-sacharowa-wirft-estnischem-aussenministerium-sympathie-fuer-hitleristen-vor\/#primaryimage\"},\"thumbnailUrl\":\"https:\/\/now-news.de\/de\/wp-content\/uploads\/sites\/3\/2024\/03\/quotGoebbels-waere-neidischquot-\u2013-Sacharowa-wirft-estnischem-Aussenministerium-Sympathie-fuer.jpg\",\"datePublished\":\"2024-03-11T20:41:56+00:00\",\"dateModified\":\"2024-03-11T20:41:56+00:00\",\"breadcrumb\":{\"@id\":\"https:\/\/now-news.de\/de\/deutschland\/goebbels-waere-neidisch-sacharowa-wirft-estnischem-aussenministerium-sympathie-fuer-hitleristen-vor\/#breadcrumb\"},\"inLanguage\":\"de\",\"potentialAction\":[{\"@type\":\"ReadAction\",\"target\":[\"https:\/\/now-news.de\/de\/deutschland\/goebbels-waere-neidisch-sacharowa-wirft-estnischem-aussenministerium-sympathie-fuer-hitleristen-vor\/\"]}]},{\"@type\":\"ImageObject\",\"inLanguage\":\"de\",\"@id\":\"https:\/\/now-news.de\/de\/deutschland\/goebbels-waere-neidisch-sacharowa-wirft-estnischem-aussenministerium-sympathie-fuer-hitleristen-vor\/#primaryimage\",\"url\":\"https:\/\/now-news.de\/de\/wp-content\/uploads\/sites\/3\/2024\/03\/quotGoebbels-waere-neidischquot-\u2013-Sacharowa-wirft-estnischem-Aussenministerium-Sympathie-fuer.jpg\",\"contentUrl\":\"https:\/\/now-news.de\/de\/wp-content\/uploads\/sites\/3\/2024\/03\/quotGoebbels-waere-neidischquot-\u2013-Sacharowa-wirft-estnischem-Aussenministerium-Sympathie-fuer.jpg\",\"width\":1620,\"height\":1080,\"caption\":\"&quot;Goebbels w\u00e4re neidisch&quot; \u2013 Sacharowa wirft estnischem Au\u00dfenministerium Sympathie f\u00fcr Hitleristen vor\"},{\"@type\":\"BreadcrumbList\",\"@id\":\"https:\/\/now-news.de\/de\/deutschland\/goebbels-waere-neidisch-sacharowa-wirft-estnischem-aussenministerium-sympathie-fuer-hitleristen-vor\/#breadcrumb\",\"itemListElement\":[{\"@type\":\"ListItem\",\"position\":1,\"name\":\"Home\",\"item\":\"https:\/\/now-news.de\/de\/\"},{\"@type\":\"ListItem\",\"position\":2,\"name\":\"&quot;Goebbels w\u00e4re neidisch&quot; \u2013 Sacharowa wirft estnischem Au\u00dfenministerium Sympathie f\u00fcr Hitleristen vor\"}]},{\"@type\":\"WebSite\",\"@id\":\"https:\/\/now-news.de\/de\/#website\",\"url\":\"https:\/\/now-news.de\/de\/\",\"name\":\"just-now.NEWS Deutschland\",\"description\":\"Das Portal f\u00fcr unzensierte Nachrichten aus der Welt\",\"publisher\":{\"@id\":\"https:\/\/now-news.de\/de\/#organization\"},\"potentialAction\":[{\"@type\":\"SearchAction\",\"target\":{\"@type\":\"EntryPoint\",\"urlTemplate\":\"https:\/\/now-news.de\/de\/?s={search_term_string}\"},\"query-input\":\"required name=search_term_string\"}],\"inLanguage\":\"de\"},{\"@type\":\"Organization\",\"@id\":\"https:\/\/now-news.de\/de\/#organization\",\"name\":\"Just Now News\",\"url\":\"https:\/\/now-news.de\/de\/\",\"logo\":{\"@type\":\"ImageObject\",\"inLanguage\":\"de\",\"@id\":\"https:\/\/now-news.de\/de\/#\/schema\/logo\/image\/\",\"url\":\"http:\/\/just-now.news\/de\/wp-content\/uploads\/sites\/3\/2022\/04\/logo500x500.jpg\",\"contentUrl\":\"http:\/\/just-now.news\/de\/wp-content\/uploads\/sites\/3\/2022\/04\/logo500x500.jpg\",\"width\":500,\"height\":500,\"caption\":\"Just Now News\"},\"image\":{\"@id\":\"https:\/\/now-news.de\/de\/#\/schema\/logo\/image\/\"},\"sameAs\":[\"https:\/\/www.facebook.com\/wirmachenauf\",\"https:\/\/x.com\/WirMachenAuf_de\"]},{\"@type\":\"Person\",\"@id\":\"https:\/\/now-news.de\/de\/#\/schema\/person\/fb534a4e865501d8b3285208df34a9b5\",\"name\":\"rtnews\",\"image\":{\"@type\":\"ImageObject\",\"inLanguage\":\"de\",\"@id\":\"https:\/\/now-news.de\/de\/#\/schema\/person\/image\/\",\"url\":\"https:\/\/secure.gravatar.com\/avatar\/82aafea7d8127119dd649515f56e2117?s=96&d=mm&r=g\",\"contentUrl\":\"https:\/\/secure.gravatar.com\/avatar\/82aafea7d8127119dd649515f56e2117?s=96&d=mm&r=g\",\"caption\":\"rtnews\"},\"url\":\"https:\/\/now-news.de\/de\/author\/rnews\/\"}]}<\/script>\n<!-- \/ Yoast SEO Premium plugin. -->","yoast_head_json":{"title":"&quot;Goebbels w\u00e4re neidisch&quot; \u2013 Sacharowa wirft estnischem Au\u00dfenministerium Sympathie f\u00fcr Hitleristen vor - just-now.NEWS Deutschland","robots":{"index":"index","follow":"follow","max-snippet":"max-snippet:-1","max-image-preview":"max-image-preview:large","max-video-preview":"max-video-preview:-1"},"canonical":"https:\/\/now-news.de\/de\/deutschland\/goebbels-waere-neidisch-sacharowa-wirft-estnischem-aussenministerium-sympathie-fuer-hitleristen-vor\/","og_locale":"de_DE","og_type":"article","og_title":"&quot;Goebbels w\u00e4re neidisch&quot; \u2013 Sacharowa wirft estnischem Au\u00dfenministerium Sympathie f\u00fcr Hitleristen vor","og_description":"Einen infamen historischen Vergleich des estnischen Au\u00dfenministeriums konnte Maria Sacharowa nicht auf sich beruhen lassen \u2013 sie warf Estland Sympathie f\u00fcr Hitler-Deutschland vor. Am Sonntag postete das estnische Au\u00dfenministerium auf der Plattform X mehrere historische Fotos, welche die angebliche Verw\u00fcstung Tallinns nach dem sowjetischen Luftangriff am 10. M\u00e4rz 1944 zeigen sollen. &#8220;Heute vor 80 Jahren [&hellip;]","og_url":"https:\/\/now-news.de\/de\/deutschland\/goebbels-waere-neidisch-sacharowa-wirft-estnischem-aussenministerium-sympathie-fuer-hitleristen-vor\/","og_site_name":"just-now.NEWS Deutschland","article_publisher":"https:\/\/www.facebook.com\/wirmachenauf","article_published_time":"2024-03-11T20:41:56+00:00","og_image":[{"width":1620,"height":1080,"url":"https:\/\/now-news.de\/de\/wp-content\/uploads\/sites\/3\/2024\/03\/quotGoebbels-waere-neidischquot-\u2013-Sacharowa-wirft-estnischem-Aussenministerium-Sympathie-fuer.jpg","type":"image\/jpeg"}],"author":"rtnews","twitter_card":"summary_large_image","twitter_creator":"@WirMachenAuf_de","twitter_site":"@WirMachenAuf_de","twitter_misc":{"Verfasst von":"rtnews","Gesch\u00e4tzte Lesezeit":"4\u00a0Minuten"},"schema":{"@context":"https:\/\/schema.org","@graph":[{"@type":"Article","@id":"https:\/\/now-news.de\/de\/deutschland\/goebbels-waere-neidisch-sacharowa-wirft-estnischem-aussenministerium-sympathie-fuer-hitleristen-vor\/#article","isPartOf":{"@id":"https:\/\/now-news.de\/de\/deutschland\/goebbels-waere-neidisch-sacharowa-wirft-estnischem-aussenministerium-sympathie-fuer-hitleristen-vor\/"},"author":{"name":"rtnews","@id":"https:\/\/now-news.de\/de\/#\/schema\/person\/fb534a4e865501d8b3285208df34a9b5"},"headline":"&quot;Goebbels w\u00e4re neidisch&quot; \u2013 Sacharowa wirft estnischem Au\u00dfenministerium Sympathie f\u00fcr Hitleristen vor","datePublished":"2024-03-11T20:41:56+00:00","dateModified":"2024-03-11T20:41:56+00:00","mainEntityOfPage":{"@id":"https:\/\/now-news.de\/de\/deutschland\/goebbels-waere-neidisch-sacharowa-wirft-estnischem-aussenministerium-sympathie-fuer-hitleristen-vor\/"},"wordCount":785,"commentCount":0,"publisher":{"@id":"https:\/\/now-news.de\/de\/#organization"},"image":{"@id":"https:\/\/now-news.de\/de\/deutschland\/goebbels-waere-neidisch-sacharowa-wirft-estnischem-aussenministerium-sympathie-fuer-hitleristen-vor\/#primaryimage"},"thumbnailUrl":"https:\/\/now-news.de\/de\/wp-content\/uploads\/sites\/3\/2024\/03\/quotGoebbels-waere-neidischquot-\u2013-Sacharowa-wirft-estnischem-Aussenministerium-Sympathie-fuer.jpg","keywords":["Au\u00dfenministerium","estnischem","f\u00fcr","Hitleristen","neidischquot","quotGoebbels","Sacharowa","Sympathie","vor","w\u00e4re","wirft"],"articleSection":["Deutschland","Russland"],"inLanguage":"de","potentialAction":[{"@type":"CommentAction","name":"Comment","target":["https:\/\/now-news.de\/de\/deutschland\/goebbels-waere-neidisch-sacharowa-wirft-estnischem-aussenministerium-sympathie-fuer-hitleristen-vor\/#respond"]}]},{"@type":"WebPage","@id":"https:\/\/now-news.de\/de\/deutschland\/goebbels-waere-neidisch-sacharowa-wirft-estnischem-aussenministerium-sympathie-fuer-hitleristen-vor\/","url":"https:\/\/now-news.de\/de\/deutschland\/goebbels-waere-neidisch-sacharowa-wirft-estnischem-aussenministerium-sympathie-fuer-hitleristen-vor\/","name":"&quot;Goebbels w\u00e4re neidisch&quot; \u2013 Sacharowa wirft estnischem Au\u00dfenministerium Sympathie f\u00fcr Hitleristen vor - just-now.NEWS Deutschland","isPartOf":{"@id":"https:\/\/now-news.de\/de\/#website"},"primaryImageOfPage":{"@id":"https:\/\/now-news.de\/de\/deutschland\/goebbels-waere-neidisch-sacharowa-wirft-estnischem-aussenministerium-sympathie-fuer-hitleristen-vor\/#primaryimage"},"image":{"@id":"https:\/\/now-news.de\/de\/deutschland\/goebbels-waere-neidisch-sacharowa-wirft-estnischem-aussenministerium-sympathie-fuer-hitleristen-vor\/#primaryimage"},"thumbnailUrl":"https:\/\/now-news.de\/de\/wp-content\/uploads\/sites\/3\/2024\/03\/quotGoebbels-waere-neidischquot-\u2013-Sacharowa-wirft-estnischem-Aussenministerium-Sympathie-fuer.jpg","datePublished":"2024-03-11T20:41:56+00:00","dateModified":"2024-03-11T20:41:56+00:00","breadcrumb":{"@id":"https:\/\/now-news.de\/de\/deutschland\/goebbels-waere-neidisch-sacharowa-wirft-estnischem-aussenministerium-sympathie-fuer-hitleristen-vor\/#breadcrumb"},"inLanguage":"de","potentialAction":[{"@type":"ReadAction","target":["https:\/\/now-news.de\/de\/deutschland\/goebbels-waere-neidisch-sacharowa-wirft-estnischem-aussenministerium-sympathie-fuer-hitleristen-vor\/"]}]},{"@type":"ImageObject","inLanguage":"de","@id":"https:\/\/now-news.de\/de\/deutschland\/goebbels-waere-neidisch-sacharowa-wirft-estnischem-aussenministerium-sympathie-fuer-hitleristen-vor\/#primaryimage","url":"https:\/\/now-news.de\/de\/wp-content\/uploads\/sites\/3\/2024\/03\/quotGoebbels-waere-neidischquot-\u2013-Sacharowa-wirft-estnischem-Aussenministerium-Sympathie-fuer.jpg","contentUrl":"https:\/\/now-news.de\/de\/wp-content\/uploads\/sites\/3\/2024\/03\/quotGoebbels-waere-neidischquot-\u2013-Sacharowa-wirft-estnischem-Aussenministerium-Sympathie-fuer.jpg","width":1620,"height":1080,"caption":"&quot;Goebbels w\u00e4re neidisch&quot; \u2013 Sacharowa wirft estnischem Au\u00dfenministerium Sympathie f\u00fcr Hitleristen vor"},{"@type":"BreadcrumbList","@id":"https:\/\/now-news.de\/de\/deutschland\/goebbels-waere-neidisch-sacharowa-wirft-estnischem-aussenministerium-sympathie-fuer-hitleristen-vor\/#breadcrumb","itemListElement":[{"@type":"ListItem","position":1,"name":"Home","item":"https:\/\/now-news.de\/de\/"},{"@type":"ListItem","position":2,"name":"&quot;Goebbels w\u00e4re neidisch&quot; \u2013 Sacharowa wirft estnischem Au\u00dfenministerium Sympathie f\u00fcr Hitleristen vor"}]},{"@type":"WebSite","@id":"https:\/\/now-news.de\/de\/#website","url":"https:\/\/now-news.de\/de\/","name":"just-now.NEWS Deutschland","description":"Das Portal f\u00fcr unzensierte Nachrichten aus der Welt","publisher":{"@id":"https:\/\/now-news.de\/de\/#organization"},"potentialAction":[{"@type":"SearchAction","target":{"@type":"EntryPoint","urlTemplate":"https:\/\/now-news.de\/de\/?s={search_term_string}"},"query-input":"required name=search_term_string"}],"inLanguage":"de"},{"@type":"Organization","@id":"https:\/\/now-news.de\/de\/#organization","name":"Just Now News","url":"https:\/\/now-news.de\/de\/","logo":{"@type":"ImageObject","inLanguage":"de","@id":"https:\/\/now-news.de\/de\/#\/schema\/logo\/image\/","url":"http:\/\/just-now.news\/de\/wp-content\/uploads\/sites\/3\/2022\/04\/logo500x500.jpg","contentUrl":"http:\/\/just-now.news\/de\/wp-content\/uploads\/sites\/3\/2022\/04\/logo500x500.jpg","width":500,"height":500,"caption":"Just Now News"},"image":{"@id":"https:\/\/now-news.de\/de\/#\/schema\/logo\/image\/"},"sameAs":["https:\/\/www.facebook.com\/wirmachenauf","https:\/\/x.com\/WirMachenAuf_de"]},{"@type":"Person","@id":"https:\/\/now-news.de\/de\/#\/schema\/person\/fb534a4e865501d8b3285208df34a9b5","name":"rtnews","image":{"@type":"ImageObject","inLanguage":"de","@id":"https:\/\/now-news.de\/de\/#\/schema\/person\/image\/","url":"https:\/\/secure.gravatar.com\/avatar\/82aafea7d8127119dd649515f56e2117?s=96&d=mm&r=g","contentUrl":"https:\/\/secure.gravatar.com\/avatar\/82aafea7d8127119dd649515f56e2117?s=96&d=mm&r=g","caption":"rtnews"},"url":"https:\/\/now-news.de\/de\/author\/rnews\/"}]}},"_links":{"self":[{"href":"https:\/\/now-news.de\/de\/wp-json\/wp\/v2\/posts\/56923"}],"collection":[{"href":"https:\/\/now-news.de\/de\/wp-json\/wp\/v2\/posts"}],"about":[{"href":"https:\/\/now-news.de\/de\/wp-json\/wp\/v2\/types\/post"}],"author":[{"embeddable":true,"href":"https:\/\/now-news.de\/de\/wp-json\/wp\/v2\/users\/3"}],"replies":[{"embeddable":true,"href":"https:\/\/now-news.de\/de\/wp-json\/wp\/v2\/comments?post=56923"}],"version-history":[{"count":0,"href":"https:\/\/now-news.de\/de\/wp-json\/wp\/v2\/posts\/56923\/revisions"}],"wp:featuredmedia":[{"embeddable":true,"href":"https:\/\/now-news.de\/de\/wp-json\/wp\/v2\/media\/56924"}],"wp:attachment":[{"href":"https:\/\/now-news.de\/de\/wp-json\/wp\/v2\/media?parent=56923"}],"wp:term":[{"taxonomy":"category","embeddable":true,"href":"https:\/\/now-news.de\/de\/wp-json\/wp\/v2\/categories?post=56923"},{"taxonomy":"post_tag","embeddable":true,"href":"https:\/\/now-news.de\/de\/wp-json\/wp\/v2\/tags?post=56923"}],"curies":[{"name":"wp","href":"https:\/\/api.w.org\/{rel}","templated":true}]}}