{"id":56911,"date":"2024-03-11T19:41:14","date_gmt":"2024-03-11T17:41:14","guid":{"rendered":"https:\/\/just-now.news\/de\/deutschland\/jemen-anfuehrer-der-aqap-kaempfer-unter-ungeklaerten-umstaenden-gestorben\/"},"modified":"2024-03-11T19:41:14","modified_gmt":"2024-03-11T17:41:14","slug":"jemen-anfuehrer-der-aqap-kaempfer-unter-ungeklaerten-umstaenden-gestorben","status":"publish","type":"post","link":"https:\/\/now-news.de\/de\/deutschland\/jemen-anfuehrer-der-aqap-kaempfer-unter-ungeklaerten-umstaenden-gestorben\/","title":{"rendered":"Jemen: Anf\u00fchrer der AQAP-K\u00e4mpfer unter ungekl\u00e4rten Umst\u00e4nden gestorben"},"content":{"rendered":"<p><img decoding=\"async\" src=\"http:\/\/just-now.news\/de\/wp-content\/uploads\/sites\/3\/2024\/03\/65ef22f3b480cc63a652b5f0.jpg\" \/><\/p>\n<div class=\"Text-root Text-type_1 \">\n                Seit dem Jahr 2020 leitete Khalid al-Batarfi den jemenitischen Ableger von Al-Qaida. Die USA hatten ein Kopfgeld von 5 Millionen Dollar auf ihn ausgesetzt. Am Sonntag gab die Gruppe seinen Tod bekannt. Eine Kooperation mit den Huthi k\u00f6nne nicht mehr ausgeschlossen werden.\n            <\/div>\n<p><\/p>\n<div class=\"Text-root Text-type_5 ArticleView-text ViewText-root \">\n<p>Am Sonntagabend gab der jemenitische Ableger der Gruppe Al-Qaida den Tod ihres Anf\u00fchrers Khalid al-Batarfi bekannt. N\u00e4here Angaben zu den Todesumst\u00e4nden machten sie laut einem\u00a0<a rel=\"nofollow noopener\" target=\"_blank\" href=\"https:\/\/abcnews.go.com\/International\/wireStory\/al-qaidas-yemen-branch-leader-khalid-al-batarfi-107995201\">Bericht<\/a>\u00a0auf\u00a0<em>ABC News<\/em>\u00a0nicht. Al-Qaida ver\u00f6ffentlichte ein Video, das al-Batarfi in ein wei\u00dfes Leichentuch und die schwarz-wei\u00dfe Al-Qaida-Flagge geh\u00fcllt zeigt. Der Verstorbene soll um die vierzig Jahre alt gewesen sein.<\/p>\n<p>Die US-Regierung hatte seit l\u00e4ngerem ein Kopfgeld in H\u00f6he von f\u00fcnf Millionen Dollar auf Khalid al-Batarfi ausgesetzt. Seit er nach einer Inhaftierung befreit wurde, leitete der in Kairo geb\u00fcrtige K\u00e4mpfer die Al-Qaida Gruppe im Jemen inmitten des &#8220;zerm\u00fcrbenden Krieges&#8221; in diesem Land, so der US-Sender. Die Gruppe agiere unter dem Akronym AQAP und gelte laut\u00a0<em>ABC News<\/em>\u00a0&#8220;als der gef\u00e4hrlichste Zweig der extremistischen Gruppe, der nach der Ermordung des Gr\u00fcnders Osama bin Laden noch aktiv ist.&#8221; Die jemenitische Gruppe verk\u00fcndete den Tod Khalid al-Batarfi am Vorabend des Fastenmonats Ramadan, der am Montag beginnt:<\/p>\n<blockquote>\n<p><em>&#8220;Allah nahm seine Seele, w\u00e4hrend er geduldig auf seine Belohnung wartete und standhaft blieb, einwanderte, Garnisonen errichtete und den Dschihad um seinetwillen f\u00fchrte&#8221;, so die K\u00e4mpfer in dem Video, wie die SITE Intelligence Group berichtet hat.<\/em><\/p>\n<\/blockquote>\n<p>Die F\u00fchrung der AQAP-K\u00e4mpfer im Jemen werde fortan Saad bin Atef al-Awlaki \u00fcbernehmen, hie\u00df es in der Erkl\u00e4rung weiter.\u00a0<em>ABC News<\/em>\u00a0zufolge, haben die USA auch auf den neuen Anf\u00fchrer al-Awlaki ein Kopfgeld ausgesetzt. Demnach w\u00fcrden sie f\u00fcr seine Ermordung sechs Millionen US-Dollar zahlen, mit der Begr\u00fcndung, al-Awlaki habe &#8220;\u00f6ffentlich zu Anschl\u00e4gen gegen die Vereinigten Staaten und ihre Verb\u00fcndeten aufgerufen&#8221;.<\/p>\n<p>Die von den USA als am gef\u00e4hrlichsten angesehene Gruppe von Al-Qaida soll 2009 angeblich versucht haben, ein Verkehrsflugzeug \u00fcber den Vereinigten Staaten zu bombardieren. Diese Gruppe soll sich 2015 auch zu dem Anschlag auf die franz\u00f6sische Satirezeitschrift Charlie Hebdo in Paris bekannt haben. Inzwischen seien\u00a0<em>ABC-News<\/em>\u00a0zufolge aber keine weiteren ausl\u00e4ndischen Anschl\u00e4ge von AQAP bekannt geworden. Nach einem aktuellen UN-Bericht sollen insgesamt zwischen 3.000 und 4.000 aktive K\u00e4mpfer bei AQAP organisiert sein. Die Gruppe wird darin als effektivste Terrorgruppe im Jemen beschrieben:<\/p>\n<blockquote>\n<p><em>&#8220;Obwohl die AQAP im Niedergang begriffen ist, bleibt sie die effektivste Terrorgruppe im Jemen und beabsichtigt, in der Region und dar\u00fcber hinaus zu operieren&#8221;, so der UN-Bericht.<\/em>\u00a0<\/p>\n<\/blockquote>\n<p>Der verstorbene Al-Batarfi leitete die Gruppe im Jemen seit Februar 2020. Sein Vorg\u00e4nger Qassim al-Rimi wurde durch einen vom damaligen US-Pr\u00e4sidenten Donald Trump angeordneten Drohnenangriff get\u00f6tet. Al-Rimi habe sich laut\u00a0<em>ABC News<\/em>\u00a0zuvor zu einem Anschlag auf den US-Marinest\u00fctzpunkt Pensacola im Jahr 2019 bekannt. Dabei seien drei amerikanische Matrosen ums Leben gekommen.<\/p>\n<p>&#8220;Al-Batarfi soll seit 2020 den strategischen Ansatz verfolgt haben, die westlichen Staaten und ihre Verb\u00fcndeten im Jemen \u2013 die von Saudi-Arabien gef\u00fchrte Koalition, die Regierung in Aden, die Vereinigten Arabischen Emirate und ihre Verb\u00fcndeten \u2013 zu konfrontieren. Es sei ihm nicht mehr darum gegangen, die vom Iran unterst\u00fctzte Huthi-Bewegung zu bek\u00e4mpfen&#8221;, so ein Bericht des Sanaa Center for Strategic Studies aus dem Jahr 2023.<\/p>\n<p>Bisher sollen die schiitischen Zaydi-Huthi eine Zusammenarbeit mit der sunnitischen AQAP angeblich bestritten haben. Allerdings seien Angriffe der AQAP auf die Huthi seit Jahren zur\u00fcckgegangen. Aufgrund der speziellen Geschichte und Stammesstruktur des Jemen k\u00f6nnten sich Allianzen dort schnell \u00e4ndern. Der verstorbene Pr\u00e4sident Ali Abdullah Saleh habe dies als &#8220;Tanz auf den K\u00f6pfen der Schlangen&#8221; bezeichnet.<\/p>\n<p>Der in Riad, Saudi-Arabien, geborene Al-Batarfi reiste 1999 nach Afghanistan und k\u00e4mpfte w\u00e4hrend der von den USA angef\u00fchrten Invasion an der Seite der Taliban. Im Jahr 2010 schloss er sich der AQAP an und leitete nach Angaben der USA sp\u00e4ter die \u00dcbernahme der jemenitischen Provinz Abyan.<\/p>\n<p><strong>Mehr zum Thema<\/strong> &#8211; <a rel=\"nofollow noopener\" target=\"_blank\" href=\"https:\/\/freedert.online\/der-nahe-osten\/192785-huthi-im-jemen-trotzen-usa\/\">Huthi im Jemen trotzen USA und Israel und geben sich weiterhin k\u00e4mpferisch<\/a><\/p>\n<\/div>\n<p><br \/>\n<br \/><a href=\"https:\/\/de.rt.com\/der-nahe-osten\/199019-jemenitischer-anfuehrer-aqap-kaempfer-unter\/\">Source link <\/a><\/p>\n","protected":false},"excerpt":{"rendered":"<p>Seit dem Jahr 2020 leitete Khalid al-Batarfi den jemenitischen Ableger von Al-Qaida. Die USA hatten ein Kopfgeld von 5 Millionen Dollar auf ihn ausgesetzt. Am Sonntag gab die Gruppe seinen Tod bekannt. Eine Kooperation mit den Huthi k\u00f6nne nicht mehr ausgeschlossen werden. Am Sonntagabend gab der jemenitische Ableger der Gruppe Al-Qaida den Tod ihres Anf\u00fchrers [&hellip;]<\/p>\n","protected":false},"author":3,"featured_media":56912,"comment_status":"open","ping_status":"open","sticky":false,"template":"","format":"standard","meta":{"_yoast_indexnow_last_ping":["1710180918"],"wp_automatic_camp":["217"],"e60df803e0a5a460cc6db66613182890":["Jemen: Anf\u00fchrer der AQAP-K\u00e4mpfer unter ungekl\u00e4rten Umst\u00e4nden gestorben"],"original_link":["https:\/\/de.rt.com\/der-nahe-osten\/199019-jemenitischer-anfuehrer-aqap-kaempfer-unter\/"],"_thumbnail_id":["56912"],"_wptgpro_p2tg_sent2tg":["a:1:{i:23737;s:19:\"2024-03-11 20:17:24\";}"],"jnews_social_counter_last_update":["1777187802"]},"categories":[19,23],"tags":[21159,54327,82,13278,16957,19278,50955,908],"yoast_head":"<!-- This site is optimized with the Yoast SEO Premium plugin v22.7 (Yoast SEO v22.7) - https:\/\/yoast.com\/wordpress\/plugins\/seo\/ -->\n<title>Jemen: Anf\u00fchrer der AQAP-K\u00e4mpfer unter ungekl\u00e4rten Umst\u00e4nden gestorben - just-now.NEWS Deutschland<\/title>\n<meta name=\"robots\" content=\"index, follow, max-snippet:-1, max-image-preview:large, max-video-preview:-1\" \/>\n<link rel=\"canonical\" href=\"https:\/\/now-news.de\/de\/deutschland\/jemen-anfuehrer-der-aqap-kaempfer-unter-ungeklaerten-umstaenden-gestorben\/\" \/>\n<meta property=\"og:locale\" content=\"de_DE\" \/>\n<meta property=\"og:type\" content=\"article\" \/>\n<meta property=\"og:title\" content=\"Jemen: Anf\u00fchrer der AQAP-K\u00e4mpfer unter ungekl\u00e4rten Umst\u00e4nden gestorben\" \/>\n<meta property=\"og:description\" content=\"Seit dem Jahr 2020 leitete Khalid al-Batarfi den jemenitischen Ableger von Al-Qaida. Die USA hatten ein Kopfgeld von 5 Millionen Dollar auf ihn ausgesetzt. Am Sonntag gab die Gruppe seinen Tod bekannt. Eine Kooperation mit den Huthi k\u00f6nne nicht mehr ausgeschlossen werden. Am Sonntagabend gab der jemenitische Ableger der Gruppe Al-Qaida den Tod ihres Anf\u00fchrers [&hellip;]\" \/>\n<meta property=\"og:url\" content=\"https:\/\/now-news.de\/de\/deutschland\/jemen-anfuehrer-der-aqap-kaempfer-unter-ungeklaerten-umstaenden-gestorben\/\" \/>\n<meta property=\"og:site_name\" content=\"just-now.NEWS Deutschland\" \/>\n<meta property=\"article:publisher\" content=\"https:\/\/www.facebook.com\/wirmachenauf\" \/>\n<meta property=\"article:published_time\" content=\"2024-03-11T17:41:14+00:00\" \/>\n<meta property=\"og:image\" content=\"https:\/\/now-news.de\/de\/wp-content\/uploads\/sites\/3\/2024\/03\/Jemen-Anfuehrer-der-AQAP-Kaempfer-unter-ungeklaerten-Umstaenden-gestorben.jpg\" \/>\n\t<meta property=\"og:image:width\" content=\"460\" \/>\n\t<meta property=\"og:image:height\" content=\"259\" \/>\n\t<meta property=\"og:image:type\" content=\"image\/jpeg\" \/>\n<meta name=\"author\" content=\"rtnews\" \/>\n<meta name=\"twitter:card\" content=\"summary_large_image\" \/>\n<meta name=\"twitter:creator\" content=\"@WirMachenAuf_de\" \/>\n<meta name=\"twitter:site\" content=\"@WirMachenAuf_de\" \/>\n<meta name=\"twitter:label1\" content=\"Verfasst von\" \/>\n\t<meta name=\"twitter:data1\" content=\"rtnews\" \/>\n\t<meta name=\"twitter:label2\" content=\"Gesch\u00e4tzte Lesezeit\" \/>\n\t<meta name=\"twitter:data2\" content=\"3\u00a0Minuten\" \/>\n<script type=\"application\/ld+json\" class=\"yoast-schema-graph\">{\"@context\":\"https:\/\/schema.org\",\"@graph\":[{\"@type\":\"Article\",\"@id\":\"https:\/\/now-news.de\/de\/deutschland\/jemen-anfuehrer-der-aqap-kaempfer-unter-ungeklaerten-umstaenden-gestorben\/#article\",\"isPartOf\":{\"@id\":\"https:\/\/now-news.de\/de\/deutschland\/jemen-anfuehrer-der-aqap-kaempfer-unter-ungeklaerten-umstaenden-gestorben\/\"},\"author\":{\"name\":\"rtnews\",\"@id\":\"https:\/\/now-news.de\/de\/#\/schema\/person\/fb534a4e865501d8b3285208df34a9b5\"},\"headline\":\"Jemen: Anf\u00fchrer der AQAP-K\u00e4mpfer unter ungekl\u00e4rten Umst\u00e4nden gestorben\",\"datePublished\":\"2024-03-11T17:41:14+00:00\",\"dateModified\":\"2024-03-11T17:41:14+00:00\",\"mainEntityOfPage\":{\"@id\":\"https:\/\/now-news.de\/de\/deutschland\/jemen-anfuehrer-der-aqap-kaempfer-unter-ungeklaerten-umstaenden-gestorben\/\"},\"wordCount\":683,\"commentCount\":0,\"publisher\":{\"@id\":\"https:\/\/now-news.de\/de\/#organization\"},\"image\":{\"@id\":\"https:\/\/now-news.de\/de\/deutschland\/jemen-anfuehrer-der-aqap-kaempfer-unter-ungeklaerten-umstaenden-gestorben\/#primaryimage\"},\"thumbnailUrl\":\"https:\/\/now-news.de\/de\/wp-content\/uploads\/sites\/3\/2024\/03\/Jemen-Anfuehrer-der-AQAP-Kaempfer-unter-ungeklaerten-Umstaenden-gestorben.jpg\",\"keywords\":[\"Anf\u00fchrer\",\"AQAPK\u00e4mpfer\",\"der\",\"gestorben\",\"Jemen\",\"Umst\u00e4nden\",\"ungekl\u00e4rten\",\"unter\"],\"articleSection\":[\"Deutschland\",\"Russland\"],\"inLanguage\":\"de\",\"potentialAction\":[{\"@type\":\"CommentAction\",\"name\":\"Comment\",\"target\":[\"https:\/\/now-news.de\/de\/deutschland\/jemen-anfuehrer-der-aqap-kaempfer-unter-ungeklaerten-umstaenden-gestorben\/#respond\"]}]},{\"@type\":\"WebPage\",\"@id\":\"https:\/\/now-news.de\/de\/deutschland\/jemen-anfuehrer-der-aqap-kaempfer-unter-ungeklaerten-umstaenden-gestorben\/\",\"url\":\"https:\/\/now-news.de\/de\/deutschland\/jemen-anfuehrer-der-aqap-kaempfer-unter-ungeklaerten-umstaenden-gestorben\/\",\"name\":\"Jemen: Anf\u00fchrer der AQAP-K\u00e4mpfer unter ungekl\u00e4rten Umst\u00e4nden gestorben - just-now.NEWS Deutschland\",\"isPartOf\":{\"@id\":\"https:\/\/now-news.de\/de\/#website\"},\"primaryImageOfPage\":{\"@id\":\"https:\/\/now-news.de\/de\/deutschland\/jemen-anfuehrer-der-aqap-kaempfer-unter-ungeklaerten-umstaenden-gestorben\/#primaryimage\"},\"image\":{\"@id\":\"https:\/\/now-news.de\/de\/deutschland\/jemen-anfuehrer-der-aqap-kaempfer-unter-ungeklaerten-umstaenden-gestorben\/#primaryimage\"},\"thumbnailUrl\":\"https:\/\/now-news.de\/de\/wp-content\/uploads\/sites\/3\/2024\/03\/Jemen-Anfuehrer-der-AQAP-Kaempfer-unter-ungeklaerten-Umstaenden-gestorben.jpg\",\"datePublished\":\"2024-03-11T17:41:14+00:00\",\"dateModified\":\"2024-03-11T17:41:14+00:00\",\"breadcrumb\":{\"@id\":\"https:\/\/now-news.de\/de\/deutschland\/jemen-anfuehrer-der-aqap-kaempfer-unter-ungeklaerten-umstaenden-gestorben\/#breadcrumb\"},\"inLanguage\":\"de\",\"potentialAction\":[{\"@type\":\"ReadAction\",\"target\":[\"https:\/\/now-news.de\/de\/deutschland\/jemen-anfuehrer-der-aqap-kaempfer-unter-ungeklaerten-umstaenden-gestorben\/\"]}]},{\"@type\":\"ImageObject\",\"inLanguage\":\"de\",\"@id\":\"https:\/\/now-news.de\/de\/deutschland\/jemen-anfuehrer-der-aqap-kaempfer-unter-ungeklaerten-umstaenden-gestorben\/#primaryimage\",\"url\":\"https:\/\/now-news.de\/de\/wp-content\/uploads\/sites\/3\/2024\/03\/Jemen-Anfuehrer-der-AQAP-Kaempfer-unter-ungeklaerten-Umstaenden-gestorben.jpg\",\"contentUrl\":\"https:\/\/now-news.de\/de\/wp-content\/uploads\/sites\/3\/2024\/03\/Jemen-Anfuehrer-der-AQAP-Kaempfer-unter-ungeklaerten-Umstaenden-gestorben.jpg\",\"width\":460,\"height\":259,\"caption\":\"Jemen: Anf\u00fchrer der AQAP-K\u00e4mpfer unter ungekl\u00e4rten Umst\u00e4nden gestorben\"},{\"@type\":\"BreadcrumbList\",\"@id\":\"https:\/\/now-news.de\/de\/deutschland\/jemen-anfuehrer-der-aqap-kaempfer-unter-ungeklaerten-umstaenden-gestorben\/#breadcrumb\",\"itemListElement\":[{\"@type\":\"ListItem\",\"position\":1,\"name\":\"Home\",\"item\":\"https:\/\/now-news.de\/de\/\"},{\"@type\":\"ListItem\",\"position\":2,\"name\":\"Jemen: Anf\u00fchrer der AQAP-K\u00e4mpfer unter ungekl\u00e4rten Umst\u00e4nden gestorben\"}]},{\"@type\":\"WebSite\",\"@id\":\"https:\/\/now-news.de\/de\/#website\",\"url\":\"https:\/\/now-news.de\/de\/\",\"name\":\"just-now.NEWS Deutschland\",\"description\":\"Das Portal f\u00fcr unzensierte Nachrichten aus der Welt\",\"publisher\":{\"@id\":\"https:\/\/now-news.de\/de\/#organization\"},\"potentialAction\":[{\"@type\":\"SearchAction\",\"target\":{\"@type\":\"EntryPoint\",\"urlTemplate\":\"https:\/\/now-news.de\/de\/?s={search_term_string}\"},\"query-input\":\"required name=search_term_string\"}],\"inLanguage\":\"de\"},{\"@type\":\"Organization\",\"@id\":\"https:\/\/now-news.de\/de\/#organization\",\"name\":\"Just Now News\",\"url\":\"https:\/\/now-news.de\/de\/\",\"logo\":{\"@type\":\"ImageObject\",\"inLanguage\":\"de\",\"@id\":\"https:\/\/now-news.de\/de\/#\/schema\/logo\/image\/\",\"url\":\"http:\/\/just-now.news\/de\/wp-content\/uploads\/sites\/3\/2022\/04\/logo500x500.jpg\",\"contentUrl\":\"http:\/\/just-now.news\/de\/wp-content\/uploads\/sites\/3\/2022\/04\/logo500x500.jpg\",\"width\":500,\"height\":500,\"caption\":\"Just Now News\"},\"image\":{\"@id\":\"https:\/\/now-news.de\/de\/#\/schema\/logo\/image\/\"},\"sameAs\":[\"https:\/\/www.facebook.com\/wirmachenauf\",\"https:\/\/x.com\/WirMachenAuf_de\"]},{\"@type\":\"Person\",\"@id\":\"https:\/\/now-news.de\/de\/#\/schema\/person\/fb534a4e865501d8b3285208df34a9b5\",\"name\":\"rtnews\",\"image\":{\"@type\":\"ImageObject\",\"inLanguage\":\"de\",\"@id\":\"https:\/\/now-news.de\/de\/#\/schema\/person\/image\/\",\"url\":\"https:\/\/secure.gravatar.com\/avatar\/82aafea7d8127119dd649515f56e2117?s=96&d=mm&r=g\",\"contentUrl\":\"https:\/\/secure.gravatar.com\/avatar\/82aafea7d8127119dd649515f56e2117?s=96&d=mm&r=g\",\"caption\":\"rtnews\"},\"url\":\"https:\/\/now-news.de\/de\/author\/rnews\/\"}]}<\/script>\n<!-- \/ Yoast SEO Premium plugin. -->","yoast_head_json":{"title":"Jemen: Anf\u00fchrer der AQAP-K\u00e4mpfer unter ungekl\u00e4rten Umst\u00e4nden gestorben - just-now.NEWS Deutschland","robots":{"index":"index","follow":"follow","max-snippet":"max-snippet:-1","max-image-preview":"max-image-preview:large","max-video-preview":"max-video-preview:-1"},"canonical":"https:\/\/now-news.de\/de\/deutschland\/jemen-anfuehrer-der-aqap-kaempfer-unter-ungeklaerten-umstaenden-gestorben\/","og_locale":"de_DE","og_type":"article","og_title":"Jemen: Anf\u00fchrer der AQAP-K\u00e4mpfer unter ungekl\u00e4rten Umst\u00e4nden gestorben","og_description":"Seit dem Jahr 2020 leitete Khalid al-Batarfi den jemenitischen Ableger von Al-Qaida. Die USA hatten ein Kopfgeld von 5 Millionen Dollar auf ihn ausgesetzt. Am Sonntag gab die Gruppe seinen Tod bekannt. Eine Kooperation mit den Huthi k\u00f6nne nicht mehr ausgeschlossen werden. Am Sonntagabend gab der jemenitische Ableger der Gruppe Al-Qaida den Tod ihres Anf\u00fchrers [&hellip;]","og_url":"https:\/\/now-news.de\/de\/deutschland\/jemen-anfuehrer-der-aqap-kaempfer-unter-ungeklaerten-umstaenden-gestorben\/","og_site_name":"just-now.NEWS Deutschland","article_publisher":"https:\/\/www.facebook.com\/wirmachenauf","article_published_time":"2024-03-11T17:41:14+00:00","og_image":[{"width":460,"height":259,"url":"https:\/\/now-news.de\/de\/wp-content\/uploads\/sites\/3\/2024\/03\/Jemen-Anfuehrer-der-AQAP-Kaempfer-unter-ungeklaerten-Umstaenden-gestorben.jpg","type":"image\/jpeg"}],"author":"rtnews","twitter_card":"summary_large_image","twitter_creator":"@WirMachenAuf_de","twitter_site":"@WirMachenAuf_de","twitter_misc":{"Verfasst von":"rtnews","Gesch\u00e4tzte Lesezeit":"3\u00a0Minuten"},"schema":{"@context":"https:\/\/schema.org","@graph":[{"@type":"Article","@id":"https:\/\/now-news.de\/de\/deutschland\/jemen-anfuehrer-der-aqap-kaempfer-unter-ungeklaerten-umstaenden-gestorben\/#article","isPartOf":{"@id":"https:\/\/now-news.de\/de\/deutschland\/jemen-anfuehrer-der-aqap-kaempfer-unter-ungeklaerten-umstaenden-gestorben\/"},"author":{"name":"rtnews","@id":"https:\/\/now-news.de\/de\/#\/schema\/person\/fb534a4e865501d8b3285208df34a9b5"},"headline":"Jemen: Anf\u00fchrer der AQAP-K\u00e4mpfer unter ungekl\u00e4rten Umst\u00e4nden gestorben","datePublished":"2024-03-11T17:41:14+00:00","dateModified":"2024-03-11T17:41:14+00:00","mainEntityOfPage":{"@id":"https:\/\/now-news.de\/de\/deutschland\/jemen-anfuehrer-der-aqap-kaempfer-unter-ungeklaerten-umstaenden-gestorben\/"},"wordCount":683,"commentCount":0,"publisher":{"@id":"https:\/\/now-news.de\/de\/#organization"},"image":{"@id":"https:\/\/now-news.de\/de\/deutschland\/jemen-anfuehrer-der-aqap-kaempfer-unter-ungeklaerten-umstaenden-gestorben\/#primaryimage"},"thumbnailUrl":"https:\/\/now-news.de\/de\/wp-content\/uploads\/sites\/3\/2024\/03\/Jemen-Anfuehrer-der-AQAP-Kaempfer-unter-ungeklaerten-Umstaenden-gestorben.jpg","keywords":["Anf\u00fchrer","AQAPK\u00e4mpfer","der","gestorben","Jemen","Umst\u00e4nden","ungekl\u00e4rten","unter"],"articleSection":["Deutschland","Russland"],"inLanguage":"de","potentialAction":[{"@type":"CommentAction","name":"Comment","target":["https:\/\/now-news.de\/de\/deutschland\/jemen-anfuehrer-der-aqap-kaempfer-unter-ungeklaerten-umstaenden-gestorben\/#respond"]}]},{"@type":"WebPage","@id":"https:\/\/now-news.de\/de\/deutschland\/jemen-anfuehrer-der-aqap-kaempfer-unter-ungeklaerten-umstaenden-gestorben\/","url":"https:\/\/now-news.de\/de\/deutschland\/jemen-anfuehrer-der-aqap-kaempfer-unter-ungeklaerten-umstaenden-gestorben\/","name":"Jemen: Anf\u00fchrer der AQAP-K\u00e4mpfer unter ungekl\u00e4rten Umst\u00e4nden gestorben - just-now.NEWS Deutschland","isPartOf":{"@id":"https:\/\/now-news.de\/de\/#website"},"primaryImageOfPage":{"@id":"https:\/\/now-news.de\/de\/deutschland\/jemen-anfuehrer-der-aqap-kaempfer-unter-ungeklaerten-umstaenden-gestorben\/#primaryimage"},"image":{"@id":"https:\/\/now-news.de\/de\/deutschland\/jemen-anfuehrer-der-aqap-kaempfer-unter-ungeklaerten-umstaenden-gestorben\/#primaryimage"},"thumbnailUrl":"https:\/\/now-news.de\/de\/wp-content\/uploads\/sites\/3\/2024\/03\/Jemen-Anfuehrer-der-AQAP-Kaempfer-unter-ungeklaerten-Umstaenden-gestorben.jpg","datePublished":"2024-03-11T17:41:14+00:00","dateModified":"2024-03-11T17:41:14+00:00","breadcrumb":{"@id":"https:\/\/now-news.de\/de\/deutschland\/jemen-anfuehrer-der-aqap-kaempfer-unter-ungeklaerten-umstaenden-gestorben\/#breadcrumb"},"inLanguage":"de","potentialAction":[{"@type":"ReadAction","target":["https:\/\/now-news.de\/de\/deutschland\/jemen-anfuehrer-der-aqap-kaempfer-unter-ungeklaerten-umstaenden-gestorben\/"]}]},{"@type":"ImageObject","inLanguage":"de","@id":"https:\/\/now-news.de\/de\/deutschland\/jemen-anfuehrer-der-aqap-kaempfer-unter-ungeklaerten-umstaenden-gestorben\/#primaryimage","url":"https:\/\/now-news.de\/de\/wp-content\/uploads\/sites\/3\/2024\/03\/Jemen-Anfuehrer-der-AQAP-Kaempfer-unter-ungeklaerten-Umstaenden-gestorben.jpg","contentUrl":"https:\/\/now-news.de\/de\/wp-content\/uploads\/sites\/3\/2024\/03\/Jemen-Anfuehrer-der-AQAP-Kaempfer-unter-ungeklaerten-Umstaenden-gestorben.jpg","width":460,"height":259,"caption":"Jemen: Anf\u00fchrer der AQAP-K\u00e4mpfer unter ungekl\u00e4rten Umst\u00e4nden gestorben"},{"@type":"BreadcrumbList","@id":"https:\/\/now-news.de\/de\/deutschland\/jemen-anfuehrer-der-aqap-kaempfer-unter-ungeklaerten-umstaenden-gestorben\/#breadcrumb","itemListElement":[{"@type":"ListItem","position":1,"name":"Home","item":"https:\/\/now-news.de\/de\/"},{"@type":"ListItem","position":2,"name":"Jemen: Anf\u00fchrer der AQAP-K\u00e4mpfer unter ungekl\u00e4rten Umst\u00e4nden gestorben"}]},{"@type":"WebSite","@id":"https:\/\/now-news.de\/de\/#website","url":"https:\/\/now-news.de\/de\/","name":"just-now.NEWS Deutschland","description":"Das Portal f\u00fcr unzensierte Nachrichten aus der Welt","publisher":{"@id":"https:\/\/now-news.de\/de\/#organization"},"potentialAction":[{"@type":"SearchAction","target":{"@type":"EntryPoint","urlTemplate":"https:\/\/now-news.de\/de\/?s={search_term_string}"},"query-input":"required name=search_term_string"}],"inLanguage":"de"},{"@type":"Organization","@id":"https:\/\/now-news.de\/de\/#organization","name":"Just Now News","url":"https:\/\/now-news.de\/de\/","logo":{"@type":"ImageObject","inLanguage":"de","@id":"https:\/\/now-news.de\/de\/#\/schema\/logo\/image\/","url":"http:\/\/just-now.news\/de\/wp-content\/uploads\/sites\/3\/2022\/04\/logo500x500.jpg","contentUrl":"http:\/\/just-now.news\/de\/wp-content\/uploads\/sites\/3\/2022\/04\/logo500x500.jpg","width":500,"height":500,"caption":"Just Now News"},"image":{"@id":"https:\/\/now-news.de\/de\/#\/schema\/logo\/image\/"},"sameAs":["https:\/\/www.facebook.com\/wirmachenauf","https:\/\/x.com\/WirMachenAuf_de"]},{"@type":"Person","@id":"https:\/\/now-news.de\/de\/#\/schema\/person\/fb534a4e865501d8b3285208df34a9b5","name":"rtnews","image":{"@type":"ImageObject","inLanguage":"de","@id":"https:\/\/now-news.de\/de\/#\/schema\/person\/image\/","url":"https:\/\/secure.gravatar.com\/avatar\/82aafea7d8127119dd649515f56e2117?s=96&d=mm&r=g","contentUrl":"https:\/\/secure.gravatar.com\/avatar\/82aafea7d8127119dd649515f56e2117?s=96&d=mm&r=g","caption":"rtnews"},"url":"https:\/\/now-news.de\/de\/author\/rnews\/"}]}},"_links":{"self":[{"href":"https:\/\/now-news.de\/de\/wp-json\/wp\/v2\/posts\/56911"}],"collection":[{"href":"https:\/\/now-news.de\/de\/wp-json\/wp\/v2\/posts"}],"about":[{"href":"https:\/\/now-news.de\/de\/wp-json\/wp\/v2\/types\/post"}],"author":[{"embeddable":true,"href":"https:\/\/now-news.de\/de\/wp-json\/wp\/v2\/users\/3"}],"replies":[{"embeddable":true,"href":"https:\/\/now-news.de\/de\/wp-json\/wp\/v2\/comments?post=56911"}],"version-history":[{"count":0,"href":"https:\/\/now-news.de\/de\/wp-json\/wp\/v2\/posts\/56911\/revisions"}],"wp:featuredmedia":[{"embeddable":true,"href":"https:\/\/now-news.de\/de\/wp-json\/wp\/v2\/media\/56912"}],"wp:attachment":[{"href":"https:\/\/now-news.de\/de\/wp-json\/wp\/v2\/media?parent=56911"}],"wp:term":[{"taxonomy":"category","embeddable":true,"href":"https:\/\/now-news.de\/de\/wp-json\/wp\/v2\/categories?post=56911"},{"taxonomy":"post_tag","embeddable":true,"href":"https:\/\/now-news.de\/de\/wp-json\/wp\/v2\/tags?post=56911"}],"curies":[{"name":"wp","href":"https:\/\/api.w.org\/{rel}","templated":true}]}}