{"id":56888,"date":"2024-03-11T13:44:06","date_gmt":"2024-03-11T11:44:06","guid":{"rendered":"https:\/\/just-now.news\/de\/deutschland\/baden-wuerttemberg-messerstecher-wird-nach-toetungsdelikt-von-polizei-angeschossen-und-verletzt\/"},"modified":"2024-03-11T13:44:06","modified_gmt":"2024-03-11T11:44:06","slug":"baden-wuerttemberg-messerstecher-wird-nach-toetungsdelikt-von-polizei-angeschossen-und-verletzt","status":"publish","type":"post","link":"https:\/\/now-news.de\/de\/deutschland\/baden-wuerttemberg-messerstecher-wird-nach-toetungsdelikt-von-polizei-angeschossen-und-verletzt\/","title":{"rendered":"Baden-W\u00fcrttemberg: Messerstecher wird nach T\u00f6tungsdelikt von Polizei angeschossen und verletzt"},"content":{"rendered":"<p><img decoding=\"async\" src=\"http:\/\/just-now.news\/de\/wp-content\/uploads\/sites\/3\/2024\/03\/65eed9d748fbef15501718dc.jpeg\" \/><\/p>\n<div class=\"Text-root Text-type_1 \">\n                In der baden-w\u00fcrttembergischen Universit\u00e4tsstadt Ulm ermordete ein 54-J\u00e4hriger einen Mann durch Messerstiche. Die alarmierte Polizei konnte den T\u00e4ter stellen, dabei musste jedoch von Dienstwaffen Gebrauch gemacht werden. Der T\u00e4ter wurde durch Sch\u00fcsse verletzt und musste notoperiert werden.\n            <\/div>\n<p><\/p>\n<div class=\"Text-root Text-type_5 ArticleView-text ViewText-root \">\n<p>Am Sonntagnachmittag, dem 10. M\u00e4rz,\u00a0wurde die Ulmer Polizei per Notruf \u00fcber ein mutma\u00dfliches T\u00f6tungsdelikt alarmiert. Nach dem Eintreffen am m\u00f6glichen Tatort pr\u00e4sentierte sich den Beamten zuerst ein &#8220;blutverschmierter Mann&#8221;, der unmittelbar darauf die Polizisten mit einem Messer attackierte. Durch einen Schusswaffengebrauch wurde der Mann verletzt und danach in ein Krankenhaus transportiert. Der T\u00e4ter hatte offenbar zuvor einen Mann get\u00f6tet und zwei Frauen teils schwer verletzt.<\/p>\n<p>Nach ersten polizeilichen Ermittlungsangaben\u00a0soll der 54-j\u00e4hrige T\u00e4ter mehrere Menschen in einer Wohnung mit einem Messer attackiert haben. Eines seiner Opfer, ein 58-j\u00e4hriger Mann, starb noch am Tatort an seinen Verletzungen. Zwei am Tatgeschehen unmittelbar beteiligte, ebenfalls verletzte Frauen mussten nach Eintreffen der Rettungskr\u00e4fte und Beamten mit ihren teils schweren Verletzungen in ein Krankenhaus gebracht werden. Die Hintergr\u00fcnde der Tat sind derzeit nicht bekannt.<\/p>\n<p>Laut Mitteilung des Polizeipr\u00e4sidiums Ulm traf die als erste eintreffende Streife &#8220;unmittelbar auf einen blutverschmierten Mann&#8221;. Dieser hielt ein Messer in seiner Hand, bedrohte die Beamten &#8220;und griff sofort an&#8221;. Zum weiteren Ablauf hei\u00dft es:<\/p>\n<p><em>&#8220;Die eingesetzten Kr\u00e4fte musste hierbei von der Dienstwaffe Gebrauch machen. Durch die Schussabgabe wurde der Mann verletzt. Nach einer Erstversorgung durch den hinzugerufenen Rettungsdienst wurde der Mann in ein Krankenhaus verbracht, wo er noch in den Abendstunden operiert wurde.&#8221;<\/em><\/p>\n<p>Die Hintergr\u00fcnde der Tat sind bislang noch immer unklar und Gegenstand der laufenden Ermittlungen. Das\u00a0Landeskriminalamt Baden-W\u00fcrttemberg (LKA BW) f\u00fchrt dabei &#8220;die Ermittlungen im Zusammenhang mit dem polizeilichen Schusswaffengebrauch&#8221;, hei\u00dft es in der Mitteilung der Polizei.<\/p>\n<p><strong>Mehr zum Thema &#8211;<\/strong>\u00a0<a rel=\"nofollow noopener\" target=\"_blank\" href=\"https:\/\/freedert.online\/inland\/198958-berlin-maennliches-opfer-durch-toedliche\/\">Berlin: Mann am &#8220;Checkpoint Charlie&#8221; erschossen<\/a><\/p>\n<\/div>\n<p><br \/>\n<br \/><a href=\"https:\/\/de.rt.com\/inland\/198981-baden-wuerttemberg-messertaeter-wird-nach\/\">Source link <\/a><\/p>\n","protected":false},"excerpt":{"rendered":"<p>In der baden-w\u00fcrttembergischen Universit\u00e4tsstadt Ulm ermordete ein 54-J\u00e4hriger einen Mann durch Messerstiche. Die alarmierte Polizei konnte den T\u00e4ter stellen, dabei musste jedoch von Dienstwaffen Gebrauch gemacht werden. Der T\u00e4ter wurde durch Sch\u00fcsse verletzt und musste notoperiert werden. Am Sonntagnachmittag, dem 10. M\u00e4rz,\u00a0wurde die Ulmer Polizei per Notruf \u00fcber ein mutma\u00dfliches T\u00f6tungsdelikt alarmiert. Nach dem Eintreffen [&hellip;]<\/p>\n","protected":false},"author":3,"featured_media":56889,"comment_status":"open","ping_status":"open","sticky":false,"template":"","format":"standard","meta":{"_yoast_indexnow_last_ping":["1710159333"],"wp_automatic_camp":["217"],"fcab627158c4968ac171d28c945cb198":["Baden-W\u00fcrttemberg: Messerstecher wird nach T\u00f6tungsdelikt von Polizei angeschossen und verletzt"],"original_link":["https:\/\/de.rt.com\/inland\/198981-baden-wuerttemberg-messertaeter-wird-nach\/"],"_thumbnail_id":["56889"],"jnews_social_counter_last_update":["1777681671"],"_wptgpro_p2tg_sent2tg":["a:1:{i:23737;s:19:\"2024-03-11 14:16:36\";}"]},"categories":[19,23],"tags":[37923,25665,29306,979,7579,54319,140,7584,50,374],"yoast_head":"<!-- This site is optimized with the Yoast SEO Premium plugin v22.7 (Yoast SEO v22.7) - https:\/\/yoast.com\/wordpress\/plugins\/seo\/ -->\n<title>Baden-W\u00fcrttemberg: Messerstecher wird nach T\u00f6tungsdelikt von Polizei angeschossen und verletzt - just-now.NEWS Deutschland<\/title>\n<meta name=\"robots\" content=\"index, follow, max-snippet:-1, max-image-preview:large, max-video-preview:-1\" \/>\n<link rel=\"canonical\" href=\"https:\/\/now-news.de\/de\/deutschland\/baden-wuerttemberg-messerstecher-wird-nach-toetungsdelikt-von-polizei-angeschossen-und-verletzt\/\" \/>\n<meta property=\"og:locale\" content=\"de_DE\" \/>\n<meta property=\"og:type\" content=\"article\" \/>\n<meta property=\"og:title\" content=\"Baden-W\u00fcrttemberg: Messerstecher wird nach T\u00f6tungsdelikt von Polizei angeschossen und verletzt\" \/>\n<meta property=\"og:description\" content=\"In der baden-w\u00fcrttembergischen Universit\u00e4tsstadt Ulm ermordete ein 54-J\u00e4hriger einen Mann durch Messerstiche. Die alarmierte Polizei konnte den T\u00e4ter stellen, dabei musste jedoch von Dienstwaffen Gebrauch gemacht werden. Der T\u00e4ter wurde durch Sch\u00fcsse verletzt und musste notoperiert werden. Am Sonntagnachmittag, dem 10. M\u00e4rz,\u00a0wurde die Ulmer Polizei per Notruf \u00fcber ein mutma\u00dfliches T\u00f6tungsdelikt alarmiert. Nach dem Eintreffen [&hellip;]\" \/>\n<meta property=\"og:url\" content=\"https:\/\/now-news.de\/de\/deutschland\/baden-wuerttemberg-messerstecher-wird-nach-toetungsdelikt-von-polizei-angeschossen-und-verletzt\/\" \/>\n<meta property=\"og:site_name\" content=\"just-now.NEWS Deutschland\" \/>\n<meta property=\"article:publisher\" content=\"https:\/\/www.facebook.com\/wirmachenauf\" \/>\n<meta property=\"article:published_time\" content=\"2024-03-11T11:44:06+00:00\" \/>\n<meta property=\"og:image\" content=\"https:\/\/now-news.de\/de\/wp-content\/uploads\/sites\/3\/2024\/03\/Baden-Wuerttemberg-Messerstecher-wird-nach-Toetungsdelikt-von-Polizei-angeschossen-und-verletzt.jpeg\" \/>\n\t<meta property=\"og:image:width\" content=\"460\" \/>\n\t<meta property=\"og:image:height\" content=\"259\" \/>\n\t<meta property=\"og:image:type\" content=\"image\/jpeg\" \/>\n<meta name=\"author\" content=\"rtnews\" \/>\n<meta name=\"twitter:card\" content=\"summary_large_image\" \/>\n<meta name=\"twitter:creator\" content=\"@WirMachenAuf_de\" \/>\n<meta name=\"twitter:site\" content=\"@WirMachenAuf_de\" \/>\n<meta name=\"twitter:label1\" content=\"Verfasst von\" \/>\n\t<meta name=\"twitter:data1\" content=\"rtnews\" \/>\n\t<meta name=\"twitter:label2\" content=\"Gesch\u00e4tzte Lesezeit\" \/>\n\t<meta name=\"twitter:data2\" content=\"2\u00a0Minuten\" \/>\n<script type=\"application\/ld+json\" class=\"yoast-schema-graph\">{\"@context\":\"https:\/\/schema.org\",\"@graph\":[{\"@type\":\"Article\",\"@id\":\"https:\/\/now-news.de\/de\/deutschland\/baden-wuerttemberg-messerstecher-wird-nach-toetungsdelikt-von-polizei-angeschossen-und-verletzt\/#article\",\"isPartOf\":{\"@id\":\"https:\/\/now-news.de\/de\/deutschland\/baden-wuerttemberg-messerstecher-wird-nach-toetungsdelikt-von-polizei-angeschossen-und-verletzt\/\"},\"author\":{\"name\":\"rtnews\",\"@id\":\"https:\/\/now-news.de\/de\/#\/schema\/person\/fb534a4e865501d8b3285208df34a9b5\"},\"headline\":\"Baden-W\u00fcrttemberg: Messerstecher wird nach T\u00f6tungsdelikt von Polizei angeschossen und verletzt\",\"datePublished\":\"2024-03-11T11:44:06+00:00\",\"dateModified\":\"2024-03-11T11:44:06+00:00\",\"mainEntityOfPage\":{\"@id\":\"https:\/\/now-news.de\/de\/deutschland\/baden-wuerttemberg-messerstecher-wird-nach-toetungsdelikt-von-polizei-angeschossen-und-verletzt\/\"},\"wordCount\":326,\"commentCount\":0,\"publisher\":{\"@id\":\"https:\/\/now-news.de\/de\/#organization\"},\"image\":{\"@id\":\"https:\/\/now-news.de\/de\/deutschland\/baden-wuerttemberg-messerstecher-wird-nach-toetungsdelikt-von-polizei-angeschossen-und-verletzt\/#primaryimage\"},\"thumbnailUrl\":\"https:\/\/now-news.de\/de\/wp-content\/uploads\/sites\/3\/2024\/03\/Baden-Wuerttemberg-Messerstecher-wird-nach-Toetungsdelikt-von-Polizei-angeschossen-und-verletzt.jpeg\",\"keywords\":[\"angeschossen\",\"BadenW\u00fcrttemberg\",\"Messerstecher\",\"nach\",\"Polizei\",\"T\u00f6tungsdelikt\",\"und\",\"verletzt\",\"von\",\"wird\"],\"articleSection\":[\"Deutschland\",\"Russland\"],\"inLanguage\":\"de\",\"potentialAction\":[{\"@type\":\"CommentAction\",\"name\":\"Comment\",\"target\":[\"https:\/\/now-news.de\/de\/deutschland\/baden-wuerttemberg-messerstecher-wird-nach-toetungsdelikt-von-polizei-angeschossen-und-verletzt\/#respond\"]}]},{\"@type\":\"WebPage\",\"@id\":\"https:\/\/now-news.de\/de\/deutschland\/baden-wuerttemberg-messerstecher-wird-nach-toetungsdelikt-von-polizei-angeschossen-und-verletzt\/\",\"url\":\"https:\/\/now-news.de\/de\/deutschland\/baden-wuerttemberg-messerstecher-wird-nach-toetungsdelikt-von-polizei-angeschossen-und-verletzt\/\",\"name\":\"Baden-W\u00fcrttemberg: Messerstecher wird nach T\u00f6tungsdelikt von Polizei angeschossen und verletzt - just-now.NEWS Deutschland\",\"isPartOf\":{\"@id\":\"https:\/\/now-news.de\/de\/#website\"},\"primaryImageOfPage\":{\"@id\":\"https:\/\/now-news.de\/de\/deutschland\/baden-wuerttemberg-messerstecher-wird-nach-toetungsdelikt-von-polizei-angeschossen-und-verletzt\/#primaryimage\"},\"image\":{\"@id\":\"https:\/\/now-news.de\/de\/deutschland\/baden-wuerttemberg-messerstecher-wird-nach-toetungsdelikt-von-polizei-angeschossen-und-verletzt\/#primaryimage\"},\"thumbnailUrl\":\"https:\/\/now-news.de\/de\/wp-content\/uploads\/sites\/3\/2024\/03\/Baden-Wuerttemberg-Messerstecher-wird-nach-Toetungsdelikt-von-Polizei-angeschossen-und-verletzt.jpeg\",\"datePublished\":\"2024-03-11T11:44:06+00:00\",\"dateModified\":\"2024-03-11T11:44:06+00:00\",\"breadcrumb\":{\"@id\":\"https:\/\/now-news.de\/de\/deutschland\/baden-wuerttemberg-messerstecher-wird-nach-toetungsdelikt-von-polizei-angeschossen-und-verletzt\/#breadcrumb\"},\"inLanguage\":\"de\",\"potentialAction\":[{\"@type\":\"ReadAction\",\"target\":[\"https:\/\/now-news.de\/de\/deutschland\/baden-wuerttemberg-messerstecher-wird-nach-toetungsdelikt-von-polizei-angeschossen-und-verletzt\/\"]}]},{\"@type\":\"ImageObject\",\"inLanguage\":\"de\",\"@id\":\"https:\/\/now-news.de\/de\/deutschland\/baden-wuerttemberg-messerstecher-wird-nach-toetungsdelikt-von-polizei-angeschossen-und-verletzt\/#primaryimage\",\"url\":\"https:\/\/now-news.de\/de\/wp-content\/uploads\/sites\/3\/2024\/03\/Baden-Wuerttemberg-Messerstecher-wird-nach-Toetungsdelikt-von-Polizei-angeschossen-und-verletzt.jpeg\",\"contentUrl\":\"https:\/\/now-news.de\/de\/wp-content\/uploads\/sites\/3\/2024\/03\/Baden-Wuerttemberg-Messerstecher-wird-nach-Toetungsdelikt-von-Polizei-angeschossen-und-verletzt.jpeg\",\"width\":460,\"height\":259,\"caption\":\"Baden-W\u00fcrttemberg: Messerstecher wird nach T\u00f6tungsdelikt von Polizei angeschossen und verletzt\"},{\"@type\":\"BreadcrumbList\",\"@id\":\"https:\/\/now-news.de\/de\/deutschland\/baden-wuerttemberg-messerstecher-wird-nach-toetungsdelikt-von-polizei-angeschossen-und-verletzt\/#breadcrumb\",\"itemListElement\":[{\"@type\":\"ListItem\",\"position\":1,\"name\":\"Home\",\"item\":\"https:\/\/now-news.de\/de\/\"},{\"@type\":\"ListItem\",\"position\":2,\"name\":\"Baden-W\u00fcrttemberg: Messerstecher wird nach T\u00f6tungsdelikt von Polizei angeschossen und verletzt\"}]},{\"@type\":\"WebSite\",\"@id\":\"https:\/\/now-news.de\/de\/#website\",\"url\":\"https:\/\/now-news.de\/de\/\",\"name\":\"just-now.NEWS Deutschland\",\"description\":\"Das Portal f\u00fcr unzensierte Nachrichten aus der Welt\",\"publisher\":{\"@id\":\"https:\/\/now-news.de\/de\/#organization\"},\"potentialAction\":[{\"@type\":\"SearchAction\",\"target\":{\"@type\":\"EntryPoint\",\"urlTemplate\":\"https:\/\/now-news.de\/de\/?s={search_term_string}\"},\"query-input\":\"required name=search_term_string\"}],\"inLanguage\":\"de\"},{\"@type\":\"Organization\",\"@id\":\"https:\/\/now-news.de\/de\/#organization\",\"name\":\"Just Now News\",\"url\":\"https:\/\/now-news.de\/de\/\",\"logo\":{\"@type\":\"ImageObject\",\"inLanguage\":\"de\",\"@id\":\"https:\/\/now-news.de\/de\/#\/schema\/logo\/image\/\",\"url\":\"http:\/\/just-now.news\/de\/wp-content\/uploads\/sites\/3\/2022\/04\/logo500x500.jpg\",\"contentUrl\":\"http:\/\/just-now.news\/de\/wp-content\/uploads\/sites\/3\/2022\/04\/logo500x500.jpg\",\"width\":500,\"height\":500,\"caption\":\"Just Now News\"},\"image\":{\"@id\":\"https:\/\/now-news.de\/de\/#\/schema\/logo\/image\/\"},\"sameAs\":[\"https:\/\/www.facebook.com\/wirmachenauf\",\"https:\/\/x.com\/WirMachenAuf_de\"]},{\"@type\":\"Person\",\"@id\":\"https:\/\/now-news.de\/de\/#\/schema\/person\/fb534a4e865501d8b3285208df34a9b5\",\"name\":\"rtnews\",\"image\":{\"@type\":\"ImageObject\",\"inLanguage\":\"de\",\"@id\":\"https:\/\/now-news.de\/de\/#\/schema\/person\/image\/\",\"url\":\"https:\/\/secure.gravatar.com\/avatar\/82aafea7d8127119dd649515f56e2117?s=96&d=mm&r=g\",\"contentUrl\":\"https:\/\/secure.gravatar.com\/avatar\/82aafea7d8127119dd649515f56e2117?s=96&d=mm&r=g\",\"caption\":\"rtnews\"},\"url\":\"https:\/\/now-news.de\/de\/author\/rnews\/\"}]}<\/script>\n<!-- \/ Yoast SEO Premium plugin. -->","yoast_head_json":{"title":"Baden-W\u00fcrttemberg: Messerstecher wird nach T\u00f6tungsdelikt von Polizei angeschossen und verletzt - just-now.NEWS Deutschland","robots":{"index":"index","follow":"follow","max-snippet":"max-snippet:-1","max-image-preview":"max-image-preview:large","max-video-preview":"max-video-preview:-1"},"canonical":"https:\/\/now-news.de\/de\/deutschland\/baden-wuerttemberg-messerstecher-wird-nach-toetungsdelikt-von-polizei-angeschossen-und-verletzt\/","og_locale":"de_DE","og_type":"article","og_title":"Baden-W\u00fcrttemberg: Messerstecher wird nach T\u00f6tungsdelikt von Polizei angeschossen und verletzt","og_description":"In der baden-w\u00fcrttembergischen Universit\u00e4tsstadt Ulm ermordete ein 54-J\u00e4hriger einen Mann durch Messerstiche. Die alarmierte Polizei konnte den T\u00e4ter stellen, dabei musste jedoch von Dienstwaffen Gebrauch gemacht werden. Der T\u00e4ter wurde durch Sch\u00fcsse verletzt und musste notoperiert werden. Am Sonntagnachmittag, dem 10. M\u00e4rz,\u00a0wurde die Ulmer Polizei per Notruf \u00fcber ein mutma\u00dfliches T\u00f6tungsdelikt alarmiert. Nach dem Eintreffen [&hellip;]","og_url":"https:\/\/now-news.de\/de\/deutschland\/baden-wuerttemberg-messerstecher-wird-nach-toetungsdelikt-von-polizei-angeschossen-und-verletzt\/","og_site_name":"just-now.NEWS Deutschland","article_publisher":"https:\/\/www.facebook.com\/wirmachenauf","article_published_time":"2024-03-11T11:44:06+00:00","og_image":[{"width":460,"height":259,"url":"https:\/\/now-news.de\/de\/wp-content\/uploads\/sites\/3\/2024\/03\/Baden-Wuerttemberg-Messerstecher-wird-nach-Toetungsdelikt-von-Polizei-angeschossen-und-verletzt.jpeg","type":"image\/jpeg"}],"author":"rtnews","twitter_card":"summary_large_image","twitter_creator":"@WirMachenAuf_de","twitter_site":"@WirMachenAuf_de","twitter_misc":{"Verfasst von":"rtnews","Gesch\u00e4tzte Lesezeit":"2\u00a0Minuten"},"schema":{"@context":"https:\/\/schema.org","@graph":[{"@type":"Article","@id":"https:\/\/now-news.de\/de\/deutschland\/baden-wuerttemberg-messerstecher-wird-nach-toetungsdelikt-von-polizei-angeschossen-und-verletzt\/#article","isPartOf":{"@id":"https:\/\/now-news.de\/de\/deutschland\/baden-wuerttemberg-messerstecher-wird-nach-toetungsdelikt-von-polizei-angeschossen-und-verletzt\/"},"author":{"name":"rtnews","@id":"https:\/\/now-news.de\/de\/#\/schema\/person\/fb534a4e865501d8b3285208df34a9b5"},"headline":"Baden-W\u00fcrttemberg: Messerstecher wird nach T\u00f6tungsdelikt von Polizei angeschossen und verletzt","datePublished":"2024-03-11T11:44:06+00:00","dateModified":"2024-03-11T11:44:06+00:00","mainEntityOfPage":{"@id":"https:\/\/now-news.de\/de\/deutschland\/baden-wuerttemberg-messerstecher-wird-nach-toetungsdelikt-von-polizei-angeschossen-und-verletzt\/"},"wordCount":326,"commentCount":0,"publisher":{"@id":"https:\/\/now-news.de\/de\/#organization"},"image":{"@id":"https:\/\/now-news.de\/de\/deutschland\/baden-wuerttemberg-messerstecher-wird-nach-toetungsdelikt-von-polizei-angeschossen-und-verletzt\/#primaryimage"},"thumbnailUrl":"https:\/\/now-news.de\/de\/wp-content\/uploads\/sites\/3\/2024\/03\/Baden-Wuerttemberg-Messerstecher-wird-nach-Toetungsdelikt-von-Polizei-angeschossen-und-verletzt.jpeg","keywords":["angeschossen","BadenW\u00fcrttemberg","Messerstecher","nach","Polizei","T\u00f6tungsdelikt","und","verletzt","von","wird"],"articleSection":["Deutschland","Russland"],"inLanguage":"de","potentialAction":[{"@type":"CommentAction","name":"Comment","target":["https:\/\/now-news.de\/de\/deutschland\/baden-wuerttemberg-messerstecher-wird-nach-toetungsdelikt-von-polizei-angeschossen-und-verletzt\/#respond"]}]},{"@type":"WebPage","@id":"https:\/\/now-news.de\/de\/deutschland\/baden-wuerttemberg-messerstecher-wird-nach-toetungsdelikt-von-polizei-angeschossen-und-verletzt\/","url":"https:\/\/now-news.de\/de\/deutschland\/baden-wuerttemberg-messerstecher-wird-nach-toetungsdelikt-von-polizei-angeschossen-und-verletzt\/","name":"Baden-W\u00fcrttemberg: Messerstecher wird nach T\u00f6tungsdelikt von Polizei angeschossen und verletzt - just-now.NEWS Deutschland","isPartOf":{"@id":"https:\/\/now-news.de\/de\/#website"},"primaryImageOfPage":{"@id":"https:\/\/now-news.de\/de\/deutschland\/baden-wuerttemberg-messerstecher-wird-nach-toetungsdelikt-von-polizei-angeschossen-und-verletzt\/#primaryimage"},"image":{"@id":"https:\/\/now-news.de\/de\/deutschland\/baden-wuerttemberg-messerstecher-wird-nach-toetungsdelikt-von-polizei-angeschossen-und-verletzt\/#primaryimage"},"thumbnailUrl":"https:\/\/now-news.de\/de\/wp-content\/uploads\/sites\/3\/2024\/03\/Baden-Wuerttemberg-Messerstecher-wird-nach-Toetungsdelikt-von-Polizei-angeschossen-und-verletzt.jpeg","datePublished":"2024-03-11T11:44:06+00:00","dateModified":"2024-03-11T11:44:06+00:00","breadcrumb":{"@id":"https:\/\/now-news.de\/de\/deutschland\/baden-wuerttemberg-messerstecher-wird-nach-toetungsdelikt-von-polizei-angeschossen-und-verletzt\/#breadcrumb"},"inLanguage":"de","potentialAction":[{"@type":"ReadAction","target":["https:\/\/now-news.de\/de\/deutschland\/baden-wuerttemberg-messerstecher-wird-nach-toetungsdelikt-von-polizei-angeschossen-und-verletzt\/"]}]},{"@type":"ImageObject","inLanguage":"de","@id":"https:\/\/now-news.de\/de\/deutschland\/baden-wuerttemberg-messerstecher-wird-nach-toetungsdelikt-von-polizei-angeschossen-und-verletzt\/#primaryimage","url":"https:\/\/now-news.de\/de\/wp-content\/uploads\/sites\/3\/2024\/03\/Baden-Wuerttemberg-Messerstecher-wird-nach-Toetungsdelikt-von-Polizei-angeschossen-und-verletzt.jpeg","contentUrl":"https:\/\/now-news.de\/de\/wp-content\/uploads\/sites\/3\/2024\/03\/Baden-Wuerttemberg-Messerstecher-wird-nach-Toetungsdelikt-von-Polizei-angeschossen-und-verletzt.jpeg","width":460,"height":259,"caption":"Baden-W\u00fcrttemberg: Messerstecher wird nach T\u00f6tungsdelikt von Polizei angeschossen und verletzt"},{"@type":"BreadcrumbList","@id":"https:\/\/now-news.de\/de\/deutschland\/baden-wuerttemberg-messerstecher-wird-nach-toetungsdelikt-von-polizei-angeschossen-und-verletzt\/#breadcrumb","itemListElement":[{"@type":"ListItem","position":1,"name":"Home","item":"https:\/\/now-news.de\/de\/"},{"@type":"ListItem","position":2,"name":"Baden-W\u00fcrttemberg: Messerstecher wird nach T\u00f6tungsdelikt von Polizei angeschossen und verletzt"}]},{"@type":"WebSite","@id":"https:\/\/now-news.de\/de\/#website","url":"https:\/\/now-news.de\/de\/","name":"just-now.NEWS Deutschland","description":"Das Portal f\u00fcr unzensierte Nachrichten aus der Welt","publisher":{"@id":"https:\/\/now-news.de\/de\/#organization"},"potentialAction":[{"@type":"SearchAction","target":{"@type":"EntryPoint","urlTemplate":"https:\/\/now-news.de\/de\/?s={search_term_string}"},"query-input":"required name=search_term_string"}],"inLanguage":"de"},{"@type":"Organization","@id":"https:\/\/now-news.de\/de\/#organization","name":"Just Now News","url":"https:\/\/now-news.de\/de\/","logo":{"@type":"ImageObject","inLanguage":"de","@id":"https:\/\/now-news.de\/de\/#\/schema\/logo\/image\/","url":"http:\/\/just-now.news\/de\/wp-content\/uploads\/sites\/3\/2022\/04\/logo500x500.jpg","contentUrl":"http:\/\/just-now.news\/de\/wp-content\/uploads\/sites\/3\/2022\/04\/logo500x500.jpg","width":500,"height":500,"caption":"Just Now News"},"image":{"@id":"https:\/\/now-news.de\/de\/#\/schema\/logo\/image\/"},"sameAs":["https:\/\/www.facebook.com\/wirmachenauf","https:\/\/x.com\/WirMachenAuf_de"]},{"@type":"Person","@id":"https:\/\/now-news.de\/de\/#\/schema\/person\/fb534a4e865501d8b3285208df34a9b5","name":"rtnews","image":{"@type":"ImageObject","inLanguage":"de","@id":"https:\/\/now-news.de\/de\/#\/schema\/person\/image\/","url":"https:\/\/secure.gravatar.com\/avatar\/82aafea7d8127119dd649515f56e2117?s=96&d=mm&r=g","contentUrl":"https:\/\/secure.gravatar.com\/avatar\/82aafea7d8127119dd649515f56e2117?s=96&d=mm&r=g","caption":"rtnews"},"url":"https:\/\/now-news.de\/de\/author\/rnews\/"}]}},"_links":{"self":[{"href":"https:\/\/now-news.de\/de\/wp-json\/wp\/v2\/posts\/56888"}],"collection":[{"href":"https:\/\/now-news.de\/de\/wp-json\/wp\/v2\/posts"}],"about":[{"href":"https:\/\/now-news.de\/de\/wp-json\/wp\/v2\/types\/post"}],"author":[{"embeddable":true,"href":"https:\/\/now-news.de\/de\/wp-json\/wp\/v2\/users\/3"}],"replies":[{"embeddable":true,"href":"https:\/\/now-news.de\/de\/wp-json\/wp\/v2\/comments?post=56888"}],"version-history":[{"count":0,"href":"https:\/\/now-news.de\/de\/wp-json\/wp\/v2\/posts\/56888\/revisions"}],"wp:featuredmedia":[{"embeddable":true,"href":"https:\/\/now-news.de\/de\/wp-json\/wp\/v2\/media\/56889"}],"wp:attachment":[{"href":"https:\/\/now-news.de\/de\/wp-json\/wp\/v2\/media?parent=56888"}],"wp:term":[{"taxonomy":"category","embeddable":true,"href":"https:\/\/now-news.de\/de\/wp-json\/wp\/v2\/categories?post=56888"},{"taxonomy":"post_tag","embeddable":true,"href":"https:\/\/now-news.de\/de\/wp-json\/wp\/v2\/tags?post=56888"}],"curies":[{"name":"wp","href":"https:\/\/api.w.org\/{rel}","templated":true}]}}