{"id":56835,"date":"2024-03-10T17:22:20","date_gmt":"2024-03-10T15:22:20","guid":{"rendered":"https:\/\/just-now.news\/de\/deutschland\/irland-stimmt-fuer-beibehaltung-sexistischer-sprache-in-verfassung\/"},"modified":"2024-03-10T17:22:20","modified_gmt":"2024-03-10T15:22:20","slug":"irland-stimmt-fuer-beibehaltung-sexistischer-sprache-in-verfassung","status":"publish","type":"post","link":"https:\/\/now-news.de\/de\/deutschland\/irland-stimmt-fuer-beibehaltung-sexistischer-sprache-in-verfassung\/","title":{"rendered":"Irland stimmt f\u00fcr Beibehaltung &quot;sexistischer&quot; Sprache in Verfassung"},"content":{"rendered":"<p><img decoding=\"async\" src=\"http:\/\/just-now.news\/de\/wp-content\/uploads\/sites\/3\/2024\/03\/65eda99a48fbef0805366e07.jpg\" \/><\/p>\n<div class=\"Text-root Text-type_1 \">\n                Die Bev\u00f6lkerung Irlands stimmte bei dem von der Regierung initiierten Referendum gegen Verfassungs\u00e4nderungen, mit denen der Begriff der Familie und die Rolle der Frau in der Familie erweitert werden sollte. Irlands derzeitige Verfassung wurde im Jahr 1937 angenommen.\n            <\/div>\n<p><\/p>\n<div class=\"Text-root Text-type_5 ArticleView-text ViewText-root \">\n<p>In Irland hat am internationalen Frauentag ein Referendum zum Thema Familie stattgefunden. Die irischen W\u00e4hler stimmten gegen die von der Regierung ausgearbeiteten Verfassungs\u00e4nderungen, die eine Ausweitung des Begriffs &#8220;Familie&#8221; und eine \u00c4nderung der Formulierung zur Rolle der Frau im Staat vorsehen. \u00a0<\/p>\n<p>Bei dem ersten Punkt handelte es sich darum, den Begriff &#8220;Familie&#8221; im Grundgesetz durch Formen von &#8220;dauerhaften Beziehungen&#8221; zu erweitern. Dies k\u00f6nnte beispielsweise f\u00fcr Partner in wilder Ehe, alleinerziehende Eltern, Gro\u00dfeltern, die Vormund ihrer Enkelkinder sind, gelten.<\/p>\n<p>Der zweite Vorschlag betraf die Rolle der Frau in der irischen Gesellschaft. Die Verfasser schlugen vor, die Formulierung &#8220;Der Staat erkennt an, dass die Frau durch ihr h\u00e4usliches Leben dem Staat eine St\u00fctze ist, ohne die das Gemeinwohl nicht erreicht werden kann&#8221; zu streichen. Diese sollte durch eine geschlechtsneutrale Formulierung ersetzt werden, in der es um die gegenseitige F\u00fcrsorge von Familienmitgliedern geht.<\/p>\n<p>Gegen die \u00c4nderung bez\u00fcglich des Begriffs &#8220;Familie&#8221; stimmten 67 Prozent der Iren. Die \u00c4nderung zur Rolle der Frau in der Gesellschaft wurde von 74 Prozent der Teilnehmer an der Volksabstimmung abgelehnt. Die Wahlbeteiligung lag bei 44 Prozent. Der Versuch, zwei Verfassungsartikel mit &#8220;sehr altmodischer Sprache&#8221; zu ersetzen und die Realit\u00e4ten des modernen Familienlebens anzuerkennen, sei mit gro\u00dfer Mehrheit abgelehnt worden, r\u00e4umte Ministerpr\u00e4sident Leo Varadkar ein.<\/p>\n<p>Zuvor hatte er erkl\u00e4rt, das Nein sei ein &#8220;R\u00fcckschritt&#8221; f\u00fcr die Rechte der Frauen und kritisierte &#8220;die sehr sexistische Sprache \u00fcber Frauen&#8221; in der Verfassung. Auch der stellvertretende Premierminister Miche\u00e1l Martin \u00e4u\u00dferte seine Entt\u00e4uschung \u00fcber das Ergebnis, betonte aber, dass das Kabinett dieses &#8220;voll und ganz respektiert&#8221;.<\/p>\n<p>Nach Angaben der irischen Medien waren vage Formulierungen der \u00c4nderungsvorschl\u00e4ge, Probleme bei der Vermittlung von Botschaften und eine glanzlose Kampagne unter den Hauptgr\u00fcnden, weshalb die Bev\u00f6lkerung mit Nein stimmte.<\/p>\n<p>Die derzeitige irische Verfassung wurde im Jahr 1937 angenommen. Seitdem wurde sie mehrfach ge\u00e4ndert. So stimmte das irische Volk 2015 in einem Referendum f\u00fcr die Legalisierung der gleichgeschlechtlichen Ehe. Im Jahr 2018 stimmten die Iren f\u00fcr die Abschaffung des Abtreibungsverbots und unterst\u00fctzten damit die \u00c4nderung des achten Zusatzartikels, der besagt, dass der Staat das Recht auf Leben sowohl der Mutter als auch des Ungeborenen als gleichwertig betrachtet.<\/p>\n<p><strong>Mehr zum Thema<\/strong> \u2013 <a rel=\"nofollow noopener\" target=\"_blank\" href=\"https:\/\/kurz.rt.com\/3nzj\">Zum Abschied der weltbekannten \u00d6kofeministin und Globalisierungsgegnerin Maria Mies<\/a><\/p>\n<div class=\"EmbedBlock-root EmbedBlock-externalVideo EmbedBlock-odysee\">\n<div class=\"VkEmbed\"><iframe class=\"lazyload\" data-src=\"https:\/\/odysee.com\/%24\/embed\/%40RTDE%3Ae%2F-Eine-Symbiose-von-Gender-Gaga-und-Nordkorea--%E2%80%93-Beatrix-von-Storch-%C3%BCber-neues-Selbstbestimmungsgesetz%3Af\" frameborder=\"0\" width=\"853\" height=\"480\" allowfullscreen><\/iframe><\/div>\n<\/div>\n<\/div>\n<p><br \/>\n<br \/><a href=\"https:\/\/de.rt.com\/gesellschaft\/198904-irland-stimmt-fuer-beibehaltung-sexistischen-sprache\/\">Source link <\/a><\/p>\n","protected":false},"excerpt":{"rendered":"<p>Die Bev\u00f6lkerung Irlands stimmte bei dem von der Regierung initiierten Referendum gegen Verfassungs\u00e4nderungen, mit denen der Begriff der Familie und die Rolle der Frau in der Familie erweitert werden sollte. Irlands derzeitige Verfassung wurde im Jahr 1937 angenommen. In Irland hat am internationalen Frauentag ein Referendum zum Thema Familie stattgefunden. Die irischen W\u00e4hler stimmten gegen [&hellip;]<\/p>\n","protected":false},"author":3,"featured_media":56836,"comment_status":"open","ping_status":"open","sticky":false,"template":"","format":"standard","meta":{"_yoast_indexnow_last_ping":["1710084742"],"wp_automatic_camp":["217"],"e2351d883f99e58066634162c93c7544":["Irland stimmt f\u00fcr Beibehaltung &quot;sexistischer&quot; Sprache in Verfassung"],"original_link":["https:\/\/de.rt.com\/gesellschaft\/198904-irland-stimmt-fuer-beibehaltung-sexistischen-sprache\/"],"_thumbnail_id":["56836"],"_wptgpro_p2tg_sent2tg":["a:1:{i:23737;s:19:\"2024-03-10 17:34:47\";}"],"jnews_social_counter_last_update":["1777473570"]},"categories":[19,23],"tags":[31551,221,21412,54285,23357,12453,17347],"yoast_head":"<!-- This site is optimized with the Yoast SEO Premium plugin v22.7 (Yoast SEO v22.7) - https:\/\/yoast.com\/wordpress\/plugins\/seo\/ -->\n<title>Irland stimmt f\u00fcr Beibehaltung &quot;sexistischer&quot; Sprache in Verfassung - just-now.NEWS Deutschland<\/title>\n<meta name=\"robots\" content=\"index, follow, max-snippet:-1, max-image-preview:large, max-video-preview:-1\" \/>\n<link rel=\"canonical\" href=\"https:\/\/now-news.de\/de\/deutschland\/irland-stimmt-fuer-beibehaltung-sexistischer-sprache-in-verfassung\/\" \/>\n<meta property=\"og:locale\" content=\"de_DE\" \/>\n<meta property=\"og:type\" content=\"article\" \/>\n<meta property=\"og:title\" content=\"Irland stimmt f\u00fcr Beibehaltung &quot;sexistischer&quot; Sprache in Verfassung\" \/>\n<meta property=\"og:description\" content=\"Die Bev\u00f6lkerung Irlands stimmte bei dem von der Regierung initiierten Referendum gegen Verfassungs\u00e4nderungen, mit denen der Begriff der Familie und die Rolle der Frau in der Familie erweitert werden sollte. Irlands derzeitige Verfassung wurde im Jahr 1937 angenommen. In Irland hat am internationalen Frauentag ein Referendum zum Thema Familie stattgefunden. Die irischen W\u00e4hler stimmten gegen [&hellip;]\" \/>\n<meta property=\"og:url\" content=\"https:\/\/now-news.de\/de\/deutschland\/irland-stimmt-fuer-beibehaltung-sexistischer-sprache-in-verfassung\/\" \/>\n<meta property=\"og:site_name\" content=\"just-now.NEWS Deutschland\" \/>\n<meta property=\"article:publisher\" content=\"https:\/\/www.facebook.com\/wirmachenauf\" \/>\n<meta property=\"article:published_time\" content=\"2024-03-10T15:22:20+00:00\" \/>\n<meta property=\"og:image\" content=\"https:\/\/now-news.de\/de\/wp-content\/uploads\/sites\/3\/2024\/03\/Irland-stimmt-fuer-Beibehaltung-quotsexistischerquot-Sprache-in-Verfassung.jpg\" \/>\n\t<meta property=\"og:image:width\" content=\"460\" \/>\n\t<meta property=\"og:image:height\" content=\"259\" \/>\n\t<meta property=\"og:image:type\" content=\"image\/jpeg\" \/>\n<meta name=\"author\" content=\"rtnews\" \/>\n<meta name=\"twitter:card\" content=\"summary_large_image\" \/>\n<meta name=\"twitter:creator\" content=\"@WirMachenAuf_de\" \/>\n<meta name=\"twitter:site\" content=\"@WirMachenAuf_de\" \/>\n<meta name=\"twitter:label1\" content=\"Verfasst von\" \/>\n\t<meta name=\"twitter:data1\" content=\"rtnews\" \/>\n\t<meta name=\"twitter:label2\" content=\"Gesch\u00e4tzte Lesezeit\" \/>\n\t<meta name=\"twitter:data2\" content=\"2\u00a0Minuten\" \/>\n<script type=\"application\/ld+json\" class=\"yoast-schema-graph\">{\"@context\":\"https:\/\/schema.org\",\"@graph\":[{\"@type\":\"Article\",\"@id\":\"https:\/\/now-news.de\/de\/deutschland\/irland-stimmt-fuer-beibehaltung-sexistischer-sprache-in-verfassung\/#article\",\"isPartOf\":{\"@id\":\"https:\/\/now-news.de\/de\/deutschland\/irland-stimmt-fuer-beibehaltung-sexistischer-sprache-in-verfassung\/\"},\"author\":{\"name\":\"rtnews\",\"@id\":\"https:\/\/now-news.de\/de\/#\/schema\/person\/fb534a4e865501d8b3285208df34a9b5\"},\"headline\":\"Irland stimmt f\u00fcr Beibehaltung &quot;sexistischer&quot; Sprache in Verfassung\",\"datePublished\":\"2024-03-10T15:22:20+00:00\",\"dateModified\":\"2024-03-10T15:22:20+00:00\",\"mainEntityOfPage\":{\"@id\":\"https:\/\/now-news.de\/de\/deutschland\/irland-stimmt-fuer-beibehaltung-sexistischer-sprache-in-verfassung\/\"},\"wordCount\":433,\"commentCount\":0,\"publisher\":{\"@id\":\"https:\/\/now-news.de\/de\/#organization\"},\"image\":{\"@id\":\"https:\/\/now-news.de\/de\/deutschland\/irland-stimmt-fuer-beibehaltung-sexistischer-sprache-in-verfassung\/#primaryimage\"},\"thumbnailUrl\":\"https:\/\/now-news.de\/de\/wp-content\/uploads\/sites\/3\/2024\/03\/Irland-stimmt-fuer-Beibehaltung-quotsexistischerquot-Sprache-in-Verfassung.jpg\",\"keywords\":[\"Beibehaltung\",\"f\u00fcr\",\"Irland\",\"quotsexistischerquot\",\"Sprache\",\"stimmt\",\"Verfassung\"],\"articleSection\":[\"Deutschland\",\"Russland\"],\"inLanguage\":\"de\",\"potentialAction\":[{\"@type\":\"CommentAction\",\"name\":\"Comment\",\"target\":[\"https:\/\/now-news.de\/de\/deutschland\/irland-stimmt-fuer-beibehaltung-sexistischer-sprache-in-verfassung\/#respond\"]}]},{\"@type\":\"WebPage\",\"@id\":\"https:\/\/now-news.de\/de\/deutschland\/irland-stimmt-fuer-beibehaltung-sexistischer-sprache-in-verfassung\/\",\"url\":\"https:\/\/now-news.de\/de\/deutschland\/irland-stimmt-fuer-beibehaltung-sexistischer-sprache-in-verfassung\/\",\"name\":\"Irland stimmt f\u00fcr Beibehaltung &quot;sexistischer&quot; Sprache in Verfassung - just-now.NEWS Deutschland\",\"isPartOf\":{\"@id\":\"https:\/\/now-news.de\/de\/#website\"},\"primaryImageOfPage\":{\"@id\":\"https:\/\/now-news.de\/de\/deutschland\/irland-stimmt-fuer-beibehaltung-sexistischer-sprache-in-verfassung\/#primaryimage\"},\"image\":{\"@id\":\"https:\/\/now-news.de\/de\/deutschland\/irland-stimmt-fuer-beibehaltung-sexistischer-sprache-in-verfassung\/#primaryimage\"},\"thumbnailUrl\":\"https:\/\/now-news.de\/de\/wp-content\/uploads\/sites\/3\/2024\/03\/Irland-stimmt-fuer-Beibehaltung-quotsexistischerquot-Sprache-in-Verfassung.jpg\",\"datePublished\":\"2024-03-10T15:22:20+00:00\",\"dateModified\":\"2024-03-10T15:22:20+00:00\",\"breadcrumb\":{\"@id\":\"https:\/\/now-news.de\/de\/deutschland\/irland-stimmt-fuer-beibehaltung-sexistischer-sprache-in-verfassung\/#breadcrumb\"},\"inLanguage\":\"de\",\"potentialAction\":[{\"@type\":\"ReadAction\",\"target\":[\"https:\/\/now-news.de\/de\/deutschland\/irland-stimmt-fuer-beibehaltung-sexistischer-sprache-in-verfassung\/\"]}]},{\"@type\":\"ImageObject\",\"inLanguage\":\"de\",\"@id\":\"https:\/\/now-news.de\/de\/deutschland\/irland-stimmt-fuer-beibehaltung-sexistischer-sprache-in-verfassung\/#primaryimage\",\"url\":\"https:\/\/now-news.de\/de\/wp-content\/uploads\/sites\/3\/2024\/03\/Irland-stimmt-fuer-Beibehaltung-quotsexistischerquot-Sprache-in-Verfassung.jpg\",\"contentUrl\":\"https:\/\/now-news.de\/de\/wp-content\/uploads\/sites\/3\/2024\/03\/Irland-stimmt-fuer-Beibehaltung-quotsexistischerquot-Sprache-in-Verfassung.jpg\",\"width\":460,\"height\":259,\"caption\":\"Irland stimmt f\u00fcr Beibehaltung &quot;sexistischer&quot; Sprache in Verfassung\"},{\"@type\":\"BreadcrumbList\",\"@id\":\"https:\/\/now-news.de\/de\/deutschland\/irland-stimmt-fuer-beibehaltung-sexistischer-sprache-in-verfassung\/#breadcrumb\",\"itemListElement\":[{\"@type\":\"ListItem\",\"position\":1,\"name\":\"Home\",\"item\":\"https:\/\/now-news.de\/de\/\"},{\"@type\":\"ListItem\",\"position\":2,\"name\":\"Irland stimmt f\u00fcr Beibehaltung &quot;sexistischer&quot; Sprache in Verfassung\"}]},{\"@type\":\"WebSite\",\"@id\":\"https:\/\/now-news.de\/de\/#website\",\"url\":\"https:\/\/now-news.de\/de\/\",\"name\":\"just-now.NEWS Deutschland\",\"description\":\"Das Portal f\u00fcr unzensierte Nachrichten aus der Welt\",\"publisher\":{\"@id\":\"https:\/\/now-news.de\/de\/#organization\"},\"potentialAction\":[{\"@type\":\"SearchAction\",\"target\":{\"@type\":\"EntryPoint\",\"urlTemplate\":\"https:\/\/now-news.de\/de\/?s={search_term_string}\"},\"query-input\":\"required name=search_term_string\"}],\"inLanguage\":\"de\"},{\"@type\":\"Organization\",\"@id\":\"https:\/\/now-news.de\/de\/#organization\",\"name\":\"Just Now News\",\"url\":\"https:\/\/now-news.de\/de\/\",\"logo\":{\"@type\":\"ImageObject\",\"inLanguage\":\"de\",\"@id\":\"https:\/\/now-news.de\/de\/#\/schema\/logo\/image\/\",\"url\":\"http:\/\/just-now.news\/de\/wp-content\/uploads\/sites\/3\/2022\/04\/logo500x500.jpg\",\"contentUrl\":\"http:\/\/just-now.news\/de\/wp-content\/uploads\/sites\/3\/2022\/04\/logo500x500.jpg\",\"width\":500,\"height\":500,\"caption\":\"Just Now News\"},\"image\":{\"@id\":\"https:\/\/now-news.de\/de\/#\/schema\/logo\/image\/\"},\"sameAs\":[\"https:\/\/www.facebook.com\/wirmachenauf\",\"https:\/\/x.com\/WirMachenAuf_de\"]},{\"@type\":\"Person\",\"@id\":\"https:\/\/now-news.de\/de\/#\/schema\/person\/fb534a4e865501d8b3285208df34a9b5\",\"name\":\"rtnews\",\"image\":{\"@type\":\"ImageObject\",\"inLanguage\":\"de\",\"@id\":\"https:\/\/now-news.de\/de\/#\/schema\/person\/image\/\",\"url\":\"https:\/\/secure.gravatar.com\/avatar\/82aafea7d8127119dd649515f56e2117?s=96&d=mm&r=g\",\"contentUrl\":\"https:\/\/secure.gravatar.com\/avatar\/82aafea7d8127119dd649515f56e2117?s=96&d=mm&r=g\",\"caption\":\"rtnews\"},\"url\":\"https:\/\/now-news.de\/de\/author\/rnews\/\"}]}<\/script>\n<!-- \/ Yoast SEO Premium plugin. -->","yoast_head_json":{"title":"Irland stimmt f\u00fcr Beibehaltung &quot;sexistischer&quot; Sprache in Verfassung - just-now.NEWS Deutschland","robots":{"index":"index","follow":"follow","max-snippet":"max-snippet:-1","max-image-preview":"max-image-preview:large","max-video-preview":"max-video-preview:-1"},"canonical":"https:\/\/now-news.de\/de\/deutschland\/irland-stimmt-fuer-beibehaltung-sexistischer-sprache-in-verfassung\/","og_locale":"de_DE","og_type":"article","og_title":"Irland stimmt f\u00fcr Beibehaltung &quot;sexistischer&quot; Sprache in Verfassung","og_description":"Die Bev\u00f6lkerung Irlands stimmte bei dem von der Regierung initiierten Referendum gegen Verfassungs\u00e4nderungen, mit denen der Begriff der Familie und die Rolle der Frau in der Familie erweitert werden sollte. Irlands derzeitige Verfassung wurde im Jahr 1937 angenommen. In Irland hat am internationalen Frauentag ein Referendum zum Thema Familie stattgefunden. Die irischen W\u00e4hler stimmten gegen [&hellip;]","og_url":"https:\/\/now-news.de\/de\/deutschland\/irland-stimmt-fuer-beibehaltung-sexistischer-sprache-in-verfassung\/","og_site_name":"just-now.NEWS Deutschland","article_publisher":"https:\/\/www.facebook.com\/wirmachenauf","article_published_time":"2024-03-10T15:22:20+00:00","og_image":[{"width":460,"height":259,"url":"https:\/\/now-news.de\/de\/wp-content\/uploads\/sites\/3\/2024\/03\/Irland-stimmt-fuer-Beibehaltung-quotsexistischerquot-Sprache-in-Verfassung.jpg","type":"image\/jpeg"}],"author":"rtnews","twitter_card":"summary_large_image","twitter_creator":"@WirMachenAuf_de","twitter_site":"@WirMachenAuf_de","twitter_misc":{"Verfasst von":"rtnews","Gesch\u00e4tzte Lesezeit":"2\u00a0Minuten"},"schema":{"@context":"https:\/\/schema.org","@graph":[{"@type":"Article","@id":"https:\/\/now-news.de\/de\/deutschland\/irland-stimmt-fuer-beibehaltung-sexistischer-sprache-in-verfassung\/#article","isPartOf":{"@id":"https:\/\/now-news.de\/de\/deutschland\/irland-stimmt-fuer-beibehaltung-sexistischer-sprache-in-verfassung\/"},"author":{"name":"rtnews","@id":"https:\/\/now-news.de\/de\/#\/schema\/person\/fb534a4e865501d8b3285208df34a9b5"},"headline":"Irland stimmt f\u00fcr Beibehaltung &quot;sexistischer&quot; Sprache in Verfassung","datePublished":"2024-03-10T15:22:20+00:00","dateModified":"2024-03-10T15:22:20+00:00","mainEntityOfPage":{"@id":"https:\/\/now-news.de\/de\/deutschland\/irland-stimmt-fuer-beibehaltung-sexistischer-sprache-in-verfassung\/"},"wordCount":433,"commentCount":0,"publisher":{"@id":"https:\/\/now-news.de\/de\/#organization"},"image":{"@id":"https:\/\/now-news.de\/de\/deutschland\/irland-stimmt-fuer-beibehaltung-sexistischer-sprache-in-verfassung\/#primaryimage"},"thumbnailUrl":"https:\/\/now-news.de\/de\/wp-content\/uploads\/sites\/3\/2024\/03\/Irland-stimmt-fuer-Beibehaltung-quotsexistischerquot-Sprache-in-Verfassung.jpg","keywords":["Beibehaltung","f\u00fcr","Irland","quotsexistischerquot","Sprache","stimmt","Verfassung"],"articleSection":["Deutschland","Russland"],"inLanguage":"de","potentialAction":[{"@type":"CommentAction","name":"Comment","target":["https:\/\/now-news.de\/de\/deutschland\/irland-stimmt-fuer-beibehaltung-sexistischer-sprache-in-verfassung\/#respond"]}]},{"@type":"WebPage","@id":"https:\/\/now-news.de\/de\/deutschland\/irland-stimmt-fuer-beibehaltung-sexistischer-sprache-in-verfassung\/","url":"https:\/\/now-news.de\/de\/deutschland\/irland-stimmt-fuer-beibehaltung-sexistischer-sprache-in-verfassung\/","name":"Irland stimmt f\u00fcr Beibehaltung &quot;sexistischer&quot; Sprache in Verfassung - just-now.NEWS Deutschland","isPartOf":{"@id":"https:\/\/now-news.de\/de\/#website"},"primaryImageOfPage":{"@id":"https:\/\/now-news.de\/de\/deutschland\/irland-stimmt-fuer-beibehaltung-sexistischer-sprache-in-verfassung\/#primaryimage"},"image":{"@id":"https:\/\/now-news.de\/de\/deutschland\/irland-stimmt-fuer-beibehaltung-sexistischer-sprache-in-verfassung\/#primaryimage"},"thumbnailUrl":"https:\/\/now-news.de\/de\/wp-content\/uploads\/sites\/3\/2024\/03\/Irland-stimmt-fuer-Beibehaltung-quotsexistischerquot-Sprache-in-Verfassung.jpg","datePublished":"2024-03-10T15:22:20+00:00","dateModified":"2024-03-10T15:22:20+00:00","breadcrumb":{"@id":"https:\/\/now-news.de\/de\/deutschland\/irland-stimmt-fuer-beibehaltung-sexistischer-sprache-in-verfassung\/#breadcrumb"},"inLanguage":"de","potentialAction":[{"@type":"ReadAction","target":["https:\/\/now-news.de\/de\/deutschland\/irland-stimmt-fuer-beibehaltung-sexistischer-sprache-in-verfassung\/"]}]},{"@type":"ImageObject","inLanguage":"de","@id":"https:\/\/now-news.de\/de\/deutschland\/irland-stimmt-fuer-beibehaltung-sexistischer-sprache-in-verfassung\/#primaryimage","url":"https:\/\/now-news.de\/de\/wp-content\/uploads\/sites\/3\/2024\/03\/Irland-stimmt-fuer-Beibehaltung-quotsexistischerquot-Sprache-in-Verfassung.jpg","contentUrl":"https:\/\/now-news.de\/de\/wp-content\/uploads\/sites\/3\/2024\/03\/Irland-stimmt-fuer-Beibehaltung-quotsexistischerquot-Sprache-in-Verfassung.jpg","width":460,"height":259,"caption":"Irland stimmt f\u00fcr Beibehaltung &quot;sexistischer&quot; Sprache in Verfassung"},{"@type":"BreadcrumbList","@id":"https:\/\/now-news.de\/de\/deutschland\/irland-stimmt-fuer-beibehaltung-sexistischer-sprache-in-verfassung\/#breadcrumb","itemListElement":[{"@type":"ListItem","position":1,"name":"Home","item":"https:\/\/now-news.de\/de\/"},{"@type":"ListItem","position":2,"name":"Irland stimmt f\u00fcr Beibehaltung &quot;sexistischer&quot; Sprache in Verfassung"}]},{"@type":"WebSite","@id":"https:\/\/now-news.de\/de\/#website","url":"https:\/\/now-news.de\/de\/","name":"just-now.NEWS Deutschland","description":"Das Portal f\u00fcr unzensierte Nachrichten aus der Welt","publisher":{"@id":"https:\/\/now-news.de\/de\/#organization"},"potentialAction":[{"@type":"SearchAction","target":{"@type":"EntryPoint","urlTemplate":"https:\/\/now-news.de\/de\/?s={search_term_string}"},"query-input":"required name=search_term_string"}],"inLanguage":"de"},{"@type":"Organization","@id":"https:\/\/now-news.de\/de\/#organization","name":"Just Now News","url":"https:\/\/now-news.de\/de\/","logo":{"@type":"ImageObject","inLanguage":"de","@id":"https:\/\/now-news.de\/de\/#\/schema\/logo\/image\/","url":"http:\/\/just-now.news\/de\/wp-content\/uploads\/sites\/3\/2022\/04\/logo500x500.jpg","contentUrl":"http:\/\/just-now.news\/de\/wp-content\/uploads\/sites\/3\/2022\/04\/logo500x500.jpg","width":500,"height":500,"caption":"Just Now News"},"image":{"@id":"https:\/\/now-news.de\/de\/#\/schema\/logo\/image\/"},"sameAs":["https:\/\/www.facebook.com\/wirmachenauf","https:\/\/x.com\/WirMachenAuf_de"]},{"@type":"Person","@id":"https:\/\/now-news.de\/de\/#\/schema\/person\/fb534a4e865501d8b3285208df34a9b5","name":"rtnews","image":{"@type":"ImageObject","inLanguage":"de","@id":"https:\/\/now-news.de\/de\/#\/schema\/person\/image\/","url":"https:\/\/secure.gravatar.com\/avatar\/82aafea7d8127119dd649515f56e2117?s=96&d=mm&r=g","contentUrl":"https:\/\/secure.gravatar.com\/avatar\/82aafea7d8127119dd649515f56e2117?s=96&d=mm&r=g","caption":"rtnews"},"url":"https:\/\/now-news.de\/de\/author\/rnews\/"}]}},"_links":{"self":[{"href":"https:\/\/now-news.de\/de\/wp-json\/wp\/v2\/posts\/56835"}],"collection":[{"href":"https:\/\/now-news.de\/de\/wp-json\/wp\/v2\/posts"}],"about":[{"href":"https:\/\/now-news.de\/de\/wp-json\/wp\/v2\/types\/post"}],"author":[{"embeddable":true,"href":"https:\/\/now-news.de\/de\/wp-json\/wp\/v2\/users\/3"}],"replies":[{"embeddable":true,"href":"https:\/\/now-news.de\/de\/wp-json\/wp\/v2\/comments?post=56835"}],"version-history":[{"count":0,"href":"https:\/\/now-news.de\/de\/wp-json\/wp\/v2\/posts\/56835\/revisions"}],"wp:featuredmedia":[{"embeddable":true,"href":"https:\/\/now-news.de\/de\/wp-json\/wp\/v2\/media\/56836"}],"wp:attachment":[{"href":"https:\/\/now-news.de\/de\/wp-json\/wp\/v2\/media?parent=56835"}],"wp:term":[{"taxonomy":"category","embeddable":true,"href":"https:\/\/now-news.de\/de\/wp-json\/wp\/v2\/categories?post=56835"},{"taxonomy":"post_tag","embeddable":true,"href":"https:\/\/now-news.de\/de\/wp-json\/wp\/v2\/tags?post=56835"}],"curies":[{"name":"wp","href":"https:\/\/api.w.org\/{rel}","templated":true}]}}