{"id":56828,"date":"2024-03-10T15:02:11","date_gmt":"2024-03-10T13:02:11","guid":{"rendered":"https:\/\/just-now.news\/de\/deutschland\/ich-schaeme-mich-deutsche-politiker-gehen-auf-den-papst-los\/"},"modified":"2024-03-10T15:02:11","modified_gmt":"2024-03-10T13:02:11","slug":"ich-schaeme-mich-deutsche-politiker-gehen-auf-den-papst-los","status":"publish","type":"post","link":"https:\/\/now-news.de\/de\/deutschland\/ich-schaeme-mich-deutsche-politiker-gehen-auf-den-papst-los\/","title":{"rendered":"&quot;Ich sch\u00e4me mich&quot;: Deutsche Politiker gehen auf den Papst los"},"content":{"rendered":"<p><img decoding=\"async\" src=\"http:\/\/just-now.news\/de\/wp-content\/uploads\/sites\/3\/2024\/03\/65eda903b480cc5bbd266c3e.jpg\" \/><\/p>\n<div class=\"Text-root Text-type_1 \">\n                Der Papst hat mit seiner Forderung an Kiew, &#8220;Mut zur wei\u00dfen Fahne&#8221; zu zeigen, die deutsche Politik in Wallung gebracht. Es gibt scharfe Kritik, unter anderem von den als Hardlinern bekannten Politikern Roderich Kiesewetter und Katrin G\u00f6ring-Eckardt.\n            <\/div>\n<p><\/p>\n<div class=\"Text-root Text-type_5 ArticleView-text ViewText-root \">\n<p>Deutsche Politiker und Kirchenvertreter haben Papst Franziskus scharf kritisiert. Dieser hatte in einem Interview von Kiew\u00a0&#8220;Mut zur wei\u00dfen Fahne&#8221; gefordert.<\/p>\n<p>Die Gr\u00fcnen-Politikerin und fr\u00fchere Theologie-Studentin Katrin G\u00f6ring-Eckardt schrieb auf X:<\/p>\n<p><em>&#8220;Es ist Putin, der den Krieg und das Leid sofort beenden kann \u2013 nicht die Ukraine. \u00dcber Frieden wird und muss verhandelt werden \u2013 aber auf Augenh\u00f6he. Frieden kann es nur geben, wenn er gerecht ist, wenn er die Existenz und Identit\u00e4t der Ukraine wahrt.&#8221;<\/em><\/p>\n<div class=\"EmbedBlock-root EmbedBlock-twitter\">\n<div class=\"TwitterEmbed\">\n<blockquote class=\"twitter-tweet lazyload\" data-twitter=\"twitter-tweet\">\n<p lang=\"de\" dir=\"ltr\">Es ist Putin, der den Krieg und das Leid sofort beenden kann \u2013 nicht die Ukraine. \u00dcber Frieden wird und muss verhandelt werden \u2013 aber auf Augenh\u00f6he. Frieden kann es nur geben, wenn er gerecht ist, wenn er die Existenz und Identit\u00e4t der Ukraine wahrt.<a rel=\"nofollow noopener\" target=\"_blank\" href=\"https:\/\/t.co\/GYQsp5njhA\">https:\/\/t.co\/GYQsp5njhA<\/a><\/p>\n<p>\u2014 Katrin G\u00f6ring-Eckardt (@GoeringEckardt) <a rel=\"nofollow noopener\" target=\"_blank\" href=\"https:\/\/twitter.com\/GoeringEckardt\/status\/1766796754396074071?ref_src=twsrc%5Etfw\">March 10, 2024<\/a><\/p><\/blockquote>\n<\/div>\n<\/div>\n<p>Sch\u00e4rfer \u00e4u\u00dferte sich der oft als Kriegstreiber kritisierte CDU-Abgeordnete Roderich Kiesewetter. Ebenfalls auf X schrieb der Reserveoffizier, der in den Medien als potenzieller Verteidigungsminister gehandelt wird (Schreibung wie im Original):<\/p>\n<p><em>&#8220;Unglaublich, das Oberhaupt der katholischen Kirche stellt sich auf die Seite des Agressors. Wie traurig! Papst fordert von UKR &#8216;wei\u00dfe Fahne zu hissen + ein Ende des russ. Angriffskrieges auszuhandeln&#8217;. Er liefert Putin Blaupause f\u00fcr weiteres Vorgehen.&#8221;<\/em><\/p>\n<div class=\"EmbedBlock-root EmbedBlock-twitter\">\n<div class=\"TwitterEmbed\">\n<blockquote class=\"twitter-tweet lazyload\" data-twitter=\"twitter-tweet\">\n<p lang=\"de\" dir=\"ltr\">Unglaublich, das Oberhaupt der katholischen Kirche stellt sich auf die Seite des Agressors. Wie traurig! Papst fordert von UKR \u201ewei\u00dfe Fahne zu hissen + ein Ende des russ. Angriffskrieges auszuhandeln\u201c. Er liefert Putin Blaupause f\u00fcr weiteres Vorgehen. <a rel=\"nofollow noopener\" target=\"_blank\" href=\"https:\/\/t.co\/m1klnuImuZ\">https:\/\/t.co\/m1klnuImuZ<\/a><\/p>\n<p>\u2014 Roderich Kiesewetter\ud83c\uddea\ud83c\uddfa\ud83c\udde9\ud83c\uddea\ud83c\uddee\ud83c\uddf1\ud83c\uddfa\ud83c\udde6 (@RKiesewetter) <a rel=\"nofollow noopener\" target=\"_blank\" href=\"https:\/\/twitter.com\/RKiesewetter\/status\/1766558632617869589?ref_src=twsrc%5Etfw\">March 9, 2024<\/a><\/p><\/blockquote>\n<\/div>\n<\/div>\n<p>Emp\u00f6rt gab sich auch der CDU-Abgeordnete Matthias Hauer. Er sch\u00e4me sich als Katholik:<\/p>\n<p><em>&#8220;Der Papst r\u00e4t also der Ukraine zu einer Existenz unter russischer Diktatur. Ich sch\u00e4me mich als katholischer Christ einmal mehr f\u00fcr das Versagen der R\u00f6misch-katholischen Kirche an zentraler Stelle.&#8221;<\/em><\/p>\n<div class=\"EmbedBlock-root EmbedBlock-twitter\">\n<div class=\"TwitterEmbed\">\n<blockquote class=\"twitter-tweet lazyload\" data-twitter=\"twitter-tweet\">\n<p lang=\"de\" dir=\"ltr\">Der <a rel=\"nofollow noopener\" target=\"_blank\" href=\"https:\/\/twitter.com\/hashtag\/Papst?src=hash&amp;ref_src=twsrc%5Etfw\">#Papst<\/a> r\u00e4t also der <a rel=\"nofollow noopener\" target=\"_blank\" href=\"https:\/\/twitter.com\/hashtag\/Ukraine?src=hash&amp;ref_src=twsrc%5Etfw\">#Ukraine<\/a> zu einer Existenz unter russischer Diktatur. Ich sch\u00e4me mich als katholischer Christ einmal mehr f\u00fcr das Versagen der R\u00f6misch-katholischen Kirche an zentraler Stelle.<\/p>\n<p>\u2014 Matthias Hauer \ud83c\udde9\ud83c\uddea\ud83c\uddea\ud83c\uddfa (@MatthiasHauer) <a rel=\"nofollow noopener\" target=\"_blank\" href=\"https:\/\/twitter.com\/MatthiasHauer\/status\/1766605003605651632?ref_src=twsrc%5Etfw\">March 9, 2024<\/a><\/p><\/blockquote>\n<\/div>\n<\/div>\n<p>Auch \u00f6ffentlich-rechtliche Journalisten meldeten sich gewohnt objektiv zu Wort. Annette Dittert, die Korrespondentin der <em>ARD<\/em> in London, schrieb auf X in Englisch:<\/p>\n<p><em>&#8220;Seit wann ist es Aufgabe des Papstes, Leuten zu raten, sie sollten sich dem B\u00f6sen ergeben?&#8221;<\/em><\/p>\n<div class=\"EmbedBlock-root EmbedBlock-twitter\">\n<div class=\"TwitterEmbed\">\n<blockquote class=\"twitter-tweet lazyload\" data-twitter=\"twitter-tweet\">\n<p lang=\"en\" dir=\"ltr\">Since when is it the job of a Pope to advise people they should surrender to evil ? <a rel=\"nofollow noopener\" target=\"_blank\" href=\"https:\/\/t.co\/Iq1crnftTd\">https:\/\/t.co\/Iq1crnftTd<\/a><\/p>\n<p>\u2014 Annette Dittert \uea00 (@annettedittert) <a rel=\"nofollow noopener\" target=\"_blank\" href=\"https:\/\/twitter.com\/annettedittert\/status\/1766707278324125914?ref_src=twsrc%5Etfw\">March 10, 2024<\/a><\/p><\/blockquote>\n<\/div>\n<\/div>\n<p>Kritik kommt auch von der FDP-Abgeordneten und R\u00fcstungslobbyistin\u00a0Marie-Agnes Strack-Zimmermann. Sie schrieb auf X:<a rel=\"nofollow noopener\" target=\"_blank\" href=\"https:\/\/twitter.com\/MAStrackZi\"><\/a><\/p>\n<p><em>&#8220;Bevor die ukrainischen Opfer die wei\u00dfe Flagge hissen, sollte der Papst laut und un\u00fcberh\u00f6rbar die brutalen russischen T\u00e4ter auffordern, ihre Jolly Rogger (Piratenfahne), das Symbol f\u00fcr den Tod und den Satan, einzuholen.\u00a0Und warum in Gottes Namen verurteilt er nicht die verbale m\u00f6rderische Hetze von Kyrill I., Vorsteher der russisch-orthodoxen Kirche und Ex-KGB-Agent, dem ukrainischen Volk gegen\u00fcber? Ich sch\u00e4me mich als Katholikin, dass er das unterl\u00e4sst.&#8221;<\/em><\/p>\n<div class=\"EmbedBlock-root EmbedBlock-twitter\">\n<div class=\"TwitterEmbed\">\n<blockquote class=\"twitter-tweet lazyload\" data-twitter=\"twitter-tweet\">\n<p lang=\"de\" dir=\"ltr\">Bevor die ukrainischen Opfer die wei\u00dfe Flagge hissen, sollte der Papst laut und un\u00fcberh\u00f6rbar die brutalen russischen T\u00e4ter auffordern, ihre Jolly Rogger (Piratenfahne), das Symbol f\u00fcr den Tod und den Satan, einzuholen.<\/p>\n<p>\u2014 Marie-Agnes Strack-Zimmermann (@MAStrackZi) <a rel=\"nofollow noopener\" target=\"_blank\" href=\"https:\/\/twitter.com\/MAStrackZi\/status\/1766790085033275402?ref_src=twsrc%5Etfw\">March 10, 2024<\/a><\/p><\/blockquote>\n<\/div>\n<\/div>\n<p>Auch Kirchenvertreter reihten sich in den Reigen der Papst-Kritiker ein.\u00a0<\/p>\n<p>Die Pr\u00e4sidentin des Evangelischen Kirchentages 2025 in Hannover und fr\u00fchere Gr\u00fcnen-Politikerin Anja Siegesmund sagte dem zur SPD-nahen Madsack-Mediengruppe geh\u00f6renden <em>RedaktionsNetzwerk:<\/em><\/p>\n<p><em>&#8220;Die Sehnsucht nach Frieden darf nicht dazu f\u00fchren, dass das Recht des vermeintlich St\u00e4rkeren siegt.&#8221;<\/em><\/p>\n<p>Wer die eigene Freiheit verteidige, bed\u00fcrfe der Unterst\u00fctzung aller, die jetzt in Freiheit leben. Siegesmund weiter:<\/p>\n<p><em>&#8220;Wir stehen weiter an der Seite der Ukraine.&#8221;<\/em><\/p>\n<p>Franziskus hatte in einem Interview am Sonnabend von\u00a0Kiew\u00a0den Mut eingefordert, die wei\u00dfe Fahne zu hissen und ein Ende des Krieges mit Russland auszuhandeln. Er glaube &#8220;dass der St\u00e4rkste derjenige ist, der die Situation betrachtet, an die Menschen denkt, den Mut der wei\u00dfen Fahne hat und verhandelt&#8221;. Der\u00a0Vatikan relativierte die Aussagen kurz darauf.<\/p>\n<p><strong>Mehr zum Thema<\/strong> &#8211; <a rel=\"nofollow noopener\" target=\"_blank\" href=\"https:\/\/freedert.online\/europa\/198878-papst-franziskus-fordert-von-kiew\/\">Papst Franziskus fordert von Kiew &#8220;Mut zur wei\u00dfen Fahne&#8221;<\/a><\/p>\n<div class=\"EmbedBlock-root EmbedBlock-externalVideo EmbedBlock-odysee\">\n<div class=\"VkEmbed\"><iframe class=\"lazyload\" data-src=\"https:\/\/odysee.com\/%24\/embed\/%40RTDE%3Ae%2FPutins-scharfe-nukleare-Warnung%3A8\" frameborder=\"0\" width=\"853\" height=\"480\" allowfullscreen><\/iframe><\/div>\n<\/div>\n<\/div>\n<p><script async src=\"https:\/\/platform.twitter.com\/widgets.js\" charset=\"utf-8\"><\/script><br \/>\n<br \/><br \/>\n<br \/><a href=\"https:\/\/de.rt.com\/inland\/198902-ich-schaeme-mich-deutsche-politiker\/\">Source link <\/a><\/p>\n","protected":false},"excerpt":{"rendered":"<p>Der Papst hat mit seiner Forderung an Kiew, &#8220;Mut zur wei\u00dfen Fahne&#8221; zu zeigen, die deutsche Politik in Wallung gebracht. Es gibt scharfe Kritik, unter anderem von den als Hardlinern bekannten Politikern Roderich Kiesewetter und Katrin G\u00f6ring-Eckardt. Deutsche Politiker und Kirchenvertreter haben Papst Franziskus scharf kritisiert. Dieser hatte in einem Interview von Kiew\u00a0&#8220;Mut zur wei\u00dfen [&hellip;]<\/p>\n","protected":false},"author":3,"featured_media":56829,"comment_status":"open","ping_status":"open","sticky":false,"template":"","format":"standard","meta":{"_yoast_indexnow_last_ping":["1710076027"],"wp_automatic_camp":["217"],"f3cafce06436edd5fe6b5fab7d1df5b7":["&quot;Ich sch\u00e4me mich&quot;: Deutsche Politiker gehen auf den Papst los"],"original_link":["https:\/\/de.rt.com\/inland\/198902-ich-schaeme-mich-deutsche-politiker\/"],"_thumbnail_id":["56829"],"jnews_social_counter_last_update":["1777344756"],"_wptgpro_p2tg_sent2tg":["a:1:{i:23737;s:19:\"2024-03-10 15:10:17\";}"]},"categories":[19,23],"tags":[133,48,2374,600,11578,34428,2665,5679,7155,54280],"yoast_head":"<!-- This site is optimized with the Yoast SEO Premium plugin v22.7 (Yoast SEO v22.7) - https:\/\/yoast.com\/wordpress\/plugins\/seo\/ -->\n<title>&quot;Ich sch\u00e4me mich&quot;: Deutsche Politiker gehen auf den Papst los - just-now.NEWS Deutschland<\/title>\n<meta name=\"robots\" content=\"index, follow, max-snippet:-1, max-image-preview:large, max-video-preview:-1\" \/>\n<link rel=\"canonical\" href=\"https:\/\/now-news.de\/de\/deutschland\/ich-schaeme-mich-deutsche-politiker-gehen-auf-den-papst-los\/\" \/>\n<meta property=\"og:locale\" content=\"de_DE\" \/>\n<meta property=\"og:type\" content=\"article\" \/>\n<meta property=\"og:title\" content=\"&quot;Ich sch\u00e4me mich&quot;: Deutsche Politiker gehen auf den Papst los\" \/>\n<meta property=\"og:description\" content=\"Der Papst hat mit seiner Forderung an Kiew, &#8220;Mut zur wei\u00dfen Fahne&#8221; zu zeigen, die deutsche Politik in Wallung gebracht. Es gibt scharfe Kritik, unter anderem von den als Hardlinern bekannten Politikern Roderich Kiesewetter und Katrin G\u00f6ring-Eckardt. Deutsche Politiker und Kirchenvertreter haben Papst Franziskus scharf kritisiert. Dieser hatte in einem Interview von Kiew\u00a0&#8220;Mut zur wei\u00dfen [&hellip;]\" \/>\n<meta property=\"og:url\" content=\"https:\/\/now-news.de\/de\/deutschland\/ich-schaeme-mich-deutsche-politiker-gehen-auf-den-papst-los\/\" \/>\n<meta property=\"og:site_name\" content=\"just-now.NEWS Deutschland\" \/>\n<meta property=\"article:publisher\" content=\"https:\/\/www.facebook.com\/wirmachenauf\" \/>\n<meta property=\"article:published_time\" content=\"2024-03-10T13:02:11+00:00\" \/>\n<meta property=\"og:image\" content=\"https:\/\/now-news.de\/de\/wp-content\/uploads\/sites\/3\/2024\/03\/quotIch-schaeme-michquot-Deutsche-Politiker-gehen-auf-den-Papst-los.jpg\" \/>\n\t<meta property=\"og:image:width\" content=\"460\" \/>\n\t<meta property=\"og:image:height\" content=\"259\" \/>\n\t<meta property=\"og:image:type\" content=\"image\/jpeg\" \/>\n<meta name=\"author\" content=\"rtnews\" \/>\n<meta name=\"twitter:card\" content=\"summary_large_image\" \/>\n<meta name=\"twitter:creator\" content=\"@WirMachenAuf_de\" \/>\n<meta name=\"twitter:site\" content=\"@WirMachenAuf_de\" \/>\n<meta name=\"twitter:label1\" content=\"Verfasst von\" \/>\n\t<meta name=\"twitter:data1\" content=\"rtnews\" \/>\n\t<meta name=\"twitter:label2\" content=\"Gesch\u00e4tzte Lesezeit\" \/>\n\t<meta name=\"twitter:data2\" content=\"4\u00a0Minuten\" \/>\n<script type=\"application\/ld+json\" class=\"yoast-schema-graph\">{\"@context\":\"https:\/\/schema.org\",\"@graph\":[{\"@type\":\"Article\",\"@id\":\"https:\/\/now-news.de\/de\/deutschland\/ich-schaeme-mich-deutsche-politiker-gehen-auf-den-papst-los\/#article\",\"isPartOf\":{\"@id\":\"https:\/\/now-news.de\/de\/deutschland\/ich-schaeme-mich-deutsche-politiker-gehen-auf-den-papst-los\/\"},\"author\":{\"name\":\"rtnews\",\"@id\":\"https:\/\/now-news.de\/de\/#\/schema\/person\/fb534a4e865501d8b3285208df34a9b5\"},\"headline\":\"&quot;Ich sch\u00e4me mich&quot;: Deutsche Politiker gehen auf den Papst los\",\"datePublished\":\"2024-03-10T13:02:11+00:00\",\"dateModified\":\"2024-03-10T13:02:11+00:00\",\"mainEntityOfPage\":{\"@id\":\"https:\/\/now-news.de\/de\/deutschland\/ich-schaeme-mich-deutsche-politiker-gehen-auf-den-papst-los\/\"},\"wordCount\":736,\"commentCount\":0,\"publisher\":{\"@id\":\"https:\/\/now-news.de\/de\/#organization\"},\"image\":{\"@id\":\"https:\/\/now-news.de\/de\/deutschland\/ich-schaeme-mich-deutsche-politiker-gehen-auf-den-papst-los\/#primaryimage\"},\"thumbnailUrl\":\"https:\/\/now-news.de\/de\/wp-content\/uploads\/sites\/3\/2024\/03\/quotIch-schaeme-michquot-Deutsche-Politiker-gehen-auf-den-Papst-los.jpg\",\"keywords\":[\"AUF\",\"den\",\"Deutsche\",\"gehen\",\"los\",\"michquot\",\"papst\",\"Politiker\",\"quotIch\",\"sch\u00e4me\"],\"articleSection\":[\"Deutschland\",\"Russland\"],\"inLanguage\":\"de\",\"potentialAction\":[{\"@type\":\"CommentAction\",\"name\":\"Comment\",\"target\":[\"https:\/\/now-news.de\/de\/deutschland\/ich-schaeme-mich-deutsche-politiker-gehen-auf-den-papst-los\/#respond\"]}]},{\"@type\":\"WebPage\",\"@id\":\"https:\/\/now-news.de\/de\/deutschland\/ich-schaeme-mich-deutsche-politiker-gehen-auf-den-papst-los\/\",\"url\":\"https:\/\/now-news.de\/de\/deutschland\/ich-schaeme-mich-deutsche-politiker-gehen-auf-den-papst-los\/\",\"name\":\"&quot;Ich sch\u00e4me mich&quot;: Deutsche Politiker gehen auf den Papst los - just-now.NEWS Deutschland\",\"isPartOf\":{\"@id\":\"https:\/\/now-news.de\/de\/#website\"},\"primaryImageOfPage\":{\"@id\":\"https:\/\/now-news.de\/de\/deutschland\/ich-schaeme-mich-deutsche-politiker-gehen-auf-den-papst-los\/#primaryimage\"},\"image\":{\"@id\":\"https:\/\/now-news.de\/de\/deutschland\/ich-schaeme-mich-deutsche-politiker-gehen-auf-den-papst-los\/#primaryimage\"},\"thumbnailUrl\":\"https:\/\/now-news.de\/de\/wp-content\/uploads\/sites\/3\/2024\/03\/quotIch-schaeme-michquot-Deutsche-Politiker-gehen-auf-den-Papst-los.jpg\",\"datePublished\":\"2024-03-10T13:02:11+00:00\",\"dateModified\":\"2024-03-10T13:02:11+00:00\",\"breadcrumb\":{\"@id\":\"https:\/\/now-news.de\/de\/deutschland\/ich-schaeme-mich-deutsche-politiker-gehen-auf-den-papst-los\/#breadcrumb\"},\"inLanguage\":\"de\",\"potentialAction\":[{\"@type\":\"ReadAction\",\"target\":[\"https:\/\/now-news.de\/de\/deutschland\/ich-schaeme-mich-deutsche-politiker-gehen-auf-den-papst-los\/\"]}]},{\"@type\":\"ImageObject\",\"inLanguage\":\"de\",\"@id\":\"https:\/\/now-news.de\/de\/deutschland\/ich-schaeme-mich-deutsche-politiker-gehen-auf-den-papst-los\/#primaryimage\",\"url\":\"https:\/\/now-news.de\/de\/wp-content\/uploads\/sites\/3\/2024\/03\/quotIch-schaeme-michquot-Deutsche-Politiker-gehen-auf-den-Papst-los.jpg\",\"contentUrl\":\"https:\/\/now-news.de\/de\/wp-content\/uploads\/sites\/3\/2024\/03\/quotIch-schaeme-michquot-Deutsche-Politiker-gehen-auf-den-Papst-los.jpg\",\"width\":460,\"height\":259,\"caption\":\"&quot;Ich sch\u00e4me mich&quot;: Deutsche Politiker gehen auf den Papst los\"},{\"@type\":\"BreadcrumbList\",\"@id\":\"https:\/\/now-news.de\/de\/deutschland\/ich-schaeme-mich-deutsche-politiker-gehen-auf-den-papst-los\/#breadcrumb\",\"itemListElement\":[{\"@type\":\"ListItem\",\"position\":1,\"name\":\"Home\",\"item\":\"https:\/\/now-news.de\/de\/\"},{\"@type\":\"ListItem\",\"position\":2,\"name\":\"&quot;Ich sch\u00e4me mich&quot;: Deutsche Politiker gehen auf den Papst los\"}]},{\"@type\":\"WebSite\",\"@id\":\"https:\/\/now-news.de\/de\/#website\",\"url\":\"https:\/\/now-news.de\/de\/\",\"name\":\"just-now.NEWS Deutschland\",\"description\":\"Das Portal f\u00fcr unzensierte Nachrichten aus der Welt\",\"publisher\":{\"@id\":\"https:\/\/now-news.de\/de\/#organization\"},\"potentialAction\":[{\"@type\":\"SearchAction\",\"target\":{\"@type\":\"EntryPoint\",\"urlTemplate\":\"https:\/\/now-news.de\/de\/?s={search_term_string}\"},\"query-input\":\"required name=search_term_string\"}],\"inLanguage\":\"de\"},{\"@type\":\"Organization\",\"@id\":\"https:\/\/now-news.de\/de\/#organization\",\"name\":\"Just Now News\",\"url\":\"https:\/\/now-news.de\/de\/\",\"logo\":{\"@type\":\"ImageObject\",\"inLanguage\":\"de\",\"@id\":\"https:\/\/now-news.de\/de\/#\/schema\/logo\/image\/\",\"url\":\"http:\/\/just-now.news\/de\/wp-content\/uploads\/sites\/3\/2022\/04\/logo500x500.jpg\",\"contentUrl\":\"http:\/\/just-now.news\/de\/wp-content\/uploads\/sites\/3\/2022\/04\/logo500x500.jpg\",\"width\":500,\"height\":500,\"caption\":\"Just Now News\"},\"image\":{\"@id\":\"https:\/\/now-news.de\/de\/#\/schema\/logo\/image\/\"},\"sameAs\":[\"https:\/\/www.facebook.com\/wirmachenauf\",\"https:\/\/x.com\/WirMachenAuf_de\"]},{\"@type\":\"Person\",\"@id\":\"https:\/\/now-news.de\/de\/#\/schema\/person\/fb534a4e865501d8b3285208df34a9b5\",\"name\":\"rtnews\",\"image\":{\"@type\":\"ImageObject\",\"inLanguage\":\"de\",\"@id\":\"https:\/\/now-news.de\/de\/#\/schema\/person\/image\/\",\"url\":\"https:\/\/secure.gravatar.com\/avatar\/82aafea7d8127119dd649515f56e2117?s=96&d=mm&r=g\",\"contentUrl\":\"https:\/\/secure.gravatar.com\/avatar\/82aafea7d8127119dd649515f56e2117?s=96&d=mm&r=g\",\"caption\":\"rtnews\"},\"url\":\"https:\/\/now-news.de\/de\/author\/rnews\/\"}]}<\/script>\n<!-- \/ Yoast SEO Premium plugin. -->","yoast_head_json":{"title":"&quot;Ich sch\u00e4me mich&quot;: Deutsche Politiker gehen auf den Papst los - just-now.NEWS Deutschland","robots":{"index":"index","follow":"follow","max-snippet":"max-snippet:-1","max-image-preview":"max-image-preview:large","max-video-preview":"max-video-preview:-1"},"canonical":"https:\/\/now-news.de\/de\/deutschland\/ich-schaeme-mich-deutsche-politiker-gehen-auf-den-papst-los\/","og_locale":"de_DE","og_type":"article","og_title":"&quot;Ich sch\u00e4me mich&quot;: Deutsche Politiker gehen auf den Papst los","og_description":"Der Papst hat mit seiner Forderung an Kiew, &#8220;Mut zur wei\u00dfen Fahne&#8221; zu zeigen, die deutsche Politik in Wallung gebracht. Es gibt scharfe Kritik, unter anderem von den als Hardlinern bekannten Politikern Roderich Kiesewetter und Katrin G\u00f6ring-Eckardt. Deutsche Politiker und Kirchenvertreter haben Papst Franziskus scharf kritisiert. Dieser hatte in einem Interview von Kiew\u00a0&#8220;Mut zur wei\u00dfen [&hellip;]","og_url":"https:\/\/now-news.de\/de\/deutschland\/ich-schaeme-mich-deutsche-politiker-gehen-auf-den-papst-los\/","og_site_name":"just-now.NEWS Deutschland","article_publisher":"https:\/\/www.facebook.com\/wirmachenauf","article_published_time":"2024-03-10T13:02:11+00:00","og_image":[{"width":460,"height":259,"url":"https:\/\/now-news.de\/de\/wp-content\/uploads\/sites\/3\/2024\/03\/quotIch-schaeme-michquot-Deutsche-Politiker-gehen-auf-den-Papst-los.jpg","type":"image\/jpeg"}],"author":"rtnews","twitter_card":"summary_large_image","twitter_creator":"@WirMachenAuf_de","twitter_site":"@WirMachenAuf_de","twitter_misc":{"Verfasst von":"rtnews","Gesch\u00e4tzte Lesezeit":"4\u00a0Minuten"},"schema":{"@context":"https:\/\/schema.org","@graph":[{"@type":"Article","@id":"https:\/\/now-news.de\/de\/deutschland\/ich-schaeme-mich-deutsche-politiker-gehen-auf-den-papst-los\/#article","isPartOf":{"@id":"https:\/\/now-news.de\/de\/deutschland\/ich-schaeme-mich-deutsche-politiker-gehen-auf-den-papst-los\/"},"author":{"name":"rtnews","@id":"https:\/\/now-news.de\/de\/#\/schema\/person\/fb534a4e865501d8b3285208df34a9b5"},"headline":"&quot;Ich sch\u00e4me mich&quot;: Deutsche Politiker gehen auf den Papst los","datePublished":"2024-03-10T13:02:11+00:00","dateModified":"2024-03-10T13:02:11+00:00","mainEntityOfPage":{"@id":"https:\/\/now-news.de\/de\/deutschland\/ich-schaeme-mich-deutsche-politiker-gehen-auf-den-papst-los\/"},"wordCount":736,"commentCount":0,"publisher":{"@id":"https:\/\/now-news.de\/de\/#organization"},"image":{"@id":"https:\/\/now-news.de\/de\/deutschland\/ich-schaeme-mich-deutsche-politiker-gehen-auf-den-papst-los\/#primaryimage"},"thumbnailUrl":"https:\/\/now-news.de\/de\/wp-content\/uploads\/sites\/3\/2024\/03\/quotIch-schaeme-michquot-Deutsche-Politiker-gehen-auf-den-Papst-los.jpg","keywords":["AUF","den","Deutsche","gehen","los","michquot","papst","Politiker","quotIch","sch\u00e4me"],"articleSection":["Deutschland","Russland"],"inLanguage":"de","potentialAction":[{"@type":"CommentAction","name":"Comment","target":["https:\/\/now-news.de\/de\/deutschland\/ich-schaeme-mich-deutsche-politiker-gehen-auf-den-papst-los\/#respond"]}]},{"@type":"WebPage","@id":"https:\/\/now-news.de\/de\/deutschland\/ich-schaeme-mich-deutsche-politiker-gehen-auf-den-papst-los\/","url":"https:\/\/now-news.de\/de\/deutschland\/ich-schaeme-mich-deutsche-politiker-gehen-auf-den-papst-los\/","name":"&quot;Ich sch\u00e4me mich&quot;: Deutsche Politiker gehen auf den Papst los - just-now.NEWS Deutschland","isPartOf":{"@id":"https:\/\/now-news.de\/de\/#website"},"primaryImageOfPage":{"@id":"https:\/\/now-news.de\/de\/deutschland\/ich-schaeme-mich-deutsche-politiker-gehen-auf-den-papst-los\/#primaryimage"},"image":{"@id":"https:\/\/now-news.de\/de\/deutschland\/ich-schaeme-mich-deutsche-politiker-gehen-auf-den-papst-los\/#primaryimage"},"thumbnailUrl":"https:\/\/now-news.de\/de\/wp-content\/uploads\/sites\/3\/2024\/03\/quotIch-schaeme-michquot-Deutsche-Politiker-gehen-auf-den-Papst-los.jpg","datePublished":"2024-03-10T13:02:11+00:00","dateModified":"2024-03-10T13:02:11+00:00","breadcrumb":{"@id":"https:\/\/now-news.de\/de\/deutschland\/ich-schaeme-mich-deutsche-politiker-gehen-auf-den-papst-los\/#breadcrumb"},"inLanguage":"de","potentialAction":[{"@type":"ReadAction","target":["https:\/\/now-news.de\/de\/deutschland\/ich-schaeme-mich-deutsche-politiker-gehen-auf-den-papst-los\/"]}]},{"@type":"ImageObject","inLanguage":"de","@id":"https:\/\/now-news.de\/de\/deutschland\/ich-schaeme-mich-deutsche-politiker-gehen-auf-den-papst-los\/#primaryimage","url":"https:\/\/now-news.de\/de\/wp-content\/uploads\/sites\/3\/2024\/03\/quotIch-schaeme-michquot-Deutsche-Politiker-gehen-auf-den-Papst-los.jpg","contentUrl":"https:\/\/now-news.de\/de\/wp-content\/uploads\/sites\/3\/2024\/03\/quotIch-schaeme-michquot-Deutsche-Politiker-gehen-auf-den-Papst-los.jpg","width":460,"height":259,"caption":"&quot;Ich sch\u00e4me mich&quot;: Deutsche Politiker gehen auf den Papst los"},{"@type":"BreadcrumbList","@id":"https:\/\/now-news.de\/de\/deutschland\/ich-schaeme-mich-deutsche-politiker-gehen-auf-den-papst-los\/#breadcrumb","itemListElement":[{"@type":"ListItem","position":1,"name":"Home","item":"https:\/\/now-news.de\/de\/"},{"@type":"ListItem","position":2,"name":"&quot;Ich sch\u00e4me mich&quot;: Deutsche Politiker gehen auf den Papst los"}]},{"@type":"WebSite","@id":"https:\/\/now-news.de\/de\/#website","url":"https:\/\/now-news.de\/de\/","name":"just-now.NEWS Deutschland","description":"Das Portal f\u00fcr unzensierte Nachrichten aus der Welt","publisher":{"@id":"https:\/\/now-news.de\/de\/#organization"},"potentialAction":[{"@type":"SearchAction","target":{"@type":"EntryPoint","urlTemplate":"https:\/\/now-news.de\/de\/?s={search_term_string}"},"query-input":"required name=search_term_string"}],"inLanguage":"de"},{"@type":"Organization","@id":"https:\/\/now-news.de\/de\/#organization","name":"Just Now News","url":"https:\/\/now-news.de\/de\/","logo":{"@type":"ImageObject","inLanguage":"de","@id":"https:\/\/now-news.de\/de\/#\/schema\/logo\/image\/","url":"http:\/\/just-now.news\/de\/wp-content\/uploads\/sites\/3\/2022\/04\/logo500x500.jpg","contentUrl":"http:\/\/just-now.news\/de\/wp-content\/uploads\/sites\/3\/2022\/04\/logo500x500.jpg","width":500,"height":500,"caption":"Just Now News"},"image":{"@id":"https:\/\/now-news.de\/de\/#\/schema\/logo\/image\/"},"sameAs":["https:\/\/www.facebook.com\/wirmachenauf","https:\/\/x.com\/WirMachenAuf_de"]},{"@type":"Person","@id":"https:\/\/now-news.de\/de\/#\/schema\/person\/fb534a4e865501d8b3285208df34a9b5","name":"rtnews","image":{"@type":"ImageObject","inLanguage":"de","@id":"https:\/\/now-news.de\/de\/#\/schema\/person\/image\/","url":"https:\/\/secure.gravatar.com\/avatar\/82aafea7d8127119dd649515f56e2117?s=96&d=mm&r=g","contentUrl":"https:\/\/secure.gravatar.com\/avatar\/82aafea7d8127119dd649515f56e2117?s=96&d=mm&r=g","caption":"rtnews"},"url":"https:\/\/now-news.de\/de\/author\/rnews\/"}]}},"_links":{"self":[{"href":"https:\/\/now-news.de\/de\/wp-json\/wp\/v2\/posts\/56828"}],"collection":[{"href":"https:\/\/now-news.de\/de\/wp-json\/wp\/v2\/posts"}],"about":[{"href":"https:\/\/now-news.de\/de\/wp-json\/wp\/v2\/types\/post"}],"author":[{"embeddable":true,"href":"https:\/\/now-news.de\/de\/wp-json\/wp\/v2\/users\/3"}],"replies":[{"embeddable":true,"href":"https:\/\/now-news.de\/de\/wp-json\/wp\/v2\/comments?post=56828"}],"version-history":[{"count":0,"href":"https:\/\/now-news.de\/de\/wp-json\/wp\/v2\/posts\/56828\/revisions"}],"wp:featuredmedia":[{"embeddable":true,"href":"https:\/\/now-news.de\/de\/wp-json\/wp\/v2\/media\/56829"}],"wp:attachment":[{"href":"https:\/\/now-news.de\/de\/wp-json\/wp\/v2\/media?parent=56828"}],"wp:term":[{"taxonomy":"category","embeddable":true,"href":"https:\/\/now-news.de\/de\/wp-json\/wp\/v2\/categories?post=56828"},{"taxonomy":"post_tag","embeddable":true,"href":"https:\/\/now-news.de\/de\/wp-json\/wp\/v2\/tags?post=56828"}],"curies":[{"name":"wp","href":"https:\/\/api.w.org\/{rel}","templated":true}]}}