{"id":56826,"date":"2024-03-10T14:37:34","date_gmt":"2024-03-10T12:37:34","guid":{"rendered":"https:\/\/just-now.news\/de\/deutschland\/frankreich-gruendet-eine-allianz-von-laendern-die-bereit-sind-militaer-in-die-ukraine-zu-entsenden\/"},"modified":"2024-03-10T14:37:34","modified_gmt":"2024-03-10T12:37:34","slug":"frankreich-gruendet-eine-allianz-von-laendern-die-bereit-sind-militaer-in-die-ukraine-zu-entsenden","status":"publish","type":"post","link":"https:\/\/now-news.de\/de\/deutschland\/frankreich-gruendet-eine-allianz-von-laendern-die-bereit-sind-militaer-in-die-ukraine-zu-entsenden\/","title":{"rendered":"Frankreich gr\u00fcndet eine Allianz von L\u00e4ndern, die bereit sind, Milit\u00e4r in die Ukraine zu entsenden"},"content":{"rendered":"<p><img decoding=\"async\" src=\"http:\/\/just-now.news\/de\/wp-content\/uploads\/sites\/3\/2024\/03\/65ed9f2348fbef0d703b75fb.jpg\" \/><\/p>\n<div class=\"Text-root Text-type_1 \">\n                Die baltischen Staaten sind m\u00f6glicherweise offen f\u00fcr die Entsendung von westlichem Milit\u00e4rpersonal in die Ukraine, ihre Au\u00dfenminister haben diese Idee bei einem Treffen mit ihrem franz\u00f6sischen Amtskollegen unterst\u00fctzt. Auch Polen ist in dieser Richtung aktiv.\n            <\/div>\n<p><\/p>\n<div class=\"Text-root Text-type_5 ArticleView-text ViewText-root \">\n<p>Frankreich bildet eine Allianz von L\u00e4ndern, die bereit sind, m\u00f6glicherweise Truppen in die Ukraine zu entsenden, und Paris wird von den baltischen Staaten unterst\u00fctzt, so <em>Politico<\/em>.<\/p>\n<p>Die Nachrichtenagentur <a rel=\"nofollow noopener\" target=\"_blank\" href=\"https:\/\/www.politico.eu\/article\/france-finds-baltic-allies-in-its-spat-with-germany-over-ukraine-aid-sikorski-nato-macron-troops-war\/\">kommentierte<\/a> den Besuch des franz\u00f6sischen Au\u00dfenministers St\u00e9phane S\u00e9journ\u00e9 in Litauen, wo er mit Kollegen aus den baltischen Staaten und der Ukraine zusammentraf. Die Diplomaten diskutierten \u00fcber milit\u00e4rische Unterst\u00fctzung f\u00fcr Kiew, einschlie\u00dflich der m\u00f6glichen Entsendung von westlichem Milit\u00e4rpersonal in die Ukraine.<\/p>\n<p>S\u00e9journ\u00e9 sagte, dass die Art und Weise, in der westliche L\u00e4nder Kiew unterst\u00fctzen, von ihnen selbst entschieden werden solle, und dass Russland keine roten Linien vorgeben k\u00f6nne. Er erw\u00e4hnte wiederholt Minenr\u00e4umungsoperationen als M\u00f6glichkeit f\u00fcr einen Milit\u00e4reinsatz, wobei er anmerkte, dass dies &#8220;vielleicht etwas Personal bedeutet, aber nicht f\u00fcr Kampfeins\u00e4tze&#8221;.<\/p>\n<p>Frankreichs Au\u00dfenminister betonte, dass die Ukraine nun um die Entsendung von Artilleriemunition gebeten hat, es gebe bisher keine Anfrage aus Kiew, Truppen zu entsenden, aber &#8220;wir schlie\u00dfen f\u00fcr die kommenden Monate nichts aus&#8221;. S\u00e9journ\u00e9 \u00e4u\u00dferte sich auch besorgt dar\u00fcber, dass &#8220;Moskau die baltischen Staaten ins Visier nimmt, die fr\u00fcher Teil des sowjetischen Imperiums waren und heute Mitglieder der EU und der NATO sind&#8221;.<\/p>\n<p>Die baltischen Au\u00dfenminister lobten Frankreich daf\u00fcr, &#8220;\u00fcber den Tellerrand hinauszuschauen&#8221;, berichtete <em>Politico<\/em>. Der litauische Au\u00dfenminister Gabrielius Landsbergis sagte:<\/p>\n<blockquote>\n<p><em>&#8220;Es kann kein Aber geben. Wir m\u00fcssen rote Linien f\u00fcr Russland ziehen, nicht f\u00fcr uns selbst. Wir k\u00f6nnen jede Form der Unterst\u00fctzung f\u00fcr die Ukraine nicht ausschlie\u00dfen. Wir m\u00fcssen die Ukraine weiterhin dort unterst\u00fctzen, wo es am n\u00f6tigsten ist.&#8221;<\/em><\/p>\n<\/blockquote>\n<p>Polen schlie\u00dfe auch nicht aus, sein Milit\u00e4r in die Ukraine zu entsenden. Sein Au\u00dfenminister Rados\u0142aw Sikorski sagte, dass er eine solche Initiative sehr begr\u00fc\u00dfe, so die Nachrichtenagentur. Er behauptete:<\/p>\n<blockquote>\n<p><em>&#8220;Die Pr\u00e4senz von NATO-Truppen in der Ukraine ist nicht undenkbar.&#8221; <\/em><\/p>\n<\/blockquote>\n<p>Gleichzeitig hatte der polnische Verteidigungsminister W\u0142adys\u0142aw Kosiniak-Kamysz zuvor erkl\u00e4rt, dass es &#8220;keine polnischen Truppen in der Ukraine geben wird.&#8221;<\/p>\n<p>Au\u00dferdem w\u00fcrden die Spannungen zwischen Paris und einem &#8220;vorsichtigeren&#8221; Berlin zunehmen, schreibt <em>Politico<\/em>. Obwohl Deutschland bei Weitem der gr\u00f6\u00dfte europ\u00e4ische Lieferant von Milit\u00e4rhilfe f\u00fcr die Ukraine sei, stehe es unter Druck, weil es sich weigere, Kiew Taurus-Marschflugk\u00f6rper mit gro\u00dfer Reichweite zu liefern.<\/p>\n<p>Die Diskussion \u00fcber die Entsendung westlicher Truppen in die Ukraine versch\u00e4rfte sich, nachdem der franz\u00f6sische Pr\u00e4sident Emmanuel Macron erkl\u00e4rt hatte, dass er ein solches Szenario nicht ausschlie\u00dfe, wobei er darauf hinwies, dass es bisher keinen Konsens in dieser Frage gebe. Eine Reihe von L\u00e4ndern, darunter Deutschland und das Vereinigte K\u00f6nigreich sowie die NATO-F\u00fchrung erkl\u00e4rten, sie h\u00e4tten keine derartigen Pl\u00e4ne. Einige Staaten sprachen sich jedoch daf\u00fcr aus, eine solche M\u00f6glichkeit zu er\u00f6rtern. Insbesondere der tschechische Pr\u00e4sident Petr Pavel sprach sich f\u00fcr &#8220;neue Wege&#8221; zur Unterst\u00fctzung Kiews aus.<\/p>\n<p>Macron stellte sp\u00e4ter klar, dass der Ausschluss einer solchen M\u00f6glichkeit nicht bedeute, dass sie zwangsl\u00e4ufig eintrete, solche Pl\u00e4ne w\u00fcrden derzeit nicht in Betracht gezogen. Sollte jedoch eine Entscheidung getroffen werden, k\u00f6nnte das Milit\u00e4r mit dem Schutz der Grenzen, der Luftverteidigung und mit Lagebesprechungen besch\u00e4ftigt werden, stellte die franz\u00f6sische Regierung klar.<\/p>\n<p>Der Kreml erkl\u00e4rte, das Auftreten von NATO-Milit\u00e4r in der Ukraine w\u00fcrde einen Konflikt mit Russland unvermeidlich machen. Gleichzeitig teilte der russische Au\u00dfenminister Sergei Lawrow mit, dass sich bereits britische und franz\u00f6sische Soldaten in der Ukraine aufhielten.<\/p>\n<p><strong>Mehr zum Thema<\/strong> \u2013 <a rel=\"nofollow noopener\" target=\"_blank\" href=\"https:\/\/freedert.online\/international\/198730-lindependant-macron-beschreibt-szenario-fuer\/\">L&#8217;Ind\u00e9pendant: Macron beschreibt Szenario f\u00fcr m\u00f6gliche Intervention in der Ukraine<\/a><\/p>\n<\/div>\n<p><br \/>\n<br \/><a href=\"https:\/\/de.rt.com\/international\/198898-frankreich-gruendet-allianz-von-laendern\/\">Source link <\/a><\/p>\n","protected":false},"excerpt":{"rendered":"<p>Die baltischen Staaten sind m\u00f6glicherweise offen f\u00fcr die Entsendung von westlichem Milit\u00e4rpersonal in die Ukraine, ihre Au\u00dfenminister haben diese Idee bei einem Treffen mit ihrem franz\u00f6sischen Amtskollegen unterst\u00fctzt. Auch Polen ist in dieser Richtung aktiv. Frankreich bildet eine Allianz von L\u00e4ndern, die bereit sind, m\u00f6glicherweise Truppen in die Ukraine zu entsenden, und Paris wird von [&hellip;]<\/p>\n","protected":false},"author":3,"featured_media":56827,"comment_status":"open","ping_status":"open","sticky":false,"template":"","format":"standard","meta":{"_yoast_indexnow_last_ping":["1710075062"],"wp_automatic_camp":["217"],"8e26bfa60cc5081b2cf7d5363655767e":["Frankreich gr\u00fcndet eine Allianz von L\u00e4ndern, die bereit sind, Milit\u00e4r in die Ukraine zu entsenden"],"original_link":["https:\/\/de.rt.com\/international\/198898-frankreich-gruendet-allianz-von-laendern\/"],"_thumbnail_id":["56827"],"_wptgpro_p2tg_sent2tg":["a:1:{i:23737;s:19:\"2024-03-10 14:52:10\";}"],"jnews_social_counter_last_update":["1777628851"]},"categories":[19,23],"tags":[22288,964,45,275,19285,3320,13981,18784,4029,1046,127,50],"yoast_head":"<!-- This site is optimized with the Yoast SEO Premium plugin v22.7 (Yoast SEO v22.7) - https:\/\/yoast.com\/wordpress\/plugins\/seo\/ -->\n<title>Frankreich gr\u00fcndet eine Allianz von L\u00e4ndern, die bereit sind, Milit\u00e4r in die Ukraine zu entsenden - just-now.NEWS Deutschland<\/title>\n<meta name=\"robots\" content=\"index, follow, max-snippet:-1, max-image-preview:large, max-video-preview:-1\" \/>\n<link rel=\"canonical\" href=\"https:\/\/now-news.de\/de\/deutschland\/frankreich-gruendet-eine-allianz-von-laendern-die-bereit-sind-militaer-in-die-ukraine-zu-entsenden\/\" \/>\n<meta property=\"og:locale\" content=\"de_DE\" \/>\n<meta property=\"og:type\" content=\"article\" \/>\n<meta property=\"og:title\" content=\"Frankreich gr\u00fcndet eine Allianz von L\u00e4ndern, die bereit sind, Milit\u00e4r in die Ukraine zu entsenden\" \/>\n<meta property=\"og:description\" content=\"Die baltischen Staaten sind m\u00f6glicherweise offen f\u00fcr die Entsendung von westlichem Milit\u00e4rpersonal in die Ukraine, ihre Au\u00dfenminister haben diese Idee bei einem Treffen mit ihrem franz\u00f6sischen Amtskollegen unterst\u00fctzt. Auch Polen ist in dieser Richtung aktiv. Frankreich bildet eine Allianz von L\u00e4ndern, die bereit sind, m\u00f6glicherweise Truppen in die Ukraine zu entsenden, und Paris wird von [&hellip;]\" \/>\n<meta property=\"og:url\" content=\"https:\/\/now-news.de\/de\/deutschland\/frankreich-gruendet-eine-allianz-von-laendern-die-bereit-sind-militaer-in-die-ukraine-zu-entsenden\/\" \/>\n<meta property=\"og:site_name\" content=\"just-now.NEWS Deutschland\" \/>\n<meta property=\"article:publisher\" content=\"https:\/\/www.facebook.com\/wirmachenauf\" \/>\n<meta property=\"article:published_time\" content=\"2024-03-10T12:37:34+00:00\" \/>\n<meta property=\"og:image\" content=\"https:\/\/now-news.de\/de\/wp-content\/uploads\/sites\/3\/2024\/03\/Frankreich-gruendet-eine-Allianz-von-Laendern-die-bereit-sind-Militaer.jpg\" \/>\n\t<meta property=\"og:image:width\" content=\"460\" \/>\n\t<meta property=\"og:image:height\" content=\"259\" \/>\n\t<meta property=\"og:image:type\" content=\"image\/jpeg\" \/>\n<meta name=\"author\" content=\"rtnews\" \/>\n<meta name=\"twitter:card\" content=\"summary_large_image\" \/>\n<meta name=\"twitter:creator\" content=\"@WirMachenAuf_de\" \/>\n<meta name=\"twitter:site\" content=\"@WirMachenAuf_de\" \/>\n<meta name=\"twitter:label1\" content=\"Verfasst von\" \/>\n\t<meta name=\"twitter:data1\" content=\"rtnews\" \/>\n\t<meta name=\"twitter:label2\" content=\"Gesch\u00e4tzte Lesezeit\" \/>\n\t<meta name=\"twitter:data2\" content=\"3\u00a0Minuten\" \/>\n<script type=\"application\/ld+json\" class=\"yoast-schema-graph\">{\"@context\":\"https:\/\/schema.org\",\"@graph\":[{\"@type\":\"Article\",\"@id\":\"https:\/\/now-news.de\/de\/deutschland\/frankreich-gruendet-eine-allianz-von-laendern-die-bereit-sind-militaer-in-die-ukraine-zu-entsenden\/#article\",\"isPartOf\":{\"@id\":\"https:\/\/now-news.de\/de\/deutschland\/frankreich-gruendet-eine-allianz-von-laendern-die-bereit-sind-militaer-in-die-ukraine-zu-entsenden\/\"},\"author\":{\"name\":\"rtnews\",\"@id\":\"https:\/\/now-news.de\/de\/#\/schema\/person\/fb534a4e865501d8b3285208df34a9b5\"},\"headline\":\"Frankreich gr\u00fcndet eine Allianz von L\u00e4ndern, die bereit sind, Milit\u00e4r in die Ukraine zu entsenden\",\"datePublished\":\"2024-03-10T12:37:34+00:00\",\"dateModified\":\"2024-03-10T12:37:34+00:00\",\"mainEntityOfPage\":{\"@id\":\"https:\/\/now-news.de\/de\/deutschland\/frankreich-gruendet-eine-allianz-von-laendern-die-bereit-sind-militaer-in-die-ukraine-zu-entsenden\/\"},\"wordCount\":680,\"commentCount\":0,\"publisher\":{\"@id\":\"https:\/\/now-news.de\/de\/#organization\"},\"image\":{\"@id\":\"https:\/\/now-news.de\/de\/deutschland\/frankreich-gruendet-eine-allianz-von-laendern-die-bereit-sind-militaer-in-die-ukraine-zu-entsenden\/#primaryimage\"},\"thumbnailUrl\":\"https:\/\/now-news.de\/de\/wp-content\/uploads\/sites\/3\/2024\/03\/Frankreich-gruendet-eine-Allianz-von-Laendern-die-bereit-sind-Militaer.jpg\",\"keywords\":[\"Allianz\",\"bereit\",\"die\",\"eine\",\"entsenden\",\"Frankreich\",\"gr\u00fcndet\",\"L\u00e4ndern\",\"Milit\u00e4r\",\"sind\",\"ukraine\",\"von\"],\"articleSection\":[\"Deutschland\",\"Russland\"],\"inLanguage\":\"de\",\"potentialAction\":[{\"@type\":\"CommentAction\",\"name\":\"Comment\",\"target\":[\"https:\/\/now-news.de\/de\/deutschland\/frankreich-gruendet-eine-allianz-von-laendern-die-bereit-sind-militaer-in-die-ukraine-zu-entsenden\/#respond\"]}]},{\"@type\":\"WebPage\",\"@id\":\"https:\/\/now-news.de\/de\/deutschland\/frankreich-gruendet-eine-allianz-von-laendern-die-bereit-sind-militaer-in-die-ukraine-zu-entsenden\/\",\"url\":\"https:\/\/now-news.de\/de\/deutschland\/frankreich-gruendet-eine-allianz-von-laendern-die-bereit-sind-militaer-in-die-ukraine-zu-entsenden\/\",\"name\":\"Frankreich gr\u00fcndet eine Allianz von L\u00e4ndern, die bereit sind, Milit\u00e4r in die Ukraine zu entsenden - just-now.NEWS Deutschland\",\"isPartOf\":{\"@id\":\"https:\/\/now-news.de\/de\/#website\"},\"primaryImageOfPage\":{\"@id\":\"https:\/\/now-news.de\/de\/deutschland\/frankreich-gruendet-eine-allianz-von-laendern-die-bereit-sind-militaer-in-die-ukraine-zu-entsenden\/#primaryimage\"},\"image\":{\"@id\":\"https:\/\/now-news.de\/de\/deutschland\/frankreich-gruendet-eine-allianz-von-laendern-die-bereit-sind-militaer-in-die-ukraine-zu-entsenden\/#primaryimage\"},\"thumbnailUrl\":\"https:\/\/now-news.de\/de\/wp-content\/uploads\/sites\/3\/2024\/03\/Frankreich-gruendet-eine-Allianz-von-Laendern-die-bereit-sind-Militaer.jpg\",\"datePublished\":\"2024-03-10T12:37:34+00:00\",\"dateModified\":\"2024-03-10T12:37:34+00:00\",\"breadcrumb\":{\"@id\":\"https:\/\/now-news.de\/de\/deutschland\/frankreich-gruendet-eine-allianz-von-laendern-die-bereit-sind-militaer-in-die-ukraine-zu-entsenden\/#breadcrumb\"},\"inLanguage\":\"de\",\"potentialAction\":[{\"@type\":\"ReadAction\",\"target\":[\"https:\/\/now-news.de\/de\/deutschland\/frankreich-gruendet-eine-allianz-von-laendern-die-bereit-sind-militaer-in-die-ukraine-zu-entsenden\/\"]}]},{\"@type\":\"ImageObject\",\"inLanguage\":\"de\",\"@id\":\"https:\/\/now-news.de\/de\/deutschland\/frankreich-gruendet-eine-allianz-von-laendern-die-bereit-sind-militaer-in-die-ukraine-zu-entsenden\/#primaryimage\",\"url\":\"https:\/\/now-news.de\/de\/wp-content\/uploads\/sites\/3\/2024\/03\/Frankreich-gruendet-eine-Allianz-von-Laendern-die-bereit-sind-Militaer.jpg\",\"contentUrl\":\"https:\/\/now-news.de\/de\/wp-content\/uploads\/sites\/3\/2024\/03\/Frankreich-gruendet-eine-Allianz-von-Laendern-die-bereit-sind-Militaer.jpg\",\"width\":460,\"height\":259,\"caption\":\"Frankreich gr\u00fcndet eine Allianz von L\u00e4ndern, die bereit sind, Milit\u00e4r in die Ukraine zu entsenden\"},{\"@type\":\"BreadcrumbList\",\"@id\":\"https:\/\/now-news.de\/de\/deutschland\/frankreich-gruendet-eine-allianz-von-laendern-die-bereit-sind-militaer-in-die-ukraine-zu-entsenden\/#breadcrumb\",\"itemListElement\":[{\"@type\":\"ListItem\",\"position\":1,\"name\":\"Home\",\"item\":\"https:\/\/now-news.de\/de\/\"},{\"@type\":\"ListItem\",\"position\":2,\"name\":\"Frankreich gr\u00fcndet eine Allianz von L\u00e4ndern, die bereit sind, Milit\u00e4r in die Ukraine zu entsenden\"}]},{\"@type\":\"WebSite\",\"@id\":\"https:\/\/now-news.de\/de\/#website\",\"url\":\"https:\/\/now-news.de\/de\/\",\"name\":\"just-now.NEWS Deutschland\",\"description\":\"Das Portal f\u00fcr unzensierte Nachrichten aus der Welt\",\"publisher\":{\"@id\":\"https:\/\/now-news.de\/de\/#organization\"},\"potentialAction\":[{\"@type\":\"SearchAction\",\"target\":{\"@type\":\"EntryPoint\",\"urlTemplate\":\"https:\/\/now-news.de\/de\/?s={search_term_string}\"},\"query-input\":\"required name=search_term_string\"}],\"inLanguage\":\"de\"},{\"@type\":\"Organization\",\"@id\":\"https:\/\/now-news.de\/de\/#organization\",\"name\":\"Just Now News\",\"url\":\"https:\/\/now-news.de\/de\/\",\"logo\":{\"@type\":\"ImageObject\",\"inLanguage\":\"de\",\"@id\":\"https:\/\/now-news.de\/de\/#\/schema\/logo\/image\/\",\"url\":\"http:\/\/just-now.news\/de\/wp-content\/uploads\/sites\/3\/2022\/04\/logo500x500.jpg\",\"contentUrl\":\"http:\/\/just-now.news\/de\/wp-content\/uploads\/sites\/3\/2022\/04\/logo500x500.jpg\",\"width\":500,\"height\":500,\"caption\":\"Just Now News\"},\"image\":{\"@id\":\"https:\/\/now-news.de\/de\/#\/schema\/logo\/image\/\"},\"sameAs\":[\"https:\/\/www.facebook.com\/wirmachenauf\",\"https:\/\/x.com\/WirMachenAuf_de\"]},{\"@type\":\"Person\",\"@id\":\"https:\/\/now-news.de\/de\/#\/schema\/person\/fb534a4e865501d8b3285208df34a9b5\",\"name\":\"rtnews\",\"image\":{\"@type\":\"ImageObject\",\"inLanguage\":\"de\",\"@id\":\"https:\/\/now-news.de\/de\/#\/schema\/person\/image\/\",\"url\":\"https:\/\/secure.gravatar.com\/avatar\/82aafea7d8127119dd649515f56e2117?s=96&d=mm&r=g\",\"contentUrl\":\"https:\/\/secure.gravatar.com\/avatar\/82aafea7d8127119dd649515f56e2117?s=96&d=mm&r=g\",\"caption\":\"rtnews\"},\"url\":\"https:\/\/now-news.de\/de\/author\/rnews\/\"}]}<\/script>\n<!-- \/ Yoast SEO Premium plugin. -->","yoast_head_json":{"title":"Frankreich gr\u00fcndet eine Allianz von L\u00e4ndern, die bereit sind, Milit\u00e4r in die Ukraine zu entsenden - just-now.NEWS Deutschland","robots":{"index":"index","follow":"follow","max-snippet":"max-snippet:-1","max-image-preview":"max-image-preview:large","max-video-preview":"max-video-preview:-1"},"canonical":"https:\/\/now-news.de\/de\/deutschland\/frankreich-gruendet-eine-allianz-von-laendern-die-bereit-sind-militaer-in-die-ukraine-zu-entsenden\/","og_locale":"de_DE","og_type":"article","og_title":"Frankreich gr\u00fcndet eine Allianz von L\u00e4ndern, die bereit sind, Milit\u00e4r in die Ukraine zu entsenden","og_description":"Die baltischen Staaten sind m\u00f6glicherweise offen f\u00fcr die Entsendung von westlichem Milit\u00e4rpersonal in die Ukraine, ihre Au\u00dfenminister haben diese Idee bei einem Treffen mit ihrem franz\u00f6sischen Amtskollegen unterst\u00fctzt. Auch Polen ist in dieser Richtung aktiv. Frankreich bildet eine Allianz von L\u00e4ndern, die bereit sind, m\u00f6glicherweise Truppen in die Ukraine zu entsenden, und Paris wird von [&hellip;]","og_url":"https:\/\/now-news.de\/de\/deutschland\/frankreich-gruendet-eine-allianz-von-laendern-die-bereit-sind-militaer-in-die-ukraine-zu-entsenden\/","og_site_name":"just-now.NEWS Deutschland","article_publisher":"https:\/\/www.facebook.com\/wirmachenauf","article_published_time":"2024-03-10T12:37:34+00:00","og_image":[{"width":460,"height":259,"url":"https:\/\/now-news.de\/de\/wp-content\/uploads\/sites\/3\/2024\/03\/Frankreich-gruendet-eine-Allianz-von-Laendern-die-bereit-sind-Militaer.jpg","type":"image\/jpeg"}],"author":"rtnews","twitter_card":"summary_large_image","twitter_creator":"@WirMachenAuf_de","twitter_site":"@WirMachenAuf_de","twitter_misc":{"Verfasst von":"rtnews","Gesch\u00e4tzte Lesezeit":"3\u00a0Minuten"},"schema":{"@context":"https:\/\/schema.org","@graph":[{"@type":"Article","@id":"https:\/\/now-news.de\/de\/deutschland\/frankreich-gruendet-eine-allianz-von-laendern-die-bereit-sind-militaer-in-die-ukraine-zu-entsenden\/#article","isPartOf":{"@id":"https:\/\/now-news.de\/de\/deutschland\/frankreich-gruendet-eine-allianz-von-laendern-die-bereit-sind-militaer-in-die-ukraine-zu-entsenden\/"},"author":{"name":"rtnews","@id":"https:\/\/now-news.de\/de\/#\/schema\/person\/fb534a4e865501d8b3285208df34a9b5"},"headline":"Frankreich gr\u00fcndet eine Allianz von L\u00e4ndern, die bereit sind, Milit\u00e4r in die Ukraine zu entsenden","datePublished":"2024-03-10T12:37:34+00:00","dateModified":"2024-03-10T12:37:34+00:00","mainEntityOfPage":{"@id":"https:\/\/now-news.de\/de\/deutschland\/frankreich-gruendet-eine-allianz-von-laendern-die-bereit-sind-militaer-in-die-ukraine-zu-entsenden\/"},"wordCount":680,"commentCount":0,"publisher":{"@id":"https:\/\/now-news.de\/de\/#organization"},"image":{"@id":"https:\/\/now-news.de\/de\/deutschland\/frankreich-gruendet-eine-allianz-von-laendern-die-bereit-sind-militaer-in-die-ukraine-zu-entsenden\/#primaryimage"},"thumbnailUrl":"https:\/\/now-news.de\/de\/wp-content\/uploads\/sites\/3\/2024\/03\/Frankreich-gruendet-eine-Allianz-von-Laendern-die-bereit-sind-Militaer.jpg","keywords":["Allianz","bereit","die","eine","entsenden","Frankreich","gr\u00fcndet","L\u00e4ndern","Milit\u00e4r","sind","ukraine","von"],"articleSection":["Deutschland","Russland"],"inLanguage":"de","potentialAction":[{"@type":"CommentAction","name":"Comment","target":["https:\/\/now-news.de\/de\/deutschland\/frankreich-gruendet-eine-allianz-von-laendern-die-bereit-sind-militaer-in-die-ukraine-zu-entsenden\/#respond"]}]},{"@type":"WebPage","@id":"https:\/\/now-news.de\/de\/deutschland\/frankreich-gruendet-eine-allianz-von-laendern-die-bereit-sind-militaer-in-die-ukraine-zu-entsenden\/","url":"https:\/\/now-news.de\/de\/deutschland\/frankreich-gruendet-eine-allianz-von-laendern-die-bereit-sind-militaer-in-die-ukraine-zu-entsenden\/","name":"Frankreich gr\u00fcndet eine Allianz von L\u00e4ndern, die bereit sind, Milit\u00e4r in die Ukraine zu entsenden - just-now.NEWS Deutschland","isPartOf":{"@id":"https:\/\/now-news.de\/de\/#website"},"primaryImageOfPage":{"@id":"https:\/\/now-news.de\/de\/deutschland\/frankreich-gruendet-eine-allianz-von-laendern-die-bereit-sind-militaer-in-die-ukraine-zu-entsenden\/#primaryimage"},"image":{"@id":"https:\/\/now-news.de\/de\/deutschland\/frankreich-gruendet-eine-allianz-von-laendern-die-bereit-sind-militaer-in-die-ukraine-zu-entsenden\/#primaryimage"},"thumbnailUrl":"https:\/\/now-news.de\/de\/wp-content\/uploads\/sites\/3\/2024\/03\/Frankreich-gruendet-eine-Allianz-von-Laendern-die-bereit-sind-Militaer.jpg","datePublished":"2024-03-10T12:37:34+00:00","dateModified":"2024-03-10T12:37:34+00:00","breadcrumb":{"@id":"https:\/\/now-news.de\/de\/deutschland\/frankreich-gruendet-eine-allianz-von-laendern-die-bereit-sind-militaer-in-die-ukraine-zu-entsenden\/#breadcrumb"},"inLanguage":"de","potentialAction":[{"@type":"ReadAction","target":["https:\/\/now-news.de\/de\/deutschland\/frankreich-gruendet-eine-allianz-von-laendern-die-bereit-sind-militaer-in-die-ukraine-zu-entsenden\/"]}]},{"@type":"ImageObject","inLanguage":"de","@id":"https:\/\/now-news.de\/de\/deutschland\/frankreich-gruendet-eine-allianz-von-laendern-die-bereit-sind-militaer-in-die-ukraine-zu-entsenden\/#primaryimage","url":"https:\/\/now-news.de\/de\/wp-content\/uploads\/sites\/3\/2024\/03\/Frankreich-gruendet-eine-Allianz-von-Laendern-die-bereit-sind-Militaer.jpg","contentUrl":"https:\/\/now-news.de\/de\/wp-content\/uploads\/sites\/3\/2024\/03\/Frankreich-gruendet-eine-Allianz-von-Laendern-die-bereit-sind-Militaer.jpg","width":460,"height":259,"caption":"Frankreich gr\u00fcndet eine Allianz von L\u00e4ndern, die bereit sind, Milit\u00e4r in die Ukraine zu entsenden"},{"@type":"BreadcrumbList","@id":"https:\/\/now-news.de\/de\/deutschland\/frankreich-gruendet-eine-allianz-von-laendern-die-bereit-sind-militaer-in-die-ukraine-zu-entsenden\/#breadcrumb","itemListElement":[{"@type":"ListItem","position":1,"name":"Home","item":"https:\/\/now-news.de\/de\/"},{"@type":"ListItem","position":2,"name":"Frankreich gr\u00fcndet eine Allianz von L\u00e4ndern, die bereit sind, Milit\u00e4r in die Ukraine zu entsenden"}]},{"@type":"WebSite","@id":"https:\/\/now-news.de\/de\/#website","url":"https:\/\/now-news.de\/de\/","name":"just-now.NEWS Deutschland","description":"Das Portal f\u00fcr unzensierte Nachrichten aus der Welt","publisher":{"@id":"https:\/\/now-news.de\/de\/#organization"},"potentialAction":[{"@type":"SearchAction","target":{"@type":"EntryPoint","urlTemplate":"https:\/\/now-news.de\/de\/?s={search_term_string}"},"query-input":"required name=search_term_string"}],"inLanguage":"de"},{"@type":"Organization","@id":"https:\/\/now-news.de\/de\/#organization","name":"Just Now News","url":"https:\/\/now-news.de\/de\/","logo":{"@type":"ImageObject","inLanguage":"de","@id":"https:\/\/now-news.de\/de\/#\/schema\/logo\/image\/","url":"http:\/\/just-now.news\/de\/wp-content\/uploads\/sites\/3\/2022\/04\/logo500x500.jpg","contentUrl":"http:\/\/just-now.news\/de\/wp-content\/uploads\/sites\/3\/2022\/04\/logo500x500.jpg","width":500,"height":500,"caption":"Just Now News"},"image":{"@id":"https:\/\/now-news.de\/de\/#\/schema\/logo\/image\/"},"sameAs":["https:\/\/www.facebook.com\/wirmachenauf","https:\/\/x.com\/WirMachenAuf_de"]},{"@type":"Person","@id":"https:\/\/now-news.de\/de\/#\/schema\/person\/fb534a4e865501d8b3285208df34a9b5","name":"rtnews","image":{"@type":"ImageObject","inLanguage":"de","@id":"https:\/\/now-news.de\/de\/#\/schema\/person\/image\/","url":"https:\/\/secure.gravatar.com\/avatar\/82aafea7d8127119dd649515f56e2117?s=96&d=mm&r=g","contentUrl":"https:\/\/secure.gravatar.com\/avatar\/82aafea7d8127119dd649515f56e2117?s=96&d=mm&r=g","caption":"rtnews"},"url":"https:\/\/now-news.de\/de\/author\/rnews\/"}]}},"_links":{"self":[{"href":"https:\/\/now-news.de\/de\/wp-json\/wp\/v2\/posts\/56826"}],"collection":[{"href":"https:\/\/now-news.de\/de\/wp-json\/wp\/v2\/posts"}],"about":[{"href":"https:\/\/now-news.de\/de\/wp-json\/wp\/v2\/types\/post"}],"author":[{"embeddable":true,"href":"https:\/\/now-news.de\/de\/wp-json\/wp\/v2\/users\/3"}],"replies":[{"embeddable":true,"href":"https:\/\/now-news.de\/de\/wp-json\/wp\/v2\/comments?post=56826"}],"version-history":[{"count":0,"href":"https:\/\/now-news.de\/de\/wp-json\/wp\/v2\/posts\/56826\/revisions"}],"wp:featuredmedia":[{"embeddable":true,"href":"https:\/\/now-news.de\/de\/wp-json\/wp\/v2\/media\/56827"}],"wp:attachment":[{"href":"https:\/\/now-news.de\/de\/wp-json\/wp\/v2\/media?parent=56826"}],"wp:term":[{"taxonomy":"category","embeddable":true,"href":"https:\/\/now-news.de\/de\/wp-json\/wp\/v2\/categories?post=56826"},{"taxonomy":"post_tag","embeddable":true,"href":"https:\/\/now-news.de\/de\/wp-json\/wp\/v2\/tags?post=56826"}],"curies":[{"name":"wp","href":"https:\/\/api.w.org\/{rel}","templated":true}]}}