{"id":56808,"date":"2024-03-10T09:35:40","date_gmt":"2024-03-10T07:35:40","guid":{"rendered":"https:\/\/just-now.news\/de\/deutschland\/die-kriegsgefahr-wird-auch-fuer-deutschland-realer\/"},"modified":"2024-03-10T09:35:40","modified_gmt":"2024-03-10T07:35:40","slug":"die-kriegsgefahr-wird-auch-fuer-deutschland-realer","status":"publish","type":"post","link":"https:\/\/now-news.de\/de\/deutschland\/die-kriegsgefahr-wird-auch-fuer-deutschland-realer\/","title":{"rendered":"Die Kriegsgefahr wird auch f\u00fcr Deutschland realer"},"content":{"rendered":"<p><img decoding=\"async\" src=\"http:\/\/just-now.news\/de\/wp-content\/uploads\/sites\/3\/2024\/03\/65ec9ede48fbef7fbb503453.jpg\" \/><\/p>\n<div class=\"Text-root Text-type_1 \">\n                In den letzten Wochen gab es einige Meldungen, die zeigen, dass zumindest einige europ\u00e4ische Regierungschefs das Risiko eines direkten Krieges mit Russland eingehen wollen. Damit kommen wir vom Szenario des Kampfes der USA gegen Russland bis zum letzten Ukrainer zum Kampf gegen Russland bis zum letzten Europ\u00e4er.\n            <\/div>\n<p><\/p>\n<div class=\"Text-root Text-type_5 ArticleView-text ViewText-root \">\n<p><em>Von Thomas R\u00f6per<\/em><\/p>\n<p>Auf eines muss man vorweg zum Verst\u00e4ndnis hinweisen: Die USA halten sich bei zwei wichtigen Diskussionen auffallend zur\u00fcck. Die Entsendung von US-Bodentruppen in die Ukraine wird kategorisch ausgeschlossen, w\u00e4hrend immer mehr europ\u00e4ische Regierungschefs sich offen f\u00fcr die Entsendung ihrer Soldaten in die Ukraine zeigen. Und auch die Lieferung von US-Marschflugk\u00f6rpern an Kiew steht in Washington nicht auf der Tagesordnung, w\u00e4hrend Gro\u00dfbritannien und Frankreich ihre weitgehend baugleichen Marschflugk\u00f6rper Storm Shadow und SCALP bereits an die Ukraine geliefert haben und w\u00e4hrend der Westen nun Druck auf Deutschland aufbaut, endlich die Taurus-Marschflugk\u00f6rper an Kiew zu liefern.<\/p>\n<p><strong>Die USA halten sich raus<\/strong><\/p>\n<p>Beide Themen, die Entsendung von Bodentruppen und die Lieferung von Marschflugk\u00f6rpern in die Ukraine, k\u00f6nnen von Russland \u2013 \u00fcbrigens v\u00f6llig zu Recht \u2013 als Beteiligung der entsprechenden L\u00e4nder am Krieg gegen Russland aufgefasst werden und zu entsprechenden Reaktionen f\u00fchren. Aus diesem Grund halten die USA sich zur\u00fcck, denn an einem (Atom-)Krieg gegen Russland ist man in den USA nicht interessiert.<\/p>\n<p>Aus diesem Grund wird auch ausdr\u00fccklich gesagt, dass es sich bei einer m\u00f6glichen Entsendung von Bodentruppen in die Ukraine um bilaterale Vereinbarungen der einzelnen Staaten mit Kiew handeln w\u00fcrde. Das allerdings w\u00fcrde bedeuten, dass der NATO-Verteidigungsfall nicht greifen w\u00fcrde, wenn Russland danach als Reaktion darauf ein Land bombardiert, das Soldaten in die Ukraine geschickt hat.<\/p>\n<p>Man muss das aus der Sicht Washingtons sehen, nicht aus der Sicht eines Europ\u00e4ers. Die USA f\u00fchren seit \u00fcber hundert Jahren fast ununterbrochen irgendwo auf der Welt Kriege. F\u00fcr sie sind Vietnam, der Irak, die Ukraine und auch Frankreich und Deutschland weit weg. Wenn da Krieg ist, betrifft das die USA nicht selbst.<\/p>\n<p>In Russland wurde immer gesagt, dass die USA in der Ukraine einen Kampf gegen Russland bis zum letzten Ukrainer f\u00fchren. Das hat sich inzwischen best\u00e4tigt, wie die Meldungen aus der Ukraine \u00fcber den Mangel an Soldaten zeigen. Die Ukraine ist bereits ausgeblutet, und auch weitere Waffenlieferungen aus dem Westen werden am Kriegsverlauf nichts mehr \u00e4ndern, weil die Ukraine nicht mehr genug Soldaten hat, um die Waffen einzusetzen. Von ausgebildeten Soldaten gar nicht zu reden.<\/p>\n<p>Da es den USA nicht gelungen ist, Russland mithilfe der Ukraine zu schw\u00e4chen, ihm eine &#8220;strategische Niederlage&#8221; beizubringen, wie das Ziel des Krieges gegen Russland in Washington formuliert wird, scheinen die USA nun darauf zu setzen, weitere europ\u00e4ische L\u00e4nder in den Krieg gegen Russland zu schicken. Wenn der Kampf gegen Russland bis zum letzten Ukrainer nicht ausgereicht hat, kann man ja auch weiterk\u00e4mpfen, indem man nun bis zum letzten Polen, Balten, Tschechen, Deutschen, Franzosen und so weiter gegen Russland k\u00e4mpft.<\/p>\n<p><strong>Das zu erwartende Szenario<\/strong><\/p>\n<p>Als\u00a0<a rel=\"nofollow noopener\" target=\"_blank\" href=\"https:\/\/www.anti-spiegel.ru\/2024\/in-paris-haben-westliche-regierungen-die-entsendung-von-truppen-in-die-ukraine-besprochen\/\">Macron am 26. Februar die Entsendung europ\u00e4ischer Truppen<\/a>\u00a0in die Ukraine ins Spiel gebracht hat, indem er sagte, man solle das nicht ausschlie\u00dfen, hat er ein Tabu gebrochen und die B\u00fcchse der Pandora ge\u00f6ffnet. So l\u00e4uft es im Westen immer: Irgendjemand bringt das bisher Undenkbare ins Spiel, die anderen tun zuerst entsetzt, stimmen aber wenig sp\u00e4ter ein.<\/p>\n<p>Das beobachten wir auch jetzt. Zuerst waren alle europ\u00e4ischen Regierungen ganz entsetzt und haben Macron widersprochen. Jetzt sind einige Wochen vergangen, und der Ton \u00e4ndert sich allm\u00e4hlich.<\/p>\n<p>In Frankreich wurde Macrons Aussage ein wenig entsch\u00e4rft, um die dumme \u00d6ffentlichkeit zu beruhigen, indem man hinzugef\u00fcgt hat, man wolle ja keine k\u00e4mpfenden Truppen, sondern nur Grenzsch\u00fctzer, Minenr\u00e4umer, Ausbilder und \u00c4hnliches in die Ukraine entsenden, damit die Ukraine hier entlastet wird und neue Soldaten an die Front schicken kann.<\/p>\n<p>Nur muss man sich dar\u00fcber klar sein, was das bedeutet. Russland betrachtet milit\u00e4rische Objekte in der Ukraine als legitime Ziele, auch wenn dort morgen europ\u00e4ische Soldaten eingesetzt sein sollten. Es wird also zwangsl\u00e4ufig tote europ\u00e4ische Soldaten geben, und wie wird das dann in Europa wohl medial eingesetzt?<\/p>\n<p>Man muss kein Genie sein, um sich auszumalen, wie die europ\u00e4ischen Falken und Medien reagieren werden. Schon jetzt fordert der deutsche Kriegstreiber Kiesewetter offen, dass die deutschen Taurus-Raketen Ministerien und Beh\u00f6rden in Moskau beschie\u00dfen sollen. Diese Forderungen werden dann zunehmen und irgendwann auch umgesetzt werden.<\/p>\n<p>Sp\u00e4testens dann d\u00fcrfte der lange russische Geduldsfaden rei\u00dfen, und Russland k\u00f6nnte mit Angriffen auf Ziele in den entsprechenden L\u00e4ndern reagieren. Und wenn erst einmal russische Hyperschallraketen, die von der Luftabwehr nicht abgefangen werden k\u00f6nnen, in Ministerien in Warschau, Berlin oder Paris einschlagen, wird ein offener Krieg zwischen den beteiligten europ\u00e4ischen Staaten und Russland unvermeidlich.<\/p>\n<p>Diese oder eine \u00e4hnliche Entwicklung zu einem gro\u00dfen europ\u00e4ischen Krieg wird die zwangsl\u00e4ufige Folge sein, wenn europ\u00e4ische Soldaten in der Ukraine auftauchen.<\/p>\n<p><strong>Die \u00d6ffentlichkeit wird vorbereitet<\/strong><\/p>\n<p>Der europ\u00e4ischen \u00d6ffentlichkeit wird das nicht erz\u00e4hlt. Stattdessen zitieren die westlichen Medien irgendwelche Propagandisten, die mitteilen, so schlimm w\u00e4re die Entsendung von Soldaten nicht. Das ist nat\u00fcrlich Unsinn, denn wie w\u00fcrden westliche Staaten umgekehrt reagieren? Wie h\u00e4tte der Westen reagiert, wenn beispielsweise der Iran seinerzeit Truppen nach Afghanistan geschickt h\u00e4tte, um gegen die NATO-Truppen im Land zu k\u00e4mpfen? H\u00e4tte der Westen gesagt, dass w\u00e4re schon in Ordnung, oder w\u00e4re er gegen den Iran vorgegangen?<\/p>\n<p>Macron stand mit seiner Forderung, die Entsendung von Bodentruppen in die Ukraine nicht auszuschlie\u00dfen, zun\u00e4chst fast alleine da. Nur die estnische Ministerpr\u00e4sidentin Kallas fand die Idee sofort gut. Am 5. M\u00e4rz hat Macron daher bei einem Besuch in Prag nachgelegt und gesagt, die Europ\u00e4er sollten in dieser Frage &#8220;<a rel=\"nofollow noopener\" target=\"_blank\" href=\"https:\/\/www.anti-spiegel.ru\/2024\/macron-forderte-die-verbuendeten-auf-im-zusammenhang-mit-der-situation-in-der-ukraine-keine-feigheit-zu-zeigen\/\">keine Feigheit zeigen<\/a>&#8220;.<\/p>\n<p><a rel=\"nofollow noopener\" target=\"_blank\" href=\"https:\/\/www.anti-spiegel.ru\/2024\/was-will-macron-wirklich\/\">Am 7. M\u00e4rz berichteten franz\u00f6sische Medien<\/a>\u00a0\u00fcber ein Treffen von Macron mit f\u00fchrenden Politikern anderer Parteien. W\u00e4hrend franz\u00f6sische Minister die \u00d6ffentlichkeit damit zu beruhigen versuchten, Macron wolle keine k\u00e4mpfenden Truppen, sondern nur Grenzsch\u00fctzer, Minenr\u00e4umer, Ausbilder und \u00e4hnliches in die Ukraine entsenden, wurde Macron im kleinen Kreis f\u00fchrender franz\u00f6sischer Politiker anscheinend deutlicher. Teilnehmer des Treffens waren danach sehr &#8220;besorgt&#8221;, denn Macron soll gesagt haben, dass es sehr wohl um k\u00e4mpfende Truppen gehe, wenn Russland beispielsweise auf Kiew oder Odessa vorr\u00fccken sollte.<\/p>\n<p>Fabien Roussel, Mitglied der Nationalversammlung und Vorsitzender der Kommunistischen Partei Frankreichs, fasste das Treffen in einer Sendung des Fernsehsenders <em>BFMTV<\/em>\u00a0<a rel=\"nofollow noopener\" target=\"_blank\" href=\"https:\/\/de.rt.com\/europa\/198722-franzoesischer-kommunistenfuehrer-ueber-macrons-plaene\/\">zusammen<\/a>:<\/p>\n<blockquote>\n<p><em>&#8220;So wie ich das sehe, bereitet Macron die \u00f6ffentliche Meinung darauf vor, dass Frankreich in diesen Konflikt eingreift, indem er uns sagt: &#8216;Und wenn sich die Front in Richtung Odessa oder Kiew bewegt, was werden wir dann tun? Unserem Eingreifen sollten keine Grenzen gesetzt sein.&#8217; So stellt er die Dinge dar, aber wir sollten nicht mit der Angst der Franzosen spielen.&#8221;<\/em><\/p>\n<\/blockquote>\n<p>Der Abgeordnete meint, heute m\u00fcsse &#8220;alles getan werden, um sicherzustellen, dass Frankreich nicht in diesen Konflikt verwickelt wird und nicht in eine direkte Konfrontation mit Russland ger\u00e4t&#8221;. Die &#8220;strategische Zweideutigkeit&#8221;, die Macron mit seinen \u00c4u\u00dferungen erreichen wollte, lasse nur vermuten, dass Frankreich in den Konflikt eingreifen k\u00f6nnte. Damit habe er Macron in der Unterredung konfrontiert, sagte Roussel:<\/p>\n<blockquote>\n<p><em>&#8220;Ich habe ihm eine Frage gestellt: &#8216;Zu Beginn des Konflikts sagten Sie, dass es rote Linien geben m\u00fcsse, die nicht \u00fcberschritten werden d\u00fcrften, um nicht zum Komplizen zu werden und um nicht in einen Krieg mit Russland zu ziehen. Gibt es heute eine solche rote Linie?&#8217; Er antwortete mir: &#8216;Nein, es sollte keine Grenzen mehr geben, das Wesen des Konflikts hat sich ver\u00e4ndert.'&#8221;<\/em><\/p>\n<\/blockquote>\n<p><strong>Ein Krieg wird bewusst in Kauf genommen<\/strong><\/p>\n<p>Am 9. M\u00e4rz \u00e4nderten auch Polen und Tschechien, die sich bisher gegen Macrons Idee ausgesprochen hatten, ihre Meinung. \u00dcber den Meinungsumschwung in Polen\u00a0<a rel=\"nofollow noopener\" target=\"_blank\" href=\"https:\/\/www.spiegel.de\/ausland\/polen-unterstuetzt-bodentruppenvorstoss-von-emmanuel-macron-fuer-die-ukraine-deutschland-weiter-dagegen-a-8ac00f08-951d-4608-9d16-38937ae5ed1d\">berichtete der <em>Spiegel<\/em><\/a>:<\/p>\n<blockquote>\n<p><em>&#8220;Nachdem die Verteidigungsminister Deutschlands und Finnlands am Freitagmorgen ein Ende der Debatte und die Konzentration auf die wichtigere Waffenhilfe f\u00fcr die Ukraine gefordert hatten, widersprach Polens Au\u00dfenminister Rados\u0142aw Sikorski am Freitagabend ausdr\u00fccklich. &#8216;Die Pr\u00e4senz von NATO-Truppen in der Ukraine ist nicht undenkbar. Ich begr\u00fc\u00dfe die Initiative von Frankreichs Pr\u00e4sident Emmanuel Macron&#8217;, schrieb er auf der Plattform X und ging mit dem Hinweis auf NATO-Truppen sogar noch weiter als Macron.&#8221;<\/em><\/p>\n<\/blockquote>\n<p>Der tschechische Pr\u00e4sident Petr Pavel schloss sich am gleichen Tag Macron an. In einem Interview\u00a0<a rel=\"nofollow noopener\" target=\"_blank\" href=\"https:\/\/www.anti-spiegel.ru\/2024\/tschechischer-praesident-raeumt-diskussion-ueber-die-entsendung-westlicher-ausbilder-in-die-ukraine-ein\/\">sagte er<\/a>:<\/p>\n<blockquote>\n<p><em>&#8220;Man muss den klaren Unterschied zwischen der Entsendung von Kampfeinheiten und der Teilnahme, der m\u00f6glichen Teilnahme von Soldaten an einigen [Arten der nicht-k\u00e4mpferischen] Unterst\u00fctzung verstehen. (\u2026) Es stimmt, dass sich die Situation ge\u00e4ndert hat, aber der Konflikt in der Ukraine geht weiter und hat ein gr\u00f6\u00dferes Ausma\u00df angenommen. Die Ukraine ist nach wie vor ein souver\u00e4nes Land, und aus der Sicht des V\u00f6lkerrechts und der UN-Charta spricht eigentlich nichts dagegen, dass milit\u00e4risches Personal der NATO-Mitgliedsstaaten sowie Zivilisten Hilfe leisten. Ich w\u00fcrde eine Diskussion \u00fcber dieses Thema sicherlich nicht ablehnen.&#8221;<\/em><\/p>\n<\/blockquote>\n<p>Statt der Ausbildung ukrainischer Soldaten au\u00dferhalb ihres Landes k\u00f6nnte sie in der Ukraine stattfinden, sagte Pavel, vorausgesetzt, die westlichen Verb\u00fcndeten einigen sich. In diesem Fall m\u00fcsse man ukrainische Soldaten nicht mehr zur Ausbildung in NATO-L\u00e4nder transportieren, sondern es w\u00fcrde ausreichen, nur ein paar Dutzend Instruktoren in die Ukraine zu entsenden. Wie der tschechische Pr\u00e4sident anmerkte, best\u00fcnde dann die Gefahr, dass sie unter russischen Beschuss geraten, was zu einer noch st\u00e4rkeren Eskalation der Spannungen f\u00fchren w\u00fcrde.<\/p>\n<p>Pavel war vor seiner Zeit als tschechischer Pr\u00e4sident \u00fcbrigens der rangh\u00f6chste General der tschechischen Armee, er wei\u00df also, wovon er redet. Und in dem letzten Satz hat er genau das Szenario angedeutet, das ich oben beschrieben habe: Europ\u00e4ische Soldaten werden offiziell in die Ukraine geschickt, geraten unter russischen Beschuss und es folgt die weitere Eskalation. Er beschreibt nicht, was das bedeutet, aber es ist klar, was er meint. Er spricht bereits offen \u00fcber einen Krieg europ\u00e4ischer Staaten gegen Russland.<\/p>\n<p>Aber die europ\u00e4ischen Medien verschweigen der europ\u00e4ischen \u00d6ffentlichkeit, mit welchem Feuer ihre Regierungen spielen.<\/p>\n<p><strong>Die milit\u00e4rische Vorbereitung<\/strong><\/p>\n<p>Ebenfalls unbeachtet von den westlichen Medien laufen in Europa die milit\u00e4rischen Vorbereitungen. Seit Ende Januar l\u00e4uft &#8220;<a rel=\"nofollow noopener\" target=\"_blank\" href=\"https:\/\/www.anti-spiegel.ru\/2024\/die-nato-fuehrt-das-groesste-manoever-seit-1988-mit-90-000-soldaten-durch\/\">Steadfast Defender 2024<\/a>&#8220;,\u00a0das gr\u00f6\u00dfte NATO-Man\u00f6ver seit 1988, an dem 90.000 Soldaten teilnehmen. In dem Man\u00f6ver wird bis Mai 2024 ein Krieg gegen Russland trainiert. Die NATO trainiert darin die Koordination und Verlegung gro\u00dfer Verb\u00e4nde an die russische Grenze.<\/p>\n<p><a rel=\"nofollow noopener\" target=\"_blank\" href=\"https:\/\/www.politico.eu\/article\/french-soldiers-under-fire-train-for-what-war-is-like\/\">Am 8. M\u00e4rz berichtete <em>Politico<\/em><\/a>, dass die franz\u00f6sische Armee in Frankreich Man\u00f6ver unter realit\u00e4tsnahen Bedingungen durchf\u00fchrt, bei denen ein Konflikt hoher Intensit\u00e4t mit einem Feind simuliert wird, der an Feuerkraft nicht zur\u00fccksteht. Das teilten Offiziere des Zentrums f\u00fcr Kampftraining (CENTAC) der franz\u00f6sischen Streitkr\u00e4fte der europ\u00e4ischen Ausgabe von Politico mit.<\/p>\n<p>Nach ihren Angaben betr\u00e4gt die Fl\u00e4che der Man\u00f6verzone 120 Quadratkilometer und ist damit gr\u00f6\u00dfer als die Fl\u00e4che von Paris. Das ist ein Sonderfall f\u00fcr Frankreich, denn nur hier operieren Infanterie, gepanzerte Fahrzeuge, Artillerie und andere Truppengattungen, die normalerweise getrennt in verschiedenen Regionen des Landes ausgebildet werden, gemeinsam.<\/p>\n<p>In dem Bericht hei\u00dft es, dass die Man\u00f6ver darauf abzielen, den Kampf gegen eine Armee wie die russische zu trainieren, wobei die franz\u00f6sische F\u00fchrung den potenziellen Gegner nicht nennt. Wie Offiziere anmerken, werden die Erfahrungen aus dem Ukraine-Konflikt aktiv in die Ausbildung einbezogen. Sie sind der Meinung, dass der Verlauf der Ausbildung die Bedeutung der Koordination zwischen den Einheiten und der gemeinsamen Aktionen aller Truppengattungen und -bereiche best\u00e4tigt.<\/p>\n<p><strong>Langstreckenwaffen als Weg in den Krieg<\/strong><\/p>\n<p>Das ver\u00f6ffentlichte Telefonat der F\u00fchrung der deutschen Luftwaffe \u00fcber die Bombardierung von Zielen im russischen Hinterland (genannt wurden die Krimbr\u00fccke und Munitionslager) mit Taurus-Raketen ist bekannt. Das w\u00e4re eine direkte Kriegsbeteiligung, weil die ukrainischen Soldaten westliche Marschflugk\u00f6rper nicht bedienen k\u00f6nnen und deren Ausbildung zu lange dauern w\u00fcrde. Daher m\u00fcssten deutsche Soldaten die Zielprogrammierung \u00fcbernehmen, was sie zu Kriegsteilnehmern machen w\u00fcrde,\u00a0<a rel=\"nofollow noopener\" target=\"_blank\" href=\"https:\/\/www.anti-spiegel.ru\/2024\/die-deutschen-medien-und-das-abgehoerte-telefonat\/\">wie General Gr\u00e4fe in dem Gespr\u00e4ch ganz deutlich sagte<\/a>:<\/p>\n<blockquote>\n<p><em>&#8220;Beteiligt ist beteiligt.&#8221;<\/em><\/p>\n<\/blockquote>\n<p>Au\u00dferdem besprachen die Gener\u00e4le auch, dass die Briten die Zielprogrammierung der von ihnen gelieferten Storm Shadow-Raketen durchf\u00fchren. Aber die haben eine k\u00fcrzere Reichweite als die Taurus und k\u00f6nnen Ziele im russischen Hinterland daher nicht erreichen. Russland hat mehr als einmal erkl\u00e4rt, dass der Angriff von Zielen auf russischem Gebiet mit aus dem Westen gelieferten Waffen ein Kriegsgrund sein w\u00fcrde. Genau das sollen die Taurus aber tun k\u00f6nnen und der deutsche Kriegstreiber Kiesewetter fordert es ja sogar ganz offen.<\/p>\n<p>Aber nicht nur er fordert das. Auch die deutsche Au\u00dfenministerin Annalena Baerbock macht sich daf\u00fcr stark, indem sie\u00a0<a rel=\"nofollow noopener\" target=\"_blank\" href=\"https:\/\/www.anti-spiegel.ru\/2024\/baerbock-kiew-soll-mehr-langstreckenwaffen-bekommen\/\">erkl\u00e4rte<\/a>, wer Frieden in der Ukraine wolle, m\u00fcsse alle Mittel mobilisieren, damit sich die Ukraine verteidigen kann und Kiew mehr Luftabwehr, Munition und Langstreckenwaffen erh\u00e4lt. Das erkl\u00e4rte sie auf einer gemeinsamen Pressekonferenz mit ihrem britischen Amtskollegen David Cameron in Berlin.<\/p>\n<p>Und\u00a0<a rel=\"nofollow noopener\" target=\"_blank\" href=\"https:\/\/www.spiegel.de\/ausland\/ukraine-krieg-taurus-david-cameron-haelt-deutsch-britischen-ringtausch-fuer-moeglich-a-8afada7b-9acd-4e83-9031-b10066603e98\">Cameron bot auch gleich Hilfe an<\/a>, denn wenn die Deutschen die Taurus nicht liefern wollen, k\u00f6nnten sie sie an Gro\u00dfbritannien liefern, das im Gegenzug mehr Storm Shadows an Kiew liefern w\u00fcrde. Aber ob die Taurus dann wirklich in Gro\u00dfbritannien bleiben, steht in den Sternen, schlie\u00dflich \u00e4ndern die europ\u00e4ischen Politiker ihre Meinung zu Waffenlieferungen und der Entsendung von Bodentruppen immer schneller.<\/p>\n<p>Auch Friedrich Merz, der deutsche Oppositionsf\u00fchrer im Bundestag, ist ein ganz eifriger Verfechter der Lieferung der Taurus an Kiew.\u00a0<a rel=\"nofollow noopener\" target=\"_blank\" href=\"https:\/\/www.anti-spiegel.ru\/2024\/der-aufruf-der-cdu-zum-krieg-gegen-russland\/\">Am 22. Februar<\/a>\u00a0lie\u00df er im Bundestag \u00fcber die Lieferung der Taurus abstimmen, bekam aber keine Mehrheit. Danach hat er Bundeskanzler Scholz heftig angegriffen, weil der bei der Taurus-Lieferung bremst, und bezeichnete das Verhalten von Scholz als &#8220;<a rel=\"nofollow noopener\" target=\"_blank\" href=\"https:\/\/www.spiegel.de\/politik\/deutschland\/friedrich-merz-wirft-olaf-scholz-jaemmerliches-verhalten-vor-a-a4402527-9f2e-4dca-938d-aee6ad3ec1f0\">j\u00e4mmerlich<\/a>&#8220;. In der n\u00e4chsten Woche will Merz\u00a0<a rel=\"nofollow noopener\" target=\"_blank\" href=\"https:\/\/www.spiegel.de\/politik\/deutschland\/ukrainekrieg-union-will-bundestag-erneut-ueber-taurus-lieferung-abstimmen-lassen-a-141df09b-a2fe-4ba7-838f-0554ca4e7543\">erneut \u00fcber die Lieferung der Taurus abstimmen<\/a>\u00a0lassen, und es besteht die Gefahr, dass Teile der Regierungskoalition daf\u00fcr stimmen. Offensichtlich ist ihnen nicht klar, dass sie Deutschland damit in einen Krieg mit Russland st\u00fcrzen k\u00f6nnen.<\/p>\n<p>\u00dcbrigens hat der deutsche Journalist Dirk Pohlmann das ver\u00f6ffentlichte Telefonat\u00a0<a rel=\"nofollow noopener\" target=\"_blank\" href=\"https:\/\/free21.org\/das-taurus-gespraech-hoher-deutscher-militaers\/\">noch einmal untersucht<\/a>\u00a0und ist dabei darauf gesto\u00dfen, dass die Gener\u00e4le etwas erw\u00e4hnen, was darauf hindeutet, dass sie die Angriffspl\u00e4ne mit Taurus-Raketen auf Russland schon im Oktober 2023 mit leitenden US-Gener\u00e4len besprochen haben.<\/p>\n<p><strong>Bunker bauen in Europa<\/strong><\/p>\n<p>Heute hat der neue Hauptgesch\u00e4ftsf\u00fchrer des St\u00e4dte- und Gemeindebundes Andr\u00e9 Berghegger den Zeitungen der <em>Funke<\/em>&#8211;<em>Mediengruppe<\/em>\u00a0<a rel=\"nofollow noopener\" target=\"_blank\" href=\"https:\/\/www.ad-hoc-news.de\/politik\/der-staedte-und-gemeindebund-fordert-milliarden-investitionen-des-bundes\/64934724\">erkl\u00e4rt<\/a>, Deutschland brauche neue Bunker. Er forderte mindestens eine Milliarde Euro, um alte Bunker wieder in Betrieb zu nehmen und neue zu bauen.<\/p>\n<p>Auch in Estland wird der\u00a0<a rel=\"nofollow noopener\" target=\"_blank\" href=\"https:\/\/tass.ru\/mezhdunarodnaya-panorama\/20192659\">Bau von Bunkern gefordert<\/a>. Die estnische Regierung will die Pflicht einf\u00fchren, dass jedes Geb\u00e4ude mit mindestens 1.200 Quadratmetern Fl\u00e4che auch einen Bunker haben muss, was die Baukosten im Land um zehn Prozent erh\u00f6hen w\u00fcrde.<\/p>\n<p>Habe nur ich das Gef\u00fchl, dass die europ\u00e4ischen Regierungen die \u00d6ffentlichkeit auf einen gro\u00dfen Krieg vorbereiten, den sie hinter den Kulissen immer eifriger vorantreiben?<\/p>\n<p>Und warum thematisieren die europ\u00e4ischen Medien nicht, was gerade vor sich geht? Glauben deren Redakteure ernsthaft, dass sie vor Bomben gesch\u00fctzt sind, wenn es zum gro\u00dfen Krieg kommen sollte?<\/p>\n<p><em><strong>Thomas R\u00f6per<\/strong>\u00a0ist Herausgeber und Blogbetreiber der Website Anti-Spiegel. Dort wurde der vorliegende Text am 9.\u00a0M\u00e4rz 2024\u00a0<a rel=\"nofollow noopener\" target=\"_blank\" href=\"https:\/\/www.anti-spiegel.ru\/2024\/die-kriegsgefahr-wird-auch-fuer-deutschland-realer\/\">erstmalig ver\u00f6ffentlicht<\/a>.<\/em><\/p>\n<p><strong>Mehr zum Thema<\/strong> \u2013 <a rel=\"nofollow noopener\" target=\"_blank\" href=\"https:\/\/freedert.online\/europa\/198267-ukraine-ist-russland-und-ist-verhandelbar-medwedew-zieht-strategische-grenzen-russlands\/\">&#8220;Ukraine ist Russland, das ist nicht verhandelbar&#8221; \u2013 Medwedew zieht strategische Grenzen Russlands<\/a><\/p>\n<div class=\"EmbedBlock-root EmbedBlock-externalVideo EmbedBlock-odysee\">\n<div class=\"VkEmbed\"><iframe class=\"lazyload\" data-src=\"https:\/\/odysee.com\/%24\/embed\/%40RTDE%3Ae%2FHohe-deutsche-Offiziere-besprechen-Angriff-auf-die-Krim-Br%C3%BCcke%3A7\" frameborder=\"0\" width=\"853\" height=\"480\" allowfullscreen><\/iframe><\/div>\n<\/div>\n<\/div>\n<p><br \/>\n<br \/><a href=\"https:\/\/de.rt.com\/meinung\/198847-die-kriegsgefahr-wird-auch-fuer-deutschland-realer\/\">Source link <\/a><\/p>\n","protected":false},"excerpt":{"rendered":"<p>In den letzten Wochen gab es einige Meldungen, die zeigen, dass zumindest einige europ\u00e4ische Regierungschefs das Risiko eines direkten Krieges mit Russland eingehen wollen. Damit kommen wir vom Szenario des Kampfes der USA gegen Russland bis zum letzten Ukrainer zum Kampf gegen Russland bis zum letzten Europ\u00e4er. Von Thomas R\u00f6per Auf eines muss man vorweg [&hellip;]<\/p>\n","protected":false},"author":3,"featured_media":56809,"comment_status":"open","ping_status":"open","sticky":false,"template":"","format":"standard","meta":{"_yoast_indexnow_last_ping":["1710056639"],"wp_automatic_camp":["217"],"10ce318e6a09887c44a8f2290646c87c":["Die Kriegsgefahr wird auch f\u00fcr Deutschland realer"],"original_link":["https:\/\/de.rt.com\/meinung\/198847-die-kriegsgefahr-wird-auch-fuer-deutschland-realer\/"],"_thumbnail_id":["56809"],"_wptgpro_p2tg_sent2tg":["a:1:{i:23737;s:19:\"2024-03-10 09:45:39\";}"],"jnews_social_counter_last_update":["1777329082"]},"categories":[19,23],"tags":[1475,179,45,221,8317,54271,374],"yoast_head":"<!-- This site is optimized with the Yoast SEO Premium plugin v22.7 (Yoast SEO v22.7) - https:\/\/yoast.com\/wordpress\/plugins\/seo\/ -->\n<title>Die Kriegsgefahr wird auch f\u00fcr Deutschland realer - just-now.NEWS Deutschland<\/title>\n<meta name=\"robots\" content=\"index, follow, max-snippet:-1, max-image-preview:large, max-video-preview:-1\" \/>\n<link rel=\"canonical\" href=\"https:\/\/now-news.de\/de\/deutschland\/die-kriegsgefahr-wird-auch-fuer-deutschland-realer\/\" \/>\n<meta property=\"og:locale\" content=\"de_DE\" \/>\n<meta property=\"og:type\" content=\"article\" \/>\n<meta property=\"og:title\" content=\"Die Kriegsgefahr wird auch f\u00fcr Deutschland realer\" \/>\n<meta property=\"og:description\" content=\"In den letzten Wochen gab es einige Meldungen, die zeigen, dass zumindest einige europ\u00e4ische Regierungschefs das Risiko eines direkten Krieges mit Russland eingehen wollen. Damit kommen wir vom Szenario des Kampfes der USA gegen Russland bis zum letzten Ukrainer zum Kampf gegen Russland bis zum letzten Europ\u00e4er. Von Thomas R\u00f6per Auf eines muss man vorweg [&hellip;]\" \/>\n<meta property=\"og:url\" content=\"https:\/\/now-news.de\/de\/deutschland\/die-kriegsgefahr-wird-auch-fuer-deutschland-realer\/\" \/>\n<meta property=\"og:site_name\" content=\"just-now.NEWS Deutschland\" \/>\n<meta property=\"article:publisher\" content=\"https:\/\/www.facebook.com\/wirmachenauf\" \/>\n<meta property=\"article:published_time\" content=\"2024-03-10T07:35:40+00:00\" \/>\n<meta property=\"og:image\" content=\"https:\/\/now-news.de\/de\/wp-content\/uploads\/sites\/3\/2024\/03\/Die-Kriegsgefahr-wird-auch-fuer-Deutschland-realer.jpg\" \/>\n\t<meta property=\"og:image:width\" content=\"460\" \/>\n\t<meta property=\"og:image:height\" content=\"259\" \/>\n\t<meta property=\"og:image:type\" content=\"image\/jpeg\" \/>\n<meta name=\"author\" content=\"rtnews\" \/>\n<meta name=\"twitter:card\" content=\"summary_large_image\" \/>\n<meta name=\"twitter:creator\" content=\"@WirMachenAuf_de\" \/>\n<meta name=\"twitter:site\" content=\"@WirMachenAuf_de\" \/>\n<meta name=\"twitter:label1\" content=\"Verfasst von\" \/>\n\t<meta name=\"twitter:data1\" content=\"rtnews\" \/>\n\t<meta name=\"twitter:label2\" content=\"Gesch\u00e4tzte Lesezeit\" \/>\n\t<meta name=\"twitter:data2\" content=\"13\u00a0Minuten\" \/>\n<script type=\"application\/ld+json\" class=\"yoast-schema-graph\">{\"@context\":\"https:\/\/schema.org\",\"@graph\":[{\"@type\":\"Article\",\"@id\":\"https:\/\/now-news.de\/de\/deutschland\/die-kriegsgefahr-wird-auch-fuer-deutschland-realer\/#article\",\"isPartOf\":{\"@id\":\"https:\/\/now-news.de\/de\/deutschland\/die-kriegsgefahr-wird-auch-fuer-deutschland-realer\/\"},\"author\":{\"name\":\"rtnews\",\"@id\":\"https:\/\/now-news.de\/de\/#\/schema\/person\/fb534a4e865501d8b3285208df34a9b5\"},\"headline\":\"Die Kriegsgefahr wird auch f\u00fcr Deutschland realer\",\"datePublished\":\"2024-03-10T07:35:40+00:00\",\"dateModified\":\"2024-03-10T07:35:40+00:00\",\"mainEntityOfPage\":{\"@id\":\"https:\/\/now-news.de\/de\/deutschland\/die-kriegsgefahr-wird-auch-fuer-deutschland-realer\/\"},\"wordCount\":2592,\"commentCount\":0,\"publisher\":{\"@id\":\"https:\/\/now-news.de\/de\/#organization\"},\"image\":{\"@id\":\"https:\/\/now-news.de\/de\/deutschland\/die-kriegsgefahr-wird-auch-fuer-deutschland-realer\/#primaryimage\"},\"thumbnailUrl\":\"https:\/\/now-news.de\/de\/wp-content\/uploads\/sites\/3\/2024\/03\/Die-Kriegsgefahr-wird-auch-fuer-Deutschland-realer.jpg\",\"keywords\":[\"auch\",\"Deutschland\",\"die\",\"f\u00fcr\",\"Kriegsgefahr\",\"realer\",\"wird\"],\"articleSection\":[\"Deutschland\",\"Russland\"],\"inLanguage\":\"de\",\"potentialAction\":[{\"@type\":\"CommentAction\",\"name\":\"Comment\",\"target\":[\"https:\/\/now-news.de\/de\/deutschland\/die-kriegsgefahr-wird-auch-fuer-deutschland-realer\/#respond\"]}]},{\"@type\":\"WebPage\",\"@id\":\"https:\/\/now-news.de\/de\/deutschland\/die-kriegsgefahr-wird-auch-fuer-deutschland-realer\/\",\"url\":\"https:\/\/now-news.de\/de\/deutschland\/die-kriegsgefahr-wird-auch-fuer-deutschland-realer\/\",\"name\":\"Die Kriegsgefahr wird auch f\u00fcr Deutschland realer - just-now.NEWS Deutschland\",\"isPartOf\":{\"@id\":\"https:\/\/now-news.de\/de\/#website\"},\"primaryImageOfPage\":{\"@id\":\"https:\/\/now-news.de\/de\/deutschland\/die-kriegsgefahr-wird-auch-fuer-deutschland-realer\/#primaryimage\"},\"image\":{\"@id\":\"https:\/\/now-news.de\/de\/deutschland\/die-kriegsgefahr-wird-auch-fuer-deutschland-realer\/#primaryimage\"},\"thumbnailUrl\":\"https:\/\/now-news.de\/de\/wp-content\/uploads\/sites\/3\/2024\/03\/Die-Kriegsgefahr-wird-auch-fuer-Deutschland-realer.jpg\",\"datePublished\":\"2024-03-10T07:35:40+00:00\",\"dateModified\":\"2024-03-10T07:35:40+00:00\",\"breadcrumb\":{\"@id\":\"https:\/\/now-news.de\/de\/deutschland\/die-kriegsgefahr-wird-auch-fuer-deutschland-realer\/#breadcrumb\"},\"inLanguage\":\"de\",\"potentialAction\":[{\"@type\":\"ReadAction\",\"target\":[\"https:\/\/now-news.de\/de\/deutschland\/die-kriegsgefahr-wird-auch-fuer-deutschland-realer\/\"]}]},{\"@type\":\"ImageObject\",\"inLanguage\":\"de\",\"@id\":\"https:\/\/now-news.de\/de\/deutschland\/die-kriegsgefahr-wird-auch-fuer-deutschland-realer\/#primaryimage\",\"url\":\"https:\/\/now-news.de\/de\/wp-content\/uploads\/sites\/3\/2024\/03\/Die-Kriegsgefahr-wird-auch-fuer-Deutschland-realer.jpg\",\"contentUrl\":\"https:\/\/now-news.de\/de\/wp-content\/uploads\/sites\/3\/2024\/03\/Die-Kriegsgefahr-wird-auch-fuer-Deutschland-realer.jpg\",\"width\":460,\"height\":259,\"caption\":\"Die Kriegsgefahr wird auch f\u00fcr Deutschland realer\"},{\"@type\":\"BreadcrumbList\",\"@id\":\"https:\/\/now-news.de\/de\/deutschland\/die-kriegsgefahr-wird-auch-fuer-deutschland-realer\/#breadcrumb\",\"itemListElement\":[{\"@type\":\"ListItem\",\"position\":1,\"name\":\"Home\",\"item\":\"https:\/\/now-news.de\/de\/\"},{\"@type\":\"ListItem\",\"position\":2,\"name\":\"Die Kriegsgefahr wird auch f\u00fcr Deutschland realer\"}]},{\"@type\":\"WebSite\",\"@id\":\"https:\/\/now-news.de\/de\/#website\",\"url\":\"https:\/\/now-news.de\/de\/\",\"name\":\"just-now.NEWS Deutschland\",\"description\":\"Das Portal f\u00fcr unzensierte Nachrichten aus der Welt\",\"publisher\":{\"@id\":\"https:\/\/now-news.de\/de\/#organization\"},\"potentialAction\":[{\"@type\":\"SearchAction\",\"target\":{\"@type\":\"EntryPoint\",\"urlTemplate\":\"https:\/\/now-news.de\/de\/?s={search_term_string}\"},\"query-input\":\"required name=search_term_string\"}],\"inLanguage\":\"de\"},{\"@type\":\"Organization\",\"@id\":\"https:\/\/now-news.de\/de\/#organization\",\"name\":\"Just Now News\",\"url\":\"https:\/\/now-news.de\/de\/\",\"logo\":{\"@type\":\"ImageObject\",\"inLanguage\":\"de\",\"@id\":\"https:\/\/now-news.de\/de\/#\/schema\/logo\/image\/\",\"url\":\"http:\/\/just-now.news\/de\/wp-content\/uploads\/sites\/3\/2022\/04\/logo500x500.jpg\",\"contentUrl\":\"http:\/\/just-now.news\/de\/wp-content\/uploads\/sites\/3\/2022\/04\/logo500x500.jpg\",\"width\":500,\"height\":500,\"caption\":\"Just Now News\"},\"image\":{\"@id\":\"https:\/\/now-news.de\/de\/#\/schema\/logo\/image\/\"},\"sameAs\":[\"https:\/\/www.facebook.com\/wirmachenauf\",\"https:\/\/x.com\/WirMachenAuf_de\"]},{\"@type\":\"Person\",\"@id\":\"https:\/\/now-news.de\/de\/#\/schema\/person\/fb534a4e865501d8b3285208df34a9b5\",\"name\":\"rtnews\",\"image\":{\"@type\":\"ImageObject\",\"inLanguage\":\"de\",\"@id\":\"https:\/\/now-news.de\/de\/#\/schema\/person\/image\/\",\"url\":\"https:\/\/secure.gravatar.com\/avatar\/82aafea7d8127119dd649515f56e2117?s=96&d=mm&r=g\",\"contentUrl\":\"https:\/\/secure.gravatar.com\/avatar\/82aafea7d8127119dd649515f56e2117?s=96&d=mm&r=g\",\"caption\":\"rtnews\"},\"url\":\"https:\/\/now-news.de\/de\/author\/rnews\/\"}]}<\/script>\n<!-- \/ Yoast SEO Premium plugin. -->","yoast_head_json":{"title":"Die Kriegsgefahr wird auch f\u00fcr Deutschland realer - just-now.NEWS Deutschland","robots":{"index":"index","follow":"follow","max-snippet":"max-snippet:-1","max-image-preview":"max-image-preview:large","max-video-preview":"max-video-preview:-1"},"canonical":"https:\/\/now-news.de\/de\/deutschland\/die-kriegsgefahr-wird-auch-fuer-deutschland-realer\/","og_locale":"de_DE","og_type":"article","og_title":"Die Kriegsgefahr wird auch f\u00fcr Deutschland realer","og_description":"In den letzten Wochen gab es einige Meldungen, die zeigen, dass zumindest einige europ\u00e4ische Regierungschefs das Risiko eines direkten Krieges mit Russland eingehen wollen. Damit kommen wir vom Szenario des Kampfes der USA gegen Russland bis zum letzten Ukrainer zum Kampf gegen Russland bis zum letzten Europ\u00e4er. Von Thomas R\u00f6per Auf eines muss man vorweg [&hellip;]","og_url":"https:\/\/now-news.de\/de\/deutschland\/die-kriegsgefahr-wird-auch-fuer-deutschland-realer\/","og_site_name":"just-now.NEWS Deutschland","article_publisher":"https:\/\/www.facebook.com\/wirmachenauf","article_published_time":"2024-03-10T07:35:40+00:00","og_image":[{"width":460,"height":259,"url":"https:\/\/now-news.de\/de\/wp-content\/uploads\/sites\/3\/2024\/03\/Die-Kriegsgefahr-wird-auch-fuer-Deutschland-realer.jpg","type":"image\/jpeg"}],"author":"rtnews","twitter_card":"summary_large_image","twitter_creator":"@WirMachenAuf_de","twitter_site":"@WirMachenAuf_de","twitter_misc":{"Verfasst von":"rtnews","Gesch\u00e4tzte Lesezeit":"13\u00a0Minuten"},"schema":{"@context":"https:\/\/schema.org","@graph":[{"@type":"Article","@id":"https:\/\/now-news.de\/de\/deutschland\/die-kriegsgefahr-wird-auch-fuer-deutschland-realer\/#article","isPartOf":{"@id":"https:\/\/now-news.de\/de\/deutschland\/die-kriegsgefahr-wird-auch-fuer-deutschland-realer\/"},"author":{"name":"rtnews","@id":"https:\/\/now-news.de\/de\/#\/schema\/person\/fb534a4e865501d8b3285208df34a9b5"},"headline":"Die Kriegsgefahr wird auch f\u00fcr Deutschland realer","datePublished":"2024-03-10T07:35:40+00:00","dateModified":"2024-03-10T07:35:40+00:00","mainEntityOfPage":{"@id":"https:\/\/now-news.de\/de\/deutschland\/die-kriegsgefahr-wird-auch-fuer-deutschland-realer\/"},"wordCount":2592,"commentCount":0,"publisher":{"@id":"https:\/\/now-news.de\/de\/#organization"},"image":{"@id":"https:\/\/now-news.de\/de\/deutschland\/die-kriegsgefahr-wird-auch-fuer-deutschland-realer\/#primaryimage"},"thumbnailUrl":"https:\/\/now-news.de\/de\/wp-content\/uploads\/sites\/3\/2024\/03\/Die-Kriegsgefahr-wird-auch-fuer-Deutschland-realer.jpg","keywords":["auch","Deutschland","die","f\u00fcr","Kriegsgefahr","realer","wird"],"articleSection":["Deutschland","Russland"],"inLanguage":"de","potentialAction":[{"@type":"CommentAction","name":"Comment","target":["https:\/\/now-news.de\/de\/deutschland\/die-kriegsgefahr-wird-auch-fuer-deutschland-realer\/#respond"]}]},{"@type":"WebPage","@id":"https:\/\/now-news.de\/de\/deutschland\/die-kriegsgefahr-wird-auch-fuer-deutschland-realer\/","url":"https:\/\/now-news.de\/de\/deutschland\/die-kriegsgefahr-wird-auch-fuer-deutschland-realer\/","name":"Die Kriegsgefahr wird auch f\u00fcr Deutschland realer - just-now.NEWS Deutschland","isPartOf":{"@id":"https:\/\/now-news.de\/de\/#website"},"primaryImageOfPage":{"@id":"https:\/\/now-news.de\/de\/deutschland\/die-kriegsgefahr-wird-auch-fuer-deutschland-realer\/#primaryimage"},"image":{"@id":"https:\/\/now-news.de\/de\/deutschland\/die-kriegsgefahr-wird-auch-fuer-deutschland-realer\/#primaryimage"},"thumbnailUrl":"https:\/\/now-news.de\/de\/wp-content\/uploads\/sites\/3\/2024\/03\/Die-Kriegsgefahr-wird-auch-fuer-Deutschland-realer.jpg","datePublished":"2024-03-10T07:35:40+00:00","dateModified":"2024-03-10T07:35:40+00:00","breadcrumb":{"@id":"https:\/\/now-news.de\/de\/deutschland\/die-kriegsgefahr-wird-auch-fuer-deutschland-realer\/#breadcrumb"},"inLanguage":"de","potentialAction":[{"@type":"ReadAction","target":["https:\/\/now-news.de\/de\/deutschland\/die-kriegsgefahr-wird-auch-fuer-deutschland-realer\/"]}]},{"@type":"ImageObject","inLanguage":"de","@id":"https:\/\/now-news.de\/de\/deutschland\/die-kriegsgefahr-wird-auch-fuer-deutschland-realer\/#primaryimage","url":"https:\/\/now-news.de\/de\/wp-content\/uploads\/sites\/3\/2024\/03\/Die-Kriegsgefahr-wird-auch-fuer-Deutschland-realer.jpg","contentUrl":"https:\/\/now-news.de\/de\/wp-content\/uploads\/sites\/3\/2024\/03\/Die-Kriegsgefahr-wird-auch-fuer-Deutschland-realer.jpg","width":460,"height":259,"caption":"Die Kriegsgefahr wird auch f\u00fcr Deutschland realer"},{"@type":"BreadcrumbList","@id":"https:\/\/now-news.de\/de\/deutschland\/die-kriegsgefahr-wird-auch-fuer-deutschland-realer\/#breadcrumb","itemListElement":[{"@type":"ListItem","position":1,"name":"Home","item":"https:\/\/now-news.de\/de\/"},{"@type":"ListItem","position":2,"name":"Die Kriegsgefahr wird auch f\u00fcr Deutschland realer"}]},{"@type":"WebSite","@id":"https:\/\/now-news.de\/de\/#website","url":"https:\/\/now-news.de\/de\/","name":"just-now.NEWS Deutschland","description":"Das Portal f\u00fcr unzensierte Nachrichten aus der Welt","publisher":{"@id":"https:\/\/now-news.de\/de\/#organization"},"potentialAction":[{"@type":"SearchAction","target":{"@type":"EntryPoint","urlTemplate":"https:\/\/now-news.de\/de\/?s={search_term_string}"},"query-input":"required name=search_term_string"}],"inLanguage":"de"},{"@type":"Organization","@id":"https:\/\/now-news.de\/de\/#organization","name":"Just Now News","url":"https:\/\/now-news.de\/de\/","logo":{"@type":"ImageObject","inLanguage":"de","@id":"https:\/\/now-news.de\/de\/#\/schema\/logo\/image\/","url":"http:\/\/just-now.news\/de\/wp-content\/uploads\/sites\/3\/2022\/04\/logo500x500.jpg","contentUrl":"http:\/\/just-now.news\/de\/wp-content\/uploads\/sites\/3\/2022\/04\/logo500x500.jpg","width":500,"height":500,"caption":"Just Now News"},"image":{"@id":"https:\/\/now-news.de\/de\/#\/schema\/logo\/image\/"},"sameAs":["https:\/\/www.facebook.com\/wirmachenauf","https:\/\/x.com\/WirMachenAuf_de"]},{"@type":"Person","@id":"https:\/\/now-news.de\/de\/#\/schema\/person\/fb534a4e865501d8b3285208df34a9b5","name":"rtnews","image":{"@type":"ImageObject","inLanguage":"de","@id":"https:\/\/now-news.de\/de\/#\/schema\/person\/image\/","url":"https:\/\/secure.gravatar.com\/avatar\/82aafea7d8127119dd649515f56e2117?s=96&d=mm&r=g","contentUrl":"https:\/\/secure.gravatar.com\/avatar\/82aafea7d8127119dd649515f56e2117?s=96&d=mm&r=g","caption":"rtnews"},"url":"https:\/\/now-news.de\/de\/author\/rnews\/"}]}},"_links":{"self":[{"href":"https:\/\/now-news.de\/de\/wp-json\/wp\/v2\/posts\/56808"}],"collection":[{"href":"https:\/\/now-news.de\/de\/wp-json\/wp\/v2\/posts"}],"about":[{"href":"https:\/\/now-news.de\/de\/wp-json\/wp\/v2\/types\/post"}],"author":[{"embeddable":true,"href":"https:\/\/now-news.de\/de\/wp-json\/wp\/v2\/users\/3"}],"replies":[{"embeddable":true,"href":"https:\/\/now-news.de\/de\/wp-json\/wp\/v2\/comments?post=56808"}],"version-history":[{"count":0,"href":"https:\/\/now-news.de\/de\/wp-json\/wp\/v2\/posts\/56808\/revisions"}],"wp:featuredmedia":[{"embeddable":true,"href":"https:\/\/now-news.de\/de\/wp-json\/wp\/v2\/media\/56809"}],"wp:attachment":[{"href":"https:\/\/now-news.de\/de\/wp-json\/wp\/v2\/media?parent=56808"}],"wp:term":[{"taxonomy":"category","embeddable":true,"href":"https:\/\/now-news.de\/de\/wp-json\/wp\/v2\/categories?post=56808"},{"taxonomy":"post_tag","embeddable":true,"href":"https:\/\/now-news.de\/de\/wp-json\/wp\/v2\/tags?post=56808"}],"curies":[{"name":"wp","href":"https:\/\/api.w.org\/{rel}","templated":true}]}}