{"id":56794,"date":"2024-03-09T19:45:14","date_gmt":"2024-03-09T17:45:14","guid":{"rendered":"https:\/\/just-now.news\/de\/deutschland\/zum-achten-mal-immunitaet-von-bjoern-hoecke-erneut-aufgehoben\/"},"modified":"2024-03-09T19:45:14","modified_gmt":"2024-03-09T17:45:14","slug":"zum-achten-mal-immunitaet-von-bjoern-hoecke-erneut-aufgehoben","status":"publish","type":"post","link":"https:\/\/now-news.de\/de\/deutschland\/zum-achten-mal-immunitaet-von-bjoern-hoecke-erneut-aufgehoben\/","title":{"rendered":"Zum achten Mal: Immunit\u00e4t von Bj\u00f6rn H\u00f6cke erneut aufgehoben"},"content":{"rendered":"<p><img decoding=\"async\" src=\"http:\/\/just-now.news\/de\/wp-content\/uploads\/sites\/3\/2024\/03\/65ec940748fbef3b3b476f62.jpg\" \/><\/p>\n<div class=\"Text-root Text-type_1 \">\n                Der Justizausschuss im Th\u00fcringer Landtag hat die Immunit\u00e4t des AfD-Abgeordneten Bj\u00f6rn H\u00f6cke aufgehoben. Hintergrund sind Ermittlungen wegen der angeblichen Verwendung einer Nazi-Losung. H\u00f6cke selbst sieht in dem Vorgehen der Justiz einen Versuch, ihm politisch zu schaden.\n            <\/div>\n<p><\/p>\n<div class=\"Text-root Text-type_5 ArticleView-text ViewText-root \">\n<p>Der Justizausschuss des Th\u00fcringer Landtags hat die Immunit\u00e4t des AfD-Politikers Bj\u00f6rn H\u00f6cke erneut aufgehoben. Das berichten die Nachrichtenagentur\u00a0<em>dpa<\/em> und der <em>MDR<\/em>. Demnach\u00a0stimmte der Ausschuss dem Schritt am Freitag zu. Die Aufhebung steht im Zusammenhang mit Ermittlungen zu einer \u00c4u\u00dferung von H\u00f6cke, die als Verwendung einer Nazi-Losung interpretiert wird.<\/p>\n<p>H\u00f6cke selbst schrieb am Freitag auf dem Netzwerk X, es sei bereits das achte Mal, dass seine Immunit\u00e4t aufgehoben worden sei. Der AfD-Mann schrieb:<\/p>\n<p><em>&#8220;Diese Immunit\u00e4t kann durch das Parlament in speziellen Ausnahmef\u00e4llen aufgehoben werden \u2014 diese &#8216;Ausnahme&#8217; scheint sich in Th\u00fcringen wohl mehr auf meine Person als auf den eigentlichen Sachverhalt zu beziehen. Heute wurde meine Immunit\u00e4t zum achten Mal aufgehoben, was einmalig in der gesamten Geschichte der Bundesrepublik Deutschland ist. Und immer ging und geht es um Meinungs\u00e4u\u00dferungen, zum Teil liegen die Sachverhalte Jahre zur\u00fcck. Mich erwarten w\u00e4hrend des Landtagswahlkampfes gleich drei Prozesse und sicherlich erhoffen sich meine Gegner in diesem Zusammenhang entsprechende Schlagzeilen \u2014 nach dem Motto: Nur lange genug mit Dreck werfen, irgendetwas wird schon h\u00e4ngen bleiben.&#8221;<\/em><\/p>\n<div class=\"EmbedBlock-root EmbedBlock-twitter\">\n<div class=\"TwitterEmbed\">\n<blockquote class=\"twitter-tweet lazyload\" data-twitter=\"twitter-tweet\">\n<p lang=\"de\" dir=\"ltr\">Die politische Immunit\u00e4t f\u00fcr Abgeordnete wurde zu einem Rechtsgut, um die Legislative vor einer m\u00f6glichen Willk\u00fcr der Exekutive zu sch\u00fctzen. Sie soll die Freiheit der Meinungs\u00e4u\u00dferung besonders f\u00fcr gew\u00e4hlte Volksvertreter garantieren, da diese den Interessen ihrer W\u00e4hlerschaft\u2026 <a rel=\"nofollow noopener\" target=\"_blank\" href=\"https:\/\/t.co\/8bsdwIDZ2a\">pic.twitter.com\/8bsdwIDZ2a<\/a><\/p>\n<p>\u2014 Bj\u00f6rn H\u00f6cke (@BjoernHoecke) <a rel=\"nofollow noopener\" target=\"_blank\" href=\"https:\/\/twitter.com\/BjoernHoecke\/status\/1766125272141623401?ref_src=twsrc%5Etfw\">March 8, 2024<\/a><\/p><\/blockquote>\n<\/div>\n<\/div>\n<p>Hintergrund der Ermittlungen sind Vorw\u00fcrfe der Staatsanwaltschaft Gera. H\u00f6cke soll im Dezember bei einer Versammlung in Gera die verbotene Losung der SA &#8220;Alles f\u00fcr Deutschland&#8221; verwendet haben. Bereits im Mai 2021\u00a0erhob die Staatsanwaltschaft Halle wegen der Verwendung\u00a0dieser Parole in einer Rede in Merseburg Anklage. Die Ermittlungen zu\u00a0beiden Vorf\u00e4llen sollen nun zusammen\u00a0durch die\u00a0Staatsanwaltschaft Halle gef\u00fchrt werden.<\/p>\n<p>Au\u00dferdem wurde\u00a0eine Anklage gegen H\u00f6cke am Landgericht M\u00fchlhausen zugelassen. Hier geht es um den Vorwurf der Volksverhetzung, der wegen eines Telegram-Posts des Politikers erhoben wird.<\/p>\n<p>H\u00f6cke ist\u00a0AfD-Landes- und Fraktionsvorsitzender in Th\u00fcringen. Bei der Landtagswahl am 1. September soll er als Spitzenkandidat seiner Partei antreten.<\/p>\n<p><strong>Mehr zum Thema<\/strong> &#8211; <a rel=\"nofollow noopener\" target=\"_blank\" href=\"https:\/\/freedert.online\/inland\/180677-anklage-gegen-bjoern-hoecke-in\/\">Anklage gegen Bj\u00f6rn H\u00f6cke in Sachsen-Anhalt zugelassen<\/a><\/p>\n<div class=\"EmbedBlock-root EmbedBlock-externalVideo EmbedBlock-odysee\">\n<div class=\"VkEmbed\"><iframe class=\"lazyload\" data-src=\"https:\/\/odysee.com\/%24\/embed\/%40RTDE%3Ae%2FAfD-Politiker-zur-Taurus-Debatte--Russland-diskutiert-bereits-%C3%BCber-den-Zwei-plus-Vier-Vertrag%3Ae\" frameborder=\"0\" width=\"853\" height=\"480\" allowfullscreen><\/iframe><\/div>\n<\/div>\n<\/div>\n<p><script async src=\"https:\/\/platform.twitter.com\/widgets.js\" charset=\"utf-8\"><\/script><br \/>\n<br \/><br \/>\n<br \/><a href=\"https:\/\/de.rt.com\/inland\/198846-zum-achten-mal-immunitaet-von\/\">Source link <\/a><\/p>\n","protected":false},"excerpt":{"rendered":"<p>Der Justizausschuss im Th\u00fcringer Landtag hat die Immunit\u00e4t des AfD-Abgeordneten Bj\u00f6rn H\u00f6cke aufgehoben. Hintergrund sind Ermittlungen wegen der angeblichen Verwendung einer Nazi-Losung. H\u00f6cke selbst sieht in dem Vorgehen der Justiz einen Versuch, ihm politisch zu schaden. Der Justizausschuss des Th\u00fcringer Landtags hat die Immunit\u00e4t des AfD-Politikers Bj\u00f6rn H\u00f6cke erneut aufgehoben. Das berichten die Nachrichtenagentur\u00a0dpa und [&hellip;]<\/p>\n","protected":false},"author":3,"featured_media":56795,"comment_status":"open","ping_status":"open","sticky":false,"template":"","format":"standard","meta":{"_yoast_indexnow_last_ping":["1710006454"],"wp_automatic_camp":["217"],"9a35fd9de53262f4709e618686ea846a":["Zum achten Mal: Immunit\u00e4t von Bj\u00f6rn H\u00f6cke erneut aufgehoben"],"original_link":["https:\/\/de.rt.com\/inland\/198846-zum-achten-mal-immunitaet-von\/"],"_thumbnail_id":["56795"],"_wptgpro_p2tg_sent2tg":["a:1:{i:23737;s:19:\"2024-03-09 19:48:37\";}"],"jnews_social_counter_last_update":["1777178310"]},"categories":[19,23],"tags":[20568,3952,9845,781,27529,21028,1727,50,565],"yoast_head":"<!-- This site is optimized with the Yoast SEO Premium plugin v22.7 (Yoast SEO v22.7) - https:\/\/yoast.com\/wordpress\/plugins\/seo\/ -->\n<title>Zum achten Mal: Immunit\u00e4t von Bj\u00f6rn H\u00f6cke erneut aufgehoben - just-now.NEWS Deutschland<\/title>\n<meta name=\"robots\" content=\"index, follow, max-snippet:-1, max-image-preview:large, max-video-preview:-1\" \/>\n<link rel=\"canonical\" href=\"https:\/\/now-news.de\/de\/deutschland\/zum-achten-mal-immunitaet-von-bjoern-hoecke-erneut-aufgehoben\/\" \/>\n<meta property=\"og:locale\" content=\"de_DE\" \/>\n<meta property=\"og:type\" content=\"article\" \/>\n<meta property=\"og:title\" content=\"Zum achten Mal: Immunit\u00e4t von Bj\u00f6rn H\u00f6cke erneut aufgehoben\" \/>\n<meta property=\"og:description\" content=\"Der Justizausschuss im Th\u00fcringer Landtag hat die Immunit\u00e4t des AfD-Abgeordneten Bj\u00f6rn H\u00f6cke aufgehoben. Hintergrund sind Ermittlungen wegen der angeblichen Verwendung einer Nazi-Losung. H\u00f6cke selbst sieht in dem Vorgehen der Justiz einen Versuch, ihm politisch zu schaden. Der Justizausschuss des Th\u00fcringer Landtags hat die Immunit\u00e4t des AfD-Politikers Bj\u00f6rn H\u00f6cke erneut aufgehoben. Das berichten die Nachrichtenagentur\u00a0dpa und [&hellip;]\" \/>\n<meta property=\"og:url\" content=\"https:\/\/now-news.de\/de\/deutschland\/zum-achten-mal-immunitaet-von-bjoern-hoecke-erneut-aufgehoben\/\" \/>\n<meta property=\"og:site_name\" content=\"just-now.NEWS Deutschland\" \/>\n<meta property=\"article:publisher\" content=\"https:\/\/www.facebook.com\/wirmachenauf\" \/>\n<meta property=\"article:published_time\" content=\"2024-03-09T17:45:14+00:00\" \/>\n<meta property=\"og:image\" content=\"https:\/\/now-news.de\/de\/wp-content\/uploads\/sites\/3\/2024\/03\/Zum-achten-Mal-Immunitaet-von-Bjoern-Hoecke-erneut-aufgehoben.jpg\" \/>\n\t<meta property=\"og:image:width\" content=\"460\" \/>\n\t<meta property=\"og:image:height\" content=\"259\" \/>\n\t<meta property=\"og:image:type\" content=\"image\/jpeg\" \/>\n<meta name=\"author\" content=\"rtnews\" \/>\n<meta name=\"twitter:card\" content=\"summary_large_image\" \/>\n<meta name=\"twitter:creator\" content=\"@WirMachenAuf_de\" \/>\n<meta name=\"twitter:site\" content=\"@WirMachenAuf_de\" \/>\n<meta name=\"twitter:label1\" content=\"Verfasst von\" \/>\n\t<meta name=\"twitter:data1\" content=\"rtnews\" \/>\n\t<meta name=\"twitter:label2\" content=\"Gesch\u00e4tzte Lesezeit\" \/>\n\t<meta name=\"twitter:data2\" content=\"2\u00a0Minuten\" \/>\n<script type=\"application\/ld+json\" class=\"yoast-schema-graph\">{\"@context\":\"https:\/\/schema.org\",\"@graph\":[{\"@type\":\"Article\",\"@id\":\"https:\/\/now-news.de\/de\/deutschland\/zum-achten-mal-immunitaet-von-bjoern-hoecke-erneut-aufgehoben\/#article\",\"isPartOf\":{\"@id\":\"https:\/\/now-news.de\/de\/deutschland\/zum-achten-mal-immunitaet-von-bjoern-hoecke-erneut-aufgehoben\/\"},\"author\":{\"name\":\"rtnews\",\"@id\":\"https:\/\/now-news.de\/de\/#\/schema\/person\/fb534a4e865501d8b3285208df34a9b5\"},\"headline\":\"Zum achten Mal: Immunit\u00e4t von Bj\u00f6rn H\u00f6cke erneut aufgehoben\",\"datePublished\":\"2024-03-09T17:45:14+00:00\",\"dateModified\":\"2024-03-09T17:45:14+00:00\",\"mainEntityOfPage\":{\"@id\":\"https:\/\/now-news.de\/de\/deutschland\/zum-achten-mal-immunitaet-von-bjoern-hoecke-erneut-aufgehoben\/\"},\"wordCount\":427,\"commentCount\":0,\"publisher\":{\"@id\":\"https:\/\/now-news.de\/de\/#organization\"},\"image\":{\"@id\":\"https:\/\/now-news.de\/de\/deutschland\/zum-achten-mal-immunitaet-von-bjoern-hoecke-erneut-aufgehoben\/#primaryimage\"},\"thumbnailUrl\":\"https:\/\/now-news.de\/de\/wp-content\/uploads\/sites\/3\/2024\/03\/Zum-achten-Mal-Immunitaet-von-Bjoern-Hoecke-erneut-aufgehoben.jpg\",\"keywords\":[\"achten\",\"aufgehoben\",\"bjorn\",\"erneut\",\"Hocke\",\"Immunit\u00e4t\",\"Mal\",\"von\",\"zum\"],\"articleSection\":[\"Deutschland\",\"Russland\"],\"inLanguage\":\"de\",\"potentialAction\":[{\"@type\":\"CommentAction\",\"name\":\"Comment\",\"target\":[\"https:\/\/now-news.de\/de\/deutschland\/zum-achten-mal-immunitaet-von-bjoern-hoecke-erneut-aufgehoben\/#respond\"]}]},{\"@type\":\"WebPage\",\"@id\":\"https:\/\/now-news.de\/de\/deutschland\/zum-achten-mal-immunitaet-von-bjoern-hoecke-erneut-aufgehoben\/\",\"url\":\"https:\/\/now-news.de\/de\/deutschland\/zum-achten-mal-immunitaet-von-bjoern-hoecke-erneut-aufgehoben\/\",\"name\":\"Zum achten Mal: Immunit\u00e4t von Bj\u00f6rn H\u00f6cke erneut aufgehoben - just-now.NEWS Deutschland\",\"isPartOf\":{\"@id\":\"https:\/\/now-news.de\/de\/#website\"},\"primaryImageOfPage\":{\"@id\":\"https:\/\/now-news.de\/de\/deutschland\/zum-achten-mal-immunitaet-von-bjoern-hoecke-erneut-aufgehoben\/#primaryimage\"},\"image\":{\"@id\":\"https:\/\/now-news.de\/de\/deutschland\/zum-achten-mal-immunitaet-von-bjoern-hoecke-erneut-aufgehoben\/#primaryimage\"},\"thumbnailUrl\":\"https:\/\/now-news.de\/de\/wp-content\/uploads\/sites\/3\/2024\/03\/Zum-achten-Mal-Immunitaet-von-Bjoern-Hoecke-erneut-aufgehoben.jpg\",\"datePublished\":\"2024-03-09T17:45:14+00:00\",\"dateModified\":\"2024-03-09T17:45:14+00:00\",\"breadcrumb\":{\"@id\":\"https:\/\/now-news.de\/de\/deutschland\/zum-achten-mal-immunitaet-von-bjoern-hoecke-erneut-aufgehoben\/#breadcrumb\"},\"inLanguage\":\"de\",\"potentialAction\":[{\"@type\":\"ReadAction\",\"target\":[\"https:\/\/now-news.de\/de\/deutschland\/zum-achten-mal-immunitaet-von-bjoern-hoecke-erneut-aufgehoben\/\"]}]},{\"@type\":\"ImageObject\",\"inLanguage\":\"de\",\"@id\":\"https:\/\/now-news.de\/de\/deutschland\/zum-achten-mal-immunitaet-von-bjoern-hoecke-erneut-aufgehoben\/#primaryimage\",\"url\":\"https:\/\/now-news.de\/de\/wp-content\/uploads\/sites\/3\/2024\/03\/Zum-achten-Mal-Immunitaet-von-Bjoern-Hoecke-erneut-aufgehoben.jpg\",\"contentUrl\":\"https:\/\/now-news.de\/de\/wp-content\/uploads\/sites\/3\/2024\/03\/Zum-achten-Mal-Immunitaet-von-Bjoern-Hoecke-erneut-aufgehoben.jpg\",\"width\":460,\"height\":259,\"caption\":\"Zum achten Mal: Immunit\u00e4t von Bj\u00f6rn H\u00f6cke erneut aufgehoben\"},{\"@type\":\"BreadcrumbList\",\"@id\":\"https:\/\/now-news.de\/de\/deutschland\/zum-achten-mal-immunitaet-von-bjoern-hoecke-erneut-aufgehoben\/#breadcrumb\",\"itemListElement\":[{\"@type\":\"ListItem\",\"position\":1,\"name\":\"Home\",\"item\":\"https:\/\/now-news.de\/de\/\"},{\"@type\":\"ListItem\",\"position\":2,\"name\":\"Zum achten Mal: Immunit\u00e4t von Bj\u00f6rn H\u00f6cke erneut aufgehoben\"}]},{\"@type\":\"WebSite\",\"@id\":\"https:\/\/now-news.de\/de\/#website\",\"url\":\"https:\/\/now-news.de\/de\/\",\"name\":\"just-now.NEWS Deutschland\",\"description\":\"Das Portal f\u00fcr unzensierte Nachrichten aus der Welt\",\"publisher\":{\"@id\":\"https:\/\/now-news.de\/de\/#organization\"},\"potentialAction\":[{\"@type\":\"SearchAction\",\"target\":{\"@type\":\"EntryPoint\",\"urlTemplate\":\"https:\/\/now-news.de\/de\/?s={search_term_string}\"},\"query-input\":\"required name=search_term_string\"}],\"inLanguage\":\"de\"},{\"@type\":\"Organization\",\"@id\":\"https:\/\/now-news.de\/de\/#organization\",\"name\":\"Just Now News\",\"url\":\"https:\/\/now-news.de\/de\/\",\"logo\":{\"@type\":\"ImageObject\",\"inLanguage\":\"de\",\"@id\":\"https:\/\/now-news.de\/de\/#\/schema\/logo\/image\/\",\"url\":\"http:\/\/just-now.news\/de\/wp-content\/uploads\/sites\/3\/2022\/04\/logo500x500.jpg\",\"contentUrl\":\"http:\/\/just-now.news\/de\/wp-content\/uploads\/sites\/3\/2022\/04\/logo500x500.jpg\",\"width\":500,\"height\":500,\"caption\":\"Just Now News\"},\"image\":{\"@id\":\"https:\/\/now-news.de\/de\/#\/schema\/logo\/image\/\"},\"sameAs\":[\"https:\/\/www.facebook.com\/wirmachenauf\",\"https:\/\/x.com\/WirMachenAuf_de\"]},{\"@type\":\"Person\",\"@id\":\"https:\/\/now-news.de\/de\/#\/schema\/person\/fb534a4e865501d8b3285208df34a9b5\",\"name\":\"rtnews\",\"image\":{\"@type\":\"ImageObject\",\"inLanguage\":\"de\",\"@id\":\"https:\/\/now-news.de\/de\/#\/schema\/person\/image\/\",\"url\":\"https:\/\/secure.gravatar.com\/avatar\/82aafea7d8127119dd649515f56e2117?s=96&d=mm&r=g\",\"contentUrl\":\"https:\/\/secure.gravatar.com\/avatar\/82aafea7d8127119dd649515f56e2117?s=96&d=mm&r=g\",\"caption\":\"rtnews\"},\"url\":\"https:\/\/now-news.de\/de\/author\/rnews\/\"}]}<\/script>\n<!-- \/ Yoast SEO Premium plugin. -->","yoast_head_json":{"title":"Zum achten Mal: Immunit\u00e4t von Bj\u00f6rn H\u00f6cke erneut aufgehoben - just-now.NEWS Deutschland","robots":{"index":"index","follow":"follow","max-snippet":"max-snippet:-1","max-image-preview":"max-image-preview:large","max-video-preview":"max-video-preview:-1"},"canonical":"https:\/\/now-news.de\/de\/deutschland\/zum-achten-mal-immunitaet-von-bjoern-hoecke-erneut-aufgehoben\/","og_locale":"de_DE","og_type":"article","og_title":"Zum achten Mal: Immunit\u00e4t von Bj\u00f6rn H\u00f6cke erneut aufgehoben","og_description":"Der Justizausschuss im Th\u00fcringer Landtag hat die Immunit\u00e4t des AfD-Abgeordneten Bj\u00f6rn H\u00f6cke aufgehoben. Hintergrund sind Ermittlungen wegen der angeblichen Verwendung einer Nazi-Losung. H\u00f6cke selbst sieht in dem Vorgehen der Justiz einen Versuch, ihm politisch zu schaden. Der Justizausschuss des Th\u00fcringer Landtags hat die Immunit\u00e4t des AfD-Politikers Bj\u00f6rn H\u00f6cke erneut aufgehoben. Das berichten die Nachrichtenagentur\u00a0dpa und [&hellip;]","og_url":"https:\/\/now-news.de\/de\/deutschland\/zum-achten-mal-immunitaet-von-bjoern-hoecke-erneut-aufgehoben\/","og_site_name":"just-now.NEWS Deutschland","article_publisher":"https:\/\/www.facebook.com\/wirmachenauf","article_published_time":"2024-03-09T17:45:14+00:00","og_image":[{"width":460,"height":259,"url":"https:\/\/now-news.de\/de\/wp-content\/uploads\/sites\/3\/2024\/03\/Zum-achten-Mal-Immunitaet-von-Bjoern-Hoecke-erneut-aufgehoben.jpg","type":"image\/jpeg"}],"author":"rtnews","twitter_card":"summary_large_image","twitter_creator":"@WirMachenAuf_de","twitter_site":"@WirMachenAuf_de","twitter_misc":{"Verfasst von":"rtnews","Gesch\u00e4tzte Lesezeit":"2\u00a0Minuten"},"schema":{"@context":"https:\/\/schema.org","@graph":[{"@type":"Article","@id":"https:\/\/now-news.de\/de\/deutschland\/zum-achten-mal-immunitaet-von-bjoern-hoecke-erneut-aufgehoben\/#article","isPartOf":{"@id":"https:\/\/now-news.de\/de\/deutschland\/zum-achten-mal-immunitaet-von-bjoern-hoecke-erneut-aufgehoben\/"},"author":{"name":"rtnews","@id":"https:\/\/now-news.de\/de\/#\/schema\/person\/fb534a4e865501d8b3285208df34a9b5"},"headline":"Zum achten Mal: Immunit\u00e4t von Bj\u00f6rn H\u00f6cke erneut aufgehoben","datePublished":"2024-03-09T17:45:14+00:00","dateModified":"2024-03-09T17:45:14+00:00","mainEntityOfPage":{"@id":"https:\/\/now-news.de\/de\/deutschland\/zum-achten-mal-immunitaet-von-bjoern-hoecke-erneut-aufgehoben\/"},"wordCount":427,"commentCount":0,"publisher":{"@id":"https:\/\/now-news.de\/de\/#organization"},"image":{"@id":"https:\/\/now-news.de\/de\/deutschland\/zum-achten-mal-immunitaet-von-bjoern-hoecke-erneut-aufgehoben\/#primaryimage"},"thumbnailUrl":"https:\/\/now-news.de\/de\/wp-content\/uploads\/sites\/3\/2024\/03\/Zum-achten-Mal-Immunitaet-von-Bjoern-Hoecke-erneut-aufgehoben.jpg","keywords":["achten","aufgehoben","bjorn","erneut","Hocke","Immunit\u00e4t","Mal","von","zum"],"articleSection":["Deutschland","Russland"],"inLanguage":"de","potentialAction":[{"@type":"CommentAction","name":"Comment","target":["https:\/\/now-news.de\/de\/deutschland\/zum-achten-mal-immunitaet-von-bjoern-hoecke-erneut-aufgehoben\/#respond"]}]},{"@type":"WebPage","@id":"https:\/\/now-news.de\/de\/deutschland\/zum-achten-mal-immunitaet-von-bjoern-hoecke-erneut-aufgehoben\/","url":"https:\/\/now-news.de\/de\/deutschland\/zum-achten-mal-immunitaet-von-bjoern-hoecke-erneut-aufgehoben\/","name":"Zum achten Mal: Immunit\u00e4t von Bj\u00f6rn H\u00f6cke erneut aufgehoben - just-now.NEWS Deutschland","isPartOf":{"@id":"https:\/\/now-news.de\/de\/#website"},"primaryImageOfPage":{"@id":"https:\/\/now-news.de\/de\/deutschland\/zum-achten-mal-immunitaet-von-bjoern-hoecke-erneut-aufgehoben\/#primaryimage"},"image":{"@id":"https:\/\/now-news.de\/de\/deutschland\/zum-achten-mal-immunitaet-von-bjoern-hoecke-erneut-aufgehoben\/#primaryimage"},"thumbnailUrl":"https:\/\/now-news.de\/de\/wp-content\/uploads\/sites\/3\/2024\/03\/Zum-achten-Mal-Immunitaet-von-Bjoern-Hoecke-erneut-aufgehoben.jpg","datePublished":"2024-03-09T17:45:14+00:00","dateModified":"2024-03-09T17:45:14+00:00","breadcrumb":{"@id":"https:\/\/now-news.de\/de\/deutschland\/zum-achten-mal-immunitaet-von-bjoern-hoecke-erneut-aufgehoben\/#breadcrumb"},"inLanguage":"de","potentialAction":[{"@type":"ReadAction","target":["https:\/\/now-news.de\/de\/deutschland\/zum-achten-mal-immunitaet-von-bjoern-hoecke-erneut-aufgehoben\/"]}]},{"@type":"ImageObject","inLanguage":"de","@id":"https:\/\/now-news.de\/de\/deutschland\/zum-achten-mal-immunitaet-von-bjoern-hoecke-erneut-aufgehoben\/#primaryimage","url":"https:\/\/now-news.de\/de\/wp-content\/uploads\/sites\/3\/2024\/03\/Zum-achten-Mal-Immunitaet-von-Bjoern-Hoecke-erneut-aufgehoben.jpg","contentUrl":"https:\/\/now-news.de\/de\/wp-content\/uploads\/sites\/3\/2024\/03\/Zum-achten-Mal-Immunitaet-von-Bjoern-Hoecke-erneut-aufgehoben.jpg","width":460,"height":259,"caption":"Zum achten Mal: Immunit\u00e4t von Bj\u00f6rn H\u00f6cke erneut aufgehoben"},{"@type":"BreadcrumbList","@id":"https:\/\/now-news.de\/de\/deutschland\/zum-achten-mal-immunitaet-von-bjoern-hoecke-erneut-aufgehoben\/#breadcrumb","itemListElement":[{"@type":"ListItem","position":1,"name":"Home","item":"https:\/\/now-news.de\/de\/"},{"@type":"ListItem","position":2,"name":"Zum achten Mal: Immunit\u00e4t von Bj\u00f6rn H\u00f6cke erneut aufgehoben"}]},{"@type":"WebSite","@id":"https:\/\/now-news.de\/de\/#website","url":"https:\/\/now-news.de\/de\/","name":"just-now.NEWS Deutschland","description":"Das Portal f\u00fcr unzensierte Nachrichten aus der Welt","publisher":{"@id":"https:\/\/now-news.de\/de\/#organization"},"potentialAction":[{"@type":"SearchAction","target":{"@type":"EntryPoint","urlTemplate":"https:\/\/now-news.de\/de\/?s={search_term_string}"},"query-input":"required name=search_term_string"}],"inLanguage":"de"},{"@type":"Organization","@id":"https:\/\/now-news.de\/de\/#organization","name":"Just Now News","url":"https:\/\/now-news.de\/de\/","logo":{"@type":"ImageObject","inLanguage":"de","@id":"https:\/\/now-news.de\/de\/#\/schema\/logo\/image\/","url":"http:\/\/just-now.news\/de\/wp-content\/uploads\/sites\/3\/2022\/04\/logo500x500.jpg","contentUrl":"http:\/\/just-now.news\/de\/wp-content\/uploads\/sites\/3\/2022\/04\/logo500x500.jpg","width":500,"height":500,"caption":"Just Now News"},"image":{"@id":"https:\/\/now-news.de\/de\/#\/schema\/logo\/image\/"},"sameAs":["https:\/\/www.facebook.com\/wirmachenauf","https:\/\/x.com\/WirMachenAuf_de"]},{"@type":"Person","@id":"https:\/\/now-news.de\/de\/#\/schema\/person\/fb534a4e865501d8b3285208df34a9b5","name":"rtnews","image":{"@type":"ImageObject","inLanguage":"de","@id":"https:\/\/now-news.de\/de\/#\/schema\/person\/image\/","url":"https:\/\/secure.gravatar.com\/avatar\/82aafea7d8127119dd649515f56e2117?s=96&d=mm&r=g","contentUrl":"https:\/\/secure.gravatar.com\/avatar\/82aafea7d8127119dd649515f56e2117?s=96&d=mm&r=g","caption":"rtnews"},"url":"https:\/\/now-news.de\/de\/author\/rnews\/"}]}},"_links":{"self":[{"href":"https:\/\/now-news.de\/de\/wp-json\/wp\/v2\/posts\/56794"}],"collection":[{"href":"https:\/\/now-news.de\/de\/wp-json\/wp\/v2\/posts"}],"about":[{"href":"https:\/\/now-news.de\/de\/wp-json\/wp\/v2\/types\/post"}],"author":[{"embeddable":true,"href":"https:\/\/now-news.de\/de\/wp-json\/wp\/v2\/users\/3"}],"replies":[{"embeddable":true,"href":"https:\/\/now-news.de\/de\/wp-json\/wp\/v2\/comments?post=56794"}],"version-history":[{"count":0,"href":"https:\/\/now-news.de\/de\/wp-json\/wp\/v2\/posts\/56794\/revisions"}],"wp:featuredmedia":[{"embeddable":true,"href":"https:\/\/now-news.de\/de\/wp-json\/wp\/v2\/media\/56795"}],"wp:attachment":[{"href":"https:\/\/now-news.de\/de\/wp-json\/wp\/v2\/media?parent=56794"}],"wp:term":[{"taxonomy":"category","embeddable":true,"href":"https:\/\/now-news.de\/de\/wp-json\/wp\/v2\/categories?post=56794"},{"taxonomy":"post_tag","embeddable":true,"href":"https:\/\/now-news.de\/de\/wp-json\/wp\/v2\/tags?post=56794"}],"curies":[{"name":"wp","href":"https:\/\/api.w.org\/{rel}","templated":true}]}}