{"id":56790,"date":"2024-03-09T17:38:45","date_gmt":"2024-03-09T15:38:45","guid":{"rendered":"https:\/\/just-now.news\/de\/deutschland\/polen-fordert-verbuendete-zu-kreativ-durchdachter-eskalation-gegen-russland-auf\/"},"modified":"2024-03-09T17:38:45","modified_gmt":"2024-03-09T15:38:45","slug":"polen-fordert-verbuendete-zu-kreativ-durchdachter-eskalation-gegen-russland-auf","status":"publish","type":"post","link":"https:\/\/now-news.de\/de\/deutschland\/polen-fordert-verbuendete-zu-kreativ-durchdachter-eskalation-gegen-russland-auf\/","title":{"rendered":"Polen fordert Verb\u00fcndete zu &quot;kreativ durchdachter&quot; Eskalation gegen Russland auf"},"content":{"rendered":"<p><img decoding=\"async\" src=\"http:\/\/just-now.news\/de\/wp-content\/uploads\/sites\/3\/2024\/03\/65ec6df9b480cc1f070f1424.jpg\" \/><\/p>\n<div class=\"Text-root Text-type_1 \">\n                Der polnische Au\u00dfenminister Sikorski hat die Verb\u00fcndeten zu einer &#8220;kreativ durchdachten asymmetrischen Eskalation&#8221; in der Ukraine aufgerufen. Er bef\u00fcrwortete die Position Macrons und erkl\u00e4rte, dass die Entsendung von NATO-Truppen in die Ukraine nicht undenkbar sei.\n            <\/div>\n<p><\/p>\n<div class=\"Text-root Text-type_5 ArticleView-text ViewText-root \">\n<p>Bei der Konferenz &#8220;25 Jahre Polen in der NATO&#8221; an der Universit\u00e4t Warschau hat der polnische Au\u00dfenminister Rados\u0142aw Sikorski erkl\u00e4rt, dass die westlichen L\u00e4nder im Ukraine-Konflikt Schritte zur &#8220;kreativ durchdachten&#8221; Eskalation gegen Russland unternehmen sollten. W\u00f6rtlich hie\u00df es:<\/p>\n<blockquote>\n<p><em>&#8220;Der Westen sollte eine kreativ durchdachte und asymmetrische Eskalation durchf\u00fchren.&#8221;<\/em><\/p>\n<\/blockquote>\n<p>Sikorski wies darauf hin, dass kurz nach Beginn der milit\u00e4rischen Sonderoperation Russlands mehr als 140 von 190 L\u00e4ndern das Vorgehen Moskaus verurteilt h\u00e4tten. \u00dcberdies unterst\u00fctzte der Diplomat den franz\u00f6sischen Pr\u00e4sidenten Emmanuel Macron, der nicht ausgeschlossen hatte, dass in der Zukunft Truppen aus westlichen L\u00e4ndern in die Ukraine geschickt werden k\u00f6nnten. Sikorski \u00e4u\u00dferte sich wie folgt:<\/p>\n<blockquote>\n<p><em>&#8220;Die Pr\u00e4senz von NATO-Truppen in der Ukraine ist nicht undenkbar. Ich begr\u00fc\u00dfe die Initiative von Frankreichs Pr\u00e4sident Emmanuel Macron.&#8221;<\/em><\/p>\n<\/blockquote>\n<p>Der polnische Au\u00dfenminister erl\u00e4uterte seine kriegerische Position mit den Worten,\u00a0der Vorschlag Macrons bedeute, &#8220;dass Putin Angst hat, statt dass wir Angst haben vor Putin.&#8221; Sikorskis Stellungnahme l\u00e4uft\u00a0allerdings den Aussagen des polnischen Regierungschefs Donald Tusk zuwider. Vor kurzem hatte dieser erkl\u00e4rt, Polen beabsichtige nicht, eigene Truppen in die Ukraine zu schicken. Auch der polnische Verteidigungsminister W\u0142adys\u0142aw Kosiniak-Kamysz versicherte, dass es &#8220;keine polnischen Truppen in der Ukraine geben&#8221; werde.<\/p>\n<p>Die Diskussion\u00a0\u00fcber die Entsendung von NATO-Soldaten\u00a0hatte begonnen, nachdem\u00a0der franz\u00f6sische Pr\u00e4sident, Emmanuel Macron, sich Ende Februar diesbez\u00fcglich positiv ge\u00e4u\u00dfert hatte. Er schloss nicht aus, dass in Zukunft Truppen aus westlichen L\u00e4ndern in die Ukraine\u00a0geschickt werden k\u00f6nnten. Sp\u00e4ter pr\u00e4zisierte er: Eine M\u00f6glichkeit nicht auszuschlie\u00dfen, bedeute nicht, dass diese definitiv eintreten werde.\u00a0Derlei Pl\u00e4ne w\u00fcrden derzeit nicht in Betracht gezogen, denn es gebe keinen Konsens.<\/p>\n<p>Parallel dazu erkl\u00e4rte Frankreichs\u00a0Au\u00dfenminister St\u00e9phane Sejournet, dass Kampfeinheiten der\u00a0franz\u00f6sischen Armee nicht in die Konfliktzone gehen w\u00fcrden, da Franzosen nicht &#8220;f\u00fcr die Ukraine sterben&#8221; w\u00fcrden. Der Rahmen sei von Anfang an vereinbart worden: Man verhindere damit, dass Russland gewinne, aber man f\u00fchre keinen Krieg gegen das Land,\u00a0so der Diplomat.<\/p>\n<p><strong>Mehr zum Thema<\/strong> &#8211; <a rel=\"nofollow noopener\" target=\"_blank\" href=\"https:\/\/kurz.rt.com\/49c2\">Franz\u00f6sischer Kommunistenf\u00fchrer \u00e4u\u00dfert sich zu Macrons Pl\u00e4nen f\u00fcr die Ukraine<\/a><\/p>\n<div class=\"EmbedBlock-root EmbedBlock-externalVideo EmbedBlock-vk\">\n<div class=\"VkEmbed\"><iframe class=\"lazyload\" data-src=\"https:\/\/vk.com\/video_ext.php?oid=-134310637&amp;id=456275096\" frameborder=\"0\" width=\"853\" height=\"480\" allowfullscreen><\/iframe><\/div>\n<\/div>\n<\/div>\n<p><br \/>\n<br \/><a href=\"https:\/\/de.rt.com\/international\/198840-polen-fordert-verbuendete-zu-kreativ-durchdachten-eskalation-gegen-russland-auf\/\">Source link <\/a><\/p>\n","protected":false},"excerpt":{"rendered":"<p>Der polnische Au\u00dfenminister Sikorski hat die Verb\u00fcndeten zu einer &#8220;kreativ durchdachten asymmetrischen Eskalation&#8221; in der Ukraine aufgerufen. Er bef\u00fcrwortete die Position Macrons und erkl\u00e4rte, dass die Entsendung von NATO-Truppen in die Ukraine nicht undenkbar sei. Bei der Konferenz &#8220;25 Jahre Polen in der NATO&#8221; an der Universit\u00e4t Warschau hat der polnische Au\u00dfenminister Rados\u0142aw Sikorski erkl\u00e4rt, [&hellip;]<\/p>\n","protected":false},"author":3,"featured_media":56791,"comment_status":"open","ping_status":"open","sticky":false,"template":"","format":"standard","meta":{"_yoast_indexnow_last_ping":["1709998775"],"wp_automatic_camp":["217"],"73e97e32701e884bba267fb3da1d2259":["Polen fordert Verb\u00fcndete zu &quot;kreativ durchdachter&quot; Eskalation gegen Russland auf"],"original_link":["https:\/\/de.rt.com\/international\/198840-polen-fordert-verbuendete-zu-kreativ-durchdachten-eskalation-gegen-russland-auf\/"],"_thumbnail_id":["56791"],"_wptgpro_p2tg_sent2tg":["a:1:{i:23737;s:19:\"2024-03-09 17:40:37\";}"],"jnews_social_counter_last_update":["1777662713"]},"categories":[19,23],"tags":[133,54261,582,355,278,5850,54260,126,20545],"yoast_head":"<!-- This site is optimized with the Yoast SEO Premium plugin v22.7 (Yoast SEO v22.7) - https:\/\/yoast.com\/wordpress\/plugins\/seo\/ -->\n<title>Polen fordert Verb\u00fcndete zu &quot;kreativ durchdachter&quot; Eskalation gegen Russland auf - just-now.NEWS Deutschland<\/title>\n<meta name=\"robots\" content=\"index, follow, max-snippet:-1, max-image-preview:large, max-video-preview:-1\" \/>\n<link rel=\"canonical\" href=\"https:\/\/now-news.de\/de\/deutschland\/polen-fordert-verbuendete-zu-kreativ-durchdachter-eskalation-gegen-russland-auf\/\" \/>\n<meta property=\"og:locale\" content=\"de_DE\" \/>\n<meta property=\"og:type\" content=\"article\" \/>\n<meta property=\"og:title\" content=\"Polen fordert Verb\u00fcndete zu &quot;kreativ durchdachter&quot; Eskalation gegen Russland auf\" \/>\n<meta property=\"og:description\" content=\"Der polnische Au\u00dfenminister Sikorski hat die Verb\u00fcndeten zu einer &#8220;kreativ durchdachten asymmetrischen Eskalation&#8221; in der Ukraine aufgerufen. Er bef\u00fcrwortete die Position Macrons und erkl\u00e4rte, dass die Entsendung von NATO-Truppen in die Ukraine nicht undenkbar sei. Bei der Konferenz &#8220;25 Jahre Polen in der NATO&#8221; an der Universit\u00e4t Warschau hat der polnische Au\u00dfenminister Rados\u0142aw Sikorski erkl\u00e4rt, [&hellip;]\" \/>\n<meta property=\"og:url\" content=\"https:\/\/now-news.de\/de\/deutschland\/polen-fordert-verbuendete-zu-kreativ-durchdachter-eskalation-gegen-russland-auf\/\" \/>\n<meta property=\"og:site_name\" content=\"just-now.NEWS Deutschland\" \/>\n<meta property=\"article:publisher\" content=\"https:\/\/www.facebook.com\/wirmachenauf\" \/>\n<meta property=\"article:published_time\" content=\"2024-03-09T15:38:45+00:00\" \/>\n<meta property=\"og:image\" content=\"https:\/\/now-news.de\/de\/wp-content\/uploads\/sites\/3\/2024\/03\/Polen-fordert-Verbuendete-zu-quotkreativ-durchdachterquot-Eskalation-gegen-Russland-auf.jpg\" \/>\n\t<meta property=\"og:image:width\" content=\"460\" \/>\n\t<meta property=\"og:image:height\" content=\"259\" \/>\n\t<meta property=\"og:image:type\" content=\"image\/jpeg\" \/>\n<meta name=\"author\" content=\"rtnews\" \/>\n<meta name=\"twitter:card\" content=\"summary_large_image\" \/>\n<meta name=\"twitter:creator\" content=\"@WirMachenAuf_de\" \/>\n<meta name=\"twitter:site\" content=\"@WirMachenAuf_de\" \/>\n<meta name=\"twitter:label1\" content=\"Verfasst von\" \/>\n\t<meta name=\"twitter:data1\" content=\"rtnews\" \/>\n\t<meta name=\"twitter:label2\" content=\"Gesch\u00e4tzte Lesezeit\" \/>\n\t<meta name=\"twitter:data2\" content=\"2\u00a0Minuten\" \/>\n<script type=\"application\/ld+json\" class=\"yoast-schema-graph\">{\"@context\":\"https:\/\/schema.org\",\"@graph\":[{\"@type\":\"Article\",\"@id\":\"https:\/\/now-news.de\/de\/deutschland\/polen-fordert-verbuendete-zu-kreativ-durchdachter-eskalation-gegen-russland-auf\/#article\",\"isPartOf\":{\"@id\":\"https:\/\/now-news.de\/de\/deutschland\/polen-fordert-verbuendete-zu-kreativ-durchdachter-eskalation-gegen-russland-auf\/\"},\"author\":{\"name\":\"rtnews\",\"@id\":\"https:\/\/now-news.de\/de\/#\/schema\/person\/fb534a4e865501d8b3285208df34a9b5\"},\"headline\":\"Polen fordert Verb\u00fcndete zu &quot;kreativ durchdachter&quot; Eskalation gegen Russland auf\",\"datePublished\":\"2024-03-09T15:38:45+00:00\",\"dateModified\":\"2024-03-09T15:38:45+00:00\",\"mainEntityOfPage\":{\"@id\":\"https:\/\/now-news.de\/de\/deutschland\/polen-fordert-verbuendete-zu-kreativ-durchdachter-eskalation-gegen-russland-auf\/\"},\"wordCount\":425,\"commentCount\":0,\"publisher\":{\"@id\":\"https:\/\/now-news.de\/de\/#organization\"},\"image\":{\"@id\":\"https:\/\/now-news.de\/de\/deutschland\/polen-fordert-verbuendete-zu-kreativ-durchdachter-eskalation-gegen-russland-auf\/#primaryimage\"},\"thumbnailUrl\":\"https:\/\/now-news.de\/de\/wp-content\/uploads\/sites\/3\/2024\/03\/Polen-fordert-Verbuendete-zu-quotkreativ-durchdachterquot-Eskalation-gegen-Russland-auf.jpg\",\"keywords\":[\"AUF\",\"durchdachterquot\",\"Eskalation\",\"fordert\",\"gegen\",\"Polen\",\"quotkreativ\",\"russland\",\"Verb\u00fcndete\"],\"articleSection\":[\"Deutschland\",\"Russland\"],\"inLanguage\":\"de\",\"potentialAction\":[{\"@type\":\"CommentAction\",\"name\":\"Comment\",\"target\":[\"https:\/\/now-news.de\/de\/deutschland\/polen-fordert-verbuendete-zu-kreativ-durchdachter-eskalation-gegen-russland-auf\/#respond\"]}]},{\"@type\":\"WebPage\",\"@id\":\"https:\/\/now-news.de\/de\/deutschland\/polen-fordert-verbuendete-zu-kreativ-durchdachter-eskalation-gegen-russland-auf\/\",\"url\":\"https:\/\/now-news.de\/de\/deutschland\/polen-fordert-verbuendete-zu-kreativ-durchdachter-eskalation-gegen-russland-auf\/\",\"name\":\"Polen fordert Verb\u00fcndete zu &quot;kreativ durchdachter&quot; Eskalation gegen Russland auf - just-now.NEWS Deutschland\",\"isPartOf\":{\"@id\":\"https:\/\/now-news.de\/de\/#website\"},\"primaryImageOfPage\":{\"@id\":\"https:\/\/now-news.de\/de\/deutschland\/polen-fordert-verbuendete-zu-kreativ-durchdachter-eskalation-gegen-russland-auf\/#primaryimage\"},\"image\":{\"@id\":\"https:\/\/now-news.de\/de\/deutschland\/polen-fordert-verbuendete-zu-kreativ-durchdachter-eskalation-gegen-russland-auf\/#primaryimage\"},\"thumbnailUrl\":\"https:\/\/now-news.de\/de\/wp-content\/uploads\/sites\/3\/2024\/03\/Polen-fordert-Verbuendete-zu-quotkreativ-durchdachterquot-Eskalation-gegen-Russland-auf.jpg\",\"datePublished\":\"2024-03-09T15:38:45+00:00\",\"dateModified\":\"2024-03-09T15:38:45+00:00\",\"breadcrumb\":{\"@id\":\"https:\/\/now-news.de\/de\/deutschland\/polen-fordert-verbuendete-zu-kreativ-durchdachter-eskalation-gegen-russland-auf\/#breadcrumb\"},\"inLanguage\":\"de\",\"potentialAction\":[{\"@type\":\"ReadAction\",\"target\":[\"https:\/\/now-news.de\/de\/deutschland\/polen-fordert-verbuendete-zu-kreativ-durchdachter-eskalation-gegen-russland-auf\/\"]}]},{\"@type\":\"ImageObject\",\"inLanguage\":\"de\",\"@id\":\"https:\/\/now-news.de\/de\/deutschland\/polen-fordert-verbuendete-zu-kreativ-durchdachter-eskalation-gegen-russland-auf\/#primaryimage\",\"url\":\"https:\/\/now-news.de\/de\/wp-content\/uploads\/sites\/3\/2024\/03\/Polen-fordert-Verbuendete-zu-quotkreativ-durchdachterquot-Eskalation-gegen-Russland-auf.jpg\",\"contentUrl\":\"https:\/\/now-news.de\/de\/wp-content\/uploads\/sites\/3\/2024\/03\/Polen-fordert-Verbuendete-zu-quotkreativ-durchdachterquot-Eskalation-gegen-Russland-auf.jpg\",\"width\":460,\"height\":259,\"caption\":\"Polen fordert Verb\u00fcndete zu &quot;kreativ durchdachter&quot; Eskalation gegen Russland auf\"},{\"@type\":\"BreadcrumbList\",\"@id\":\"https:\/\/now-news.de\/de\/deutschland\/polen-fordert-verbuendete-zu-kreativ-durchdachter-eskalation-gegen-russland-auf\/#breadcrumb\",\"itemListElement\":[{\"@type\":\"ListItem\",\"position\":1,\"name\":\"Home\",\"item\":\"https:\/\/now-news.de\/de\/\"},{\"@type\":\"ListItem\",\"position\":2,\"name\":\"Polen fordert Verb\u00fcndete zu &quot;kreativ durchdachter&quot; Eskalation gegen Russland auf\"}]},{\"@type\":\"WebSite\",\"@id\":\"https:\/\/now-news.de\/de\/#website\",\"url\":\"https:\/\/now-news.de\/de\/\",\"name\":\"just-now.NEWS Deutschland\",\"description\":\"Das Portal f\u00fcr unzensierte Nachrichten aus der Welt\",\"publisher\":{\"@id\":\"https:\/\/now-news.de\/de\/#organization\"},\"potentialAction\":[{\"@type\":\"SearchAction\",\"target\":{\"@type\":\"EntryPoint\",\"urlTemplate\":\"https:\/\/now-news.de\/de\/?s={search_term_string}\"},\"query-input\":\"required name=search_term_string\"}],\"inLanguage\":\"de\"},{\"@type\":\"Organization\",\"@id\":\"https:\/\/now-news.de\/de\/#organization\",\"name\":\"Just Now News\",\"url\":\"https:\/\/now-news.de\/de\/\",\"logo\":{\"@type\":\"ImageObject\",\"inLanguage\":\"de\",\"@id\":\"https:\/\/now-news.de\/de\/#\/schema\/logo\/image\/\",\"url\":\"http:\/\/just-now.news\/de\/wp-content\/uploads\/sites\/3\/2022\/04\/logo500x500.jpg\",\"contentUrl\":\"http:\/\/just-now.news\/de\/wp-content\/uploads\/sites\/3\/2022\/04\/logo500x500.jpg\",\"width\":500,\"height\":500,\"caption\":\"Just Now News\"},\"image\":{\"@id\":\"https:\/\/now-news.de\/de\/#\/schema\/logo\/image\/\"},\"sameAs\":[\"https:\/\/www.facebook.com\/wirmachenauf\",\"https:\/\/x.com\/WirMachenAuf_de\"]},{\"@type\":\"Person\",\"@id\":\"https:\/\/now-news.de\/de\/#\/schema\/person\/fb534a4e865501d8b3285208df34a9b5\",\"name\":\"rtnews\",\"image\":{\"@type\":\"ImageObject\",\"inLanguage\":\"de\",\"@id\":\"https:\/\/now-news.de\/de\/#\/schema\/person\/image\/\",\"url\":\"https:\/\/secure.gravatar.com\/avatar\/82aafea7d8127119dd649515f56e2117?s=96&d=mm&r=g\",\"contentUrl\":\"https:\/\/secure.gravatar.com\/avatar\/82aafea7d8127119dd649515f56e2117?s=96&d=mm&r=g\",\"caption\":\"rtnews\"},\"url\":\"https:\/\/now-news.de\/de\/author\/rnews\/\"}]}<\/script>\n<!-- \/ Yoast SEO Premium plugin. -->","yoast_head_json":{"title":"Polen fordert Verb\u00fcndete zu &quot;kreativ durchdachter&quot; Eskalation gegen Russland auf - just-now.NEWS Deutschland","robots":{"index":"index","follow":"follow","max-snippet":"max-snippet:-1","max-image-preview":"max-image-preview:large","max-video-preview":"max-video-preview:-1"},"canonical":"https:\/\/now-news.de\/de\/deutschland\/polen-fordert-verbuendete-zu-kreativ-durchdachter-eskalation-gegen-russland-auf\/","og_locale":"de_DE","og_type":"article","og_title":"Polen fordert Verb\u00fcndete zu &quot;kreativ durchdachter&quot; Eskalation gegen Russland auf","og_description":"Der polnische Au\u00dfenminister Sikorski hat die Verb\u00fcndeten zu einer &#8220;kreativ durchdachten asymmetrischen Eskalation&#8221; in der Ukraine aufgerufen. Er bef\u00fcrwortete die Position Macrons und erkl\u00e4rte, dass die Entsendung von NATO-Truppen in die Ukraine nicht undenkbar sei. Bei der Konferenz &#8220;25 Jahre Polen in der NATO&#8221; an der Universit\u00e4t Warschau hat der polnische Au\u00dfenminister Rados\u0142aw Sikorski erkl\u00e4rt, [&hellip;]","og_url":"https:\/\/now-news.de\/de\/deutschland\/polen-fordert-verbuendete-zu-kreativ-durchdachter-eskalation-gegen-russland-auf\/","og_site_name":"just-now.NEWS Deutschland","article_publisher":"https:\/\/www.facebook.com\/wirmachenauf","article_published_time":"2024-03-09T15:38:45+00:00","og_image":[{"width":460,"height":259,"url":"https:\/\/now-news.de\/de\/wp-content\/uploads\/sites\/3\/2024\/03\/Polen-fordert-Verbuendete-zu-quotkreativ-durchdachterquot-Eskalation-gegen-Russland-auf.jpg","type":"image\/jpeg"}],"author":"rtnews","twitter_card":"summary_large_image","twitter_creator":"@WirMachenAuf_de","twitter_site":"@WirMachenAuf_de","twitter_misc":{"Verfasst von":"rtnews","Gesch\u00e4tzte Lesezeit":"2\u00a0Minuten"},"schema":{"@context":"https:\/\/schema.org","@graph":[{"@type":"Article","@id":"https:\/\/now-news.de\/de\/deutschland\/polen-fordert-verbuendete-zu-kreativ-durchdachter-eskalation-gegen-russland-auf\/#article","isPartOf":{"@id":"https:\/\/now-news.de\/de\/deutschland\/polen-fordert-verbuendete-zu-kreativ-durchdachter-eskalation-gegen-russland-auf\/"},"author":{"name":"rtnews","@id":"https:\/\/now-news.de\/de\/#\/schema\/person\/fb534a4e865501d8b3285208df34a9b5"},"headline":"Polen fordert Verb\u00fcndete zu &quot;kreativ durchdachter&quot; Eskalation gegen Russland auf","datePublished":"2024-03-09T15:38:45+00:00","dateModified":"2024-03-09T15:38:45+00:00","mainEntityOfPage":{"@id":"https:\/\/now-news.de\/de\/deutschland\/polen-fordert-verbuendete-zu-kreativ-durchdachter-eskalation-gegen-russland-auf\/"},"wordCount":425,"commentCount":0,"publisher":{"@id":"https:\/\/now-news.de\/de\/#organization"},"image":{"@id":"https:\/\/now-news.de\/de\/deutschland\/polen-fordert-verbuendete-zu-kreativ-durchdachter-eskalation-gegen-russland-auf\/#primaryimage"},"thumbnailUrl":"https:\/\/now-news.de\/de\/wp-content\/uploads\/sites\/3\/2024\/03\/Polen-fordert-Verbuendete-zu-quotkreativ-durchdachterquot-Eskalation-gegen-Russland-auf.jpg","keywords":["AUF","durchdachterquot","Eskalation","fordert","gegen","Polen","quotkreativ","russland","Verb\u00fcndete"],"articleSection":["Deutschland","Russland"],"inLanguage":"de","potentialAction":[{"@type":"CommentAction","name":"Comment","target":["https:\/\/now-news.de\/de\/deutschland\/polen-fordert-verbuendete-zu-kreativ-durchdachter-eskalation-gegen-russland-auf\/#respond"]}]},{"@type":"WebPage","@id":"https:\/\/now-news.de\/de\/deutschland\/polen-fordert-verbuendete-zu-kreativ-durchdachter-eskalation-gegen-russland-auf\/","url":"https:\/\/now-news.de\/de\/deutschland\/polen-fordert-verbuendete-zu-kreativ-durchdachter-eskalation-gegen-russland-auf\/","name":"Polen fordert Verb\u00fcndete zu &quot;kreativ durchdachter&quot; Eskalation gegen Russland auf - just-now.NEWS Deutschland","isPartOf":{"@id":"https:\/\/now-news.de\/de\/#website"},"primaryImageOfPage":{"@id":"https:\/\/now-news.de\/de\/deutschland\/polen-fordert-verbuendete-zu-kreativ-durchdachter-eskalation-gegen-russland-auf\/#primaryimage"},"image":{"@id":"https:\/\/now-news.de\/de\/deutschland\/polen-fordert-verbuendete-zu-kreativ-durchdachter-eskalation-gegen-russland-auf\/#primaryimage"},"thumbnailUrl":"https:\/\/now-news.de\/de\/wp-content\/uploads\/sites\/3\/2024\/03\/Polen-fordert-Verbuendete-zu-quotkreativ-durchdachterquot-Eskalation-gegen-Russland-auf.jpg","datePublished":"2024-03-09T15:38:45+00:00","dateModified":"2024-03-09T15:38:45+00:00","breadcrumb":{"@id":"https:\/\/now-news.de\/de\/deutschland\/polen-fordert-verbuendete-zu-kreativ-durchdachter-eskalation-gegen-russland-auf\/#breadcrumb"},"inLanguage":"de","potentialAction":[{"@type":"ReadAction","target":["https:\/\/now-news.de\/de\/deutschland\/polen-fordert-verbuendete-zu-kreativ-durchdachter-eskalation-gegen-russland-auf\/"]}]},{"@type":"ImageObject","inLanguage":"de","@id":"https:\/\/now-news.de\/de\/deutschland\/polen-fordert-verbuendete-zu-kreativ-durchdachter-eskalation-gegen-russland-auf\/#primaryimage","url":"https:\/\/now-news.de\/de\/wp-content\/uploads\/sites\/3\/2024\/03\/Polen-fordert-Verbuendete-zu-quotkreativ-durchdachterquot-Eskalation-gegen-Russland-auf.jpg","contentUrl":"https:\/\/now-news.de\/de\/wp-content\/uploads\/sites\/3\/2024\/03\/Polen-fordert-Verbuendete-zu-quotkreativ-durchdachterquot-Eskalation-gegen-Russland-auf.jpg","width":460,"height":259,"caption":"Polen fordert Verb\u00fcndete zu &quot;kreativ durchdachter&quot; Eskalation gegen Russland auf"},{"@type":"BreadcrumbList","@id":"https:\/\/now-news.de\/de\/deutschland\/polen-fordert-verbuendete-zu-kreativ-durchdachter-eskalation-gegen-russland-auf\/#breadcrumb","itemListElement":[{"@type":"ListItem","position":1,"name":"Home","item":"https:\/\/now-news.de\/de\/"},{"@type":"ListItem","position":2,"name":"Polen fordert Verb\u00fcndete zu &quot;kreativ durchdachter&quot; Eskalation gegen Russland auf"}]},{"@type":"WebSite","@id":"https:\/\/now-news.de\/de\/#website","url":"https:\/\/now-news.de\/de\/","name":"just-now.NEWS Deutschland","description":"Das Portal f\u00fcr unzensierte Nachrichten aus der Welt","publisher":{"@id":"https:\/\/now-news.de\/de\/#organization"},"potentialAction":[{"@type":"SearchAction","target":{"@type":"EntryPoint","urlTemplate":"https:\/\/now-news.de\/de\/?s={search_term_string}"},"query-input":"required name=search_term_string"}],"inLanguage":"de"},{"@type":"Organization","@id":"https:\/\/now-news.de\/de\/#organization","name":"Just Now News","url":"https:\/\/now-news.de\/de\/","logo":{"@type":"ImageObject","inLanguage":"de","@id":"https:\/\/now-news.de\/de\/#\/schema\/logo\/image\/","url":"http:\/\/just-now.news\/de\/wp-content\/uploads\/sites\/3\/2022\/04\/logo500x500.jpg","contentUrl":"http:\/\/just-now.news\/de\/wp-content\/uploads\/sites\/3\/2022\/04\/logo500x500.jpg","width":500,"height":500,"caption":"Just Now News"},"image":{"@id":"https:\/\/now-news.de\/de\/#\/schema\/logo\/image\/"},"sameAs":["https:\/\/www.facebook.com\/wirmachenauf","https:\/\/x.com\/WirMachenAuf_de"]},{"@type":"Person","@id":"https:\/\/now-news.de\/de\/#\/schema\/person\/fb534a4e865501d8b3285208df34a9b5","name":"rtnews","image":{"@type":"ImageObject","inLanguage":"de","@id":"https:\/\/now-news.de\/de\/#\/schema\/person\/image\/","url":"https:\/\/secure.gravatar.com\/avatar\/82aafea7d8127119dd649515f56e2117?s=96&d=mm&r=g","contentUrl":"https:\/\/secure.gravatar.com\/avatar\/82aafea7d8127119dd649515f56e2117?s=96&d=mm&r=g","caption":"rtnews"},"url":"https:\/\/now-news.de\/de\/author\/rnews\/"}]}},"_links":{"self":[{"href":"https:\/\/now-news.de\/de\/wp-json\/wp\/v2\/posts\/56790"}],"collection":[{"href":"https:\/\/now-news.de\/de\/wp-json\/wp\/v2\/posts"}],"about":[{"href":"https:\/\/now-news.de\/de\/wp-json\/wp\/v2\/types\/post"}],"author":[{"embeddable":true,"href":"https:\/\/now-news.de\/de\/wp-json\/wp\/v2\/users\/3"}],"replies":[{"embeddable":true,"href":"https:\/\/now-news.de\/de\/wp-json\/wp\/v2\/comments?post=56790"}],"version-history":[{"count":0,"href":"https:\/\/now-news.de\/de\/wp-json\/wp\/v2\/posts\/56790\/revisions"}],"wp:featuredmedia":[{"embeddable":true,"href":"https:\/\/now-news.de\/de\/wp-json\/wp\/v2\/media\/56791"}],"wp:attachment":[{"href":"https:\/\/now-news.de\/de\/wp-json\/wp\/v2\/media?parent=56790"}],"wp:term":[{"taxonomy":"category","embeddable":true,"href":"https:\/\/now-news.de\/de\/wp-json\/wp\/v2\/categories?post=56790"},{"taxonomy":"post_tag","embeddable":true,"href":"https:\/\/now-news.de\/de\/wp-json\/wp\/v2\/tags?post=56790"}],"curies":[{"name":"wp","href":"https:\/\/api.w.org\/{rel}","templated":true}]}}