{"id":56753,"date":"2024-03-08T22:00:57","date_gmt":"2024-03-08T20:00:57","guid":{"rendered":"https:\/\/just-now.news\/de\/deutschland\/franzoesischer-kommunistenfuehrer-aeussert-sich-zu-macrons-plaenen-fuer-die-ukraine\/"},"modified":"2024-03-08T22:00:57","modified_gmt":"2024-03-08T20:00:57","slug":"franzoesischer-kommunistenfuehrer-aeussert-sich-zu-macrons-plaenen-fuer-die-ukraine","status":"publish","type":"post","link":"https:\/\/now-news.de\/de\/deutschland\/franzoesischer-kommunistenfuehrer-aeussert-sich-zu-macrons-plaenen-fuer-die-ukraine\/","title":{"rendered":"Franz\u00f6sischer Kommunistenf\u00fchrer \u00e4u\u00dfert sich zu Macrons Pl\u00e4nen f\u00fcr die Ukraine"},"content":{"rendered":"<p><img decoding=\"async\" src=\"http:\/\/just-now.news\/de\/wp-content\/uploads\/sites\/3\/2024\/03\/65eaf4f7b480cc0afe0d61c7.jpg\" \/><\/p>\n<div class=\"Text-root Text-type_1 \">\n                Frankreichs Pr\u00e4sident Emmanuel Macron r\u00fchrt weiter die Kriegstrommel. Am Mittwoch traf sich der Staatschef mit Vertretern der politischen Parteien und warb f\u00fcr seine Pl\u00e4ne. Fabien Roussel, Nationalsekret\u00e4r der Kommunistischen Partei Frankreichs, berichtete im Fernsehen \u00fcber dieses Treffen.\n            <\/div>\n<p><\/p>\n<div class=\"Text-root Text-type_5 ArticleView-text ViewText-root \">\n<p>Der franz\u00f6sische Pr\u00e4sident Emmanuel Macron bereite die \u00d6ffentlichkeit auf die Entsendung von Truppen in die Ukraine vor, sagte Fabien Roussel, Mitglied der Nationalversammlung und Vorsitzender der Kommunistischen Partei Frankreichs (PCF), in einer Sendung des Fernsehsenders <em>BFMTV\u00a0<\/em>am Donnerstag. Nach seinen Worten plant Paris eine milit\u00e4rische Intervention f\u00fcr den Fall, dass sich die Front in der Ukraine auf Odessa oder Kiew zubewegt.\u00a0<\/p>\n<p>Am Vortag hatte der franz\u00f6sische Pr\u00e4sident Gespr\u00e4che mit Oppositionsf\u00fchrern gef\u00fchrt, um sie zu einer st\u00e4rkeren Unterst\u00fctzung der Ukraine zu bewegen. Die Oppositionsf\u00fchrer und der Pr\u00e4sident konnten sich jedoch nicht auf Ma\u00dfnahmen zur Unterst\u00fctzung Kiews einigen, wobei die Parteif\u00fchrer Macron davor warnten, Paris in den Konflikt in der Ukraine hineinzuziehen.<\/p>\n<p>So fasste Roussel den Inhalt des Treffens zusammen:<\/p>\n<blockquote>\n<p><em>&#8220;So wie ich das sehe, bereitet Macron die \u00f6ffentliche Meinung darauf vor, dass Frankreich in diesen Konflikt eingreift, indem er uns sagt: &#8216;Und wenn sich die Front in Richtung Odessa oder Kiew bewegt, was werden wir dann tun? Unserem Eingreifen sollten keine Grenzen gesetzt sein.&#8217; So stellt er die Dinge dar, aber wir sollten nicht mit der Angst der Franzosen spielen.&#8221;<\/em><\/p>\n<\/blockquote>\n<p>Nach Ansicht des Abgeordneten muss heute &#8220;alles getan werden, um sicherzustellen, dass Frankreich nicht in diesen Konflikt verwickelt wird und nicht in eine direkte Konfrontation mit Russland ger\u00e4t&#8221;. Die &#8220;strategische Zweideutigkeit&#8221;, die Macron laut der Entourage des Pr\u00e4sidenten mit seinen \u00c4u\u00dferungen erreichen wollte, lasse nur vermuten, dass Frankreich in den Konflikt eingreifen k\u00f6nnte. Damit habe er Macron in der Unterredung konfrontiert, sagte Roussel:<\/p>\n<blockquote>\n<p><em>&#8220;Ich habe ihm eine Frage gestellt: &#8216;Zu Beginn des Konflikts sagten Sie, dass es rote Linien geben m\u00fcsse, die nicht \u00fcberschritten werden d\u00fcrften, um nicht zum Komplizen zu werden und um nicht in einen Krieg mit Russland zu ziehen. Gibt es heute eine solche rote Linie?&#8217; Er antwortete mir: &#8216;Nein, es sollte keine Grenzen mehr geben, das Wesen des Konflikts hat sich ver\u00e4ndert.'&#8221;<\/em><\/p>\n<\/blockquote>\n<p>Nach Ansicht des Kommunistenf\u00fchrers l\u00e4sst Macron also die M\u00f6glichkeit offen, dass Frankreich morgen in einen Krieg mit Russland eintritt. Das beunruhige ihn, f\u00fcgte der Politiker hinzu, &#8220;denn mit diesen Worten beteiligt er sich an einer milit\u00e4rischen Eskalation, jedes Mal folgt ein neuer Schritt in Richtung einer globalen Anheizung dieses Konflikts, und das ist gef\u00e4hrlich&#8221;.<\/p>\n<p>Roussel zufolge behauptet Macron, Russland habe um eine Waffenruhe gebeten. Gleichzeitig sagte das franz\u00f6sische Staatsoberhaupt, dass es f\u00fcr den Westen inakzeptabel sei, den Forderungen Moskaus zuzustimmen. Der Chef der Kommunistischen Partei bezeichnete eine solche Haltung Macrons als &#8220;\u00fcberraschend&#8221;, da die Einstellung der Feindseligkeiten der Beginn von Friedensgespr\u00e4chen sein k\u00f6nnte.<\/p>\n<p>Ende Februar sagte Macron, Frankreich werde alles tun, um sicherzustellen, dass Russland &#8220;diesen Krieg nicht gewinnt&#8221;. Ihm zufolge haben die Staats- und Regierungschefs der westlichen L\u00e4nder die M\u00f6glichkeit der Entsendung von Truppen in die Ukraine er\u00f6rtert, aber es wurde noch kein Konsens erzielt.<\/p>\n<p>Sp\u00e4ter betonte der Politiker, der f\u00fcr diese \u00c4u\u00dferungen scharf kritisiert wurde, dass alle seine Worte sorgf\u00e4ltig \u00fcberlegt seien. Gleichzeitig erkl\u00e4rten die Beh\u00f6rden zahlreicher europ\u00e4ischer Staaten, es sei nicht die Rede davon, Milit\u00e4r in die Ukraine zu verlegen.<br \/>F\u00fchrende Vertreter aller franz\u00f6sischen Parteien weigerten sich ebenfalls, die Position des Pr\u00e4sidenten in dieser Frage zu unterst\u00fctzen. Sie warfen Macron vor, das Land leichtfertig in den Konflikt hineinzuziehen, und warfen ihm vor, die Nationalversammlung nicht zu konsultieren.<\/p>\n<p>Der Kreml kommentierte die \u00c4u\u00dferungen des franz\u00f6sischen Pr\u00e4sidenten mit dem Hinweis, dass eine solche Entwicklung unweigerlich zu einem direkten milit\u00e4rischen Zusammensto\u00df zwischen Russland und der NATO f\u00fchren w\u00fcrde. Pr\u00e4sidentensprecher Dmitri Peskow bezeichnete allein die Tatsache, dass die M\u00f6glichkeit der Entsendung &#8220;einiger Kontingente in die Ukraine&#8221; er\u00f6rtert werde, als ein wichtiges neues Element.<\/p>\n<p><strong>Mehr zum Thema<\/strong> \u2013 <a rel=\"nofollow noopener\" target=\"_blank\" href=\"https:\/\/freedert.online\/international\/198170-montjan-also-ziehen-froschfresser-wieder-in-den-osten\/\">Montjan \u00fcber Macrons Kriegspl\u00e4ne: &#8220;Also ziehen die Froschfresser wieder in den Osten&#8221;<\/a><\/p>\n<\/p>\n<\/div>\n<p><br \/>\n<br \/><a href=\"https:\/\/de.rt.com\/europa\/198722-franzoesischer-kommunistenfuehrer-ueber-macrons-plaene\/\">Source link <\/a><\/p>\n","protected":false},"excerpt":{"rendered":"<p>Frankreichs Pr\u00e4sident Emmanuel Macron r\u00fchrt weiter die Kriegstrommel. Am Mittwoch traf sich der Staatschef mit Vertretern der politischen Parteien und warb f\u00fcr seine Pl\u00e4ne. Fabien Roussel, Nationalsekret\u00e4r der Kommunistischen Partei Frankreichs, berichtete im Fernsehen \u00fcber dieses Treffen. Der franz\u00f6sische Pr\u00e4sident Emmanuel Macron bereite die \u00d6ffentlichkeit auf die Entsendung von Truppen in die Ukraine vor, sagte [&hellip;]<\/p>\n","protected":false},"author":3,"featured_media":56754,"comment_status":"open","ping_status":"open","sticky":false,"template":"","format":"standard","meta":{"_yoast_indexnow_last_ping":["1709928433"],"wp_automatic_camp":["217"],"e0941c1b601bc5f6151f1aa10da6b394":["Franz\u00f6sischer Kommunistenf\u00fchrer \u00e4u\u00dfert sich zu Macrons Pl\u00e4nen f\u00fcr die Ukraine"],"original_link":["https:\/\/de.rt.com\/europa\/198722-franzoesischer-kommunistenfuehrer-ueber-macrons-plaene\/"],"_thumbnail_id":["56754"],"_wptgpro_p2tg_sent2tg":["a:1:{i:23737;s:19:\"2024-03-08 22:08:17\";}"],"jnews_social_counter_last_update":["1777584962"]},"categories":[19,23],"tags":[10518,45,9154,221,52735,24029,17975,434,127],"yoast_head":"<!-- This site is optimized with the Yoast SEO Premium plugin v22.7 (Yoast SEO v22.7) - https:\/\/yoast.com\/wordpress\/plugins\/seo\/ -->\n<title>Franz\u00f6sischer Kommunistenf\u00fchrer \u00e4u\u00dfert sich zu Macrons Pl\u00e4nen f\u00fcr die Ukraine - just-now.NEWS Deutschland<\/title>\n<meta name=\"robots\" content=\"index, follow, max-snippet:-1, max-image-preview:large, max-video-preview:-1\" \/>\n<link rel=\"canonical\" href=\"https:\/\/now-news.de\/de\/deutschland\/franzoesischer-kommunistenfuehrer-aeussert-sich-zu-macrons-plaenen-fuer-die-ukraine\/\" \/>\n<meta property=\"og:locale\" content=\"de_DE\" \/>\n<meta property=\"og:type\" content=\"article\" \/>\n<meta property=\"og:title\" content=\"Franz\u00f6sischer Kommunistenf\u00fchrer \u00e4u\u00dfert sich zu Macrons Pl\u00e4nen f\u00fcr die Ukraine\" \/>\n<meta property=\"og:description\" content=\"Frankreichs Pr\u00e4sident Emmanuel Macron r\u00fchrt weiter die Kriegstrommel. Am Mittwoch traf sich der Staatschef mit Vertretern der politischen Parteien und warb f\u00fcr seine Pl\u00e4ne. Fabien Roussel, Nationalsekret\u00e4r der Kommunistischen Partei Frankreichs, berichtete im Fernsehen \u00fcber dieses Treffen. Der franz\u00f6sische Pr\u00e4sident Emmanuel Macron bereite die \u00d6ffentlichkeit auf die Entsendung von Truppen in die Ukraine vor, sagte [&hellip;]\" \/>\n<meta property=\"og:url\" content=\"https:\/\/now-news.de\/de\/deutschland\/franzoesischer-kommunistenfuehrer-aeussert-sich-zu-macrons-plaenen-fuer-die-ukraine\/\" \/>\n<meta property=\"og:site_name\" content=\"just-now.NEWS Deutschland\" \/>\n<meta property=\"article:publisher\" content=\"https:\/\/www.facebook.com\/wirmachenauf\" \/>\n<meta property=\"article:published_time\" content=\"2024-03-08T20:00:57+00:00\" \/>\n<meta property=\"og:image\" content=\"https:\/\/now-news.de\/de\/wp-content\/uploads\/sites\/3\/2024\/03\/Franzoesischer-Kommunistenfuehrer-aeussert-sich-zu-Macrons-Plaenen-fuer-die-Ukraine.jpg\" \/>\n\t<meta property=\"og:image:width\" content=\"460\" \/>\n\t<meta property=\"og:image:height\" content=\"259\" \/>\n\t<meta property=\"og:image:type\" content=\"image\/jpeg\" \/>\n<meta name=\"author\" content=\"rtnews\" \/>\n<meta name=\"twitter:card\" content=\"summary_large_image\" \/>\n<meta name=\"twitter:creator\" content=\"@WirMachenAuf_de\" \/>\n<meta name=\"twitter:site\" content=\"@WirMachenAuf_de\" \/>\n<meta name=\"twitter:label1\" content=\"Verfasst von\" \/>\n\t<meta name=\"twitter:data1\" content=\"rtnews\" \/>\n\t<meta name=\"twitter:label2\" content=\"Gesch\u00e4tzte Lesezeit\" \/>\n\t<meta name=\"twitter:data2\" content=\"3\u00a0Minuten\" \/>\n<script type=\"application\/ld+json\" class=\"yoast-schema-graph\">{\"@context\":\"https:\/\/schema.org\",\"@graph\":[{\"@type\":\"Article\",\"@id\":\"https:\/\/now-news.de\/de\/deutschland\/franzoesischer-kommunistenfuehrer-aeussert-sich-zu-macrons-plaenen-fuer-die-ukraine\/#article\",\"isPartOf\":{\"@id\":\"https:\/\/now-news.de\/de\/deutschland\/franzoesischer-kommunistenfuehrer-aeussert-sich-zu-macrons-plaenen-fuer-die-ukraine\/\"},\"author\":{\"name\":\"rtnews\",\"@id\":\"https:\/\/now-news.de\/de\/#\/schema\/person\/fb534a4e865501d8b3285208df34a9b5\"},\"headline\":\"Franz\u00f6sischer Kommunistenf\u00fchrer \u00e4u\u00dfert sich zu Macrons Pl\u00e4nen f\u00fcr die Ukraine\",\"datePublished\":\"2024-03-08T20:00:57+00:00\",\"dateModified\":\"2024-03-08T20:00:57+00:00\",\"mainEntityOfPage\":{\"@id\":\"https:\/\/now-news.de\/de\/deutschland\/franzoesischer-kommunistenfuehrer-aeussert-sich-zu-macrons-plaenen-fuer-die-ukraine\/\"},\"wordCount\":710,\"commentCount\":0,\"publisher\":{\"@id\":\"https:\/\/now-news.de\/de\/#organization\"},\"image\":{\"@id\":\"https:\/\/now-news.de\/de\/deutschland\/franzoesischer-kommunistenfuehrer-aeussert-sich-zu-macrons-plaenen-fuer-die-ukraine\/#primaryimage\"},\"thumbnailUrl\":\"https:\/\/now-news.de\/de\/wp-content\/uploads\/sites\/3\/2024\/03\/Franzoesischer-Kommunistenfuehrer-aeussert-sich-zu-Macrons-Plaenen-fuer-die-Ukraine.jpg\",\"keywords\":[\"\u00e4u\u00dfert\",\"die\",\"franz\u00f6sischer\",\"f\u00fcr\",\"Kommunistenf\u00fchrer\",\"Macrons\",\"planen\",\"sich\",\"ukraine\"],\"articleSection\":[\"Deutschland\",\"Russland\"],\"inLanguage\":\"de\",\"potentialAction\":[{\"@type\":\"CommentAction\",\"name\":\"Comment\",\"target\":[\"https:\/\/now-news.de\/de\/deutschland\/franzoesischer-kommunistenfuehrer-aeussert-sich-zu-macrons-plaenen-fuer-die-ukraine\/#respond\"]}]},{\"@type\":\"WebPage\",\"@id\":\"https:\/\/now-news.de\/de\/deutschland\/franzoesischer-kommunistenfuehrer-aeussert-sich-zu-macrons-plaenen-fuer-die-ukraine\/\",\"url\":\"https:\/\/now-news.de\/de\/deutschland\/franzoesischer-kommunistenfuehrer-aeussert-sich-zu-macrons-plaenen-fuer-die-ukraine\/\",\"name\":\"Franz\u00f6sischer Kommunistenf\u00fchrer \u00e4u\u00dfert sich zu Macrons Pl\u00e4nen f\u00fcr die Ukraine - just-now.NEWS Deutschland\",\"isPartOf\":{\"@id\":\"https:\/\/now-news.de\/de\/#website\"},\"primaryImageOfPage\":{\"@id\":\"https:\/\/now-news.de\/de\/deutschland\/franzoesischer-kommunistenfuehrer-aeussert-sich-zu-macrons-plaenen-fuer-die-ukraine\/#primaryimage\"},\"image\":{\"@id\":\"https:\/\/now-news.de\/de\/deutschland\/franzoesischer-kommunistenfuehrer-aeussert-sich-zu-macrons-plaenen-fuer-die-ukraine\/#primaryimage\"},\"thumbnailUrl\":\"https:\/\/now-news.de\/de\/wp-content\/uploads\/sites\/3\/2024\/03\/Franzoesischer-Kommunistenfuehrer-aeussert-sich-zu-Macrons-Plaenen-fuer-die-Ukraine.jpg\",\"datePublished\":\"2024-03-08T20:00:57+00:00\",\"dateModified\":\"2024-03-08T20:00:57+00:00\",\"breadcrumb\":{\"@id\":\"https:\/\/now-news.de\/de\/deutschland\/franzoesischer-kommunistenfuehrer-aeussert-sich-zu-macrons-plaenen-fuer-die-ukraine\/#breadcrumb\"},\"inLanguage\":\"de\",\"potentialAction\":[{\"@type\":\"ReadAction\",\"target\":[\"https:\/\/now-news.de\/de\/deutschland\/franzoesischer-kommunistenfuehrer-aeussert-sich-zu-macrons-plaenen-fuer-die-ukraine\/\"]}]},{\"@type\":\"ImageObject\",\"inLanguage\":\"de\",\"@id\":\"https:\/\/now-news.de\/de\/deutschland\/franzoesischer-kommunistenfuehrer-aeussert-sich-zu-macrons-plaenen-fuer-die-ukraine\/#primaryimage\",\"url\":\"https:\/\/now-news.de\/de\/wp-content\/uploads\/sites\/3\/2024\/03\/Franzoesischer-Kommunistenfuehrer-aeussert-sich-zu-Macrons-Plaenen-fuer-die-Ukraine.jpg\",\"contentUrl\":\"https:\/\/now-news.de\/de\/wp-content\/uploads\/sites\/3\/2024\/03\/Franzoesischer-Kommunistenfuehrer-aeussert-sich-zu-Macrons-Plaenen-fuer-die-Ukraine.jpg\",\"width\":460,\"height\":259,\"caption\":\"Franz\u00f6sischer Kommunistenf\u00fchrer \u00e4u\u00dfert sich zu Macrons Pl\u00e4nen f\u00fcr die Ukraine\"},{\"@type\":\"BreadcrumbList\",\"@id\":\"https:\/\/now-news.de\/de\/deutschland\/franzoesischer-kommunistenfuehrer-aeussert-sich-zu-macrons-plaenen-fuer-die-ukraine\/#breadcrumb\",\"itemListElement\":[{\"@type\":\"ListItem\",\"position\":1,\"name\":\"Home\",\"item\":\"https:\/\/now-news.de\/de\/\"},{\"@type\":\"ListItem\",\"position\":2,\"name\":\"Franz\u00f6sischer Kommunistenf\u00fchrer \u00e4u\u00dfert sich zu Macrons Pl\u00e4nen f\u00fcr die Ukraine\"}]},{\"@type\":\"WebSite\",\"@id\":\"https:\/\/now-news.de\/de\/#website\",\"url\":\"https:\/\/now-news.de\/de\/\",\"name\":\"just-now.NEWS Deutschland\",\"description\":\"Das Portal f\u00fcr unzensierte Nachrichten aus der Welt\",\"publisher\":{\"@id\":\"https:\/\/now-news.de\/de\/#organization\"},\"potentialAction\":[{\"@type\":\"SearchAction\",\"target\":{\"@type\":\"EntryPoint\",\"urlTemplate\":\"https:\/\/now-news.de\/de\/?s={search_term_string}\"},\"query-input\":\"required name=search_term_string\"}],\"inLanguage\":\"de\"},{\"@type\":\"Organization\",\"@id\":\"https:\/\/now-news.de\/de\/#organization\",\"name\":\"Just Now News\",\"url\":\"https:\/\/now-news.de\/de\/\",\"logo\":{\"@type\":\"ImageObject\",\"inLanguage\":\"de\",\"@id\":\"https:\/\/now-news.de\/de\/#\/schema\/logo\/image\/\",\"url\":\"http:\/\/just-now.news\/de\/wp-content\/uploads\/sites\/3\/2022\/04\/logo500x500.jpg\",\"contentUrl\":\"http:\/\/just-now.news\/de\/wp-content\/uploads\/sites\/3\/2022\/04\/logo500x500.jpg\",\"width\":500,\"height\":500,\"caption\":\"Just Now News\"},\"image\":{\"@id\":\"https:\/\/now-news.de\/de\/#\/schema\/logo\/image\/\"},\"sameAs\":[\"https:\/\/www.facebook.com\/wirmachenauf\",\"https:\/\/x.com\/WirMachenAuf_de\"]},{\"@type\":\"Person\",\"@id\":\"https:\/\/now-news.de\/de\/#\/schema\/person\/fb534a4e865501d8b3285208df34a9b5\",\"name\":\"rtnews\",\"image\":{\"@type\":\"ImageObject\",\"inLanguage\":\"de\",\"@id\":\"https:\/\/now-news.de\/de\/#\/schema\/person\/image\/\",\"url\":\"https:\/\/secure.gravatar.com\/avatar\/82aafea7d8127119dd649515f56e2117?s=96&d=mm&r=g\",\"contentUrl\":\"https:\/\/secure.gravatar.com\/avatar\/82aafea7d8127119dd649515f56e2117?s=96&d=mm&r=g\",\"caption\":\"rtnews\"},\"url\":\"https:\/\/now-news.de\/de\/author\/rnews\/\"}]}<\/script>\n<!-- \/ Yoast SEO Premium plugin. -->","yoast_head_json":{"title":"Franz\u00f6sischer Kommunistenf\u00fchrer \u00e4u\u00dfert sich zu Macrons Pl\u00e4nen f\u00fcr die Ukraine - just-now.NEWS Deutschland","robots":{"index":"index","follow":"follow","max-snippet":"max-snippet:-1","max-image-preview":"max-image-preview:large","max-video-preview":"max-video-preview:-1"},"canonical":"https:\/\/now-news.de\/de\/deutschland\/franzoesischer-kommunistenfuehrer-aeussert-sich-zu-macrons-plaenen-fuer-die-ukraine\/","og_locale":"de_DE","og_type":"article","og_title":"Franz\u00f6sischer Kommunistenf\u00fchrer \u00e4u\u00dfert sich zu Macrons Pl\u00e4nen f\u00fcr die Ukraine","og_description":"Frankreichs Pr\u00e4sident Emmanuel Macron r\u00fchrt weiter die Kriegstrommel. Am Mittwoch traf sich der Staatschef mit Vertretern der politischen Parteien und warb f\u00fcr seine Pl\u00e4ne. Fabien Roussel, Nationalsekret\u00e4r der Kommunistischen Partei Frankreichs, berichtete im Fernsehen \u00fcber dieses Treffen. Der franz\u00f6sische Pr\u00e4sident Emmanuel Macron bereite die \u00d6ffentlichkeit auf die Entsendung von Truppen in die Ukraine vor, sagte [&hellip;]","og_url":"https:\/\/now-news.de\/de\/deutschland\/franzoesischer-kommunistenfuehrer-aeussert-sich-zu-macrons-plaenen-fuer-die-ukraine\/","og_site_name":"just-now.NEWS Deutschland","article_publisher":"https:\/\/www.facebook.com\/wirmachenauf","article_published_time":"2024-03-08T20:00:57+00:00","og_image":[{"width":460,"height":259,"url":"https:\/\/now-news.de\/de\/wp-content\/uploads\/sites\/3\/2024\/03\/Franzoesischer-Kommunistenfuehrer-aeussert-sich-zu-Macrons-Plaenen-fuer-die-Ukraine.jpg","type":"image\/jpeg"}],"author":"rtnews","twitter_card":"summary_large_image","twitter_creator":"@WirMachenAuf_de","twitter_site":"@WirMachenAuf_de","twitter_misc":{"Verfasst von":"rtnews","Gesch\u00e4tzte Lesezeit":"3\u00a0Minuten"},"schema":{"@context":"https:\/\/schema.org","@graph":[{"@type":"Article","@id":"https:\/\/now-news.de\/de\/deutschland\/franzoesischer-kommunistenfuehrer-aeussert-sich-zu-macrons-plaenen-fuer-die-ukraine\/#article","isPartOf":{"@id":"https:\/\/now-news.de\/de\/deutschland\/franzoesischer-kommunistenfuehrer-aeussert-sich-zu-macrons-plaenen-fuer-die-ukraine\/"},"author":{"name":"rtnews","@id":"https:\/\/now-news.de\/de\/#\/schema\/person\/fb534a4e865501d8b3285208df34a9b5"},"headline":"Franz\u00f6sischer Kommunistenf\u00fchrer \u00e4u\u00dfert sich zu Macrons Pl\u00e4nen f\u00fcr die Ukraine","datePublished":"2024-03-08T20:00:57+00:00","dateModified":"2024-03-08T20:00:57+00:00","mainEntityOfPage":{"@id":"https:\/\/now-news.de\/de\/deutschland\/franzoesischer-kommunistenfuehrer-aeussert-sich-zu-macrons-plaenen-fuer-die-ukraine\/"},"wordCount":710,"commentCount":0,"publisher":{"@id":"https:\/\/now-news.de\/de\/#organization"},"image":{"@id":"https:\/\/now-news.de\/de\/deutschland\/franzoesischer-kommunistenfuehrer-aeussert-sich-zu-macrons-plaenen-fuer-die-ukraine\/#primaryimage"},"thumbnailUrl":"https:\/\/now-news.de\/de\/wp-content\/uploads\/sites\/3\/2024\/03\/Franzoesischer-Kommunistenfuehrer-aeussert-sich-zu-Macrons-Plaenen-fuer-die-Ukraine.jpg","keywords":["\u00e4u\u00dfert","die","franz\u00f6sischer","f\u00fcr","Kommunistenf\u00fchrer","Macrons","planen","sich","ukraine"],"articleSection":["Deutschland","Russland"],"inLanguage":"de","potentialAction":[{"@type":"CommentAction","name":"Comment","target":["https:\/\/now-news.de\/de\/deutschland\/franzoesischer-kommunistenfuehrer-aeussert-sich-zu-macrons-plaenen-fuer-die-ukraine\/#respond"]}]},{"@type":"WebPage","@id":"https:\/\/now-news.de\/de\/deutschland\/franzoesischer-kommunistenfuehrer-aeussert-sich-zu-macrons-plaenen-fuer-die-ukraine\/","url":"https:\/\/now-news.de\/de\/deutschland\/franzoesischer-kommunistenfuehrer-aeussert-sich-zu-macrons-plaenen-fuer-die-ukraine\/","name":"Franz\u00f6sischer Kommunistenf\u00fchrer \u00e4u\u00dfert sich zu Macrons Pl\u00e4nen f\u00fcr die Ukraine - just-now.NEWS Deutschland","isPartOf":{"@id":"https:\/\/now-news.de\/de\/#website"},"primaryImageOfPage":{"@id":"https:\/\/now-news.de\/de\/deutschland\/franzoesischer-kommunistenfuehrer-aeussert-sich-zu-macrons-plaenen-fuer-die-ukraine\/#primaryimage"},"image":{"@id":"https:\/\/now-news.de\/de\/deutschland\/franzoesischer-kommunistenfuehrer-aeussert-sich-zu-macrons-plaenen-fuer-die-ukraine\/#primaryimage"},"thumbnailUrl":"https:\/\/now-news.de\/de\/wp-content\/uploads\/sites\/3\/2024\/03\/Franzoesischer-Kommunistenfuehrer-aeussert-sich-zu-Macrons-Plaenen-fuer-die-Ukraine.jpg","datePublished":"2024-03-08T20:00:57+00:00","dateModified":"2024-03-08T20:00:57+00:00","breadcrumb":{"@id":"https:\/\/now-news.de\/de\/deutschland\/franzoesischer-kommunistenfuehrer-aeussert-sich-zu-macrons-plaenen-fuer-die-ukraine\/#breadcrumb"},"inLanguage":"de","potentialAction":[{"@type":"ReadAction","target":["https:\/\/now-news.de\/de\/deutschland\/franzoesischer-kommunistenfuehrer-aeussert-sich-zu-macrons-plaenen-fuer-die-ukraine\/"]}]},{"@type":"ImageObject","inLanguage":"de","@id":"https:\/\/now-news.de\/de\/deutschland\/franzoesischer-kommunistenfuehrer-aeussert-sich-zu-macrons-plaenen-fuer-die-ukraine\/#primaryimage","url":"https:\/\/now-news.de\/de\/wp-content\/uploads\/sites\/3\/2024\/03\/Franzoesischer-Kommunistenfuehrer-aeussert-sich-zu-Macrons-Plaenen-fuer-die-Ukraine.jpg","contentUrl":"https:\/\/now-news.de\/de\/wp-content\/uploads\/sites\/3\/2024\/03\/Franzoesischer-Kommunistenfuehrer-aeussert-sich-zu-Macrons-Plaenen-fuer-die-Ukraine.jpg","width":460,"height":259,"caption":"Franz\u00f6sischer Kommunistenf\u00fchrer \u00e4u\u00dfert sich zu Macrons Pl\u00e4nen f\u00fcr die Ukraine"},{"@type":"BreadcrumbList","@id":"https:\/\/now-news.de\/de\/deutschland\/franzoesischer-kommunistenfuehrer-aeussert-sich-zu-macrons-plaenen-fuer-die-ukraine\/#breadcrumb","itemListElement":[{"@type":"ListItem","position":1,"name":"Home","item":"https:\/\/now-news.de\/de\/"},{"@type":"ListItem","position":2,"name":"Franz\u00f6sischer Kommunistenf\u00fchrer \u00e4u\u00dfert sich zu Macrons Pl\u00e4nen f\u00fcr die Ukraine"}]},{"@type":"WebSite","@id":"https:\/\/now-news.de\/de\/#website","url":"https:\/\/now-news.de\/de\/","name":"just-now.NEWS Deutschland","description":"Das Portal f\u00fcr unzensierte Nachrichten aus der Welt","publisher":{"@id":"https:\/\/now-news.de\/de\/#organization"},"potentialAction":[{"@type":"SearchAction","target":{"@type":"EntryPoint","urlTemplate":"https:\/\/now-news.de\/de\/?s={search_term_string}"},"query-input":"required name=search_term_string"}],"inLanguage":"de"},{"@type":"Organization","@id":"https:\/\/now-news.de\/de\/#organization","name":"Just Now News","url":"https:\/\/now-news.de\/de\/","logo":{"@type":"ImageObject","inLanguage":"de","@id":"https:\/\/now-news.de\/de\/#\/schema\/logo\/image\/","url":"http:\/\/just-now.news\/de\/wp-content\/uploads\/sites\/3\/2022\/04\/logo500x500.jpg","contentUrl":"http:\/\/just-now.news\/de\/wp-content\/uploads\/sites\/3\/2022\/04\/logo500x500.jpg","width":500,"height":500,"caption":"Just Now News"},"image":{"@id":"https:\/\/now-news.de\/de\/#\/schema\/logo\/image\/"},"sameAs":["https:\/\/www.facebook.com\/wirmachenauf","https:\/\/x.com\/WirMachenAuf_de"]},{"@type":"Person","@id":"https:\/\/now-news.de\/de\/#\/schema\/person\/fb534a4e865501d8b3285208df34a9b5","name":"rtnews","image":{"@type":"ImageObject","inLanguage":"de","@id":"https:\/\/now-news.de\/de\/#\/schema\/person\/image\/","url":"https:\/\/secure.gravatar.com\/avatar\/82aafea7d8127119dd649515f56e2117?s=96&d=mm&r=g","contentUrl":"https:\/\/secure.gravatar.com\/avatar\/82aafea7d8127119dd649515f56e2117?s=96&d=mm&r=g","caption":"rtnews"},"url":"https:\/\/now-news.de\/de\/author\/rnews\/"}]}},"_links":{"self":[{"href":"https:\/\/now-news.de\/de\/wp-json\/wp\/v2\/posts\/56753"}],"collection":[{"href":"https:\/\/now-news.de\/de\/wp-json\/wp\/v2\/posts"}],"about":[{"href":"https:\/\/now-news.de\/de\/wp-json\/wp\/v2\/types\/post"}],"author":[{"embeddable":true,"href":"https:\/\/now-news.de\/de\/wp-json\/wp\/v2\/users\/3"}],"replies":[{"embeddable":true,"href":"https:\/\/now-news.de\/de\/wp-json\/wp\/v2\/comments?post=56753"}],"version-history":[{"count":0,"href":"https:\/\/now-news.de\/de\/wp-json\/wp\/v2\/posts\/56753\/revisions"}],"wp:featuredmedia":[{"embeddable":true,"href":"https:\/\/now-news.de\/de\/wp-json\/wp\/v2\/media\/56754"}],"wp:attachment":[{"href":"https:\/\/now-news.de\/de\/wp-json\/wp\/v2\/media?parent=56753"}],"wp:term":[{"taxonomy":"category","embeddable":true,"href":"https:\/\/now-news.de\/de\/wp-json\/wp\/v2\/categories?post=56753"},{"taxonomy":"post_tag","embeddable":true,"href":"https:\/\/now-news.de\/de\/wp-json\/wp\/v2\/tags?post=56753"}],"curies":[{"name":"wp","href":"https:\/\/api.w.org\/{rel}","templated":true}]}}